{"id":100034,"date":"2019-09-26T05:51:05","date_gmt":"2019-09-26T03:51:05","guid":{"rendered":"http:\/\/www.radiopiu.net\/wordpress\/?p=100034"},"modified":"2019-09-26T08:11:59","modified_gmt":"2019-09-26T06:11:59","slug":"controcorrente-il-mondo-turistico-locale-nelle-mani-nei-giovani","status":"publish","type":"post","link":"https:\/\/www.radiopiu.net\/wordpress\/controcorrente-il-mondo-turistico-locale-nelle-mani-nei-giovani\/","title":{"rendered":"CONTROCORRENTE, IL MONDO TURISTICO LOCALE\u00a0 NELLE MANI NEI GIOVANI\u00a0"},"content":{"rendered":"<h2><a class=\"dt-pswp-item\" href=\"http:\/\/www.radiopiu.net\/wordpress\/wp-content\/uploads\/2019\/09\/70590270_2443532019065129_5155266695840923648_n.jpg\" data-dt-img-description=\"\" data-large_image_width=\"960\" data-large_image_height=\"540\"><img loading=\"lazy\" decoding=\"async\" class=\"size-medium wp-image-100032 alignleft\" src=\"http:\/\/www.radiopiu.net\/wordpress\/wp-content\/uploads\/2019\/09\/70590270_2443532019065129_5155266695840923648_n-300x169.jpg\" alt=\"\" width=\"300\" height=\"169\" srcset=\"https:\/\/www.radiopiu.net\/wordpress\/wp-content\/uploads\/2019\/09\/70590270_2443532019065129_5155266695840923648_n-300x169.jpg 300w, https:\/\/www.radiopiu.net\/wordpress\/wp-content\/uploads\/2019\/09\/70590270_2443532019065129_5155266695840923648_n-768x432.jpg 768w, https:\/\/www.radiopiu.net\/wordpress\/wp-content\/uploads\/2019\/09\/70590270_2443532019065129_5155266695840923648_n.jpg 960w\" sizes=\"auto, (max-width: 300px) 100vw, 300px\" \/><\/a><\/h2>\n<p><strong>VOLTAGO<\/strong>\u00a0 Complimenti per la coraggiosa scelta a due giovani agordini, Jacopo Da Campo della famiglia voltaghese e Diletta del Din di Taibon hanno tagliato il nastro del nuovo\u00a0 \u201cStella Alpina\u201d: Eccoli i due bellissimi giovani in tenuta\u00a0 Jager-bar: Quella dei Da Campo \u00e8 una storia che continua, gi\u00e0 Duilio dal 1983 lasci\u00f2 tutto per tornare a Voltago ed aprire un&#8217;attivit\u00e0 commerciale, un alimentari che ancora oggi garantisce un servizio indispensabile per chi vive in zona Poi e per i turisti. Due generazioni, due esempi importanti per il futuro sviluppo della Conca Agordina. E prima di loro la terza generazione&#8230;quei nonni che a Voltago hanno dato il via ad una storia senza fine!<\/p>\n<p><strong>\u201cStella Alpina\u201d: <\/strong>\u00a0Dopo la saletta-pizza\u00a0 completati i lavori di ristrutturazione anche del Jager bar.<em> &#8220;Ci \u00e8 voluto un bel po\u2019 di sano coraggi<span class=\"text_exposed_show\">o\/pazzia per continuare ad investire nella nostra piccola realt\u00e0. <\/span><\/em><span class=\"text_exposed_show\"><em>Comunque ora \u00e8 fatta e non ci rimane che sperare nella risposta dei clienti&#8230;&#8221;<\/em> Dicono Jacopo e Diletta aprendo le porte alla nuova attivit\u00e0, alla nuova avventura. In Bocca al Lupo ragazzi!!<\/span><\/p>\n<p>LA PAGINA FACEBOOK<\/p>\n<div id=\"fb-root\"><\/div>\n<p><script async=\"1\" defer=\"1\" crossorigin=\"anonymous\" src=\"https:\/\/connect.facebook.net\/it_IT\/sdk.js#xfbml=1&amp;version=v6.0\"><\/script><\/p>\n<div class=\"fb-post\" data-href=\"https:\/\/www.facebook.com\/ilario.dacampo\/posts\/2443539799064351\" data-width=\"750\">\n<blockquote cite=\"https:\/\/www.facebook.com\/ilario.dacampo\/posts\/2443539799064351\" class=\"fb-xfbml-parse-ignore\">\n<p>Voltago &#8211; \u201cStella Alpina\u201d: apertura oggi del nuovo Jager-bar affidata a Diletta e Jacopo<\/p>\n<p>Pubblicato da <a href=\"https:\/\/www.facebook.com\/ilario.dacampo\">Ilario Da Campo<\/a> su&nbsp;<a href=\"https:\/\/www.facebook.com\/ilario.dacampo\/posts\/2443539799064351\">Marted\u00ec 24 settembre 2019<\/a><\/p><\/blockquote>\n<\/div>\n<p>&nbsp;<\/p>\n<p>&nbsp;<\/p>\n<p>&nbsp;<\/p>\n<p>&nbsp;<\/p>\n","protected":false},"excerpt":{"rendered":"<p>VOLTAGO\u00a0 Complimenti per la coraggiosa scelta a due giovani agordini, Jacopo Da Campo della famiglia voltaghese e Diletta del Din di Taibon hanno tagliato il nastro del nuovo\u00a0 \u201cStella Alpina\u201d: Eccoli i due bellissimi giovani in tenuta\u00a0 Jager-bar: Quella dei Da Campo \u00e8 una storia che continua, gi\u00e0 Duilio dal 1983 lasci\u00f2 tutto per tornare&hellip;<\/p>\n","protected":false},"author":1,"featured_media":100035,"comment_status":"closed","ping_status":"closed","sticky":false,"template":"","format":"standard","meta":{"_monsterinsights_skip_tracking":false,"_monsterinsights_sitenote_active":false,"_monsterinsights_sitenote_note":"","_monsterinsights_sitenote_category":0,"footnotes":""},"categories":[104,49],"tags":[],"class_list":["post-100034","post","type-post","status-publish","format-standard","has-post-thumbnail","hentry","category-evidenza_3","category-news-18","category-104","category-49","description-off"],"img_url":"https:\/\/www.radiopiu.net\/wordpress\/wp-content\/uploads\/2019\/09\/70819959_2443532109065120_3381523907868622848_n.jpg","_links":{"self":[{"href":"https:\/\/www.radiopiu.net\/wordpress\/wp-json\/wp\/v2\/posts\/100034","targetHints":{"allow":["GET"]}}],"collection":[{"href":"https:\/\/www.radiopiu.net\/wordpress\/wp-json\/wp\/v2\/posts"}],"about":[{"href":"https:\/\/www.radiopiu.net\/wordpress\/wp-json\/wp\/v2\/types\/post"}],"author":[{"embeddable":true,"href":"https:\/\/www.radiopiu.net\/wordpress\/wp-json\/wp\/v2\/users\/1"}],"replies":[{"embeddable":true,"href":"https:\/\/www.radiopiu.net\/wordpress\/wp-json\/wp\/v2\/comments?post=100034"}],"version-history":[{"count":0,"href":"https:\/\/www.radiopiu.net\/wordpress\/wp-json\/wp\/v2\/posts\/100034\/revisions"}],"wp:featuredmedia":[{"embeddable":true,"href":"https:\/\/www.radiopiu.net\/wordpress\/wp-json\/wp\/v2\/media\/100035"}],"wp:attachment":[{"href":"https:\/\/www.radiopiu.net\/wordpress\/wp-json\/wp\/v2\/media?parent=100034"}],"wp:term":[{"taxonomy":"category","embeddable":true,"href":"https:\/\/www.radiopiu.net\/wordpress\/wp-json\/wp\/v2\/categories?post=100034"},{"taxonomy":"post_tag","embeddable":true,"href":"https:\/\/www.radiopiu.net\/wordpress\/wp-json\/wp\/v2\/tags?post=100034"}],"curies":[{"name":"wp","href":"https:\/\/api.w.org\/{rel}","templated":true}]}}