{"id":100160,"date":"2019-09-26T19:58:40","date_gmt":"2019-09-26T17:58:40","guid":{"rendered":"http:\/\/www.radiopiu.net\/wordpress\/?p=100160"},"modified":"2019-09-27T06:14:57","modified_gmt":"2019-09-27T04:14:57","slug":"tamponamento-a-tre-a-longarone-due-donne-in-ospedale","status":"publish","type":"post","link":"https:\/\/www.radiopiu.net\/wordpress\/tamponamento-a-tre-a-longarone-due-donne-in-ospedale\/","title":{"rendered":"TAMPONAMENTO A TRE A LONGARONE, DUE DONNE IN OSPEDALE"},"content":{"rendered":"<p><strong><a class=\"dt-pswp-item\" href=\"http:\/\/www.radiopiu.net\/wordpress\/wp-content\/uploads\/2019\/09\/bumper-cars-4390958_1280.jpg\" data-dt-img-description=\"\" data-large_image_width=\"1280\" data-large_image_height=\"853\"><img loading=\"lazy\" decoding=\"async\" class=\"size-medium wp-image-100161 alignleft\" src=\"http:\/\/www.radiopiu.net\/wordpress\/wp-content\/uploads\/2019\/09\/bumper-cars-4390958_1280-300x200.jpg\" alt=\"\" width=\"300\" height=\"200\" srcset=\"https:\/\/www.radiopiu.net\/wordpress\/wp-content\/uploads\/2019\/09\/bumper-cars-4390958_1280-300x200.jpg 300w, https:\/\/www.radiopiu.net\/wordpress\/wp-content\/uploads\/2019\/09\/bumper-cars-4390958_1280-768x512.jpg 768w, https:\/\/www.radiopiu.net\/wordpress\/wp-content\/uploads\/2019\/09\/bumper-cars-4390958_1280-1024x682.jpg 1024w, https:\/\/www.radiopiu.net\/wordpress\/wp-content\/uploads\/2019\/09\/bumper-cars-4390958_1280.jpg 1280w\" sizes=\"auto, (max-width: 300px) 100vw, 300px\" \/><\/a>LONGARON<\/strong>E Nel pomeriggio nei pressi del distributore si \u00e8 verificato un tamponamento tra un furgone Iveco condotto da N.C. 48 anni dell&#8217;Alpago,\u00a0 \u00a0un Pajero con a bordo G.C. 74 anni della provincia di Alessandria\u00a0 e una Golf con a bordo T.T. 41 anni di Zoldo. Le due auto sono state tamponate dal furgone che procedeva a bassa velocit\u00e0 incollonato tra le auto, si stava spostando verso Belluno e non \u00e8 riuscito ad evitare l&#8217;impatto con il Pajero che a sua volta \u00e8 finito contro la Golf.\u00a0 Le due donne a bordo dell&#8217;auto sono ricorse alle cure mediche, non sono in gravi condizioni.<\/p>\n","protected":false},"excerpt":{"rendered":"<p>LONGARONE Nel pomeriggio nei pressi del distributore si \u00e8 verificato un tamponamento tra un furgone Iveco condotto da N.C. 48 anni dell&#8217;Alpago,\u00a0 \u00a0un Pajero con a bordo G.C. 74 anni della provincia di Alessandria\u00a0 e una Golf con a bordo T.T. 41 anni di Zoldo. Le due auto sono state tamponate dal furgone che procedeva&hellip;<\/p>\n","protected":false},"author":1,"featured_media":100161,"comment_status":"closed","ping_status":"closed","sticky":false,"template":"","format":"standard","meta":{"_monsterinsights_skip_tracking":false,"_monsterinsights_sitenote_active":false,"_monsterinsights_sitenote_note":"","_monsterinsights_sitenote_category":0,"footnotes":""},"categories":[51,49],"tags":[],"class_list":["post-100160","post","type-post","status-publish","format-standard","has-post-thumbnail","hentry","category-evidenza-top","category-news-18","category-51","category-49","description-off"],"img_url":"https:\/\/www.radiopiu.net\/wordpress\/wp-content\/uploads\/2019\/09\/bumper-cars-4390958_1280.jpg","_links":{"self":[{"href":"https:\/\/www.radiopiu.net\/wordpress\/wp-json\/wp\/v2\/posts\/100160","targetHints":{"allow":["GET"]}}],"collection":[{"href":"https:\/\/www.radiopiu.net\/wordpress\/wp-json\/wp\/v2\/posts"}],"about":[{"href":"https:\/\/www.radiopiu.net\/wordpress\/wp-json\/wp\/v2\/types\/post"}],"author":[{"embeddable":true,"href":"https:\/\/www.radiopiu.net\/wordpress\/wp-json\/wp\/v2\/users\/1"}],"replies":[{"embeddable":true,"href":"https:\/\/www.radiopiu.net\/wordpress\/wp-json\/wp\/v2\/comments?post=100160"}],"version-history":[{"count":0,"href":"https:\/\/www.radiopiu.net\/wordpress\/wp-json\/wp\/v2\/posts\/100160\/revisions"}],"wp:featuredmedia":[{"embeddable":true,"href":"https:\/\/www.radiopiu.net\/wordpress\/wp-json\/wp\/v2\/media\/100161"}],"wp:attachment":[{"href":"https:\/\/www.radiopiu.net\/wordpress\/wp-json\/wp\/v2\/media?parent=100160"}],"wp:term":[{"taxonomy":"category","embeddable":true,"href":"https:\/\/www.radiopiu.net\/wordpress\/wp-json\/wp\/v2\/categories?post=100160"},{"taxonomy":"post_tag","embeddable":true,"href":"https:\/\/www.radiopiu.net\/wordpress\/wp-json\/wp\/v2\/tags?post=100160"}],"curies":[{"name":"wp","href":"https:\/\/api.w.org\/{rel}","templated":true}]}}