{"id":100234,"date":"2019-09-27T16:58:54","date_gmt":"2019-09-27T14:58:54","guid":{"rendered":"http:\/\/www.radiopiu.net\/wordpress\/?p=100234"},"modified":"2019-09-28T14:34:51","modified_gmt":"2019-09-28T12:34:51","slug":"giornale-radiopiu-28-settembre-2019-direttore-mirko-mezzacasa","status":"publish","type":"post","link":"https:\/\/www.radiopiu.net\/wordpress\/giornale-radiopiu-28-settembre-2019-direttore-mirko-mezzacasa\/","title":{"rendered":"GIORNALE RADIO PIU 28 SETTEMBRE 2019 DIRETTORE MIRKO MEZZACASA"},"content":{"rendered":"<p>&nbsp;<\/p>\n<p>&nbsp;<\/p>\n<p>&nbsp;<\/p>\n<h1>RITROVATA MIRELLA VIEL STA BENE<\/h1>\n<p>&nbsp;<\/p>\n<p>MIRELLA VIEL E&#8217; STATA RITROVATA ieri sera a Cavarzano da Vigili del Fuoco e Polizia. Rientrato il piano di emergenza provinciale<\/p>\n<p>&nbsp;<\/p>\n<h3>ESCE PER UNA PASSEGGIATA, RITROVATA DOPO ORE SUL GRETO DEL TORRENTE IN IPOTERMIA<\/h3>\n<h3><\/h3>\n<div><strong>SAN GREGORIO<\/strong>. Era scomparsa l&#8217;altro ieri, uscita di casa per una passeggiata nella zona di Erto e Casso. Ultimo messaggio via\u00a0 whatsapp\u00a0 alle 16 poi il silenzio. \u00a0Ieri sera sono scattate le ricerche della trentenne di\u00a0 San Gregorio nelle Alpi, M. B., ricerche che sono andate avanti per buona parte della notte. Impegnati sul posto la stazione Valcellina del Soccorso alpino e speleologico, la squadra forre e una unit\u00e0 cinofila dello stesso, i vigili del fuoco, i volontari della protezione civile di Erto. \u00a0L&#8217;auto della donna \u00e8 stata ritrovata parcheggiata sulla sponda orografica destra del Lago Vajont a quota 700 metri.\u00a0 Questa mattina le ricerche sono riprese all&#8217;alba e la donna \u00e8 stata trovata alle 8, adagiata sul greto del fiume a 600 metri di quota, viva ma in stato incosciente e in ipotermia ed \u00e8 stata trasportata in gravi condizioni\u00a0 al San Martino di Belluno. Indagini in corso da parte dei Carabinieri.<\/div>\n<p>&nbsp;<\/p>\n<blockquote>\n<div>\n<div class=\"im_history_message_wrap\">\n<div class=\"im_message_outer_wrap hasselect\" data-msg-id=\"3073\">\n<div class=\"im_message_wrap clearfix\">\n<div class=\"im_content_message_wrap im_message_in\">\n<div class=\"im_message_body\">\n<div>\n<h3 dir=\"auto\">OFFENDE L&#8217;AGENTE DI POLIZIA LOCALE SU FACEBOOK: DENUNCIATO.<\/h3>\n<div class=\"im_message_text\" dir=\"auto\"><strong>FALCADE<\/strong> I Carabinieri\u00a0 hanno denunciato in stato di libert\u00e0 un 30enne agordino per diffamazione tramite il sociale facebook.\u00a0 L&#8217;uomo ha postato epiteti ingiuriosi nei confronti della polizia locale di Falcade per l&#8217;utilizzo dell autovelox. Probabilmente c&#8217;\u00e8 ancora chi non ha capito che su fb si pu\u00f2 scrivere quello che si vuole ma sempre nel rispetto delle persone e nella norme della buona educazione.<\/div>\n<\/div>\n<\/div>\n<\/div>\n<div dir=\"auto\"><\/div>\n<div dir=\"auto\"><\/div>\n<div dir=\"auto\">\n<h3 dir=\"auto\">26enne GUIDAVA UBRIACO A BELLUNO<\/h3>\n<\/div>\n<\/div>\n<\/div>\n<\/div>\n<div class=\"im_history_message_wrap im_grouped\">\n<div class=\"im_message_outer_wrap hasselect\" data-msg-id=\"3074\">\n<div class=\"im_message_wrap clearfix\">\n<div class=\"im_content_message_wrap im_message_in\">\n<div class=\"im_message_body\">\n<div>\n<div class=\"im_message_text\" dir=\"auto\"><strong>BELLUNO<\/strong> Sempre il Norm di Belluno\u00a0 hanno denunciato un 26enne cadorino per guida in stato di ebrezza. Il giovane, coinvolto in un incidente stradale il 2 settembre in via Vecelio a\u00a0 e trasportato in ospedale per gli accertamenti medici conseguenti al sinistro, \u00e8 stato trovato con\u00a0 tasso alcoolico di 1,93<\/div>\n<\/div>\n<\/div>\n<\/div>\n<\/div>\n<\/div>\n<\/div>\n<\/div>\n<div><\/div>\n<div><\/div>\n<h3><\/h3>\n<div><\/div>\n<\/blockquote>\n<blockquote><p>&nbsp;<\/p>\n<h3>RIEMERGONO LE BOMBE, INTERVENGONO I REPARTI SPECIALIZZATI<\/h3>\n<p>&nbsp;<\/p>\n<p><strong><a class=\"dt-pswp-item\" href=\"http:\/\/www.radiopiu.net\/wordpress\/wp-content\/uploads\/2019\/09\/WhatsApp-Image-2019-09-23-at-20.10.05.jpeg\" data-dt-img-description=\"\" data-large_image_width=\"623\" data-large_image_height=\"632\"><img loading=\"lazy\" decoding=\"async\" class=\" wp-image-99716 alignleft\" src=\"http:\/\/www.radiopiu.net\/wordpress\/wp-content\/uploads\/2019\/09\/WhatsApp-Image-2019-09-23-at-20.10.05-296x300.jpeg\" alt=\"\" width=\"175\" height=\"177\" srcset=\"https:\/\/www.radiopiu.net\/wordpress\/wp-content\/uploads\/2019\/09\/WhatsApp-Image-2019-09-23-at-20.10.05-296x300.jpeg 296w, https:\/\/www.radiopiu.net\/wordpress\/wp-content\/uploads\/2019\/09\/WhatsApp-Image-2019-09-23-at-20.10.05.jpeg 623w\" sizes=\"auto, (max-width: 175px) 100vw, 175px\" \/><\/a><\/strong>Da lunedi a giovedi zone off limits per gli ecursionisti,\u00a0 il personale\u00a0 dell\u2019esercito,\u00a0 con i Carabinieri\u00a0 far\u00e0 brilllare\u00a0 delle granate della prima guerra mondiale ritrovate\u00a0 in varie localit\u00e0, quindi altre operazioni simili a quelle effettuate sul Monte Sief a Livinallongo. Ecco le aree interessate dove sono gi\u00e0 state emesse le ordinanze di divieto\u00a0 per un raggio di 1500 metri quadrati.<\/p><\/blockquote>\n<p>Due granate da 24 centimetri\u00a0 rinvenute sul monte Lagazuoi, a\u00a0 2.471 metri, in comune di Cortina d\u2019Ampezzo. A Forcella Mortaio, in Val Travenanzes, a quota 2.300 \u00e8 stata trovata una granata da 149 millimetri ed a\u00a0 Forcella Casale, a 2.500 metri,\u00a0 una granata da 75 millimetri.. A Vallon Popera, a 2.140 metr, in comune di Comelico Superiore, \u00e8 stata trovata una granata da 75 millimetri, altri due ritrovamenti in Comune di Cortina d\u2019Ampezzo;\u00a0 in localit\u00e0 Zuogne, a quota 1.95i\u00a0 (individuate due granate,\u00a0 da 15 e 75 millimetri e in\u00a0 in Val Padeo, a 1.850 metri\u00a0 (4 granate da 75 millimetri)<\/p>\n<p><strong>foto copertina:BRILLAMENTO DEI GIORNI SCORSI A SIEF<\/strong><\/p>\n<p>&nbsp;<\/p>\n<p>&nbsp;<\/p>\n<p>&nbsp;<\/p>\n<p>&nbsp;<\/p>\n<p>&nbsp;<\/p>\n<p>&nbsp;<\/p>\n<h3>MALORE IN FALESIA<\/h3>\n<p><strong><a class=\"dt-pswp-item\" href=\"http:\/\/www.radiopiu.net\/wordpress\/wp-content\/uploads\/2019\/09\/69246650_916969255332801_7507624140740755456_o.jpg\" data-dt-img-description=\"\" data-large_image_width=\"1440\" data-large_image_height=\"1072\"><img loading=\"lazy\" decoding=\"async\" class=\"wp-image-99533 alignleft\" src=\"http:\/\/www.radiopiu.net\/wordpress\/wp-content\/uploads\/2019\/09\/69246650_916969255332801_7507624140740755456_o-300x223.jpg\" alt=\"\" width=\"174\" height=\"129\" srcset=\"https:\/\/www.radiopiu.net\/wordpress\/wp-content\/uploads\/2019\/09\/69246650_916969255332801_7507624140740755456_o-300x223.jpg 300w, https:\/\/www.radiopiu.net\/wordpress\/wp-content\/uploads\/2019\/09\/69246650_916969255332801_7507624140740755456_o-768x572.jpg 768w, https:\/\/www.radiopiu.net\/wordpress\/wp-content\/uploads\/2019\/09\/69246650_916969255332801_7507624140740755456_o-1024x762.jpg 1024w, https:\/\/www.radiopiu.net\/wordpress\/wp-content\/uploads\/2019\/09\/69246650_916969255332801_7507624140740755456_o.jpg 1440w\" sizes=\"auto, (max-width: 174px) 100vw, 174px\" \/><\/a>CORTINA\u00a0<\/strong> Attorno alle 14.30 l&#8217;elicottero del Suem di Pieve di Cadore \u00e8 decollato in direzione della falesia del Sass de Stria, dove, tornata alla base dopo aver completato un monotiro, una freeclimber aveva avuto un capogiro ed era caduta a terra sbattendo la testa. Dopo essere sbarcati nelle vicinanze, equipe medica e tecnico di elisoccorso hanno prestato le prime cure alla donna, un&#8217;ottantatreenne tedesca, per un probabile trauma cranico e ferite al volto. Imbarcata con un verricello, l&#8217;infortunata \u00e8 stata trasportata all&#8217;ospedale di Belluno per le cure del caso.<\/p>\n<p>&nbsp;<\/p>\n<p>&nbsp;<\/p>\n<h3><\/h3>\n<h3><\/h3>\n<h3>CHIUSA LA PROVINCIALE PER SAN TOMASO<\/h3>\n<p><strong>SAN TOMASO<\/strong> Veneto Strade informa che\u00a0 fino\u00a0 all&#8217;11 ottobre (sabato e festivi inclusi) tra le localit\u00e0 Pian Molin e Roi il traffico sar\u00e0 totalmente interdetto a tutti i veicoli per la posa di una condotta elettrica, l&#8217;interruzione lungo la provinciale 8 al chilometro 6 per un tratto di 340 metri.<\/p>\n<blockquote><p>&nbsp;<\/p>\n<p>ACQUA INQUINATA A SAN TOMASO <strong>LOCALITA&#8217; PECOL E PIAIA\u00a0<\/strong><\/p><\/blockquote>\n<p>&nbsp;<\/p>\n<p>&nbsp;<\/p>\n<h3><a class=\"dt-pswp-item\" href=\"http:\/\/www.radiopiu.net\/wordpress\/wp-content\/uploads\/2019\/09\/37819a96-0284-4c19-a71a-926242969c88.jpg\" data-dt-img-description=\"\" data-large_image_width=\"1200\" data-large_image_height=\"1600\"><img loading=\"lazy\" decoding=\"async\" class=\"wp-image-100305 alignleft\" src=\"http:\/\/www.radiopiu.net\/wordpress\/wp-content\/uploads\/2019\/09\/37819a96-0284-4c19-a71a-926242969c88-225x300.jpg\" alt=\"\" width=\"100\" height=\"133\" srcset=\"https:\/\/www.radiopiu.net\/wordpress\/wp-content\/uploads\/2019\/09\/37819a96-0284-4c19-a71a-926242969c88-225x300.jpg 225w, https:\/\/www.radiopiu.net\/wordpress\/wp-content\/uploads\/2019\/09\/37819a96-0284-4c19-a71a-926242969c88-768x1024.jpg 768w, https:\/\/www.radiopiu.net\/wordpress\/wp-content\/uploads\/2019\/09\/37819a96-0284-4c19-a71a-926242969c88.jpg 1200w\" sizes=\"auto, (max-width: 100px) 100vw, 100px\" \/><\/a>PREOCCUPANTE INCIVILTA&#8217; QUOTIDIANA<\/h3>\n<p><em>&#8220;Ti scrivo in merito a questa cosa: lavorando a Voltago mi sono accorta quando scendo verso Agordo mentre torno a casa, che di giorno in giorno aumentano i sacchi delle immondizie gettati nel bosco sotto la strada. Fai conto dal tornante dopo il capitello grande. Questi sacchi sono perfettamente visibili, e come dicevo prima, ogni giorno ne compare uno nuovo. \u00c8 davvero un peccato. Oltre che un gesto davvero inaccettabile&#8221;.<br \/>\n*foto di ieri, strada Voltago_Digoman<\/em><\/p>\n<p>&nbsp;<\/p>\n<p>&nbsp;<\/p>\n<p>&nbsp;<\/p>\n<blockquote class=\"wp-embedded-content\" data-secret=\"ofs2hxVYvL\"><p><a href=\"https:\/\/youngadventuress.com\/2019\/09\/hiking-to-el-cor-the-heart-of-the-dolomites.html\">Hiking to El Cor, the heart of the Dolomites<\/a><\/p><\/blockquote>\n<p><iframe loading=\"lazy\" title=\"&#8220;Hiking to El Cor, the heart of the Dolomites&#8221; &#8212; Young Adventuress\" class=\"wp-embedded-content\" sandbox=\"allow-scripts\" security=\"restricted\" style=\"position: absolute; clip: rect(1px, 1px, 1px, 1px);\" src=\"https:\/\/youngadventuress.com\/2019\/09\/hiking-to-el-cor-the-heart-of-the-dolomites.html\/embed#?secret=ofs2hxVYvL\" data-secret=\"ofs2hxVYvL\" width=\"600\" height=\"338\" frameborder=\"0\" marginwidth=\"0\" marginheight=\"0\" scrolling=\"no\"><\/iframe><\/p>\n<p>&nbsp;<\/p>\n<p>&nbsp;<\/p>\n<p>&nbsp;<\/p>\n<p>&nbsp;<\/p>\n<blockquote><p><em>Luxottica apre all&#8217;azionariato diffuso, il presidente Leonardo Del Vecchio invita i dipendenti a partecipare alla vita dell&#8217;azienda, lo ha fatto ieri con un video &#8220;familiare&#8221;. Safilo dopo l&#8217;addio di Dior prova a difendere l&#8217;occupazione, nessuna intenzione di lasciare Longarone, lo ha detto l&#8217;Ad Trocchia al salone parigino dell&#8217;occhiale in Francia. Intanto l&#8217;Anfao rende noti i dati dei primi sei mesi: export + 7,4 %, l&#8217;occhiale italiano cresce ancora.\u00a0<\/em><\/p><\/blockquote>\n<p>&nbsp;<\/p>\n<p>&nbsp;<\/p>\n<p>&nbsp;<\/p>\n<blockquote><p><em><strong>ESSILORLUXOTTICA APRE LA PARTECIPAZIONE AZIONARIA AI DIPENDENTI: 2 AL PREZZO DI UNA.<\/strong><\/em><\/p><\/blockquote>\n<p><strong>AGORDO<\/strong> Boost 2019 \u00e8 la nuova iniziativa\u00a0 di Luxottica a favore dei dipendenti che potranno acquistare le azioni del gruppo, un progetto previsto dal contratto integrativo di fine giugno. Nelle assemblee sindacali dal 7 all&#8217;11 ottobre sar\u00e0 presentata l&#8217;iniziativa, da novembre via all&#8217;acquisto delle azioni per un massimo di 4 all&#8217;anno. Luxottica per ogni azione acquistata dar\u00e0 un contributo integrativo, pari al doppio della azioni acquistate. Come dire che il valore\u00a0 dell&#8217;investimento sar\u00e0 raddoppiato per effetto del contributo integrativo Cinque le opzioni d&#8217;investimento corrispondendo un importo pari al valore di mezza, una, due, tre, quattro azioni comunque non superiore al 25% della retribuzione annuale 2019.<\/p>\n<h3>IL COMUNICATO DELL&#8217;AZIENDA<\/h3>\n<p><strong><a class=\"dt-pswp-item\" href=\"http:\/\/www.radiopiu.net\/wordpress\/wp-content\/uploads\/2019\/09\/WhatsApp-Image-2019-09-27-at-15.16.51.jpeg\" data-dt-img-description=\"\" data-large_image_width=\"548\" data-large_image_height=\"1024\"><img loading=\"lazy\" decoding=\"async\" class=\" wp-image-100236 alignleft\" src=\"http:\/\/www.radiopiu.net\/wordpress\/wp-content\/uploads\/2019\/09\/WhatsApp-Image-2019-09-27-at-15.16.51-161x300.jpeg\" alt=\"\" width=\"131\" height=\"254\" \/><\/a>AGORDO<\/strong> EssilorLuxottica \u00e8 convinta che le persone siano il vero motore del successo.\u00a0 Per questo, la partecipazione azionaria dei dipendenti \u00e8 al centro della cultura aziendale e alla base del\u00a0 modello di governance. Come dire che \u00e8 un modo per\u00a0 allineare ulteriormente gli interessi dei dipendenti a quelli del Gruppo. Questa nuova operazione del gruppo consente ai dipendenti di contribuire al processo decisionale grazie a un dialogo costante con il team dirigenziale e attraverso una rappresentanza espressa nel Consiglio di Amministrazione di EssilorLuxottica. Gi\u00e0 oggi uno dei nostri principi fondanti, la partecipazione azionaria dei dipendenti continuer\u00e0 ad essere una caratteristica fondamentale di EssilorLuxottica e sar\u00e0 progressivamente estesa in futuro nell\u2019ambito del nuovo Gruppo. Il primo passo in questa direzione \u00e8 la campagna Boost 2019 che \u00e8 l&#8217;invito ad acquistare una quota dell&#8217;azienda per beneficere dei successi futuri di EssilorLuxottica e rafforzare il contributo al valore creato dal Gruppo. EssilorLuxottica si augura che i dipendenti sappiano cogliere questa opportunit\u00e0 per essere ancor pi\u00f9 coinvolti nella mission, nella crescita e nei successi finanziari.<\/p>\n<p>&nbsp;<\/p>\n<p>&nbsp;<\/p>\n<p>&nbsp;<\/p>\n<h3>IL MESSAGGIO DEL PRESIDENTE LEONARDO DEL VECCHIO<\/h3>\n<blockquote><p><em><a class=\"dt-pswp-item\" href=\"http:\/\/www.radiopiu.net\/wordpress\/wp-content\/uploads\/2019\/09\/8facd1ab-ce8f-406d-96cb-c15d42427f98.jpg\" data-dt-img-description=\"\" data-large_image_width=\"1024\" data-large_image_height=\"473\"><img loading=\"lazy\" decoding=\"async\" class=\" wp-image-100238 alignleft\" src=\"http:\/\/www.radiopiu.net\/wordpress\/wp-content\/uploads\/2019\/09\/8facd1ab-ce8f-406d-96cb-c15d42427f98-300x139.jpg\" alt=\"\" width=\"227\" height=\"105\" srcset=\"https:\/\/www.radiopiu.net\/wordpress\/wp-content\/uploads\/2019\/09\/8facd1ab-ce8f-406d-96cb-c15d42427f98-300x139.jpg 300w, https:\/\/www.radiopiu.net\/wordpress\/wp-content\/uploads\/2019\/09\/8facd1ab-ce8f-406d-96cb-c15d42427f98-768x355.jpg 768w, https:\/\/www.radiopiu.net\/wordpress\/wp-content\/uploads\/2019\/09\/8facd1ab-ce8f-406d-96cb-c15d42427f98.jpg 1024w\" sizes=\"auto, (max-width: 227px) 100vw, 227px\" \/><\/a>&#8220;&#8230;per la prima volta nella storia di Luxottica avvieremo un piano di azionariato diffuso per tutti i dipendenti delle societ\u00e0 italiane impegnati nelle fabbriche, negli uffici e nei nostri negozi. A partire da novembre avrete la possibilit\u00e0 di diventare azionisti di Essilor&#8221; Luxottica acquistando azioni della nostra societ\u00e0 a condizioni agevolate. <\/em>Il presidente ricorda al suo &#8220;esercito&#8221; che \u00e8 la strada gi\u00e0 seguita da quasi 50 mila dipendenti Essilor al mondo. Evidenti i vantaggi economici, soprattutto il simbolo della partecipazione con le maestranze Luxottica che diventano parte di un grande disegno industriale &#8220;<em>Farete parte anche voi della nostra missione di aiutare le persone nel mondo a vedere meglio e vivere meglio &#8211; dice Leonardo Del Vecchio &#8211; condivideremo assieme l&#8217;orgoglio di essere soci e di beneficiare sempre di pi\u00f9 dei risultati del nostro lavoro&#8221;.<\/em><\/p>\n<p>&nbsp;<\/p><\/blockquote>\n<p><strong>PAOLO CHISSALE&#8217;, CISL RSU AGORDO.<em> &#8220;Una fuga in avanti che si poteva evitare, gli accordi non erano questi, ci era stata promessa la formazione che non c&#8217;e&#8217; stata&#8221;<\/em><\/strong><\/p>\n<audio class=\"wp-audio-shortcode\" id=\"audio-100234-1\" preload=\"none\" style=\"width: 100%;\" controls=\"controls\"><source type=\"audio\/mpeg\" src=\"http:\/\/www.radiopiu.net\/wordpress\/wp-content\/uploads\/2019\/09\/PAOLO-CHISSALE.mp3?_=1\" \/><a href=\"http:\/\/www.radiopiu.net\/wordpress\/wp-content\/uploads\/2019\/09\/PAOLO-CHISSALE.mp3\">http:\/\/www.radiopiu.net\/wordpress\/wp-content\/uploads\/2019\/09\/PAOLO-CHISSALE.mp3<\/a><\/audio>\n<p>&nbsp;<\/p>\n<p><strong>LUIGI DELL&#8217;ATTI, CGIL RSU AGORDO. <em>&#8220;Si concretizzano gli accordi sindacati -azienda previsti dal contratto&#8221;<\/em><\/strong><\/p>\n<audio class=\"wp-audio-shortcode\" id=\"audio-100234-2\" preload=\"none\" style=\"width: 100%;\" controls=\"controls\"><source type=\"audio\/mpeg\" src=\"http:\/\/www.radiopiu.net\/wordpress\/wp-content\/uploads\/2019\/09\/DELLATTI.mp3?_=2\" \/><a href=\"http:\/\/www.radiopiu.net\/wordpress\/wp-content\/uploads\/2019\/09\/DELLATTI.mp3\">http:\/\/www.radiopiu.net\/wordpress\/wp-content\/uploads\/2019\/09\/DELLATTI.mp3<\/a><\/audio>\n<p>&nbsp;<\/p>\n<p>&nbsp;<\/p>\n<p>&nbsp;<\/p>\n<h2>ACQUEDOTTO DELLA VALLE DEL BIOIS<\/h2>\n<p><strong><a class=\"dt-pswp-item\" href=\"http:\/\/www.radiopiu.net\/wordpress\/wp-content\/uploads\/2018\/05\/Mauro-Soppelsa-libero-professionista-perito-edile-56-anni.jpg\" data-dt-img-description=\"\" data-large_image_width=\"1852\" data-large_image_height=\"2218\"><img loading=\"lazy\" decoding=\"async\" class=\" wp-image-48070 alignleft\" src=\"http:\/\/www.radiopiu.net\/wordpress\/wp-content\/uploads\/2018\/05\/Mauro-Soppelsa-libero-professionista-perito-edile-56-anni-250x300.jpg\" alt=\"\" width=\"161\" height=\"193\" srcset=\"https:\/\/www.radiopiu.net\/wordpress\/wp-content\/uploads\/2018\/05\/Mauro-Soppelsa-libero-professionista-perito-edile-56-anni-250x300.jpg 250w, https:\/\/www.radiopiu.net\/wordpress\/wp-content\/uploads\/2018\/05\/Mauro-Soppelsa-libero-professionista-perito-edile-56-anni-768x920.jpg 768w, https:\/\/www.radiopiu.net\/wordpress\/wp-content\/uploads\/2018\/05\/Mauro-Soppelsa-libero-professionista-perito-edile-56-anni-855x1024.jpg 855w, https:\/\/www.radiopiu.net\/wordpress\/wp-content\/uploads\/2018\/05\/Mauro-Soppelsa-libero-professionista-perito-edile-56-anni.jpg 1852w\" sizes=\"auto, (max-width: 161px) 100vw, 161px\" \/><\/a><\/strong><\/p>\n<p><strong>CENCENIGHE<\/strong> Sono iniziati i lavori sul nuovo acquedetto della Valle del Biois., sono due le ditte al lavoro. Il sindaco Mauro Soppelsa ritorna volentieri sull&#8217;argomento dopo i giorni di Vaia quando lo stesso primo cittadino raccont\u00f2 a Radio Pi\u00f9 le conseguenze di quei disastrosi giorni. Bim Gsp ha approntato i progetti, contabilizzato i soldi arrivati a maggio dal Governo e in tempi record ha raccolto le autorizzazioni necessarie per dare il via all&#8217;opera. Termine dei lavori (2 milioni 400 mila euro per 5 chilometri di percorso) entro la primavera, ma se il tempo aiuta non \u00e8 detto possa essere allacciato anche prima anche per evitare un inverno difficile. Prossimo obiettivo: le frazioni alte.<\/p>\n<p>&nbsp;<\/p>\n<p><strong>IL SINDACO DI CENCENIGHE MAURO SOPPELSA<\/strong><\/p>\n<audio class=\"wp-audio-shortcode\" id=\"audio-100234-3\" preload=\"none\" style=\"width: 100%;\" controls=\"controls\"><source type=\"audio\/mpeg\" src=\"http:\/\/www.radiopiu.net\/wordpress\/wp-content\/uploads\/2019\/09\/mauro-1.mp3?_=3\" \/><a href=\"http:\/\/www.radiopiu.net\/wordpress\/wp-content\/uploads\/2019\/09\/mauro-1.mp3\">http:\/\/www.radiopiu.net\/wordpress\/wp-content\/uploads\/2019\/09\/mauro-1.mp3<\/a><\/audio>\n<p>&nbsp;<\/p>\n<p>&nbsp;<\/p>\n<p>&nbsp;<\/p>\n<p>&nbsp;<\/p>\n<h3>LA NUOVA ROTONDA AD AGORDO, PER IL COMUNE E VENETO STRADE A COSTO ZERO.<\/h3>\n<blockquote><p><strong><a class=\"dt-pswp-item\" href=\"http:\/\/www.radiopiu.net\/wordpress\/wp-content\/uploads\/2019\/09\/907f227c-c485-462f-ad84-eb3ae1d0cbc1.jpg\" data-dt-img-description=\"\" data-large_image_width=\"1600\" data-large_image_height=\"900\"><img loading=\"lazy\" decoding=\"async\" class=\" wp-image-100239 alignleft\" src=\"http:\/\/www.radiopiu.net\/wordpress\/wp-content\/uploads\/2019\/09\/907f227c-c485-462f-ad84-eb3ae1d0cbc1-300x169.jpg\" alt=\"\" width=\"213\" height=\"120\" srcset=\"https:\/\/www.radiopiu.net\/wordpress\/wp-content\/uploads\/2019\/09\/907f227c-c485-462f-ad84-eb3ae1d0cbc1-300x169.jpg 300w, https:\/\/www.radiopiu.net\/wordpress\/wp-content\/uploads\/2019\/09\/907f227c-c485-462f-ad84-eb3ae1d0cbc1-768x432.jpg 768w, https:\/\/www.radiopiu.net\/wordpress\/wp-content\/uploads\/2019\/09\/907f227c-c485-462f-ad84-eb3ae1d0cbc1-1024x576.jpg 1024w, https:\/\/www.radiopiu.net\/wordpress\/wp-content\/uploads\/2019\/09\/907f227c-c485-462f-ad84-eb3ae1d0cbc1.jpg 1600w\" sizes=\"auto, (max-width: 213px) 100vw, 213px\" \/><\/a>AGORDO<\/strong> <em>Una persona che ama Agordo regala la rotonda di Pragrande&#8230;i 12 mila euro non saranno a carico dell&#8217;amministrazione. Nostra Intervista all&#8217; assessore Cristina Bien\u200b<\/em><\/p><\/blockquote>\n<p><strong>DIRETTA FACEBOOK E RADIO PIU&#8217; FM, 27 SETTEMBRE 2019, EDIZIONE 14.45\u00a0<\/strong><\/p>\n<div id=\"fb-root\"><\/div>\n<p><script async=\"1\" defer=\"1\" crossorigin=\"anonymous\" src=\"https:\/\/connect.facebook.net\/it_IT\/sdk.js#xfbml=1&amp;version=v6.0\"><\/script><\/p>\n<div class=\"fb-video\" data-href=\"https:\/\/www.facebook.com\/mirko.mezzacasa\/videos\/10220863802051681\/\" data-width=\"1200\">\n<blockquote cite=\"https:\/\/www.facebook.com\/mirko.mezzacasa\/videos\/10220863802051681\/\" class=\"fb-xfbml-parse-ignore\"><p><a href=\"https:\/\/www.facebook.com\/mirko.mezzacasa\/videos\/10220863802051681\/\"><\/a><\/p>\n<p>Una persona che ama Agordo regala la rotonda di Pragrande&#8230;i 12 mila euro non saranno a carico dell&#039;amministrazione. Nostra Intervista all&#039; assessore Cristina Biene un fiore con dedica per GIORGIO FAVERO https:\/\/www.facebook.com\/mirko.mezzacasa\/videos\/10220863802051681\/<\/p>\n<p>Pubblicato da <a href=\"https:\/\/www.facebook.com\/mirko.mezzacasa\">Mirko Mezzacasa<\/a> su Venerd\u00ec 27 settembre 2019<\/p><\/blockquote>\n<\/div>\n<p><strong>LA LETTERA&#8230;PER CONOSCENZA<\/strong><br \/>\nMario Zanetti, imprenditore dell&#8217;azienda Castaldi ad Agordo ci ha reso partecipi di una lettera inviata in Comune, all&#8217;attenzione dell&#8217;assessore Claudio Sito ricordando un&#8217;altra importante battaglia di Giorgio Favero, una critica che per l&#8217;ex sindaco Sisto Da Roit \u00e8 per\u00f2 rimasta lettera morta. Si trattava dei cartelli &#8220;mostra del libro&#8221; che hanno riempito per mesi in piena stagione estiva il palazzo De Manzoni<\/p>\n<blockquote><p><em>&#8220;Benissimo il ricordo di Giorgio da parte di Cristina Bien per i fiori della rotonda. Mi preme per\u00f2 ricordare anche la grande battaglia di Giorgio (e anche mia) per togliere quei cartelli (mostra del libro,) che deturpavano il nostro bellissimo Palazzo de Manzoni. Quante lettere abbiamo scritto all&#8217;ex sindaco e alla radio locale perch\u00e9 qualcosa si muovesse.\u00a0 Niente. Quale regalo pi\u00f9 bello sarebbe un vostro intervento in questo senso&#8221;.<\/em><\/p><\/blockquote>\n<p><strong>ARCHIVIO RADIO PIU&#8217;, NOTIZIARIO DEL 10 LUGLIO 2019\u00a0<\/strong><\/p>\n<p><strong><img loading=\"lazy\" decoding=\"async\" class=\" wp-image-53530 alignleft\" src=\"http:\/\/www.radiopiu.net\/wordpress\/wp-content\/uploads\/2018\/07\/2014-300x207.jpg\" alt=\"\" width=\"250\" height=\"172\" srcset=\"https:\/\/www.radiopiu.net\/wordpress\/wp-content\/uploads\/2018\/07\/2014-300x207.jpg 300w, https:\/\/www.radiopiu.net\/wordpress\/wp-content\/uploads\/2018\/07\/2014-768x529.jpg 768w, https:\/\/www.radiopiu.net\/wordpress\/wp-content\/uploads\/2018\/07\/2014-1024x705.jpg 1024w\" sizes=\"auto, (max-width: 250px) 100vw, 250px\" \/>AGORDO<\/strong> Era il 2015 quando un cittadino, gi\u00e0 consigliere comunale ad Agordo, Giorgio Favero, scriveva una lettera chiara al sindaco\u00a0 cercando di sensibilizzarlo circa il decoro della bella piazza Libert\u00e0 dove si notava gi\u00e0 allora una stonatura, ovvero l&#8217;invasiva pubblicit\u00e0 della &#8220;mostra del libro&#8221; esposta attorno all&#8217;ala Est del Palazzo, peraltro presente per tutta l&#8217;estate. <em>&#8220;Niente da recriminare alla ditta che svolge il suo lavoro &#8211; scriveva al sindaco il cittadino &#8211; ma si suggerisce di intervenire migliorando l&#8217;impatto visito di tale fatto, <img loading=\"lazy\" decoding=\"async\" class=\"size-medium wp-image-53529 alignright\" src=\"http:\/\/www.radiopiu.net\/wordpress\/wp-content\/uploads\/2018\/07\/2018-300x211.jpg\" alt=\"\" width=\"300\" height=\"211\" srcset=\"https:\/\/www.radiopiu.net\/wordpress\/wp-content\/uploads\/2018\/07\/2018-300x211.jpg 300w, https:\/\/www.radiopiu.net\/wordpress\/wp-content\/uploads\/2018\/07\/2018-768x539.jpg 768w, https:\/\/www.radiopiu.net\/wordpress\/wp-content\/uploads\/2018\/07\/2018-1024x719.jpg 1024w\" sizes=\"auto, (max-width: 300px) 100vw, 300px\" \/>esteticamente deplorevole&#8221;. <\/em>Alla lettera datata 21 agosto 2015 il sindaco rispondeva il 10 settembre dello stesso anno.<br \/>\n<em>&#8220;Comunico che la sua lettera \u00e8 stata portata a conoscenza della propiet\u00e0 di Palazzo De Manzoni (privata ndr.), con la speranza venga recepito il suggerimento e quindi dal prossimo anno (2016&#8230;) ci sia una pubblicit\u00e0 meno &#8220;invasiva&#8221; e grazie per lo spirito collaborativo&#8221;. <\/em>Tre anni dopo la situazione non \u00e8 cambiata, come nel 2015 e negli ultimi tre anni Palazzo De Manzoni \u00e8 sempre la locandina della mostra del libro. (Nelle foto com&#8217;era Palazzo de Manzoni nel 2014 con i fiori alle finestre e come si presentava nelle estati successive)<\/p>\n<p>&nbsp;<\/p>\n<p>&nbsp;<\/p>\n<p>&nbsp;<\/p>\n<h3><\/h3>\n<h3><\/h3>\n<h3>LINEE TELEFONICHE SOSPESE, EDICOLE CHIUSE IN CENTRO AL PAESE, L&#8217;INTERVENTO DEL SINDACO LEANDRO GRONES<\/h3>\n<p><strong><a class=\"dt-pswp-item\" href=\"http:\/\/www.radiopiu.net\/wordpress\/wp-content\/uploads\/2019\/09\/d7449639-9dcf-49a4-b4aa-e3fae64df00e.jpg\" data-dt-img-description=\"\" data-large_image_width=\"473\" data-large_image_height=\"1024\"><img loading=\"lazy\" decoding=\"async\" class=\" wp-image-100246 alignleft\" src=\"http:\/\/www.radiopiu.net\/wordpress\/wp-content\/uploads\/2019\/09\/d7449639-9dcf-49a4-b4aa-e3fae64df00e-139x300.jpg\" alt=\"\" width=\"72\" height=\"155\" srcset=\"https:\/\/www.radiopiu.net\/wordpress\/wp-content\/uploads\/2019\/09\/d7449639-9dcf-49a4-b4aa-e3fae64df00e-139x300.jpg 139w, https:\/\/www.radiopiu.net\/wordpress\/wp-content\/uploads\/2019\/09\/d7449639-9dcf-49a4-b4aa-e3fae64df00e.jpg 473w\" sizes=\"auto, (max-width: 72px) 100vw, 72px\" \/><\/a>LIVINALLONGO<\/strong> Ieri abbiamo reso nota la preoccupazione di alcune persone che abitano le frazioni della terra Fodom in particolare per quei cavi telefonici sospesi tra alberi e foglie (vedi servizio successivo dal notiziario di ieri) ma anche il malumore perch\u00e9 in centro non si trovano pi\u00f9 giornali, nemmeno i quotidiani. Preso atto della situazione il sindaco di Livinallongo Leandro Grones risponde cos\u00ec<\/p>\n<audio class=\"wp-audio-shortcode\" id=\"audio-100234-4\" preload=\"none\" style=\"width: 100%;\" controls=\"controls\"><source type=\"audio\/mpeg\" src=\"http:\/\/www.radiopiu.net\/wordpress\/wp-content\/uploads\/2019\/09\/LEANDRO1.mp3?_=4\" \/><a href=\"http:\/\/www.radiopiu.net\/wordpress\/wp-content\/uploads\/2019\/09\/LEANDRO1.mp3\">http:\/\/www.radiopiu.net\/wordpress\/wp-content\/uploads\/2019\/09\/LEANDRO1.mp3<\/a><\/audio>\n<p>A Proposito del post Vaia con il sindaco Fodom abbiamo anche parlato del nuovo ponte radio di Sief finanziato dagli amici di Busiago per 4000 euro\u00a0 che consentir\u00e0, con le 47 radio acquistate per le emergenze Fodom, la copertura di quasi tutto il territorio comunale.<\/p>\n<audio class=\"wp-audio-shortcode\" id=\"audio-100234-5\" preload=\"none\" style=\"width: 100%;\" controls=\"controls\"><source type=\"audio\/mpeg\" src=\"http:\/\/www.radiopiu.net\/wordpress\/wp-content\/uploads\/2019\/09\/LEANDRO-2.mp3?_=5\" \/><a href=\"http:\/\/www.radiopiu.net\/wordpress\/wp-content\/uploads\/2019\/09\/LEANDRO-2.mp3\">http:\/\/www.radiopiu.net\/wordpress\/wp-content\/uploads\/2019\/09\/LEANDRO-2.mp3<\/a><\/audio>\n<p><strong>DAL GIORNALE RADIO PIU DI IERI, 27 SETTEMBRE 2019<\/strong><\/p>\n<h3>VIVERE NELLE FRAZIONI NEL DISAGIO QUOTIDIANO, LINEE TELEFONICHE E RISCHIO ED EDICOLE TROPPO LONTANE<\/h3>\n<p><strong><a class=\"dt-pswp-item\" href=\"http:\/\/www.radiopiu.net\/wordpress\/wp-content\/uploads\/2019\/09\/0ed81c3a-23cf-4b62-a047-068f15d8c69f.jpg\" data-dt-img-description=\"\" data-large_image_width=\"1200\" data-large_image_height=\"1600\"><img loading=\"lazy\" decoding=\"async\" class=\" wp-image-100123 alignleft\" src=\"http:\/\/www.radiopiu.net\/wordpress\/wp-content\/uploads\/2019\/09\/0ed81c3a-23cf-4b62-a047-068f15d8c69f-225x300.jpg\" alt=\"\" width=\"150\" height=\"199\" srcset=\"https:\/\/www.radiopiu.net\/wordpress\/wp-content\/uploads\/2019\/09\/0ed81c3a-23cf-4b62-a047-068f15d8c69f-225x300.jpg 225w, https:\/\/www.radiopiu.net\/wordpress\/wp-content\/uploads\/2019\/09\/0ed81c3a-23cf-4b62-a047-068f15d8c69f-768x1024.jpg 768w, https:\/\/www.radiopiu.net\/wordpress\/wp-content\/uploads\/2019\/09\/0ed81c3a-23cf-4b62-a047-068f15d8c69f.jpg 1200w\" sizes=\"auto, (max-width: 150px) 100vw, 150px\" \/><\/a>LIVINALLONGO<\/strong><em> &#8220;Siamo impauriti per il ricordo di Vaia, di quella notte, di quel vento. Siamo preoccupati per quello che non \u00e8 stato fatto e da allora \u00e8 gi\u00e0 passato un anno. Le compagnie telefoniche ad esempio hanno lasciato i cavi penzolanti con conseguenze gi\u00e0 viste nel corso dell&#8217;estate&#8221;<\/em>. Chi parla \u00e8 Nicoletta, vive in una frazione di Pieve di Livinallongo, decentrata e dove non \u00e8 facile sopportare la quotidianit\u00e0 soprattutto se si rimane senza telefono come gi\u00e0 successo dopo il 29 ottobre di un anno fa <em>&#8220;Qui\u00a0 &#8211; ci fa notare &#8211; ci sono i pali <a class=\"dt-pswp-item\" href=\"http:\/\/www.radiopiu.net\/wordpress\/wp-content\/uploads\/2019\/09\/350e6b0e-1708-4dd3-bd3c-a09844b99193.jpg\" data-dt-img-description=\"\" data-large_image_width=\"1600\" data-large_image_height=\"1200\"><img loading=\"lazy\" decoding=\"async\" class=\"size-medium wp-image-100122 alignright\" src=\"http:\/\/www.radiopiu.net\/wordpress\/wp-content\/uploads\/2019\/09\/350e6b0e-1708-4dd3-bd3c-a09844b99193-300x225.jpg\" alt=\"\" width=\"300\" height=\"225\" srcset=\"https:\/\/www.radiopiu.net\/wordpress\/wp-content\/uploads\/2019\/09\/350e6b0e-1708-4dd3-bd3c-a09844b99193-300x225.jpg 300w, https:\/\/www.radiopiu.net\/wordpress\/wp-content\/uploads\/2019\/09\/350e6b0e-1708-4dd3-bd3c-a09844b99193-768x576.jpg 768w, https:\/\/www.radiopiu.net\/wordpress\/wp-content\/uploads\/2019\/09\/350e6b0e-1708-4dd3-bd3c-a09844b99193-1024x768.jpg 1024w, https:\/\/www.radiopiu.net\/wordpress\/wp-content\/uploads\/2019\/09\/350e6b0e-1708-4dd3-bd3c-a09844b99193.jpg 1600w\" sizes=\"auto, (max-width: 300px) 100vw, 300px\" \/><\/a>del telefono ancora in equilibrio instabile, anzi non ci sono proprio. I cavi sono appoggiati sui rami degli alberi, sulle foglie che stanno cadendo e non e&#8217; escluso cadano anche i collegamenti. E&#8217; gi\u00e0 successo con il maltempo e abbiamo la paura che si ripeter\u00e0. Abbiamo pi\u00f9 volte chiesto che qualcuno venga a risolvere questo problema, ma non abbiamo visto nessun operaio mettere mano alle linee telefoniche, chiss\u00e0 cosa accadr\u00e0 con l&#8217;arrivo della neve&#8221;. <\/em>A Pieve di Livinallongo c&#8217;\u00e8 poi un altro &#8220;disservizio&#8221;, la mancanza di un punto vendita dei giornali. Con la nuova gestione della cooperativa in centro sono scomparsi tutti i giornali, dai periodici ai quotidiani.<em> &#8220;Per noi delle frazioni \u00e8 un altro punto a sfavore &#8211; ricorda Nicoletta &#8211; siamo lontani da Arabba dove c&#8217;\u00e8 l&#8217;edicola che peraltro in stagione osserva orari ridotti, spesso solo al mattino. Qui capita di leggere il giornale con giorni di ritardo, quando qualcuno scende a valle e si ricorda di portarcelo&#8221;.<\/em><\/p>\n<p>&nbsp;<\/p>\n<p>&nbsp;<\/p>\n<p>&nbsp;<\/p>\n<p>&nbsp;<\/p>\n<h3>SE NECESSARIO LA VIGILESSA SI DIFENDERA&#8217; A COLPI DI SPRAY<\/h3>\n<p><strong><a class=\"dt-pswp-item\" href=\"http:\/\/www.radiopiu.net\/wordpress\/wp-content\/uploads\/2019\/09\/d4ff014e-6310-4f99-a386-99e559a42865.jpg\" data-dt-img-description=\"\" data-large_image_width=\"1600\" data-large_image_height=\"1198\"><img loading=\"lazy\" decoding=\"async\" class=\" wp-image-100249 alignleft\" src=\"http:\/\/www.radiopiu.net\/wordpress\/wp-content\/uploads\/2019\/09\/d4ff014e-6310-4f99-a386-99e559a42865-300x225.jpg\" alt=\"\" width=\"161\" height=\"121\" srcset=\"https:\/\/www.radiopiu.net\/wordpress\/wp-content\/uploads\/2019\/09\/d4ff014e-6310-4f99-a386-99e559a42865-300x225.jpg 300w, https:\/\/www.radiopiu.net\/wordpress\/wp-content\/uploads\/2019\/09\/d4ff014e-6310-4f99-a386-99e559a42865-768x575.jpg 768w, https:\/\/www.radiopiu.net\/wordpress\/wp-content\/uploads\/2019\/09\/d4ff014e-6310-4f99-a386-99e559a42865-1024x767.jpg 1024w, https:\/\/www.radiopiu.net\/wordpress\/wp-content\/uploads\/2019\/09\/d4ff014e-6310-4f99-a386-99e559a42865.jpg 1600w\" sizes=\"auto, (max-width: 161px) 100vw, 161px\" \/><\/a>LA VALLE<\/strong> Nell&#8217;ambito della politica di rinnovamento, sicurezza, controllo del territorio e di autodifesa, l&#8217;amministrazione Comunale di La Valle Agordina guidata dal sindaco Ezio Zuanel\u00a0 ha dotato l&#8217;agente della Polizia Locale di spray al peperoncino ( a base di Oleoresin Capsicum) per l&#8217;espletamento del servizio. Lo spray, di libera vendita, con le caratteristiche tecniche corrispondenti alla vigente normativa del Ministero dell&#8217; Interno \u00e8 stato donato\u00a0 all&#8217;amministrazione comunale da una nota ditta italiana che da decenni fornisce materiale alle polizie locali. Quindi per il Comune o meglio il cittadino non ci sar\u00e0 alcun costo.<em> &#8220;Siamo certi &#8211; dice il sindaco Ezio Zuanel &#8211;\u00a0 che si tratta di una scelta importante, \u00a0per la sicurezza e autotutela dell&#8217;agente della Polizia Locale che \u00e8 il biglietto da visita del Comune sul territorio, non mancheranno in futuro altre iniziative per dare lustro e professionalit\u00e0 al corpo della Polizia Locale&#8221;.<\/em><\/p>\n<p>&nbsp;<\/p>\n<p>&nbsp;<\/p>\n<p>&nbsp;<\/p>\n<p>&nbsp;<\/p>\n<h3>ANCHE IN MARMOLADA IL REQUIEM PER UN GHIACCIAIO<\/h3>\n<p><strong>ROCCA PIETORE<\/strong> Da ieri e fino a domani sono previste le veglie funebri per i ghiacciai che stanno morendo. Sul quello della Marmolada appuntamento stamane alle 9.30 partenza dalla diga di passo Fedaia.\u00a0 Partecipano: Franco Tessadri e Marco Tessadri Mountain Wilderness, Peraltrestrade Dolomiti, Italia Nostra Sez. di Belluno, Free Rivers Italia, Libera Cadore, giovani e amanti della montagna.<\/p>\n<p><strong>IL DOCUMENTO COMPLETO<\/strong><\/p>\n<div class=\"su-document su-u-responsive-media-yes\"><iframe loading=\"lazy\" src=\"\/\/docs.google.com\/viewer?embedded=true&url=http:\/\/www.radiopiu.net\/wordpress\/wp-content\/uploads\/2019\/09\/REQUIEM-PER-UN-GHIACCIAO_Locandina-A4.pdf\" width=\"320\" height=\"340\" class=\"su-document\" title=\"\"><\/iframe><\/div>\n<p>&nbsp;<\/p>\n<p>&nbsp;<\/p>\n<p>&nbsp;<\/p>\n<p>&nbsp;<\/p>\n<p>&nbsp;<\/p>\n<h3>MAPPATURA DELLE AREE DEL PAESE DOVE I TELEFONI NON PRENDONO: SEGNALAZIONI DA TRASMETTERE ENTRO MARTEDI<\/h3>\n<p><a class=\"dt-pswp-item\" href=\"http:\/\/www.radiopiu.net\/wordpress\/wp-content\/uploads\/2018\/12\/argentera_ferrere-3.jpg\" data-dt-img-description=\"\" data-large_image_width=\"865\" data-large_image_height=\"330\"><img loading=\"lazy\" decoding=\"async\" class=\"alignnone wp-image-71005 size-full\" src=\"http:\/\/www.radiopiu.net\/wordpress\/wp-content\/uploads\/2018\/12\/argentera_ferrere-3.jpg\" alt=\"\" width=\"865\" height=\"330\" srcset=\"https:\/\/www.radiopiu.net\/wordpress\/wp-content\/uploads\/2018\/12\/argentera_ferrere-3.jpg 865w, https:\/\/www.radiopiu.net\/wordpress\/wp-content\/uploads\/2018\/12\/argentera_ferrere-3-300x114.jpg 300w, https:\/\/www.radiopiu.net\/wordpress\/wp-content\/uploads\/2018\/12\/argentera_ferrere-3-768x293.jpg 768w\" sizes=\"auto, (max-width: 865px) 100vw, 865px\" \/><\/a><br \/>\nSi potranno trasmettere a Uncem sino a marted\u00ec prossimo le mail con l&#8217;elenco delle aree del Paese dove i telefoni cellulari non prendono, dove una o pi\u00f9 compagnie sono assenti, dove \u00e8 impossibile fare telefonate, mandare messaggi, navigare in internet e inviare con uno smartphone. \u00c8 sufficiente scrivere un&#8217;e-mail a uncem.nazionale@uncem.net con le zone descritte, con toponimi dei luoghi, nomi dei paesi, delle frazioni e dei borghi, tratti di strada, coordinate geografiche. Uncem sta raccogliendo le tantissime segnalazioni gi\u00e0 arrivate e nei primi giorni di ottobre consegner\u00e0 l&#8217;elenco alle aziende di telecomunicazioni, alle loro associazioni di rappresentanza, ovviamente al Governo e al Parlamento, ma anche all&#8217;AgCom, ai CoReCom, agli Europarlamentari. Diverse e articolate le richieste Uncem: lo Stato deve obbligare gli operatori privati ad ampliare le aree coperte, anche grazie all&#8217;arrivo del 5G e ad altre moderne tecnologie. Uncem ha gi\u00e0 avviato una serie di incontri con gli operatori di telefonia mobile italiani e con Associazioni di categoria e del settore. Positivi i riscontri dai vertici delle Telco che aspettano la mappatura Uncem per definire con l&#8217;Unione nazionale dei Comuni, delle Comunit\u00e0 e degli Enti montani nuovi percorsi di interazione a vantaggio dei territori e delle comunit\u00e0.<\/p>\n<p>&nbsp;<\/p>\n<p>&nbsp;<\/p>\n<p>&nbsp;<\/p>\n<p>&nbsp;<\/p>\n<h3>PAT, IL 10 OTTOBRE LA PUBBLICA ASSEMBLEA E AVVIO DEL PROCESSO PARTECIPATIVO<\/h3>\n<p><strong>FELTRE\u00a0 <\/strong>Prende il via l\u2019annunciato percorso di coinvolgimento della cittadinanza, delle associazioni, delle categorie economiche e di tutti i soggetti a vario titolo interessati nel progetto per la redazione del Piano degli Interventi della citt\u00e0 e la revisione del Piano di Assetto del Territorio di Feltre. Il primo appuntamento in calendario, quello che aprir\u00e0 di fatto il confronto, \u00e8 l\u2019assemblea pubblica che l\u2019amministrazione ha indetto per gioved\u00ec 10 ottobre alle ore 20.30 in Sala Ocri aperta a tutti i cittadini e sar\u00e0 seguita da alcuni incontri su focus tematici specifici. Prima di Natale il percorso di confronto sar\u00e0 chiuso, almeno in questa fase, da un\u2019altra assemblea pubblica che avr\u00e0 il compito di condividere gli esiti di questa fase con la cittadinanza. <em>\u201cVogliamo che il percorso che prende il via in questi giorni sia il pi\u00f9 ampio e trasversale possibile, commenta l\u2019assessore Irma Visalli, proprio perch\u00e9 ci troviamo di fronte a delle scelte strategiche di ampio respiro per la citt\u00e0 e per il suo territorio&#8221;.<\/em><\/p>\n<p>&nbsp;<\/p>\n<p>&nbsp;<\/p>\n<p>&nbsp;<\/p>\n<h3>I CONCORSI DI ASCA <em>Azienda Speciale Consortile Agordina<\/em><\/h3>\n<p><strong><a class=\"dt-pswp-item\" href=\"http:\/\/www.radiopiu.net\/wordpress\/wp-content\/uploads\/2018\/09\/POLIFUNZIONALE1.jpg\" data-dt-img-description=\"\" data-large_image_width=\"558\" data-large_image_height=\"648\"><img loading=\"lazy\" decoding=\"async\" class=\"wp-image-61888 alignleft\" src=\"http:\/\/www.radiopiu.net\/wordpress\/wp-content\/uploads\/2018\/09\/POLIFUNZIONALE1-258x300.jpg\" alt=\"\" width=\"153\" height=\"178\" srcset=\"https:\/\/www.radiopiu.net\/wordpress\/wp-content\/uploads\/2018\/09\/POLIFUNZIONALE1-258x300.jpg 258w, https:\/\/www.radiopiu.net\/wordpress\/wp-content\/uploads\/2018\/09\/POLIFUNZIONALE1.jpg 558w\" sizes=\"auto, (max-width: 153px) 100vw, 153px\" \/><\/a>AGORDO <\/strong>ASCA \u00e8 alla ricerca di una figura alla quale affidare il ruolo di responsabile della qualit\u00e0 dei processi interni e la gestione di progetti innovativi. Viene richiesto il diploma di \u00a0laurea triennale in materie umanistiche, giuridiche ed \u00a0economiche e possesso di patente cat.B. La scadenza per la presentazione della domanda \u00e8 il 4 ottobre 2019 entro le ore 12.00.<b><i> <\/i><\/b>L\u2019Azienda Speciale Consortile Agordina A.S.C.A. \u00e8 inoltre alla ricerca di un fisioterapista da inserire presso la Struttura per Anziani di Agordo a tempo determinato e a tempo pieno (38 ore settimanali). Viene richiesta la Laurea in fisioterapia abilitante alla professione sanitaria di Fisioterapista o titolo equipollente. Se interessati, si chiede di inviare curriculum vitae all\u2019indirizzo <a href=\"mailto:personale@servizisocialiasca.it\">personale@servizisocialiasca.it<\/a> oppure telefonare al numero del centralino di ASCA 0437 63750 interno 102.<\/p>\n<p>&nbsp;<\/p>\n<h3><\/h3>\n<p>&nbsp;<\/p>\n<p>&nbsp;<\/p>\n<h3>STEFANO CALABRO NOMINATO DIRETTORE DELLA PNEUMOLOGIA<\/h3>\n<p><strong><a class=\"dt-pswp-item\" href=\"http:\/\/www.radiopiu.net\/wordpress\/wp-content\/uploads\/2019\/09\/bdbfdaf1-bf76-466a-9fee-b70e2a991675.jpg\" data-dt-img-description=\"\" data-large_image_width=\"417\" data-large_image_height=\"525\"><img loading=\"lazy\" decoding=\"async\" class=\"size-medium wp-image-100266 alignleft\" src=\"http:\/\/www.radiopiu.net\/wordpress\/wp-content\/uploads\/2019\/09\/bdbfdaf1-bf76-466a-9fee-b70e2a991675-238x300.jpg\" alt=\"\" width=\"238\" height=\"300\" srcset=\"https:\/\/www.radiopiu.net\/wordpress\/wp-content\/uploads\/2019\/09\/bdbfdaf1-bf76-466a-9fee-b70e2a991675-238x300.jpg 238w, https:\/\/www.radiopiu.net\/wordpress\/wp-content\/uploads\/2019\/09\/bdbfdaf1-bf76-466a-9fee-b70e2a991675.jpg 417w\" sizes=\"auto, (max-width: 238px) 100vw, 238px\" \/><\/a>FELTRE<\/strong>. Il dottor Stefano Calabro \u00e8 il nuovo direttore dell\u2019Unit\u00e0 Operativa Complessa di Pneumologia dell\u2019Ospedale di Feltre.\u00a0 Feltrino, proviene dall\u2019Ulss Pedemontana dell\u2019ospedale di Bassano. Succede al dottor Franco Maria Zambotto, storico primario, andato in pensione a fine marzo 2019. Nato a Belluno nel 1957, si \u00e8 laureato in Medicina e chirurgia all\u2019Universit\u00e0 di Padova. Successivamente si \u00e8 specializzato in Tisiologia e Malattie dell\u2019Apparato Respiratorio all\u2019Universit\u00e0 degli Studi di Firenze. Ha frequentato corsi di perfezionamento postuniversitario nell\u2019ambito pneumologico all\u2019Universit\u00e0 di Modena. Dal luglio 1985 al settembre 2000 \u00e8 stato dirigente medico dell\u2019UOC di Pneumologia di Feltre. Si \u00e8 poi trasferito professionalmente a Bassano del Grappa, dove ha ricoperto dal 18 settembre 2000 il ruolo di Direttore della Pneumologia. \u00c8 autore di numerosi lavori scientifici. Nel corso della sua attivit\u00e0 professionale ha acquisito esperienza in diversi ambiti della Pneumologia, sviluppando particolari competenze nell\u2019endoscopia respiratoria e della diagnosi e trattamento delle malattie interstiziali polmonari.<\/p>\n<p>&nbsp;<\/p>\n<p>&nbsp;<\/p>\n<p>&nbsp;<\/p>\n<h3><\/h3>\n<h3><\/h3>\n<h3><\/h3>\n<p>&nbsp;<\/p>\n<p>&nbsp;<\/p>\n<h3><\/h3>\n<h3>L\u2019UNICEF CONFERMA IL \u201cS. MARIA DEL PRATO\u201d\u00a0 OSPEDALE AMICO DEI BAMBINI<\/h3>\n<p><strong><a class=\"dt-pswp-item\" href=\"http:\/\/www.radiopiu.net\/wordpress\/wp-content\/uploads\/2019\/09\/IMG_7541.jpg\" data-dt-img-description=\"\" data-large_image_width=\"6000\" data-large_image_height=\"4000\"><img loading=\"lazy\" decoding=\"async\" class=\" wp-image-100261 alignleft\" src=\"http:\/\/www.radiopiu.net\/wordpress\/wp-content\/uploads\/2019\/09\/IMG_7541-300x200.jpg\" alt=\"\" width=\"238\" height=\"158\" srcset=\"https:\/\/www.radiopiu.net\/wordpress\/wp-content\/uploads\/2019\/09\/IMG_7541-300x200.jpg 300w, https:\/\/www.radiopiu.net\/wordpress\/wp-content\/uploads\/2019\/09\/IMG_7541-768x512.jpg 768w, https:\/\/www.radiopiu.net\/wordpress\/wp-content\/uploads\/2019\/09\/IMG_7541-1024x683.jpg 1024w\" sizes=\"auto, (max-width: 238px) 100vw, 238px\" \/><\/a>FELTRE<\/strong>\u00a0 L\u2019Unicef Italia ha consegnato all\u2019Ospedale di Feltre la pergamena che riconferma il riconoscimento internazionale UNICEF\/OMS di \u201cBaby Friendly Hospital\u201d, ovvero di \u201cOspedale Amico dei Bambini\u201d. L\u2019iniziativa internazionale \u201cBaby Friendly Hospital\u201d \u00e8 stata lanciata nel 1991 dall\u2019Organizzazione Mondiale della Sanit\u00e0 (OMS) e dal Fondo delle Nazioni Unite per l\u2019Infanzia (UNICEF) per assicurare che tutti gli ospedali accolgano nel miglior modo possibile i bambini neonati e che divengano centri di sostegno per l\u2019allattamento.\u00a0 L\u2019obiettivo del programma \u00e8 quello di aumentare il numero di bambini allattati, rendendo protagonisti i genitori, informandoli e sostenendoli nelle scelte per l\u2019alimentazione e le cure dei propri bambini. Le azioni inserite in questo percorso non apportano solo benefici di salute per il bambino, la madre e la societ\u00e0 rispetto alla nutrizione, ma sono anche in grado di favorire la relazione madre-bambino e i processi di attaccamento dei genitori.<\/p>\n<blockquote><p>&nbsp;<\/p><\/blockquote>\n<p>&nbsp;<\/p>\n<p>&nbsp;<\/p>\n<p>&nbsp;<\/p>\n<p>&nbsp;<\/p>\n<h3>CON L&#8217;AUSER DI BELLUNO&#8230;PERCHE&#8217; NON SI RIPETANO PIU&#8217; FEMMINICIDI<\/h3>\n<p><a class=\"dt-pswp-item\" href=\"http:\/\/www.radiopiu.net\/wordpress\/wp-content\/uploads\/2019\/09\/PrincipesseUnCorno.jpg\" data-dt-img-description=\"\" data-large_image_width=\"1024\" data-large_image_height=\"1448\"><img loading=\"lazy\" decoding=\"async\" class=\"size-medium wp-image-100269 alignleft\" src=\"http:\/\/www.radiopiu.net\/wordpress\/wp-content\/uploads\/2019\/09\/PrincipesseUnCorno-212x300.jpg\" alt=\"\" width=\"212\" height=\"300\" srcset=\"https:\/\/www.radiopiu.net\/wordpress\/wp-content\/uploads\/2019\/09\/PrincipesseUnCorno-212x300.jpg 212w, https:\/\/www.radiopiu.net\/wordpress\/wp-content\/uploads\/2019\/09\/PrincipesseUnCorno-768x1086.jpg 768w, https:\/\/www.radiopiu.net\/wordpress\/wp-content\/uploads\/2019\/09\/PrincipesseUnCorno-724x1024.jpg 724w, https:\/\/www.radiopiu.net\/wordpress\/wp-content\/uploads\/2019\/09\/PrincipesseUnCorno.jpg 1024w\" sizes=\"auto, (max-width: 212px) 100vw, 212px\" \/><\/a>Per iniziativa dell&#8217;Auser territoriale e l&#8217;organizzazione delle quattro Universit\u00e0 popolari Auser per l&#8217;educazione permanente attive in provincia di Belluno in Alpago, Belluno, Domegge e Ponte nelle Alpi, domenica 6 ottobre alle ore 18.00 si terr\u00e0 a Belluno, nel Teatro del Centro Giovanni XXIII, una manifestazione che gode del patrocinio del Comune capoluogo e aperta a tutta la cittadinanza. Tre i motivi. Aprire unitariamente all&#8217;Anno accademico 2019-2020, presentando in sintesi l&#8217;importante ruolo di Auser per una cittadinanza senza et\u00e0, attiva, responsabile e partecipe per il bene comune. Illustrare il progetto regionale Auser \u201cT.A.C.I. &#8211; Teatro, Arte, Cultura, Inclusione contro la violenza sulle donne\u201d, che anche a Belluno si concretizzer\u00e0 pubblicamente il 12 ottobre con una breve cerimonia concordata con il Comune e con l&#8217;Associazione Belluno Donna, durante la quale verr\u00e0 scoperta, come analogamente in tutte le province venete, la panchina rossa, simbolo e richiamo per tutti di un impegno a vigilare costantemente perch\u00e8 non si ripetano pi\u00f9 femminicidi e violenza in genere verso le donne. Terzo motivo fornito dall&#8217;occasione del 6 ottobre p.v. e che fa un po&#8217; da trait d&#8217;union fra i primi due, lo spettacolo \u201cPrincipesse, un corno!\u201d, viaggio musicale attraverso gli stereotipi sul femminile alla ricerca di una vera uguaglianza di genere, presentato dal Coro dell&#8217;Universit\u00e0 popolare di Treviso diretto da Erica Boschiero.<\/p>\n<p>&nbsp;<\/p>\n<p>&nbsp;<\/p>\n<p>&nbsp;<\/p>\n<h3><\/h3>\n<h3><\/h3>\n<h3>APPUNTAMENTI AUTUNNALI CON LA EX EMIGRANTI DELL&#8217;AGORDINO<\/h3>\n<p><strong>CENCENIGHE<\/strong> La famiglia ex emigranti agordini organizza il pranzo sociale per domenica 13 ottobre all&#8217;Hotel Europa di Alleghe. Programma: 10 messa in ricordo degli emigranti scomparsi; 12.30 pranzo e lotteria. Prenotazioni entro il 10 ottobre all&#8217;hotel, telefono\u00a0 0437 523362, oppure dalla presidente Lucia De Toffol 0437 591492. Per il 27 ottobre terzo anniversario dell&#8217;inaugurazione del Monumento dell&#8217;emigrante a Cencenighe con la posa di una corona d&#8217;alloro, alle 10.30 la messa a seguire il corteo verso il piazzale Nof Filo&#8217;.<\/p>\n<p>&nbsp;<\/p>\n<p><strong>LONGARONE<\/strong> La Federazione Italiana Sport Invernali apre la stagione a Longaronefiere nel padiglio A2, domenica 6 ottobre alle 15.30 con la 30^edizione del premio Fair Play. Programma: saluto delle autorit\u00e0,\u00a0 premiazione Dolomiti Show Games, intervento Fondazione Cortina 2021 Progetto Donors, consegna benemerenze FISI, presentazione tecnici e squadre agonistiche del Comitato Veneto, premiazione Coppa Veneto ENERGIAPURA 2018\/2019. Consegna 30\u00b0 Fair Play \u201cBepin De Eto<\/p>\n<p>&nbsp;<\/p>\n<p><strong>CANALE D&#8217;AGORDO<\/strong> La Pro Loco di Canale d&#8217; Agordo organizza per domenica 13 ottobre una trasferta in autobus per l\u2019entrata in Parrocchia di don Mariano Baldovin in Cadore.\u00a0 Prenotazioni entro mercoled\u00ec 9 ottobre allo 0437 590397.<\/p>\n<p>&nbsp;<\/p>\n<p>&nbsp;<\/p>\n<p>&nbsp;<\/p>\n<div><strong><a class=\"dt-pswp-item\" href=\"http:\/\/www.radiopiu.net\/wordpress\/wp-content\/uploads\/2019\/08\/download-6.jpg\" data-dt-img-description=\"\" data-large_image_width=\"300\" data-large_image_height=\"168\"><img loading=\"lazy\" decoding=\"async\" class=\" wp-image-95372 alignleft\" src=\"http:\/\/www.radiopiu.net\/wordpress\/wp-content\/uploads\/2019\/08\/download-6-300x168.jpg\" alt=\"\" width=\"161\" height=\"90\" \/><\/a><\/strong><\/div>\n<div>\n<p><strong>IL SALUTO DI UNA COMUNITA&#8217; AD UN GRANDE PARROCO, DON MARIO ZANON<\/strong><\/p>\n<p><strong>TAIBON<\/strong>\u00a0<strong>La comunit\u00e0 parrocchiale invita la popolazione domenica 6 ottobre alle 10 alla messa per salutare e ringraziare Don Mario per gli anni dedicati al servizio della comunit\u00e0.<\/strong><\/p>\n<\/div>\n<p>&nbsp;<\/p>\n<p>&nbsp;<\/p>\n<p>&nbsp;<\/p>\n<p>&nbsp;<\/p>\n<div>\n<h3><a class=\"dt-pswp-item\" href=\"http:\/\/www.radiopiu.net\/wordpress\/wp-content\/uploads\/2019\/09\/71095163_2434505120140265_5286926740751384576_o.jpg\" data-dt-img-description=\"\" data-large_image_width=\"1024\" data-large_image_height=\"768\"><img loading=\"lazy\" decoding=\"async\" class=\"wp-image-99045 alignleft\" src=\"http:\/\/www.radiopiu.net\/wordpress\/wp-content\/uploads\/2019\/09\/71095163_2434505120140265_5286926740751384576_o-300x225.jpg\" alt=\"\" width=\"216\" height=\"162\" srcset=\"https:\/\/www.radiopiu.net\/wordpress\/wp-content\/uploads\/2019\/09\/71095163_2434505120140265_5286926740751384576_o-300x225.jpg 300w, https:\/\/www.radiopiu.net\/wordpress\/wp-content\/uploads\/2019\/09\/71095163_2434505120140265_5286926740751384576_o-768x576.jpg 768w, https:\/\/www.radiopiu.net\/wordpress\/wp-content\/uploads\/2019\/09\/71095163_2434505120140265_5286926740751384576_o.jpg 1024w\" sizes=\"auto, (max-width: 216px) 100vw, 216px\" \/><\/a>SE DESMONTEGHEA IN VALLE DEL BIOIS L&#8217;INTERVISTA A RADIO PIU&#8217;<\/h3>\n<\/div>\n<p><strong>FALCADE<\/strong> Giunta alla quindicesima edizione, Se Desmonteghea andra&#8217; in scena a falcade dal 27 al 29 settembre prossimi. I programmi, le novita&#8217; nel colloquio con Eddy Gaspari, Antonella Schena, Danilo Marmolada e Mayra De Marco<\/p>\n<audio class=\"wp-audio-shortcode\" id=\"audio-100234-6\" preload=\"none\" style=\"width: 100%;\" controls=\"controls\"><source type=\"audio\/mpeg\" src=\"http:\/\/www.radiopiu.net\/wordpress\/wp-content\/uploads\/2019\/09\/REGISTRAZIONE-DEMONTEGADA.mp3?_=6\" \/><a href=\"http:\/\/www.radiopiu.net\/wordpress\/wp-content\/uploads\/2019\/09\/REGISTRAZIONE-DEMONTEGADA.mp3\">http:\/\/www.radiopiu.net\/wordpress\/wp-content\/uploads\/2019\/09\/REGISTRAZIONE-DEMONTEGADA.mp3<\/a><\/audio>\n<p>&nbsp;<\/p>\n<p>&nbsp;<\/p>\n<div><\/div>\n<div><\/div>\n<blockquote>\n<div><strong><a class=\"dt-pswp-item\" href=\"http:\/\/www.radiopiu.net\/wordpress\/wp-content\/uploads\/2019\/09\/sedico16.jpg\" data-dt-img-description=\"\" data-large_image_width=\"1600\" data-large_image_height=\"1200\"><img loading=\"lazy\" decoding=\"async\" class=\"wp-image-98005 alignleft\" src=\"http:\/\/www.radiopiu.net\/wordpress\/wp-content\/uploads\/2019\/09\/sedico16-300x225.jpg\" alt=\"\" width=\"180\" height=\"135\" srcset=\"https:\/\/www.radiopiu.net\/wordpress\/wp-content\/uploads\/2019\/09\/sedico16-300x225.jpg 300w, https:\/\/www.radiopiu.net\/wordpress\/wp-content\/uploads\/2019\/09\/sedico16-768x576.jpg 768w, https:\/\/www.radiopiu.net\/wordpress\/wp-content\/uploads\/2019\/09\/sedico16-1024x768.jpg 1024w, https:\/\/www.radiopiu.net\/wordpress\/wp-content\/uploads\/2019\/09\/sedico16.jpg 1600w\" sizes=\"auto, (max-width: 180px) 100vw, 180px\" \/><\/a>COLORI SAPORI E\u00a0 PROFUMI D&#8217;AUTUNNO L&#8217;INTERVISTA DI RADIO PIU:\u00a0<\/strong> Claudio Mezzavilla presidente della pro loco di Sedico ci presenta la manifestazIone Colori Sapori e Profumi d&#8217;autunno, in programma per sabato e domenica a Villa Patt di Sedico. La manifestazione sara&#8217; anticipata da due serate del giovedi&#8217; e venerdi<\/div>\n<\/blockquote>\n<div><\/div>\n<div>\n<audio class=\"wp-audio-shortcode\" id=\"audio-100234-7\" preload=\"none\" style=\"width: 100%;\" controls=\"controls\"><source type=\"audio\/mpeg\" src=\"http:\/\/www.radiopiu.net\/wordpress\/wp-content\/uploads\/2019\/09\/claudio-mezzavilla-scade-giovedi.mp3?_=7\" \/><a href=\"http:\/\/www.radiopiu.net\/wordpress\/wp-content\/uploads\/2019\/09\/claudio-mezzavilla-scade-giovedi.mp3\">http:\/\/www.radiopiu.net\/wordpress\/wp-content\/uploads\/2019\/09\/claudio-mezzavilla-scade-giovedi.mp3<\/a><\/audio>\n<\/div>\n<div><\/div>\n<blockquote>\n<div><\/div>\n<\/blockquote>\n<div><\/div>\n<div><\/div>\n<blockquote>\n<div><\/div>\n<\/blockquote>\n<h3>PRIMAVERA A BELLUNO,\u00a0 ESTATE A PEDAVENA E AUTUNNO IN CADORE CON IL FAI<\/h3>\n<div><strong>BELLUNO<\/strong>\u00a0 \u00a0\u201cGiornate d\u2019autunno\u201d,\u00a0 \u00e8 il secondo grande evento nazionale che il Fondo Ambiente Italiano promuove per sensibilizzare i cittadini sulla valorizzazione delle bellezze del patrimonio storico, artistico e paesaggistico dei nostri territori e sui temi della tutela, della conservazione e del restauro. Dopo il successo delle Giornate di Primavera, in centro storico a Belluno, e dopo l\u2019apertura estiva di Villa Pasole a Pedavena, per questo appuntamento autunnale il Fau iconquiasta\u00a0 \u00a0le montagne del Cadore. L&#8217;evento sar\u00e0 presentato in sala consiliare della Magnifica Comunit\u00e0 di Pieve di Cadore il\u00a0 3 ottobre alle ore 15.30.<\/div>\n<div><\/div>\n<div><\/div>\n<div><\/div>\n<blockquote>\n<div><\/div>\n<\/blockquote>\n<div><\/div>\n<div><\/div>\n<div><a class=\"dt-pswp-item\" href=\"http:\/\/www.radiopiu.net\/wordpress\/wp-content\/uploads\/2018\/09\/appuntamenti.jpeg\" data-dt-img-description=\"\" data-large_image_width=\"800\" data-large_image_height=\"100\"><img loading=\"lazy\" decoding=\"async\" class=\"aligncenter wp-image-61958 size-full\" src=\"http:\/\/www.radiopiu.net\/wordpress\/wp-content\/uploads\/2018\/09\/appuntamenti.jpeg\" alt=\"\" width=\"800\" height=\"100\" srcset=\"https:\/\/www.radiopiu.net\/wordpress\/wp-content\/uploads\/2018\/09\/appuntamenti.jpeg 800w, https:\/\/www.radiopiu.net\/wordpress\/wp-content\/uploads\/2018\/09\/appuntamenti-300x38.jpeg 300w, https:\/\/www.radiopiu.net\/wordpress\/wp-content\/uploads\/2018\/09\/appuntamenti-768x96.jpeg 768w\" sizes=\"auto, (max-width: 800px) 100vw, 800px\" \/><\/a><\/div>\n<div><\/div>\n<div>\n<h3>CERIMONIA DI CONCLUSIONE PROGETTO EMERGENZA<\/h3>\n<p><strong>FELTRE<\/strong>\u00a0 Oggi\u00a0 alle 11.30 cerimonia di conclusione del Master di primo livello in &#8220;Prevenzione ed emergenza in territorio montano e d&#8217;alta quota&#8221; in sala convegni dell&#8217;ospedale Santa Maria del Prato alla presenza del direttore del Master, Piero Maestrelli e del direttore generale Rasi Caldogno.<\/p>\n<\/div>\n<div><\/div>\n<div>\n<p>&nbsp;<\/p>\n<h3>QUELLI DEL &#8217;99, TEATRO E MUSICA NEI 100 ANNI<\/h3>\n<p><strong><a class=\"dt-pswp-item\" href=\"http:\/\/www.radiopiu.net\/wordpress\/wp-content\/uploads\/2019\/09\/d6be3a7c-e777-4c2b-82cd-3af127b8502b.jpg\" data-dt-img-description=\"\" data-large_image_width=\"667\" data-large_image_height=\"960\"><img loading=\"lazy\" decoding=\"async\" class=\" wp-image-100124 alignleft\" src=\"http:\/\/www.radiopiu.net\/wordpress\/wp-content\/uploads\/2019\/09\/d6be3a7c-e777-4c2b-82cd-3af127b8502b-208x300.jpg\" alt=\"\" width=\"160\" height=\"231\" srcset=\"https:\/\/www.radiopiu.net\/wordpress\/wp-content\/uploads\/2019\/09\/d6be3a7c-e777-4c2b-82cd-3af127b8502b-208x300.jpg 208w, https:\/\/www.radiopiu.net\/wordpress\/wp-content\/uploads\/2019\/09\/d6be3a7c-e777-4c2b-82cd-3af127b8502b.jpg 667w\" sizes=\"auto, (max-width: 160px) 100vw, 160px\" \/><\/a>SANTA GIUSTINA<\/strong> Il Gruppo Alpini \u201cSincero Zollet\u201c di Santa Giustina ha organizzato per\u00a0 oggi\u00a0 alle ore 20:30 uno spettacolo teatrale che si terr\u00e0 sotto la tensostruttura montata in Piazza Maggiore di Santa Giustina dal titolo \u201cQUELLI DEL \u201899 &#8211; Teatro e musica attraverso cent\u2019anni\u201d \u00c8 un ricordo, \u00e8 un riassaporare quella vita antecedente la guerra, fatta di amicizia, collaborazione, umanit\u00e0 e perch\u00e9 no, di complicit\u00e0 presente nella vita sociale di un tempo e quale modo migliore di descriverla se non nel contesto di un fatto importante come\u2026 la nascita di un figlio! Un figlio, la vita che continua, che non si arrende ma che ritorna per dare di nuovo ai nostri giorni un senso di speranza nel futuro, ricordando i principi propri delle nostre radici che assorbono linfa vitale dalla fraternit\u00e0, amicizia e collaborazione, ma sopra ogni cosa, solidariet\u00e0 tra paesani<\/p>\n<p>&nbsp;<\/p>\n<\/div>\n<div><\/div>\n<div>\n<h3>CERIMONIA DI CONCLUSIONE PROGETTO EMERGENZA<\/h3>\n<\/div>\n<p><strong>FELTRE<\/strong> Oggi\u00a0 alle 11.30 cerimonia di conclusione del Master di primo livello in &#8220;Prevenzione ed emergenza in territorio montano e d&#8217;alta quota&#8221; in sala convegni dell&#8217;ospedale Santa Maria del Prato alla presenza del direttore del Master, Piero Maestrelli e del direttore generale Rasi Caldogno.<\/p>\n<p>&nbsp;<\/p>\n<p>&nbsp;<\/p>\n<p>&nbsp;<\/p>\n<h3><a class=\"dt-pswp-item\" href=\"http:\/\/www.radiopiu.net\/wordpress\/wp-content\/uploads\/2019\/09\/IMG-20190925-WA0003.jpg\" data-dt-img-description=\"\" data-large_image_width=\"1600\" data-large_image_height=\"900\"><img loading=\"lazy\" decoding=\"async\" class=\" wp-image-99938 alignleft\" src=\"http:\/\/www.radiopiu.net\/wordpress\/wp-content\/uploads\/2019\/09\/IMG-20190925-WA0003-300x169.jpg\" alt=\"\" width=\"176\" height=\"99\" srcset=\"https:\/\/www.radiopiu.net\/wordpress\/wp-content\/uploads\/2019\/09\/IMG-20190925-WA0003-300x169.jpg 300w, https:\/\/www.radiopiu.net\/wordpress\/wp-content\/uploads\/2019\/09\/IMG-20190925-WA0003-768x432.jpg 768w, https:\/\/www.radiopiu.net\/wordpress\/wp-content\/uploads\/2019\/09\/IMG-20190925-WA0003-1024x576.jpg 1024w, https:\/\/www.radiopiu.net\/wordpress\/wp-content\/uploads\/2019\/09\/IMG-20190925-WA0003.jpg 1600w\" sizes=\"auto, (max-width: 176px) 100vw, 176px\" \/><\/a>DOMENICA INAUGURAZIONE DELLA RINNOVATA PIAZZOLA DEL RIFUGIO BOZ<\/h3>\n<p><strong>CESIOMAGGIORE\u00a0<\/strong> Sar\u00e0 inaugurata domani, la piazzola per l&#8217;atterraggio dell&#8217;elicottero del Rifugio Boz, rinnovata con due giornate di lavoro dal Soccorso alpino di Feltre. Nel decennale dalla loro scomparsa, la piazzola sar\u00e0 intitolata all&#8217;equipaggio di Falco, Dario, Fabrizio, Marco e Stefano, precipitato a Rio Gere il 22 agosto del 2009. La piccola cerimonia si terr\u00e0 alle 11.<\/p>\n<p>&nbsp;<\/p>\n<p>&nbsp;<\/p>\n<h3>\u201cGIORNATA DELLA ROSA- ALLE SPONDE DEL VESES\u201d<\/h3>\n<p><em>A S.Giustina la nuova edizione della tradizionale marcia non competitiva<\/em><\/p>\n<p><strong>SANTA GIUSTINA<\/strong> Domani\u00a0 si svolger\u00e0 la nuova edizione della \u201cGiornata della Rosa-alle sponde del Veses\u201d, tradizionale marcia non competitiva, che unisce, con due diversi percorsi, podisti ed atleti formati a semplici camminatori, appassionati e famiglie. La manifestazione \u00e8 nata nei primi anni \u201990 per iniziativa dell\u2019AIPD (Associazione Italiana persone con sindrome di Down), sezione provinciale di Belluno<\/p>\n<p>&nbsp;<\/p>\n<h3>CONSIGLIO COMUNALE A ROCCA PIETORE<\/h3>\n<p><strong>ROCCA PIETORE<\/strong> Il sindaco Andrea De Bernardin ha convocato i consiglieri per lunedi alle 18.30. All&#8217;ordine del giorno: approvazione documento unico di programmazione;\u00a0 prelevamento dal fondo di riserva; variazioni al bilancio di previsione; piano delle alienazioni e valorizzazione patrimonio immobiliare; comunicazioni del sindaco<\/p>\n<p>&nbsp;<\/p>\n<p>&nbsp;<\/p>\n<p><strong>LA VALLE<\/strong> Il Pr ranch con l&#8217;Aics Belluno organizza un corso di ginnastica, coordinazione, ritmo e volteggio, tutti i martedi dalle 16.30 al Palarova di Agordo. Il corso avr\u00e0 inizio con il primo ottobre fino al 6 aprile, aperto a tutti dai 6 anni in su. Informazioni e iscrizioni al 348 4352362<\/p>\n<p>&nbsp;<\/p>\n<p>&nbsp;<\/p>\n<p>&nbsp;<\/p>\n<p>&nbsp;<\/p>\n<p>&nbsp;<\/p>\n<p><strong><a class=\"dt-pswp-item\" href=\"http:\/\/www.radiopiu.net\/wordpress\/wp-content\/uploads\/2018\/09\/viabilita.jpeg\" data-dt-img-description=\"\" data-large_image_width=\"800\" data-large_image_height=\"100\"><img loading=\"lazy\" decoding=\"async\" class=\"alignnone wp-image-61954 size-full\" src=\"http:\/\/www.radiopiu.net\/wordpress\/wp-content\/uploads\/2018\/09\/viabilita.jpeg\" alt=\"\" width=\"800\" height=\"100\" srcset=\"https:\/\/www.radiopiu.net\/wordpress\/wp-content\/uploads\/2018\/09\/viabilita.jpeg 800w, https:\/\/www.radiopiu.net\/wordpress\/wp-content\/uploads\/2018\/09\/viabilita-300x38.jpeg 300w, https:\/\/www.radiopiu.net\/wordpress\/wp-content\/uploads\/2018\/09\/viabilita-768x96.jpeg 768w\" sizes=\"auto, (max-width: 800px) 100vw, 800px\" \/><\/a><\/strong><\/p>\n<p><strong>Regionale 48 delle Dolomiti,<\/strong> localit\u00e0 San Giovanni di Livinallongo: fino al 4 ottobre dalle 8.30 alle 12 e dalle 13.30 alle 17.30 senso unico alternato e interruzioni della durata massima di 20 minuti.<\/p>\n<p><strong>Regionale 251 Val di Zoldo,<\/strong> Comune di Colle Santa Lucia: fino\u00a0 al 30 settembre con esclusione dei giorni festivi e prefestivi senso unico alternato.<\/p>\n<p><strong>Regionale 346 del San<\/strong> Pellegrino Comune di Falcade: dal 30 settembre al 18 ottobre escusi festivi e prefestivi, senso unico alternato.<\/p>\n<p><strong>Provinciale 563 di Salesei,<\/strong> Comune di Rocca Pietore: dal 30 settembre all&#8217;11 ottobre senso unico alternato regolato da movieri dalle 8 alle 18<\/p>\n<p>&nbsp;<\/p>\n<p>&nbsp;<\/p>\n<p>&nbsp;<\/p>\n<p><a class=\"dt-pswp-item\" href=\"http:\/\/www.radiopiu.net\/wordpress\/wp-content\/uploads\/2018\/09\/sport.jpg\" data-dt-img-description=\"\" data-large_image_width=\"800\" data-large_image_height=\"100\"><img loading=\"lazy\" decoding=\"async\" class=\"aligncenter wp-image-60761 size-full\" src=\"http:\/\/www.radiopiu.net\/wordpress\/wp-content\/uploads\/2018\/09\/sport.jpg\" alt=\"\" width=\"800\" height=\"100\" srcset=\"https:\/\/www.radiopiu.net\/wordpress\/wp-content\/uploads\/2018\/09\/sport.jpg 800w, https:\/\/www.radiopiu.net\/wordpress\/wp-content\/uploads\/2018\/09\/sport-300x38.jpg 300w, https:\/\/www.radiopiu.net\/wordpress\/wp-content\/uploads\/2018\/09\/sport-768x96.jpg 768w\" sizes=\"auto, (max-width: 800px) 100vw, 800px\" \/><\/a><\/p>\n<h3><\/h3>\n<div class=\"_2cuy _3dgx\" data-block=\"true\" data-editor=\"6vo84\" data-offset-key=\"8ui70-0-0\">\n<h2 class=\"_1mf _1mj\" data-offset-key=\"8ui70-0-0\"><span data-offset-key=\"8ui70-0-0\">ANCHE IL SECONDO STRANIERO NON FA PER L&#8217;ALLEGHE. MA QUESTA VOLTA SI TRATTA DI PROMESSA NON MANTENUTA.\u00a0 DALL&#8217; AD ADRIANO LEVIS, <\/span><\/h2>\n<\/div>\n<blockquote class=\"_2cuy _509u\" data-block=\"true\" data-editor=\"6vo84\" data-offset-key=\"97f5f-0-0\">\n<h3 class=\"_1mf _1mj\" data-offset-key=\"97f5f-0-0\"><em>&#8220;Ieri sera abbiamo ricevuto la telefonata di David Norris che ha ricevuto una offerta molto pi\u00f9 vantaggiosa dalla Svezia. Dispiace oltre che per la figura, dispiace anche perch\u00e9 nel contratto avevamo sottoscritto tutte le sue richieste. La telefonata ieri sera alle 23.Ad ogni modo voltiamo pagina e ci daremo da fare per trovare un straniero che faccia al caso nostro&#8221;.<\/em><\/h3>\n<\/blockquote>\n<p>&nbsp;<\/p>\n<p>&nbsp;<\/p>\n<p>&nbsp;<\/p>\n<h2>HOCKEY E CALCIO DEL FINE SETTIMANA<\/h2>\n<p>Questi gli appuntamenti sportivi del fine settimana. Per quanto riguarda l&#8217;hockey, l&#8217;Alleghe non scende in campo in questo fine settimana. Turno di riposo per la squadra di Matikainen in IHL. Under 19 che domani alle 17:30 sar\u00e0 impegnata in trasferta contro il Merano. Il Fassa\/Alleghe under 17 giocher\u00e0 oggi alle 17:30 e dovr\u00e0 affrontare il Varese in terra lombarda. Turno di riposo per le civette under 15. Per quanto riguarda il calcio continuano i campionati CSI e FIGC. Nel campionato veterani CSI il La Valle di Dario Mezzacasa scender\u00e0 in campo oggi alle 15:30 quando al Conaggia arriver\u00e0 il Castion. Turno di riposo per il Le Ville Bar Carlin nel campionato Open. Giovanili dell&#8217;Agordina in campo nel fine settimana con la Juniores che oggi alle 15:30 giocher\u00e0 a Santa Giustina contro la Plavis. Gli allievi in campo domani mattina alle 10 per giocare in trasferta contro il Domegge. Giovanissimi che sfideranno il San Giorgio oggi pomeriggio alle 15:30 sul campo di Cencenighe. Terza giornata della Terza Categoria provinciale con l&#8217;Agordina di Marco Lorenzi che, dopo il pareggio della scorsa settimana, prover\u00e0 a strappare i 3 punti al Coi De Pera domani pomeriggio alle 15:30 sul campo di Agordo. Gli Allievi regionali del San Giorgio Sedico giocheranno la prima partita in casa domani alle 10:30 contro il Lovispresiano. In prima categoria il Fiori Barp Mas sfider\u00e0 il San Michele Salsa. Trasferta per gli uomini di De Battista che domani alle 15:30 giocheranno la quarta giornata del campionato.<\/p>\n<blockquote>\n<p style=\"text-align: center;\"><strong>DOMANI ALLE 15:30 SU RADIO PIU&#8217; L&#8217;APPUNTAMENTO CON &#8220;DOMENICA + SPORT&#8221; PER SEGUIRE IN DIRETTA LE PARTITE DI AGORDINA E FIORI BARP MAS<\/strong><\/p>\n<\/blockquote>\n<p>&nbsp;<\/p>\n<h3><\/h3>\n<p>&nbsp;<\/p>\n<h3>TRE CIME PROMOTOR E ACI ASSIEME NELL&#8217;ORGANIZZAZIONE DEL CORSO PRIMA LICENZA, 20 GLI ISCRITTI<\/h3>\n<p><a class=\"dt-pswp-item\" href=\"http:\/\/www.radiopiu.net\/wordpress\/wp-content\/uploads\/2019\/09\/084.jpg\" data-dt-img-description=\"\" data-large_image_width=\"1200\" data-large_image_height=\"800\"><img loading=\"lazy\" decoding=\"async\" class=\" wp-image-100253 alignleft\" src=\"http:\/\/www.radiopiu.net\/wordpress\/wp-content\/uploads\/2019\/09\/084-300x200.jpg\" alt=\"\" width=\"230\" height=\"153\" srcset=\"https:\/\/www.radiopiu.net\/wordpress\/wp-content\/uploads\/2019\/09\/084-300x200.jpg 300w, https:\/\/www.radiopiu.net\/wordpress\/wp-content\/uploads\/2019\/09\/084-768x512.jpg 768w, https:\/\/www.radiopiu.net\/wordpress\/wp-content\/uploads\/2019\/09\/084-1024x683.jpg 1024w, https:\/\/www.radiopiu.net\/wordpress\/wp-content\/uploads\/2019\/09\/084.jpg 1200w\" sizes=\"auto, (max-width: 230px) 100vw, 230px\" \/><\/a><\/p>\n<p>&nbsp;<\/p>\n<p>&nbsp;<\/p>\n<p><strong>BELLUNO<\/strong><\/p>\n<p><strong>DI ROBERTO BONA<\/strong><\/p>\n<audio class=\"wp-audio-shortcode\" id=\"audio-100234-8\" preload=\"none\" style=\"width: 100%;\" controls=\"controls\"><source type=\"audio\/mpeg\" src=\"http:\/\/www.radiopiu.net\/wordpress\/wp-content\/uploads\/2019\/09\/bona-1.mp3?_=8\" \/><a href=\"http:\/\/www.radiopiu.net\/wordpress\/wp-content\/uploads\/2019\/09\/bona-1.mp3\">http:\/\/www.radiopiu.net\/wordpress\/wp-content\/uploads\/2019\/09\/bona-1.mp3<\/a><\/audio>\n<p>&nbsp;<\/p>\n<p>&nbsp;<\/p>\n<p>&nbsp;<\/p>\n<h2>DOMANI IL TRAIL SUL NEVEGAL, 21 CHILOMETRI SU E GIU&#8217; TRA BOSCHI E SENTIERI<\/h2>\n<p><strong><a class=\"dt-pswp-item\" href=\"http:\/\/www.radiopiu.net\/wordpress\/wp-content\/uploads\/2018\/05\/nevegallika.jpg\" data-dt-img-description=\"\" data-large_image_width=\"500\" data-large_image_height=\"134\"><img loading=\"lazy\" decoding=\"async\" class=\"size-medium wp-image-47473 alignleft\" src=\"http:\/\/www.radiopiu.net\/wordpress\/wp-content\/uploads\/2018\/05\/nevegallika-300x80.jpg\" alt=\"\" width=\"300\" height=\"80\" srcset=\"https:\/\/www.radiopiu.net\/wordpress\/wp-content\/uploads\/2018\/05\/nevegallika-300x80.jpg 300w, https:\/\/www.radiopiu.net\/wordpress\/wp-content\/uploads\/2018\/05\/nevegallika.jpg 500w\" sizes=\"auto, (max-width: 300px) 100vw, 300px\" \/><\/a>BELLUNO<\/strong><\/p>\n<p><strong>DI DAMIANO\u00a0 TORMEN\u00a0<\/strong><\/p>\n<audio class=\"wp-audio-shortcode\" id=\"audio-100234-9\" preload=\"none\" style=\"width: 100%;\" controls=\"controls\"><source type=\"audio\/mpeg\" src=\"http:\/\/www.radiopiu.net\/wordpress\/wp-content\/uploads\/2019\/09\/damiano-nevegal-1.mp3?_=9\" \/><a href=\"http:\/\/www.radiopiu.net\/wordpress\/wp-content\/uploads\/2019\/09\/damiano-nevegal-1.mp3\">http:\/\/www.radiopiu.net\/wordpress\/wp-content\/uploads\/2019\/09\/damiano-nevegal-1.mp3<\/a><\/audio>\n<p>&nbsp;<\/p>\n<h3><\/h3>\n<h3>HOCKEY GIOVANILE D\u2019ELITE CON IL PRESTIGIOSO TORNEO \u201cGIANCARLO TERMANINI\u201d.<\/h3>\n<p><a class=\"dt-pswp-item\" href=\"http:\/\/www.radiopiu.net\/wordpress\/wp-content\/uploads\/2018\/06\/hockey-557219_1280.jpg\" data-dt-img-description=\"\" data-large_image_width=\"1280\" data-large_image_height=\"853\"><img loading=\"lazy\" decoding=\"async\" class=\"size-medium wp-image-51902 alignleft\" src=\"http:\/\/www.radiopiu.net\/wordpress\/wp-content\/uploads\/2018\/06\/hockey-557219_1280-300x200.jpg\" alt=\"\" width=\"300\" height=\"200\" srcset=\"https:\/\/www.radiopiu.net\/wordpress\/wp-content\/uploads\/2018\/06\/hockey-557219_1280-300x200.jpg 300w, https:\/\/www.radiopiu.net\/wordpress\/wp-content\/uploads\/2018\/06\/hockey-557219_1280-768x512.jpg 768w, https:\/\/www.radiopiu.net\/wordpress\/wp-content\/uploads\/2018\/06\/hockey-557219_1280-1024x682.jpg 1024w, https:\/\/www.radiopiu.net\/wordpress\/wp-content\/uploads\/2018\/06\/hockey-557219_1280.jpg 1280w\" sizes=\"auto, (max-width: 300px) 100vw, 300px\" \/><\/a>Il Torneo, organizzato dal Comitato Veneto Regionale Fisg in collaborazione con la Alleghe Hockey, ormai\u00a0 alla sua 26^ edizione vedr\u00e0 confrontarsi, dopo severa selezione le rappresentative Under 13 dei Comitati Veneto, Trentino, Alto Adige e Lombardia .E\u2019 doveroso\u00a0 ricordare l\u2019appassionato compianto Dirigente cui il Torneo \u00e8 dedicato, Giancarlo Termanini, che tanto fece a favore delle giovani leve dell\u2019 Hockey Alleghese, Veneto e Nazionale Gli incontri si svolgeranno oggi e domani. Ogni rappresentativa avr\u00e0 modo di confrontarsi contro\u00a0 tutte le altre e la finale sar\u00e0 disputata solo tra le squadre classificatesi al primo e secondo posto dopo questa fase, disputando alle ore 12.00 di domenica l\u2019incontro per l\u2019assegnazione del ambito Trofeo \u201cGiancarlo Termanini\u201d. \u00a0Il Roster della rappresentativa veneta \u00e8 composta da : CALVANI MIRO \u2013 LEVIS TOMMASO \u2013 FONTANIVE NICOLO\u2019 \u00a0della Alleghe Hockey\u00a0 DE NARDI PIETRO \u2013 ZANDEGIACOMO CANEVA ALESSANDRO della HC Pieve CAMBRUZZI OLIVIA \u2013 MARTELLO MATTIA &#8211; \u00a0della Padova Waves MENEGHETTI ROCCO \u00a0&#8211; della USG Zoldo BENETTI SERGIO \u2013 BENETTI GIOVANNI \u2013 CORTESE LUCA \u2013 MARINI ANDREA &#8211; della &#8211; HC Asiago J TOLOMELLI ROSARIO \u2013 BELLI FABIO \u2013 VENTURI LORIS \u2013 SUDIRO GIACOMO \u2013 TALAMINI ALBERTO \u2013 VIEL PIETRO della S.G. Cortina CORTE SUALON ANNA \u2013 PAIS DE GABRIEL ENRICOMATTEO della HC Dobbiaco<\/p>\n<p><b>OGGI<\/b><\/p>\n<table width=\"408\">\n<tbody>\n<tr>\n<td width=\"173\">RAPP. ALTO ADIGE<\/td>\n<td width=\"173\">RAPP. TRENTINO<\/td>\n<td width=\"61\">8:30<\/td>\n<\/tr>\n<tr>\n<td width=\"173\">RAPP. VENETO<\/td>\n<td width=\"173\">RAPP. LOMBARDIA<\/td>\n<td width=\"61\">9:45<\/td>\n<\/tr>\n<tr>\n<td width=\"173\">RAPP. ALTO ADIGE<\/td>\n<td width=\"173\">RAPP. PIEMONTE<\/td>\n<td width=\"61\">11:00<\/td>\n<\/tr>\n<tr>\n<td width=\"173\">RAPP. TRENTINO<\/td>\n<td width=\"173\">RAPP. LOMBARDIA<\/td>\n<td width=\"61\">13:00<\/td>\n<\/tr>\n<tr>\n<td width=\"173\">RAPP. VENETO<\/td>\n<td width=\"173\">RAPP. PIEMONTE<\/td>\n<td width=\"61\">14:15<\/td>\n<\/tr>\n<tr>\n<td width=\"173\">RAPP. ALTO ADIGE<\/td>\n<td width=\"173\">RAPP. LOMBARDIA<\/td>\n<td width=\"61\">16:00<\/td>\n<\/tr>\n<tr>\n<td width=\"173\">RAPP. VENETO<\/td>\n<td width=\"173\">RAPP. TRENTINO<\/td>\n<td width=\"61\">17:15<\/td>\n<\/tr>\n<tr>\n<td width=\"173\"><\/td>\n<td width=\"173\"><\/td>\n<td width=\"61\"><\/td>\n<\/tr>\n<tr>\n<td width=\"173\"><strong>DOMANI\u00a0<\/strong><\/td>\n<td width=\"173\"><\/td>\n<td width=\"61\"><\/td>\n<\/tr>\n<tr>\n<td width=\"173\">RAPP. LOMBARDIA<\/td>\n<td width=\"173\">RAPP. PIEMONTE<\/td>\n<td width=\"61\">8:00<\/td>\n<\/tr>\n<tr>\n<td width=\"173\">RAPP. VENETO<\/td>\n<td width=\"173\">RAPP. ALTO ADIGE<\/td>\n<td width=\"61\">9:15<\/td>\n<\/tr>\n<tr>\n<td width=\"173\">RAPP. TRENTINO<\/td>\n<td width=\"173\">RAPP. PIEMONTE<\/td>\n<td width=\"61\">10:30<\/td>\n<\/tr>\n<\/tbody>\n<\/table>\n<p>&nbsp;<\/p>\n<p><strong>le quadre che si classificheranno al primo e secondo posto, si sfideranno alle\u00a0 12.00 domenica <\/strong><strong>per l\u2019assegnazione del ambito Trofeo \u201cGiancarlo Termanini\u201d.<\/strong><\/p>\n<p>&nbsp;<\/p>\n<p>&nbsp;<\/p>\n<p>&nbsp;<\/p>\n<h2>A SAN TOMASO SI RICORDA MANUEL COSTA E SEBASTIANO VATTAI<\/h2>\n<p><a class=\"dt-pswp-item\" href=\"http:\/\/www.radiopiu.net\/wordpress\/wp-content\/uploads\/2019\/09\/MANIFESTO-TORNEO-MANULE-SAN-TOMASO.jpg\" data-dt-img-description=\"\" data-large_image_width=\"1465\" data-large_image_height=\"2048\"><img loading=\"lazy\" decoding=\"async\" class=\"size-medium wp-image-99824 alignleft\" src=\"http:\/\/www.radiopiu.net\/wordpress\/wp-content\/uploads\/2019\/09\/MANIFESTO-TORNEO-MANULE-SAN-TOMASO-215x300.jpg\" alt=\"\" width=\"215\" height=\"300\" srcset=\"https:\/\/www.radiopiu.net\/wordpress\/wp-content\/uploads\/2019\/09\/MANIFESTO-TORNEO-MANULE-SAN-TOMASO-215x300.jpg 215w, https:\/\/www.radiopiu.net\/wordpress\/wp-content\/uploads\/2019\/09\/MANIFESTO-TORNEO-MANULE-SAN-TOMASO-768x1074.jpg 768w, https:\/\/www.radiopiu.net\/wordpress\/wp-content\/uploads\/2019\/09\/MANIFESTO-TORNEO-MANULE-SAN-TOMASO-733x1024.jpg 733w, https:\/\/www.radiopiu.net\/wordpress\/wp-content\/uploads\/2019\/09\/MANIFESTO-TORNEO-MANULE-SAN-TOMASO.jpg 1465w\" sizes=\"auto, (max-width: 215px) 100vw, 215px\" \/><\/a>Ritorna l&#8217;appuntamento annuale con il calcio a 5 a San Tomaso Agordino. Per la terza volta consecutiva viene giocato all&#8217;Arena1082 il torneo organizzato dalle Nuove Leve MC e gli amici di Manuel Costa. Oggi e domani\u00a0 \u00e8 in programma \u201cIn campo sulle ali di un angelo\u201d, il torneo di calcetto maschile e femminile arrivato alla terza. In ambito maschile il Memorial \u00e8 dedicato a Manuel Costa ed inizier\u00e0 questa sera con le prime partite di qualificazione. 8 le squadre iscritte al torneo che si sfideranno per aggiudicarsi la fase finale in programma domenica pomeriggio con la finalissima prevista alle ore 18. In ambito femminile si giocher\u00e0 il Memorial Sebastiano Vattai con 3 squadre iscritte che nella mattinata di domenica si scontreranno a vicenda. Le due migliori si sfideranno nella finalissima delle ore 17.<\/p>\n<p>&nbsp;<\/p>\n<h2><\/h2>\n<p>&nbsp;<\/p>\n<p>&nbsp;<\/p>\n<p>&nbsp;<\/p>\n<p>&nbsp;<\/p>\n<p>&nbsp;<\/p>\n<p>&nbsp;<\/p>\n<p>&nbsp;<\/p>\n<h3>AL VIA IL 5 OTTOBRE LA DOLOMITI RESCUE RACE 2019<\/h3>\n<p><strong><a class=\"dt-pswp-item\" href=\"http:\/\/www.radiopiu.net\/wordpress\/wp-content\/uploads\/2018\/08\/soccorsoalpino.jpg\" data-dt-img-description=\"\" data-large_image_width=\"1200\" data-large_image_height=\"1200\"><img loading=\"lazy\" decoding=\"async\" class=\" wp-image-59164 alignleft\" src=\"http:\/\/www.radiopiu.net\/wordpress\/wp-content\/uploads\/2018\/08\/soccorsoalpino-300x300.jpg\" alt=\"\" width=\"191\" height=\"191\" srcset=\"https:\/\/www.radiopiu.net\/wordpress\/wp-content\/uploads\/2018\/08\/soccorsoalpino-300x300.jpg 300w, https:\/\/www.radiopiu.net\/wordpress\/wp-content\/uploads\/2018\/08\/soccorsoalpino-150x150.jpg 150w, https:\/\/www.radiopiu.net\/wordpress\/wp-content\/uploads\/2018\/08\/soccorsoalpino-768x768.jpg 768w, https:\/\/www.radiopiu.net\/wordpress\/wp-content\/uploads\/2018\/08\/soccorsoalpino-1024x1024.jpg 1024w, https:\/\/www.radiopiu.net\/wordpress\/wp-content\/uploads\/2018\/08\/soccorsoalpino.jpg 1200w\" sizes=\"auto, (max-width: 191px) 100vw, 191px\" \/><\/a>PIEVE DI CADORE\u00a0<\/strong> Sono attese 60 squadre alla nona edizione della Dolomiti Rescue Race, la gara internazionale riservata ai componenti del Soccorso alpino e speleologico in Italia &#8211; Corpo nazionale soccorso alpino e speleologico e altri enti &#8211; e dei mountain rescue team europei, che si svolger\u00e0 sabato 5 ottobre a Pieve di Cadore, con prove tecniche e di resistenza. All&#8217;evento, nato con lo scopo di incontrarsi, confrontarsi e stringere nuove amicizie in un contesto diverso da quello operativo e di intervento, parteciperanno quest&#8217;anno, oltre a squadre provenienti da tutte le regioni italiane, anche soccorritori di Polonia, Scozia, Romania, Slovenia, Croazia, Repubblica Ceca, Slovacchia e Serbia.<br \/>\nLa Dolomiti Rescue Race \u00e8 una competizione tecnica per squadre di quattro elementi ognuna, equipaggiati con materiale specifico. La partenza della gara, alle 8.30, avviene a Praciadelan di Calalzo di Cadore (BL), gli atleti salgono ai Piani del Monte Antelao e a Forcella Piria, per proseguire in cresta, calarsi poi con le corde doppie, raggiungere la vallata, attrezzare la barella e con questa arrivare al traguardo in Piazza Tiziano a Pieve di Cadore (BL), dove i primi arrivi sono attesi attorno alle 10.30. Il dislivello in salita \u00e8 di 1.250 metri, in discesa di 1.440 metri per 15 chilometri di sviluppo. L&#8217;edizione dello scorso anno \u00e8 stata vinta dalla Slovenia.<\/p>\n<p>&nbsp;<\/p>\n<p>&nbsp;<\/p>\n<p>&nbsp;<\/p>\n<p><a class=\"dt-pswp-item\" href=\"http:\/\/www.radiopiu.net\/wordpress\/wp-content\/uploads\/2018\/09\/WhatsApp-Image-2018-09-20-at-16.04.06.jpeg\" data-dt-img-description=\"\" data-large_image_width=\"800\" data-large_image_height=\"100\"><img loading=\"lazy\" decoding=\"async\" class=\"aligncenter wp-image-61378 size-full\" src=\"http:\/\/www.radiopiu.net\/wordpress\/wp-content\/uploads\/2018\/09\/WhatsApp-Image-2018-09-20-at-16.04.06.jpeg\" alt=\"\" width=\"800\" height=\"100\" srcset=\"https:\/\/www.radiopiu.net\/wordpress\/wp-content\/uploads\/2018\/09\/WhatsApp-Image-2018-09-20-at-16.04.06.jpeg 800w, https:\/\/www.radiopiu.net\/wordpress\/wp-content\/uploads\/2018\/09\/WhatsApp-Image-2018-09-20-at-16.04.06-300x38.jpeg 300w, https:\/\/www.radiopiu.net\/wordpress\/wp-content\/uploads\/2018\/09\/WhatsApp-Image-2018-09-20-at-16.04.06-768x96.jpeg 768w\" sizes=\"auto, (max-width: 800px) 100vw, 800px\" \/><\/a><\/p>\n<p>&nbsp;<\/p>\n<p><center><b>Lunedi 30<\/b><\/center>Tempo maggiormente soleggiato rispetto ai giorni precedenti, con le nubi basse mattutine, ancora inizialmente diffuse, specie sulle Prealpi, che tenderanno a diradarsi lasciando spazio a schiarite anche ampie, soprattutto sulle Dolomiti, in un contesto di tempo complessivamente variabile. Ulteriore lieve rialzo termico diurno con valori superiori alle medie del periodo.<\/p>\n<hr \/>\n<p><center><b>Martedi 1<\/b><\/center>Tempo inizialmente abbastanza soleggiato, ma con tendenza ad aumento della copertura nuvolosa al pomeriggio\/sera, quando saranno possibili le prime deboli precipitazioni a partire dai settori occidentali. Lieve calo termico, con minime alla sera in quota. Venti in intensificazione dai quadranti sud-occidentali. Previsore: G.M.<\/p>\n","protected":false},"excerpt":{"rendered":"<p>&nbsp; &nbsp; &nbsp; RITROVATA MIRELLA VIEL STA BENE &nbsp; MIRELLA VIEL E&#8217; STATA RITROVATA ieri sera a Cavarzano da Vigili del Fuoco e Polizia. Rientrato il piano di emergenza provinciale &nbsp; ESCE PER UNA PASSEGGIATA, RITROVATA DOPO ORE SUL GRETO DEL TORRENTE IN IPOTERMIA SAN GREGORIO. Era scomparsa l&#8217;altro ieri, uscita di casa per una&hellip;<\/p>\n","protected":false},"author":1,"featured_media":0,"comment_status":"closed","ping_status":"closed","sticky":false,"template":"","format":"standard","meta":{"_monsterinsights_skip_tracking":false,"_monsterinsights_sitenote_active":false,"_monsterinsights_sitenote_note":"","_monsterinsights_sitenote_category":0,"footnotes":""},"categories":[86],"tags":[],"class_list":["post-100234","post","type-post","status-publish","format-standard","hentry","category-gr","category-86","description-off"],"img_url":false,"_links":{"self":[{"href":"https:\/\/www.radiopiu.net\/wordpress\/wp-json\/wp\/v2\/posts\/100234","targetHints":{"allow":["GET"]}}],"collection":[{"href":"https:\/\/www.radiopiu.net\/wordpress\/wp-json\/wp\/v2\/posts"}],"about":[{"href":"https:\/\/www.radiopiu.net\/wordpress\/wp-json\/wp\/v2\/types\/post"}],"author":[{"embeddable":true,"href":"https:\/\/www.radiopiu.net\/wordpress\/wp-json\/wp\/v2\/users\/1"}],"replies":[{"embeddable":true,"href":"https:\/\/www.radiopiu.net\/wordpress\/wp-json\/wp\/v2\/comments?post=100234"}],"version-history":[{"count":0,"href":"https:\/\/www.radiopiu.net\/wordpress\/wp-json\/wp\/v2\/posts\/100234\/revisions"}],"wp:attachment":[{"href":"https:\/\/www.radiopiu.net\/wordpress\/wp-json\/wp\/v2\/media?parent=100234"}],"wp:term":[{"taxonomy":"category","embeddable":true,"href":"https:\/\/www.radiopiu.net\/wordpress\/wp-json\/wp\/v2\/categories?post=100234"},{"taxonomy":"post_tag","embeddable":true,"href":"https:\/\/www.radiopiu.net\/wordpress\/wp-json\/wp\/v2\/tags?post=100234"}],"curies":[{"name":"wp","href":"https:\/\/api.w.org\/{rel}","templated":true}]}}