{"id":100240,"date":"2019-09-27T23:59:42","date_gmt":"2019-09-27T21:59:42","guid":{"rendered":"http:\/\/www.radiopiu.net\/wordpress\/?p=100240"},"modified":"2019-09-28T05:53:24","modified_gmt":"2019-09-28T03:53:24","slug":"la-nuova-rotonda-ad-agordo-il-comune-e-veneto-strade-a-costo-zero","status":"publish","type":"post","link":"https:\/\/www.radiopiu.net\/wordpress\/la-nuova-rotonda-ad-agordo-il-comune-e-veneto-strade-a-costo-zero\/","title":{"rendered":"LA NUOVA ROTONDA AD AGORDO, IL COMUNE E VENETO STRADE A COSTO ZERO."},"content":{"rendered":"<h3>LA NUOVA ROTONDA AD AGORDO, PER IL COMUNE E VENETO STRADE A COSTO ZERO.<\/h3>\n<blockquote><p><strong><a class=\"dt-pswp-item\" href=\"http:\/\/www.radiopiu.net\/wordpress\/wp-content\/uploads\/2019\/09\/907f227c-c485-462f-ad84-eb3ae1d0cbc1.jpg\" data-dt-img-description=\"\" data-large_image_width=\"1600\" data-large_image_height=\"900\"><img loading=\"lazy\" decoding=\"async\" class=\" wp-image-100239 alignleft\" src=\"http:\/\/www.radiopiu.net\/wordpress\/wp-content\/uploads\/2019\/09\/907f227c-c485-462f-ad84-eb3ae1d0cbc1-300x169.jpg\" alt=\"\" width=\"213\" height=\"120\" srcset=\"https:\/\/www.radiopiu.net\/wordpress\/wp-content\/uploads\/2019\/09\/907f227c-c485-462f-ad84-eb3ae1d0cbc1-300x169.jpg 300w, https:\/\/www.radiopiu.net\/wordpress\/wp-content\/uploads\/2019\/09\/907f227c-c485-462f-ad84-eb3ae1d0cbc1-768x432.jpg 768w, https:\/\/www.radiopiu.net\/wordpress\/wp-content\/uploads\/2019\/09\/907f227c-c485-462f-ad84-eb3ae1d0cbc1-1024x576.jpg 1024w, https:\/\/www.radiopiu.net\/wordpress\/wp-content\/uploads\/2019\/09\/907f227c-c485-462f-ad84-eb3ae1d0cbc1.jpg 1600w\" sizes=\"auto, (max-width: 213px) 100vw, 213px\" \/><\/a>AGORDO<\/strong> <em>Una persona che ama Agordo regala la rotonda di Pragrande&#8230;i 12 mila euro non saranno a carico dell&#8217;amministrazione. Nostra Intervista all&#8217; assessore Cristina Bien\u200b<\/em><\/p><\/blockquote>\n<p><strong>DIRETTA FACEBOOK E RADIO PIU&#8217; FM, 27 SETTEMBRE 2019, EDIZIONE 14.45\u00a0<\/strong><\/p>\n<blockquote><p><em>&#8220;Benissimo il ricordo di Giorgio da parte di Cristina Bien per i fiori della rotonda. Mi preme per\u00f2 ricordare anche la grande battaglia di Giorgio (e anche mia) per togliere quei cartelli (mostra del libro,) che deturpavano il nostro bellissimo Palazzo de Manzoni. Quante lettere abbiamo scritto all&#8217;ex sindaco e alla radio locale perch\u00e9 qualcosa si muovesse.\u00a0 Niente. Quale regalo pi\u00f9 bello sarebbe un vostro intervento in questo senso&#8221;.<\/em><\/p><\/blockquote>\n<p><strong>ARCHIVIO RADIO PIU&#8217;, NOTIZIARIO DEL 10 LUGLIO 2019\u00a0<\/strong><\/p>\n<p><strong><img loading=\"lazy\" decoding=\"async\" class=\" wp-image-53530 alignleft\" src=\"http:\/\/www.radiopiu.net\/wordpress\/wp-content\/uploads\/2018\/07\/2014-300x207.jpg\" alt=\"\" width=\"250\" height=\"172\" srcset=\"https:\/\/www.radiopiu.net\/wordpress\/wp-content\/uploads\/2018\/07\/2014-300x207.jpg 300w, https:\/\/www.radiopiu.net\/wordpress\/wp-content\/uploads\/2018\/07\/2014-768x529.jpg 768w, https:\/\/www.radiopiu.net\/wordpress\/wp-content\/uploads\/2018\/07\/2014-1024x705.jpg 1024w\" sizes=\"auto, (max-width: 250px) 100vw, 250px\" \/>AGORDO<\/strong> Era il 2015 quando un cittadino, gi\u00e0 consigliere comunale ad Agordo, Giorgio Favero, scriveva una lettera chiara al sindaco\u00a0 cercando di sensibilizzarlo circa il decoro della bella piazza Libert\u00e0 dove si notava gi\u00e0 allora una stonatura, ovvero l&#8217;invasiva pubblicit\u00e0 della &#8220;mostra del libro&#8221; esposta attorno all&#8217;ala Est del Palazzo, peraltro presente per tutta l&#8217;estate. <em>&#8220;Niente da recriminare alla ditta che svolge il suo lavoro &#8211; scriveva al sindaco il cittadino &#8211; ma si suggerisce di intervenire migliorando l&#8217;impatto visito di tale fatto, <img loading=\"lazy\" decoding=\"async\" class=\"size-medium wp-image-53529 alignright\" src=\"http:\/\/www.radiopiu.net\/wordpress\/wp-content\/uploads\/2018\/07\/2018-300x211.jpg\" alt=\"\" width=\"300\" height=\"211\" srcset=\"https:\/\/www.radiopiu.net\/wordpress\/wp-content\/uploads\/2018\/07\/2018-300x211.jpg 300w, https:\/\/www.radiopiu.net\/wordpress\/wp-content\/uploads\/2018\/07\/2018-768x539.jpg 768w, https:\/\/www.radiopiu.net\/wordpress\/wp-content\/uploads\/2018\/07\/2018-1024x719.jpg 1024w\" sizes=\"auto, (max-width: 300px) 100vw, 300px\" \/>esteticamente deplorevole&#8221;. <\/em>Alla lettera datata 21 agosto 2015 il sindaco rispondeva il 10 settembre dello stesso anno.<br \/>\n<em>&#8220;Comunico che la sua lettera \u00e8 stata portata a conoscenza della propiet\u00e0 di Palazzo De Manzoni (privata ndr.), con la speranza venga recepito il suggerimento e quindi dal prossimo anno (2016&#8230;) ci sia una pubblicit\u00e0 meno &#8220;invasiva&#8221; e grazie per lo spirito collaborativo&#8221;. <\/em>Tre anni dopo la situazione non \u00e8 cambiata, come nel 2015 e negli ultimi tre anni Palazzo De Manzoni \u00e8 sempre la locandina della mostra del libro. (Nelle foto com&#8217;era Palazzo de Manzoni nel 2014 con i fiori alle finestre e come si presentava nelle estati successive)<\/p>\n<p>&nbsp;<\/p>\n<p>&nbsp;<\/p>\n<div id=\"fb-root\"><\/div>\n<p><script async=\"1\" defer=\"1\" crossorigin=\"anonymous\" src=\"https:\/\/connect.facebook.net\/it_IT\/sdk.js#xfbml=1&amp;version=v6.0\"><\/script><\/p>\n<div class=\"fb-video\" data-href=\"https:\/\/www.facebook.com\/mirko.mezzacasa\/videos\/10220863802051681\/\" data-width=\"1200\">\n<blockquote cite=\"https:\/\/www.facebook.com\/mirko.mezzacasa\/videos\/10220863802051681\/\" class=\"fb-xfbml-parse-ignore\"><p><a href=\"https:\/\/www.facebook.com\/mirko.mezzacasa\/videos\/10220863802051681\/\"><\/a><\/p>\n<p>Una persona che ama Agordo regala la rotonda di Pragrande&#8230;i 12 mila euro non saranno a carico dell&#039;amministrazione. Nostra Intervista all&#039; assessore Cristina Biene un fiore con dedica per GIORGIO FAVERO https:\/\/www.facebook.com\/mirko.mezzacasa\/videos\/10220863802051681\/<\/p>\n<p>Pubblicato da <a href=\"https:\/\/www.facebook.com\/mirko.mezzacasa\">Mirko Mezzacasa<\/a> su Venerd\u00ec 27 settembre 2019<\/p><\/blockquote>\n<\/div>\n<p>&nbsp;<\/p>\n","protected":false},"excerpt":{"rendered":"<p>LA NUOVA ROTONDA AD AGORDO, PER IL COMUNE E VENETO STRADE A COSTO ZERO. AGORDO Una persona che ama Agordo regala la rotonda di Pragrande&#8230;i 12 mila euro non saranno a carico dell&#8217;amministrazione. Nostra Intervista all&#8217; assessore Cristina Bien\u200b DIRETTA FACEBOOK E RADIO PIU&#8217; FM, 27 SETTEMBRE 2019, EDIZIONE 14.45\u00a0 &#8220;Benissimo il ricordo di Giorgio&hellip;<\/p>\n","protected":false},"author":1,"featured_media":100239,"comment_status":"closed","ping_status":"closed","sticky":false,"template":"","format":"standard","meta":{"_monsterinsights_skip_tracking":false,"_monsterinsights_sitenote_active":false,"_monsterinsights_sitenote_note":"","_monsterinsights_sitenote_category":0,"footnotes":""},"categories":[104,49],"tags":[],"class_list":["post-100240","post","type-post","status-publish","format-standard","has-post-thumbnail","hentry","category-evidenza_3","category-news-18","category-104","category-49","description-off"],"img_url":"https:\/\/www.radiopiu.net\/wordpress\/wp-content\/uploads\/2019\/09\/907f227c-c485-462f-ad84-eb3ae1d0cbc1.jpg","_links":{"self":[{"href":"https:\/\/www.radiopiu.net\/wordpress\/wp-json\/wp\/v2\/posts\/100240","targetHints":{"allow":["GET"]}}],"collection":[{"href":"https:\/\/www.radiopiu.net\/wordpress\/wp-json\/wp\/v2\/posts"}],"about":[{"href":"https:\/\/www.radiopiu.net\/wordpress\/wp-json\/wp\/v2\/types\/post"}],"author":[{"embeddable":true,"href":"https:\/\/www.radiopiu.net\/wordpress\/wp-json\/wp\/v2\/users\/1"}],"replies":[{"embeddable":true,"href":"https:\/\/www.radiopiu.net\/wordpress\/wp-json\/wp\/v2\/comments?post=100240"}],"version-history":[{"count":0,"href":"https:\/\/www.radiopiu.net\/wordpress\/wp-json\/wp\/v2\/posts\/100240\/revisions"}],"wp:featuredmedia":[{"embeddable":true,"href":"https:\/\/www.radiopiu.net\/wordpress\/wp-json\/wp\/v2\/media\/100239"}],"wp:attachment":[{"href":"https:\/\/www.radiopiu.net\/wordpress\/wp-json\/wp\/v2\/media?parent=100240"}],"wp:term":[{"taxonomy":"category","embeddable":true,"href":"https:\/\/www.radiopiu.net\/wordpress\/wp-json\/wp\/v2\/categories?post=100240"},{"taxonomy":"post_tag","embeddable":true,"href":"https:\/\/www.radiopiu.net\/wordpress\/wp-json\/wp\/v2\/tags?post=100240"}],"curies":[{"name":"wp","href":"https:\/\/api.w.org\/{rel}","templated":true}]}}