{"id":100296,"date":"2019-09-28T05:39:59","date_gmt":"2019-09-28T03:39:59","guid":{"rendered":"http:\/\/www.radiopiu.net\/wordpress\/?p=100296"},"modified":"2019-09-30T16:24:33","modified_gmt":"2019-09-30T14:24:33","slug":"essilorluxottica-apre-la-partecipazione-azionaria-ai-dipendenti-2-al-prezzo-di-una","status":"publish","type":"post","link":"https:\/\/www.radiopiu.net\/wordpress\/essilorluxottica-apre-la-partecipazione-azionaria-ai-dipendenti-2-al-prezzo-di-una\/","title":{"rendered":"ESSILORLUXOTTICA APRE LA PARTECIPAZIONE AZIONARIA AI DIPENDENTI: 2 AL PREZZO DI UNA."},"content":{"rendered":"<blockquote><p>&nbsp;<\/p><\/blockquote>\n<p><strong>AGORDO<\/strong> Boost 2019 \u00e8 la nuova iniziativa\u00a0 di Luxottica a favore dei dipendenti che potranno acquistare le azioni del gruppo, un progetto previsto dal contratto integrativo di fine giugno. Nelle assemblee sindacali dal 7 all&#8217;11 ottobre sar\u00e0 presentata l&#8217;iniziativa, da novembre via all&#8217;acquisto delle azioni per un massimo di 4 all&#8217;anno. Luxottica per ogni azione acquistata dar\u00e0 un contributo integrativo, pari al doppio della azioni acquistate. Come dire che il valore dell&#8217;investimento sar\u00e0 raddoppiato per effetto del contributo integrativo<br \/>\nCinque le opzioni d&#8217;investimento corrispondendo un importo pari al valore di mezza, una, due, tre, quattro azioni comunque non superiore al 25% della retribuzione annuale 2019.<\/p>\n<h3>IL COMUNICATO DELL&#8217;AZIENDA<\/h3>\n<p><strong><a class=\"dt-pswp-item\" href=\"http:\/\/www.radiopiu.net\/wordpress\/wp-content\/uploads\/2019\/09\/WhatsApp-Image-2019-09-27-at-15.16.51.jpeg\" data-dt-img-description=\"\" data-large_image_width=\"548\" data-large_image_height=\"1024\"><img loading=\"lazy\" decoding=\"async\" class=\" wp-image-100236 alignleft\" src=\"http:\/\/www.radiopiu.net\/wordpress\/wp-content\/uploads\/2019\/09\/WhatsApp-Image-2019-09-27-at-15.16.51-161x300.jpeg\" alt=\"\" width=\"131\" height=\"254\" \/><\/a>AGORDO<\/strong> EssilorLuxottica \u00e8 convinta che le persone siano il vero motore del successo.\u00a0 Per questo, la partecipazione azionaria dei dipendenti \u00e8 al centro della cultura aziendale e alla base del\u00a0 modello di governance. Come dire che \u00e8 un modo per\u00a0 allineare ulteriormente gli interessi dei dipendenti a quelli del Gruppo. Questa nuova operazione del gruppo consente ai dipendenti di contribuire al processo decisionale grazie a un dialogo costante con il team dirigenziale e attraverso una rappresentanza espressa nel Consiglio di Amministrazione di EssilorLuxottica. Gi\u00e0 oggi uno dei nostri principi fondanti, la partecipazione azionaria dei dipendenti continuer\u00e0 ad essere una caratteristica fondamentale di EssilorLuxottica e sar\u00e0 progressivamente estesa in futuro nell\u2019ambito del nuovo Gruppo. Il primo passo in questa direzione \u00e8 la campagna Boost 2019 che \u00e8 l&#8217;invito ad acquistare una quota dell&#8217;azienda per beneficere dei successi futuri di EssilorLuxottica e rafforzare il contributo al valore creato dal Gruppo. EssilorLuxottica si augura che i dipendenti sappiano cogliere questa opportunit\u00e0 per essere ancor pi\u00f9 coinvolti nella mission, nella crescita e nei successi finanziari.<\/p>\n<p>&nbsp;<\/p>\n<p>&nbsp;<\/p>\n<p>&nbsp;<\/p>\n<h3>IL MESSAGGIO DEL PRESIDENTE LEONARDO DEL VECCHIO<\/h3>\n<blockquote><p><em><a class=\"dt-pswp-item\" href=\"http:\/\/www.radiopiu.net\/wordpress\/wp-content\/uploads\/2019\/09\/8facd1ab-ce8f-406d-96cb-c15d42427f98.jpg\" data-dt-img-description=\"\" data-large_image_width=\"1024\" data-large_image_height=\"473\"><img loading=\"lazy\" decoding=\"async\" class=\" wp-image-100238 alignleft\" src=\"http:\/\/www.radiopiu.net\/wordpress\/wp-content\/uploads\/2019\/09\/8facd1ab-ce8f-406d-96cb-c15d42427f98-300x139.jpg\" alt=\"\" width=\"227\" height=\"105\" srcset=\"https:\/\/www.radiopiu.net\/wordpress\/wp-content\/uploads\/2019\/09\/8facd1ab-ce8f-406d-96cb-c15d42427f98-300x139.jpg 300w, https:\/\/www.radiopiu.net\/wordpress\/wp-content\/uploads\/2019\/09\/8facd1ab-ce8f-406d-96cb-c15d42427f98-768x355.jpg 768w, https:\/\/www.radiopiu.net\/wordpress\/wp-content\/uploads\/2019\/09\/8facd1ab-ce8f-406d-96cb-c15d42427f98.jpg 1024w\" sizes=\"auto, (max-width: 227px) 100vw, 227px\" \/><\/a>&#8220;&#8230;per la prima volta nella storia di Luxottica avvieremo un piano di azionariato diffuso per tutti i dipendenti delle societ\u00e0 italiane impegnati nelle fabbriche, negli uffici e nei nostri negozi. A partire da novembre avrete la possibilit\u00e0 di diventare azionisti di Essilor&#8221; Luxottica acquistando azioni della nostra societ\u00e0 a condizioni agevolate. <\/em>Il presidente ricorda al suo &#8220;esercito&#8221; che \u00e8 la strada gi\u00e0 seguita da quasi 50 mila dipendenti Essilor al mondo. Evidenti i vantaggi economici, soprattutto il simbolo della partecipazione con le maestranze Luxottica che diventano parte di un grande disegno industriale &#8220;<em>Farete parte anche voi della nostra missione di aiutare le persone nel mondo a vedere meglio e vivere meglio &#8211; dice Leonardo Del Vecchio &#8211; condivideremo assieme l&#8217;orgoglio di essere soci e di beneficiare sempre di pi\u00f9 dei risultati del nostro lavoro&#8221;.<\/em><\/p>\n<p>&nbsp;<\/p><\/blockquote>\n<p><strong>PAOLO CHISSALE&#8217;, CISL RSU AGORDO.<em> &#8220;Una fuga in avanti che si poteva evitare, gli accordi non erano questi, ci era stata promessa la formazione che non c&#8217;e&#8217; stata&#8221;<\/em><\/strong><\/p>\n<audio class=\"wp-audio-shortcode\" id=\"audio-100296-1\" preload=\"none\" style=\"width: 100%;\" controls=\"controls\"><source type=\"audio\/mpeg\" src=\"http:\/\/www.radiopiu.net\/wordpress\/wp-content\/uploads\/2019\/09\/PAOLO-CHISSALE.mp3?_=1\" \/><a href=\"http:\/\/www.radiopiu.net\/wordpress\/wp-content\/uploads\/2019\/09\/PAOLO-CHISSALE.mp3\">http:\/\/www.radiopiu.net\/wordpress\/wp-content\/uploads\/2019\/09\/PAOLO-CHISSALE.mp3<\/a><\/audio>\n<p>&nbsp;<\/p>\n<p><strong>LUIGI DELL&#8217;ATTI, CGIL RSU AGORDO. <em>&#8220;Si concretizzano gli accordi sindacati -azienda previsti dal contratto&#8221;<\/em><\/strong><\/p>\n<audio class=\"wp-audio-shortcode\" id=\"audio-100296-2\" preload=\"none\" style=\"width: 100%;\" controls=\"controls\"><source type=\"audio\/mpeg\" src=\"http:\/\/www.radiopiu.net\/wordpress\/wp-content\/uploads\/2019\/09\/DELLATTI.mp3?_=2\" \/><a href=\"http:\/\/www.radiopiu.net\/wordpress\/wp-content\/uploads\/2019\/09\/DELLATTI.mp3\">http:\/\/www.radiopiu.net\/wordpress\/wp-content\/uploads\/2019\/09\/DELLATTI.mp3<\/a><\/audio>\n<p>&nbsp;<\/p>\n","protected":false},"excerpt":{"rendered":"<p>&nbsp; AGORDO Boost 2019 \u00e8 la nuova iniziativa\u00a0 di Luxottica a favore dei dipendenti che potranno acquistare le azioni del gruppo, un progetto previsto dal contratto integrativo di fine giugno. Nelle assemblee sindacali dal 7 all&#8217;11 ottobre sar\u00e0 presentata l&#8217;iniziativa, da novembre via all&#8217;acquisto delle azioni per un massimo di 4 all&#8217;anno. Luxottica per ogni&hellip;<\/p>\n","protected":false},"author":1,"featured_media":100238,"comment_status":"closed","ping_status":"closed","sticky":false,"template":"","format":"standard","meta":{"_monsterinsights_skip_tracking":false,"_monsterinsights_sitenote_active":false,"_monsterinsights_sitenote_note":"","_monsterinsights_sitenote_category":0,"footnotes":""},"categories":[103,49],"tags":[],"class_list":["post-100296","post","type-post","status-publish","format-standard","has-post-thumbnail","hentry","category-evidenza_2","category-news-18","category-103","category-49","description-off"],"img_url":"https:\/\/www.radiopiu.net\/wordpress\/wp-content\/uploads\/2019\/09\/8facd1ab-ce8f-406d-96cb-c15d42427f98.jpg","_links":{"self":[{"href":"https:\/\/www.radiopiu.net\/wordpress\/wp-json\/wp\/v2\/posts\/100296","targetHints":{"allow":["GET"]}}],"collection":[{"href":"https:\/\/www.radiopiu.net\/wordpress\/wp-json\/wp\/v2\/posts"}],"about":[{"href":"https:\/\/www.radiopiu.net\/wordpress\/wp-json\/wp\/v2\/types\/post"}],"author":[{"embeddable":true,"href":"https:\/\/www.radiopiu.net\/wordpress\/wp-json\/wp\/v2\/users\/1"}],"replies":[{"embeddable":true,"href":"https:\/\/www.radiopiu.net\/wordpress\/wp-json\/wp\/v2\/comments?post=100296"}],"version-history":[{"count":0,"href":"https:\/\/www.radiopiu.net\/wordpress\/wp-json\/wp\/v2\/posts\/100296\/revisions"}],"wp:featuredmedia":[{"embeddable":true,"href":"https:\/\/www.radiopiu.net\/wordpress\/wp-json\/wp\/v2\/media\/100238"}],"wp:attachment":[{"href":"https:\/\/www.radiopiu.net\/wordpress\/wp-json\/wp\/v2\/media?parent=100296"}],"wp:term":[{"taxonomy":"category","embeddable":true,"href":"https:\/\/www.radiopiu.net\/wordpress\/wp-json\/wp\/v2\/categories?post=100296"},{"taxonomy":"post_tag","embeddable":true,"href":"https:\/\/www.radiopiu.net\/wordpress\/wp-json\/wp\/v2\/tags?post=100296"}],"curies":[{"name":"wp","href":"https:\/\/api.w.org\/{rel}","templated":true}]}}