{"id":100361,"date":"2019-09-29T10:56:17","date_gmt":"2019-09-29T08:56:17","guid":{"rendered":"http:\/\/www.radiopiu.net\/wordpress\/?p=100361"},"modified":"2019-09-30T14:25:47","modified_gmt":"2019-09-30T12:25:47","slug":"giornale-radio-piu-30-settembre-2019-direttore-mirko-mezzacasa","status":"publish","type":"post","link":"https:\/\/www.radiopiu.net\/wordpress\/giornale-radio-piu-30-settembre-2019-direttore-mirko-mezzacasa\/","title":{"rendered":"GIORNALE RADIO PIU 30 SETTEMBRE 2019 DIRETTORE MIRKO MEZZACASA"},"content":{"rendered":"<p>&nbsp;<\/p>\n<p>&nbsp;<\/p>\n<p>&nbsp;<\/p>\n<h3>MUORE COLTO DA MALORE<\/h3>\n<p><strong>TAMBRE\u00a0<\/strong> Ieri Attorno alle 18.30 il 118 \u00e8 stato allertato da alcune persone che avevano trovato un uomo a terra, R.T. 68 anni di Venezia privo di sensi in localit\u00e0 Valmanera, in Cansiglio. Mentre chi era sul posto iniziava le manovre di rianimazione seguendo le indicazioni della centrale operativa, una squadra del Soccorso alpino dell&#8217;Alpago si portava sul posto assieme all&#8217;elicottero del Suem di Pieve di Cadore. L&#8217;equipe medica e il tecnico di elisoccorso sbarcati nelle vicinanze sono subentrati nelle manovre e hanno tentato a lungo di rianimare l&#8217;uomo, purtroppo invano. Constatato il decesso, la salma ricomposta e imbarellata \u00e8 stata affidata al carro funebre. Sul posto anche i carabinieri forestali. Il turista veneziano era partito da casa per una passeggiata del bosco, era da solo lungo una strada silvo pastorale. Sul posto i Carabinieri della stazione dell&#8217;Alpago che con l&#8217;aiuto del cellulare dell&#8217;uomo hanno potuto rintracciare la famiglia per dare la tremenda notizia.<\/p>\n<p>&nbsp;<\/p>\n<h3>STABILI LE CONDIZIONI DELLA 29ENNE IN IPOTERMIA<\/h3>\n<p><strong>SAN GREGORIO.<\/strong>\u00a0 M.B. 29 anni ritrovata ai bordi del torrente Vajont in grave stato di ipotermia \u00e8 sempre ricoverata in rianimazione al San Martino di Bellluno , la ragazza di Paderno \u00e8 stata ritrovata sabato mattina priva di coscienza,era scomparsa da venerd\u00ec pomeriggio, dopo essere uscita per una passeggiata<\/p>\n<p>&nbsp;<\/p>\n<h3>AUTO INVESTE UN MOTOCICLISTA A MUSSOI<\/h3>\n<p><strong>BELLUNO<\/strong> Ieri sera all&#8217;altezza della Baita una Peougeot 206 in uscita da una stradina ha investito un 19enne L.G. bellunese a bordo della sua moto. Il giovane \u00e8 stato ricoverato in ortopedia a Belluno. Sul posto Polizia Stradale e Vigili del fuoco.<\/p>\n<p>&nbsp;<\/p>\n<p>&nbsp;<\/p>\n<h3>SCIVOLA SUL SENTIERO<\/h3>\n<p><strong>CORTINA<\/strong>\u00a0 Il Soccorso alpino di Cortina e stato allertato per una escursionista scivolata nella zona di Ponte Outo, in prossimit\u00e0 delle Cascate di Fanes. Una squadra del Sagf ha raggiunto l&#8217;infortunata, 34 anni, di Potenza, che aveva riportato una probabile trauma alla caviglia, e la ha trasportata a valle alla sua auto.<\/p>\n<h3><\/h3>\n<p>&nbsp;<\/p>\n<h3>IMPEDITA NEL CAMMINARE DAI DOLORI ALLA SCHIENA CHIAMA IL SUEM<\/h3>\n<p><strong>CORTINA<\/strong> Eliambulanza al Rifugio Vandelli, per recuperare una turista dell&#8217;Ecuador di 29 anni, che aveva manifestato dolori alla schiena che le impedivano di camminare. La ragazza \u00e8 stata accompagnata all&#8217;ospedale di Pieve di Cadore per le cure del caso.<\/p>\n<p>&nbsp;<\/p>\n<p>&nbsp;<\/p>\n<h3>FURTO IN PIENO CENTRO A BELLUNO<\/h3>\n<p>Ieri mattina verso le 10.30 una donna rumena residente a Belluno F.M. classe 89 usciva dal negozio &#8220;OVS&#8221; di piazza dei Martiri senza pagare varia merce che nascondeva dentro al passeggino del figlio per un valore complessivo di circa 150 euro, tre profumi, un paio di occhiali da sole, e alcuni capi di abbigliamento. La refurtiva \u00e8 stata recuperata e restituita al negozio. Indagano per furto i carabinieri di Belluno.<\/p>\n<p>&nbsp;<\/p>\n<p>&nbsp;<\/p>\n<div class=\"im_content_message_wrap im_message_in\">\n<div class=\"im_message_body\">\n<div>\n<h3 dir=\"auto\">OFFENDE L&#8217;AGENTE DI POLIZIA LOCALE SU FACEBOOK: DENUNCIATO.<\/h3>\n<div class=\"im_message_text\" dir=\"auto\"><strong>FALCADE<\/strong> I Carabinieri\u00a0 hanno denunciato in stato di libert\u00e0 un 30enne agordino per diffamazione tramite il social facebook.\u00a0 L&#8217;uomo ha postato epiteti ingiuriosi nei confronti della polizia locale di Falcade per l&#8217;utilizzo dell&#8217;autovelox. Probabilmente c&#8217;\u00e8 ancora chi non ha capito che su fb si pu\u00f2 scrivere quello che si vuole ma sempre nel rispetto delle persone e nella norme della buona educazione.<\/div>\n<\/div>\n<\/div>\n<div dir=\"auto\"><\/div>\n<\/div>\n<div dir=\"auto\"><\/div>\n<h3 dir=\"auto\"><\/h3>\n<p>&nbsp;<\/p>\n<h3 dir=\"auto\">E BASTA CON QUESTO TRENTINO&#8230;l&#8217;OPERA D&#8217;ARTE E&#8217; DI SANDRO SAVIO, A VALLADA.<\/h3>\n<div dir=\"auto\">\n<p>Ci risiamo, dopo le mele adesso le opere d&#8217;arte&#8230;Sulla pagina facebook CURIOSAURO un errore segnalato da parecchi agordini ma che nessuno ha voluto correggere nonostante la foto abbia superato le 5000 condivisioni. &#8220;Sistemazione della legna in una casa del Trentino&#8221;, si legge.\u00a0 E<span dir=\"ltr\"><span class=\"_3l3x _1n4g\">rrore grossolano.\u00a0 L&#8217;opera d&#8217;arte \u00e8 stata realizzata nell&#8217;estate del 2016, nel paese di Vallada Agordina in provincia di Belluno, Non certo in\u00a0 Trentino. Fu ripresa da\u00a0 Francesco Laveder in quell&#8217;estate e pubblicata nel gruppo <a class=\"_3l3r\" href=\"https:\/\/www.facebook.com\/hashtag\/dolomitici?hc_location=ufi\"><span class=\"_3l3v\" aria-label=\"hashtag\">#<\/span><span class=\"_3l3w\">DoloMitici<\/span><\/a>!.<\/span><\/span><\/p>\n<p>&nbsp;<\/p>\n<\/div>\n<div dir=\"auto\"><a class=\"dt-pswp-item\" href=\"http:\/\/www.radiopiu.net\/wordpress\/wp-content\/uploads\/2019\/09\/71115651_3220837434622935_1170555639596843008_n.jpg\" data-dt-img-description=\"\" data-large_image_width=\"649\" data-large_image_height=\"960\"><img loading=\"lazy\" decoding=\"async\" class=\"alignnone size-medium wp-image-100531\" src=\"http:\/\/www.radiopiu.net\/wordpress\/wp-content\/uploads\/2019\/09\/71115651_3220837434622935_1170555639596843008_n-203x300.jpg\" alt=\"\" width=\"203\" height=\"300\" srcset=\"https:\/\/www.radiopiu.net\/wordpress\/wp-content\/uploads\/2019\/09\/71115651_3220837434622935_1170555639596843008_n-203x300.jpg 203w, https:\/\/www.radiopiu.net\/wordpress\/wp-content\/uploads\/2019\/09\/71115651_3220837434622935_1170555639596843008_n.jpg 649w\" sizes=\"auto, (max-width: 203px) 100vw, 203px\" \/><\/a><\/div>\n<div dir=\"auto\"><\/div>\n<div dir=\"auto\"><\/div>\n<div dir=\"auto\"><\/div>\n<div dir=\"auto\"><\/div>\n<div dir=\"auto\"><\/div>\n<div dir=\"auto\">\n<blockquote>\n<h3>RIEMERGONO LE BOMBE, INTERVENGONO I REPARTI SPECIALIZZATI<\/h3>\n<p>&nbsp;<\/p>\n<p><strong><a class=\"dt-pswp-item\" href=\"http:\/\/www.radiopiu.net\/wordpress\/wp-content\/uploads\/2019\/09\/WhatsApp-Image-2019-09-23-at-20.10.05.jpeg\" data-dt-img-description=\"\" data-large_image_width=\"623\" data-large_image_height=\"632\"><img loading=\"lazy\" decoding=\"async\" class=\" wp-image-99716 alignleft\" src=\"http:\/\/www.radiopiu.net\/wordpress\/wp-content\/uploads\/2019\/09\/WhatsApp-Image-2019-09-23-at-20.10.05-296x300.jpeg\" alt=\"\" width=\"175\" height=\"177\" srcset=\"https:\/\/www.radiopiu.net\/wordpress\/wp-content\/uploads\/2019\/09\/WhatsApp-Image-2019-09-23-at-20.10.05-296x300.jpeg 296w, https:\/\/www.radiopiu.net\/wordpress\/wp-content\/uploads\/2019\/09\/WhatsApp-Image-2019-09-23-at-20.10.05.jpeg 623w\" sizes=\"auto, (max-width: 175px) 100vw, 175px\" \/><\/a><\/strong>Da oggi a giovedi zone off limits per gli ecursionisti,\u00a0 il personale\u00a0 dell\u2019esercito,\u00a0 con i Carabinieri\u00a0 far\u00e0 brilllare\u00a0 delle granate della prima guerra mondiale ritrovate\u00a0 in varie localit\u00e0, quindi altre operazioni simili a quelle effettuate sul Monte Sief a Livinallongo. Ecco le aree interessate dove sono gi\u00e0 state emesse le ordinanze di divieto\u00a0 per un raggio di 1500 metri quadrati.Due granate da 24 centimetri\u00a0 rinvenute sul monte Lagazuoi, a\u00a0 2.471 metri, in comune di Cortina d\u2019Ampezzo. A Forcella Mortaio, in Val Travenanzes, a quota 2.300 \u00e8 stata trovata una granata da 149 millimetri ed a\u00a0 Forcella Casale, a 2.500 metri,\u00a0 una granata da 75 millimetri.. A Vallon Popera, a 2.140 metr, in comune di Comelico Superiore, \u00e8 stata trovata una granata da 75 millimetri, altri due ritrovamenti in Comune di Cortina d\u2019Ampezzo;\u00a0 in localit\u00e0 Zuogne, a quota 1.95i\u00a0 (individuate due granate,\u00a0 da 15 e 75 millimetri e in\u00a0 in Val Padeo, a 1.850 metri\u00a0 (4 granate da 75 millimetri) foto BRILLAMENTO DEI GIORNI SCORSI A SIEF<\/p><\/blockquote>\n<\/div>\n<p>&nbsp;<\/p>\n<p>&nbsp;<\/p>\n<p>&nbsp;<\/p>\n<h3>CHIUSA LA PROVINCIALE PER SAN TOMASO<\/h3>\n<p><strong>SAN TOMASO<\/strong> Veneto Strade informa che\u00a0 fino\u00a0 all&#8217;11 ottobre (sabato e festivi inclusi) tra le localit\u00e0 Pian Molin e Roi il traffico sar\u00e0 totalmente interdetto a tutti i veicoli per la posa di una condotta elettrica, l&#8217;interruzione lungo la provinciale 8 al chilometro 6 per un tratto di 340 metri.<\/p>\n<blockquote><p>&nbsp;<\/p>\n<p>ACQUA INQUINATA A SAN TOMASO <strong>LOCALITA&#8217; PECOL E PIAIA\u00a0<\/strong><\/p><\/blockquote>\n<p>&nbsp;<\/p>\n<p>&nbsp;<\/p>\n<p>&nbsp;<\/p>\n<h3>LE ULTIME DICHIARAZIONI DEL SINDACO LEANDRO GRONES, NEL NOTIZIARIO DI SABATO SCATENANO LA MINORANZA.<\/h3>\n<p><strong><a class=\"dt-pswp-item\" href=\"http:\/\/www.radiopiu.net\/wordpress\/wp-content\/uploads\/2019\/05\/LIVINALLONGO-DANIELA-TEMPLARI.jpg\" data-dt-img-description=\"\" data-large_image_width=\"632\" data-large_image_height=\"766\"><img loading=\"lazy\" decoding=\"async\" class=\"wp-image-86469 alignleft\" src=\"http:\/\/www.radiopiu.net\/wordpress\/wp-content\/uploads\/2019\/05\/LIVINALLONGO-DANIELA-TEMPLARI-248x300.jpg\" alt=\"\" width=\"103\" height=\"125\" srcset=\"https:\/\/www.radiopiu.net\/wordpress\/wp-content\/uploads\/2019\/05\/LIVINALLONGO-DANIELA-TEMPLARI-248x300.jpg 248w, https:\/\/www.radiopiu.net\/wordpress\/wp-content\/uploads\/2019\/05\/LIVINALLONGO-DANIELA-TEMPLARI.jpg 632w\" sizes=\"auto, (max-width: 103px) 100vw, 103px\" \/><\/a>LIVINALLONGO<\/strong> Quella linea telefonica con i cavi penzolanti ha aperto un dibattito e non solo sulle pagine social. Nicoletta esprime una sua preoccupazione ma la risposta del sindaco Leandro Grones viene ripresa dal consigliere di minoranza e gi\u00e0 candidato a sindaco Daniela Templari che plaude ai privati attivi nel dopo Vaia e critica l&#8217;amministrazione comunale. <em>&#8220;Fino a quando si rimanda?&#8221;<\/em>\u00a0 La templari parla di immobilit\u00e0 totale\u00a0<em> &#8220;Ci affidiamo alla grazie di Dio pronti ad affrontare l&#8217;inverno&#8221;<\/em><\/p>\n<audio class=\"wp-audio-shortcode\" id=\"audio-100361-1\" preload=\"none\" style=\"width: 100%;\" controls=\"controls\"><source type=\"audio\/mpeg\" src=\"http:\/\/www.radiopiu.net\/wordpress\/wp-content\/uploads\/2019\/09\/templari.mp3?_=1\" \/><a href=\"http:\/\/www.radiopiu.net\/wordpress\/wp-content\/uploads\/2019\/09\/templari.mp3\">http:\/\/www.radiopiu.net\/wordpress\/wp-content\/uploads\/2019\/09\/templari.mp3<\/a><\/audio>\n<p>&nbsp;<\/p>\n<p><strong>La delusione di Nicoletta<\/strong> <em>&#8220;Punto primo, \u00a0non ho segnalato il problema al Comune perch\u00e9 penso che non risolvono nulla visto\u00a0 che sono tre anni che chiedo si intervenga su uno stabile comunale per sistemare una grondaia, figuriamoci se si preoccuperanno per il mio telefono. E&#8217; vero,\u00a0 non sto in un posto isolato per\u00f2 non ho messo in mezzo il Comune,\u00a0 \u00a0ho parlato di Telecom,\u00a0 \u00e8 un anno che chiamo\u00a0 perch\u00e9 intervengano.\u00a0 Dell&#8217;edicola ho fatto l&#8217;esempio che uno che abita nelle frazioni isolate tipo Castello e Larzonei fa prima arrivare a Caprile che andare ad Arabba che fuori stagione osserva orari limitati e per uno che lavora la mattina \u00e8 impossibile acquistare i giornali.\u00a0 Andare in Comune per risolvere i problemi? E&#8217; solo facciata e glielo dir\u00f2 anche in faccia se riesco a trovarlo&#8221;.\u00a0<\/em><\/p>\n<p><strong>&#8220;Non pu\u00f2 succedere&#8221; di Silvia De Dorigo\u00a0<\/strong><\/p>\n<p><em><a class=\"dt-pswp-item\" href=\"http:\/\/www.radiopiu.net\/wordpress\/wp-content\/uploads\/2019\/09\/17903362_796917510483824_1567502815696463399_n.jpg\" data-dt-img-description=\"\" data-large_image_width=\"720\" data-large_image_height=\"720\"><img loading=\"lazy\" decoding=\"async\" class=\"wp-image-100375 alignleft\" src=\"http:\/\/www.radiopiu.net\/wordpress\/wp-content\/uploads\/2019\/09\/17903362_796917510483824_1567502815696463399_n-300x300.jpg\" alt=\"\" width=\"124\" height=\"124\" srcset=\"https:\/\/www.radiopiu.net\/wordpress\/wp-content\/uploads\/2019\/09\/17903362_796917510483824_1567502815696463399_n-300x300.jpg 300w, https:\/\/www.radiopiu.net\/wordpress\/wp-content\/uploads\/2019\/09\/17903362_796917510483824_1567502815696463399_n-150x150.jpg 150w, https:\/\/www.radiopiu.net\/wordpress\/wp-content\/uploads\/2019\/09\/17903362_796917510483824_1567502815696463399_n.jpg 720w\" sizes=\"auto, (max-width: 124px) 100vw, 124px\" \/><\/a>&#8220;Incredibile davvero. Un\u2019arroganza velata quella del sindaco. La linea di confine \u00e8 sottilissima, ma tutto \u00e8 molto chiaro. Di certo un tono poco affine a tale carica. Una carica e un potere conferiti dal popolo e non arrivati per mano del cielo. <span class=\"text_exposed_show\">Una veste istituzionale che non ammette arroganza, mai, in nessuna circostanza. Non ammette svalutazioni di nessun tipo. Il dovere di portare rispetto e ascoltare tutti i cittadini \u00e8 imprescindibile. Ancor pi\u00f9 se donna. Perch\u00e9 ancora oggi questo accade: se una donna rivendica il diritto di esprimere la propria opinione pubblicamente, ritenendo la propria frazione, giustamente, decentrata perch\u00e9 distante 2 km dal centro paese, non va bene. Deve essere sminuita perch\u00e9 \u00e8 donna, perch\u00e9 ha cresciuto due figli da sola, perch\u00e9 ha il coraggio di esporsi. Non deve succedere. Non pu\u00f2 succedere. Quindi mi espongo anche io. \u00c8 un problema grave. Molto presente nelle piccole realt\u00e0 come le nostre. Mi rivolgo a tutte le donne, giovani e meno giovani: studiate, emancipatevi, evolvetevi. Non abbiate paura. Non state zitte. Chi cerca di sminuirvi con l\u2019arroganza non ha altre armi con cui combattervi&#8221;.<\/span><\/em><\/p>\n<p>&nbsp;<\/p>\n<p><strong>DAL GIORNALE RADIO DI SABATO 28 SETTEMBRE L&#8217;INTERVENTO DEL SINDACO LEANDRO GRONES<\/strong><\/p>\n<p>&nbsp;<\/p>\n<audio class=\"wp-audio-shortcode\" id=\"audio-100361-2\" preload=\"none\" style=\"width: 100%;\" controls=\"controls\"><source type=\"audio\/mpeg\" src=\"http:\/\/www.radiopiu.net\/wordpress\/wp-content\/uploads\/2019\/09\/LEANDRO1.mp3?_=2\" \/><a href=\"http:\/\/www.radiopiu.net\/wordpress\/wp-content\/uploads\/2019\/09\/LEANDRO1.mp3\">http:\/\/www.radiopiu.net\/wordpress\/wp-content\/uploads\/2019\/09\/LEANDRO1.mp3<\/a><\/audio>\n<p>&nbsp;<\/p>\n<p><strong>DAL GIORNALE RADIO PIU DI\u00a0 VENERDI 27 SETTEMBRE 2019<\/strong><\/p>\n<p><strong><em><a class=\"dt-pswp-item\" href=\"http:\/\/www.radiopiu.net\/wordpress\/wp-content\/uploads\/2019\/09\/350e6b0e-1708-4dd3-bd3c-a09844b99193.jpg\" data-dt-img-description=\"\" data-large_image_width=\"1600\" data-large_image_height=\"1200\"><img loading=\"lazy\" decoding=\"async\" class=\" wp-image-100122 alignleft\" src=\"http:\/\/www.radiopiu.net\/wordpress\/wp-content\/uploads\/2019\/09\/350e6b0e-1708-4dd3-bd3c-a09844b99193-300x225.jpg\" alt=\"\" width=\"199\" height=\"149\" srcset=\"https:\/\/www.radiopiu.net\/wordpress\/wp-content\/uploads\/2019\/09\/350e6b0e-1708-4dd3-bd3c-a09844b99193-300x225.jpg 300w, https:\/\/www.radiopiu.net\/wordpress\/wp-content\/uploads\/2019\/09\/350e6b0e-1708-4dd3-bd3c-a09844b99193-768x576.jpg 768w, https:\/\/www.radiopiu.net\/wordpress\/wp-content\/uploads\/2019\/09\/350e6b0e-1708-4dd3-bd3c-a09844b99193-1024x768.jpg 1024w, https:\/\/www.radiopiu.net\/wordpress\/wp-content\/uploads\/2019\/09\/350e6b0e-1708-4dd3-bd3c-a09844b99193.jpg 1600w\" sizes=\"auto, (max-width: 199px) 100vw, 199px\" \/><\/a><\/em>LIVINALLONGO<\/strong><em> &#8220;Siamo impauriti per il ricordo di Vaia, di quella notte, di quel vento. Siamo preoccupati per quello che non \u00e8 stato fatto e da allora \u00e8 gi\u00e0 passato un anno. Le compagnie telefoniche ad esempio hanno lasciato i cavi penzolanti con conseguenze gi\u00e0 viste nel corso dell&#8217;estate&#8221;<\/em>. Chi parla \u00e8 Nicoletta, vive in una frazione di Pieve di Livinallongo, decentrata e dove non \u00e8 facile sopportare la quotidianit\u00e0 soprattutto se si rimane senza telefono come gi\u00e0 successo dopo il 29 ottobre di un anno fa <em>&#8220;Qui\u00a0 &#8211; ci fa notare &#8211; ci sono i pali del telefono ancora in equilibrio instabile, anzi non ci sono proprio. I cavi sono appoggiati sui rami degli alberi, sulle foglie che stanno cadendo e non e&#8217; escluso cadano anche i collegamenti. E&#8217; gi\u00e0 successo con il maltempo e abbiamo la paura che si ripeter\u00e0. Abbiamo pi\u00f9 volte chiesto che qualcuno venga a risolvere questo problema, ma non abbiamo visto nessun operaio mettere mano alle linee telefoniche, chiss\u00e0 cosa accadr\u00e0 con l&#8217;arrivo della neve&#8221;. <\/em>A Pieve di Livinallongo c&#8217;\u00e8 poi un altro &#8220;disservizio&#8221;, la mancanza di un punto vendita dei giornali. Con la nuova gestione della cooperativa in centro sono scomparsi tutti i giornali, dai periodici ai quotidiani.<em> &#8220;Per noi delle frazioni \u00e8 un altro punto a sfavore &#8211; ricorda Nicoletta &#8211; siamo lontani da Arabba dove c&#8217;\u00e8 l&#8217;edicola che peraltro in stagione osserva orari ridotti, spesso solo al mattino. Qui capita di leggere il giornale con giorni di ritardo, quando qualcuno scende a valle e si ricorda di portarcelo&#8221;.<\/em><\/p>\n<p>&nbsp;<\/p>\n<p>&nbsp;<\/p>\n<h3>L&#8217;INTERROGAZIONE SUI FONDI DI CONFINE<\/h3>\n<p><strong>LIVINALLONGO<\/strong> Nel consiglio comunale di oggi pomeriggio per il sindaco Leandro Grones anche un&#8217;interrogazione dal titolo &#8220;Uso fondi Comuni Confinanti per il ripristino dei danni di Vaia&#8221;. I consiglieri Daniela Templari, <span style=\"font-family: Times New Roman, serif;\"><span style=\"font-size: medium;\">Silvia De Dorigo Delmonego e <\/span><\/span><span style=\"font-family: Times New Roman, serif;\"><span style=\"font-size: medium;\">Claudio Sorarui\u00a0 fanno <\/span><\/span><span style=\"font-family: Times New Roman, serif;\"><span style=\"font-size: medium;\">riferimento a quanto sostenuto dal sindaco durante il consiglio comunale del 30 luglio,\u00a0 ovvero che il Comitato Paritetico per la Gestione dell\u00b4intesa per il FCC fosse in procinto di cambiare e\/o modificare l\u00b4Art. 4 della Deliberazione n.7 del 4 febbraio 2019 al fine di poter utilizzare i FCC per il ripristino di VAIA. A fronte di questo chiedono:\u00a0 <\/span><\/span><span style=\"font-family: Times New Roman, serif;\"><span style=\"font-size: medium;\">di aggiornare il Consiglio sul prosieguo dei lavori esplicitando se in questi ultimi mesi vi siano state delle modifiche al Regolamento da parte del sopra citato Comitato<\/span><\/span><\/p>\n<p>&nbsp;<\/p>\n<p>&nbsp;<\/p>\n<h2>STRADE COMUNALI DEI BOSCHI RIPRISTINATE, ANNULLATI GLI EFFETTI DI VAIA E NON E&#8217; ANCORA FINITA<\/h2>\n<p><strong><a class=\"dt-pswp-item\" href=\"http:\/\/www.radiopiu.net\/wordpress\/wp-content\/uploads\/2019\/09\/stefano-cesa-1977.jpg\" data-dt-img-description=\"\" data-large_image_width=\"100\" data-large_image_height=\"100\"><img loading=\"lazy\" decoding=\"async\" class=\"size-full wp-image-100552 alignleft\" src=\"http:\/\/www.radiopiu.net\/wordpress\/wp-content\/uploads\/2019\/09\/stefano-cesa-1977.jpg\" alt=\"\" width=\"100\" height=\"100\" \/><\/a>BORGOVALBELLUNA\u00a0<\/strong><\/p>\n<p><strong>di DAMIANO TORMEN<\/strong><\/p>\n<audio class=\"wp-audio-shortcode\" id=\"audio-100361-3\" preload=\"none\" style=\"width: 100%;\" controls=\"controls\"><source type=\"audio\/mpeg\" src=\"http:\/\/www.radiopiu.net\/wordpress\/wp-content\/uploads\/2019\/09\/borgovaia.mp3?_=3\" \/><a href=\"http:\/\/www.radiopiu.net\/wordpress\/wp-content\/uploads\/2019\/09\/borgovaia.mp3\">http:\/\/www.radiopiu.net\/wordpress\/wp-content\/uploads\/2019\/09\/borgovaia.mp3<\/a><\/audio>\n<p>&nbsp;<\/p>\n<p>&nbsp;<\/p>\n<h3>L&#8217;ULTIMA OMELIA DI MONSIGNOR GIORGIO LISE: &#8220;INTITOLATE L&#8217;OSPEDALE A PAPA LUCIANI!&#8221;<\/h3>\n<p><strong>di GIANNI SANTOMASO<\/strong><\/p>\n<audio class=\"wp-audio-shortcode\" id=\"audio-100361-4\" preload=\"none\" style=\"width: 100%;\" controls=\"controls\"><source type=\"audio\/mpeg\" src=\"http:\/\/www.radiopiu.net\/wordpress\/wp-content\/uploads\/2019\/09\/gianni-giorgio.mp3?_=4\" \/><a href=\"http:\/\/www.radiopiu.net\/wordpress\/wp-content\/uploads\/2019\/09\/gianni-giorgio.mp3\">http:\/\/www.radiopiu.net\/wordpress\/wp-content\/uploads\/2019\/09\/gianni-giorgio.mp3<\/a><\/audio>\n<p>&nbsp;<\/p>\n<p><strong><a class=\"dt-pswp-item\" href=\"http:\/\/www.radiopiu.net\/wordpress\/wp-content\/uploads\/2019\/09\/ba1b45f7-e757-4203-884b-b1c83fe6fe1c.jpg\" data-dt-img-description=\"\" data-large_image_width=\"901\" data-large_image_height=\"1600\"><img loading=\"lazy\" decoding=\"async\" class=\" wp-image-100384 alignleft\" src=\"http:\/\/www.radiopiu.net\/wordpress\/wp-content\/uploads\/2019\/09\/ba1b45f7-e757-4203-884b-b1c83fe6fe1c-169x300.jpg\" alt=\"\" width=\"112\" height=\"199\" srcset=\"https:\/\/www.radiopiu.net\/wordpress\/wp-content\/uploads\/2019\/09\/ba1b45f7-e757-4203-884b-b1c83fe6fe1c-169x300.jpg 169w, https:\/\/www.radiopiu.net\/wordpress\/wp-content\/uploads\/2019\/09\/ba1b45f7-e757-4203-884b-b1c83fe6fe1c-768x1364.jpg 768w, https:\/\/www.radiopiu.net\/wordpress\/wp-content\/uploads\/2019\/09\/ba1b45f7-e757-4203-884b-b1c83fe6fe1c-577x1024.jpg 577w, https:\/\/www.radiopiu.net\/wordpress\/wp-content\/uploads\/2019\/09\/ba1b45f7-e757-4203-884b-b1c83fe6fe1c.jpg 901w\" sizes=\"auto, (max-width: 112px) 100vw, 112px\" \/><\/a>AGORDO<\/strong> Un&#8217;omelia intensa e pregna di problematiche di Agordo e della Conca Agordina di un uomo che ha conosciuto i paesi e soprattutto la gente con il suo volontariato fondamento per la costruzione di una societ\u00e0 solidale. Monsignor Giorgio Lise con la voce continuamente rotta dal&#8217;emozione ha salutato la sua comunit\u00e0 che vive in una zona disagiata priva di servizi essenziali e nell&#8217;isolamento periferico,\u00a0 ma dove la gente sa donare tempo ed energie a chi ne ha <a class=\"dt-pswp-item\" href=\"http:\/\/www.radiopiu.net\/wordpress\/wp-content\/uploads\/2019\/09\/4b8c5712-fb44-491e-8bc2-89a0050d3ced.jpg\" data-dt-img-description=\"\" data-large_image_width=\"1600\" data-large_image_height=\"901\"><img loading=\"lazy\" decoding=\"async\" class=\"size-medium wp-image-100386 alignright\" src=\"http:\/\/www.radiopiu.net\/wordpress\/wp-content\/uploads\/2019\/09\/4b8c5712-fb44-491e-8bc2-89a0050d3ced-300x169.jpg\" alt=\"\" width=\"300\" height=\"169\" srcset=\"https:\/\/www.radiopiu.net\/wordpress\/wp-content\/uploads\/2019\/09\/4b8c5712-fb44-491e-8bc2-89a0050d3ced-300x169.jpg 300w, https:\/\/www.radiopiu.net\/wordpress\/wp-content\/uploads\/2019\/09\/4b8c5712-fb44-491e-8bc2-89a0050d3ced-768x432.jpg 768w, https:\/\/www.radiopiu.net\/wordpress\/wp-content\/uploads\/2019\/09\/4b8c5712-fb44-491e-8bc2-89a0050d3ced-1024x577.jpg 1024w, https:\/\/www.radiopiu.net\/wordpress\/wp-content\/uploads\/2019\/09\/4b8c5712-fb44-491e-8bc2-89a0050d3ced.jpg 1600w\" sizes=\"auto, (max-width: 300px) 100vw, 300px\" \/><\/a>bisogno <em>&#8220;Non cambiate &#8211; ha detto Don Giorgio &#8211; siete sulla giusta strada&#8221;<\/em>. Auguri, auspici, ma anche riferimenti a tematiche locali di non poco conto in una Agordo che ha visto cambiare, dove i piccoli negozi hanno chiuso uno dietro l&#8217;altro, dove l&#8217;ospedale ha subito preoccupanti ridimensionamenti. Don Giorgio \u00e8 sempre stato accanto a chi ha difeso il nosocomio agordino, anche nell&#8217;ultima omelia invitando di nuovo i cittadini\u00a0 (come fatto nel 2012) a difenderlo intitolandolo al Papa di Canale d&#8217;Agordo&#8230;perch\u00e9 potrebbe aiutare a non fargli fare la fine delle attivit\u00e0 di Agordo che hanno abbassato la serranda, per sempre. Monsignor Lise ha insistito anche sui nuovi problemi di Agordo, la paura di Agordo citt\u00e0 impaurita: per le scarse nascite, per il disprezzo delle cose degli altri e pubbliche, per i ragazzi che rovinano la loro giovane esistenza col guadagno facile o promesse di felicit\u00e0 che troppo tardi si rivelano distruttive (mm)<\/p>\n<blockquote><p><strong><em>&#8220;Buon cammino a tutti con il nuovo Arcidiacono e con il nuovo Cappellano. E come Papa Francesco chiedo anch&#8217;io non dimenticatevi di pregare&#8221;<\/em><\/strong><\/p><\/blockquote>\n<h3><strong>L&#8217;OMELIA TRASMESSA IN DIRETTA ALLA RADIO TERMINATA CON UN LUNGO APPLAUSO<\/strong><\/h3>\n<audio class=\"wp-audio-shortcode\" id=\"audio-100361-5\" preload=\"none\" style=\"width: 100%;\" controls=\"controls\"><source type=\"audio\/mpeg\" src=\"http:\/\/www.radiopiu.net\/wordpress\/wp-content\/uploads\/2019\/09\/GIORGIO-2.mp3?_=5\" \/><a href=\"http:\/\/www.radiopiu.net\/wordpress\/wp-content\/uploads\/2019\/09\/GIORGIO-2.mp3\">http:\/\/www.radiopiu.net\/wordpress\/wp-content\/uploads\/2019\/09\/GIORGIO-2.mp3<\/a><\/audio>\n<p>&nbsp;<\/p>\n<h3>IL SALUTO\u00a0 DEL SINDACO ROBERTO CHISSALE&#8217;<\/h3>\n<p><em><a class=\"dt-pswp-item\" href=\"http:\/\/www.radiopiu.net\/wordpress\/wp-content\/uploads\/2019\/09\/6e1530e2-b798-4a9f-a185-29d6435b1c54.jpg\" data-dt-img-description=\"\" data-large_image_width=\"1600\" data-large_image_height=\"901\"><img loading=\"lazy\" decoding=\"async\" class=\"alignnone size-medium wp-image-100414\" src=\"http:\/\/www.radiopiu.net\/wordpress\/wp-content\/uploads\/2019\/09\/6e1530e2-b798-4a9f-a185-29d6435b1c54-300x169.jpg\" alt=\"\" width=\"300\" height=\"169\" srcset=\"https:\/\/www.radiopiu.net\/wordpress\/wp-content\/uploads\/2019\/09\/6e1530e2-b798-4a9f-a185-29d6435b1c54-300x169.jpg 300w, https:\/\/www.radiopiu.net\/wordpress\/wp-content\/uploads\/2019\/09\/6e1530e2-b798-4a9f-a185-29d6435b1c54-768x432.jpg 768w, https:\/\/www.radiopiu.net\/wordpress\/wp-content\/uploads\/2019\/09\/6e1530e2-b798-4a9f-a185-29d6435b1c54-1024x577.jpg 1024w, https:\/\/www.radiopiu.net\/wordpress\/wp-content\/uploads\/2019\/09\/6e1530e2-b798-4a9f-a185-29d6435b1c54.jpg 1600w\" sizes=\"auto, (max-width: 300px) 100vw, 300px\" \/><\/a> <\/em><\/p>\n<p><em>&#8220;Grazie per il suo appoggio ad Agordo paese del graffito, allora presiedevo l&#8217;Unione Sportiva Le Ville. Non perda occasione per venire di nuovo a trovarci&#8221;.<\/em><\/p>\n<audio class=\"wp-audio-shortcode\" id=\"audio-100361-6\" preload=\"none\" style=\"width: 100%;\" controls=\"controls\"><source type=\"audio\/mpeg\" src=\"http:\/\/www.radiopiu.net\/wordpress\/wp-content\/uploads\/2019\/09\/CHISSALE.mp3?_=6\" \/><a href=\"http:\/\/www.radiopiu.net\/wordpress\/wp-content\/uploads\/2019\/09\/CHISSALE.mp3\">http:\/\/www.radiopiu.net\/wordpress\/wp-content\/uploads\/2019\/09\/CHISSALE.mp3<\/a><\/audio>\n<p>&nbsp;<\/p>\n<h3>IL SALUTO DELLE CONFRATERNITE CON SUOR LUCIANA<\/h3>\n<p><em><a class=\"dt-pswp-item\" href=\"http:\/\/www.radiopiu.net\/wordpress\/wp-content\/uploads\/2019\/09\/e87ff57a-773c-48cc-a628-91cbfd224172.jpg\" data-dt-img-description=\"\" data-large_image_width=\"1600\" data-large_image_height=\"901\"><img loading=\"lazy\" decoding=\"async\" class=\"alignnone size-medium wp-image-100419\" src=\"http:\/\/www.radiopiu.net\/wordpress\/wp-content\/uploads\/2019\/09\/e87ff57a-773c-48cc-a628-91cbfd224172-300x169.jpg\" alt=\"\" width=\"300\" height=\"169\" srcset=\"https:\/\/www.radiopiu.net\/wordpress\/wp-content\/uploads\/2019\/09\/e87ff57a-773c-48cc-a628-91cbfd224172-300x169.jpg 300w, https:\/\/www.radiopiu.net\/wordpress\/wp-content\/uploads\/2019\/09\/e87ff57a-773c-48cc-a628-91cbfd224172-768x432.jpg 768w, https:\/\/www.radiopiu.net\/wordpress\/wp-content\/uploads\/2019\/09\/e87ff57a-773c-48cc-a628-91cbfd224172-1024x577.jpg 1024w, https:\/\/www.radiopiu.net\/wordpress\/wp-content\/uploads\/2019\/09\/e87ff57a-773c-48cc-a628-91cbfd224172.jpg 1600w\" sizes=\"auto, (max-width: 300px) 100vw, 300px\" \/><\/a> <\/em><\/p>\n<p><em>&#8220;La tua bussola \u00e8 stata la parola di Dio privilegiando la misericordia del Padre. Una fiducia per chi proponeva iniziative volte a dar concretezza ad idee nuove&#8221;.<\/em><\/p>\n<audio class=\"wp-audio-shortcode\" id=\"audio-100361-7\" preload=\"none\" style=\"width: 100%;\" controls=\"controls\"><source type=\"audio\/mpeg\" src=\"http:\/\/www.radiopiu.net\/wordpress\/wp-content\/uploads\/2019\/09\/LUCIA-1.mp3?_=7\" \/><a href=\"http:\/\/www.radiopiu.net\/wordpress\/wp-content\/uploads\/2019\/09\/LUCIA-1.mp3\">http:\/\/www.radiopiu.net\/wordpress\/wp-content\/uploads\/2019\/09\/LUCIA-1.mp3<\/a><\/audio>\n<p>&nbsp;<\/p>\n<p>&nbsp;<\/p>\n<h3>IL SALUTO DEI CHIERICHETTI<\/h3>\n<p><em><a class=\"dt-pswp-item\" href=\"http:\/\/www.radiopiu.net\/wordpress\/wp-content\/uploads\/2019\/09\/b0de8660-b91f-4482-8469-8684291ed7d4.jpg\" data-dt-img-description=\"\" data-large_image_width=\"1600\" data-large_image_height=\"901\"><img loading=\"lazy\" decoding=\"async\" class=\"alignnone size-medium wp-image-100423\" src=\"http:\/\/www.radiopiu.net\/wordpress\/wp-content\/uploads\/2019\/09\/b0de8660-b91f-4482-8469-8684291ed7d4-300x169.jpg\" alt=\"\" width=\"300\" height=\"169\" srcset=\"https:\/\/www.radiopiu.net\/wordpress\/wp-content\/uploads\/2019\/09\/b0de8660-b91f-4482-8469-8684291ed7d4-300x169.jpg 300w, https:\/\/www.radiopiu.net\/wordpress\/wp-content\/uploads\/2019\/09\/b0de8660-b91f-4482-8469-8684291ed7d4-768x432.jpg 768w, https:\/\/www.radiopiu.net\/wordpress\/wp-content\/uploads\/2019\/09\/b0de8660-b91f-4482-8469-8684291ed7d4-1024x577.jpg 1024w, https:\/\/www.radiopiu.net\/wordpress\/wp-content\/uploads\/2019\/09\/b0de8660-b91f-4482-8469-8684291ed7d4.jpg 1600w\" sizes=\"auto, (max-width: 300px) 100vw, 300px\" \/><\/a><\/em><\/p>\n<p><em>&#8220;Caro Don Giorgio&#8230;. 10 anni sono volati, allora qualcuno di noi c&#8217;era gi\u00e0. L&#8217;abbiamo anche fatta arrabbiare, ma ha sempre calmato gli animi senza alzare la voce e non \u00e8 da tutti. Siamo cresciuti con Lei&#8221;.<\/em><\/p>\n<audio class=\"wp-audio-shortcode\" id=\"audio-100361-8\" preload=\"none\" style=\"width: 100%;\" controls=\"controls\"><source type=\"audio\/mpeg\" src=\"http:\/\/www.radiopiu.net\/wordpress\/wp-content\/uploads\/2019\/09\/CHIERICHI.mp3?_=8\" \/><a href=\"http:\/\/www.radiopiu.net\/wordpress\/wp-content\/uploads\/2019\/09\/CHIERICHI.mp3\">http:\/\/www.radiopiu.net\/wordpress\/wp-content\/uploads\/2019\/09\/CHIERICHI.mp3<\/a><\/audio>\n<p>&nbsp;<\/p>\n<p><iframe loading=\"lazy\" title=\"Casa mia  -  Equipe 84\" width=\"1200\" height=\"900\" src=\"https:\/\/www.youtube.com\/embed\/kr2gRni7bio?feature=oembed\" frameborder=\"0\" allow=\"accelerometer; autoplay; encrypted-media; gyroscope; picture-in-picture\" allowfullscreen><\/iframe><\/p>\n<p>&nbsp;<\/p>\n<h3>\u00a0L&#8217;OMAGGIO MUSICALE DI TECLA ED ALBERTO CON L&#8217;AVE MARIA<\/h3>\n<p><a class=\"dt-pswp-item\" href=\"http:\/\/www.radiopiu.net\/wordpress\/wp-content\/uploads\/2019\/09\/78c0070f-fb60-41af-85d4-e1d7018ab4e2.jpg\" data-dt-img-description=\"\" data-large_image_width=\"1600\" data-large_image_height=\"901\"><img loading=\"lazy\" decoding=\"async\" class=\"alignnone size-medium wp-image-100422\" src=\"http:\/\/www.radiopiu.net\/wordpress\/wp-content\/uploads\/2019\/09\/78c0070f-fb60-41af-85d4-e1d7018ab4e2-300x169.jpg\" alt=\"\" width=\"300\" height=\"169\" srcset=\"https:\/\/www.radiopiu.net\/wordpress\/wp-content\/uploads\/2019\/09\/78c0070f-fb60-41af-85d4-e1d7018ab4e2-300x169.jpg 300w, https:\/\/www.radiopiu.net\/wordpress\/wp-content\/uploads\/2019\/09\/78c0070f-fb60-41af-85d4-e1d7018ab4e2-768x432.jpg 768w, https:\/\/www.radiopiu.net\/wordpress\/wp-content\/uploads\/2019\/09\/78c0070f-fb60-41af-85d4-e1d7018ab4e2-1024x577.jpg 1024w, https:\/\/www.radiopiu.net\/wordpress\/wp-content\/uploads\/2019\/09\/78c0070f-fb60-41af-85d4-e1d7018ab4e2.jpg 1600w\" sizes=\"auto, (max-width: 300px) 100vw, 300px\" \/><\/a><\/p>\n<audio class=\"wp-audio-shortcode\" id=\"audio-100361-9\" preload=\"none\" style=\"width: 100%;\" controls=\"controls\"><source type=\"audio\/mpeg\" src=\"http:\/\/www.radiopiu.net\/wordpress\/wp-content\/uploads\/2019\/09\/MUSICA.mp3?_=9\" \/><a href=\"http:\/\/www.radiopiu.net\/wordpress\/wp-content\/uploads\/2019\/09\/MUSICA.mp3\">http:\/\/www.radiopiu.net\/wordpress\/wp-content\/uploads\/2019\/09\/MUSICA.mp3<\/a><\/audio>\n<p>&nbsp;<\/p>\n<h2><span style=\"color: #ff0000;\">ED ORA DON GIORGIO&#8230; TOCCA A TE<\/span><\/h2>\n<p><a class=\"dt-pswp-item\" href=\"http:\/\/www.radiopiu.net\/wordpress\/wp-content\/uploads\/2019\/09\/b2ef16c2-49f5-48ea-9c26-d122fd9af824.jpg\" data-dt-img-description=\"\" data-large_image_width=\"1600\" data-large_image_height=\"901\"><img loading=\"lazy\" decoding=\"async\" class=\"alignnone size-medium wp-image-100433\" src=\"http:\/\/www.radiopiu.net\/wordpress\/wp-content\/uploads\/2019\/09\/b2ef16c2-49f5-48ea-9c26-d122fd9af824-300x169.jpg\" alt=\"\" width=\"300\" height=\"169\" srcset=\"https:\/\/www.radiopiu.net\/wordpress\/wp-content\/uploads\/2019\/09\/b2ef16c2-49f5-48ea-9c26-d122fd9af824-300x169.jpg 300w, https:\/\/www.radiopiu.net\/wordpress\/wp-content\/uploads\/2019\/09\/b2ef16c2-49f5-48ea-9c26-d122fd9af824-768x432.jpg 768w, https:\/\/www.radiopiu.net\/wordpress\/wp-content\/uploads\/2019\/09\/b2ef16c2-49f5-48ea-9c26-d122fd9af824-1024x577.jpg 1024w, https:\/\/www.radiopiu.net\/wordpress\/wp-content\/uploads\/2019\/09\/b2ef16c2-49f5-48ea-9c26-d122fd9af824.jpg 1600w\" sizes=\"auto, (max-width: 300px) 100vw, 300px\" \/><\/a><\/p>\n<p><em>Grazie a tutti, grazie per la collaborazione, grazie per l&#8217;appoggio, grazie per esserci stati. Sempre.&#8221;<\/em><\/p>\n<h2>AUDIO COMPLETO<\/h2>\n<audio class=\"wp-audio-shortcode\" id=\"audio-100361-10\" preload=\"none\" style=\"width: 100%;\" controls=\"controls\"><source type=\"audio\/mpeg\" src=\"http:\/\/www.radiopiu.net\/wordpress\/wp-content\/uploads\/2019\/09\/FINALE.mp3?_=10\" \/><a href=\"http:\/\/www.radiopiu.net\/wordpress\/wp-content\/uploads\/2019\/09\/FINALE.mp3\">http:\/\/www.radiopiu.net\/wordpress\/wp-content\/uploads\/2019\/09\/FINALE.mp3<\/a><\/audio>\n<h2><\/h2>\n<h2><\/h2>\n<h2>Terme di Valgrande, Zanoni (PD): \u201cSpesi 11 milioni di soldi pubblici e lasciate al degrado.<\/h2>\n<p>&nbsp;<\/p>\n<blockquote><p><em><b><span style=\"font-size: large;\">La Regione si impegni per la riapertura dello stabilimento\u201d<\/span><\/b><\/em><\/p><\/blockquote>\n<p><span style=\"font-size: large;\"> <a class=\"dt-pswp-item\" href=\"http:\/\/www.radiopiu.net\/wordpress\/wp-content\/uploads\/2019\/09\/images-2.jpg\" data-dt-img-description=\"\" data-large_image_width=\"300\" data-large_image_height=\"168\"><img loading=\"lazy\" decoding=\"async\" class=\"size-medium wp-image-100581 alignleft\" src=\"http:\/\/www.radiopiu.net\/wordpress\/wp-content\/uploads\/2019\/09\/images-2-300x168.jpg\" alt=\"\" width=\"300\" height=\"168\" \/><\/a>VENEZIA\u00a0 <\/span><span style=\"font-size: large;\">\u201cDa sette anni le terme di Valgrande sono abbandonate al degrado, con uno spreco di denaro inaccettabile. Finora gli sforzi dell\u2019amministrazione comunale per trovare imprenditori interessati alla gestione sono risultati vani, la Regione ha intenzione di entrare nella partita per riaprire lo stabilimento, considerato che \u00e8 proprietaria della sorgente? Sarebbe doveroso, per la realizzazione di questa struttura sono stati spesi 11 milioni di soldi pubblici\u201d. L\u2019invito \u00e8 di Andrea Zanoni, consigliere del Partito Democratico e primo firmatario di un\u2019interrogazione sottoscritta dai colleghi Anna Maria Bigon, Bruno Pigozzo, Orietta Salemi e Claudio Sinigaglia in cui si sollecita il rilancio dello stabilimento, voluto dall\u2019allora assessore regionale Floriano Pra, a Comelico Superiore.\u00a0 <\/span><span style=\"font-size: large;\">\u201cSarebbe un tassello importante per ridare impulso al turismo nell\u2019intera area. Mette tristezza vedere, in un contesto bellissimo, una struttura praticamente nuova e del tutto abbandonata. Le terme &#8211; ricorda Zanoni &#8211; furono infatti inaugurate nel 2003 dall\u2019ex governatore Galan, ma della gestione se ne fece carico l\u2019imprenditoria locale, con vari soggetti, fino all\u2019ultima societ\u00e0 poi fallita per troppi debiti, inclusi gli affitti arretrati con il Comune che fu addirittura costretto ad aumentare l\u2019Imu sulle seconde case per recuperare una parte di quei soldi. Negli ultimi anni c\u2019\u00e8 stato qualche timido tentativo per provare a ripartire, ma senza successo. \u00c8 necessario che la Regione assuma un ruolo da protagonista nell\u2019operazione e provi ogni pista possibile per un nuovo inizio, il turismo \u00e8 un settore fondamentale per l\u2019economia della zona e le Terme potrebbero davvero essere il fiore all\u2019occhiello\u201d. foto CorrieredelleAlpi<\/span><\/p>\n<p>&nbsp;<\/p>\n<p>&nbsp;<\/p>\n<h3><strong>SANITA\u2019, AURONZO. ASSESSORE LANZARIN, \u201cLA PRIORITA\u2019 \u00c8 MANTENERE I SERVIZI. <\/strong><\/h3>\n<p><strong>VENEZIA\u00a0<\/strong> \u201cNon c\u2019\u00e8 alcun progetto di smantellare o ridurre servizi, tantomeno nelle aree di montagna come il Bellunese, delle quali abbiamo sempre rispettato e tenuto in considerazione la specificit\u00e0 come conferma la nostra programmazione.\u00a0 Abbiamo l\u2019obbligo, di fronte ad un panorama come quello attuale in cui la sbagliata programmazione nazionale ci fa misurare non solo con la carenza ma anche con la difficolt\u00e0 nel reperire personale, di guardare a tutte le strade possibili.\u00a0 A riguardo c\u2019\u00e8 un documento con proposte condivise da tutte le regioni, il ministro D\u2019Inc\u00e0 se ne faccia garante per il bene del suo territorio\u201d. Con queste parole l\u2019Assessore regionale alla Sanit\u00e0 Manuela Lanzarin, replica alle polemiche apparse oggi su alcuni quotidiani, riguardanti la programmazione sanitaria nella montagna bellunese, con particolare riferimento al Punto di Primo Intervento di Auronzo di Cadore. \u201cIl ministro D\u2019Inc\u00e0 parla di disimpegno della Regione, forse dimenticando che il vero problema \u00e8 la carenza di personale \u2013 sottolinea l\u2019Assessore -. Insieme ad altre regioni, non pi\u00f9 tardi di gioved\u00ec scorso abbiamo elaborato una serie di proposte per intervenire e dare soluzione a questa emergenza. Si tratta di alcuni provvedimenti urgenti per tamponare l\u2019immediato e altri mirati ad una soluzione strutturale. Nel complesso ritengo siano tutte soluzioni fattibili che il Governo non pu\u00f2 non affrontare. Per questo lancio una proposta al ministro: sono disponibile ad un incontro per illustrare le misure\u201d. \u201cPer quanto riguarda Auronzo, \u00e8 nostra priorit\u00e0 non lasciare un\u2019area cos\u00ec importante della montagna bellunese senza un punto di primo intervento \u2013 spiega ancora Lanzarin -. Abbiamo il dovere di garantire il servizio.\u00a0 A fronte di una oggettiva carenza di personale ogni via \u00e8 percorribile. Se da Roma ci saranno spiragli importanti per risolvere le difficolt\u00e0 ormai croniche che ci impediscono di disporre dei professionisti che ci sono indispensabili, ho tutti i motivi per pensare che l\u2019Ulss Dolomiti possa anche scegliere percorsi differenti\u201d. Dalla Regione vengono rassicurazioni anche per il servizio di ambulanza del Comelico. La Giunta regionale sta predisponendo un finanziamento come \u00e8 gi\u00e0 stato fatto a garanzia di servizi omologhi in altre localit\u00e0 non solo dal contesto territoriale ad alta specificit\u00e0 ma anche ad alta valenza turistica.<\/p>\n<p>&nbsp;<\/p>\n<p>&nbsp;<\/p>\n<p>&nbsp;<\/p>\n<h2><span style=\"color: #ff0000;\">L&#8217;INTERVENTO<\/span><\/h2>\n<h2>CGIL e SPI CGIL su sanit\u00e0 e servizi nel territorio bellunese e l\u2019assordante silenzio degli Amministratori Locali.<\/h2>\n<blockquote><p><em>di Mauro De Carli- Segr. Gen CGIL Belluno;\u00a0 Maria Rita Gentilin- Segr. Gen. SPI CGIL e delega CGIL sul Socio Sanitario<\/em><\/p><\/blockquote>\n<p><strong>BELLUNO<\/strong> Non crediamo si possa pi\u00f9 tergiversare; come \u00e8 ormai noto giungono attraverso la stampa una serie di notizie che prefigurano un abbandono da parte di varie istituzioni o corpi dello Stato di presidi e attivit\u00e0 soprattutto legate alla sicurezza dei cittadini dentro il territorio bellunese. In particolare si sta assistendo ad una continua riduzione di servizio nel campo della sanit\u00e0, dalla \u201cesternalizzazione\u201d certa dell\u2019intero reparto di Primo Intervento (PPI) dell\u2019ospedale di Auronzo, in quanto autorizzata dal CRITE, il comitato tecnico di azienda Zero della Regione Veneto, per l\u2019apertura della gara d\u2019appalto \u201cEuropea\u201d del suo passaggio al \u201cprivato\u201d, alla notizia della prossima inagibilit\u00e0 dell\u2019ambulanza territoriale dei Vigili del fuoco di Santo Stefano. Vi sono inoltre altri \u201cpiccole\u201d difficolt\u00e0 che sommate a quelle poco sopra citate evidenziano ormai chiaramente come esista una forte distonia tra i proclami di dirigenti e soggetti politici, in primo luogo ovviamente della Regione Veneto, circa la sostenibilit\u00e0 della sanit\u00e0 in provincia di Belluno, che denunciano uno scarso interesse per i veri problemi del nostro territorio. Citerei la chiusura della convenzione per gli screening dei lavoratori Luxottica (risorse fresche che potevano entrare), come l\u2019incertezza nella gestione degli appalti nel cambio gestione del Codivilla Putti. Corre l\u2019obbligo di ritornare a qualche mese fa, quando in fase di piena legiferazione del nuovo Piano Socio Sanitario (PSSR) Regionale, le sigle sindacali, in particolare CGIL e SPI CGIL chiedevano prima di tutto due cose; attuazione piena del vecchio PSSR, con particolare attenzione alle \u201cmedicine del Territorio\u201d e garanzie di maggiore spesa sulla sanit\u00e0. Non ci convinceva, e le notizie attuali ci stanno dando ragione, un impianto di un nuovo servizio sanitario piu\u2019 \u201cavanzato\u201d rispetto a quello precedente, quando quest\u2019ultimo manteneva pezzi importanti di servizio nel territorio ancora irrealizzato. L\u2019idea poi che ad \u201cinvarianza\u201d di risorse, cosi\u2019 citava e cita il nuovo PSSR, si potessero ottenere seri miglioramenti della sanit\u00e0, continua ad apparirci poco seria. Oggi quindi abbiamo maggiore certezza nel dire che l\u2019operazione \u201cSanit\u00e0\u201d nel Veneto e sicuramente in Provincia di Belluno assume pi\u00f9 la caratteristica di propaganda elettorale che quella della concretezza realizzativa. Infatti nel corso di questi mesi del 2019 abbiamo tentato di intervenire nei confronti della stessa ULSS 1 DOLOMITI per verificare quali soluzioni si fossero messe in opera per gestire e dare effettiva attuazione alle linee guida del nuovo Piano Socio Sanitario. Da subito si \u00e8 palesata la carenza del personale, in particolare medico- specializzato, (cosa questa analizzabile e conosciuta ormai da diversi anni) e come questo fattore diventa motivazione e scusante per un cambiamento di indirizzo sulla gestione futura del servizio sanitario in Provincia di Belluno. Per riferirci all\u2019esempio attuale: se si deve appaltare il PPI di Auronzo per carenza di medici, allora quali medici verranno utilizzati dalla ditta appaltante? La sensazione finale che denunciamo \u00e8 che si vada verso uno scadimento della qualit\u00e0 del servizio, per i dati in nostro possesso anche ad una riduzione del costo del personale eventualmente utilizzato e soprattutto verso una deresponsabilizzazione del ruolo pubblico, che rischia di passare la mano all\u2019azione del privato, che come \u00e8 noto agisce con logiche di profitto e non di assistenza generale. Quel che \u00e8 altresi\u2019 preoccupante \u00e8 che si lasciano in difficolt\u00e0 le parti alte della Provincia, proprio quelle che avevano insistito nel recente passato, per il tramite dei loro amministratori locali, per ESIGERE il diritto alla \u201cGolden Hour\u201d, per la garanzia di salvezza entro la prima ora nei casi di eventi pericolosi quali gli infarti, gli incidenti in montagna, l\u2019ictus, ecc. E qui ci rivolgiamo a questi stessi amministratori, Sindaci e associazioni del territorio, non solo del Comelico e Agordino, ma tutti insieme; come si pu\u00f2 oggi non dare corpo a una protesta per quanto sta pian-piano succedendo. Insieme, dobbiamo dire che non ci serve una operazione di imbonimento da parte della Regione Veneto, che peraltro non esclude, come si legge nelle dichiarazioni della dirigenza ULSS 1, su possibili ulteriori identiche operazioni in altri servizi o reparti della Provincia. Serve invece che su medici, personale ospedaliero o nelle strutture della medicina del territorio si prendano decisioni vere, si dia garanzia anche ai territori di montagna perch\u00e9 possano avere un servizio sanitario governato con la qualit\u00e0 della mano pubblica. Forse servir\u00e0 anche vigilare perche\u2019 non sfugga pi\u00f9 nulla, magari con la logica dei piccoli cambiamenti apparentemente indolori, e si vada realmente verso un concreto miglioramento del servizio sanitario nel territorio.<\/p>\n<p>&nbsp;<\/p>\n<p>&nbsp;<\/p>\n<p>&nbsp;<\/p>\n<h2><a class=\"dt-pswp-item\" href=\"http:\/\/www.radiopiu.net\/wordpress\/wp-content\/uploads\/2019\/09\/buongiorno-buon-inizio-settembre-3.jpg\" data-dt-img-description=\"\" data-large_image_width=\"586\" data-large_image_height=\"403\"><img loading=\"lazy\" decoding=\"async\" class=\"size-medium wp-image-100554 alignleft\" src=\"http:\/\/www.radiopiu.net\/wordpress\/wp-content\/uploads\/2019\/09\/buongiorno-buon-inizio-settembre-3-300x206.jpg\" alt=\"\" width=\"300\" height=\"206\" srcset=\"https:\/\/www.radiopiu.net\/wordpress\/wp-content\/uploads\/2019\/09\/buongiorno-buon-inizio-settembre-3-300x206.jpg 300w, https:\/\/www.radiopiu.net\/wordpress\/wp-content\/uploads\/2019\/09\/buongiorno-buon-inizio-settembre-3.jpg 586w\" sizes=\"auto, (max-width: 300px) 100vw, 300px\" \/><\/a>SCHERZI DELLA METEOROLOGIA, IL SETTEMBRE ESTIVO, MA PREPARIAMOCI ALL&#8217;OTTOBRE AUTUNNALE<\/h2>\n<p><strong>DAMIANO TORMEN\u00a0<\/strong><\/p>\n<audio class=\"wp-audio-shortcode\" id=\"audio-100361-11\" preload=\"none\" style=\"width: 100%;\" controls=\"controls\"><source type=\"audio\/mpeg\" src=\"http:\/\/www.radiopiu.net\/wordpress\/wp-content\/uploads\/2019\/09\/meteo-damiano.mp3?_=11\" \/><a href=\"http:\/\/www.radiopiu.net\/wordpress\/wp-content\/uploads\/2019\/09\/meteo-damiano.mp3\">http:\/\/www.radiopiu.net\/wordpress\/wp-content\/uploads\/2019\/09\/meteo-damiano.mp3<\/a><\/audio>\n<p>&nbsp;<\/p>\n<p>&nbsp;<\/p>\n<p>&nbsp;<\/p>\n<p>&nbsp;<\/p>\n<h3>AL VIA\u00a0 LE LEZIONI DELL&#8217;UNIVERSITA&#8217; ANZIANI ADULTI<\/h3>\n<p><strong> <a class=\"dt-pswp-item\" href=\"http:\/\/www.radiopiu.net\/wordpress\/wp-content\/uploads\/2019\/09\/AGORDO-Logo-Sezione-UAA-Agordo.jpg\" data-dt-img-description=\"\" data-large_image_width=\"734\" data-large_image_height=\"726\"><img loading=\"lazy\" decoding=\"async\" class=\"alignnone size-medium wp-image-100534\" src=\"http:\/\/www.radiopiu.net\/wordpress\/wp-content\/uploads\/2019\/09\/AGORDO-Logo-Sezione-UAA-Agordo-300x297.jpg\" alt=\"\" width=\"300\" height=\"297\" srcset=\"https:\/\/www.radiopiu.net\/wordpress\/wp-content\/uploads\/2019\/09\/AGORDO-Logo-Sezione-UAA-Agordo-300x297.jpg 300w, https:\/\/www.radiopiu.net\/wordpress\/wp-content\/uploads\/2019\/09\/AGORDO-Logo-Sezione-UAA-Agordo-150x150.jpg 150w, https:\/\/www.radiopiu.net\/wordpress\/wp-content\/uploads\/2019\/09\/AGORDO-Logo-Sezione-UAA-Agordo.jpg 734w\" sizes=\"auto, (max-width: 300px) 100vw, 300px\" \/><\/a><a class=\"dt-pswp-item\" href=\"http:\/\/www.radiopiu.net\/wordpress\/wp-content\/uploads\/2019\/09\/AGORDO-Il-prof.-Gregorio-Piaia.jpg\" data-dt-img-description=\"\" data-large_image_width=\"984\" data-large_image_height=\"1074\"><img loading=\"lazy\" decoding=\"async\" class=\"alignnone size-medium wp-image-100536\" src=\"http:\/\/www.radiopiu.net\/wordpress\/wp-content\/uploads\/2019\/09\/AGORDO-Il-prof.-Gregorio-Piaia-275x300.jpg\" alt=\"\" width=\"275\" height=\"300\" srcset=\"https:\/\/www.radiopiu.net\/wordpress\/wp-content\/uploads\/2019\/09\/AGORDO-Il-prof.-Gregorio-Piaia-275x300.jpg 275w, https:\/\/www.radiopiu.net\/wordpress\/wp-content\/uploads\/2019\/09\/AGORDO-Il-prof.-Gregorio-Piaia-768x838.jpg 768w, https:\/\/www.radiopiu.net\/wordpress\/wp-content\/uploads\/2019\/09\/AGORDO-Il-prof.-Gregorio-Piaia-938x1024.jpg 938w, https:\/\/www.radiopiu.net\/wordpress\/wp-content\/uploads\/2019\/09\/AGORDO-Il-prof.-Gregorio-Piaia.jpg 984w\" sizes=\"auto, (max-width: 275px) 100vw, 275px\" \/><\/a><\/strong><\/p>\n<p><strong>DI GIANNI SANTOMASO\u00a0<\/strong><\/p>\n<audio class=\"wp-audio-shortcode\" id=\"audio-100361-12\" preload=\"none\" style=\"width: 100%;\" controls=\"controls\"><source type=\"audio\/mpeg\" src=\"http:\/\/www.radiopiu.net\/wordpress\/wp-content\/uploads\/2019\/09\/gianni-universtia.mp3?_=12\" \/><a href=\"http:\/\/www.radiopiu.net\/wordpress\/wp-content\/uploads\/2019\/09\/gianni-universtia.mp3\">http:\/\/www.radiopiu.net\/wordpress\/wp-content\/uploads\/2019\/09\/gianni-universtia.mp3<\/a><\/audio>\n<h3><\/h3>\n<h3>IL PROGRAMMA<\/h3>\n<div class=\"su-document su-u-responsive-media-yes\"><iframe loading=\"lazy\" src=\"\/\/docs.google.com\/viewer?embedded=true&url=http:\/\/www.radiopiu.net\/wordpress\/wp-content\/uploads\/2019\/09\/AGORDO-Inaugurazione-e-programma-UAA-Agordo-1mo-trimestre-2019-20.doc\" width=\"320\" height=\"340\" class=\"su-document\" title=\"\"><\/iframe><\/div>\n<p>&nbsp;<\/p>\n<p>&nbsp;<\/p>\n<p>&nbsp;<\/p>\n<h2><a class=\"dt-pswp-item\" href=\"http:\/\/www.radiopiu.net\/wordpress\/wp-content\/uploads\/2019\/09\/Prefettura-Giugno19.jpg\" data-dt-img-description=\"\" data-large_image_width=\"1600\" data-large_image_height=\"900\"><img loading=\"lazy\" decoding=\"async\" class=\"size-medium wp-image-100540 alignleft\" src=\"http:\/\/www.radiopiu.net\/wordpress\/wp-content\/uploads\/2019\/09\/Prefettura-Giugno19-300x169.jpg\" alt=\"\" width=\"300\" height=\"169\" srcset=\"https:\/\/www.radiopiu.net\/wordpress\/wp-content\/uploads\/2019\/09\/Prefettura-Giugno19-300x169.jpg 300w, https:\/\/www.radiopiu.net\/wordpress\/wp-content\/uploads\/2019\/09\/Prefettura-Giugno19-768x432.jpg 768w, https:\/\/www.radiopiu.net\/wordpress\/wp-content\/uploads\/2019\/09\/Prefettura-Giugno19-1024x576.jpg 1024w, https:\/\/www.radiopiu.net\/wordpress\/wp-content\/uploads\/2019\/09\/Prefettura-Giugno19.jpg 1600w\" sizes=\"auto, (max-width: 300px) 100vw, 300px\" \/><\/a>SCUOLA: ANNO ALL&#8217;ESTERO? 2.200 POSTI E 1.500 BORSE DI STUDIO IN PALIO Le iscrizioni sono gi\u00e0 aperte!<\/h2>\n<p><strong>BELLUNO,<\/strong> Una bella opportunit\u00e0 per i giovani. Abbiamo chiesto a uno di loro che l&#8217;esperienza la conosce davvero bene di raccontarcela. Ai nostri microfoni Andrea Colaiacomo che ricorda anche i due appuntamenti per conoscere tutti i particolari, il 4 ottobre a Feltre alle 15 al liceo Dal Piaz e venerdi 11 alle 15 all&#8217;istituto Calvi di Belluno<\/p>\n<audio class=\"wp-audio-shortcode\" id=\"audio-100361-13\" preload=\"none\" style=\"width: 100%;\" controls=\"controls\"><source type=\"audio\/mpeg\" src=\"http:\/\/www.radiopiu.net\/wordpress\/wp-content\/uploads\/2019\/09\/Concorso-Intercultura-per-Belluno-1.mp3?_=13\" \/><a href=\"http:\/\/www.radiopiu.net\/wordpress\/wp-content\/uploads\/2019\/09\/Concorso-Intercultura-per-Belluno-1.mp3\">http:\/\/www.radiopiu.net\/wordpress\/wp-content\/uploads\/2019\/09\/Concorso-Intercultura-per-Belluno-1.mp3<\/a><\/audio>\n<p>IL DOCUMENTO COMPLETO<\/p>\n<div class=\"su-document su-u-responsive-media-yes\"><iframe loading=\"lazy\" src=\"\/\/docs.google.com\/viewer?embedded=true&url=http:\/\/www.radiopiu.net\/wordpress\/wp-content\/uploads\/2019\/09\/Comunicato-stampa-Concorso-Intercultura-2021.pdf\" width=\"320\" height=\"340\" class=\"su-document\" title=\"\"><\/iframe><\/div>\n<p>&nbsp;<\/p>\n<p>&nbsp;<\/p>\n<h3>I CONCORSI DI ASCA <em>Azienda Speciale Consortile Agordina<\/em><\/h3>\n<p><strong><a class=\"dt-pswp-item\" href=\"http:\/\/www.radiopiu.net\/wordpress\/wp-content\/uploads\/2018\/09\/POLIFUNZIONALE1.jpg\" data-dt-img-description=\"\" data-large_image_width=\"558\" data-large_image_height=\"648\"><img loading=\"lazy\" decoding=\"async\" class=\"wp-image-61888 alignleft\" src=\"http:\/\/www.radiopiu.net\/wordpress\/wp-content\/uploads\/2018\/09\/POLIFUNZIONALE1-258x300.jpg\" alt=\"\" width=\"153\" height=\"178\" srcset=\"https:\/\/www.radiopiu.net\/wordpress\/wp-content\/uploads\/2018\/09\/POLIFUNZIONALE1-258x300.jpg 258w, https:\/\/www.radiopiu.net\/wordpress\/wp-content\/uploads\/2018\/09\/POLIFUNZIONALE1.jpg 558w\" sizes=\"auto, (max-width: 153px) 100vw, 153px\" \/><\/a>AGORDO <\/strong>ASCA \u00e8 alla ricerca di una figura alla quale affidare il ruolo di responsabile della qualit\u00e0 dei processi interni e la gestione di progetti innovativi. Viene richiesto il diploma di \u00a0laurea triennale in materie umanistiche, giuridiche ed \u00a0economiche e possesso di patente cat.B. La scadenza per la presentazione della domanda \u00e8 il 4 ottobre 2019 entro le ore 12.00.<b><i> <\/i><\/b>L\u2019Azienda Speciale Consortile Agordina A.S.C.A. \u00e8 inoltre alla ricerca di un fisioterapista da inserire presso la Struttura per Anziani di Agordo a tempo determinato e a tempo pieno (38 ore settimanali). Viene richiesta la Laurea in fisioterapia abilitante alla professione sanitaria di Fisioterapista o titolo equipollente. Se interessati, si chiede di inviare curriculum vitae all\u2019indirizzo <a href=\"mailto:personale@servizisocialiasca.it\">personale@servizisocialiasca.it<\/a> oppure telefonare al numero del centralino di ASCA 0437 63750 interno 102.<\/p>\n<p>&nbsp;<\/p>\n<p>&nbsp;<\/p>\n<p>&nbsp;<\/p>\n<p>&nbsp;<\/p>\n<p>&nbsp;<\/p>\n<p>&nbsp;<\/p>\n<blockquote><p><strong>la storia di Morbiacca<\/strong><\/p>\n<p><em>3 DI MATTINA, LUNEDI. RIECCO LA MUCCA DI MORBIACH INIZIALMENTE\u00a0 EDUCATAMENTE OLTRE LA LINEA BIANCA. POI INVECE DECIDE DI FARSI UN GIRO VERSO LA MEZZERIA, ANCHE QUESTA VOLTA GLI E&#8217; ANDATA BENE.\u00a0 IL VIDEO E&#8217; DI ANTONIO DELL&#8217;AGNOLA DI TAIBON , MA E&#8217; MERAVIGLIOSO. DALLA &#8220;FUGA&#8221; SONO PASSATI 18 GIORNI<\/em><\/p><\/blockquote>\n<div style=\"width: 640px;\" class=\"wp-video\"><video class=\"wp-video-shortcode\" id=\"video-100361-1\" width=\"640\" height=\"352\" preload=\"metadata\" controls=\"controls\"><source type=\"video\/mp4\" src=\"http:\/\/www.radiopiu.net\/wordpress\/wp-content\/uploads\/2019\/09\/WhatsApp-Video-2019-09-30-at-12.55.06.mp4?_=1\" \/><a href=\"http:\/\/www.radiopiu.net\/wordpress\/wp-content\/uploads\/2019\/09\/WhatsApp-Video-2019-09-30-at-12.55.06.mp4\">http:\/\/www.radiopiu.net\/wordpress\/wp-content\/uploads\/2019\/09\/WhatsApp-Video-2019-09-30-at-12.55.06.mp4<\/a><\/video><\/div>\n<h2><span style=\"color: #ff0000;\">NOTIZIARIO 23 SETTEMBRE<\/span><\/h2>\n<blockquote class=\"wp-embedded-content\" data-secret=\"r5udnkskJD\"><p><a href=\"http:\/\/www.radiopiu.net\/wordpress\/la-mucca-di-morbiach-dopo-11-giorni-ancora-in-liberta\/\">LA MUCCA DI MORBIACH DOPO 11 GIORNI ANCORA IN LIBERTA&#8217;<\/a><\/p><\/blockquote>\n<p><iframe loading=\"lazy\" title=\"&#8220;LA MUCCA DI MORBIACH DOPO 11 GIORNI ANCORA IN LIBERTA&#8217;&#8221; &#8212; Radio Pi\u00f9\" class=\"wp-embedded-content\" sandbox=\"allow-scripts\" security=\"restricted\" style=\"position: absolute; clip: rect(1px, 1px, 1px, 1px);\" src=\"http:\/\/www.radiopiu.net\/wordpress\/la-mucca-di-morbiach-dopo-11-giorni-ancora-in-liberta\/embed\/#?secret=r5udnkskJD\" data-secret=\"r5udnkskJD\" width=\"600\" height=\"338\" frameborder=\"0\" marginwidth=\"0\" marginheight=\"0\" scrolling=\"no\"><\/iframe><\/p>\n<p>&nbsp;<\/p>\n<p>di Iliana Comina<\/p>\n<blockquote><p><em><strong>CENCENIGHE<\/strong> La mucca di\u00a0 Morbiach cosi battezzata \u00e8 una vicenda che a noi sembra strana e avulsa dal contesto\u2026ma nei fatti non lo \u00e8. Questa \u00e8 una delle tante storie che ci dimostrano che negli ambienti antropizzati forse \u00e8 l\u2019uomo la creatura pi\u00f9 invadente e gli animali non sempre sono felici di stare sotto il nostro controllo. La domesticazione degli animali di allevamento \u00e8 una pratica millenaria, gli animali \u201ccostretti dall\u2019uomo\u201d diciamo cosi hanno bisogno delle sue cure per sopravvivere, riparo, cibo, cure sanitarie, ma \u00e8 davvero cosi? Questa mucca ci dimostra che gli animali domestici nati liberi vogliono rimanere tali\u2026hanno una capacit\u00e0 di adattamento incredibile e tentano di cercare i propri simili e l\u2019ambiente che riconoscono come loro\u2026la mucca si sta inselvatichendo\u2026potr\u00e0 resistere ai predatori? pu\u00f2 darsi\u2026Potr\u00e0 resistere all\u2019inverno? Pu\u00f2 darsi\u2026Impossibile? mai dire mai\u2026in Liguria\u2026.\u00e8 successa la stessa cosa ma con pi\u00f9 esemplari\u2026e nessuno avrebbe detto che questi animali sarebbero di fatto tornati alla natura e per fortuna forse sfuggiti all\u2019uomo e ai suoi coltelli.<\/em><\/p><\/blockquote>\n<p><span style=\"color: #ff0000;\"><strong>Qui il video di \u201cvacche ribelli\u201d di vimeo.com\u00a0<\/strong><\/span><\/p>\n<p><iframe loading=\"lazy\" title=\"VACCHE RIBELLI\" src=\"https:\/\/player.vimeo.com\/video\/221235876?dnt=1&amp;app_id=122963\" width=\"1200\" height=\"675\" frameborder=\"0\" allow=\"autoplay; fullscreen\" allowfullscreen><\/iframe><\/p>\n<p>&nbsp;<\/p>\n<p>&nbsp;<\/p>\n<p>&nbsp;<\/p>\n<p>&nbsp;<\/p>\n<p>&nbsp;<\/p>\n<h2>IL LIBRO DI AMEDEO E SILVIA<\/h2>\n<p><strong><a class=\"dt-pswp-item\" href=\"http:\/\/www.radiopiu.net\/wordpress\/wp-content\/uploads\/2019\/09\/locandina-libro-valle-20-9.jpg\" data-dt-img-description=\"\" data-large_image_width=\"794\" data-large_image_height=\"1123\"><img loading=\"lazy\" decoding=\"async\" class=\"size-medium wp-image-100445 alignleft\" src=\"http:\/\/www.radiopiu.net\/wordpress\/wp-content\/uploads\/2019\/09\/locandina-libro-valle-20-9-212x300.jpg\" alt=\"\" width=\"212\" height=\"300\" srcset=\"https:\/\/www.radiopiu.net\/wordpress\/wp-content\/uploads\/2019\/09\/locandina-libro-valle-20-9-212x300.jpg 212w, https:\/\/www.radiopiu.net\/wordpress\/wp-content\/uploads\/2019\/09\/locandina-libro-valle-20-9-768x1086.jpg 768w, https:\/\/www.radiopiu.net\/wordpress\/wp-content\/uploads\/2019\/09\/locandina-libro-valle-20-9-724x1024.jpg 724w, https:\/\/www.radiopiu.net\/wordpress\/wp-content\/uploads\/2019\/09\/locandina-libro-valle-20-9.jpg 794w\" sizes=\"auto, (max-width: 212px) 100vw, 212px\" \/><\/a>SAN PIETRO DI CADORE<\/strong>\u00a0 Venerd\u00ec 4 ottobre 2019 alle\u00a0 20 all\u2019ex latteria in Via Rindeval \u2013 Frazione di Valle San Pietro di Cadore (BL) verr\u00e0 presentato il volume: \u201cVal, il paese di Valle nel Comelico tra Storia e storie\u201d di Amedeo De Bernardin G\u00e0ina e Silvia Soravia. Questo libro nasce dalla felice collaborazione tra due persone innamoratissime del loro paese: Valle di San Pietro di Cadore o, come sarebbe piu corretto dire, Valle di Comelico. Una di esse \u00e8 Amedeo De Bernardin Gaina il quale, dotato di uno spirito attento a ogni aspetto di cronaca locale e sorretto da una memoria prodigiosa, ha raccolto nel corso degli anni la tradizione orale degli anziani, divenendo un vero e proprio archivio vivente di fatti, persone e luoghi del paese e dell\u2019intero Comelico di sotto. L\u2019altra \u00e8 Silvia Soravia che, altrettanto appassionata di storia locale, negli ultimi anni ha eseguito approfondite esplorazioni nell\u2019archivio storico e nella biblioteca comunale di San Pietro di Cadore, con risultati assolutamente inediti e di grande valore per ricostruire le vicende del paese di Valle di Comelico. Alla stesura del libro hanno contribuito Piergiorgio Cesco Frare e la moglie Nicoletta Barazzuol, in particolare per l&#8217;aspetto storico-documentale e l\u2019inquadramento toponomastico, supportati dalla competenza tecnica dell\u2019architetto Andrea Turato. Nel testo si trovano, oltre alle notizie di cronaca e alle citazioni di documenti antichi, alcune interpretazioni nuove su fatti e situazioni, nonch\u00e8 alcuni testi di racconti in dialetto comelicano, a testimonianza di una variet\u00e0 linguistica ladina molto conservativa, bench\u00e8 ora in fase di marcato regresso. Notevole interesse poi rivestono le tre fiabe riportate nella sezione, in quanto si riallacciano alla tradizione della fiabologia europea.<\/p>\n<p>&nbsp;<\/p>\n<p>&nbsp;<\/p>\n<p>&nbsp;<\/p>\n<p>&nbsp;<\/p>\n<p>&nbsp;<\/p>\n<h2><span style=\"color: #ff0000;\">IL PENSIERO<\/span><\/h2>\n<h2>DI RODOLFO PELLEGRINON-FALCADE<\/h2>\n<div class=\"moz-text-html\" lang=\"x-western\">\n<blockquote>\n<div dir=\"ltr\"><em>Spesso viene agitato con vigore dalla sinistra, contro la Lega, Salvini e altri, lo spauracchio del Sovranismo e del Populismo, come fossero delle cose indegne da evitare. <\/em><em>In poche parole ne riassumo il significato: Sovranismo \u2013 Dottrina politica che riconosce il potere sovrano di una nazione o di un popolo non assoggettabile a nessuna autorit\u00e0 estera. <\/em><em>Populismo \u2013 Andare incontro al popolo assecondandone i desideri, in sostanza fare del populismo vuol dire cercare di arrivare alla pancia della gente con discorsi semplici. <\/em><em>Alla luce di quanto sopra lo confesso: Sono anch\u2019io Sovranista e Populista.<\/em><\/div>\n<\/blockquote>\n<\/div>\n<p>&nbsp;<\/p>\n<p>&nbsp;<\/p>\n<p><a class=\"dt-pswp-item\" href=\"http:\/\/www.radiopiu.net\/wordpress\/wp-content\/uploads\/2018\/09\/appuntamenti.jpeg\" data-dt-img-description=\"\" data-large_image_width=\"800\" data-large_image_height=\"100\"><img loading=\"lazy\" decoding=\"async\" class=\"aligncenter wp-image-61958 size-full\" src=\"http:\/\/www.radiopiu.net\/wordpress\/wp-content\/uploads\/2018\/09\/appuntamenti.jpeg\" alt=\"\" width=\"800\" height=\"100\" srcset=\"https:\/\/www.radiopiu.net\/wordpress\/wp-content\/uploads\/2018\/09\/appuntamenti.jpeg 800w, https:\/\/www.radiopiu.net\/wordpress\/wp-content\/uploads\/2018\/09\/appuntamenti-300x38.jpeg 300w, https:\/\/www.radiopiu.net\/wordpress\/wp-content\/uploads\/2018\/09\/appuntamenti-768x96.jpeg 768w\" sizes=\"auto, (max-width: 800px) 100vw, 800px\" \/><\/a><\/p>\n<p>&nbsp;<\/p>\n<p><strong>ROCCA PIETORE<\/strong> Il sindaco Andrea De Bernardin ha convocato i consiglieri per oggi alle 18.30. All&#8217;ordine del giorno: approvazione documento unico di programmazione;\u00a0 prelevamento dal fondo di riserva; variazioni al bilancio di previsione; piano delle alienazioni e valorizzazione patrimonio immobiliare; comunicazioni del sindaco. Alle 20 consiglio dell&#8217;Unione Montana in sala Don Tamis ad Agordo.<\/p>\n<p>&nbsp;<\/p>\n<p><strong>LA VALLE<\/strong> Il Pr ranch con l&#8217;Aics Belluno organizza un corso di ginnastica, coordinazione, ritmo e volteggio, tutti i martedi dalle 16.30 al Palarova di Agordo. Il corso avr\u00e0 inizio con il primo ottobre fino al 6 aprile, aperto a tutti dai 6 anni in su. Informazioni e iscrizioni al 348 4352362<\/p>\n<p>&nbsp;<\/p>\n<p><strong>CENCENIGHE<\/strong> La famiglia ex emigranti agordini organizza il pranzo sociale per domenica 13 ottobre all&#8217;Hotel Europa di Alleghe. Programma: 10 messa in ricordo degli emigranti scomparsi; 12.30 pranzo e lotteria. Prenotazioni entro il 10 ottobre all&#8217;hotel, telefono\u00a0 0437 523362, oppure dalla presidente Lucia De Toffol 0437 591492. Per il 27 ottobre terzo anniversario dell&#8217;inaugurazione del Monumento dell&#8217;emigrante a Cencenighe con la posa di una corona d&#8217;alloro, alle 10.30 la messa a seguire il corteo verso il piazzale Nof Filo&#8217;.<\/p>\n<p>&nbsp;<\/p>\n<p><strong>LONGARONE<\/strong> La Federazione Italiana Sport Invernali apre la stagione a Longaronefiere nel padiglio A2, domenica 6 ottobre alle 15.30 con la 30^edizione del premio Fair Play. Programma: saluto delle autorit\u00e0,\u00a0 premiazione Dolomiti Show Games, intervento Fondazione Cortina 2021 Progetto Donors, consegna benemerenze FISI, presentazione tecnici e squadre agonistiche del Comitato Veneto, premiazione Coppa Veneto ENERGIAPURA 2018\/2019. Consegna 30\u00b0 Fair Play \u201cBepin De Eto<\/p>\n<p>&nbsp;<\/p>\n<div><strong>BELLUNO<\/strong>\u00a0 \u00a0\u201cGiornate d\u2019autunno\u201d,\u00a0 \u00e8 il secondo grande evento nazionale che il Fondo Ambiente Italiano promuove per sensibilizzare i cittadini sulla valorizzazione delle bellezze del patrimonio storico, artistico e paesaggistico dei nostri territori e sui temi della tutela, della conservazione e del restauro. Dopo il successo delle Giornate di Primavera, in centro storico a Belluno, e dopo l\u2019apertura estiva di Villa Pasole a Pedavena, per questo appuntamento autunnale il Fai conquista\u00a0 \u00a0le montagne del Cadore. L&#8217;evento sar\u00e0 presentato in sala consiliare della Magnifica Comunit\u00e0 di Pieve di Cadore il\u00a0 3 ottobre alle ore 15.30.<\/div>\n<div><\/div>\n<div><\/div>\n<div><\/div>\n<div><strong>BELLUNO<\/strong> Sabato alle 21 al Teatro Comunale di Belluno in occasione della manifestazione Oltre le Vette, verr\u00e0 presentato il docufilm Gabelli, la scuola pi\u00f9 bella d&#8217;Italia che narra la storia di Pierina Boranga, ideatrice della scuola elementare Aristide Gabelli di Belluno, vanto nazionale in epoca fascista per la modernit\u00e0 del fabbricato e per la didattica dell\u2019insegnamento.<br \/>\nLa pellicola \u00e8 stata prodotta da Belluno Ciak in collaborazione con la Filarmonica di Belluno che ha inciso la colonna sonora composta dal cortinese Davide Donazzolo. Il progetto \u00e8 stato sostenuto anche dall&#8217;Associazione cittadini per recupero della Scuola Gabelli &#8211; Belluno la quale ha dato un importante contributo per la realizzazione del documentario. Ingresso libero.<\/div>\n<div><\/div>\n<p>&nbsp;<\/p>\n<div><strong><a class=\"dt-pswp-item\" href=\"http:\/\/www.radiopiu.net\/wordpress\/wp-content\/uploads\/2019\/08\/download-6.jpg\" data-dt-img-description=\"\" data-large_image_width=\"300\" data-large_image_height=\"168\"><img loading=\"lazy\" decoding=\"async\" class=\" wp-image-95372 alignleft\" src=\"http:\/\/www.radiopiu.net\/wordpress\/wp-content\/uploads\/2019\/08\/download-6-300x168.jpg\" alt=\"\" width=\"161\" height=\"90\" \/><\/a><\/strong><\/div>\n<div>\n<p><strong>IL SALUTO DI UNA COMUNITA&#8217; AD UN GRANDE PARROCO, DON MARIO ZANON<\/strong><\/p>\n<p><strong>TAIBON<\/strong>\u00a0<strong>La comunit\u00e0 parrocchiale invita la popolazione domenica 6 ottobre alle 10 alla messa per salutare e ringraziare Don Mario per gli anni dedicati al servizio della comunit\u00e0.<\/strong><\/p>\n<\/div>\n<p>&nbsp;<\/p>\n<p>&nbsp;<\/p>\n<p>&nbsp;<\/p>\n<p>&nbsp;<\/p>\n<p><strong><a class=\"dt-pswp-item\" href=\"http:\/\/www.radiopiu.net\/wordpress\/wp-content\/uploads\/2018\/09\/viabilita.jpeg\" data-dt-img-description=\"\" data-large_image_width=\"800\" data-large_image_height=\"100\"><img loading=\"lazy\" decoding=\"async\" class=\"alignnone wp-image-61954 size-full\" src=\"http:\/\/www.radiopiu.net\/wordpress\/wp-content\/uploads\/2018\/09\/viabilita.jpeg\" alt=\"\" width=\"800\" height=\"100\" srcset=\"https:\/\/www.radiopiu.net\/wordpress\/wp-content\/uploads\/2018\/09\/viabilita.jpeg 800w, https:\/\/www.radiopiu.net\/wordpress\/wp-content\/uploads\/2018\/09\/viabilita-300x38.jpeg 300w, https:\/\/www.radiopiu.net\/wordpress\/wp-content\/uploads\/2018\/09\/viabilita-768x96.jpeg 768w\" sizes=\"auto, (max-width: 800px) 100vw, 800px\" \/><\/a><\/strong><\/p>\n<p>&nbsp;<\/p>\n<p><strong>Regionale 48 delle Dolomiti,<\/strong> localit\u00e0 San Giovanni di Livinallongo: fino al 4 ottobre dalle 8.30 alle 12 e dalle 13.30 alle 17.30 senso unico alternato e interruzioni della durata massima di 20 minuti.<\/p>\n<p><strong>Regionale 251 Val di Zoldo,<\/strong> Comune di Colle Santa Lucia:\u00a0 senso unico alternato.<\/p>\n<p><strong>Regionale 346 del San<\/strong> Pellegrino Comune di Falcade: fino al 18 ottobre escusi festivi e prefestivi, senso unico alternato.<\/p>\n<p><strong>Provinciale 563 di Salesei,<\/strong> Comune di Rocca Pietore:\u00a0 fino al 11 ottobre senso unico alternato regolato da movieri dalle 8 alle 18<\/p>\n<p>&nbsp;<\/p>\n<p>&nbsp;<\/p>\n<p>&nbsp;<\/p>\n<p><a class=\"dt-pswp-item\" href=\"http:\/\/www.radiopiu.net\/wordpress\/wp-content\/uploads\/2018\/09\/sport.jpg\" data-dt-img-description=\"\" data-large_image_width=\"800\" data-large_image_height=\"100\"><img loading=\"lazy\" decoding=\"async\" class=\"aligncenter wp-image-60761 size-full\" src=\"http:\/\/www.radiopiu.net\/wordpress\/wp-content\/uploads\/2018\/09\/sport.jpg\" alt=\"\" width=\"800\" height=\"100\" srcset=\"https:\/\/www.radiopiu.net\/wordpress\/wp-content\/uploads\/2018\/09\/sport.jpg 800w, https:\/\/www.radiopiu.net\/wordpress\/wp-content\/uploads\/2018\/09\/sport-300x38.jpg 300w, https:\/\/www.radiopiu.net\/wordpress\/wp-content\/uploads\/2018\/09\/sport-768x96.jpg 768w\" sizes=\"auto, (max-width: 800px) 100vw, 800px\" \/><\/a><\/p>\n<h2>CALCIO<\/h2>\n<p class=\"p1\"><span class=\"s1\"><b>TERZA CATEGORIA <\/b><\/span><span class=\"s1\">AGORDINA &#8211; COI DE PERA 4-2 <\/span><span class=\"s1\">GOL AGORDINA: 2 Fossen, Cancel, <\/span><\/p>\n<p class=\"p1\"><span class=\"s1\">Bella vittoria dell\u2019Agordina che tra le mura amiche stende il Coi De Pera. Che fatica per\u00f2 per la squadra di Lorenzi che rimonta nella seconda frazione dopo un primo tempo da dimenticare.\u00a0 <\/span><span class=\"s1\">Passano solo 3\u2019 e il Coi De Pera passa avanti. Calcio d\u2019angolo dalla destra e colpo vincente di Davinovic che beffa il portiere dell\u2019Agordina. La squadra di Lorenzi non ci sta ed alza il ritmo. Cancel ci prova ma davanti al portiere non centra i pali. Cancel continua a fare tutto da solo ma al momento della conclusione si fa ipnotizzare dall\u2019estremo difensore. Tante le occasioni degli agordini ma la prima frazione termina con gli ospiti in vantaggio. Nella ripresa l\u2019Agordina ingrana la marcia giusta e pareggia i conti con Fossen su calcio piazzato. Lo stesso Fossen firma anche la rete del 2 a 1 che in mischia trova il tappin vincente. Continuano a premere gli uomini di lorenzi che chiudono la sfida con Cancel che beffa il portiere con un pallonetto. Coi De Pera che accorcia le distanze, fallo di mano in area e rigore trasformato dagli ospiti. Match che si chiude a pochi minuti dal termine quando Dal Don gonfia la rete. <\/span><\/p>\n<p class=\"p1\"><span class=\"s1\"><b>PRIMA CATEGORIA <\/b><\/span><span class=\"s1\">SAN MICHELE SALSA &#8211; FIORI BARP MAS 1-2 <\/span><span class=\"s1\">GOL FIORI BARP MAS: Marsango, Da Silva (r)<\/span><\/p>\n<p class=\"p1\"><span class=\"s1\">3 punti sudati per il Fiori Barp che in terra trevigiana passa in vantaggio nella prima frazione e chiude la partita con 9 uomini dopo l\u2019espulsione di 2 giocatori. Una partita nervosa che il direttore di gara non ha decisamente gestito al meglio. <\/span><span class=\"s1\">Primi minuti di gara senza tante emozioni con un Fiori Barp che prova ad avvicinarsi alla porta con pi\u00f9 frequenza. La squadra di De Battista passa in vantaggio al 12\u2019 quando Soppelsa trova libero Marsango che con un diagonale potente batte il portiere. Il San Michele prova a rispondere ma non trova la porta. Al 28\u2019 Lenisa pareghia i conti per i trevigiani con una semirovescita imparabile. Fiori Barp che si riporta avanti a fine primo tempo. Fallo di mano in area e rigore trasformato da Da Silva appena prima di essere espulso per proteste. Nella ripresa poche le azioni importanti. Masoch prova a colpire ma non riesce a concludere l\u2019azione per fuorigioco. I sedicensi rimangono in 9 quando Fattor racimola la seconda ammonizione della giornata. <\/span><\/p>\n<p class=\"p1\"><span class=\"s1\"><b>GIOVANISSIMI PROVINCIALI <\/b><\/span><span class=\"s1\">AGORDINA &#8211; SAN GIORGIO 2-2 <\/span><span class=\"s1\">Pari e patta tra Agordina e San Giorgio che si spartiscono la posta in palio. Prima frazione di gara a reti inviolate e ripresa scatenata con gli agordini capaci di passare in vantaggio con De Toni e raddoppiare grazie a Fontanive. Nel finale di gara il San Giorgio sfrutta due errori difensivi per pareggiare i conti. <\/span><\/p>\n<p class=\"p1\"><span class=\"s1\"><b>ALLIEVI PROVINCIALI <\/b><\/span><span class=\"s1\">DOMEGGE &#8211; AGORDINA 0-4 <\/span><span class=\"s1\">Seconda vittoria consecutiva per gli Allievi dell\u2019Agordina che contro il Domegge calano il poker in terra cadorina. Agordini che passano in vantaggio al 18\u2019 quando Fa\u00e8 centra i pali dopo una buona azione manovrata. Nella ripresa l\u2019Agordina dilaga con Chiea che raddoppia su rigore. Subito dopo la terza marcatura agordina \u00e8 di Bernardi che devia in porta su calcio d\u2019angolo. A chiudere definitivamente la sfida ci pensa Bordon con un siluro dalla distanza.<\/span><\/p>\n<p class=\"p1\"><span class=\"s1\"><b>JUNIORES PROVINCIALI <\/b><\/span><span class=\"s1\">PLAVIS &#8211; AGORDINA 2-3 <\/span><span class=\"s1\">Bella vittoria ella squadra di De Lazzer che a Santa Giustina incamera 3 punti contro la Plavis. Padroni di casa che passano in vantaggio ma agordini che pareggiano con una punizione di Del Chin. Plavis ancora in vantaggio poco dopo ma la squadra di Agordo porta sul 2 a 2 la sfida con un diagonale di Baiolla. Agordina che porta a a casa l\u2019intera posta in palio grazie al gol di De Luca.<\/span><\/p>\n<p class=\"p1\"><span class=\"s1\"><b>SAN GIORGIO <\/b><\/span><span class=\"s1\"><b>ALLIEVI REGIONALI <\/b><\/span><span class=\"s1\">SAN GIORGIO SEDICO &#8211; LOVISPRESIANO 1-1 <\/span><span class=\"s1\">Dopo una partita giocata con il cuore e la grinta giusta, il San Giorgio conquista il primo punto della stagione contro il Lovispresiano. Trevigiani che passano in vantaggio nella ripresa e padroni di casa che, in pieno recupero, pareggiano i conti con de Col. Match che si incattivisce con un giocatore per parte espulsi dal campo. <\/span><\/p>\n<p class=\"p1\"><span class=\"s1\"><b>CAMPIONATI CSI <\/b><\/span><span class=\"s1\"><b>OPEN A1 <\/b><\/span><span class=\"s1\">LE VILLE TURNO DI RIPOSO <\/span><span class=\"s1\"><b>OVER <\/b><\/span><span class=\"s1\">LA VALLE &#8211; CASTION 4-2 <\/span><span class=\"s1\">GOL LA VALLE: Manuel Matten, Davide Malacarne, Gianluca Mezzacasa, Giuseppe Cioffi<\/span><\/p>\n<p>&nbsp;<\/p>\n<h2>HOCKEY SU GHIACCIO<\/h2>\n<p class=\"p1\"><span class=\"s1\"><b>ITALIAN HOCKEY LEAGUE <\/b><\/span><span class=\"s1\">ALLEGHE TURNO DI RIPOSO<\/span><\/p>\n<p class=\"p1\"><span class=\"s1\"><b>UNDER 19 <\/b><\/span><span class=\"s1\">MERANO &#8211; ALLEGHE 7-4 <\/span><span class=\"s1\">PARZIALI: 2-0, 2-2, 3-2 <\/span><span class=\"s1\">GOL ALLEGHE: st. Dell\u2019Osbel, Giuliani. tt. Giolai, Rossi <\/span><span class=\"s1\">L\u2019Alleghe under 19 ritorna da Merano con una sconfitta. La squadra di Matikainen non riesce a tenere il passo degli altoatesini nella prima frazione e ne paga le conseguenze. Buona prova degli agordini nel secondo e terzo drittel. Dopo il 2 a 0 del primo tempo, le civette provano la risposta nell secondo drittel con Dell\u2019Osbel e Giuliani ma i padroni di casa mantengono le due reti di distacco. Terza frazione di marca meranese che incrementa il vantaggio prima dei gol di Giolai e Rossi. <\/span><\/p>\n<p class=\"p1\"><span class=\"s1\"><b>UNDER 17 <\/b><\/span>VARESE &#8211; FASSA\/ALLEGHE 0-10 <span class=\"s1\">PARZIALI: 0-3, 0-2, 0-5 <\/span><span class=\"s1\">GOL FASSA\/ALLEGHE: pt. Riz, Pellegrin, Martini. st. Cassan, Pellegrin. tt. 3 Dantone, Angoletta, Riz <\/span><span class=\"s1\">Tutto facile per il Fassa\/Alleghe che in terra lombarda rifila 10 gol ad un Varese mai stato in partita. Un monologo della squadra ospite che chiude la sfida in 40\u2019 per poi dilagare nel terzo tempo. Prima vittoria della squadra fassana\/agordina in questa stagione.<\/span><\/p>\n<p class=\"p1\"><span class=\"s1\"><b>UNDER 15 <\/b><\/span><span class=\"s1\">ALLEGHE<span class=\"Apple-converted-space\">\u00a0 <\/span>TURNO DI RIPOSO<\/span><\/p>\n<p>&nbsp;<\/p>\n<p>&nbsp;<\/p>\n<p>&nbsp;<\/p>\n<h2>IL LE VILLE SI AGGIUDICA PER LA SECONDA VOLTA CONSECUTIVA IL MEMORIAL MANUEL COSTA<\/h2>\n<p><a class=\"dt-pswp-item\" href=\"http:\/\/www.radiopiu.net\/wordpress\/wp-content\/uploads\/2019\/09\/MEMORIAL-MANUEL-LE-VILLE.jpg\" data-dt-img-description=\"\" data-large_image_width=\"640\" data-large_image_height=\"480\"><img loading=\"lazy\" decoding=\"async\" class=\"size-medium wp-image-100478 alignleft\" src=\"http:\/\/www.radiopiu.net\/wordpress\/wp-content\/uploads\/2019\/09\/MEMORIAL-MANUEL-LE-VILLE-300x225.jpg\" alt=\"\" width=\"300\" height=\"225\" srcset=\"https:\/\/www.radiopiu.net\/wordpress\/wp-content\/uploads\/2019\/09\/MEMORIAL-MANUEL-LE-VILLE-300x225.jpg 300w, https:\/\/www.radiopiu.net\/wordpress\/wp-content\/uploads\/2019\/09\/MEMORIAL-MANUEL-LE-VILLE.jpg 640w\" sizes=\"auto, (max-width: 300px) 100vw, 300px\" \/><\/a>Si \u00e8 conclusa la terza edizione del Memorial Manuel Costa all&#8217;Arena1082 di San Tomaso. 8 le squadre iscritte al torneo organizzato dalle Nuove Leve MC e gli amici di Manuel. Per il seconod anno consecutivo il Le Ville vince la manifestazione. Fase eliminitaroia iniziata venerd\u00ec sera. Nel girone A il Taibon ha chiuso la fase eliminatoria al primo posto accedendo cos\u00ec in semifinale. Accedono ai miniquarti i The Good Fellas e gli Scarsenal. Fuori dai giochi il Fantarosso. Giorne B pi\u00f9 combattuto con 3 squadre a pari punti dopo i match di qualificazione. La differenza reti ha consegnato al Le Ville le semifinali mentre le Nuove Leve e l&#8217;X-Team dovranno giocarsi i quarti per conquistare un posto alle semifinali. Nei miniquarti di finale strappano il pass i The Good Fellas e Le Nuove Leve MC che poi, entrambe , hanno perso la semifinale rispettivamente contro Le Ville e Taibon. Nella finalissima del Memorial Manuel Costa il Le Ville vince 4 a 1 contro il Taibon portandosi a casa il torneo per la seconda volta consecutiva. La classifica finale: 1. Le Ville, 2. Taibon, 3. The Good Fellas, 4. Nuove Leve MC, 5. X-Team, 6. Scarsenal, 7. Break Time, 8. Fantarosso Premi speciali ad Alfredo Ren (Nuove Leve MC) come miglior portiere, mentre Daniele Campedel (Taibon) riceve il riconoscimento di miglior giovane e capocannoniere. In campo anche le donne che hanno giocato il Memorial Sebastiano Vattai. Tre le squadre iscritte all&#8217;edizione 2019. Dopo la fase eliminatoria il Fodom \u00e8 rimasto fuori dai giochi e nella finale il Taibon ha vinto contro Le Belle Leve MC. La classifica finale: 1. Taibon, 2. Belle Leve MC, 3. Fodom. Premi speciali a Valeria Agostini (Taibon) come miglior portiere e a Ylenia Ganz (Taibon) capocannoniere.<\/p>\n<p>&nbsp;<\/p>\n<p>&nbsp;<\/p>\n<p>&nbsp;<\/p>\n<h2>L&#8217;ALTO ADIGE SI AGGIUDICA IL TORNEO GIANCARLO TERMANINI<\/h2>\n<p>Un fine settimana dedicato agli under 13 al De Toni di Alleghe dove si sono scontrate le 5 squadre composte dai comitati FISG di Veneto, Alto Adige, Trentino, Lombardia e Piemonte. Il Memorial Giancarlo Termanini \u00e8 andato all&#8217;Alto Adige che in finale ha battuto il comitato Veneto e dopo aver fatto un girone di qualificazione perfetto vincendo tutte le partite in programma.<\/p>\n<p>Questi i risultati delle partite durante la fase eliminatoria: ALTO ADIGE \u2013 TRENTINO 4-0 VENETO \u2013 LOMBARDIA 7-2 ALTO ADIGE \u2013 PIEMONTE 7-3 TRENTINO \u2013 LOMBARDIA 5-2 VENETO \u2013 PIEMONTE 5-4 ALTO ADIGE \u2013 LOMBARDIA 14-2 VENETO \u2013 TRENTINO 7-0 LOMBARDIA \u2013 PIEMONTE 3-4 VENETO \u2013 ALTO ADIGE 0-3 TRENTINO \u2013 PIEMONTE 3-2 Nella finalissima del torneo l&#8217;Alto Adige ha superato nettamente la compagine veneta con il risultato finale di 8 a 1.<\/p>\n<p>&nbsp;<\/p>\n<p>&nbsp;<\/p>\n<p>&nbsp;<\/p>\n<h2>GARA PODISTICA DEI DONATORI DEL SANGUE A CENCENIGHE<\/h2>\n<p><a class=\"dt-pswp-item\" href=\"http:\/\/www.radiopiu.net\/wordpress\/wp-content\/uploads\/2019\/09\/b79f653e-a22e-4a7e-9dd4-b138d1c93e7b.jpg\" data-dt-img-description=\"\" data-large_image_width=\"1600\" data-large_image_height=\"1200\"><img loading=\"lazy\" decoding=\"async\" class=\"size-medium wp-image-100523 alignleft\" src=\"http:\/\/www.radiopiu.net\/wordpress\/wp-content\/uploads\/2019\/09\/b79f653e-a22e-4a7e-9dd4-b138d1c93e7b-300x225.jpg\" alt=\"\" width=\"300\" height=\"225\" srcset=\"https:\/\/www.radiopiu.net\/wordpress\/wp-content\/uploads\/2019\/09\/b79f653e-a22e-4a7e-9dd4-b138d1c93e7b-300x225.jpg 300w, https:\/\/www.radiopiu.net\/wordpress\/wp-content\/uploads\/2019\/09\/b79f653e-a22e-4a7e-9dd4-b138d1c93e7b-768x576.jpg 768w, https:\/\/www.radiopiu.net\/wordpress\/wp-content\/uploads\/2019\/09\/b79f653e-a22e-4a7e-9dd4-b138d1c93e7b-1024x768.jpg 1024w, https:\/\/www.radiopiu.net\/wordpress\/wp-content\/uploads\/2019\/09\/b79f653e-a22e-4a7e-9dd4-b138d1c93e7b.jpg 1600w\" sizes=\"auto, (max-width: 300px) 100vw, 300px\" \/><\/a><\/p>\n<p>&nbsp;<\/p>\n<p>&nbsp;<\/p>\n<p>Si \u00e8 svolta a Cencenighe la 21\u00b0 edizione di \u201cCoron tuti coi donatori\u201d, la corsa podistica organizzata dai Donatori del Sangue di Cencenighe. Dopo 9 anni la pineta di Cencenighe \u00e8 ritornata luogo di ritrovo per gli atleti della corsa su strada. In ambito maschile la vittoria \u00e8 andata a Eris Costa mentre Martina Brustolon s\u2019impone nella femminile.<\/p>\n<p><strong>LE INTERVISTE DI MATTEO MANFROI<\/strong><\/p>\n<audio class=\"wp-audio-shortcode\" id=\"audio-100361-14\" preload=\"none\" style=\"width: 100%;\" controls=\"controls\"><source type=\"audio\/mpeg\" src=\"http:\/\/www.radiopiu.net\/wordpress\/wp-content\/uploads\/2019\/09\/GARA-DONATORI-CENCENIGHE-INTERVISTE-MATTEO.mp3?_=14\" \/><a href=\"http:\/\/www.radiopiu.net\/wordpress\/wp-content\/uploads\/2019\/09\/GARA-DONATORI-CENCENIGHE-INTERVISTE-MATTEO.mp3\">http:\/\/www.radiopiu.net\/wordpress\/wp-content\/uploads\/2019\/09\/GARA-DONATORI-CENCENIGHE-INTERVISTE-MATTEO.mp3<\/a><\/audio>\n<p>&nbsp;<\/p>\n<p>&nbsp;<\/p>\n<p>&nbsp;<\/p>\n<h2>MENEGHEL E BARATTIN PRIMI SUL NEVEGAL<\/h2>\n<p><strong><a class=\"dt-pswp-item\" href=\"http:\/\/www.radiopiu.net\/wordpress\/wp-content\/uploads\/2019\/09\/01-Arrivo-lunga-abbraccio-Barattin-e-Meneghel.jpg\" data-dt-img-description=\"\" data-large_image_width=\"2500\" data-large_image_height=\"1668\"><img loading=\"lazy\" decoding=\"async\" class=\"size-medium wp-image-100524 alignleft\" src=\"http:\/\/www.radiopiu.net\/wordpress\/wp-content\/uploads\/2019\/09\/01-Arrivo-lunga-abbraccio-Barattin-e-Meneghel-300x200.jpg\" alt=\"\" width=\"300\" height=\"200\" srcset=\"https:\/\/www.radiopiu.net\/wordpress\/wp-content\/uploads\/2019\/09\/01-Arrivo-lunga-abbraccio-Barattin-e-Meneghel-300x200.jpg 300w, https:\/\/www.radiopiu.net\/wordpress\/wp-content\/uploads\/2019\/09\/01-Arrivo-lunga-abbraccio-Barattin-e-Meneghel-768x512.jpg 768w, https:\/\/www.radiopiu.net\/wordpress\/wp-content\/uploads\/2019\/09\/01-Arrivo-lunga-abbraccio-Barattin-e-Meneghel-1024x683.jpg 1024w\" sizes=\"auto, (max-width: 300px) 100vw, 300px\" \/><\/a>BELLUNO<\/strong> Un\u2019arrivo in volata a braccia alzate, tenendosi per mano, Un arrivo da eroi per Daniele Meneghel e Gianpietro Barattin che hanno tagliato il traguardo della 22 km in 2 ore 5 minuti e 58 secondi. A completare il podio maschile Cristian Sommariva con il tempo di 2 ore 10 minuti e 26 secondi. Non da meno Martina De Silvestro che nel tracciato lungo ha saputo farsi valere con il tempo di 2 ore 26 minuti 47 secondi. Al seguito Nicole Guidolin (2:32:30) e Monica Casagrande (2:42:33). Sul percorso breve invece \u00e8 stato Olivo Da Pra a tagliare il traguardo per primo con il tempo di 44 minuti 11 secondi. A pochi secondi Giorgio Dell\u2019Osta ed Andrea Protti. Per quanto inerente la classifica femminile \u00e8 Chiara Mares la pi\u00f9 veloce che conclude il tracciato in 1 ora 4 minuti e 56 secondi. A seguirla Chiara Dell\u2019Agnola (1:10:41) e Marcella Bellanca (1:12:56)<\/p>\n<blockquote><p><em>Una gara perfetta per Daniele Meneghel: \u00abLa prima salita siamo partiti forti, tanto forti. Quindi non ho potuto fare altro che tenerli, altrimenti sarebbe stato difficile recuperare nel resto del tracciato. Poi in cresta c\u2019era questa nebbia che andava e veniva, ma fortunatamente riuscivo sempre ad avere Gianpietro sott\u2019occhio\u00bb.<\/em><\/p>\n<p><em>Soddisfatto L&#8217;agordino Cristian Sommariva, terzo classificato nella gara regina: \u00abE\u2019 un periodo che non riesco ad allenarmi tanto bene, quindi oggi posso dire che sono proprio contento. Poi la giornata \u00e8 stata tutto sommato bella e fresca. Mi dispiace non aver tenuto testa a Gianpietro e Daniele, ma sono dovuto partire piano, perch\u00e9 non ero certo di riuscire a tenere tutti questi chilometri. Da appassionato di discesa poi posso dire che sono state favolose.\u00bb<\/em><\/p><\/blockquote>\n<p>&nbsp;<\/p>\n<p>&nbsp;<\/p>\n<p>&nbsp;<\/p>\n<p>&nbsp;<\/p>\n<p><center><b><a class=\"dt-pswp-item\" href=\"http:\/\/www.radiopiu.net\/wordpress\/wp-content\/uploads\/2018\/09\/WhatsApp-Image-2018-09-20-at-16.04.06.jpeg\" data-dt-img-description=\"\" data-large_image_width=\"800\" data-large_image_height=\"100\"><img loading=\"lazy\" decoding=\"async\" class=\"alignnone wp-image-61378 size-full\" src=\"http:\/\/www.radiopiu.net\/wordpress\/wp-content\/uploads\/2018\/09\/WhatsApp-Image-2018-09-20-at-16.04.06.jpeg\" alt=\"\" width=\"800\" height=\"100\" srcset=\"https:\/\/www.radiopiu.net\/wordpress\/wp-content\/uploads\/2018\/09\/WhatsApp-Image-2018-09-20-at-16.04.06.jpeg 800w, https:\/\/www.radiopiu.net\/wordpress\/wp-content\/uploads\/2018\/09\/WhatsApp-Image-2018-09-20-at-16.04.06-300x38.jpeg 300w, https:\/\/www.radiopiu.net\/wordpress\/wp-content\/uploads\/2018\/09\/WhatsApp-Image-2018-09-20-at-16.04.06-768x96.jpeg 768w\" sizes=\"auto, (max-width: 800px) 100vw, 800px\" \/><\/a><\/b><\/center><center><\/center><center><\/center><center><\/center><center><b>Lunedi 30<\/b><\/center><b>Tempo atteso: <\/b>Giornata generalmente soleggiata e piuttosto calda per il periodo, salvo nubi a ridosso dei rilievi, soprattutto sulle Prealpi. Nelle ore pi\u00f9 fredde probabili nubi basse in alcune valli, pi\u00f9 estese in Valbelluna.<br \/>\n<b>Precipitazioni: <\/b>Assenti (0%)<br \/>\n<b>Temperature: <\/b>Minime stazionarie, salvo diminuire un po&#8217; in alcuni fondovalle dolomitici, massime in aumento, su valori 3-5\u00b0C superiori alla norma. Su Prealpi a 1500 m min 9\u00b0C max 14\u00b0C, a 2000 m min 8\u00b0C max 13\u00b0C. Su Dolomiti a 2000 m min 7\u00b0C max 14\u00b0C, a 3000 m min 1\u00b0C max 5\u00b0C.<br \/>\n<b>Venti: <\/b>Nelle valli deboli o moderati per brezze; in quota da Ovest Nord-Ovest, inizialmente moderati, a tratti tesi sulle cime, poi in attenuazione nel pomeriggio, fino a deboli o moderati, 10-30 km\/h a 2000 m, 25-35 km\/h a 3000 m.<\/p>\n<hr \/>\n<p><center><b>Martedi 1<\/b><\/center><b>Tempo atteso: <\/b>Al mattino sulle Prealpi e nelle valli dolomitiche pi\u00f9 basse nuvoloso per nubi basse, salvo parziali schiarite; in quota e nelle valli dolomitiche pi\u00f9 alte poco nuvoloso. Nuvolosit\u00e0 in aumento nel pomeriggio ed in intensificazione in serata o tarda serata, quando si potrebbero avere i primi deboli fenomeni.<br \/>\n<b>Precipitazioni: <\/b>Al mattino generalmente assenti (o-10%). Nel pomeriggio ma soprattutto in serata non escluso qualche piovasco (20-30%).<br \/>\n<b>Temperature: <\/b>Minime in aumento, massime in diminuzione. Su Prealpi a 1500 m min 10\u00b0C max 13\u00b0C, a 2000 m min 7\u00b0C max 11\u00b0C. Su Dolomiti a 2000 m min 7\u00b0C max 12\u00b0C, a 3000 m min 2\u00b0C max 4\u00b0C.<br \/>\n<b>Venti: <\/b>Nelle valli generalmente deboli; in quota moderati da Ovest Sud-Ovest, anche tesi sulle vette, 10-25 km\/h a 2000 m, 25-35 km\/h a 3000 m.<\/p>\n<hr \/>\n<p><center><b>Mercoledi 2<\/b><\/center>Tempo in peggioramento con precipitazioni pi\u00f9 probabili e persistenti fra la tarda mattinata ed il tardo pomeriggio. Limite delle nevicate fra i 2500 e i 2600 m. Verso sera e soprattutto in serata miglioramento da Ovest. Temperature in diminuzione, con minime raggiunte in tarda serata. Venti in quota moderati o tesi, al mattino da Sud-Ovest, nel pomeriggio in rotazione a Nord. Raffiche di F\u00f6hn nelle valli in serata.<\/p>\n<hr \/>\n<p><center><b>Giovedi 3<\/b><\/center>Tempo bello e abbastanza fresco, con cielo terso. Temperature un paio di gradi inferiori alla norma. Venti in quota deboli o moderati da Nord, a tratti tesi, e residui rinforzi di F\u00f6hn nelle valli dolomitiche. Previsore: B.R.<\/p>\n<hr \/>\n","protected":false},"excerpt":{"rendered":"<p>&nbsp; &nbsp; &nbsp; MUORE COLTO DA MALORE TAMBRE\u00a0 Ieri Attorno alle 18.30 il 118 \u00e8 stato allertato da alcune persone che avevano trovato un uomo a terra, R.T. 68 anni di Venezia privo di sensi in localit\u00e0 Valmanera, in Cansiglio. Mentre chi era sul posto iniziava le manovre di rianimazione seguendo le indicazioni della centrale&hellip;<\/p>\n","protected":false},"author":1,"featured_media":100457,"comment_status":"closed","ping_status":"closed","sticky":false,"template":"","format":"standard","meta":{"_monsterinsights_skip_tracking":false,"_monsterinsights_sitenote_active":false,"_monsterinsights_sitenote_note":"","_monsterinsights_sitenote_category":0,"footnotes":""},"categories":[86],"tags":[],"class_list":["post-100361","post","type-post","status-publish","format-standard","has-post-thumbnail","hentry","category-gr","category-86","description-off"],"img_url":"https:\/\/www.radiopiu.net\/wordpress\/wp-content\/uploads\/2019\/09\/71688297_10220883172255924_4074084412231254016_n.jpg","_links":{"self":[{"href":"https:\/\/www.radiopiu.net\/wordpress\/wp-json\/wp\/v2\/posts\/100361","targetHints":{"allow":["GET"]}}],"collection":[{"href":"https:\/\/www.radiopiu.net\/wordpress\/wp-json\/wp\/v2\/posts"}],"about":[{"href":"https:\/\/www.radiopiu.net\/wordpress\/wp-json\/wp\/v2\/types\/post"}],"author":[{"embeddable":true,"href":"https:\/\/www.radiopiu.net\/wordpress\/wp-json\/wp\/v2\/users\/1"}],"replies":[{"embeddable":true,"href":"https:\/\/www.radiopiu.net\/wordpress\/wp-json\/wp\/v2\/comments?post=100361"}],"version-history":[{"count":0,"href":"https:\/\/www.radiopiu.net\/wordpress\/wp-json\/wp\/v2\/posts\/100361\/revisions"}],"wp:featuredmedia":[{"embeddable":true,"href":"https:\/\/www.radiopiu.net\/wordpress\/wp-json\/wp\/v2\/media\/100457"}],"wp:attachment":[{"href":"https:\/\/www.radiopiu.net\/wordpress\/wp-json\/wp\/v2\/media?parent=100361"}],"wp:term":[{"taxonomy":"category","embeddable":true,"href":"https:\/\/www.radiopiu.net\/wordpress\/wp-json\/wp\/v2\/categories?post=100361"},{"taxonomy":"post_tag","embeddable":true,"href":"https:\/\/www.radiopiu.net\/wordpress\/wp-json\/wp\/v2\/tags?post=100361"}],"curies":[{"name":"wp","href":"https:\/\/api.w.org\/{rel}","templated":true}]}}