{"id":100376,"date":"2019-09-29T23:59:46","date_gmt":"2019-09-29T21:59:46","guid":{"rendered":"http:\/\/www.radiopiu.net\/wordpress\/?p=100376"},"modified":"2019-09-29T10:53:08","modified_gmt":"2019-09-29T08:53:08","slug":"le-ultime-dichiarazioni-del-sindaco-leandro-grones-nel-notiziario-di-sabato-scatenano-la-minoranza","status":"publish","type":"post","link":"https:\/\/www.radiopiu.net\/wordpress\/le-ultime-dichiarazioni-del-sindaco-leandro-grones-nel-notiziario-di-sabato-scatenano-la-minoranza\/","title":{"rendered":"LE ULTIME DICHIARAZIONI DEL SINDACO LEANDRO GRONES, NEL NOTIZIARIO DI SABATO SCATENANO LA MINORANZA."},"content":{"rendered":"<p>&nbsp;<\/p>\n<h3><\/h3>\n<p><strong><a class=\"dt-pswp-item\" href=\"http:\/\/www.radiopiu.net\/wordpress\/wp-content\/uploads\/2019\/05\/LIVINALLONGO-DANIELA-TEMPLARI.jpg\" data-dt-img-description=\"\" data-large_image_width=\"632\" data-large_image_height=\"766\"><img loading=\"lazy\" decoding=\"async\" class=\"wp-image-86469 alignleft\" src=\"http:\/\/www.radiopiu.net\/wordpress\/wp-content\/uploads\/2019\/05\/LIVINALLONGO-DANIELA-TEMPLARI-248x300.jpg\" alt=\"\" width=\"103\" height=\"125\" srcset=\"https:\/\/www.radiopiu.net\/wordpress\/wp-content\/uploads\/2019\/05\/LIVINALLONGO-DANIELA-TEMPLARI-248x300.jpg 248w, https:\/\/www.radiopiu.net\/wordpress\/wp-content\/uploads\/2019\/05\/LIVINALLONGO-DANIELA-TEMPLARI.jpg 632w\" sizes=\"auto, (max-width: 103px) 100vw, 103px\" \/><\/a>LIVINALLONGO<\/strong> Quella linea telefonica con i cavi penzolanti ha aperto un dibattito e non solo sulle pagine social. Nicoletta esprime una sua preoccupazione ma la risposta del sindaco Leandro Grones viene ripresa dal consigliere di minoranza e gi\u00e0 candidato a sindaco Daniela Templari che plaude ai privati attivi nel dopo Vaia e critica l&#8217;amministrazione comunale. <em>&#8220;Fino a quando si rimanda?&#8221;<\/em>\u00a0 La templari parla di immobilit\u00e0 totale\u00a0<em> &#8220;Ci affidiamo alla grazie di Dio pronti ad affrontare l&#8217;inverno&#8221;<\/em><\/p>\n<audio class=\"wp-audio-shortcode\" id=\"audio-100376-1\" preload=\"none\" style=\"width: 100%;\" controls=\"controls\"><source type=\"audio\/mpeg\" src=\"http:\/\/www.radiopiu.net\/wordpress\/wp-content\/uploads\/2019\/09\/templari.mp3?_=1\" \/><a href=\"http:\/\/www.radiopiu.net\/wordpress\/wp-content\/uploads\/2019\/09\/templari.mp3\">http:\/\/www.radiopiu.net\/wordpress\/wp-content\/uploads\/2019\/09\/templari.mp3<\/a><\/audio>\n<p>&nbsp;<\/p>\n<p><strong>La delusione di Nicoletta<\/strong> <em>&#8220;Punto primo, \u00a0non ho segnalato il problema al Comune perch\u00e9 penso che non risolvono nulla visto\u00a0 che sono tre anni che chiedo si intervenga su uno stabile comunale per sistemare una grondaia, figuraiamoci se si preoccuperanno per il mio telefono. E&#8217; vero,\u00a0 non sto in un posto isolato per\u00f2 non ho messo in mezzo il Comune,\u00a0 \u00a0ho parlato di Telecom,\u00a0 \u00e8 un anno che chiamo\u00a0 perch\u00e9 intervengano.\u00a0 Dell&#8217;edicola ho fatto l&#8217;esempio che uno che abita nelle frazioni isolate tipo Castello e Larzonei fa prima arrivare a Caprile che andare ad Arabba che fuori stagione osserva orari limitati e per uno che lavora la mattina \u00e8 impossibile acquistare i giornali.\u00a0 Andare in Comune per risolvere i problemi? E&#8217; solo facciata e glielo dir\u00f2 anche in faccia se riesco a trovarlo&#8221;.\u00a0<\/em><\/p>\n<p><strong>&#8220;Non pu\u00f2 succedere&#8221; di Silvia De Dorigo\u00a0<\/strong><\/p>\n<p><em><a class=\"dt-pswp-item\" href=\"http:\/\/www.radiopiu.net\/wordpress\/wp-content\/uploads\/2019\/09\/17903362_796917510483824_1567502815696463399_n.jpg\" data-dt-img-description=\"\" data-large_image_width=\"720\" data-large_image_height=\"720\"><img loading=\"lazy\" decoding=\"async\" class=\"wp-image-100375 alignleft\" src=\"http:\/\/www.radiopiu.net\/wordpress\/wp-content\/uploads\/2019\/09\/17903362_796917510483824_1567502815696463399_n-300x300.jpg\" alt=\"\" width=\"124\" height=\"124\" srcset=\"https:\/\/www.radiopiu.net\/wordpress\/wp-content\/uploads\/2019\/09\/17903362_796917510483824_1567502815696463399_n-300x300.jpg 300w, https:\/\/www.radiopiu.net\/wordpress\/wp-content\/uploads\/2019\/09\/17903362_796917510483824_1567502815696463399_n-150x150.jpg 150w, https:\/\/www.radiopiu.net\/wordpress\/wp-content\/uploads\/2019\/09\/17903362_796917510483824_1567502815696463399_n.jpg 720w\" sizes=\"auto, (max-width: 124px) 100vw, 124px\" \/><\/a>&#8220;Incredibile davvero. Un\u2019arroganza velata quella del sindaco. La linea di confine \u00e8 sottilissima, ma tutto \u00e8 molto chiaro. Di certo un tono poco affine a tale carica. Una carica e un potere conferiti dal popolo e non arrivati per mano del cielo. <span class=\"text_exposed_show\">Una veste istituzionale che non ammette arroganza, mai, in nessuna circostanza. Non ammette svalutazioni di nessun tipo. Il dovere di portare rispetto e ascoltare tutti i cittadini \u00e8 imprescindibile. Ancor pi\u00f9 se donna. Perch\u00e9 ancora oggi questo accade: se una donna rivendica il diritto di esprimere la propria opinione pubblicamente, ritenendo la propria frazione, giustamente, decentrata perch\u00e9 distante 2 km dal centro paese, non va bene. Deve essere sminuita perch\u00e9 \u00e8 donna, perch\u00e9 ha cresciuto due figli da sola, perch\u00e9 ha il coraggio di esporsi. Non deve succedere. Non pu\u00f2 succedere. Quindi mi espongo anche io. \u00c8 un problema grave. Molto presente nelle piccole realt\u00e0 come le nostre. Mi rivolgo a tutte le donne, giovani e meno giovani: studiate, emancipatevi, evolvetevi. Non abbiate paura. Non state zitte. Chi cerca di sminuirvi con l\u2019arroganza non ha altre armi con cui combattervi&#8221;.<\/span><\/em><\/p>\n<p>&nbsp;<\/p>\n<p><strong>DAL GIORNALE RADIO DI SABATO 28 SETTEMBRE L&#8217;INTERVENTO DEL SINDACO LEANDRO GRONES<\/strong><\/p>\n<audio class=\"wp-audio-shortcode\" id=\"audio-100376-2\" preload=\"none\" style=\"width: 100%;\" controls=\"controls\"><source type=\"audio\/mpeg\" src=\"http:\/\/www.radiopiu.net\/wordpress\/wp-content\/uploads\/2019\/09\/LEANDRO1.mp3?_=2\" \/><a href=\"http:\/\/www.radiopiu.net\/wordpress\/wp-content\/uploads\/2019\/09\/LEANDRO1.mp3\">http:\/\/www.radiopiu.net\/wordpress\/wp-content\/uploads\/2019\/09\/LEANDRO1.mp3<\/a><\/audio>\n<p>&nbsp;<\/p>\n<p><strong>DAL GIORNALE RADIO PIU DI\u00a0 VENERDI 27 SETTEMBRE 2019<\/strong><\/p>\n<p><strong><em><a class=\"dt-pswp-item\" href=\"http:\/\/www.radiopiu.net\/wordpress\/wp-content\/uploads\/2019\/09\/350e6b0e-1708-4dd3-bd3c-a09844b99193.jpg\" data-dt-img-description=\"\" data-large_image_width=\"1600\" data-large_image_height=\"1200\"><img loading=\"lazy\" decoding=\"async\" class=\" wp-image-100122 alignleft\" src=\"http:\/\/www.radiopiu.net\/wordpress\/wp-content\/uploads\/2019\/09\/350e6b0e-1708-4dd3-bd3c-a09844b99193-300x225.jpg\" alt=\"\" width=\"199\" height=\"149\" srcset=\"https:\/\/www.radiopiu.net\/wordpress\/wp-content\/uploads\/2019\/09\/350e6b0e-1708-4dd3-bd3c-a09844b99193-300x225.jpg 300w, https:\/\/www.radiopiu.net\/wordpress\/wp-content\/uploads\/2019\/09\/350e6b0e-1708-4dd3-bd3c-a09844b99193-768x576.jpg 768w, https:\/\/www.radiopiu.net\/wordpress\/wp-content\/uploads\/2019\/09\/350e6b0e-1708-4dd3-bd3c-a09844b99193-1024x768.jpg 1024w, https:\/\/www.radiopiu.net\/wordpress\/wp-content\/uploads\/2019\/09\/350e6b0e-1708-4dd3-bd3c-a09844b99193.jpg 1600w\" sizes=\"auto, (max-width: 199px) 100vw, 199px\" \/><\/a><\/em>LIVINALLONGO<\/strong><em> &#8220;Siamo impauriti per il ricordo di Vaia, di quella notte, di quel vento. Siamo preoccupati per quello che non \u00e8 stato fatto e da allora \u00e8 gi\u00e0 passato un anno. Le compagnie telefoniche ad esempio hanno lasciato i cavi penzolanti con conseguenze gi\u00e0 viste nel corso dell&#8217;estate&#8221;<\/em>. Chi parla \u00e8 Nicoletta, vive in una frazione di Pieve di Livinallongo, decentrata e dove non \u00e8 facile sopportare la quotidianit\u00e0 soprattutto se si rimane senza telefono come gi\u00e0 successo dopo il 29 ottobre di un anno fa <em>&#8220;Qui\u00a0 &#8211; ci fa notare &#8211; ci sono i pali del telefono ancora in equilibrio instabile, anzi non ci sono proprio. I cavi sono appoggiati sui rami degli alberi, sulle foglie che stanno cadendo e non e&#8217; escluso cadano anche i collegamenti. E&#8217; gi\u00e0 successo con il maltempo e abbiamo la paura che si ripeter\u00e0. Abbiamo pi\u00f9 volte chiesto che qualcuno venga a risolvere questo problema, ma non abbiamo visto nessun operaio mettere mano alle linee telefoniche, chiss\u00e0 cosa accadr\u00e0 con l&#8217;arrivo della neve&#8221;. <\/em>A Pieve di Livinallongo c&#8217;\u00e8 poi un altro &#8220;disservizio&#8221;, la mancanza di un punto vendita dei giornali. Con la nuova gestione della cooperativa in centro sono scomparsi tutti i giornali, dai periodici ai quotidiani.<em> &#8220;Per noi delle frazioni \u00e8 un altro punto a sfavore &#8211; ricorda Nicoletta &#8211; siamo lontani da Arabba dove c&#8217;\u00e8 l&#8217;edicola che peraltro in stagione osserva orari ridotti, spesso solo al mattino. Qui capita di leggere il giornale con giorni di ritardo, quando qualcuno scende a valle e si ricorda di portarcelo&#8221;.<\/em><\/p>\n<p>&nbsp;<\/p>\n<p>&nbsp;<\/p>\n<p>&nbsp;<\/p>\n","protected":false},"excerpt":{"rendered":"<p>&nbsp; LIVINALLONGO Quella linea telefonica con i cavi penzolanti ha aperto un dibattito e non solo sulle pagine social. Nicoletta esprime una sua preoccupazione ma la risposta del sindaco Leandro Grones viene ripresa dal consigliere di minoranza e gi\u00e0 candidato a sindaco Daniela Templari che plaude ai privati attivi nel dopo Vaia e critica l&#8217;amministrazione&hellip;<\/p>\n","protected":false},"author":1,"featured_media":86469,"comment_status":"closed","ping_status":"closed","sticky":false,"template":"","format":"standard","meta":{"_monsterinsights_skip_tracking":false,"_monsterinsights_sitenote_active":false,"_monsterinsights_sitenote_note":"","_monsterinsights_sitenote_category":0,"footnotes":""},"categories":[51,49],"tags":[],"class_list":["post-100376","post","type-post","status-publish","format-standard","has-post-thumbnail","hentry","category-evidenza-top","category-news-18","category-51","category-49","description-off"],"img_url":"https:\/\/www.radiopiu.net\/wordpress\/wp-content\/uploads\/2019\/05\/LIVINALLONGO-DANIELA-TEMPLARI.jpg","_links":{"self":[{"href":"https:\/\/www.radiopiu.net\/wordpress\/wp-json\/wp\/v2\/posts\/100376","targetHints":{"allow":["GET"]}}],"collection":[{"href":"https:\/\/www.radiopiu.net\/wordpress\/wp-json\/wp\/v2\/posts"}],"about":[{"href":"https:\/\/www.radiopiu.net\/wordpress\/wp-json\/wp\/v2\/types\/post"}],"author":[{"embeddable":true,"href":"https:\/\/www.radiopiu.net\/wordpress\/wp-json\/wp\/v2\/users\/1"}],"replies":[{"embeddable":true,"href":"https:\/\/www.radiopiu.net\/wordpress\/wp-json\/wp\/v2\/comments?post=100376"}],"version-history":[{"count":0,"href":"https:\/\/www.radiopiu.net\/wordpress\/wp-json\/wp\/v2\/posts\/100376\/revisions"}],"wp:featuredmedia":[{"embeddable":true,"href":"https:\/\/www.radiopiu.net\/wordpress\/wp-json\/wp\/v2\/media\/86469"}],"wp:attachment":[{"href":"https:\/\/www.radiopiu.net\/wordpress\/wp-json\/wp\/v2\/media?parent=100376"}],"wp:term":[{"taxonomy":"category","embeddable":true,"href":"https:\/\/www.radiopiu.net\/wordpress\/wp-json\/wp\/v2\/categories?post=100376"},{"taxonomy":"post_tag","embeddable":true,"href":"https:\/\/www.radiopiu.net\/wordpress\/wp-json\/wp\/v2\/tags?post=100376"}],"curies":[{"name":"wp","href":"https:\/\/api.w.org\/{rel}","templated":true}]}}