{"id":100619,"date":"2019-09-30T17:43:09","date_gmt":"2019-09-30T15:43:09","guid":{"rendered":"http:\/\/www.radiopiu.net\/wordpress\/?p=100619"},"modified":"2019-10-01T08:55:35","modified_gmt":"2019-10-01T06:55:35","slug":"giornale-radiopiu-01-ottobre-2019-direttore-mirko-mezzacasa","status":"publish","type":"post","link":"https:\/\/www.radiopiu.net\/wordpress\/giornale-radiopiu-01-ottobre-2019-direttore-mirko-mezzacasa\/","title":{"rendered":"GIORNALE RADIOPIU 01 OTTOBRE 2019 DIRETTORE MIRKO MEZZACASA"},"content":{"rendered":"<h3>&#8220;ATTO DI RESPONSABILITA&#8221; SOSPENDERE I CHECK UP PER I DIPENDENTI<\/h3>\n<p><strong>BELLUNO<\/strong> La dichiarazione \u00e8 del direttore della Ulss1 Adriano Rasi Caldogno. Le colpe? La carenza di medici che non permette di rispettare la parola data, o meglio la convenzione stipulata con Luxottica. Certo che la carenza di medici non \u00e8 una novit\u00e0 dell&#8217;ultim&#8217;ora, nemmeno dell&#8217;ultima settimana probabilmente nemmeno degli ultimi sei mesi visto che almeno da tanto se ne parla sia in questa provincia che nei palazzi della Regione.\u00a0 Probabilmente anche gi\u00e0 a\u00a0 novembre quando la mano del direttore ha firmato la convenzione con l&#8217;azienda dopo che l&#8217;argomento era all&#8217;attenzione di Luxottica, sindacati e Ulss1 fin dalla scorsa primavera. I Check up si faranno comunque, lavoreranno i medici della sanit\u00e0 privata. Di certo questa Ulss1 e questa direzione non fanno certo bella figura, n\u00e8 con i vertici Luxottica, n\u00e8 con i lavoratori, n\u00e8 con coloro che leggono la notizia oltre i confini provinciali abituati a ben altro quando di mezzo c&#8217;\u00e8 Del Vecchio, Luxottica e patti sempre e comunque rispettati&#8230; comunque vada. (mm)<\/p>\n<p>&nbsp;<\/p>\n<p>&nbsp;<\/p>\n<p>&nbsp;<\/p>\n<p>&nbsp;<\/p>\n<blockquote>\n<p style=\"text-align: left;\"><strong><a class=\"dt-pswp-item\" href=\"http:\/\/www.radiopiu.net\/wordpress\/wp-content\/uploads\/2019\/09\/dati.png\" data-dt-img-description=\"\" data-large_image_width=\"793\" data-large_image_height=\"1122\"><img loading=\"lazy\" decoding=\"async\" class=\"size-medium wp-image-100749 alignleft\" src=\"http:\/\/www.radiopiu.net\/wordpress\/wp-content\/uploads\/2019\/09\/dati-212x300.png\" alt=\"\" width=\"212\" height=\"300\" srcset=\"https:\/\/www.radiopiu.net\/wordpress\/wp-content\/uploads\/2019\/09\/dati-212x300.png 212w, https:\/\/www.radiopiu.net\/wordpress\/wp-content\/uploads\/2019\/09\/dati-768x1087.png 768w, https:\/\/www.radiopiu.net\/wordpress\/wp-content\/uploads\/2019\/09\/dati-724x1024.png 724w, https:\/\/www.radiopiu.net\/wordpress\/wp-content\/uploads\/2019\/09\/dati.png 793w\" sizes=\"auto, (max-width: 212px) 100vw, 212px\" \/><\/a>Un altro record per il sito\u00a0<a href=\"https:\/\/l.facebook.com\/l.php?u=http%3A%2F%2Fwww.radiopiu.net%2F%3Ffbclid%3DIwAR3xnr_OD2tavTYxCkWUFymSweFfqvbuqGu5BuvJwN4rfUwfQnOM-p63wM8&amp;h=AT090y8636uiwKIouxcZLeYhKVmYw-LX3V9ZCNNT4S2jsosl7bESwVCh2mJUS_6rVgPQ227HFHswAme36j61pOrJP1qdl4H8C3k55fKA3J-uJrdLkF2dtPp5ovRjBLH9TdQXD6ycICshlJonFZBDasJtVmA\" target=\"_blank\" rel=\"noopener nofollow noreferrer\" data-ft=\"{&quot;tn&quot;:&quot;-U&quot;}\" data-lynx-mode=\"asynclazy\">www.radiopiu.net.<\/a>\u00a0Abbiamo chiuso il mese di settembre con 669.096 visualizzazioni, ovvero 669.096 di voi hanno scelto l&#8217;informazione di RADIO PIU&#8217;&#8230; il mio grazie per la stima e quello dei collaboratori della redazione giornalistica. Il precedente che gi\u00e0 mi sembrava un grande risultato 533.185 nel mese di luglio&#8230; GRAZIE A TUTTI<\/strong><\/p>\n<p>&nbsp;<\/p><\/blockquote>\n<p>&nbsp;<\/p>\n<p>&nbsp;<\/p>\n<p>&nbsp;<\/p>\n<p>&nbsp;<\/p>\n<h3>CHIUSA LA PROVINCIALE PER SAN TOMASO<\/h3>\n<p><strong>SAN TOMASO<\/strong> Veneto Strade informa che\u00a0 fino\u00a0 all&#8217;11 ottobre (sabato e festivi inclusi) tra le localit\u00e0 Pian Molin e Roi il traffico sar\u00e0 totalmente interdetto a tutti i veicoli per la posa di una condotta elettrica, l&#8217;interruzione lungo la provinciale 8 al chilometro 6 per un tratto di 340 metri.<\/p>\n<p><strong>SP 346 PASSO SAN PELLEGRINO<\/strong>: dal 7 ottobre al 15 novembre senso unico alternato all&#8217;imbocco nord della galleria delle Anime, esclusi i giorni festivi e prefestivi. Per lavori di esecuzione alla rete acquedottistica.<\/p>\n<blockquote><p>ACQUA INQUINATA A SAN TOMASO <strong>LOCALITA&#8217; PECOL E PIAIA\u00a0<\/strong><\/p><\/blockquote>\n<p>&nbsp;<\/p>\n<p>&nbsp;<\/p>\n<p>&nbsp;<\/p>\n<h2>IERI SERA ALLE 21.21, LIEVE SCOSSA DI TERREMOTO (1.5) A OSPITALE DI CADORE<a class=\"dt-pswp-item\" href=\"http:\/\/www.radiopiu.net\/wordpress\/wp-content\/uploads\/2019\/09\/7a331387-ecc8-4aa4-a5d2-57e9daac4e08.jpg\" data-dt-img-description=\"\" data-large_image_width=\"899\" data-large_image_height=\"1599\"><img loading=\"lazy\" decoding=\"async\" class=\"size-medium wp-image-100715 alignleft\" src=\"http:\/\/www.radiopiu.net\/wordpress\/wp-content\/uploads\/2019\/09\/7a331387-ecc8-4aa4-a5d2-57e9daac4e08-169x300.jpg\" alt=\"\" width=\"169\" height=\"300\" srcset=\"https:\/\/www.radiopiu.net\/wordpress\/wp-content\/uploads\/2019\/09\/7a331387-ecc8-4aa4-a5d2-57e9daac4e08-169x300.jpg 169w, https:\/\/www.radiopiu.net\/wordpress\/wp-content\/uploads\/2019\/09\/7a331387-ecc8-4aa4-a5d2-57e9daac4e08-768x1366.jpg 768w, https:\/\/www.radiopiu.net\/wordpress\/wp-content\/uploads\/2019\/09\/7a331387-ecc8-4aa4-a5d2-57e9daac4e08-576x1024.jpg 576w, https:\/\/www.radiopiu.net\/wordpress\/wp-content\/uploads\/2019\/09\/7a331387-ecc8-4aa4-a5d2-57e9daac4e08.jpg 899w\" sizes=\"auto, (max-width: 169px) 100vw, 169px\" \/><\/a><a class=\"dt-pswp-item\" href=\"http:\/\/www.radiopiu.net\/wordpress\/wp-content\/uploads\/2019\/09\/9484e97a-837a-4b37-855e-71c93756ca3d.jpg\" data-dt-img-description=\"\" data-large_image_width=\"689\" data-large_image_height=\"475\"><img loading=\"lazy\" decoding=\"async\" class=\"size-medium wp-image-100716 alignleft\" src=\"http:\/\/www.radiopiu.net\/wordpress\/wp-content\/uploads\/2019\/09\/9484e97a-837a-4b37-855e-71c93756ca3d-300x207.jpg\" alt=\"\" width=\"300\" height=\"207\" srcset=\"https:\/\/www.radiopiu.net\/wordpress\/wp-content\/uploads\/2019\/09\/9484e97a-837a-4b37-855e-71c93756ca3d-300x207.jpg 300w, https:\/\/www.radiopiu.net\/wordpress\/wp-content\/uploads\/2019\/09\/9484e97a-837a-4b37-855e-71c93756ca3d.jpg 689w\" sizes=\"auto, (max-width: 300px) 100vw, 300px\" \/><\/a><\/h2>\n<p>&nbsp;<\/p>\n<p>&nbsp;<\/p>\n<p>&nbsp;<\/p>\n<p>&nbsp;<\/p>\n<p>&nbsp;<\/p>\n<p>&nbsp;<\/p>\n<p>&nbsp;<\/p>\n<h3><\/h3>\n<h3><\/h3>\n<h3><\/h3>\n<h3><\/h3>\n<p>&nbsp;<\/p>\n<p>&nbsp;<\/p>\n<p>&nbsp;<\/p>\n<h3>ASSOLTO LUCA AMEDEO RAMELLA EX AD DELL&#8217;ACC<\/h3>\n<p><strong>BORGOVALBELLUNA<\/strong>\u00a0 Assoluzione del Tribunale di Pordenone dall\u2019accusa di bancarotta fraudolenta a carico dell\u2019ex manager di Acc <a class=\"dt-pswp-item\" href=\"http:\/\/www.radiopiu.net\/wordpress\/wp-content\/uploads\/2018\/05\/acc-mel-e1481823814280.jpg\" data-dt-img-description=\"\" data-large_image_width=\"823\" data-large_image_height=\"506\"><img loading=\"lazy\" decoding=\"async\" class=\" wp-image-47563 alignleft\" src=\"http:\/\/www.radiopiu.net\/wordpress\/wp-content\/uploads\/2018\/05\/acc-mel-e1481823814280-300x184.jpg\" alt=\"\" width=\"197\" height=\"121\" srcset=\"https:\/\/www.radiopiu.net\/wordpress\/wp-content\/uploads\/2018\/05\/acc-mel-e1481823814280-300x184.jpg 300w, https:\/\/www.radiopiu.net\/wordpress\/wp-content\/uploads\/2018\/05\/acc-mel-e1481823814280-768x472.jpg 768w, https:\/\/www.radiopiu.net\/wordpress\/wp-content\/uploads\/2018\/05\/acc-mel-e1481823814280.jpg 823w\" sizes=\"auto, (max-width: 197px) 100vw, 197px\" \/><\/a>Luca Amedeo Ramella, per Mauro Zuglian della Fim Cisl Belluno Treviso \u201cnon rende giustizia ai lavoratori Wanbao-Acc\u201d.<\/p>\n<blockquote><p><em>\u201cPer la legge italiana nulla \u00e8 successo, nulla \u00e8 accaduto &#8211; dichiara Zuglian &#8211; la sentenza \u00e8 in linea con la richiesta di archiviazione del sostituto Procuratore di Pordenone. Avevamo esultato dopo che tale decisione era stata ribaltata, ma oggi le nostre speranze si sono infrante. A nulla sono riuscite le nostre ricostruzioni in un processo cos\u00ec difficile e complesso, infarcito di perizie e contro perizie. Le condizioni attuali della Wanbao-Acc sono frutto anche di quella che per noi rimane una cattiva gestione, purtroppo chi ne sta pagando il prezzo sono ancora i lavoratori e le lavoratrici\u201d.<\/em><\/p><\/blockquote>\n<h3><strong>ACC COMPRESSORS, SENTENZA RAMELLA. DONAZZAN: \u201cATTENDIAMO MOTIVAZIONI DEI GIUDICI PER UN EVENTUALE APPELLO\u201d<\/strong><\/h3>\n<p><strong>VENEZIA\u00a0<\/strong> \u201cDa diversi anni la Regione del Veneto segue da vicino la vicenda di ACC Compressors, importante realt\u00e0 produttiva inserita in una filiera strategica a livello nazionale. Non possiamo dimenticare la reticenza da parte della gestione Ramella nel rispondere alle richieste di chiarimento che avanzammo io e le rappresentanze sindacali, di fronte al drammatico peggioramento del quadro finanziario e produttivo dell\u2019azienda\u201d. Cos\u00ec Elena Donazzan, assessore al lavoro della Regione del Veneto, commenta la sentenza emessa ieri dal GUP di Pordenone con la quale Luca Amedeo Ramella \u00e8 stato assolto dalle imputazioni di bancarotta a suo carico. \u201cLe responsabilit\u00e0 avute da Ramella per l\u2019epilogo della vicenda ACC Compressors, che ci ha portati a individuare una soluzione estrema per salvarla a me paiono evidenti \u2013 conclude Donazzan \u2013. Faccio fatica a comprendere l\u2019odierna sentenza e attendo di leggere le motivazioni per impegnare la Regione in un eventuale appello\u201d.<\/p>\n<p>&nbsp;<\/p>\n<p>&nbsp;<\/p>\n<p>&nbsp;<\/p>\n<p>&nbsp;<\/p>\n<h3>IL PRIMO CANE MORTO IN SEGUITO AI MORSI DEL LUPO, INDAGA LA POLIZIA PROVINCIALE<\/h3>\n<p><strong><a class=\"dt-pswp-item\" href=\"http:\/\/www.radiopiu.net\/wordpress\/wp-content\/uploads\/2019\/09\/wolf-635063_1280.jpg\" data-dt-img-description=\"\" data-large_image_width=\"1280\" data-large_image_height=\"853\"><img loading=\"lazy\" decoding=\"async\" class=\"size-medium wp-image-100614 alignleft\" src=\"http:\/\/www.radiopiu.net\/wordpress\/wp-content\/uploads\/2019\/09\/wolf-635063_1280-300x200.jpg\" alt=\"\" width=\"300\" height=\"200\" srcset=\"https:\/\/www.radiopiu.net\/wordpress\/wp-content\/uploads\/2019\/09\/wolf-635063_1280-300x200.jpg 300w, https:\/\/www.radiopiu.net\/wordpress\/wp-content\/uploads\/2019\/09\/wolf-635063_1280-768x512.jpg 768w, https:\/\/www.radiopiu.net\/wordpress\/wp-content\/uploads\/2019\/09\/wolf-635063_1280-1024x682.jpg 1024w, https:\/\/www.radiopiu.net\/wordpress\/wp-content\/uploads\/2019\/09\/wolf-635063_1280.jpg 1280w\" sizes=\"auto, (max-width: 300px) 100vw, 300px\" \/><\/a>BELLUNO<\/strong>\u00a0 Gli agenti della Provincia di Belluno sono intervenuti ieri\u00a0 mattina all\u2019Istituto Zooprofilattico, per vedere l\u2019animale e raccogliere la testimonianza del proprietario. Il fatto \u00e8 accaduto nella mattinata di domenica, attorno alle 9. Due cacciatori sono usciti per una battuta di caccia alla lepre con segugio, nella zona alta di Trichiana. Secondo il racconto del proprietario del segugio, il cane \u00e8 partito al seguito di una lepre. Poco dopo, l\u2019uomo ha avvertito un frastuono di ringhi e guaiti, e si \u00e8 diretto vero il punto da cui provenivano. Nel tragitto, ha visto passare due lupi che si allontanavano senza mostrare aggressivit\u00e0 nei confronti dell&#8217;uomo, prima di individuare il cane (una femmina), gravemente ferito. L&#8217;animale \u00e8 stato portato subito dal veterinario, a Feltre, ma \u00e8 morto prima di essere sottoposto alle cure. Da questa mattina si trova all\u2019Istituto Zooprofilattico, per le analisi del caso che serviranno a confermare l\u2019accaduto. Il cane, a prima vista, non presenta lacerazioni, ma solamente segni di morso. Secondo le prime analisi della Polizia Provinciale, non si tratterebbe di un\u2019interazione preda-predatore, ma di un\u2019interazione paragonabile ad una intraspecifica. Vale a dire che i lupi, in presenza molto probabilmente di una cucciolata, hanno avvertito nel segugio una possibile minaccia estranea al branco e hanno agito per difesa.\u00a0 Anche il secondo cacciatore nella sua ricostruzione dei fatti conferma di essere arrivato sul posto qualche secondo dopo e di aver incrociato i lupi. Questi, per\u00f2, non appena lo hanno visto, hanno deviato direzione, senza manifestare nessun tipo di aggressivit\u00e0. Il Ministero dell\u2019Ambiente e della Tutela del Territorio, in relazione a eventuali rischi per l\u2019incolumit\u00e0 pubblica, sottolinea che Ispra (Istituto Superiore per la Protezione e la Ricerca Ambientale) e la letteratura scientifica non riportano casi documentati di aggressione di persone, perlomeno dal periodo successivo alla seconda guerra mondiale. (FOTO PIXABAY)<\/p>\n<p>&nbsp;<\/p>\n<p>&nbsp;<\/p>\n<p>&nbsp;<\/p>\n<h3>CANE UCCISO DAL LUPO PER DE CARLO NECESSARIO IL PIANO DI GESTIONE<\/h3>\n<p><b><a class=\"dt-pswp-item\" href=\"http:\/\/www.radiopiu.net\/wordpress\/wp-content\/uploads\/2019\/09\/wolf-1336229_960_720.jpg\" data-dt-img-description=\"\" data-large_image_width=\"960\" data-large_image_height=\"635\"><img loading=\"lazy\" decoding=\"async\" class=\"size-medium wp-image-100646 alignleft\" src=\"http:\/\/www.radiopiu.net\/wordpress\/wp-content\/uploads\/2019\/09\/wolf-1336229_960_720-300x198.jpg\" alt=\"\" width=\"300\" height=\"198\" srcset=\"https:\/\/www.radiopiu.net\/wordpress\/wp-content\/uploads\/2019\/09\/wolf-1336229_960_720-300x198.jpg 300w, https:\/\/www.radiopiu.net\/wordpress\/wp-content\/uploads\/2019\/09\/wolf-1336229_960_720-768x508.jpg 768w, https:\/\/www.radiopiu.net\/wordpress\/wp-content\/uploads\/2019\/09\/wolf-1336229_960_720.jpg 960w\" sizes=\"auto, (max-width: 300px) 100vw, 300px\" \/><\/a>BELLUNO\u00a0 <\/b>Un cane da caccia ucciso da due lupi nei boschi di Trichiana, nel bellunese: questa l&#8217;ennesima vittima dell&#8217;animale selvatico, un fatto che fa tornare a chiedere a gran voce e in tempi brevi un piano di gestione. A farlo, \u00e8 il deputato di Fratelli d&#8217;Italia, Luca De Carlo, segretario della Commissione Agricoltura alla Camera: \u201cDa troppi tempi, il piano langue nei cassetti del ministro; lo stesso ministro del governo giallo-verde, per cui nessuno pu\u00f2 giustificare i ritardi con la scusa del cambio di governo\u201d, denuncia De Carlo. \u201cLo stesso consiglio dei ministri del primo Governo Conte, va ricordato, aveva fatto ricorso alla consulta contro la decisione di Trento e Bolzano di attribuire ai propri presidenti di provincia \u201cla competenza ad autorizzare il prelievo, la cattura e l&#8217;uccisione dell&#8217;orso e del lupo\u201d, ricorso poi perso dal Governo in quanto scelta legittimata dai poteri attribuiti dagli statuti speciali\u201d. \u201cMentre nelle realt\u00e0 autonome quindi si pu\u00f2 intervenire per tamponare il problema e difendere gli animali e le imprese agricole, nel resto d&#8217;Italia si aspetta che dagli uffici del ministero ci si decida a tirar fuori le carte e approvare un piano di gestione del lupo, ormai sempre pi\u00f9 urgente\u201d, conclude De Carlo. \u201cSiamo passati dalle predazioni di animali da reddito alle uccisioni di animali da lavoro, ma forse nemmeno la morte di un cane da caccia scuoter\u00e0 le coscienze: allevatori e cacciatori non sono certo i migliori amici degli ambientalisti. Quando per\u00f2 cominceremo a sentire di gattini o cagnolini predati nei giardini o lungo le strade, allora forse cambier\u00e0 la mentalit\u00e0 e si potr\u00e0, anzi si dovr\u00e0, approvare il piano\u201d. (FOTO PIXABAY)<\/p>\n<p>&nbsp;<\/p>\n<p>&nbsp;<\/p>\n<p>&nbsp;<\/p>\n<h3>IL CANE CYR FIUTA STUPEFACENTE TRA I BANCHI DI SCUOLA<\/h3>\n<p><a class=\"dt-pswp-item\" href=\"http:\/\/www.radiopiu.net\/wordpress\/wp-content\/uploads\/2019\/09\/34d84cc1-fa51-4288-9c8a-353c9e0fa786.jpg\" data-dt-img-description=\"\" data-large_image_width=\"960\" data-large_image_height=\"1280\"><img loading=\"lazy\" decoding=\"async\" class=\" wp-image-100652 alignleft\" src=\"http:\/\/www.radiopiu.net\/wordpress\/wp-content\/uploads\/2019\/09\/34d84cc1-fa51-4288-9c8a-353c9e0fa786-225x300.jpg\" alt=\"\" width=\"77\" height=\"103\" srcset=\"https:\/\/www.radiopiu.net\/wordpress\/wp-content\/uploads\/2019\/09\/34d84cc1-fa51-4288-9c8a-353c9e0fa786-225x300.jpg 225w, https:\/\/www.radiopiu.net\/wordpress\/wp-content\/uploads\/2019\/09\/34d84cc1-fa51-4288-9c8a-353c9e0fa786-768x1024.jpg 768w, https:\/\/www.radiopiu.net\/wordpress\/wp-content\/uploads\/2019\/09\/34d84cc1-fa51-4288-9c8a-353c9e0fa786.jpg 960w\" sizes=\"auto, (max-width: 77px) 100vw, 77px\" \/><\/a><strong>BELLUNO <\/strong>Cyr, il\u00a0 cane del reparto cinofili di Torreglia girando tra i banchi di una quinta classe dell&#8217;Istituto Renier ha fiutato una piccola quantit\u00e0 di hashish nascosto in un locale comune, quindi difficile stabilirne la provenienza e soprattutto chi lo ha portato a scuola. Anche quesa operazione rientra nell&#8217;ambito del progetto di prevenzione e contrasto all&#8217;uso di sostanze stupefacenti. Operazione condotta dal\u00a0 personale della Compagnia Carabinieri di Belluno con la collaborazione della Preside\u00a0 Ilaria Chiarusi. Il cane CYR ha girato tra i banchi e gli zaini degli studenti di quattro classi dell&#8217;ultimo anno.\u00a0 Ai ragazzi i Carabinieri hanno poi parlato dei pericoli derivanti dall\u2019abuso di sostanze alcoliche e sull\u2019uso di sostanze stupefacenti, nonch\u00e9 sul corretto uso degli smartphone e dei social network.<\/p>\n<p>&nbsp;<\/p>\n<h4><\/h4>\n<p>&nbsp;<\/p>\n<h2>UNIONE MONTANA, VIA LIBERA ALL&#8217;ACQUISTO DEL CAPANNONE, APPROVATO ANCHE IL BILANCIO CONSOLIDATO 2018<\/h2>\n<p><strong><a class=\"dt-pswp-item\" href=\"http:\/\/www.radiopiu.net\/wordpress\/wp-content\/uploads\/2019\/09\/b006dae1-627f-42b9-b087-707a627720cb.jpg\" data-dt-img-description=\"\" data-large_image_width=\"1600\" data-large_image_height=\"1200\"><img loading=\"lazy\" decoding=\"async\" class=\" wp-image-100721 alignleft\" src=\"http:\/\/www.radiopiu.net\/wordpress\/wp-content\/uploads\/2019\/09\/b006dae1-627f-42b9-b087-707a627720cb-300x225.jpg\" alt=\"\" width=\"273\" height=\"205\" srcset=\"https:\/\/www.radiopiu.net\/wordpress\/wp-content\/uploads\/2019\/09\/b006dae1-627f-42b9-b087-707a627720cb-300x225.jpg 300w, https:\/\/www.radiopiu.net\/wordpress\/wp-content\/uploads\/2019\/09\/b006dae1-627f-42b9-b087-707a627720cb-768x576.jpg 768w, https:\/\/www.radiopiu.net\/wordpress\/wp-content\/uploads\/2019\/09\/b006dae1-627f-42b9-b087-707a627720cb-1024x768.jpg 1024w, https:\/\/www.radiopiu.net\/wordpress\/wp-content\/uploads\/2019\/09\/b006dae1-627f-42b9-b087-707a627720cb.jpg 1600w\" sizes=\"auto, (max-width: 273px) 100vw, 273px\" \/><\/a>AGORDO<\/strong> Consiglio veloce ieri sera in sala Don Tamis, ma i consiglieri hanno deci per l&#8217;acquisto di una parte del capannone a Rivamonte Agordino che sar\u00e0 destinato al settore agro alimentare. Da un locale di Taibon a quello di Rivamonte con le caratteristiche diverse.<\/p>\n<p><strong>DI GIANNI SANTOMASO<\/strong><\/p>\n<audio class=\"wp-audio-shortcode\" id=\"audio-100619-1\" preload=\"none\" style=\"width: 100%;\" controls=\"controls\"><source type=\"audio\/mpeg\" src=\"http:\/\/www.radiopiu.net\/wordpress\/wp-content\/uploads\/2019\/09\/GIANNI-UMA.mp3?_=1\" \/><a href=\"http:\/\/www.radiopiu.net\/wordpress\/wp-content\/uploads\/2019\/09\/GIANNI-UMA.mp3\">http:\/\/www.radiopiu.net\/wordpress\/wp-content\/uploads\/2019\/09\/GIANNI-UMA.mp3<\/a><\/audio>\n<h2><\/h2>\n<h2>SUL PUNTO PIU&#8217; IMPORTANTE DELLA SERATA L&#8217;ASTENSIONE DI SELVA MORETTI E SILVIA CESTARO<\/h2>\n<p><a class=\"dt-pswp-item\" href=\"http:\/\/www.radiopiu.net\/wordpress\/wp-content\/uploads\/2019\/09\/Screenshot-2019-09-30-22.04.38.png\" data-dt-img-description=\"\" data-large_image_width=\"1920\" data-large_image_height=\"1080\"><img loading=\"lazy\" decoding=\"async\" class=\"alignnone wp-image-100718\" src=\"http:\/\/www.radiopiu.net\/wordpress\/wp-content\/uploads\/2019\/09\/Screenshot-2019-09-30-22.04.38-300x169.png\" alt=\"\" width=\"367\" height=\"207\" srcset=\"https:\/\/www.radiopiu.net\/wordpress\/wp-content\/uploads\/2019\/09\/Screenshot-2019-09-30-22.04.38-300x169.png 300w, https:\/\/www.radiopiu.net\/wordpress\/wp-content\/uploads\/2019\/09\/Screenshot-2019-09-30-22.04.38-768x432.png 768w, https:\/\/www.radiopiu.net\/wordpress\/wp-content\/uploads\/2019\/09\/Screenshot-2019-09-30-22.04.38-1024x576.png 1024w, https:\/\/www.radiopiu.net\/wordpress\/wp-content\/uploads\/2019\/09\/Screenshot-2019-09-30-22.04.38.png 1920w\" sizes=\"auto, (max-width: 367px) 100vw, 367px\" \/><\/a><a class=\"dt-pswp-item\" href=\"http:\/\/www.radiopiu.net\/wordpress\/wp-content\/uploads\/2019\/09\/Screenshot-2019-09-30-22.04.59.png\" data-dt-img-description=\"\" data-large_image_width=\"1920\" data-large_image_height=\"1080\"><img loading=\"lazy\" decoding=\"async\" class=\"alignnone wp-image-100719\" src=\"http:\/\/www.radiopiu.net\/wordpress\/wp-content\/uploads\/2019\/09\/Screenshot-2019-09-30-22.04.59-300x169.png\" alt=\"\" width=\"362\" height=\"205\" srcset=\"https:\/\/www.radiopiu.net\/wordpress\/wp-content\/uploads\/2019\/09\/Screenshot-2019-09-30-22.04.59-300x169.png 300w, https:\/\/www.radiopiu.net\/wordpress\/wp-content\/uploads\/2019\/09\/Screenshot-2019-09-30-22.04.59-768x432.png 768w, https:\/\/www.radiopiu.net\/wordpress\/wp-content\/uploads\/2019\/09\/Screenshot-2019-09-30-22.04.59-1024x576.png 1024w, https:\/\/www.radiopiu.net\/wordpress\/wp-content\/uploads\/2019\/09\/Screenshot-2019-09-30-22.04.59.png 1920w\" sizes=\"auto, (max-width: 362px) 100vw, 362px\" \/><\/a><\/p>\n<p>Al momento della votazione per l&#8217;acquisto dell&#8217;immobile con i fondi di confine il consigliere di Agordo Paolo Selva\u00a0 Moretti e il sindaco di Selva di Cadore Silvia Cestaro non hanno alzato la mano manifestando la propria astensione, ecco il perch\u00e9<\/p>\n<audio class=\"wp-audio-shortcode\" id=\"audio-100619-2\" preload=\"none\" style=\"width: 100%;\" controls=\"controls\"><source type=\"audio\/mpeg\" src=\"http:\/\/www.radiopiu.net\/wordpress\/wp-content\/uploads\/2019\/09\/SELVA-E-SILVIA.mp3?_=2\" \/><a href=\"http:\/\/www.radiopiu.net\/wordpress\/wp-content\/uploads\/2019\/09\/SELVA-E-SILVIA.mp3\">http:\/\/www.radiopiu.net\/wordpress\/wp-content\/uploads\/2019\/09\/SELVA-E-SILVIA.mp3<\/a><\/audio>\n<h3><\/h3>\n<p>&nbsp;<\/p>\n<p>&nbsp;<\/p>\n<h1>DIRETTA FACEBOOK, IL CONSIGLIO DELL&#8217;UNIONE MONTANA<\/h1>\n<div id=\"fb-root\"><\/div>\n<p><script async=\"1\" defer=\"1\" crossorigin=\"anonymous\" src=\"https:\/\/connect.facebook.net\/it_IT\/sdk.js#xfbml=1&amp;version=v6.0\"><\/script><\/p>\n<div class=\"fb-video\" data-href=\"https:\/\/www.facebook.com\/mirko.mezzacasa\/videos\/10220896510109362\/\" data-width=\"1200\">\n<blockquote cite=\"https:\/\/www.facebook.com\/mirko.mezzacasa\/videos\/10220896510109362\/\" class=\"fb-xfbml-parse-ignore\"><p><a href=\"https:\/\/www.facebook.com\/mirko.mezzacasa\/videos\/10220896510109362\/\"><\/a><\/p>\n<p>BUONASERA DALLA SALA DON TAMIS IN ATTESA DELL&#039;INIZIO DEL CONSIGLIO DELL&#039;UNIONE MONTANA AGORDINA&#8230;..PARTE FINALE RISERVATA ALLA INTERVISTE, Paolo Selva Moretti SILVIA CESTARO Michele Costa SILVIA TORMEN Leandro Grones<\/p>\n<p>Pubblicato da <a href=\"https:\/\/www.facebook.com\/mirko.mezzacasa\">Mirko Mezzacasa<\/a> su Luned\u00ec 30 settembre 2019<\/p><\/blockquote>\n<\/div>\n<p>&nbsp;<\/p>\n<p>&nbsp;<\/p>\n<p>&nbsp;<\/p>\n<p>&nbsp;<\/p>\n<h2><span style=\"color: #ff0000;\">IERI ALLA RADIO E OGGI SUL GIORNALE RADIOPIU\u00a0<\/span><\/h2>\n<h3>IL SINDACO DI ROCCA PIETORE ANDREA DE BERNARDIN<\/h3>\n<blockquote><p><em><a class=\"dt-pswp-item\" href=\"http:\/\/www.radiopiu.net\/wordpress\/wp-content\/uploads\/2019\/09\/71216935_10220893520914634_6834535132607545344_n.jpg\" data-dt-img-description=\"\" data-large_image_width=\"960\" data-large_image_height=\"540\"><img loading=\"lazy\" decoding=\"async\" class=\"size-medium wp-image-100598 alignleft\" src=\"http:\/\/www.radiopiu.net\/wordpress\/wp-content\/uploads\/2019\/09\/71216935_10220893520914634_6834535132607545344_n-300x169.jpg\" alt=\"\" width=\"300\" height=\"169\" srcset=\"https:\/\/www.radiopiu.net\/wordpress\/wp-content\/uploads\/2019\/09\/71216935_10220893520914634_6834535132607545344_n-300x169.jpg 300w, https:\/\/www.radiopiu.net\/wordpress\/wp-content\/uploads\/2019\/09\/71216935_10220893520914634_6834535132607545344_n-768x432.jpg 768w, https:\/\/www.radiopiu.net\/wordpress\/wp-content\/uploads\/2019\/09\/71216935_10220893520914634_6834535132607545344_n.jpg 960w\" sizes=\"auto, (max-width: 300px) 100vw, 300px\" \/><\/a>\u00a0LA CRITICA PER LE LUNGAGGINI PER LA CREAZIONE DI UN ESECUTIVO PER L&#8217;UMA. &#8220;FINIAMOLA CON IL VOLEMOSE BEN, SI FACCIA UNA GIUNTA O DI CENTRODESTRA O DI CENTROSINISTRA&#8221;. UNIONE MONTANA, QUESTA SERA ALLE 20 IL CONSIGLIO. NON CI SARA&#8217; ANDREA DE BERNARDIN PERCHE&#8217; PRESIEDERA&#8217; IL CONSIGLIO COMUNALE DI ROCCA PIETORE. &#8220;LA GIUNTA MISTA CHE SI VORREBBE FARE PER IL BENE DELL&#8217;AGORDINO &#8211; IO L&#8217;AVEVO NON SUBITO DIGERITA, MA ALLA FINE NON MI DISPIACEVA ANCHE CON IL NOME DEL MIO ASSESSORE CARLO BERNARDI, ROCCA PIETORE E&#8217; MOLTO CHE E&#8217; FUORI DAI GIOCHI. A DISTANZA DI 4 MESI A ROMA C&#8217;E&#8217; IL GOVERNO NUOVO, IN AUSTRIA ALTRO GOVERNO NUOVO CHE IN AGORDINO NON SI SIA ANCORA IN GRADO DI DARE UNA MINIMA NOTIZIA&#8230; NON LO SO NEMMENO IO. E&#8217; UN PROLUNGARSI DEI TEMPI ECCESSIVI&#8230;.&#8221; FOTO dolomites Maadness<\/em><\/p><\/blockquote>\n<audio class=\"wp-audio-shortcode\" id=\"audio-100619-3\" preload=\"none\" style=\"width: 100%;\" controls=\"controls\"><source type=\"audio\/mpeg\" src=\"http:\/\/www.radiopiu.net\/wordpress\/wp-content\/uploads\/2019\/09\/ANDREA-DE-BERNARDIN.mp3?_=3\" \/><a href=\"http:\/\/www.radiopiu.net\/wordpress\/wp-content\/uploads\/2019\/09\/ANDREA-DE-BERNARDIN.mp3\">http:\/\/www.radiopiu.net\/wordpress\/wp-content\/uploads\/2019\/09\/ANDREA-DE-BERNARDIN.mp3<\/a><\/audio>\n<p>&nbsp;<\/p>\n<p>&nbsp;<\/p>\n<p>&nbsp;<\/p>\n<h3><\/h3>\n<h3>SANITA&#8217; SILVIA TORMEN GIA&#8217; DEL GRUPPO SANITA&#8217; IN SENO ALL&#8217;UNIONE MONTANA E LE DELUSIONI PRIMAVERILI PIU&#8217; DA DENTRO CHE DA FUORI<\/h3>\n<p><strong><a class=\"dt-pswp-item\" href=\"http:\/\/www.radiopiu.net\/wordpress\/wp-content\/uploads\/2019\/05\/TAIBON-SILVIA-TORMEN.jpeg\" data-dt-img-description=\"\" data-large_image_width=\"1062\" data-large_image_height=\"1600\"><img loading=\"lazy\" decoding=\"async\" class=\" wp-image-86482 alignleft\" src=\"http:\/\/www.radiopiu.net\/wordpress\/wp-content\/uploads\/2019\/05\/TAIBON-SILVIA-TORMEN-199x300.jpeg\" alt=\"\" width=\"121\" height=\"182\" srcset=\"https:\/\/www.radiopiu.net\/wordpress\/wp-content\/uploads\/2019\/05\/TAIBON-SILVIA-TORMEN-199x300.jpeg 199w, https:\/\/www.radiopiu.net\/wordpress\/wp-content\/uploads\/2019\/05\/TAIBON-SILVIA-TORMEN-768x1157.jpeg 768w, https:\/\/www.radiopiu.net\/wordpress\/wp-content\/uploads\/2019\/05\/TAIBON-SILVIA-TORMEN-680x1024.jpeg 680w, https:\/\/www.radiopiu.net\/wordpress\/wp-content\/uploads\/2019\/05\/TAIBON-SILVIA-TORMEN.jpeg 1062w\" sizes=\"auto, (max-width: 121px) 100vw, 121px\" \/><\/a>AGORDO<\/strong> A proposito di Sanit\u00e0 e ospedale di vallata ne abbiamo parlato con il sindaco Silvia Tormen gi\u00e0 punto di riferimento con il gruppo sanit\u00e0 agordina in seno all&#8217;Unione Montana. A dicembre delle promesse a febbraio un&#8217;altra verit\u00e0, ma il primo cittadino di Taibon pi\u00f9 che dalla Regione e suoi rappresentanti si \u00e8 sentita tradita tra &#8230; le mura di casa<\/p>\n<blockquote><p>Salvaguardare la sanit\u00e0 in montagna ha detto ieri dalla Regione l&#8217;assessore Manuela Lanzarin, ma di fatto in questi anni l&#8217;ospedale di Agordo ha subito drastici ridimensionamenti. E&#8217; d&#8217;accordo con questo il sindaco di Taibon?<\/p>\n<p><strong>AUDIO<\/strong><\/p><\/blockquote>\n<audio class=\"wp-audio-shortcode\" id=\"audio-100619-4\" preload=\"none\" style=\"width: 100%;\" controls=\"controls\"><source type=\"audio\/mpeg\" src=\"http:\/\/www.radiopiu.net\/wordpress\/wp-content\/uploads\/2019\/09\/SILVIA.mp3?_=4\" \/><a href=\"http:\/\/www.radiopiu.net\/wordpress\/wp-content\/uploads\/2019\/09\/SILVIA.mp3\">http:\/\/www.radiopiu.net\/wordpress\/wp-content\/uploads\/2019\/09\/SILVIA.mp3<\/a><\/audio>\n<p>&nbsp;<\/p>\n<p>&nbsp;<\/p>\n<p>&nbsp;<\/p>\n<p>&nbsp;<\/p>\n<h2>TRE GIORNI DI\u00a0 FESTA TRA ANIMALI, TRADIZIONE, GASTRONOMIA A MUSICA<\/h2>\n<p><strong><a class=\"dt-pswp-item\" href=\"http:\/\/www.radiopiu.net\/wordpress\/wp-content\/uploads\/2019\/09\/42781538_10217920411988769_2401455415083663360_n.jpg\" data-dt-img-description=\"\" data-large_image_width=\"720\" data-large_image_height=\"960\"><img loading=\"lazy\" decoding=\"async\" class=\"wp-image-100358 alignleft\" src=\"http:\/\/www.radiopiu.net\/wordpress\/wp-content\/uploads\/2019\/09\/42781538_10217920411988769_2401455415083663360_n-225x300.jpg\" alt=\"\" width=\"184\" height=\"245\" srcset=\"https:\/\/www.radiopiu.net\/wordpress\/wp-content\/uploads\/2019\/09\/42781538_10217920411988769_2401455415083663360_n-225x300.jpg 225w, https:\/\/www.radiopiu.net\/wordpress\/wp-content\/uploads\/2019\/09\/42781538_10217920411988769_2401455415083663360_n.jpg 720w\" sizes=\"auto, (max-width: 184px) 100vw, 184px\" \/><\/a><\/strong><\/p>\n<p>&nbsp;<\/p>\n<p>&nbsp;<\/p>\n<p>&nbsp;<\/p>\n<p>&nbsp;<\/p>\n<p><strong>FALCADE<\/strong> Complimenti agli organizzatori de la Desmontegada di Falcade che hanno riempito il paese &#8220;fuori stagione&#8221; per tre giorni. Il plauso dl sindaco di Falcade, Michele Costa.<\/p>\n<p>&nbsp;<\/p>\n<p>&nbsp;<\/p>\n<audio class=\"wp-audio-shortcode\" id=\"audio-100619-5\" preload=\"none\" style=\"width: 100%;\" controls=\"controls\"><source type=\"audio\/mpeg\" src=\"http:\/\/www.radiopiu.net\/wordpress\/wp-content\/uploads\/2019\/09\/COSTA2.mp3?_=5\" \/><a href=\"http:\/\/www.radiopiu.net\/wordpress\/wp-content\/uploads\/2019\/09\/COSTA2.mp3\">http:\/\/www.radiopiu.net\/wordpress\/wp-content\/uploads\/2019\/09\/COSTA2.mp3<\/a><\/audio>\n<p>&nbsp;<\/p>\n<p>&nbsp;<\/p>\n<p>&nbsp;<\/p>\n<p>&nbsp;<\/p>\n<h3>TERME DEL COMELICO IN DEGRADO DOPO 11 MILIONI DI CONTRIBUTI REGIONALI<\/h3>\n<blockquote>\n<h4>La Regione si impegni per la riapertura dello stabilimento\u201d<\/h4>\n<\/blockquote>\n<p><span style=\"font-size: large;\"> <a class=\"dt-pswp-item\" href=\"http:\/\/www.radiopiu.net\/wordpress\/wp-content\/uploads\/2019\/09\/images-2.jpg\" data-dt-img-description=\"\" data-large_image_width=\"300\" data-large_image_height=\"168\"><img loading=\"lazy\" decoding=\"async\" class=\"size-medium wp-image-100581 alignleft\" src=\"http:\/\/www.radiopiu.net\/wordpress\/wp-content\/uploads\/2019\/09\/images-2-300x168.jpg\" alt=\"\" width=\"300\" height=\"168\" \/><\/a><\/span><\/p>\n<p><strong>VENEZIA\u00a0<\/strong> \u201cDa sette anni le terme di Valgrande sono abbandonate al degrado, con uno spreco di denaro inaccettabile. Finora gli sforzi dell\u2019amministrazione comunale per trovare imprenditori interessati alla gestione sono risultati vani, la Regione ha intenzione di entrare nella partita per riaprire lo stabilimento, considerato che \u00e8 proprietaria della sorgente? Sarebbe doveroso, per la realizzazione di questa struttura sono stati spesi 11 milioni di soldi pubblici\u201d. L\u2019invito \u00e8 di Andrea Zanoni, consigliere del Partito Democratico e primo firmatario di un\u2019interrogazione sottoscritta dai colleghi Anna Maria Bigon, Bruno Pigozzo, Orietta Salemi e Claudio Sinigaglia in cui si sollecita il rilancio dello stabilimento, voluto dall\u2019allora assessore regionale Floriano Pra, a Comelico Superiore.\u00a0 \u201cSarebbe un tassello importante per ridare impulso al turismo nell\u2019intera area. Mette tristezza vedere, in un contesto bellissimo, una struttura praticamente nuova e del tutto abbandonata. Le terme &#8211; ricorda Zanoni &#8211; furono infatti inaugurate nel 2003 dall\u2019ex governatore Galan, ma della gestione se ne fece carico l\u2019imprenditoria locale, con vari soggetti, fino all\u2019ultima societ\u00e0 poi fallita per troppi debiti, inclusi gli affitti arretrati con il Comune che fu addirittura costretto ad aumentare l\u2019Imu sulle seconde case per recuperare una parte di quei soldi. Negli ultimi anni c\u2019\u00e8 stato qualche timido tentativo per provare a ripartire, ma senza successo. \u00c8 necessario che la Regione assuma un ruolo da protagonista nell\u2019operazione e provi ogni pista possibile per un nuovo inizio, il turismo \u00e8 un settore fondamentale per l\u2019economia della zona e le Terme potrebbero davvero essere il fiore all\u2019occhiello\u201d. foto CorrieredelleAlpi<\/p>\n<p>&nbsp;<\/p>\n<p>&nbsp;<\/p>\n<p>&nbsp;<\/p>\n<p>&nbsp;<\/p>\n<p>&nbsp;<\/p>\n<h3>&#8220;NON HO DETTO CHISSA&#8217; CHE, SFIDO CHIUNQUE A TROVARE ARROGANZA NELLE MIE PAROLE&#8221; COSI&#8217; GRONES.<\/h3>\n<p><strong><a class=\"dt-pswp-item\" href=\"http:\/\/www.radiopiu.net\/wordpress\/wp-content\/uploads\/2019\/05\/LIVINALLONGO-LEANDRO-GRONES.jpg\" data-dt-img-description=\"\" data-large_image_width=\"548\" data-large_image_height=\"768\"><img loading=\"lazy\" decoding=\"async\" class=\"wp-image-86470 alignleft\" src=\"http:\/\/www.radiopiu.net\/wordpress\/wp-content\/uploads\/2019\/05\/LIVINALLONGO-LEANDRO-GRONES-214x300.jpg\" alt=\"\" width=\"116\" height=\"163\" srcset=\"https:\/\/www.radiopiu.net\/wordpress\/wp-content\/uploads\/2019\/05\/LIVINALLONGO-LEANDRO-GRONES-214x300.jpg 214w, https:\/\/www.radiopiu.net\/wordpress\/wp-content\/uploads\/2019\/05\/LIVINALLONGO-LEANDRO-GRONES.jpg 548w\" sizes=\"auto, (max-width: 116px) 100vw, 116px\" \/><\/a><\/strong><\/p>\n<p>&nbsp;<\/p>\n<p><strong>LIVINALLONGO\u00a0<\/strong> Terzo atto, dopo le critiche rivolte alla Telecom e la prima risposta del sindaco di Livinallongo, ma soprattutto in seguito alle dichiarazioni di ieri delle consigliere di opposizione il primo cittadino Fodom\u00a0 esprime quasi incredulit\u00e0 in una &#8220;tiepida giornata d&#8217;autunno&#8221;.<\/p>\n<audio class=\"wp-audio-shortcode\" id=\"audio-100619-6\" preload=\"none\" style=\"width: 100%;\" controls=\"controls\"><source type=\"audio\/mpeg\" src=\"http:\/\/www.radiopiu.net\/wordpress\/wp-content\/uploads\/2019\/09\/leandro-grones.mp3?_=6\" \/><a href=\"http:\/\/www.radiopiu.net\/wordpress\/wp-content\/uploads\/2019\/09\/leandro-grones.mp3\">http:\/\/www.radiopiu.net\/wordpress\/wp-content\/uploads\/2019\/09\/leandro-grones.mp3<\/a><\/audio>\n<p>&nbsp;<\/p>\n<p>&nbsp;<\/p>\n<p>&nbsp;<\/p>\n<p>&nbsp;<\/p>\n<p>&nbsp;<\/p>\n<h3>\u00a0INIZIATI I LAVORI DI MESSA IN SICUREZZA DI BORGO MURER<\/h3>\n<blockquote><p><em>Il progetto prevede tre opere e un investimento complessivo di 300.000 euro circa: la realizzazione lungo il bordo esterno della strada comunale di una struttura di sostegno con micropali<\/em><\/p><\/blockquote>\n<p><strong><a class=\"dt-pswp-item\" href=\"http:\/\/www.radiopiu.net\/wordpress\/wp-content\/uploads\/2019\/09\/Cantiere-Borgo-Murer_Sovramonte.jpg\" data-dt-img-description=\"\" data-large_image_width=\"1600\" data-large_image_height=\"800\"><img loading=\"lazy\" decoding=\"async\" class=\"size-medium wp-image-100637 alignleft\" src=\"http:\/\/www.radiopiu.net\/wordpress\/wp-content\/uploads\/2019\/09\/Cantiere-Borgo-Murer_Sovramonte-300x150.jpg\" alt=\"\" width=\"300\" height=\"150\" srcset=\"https:\/\/www.radiopiu.net\/wordpress\/wp-content\/uploads\/2019\/09\/Cantiere-Borgo-Murer_Sovramonte-300x150.jpg 300w, https:\/\/www.radiopiu.net\/wordpress\/wp-content\/uploads\/2019\/09\/Cantiere-Borgo-Murer_Sovramonte-768x384.jpg 768w, https:\/\/www.radiopiu.net\/wordpress\/wp-content\/uploads\/2019\/09\/Cantiere-Borgo-Murer_Sovramonte-1024x512.jpg 1024w, https:\/\/www.radiopiu.net\/wordpress\/wp-content\/uploads\/2019\/09\/Cantiere-Borgo-Murer_Sovramonte.jpg 1600w\" sizes=\"auto, (max-width: 300px) 100vw, 300px\" \/><\/a>BELLUNO<\/strong> \u00c8 stato avviato il cantiere della Provincia a Borgo Murer, in Comune di Sovramonte. Si tratta di un delicato intervento di stabilizzazione di un versante, a cui si aggiunge la messa in sicurezza di due abitazioni. Le opere che saranno realizzate nei prossimi mesi serviranno a risolvere un problema annoso per la localit\u00e0 sovramontina.\u00a0 Infatti, ancora nel 2014, il Comune di Sovramonte ha proceduto con indagini e studi dettagliati sull\u2019area di Borgo Murer, commissionando uno \u201cStudio Geologico e Geotecnico sulle problematiche del dissesto\u201d e la redazione di un progetto preliminare di rifacimento parziale della condotta di fognatura.\u00a0 Successivamente l\u2019amministrazione comunale ha coinvolto il Servizio Difesa del Suolo della Provincia di Belluno, competente in materia di difesa idrogeologica in corrispondenza di centri abitati, che si \u00e8 assunta la redazione del progetto esecutivo per la realizzazione delle opere di mitigazione del movimento franoso e necessarie alla difesa delle abitazioni.<\/p>\n<p><strong>AI MICROFONI DI RADIO PIU&#8217; IL CONSIGLIERE DELEGATO MASSIMO BORTOLUZZI<\/strong><\/p>\n<audio class=\"wp-audio-shortcode\" id=\"audio-100619-7\" preload=\"none\" style=\"width: 100%;\" controls=\"controls\"><source type=\"audio\/mpeg\" src=\"http:\/\/www.radiopiu.net\/wordpress\/wp-content\/uploads\/2019\/09\/Borgo-Murer_consigliere-Bortoluzzi.mp3?_=7\" \/><a href=\"http:\/\/www.radiopiu.net\/wordpress\/wp-content\/uploads\/2019\/09\/Borgo-Murer_consigliere-Bortoluzzi.mp3\">http:\/\/www.radiopiu.net\/wordpress\/wp-content\/uploads\/2019\/09\/Borgo-Murer_consigliere-Bortoluzzi.mp3<\/a><\/audio>\n<p>&nbsp;<\/p>\n<p>Al termine dei lavori, i terreni verranno ripristinati a verde con 820 metri quadri di semina. Inoltre, verr\u00e0 ricostruita la rampa d\u2019accesso a una delle due abitazioni. Ultima lavorazione prevista \u00e8 la stesa del manto d\u2019usura in conglomerato bituminoso, che sar\u00e0 realizzata dopo aver atteso un adeguato periodo per i naturali assestamenti e cedimenti della sede stradale.<\/p>\n<p>&nbsp;<\/p>\n<p>&nbsp;<\/p>\n<p>&nbsp;<\/p>\n<p>&nbsp;<\/p>\n<p>&nbsp;<\/p>\n<p>&nbsp;<\/p>\n<p>&nbsp;<\/p>\n<h3>IL SINDACO MASSARO INCONTRA SELAY GHAFFAR<\/h3>\n<blockquote><p><em>\u00abMomento emozionante. Importante informarsi e conoscere\u00bb<\/em><\/p><\/blockquote>\n<p><strong><a class=\"dt-pswp-item\" href=\"http:\/\/www.radiopiu.net\/wordpress\/wp-content\/uploads\/2019\/09\/Incontro-Selay-Ghaffar-4.jpg\" data-dt-img-description=\"\" data-large_image_width=\"5184\" data-large_image_height=\"3456\"><img loading=\"lazy\" decoding=\"async\" class=\"wp-image-100624 alignleft\" src=\"http:\/\/www.radiopiu.net\/wordpress\/wp-content\/uploads\/2019\/09\/Incontro-Selay-Ghaffar-4-300x200.jpg\" alt=\"\" width=\"174\" height=\"116\" srcset=\"https:\/\/www.radiopiu.net\/wordpress\/wp-content\/uploads\/2019\/09\/Incontro-Selay-Ghaffar-4-300x200.jpg 300w, https:\/\/www.radiopiu.net\/wordpress\/wp-content\/uploads\/2019\/09\/Incontro-Selay-Ghaffar-4-768x512.jpg 768w, https:\/\/www.radiopiu.net\/wordpress\/wp-content\/uploads\/2019\/09\/Incontro-Selay-Ghaffar-4-1024x683.jpg 1024w\" sizes=\"auto, (max-width: 174px) 100vw, 174px\" \/><\/a>BELLUNO<\/strong> Il Sindaco di Belluno, Jacopo Massaro, ha incontrato a Palazzo Rosso Selay Ghaffar, attivista afghana per i diritti umani. Ad accompagnare Selay Ghaffar, una delegazione di \u201cInsieme si pu\u00f2\u201d, che ha organizzato e promosso la visita dell&#8217;attivista in Italia.<\/p>\n<p><strong>IL SINDACO DI BELLUNO JACOPO MASSARO<\/strong><\/p>\n<audio class=\"wp-audio-shortcode\" id=\"audio-100619-8\" preload=\"none\" style=\"width: 100%;\" controls=\"controls\"><source type=\"audio\/mpeg\" src=\"http:\/\/www.radiopiu.net\/wordpress\/wp-content\/uploads\/2019\/09\/massaro-3.mp3?_=8\" \/><a href=\"http:\/\/www.radiopiu.net\/wordpress\/wp-content\/uploads\/2019\/09\/massaro-3.mp3\">http:\/\/www.radiopiu.net\/wordpress\/wp-content\/uploads\/2019\/09\/massaro-3.mp3<\/a><\/audio>\n<p>&nbsp;<\/p>\n<p><span style=\"color: #ff0000;\">IL DOCUMENTO SELAY GHAFFAR-SETTEMBRE 2019<\/span><\/p>\n<div class=\"su-document su-u-responsive-media-yes\"><iframe loading=\"lazy\" src=\"\/\/docs.google.com\/viewer?embedded=true&url=http:\/\/www.radiopiu.net\/wordpress\/wp-content\/uploads\/2019\/09\/CS_Selay_Ghaffar2019_ONGInsiemeSiPu\u00f2-3.pdf\" width=\"320\" height=\"340\" class=\"su-document\" title=\"\"><\/iframe><\/div>\n<p>&nbsp;<\/p>\n<p>&nbsp;<\/p>\n<p>&nbsp;<\/p>\n<h3>A MESTRE GENITORI BENGALESI CHIEDONO MENSA ISLAMICA PER I FIGLI.<\/h3>\n<p><strong>VENEZIA\u00a0<\/strong> <em>\u201cLa scuola serve per favorire un\u2019integrazione a 360 gradi. La vera integrazione per\u00f2 non \u00e8 a senso unico, e la mensa scolastica fa parte di questo processo. E\u2019 anch\u2019essa una modalit\u00e0 didattica all\u2019interno del pi\u00f9 vasto programma scolastico ed \u00e8 uno sforzo importante anche sotto l\u2019aspetto dell\u2019educazione e dell\u2019integrazione. Richieste come quelle avanzate dai genitori bengalesi di Mestre sono l\u2019esatto contrario\u201d<\/em>. Cos\u00ec l\u2019Assessore regionale all\u2019Istruzione, Elena Donazzan, interviene rispetto alla richiesta di due genitori bengalesi di religione musulmana di Mestre di approntare per i loro figli una mensa \u201chalal\u201d senza carne di suino e di procedere alla macellazione rituale delle altre carni.<\/p>\n<p>&nbsp;<\/p>\n<p>&nbsp;<\/p>\n<p>&nbsp;<\/p>\n<h3>PROTEZIONE CIVILE. AL VIA NUOVI CORSI ANTINCENDIO BOSCHIVO PER VOLONTARI E TECNICI<\/h3>\n<p><strong>VENEZIA<\/strong> Partir\u00e0\u00a0 oggi, nell\u2019ambito delle attivit\u00e0 formative un nuovo corso specialistico di sei giornate espressamente dedicato ai direttori delle operazioni di spegnimento nell&#8217;ambito della gestione delle emergenze relative a incendi boschivi, in programma nella sede regionale di Marghera,\u00a0 attivit\u00e0\u00a0 destinata al personale regionale Forestale e di Protezione Civile che partecipa al servizio di reperibilit\u00e0 ed \u00e8 finalizzato al conseguimento di adeguate competenze e conoscenze per essere qualificato quale direttore delle operazioni di spegnimento incendi boschivi. Oltre al corso DOS, nell\u2019ambito delle attivit\u00e0 formative dedicate all&#8217;AIB, nelle prossime settimane prenderanno, inoltre, avvio due corsi specialistici per operatori e volontari capisquadra a supporto della gestione delle emergenze.\u00a0 Le conoscenze teoriche e pratiche di base in materia di antincendio boschivo costituiscono prerequisito essenziale dell\u2019aspirante caposquadra, ragione per la quale i volontari devono essere iscritti da almeno tre anni alle organizzazioni di volontariato specializzato, aver gi\u00e0 maturato adeguata e specifica esperienza nelle operazioni di spegnimento. L\u2019attivit\u00e0 formativa dei due corsi si svolger\u00e0\u00a0a Pieve del Grappa (TV)\u00a0per il Veneto Orientale e a Schio (VI) per l&#8217;area Occidentale.<em> &#8220;Una formazione puntuale &#8211; osserva l&#8217;assessore Gianpaolo Bottacin &#8211; attraverso la quale miriamo ad analizzare ogni problematica inerente il ruolo da ricoprire.&#8221;\u00a0<\/em><\/p>\n<p>&nbsp;<\/p>\n<p>&nbsp;<\/p>\n<p>&nbsp;<\/p>\n<p>&nbsp;<\/p>\n<h3>I<\/h3>\n<p>&nbsp;<\/p>\n<h3>NASTRI IN ROSA IN PIAZZA DEI MARTIRI PER OTTOBRE IN ROSA<\/h3>\n<p><strong><a class=\"dt-pswp-item\" href=\"http:\/\/www.radiopiu.net\/wordpress\/wp-content\/uploads\/2019\/09\/download-4.png\" data-dt-img-description=\"\" data-large_image_width=\"225\" data-large_image_height=\"225\"><img loading=\"lazy\" decoding=\"async\" class=\"wp-image-100635 alignleft\" src=\"http:\/\/www.radiopiu.net\/wordpress\/wp-content\/uploads\/2019\/09\/download-4.png\" alt=\"\" width=\"84\" height=\"84\" srcset=\"https:\/\/www.radiopiu.net\/wordpress\/wp-content\/uploads\/2019\/09\/download-4.png 225w, https:\/\/www.radiopiu.net\/wordpress\/wp-content\/uploads\/2019\/09\/download-4-150x150.png 150w\" sizes=\"auto, (max-width: 84px) 100vw, 84px\" \/><\/a>BELLUNO\u00a0<\/strong> Spuntano i nastri rosa nei giardini di Piazza dei Martiri per celebrare anche a Belluno \u201cOttobre in rosa\u201d, il mese dedicato alla prevenzione del tumore al seno promosso dall&#8217;Associazione Donne Operate al Seno e dalla Lega Italiana Lotta ai Tumori. Da questa mattina e fino a fine ottobre, una trentina di grandi nastri rosa \u2013 realizzati interamente a mano dalle volontarie di ADOS Belluno \u2013 orneranno i giardini del Campedel: <em>\u00abAbbiamo scelto Piazza dei Martiri perch\u00e9 \u00e8 un luogo centrale, ben visibile e molto frequentato: &#8211; spiega l&#8217;assessore alle manifestazioni, Yuki d&#8217;Emilia \u2013 \u00e8 un&#8217;iniziativa di sensibilizzazione e deve avere il pi\u00f9 vasto pubblico possibile\u00bb.<\/em><\/p>\n<p>&nbsp;<\/p>\n<p>.<\/p>\n<p>&nbsp;<\/p>\n<p>&nbsp;<\/p>\n<p>&nbsp;<\/p>\n<h3>GIORNATA IN MEMORIA DELLE VITTIME DELL&#8217;IMMIGRAZIONE CON L&#8217;AMMIRAGLIO DE GIORGI<\/h3>\n<p><a class=\"dt-pswp-item\" href=\"http:\/\/www.radiopiu.net\/wordpress\/wp-content\/uploads\/2019\/09\/NESSUN-UOMO-E-UNISOLA.jpg\" data-dt-img-description=\"\" data-large_image_width=\"960\" data-large_image_height=\"772\"><img loading=\"lazy\" decoding=\"async\" class=\"size-medium wp-image-100640 alignleft\" src=\"http:\/\/www.radiopiu.net\/wordpress\/wp-content\/uploads\/2019\/09\/NESSUN-UOMO-E-UNISOLA-300x241.jpg\" alt=\"\" width=\"300\" height=\"241\" srcset=\"https:\/\/www.radiopiu.net\/wordpress\/wp-content\/uploads\/2019\/09\/NESSUN-UOMO-E-UNISOLA-300x241.jpg 300w, https:\/\/www.radiopiu.net\/wordpress\/wp-content\/uploads\/2019\/09\/NESSUN-UOMO-E-UNISOLA-768x618.jpg 768w, https:\/\/www.radiopiu.net\/wordpress\/wp-content\/uploads\/2019\/09\/NESSUN-UOMO-E-UNISOLA.jpg 960w\" sizes=\"auto, (max-width: 300px) 100vw, 300px\" \/><\/a><strong>FELTRE<\/strong> E\u2019 un programma ricco di spunti, sia sul piano culturale che sociale, quello che il Comune di Feltre propone quest\u2019anno in occasione della &#8220;Giornata nazionale in memoria delle vittime dell&#8217;immigrazione&#8221;, istituita dal parlamento italiano nel 2015, a seguito del drammatico naufragio verificatosi il 3 ottobre 2013, quando, a poche miglia dal porto di Lampedusa, morirono 368 migranti e vi furono almeno altri 20 dispersi. Per commemorare la strage e per sensibilizzare la societ\u00e0 civile sui temi legati alle migrazioni, l&#8217;Amministrazione comunale di Feltre ha proposto la rassegna \u201cNessun uomo \u00e8 un&#8217;isola: gli approdi della speranza da Samos a Lampedusa\u201d. Presso il Polo Bibliotecario Feltrino sar\u00e0 inaugurata gioved\u00ec 3 ottobre alle ore 18.00 la mostra \u201cAttraversi i nostri occhi\u201d, 49 scatti dei bambini del Centro Profughi dell&#8217;isola di Samos in Grecia, dove opera e risiede ormai stabilmente, Nicol\u00f2 Govoni, co-fondatore dell&#8217;Associazione \u201cStill I rise\u201d, e autore dei volumi \u201cBianco come Dio\u201d e \u201cSe fosse tuo figlio\u201d. L&#8217;inaugurazione della mostra sar\u00e0 preceduta da un suo intervento via Skype. La giornata sar\u00e0 conclusa dalla conferenza, in Sala degli Stemmi alle ore 21.00, dell&#8217;ammiraglio Giuseppe De Giorgi, capo di Stato Maggiore della Marina Militare Italiana dal 2013 al 2016 e coordinatore dell&#8217;operazione \u201cMare nostrum\u201d nel Mediterraneo, voluta dal Governo italiano, successivamente alla tragedia del 3 ottobre 2013, con l&#8217;obiettivo di salvaguardare la vita in mare e assicurare alla giustizia i trafficanti di essere umani. La breve rassegna si concluder\u00e0 inoltre domenica 6 ottobre con lo spettacolo teatrale l&#8217;Abisso di e con Davide Enia, incentrato sul tema, di drammatica attualit\u00e0, della tragica epopea dei migranti alle prese con i viaggi della speranza e della disperazione nel mar Mediterraneo e visto in particolare dalla prospettiva dell&#8217;isola di Lampedusa.<\/p>\n<p><strong>L&#8217;ASSESSORE ALLA CULTURA ALESSANDRO DEL BIANCO<\/strong><\/p>\n<blockquote><p><em>\u00a0abbiamo deciso di proporre un programma di appuntamenti che coinvolga tutte le fasce d\u2019et\u00e0, dai pi\u00f9 piccoli agli adulti.<\/em><\/p>\n<audio class=\"wp-audio-shortcode\" id=\"audio-100619-9\" preload=\"none\" style=\"width: 100%;\" controls=\"controls\"><source type=\"audio\/mpeg\" src=\"http:\/\/www.radiopiu.net\/wordpress\/wp-content\/uploads\/2019\/09\/FELTRE.mp3?_=9\" \/><a href=\"http:\/\/www.radiopiu.net\/wordpress\/wp-content\/uploads\/2019\/09\/FELTRE.mp3\">http:\/\/www.radiopiu.net\/wordpress\/wp-content\/uploads\/2019\/09\/FELTRE.mp3<\/a><\/audio>\n<p>&nbsp;<\/p><\/blockquote>\n<p>&nbsp;<\/p>\n<p>&nbsp;<\/p>\n<p>&nbsp;<\/p>\n<h3>IN CADORE L&#8217;UNIONE MONTANA STANZIA 15MILA EURO PER LE UTENZE DOMESTICHE<\/h3>\n<p>dalla rassegna stampa, il sindaco di Calalzo Luca De Carlo<\/p>\n<audio class=\"wp-audio-shortcode\" id=\"audio-100619-10\" preload=\"none\" style=\"width: 100%;\" controls=\"controls\"><source type=\"audio\/mpeg\" src=\"http:\/\/www.radiopiu.net\/wordpress\/wp-content\/uploads\/2019\/09\/de-carlo-1.mp3?_=10\" \/><a href=\"http:\/\/www.radiopiu.net\/wordpress\/wp-content\/uploads\/2019\/09\/de-carlo-1.mp3\">http:\/\/www.radiopiu.net\/wordpress\/wp-content\/uploads\/2019\/09\/de-carlo-1.mp3<\/a><\/audio>\n<p>&nbsp;<\/p>\n<p><strong><a class=\"dt-pswp-item\" href=\"http:\/\/www.radiopiu.net\/wordpress\/wp-content\/uploads\/2019\/09\/stromkosten-533818_960_720.jpg\" data-dt-img-description=\"\" data-large_image_width=\"889\" data-large_image_height=\"720\"><img loading=\"lazy\" decoding=\"async\" class=\" wp-image-100620 alignleft\" src=\"http:\/\/www.radiopiu.net\/wordpress\/wp-content\/uploads\/2019\/09\/stromkosten-533818_960_720-300x243.jpg\" alt=\"\" width=\"186\" height=\"151\" srcset=\"https:\/\/www.radiopiu.net\/wordpress\/wp-content\/uploads\/2019\/09\/stromkosten-533818_960_720-300x243.jpg 300w, https:\/\/www.radiopiu.net\/wordpress\/wp-content\/uploads\/2019\/09\/stromkosten-533818_960_720-768x622.jpg 768w, https:\/\/www.radiopiu.net\/wordpress\/wp-content\/uploads\/2019\/09\/stromkosten-533818_960_720.jpg 889w\" sizes=\"auto, (max-width: 186px) 100vw, 186px\" \/><\/a>CALALZO <\/strong>La giunta dell&#8217;Unione Montana Centro Cadore ha deliberato il rifinanziamento del \u201cbando utenze\u201d, che prevede l&#8217;assegnazione di contributi alle famiglie del territorio a parziale ristoro delle spese sostenute per Imu, Tari, Tasi, acqua, gas ed energia elettrica; anche quest&#8217;anno, il finanziamento \u00e8 di 15mila euro. Il bando, che sar\u00e0 presto pubblicato nel sito dell&#8217;Unione Montana e dei comuni aderenti, consentir\u00e0 di soddisfare circa un centinaio di richieste (94 quelle pervenute nel 2018, a dimostrazione dell&#8217;efficacia del provvedimento): tra i requisiti per poter accedere al contributo, un Isee inferiore a 15mila euro e almeno un componente del nucleo familiare residente da non meno di cinque anni in uno dei Comuni appartenenti all\u2019Unione Montana. Il contributo per ogni nucleo sar\u00e0 pari a massimo 150 euro per famiglie con un solo componente; fino a 200 euro per famiglie da due a tre componenti; infine, fino a 250 euro per famiglie con quattro o pi\u00f9 componenti.<\/p>\n<p>&nbsp;<\/p>\n<p>&nbsp;<\/p>\n<p>&nbsp;<\/p>\n<p>&nbsp;<\/p>\n<h3>QUALITA\u2019 E SAPORI UNICI ALLA 33^ RASSEGNA DEI FORMAGGI DI MALGA DELL\u2019AGORDINO E PROVINCIA<\/h3>\n<p><a class=\"dt-pswp-item\" href=\"http:\/\/www.radiopiu.net\/wordpress\/wp-content\/uploads\/2019\/09\/33\u00b0-Rassegna-Formaggi-Malga-Agordino-e-prov-Bl-Villa-Patt-Sedico-29-09-19.jpg\" data-dt-img-description=\"\" data-large_image_width=\"591\" data-large_image_height=\"1240\"><img loading=\"lazy\" decoding=\"async\" class=\"size-medium wp-image-99988 alignleft\" src=\"http:\/\/www.radiopiu.net\/wordpress\/wp-content\/uploads\/2019\/09\/33\u00b0-Rassegna-Formaggi-Malga-Agordino-e-prov-Bl-Villa-Patt-Sedico-29-09-19-143x300.jpg\" alt=\"\" width=\"143\" height=\"300\" srcset=\"https:\/\/www.radiopiu.net\/wordpress\/wp-content\/uploads\/2019\/09\/33\u00b0-Rassegna-Formaggi-Malga-Agordino-e-prov-Bl-Villa-Patt-Sedico-29-09-19-143x300.jpg 143w, https:\/\/www.radiopiu.net\/wordpress\/wp-content\/uploads\/2019\/09\/33\u00b0-Rassegna-Formaggi-Malga-Agordino-e-prov-Bl-Villa-Patt-Sedico-29-09-19-488x1024.jpg 488w, https:\/\/www.radiopiu.net\/wordpress\/wp-content\/uploads\/2019\/09\/33\u00b0-Rassegna-Formaggi-Malga-Agordino-e-prov-Bl-Villa-Patt-Sedico-29-09-19.jpg 591w\" sizes=\"auto, (max-width: 143px) 100vw, 143px\" \/><\/a><em>Malga Laste di Rocca Pietore s&#8217;aggiudica il primo premio alla rassegna dei formaggi di malga della Coldiretti, soddisfazione per Ezio Dorigo e la sua famiglia con &#8230;. tanti complimenti<\/em><\/p>\n<p><strong>SEDICO<\/strong> Un lavoro di qualit\u00e0 dove gusto, profumi, aroma e sapori sono risultati inimitabili rappresentando una Montagna davvero viva e sapiente. Cos\u00ec in breve commento, il senso principale della 33^ Rassegna dei Formaggi di Malga dell\u2019Agordino e della Provincia di Belluno organizzata a Villa Patt di Sedico da Coldiretti Belluno, in collaborazione con Pro Loco di Sedico, . Strada dei Formaggi e dei Sapori delle Dolomiti Bellunesi e Camera di Commercio di Treviso e Belluno. Ben 24 i formaggi in concorso in rappresentanza di 22 aziende produttrici. La qualit\u00e0 dei nostri. formaggi di malga, rispetto alla passata edizione si \u00e8 alzata con grandi e preziose conferme e con un miglioramento mediamente soddisfacente che ha messo in evidenza le competenze dei malghesi e la volont\u00e0 degli stessi di proporre sempre prodotti genuini e sani che non dovrebbero mai mancare sulla tavola del consumatore.<\/p>\n<p><strong>Le classifiche: 33^ Rassegna Formaggi di Malga dell\u2019Agordino:<\/strong> 1) MALGA LASTE (Rocca Pietore) di Ezio Dorigo \u2013 82 punti; 2) MALGA VALLES ALTO (Falcade) di Nicola Pescosta \u2013 75 punti; 3)MALGA PIEN DE VACIA (Selva di Cadore) di Ren\u00e8 Spada \u2013 69 punti.<\/p>\n<p><strong>Rassegna Formaggi di Malga della Provincia di Belluno:<\/strong> 1) MALGA CELADO (Arsi\u00e8) di Andrea Della Lucia &#8211; 85 punti; 2) MALGA CASERA RAZZO (Vigo di Cadore) di Sonia Dionisio \u2013 80 punti; 3) MALGA GARDA (Lentiai) di Cindy Zannin \u2013 72 punti. <strong>Menzione Speciale<\/strong> a MALGA CANIDI (Mel) di Luca Parussolo per il suo formaggio di Capra che ha ottenuto ben 79 punti. Malga Boi Vescov\u00e0 Alleghe, Malga Bosch Brus\u00e0 Falcade, Malga Campon D\u2019Avena Fonzaso, Malga Cherz Livinallongo del Col di Lana, Malga Erera Cesiomaggiore, Malga Fontanafredda Selva di Cadore, Malga Framont Agordo, Malga Mezzomiglio Farra D\u2019Alpago, Malga Ombretta Rocca Pietore, Malga Pramper Val di Zoldo, Malga Stia Canale D\u2019Agordo, Malga Valles Basso Falcade, Malga Rinfreddo di Comelico Superiore, Malga Larieto Cortina d\u2019Ampezzo, Malga Le Buse Falcade.<\/p>\n<p>&nbsp;<\/p>\n<p>&nbsp;<\/p>\n<p>&nbsp;<\/p>\n<h3>IL DOCENTE DIVENTA COACH, CONCLUSI I CORSI DI METALOGOS PER INSEGNANTI<\/h3>\n<p><strong><a class=\"dt-pswp-item\" href=\"http:\/\/www.radiopiu.net\/wordpress\/wp-content\/uploads\/2019\/09\/insegnanti_coach-1.jpeg\" data-dt-img-description=\"\" data-large_image_width=\"1600\" data-large_image_height=\"1200\"><img loading=\"lazy\" decoding=\"async\" class=\" wp-image-100639 alignleft\" src=\"http:\/\/www.radiopiu.net\/wordpress\/wp-content\/uploads\/2019\/09\/insegnanti_coach-1-300x225.jpeg\" alt=\"\" width=\"241\" height=\"181\" srcset=\"https:\/\/www.radiopiu.net\/wordpress\/wp-content\/uploads\/2019\/09\/insegnanti_coach-1-300x225.jpeg 300w, https:\/\/www.radiopiu.net\/wordpress\/wp-content\/uploads\/2019\/09\/insegnanti_coach-1-768x576.jpeg 768w, https:\/\/www.radiopiu.net\/wordpress\/wp-content\/uploads\/2019\/09\/insegnanti_coach-1-1024x768.jpeg 1024w, https:\/\/www.radiopiu.net\/wordpress\/wp-content\/uploads\/2019\/09\/insegnanti_coach-1.jpeg 1600w\" sizes=\"auto, (max-width: 241px) 100vw, 241px\" \/><\/a>BELLUNO<\/strong>\u00a0 Cinque insegnanti del liceo Renier di Belluno si sono diplomati coach al termine di un percorso formativo di oltre 80 ore che li ha impegnati per dodici mesi. Roberto Barbaresco, Lisa Floridia, Bruno Bratti, Cristina De Cal e Sandra Sacchet, questi i nomi dei docenti, hanno ricevuto l\u2019attestato la settimana scorsa in una cerimonia a Treviso. Il corso tenuto da coach professionisti \u00e8 stato curato da Met\u00e0logos, societ\u00e0 di consulenza e formazione con base in Alpago, ed \u00e8 tra i primi progetti in Italia destinati in via esclusiva a insegnanti delle scuole superiori.\u00a0 La risposta metodologica offerta da Met\u00e0logos \u00e8 una ragionata integrazione tra Coaching, Outdoor e Intelligenza Emotiva. Elementi che sono sviluppati attorno alla tematica dell\u2019Innovazione della pubblica amministrazione, qui rappresentata dal mondo della scuola, in termini sia di miglioramento delle prestazioni degli insegnanti sia di ricaduta positiva sulla formazione degli studenti attraverso l\u2019utilizzo di metodologie innovative.<\/p>\n<p>&nbsp;<\/p>\n<p>&nbsp;<\/p>\n<p>&nbsp;<\/p>\n<h3>BRUNA ALPINA E PEZZATA ROSSA AD ARABBA<\/h3>\n<blockquote><p><em><span class=\"text_exposed_show\">Di agricoltura non si pu\u00f2 sopravvivere, di agricoltura si deve vivere!<\/span><\/em><\/p><\/blockquote>\n<p><strong><a class=\"dt-pswp-item\" href=\"http:\/\/www.radiopiu.net\/wordpress\/wp-content\/uploads\/2019\/09\/71696302_2853868904666064_2477490866097225728_n.jpg\" data-dt-img-description=\"\" data-large_image_width=\"823\" data-large_image_height=\"960\"><img loading=\"lazy\" decoding=\"async\" class=\" wp-image-100667 alignleft\" src=\"http:\/\/www.radiopiu.net\/wordpress\/wp-content\/uploads\/2019\/09\/71696302_2853868904666064_2477490866097225728_n-257x300.jpg\" alt=\"\" width=\"184\" height=\"215\" srcset=\"https:\/\/www.radiopiu.net\/wordpress\/wp-content\/uploads\/2019\/09\/71696302_2853868904666064_2477490866097225728_n-257x300.jpg 257w, https:\/\/www.radiopiu.net\/wordpress\/wp-content\/uploads\/2019\/09\/71696302_2853868904666064_2477490866097225728_n-768x896.jpg 768w, https:\/\/www.radiopiu.net\/wordpress\/wp-content\/uploads\/2019\/09\/71696302_2853868904666064_2477490866097225728_n.jpg 823w\" sizes=\"auto, (max-width: 184px) 100vw, 184px\" \/><\/a>LIVINALLONGO<\/strong>\u00a0La rassegna dello scorso fine settimana cresce d\u2019importanza, di partecipazione e soprattutto di qualit\u00e0 del bestiame da latte. <em>&#8220;\u00c8 un orgoglio di tutta la nostra comunit\u00e0\u00a0 &#8211; dice il sindaco Leandro Grones &#8211; vedere con quanta passione, impegno e sacrificio i nostri \u201cBacagn\u201d mantengono ad altissimi livelli qualitativi l\u2019allevamento a Fodom. Ma ancor pi\u00f9 bello \u00e8 vedere impegnati con passione nell\u2019agricoltura e nell\u2019allevamento cos\u00ec tanti giovani&#8221;. <\/em>L\u2019agricoltura per la comunit\u00e0 \u00e8\u00a0 impor<span class=\"text_exposed_show\">tante quanto il turismo e l\u2019artigianato, perch\u00e9 garantisce un territorio manutentato e controllato, pascoli vivi, prati sempre puliti e in ordine e quindi il mantenimento di quel paesaggio rurale alpino che ha reso famose in tutto il mondo le Dolomiti, che ha fatto e continuer\u00e0 a fare la\u00a0 fortuna. <em>&#8220;Per questo &#8211; continua il sindaco &#8211;\u00a0 il comparto turistico ha un\u2019obbligo morale di sostenere le aziende agricole proponendo nei propri men\u00f9 gli ottimi prodotti lattiero-caseari prodotti a Renaz dalla Latteria di Livinallongo, che sono il frutto del duro lavoro degli allevatori. A tavola i tipici e ottimi prodotti del territorio non dovrebbero mai mancare. La tradizionale pastorizia e l\u2019attivit\u00e0 agricola, vitale per conservare e rendere viva e pulita la montagna, va sostenuta da tutti, albergatori compresi&#8221;.\u00a0<\/em>Poi\u00a0 per il sindaco c&#8217;\u00e8 una nota stonata con riferimento alle motivazioni con cui la Corte Costituzionale ha respinto le eccezioni del Governo alle leggi di Trento e Bolzano che prevedono forme di gestione e controllo del lupo.\u00a0 &#8220;La Consulta\u00a0 &#8211; dice Grones &#8211; ha giustificato la legittimit\u00e0 delle norme di Trento e Bolzano per la loro autonomia. In poche parole, la gestione del lupo \u00e8 possibile fino ai passi Pordoi e Campolongo e in Veneto no. Becchi e bastonati.<br \/>\n<\/span><\/p>\n<p><a class=\"dt-pswp-item\" href=\"http:\/\/www.radiopiu.net\/wordpress\/wp-content\/uploads\/2019\/09\/71189430_2853868407999447_3443605766051725312_n.jpg\" data-dt-img-description=\"\" data-large_image_width=\"960\" data-large_image_height=\"545\"><img loading=\"lazy\" decoding=\"async\" class=\"alignnone wp-image-100677\" src=\"http:\/\/www.radiopiu.net\/wordpress\/wp-content\/uploads\/2019\/09\/71189430_2853868407999447_3443605766051725312_n-300x170.jpg\" alt=\"\" width=\"399\" height=\"227\" srcset=\"https:\/\/www.radiopiu.net\/wordpress\/wp-content\/uploads\/2019\/09\/71189430_2853868407999447_3443605766051725312_n-300x170.jpg 300w, https:\/\/www.radiopiu.net\/wordpress\/wp-content\/uploads\/2019\/09\/71189430_2853868407999447_3443605766051725312_n-768x436.jpg 768w, https:\/\/www.radiopiu.net\/wordpress\/wp-content\/uploads\/2019\/09\/71189430_2853868407999447_3443605766051725312_n.jpg 960w\" sizes=\"auto, (max-width: 399px) 100vw, 399px\" \/><\/a><a class=\"dt-pswp-item\" href=\"http:\/\/www.radiopiu.net\/wordpress\/wp-content\/uploads\/2019\/09\/71495229_2853868061332815_9185110943468617728_n.jpg\" data-dt-img-description=\"\" data-large_image_width=\"960\" data-large_image_height=\"740\"><img loading=\"lazy\" decoding=\"async\" class=\"alignnone wp-image-100676\" src=\"http:\/\/www.radiopiu.net\/wordpress\/wp-content\/uploads\/2019\/09\/71495229_2853868061332815_9185110943468617728_n-300x231.jpg\" alt=\"\" width=\"290\" height=\"224\" srcset=\"https:\/\/www.radiopiu.net\/wordpress\/wp-content\/uploads\/2019\/09\/71495229_2853868061332815_9185110943468617728_n-300x231.jpg 300w, https:\/\/www.radiopiu.net\/wordpress\/wp-content\/uploads\/2019\/09\/71495229_2853868061332815_9185110943468617728_n-768x592.jpg 768w, https:\/\/www.radiopiu.net\/wordpress\/wp-content\/uploads\/2019\/09\/71495229_2853868061332815_9185110943468617728_n.jpg 960w\" sizes=\"auto, (max-width: 290px) 100vw, 290px\" \/><\/a><a class=\"dt-pswp-item\" href=\"http:\/\/www.radiopiu.net\/wordpress\/wp-content\/uploads\/2019\/09\/71056817_2853868287999459_6143323600163176448_n.jpg\" data-dt-img-description=\"\" data-large_image_width=\"960\" data-large_image_height=\"782\"><img loading=\"lazy\" decoding=\"async\" class=\"alignnone wp-image-100675\" src=\"http:\/\/www.radiopiu.net\/wordpress\/wp-content\/uploads\/2019\/09\/71056817_2853868287999459_6143323600163176448_n-300x244.jpg\" alt=\"\" width=\"261\" height=\"212\" srcset=\"https:\/\/www.radiopiu.net\/wordpress\/wp-content\/uploads\/2019\/09\/71056817_2853868287999459_6143323600163176448_n-300x244.jpg 300w, https:\/\/www.radiopiu.net\/wordpress\/wp-content\/uploads\/2019\/09\/71056817_2853868287999459_6143323600163176448_n-768x626.jpg 768w, https:\/\/www.radiopiu.net\/wordpress\/wp-content\/uploads\/2019\/09\/71056817_2853868287999459_6143323600163176448_n.jpg 960w\" sizes=\"auto, (max-width: 261px) 100vw, 261px\" \/><\/a><a class=\"dt-pswp-item\" href=\"http:\/\/www.radiopiu.net\/wordpress\/wp-content\/uploads\/2019\/09\/70957443_2853867874666167_4311891395586555904_n.jpg\" data-dt-img-description=\"\" data-large_image_width=\"960\" data-large_image_height=\"734\"><img loading=\"lazy\" decoding=\"async\" class=\"alignnone wp-image-100674\" src=\"http:\/\/www.radiopiu.net\/wordpress\/wp-content\/uploads\/2019\/09\/70957443_2853867874666167_4311891395586555904_n-300x229.jpg\" alt=\"\" width=\"278\" height=\"212\" srcset=\"https:\/\/www.radiopiu.net\/wordpress\/wp-content\/uploads\/2019\/09\/70957443_2853867874666167_4311891395586555904_n-300x229.jpg 300w, https:\/\/www.radiopiu.net\/wordpress\/wp-content\/uploads\/2019\/09\/70957443_2853867874666167_4311891395586555904_n-768x587.jpg 768w, https:\/\/www.radiopiu.net\/wordpress\/wp-content\/uploads\/2019\/09\/70957443_2853867874666167_4311891395586555904_n.jpg 960w\" sizes=\"auto, (max-width: 278px) 100vw, 278px\" \/><\/a><a class=\"dt-pswp-item\" href=\"http:\/\/www.radiopiu.net\/wordpress\/wp-content\/uploads\/2019\/09\/72133505_2853867697999518_7761600821267005440_n.jpg\" data-dt-img-description=\"\" data-large_image_width=\"720\" data-large_image_height=\"960\"><img loading=\"lazy\" decoding=\"async\" class=\"alignnone wp-image-100671\" src=\"http:\/\/www.radiopiu.net\/wordpress\/wp-content\/uploads\/2019\/09\/72133505_2853867697999518_7761600821267005440_n-225x300.jpg\" alt=\"\" width=\"159\" height=\"212\" srcset=\"https:\/\/www.radiopiu.net\/wordpress\/wp-content\/uploads\/2019\/09\/72133505_2853867697999518_7761600821267005440_n-225x300.jpg 225w, https:\/\/www.radiopiu.net\/wordpress\/wp-content\/uploads\/2019\/09\/72133505_2853867697999518_7761600821267005440_n.jpg 720w\" sizes=\"auto, (max-width: 159px) 100vw, 159px\" \/><\/a><a class=\"dt-pswp-item\" href=\"http:\/\/www.radiopiu.net\/wordpress\/wp-content\/uploads\/2019\/09\/71501842_2853867454666209_8574593582999011328_n.jpg\" data-dt-img-description=\"\" data-large_image_width=\"805\" data-large_image_height=\"960\"><img loading=\"lazy\" decoding=\"async\" class=\"alignnone wp-image-100669\" src=\"http:\/\/www.radiopiu.net\/wordpress\/wp-content\/uploads\/2019\/09\/71501842_2853867454666209_8574593582999011328_n-252x300.jpg\" alt=\"\" width=\"212\" height=\"253\" srcset=\"https:\/\/www.radiopiu.net\/wordpress\/wp-content\/uploads\/2019\/09\/71501842_2853867454666209_8574593582999011328_n-252x300.jpg 252w, https:\/\/www.radiopiu.net\/wordpress\/wp-content\/uploads\/2019\/09\/71501842_2853867454666209_8574593582999011328_n-768x916.jpg 768w, https:\/\/www.radiopiu.net\/wordpress\/wp-content\/uploads\/2019\/09\/71501842_2853867454666209_8574593582999011328_n.jpg 805w\" sizes=\"auto, (max-width: 212px) 100vw, 212px\" \/><\/a><a class=\"dt-pswp-item\" href=\"http:\/\/www.radiopiu.net\/wordpress\/wp-content\/uploads\/2019\/09\/71658423_2853868501332771_6526402758474465280_n.jpg\" data-dt-img-description=\"\" data-large_image_width=\"960\" data-large_image_height=\"815\"><img loading=\"lazy\" decoding=\"async\" class=\"alignnone wp-image-100672\" src=\"http:\/\/www.radiopiu.net\/wordpress\/wp-content\/uploads\/2019\/09\/71658423_2853868501332771_6526402758474465280_n-300x255.jpg\" alt=\"\" width=\"295\" height=\"251\" srcset=\"https:\/\/www.radiopiu.net\/wordpress\/wp-content\/uploads\/2019\/09\/71658423_2853868501332771_6526402758474465280_n-300x255.jpg 300w, https:\/\/www.radiopiu.net\/wordpress\/wp-content\/uploads\/2019\/09\/71658423_2853868501332771_6526402758474465280_n-768x652.jpg 768w, https:\/\/www.radiopiu.net\/wordpress\/wp-content\/uploads\/2019\/09\/71658423_2853868501332771_6526402758474465280_n.jpg 960w\" sizes=\"auto, (max-width: 295px) 100vw, 295px\" \/><\/a><a class=\"dt-pswp-item\" href=\"http:\/\/www.radiopiu.net\/wordpress\/wp-content\/uploads\/2019\/09\/71403645_2853868794666075_1956131670868361216_n.jpg\" data-dt-img-description=\"\" data-large_image_width=\"720\" data-large_image_height=\"960\"><img loading=\"lazy\" decoding=\"async\" class=\"alignnone wp-image-100666\" src=\"http:\/\/www.radiopiu.net\/wordpress\/wp-content\/uploads\/2019\/09\/71403645_2853868794666075_1956131670868361216_n-225x300.jpg\" alt=\"\" width=\"187\" height=\"249\" srcset=\"https:\/\/www.radiopiu.net\/wordpress\/wp-content\/uploads\/2019\/09\/71403645_2853868794666075_1956131670868361216_n-225x300.jpg 225w, https:\/\/www.radiopiu.net\/wordpress\/wp-content\/uploads\/2019\/09\/71403645_2853868794666075_1956131670868361216_n.jpg 720w\" sizes=\"auto, (max-width: 187px) 100vw, 187px\" \/><\/a><\/p>\n<p>&nbsp;<\/p>\n<p>&nbsp;<\/p>\n<p>&nbsp;<\/p>\n<p>&nbsp;<\/p>\n<p>&nbsp;<\/p>\n<p>&nbsp;<\/p>\n<p>&nbsp;<\/p>\n<h3>&#8220;MORBIACCA&#8221; L&#8217;ULTIMO AVVISTAMENTO LUNGO LA 203 AGORDINA L&#8217;ALTRA NOTTE<\/h3>\n<blockquote><p><em>3 DI MATTINA, LUNEDI. RIECCO LA MUCCA DI MORBIACH INIZIALMENTE\u00a0 EDUCATAMENTE OLTRE LA LINEA BIANCA. POI INVECE DECIDE DI FARSI UN GIRO VERSO LA MEZZERIA, ANCHE QUESTA VOLTA GLI E&#8217; ANDATA BENE.\u00a0 IL VIDEO E&#8217; DI ANTONIO DELL&#8217;AGNOLA DI TAIBON , MA E&#8217; MERAVIGLIOSO. DALLA &#8220;FUGA&#8221; SONO PASSATI 18 GIORNI<\/em><\/p><\/blockquote>\n<div style=\"width: 640px;\" class=\"wp-video\"><video class=\"wp-video-shortcode\" id=\"video-100619-1\" width=\"640\" height=\"352\" preload=\"metadata\" controls=\"controls\"><source type=\"video\/mp4\" src=\"http:\/\/www.radiopiu.net\/wordpress\/wp-content\/uploads\/2019\/09\/WhatsApp-Video-2019-09-30-at-12.55.06.mp4?_=1\" \/><a href=\"http:\/\/www.radiopiu.net\/wordpress\/wp-content\/uploads\/2019\/09\/WhatsApp-Video-2019-09-30-at-12.55.06.mp4\">http:\/\/www.radiopiu.net\/wordpress\/wp-content\/uploads\/2019\/09\/WhatsApp-Video-2019-09-30-at-12.55.06.mp4<\/a><\/video><\/div>\n<h2><\/h2>\n<p>&nbsp;<\/p>\n<h3><span style=\"color: #ff0000;\">OGGI ALLA RADIO<\/span><\/h3>\n<p><strong>LA SESTA STAGIONE DI LEGGERMENTE BELLUNESI, DA OGGI ALLE 10.30 E 1900 (LA DOMENICA ALLE 11) IL PROGRAMMA DI LUISA ALCHINI.<\/strong> La prima puntata oggi vede protagonista la raccolta di racconti di Cherubino Miana uscita di recente. Il ricavato della vendita del libro viene devoluta all&#8217; Associazione Pettirosso di Agordo.<\/p>\n<p><strong>ALLE 15.10 E 21 DOLOMITES STREET<\/strong> la decima edizione\u00a0 da venerdi a domenica, in occasione del decennale, si propone una location d&#8217;eccezione il PalaLuxottica e un programma di assoluto rilievo. Alain Dotta e Andrea Zanvit ci espongono programma e dettagli.<\/p>\n<p>&nbsp;<\/p>\n<p>&nbsp;<\/p>\n<h3>OGGI IN SALA DON TAMIS, AL VIA\u00a0 LE LEZIONI DELL&#8217;UNIVERSITA&#8217; ANZIANI ADULTI<\/h3>\n<p><strong> <a class=\"dt-pswp-item\" href=\"http:\/\/www.radiopiu.net\/wordpress\/wp-content\/uploads\/2019\/09\/AGORDO-Logo-Sezione-UAA-Agordo.jpg\" data-dt-img-description=\"\" data-large_image_width=\"734\" data-large_image_height=\"726\"><img loading=\"lazy\" decoding=\"async\" class=\"alignnone size-medium wp-image-100534\" src=\"http:\/\/www.radiopiu.net\/wordpress\/wp-content\/uploads\/2019\/09\/AGORDO-Logo-Sezione-UAA-Agordo-300x297.jpg\" alt=\"\" width=\"300\" height=\"297\" srcset=\"https:\/\/www.radiopiu.net\/wordpress\/wp-content\/uploads\/2019\/09\/AGORDO-Logo-Sezione-UAA-Agordo-300x297.jpg 300w, https:\/\/www.radiopiu.net\/wordpress\/wp-content\/uploads\/2019\/09\/AGORDO-Logo-Sezione-UAA-Agordo-150x150.jpg 150w, https:\/\/www.radiopiu.net\/wordpress\/wp-content\/uploads\/2019\/09\/AGORDO-Logo-Sezione-UAA-Agordo.jpg 734w\" sizes=\"auto, (max-width: 300px) 100vw, 300px\" \/><\/a><\/strong><\/p>\n<p><strong>DI GIANNI SANTOMASO\u00a0<\/strong><\/p>\n<audio class=\"wp-audio-shortcode\" id=\"audio-100619-11\" preload=\"none\" style=\"width: 100%;\" controls=\"controls\"><source type=\"audio\/mpeg\" src=\"http:\/\/www.radiopiu.net\/wordpress\/wp-content\/uploads\/2019\/09\/gianni-universtia.mp3?_=11\" \/><a href=\"http:\/\/www.radiopiu.net\/wordpress\/wp-content\/uploads\/2019\/09\/gianni-universtia.mp3\">http:\/\/www.radiopiu.net\/wordpress\/wp-content\/uploads\/2019\/09\/gianni-universtia.mp3<\/a><\/audio>\n<h3>IL PROGRAMMA<\/h3>\n<div class=\"su-document su-u-responsive-media-yes\"><iframe loading=\"lazy\" src=\"\/\/docs.google.com\/viewer?embedded=true&url=http:\/\/www.radiopiu.net\/wordpress\/wp-content\/uploads\/2019\/09\/AGORDO-Inaugurazione-e-programma-UAA-Agordo-1mo-trimestre-2019-20.doc\" width=\"320\" height=\"340\" class=\"su-document\" title=\"\"><\/iframe><\/div>\n<p>&nbsp;<\/p>\n<p>&nbsp;<\/p>\n<p>&nbsp;<\/p>\n<h2>GLI ANTICHI MESTIERI IN SCENA A SEDICO<\/h2>\n<p><strong><a class=\"dt-pswp-item\" href=\"http:\/\/www.radiopiu.net\/wordpress\/wp-content\/uploads\/2019\/09\/th-4.jpg\" data-dt-img-description=\"\" data-large_image_width=\"234\" data-large_image_height=\"156\"><img loading=\"lazy\" decoding=\"async\" class=\"alignnone size-full wp-image-100738\" src=\"http:\/\/www.radiopiu.net\/wordpress\/wp-content\/uploads\/2019\/09\/th-4.jpg\" alt=\"\" width=\"234\" height=\"156\" \/><\/a>DI DAMIANO TORMEN<\/strong><\/p>\n<audio class=\"wp-audio-shortcode\" id=\"audio-100619-12\" preload=\"none\" style=\"width: 100%;\" controls=\"controls\"><source type=\"audio\/mpeg\" src=\"http:\/\/www.radiopiu.net\/wordpress\/wp-content\/uploads\/2019\/09\/DAMIANO-SEDICO.mp3?_=12\" \/><a href=\"http:\/\/www.radiopiu.net\/wordpress\/wp-content\/uploads\/2019\/09\/DAMIANO-SEDICO.mp3\">http:\/\/www.radiopiu.net\/wordpress\/wp-content\/uploads\/2019\/09\/DAMIANO-SEDICO.mp3<\/a><\/audio>\n<p>&nbsp;<\/p>\n<p>&nbsp;<\/p>\n<p>&nbsp;<\/p>\n<p>&nbsp;<\/p>\n<h3>GELATO A DUE, UNA NUOVA SFIDA E NON SOLO PER GELATIERI<\/h3>\n<p><strong>LONGARONE<\/strong>\u00a0 E&#8217; una competizione a squadre, composte da un Gelatiere ed uno Chef,\u00a0 la sfida si svolge su 2 portate: primo piatto: abbinamento di gelato gastronomico con un antipasto o un primo o un secondo oppure in stile Street Food o addirittura una pizza gourmet. Secondo piatto: un classico piatto abbinamento dessert\/gelato da fine pasto. La preparazione va fatta davanti ai giudici, i quali valuteranno l&#8217;aspetto, il gusto, l&#8217;abbinamento e l&#8217;innovazione nella preparazione. Lancio del concorso con una anteprima riservata al Triveneto in occasione di Expo Dolomiti (luned\u00ec 7 ottobre), con white card per la finale internazionale a MIG 2019. Concorso a posti limitati (12 squadre) per la 1a edizione che si terr\u00e0 in una giornata, luned\u00ec 2 dicembre a Longarone \u2013 Area concorsi MIG 60.<br \/>\nSia il gelatiere che lo chef devono essere operanti nella stessa zona, Triveneto per Expo Dolomiti e Stato per l\u2019internazionale alla MIG60.<\/p>\n<blockquote class=\"wp-embedded-content\" data-secret=\"sGh7DGZ3DY\"><p><a href=\"https:\/\/www.mostradelgelato.com\/gelato-a-due-special-triveneto-2019\">Gelato a Due &#8211; Special Triveneto 2019<\/a><\/p><\/blockquote>\n<p><iframe loading=\"lazy\" title=\"&#8220;Gelato a Due &#8211; Special Triveneto 2019&#8221; &#8212; MIG - Mostra Internazionale del Gelato Artigianale\" class=\"wp-embedded-content\" sandbox=\"allow-scripts\" security=\"restricted\" style=\"position: absolute; clip: rect(1px, 1px, 1px, 1px);\" src=\"https:\/\/www.mostradelgelato.com\/gelato-a-due-special-triveneto-2019\/embed#?secret=sGh7DGZ3DY\" data-secret=\"sGh7DGZ3DY\" width=\"600\" height=\"338\" frameborder=\"0\" marginwidth=\"0\" marginheight=\"0\" scrolling=\"no\"><\/iframe><\/p>\n<p>&nbsp;<\/p>\n<blockquote class=\"wp-embedded-content\" data-secret=\"3RT8BvyjcF\"><p><a href=\"http:\/\/www.radiopiu.net\/wordpress\/la-mirabile-predica-in-piazza-a-belluno-di-bernardino-da-siena-nel-settembre-1423-di-renato-bona\/\">LA MIRABILE PREDICA IN PIAZZA A BELLUNO DI BERNARDINO DA SIENA NEL SETTEMBRE 1423 di Renato Bona<\/a><\/p><\/blockquote>\n<p><iframe loading=\"lazy\" title=\"&#8220;LA MIRABILE PREDICA IN PIAZZA A BELLUNO DI BERNARDINO DA SIENA NEL SETTEMBRE 1423 di Renato Bona&#8221; &#8212; Radio Pi\u00f9\" class=\"wp-embedded-content\" sandbox=\"allow-scripts\" security=\"restricted\" style=\"position: absolute; clip: rect(1px, 1px, 1px, 1px);\" src=\"http:\/\/www.radiopiu.net\/wordpress\/la-mirabile-predica-in-piazza-a-belluno-di-bernardino-da-siena-nel-settembre-1423-di-renato-bona\/embed\/#?secret=3RT8BvyjcF\" data-secret=\"3RT8BvyjcF\" width=\"600\" height=\"338\" frameborder=\"0\" marginwidth=\"0\" marginheight=\"0\" scrolling=\"no\"><\/iframe><\/p>\n<p>&nbsp;<\/p>\n<h3><\/h3>\n<h3><a class=\"dt-pswp-item\" href=\"http:\/\/www.radiopiu.net\/wordpress\/wp-content\/uploads\/2018\/09\/appuntamenti.jpeg\" data-dt-img-description=\"\" data-large_image_width=\"800\" data-large_image_height=\"100\"><img loading=\"lazy\" decoding=\"async\" class=\"aligncenter wp-image-61958 size-full\" src=\"http:\/\/www.radiopiu.net\/wordpress\/wp-content\/uploads\/2018\/09\/appuntamenti.jpeg\" alt=\"\" width=\"800\" height=\"100\" srcset=\"https:\/\/www.radiopiu.net\/wordpress\/wp-content\/uploads\/2018\/09\/appuntamenti.jpeg 800w, https:\/\/www.radiopiu.net\/wordpress\/wp-content\/uploads\/2018\/09\/appuntamenti-300x38.jpeg 300w, https:\/\/www.radiopiu.net\/wordpress\/wp-content\/uploads\/2018\/09\/appuntamenti-768x96.jpeg 768w\" sizes=\"auto, (max-width: 800px) 100vw, 800px\" \/><\/a><\/h3>\n<h3><\/h3>\n<h3><\/h3>\n<h3>LA CEFALEA AI MERCOLEDI DELLA SALUTE<\/h3>\n<p><strong>FELTRE<\/strong> Domani alle 18 nella sala convegni dell\u2019ospedale di Feltre si parler\u00e0 cefalea con il direttore della Neurologia di Belluno Franco Ferracci. Il titolo della presentazione &#8220;la Cefalea 3.0&#8221; vuole alludere ai progressi effettuati dalla ricerca medica nel approntare terapie profilattiche sempre pi\u00f9 efficaci. Il mal di testa, infatti, \u00e8 un problema molto comune ma con un impatto economico notevole nei paesi europei: si stima infatti che tra costi diretti legati all&#8217;utilizzo dei Sistemi Sanitari e costi indiretti dovuti al calo di produttivit\u00e0 dei malati, la spesa europea dovuta alle cefalee ammonti a circa 118 miliardi di Euro. Ferracci affronter\u00e0 l&#8217;origine del dolore e le strutture anatomiche da cui pu\u00f2 originare e si soffermer\u00e0 sulle modalit\u00e0 con cui i neurologi affrontano la cefalea distinguendo le forme primarie dalle secondarie, l&#8217;emicrania dalla cefalea tensiva e dalla cefalea a grappolo. La seconda parte sar\u00e0 dedicata alle terapie sintomatiche e alle terapie profilattiche; queste ultime in particolare hanno visto i maggiori progressi clinici. Per quanto la cefalea sia un problema familiare a tutti, nondimeno le cause esatte del perch\u00e8 gli esseri umani ne soffrano restano poco note e spesso sono rappresentate da fattori della sfera emotiva. Questo concetto sar\u00e0 oggetto della parte finale della relazione.<\/p>\n<p>&nbsp;<\/p>\n<p>&nbsp;<\/p>\n<h3>LA NUOVA STAGIONE DELLA PISCINA DI AGORDO<\/h3>\n<p><strong>AGORDO<\/strong> Attivamente Agordino inaugura la nuova gestione della Piscina Comprensoriale di Agordo,\u00a0 sabato dalle\u00a0 17 presso lo stabilimento di via Lungo Rova 1. PROGRAMMA 17.00 Saluti delle Autorit\u00e0; 17.15 Dimostrazione delle attivit\u00e0 in vasca; Seguiranno brindisi e convivialit\u00e0.<\/p>\n<p>&nbsp;<\/p>\n<p>&nbsp;<\/p>\n<h3>IL CALENDARIO CIPA 2020 GUARDA A CORTINA<\/h3>\n<p><strong>BELLUNO<\/strong> Mercoled\u00ec\u00a0 alle 10.30 nella Sala \u201cCaldart\u201d di Villa Doglioni Dalmas, il Consorzio Industriali Protezione Ambientale della Provincia di Belluno\u00a0 e Confindustria Belluno Dolomiti presenteranno il \u201cCalendario Cipa 2020\u201d. Interverranno Arone Roni &#8211; presidente del Consorzio Cipa, Lorraine Berton &#8211; \u00a0presidente di Confindustria Belluno Dolomiti, Giorgio Gaspari &#8211; Fondazione Cortina 2021, Roberto Bortoluzzi &#8211; Presidente Comitato veneto Fisi, Giuliano Vantaggi &#8211; Direttore DMO, Luciano Trevisson &#8211; Delegato provinciale Coni. Il Consorzio CIPA anche per il 2020 propone il proprio calendario, uno \u201cscadenzario\u201d dove sono indicati, mese per mese, i pi\u00f9 importanti obblighi previsti per le aziende nel settore ambientale e sar\u00e0 dedicato alla \u201cClassica delleTofane\u201d, ovvero le 100 gare della Coppa del mondo di sci di Cortina d\u2019Ampezzo sintetizzate in 50 anni di storia con l\u2019obiettivo sui Mondiali di sci alpino del 2021.<\/p>\n<p>&nbsp;<\/p>\n<h3>A BELLUNO E FELTRE APPUNTAMENTI SUL FUNDRAISING<\/h3>\n<p><strong>BELLUNO<\/strong> Doppio evento sul tema del fundraising. L\u2019iniziativa \u00e8 del Csv. A Belluno si terr\u00e0 il ciclo &#8220;Il Terzo Aperitivo, a cura di Davide Moro, fundraiser professionista, e di Christian Liva, vicedirettore Csv Belluno. Gli incontri, dalle 19,30 alle 21 nella sala da t\u00e8 Lettherarium in via Mezzaterra. Il primo incontro venerd\u00ec 11 ottobre con ospite Giusy Battain sul tema &#8220;Raccolta fondi e relazioni con le aziende&#8221;. Le altre date sono l\u20198 novembre (con Laura De Riz sul tema &#8220;Il giusto progetto per il giusto finanziamento&#8221;) e il 6 dicembre (con Luciano Zanin sul tema &#8220;Come trovare nuovi volontari&#8221;); l\u2019iscrizione \u00e8 di 5 euro. A Feltre le date sono sabato 19 e sabato 26 ottobre dalle 9 alle 12.30\u00a0 al Campus &#8220;Tina Merlin&#8221;. Il corso \u00e8 gratuito per le Associazioni di Promozione Sociale, le Organizzazioni di Volontariato e le Onlus \u00e8 richiesto un contributo di compartecipazione alle spese di euro 20 per tutti gli altri enti, iscrizioni entro il 13 ottobre.<\/p>\n<p>&nbsp;<\/p>\n<h3>EVALDO GASPARI, MOSTRA E LIBRO<\/h3>\n<p><strong>LONGARONE<\/strong> Sabato alle\u00a0 10\u00a0 nello spazio espositivo di Palazzo Mazzol\u00e0 &#8211; sede del Comune di Longarone, si terr\u00e0 l&#8217;inaugurazione della mostra\u00a0 e la presentazione del libro &#8220;La Ferrovia delle Dolomiti&#8221; di Evaldo Gaspari. Organizza la Polisportiva Feltrese,\u00a0AICS,\u00a0 e Comune di \u00a0Longarone.<\/p>\n<p>&nbsp;<\/p>\n<h3>LUCIANO DE BARBA AL PIERO ROSSI<\/h3>\n<p><strong>BELLUNO<\/strong>\u00a0 Fino al 20 ottobre al Centro Culturale Piero Rossi in Piazza Piloni mostra personale di Luciano De Barba &#8220;METAMORFOSI&#8221;, 14 sculture in legno di varie essenze e forma di figure femminili. L&#8217;autore\u00a0 sar\u00e0 presente nei locali della mostra il venerd\u00ec dalle 17.30 alle 19, la mostra \u00e8 aperta durante gli orari di apertura del Centro culturale escluso il mercoled\u00ec pomeriggio.<\/p>\n<p>&nbsp;<\/p>\n<p><strong>CENCENIGHE<\/strong> La famiglia ex emigranti agordini organizza il pranzo sociale per domenica 13 ottobre all&#8217;Hotel Europa di Alleghe. Programma: 10 messa in ricordo degli emigranti scomparsi; 12.30 pranzo e lotteria. Prenotazioni entro il 10 ottobre all&#8217;hotel, telefono\u00a0 0437 523362, oppure dalla presidente Lucia De Toffol 0437 591492. Per il 27 ottobre terzo anniversario dell&#8217;inaugurazione del Monumento dell&#8217;emigrante a Cencenighe con la posa di una corona d&#8217;alloro, alle 10.30 la messa a seguire il corteo verso il piazzale Nof Filo&#8217;.<\/p>\n<p>&nbsp;<\/p>\n<p><strong>LONGARONE<\/strong> La Federazione Italiana Sport Invernali apre la stagione a Longaronefiere nel padiglio A2, domenica 6 ottobre alle 15.30 con la 30^edizione del premio Fair Play. Programma: saluto delle autorit\u00e0,\u00a0 premiazione Dolomiti Show Games, intervento Fondazione Cortina 2021 Progetto Donors, consegna benemerenze FISI, presentazione tecnici e squadre agonistiche del Comitato Veneto, premiazione Coppa Veneto ENERGIAPURA 2018\/2019. Consegna 30\u00b0 Fair Play \u201cBepin De Eto<\/p>\n<p>&nbsp;<\/p>\n<div><strong>BELLUNO<\/strong>\u00a0 \u00a0\u201cGiornate d\u2019autunno\u201d,\u00a0 \u00e8 il secondo grande evento nazionale che il Fondo Ambiente Italiano promuove per sensibilizzare i cittadini sulla valorizzazione delle bellezze del patrimonio storico, artistico e paesaggistico dei nostri territori e sui temi della tutela, della conservazione e del restauro. Dopo il successo delle Giornate di Primavera, in centro storico a Belluno, e dopo l\u2019apertura estiva di Villa Pasole a Pedavena, per questo appuntamento autunnale il Fai conquista\u00a0 \u00a0le montagne del Cadore. L&#8217;evento sar\u00e0 presentato in sala consiliare della Magnifica Comunit\u00e0 di Pieve di Cadore il\u00a0 3 ottobre alle ore 15.30.<\/div>\n<div><\/div>\n<div><\/div>\n<div><\/div>\n<div><strong>BELLUNO<\/strong> Sabato alle 21 al Teatro Comunale di Belluno in occasione della manifestazione Oltre le Vette, verr\u00e0 presentato il docufilm Gabelli, la scuola pi\u00f9 bella d&#8217;Italia che narra la storia di Pierina Boranga, ideatrice della scuola elementare Aristide Gabelli di Belluno, vanto nazionale in epoca fascista per la modernit\u00e0 del fabbricato e per la didattica dell\u2019insegnamento.<br \/>\nLa pellicola \u00e8 stata prodotta da Belluno Ciak in collaborazione con la Filarmonica di Belluno che ha inciso la colonna sonora composta dal cortinese Davide Donazzolo. Il progetto \u00e8 stato sostenuto anche dall&#8217;Associazione cittadini per recupero della Scuola Gabelli &#8211; Belluno la quale ha dato un importante contributo per la realizzazione del documentario. Ingresso libero.<\/div>\n<div><\/div>\n<p>&nbsp;<\/p>\n<div><strong><a class=\"dt-pswp-item\" href=\"http:\/\/www.radiopiu.net\/wordpress\/wp-content\/uploads\/2019\/08\/download-6.jpg\" data-dt-img-description=\"\" data-large_image_width=\"300\" data-large_image_height=\"168\"><img loading=\"lazy\" decoding=\"async\" class=\" wp-image-95372 alignleft\" src=\"http:\/\/www.radiopiu.net\/wordpress\/wp-content\/uploads\/2019\/08\/download-6-300x168.jpg\" alt=\"\" width=\"161\" height=\"90\" \/><\/a><\/strong><\/div>\n<div>\n<p><strong>IL SALUTO DI UNA COMUNITA&#8217; AD UN GRANDE PARROCO, DON MARIO ZANON<\/strong><\/p>\n<p><strong>TAIBON<\/strong>\u00a0<strong>La comunit\u00e0 parrocchiale invita la popolazione domenica 6 ottobre alle 10 alla messa per salutare e ringraziare Don Mario per gli anni dedicati al servizio della comunit\u00e0.<\/strong><\/p>\n<\/div>\n<p>&nbsp;<\/p>\n<p>&nbsp;<\/p>\n<p>&nbsp;<\/p>\n<p>&nbsp;<\/p>\n<p>&nbsp;<\/p>\n<p><strong><a class=\"dt-pswp-item\" href=\"http:\/\/www.radiopiu.net\/wordpress\/wp-content\/uploads\/2018\/09\/viabilita.jpeg\" data-dt-img-description=\"\" data-large_image_width=\"800\" data-large_image_height=\"100\"><img loading=\"lazy\" decoding=\"async\" class=\"alignnone wp-image-61954 size-full\" src=\"http:\/\/www.radiopiu.net\/wordpress\/wp-content\/uploads\/2018\/09\/viabilita.jpeg\" alt=\"\" width=\"800\" height=\"100\" srcset=\"https:\/\/www.radiopiu.net\/wordpress\/wp-content\/uploads\/2018\/09\/viabilita.jpeg 800w, https:\/\/www.radiopiu.net\/wordpress\/wp-content\/uploads\/2018\/09\/viabilita-300x38.jpeg 300w, https:\/\/www.radiopiu.net\/wordpress\/wp-content\/uploads\/2018\/09\/viabilita-768x96.jpeg 768w\" sizes=\"auto, (max-width: 800px) 100vw, 800px\" \/><\/a><\/strong><\/p>\n<p>&nbsp;<\/p>\n<p><strong>Regionale 48 delle Dolomiti,<\/strong> localit\u00e0 San Giovanni di Livinallongo: fino al 4 ottobre dalle 8.30 alle 12 e dalle 13.30 alle 17.30 senso unico alternato e interruzioni della durata massima di 20 minuti.<\/p>\n<p><strong>Regionale 251 Val di Zoldo,<\/strong> Comune di Colle Santa Lucia:\u00a0 senso unico alternato.<\/p>\n<p><strong>Regionale 346 del San<\/strong> Pellegrino Comune di Falcade: fino al 18 ottobre escusi festivi e prefestivi, senso unico alternato.<\/p>\n<p><strong>Provinciale 563 di Salesei,<\/strong> Comune di Rocca Pietore:\u00a0 fino al 11 ottobre senso unico alternato regolato da movieri dalle 8 alle 18<\/p>\n<p>&nbsp;<\/p>\n<p>&nbsp;<\/p>\n<p>&nbsp;<\/p>\n<p><a class=\"dt-pswp-item\" href=\"http:\/\/www.radiopiu.net\/wordpress\/wp-content\/uploads\/2018\/09\/sport.jpg\" data-dt-img-description=\"\" data-large_image_width=\"800\" data-large_image_height=\"100\"><img loading=\"lazy\" decoding=\"async\" class=\"aligncenter wp-image-60761 size-full\" src=\"http:\/\/www.radiopiu.net\/wordpress\/wp-content\/uploads\/2018\/09\/sport.jpg\" alt=\"\" width=\"800\" height=\"100\" srcset=\"https:\/\/www.radiopiu.net\/wordpress\/wp-content\/uploads\/2018\/09\/sport.jpg 800w, https:\/\/www.radiopiu.net\/wordpress\/wp-content\/uploads\/2018\/09\/sport-300x38.jpg 300w, https:\/\/www.radiopiu.net\/wordpress\/wp-content\/uploads\/2018\/09\/sport-768x96.jpg 768w\" sizes=\"auto, (max-width: 800px) 100vw, 800px\" \/><\/a><\/p>\n<h2><\/h2>\n<h2>IL BELLUNO VINCE IL TROFEO OLD TRAFFORD<\/h2>\n<p>Si \u00e8 svolto a Libano di Sedico il Torneo Old Trafford dedicato alla categoria pulcini ed organizzato dal San Giorgio Sedico. Una giornata di calcio in cui 12 squadre si sono alternate sul green di Libano per la conquista del titolo. Manifestazione che \u00e8 partita al mattino con le prime sfide a fase eliminatoria. 3 i gironi da 4 squadre. Dopo le prime partite, il Girone A ha visto il Gemelle comandare la classifica con 7 punti, a parimerito con l&#8217;Agordina. San Giorgio Celeste che domaina nel Girone B vincendo tutte le partite e San Martino Colle che vince la classifica del Girone C.<\/p>\n<p>Nel pomeriggio la fase finale del torneo con le squadre di nuovo suddivise in 4 gironi dove si sono sfidate in dei triangolari per decretare le varie posizioni.<\/p>\n<p>La classifica finale del trofeo: 1. Belluno, 2. San Giorgio Celeste, 3. San Martino Colle, 4. Gemelle, 5. Agordina, 6. Alpago, 7. Limana, 8. Juventina, 9. San Giorgio Rosso, 10. Schiara, 11. Fiori Barp, 12. Cavarzano. Premi speciali a Marco Pavarini (San Giorgio Celeste) come miglior giocatore e Matteo Salvador (San Martino Colle) miglior portiere<\/p>\n<p><strong>LE SQUADRE PARTECIPANTI<\/strong><\/p>\n\n\t\t\t<style type='text\/css'>\n\t\t\t\t#gallery-1 {\n\t\t\t\t\tmargin: auto;\n\t\t\t\t}\n\t\t\t\t#gallery-1 .gallery-item {\n\t\t\t\t\tfloat: left;\n\t\t\t\t\tmargin-top: 10px;\n\t\t\t\t\ttext-align: center;\n\t\t\t\t\twidth: 33%;\n\t\t\t\t}\n\t\t\t\t#gallery-1 img {\n\t\t\t\t\tborder: 2px solid #cfcfcf;\n\t\t\t\t}\n\t\t\t\t#gallery-1 .gallery-caption {\n\t\t\t\t\tmargin-left: 0;\n\t\t\t\t}\n\t\t\t\t\/* see gallery_shortcode() in wp-includes\/media.php *\/\n\t\t\t<\/style>\n\t\t<div id='gallery-1' class='dt-gallery-container gallery galleryid-100619 gallery-columns-3 gallery-size-medium'><dl class='gallery-item'>\n\t\t\t\t<dt class='gallery-icon landscape'>\n\t\t\t\t\t<a class=\"rollover\" href='https:\/\/www.radiopiu.net\/wordpress\/il-belluno-vince-il-trofeo-old-trafford\/photo-2019-09-29-18-30-15\/'><img loading=\"lazy\" decoding=\"async\" width=\"300\" height=\"169\" src=\"https:\/\/www.radiopiu.net\/wordpress\/wp-content\/uploads\/2019\/09\/PHOTO-2019-09-29-18-30-15-300x169.jpg\" class=\"attachment-medium size-medium\" alt=\"\" srcset=\"https:\/\/www.radiopiu.net\/wordpress\/wp-content\/uploads\/2019\/09\/PHOTO-2019-09-29-18-30-15-300x169.jpg 300w, https:\/\/www.radiopiu.net\/wordpress\/wp-content\/uploads\/2019\/09\/PHOTO-2019-09-29-18-30-15-768x432.jpg 768w, https:\/\/www.radiopiu.net\/wordpress\/wp-content\/uploads\/2019\/09\/PHOTO-2019-09-29-18-30-15-1024x576.jpg 1024w, https:\/\/www.radiopiu.net\/wordpress\/wp-content\/uploads\/2019\/09\/PHOTO-2019-09-29-18-30-15.jpg 1600w\" sizes=\"auto, (max-width: 300px) 100vw, 300px\" \/><\/a>\n\t\t\t\t<\/dt><\/dl><dl class='gallery-item'>\n\t\t\t\t<dt class='gallery-icon landscape'>\n\t\t\t\t\t<a class=\"rollover\" href='https:\/\/www.radiopiu.net\/wordpress\/il-belluno-vince-il-trofeo-old-trafford\/photo-2019-09-29-18-30-16_1\/'><img loading=\"lazy\" decoding=\"async\" width=\"300\" height=\"169\" src=\"https:\/\/www.radiopiu.net\/wordpress\/wp-content\/uploads\/2019\/09\/PHOTO-2019-09-29-18-30-16_1-300x169.jpg\" class=\"attachment-medium size-medium\" alt=\"\" srcset=\"https:\/\/www.radiopiu.net\/wordpress\/wp-content\/uploads\/2019\/09\/PHOTO-2019-09-29-18-30-16_1-300x169.jpg 300w, https:\/\/www.radiopiu.net\/wordpress\/wp-content\/uploads\/2019\/09\/PHOTO-2019-09-29-18-30-16_1-768x432.jpg 768w, https:\/\/www.radiopiu.net\/wordpress\/wp-content\/uploads\/2019\/09\/PHOTO-2019-09-29-18-30-16_1-1024x576.jpg 1024w, https:\/\/www.radiopiu.net\/wordpress\/wp-content\/uploads\/2019\/09\/PHOTO-2019-09-29-18-30-16_1.jpg 1600w\" sizes=\"auto, (max-width: 300px) 100vw, 300px\" \/><\/a>\n\t\t\t\t<\/dt><\/dl><dl class='gallery-item'>\n\t\t\t\t<dt class='gallery-icon landscape'>\n\t\t\t\t\t<a class=\"rollover\" href='https:\/\/www.radiopiu.net\/wordpress\/il-belluno-vince-il-trofeo-old-trafford\/photo-2019-09-29-18-30-16_2\/'><img loading=\"lazy\" decoding=\"async\" width=\"300\" height=\"169\" src=\"https:\/\/www.radiopiu.net\/wordpress\/wp-content\/uploads\/2019\/09\/PHOTO-2019-09-29-18-30-16_2-300x169.jpg\" class=\"attachment-medium size-medium\" alt=\"\" srcset=\"https:\/\/www.radiopiu.net\/wordpress\/wp-content\/uploads\/2019\/09\/PHOTO-2019-09-29-18-30-16_2-300x169.jpg 300w, https:\/\/www.radiopiu.net\/wordpress\/wp-content\/uploads\/2019\/09\/PHOTO-2019-09-29-18-30-16_2-768x432.jpg 768w, https:\/\/www.radiopiu.net\/wordpress\/wp-content\/uploads\/2019\/09\/PHOTO-2019-09-29-18-30-16_2-1024x576.jpg 1024w, https:\/\/www.radiopiu.net\/wordpress\/wp-content\/uploads\/2019\/09\/PHOTO-2019-09-29-18-30-16_2.jpg 1600w\" sizes=\"auto, (max-width: 300px) 100vw, 300px\" \/><\/a>\n\t\t\t\t<\/dt><\/dl><br style=\"clear: both\" \/><dl class='gallery-item'>\n\t\t\t\t<dt class='gallery-icon landscape'>\n\t\t\t\t\t<a class=\"rollover\" href='https:\/\/www.radiopiu.net\/wordpress\/il-belluno-vince-il-trofeo-old-trafford\/photo-2019-09-29-18-30-16\/'><img loading=\"lazy\" decoding=\"async\" width=\"300\" height=\"169\" src=\"https:\/\/www.radiopiu.net\/wordpress\/wp-content\/uploads\/2019\/09\/PHOTO-2019-09-29-18-30-16-300x169.jpg\" class=\"attachment-medium size-medium\" alt=\"\" srcset=\"https:\/\/www.radiopiu.net\/wordpress\/wp-content\/uploads\/2019\/09\/PHOTO-2019-09-29-18-30-16-300x169.jpg 300w, https:\/\/www.radiopiu.net\/wordpress\/wp-content\/uploads\/2019\/09\/PHOTO-2019-09-29-18-30-16-768x432.jpg 768w, https:\/\/www.radiopiu.net\/wordpress\/wp-content\/uploads\/2019\/09\/PHOTO-2019-09-29-18-30-16-1024x576.jpg 1024w, https:\/\/www.radiopiu.net\/wordpress\/wp-content\/uploads\/2019\/09\/PHOTO-2019-09-29-18-30-16.jpg 1600w\" sizes=\"auto, (max-width: 300px) 100vw, 300px\" \/><\/a>\n\t\t\t\t<\/dt><\/dl><dl class='gallery-item'>\n\t\t\t\t<dt class='gallery-icon landscape'>\n\t\t\t\t\t<a class=\"rollover\" href='https:\/\/www.radiopiu.net\/wordpress\/il-belluno-vince-il-trofeo-old-trafford\/photo-2019-09-29-18-30-17_1\/'><img loading=\"lazy\" decoding=\"async\" width=\"300\" height=\"169\" src=\"https:\/\/www.radiopiu.net\/wordpress\/wp-content\/uploads\/2019\/09\/PHOTO-2019-09-29-18-30-17_1-300x169.jpg\" class=\"attachment-medium size-medium\" alt=\"\" srcset=\"https:\/\/www.radiopiu.net\/wordpress\/wp-content\/uploads\/2019\/09\/PHOTO-2019-09-29-18-30-17_1-300x169.jpg 300w, https:\/\/www.radiopiu.net\/wordpress\/wp-content\/uploads\/2019\/09\/PHOTO-2019-09-29-18-30-17_1-768x432.jpg 768w, https:\/\/www.radiopiu.net\/wordpress\/wp-content\/uploads\/2019\/09\/PHOTO-2019-09-29-18-30-17_1-1024x576.jpg 1024w, https:\/\/www.radiopiu.net\/wordpress\/wp-content\/uploads\/2019\/09\/PHOTO-2019-09-29-18-30-17_1.jpg 1600w\" sizes=\"auto, (max-width: 300px) 100vw, 300px\" \/><\/a>\n\t\t\t\t<\/dt><\/dl><dl class='gallery-item'>\n\t\t\t\t<dt class='gallery-icon landscape'>\n\t\t\t\t\t<a class=\"rollover\" href='https:\/\/www.radiopiu.net\/wordpress\/il-belluno-vince-il-trofeo-old-trafford\/photo-2019-09-29-18-30-17_2\/'><img loading=\"lazy\" decoding=\"async\" width=\"300\" height=\"169\" src=\"https:\/\/www.radiopiu.net\/wordpress\/wp-content\/uploads\/2019\/09\/PHOTO-2019-09-29-18-30-17_2-300x169.jpg\" class=\"attachment-medium size-medium\" alt=\"\" srcset=\"https:\/\/www.radiopiu.net\/wordpress\/wp-content\/uploads\/2019\/09\/PHOTO-2019-09-29-18-30-17_2-300x169.jpg 300w, https:\/\/www.radiopiu.net\/wordpress\/wp-content\/uploads\/2019\/09\/PHOTO-2019-09-29-18-30-17_2-768x432.jpg 768w, https:\/\/www.radiopiu.net\/wordpress\/wp-content\/uploads\/2019\/09\/PHOTO-2019-09-29-18-30-17_2-1024x576.jpg 1024w, https:\/\/www.radiopiu.net\/wordpress\/wp-content\/uploads\/2019\/09\/PHOTO-2019-09-29-18-30-17_2.jpg 1600w\" sizes=\"auto, (max-width: 300px) 100vw, 300px\" \/><\/a>\n\t\t\t\t<\/dt><\/dl><br style=\"clear: both\" \/><dl class='gallery-item'>\n\t\t\t\t<dt class='gallery-icon landscape'>\n\t\t\t\t\t<a class=\"rollover\" href='https:\/\/www.radiopiu.net\/wordpress\/il-belluno-vince-il-trofeo-old-trafford\/photo-2019-09-29-18-30-17_3\/'><img loading=\"lazy\" decoding=\"async\" width=\"300\" height=\"169\" src=\"https:\/\/www.radiopiu.net\/wordpress\/wp-content\/uploads\/2019\/09\/PHOTO-2019-09-29-18-30-17_3-300x169.jpg\" class=\"attachment-medium size-medium\" alt=\"\" srcset=\"https:\/\/www.radiopiu.net\/wordpress\/wp-content\/uploads\/2019\/09\/PHOTO-2019-09-29-18-30-17_3-300x169.jpg 300w, https:\/\/www.radiopiu.net\/wordpress\/wp-content\/uploads\/2019\/09\/PHOTO-2019-09-29-18-30-17_3-768x432.jpg 768w, https:\/\/www.radiopiu.net\/wordpress\/wp-content\/uploads\/2019\/09\/PHOTO-2019-09-29-18-30-17_3-1024x576.jpg 1024w, https:\/\/www.radiopiu.net\/wordpress\/wp-content\/uploads\/2019\/09\/PHOTO-2019-09-29-18-30-17_3.jpg 1600w\" sizes=\"auto, (max-width: 300px) 100vw, 300px\" \/><\/a>\n\t\t\t\t<\/dt><\/dl><dl class='gallery-item'>\n\t\t\t\t<dt class='gallery-icon landscape'>\n\t\t\t\t\t<a class=\"rollover\" href='https:\/\/www.radiopiu.net\/wordpress\/il-belluno-vince-il-trofeo-old-trafford\/photo-2019-09-29-18-30-17\/'><img loading=\"lazy\" decoding=\"async\" width=\"300\" height=\"169\" src=\"https:\/\/www.radiopiu.net\/wordpress\/wp-content\/uploads\/2019\/09\/PHOTO-2019-09-29-18-30-17-300x169.jpg\" class=\"attachment-medium size-medium\" alt=\"\" srcset=\"https:\/\/www.radiopiu.net\/wordpress\/wp-content\/uploads\/2019\/09\/PHOTO-2019-09-29-18-30-17-300x169.jpg 300w, https:\/\/www.radiopiu.net\/wordpress\/wp-content\/uploads\/2019\/09\/PHOTO-2019-09-29-18-30-17-768x432.jpg 768w, https:\/\/www.radiopiu.net\/wordpress\/wp-content\/uploads\/2019\/09\/PHOTO-2019-09-29-18-30-17-1024x576.jpg 1024w, https:\/\/www.radiopiu.net\/wordpress\/wp-content\/uploads\/2019\/09\/PHOTO-2019-09-29-18-30-17.jpg 1600w\" sizes=\"auto, (max-width: 300px) 100vw, 300px\" \/><\/a>\n\t\t\t\t<\/dt><\/dl><dl class='gallery-item'>\n\t\t\t\t<dt class='gallery-icon landscape'>\n\t\t\t\t\t<a class=\"rollover\" href='https:\/\/www.radiopiu.net\/wordpress\/il-belluno-vince-il-trofeo-old-trafford\/photo-2019-09-29-18-30-18_1\/'><img loading=\"lazy\" decoding=\"async\" width=\"300\" height=\"169\" src=\"https:\/\/www.radiopiu.net\/wordpress\/wp-content\/uploads\/2019\/09\/PHOTO-2019-09-29-18-30-18_1-300x169.jpg\" class=\"attachment-medium size-medium\" alt=\"\" srcset=\"https:\/\/www.radiopiu.net\/wordpress\/wp-content\/uploads\/2019\/09\/PHOTO-2019-09-29-18-30-18_1-300x169.jpg 300w, https:\/\/www.radiopiu.net\/wordpress\/wp-content\/uploads\/2019\/09\/PHOTO-2019-09-29-18-30-18_1-768x432.jpg 768w, https:\/\/www.radiopiu.net\/wordpress\/wp-content\/uploads\/2019\/09\/PHOTO-2019-09-29-18-30-18_1-1024x576.jpg 1024w, https:\/\/www.radiopiu.net\/wordpress\/wp-content\/uploads\/2019\/09\/PHOTO-2019-09-29-18-30-18_1.jpg 1600w\" sizes=\"auto, (max-width: 300px) 100vw, 300px\" \/><\/a>\n\t\t\t\t<\/dt><\/dl><br style=\"clear: both\" \/><dl class='gallery-item'>\n\t\t\t\t<dt class='gallery-icon landscape'>\n\t\t\t\t\t<a class=\"rollover\" href='https:\/\/www.radiopiu.net\/wordpress\/il-belluno-vince-il-trofeo-old-trafford\/photo-2019-09-29-18-30-18_2\/'><img loading=\"lazy\" decoding=\"async\" width=\"300\" height=\"169\" src=\"https:\/\/www.radiopiu.net\/wordpress\/wp-content\/uploads\/2019\/09\/PHOTO-2019-09-29-18-30-18_2-300x169.jpg\" class=\"attachment-medium size-medium\" alt=\"\" srcset=\"https:\/\/www.radiopiu.net\/wordpress\/wp-content\/uploads\/2019\/09\/PHOTO-2019-09-29-18-30-18_2-300x169.jpg 300w, https:\/\/www.radiopiu.net\/wordpress\/wp-content\/uploads\/2019\/09\/PHOTO-2019-09-29-18-30-18_2-768x432.jpg 768w, https:\/\/www.radiopiu.net\/wordpress\/wp-content\/uploads\/2019\/09\/PHOTO-2019-09-29-18-30-18_2-1024x576.jpg 1024w, https:\/\/www.radiopiu.net\/wordpress\/wp-content\/uploads\/2019\/09\/PHOTO-2019-09-29-18-30-18_2.jpg 1600w\" sizes=\"auto, (max-width: 300px) 100vw, 300px\" \/><\/a>\n\t\t\t\t<\/dt><\/dl><dl class='gallery-item'>\n\t\t\t\t<dt class='gallery-icon landscape'>\n\t\t\t\t\t<a class=\"rollover\" href='https:\/\/www.radiopiu.net\/wordpress\/il-belluno-vince-il-trofeo-old-trafford\/photo-2019-09-29-18-30-18_3\/'><img loading=\"lazy\" decoding=\"async\" width=\"300\" height=\"169\" src=\"https:\/\/www.radiopiu.net\/wordpress\/wp-content\/uploads\/2019\/09\/PHOTO-2019-09-29-18-30-18_3-300x169.jpg\" class=\"attachment-medium size-medium\" alt=\"\" srcset=\"https:\/\/www.radiopiu.net\/wordpress\/wp-content\/uploads\/2019\/09\/PHOTO-2019-09-29-18-30-18_3-300x169.jpg 300w, https:\/\/www.radiopiu.net\/wordpress\/wp-content\/uploads\/2019\/09\/PHOTO-2019-09-29-18-30-18_3-768x432.jpg 768w, https:\/\/www.radiopiu.net\/wordpress\/wp-content\/uploads\/2019\/09\/PHOTO-2019-09-29-18-30-18_3-1024x576.jpg 1024w, https:\/\/www.radiopiu.net\/wordpress\/wp-content\/uploads\/2019\/09\/PHOTO-2019-09-29-18-30-18_3.jpg 1600w\" sizes=\"auto, (max-width: 300px) 100vw, 300px\" \/><\/a>\n\t\t\t\t<\/dt><\/dl><dl class='gallery-item'>\n\t\t\t\t<dt class='gallery-icon landscape'>\n\t\t\t\t\t<a class=\"rollover\" href='https:\/\/www.radiopiu.net\/wordpress\/il-belluno-vince-il-trofeo-old-trafford\/photo-2019-09-29-18-30-18\/'><img loading=\"lazy\" decoding=\"async\" width=\"300\" height=\"169\" src=\"https:\/\/www.radiopiu.net\/wordpress\/wp-content\/uploads\/2019\/09\/PHOTO-2019-09-29-18-30-18-300x169.jpg\" class=\"attachment-medium size-medium\" alt=\"\" srcset=\"https:\/\/www.radiopiu.net\/wordpress\/wp-content\/uploads\/2019\/09\/PHOTO-2019-09-29-18-30-18-300x169.jpg 300w, https:\/\/www.radiopiu.net\/wordpress\/wp-content\/uploads\/2019\/09\/PHOTO-2019-09-29-18-30-18-768x432.jpg 768w, https:\/\/www.radiopiu.net\/wordpress\/wp-content\/uploads\/2019\/09\/PHOTO-2019-09-29-18-30-18-1024x576.jpg 1024w, https:\/\/www.radiopiu.net\/wordpress\/wp-content\/uploads\/2019\/09\/PHOTO-2019-09-29-18-30-18.jpg 1600w\" sizes=\"auto, (max-width: 300px) 100vw, 300px\" \/><\/a>\n\t\t\t\t<\/dt><\/dl><br style=\"clear: both\" \/><dl class='gallery-item'>\n\t\t\t\t<dt class='gallery-icon landscape'>\n\t\t\t\t\t<a class=\"rollover\" href='https:\/\/www.radiopiu.net\/wordpress\/il-belluno-vince-il-trofeo-old-trafford\/photo-2019-09-29-18-30-19\/'><img loading=\"lazy\" decoding=\"async\" width=\"300\" height=\"169\" src=\"https:\/\/www.radiopiu.net\/wordpress\/wp-content\/uploads\/2019\/09\/PHOTO-2019-09-29-18-30-19-300x169.jpg\" class=\"attachment-medium size-medium\" alt=\"\" srcset=\"https:\/\/www.radiopiu.net\/wordpress\/wp-content\/uploads\/2019\/09\/PHOTO-2019-09-29-18-30-19-300x169.jpg 300w, https:\/\/www.radiopiu.net\/wordpress\/wp-content\/uploads\/2019\/09\/PHOTO-2019-09-29-18-30-19-768x432.jpg 768w, https:\/\/www.radiopiu.net\/wordpress\/wp-content\/uploads\/2019\/09\/PHOTO-2019-09-29-18-30-19-1024x576.jpg 1024w, https:\/\/www.radiopiu.net\/wordpress\/wp-content\/uploads\/2019\/09\/PHOTO-2019-09-29-18-30-19.jpg 1600w\" sizes=\"auto, (max-width: 300px) 100vw, 300px\" \/><\/a>\n\t\t\t\t<\/dt><\/dl>\n\t\t\t\t<br style='clear: both' \/>\n\t\t\t<\/div>\n\n<p>&nbsp;<\/p>\n<p>&nbsp;<\/p>\n<p>&nbsp;<\/p>\n<p><center><\/center><center><\/center><center><\/center><center><b><a class=\"dt-pswp-item\" href=\"http:\/\/www.radiopiu.net\/wordpress\/wp-content\/uploads\/2018\/09\/WhatsApp-Image-2018-09-20-at-16.04.06.jpeg\" data-dt-img-description=\"\" data-large_image_width=\"800\" data-large_image_height=\"100\"><img loading=\"lazy\" decoding=\"async\" class=\"alignnone wp-image-61378 size-full\" src=\"http:\/\/www.radiopiu.net\/wordpress\/wp-content\/uploads\/2018\/09\/WhatsApp-Image-2018-09-20-at-16.04.06.jpeg\" alt=\"\" width=\"800\" height=\"100\" srcset=\"https:\/\/www.radiopiu.net\/wordpress\/wp-content\/uploads\/2018\/09\/WhatsApp-Image-2018-09-20-at-16.04.06.jpeg 800w, https:\/\/www.radiopiu.net\/wordpress\/wp-content\/uploads\/2018\/09\/WhatsApp-Image-2018-09-20-at-16.04.06-300x38.jpeg 300w, https:\/\/www.radiopiu.net\/wordpress\/wp-content\/uploads\/2018\/09\/WhatsApp-Image-2018-09-20-at-16.04.06-768x96.jpeg 768w\" sizes=\"auto, (max-width: 800px) 100vw, 800px\" \/><\/a><\/b><\/center>&nbsp;<\/p>\n<p><center><b>Martedi 1<\/b><\/center><b>Tempo atteso: <\/b>Al mattino sulle Prealpi e nelle valli dolomitiche pi\u00f9 meridionali da irregolarmente nuvoloso a nuvoloso per nubi basse, assieme a schiarite; in quota e nelle valli dolomitiche pi\u00f9 alte sereno o poco nuvoloso. Dalla tarda mattinata nuvolosit\u00e0 in aumento fino a molto nuovoloso quasi ovunque. In serata ulteriore intensificazione della copertura. Clima diurno un po&#8217; pi\u00f9 fresco per deficit di sole rispetto a luned\u00ec.<br \/>\n<b>Precipitazioni: <\/b>In giornata assenti (0%), in serata quasi del tutto assenti (10%).<br \/>\n<b>Temperature: <\/b>Minime in aumento e massime in diminuzione. Sono previste punte di 21\/22\u00b0C nei fondovalle prealpini e di 14\/16\u00b0C a 1000\/1200 m. Su Prealpi a 1500 m min 10\u00b0C max 13\u00b0C, a 2000 m min 8\u00b0C max 10\u00b0C. Su Dolomiti a 2000 m min 7\u00b0C max 10\u00b0C, a 3000 m min 2\u00b0C max 4\u00b0C.<br \/>\n<b>Venti: <\/b>Nelle valli generalmente deboli; in quota deboli\/moderati da Sud-Ovest, anche tesi sulle vette, a 5-20 km\/h a 2000 m, a 20-30 km\/h a 3000 m.<\/p>\n<hr \/>\n<p><center><b>Mercoledi 2<\/b><\/center><b>Tempo atteso: <\/b>Tempo in peggioramento fino ad essere perturbato, con cielo molto nuvoloso\/coperto e prime precipitazioni, gi\u00e0 al primo mattino sui settori pi\u00f9 occidentali, in estensione a tutto il territorio montano entro met\u00e0 mattinata. Il momento pi\u00f9 attivo sar\u00e0 nelle ore centrali ed al primo pomeriggio, poi attenuazione del maltempo fino ad esaurimento. Tra il tardo pomeriggio e la sera netto milgioramento. Clima assai pi\u00f9 fresco.<br \/>\n<b>Precipitazioni: <\/b>Probabilit\u00e0 alta o molto alta (80\/100%) per precipitazioni di moderata intensit\u00e0, anche diffuse. Il limite della neve, scender\u00e0 dai 3000 m iniziali fino sui 2500 m. Sono previsti apporti medi di 20\/30 mm, localmente fino sui 50 mm tra Dolomiti pi\u00f9 meridionali e alcuni settori prealpini.<br \/>\n<b>Temperature: <\/b>Minime in diminuzione ed osservate alla sera sia in quota che nelle valli; massime in generale calo. Sono previste punte di 14\/15\u00b0C nei fondovalle prealpini e di 10\/12\u00b0C a 1000\/1200 m. Su Prealpi a 1500 m min 7\u00b0C max 9\u00b0C, a 2000 m min 4\u00b0C max 6\u00b0C. Su Dolomiti a 2000 m min 3\u00b0C max 5\u00b0C, a 3000 m min -2\u00b0C max 1\u00b0C<br \/>\n<b>Venti: <\/b>Nelle valli generalmente deboli, salvo rinforzi in caso di temprali e per episodi di Foehn alla sera; in quota moderati da Sud-Ovest fino a met\u00e0 pomeriggio, poi in rotazione da Nord-Ovest in rinforzo fino a tesi oltre i 2500 m, a 10-25 km\/h a 2000 m, a 25-35 km\/h a 3000 m.<\/p>\n<hr \/>\n<p><center><b>Giovedi 3<\/b><\/center>Tempo ben soleggiato con cielo sereno. Clima freddo all&#8217;alba con rischio di prime gelate fino sui 1000\/1200 m sulle Dolomiti e alla stessa quota sugli altopiani prealpini non interessati dal Foehn; assai fresco in giornata nonostante il sole. Venti in quota moderati\/tesi da Nord Nord-Ovest, deboli di direzione variabile nelle valli, con residui rinforzi di Foehn in alcune valli dolomitiche al mattino.<\/p>\n<hr \/>\n<p><center><b>Venerdi 4<\/b><\/center>Tempo ben soleggiato con cielo sereno o poco nuvoloso per sottili nubi alte, aria tersa ed ottima visibilit\u00e0. Temperature minime in calo nelle valli e stazionarie in quota, massime in ripresa a tutte le quote, eccetto qualche locale calo in alcuni fondovalle prealpini. Venti in quota deboli o moderati da Nord, a tratti tesi sulle vette pi\u00f9 alte; deboli\/moderati per brezze nelle valli. Previsore: R.L.Th.<\/p>\n","protected":false},"excerpt":{"rendered":"<p>&#8220;ATTO DI RESPONSABILITA&#8221; SOSPENDERE I CHECK UP PER I DIPENDENTI BELLUNO La dichiarazione \u00e8 del direttore della Ulss1 Adriano Rasi Caldogno. Le colpe? La carenza di medici che non permette di rispettare la parola data, o meglio la convenzione stipulata con Luxottica. Certo che la carenza di medici non \u00e8 una novit\u00e0 dell&#8217;ultim&#8217;ora, nemmeno dell&#8217;ultima&hellip;<\/p>\n","protected":false},"author":1,"featured_media":100651,"comment_status":"closed","ping_status":"closed","sticky":false,"template":"","format":"standard","meta":{"_monsterinsights_skip_tracking":false,"_monsterinsights_sitenote_active":false,"_monsterinsights_sitenote_note":"","_monsterinsights_sitenote_category":0,"footnotes":""},"categories":[1,86],"tags":[],"class_list":["post-100619","post","type-post","status-publish","format-standard","has-post-thumbnail","hentry","category-senza-categoria","category-gr","category-1","category-86","description-off"],"img_url":"https:\/\/www.radiopiu.net\/wordpress\/wp-content\/uploads\/2019\/09\/7839272d-cb70-4e3c-97c7-d88c2964c540.jpg","_links":{"self":[{"href":"https:\/\/www.radiopiu.net\/wordpress\/wp-json\/wp\/v2\/posts\/100619","targetHints":{"allow":["GET"]}}],"collection":[{"href":"https:\/\/www.radiopiu.net\/wordpress\/wp-json\/wp\/v2\/posts"}],"about":[{"href":"https:\/\/www.radiopiu.net\/wordpress\/wp-json\/wp\/v2\/types\/post"}],"author":[{"embeddable":true,"href":"https:\/\/www.radiopiu.net\/wordpress\/wp-json\/wp\/v2\/users\/1"}],"replies":[{"embeddable":true,"href":"https:\/\/www.radiopiu.net\/wordpress\/wp-json\/wp\/v2\/comments?post=100619"}],"version-history":[{"count":0,"href":"https:\/\/www.radiopiu.net\/wordpress\/wp-json\/wp\/v2\/posts\/100619\/revisions"}],"wp:featuredmedia":[{"embeddable":true,"href":"https:\/\/www.radiopiu.net\/wordpress\/wp-json\/wp\/v2\/media\/100651"}],"wp:attachment":[{"href":"https:\/\/www.radiopiu.net\/wordpress\/wp-json\/wp\/v2\/media?parent=100619"}],"wp:term":[{"taxonomy":"category","embeddable":true,"href":"https:\/\/www.radiopiu.net\/wordpress\/wp-json\/wp\/v2\/categories?post=100619"},{"taxonomy":"post_tag","embeddable":true,"href":"https:\/\/www.radiopiu.net\/wordpress\/wp-json\/wp\/v2\/tags?post=100619"}],"curies":[{"name":"wp","href":"https:\/\/api.w.org\/{rel}","templated":true}]}}