{"id":100700,"date":"2019-09-30T23:59:07","date_gmt":"2019-09-30T21:59:07","guid":{"rendered":"http:\/\/www.radiopiu.net\/wordpress\/?p=100700"},"modified":"2019-09-30T18:00:01","modified_gmt":"2019-09-30T16:00:01","slug":"la-mirabile-predica-in-piazza-a-belluno-di-bernardino-da-siena-nel-settembre-1423-di-renato-bona","status":"publish","type":"post","link":"https:\/\/www.radiopiu.net\/wordpress\/la-mirabile-predica-in-piazza-a-belluno-di-bernardino-da-siena-nel-settembre-1423-di-renato-bona\/","title":{"rendered":"LA MIRABILE PREDICA IN PIAZZA A BELLUNO DI BERNARDINO DA SIENA NEL SETTEMBRE 1423 di Renato Bona"},"content":{"rendered":"<blockquote>\n<h4>..<em>&#8230;Era il 25 settembre di 596 anni fa \u2013 Al suo nome la chiesa di Pelos<\/em><\/h4>\n<\/blockquote>\n<p>Lo scomparso prof. Don Ferdinando Tamis, agordino, autore fra l\u2019altro di \u201cIl culto dei santi nella diocesi di Belluno-Feltre\u201d, si \u00e8 ricordato fra l\u2019altro di San Bernardino da Siena, riferendo che \u201cIl 25 settembre 1423 ( dunque la bellezza di 596 anni fa\u2026 &#8211; ndr.) san Bernardino da Siena, invitato dai Bellunesi, predic\u00f2 in Piazza del Duomo, e da tale predica gli animi rimasero cos\u00ec profondamente commossi che, deposti l\u2019odio e l\u2019ira, abolite le fazioni di guelfi e ghibellini, la citt\u00e0 e il suo territorio con una mirabile unione furono ridotti in uno stato pacifico e tranquillo\u201d. C\u2019\u00e8 da dire che a Pelos, in comune di Vigo di Cadore, San Bernardino da Siena \u00e8 il patrono del paese, della parrocchia e della chiesa. In proposito il sito ufficiale del Palio di San Martino, vigo.medievale, scrive: \u201cLa chiesa dedicata a san Bernardino fu costruita attorno alla met\u00e0 del 1400 come cappella dipendente dalla Pieve di san Martino. In gran parte ricostruita nel 1947 conserva l\u2019antico presbiterio. Dietro l\u2019altare maggiore, in legno finemente intagliato e dorato attribuito ai fratelli Chiantre di Vigo \u00e8 stato rinvenuto un affresco datato 17 settembre 1498 di buona fattura\u201d. Il sito digilander.libero risponde alla domanda: chi era San Bernardino? scrivendo fra l\u2019altro: \u201c\u2026Studi\u00f2 grammatica, retorica e si appassion\u00f2 a Dante. Successivamente frequent\u00f2 l&#8217;Ateneo senese, dove studi\u00f2 giurisprudenza. Verso i 22 anni abbandon\u00f2 tutto ed entr\u00f2 a far parte dell&#8217;Ordine francescano dei Frati Minori. Col permesso dei superiori, si ritir\u00f2 sui Colli della Capriola, dove fond\u00f2 un convento. Torn\u00f2 a Fiesole quando fu nominato Vicario di Toscana. Nel 1417, a Genova, inizi\u00f2 la sua predicazione, che gli diede grande notoriet\u00e0 e che il Bargellini definisce \u2018colorita, arguta, fresca, appassionante e penetrante\u2019\u2026\u201d. Ancora: \u201cCammin\u00f2 instancabilmente: Siena, Firenze, Milano, Venezia, Belluno, Treviso, Padova, Pavia, Cremona non sono che poche citt\u00e0 nelle quali il Santo fece sentire la sua voce ed i suoi insegnamenti. Bergamo ha un particolare ricordo di S. Bernardino. Egli fu qui \u2013 pare \u2013 tra il 1420 ed il 1422, fond\u00f2 il convento delle Grazie e fu guardiano del con-vento di San Francesco. Ma in questi due anni raggiunse altre citt\u00e0 lombarde. Gi\u00e0 nel 1419, di passaggio per Bergamo, riusc\u00ec a promuovere la pace tra Caravaggio e Treviglio\u2026 San Bernardino \u00e8 spesso rappresentato con uno stemma nella mano destra. \u00c8 un sole d&#8217;oro raggiante che presenta, al centro, tre lettere: J H S. Sono le iniziali di tre parole latine: Jesus Hominum Salvator ( = Ges\u00f9 Salvatore degli uomini). Questa nuova devozione, diffusa dal Santo, fece sorgere il sospetto di eresia. Per ben tre volte fu processato con questa accusa, ma fu sempre assolto, perch\u00e9 riconosciuta la sua ortodossia. Fu difeso da S. Giovanni da Capestrano e, dopo una di tali assoluzioni, il Papa Martino V lo abbracci\u00f2. Frate Bernardino comp\u00ec l&#8217;ultimo viaggio verso L&#8217;Aquila, ma non vi arriv\u00f2. Ammalato e stanco, il 20 maggio 1414, mor\u00ec nel villaggio di San Silvastro. Anche la sua morte mise pace fra i cittadini, perch\u00e9 intorno al corpo, esposto nella cattedrale della citt\u00e0, avvennero numerosi miracoli. Bernardino fu canonizzato il 24 maggio 1450 da Niccol\u00f2 V, ed \u00e8 commemorato il giorno della sua morte: il 20 maggio. Successivamente \u00e8 stato dichiarato Dottore della Chiesa\u201d. Ed ecco il sito treccani.it dell\u2019omonima Enciclopedia: \u201cNacque l&#8217;8 settembre 1380 a Massa Marittima da Tollo di Dino di Bando, della nobile famiglia senese degli Albizzeschi e da Nera di Bindo, della famiglia, anch&#8217;essa nobile, degli Avveduti di Massa Marittima\u2026 Perse assai presto i genitori, che morirono, il padre a 39 anni, e la madre a 22. Rimasto solo a sei anni venne accolto nella casa della zia Diana, sempre a Massa Marittima, dalla quale venne allevato con ogni affetto\u2026 Con la zia rimase fino al 1391, cominciando la sua istruzione a Massa, donde pass\u00f2 a Siena, accolto nella casa di suo zio Cristoforo degli Albizzeschi, che, senza figli, lo allev\u00f2 come fosse suo, mandandolo per due anni alla scuola di Maestro Martino di Ferro, notaio di Casole, e poi a quella dei maestri Onofrio di Loro e Giovanni di Spoleto, ove apprese le arti dei trivio; frequent\u00f2 poi l&#8217;universit\u00e0 seguendo corsi di diritto canonico per tre anni; ma non consegu\u00ec nessun dottorato, come ci assicura una precisa testimonianza di Giovanni da Capestrano\u2026 A 22 anni, l&#8217;8 sett. 1402, entr\u00f2 nell&#8217;Ordine dei frati minori, ricevendo l&#8217;abito da fra&#8217; Giovanni Ristori che lo conosceva e lo apprezzava da tempo\u2026l&#8217;8 settembre 1403, faceva la sua professione religiosa, e l&#8217;anno successivo nello stesso giorno celebrava la sua prima messa. Rest\u00f2 poi nel monastero fino al 1405, approfondendo gli studi teologici e preparandosi all&#8217;attivit\u00e0 pastorale ed alla predicazione\u2026\u201d. Bernardino mor\u00ec il 20 maggio 1444, all\u2019et\u00e0 di 64 anmni, a L\u2019Aquila, nel convento di San Francesco dove era stato trasportato dopo un gravissimo malore. Antonio Borrelli, nel sito santiebeati scrive: \u201c\u2026Dopo morto, il suo corpo esposto alla venerazione degli aquilani, grond\u00f2 di sangue prodigiosamente e a tale fenomeno i rissosi abitanti in lotta fra loro, ritrovarono la via della pace. I frati che l\u2019accompagnavano, volevano riportare la salma a Siena, ma gli aquilani, accorsi in massa lo impedirono, concedendo solo gli indumenti indossati dal frate. Nelle citt\u00e0 dov\u2019era vissuto, furono costruiti celebri oratori, chiese, mausolei, come quello di S. Bernardino nella omonima chiesa dell\u2019Aquila, dove riposa. Sei anni dopo la morte, il 24 maggio 1450, festa di Pentecoste, papa Niccol\u00f2 V lo proclam\u00f2 santo nella Basilica di S. Pietro a Roma. San Bernardino \u00e8 compatrono di Siena, della nativa Massa Marittima, di Perugia e dell\u2019Aquila\u2026 Una citt\u00e0 in California porta il suo nome. \u00c8 invocato contro le emorragie, la raucedine, le malattie polmonari\u2026\u201d. Concludiamo col sito parvigo.altervista che giustamente evidenzia, fra l\u2019altro, che la parte pi\u00f9 antica della parrocchiale di Pelos di Cadore \u201c\u00e8 costituita dal coro, appartenente al quattrocentesco edificio originario, nella cui parete di fondo si trova un affresco in forma di trittico datato \u20181498 ad\u00ec 17 setebrio\u2019 attribuito al bellunese Giuseppe di Cividale (Belluno): raffigura la Vergine con Bambino e i Ss. Bernardino e Antonio abate, in alto Dio Padre benedicente. Di rilievo, in presbiterio, l\u2019altare ligneo policromo intagliato e dorato,opera dei fratelli Chiantre di Vigo. La pala, olio su tela del XVI secolo (Cesare Vecellio?) raffigura la Madonna e i Ss. Bernardino, Pietro e Daniele. Sulla parete di sinistra si trova la riproduzione (opera di \u2018Paiutta\u2019 &#8211; Vittorio Casagrande 1883-1973 \u2013 ndr.) della \u2018Predica di S. Bernardino in piazza S. Francesco\u2019 del pittore senese Giano di Pietro (1406-1481). Di fronte, sulla parete di destra, \u00e8 posto il dipinto con Madonna, S. Fermo e S. Rustico, olio su tela opera di Tomaso Da Rin Betta di Laggio (1838.1922). Sempre a destra,verso il presbiterio, l\u2019altare della Madonna accoglie la statua lignea dell\u2019Immacolata, che viene portata in processione l\u20198 dicembre di ogni anno. Nella parete di ingresso, sulla sinistra, una teca a muro contiene le reliquie del Santo Patrono, protetta da una grata in ferro battuto. Molto interessanti le formelle della Via Crucis, fuse in bronzo, opera dello scultore Franco Fiabane di Belluno\u2026\u201d.<\/p>\n\n\t\t\t<style type='text\/css'>\n\t\t\t\t#gallery-1 {\n\t\t\t\t\tmargin: auto;\n\t\t\t\t}\n\t\t\t\t#gallery-1 .gallery-item {\n\t\t\t\t\tfloat: left;\n\t\t\t\t\tmargin-top: 10px;\n\t\t\t\t\ttext-align: center;\n\t\t\t\t\twidth: 33%;\n\t\t\t\t}\n\t\t\t\t#gallery-1 img {\n\t\t\t\t\tborder: 2px solid #cfcfcf;\n\t\t\t\t}\n\t\t\t\t#gallery-1 .gallery-caption {\n\t\t\t\t\tmargin-left: 0;\n\t\t\t\t}\n\t\t\t\t\/* see gallery_shortcode() in wp-includes\/media.php *\/\n\t\t\t<\/style>\n\t\t<div id='gallery-1' class='dt-gallery-container gallery galleryid-100700 gallery-columns-3 gallery-size-thumbnail'><dl class='gallery-item'>\n\t\t\t\t<dt class='gallery-icon portrait'>\n\t\t\t\t\t<a class=\"rollover\" href='https:\/\/www.radiopiu.net\/wordpress\/la-mirabile-predica-in-piazza-a-belluno-di-bernardino-da-siena-nel-settembre-1423-di-renato-bona\/71179675_2440963912853707_1044984664311201792_n\/'><img loading=\"lazy\" decoding=\"async\" width=\"150\" height=\"150\" src=\"https:\/\/www.radiopiu.net\/wordpress\/wp-content\/uploads\/2019\/09\/71179675_2440963912853707_1044984664311201792_n-150x150.jpg\" class=\"attachment-thumbnail size-thumbnail\" alt=\"\" \/><\/a>\n\t\t\t\t<\/dt><\/dl><dl class='gallery-item'>\n\t\t\t\t<dt class='gallery-icon landscape'>\n\t\t\t\t\t<a class=\"rollover\" href='https:\/\/www.radiopiu.net\/wordpress\/la-mirabile-predica-in-piazza-a-belluno-di-bernardino-da-siena-nel-settembre-1423-di-renato-bona\/71173028_2464082523670961_8866553163289722880_n\/'><img loading=\"lazy\" decoding=\"async\" width=\"150\" height=\"150\" src=\"https:\/\/www.radiopiu.net\/wordpress\/wp-content\/uploads\/2019\/09\/71173028_2464082523670961_8866553163289722880_n-150x150.jpg\" class=\"attachment-thumbnail size-thumbnail\" alt=\"\" \/><\/a>\n\t\t\t\t<\/dt><\/dl><dl class='gallery-item'>\n\t\t\t\t<dt class='gallery-icon portrait'>\n\t\t\t\t\t<a class=\"rollover\" href='https:\/\/www.radiopiu.net\/wordpress\/la-mirabile-predica-in-piazza-a-belluno-di-bernardino-da-siena-nel-settembre-1423-di-renato-bona\/71307818_2666924650006127_8046170309029527552_n\/'><img loading=\"lazy\" decoding=\"async\" width=\"150\" height=\"150\" src=\"https:\/\/www.radiopiu.net\/wordpress\/wp-content\/uploads\/2019\/09\/71307818_2666924650006127_8046170309029527552_n-150x150.jpg\" class=\"attachment-thumbnail size-thumbnail\" alt=\"\" \/><\/a>\n\t\t\t\t<\/dt><\/dl><br style=\"clear: both\" \/><dl class='gallery-item'>\n\t\t\t\t<dt class='gallery-icon portrait'>\n\t\t\t\t\t<a class=\"rollover\" href='https:\/\/www.radiopiu.net\/wordpress\/la-mirabile-predica-in-piazza-a-belluno-di-bernardino-da-siena-nel-settembre-1423-di-renato-bona\/72368296_375397476737273_493429366500360192_n\/'><img loading=\"lazy\" decoding=\"async\" width=\"150\" height=\"150\" src=\"https:\/\/www.radiopiu.net\/wordpress\/wp-content\/uploads\/2019\/09\/72368296_375397476737273_493429366500360192_n-150x150.jpg\" class=\"attachment-thumbnail size-thumbnail\" alt=\"\" \/><\/a>\n\t\t\t\t<\/dt><\/dl><dl class='gallery-item'>\n\t\t\t\t<dt class='gallery-icon landscape'>\n\t\t\t\t\t<a class=\"rollover\" href='https:\/\/www.radiopiu.net\/wordpress\/la-mirabile-predica-in-piazza-a-belluno-di-bernardino-da-siena-nel-settembre-1423-di-renato-bona\/71146367_389995408348866_211269312441221120_n\/'><img loading=\"lazy\" decoding=\"async\" width=\"150\" height=\"150\" src=\"https:\/\/www.radiopiu.net\/wordpress\/wp-content\/uploads\/2019\/09\/71146367_389995408348866_211269312441221120_n-150x150.jpg\" class=\"attachment-thumbnail size-thumbnail\" alt=\"\" \/><\/a>\n\t\t\t\t<\/dt><\/dl><dl class='gallery-item'>\n\t\t\t\t<dt class='gallery-icon portrait'>\n\t\t\t\t\t<a class=\"rollover\" href='https:\/\/www.radiopiu.net\/wordpress\/la-mirabile-predica-in-piazza-a-belluno-di-bernardino-da-siena-nel-settembre-1423-di-renato-bona\/71648210_391487388210707_6337282579493814272_n\/'><img loading=\"lazy\" decoding=\"async\" width=\"150\" height=\"150\" src=\"https:\/\/www.radiopiu.net\/wordpress\/wp-content\/uploads\/2019\/09\/71648210_391487388210707_6337282579493814272_n-150x150.jpg\" class=\"attachment-thumbnail size-thumbnail\" alt=\"\" \/><\/a>\n\t\t\t\t<\/dt><\/dl><br style=\"clear: both\" \/><dl class='gallery-item'>\n\t\t\t\t<dt class='gallery-icon landscape'>\n\t\t\t\t\t<a class=\"rollover\" href='https:\/\/www.radiopiu.net\/wordpress\/la-mirabile-predica-in-piazza-a-belluno-di-bernardino-da-siena-nel-settembre-1423-di-renato-bona\/71339760_455516335060581_5591897074061803520_n\/'><img loading=\"lazy\" decoding=\"async\" width=\"150\" height=\"150\" src=\"https:\/\/www.radiopiu.net\/wordpress\/wp-content\/uploads\/2019\/09\/71339760_455516335060581_5591897074061803520_n-150x150.jpg\" class=\"attachment-thumbnail size-thumbnail\" alt=\"\" \/><\/a>\n\t\t\t\t<\/dt><\/dl><dl class='gallery-item'>\n\t\t\t\t<dt class='gallery-icon landscape'>\n\t\t\t\t\t<a class=\"rollover\" href='https:\/\/www.radiopiu.net\/wordpress\/la-mirabile-predica-in-piazza-a-belluno-di-bernardino-da-siena-nel-settembre-1423-di-renato-bona\/71167961_739088763229717_8405660343015047168_n\/'><img loading=\"lazy\" decoding=\"async\" width=\"150\" height=\"150\" src=\"https:\/\/www.radiopiu.net\/wordpress\/wp-content\/uploads\/2019\/09\/71167961_739088763229717_8405660343015047168_n-150x150.jpg\" class=\"attachment-thumbnail size-thumbnail\" alt=\"\" \/><\/a>\n\t\t\t\t<\/dt><\/dl><dl class='gallery-item'>\n\t\t\t\t<dt class='gallery-icon portrait'>\n\t\t\t\t\t<a class=\"rollover\" href='https:\/\/www.radiopiu.net\/wordpress\/la-mirabile-predica-in-piazza-a-belluno-di-bernardino-da-siena-nel-settembre-1423-di-renato-bona\/71088286_1275198732640784_481338973432578048_n\/'><img loading=\"lazy\" decoding=\"async\" width=\"150\" height=\"150\" src=\"https:\/\/www.radiopiu.net\/wordpress\/wp-content\/uploads\/2019\/09\/71088286_1275198732640784_481338973432578048_n-150x150.jpg\" class=\"attachment-thumbnail size-thumbnail\" alt=\"\" \/><\/a>\n\t\t\t\t<\/dt><\/dl><br style=\"clear: both\" \/><dl class='gallery-item'>\n\t\t\t\t<dt class='gallery-icon portrait'>\n\t\t\t\t\t<a class=\"rollover\" href='https:\/\/www.radiopiu.net\/wordpress\/la-mirabile-predica-in-piazza-a-belluno-di-bernardino-da-siena-nel-settembre-1423-di-renato-bona\/71142472_2129548734007355_3411628738100592640_n\/'><img loading=\"lazy\" decoding=\"async\" width=\"150\" height=\"150\" src=\"https:\/\/www.radiopiu.net\/wordpress\/wp-content\/uploads\/2019\/09\/71142472_2129548734007355_3411628738100592640_n-150x150.jpg\" class=\"attachment-thumbnail size-thumbnail\" alt=\"\" \/><\/a>\n\t\t\t\t<\/dt><\/dl><dl class='gallery-item'>\n\t\t\t\t<dt class='gallery-icon portrait'>\n\t\t\t\t\t<a class=\"rollover\" href='https:\/\/www.radiopiu.net\/wordpress\/la-mirabile-predica-in-piazza-a-belluno-di-bernardino-da-siena-nel-settembre-1423-di-renato-bona\/71180853_2138547383118427_2277725035147821056_n\/'><img loading=\"lazy\" decoding=\"async\" width=\"150\" height=\"150\" src=\"https:\/\/www.radiopiu.net\/wordpress\/wp-content\/uploads\/2019\/09\/71180853_2138547383118427_2277725035147821056_n-150x150.jpg\" class=\"attachment-thumbnail size-thumbnail\" alt=\"\" \/><\/a>\n\t\t\t\t<\/dt><\/dl>\n\t\t\t\t<br style='clear: both' \/>\n\t\t\t<\/div>\n\n<p>NELLE FOTO (Wikipedia, Provincia di Belluno e sito parvigo.altervista): San Bernardino da Siena interpretato da artisti diversi; solenni funerali a l\u2019Aquila dove sono conservate le spoglie di Bernardino; la chiesa di Pelos di Vigo di Cadore e alcune delle opere che vi sono conservate.<\/p>\n","protected":false},"excerpt":{"rendered":"<p>..&#8230;Era il 25 settembre di 596 anni fa \u2013 Al suo nome la chiesa di Pelos Lo scomparso prof. Don Ferdinando Tamis, agordino, autore fra l\u2019altro di \u201cIl culto dei santi nella diocesi di Belluno-Feltre\u201d, si \u00e8 ricordato fra l\u2019altro di San Bernardino da Siena, riferendo che \u201cIl 25 settembre 1423 ( dunque la bellezza&hellip;<\/p>\n","protected":false},"author":1,"featured_media":100707,"comment_status":"closed","ping_status":"closed","sticky":false,"template":"","format":"standard","meta":{"_monsterinsights_skip_tracking":false,"_monsterinsights_sitenote_active":false,"_monsterinsights_sitenote_note":"","_monsterinsights_sitenote_category":0,"footnotes":""},"categories":[1,49],"tags":[],"class_list":["post-100700","post","type-post","status-publish","format-standard","has-post-thumbnail","hentry","category-senza-categoria","category-news-18","category-1","category-49","description-off"],"img_url":"https:\/\/www.radiopiu.net\/wordpress\/wp-content\/uploads\/2019\/09\/71339760_455516335060581_5591897074061803520_n.jpg","_links":{"self":[{"href":"https:\/\/www.radiopiu.net\/wordpress\/wp-json\/wp\/v2\/posts\/100700","targetHints":{"allow":["GET"]}}],"collection":[{"href":"https:\/\/www.radiopiu.net\/wordpress\/wp-json\/wp\/v2\/posts"}],"about":[{"href":"https:\/\/www.radiopiu.net\/wordpress\/wp-json\/wp\/v2\/types\/post"}],"author":[{"embeddable":true,"href":"https:\/\/www.radiopiu.net\/wordpress\/wp-json\/wp\/v2\/users\/1"}],"replies":[{"embeddable":true,"href":"https:\/\/www.radiopiu.net\/wordpress\/wp-json\/wp\/v2\/comments?post=100700"}],"version-history":[{"count":0,"href":"https:\/\/www.radiopiu.net\/wordpress\/wp-json\/wp\/v2\/posts\/100700\/revisions"}],"wp:featuredmedia":[{"embeddable":true,"href":"https:\/\/www.radiopiu.net\/wordpress\/wp-json\/wp\/v2\/media\/100707"}],"wp:attachment":[{"href":"https:\/\/www.radiopiu.net\/wordpress\/wp-json\/wp\/v2\/media?parent=100700"}],"wp:term":[{"taxonomy":"category","embeddable":true,"href":"https:\/\/www.radiopiu.net\/wordpress\/wp-json\/wp\/v2\/categories?post=100700"},{"taxonomy":"post_tag","embeddable":true,"href":"https:\/\/www.radiopiu.net\/wordpress\/wp-json\/wp\/v2\/tags?post=100700"}],"curies":[{"name":"wp","href":"https:\/\/api.w.org\/{rel}","templated":true}]}}