{"id":100786,"date":"2019-10-01T15:00:05","date_gmt":"2019-10-01T13:00:05","guid":{"rendered":"http:\/\/www.radiopiu.net\/wordpress\/?p=100786"},"modified":"2019-10-02T05:45:57","modified_gmt":"2019-10-02T03:45:57","slug":"maltempo-in-veneto-stato-di-attenzione-fino-alla-mezzanotte-di-domani","status":"publish","type":"post","link":"https:\/\/www.radiopiu.net\/wordpress\/maltempo-in-veneto-stato-di-attenzione-fino-alla-mezzanotte-di-domani\/","title":{"rendered":"MALTEMPO. IN VENETO STATO DI ATTENZIONE FINO ALLA MEZZANOTTE DI DOMANI"},"content":{"rendered":"<p class=\"western\"><strong><a class=\"dt-pswp-item\" href=\"http:\/\/www.radiopiu.net\/wordpress\/wp-content\/uploads\/2018\/08\/instabilita.jpg\" data-dt-img-description=\"\" data-large_image_width=\"1280\" data-large_image_height=\"768\"><img loading=\"lazy\" decoding=\"async\" class=\" wp-image-57488 alignleft\" src=\"http:\/\/www.radiopiu.net\/wordpress\/wp-content\/uploads\/2018\/08\/instabilita-300x180.jpg\" alt=\"\" width=\"253\" height=\"152\" srcset=\"https:\/\/www.radiopiu.net\/wordpress\/wp-content\/uploads\/2018\/08\/instabilita-300x180.jpg 300w, https:\/\/www.radiopiu.net\/wordpress\/wp-content\/uploads\/2018\/08\/instabilita-768x461.jpg 768w, https:\/\/www.radiopiu.net\/wordpress\/wp-content\/uploads\/2018\/08\/instabilita-1024x614.jpg 1024w, https:\/\/www.radiopiu.net\/wordpress\/wp-content\/uploads\/2018\/08\/instabilita.jpg 1280w\" sizes=\"auto, (max-width: 253px) 100vw, 253px\" \/><\/a>VENEZIA<\/strong>\u00a0 Alla luce delle previsioni meteo, che indicano l\u2019arrivo di una perturbazione sul Veneto, il Centro Funzionale Decentrato della Protezione Civile della Regione ha emesso poco fa un avviso, dichiarando lo Stato di Attenzione per Criticit\u00e0 Idrogeologica su tutto il territorio, valevole a partire dalla mezzanotte di oggi e fino alle ore 24.00 di domani. Lo Stato di Attenzione Rinforzata \u00e8 dichiarato nell\u2019area della frana nel Comune bellunese di Borca di Cadore. In particolare, mercoled\u00ec 2 prevarr\u00e0 un cielo molto nuvoloso, salvo qualche schiarita pi\u00f9 significativa da nord-ovest verso fine giornata. Precipitazioni. Probabilit\u00e0 nel complesso alta (75-100%), per delle fasi di precipitazioni da sparse a temporaneamente diffuse, con dei rovesci e qualche temporale; non si escludono fenomeni localmente intensi specie su pianura e Prealpi; possibili quantitativi localmente consistenti; le precipitazioni verso sera tenderanno a cessare a partire dalle zone montane. Temperature. In diminuzione, in alcune zone anche marcata.<\/p>\n","protected":false},"excerpt":{"rendered":"<p>VENEZIA\u00a0 Alla luce delle previsioni meteo, che indicano l\u2019arrivo di una perturbazione sul Veneto, il Centro Funzionale Decentrato della Protezione Civile della Regione ha emesso poco fa un avviso, dichiarando lo Stato di Attenzione per Criticit\u00e0 Idrogeologica su tutto il territorio, valevole a partire dalla mezzanotte di oggi e fino alle ore 24.00 di domani.&hellip;<\/p>\n","protected":false},"author":1,"featured_media":57488,"comment_status":"closed","ping_status":"closed","sticky":false,"template":"","format":"standard","meta":{"_monsterinsights_skip_tracking":false,"_monsterinsights_sitenote_active":false,"_monsterinsights_sitenote_note":"","_monsterinsights_sitenote_category":0,"footnotes":""},"categories":[1],"tags":[],"class_list":["post-100786","post","type-post","status-publish","format-standard","has-post-thumbnail","hentry","category-senza-categoria","category-1","description-off"],"img_url":"https:\/\/www.radiopiu.net\/wordpress\/wp-content\/uploads\/2018\/08\/instabilita.jpg","_links":{"self":[{"href":"https:\/\/www.radiopiu.net\/wordpress\/wp-json\/wp\/v2\/posts\/100786","targetHints":{"allow":["GET"]}}],"collection":[{"href":"https:\/\/www.radiopiu.net\/wordpress\/wp-json\/wp\/v2\/posts"}],"about":[{"href":"https:\/\/www.radiopiu.net\/wordpress\/wp-json\/wp\/v2\/types\/post"}],"author":[{"embeddable":true,"href":"https:\/\/www.radiopiu.net\/wordpress\/wp-json\/wp\/v2\/users\/1"}],"replies":[{"embeddable":true,"href":"https:\/\/www.radiopiu.net\/wordpress\/wp-json\/wp\/v2\/comments?post=100786"}],"version-history":[{"count":0,"href":"https:\/\/www.radiopiu.net\/wordpress\/wp-json\/wp\/v2\/posts\/100786\/revisions"}],"wp:featuredmedia":[{"embeddable":true,"href":"https:\/\/www.radiopiu.net\/wordpress\/wp-json\/wp\/v2\/media\/57488"}],"wp:attachment":[{"href":"https:\/\/www.radiopiu.net\/wordpress\/wp-json\/wp\/v2\/media?parent=100786"}],"wp:term":[{"taxonomy":"category","embeddable":true,"href":"https:\/\/www.radiopiu.net\/wordpress\/wp-json\/wp\/v2\/categories?post=100786"},{"taxonomy":"post_tag","embeddable":true,"href":"https:\/\/www.radiopiu.net\/wordpress\/wp-json\/wp\/v2\/tags?post=100786"}],"curies":[{"name":"wp","href":"https:\/\/api.w.org\/{rel}","templated":true}]}}