{"id":100823,"date":"2019-10-01T23:59:32","date_gmt":"2019-10-01T21:59:32","guid":{"rendered":"http:\/\/www.radiopiu.net\/wordpress\/?p=100823"},"modified":"2019-10-02T11:33:33","modified_gmt":"2019-10-02T09:33:33","slug":"oggi-alle-10-30-e-1900-cisl-la-voce-dei-lavoratori","status":"publish","type":"post","link":"https:\/\/www.radiopiu.net\/wordpress\/oggi-alle-10-30-e-1900-cisl-la-voce-dei-lavoratori\/","title":{"rendered":"OGGI ALLE 10.30 E 1900 CISL, LA VOCE DEI LAVORATORI."},"content":{"rendered":"<p><strong><a class=\"dt-pswp-item\" href=\"http:\/\/www.radiopiu.net\/wordpress\/wp-content\/uploads\/2018\/01\/PAOLO-CHISSALE.jpg\" data-dt-img-description=\"\" data-large_image_width=\"275\" data-large_image_height=\"183\"><img loading=\"lazy\" decoding=\"async\" class=\" wp-image-41679 alignleft\" src=\"http:\/\/www.radiopiu.net\/wordpress\/wp-content\/uploads\/2018\/01\/PAOLO-CHISSALE.jpg\" alt=\"\" width=\"210\" height=\"140\" \/><\/a>AGORDO<\/strong> Appuntamento quindicinale con Paolo Chissal\u00e8 della Rsu, le novit\u00e0 per le donne in maternit\u00e0 e un\u00a0 commento sulla recente decisione della Ulss1 di chiudere le porte all&#8217;welfare Luxottica, duro il commento da parte sindacale, eccone una sintesi<\/p>\n<audio class=\"wp-audio-shortcode\" id=\"audio-100823-1\" preload=\"none\" style=\"width: 100%;\" controls=\"controls\"><source type=\"audio\/mpeg\" src=\"http:\/\/www.radiopiu.net\/wordpress\/wp-content\/uploads\/2019\/09\/PAOLO-NOTIZIARIO.mp3?_=1\" \/><a href=\"http:\/\/www.radiopiu.net\/wordpress\/wp-content\/uploads\/2019\/09\/PAOLO-NOTIZIARIO.mp3\">http:\/\/www.radiopiu.net\/wordpress\/wp-content\/uploads\/2019\/09\/PAOLO-NOTIZIARIO.mp3<\/a><\/audio>\n<h3><\/h3>\n<h3>CONTRATTO INTEGRATIVO ECCO ALTRE IMPORTANTI NOVITA&#8217; PER LAVORATORI E LAVORATRICI<\/h3>\n<p><strong>AGORDO<\/strong> La commissione part-time Rsu informa che nel contratto integrativo Luxottica, recentemente firmato, sono state introdotte alcune novit\u00e0 per la concessione del part-time: FINESTRA DI 3 MESI PER\u00a0 rientro dalla maternit\u00e0, situazione di gravit\u00e0 ed emergenza non certificate da legge 104 per assistenza familiare di primo grado, in questo caso la domanda potr\u00e0 essere presentata in qualsiasi momento e verr\u00e0 processata nel pi\u00f9 breve tempo possibile.\u00a0 Inserimenti in graduatoria nel rispetto delle proirit\u00e0 gi\u00e0 previste dal precedente accordo, single, genitori delle categorie lavoratori studenti e con et\u00e0 anagrafica superiore ai 55 anni.<\/p>\n<p>Inoltre nel contratto integrativo \u00e8 stata recepita la notma di legge in materia di disturbi specifici di apprendimento in ambito scolastico. Viene quindi prevista la concessione di un orario di lavoro coerente con le esigenze di assistenza alle attivit\u00e0 scolastiche dello studente del primo ciclo di istruzione con Dsa compatibilmente con le esigenze tecnico-organizzative produttive e attraverso l&#8217;utilizzo di istituti retribuiti e non. Gli interessati si rivolgano all&#8217;ufficio personale.<\/p>\n<p>&nbsp;<\/p>\n","protected":false},"excerpt":{"rendered":"<p>AGORDO Appuntamento quindicinale con Paolo Chissal\u00e8 della Rsu, le novit\u00e0 per le donne in maternit\u00e0 e un\u00a0 commento sulla recente decisione della Ulss1 di chiudere le porte all&#8217;welfare Luxottica, duro il commento da parte sindacale, eccone una sintesi CONTRATTO INTEGRATIVO ECCO ALTRE IMPORTANTI NOVITA&#8217; PER LAVORATORI E LAVORATRICI AGORDO La commissione part-time Rsu informa che&hellip;<\/p>\n","protected":false},"author":1,"featured_media":0,"comment_status":"closed","ping_status":"closed","sticky":false,"template":"","format":"standard","meta":{"_monsterinsights_skip_tracking":false,"_monsterinsights_sitenote_active":false,"_monsterinsights_sitenote_note":"","_monsterinsights_sitenote_category":0,"footnotes":""},"categories":[1,103,49],"tags":[],"class_list":["post-100823","post","type-post","status-publish","format-standard","hentry","category-senza-categoria","category-evidenza_2","category-news-18","category-1","category-103","category-49","description-off"],"img_url":false,"_links":{"self":[{"href":"https:\/\/www.radiopiu.net\/wordpress\/wp-json\/wp\/v2\/posts\/100823","targetHints":{"allow":["GET"]}}],"collection":[{"href":"https:\/\/www.radiopiu.net\/wordpress\/wp-json\/wp\/v2\/posts"}],"about":[{"href":"https:\/\/www.radiopiu.net\/wordpress\/wp-json\/wp\/v2\/types\/post"}],"author":[{"embeddable":true,"href":"https:\/\/www.radiopiu.net\/wordpress\/wp-json\/wp\/v2\/users\/1"}],"replies":[{"embeddable":true,"href":"https:\/\/www.radiopiu.net\/wordpress\/wp-json\/wp\/v2\/comments?post=100823"}],"version-history":[{"count":0,"href":"https:\/\/www.radiopiu.net\/wordpress\/wp-json\/wp\/v2\/posts\/100823\/revisions"}],"wp:attachment":[{"href":"https:\/\/www.radiopiu.net\/wordpress\/wp-json\/wp\/v2\/media?parent=100823"}],"wp:term":[{"taxonomy":"category","embeddable":true,"href":"https:\/\/www.radiopiu.net\/wordpress\/wp-json\/wp\/v2\/categories?post=100823"},{"taxonomy":"post_tag","embeddable":true,"href":"https:\/\/www.radiopiu.net\/wordpress\/wp-json\/wp\/v2\/tags?post=100823"}],"curies":[{"name":"wp","href":"https:\/\/api.w.org\/{rel}","templated":true}]}}