{"id":100839,"date":"2019-10-02T05:05:32","date_gmt":"2019-10-02T03:05:32","guid":{"rendered":"http:\/\/www.radiopiu.net\/wordpress\/?p=100839"},"modified":"2019-10-02T05:44:54","modified_gmt":"2019-10-02T03:44:54","slug":"quattro-nuovi-monitor-per-la-pediatria","status":"publish","type":"post","link":"https:\/\/www.radiopiu.net\/wordpress\/quattro-nuovi-monitor-per-la-pediatria\/","title":{"rendered":"QUATTRO NUOVI MONITOR PER LA PEDIATRIA"},"content":{"rendered":"<blockquote>\n<p align=\"JUSTIFY\"><em><span style=\"font-size: medium;\">Il valore dei 4 monitor ammonta a 10.500 euro che provengono da una generosa elargizione<\/span><\/em><\/p>\n<\/blockquote>\n<p align=\"JUSTIFY\"><span style=\"font-size: medium;\"><strong><a class=\"dt-pswp-item\" href=\"http:\/\/www.radiopiu.net\/wordpress\/wp-content\/uploads\/2019\/10\/IMG_20191001_121106-1.jpg\" data-dt-img-description=\"\" data-large_image_width=\"4608\" data-large_image_height=\"3456\"><img loading=\"lazy\" decoding=\"async\" class=\" wp-image-100840 alignleft\" src=\"http:\/\/www.radiopiu.net\/wordpress\/wp-content\/uploads\/2019\/10\/IMG_20191001_121106-1-300x225.jpg\" alt=\"\" width=\"243\" height=\"182\" srcset=\"https:\/\/www.radiopiu.net\/wordpress\/wp-content\/uploads\/2019\/10\/IMG_20191001_121106-1-300x225.jpg 300w, https:\/\/www.radiopiu.net\/wordpress\/wp-content\/uploads\/2019\/10\/IMG_20191001_121106-1-768x576.jpg 768w, https:\/\/www.radiopiu.net\/wordpress\/wp-content\/uploads\/2019\/10\/IMG_20191001_121106-1-1024x768.jpg 1024w\" sizes=\"auto, (max-width: 243px) 100vw, 243px\" \/><\/a>FELTRE<\/strong> Questa mattina, all\u2019ospedale di Feltre, alla presenza del direttore medico Marianna Lorenzoni, sono stati ufficialmente consegnati i nuovi apparecchi:\u00a0 per la pediatria di Belluno e\u00a0 Feltre.<\/span><\/p>\n<p align=\"JUSTIFY\">Dunque l<span style=\"font-size: medium;\">e pediatrie di Belluno e Feltre possono contare da oggi su 4 nuovi monitor per il monitoraggio dei parametri vitali dei piccoli degenti grazie alla generosit\u00e0 del circolo UniCredit Belluno \u2013 ex circolo dipendenti\u00a0Cariverona e all\u2019Associazione Giovani Diabetici (AGD).<\/span><\/p>\n<p align=\"JUSTIFY\"><span style=\"font-size: medium;\">In rappresentanza dei donatori sono intervenuti Luciano Da Rolt e Gianpietro Revolfato per il circolo ex dipendenti Cariverona, che hanno sottolineato anche il valore simbolo della donazione come conclusione delle tante attivit\u00e0 fatte negli anni per la crescita della comunit\u00e0 dal circolo, e Alessandro De Zordi di AGD che si \u00e8 anche occupato della parte burocratica della donazione.<\/span><\/p>\n<p align=\"JUSTIFY\"><span style=\"font-size: medium;\">L\u2019intento dei donatori: lasciare un segno tangibile e utile a tutto il territorio provinciale. Il direttore delle due Pediatrie di Belluno e Feltre, Stefano Marzini, ha sottolineato come questi monitor permettano un agevole controllo dei parametri vitali garantendo la sicurezza delle cure e, allo stesso tempo, siano estremamente funzionali perch\u00e9 facili da trasportare e da spostare, in quanto dotati di ruote, e quindi particolarmente adatti ai bambini.<\/span><\/p>\n","protected":false},"excerpt":{"rendered":"<p>Il valore dei 4 monitor ammonta a 10.500 euro che provengono da una generosa elargizione FELTRE Questa mattina, all\u2019ospedale di Feltre, alla presenza del direttore medico Marianna Lorenzoni, sono stati ufficialmente consegnati i nuovi apparecchi:\u00a0 per la pediatria di Belluno e\u00a0 Feltre. Dunque le pediatrie di Belluno e Feltre possono contare da oggi su 4&hellip;<\/p>\n","protected":false},"author":1,"featured_media":100840,"comment_status":"closed","ping_status":"closed","sticky":false,"template":"","format":"standard","meta":{"_monsterinsights_skip_tracking":false,"_monsterinsights_sitenote_active":false,"_monsterinsights_sitenote_note":"","_monsterinsights_sitenote_category":0,"footnotes":""},"categories":[1,49],"tags":[],"class_list":["post-100839","post","type-post","status-publish","format-standard","has-post-thumbnail","hentry","category-senza-categoria","category-news-18","category-1","category-49","description-off"],"img_url":"https:\/\/www.radiopiu.net\/wordpress\/wp-content\/uploads\/2019\/10\/IMG_20191001_121106-1.jpg","_links":{"self":[{"href":"https:\/\/www.radiopiu.net\/wordpress\/wp-json\/wp\/v2\/posts\/100839","targetHints":{"allow":["GET"]}}],"collection":[{"href":"https:\/\/www.radiopiu.net\/wordpress\/wp-json\/wp\/v2\/posts"}],"about":[{"href":"https:\/\/www.radiopiu.net\/wordpress\/wp-json\/wp\/v2\/types\/post"}],"author":[{"embeddable":true,"href":"https:\/\/www.radiopiu.net\/wordpress\/wp-json\/wp\/v2\/users\/1"}],"replies":[{"embeddable":true,"href":"https:\/\/www.radiopiu.net\/wordpress\/wp-json\/wp\/v2\/comments?post=100839"}],"version-history":[{"count":0,"href":"https:\/\/www.radiopiu.net\/wordpress\/wp-json\/wp\/v2\/posts\/100839\/revisions"}],"wp:featuredmedia":[{"embeddable":true,"href":"https:\/\/www.radiopiu.net\/wordpress\/wp-json\/wp\/v2\/media\/100840"}],"wp:attachment":[{"href":"https:\/\/www.radiopiu.net\/wordpress\/wp-json\/wp\/v2\/media?parent=100839"}],"wp:term":[{"taxonomy":"category","embeddable":true,"href":"https:\/\/www.radiopiu.net\/wordpress\/wp-json\/wp\/v2\/categories?post=100839"},{"taxonomy":"post_tag","embeddable":true,"href":"https:\/\/www.radiopiu.net\/wordpress\/wp-json\/wp\/v2\/tags?post=100839"}],"curies":[{"name":"wp","href":"https:\/\/api.w.org\/{rel}","templated":true}]}}