{"id":100933,"date":"2019-10-02T11:26:15","date_gmt":"2019-10-02T09:26:15","guid":{"rendered":"http:\/\/www.radiopiu.net\/wordpress\/?p=100933"},"modified":"2019-10-09T06:09:20","modified_gmt":"2019-10-09T04:09:20","slug":"scuola-sanitaria-regionale-due-giorni-di-addestramento-sotto-lagner","status":"publish","type":"post","link":"https:\/\/www.radiopiu.net\/wordpress\/scuola-sanitaria-regionale-due-giorni-di-addestramento-sotto-lagner\/","title":{"rendered":"SCUOLA SANITARIA REGIONALE: DUE GIORNI DI ADDESTRAMENTO SOTTO L&#8217;AGNER"},"content":{"rendered":"<p>&nbsp;<\/p>\n<p><strong><a class=\"dt-pswp-item\" href=\"http:\/\/www.radiopiu.net\/wordpress\/wp-content\/uploads\/2019\/10\/ridotte-16.jpg\" data-dt-img-description=\"\" data-large_image_width=\"1200\" data-large_image_height=\"1600\"><img loading=\"lazy\" decoding=\"async\" class=\"size-medium wp-image-100934 alignleft\" src=\"http:\/\/www.radiopiu.net\/wordpress\/wp-content\/uploads\/2019\/10\/ridotte-16-225x300.jpg\" alt=\"\" width=\"225\" height=\"300\" srcset=\"https:\/\/www.radiopiu.net\/wordpress\/wp-content\/uploads\/2019\/10\/ridotte-16-225x300.jpg 225w, https:\/\/www.radiopiu.net\/wordpress\/wp-content\/uploads\/2019\/10\/ridotte-16-768x1024.jpg 768w, https:\/\/www.radiopiu.net\/wordpress\/wp-content\/uploads\/2019\/10\/ridotte-16.jpg 1200w\" sizes=\"auto, (max-width: 225px) 100vw, 225px\" \/><\/a>VOLTAGO\u00a0<\/strong> \u00c8 stato un fine settimana intenso per infermieri e medici del Soccorso alpino e speleologico Veneto, impegnati assieme alla componente tecnica in due serratissime giornate di addestrmento nell&#8217;area attorno al Rifugio Scarpa, sotto il Monte Agner. La Scuola sanitaria regionale non si \u00e8 infatti risparmiata nella scelta degli scenari operativi da proporre ai partecipanti provenienti dalle tre Delegazioni: II Dolomiti Bellunesi, XI Prealpi Venete e VI Speleo. Sabato il ritrovo \u00e8 stato fissato alle 8 a Frassen\u00e8 Agordino per il primo gruppo, cui si sono aggiunti altri soccorritori la domenica mattina, per un totale di 45 volontari, compresi istruttori regionali e un nazionale di soccorso alpino, tecnici di elisoccorso e tecnici di soccorso alpino. Obiettivo degli organizzatori mettere in stretto rapporto la parte sanitaria e quella tecnica, in modo da permettere un confronto diretto costante e il raggiungimento dell&#8217;operativit\u00e0 pi\u00f9 appropriata ad ogni caso affrontato. Arrivati al Rifugio Scarpa, i soccorritori sono stati divisi in squadre, <a class=\"dt-pswp-item\" href=\"http:\/\/www.radiopiu.net\/wordpress\/wp-content\/uploads\/2019\/10\/ridotte-4.jpg\" data-dt-img-description=\"\" data-large_image_width=\"1600\" data-large_image_height=\"1112\"><img loading=\"lazy\" decoding=\"async\" class=\"size-medium wp-image-100936 alignright\" src=\"http:\/\/www.radiopiu.net\/wordpress\/wp-content\/uploads\/2019\/10\/ridotte-4-300x209.jpg\" alt=\"\" width=\"300\" height=\"209\" srcset=\"https:\/\/www.radiopiu.net\/wordpress\/wp-content\/uploads\/2019\/10\/ridotte-4-300x209.jpg 300w, https:\/\/www.radiopiu.net\/wordpress\/wp-content\/uploads\/2019\/10\/ridotte-4-768x534.jpg 768w, https:\/\/www.radiopiu.net\/wordpress\/wp-content\/uploads\/2019\/10\/ridotte-4-1024x712.jpg 1024w, https:\/\/www.radiopiu.net\/wordpress\/wp-content\/uploads\/2019\/10\/ridotte-4.jpg 1600w\" sizes=\"auto, (max-width: 300px) 100vw, 300px\" \/><\/a>ognuna comprendente 3 sanitari e 2 tecnici. A ciascuna \u00e8 stato consegnato il materiale &#8211; medicinali e presidi sanitari &#8211; da utilizzare per i due giorni, senza possibilit\u00e0 di integrazioni una volta partita l&#8217;esercitazione. \u00c8 poi cominciato l&#8217;addestramento con le prime 4 emergenze ipotizzate al mattino di sabato, poi a seguire 4 al pomeriggio, 4 la domenica mattina e una maxiemergenza a sorpresa a chiusura della due giorni. Ad ogni ambito erano inoltre associati particolari attrezzature, tipi di barelle, corde e ancoraggi per le manovre di recupero. In ciascun scenario, un figurante era stato istruito per recitare esattamente la parte di un infortunato o persona colta da malore, rispondendo &#8211; se previsto &#8211; alle domande dei soccorritori e simulando sintomi e comportamenti tali da permettere diagnosi e intervento tempestivi. Direttore, vicedirettori e due istruttori della Scuola medica nazionale del Cnsas che seguivano gli scenari, oltre ovviamente a supervisionare l&#8217;andamento corretto delle manovre, erano a <a class=\"dt-pswp-item\" href=\"http:\/\/www.radiopiu.net\/wordpress\/wp-content\/uploads\/2019\/10\/ridotte-7.jpg\" data-dt-img-description=\"\" data-large_image_width=\"1600\" data-large_image_height=\"878\"><img loading=\"lazy\" decoding=\"async\" class=\"size-medium wp-image-100935 alignleft\" src=\"http:\/\/www.radiopiu.net\/wordpress\/wp-content\/uploads\/2019\/10\/ridotte-7-300x165.jpg\" alt=\"\" width=\"300\" height=\"165\" srcset=\"https:\/\/www.radiopiu.net\/wordpress\/wp-content\/uploads\/2019\/10\/ridotte-7-300x165.jpg 300w, https:\/\/www.radiopiu.net\/wordpress\/wp-content\/uploads\/2019\/10\/ridotte-7-768x421.jpg 768w, https:\/\/www.radiopiu.net\/wordpress\/wp-content\/uploads\/2019\/10\/ridotte-7-1024x562.jpg 1024w, https:\/\/www.radiopiu.net\/wordpress\/wp-content\/uploads\/2019\/10\/ridotte-7.jpg 1600w\" sizes=\"auto, (max-width: 300px) 100vw, 300px\" \/><\/a>disposizione della squadra come voce fuori campo, per suggerire l&#8217;andamento dei parametri vitali dei pazienti, per incalzare con repentini peggioramenti, per rappresentare la centrale del 118. Dall&#8217;allarme, all&#8217;arrivo dell&#8217;elicottero o dell&#8217;ambulanza, tutte le emergenze sono state seguite come se la squadra si trovasse in un reale intervento. Molteplice la casistica valutata: traumi da caduta, malori, sindrome da sospensione, shock, ferite. Realistici anche i luoghi scelti per localizzare gli incidenti, scarpate, prati, canali ghiaiosi, falesia, bosco, salti di roccia, imponendo spostamenti verticali del paziente, sia con calate che con recuperi dall&#8217;alto, e trasporto orizzontale.\u00a0 &#8220;\u00c8 per noi motivo di orgoglio avere cos\u00ec tante persone che donano il loro tempo e la loro professionalit\u00e0, mettendosi sempre in discussione e impegnandosi costantemente nella formazione e nell&#8217;aggiornamento&#8221;, esprime la propria soddisfazione il direttore della Scuola sanitaria regionale Ludovica Sandei, che assieme alla vice Laura Pegge ha organizzato l&#8217;evento.<\/p>\n","protected":false},"excerpt":{"rendered":"<p>&nbsp; VOLTAGO\u00a0 \u00c8 stato un fine settimana intenso per infermieri e medici del Soccorso alpino e speleologico Veneto, impegnati assieme alla componente tecnica in due serratissime giornate di addestrmento nell&#8217;area attorno al Rifugio Scarpa, sotto il Monte Agner. La Scuola sanitaria regionale non si \u00e8 infatti risparmiata nella scelta degli scenari operativi da proporre ai&hellip;<\/p>\n","protected":false},"author":1,"featured_media":100937,"comment_status":"closed","ping_status":"closed","sticky":false,"template":"","format":"standard","meta":{"_monsterinsights_skip_tracking":false,"_monsterinsights_sitenote_active":false,"_monsterinsights_sitenote_note":"","_monsterinsights_sitenote_category":0,"footnotes":""},"categories":[104,49],"tags":[],"class_list":["post-100933","post","type-post","status-publish","format-standard","has-post-thumbnail","hentry","category-evidenza_3","category-news-18","category-104","category-49","description-off"],"img_url":"https:\/\/www.radiopiu.net\/wordpress\/wp-content\/uploads\/2019\/10\/ridotte-3.jpg","_links":{"self":[{"href":"https:\/\/www.radiopiu.net\/wordpress\/wp-json\/wp\/v2\/posts\/100933","targetHints":{"allow":["GET"]}}],"collection":[{"href":"https:\/\/www.radiopiu.net\/wordpress\/wp-json\/wp\/v2\/posts"}],"about":[{"href":"https:\/\/www.radiopiu.net\/wordpress\/wp-json\/wp\/v2\/types\/post"}],"author":[{"embeddable":true,"href":"https:\/\/www.radiopiu.net\/wordpress\/wp-json\/wp\/v2\/users\/1"}],"replies":[{"embeddable":true,"href":"https:\/\/www.radiopiu.net\/wordpress\/wp-json\/wp\/v2\/comments?post=100933"}],"version-history":[{"count":0,"href":"https:\/\/www.radiopiu.net\/wordpress\/wp-json\/wp\/v2\/posts\/100933\/revisions"}],"wp:featuredmedia":[{"embeddable":true,"href":"https:\/\/www.radiopiu.net\/wordpress\/wp-json\/wp\/v2\/media\/100937"}],"wp:attachment":[{"href":"https:\/\/www.radiopiu.net\/wordpress\/wp-json\/wp\/v2\/media?parent=100933"}],"wp:term":[{"taxonomy":"category","embeddable":true,"href":"https:\/\/www.radiopiu.net\/wordpress\/wp-json\/wp\/v2\/categories?post=100933"},{"taxonomy":"post_tag","embeddable":true,"href":"https:\/\/www.radiopiu.net\/wordpress\/wp-json\/wp\/v2\/tags?post=100933"}],"curies":[{"name":"wp","href":"https:\/\/api.w.org\/{rel}","templated":true}]}}