{"id":100956,"date":"2019-10-03T05:51:12","date_gmt":"2019-10-03T03:51:12","guid":{"rendered":"http:\/\/www.radiopiu.net\/wordpress\/?p=100956"},"modified":"2019-10-03T11:01:36","modified_gmt":"2019-10-03T09:01:36","slug":"giornale-radiopiu-03-ottobre-2019-direttore-mirko-mezzacasa-2","status":"publish","type":"post","link":"https:\/\/www.radiopiu.net\/wordpress\/giornale-radiopiu-03-ottobre-2019-direttore-mirko-mezzacasa-2\/","title":{"rendered":"GIORNALE RADIOPIU 03 OTTOBRE 2019 DIRETTORE MIRKO MEZZACASA"},"content":{"rendered":"<h3><\/h3>\n<blockquote><p><em>Dalla redazione di RadioPi\u00f9 felicitazioni ai feltrini Marika Cecconello e Giovanni Tessaro, ieri all&#8217;ospedale di Feltre sono nati tre gemellini: Emma, Gabriele e Riccardo. Un parto record per la coppia di Feltre.\u00a0<\/em><\/p>\n<p>&nbsp;<\/p><\/blockquote>\n<p><strong>GSP: AGORDO, LOCALITA&#8217; PIASENT, COLVIGNAS, CAMPON e LE FOCHE acqua inquinata per scopi alimentari SOLO PREVIA bollitura.<\/strong><\/p>\n<p>ACQUA INQUINATA A SAN TOMASO <strong>LOCALITA&#8217; PECOL E PIAIA\u00a0<\/strong><\/p>\n<p>&nbsp;<\/p>\n<h3><span style=\"color: #ff0000;\">OGGI ALLA RADIO <\/span><b>1030 \/ 1900 SPI CGIL APPUNTAMENTO QUINDICINALE CON RITA GENTILIN; 1510 \/ 2100 WILLIAM DA ROIT&#8230; RIPARTE PER L&#8217;AVVENTURA<\/b><\/h3>\n<p>&nbsp;<\/p>\n<h3>CHIUSA LA PROVINCIALE PER SAN TOMASO<\/h3>\n<p><strong>SAN TOMASO<\/strong> Veneto Strade informa che\u00a0 fino\u00a0 all&#8217;11 ottobre (sabato e festivi inclusi) tra le localit\u00e0 Pian Molin e Roi il traffico sar\u00e0 totalmente interdetto a tutti i veicoli per la posa di una condotta elettrica, l&#8217;interruzione lungo la provinciale 8 al chilometro 6 per un tratto di 340 metri.<\/p>\n<p>&nbsp;<\/p>\n<h3>PROVINCIALE 346 SAN PELLEGRINO: TRE SENSI UNICI E BREVI INTERRUZIONI<\/h3>\n<p><strong>CANALE D&#8217;AGORD<\/strong>O Ai due cantieri per la realizzazione della rete acquedottistica si aggiunge un terzo cantiere in prossimit\u00e0 di Canale d&#8217;Agordo. Veneto Strade ha emesso una precisa ordinanza in vigore da domani al 15 ottobre: senso unico alternato regolato da movieri con possibili brevi interruzioni della durata massima di 10 minuti per lavori di esbosco al chilometri 26.350 per 100 metri.<br \/>\n<strong>LE DUE PRECEDENTI<\/strong><\/p>\n<p><strong>SP 346 PASSO SAN PELLEGRINO<\/strong>:\u00a0 fino al 6 dicembre senso unico tra Canale d\u2019Agordo e Vallada per esecuzione lavori alla rete acquedottistica;\u00a0 \u00a0dal 7 ottobre al 15 novembre senso unico alternato all\u2019inbocco nord della galleria delle Anime, esclusi i giorni festivi e prefestivi.<\/p>\n<p><strong>PROVINCIALE DELLA VAL FIORENTINA<\/strong> di nuovo a doppio senso di marcia, tolto il semaforo a Caprile. La strada \u00e8 rimasta chiusa dall&#8217;ottobre di un anno fa allo scorso 5 agosto. A breve aprir\u00e0 un nuovo cantiere in localit\u00e0 all&#8217;Aiva.<\/p>\n<p>&nbsp;<\/p>\n<blockquote><p>&nbsp;<\/p><\/blockquote>\n<p>&nbsp;<\/p>\n<p>&nbsp;<\/p>\n<h3>LE FOTO DEL GIORNO, DI MARCO GAZ<\/h3>\n<p><strong>LA VOLPE IN CENTRO A TAIBON<\/strong><\/p>\n<p><a class=\"dt-pswp-item\" href=\"http:\/\/www.radiopiu.net\/wordpress\/wp-content\/uploads\/2019\/10\/c80e8de1-71db-42f0-b735-22f1a87db099.jpg\" data-dt-img-description=\"\" data-large_image_width=\"768\" data-large_image_height=\"1024\"><img loading=\"lazy\" decoding=\"async\" class=\"alignnone size-medium wp-image-100994\" src=\"http:\/\/www.radiopiu.net\/wordpress\/wp-content\/uploads\/2019\/10\/c80e8de1-71db-42f0-b735-22f1a87db099-225x300.jpg\" alt=\"\" width=\"225\" height=\"300\" srcset=\"https:\/\/www.radiopiu.net\/wordpress\/wp-content\/uploads\/2019\/10\/c80e8de1-71db-42f0-b735-22f1a87db099-225x300.jpg 225w, https:\/\/www.radiopiu.net\/wordpress\/wp-content\/uploads\/2019\/10\/c80e8de1-71db-42f0-b735-22f1a87db099.jpg 768w\" sizes=\"auto, (max-width: 225px) 100vw, 225px\" \/><\/a><a class=\"dt-pswp-item\" href=\"http:\/\/www.radiopiu.net\/wordpress\/wp-content\/uploads\/2019\/10\/4b80f9c8-60b7-44f3-8655-69647fdf3105.jpg\" data-dt-img-description=\"\" data-large_image_width=\"768\" data-large_image_height=\"1024\"><img loading=\"lazy\" decoding=\"async\" class=\"alignnone size-medium wp-image-100993\" src=\"http:\/\/www.radiopiu.net\/wordpress\/wp-content\/uploads\/2019\/10\/4b80f9c8-60b7-44f3-8655-69647fdf3105-225x300.jpg\" alt=\"\" width=\"225\" height=\"300\" srcset=\"https:\/\/www.radiopiu.net\/wordpress\/wp-content\/uploads\/2019\/10\/4b80f9c8-60b7-44f3-8655-69647fdf3105-225x300.jpg 225w, https:\/\/www.radiopiu.net\/wordpress\/wp-content\/uploads\/2019\/10\/4b80f9c8-60b7-44f3-8655-69647fdf3105.jpg 768w\" sizes=\"auto, (max-width: 225px) 100vw, 225px\" \/><\/a><a class=\"dt-pswp-item\" href=\"http:\/\/www.radiopiu.net\/wordpress\/wp-content\/uploads\/2019\/10\/341427e5-8154-4ad4-8dfc-d4a6d42d0a62.jpg\" data-dt-img-description=\"\" data-large_image_width=\"768\" data-large_image_height=\"1024\"><img loading=\"lazy\" decoding=\"async\" class=\"alignnone size-medium wp-image-100992\" src=\"http:\/\/www.radiopiu.net\/wordpress\/wp-content\/uploads\/2019\/10\/341427e5-8154-4ad4-8dfc-d4a6d42d0a62-225x300.jpg\" alt=\"\" width=\"225\" height=\"300\" srcset=\"https:\/\/www.radiopiu.net\/wordpress\/wp-content\/uploads\/2019\/10\/341427e5-8154-4ad4-8dfc-d4a6d42d0a62-225x300.jpg 225w, https:\/\/www.radiopiu.net\/wordpress\/wp-content\/uploads\/2019\/10\/341427e5-8154-4ad4-8dfc-d4a6d42d0a62.jpg 768w\" sizes=\"auto, (max-width: 225px) 100vw, 225px\" \/><\/a><a class=\"dt-pswp-item\" href=\"http:\/\/www.radiopiu.net\/wordpress\/wp-content\/uploads\/2019\/10\/109405fb-78f5-4243-be55-b20c257d5b7b.jpg\" data-dt-img-description=\"\" data-large_image_width=\"768\" data-large_image_height=\"1024\"><img loading=\"lazy\" decoding=\"async\" class=\"alignnone size-medium wp-image-100991\" src=\"http:\/\/www.radiopiu.net\/wordpress\/wp-content\/uploads\/2019\/10\/109405fb-78f5-4243-be55-b20c257d5b7b-225x300.jpg\" alt=\"\" width=\"225\" height=\"300\" srcset=\"https:\/\/www.radiopiu.net\/wordpress\/wp-content\/uploads\/2019\/10\/109405fb-78f5-4243-be55-b20c257d5b7b-225x300.jpg 225w, https:\/\/www.radiopiu.net\/wordpress\/wp-content\/uploads\/2019\/10\/109405fb-78f5-4243-be55-b20c257d5b7b.jpg 768w\" sizes=\"auto, (max-width: 225px) 100vw, 225px\" \/><\/a><\/p>\n<h4>E DA GOSALDO <a id=\"js_12e\" class=\"_6qw4\" href=\"https:\/\/www.facebook.com\/profile.php?id=100008344155695\" data-hovercard=\"\/ajax\/hovercard\/user.php?id=100008344155695&amp;extragetparams={&quot;directed_target_id&quot;: &quot; &quot;}\" aria-describedby=\"u_2v_1\" aria-owns=\"js_120\">Giovannina Fontana<\/a> <span dir=\"ltr\"><span class=\"_3l3x\">\u00a0tutte le sere viene a cena e aspetta seduta in mezzo la strada o davanti alla porta<\/span><\/span><\/h4>\n<p><a class=\"dt-pswp-item\" href=\"http:\/\/www.radiopiu.net\/wordpress\/wp-content\/uploads\/2019\/10\/71539046_2391398701148245_1433293318967525376_n.jpg\" data-dt-img-description=\"\" data-large_image_width=\"714\" data-large_image_height=\"960\"><img loading=\"lazy\" decoding=\"async\" class=\"alignnone size-medium wp-image-101027\" src=\"http:\/\/www.radiopiu.net\/wordpress\/wp-content\/uploads\/2019\/10\/71539046_2391398701148245_1433293318967525376_n-223x300.jpg\" alt=\"\" width=\"223\" height=\"300\" srcset=\"https:\/\/www.radiopiu.net\/wordpress\/wp-content\/uploads\/2019\/10\/71539046_2391398701148245_1433293318967525376_n-223x300.jpg 223w, https:\/\/www.radiopiu.net\/wordpress\/wp-content\/uploads\/2019\/10\/71539046_2391398701148245_1433293318967525376_n.jpg 714w\" sizes=\"auto, (max-width: 223px) 100vw, 223px\" \/><\/a><\/p>\n<p>&nbsp;<\/p>\n<p>&nbsp;<\/p>\n<p>&nbsp;<\/p>\n<p>&nbsp;<\/p>\n<p>&nbsp;<\/p>\n<p>&nbsp;<\/p>\n<p><strong><a class=\"dt-pswp-item\" href=\"http:\/\/www.radiopiu.net\/wordpress\/wp-content\/uploads\/2019\/08\/FELICE-GAIARDO.jpg\" data-dt-img-description=\"\" data-large_image_width=\"1080\" data-large_image_height=\"978\"><img loading=\"lazy\" decoding=\"async\" class=\" wp-image-96707 alignleft\" src=\"http:\/\/www.radiopiu.net\/wordpress\/wp-content\/uploads\/2019\/08\/FELICE-GAIARDO-300x272.jpg\" alt=\"\" width=\"161\" height=\"146\" srcset=\"https:\/\/www.radiopiu.net\/wordpress\/wp-content\/uploads\/2019\/08\/FELICE-GAIARDO-300x272.jpg 300w, https:\/\/www.radiopiu.net\/wordpress\/wp-content\/uploads\/2019\/08\/FELICE-GAIARDO-768x695.jpg 768w, https:\/\/www.radiopiu.net\/wordpress\/wp-content\/uploads\/2019\/08\/FELICE-GAIARDO-1024x927.jpg 1024w, https:\/\/www.radiopiu.net\/wordpress\/wp-content\/uploads\/2019\/08\/FELICE-GAIARDO.jpg 1080w\" sizes=\"auto, (max-width: 161px) 100vw, 161px\" \/><\/a>OGGI SUL CORRIERE DELLE ALPI<\/strong>: I problemi della sanit\u00e0, trasporto per trasferimenti e visite dal 2020 i servizi andranno in appalto. Nell&#8217;articolo di Paola Dall&#8217;Anese la notizia che i servizi di trasporto in ambulanza che non rivestono carattere di emergenza non possono essere affidati in convenzione diretta alle associazioni di volontariato, lo ha stabilito la Corte di Giustizia Europea. Problemi per le associazioni di volontariato gi\u00e0 in &#8220;crisi&#8221; di personale mentre la Ulss1 prepara il bando per aggiudicare l&#8217;attivit\u00e0.<br \/>\n<strong>A RADIO PIU&#8217; IL COMMENTO ALLA NOTIZIA DI FELICE GAIARDO, PRESIDENTE E\u00a0 COORDINATORE VOLONTARI AMBULANZE DELL&#8217;AGORDINO E ZOLDANO<\/strong><\/p>\n<audio class=\"wp-audio-shortcode\" id=\"audio-100956-1\" preload=\"none\" style=\"width: 100%;\" controls=\"controls\"><source type=\"audio\/mpeg\" src=\"http:\/\/www.radiopiu.net\/wordpress\/wp-content\/uploads\/2019\/10\/felice.mp3?_=1\" \/><a href=\"http:\/\/www.radiopiu.net\/wordpress\/wp-content\/uploads\/2019\/10\/felice.mp3\">http:\/\/www.radiopiu.net\/wordpress\/wp-content\/uploads\/2019\/10\/felice.mp3<\/a><\/audio>\n<p>&nbsp;<\/p>\n<p>&nbsp;<\/p>\n<p>&nbsp;<\/p>\n<p>&nbsp;<\/p>\n<blockquote><p>&nbsp;<\/p><\/blockquote>\n<h3 style=\"text-align: left;\"><a class=\"dt-pswp-item\" href=\"http:\/\/www.radiopiu.net\/wordpress\/wp-content\/uploads\/2019\/10\/72128644_2860964803956474_425899076014309376_o.jpg\" data-dt-img-description=\"\" data-large_image_width=\"2500\" data-large_image_height=\"549\"><img loading=\"lazy\" decoding=\"async\" class=\"size-medium wp-image-101005 alignleft\" src=\"http:\/\/www.radiopiu.net\/wordpress\/wp-content\/uploads\/2019\/10\/72128644_2860964803956474_425899076014309376_o-300x66.jpg\" alt=\"\" width=\"300\" height=\"66\" srcset=\"https:\/\/www.radiopiu.net\/wordpress\/wp-content\/uploads\/2019\/10\/72128644_2860964803956474_425899076014309376_o-300x66.jpg 300w, https:\/\/www.radiopiu.net\/wordpress\/wp-content\/uploads\/2019\/10\/72128644_2860964803956474_425899076014309376_o-768x169.jpg 768w, https:\/\/www.radiopiu.net\/wordpress\/wp-content\/uploads\/2019\/10\/72128644_2860964803956474_425899076014309376_o-1024x225.jpg 1024w\" sizes=\"auto, (max-width: 300px) 100vw, 300px\" \/><\/a>POST VAIA IN TERRITORIO FODOM<\/h3>\n<p><strong>LAVORI IN CORSO A LARZONEI. Nel giro di un mese termineranno le operazioni di recupero delle migliaia d&#8217;alberi abbattuti da Vaia. Le foto del sindaco Leandro Grones.<\/strong><\/p>\n<audio class=\"wp-audio-shortcode\" id=\"audio-100956-2\" preload=\"none\" style=\"width: 100%;\" controls=\"controls\"><source type=\"audio\/mpeg\" src=\"http:\/\/www.radiopiu.net\/wordpress\/wp-content\/uploads\/2019\/10\/leandro.mp3?_=2\" \/><a href=\"http:\/\/www.radiopiu.net\/wordpress\/wp-content\/uploads\/2019\/10\/leandro.mp3\">http:\/\/www.radiopiu.net\/wordpress\/wp-content\/uploads\/2019\/10\/leandro.mp3<\/a><\/audio>\n<p>&nbsp;<\/p>\n<p><a class=\"dt-pswp-item\" href=\"http:\/\/www.radiopiu.net\/wordpress\/wp-content\/uploads\/2019\/10\/72530424_2860964703956484_8330892001843085312_n.jpg\" data-dt-img-description=\"\" data-large_image_width=\"960\" data-large_image_height=\"720\"><img loading=\"lazy\" decoding=\"async\" class=\"alignnone size-medium wp-image-101000\" src=\"http:\/\/www.radiopiu.net\/wordpress\/wp-content\/uploads\/2019\/10\/72530424_2860964703956484_8330892001843085312_n-300x225.jpg\" alt=\"\" width=\"300\" height=\"225\" srcset=\"https:\/\/www.radiopiu.net\/wordpress\/wp-content\/uploads\/2019\/10\/72530424_2860964703956484_8330892001843085312_n-300x225.jpg 300w, https:\/\/www.radiopiu.net\/wordpress\/wp-content\/uploads\/2019\/10\/72530424_2860964703956484_8330892001843085312_n-768x576.jpg 768w, https:\/\/www.radiopiu.net\/wordpress\/wp-content\/uploads\/2019\/10\/72530424_2860964703956484_8330892001843085312_n.jpg 960w\" sizes=\"auto, (max-width: 300px) 100vw, 300px\" \/><\/a><a class=\"dt-pswp-item\" href=\"http:\/\/www.radiopiu.net\/wordpress\/wp-content\/uploads\/2019\/10\/69346989_2860964553956499_4912421548343689216_n.jpg\" data-dt-img-description=\"\" data-large_image_width=\"960\" data-large_image_height=\"565\"><img loading=\"lazy\" decoding=\"async\" class=\"alignnone wp-image-101001\" src=\"http:\/\/www.radiopiu.net\/wordpress\/wp-content\/uploads\/2019\/10\/69346989_2860964553956499_4912421548343689216_n-300x177.jpg\" alt=\"\" width=\"380\" height=\"224\" srcset=\"https:\/\/www.radiopiu.net\/wordpress\/wp-content\/uploads\/2019\/10\/69346989_2860964553956499_4912421548343689216_n-300x177.jpg 300w, https:\/\/www.radiopiu.net\/wordpress\/wp-content\/uploads\/2019\/10\/69346989_2860964553956499_4912421548343689216_n-768x452.jpg 768w, https:\/\/www.radiopiu.net\/wordpress\/wp-content\/uploads\/2019\/10\/69346989_2860964553956499_4912421548343689216_n.jpg 960w\" sizes=\"auto, (max-width: 380px) 100vw, 380px\" \/><\/a><a class=\"dt-pswp-item\" href=\"http:\/\/www.radiopiu.net\/wordpress\/wp-content\/uploads\/2019\/10\/71703542_2860964917289796_1737424694841180160_n.jpg\" data-dt-img-description=\"\" data-large_image_width=\"960\" data-large_image_height=\"720\"><img loading=\"lazy\" decoding=\"async\" class=\"alignnone size-medium wp-image-101002\" src=\"http:\/\/www.radiopiu.net\/wordpress\/wp-content\/uploads\/2019\/10\/71703542_2860964917289796_1737424694841180160_n-300x225.jpg\" alt=\"\" width=\"300\" height=\"225\" srcset=\"https:\/\/www.radiopiu.net\/wordpress\/wp-content\/uploads\/2019\/10\/71703542_2860964917289796_1737424694841180160_n-300x225.jpg 300w, https:\/\/www.radiopiu.net\/wordpress\/wp-content\/uploads\/2019\/10\/71703542_2860964917289796_1737424694841180160_n-768x576.jpg 768w, https:\/\/www.radiopiu.net\/wordpress\/wp-content\/uploads\/2019\/10\/71703542_2860964917289796_1737424694841180160_n.jpg 960w\" sizes=\"auto, (max-width: 300px) 100vw, 300px\" \/><\/a><a class=\"dt-pswp-item\" href=\"http:\/\/www.radiopiu.net\/wordpress\/wp-content\/uploads\/2019\/10\/71085982_2860964640623157_4586129451187699712_n.jpg\" data-dt-img-description=\"\" data-large_image_width=\"960\" data-large_image_height=\"720\"><img loading=\"lazy\" decoding=\"async\" class=\"alignnone size-medium wp-image-101003\" src=\"http:\/\/www.radiopiu.net\/wordpress\/wp-content\/uploads\/2019\/10\/71085982_2860964640623157_4586129451187699712_n-300x225.jpg\" alt=\"\" width=\"300\" height=\"225\" srcset=\"https:\/\/www.radiopiu.net\/wordpress\/wp-content\/uploads\/2019\/10\/71085982_2860964640623157_4586129451187699712_n-300x225.jpg 300w, https:\/\/www.radiopiu.net\/wordpress\/wp-content\/uploads\/2019\/10\/71085982_2860964640623157_4586129451187699712_n-768x576.jpg 768w, https:\/\/www.radiopiu.net\/wordpress\/wp-content\/uploads\/2019\/10\/71085982_2860964640623157_4586129451187699712_n.jpg 960w\" sizes=\"auto, (max-width: 300px) 100vw, 300px\" \/><\/a><a class=\"dt-pswp-item\" href=\"http:\/\/www.radiopiu.net\/wordpress\/wp-content\/uploads\/2019\/10\/71709970_2860964747289813_2709879846992871424_n.jpg\" data-dt-img-description=\"\" data-large_image_width=\"960\" data-large_image_height=\"539\"><img loading=\"lazy\" decoding=\"async\" class=\"alignnone wp-image-101004\" src=\"http:\/\/www.radiopiu.net\/wordpress\/wp-content\/uploads\/2019\/10\/71709970_2860964747289813_2709879846992871424_n-300x168.jpg\" alt=\"\" width=\"404\" height=\"226\" srcset=\"https:\/\/www.radiopiu.net\/wordpress\/wp-content\/uploads\/2019\/10\/71709970_2860964747289813_2709879846992871424_n-300x168.jpg 300w, https:\/\/www.radiopiu.net\/wordpress\/wp-content\/uploads\/2019\/10\/71709970_2860964747289813_2709879846992871424_n-768x431.jpg 768w, https:\/\/www.radiopiu.net\/wordpress\/wp-content\/uploads\/2019\/10\/71709970_2860964747289813_2709879846992871424_n.jpg 960w\" sizes=\"auto, (max-width: 404px) 100vw, 404px\" \/><\/a><\/p>\n<p>&nbsp;<\/p>\n<p>&nbsp;<\/p>\n<h4>IL COMMENTO ALLA NOTIZIA DI IERI, IL RECUPERO DEL LAGO DI ALLEGHE DOPO LA CONFERENZA IN REGIONE<\/h4>\n<p><span style=\"color: #ff0000;\">DI IRENE<\/span><\/p>\n<blockquote><p><em><strong>ALLEGHE<\/strong>\u00a0 Tanti bei numeri messi in fila che fanno impressione, personalmente per\u00f2 ora voglio vedere ruspe in movimento e lavori effettivi. <\/em><em>Per quanto riguarda gli schianti e il pericolo valanghe: stiamo tranquilli fino al metro di neve ma poi? Il fatto che la protezione civile sia preparata in caso di dover evacuare le persone, non \u00e9 esattamente una buona cosa. O meglio, lo \u00e9 ma il problema di fondo credo sia che l&#8217;opzione &#8216;evacuare le zone&#8217; non dovrebbe essere la prima, ma l&#8217;ultima, quella di emergenza. Se siamo fortunati quest&#8217;inverno non cadr\u00e0 pi\u00f9 di un metro di neve, ma appare chiaro il controsenso che in montagna si speri non nevichi pi\u00f9 di tanto. Se fosse un inverno stile 2009\/2010 che in un solo fine settimana ha fatto 1 metro di neve? Che si fa? Sono perplessa.<\/em><\/p><\/blockquote>\n<p><strong>IERI ALLA RADIO<\/strong><\/p>\n<blockquote class=\"wp-embedded-content\" data-secret=\"bquVeIp1AN\"><p><a href=\"https:\/\/www.radiopiu.net\/wordpress\/recupero-dei-serrai-di-sottoguda-e-lago-di-alleghe\/\">RECUPERO DEI SERRAI DI SOTTOGUDA E LAGO DI ALLEGHE.<\/a><\/p><\/blockquote>\n<p><iframe loading=\"lazy\" title=\"&#8220;RECUPERO DEI SERRAI DI SOTTOGUDA E LAGO DI ALLEGHE.&#8221; &#8212; Radio Pi\u00f9\" class=\"wp-embedded-content\" sandbox=\"allow-scripts\" security=\"restricted\" style=\"position: absolute; clip: rect(1px, 1px, 1px, 1px);\" src=\"https:\/\/www.radiopiu.net\/wordpress\/recupero-dei-serrai-di-sottoguda-e-lago-di-alleghe\/embed\/#?secret=bquVeIp1AN\" data-secret=\"bquVeIp1AN\" width=\"600\" height=\"338\" frameborder=\"0\" marginwidth=\"0\" marginheight=\"0\" scrolling=\"no\"><\/iframe><\/p>\n<p>&nbsp;<\/p>\n<p>&nbsp;<\/p>\n<p>&nbsp;<\/p>\n<h3>FOGLIO DI VIA PER LE DUE RUMENE CHE RACCOGLIEVANO FONDI DAVANTI AI SUPERMERCATI<\/h3>\n<p align=\"JUSTIFY\"><strong><a class=\"dt-pswp-item\" href=\"http:\/\/www.radiopiu.net\/wordpress\/wp-content\/uploads\/2018\/10\/IMG_5363.jpeg\" data-dt-img-description=\"\" data-large_image_width=\"339\" data-large_image_height=\"245\"><img loading=\"lazy\" decoding=\"async\" class=\"size-medium wp-image-63764 alignleft\" src=\"http:\/\/www.radiopiu.net\/wordpress\/wp-content\/uploads\/2018\/10\/IMG_5363-300x217.jpeg\" alt=\"\" width=\"300\" height=\"217\" srcset=\"https:\/\/www.radiopiu.net\/wordpress\/wp-content\/uploads\/2018\/10\/IMG_5363-300x217.jpeg 300w, https:\/\/www.radiopiu.net\/wordpress\/wp-content\/uploads\/2018\/10\/IMG_5363.jpeg 339w\" sizes=\"auto, (max-width: 300px) 100vw, 300px\" \/><\/a><\/strong><\/p>\n<p align=\"JUSTIFY\"><strong>BELLUNO<\/strong> Due giovani ragazze di 21 anni di nazionalit\u00e0 rumena domiciliate nel campo nomadi di Mestre non potranno pi\u00f9 tornare nei Comuni di Sedico e Belluno, lo ha deciso il Questore dopo gli &#8216;episodi segnalati da alcuni cittadini. Le due donne <span style=\"font-family: Baskerville Old Face, serif;\"><span style=\"font-size: medium;\">chiedevano denaro ai clienti dei supermercati della zona per una presunta raccolta fondi mostrando una foglio con riportato <\/span><\/span><\/p>\n<blockquote>\n<p align=\"JUSTIFY\"><span style=\"font-family: Baskerville Old Face, serif;\"><span style=\"font-size: medium;\">\u201c<\/span><\/span><span style=\"font-family: Baskerville Old Face, serif;\"><span style=\"font-size: medium;\"><i><b>Certificato Regionale per persone non udenti e fisicamente disabili e desideriamo aprire un centro internazionale per bambini poveri,\u00a0 grazie<\/b><\/i><\/span><\/span><span style=\"font-family: Baskerville Old Face, serif;\"><span style=\"font-size: medium;\">\u201d.<\/span><\/span><\/p>\n<\/blockquote>\n<p align=\"JUSTIFY\"><span style=\"font-family: Baskerville Old Face, serif;\"><span style=\"font-size: medium;\">La pattuglia delle Volanti \u00e8 riuscita a localizzare l\u2019auto a bordo della quale viaggiavano. <\/span><\/span><span style=\"font-family: Baskerville Old Face, serif;\"><span style=\"font-size: medium;\">I poliziotti le hanno identificate mentre stavano discutendo animatamente con un uomo nei pressi dell\u2019entrata del supermercato. <\/span><\/span><span style=\"font-size: medium; font-family: 'Baskerville Old Face', serif;\">Durante il controllo una delle due\u00a0 ha anche strappato i fogli che stava utilizzando per la \u201craccolta fondi\u201d; tutto il materiale \u00e8 stato ovviamente recuperato dagli agenti.<\/span><\/p>\n<h3 align=\"JUSTIFY\">FOGLIO DI VIA ANCHE PER L&#8217;AUTISTA DELL&#8217;AUDI A4<\/h3>\n<p align=\"JUSTIFY\"><strong><a class=\"dt-pswp-item\" href=\"http:\/\/www.radiopiu.net\/wordpress\/wp-content\/uploads\/2018\/03\/CARA-4.jpg\" data-dt-img-description=\"\" data-large_image_width=\"1600\" data-large_image_height=\"1200\"><img loading=\"lazy\" decoding=\"async\" class=\" wp-image-45784 alignleft\" src=\"http:\/\/www.radiopiu.net\/wordpress\/wp-content\/uploads\/2018\/03\/CARA-4-300x225.jpg\" alt=\"\" width=\"177\" height=\"133\" srcset=\"https:\/\/www.radiopiu.net\/wordpress\/wp-content\/uploads\/2018\/03\/CARA-4-300x225.jpg 300w, https:\/\/www.radiopiu.net\/wordpress\/wp-content\/uploads\/2018\/03\/CARA-4-768x576.jpg 768w, https:\/\/www.radiopiu.net\/wordpress\/wp-content\/uploads\/2018\/03\/CARA-4-1024x768.jpg 1024w, https:\/\/www.radiopiu.net\/wordpress\/wp-content\/uploads\/2018\/03\/CARA-4.jpg 1600w\" sizes=\"auto, (max-width: 177px) 100vw, 177px\" \/><\/a>BELLUNO<\/strong> E&#8217; dei Carabinieri del Norm di Belluno la proposta di un foglio di via per Fernand Bacanu Vasile, un rumeno di 23 anni residente in Francia ma in Italia senza fissa dimora. Ad identificarlo\u00a0 gli uomini dell&#8217;Arma\u00a0 appena sceso da un Audi A4 parcheggiata\u00a0 nei pressi di una Banca. L&#8217;uomo con precedenti per truffa e\u00a0 associazione a delinquere \u00e8 arrivato a Belluno con due donne di origini rumene poi controllate da agenti di Polizia e quindi segnalate per il foglio di via al Questore poich\u00e9 raccoglievano denaro per un&#8217;associazione inesistente.<\/p>\n<p>&nbsp;<\/p>\n<p>&nbsp;<\/p>\n<p>&nbsp;<\/p>\n<h3>SANITA\u2019. INIZIATO IL FUTURO DEL CODIVILLA PUTTI DI CORTINA.<\/h3>\n<p><strong>VENEZIA<\/strong>\u00a0<em> \u201cIl rilancio non solo a livello locale, ma nazionale, dell\u2019Ospedale Codivilla Putti di Cortina \u00e8 una realt\u00e0 che procede a grandi passi. Che diranno ora i gufi che, per anni, hanno raccontato la bugia che la Regione voleva chiuderlo, anche dopo la delibera del marzo 2017 con cui definimmo il cammino che ora si concretizza? Se avessero un po\u2019 di dignit\u00e0 dovrebbero tacere per sempre\u201d.<\/em> Con queste parole, il Presidente della Regione del Veneto Luca Zaia, per lungo tempo fatto oggetto di polemiche, con tutta la Giunta, con l\u2019accusa di voler affondare la struttura sanitaria cortinese, commenta le buone notizie sull\u2019iter di rilancio, con la firma tra la Societ\u00e0 concessionaria GVM Cortina Srl e l\u2019impresa Emaprice, che d\u00e0 il via a lavori per 18 milioni di euro, da consegnare in 900 giorni.<em> \u201cNon dobbiamo perdere, n\u00e9 si perder\u00e0 un minuto \u2013 aggiunge Zaia \u2013 al punto che\u00a0 in Giunta regionale abbiamo approvato l\u2019accreditamento a GVM Cortina Srl del Padiglione Putti, dove importanti attivit\u00e0 proseguiranno durante i lavori al Padiglione Codivilla, con 18 posti letto di medicina generale, 4 di Punto di Primo Intervento, e 12 ambulatori dedicati a tutte le pi\u00f9 importanti specialit\u00e0\u201d. \u201cSta nascendo \u2013 dice Zaia non senza orgoglio \u2013 un nuovo fiore all\u2019occhiello della sanit\u00e0 veneta&#8221;<\/em><\/p>\n<blockquote>\n<h3><\/h3>\n<\/blockquote>\n<h3><\/h3>\n<p>&nbsp;<\/p>\n<blockquote><p>&nbsp;<\/p><\/blockquote>\n<h3>PRONTO SOCCORSO, CONDIZIONALE A PARTE QUALCHE COSA SI MUOVE: PRIMO OBIETTIVO 4 OTTOBRE<\/h3>\n<p><strong>AGORDO<\/strong> Un anno e mezzo fa tutti i sindaci dell&#8217;Agordino avevano alzato una barricata: s\u00ec ai 2,5 milioni dei fondi di confine alla Ulss1 (cio\u00e8 la Regione che interverr\u00e0 con 500 mila euro) per il Pronto Soccorso di Agordo ad una condizione che ritorni il laboratorio analisi ad Agordo, almeno quello dopo il depauperamento di servizi degli ultimi anni. Ne \u00e8 seguito un lungo dibattito con i sindaci della Lega vicini alla Regione che dopo un voto all&#8217;unanimit\u00e0 hanno fatto retromarcia. Nel giorno in cui si guarda al Codivilla di Cortina e all&#8217;investimento da 18 milioni d&#8217;euro il sindaco di Livinallongo Leandro Grones ricorda che il Pronto Soccorso ad Agordo sar\u00e0 oggetto di lavori, presto. Il 4 ottobre se ne parler\u00e0 a Belluno e poi avr\u00e0 inizio il lungo iter. Sarebbe opportuno che nei prossimi incontri gli amministratori agordini chiedessero anche serie di garanzie per l&#8217;ospedale che per ora non e&#8217; certo Villa Agordo,\u00a0 ad esempio per la radiologia visto che a febbraio in piena stagione sciistica tra gambe e braccia rotte un medico (dei due pi\u00f9 uno part time) lascer\u00e0 l&#8217;incarico per raggiunti limiti di et\u00e0 e ad oggi non \u00e8 ancora chiaro chi lo sostituir\u00e0, peraltro un medico esperto della mammografia.<\/p>\n<p><strong>ANDREA DE BERNARDIN DALLO SPECIALE DEL 29 SETTEMBRE<\/strong><\/p>\n<audio class=\"wp-audio-shortcode\" id=\"audio-100956-3\" preload=\"none\" style=\"width: 100%;\" controls=\"controls\"><source type=\"audio\/mpeg\" src=\"http:\/\/www.radiopiu.net\/wordpress\/wp-content\/uploads\/2019\/10\/ANDREA.mp3?_=3\" \/><a href=\"http:\/\/www.radiopiu.net\/wordpress\/wp-content\/uploads\/2019\/10\/ANDREA.mp3\">http:\/\/www.radiopiu.net\/wordpress\/wp-content\/uploads\/2019\/10\/ANDREA.mp3<\/a><\/audio>\n<p><strong>LEANDRO GRONES dal giornale radio delle 10.00<\/strong><\/p>\n<audio class=\"wp-audio-shortcode\" id=\"audio-100956-4\" preload=\"none\" style=\"width: 100%;\" controls=\"controls\"><source type=\"audio\/mpeg\" src=\"http:\/\/www.radiopiu.net\/wordpress\/wp-content\/uploads\/2019\/10\/GRONES.mp3?_=4\" \/><a href=\"http:\/\/www.radiopiu.net\/wordpress\/wp-content\/uploads\/2019\/10\/GRONES.mp3\">http:\/\/www.radiopiu.net\/wordpress\/wp-content\/uploads\/2019\/10\/GRONES.mp3<\/a><\/audio>\n<p><strong>SINDACO DI TAIBON SILVIA TORMEN dal giornale delLE 12.30 del 01 ottobre\u00a0<\/strong><\/p>\n<audio class=\"wp-audio-shortcode\" id=\"audio-100956-5\" preload=\"none\" style=\"width: 100%;\" controls=\"controls\"><source type=\"audio\/mpeg\" src=\"http:\/\/www.radiopiu.net\/wordpress\/wp-content\/uploads\/2019\/09\/SILVIA.mp3?_=5\" \/><a href=\"http:\/\/www.radiopiu.net\/wordpress\/wp-content\/uploads\/2019\/09\/SILVIA.mp3\">http:\/\/www.radiopiu.net\/wordpress\/wp-content\/uploads\/2019\/09\/SILVIA.mp3<\/a><\/audio>\n<p>&nbsp;<\/p>\n<p>&nbsp;<\/p>\n<h3>LIMITATI I DISAGI DELLA CHIUSURA DEL PONTE: LA PROVINCIA ANTICIPA I SOLDI DI ANAS PER LE CORSE BUS<\/h3>\n<p><strong><a class=\"dt-pswp-item\" href=\"http:\/\/www.radiopiu.net\/wordpress\/wp-content\/uploads\/2019\/10\/download.jpg\" data-dt-img-description=\"\" data-large_image_width=\"219\" data-large_image_height=\"168\"><img loading=\"lazy\" decoding=\"async\" class=\"size-full wp-image-100960 alignleft\" src=\"http:\/\/www.radiopiu.net\/wordpress\/wp-content\/uploads\/2019\/10\/download.jpg\" alt=\"\" width=\"219\" height=\"168\" \/><\/a>BELLUNO<\/strong> La Provincia di Belluno interviene per assicurare il potenziamento del servizio di trasporto pubblico locale durante il periodo di chiusura del ponte di Santa Caterina, a Ponte nelle Alpi. Per ridurre i disagi causati dalle modifiche al traffico, l\u2019amministrazione provinciale ha messo a budget la cifra necessaria a finanziare le corse integrative di pullman disposte da DolomitiBus. Si tratta di un finanziamento di 1.800 euro per un paio di mesi.<br \/>\nLa Provincia di Belluno ha gi\u00e0 inviato ad Anas una lettera per informare l&#8217;ente del finanziamento disposto. (foto filodirettoconfartigianato Belluno).<\/p>\n<h3>IL PRESIDENTE DELLA PROVINCIA ROBERTO PADRIN<\/h3>\n<audio class=\"wp-audio-shortcode\" id=\"audio-100956-6\" preload=\"none\" style=\"width: 100%;\" controls=\"controls\"><source type=\"audio\/mpeg\" src=\"http:\/\/www.radiopiu.net\/wordpress\/wp-content\/uploads\/2019\/10\/audio-presidente-Padrin.mp3?_=6\" \/><a href=\"http:\/\/www.radiopiu.net\/wordpress\/wp-content\/uploads\/2019\/10\/audio-presidente-Padrin.mp3\">http:\/\/www.radiopiu.net\/wordpress\/wp-content\/uploads\/2019\/10\/audio-presidente-Padrin.mp3<\/a><\/audio>\n<p>&nbsp;<\/p>\n<p>&nbsp;<\/p>\n<p>&nbsp;<\/p>\n<h3>ALLARGAMENTO DEL PONTE FELICE PER LA ZONA ARTIGIANALE, PASSAGGIO FONDAMENTALE NEI GIORNI DEL POST VAIA<\/h3>\n<p><strong><a class=\"dt-pswp-item\" href=\"http:\/\/www.radiopiu.net\/wordpress\/wp-content\/uploads\/2019\/10\/0ae8b4c1-0964-4f02-8f1c-02c11c492401.jpg\" data-dt-img-description=\"\" data-large_image_width=\"1599\" data-large_image_height=\"799\"><img loading=\"lazy\" decoding=\"async\" class=\" wp-image-100964 alignleft\" src=\"http:\/\/www.radiopiu.net\/wordpress\/wp-content\/uploads\/2019\/10\/0ae8b4c1-0964-4f02-8f1c-02c11c492401-300x150.jpg\" alt=\"\" width=\"220\" height=\"110\" srcset=\"https:\/\/www.radiopiu.net\/wordpress\/wp-content\/uploads\/2019\/10\/0ae8b4c1-0964-4f02-8f1c-02c11c492401-300x150.jpg 300w, https:\/\/www.radiopiu.net\/wordpress\/wp-content\/uploads\/2019\/10\/0ae8b4c1-0964-4f02-8f1c-02c11c492401-768x384.jpg 768w, https:\/\/www.radiopiu.net\/wordpress\/wp-content\/uploads\/2019\/10\/0ae8b4c1-0964-4f02-8f1c-02c11c492401-1024x512.jpg 1024w, https:\/\/www.radiopiu.net\/wordpress\/wp-content\/uploads\/2019\/10\/0ae8b4c1-0964-4f02-8f1c-02c11c492401.jpg 1599w\" sizes=\"auto, (max-width: 220px) 100vw, 220px\" \/><\/a><\/strong><\/p>\n<p>&nbsp;<\/p>\n<p><strong>LA VALLE AGORDINA<\/strong><\/p>\n<p><strong>DI GIANNI SANTOMASO<\/strong><\/p>\n<audio class=\"wp-audio-shortcode\" id=\"audio-100956-7\" preload=\"none\" style=\"width: 100%;\" controls=\"controls\"><source type=\"audio\/mpeg\" src=\"http:\/\/www.radiopiu.net\/wordpress\/wp-content\/uploads\/2019\/10\/GIANNI-LAVALLE.mp3?_=7\" \/><a href=\"http:\/\/www.radiopiu.net\/wordpress\/wp-content\/uploads\/2019\/10\/GIANNI-LAVALLE.mp3\">http:\/\/www.radiopiu.net\/wordpress\/wp-content\/uploads\/2019\/10\/GIANNI-LAVALLE.mp3<\/a><\/audio>\n<p>VIDEO<\/p>\n<div style=\"width: 1200px;\" class=\"wp-video\"><video class=\"wp-video-shortcode\" id=\"video-100956-1\" width=\"1200\" height=\"675\" preload=\"metadata\" controls=\"controls\"><source type=\"video\/mp4\" src=\"http:\/\/www.radiopiu.net\/wordpress\/wp-content\/uploads\/2019\/10\/WhatsApp-Video-2019-10-02-at-15.40.40.mp4?_=1\" \/><a href=\"http:\/\/www.radiopiu.net\/wordpress\/wp-content\/uploads\/2019\/10\/WhatsApp-Video-2019-10-02-at-15.40.40.mp4\">http:\/\/www.radiopiu.net\/wordpress\/wp-content\/uploads\/2019\/10\/WhatsApp-Video-2019-10-02-at-15.40.40.mp4<\/a><\/video><\/div>\n<p><strong>LE FOTO DEL PONTE DIMENTICATO, MA VALIDA ALTERNATIVA ALLA REGIONALE 203 AGORDINA<\/strong><\/p>\n<p><a class=\"dt-pswp-item\" href=\"http:\/\/www.radiopiu.net\/wordpress\/wp-content\/uploads\/2019\/10\/0ae8b4c1-0964-4f02-8f1c-02c11c492401.jpg\" data-dt-img-description=\"\" data-large_image_width=\"1599\" data-large_image_height=\"799\"><img loading=\"lazy\" decoding=\"async\" class=\"alignnone size-medium wp-image-100964\" src=\"http:\/\/www.radiopiu.net\/wordpress\/wp-content\/uploads\/2019\/10\/0ae8b4c1-0964-4f02-8f1c-02c11c492401-300x150.jpg\" alt=\"\" width=\"300\" height=\"150\" srcset=\"https:\/\/www.radiopiu.net\/wordpress\/wp-content\/uploads\/2019\/10\/0ae8b4c1-0964-4f02-8f1c-02c11c492401-300x150.jpg 300w, https:\/\/www.radiopiu.net\/wordpress\/wp-content\/uploads\/2019\/10\/0ae8b4c1-0964-4f02-8f1c-02c11c492401-768x384.jpg 768w, https:\/\/www.radiopiu.net\/wordpress\/wp-content\/uploads\/2019\/10\/0ae8b4c1-0964-4f02-8f1c-02c11c492401-1024x512.jpg 1024w, https:\/\/www.radiopiu.net\/wordpress\/wp-content\/uploads\/2019\/10\/0ae8b4c1-0964-4f02-8f1c-02c11c492401.jpg 1599w\" sizes=\"auto, (max-width: 300px) 100vw, 300px\" \/><\/a><a class=\"dt-pswp-item\" href=\"http:\/\/www.radiopiu.net\/wordpress\/wp-content\/uploads\/2019\/10\/7ae1d538-10a7-4ebf-a088-e624eb7891db.jpg\" data-dt-img-description=\"\" data-large_image_width=\"1599\" data-large_image_height=\"799\"><img loading=\"lazy\" decoding=\"async\" class=\"alignnone size-medium wp-image-100968\" src=\"http:\/\/www.radiopiu.net\/wordpress\/wp-content\/uploads\/2019\/10\/7ae1d538-10a7-4ebf-a088-e624eb7891db-300x150.jpg\" alt=\"\" width=\"300\" height=\"150\" srcset=\"https:\/\/www.radiopiu.net\/wordpress\/wp-content\/uploads\/2019\/10\/7ae1d538-10a7-4ebf-a088-e624eb7891db-300x150.jpg 300w, https:\/\/www.radiopiu.net\/wordpress\/wp-content\/uploads\/2019\/10\/7ae1d538-10a7-4ebf-a088-e624eb7891db-768x384.jpg 768w, https:\/\/www.radiopiu.net\/wordpress\/wp-content\/uploads\/2019\/10\/7ae1d538-10a7-4ebf-a088-e624eb7891db-1024x512.jpg 1024w, https:\/\/www.radiopiu.net\/wordpress\/wp-content\/uploads\/2019\/10\/7ae1d538-10a7-4ebf-a088-e624eb7891db.jpg 1599w\" sizes=\"auto, (max-width: 300px) 100vw, 300px\" \/><\/a><a class=\"dt-pswp-item\" href=\"http:\/\/www.radiopiu.net\/wordpress\/wp-content\/uploads\/2019\/10\/5f3a4e2d-3fc0-4d36-812e-6a9067fa8661.jpg\" data-dt-img-description=\"\" data-large_image_width=\"1599\" data-large_image_height=\"799\"><img loading=\"lazy\" decoding=\"async\" class=\"alignnone size-medium wp-image-100967\" src=\"http:\/\/www.radiopiu.net\/wordpress\/wp-content\/uploads\/2019\/10\/5f3a4e2d-3fc0-4d36-812e-6a9067fa8661-300x150.jpg\" alt=\"\" width=\"300\" height=\"150\" srcset=\"https:\/\/www.radiopiu.net\/wordpress\/wp-content\/uploads\/2019\/10\/5f3a4e2d-3fc0-4d36-812e-6a9067fa8661-300x150.jpg 300w, https:\/\/www.radiopiu.net\/wordpress\/wp-content\/uploads\/2019\/10\/5f3a4e2d-3fc0-4d36-812e-6a9067fa8661-768x384.jpg 768w, https:\/\/www.radiopiu.net\/wordpress\/wp-content\/uploads\/2019\/10\/5f3a4e2d-3fc0-4d36-812e-6a9067fa8661-1024x512.jpg 1024w, https:\/\/www.radiopiu.net\/wordpress\/wp-content\/uploads\/2019\/10\/5f3a4e2d-3fc0-4d36-812e-6a9067fa8661.jpg 1599w\" sizes=\"auto, (max-width: 300px) 100vw, 300px\" \/><\/a><a class=\"dt-pswp-item\" href=\"http:\/\/www.radiopiu.net\/wordpress\/wp-content\/uploads\/2019\/10\/034a3e37-0e33-4eaa-81fe-7ed193c28491.jpg\" data-dt-img-description=\"\" data-large_image_width=\"1599\" data-large_image_height=\"799\"><img loading=\"lazy\" decoding=\"async\" class=\"alignnone size-medium wp-image-100962\" src=\"http:\/\/www.radiopiu.net\/wordpress\/wp-content\/uploads\/2019\/10\/034a3e37-0e33-4eaa-81fe-7ed193c28491-300x150.jpg\" alt=\"\" width=\"300\" height=\"150\" srcset=\"https:\/\/www.radiopiu.net\/wordpress\/wp-content\/uploads\/2019\/10\/034a3e37-0e33-4eaa-81fe-7ed193c28491-300x150.jpg 300w, https:\/\/www.radiopiu.net\/wordpress\/wp-content\/uploads\/2019\/10\/034a3e37-0e33-4eaa-81fe-7ed193c28491-768x384.jpg 768w, https:\/\/www.radiopiu.net\/wordpress\/wp-content\/uploads\/2019\/10\/034a3e37-0e33-4eaa-81fe-7ed193c28491-1024x512.jpg 1024w, https:\/\/www.radiopiu.net\/wordpress\/wp-content\/uploads\/2019\/10\/034a3e37-0e33-4eaa-81fe-7ed193c28491.jpg 1599w\" sizes=\"auto, (max-width: 300px) 100vw, 300px\" \/><\/a><a class=\"dt-pswp-item\" href=\"http:\/\/www.radiopiu.net\/wordpress\/wp-content\/uploads\/2019\/10\/4acdb457-92bc-4ac0-bdb6-893deac7cad5.jpg\" data-dt-img-description=\"\" data-large_image_width=\"1599\" data-large_image_height=\"799\"><img loading=\"lazy\" decoding=\"async\" class=\"alignnone size-medium wp-image-100966\" src=\"http:\/\/www.radiopiu.net\/wordpress\/wp-content\/uploads\/2019\/10\/4acdb457-92bc-4ac0-bdb6-893deac7cad5-300x150.jpg\" alt=\"\" width=\"300\" height=\"150\" srcset=\"https:\/\/www.radiopiu.net\/wordpress\/wp-content\/uploads\/2019\/10\/4acdb457-92bc-4ac0-bdb6-893deac7cad5-300x150.jpg 300w, https:\/\/www.radiopiu.net\/wordpress\/wp-content\/uploads\/2019\/10\/4acdb457-92bc-4ac0-bdb6-893deac7cad5-768x384.jpg 768w, https:\/\/www.radiopiu.net\/wordpress\/wp-content\/uploads\/2019\/10\/4acdb457-92bc-4ac0-bdb6-893deac7cad5-1024x512.jpg 1024w, https:\/\/www.radiopiu.net\/wordpress\/wp-content\/uploads\/2019\/10\/4acdb457-92bc-4ac0-bdb6-893deac7cad5.jpg 1599w\" sizes=\"auto, (max-width: 300px) 100vw, 300px\" \/><\/a><a class=\"dt-pswp-item\" href=\"http:\/\/www.radiopiu.net\/wordpress\/wp-content\/uploads\/2019\/10\/2b039055-2a84-4fc8-bf39-d24154967167.jpg\" data-dt-img-description=\"\" data-large_image_width=\"1599\" data-large_image_height=\"799\"><img loading=\"lazy\" decoding=\"async\" class=\"alignnone size-medium wp-image-100965\" src=\"http:\/\/www.radiopiu.net\/wordpress\/wp-content\/uploads\/2019\/10\/2b039055-2a84-4fc8-bf39-d24154967167-300x150.jpg\" alt=\"\" width=\"300\" height=\"150\" srcset=\"https:\/\/www.radiopiu.net\/wordpress\/wp-content\/uploads\/2019\/10\/2b039055-2a84-4fc8-bf39-d24154967167-300x150.jpg 300w, https:\/\/www.radiopiu.net\/wordpress\/wp-content\/uploads\/2019\/10\/2b039055-2a84-4fc8-bf39-d24154967167-768x384.jpg 768w, https:\/\/www.radiopiu.net\/wordpress\/wp-content\/uploads\/2019\/10\/2b039055-2a84-4fc8-bf39-d24154967167-1024x512.jpg 1024w, https:\/\/www.radiopiu.net\/wordpress\/wp-content\/uploads\/2019\/10\/2b039055-2a84-4fc8-bf39-d24154967167.jpg 1599w\" sizes=\"auto, (max-width: 300px) 100vw, 300px\" \/><\/a><\/p>\n<p>&nbsp;<\/p>\n<p>&nbsp;<\/p>\n<h3>NOTIZIE DALL&#8217; OCCHIALERIA&#8230;<\/h3>\n<blockquote><p>E&#8217; il Corriere delle Alpi che oggi in apertura pubblica la notizia che la Kering avrebbe messo\u00a0 gli occhi sulla Safilo dichiarandosi pronta ad acquistarla. La societ\u00e0 di Longarone avrebbe per\u00f2 smentito questa ipotesi anche se ieri alla borsa di Milano a fine seduta Safilo ha chiuso con un rialzo azionario del 10 per cento. L&#8217;azienda francese ha nel borsello marchi importanti, da Gucci a Balenciaga, Sant Laurent e 14 miliardi di ricavi nel 2018 ed \u00e8 guidata da Vedovotto ex di Safilo.<\/p><\/blockquote>\n<p>&nbsp;<\/p>\n<h3>BELLUNO&#8230; SENZ&#8217;ACQUA<\/h3>\n<p>Per un guasto ad una pompa sono migliaia i bellunesi rimasti senz&#8217;acqua per due giorni tra martedi e mercoledi. I problemi nelle frazioni\u00a0 di Nogar\u00e8, Cavarzano, Cusighe, Sala, Sargnano e Baldenich. Al lavoro i tecnici Gsp che hanno deviato l&#8217;acquedotto dalla Val di Piero per supplire ai problemi. Ieri in tarda mattinata problema risolto e anche i bar hanno potuto riprendere il servizio regolare.<\/p>\n<p>&nbsp;<\/p>\n<h3>MONETA ELETTRONICA E ACQUISTI NEI COMUNI MONTANI ELIMINARE COMMISSIONI E CANONE DEL POS.<\/h3>\n<p><strong><a class=\"dt-pswp-item\" href=\"http:\/\/www.radiopiu.net\/wordpress\/wp-content\/uploads\/2018\/12\/argentera_ferrere-3.jpg\" data-dt-img-description=\"\" data-large_image_width=\"865\" data-large_image_height=\"330\"><img loading=\"lazy\" decoding=\"async\" class=\"alignnone wp-image-71005 size-full\" src=\"http:\/\/www.radiopiu.net\/wordpress\/wp-content\/uploads\/2018\/12\/argentera_ferrere-3.jpg\" alt=\"\" width=\"865\" height=\"330\" srcset=\"https:\/\/www.radiopiu.net\/wordpress\/wp-content\/uploads\/2018\/12\/argentera_ferrere-3.jpg 865w, https:\/\/www.radiopiu.net\/wordpress\/wp-content\/uploads\/2018\/12\/argentera_ferrere-3-300x114.jpg 300w, https:\/\/www.radiopiu.net\/wordpress\/wp-content\/uploads\/2018\/12\/argentera_ferrere-3-768x293.jpg 768w\" sizes=\"auto, (max-width: 865px) 100vw, 865px\" \/><\/a><\/strong><\/p>\n<p><strong>di Marco Bussone, Presidente Nazionale Uncem<\/strong><\/p>\n<blockquote><p>&#8220;Tantissimi Comuni montani, troppi, non hanno pi\u00f9 un negozio e un bar. Sono a oggi oltre 200 in Italia. Altri 500 Comuni, in particolare borghi alpini e appenninici, sono a rischio &#8216;desertificazione commerciale&#8217;, avendo meno di tre esercizi. I dati Istat sono impietosi e Uncem lo dice da un po&#8217;. Per questo Uncem chiede interventi specifici sulla fiscalit\u00e0, da rendere differenziata e peculiare per chi apre un negozio o un&#8217;impresa nei territori, nonch\u00e9 di trovare strumenti di supporto per quanti ancora scommettono nelle aree interne, nei piccoli Comuni dove la marginalit\u00e0 socio-economica \u00e8 pi\u00f9 elevata. Da diversi giorni e sicuramente nelle prossime settimane si ragioner\u00e0 attorno all&#8217;uso e all&#8217;incentivazione della moneta elettronica, verso la legge di bilancio 2020. Tutte le soluzioni che vanno in questa direzione mi trovano personalmente d&#8217;accordo. A patto per\u00f2 che il legislatore si accorga che il Paese ha appunto un&#8217;emergenza desertificazione, aree montane dove negozi, bar, imprese sono prima di tutto un presidio sociale e culturale. La Francia lo ha sancito con chiarezza tre settimane fa nell&#8217;Agenda Rural e nel piano &#8220;1000 bistr\u00f2&#8221;. Via ogni canone, via ogni commissione per i pagamenti elettronici. Faremo una seria e virtuosa lobby su questo fronte&#8221;.<\/p><\/blockquote>\n<h3>NUOVO RUOLO DELLE AUTONOMIE LOCALI ALL&#8217;INTERNO DELL&#8217;AUTONOMIA DIFFERENZIATA DELLE REGIONI. UNCEM: POSITIVO IMPEGNO DEL MINISTRO BOCCIA. ORA AZIONE SU AREE INTERNE E MONTAGNA<\/h3>\n<p><a class=\"dt-pswp-item\" href=\"http:\/\/www.radiopiu.net\/wordpress\/wp-content\/uploads\/2018\/12\/BUSSONE_FLAI_CGIL11122018.jpg\" data-dt-img-description=\"\" data-large_image_width=\"1280\" data-large_image_height=\"853\"><img loading=\"lazy\" decoding=\"async\" class=\" wp-image-69122 alignleft\" src=\"http:\/\/www.radiopiu.net\/wordpress\/wp-content\/uploads\/2018\/12\/BUSSONE_FLAI_CGIL11122018-300x200.jpg\" alt=\"\" width=\"278\" height=\"185\" srcset=\"https:\/\/www.radiopiu.net\/wordpress\/wp-content\/uploads\/2018\/12\/BUSSONE_FLAI_CGIL11122018-300x200.jpg 300w, https:\/\/www.radiopiu.net\/wordpress\/wp-content\/uploads\/2018\/12\/BUSSONE_FLAI_CGIL11122018-768x512.jpg 768w, https:\/\/www.radiopiu.net\/wordpress\/wp-content\/uploads\/2018\/12\/BUSSONE_FLAI_CGIL11122018-1024x682.jpg 1024w, https:\/\/www.radiopiu.net\/wordpress\/wp-content\/uploads\/2018\/12\/BUSSONE_FLAI_CGIL11122018.jpg 1280w\" sizes=\"auto, (max-width: 278px) 100vw, 278px\" \/><\/a>Nell&#8217;autonomia differenziata delle Regioni sta il nuovo ruolo dei piccoli Comuni italiani, il lavoro da fare insieme tra Enti negli ambiti territoriali ottimali, la capacit\u00e0 impositiva e il superamento delle sperequazioni fiscali, la riorganizzazione delle Regioni stesse, delle Province e delle Citt\u00e0 metropolitane, il legame tra territori, aree interne e urbane. Lo ha scritto il Presidente Uncem Marco Bussone al Ministro degli Affari regionali e delle Autonomie, Francesco Boccia, che stamani ha presentato il suo programma nella Commissione speciale per l&#8217;autonomia alla Camera dei Deputati. &#8220;Abbiamo apprezzato, seguendo in streaming le parole del Ministro, l&#8217;impegno per le aree interne, con nuovi finanziamenti e azioni contro lo &#8216;svuotamento&#8217;, come lo ha definito il Ministro, con la Strategia Aree interne che deve essere resta stabile &#8211; precisa Bussone &#8211; Ha ribadito che le montagne sono centrali e proseguir\u00e0 il lavoro fatto dall&#8217;ex Ministra Erika Stefani, con la quale abbiamo collaborato. Si dovr\u00e0 lavorare con Boccia e il Viminale a un nuovo Testo unico degli Enti locali riorganizzando il sistema delle Autonomie locali, dando loro voce, capacit\u00e0 operative e istituzionali, dignit\u00e0 piena ai Sindaci, revisione della loro responsabilit\u00e0 oggettiva. Anche la Conferenza Unificata deve riavere un ruolo maggiore di dialogo e concertazione. Questo Boccia lo ha detto chiaramente ai Parlamentari. L&#8217;autonomia regionale differenziata \u00e8 vera se contempla un nuovo ruolo per le Autonomie locali, con le quali costruisce un patto autentico, orizzontale&#8221;.<\/p>\n<p>&nbsp;<\/p>\n<p>&nbsp;<\/p>\n<p>&nbsp;<\/p>\n<p>&nbsp;<\/p>\n<h3>2 MILIONI E MEZZO DI EURO DALLA PROGRAMMAZIONE REGIONALE POR-FESR PER SOSTENERE LA PRESENZA DELLE IMPRESE TURISTICHE<\/h3>\n<p><strong><a class=\"dt-pswp-item\" href=\"http:\/\/www.radiopiu.net\/wordpress\/wp-content\/uploads\/2019\/02\/259-2019-Ass.-Caner-1.jpg\" data-dt-img-description=\"\" data-large_image_width=\"2000\" data-large_image_height=\"1333\"><img loading=\"lazy\" decoding=\"async\" class=\" wp-image-76841 alignleft\" src=\"http:\/\/www.radiopiu.net\/wordpress\/wp-content\/uploads\/2019\/02\/259-2019-Ass.-Caner-1-300x200.jpg\" alt=\"\" width=\"239\" height=\"159\" srcset=\"https:\/\/www.radiopiu.net\/wordpress\/wp-content\/uploads\/2019\/02\/259-2019-Ass.-Caner-1-300x200.jpg 300w, https:\/\/www.radiopiu.net\/wordpress\/wp-content\/uploads\/2019\/02\/259-2019-Ass.-Caner-1-768x512.jpg 768w, https:\/\/www.radiopiu.net\/wordpress\/wp-content\/uploads\/2019\/02\/259-2019-Ass.-Caner-1-1024x682.jpg 1024w, https:\/\/www.radiopiu.net\/wordpress\/wp-content\/uploads\/2019\/02\/259-2019-Ass.-Caner-1.jpg 2000w\" sizes=\"auto, (max-width: 239px) 100vw, 239px\" \/><\/a>VENEZIA<\/strong>\u00a0 La Giunta regionale del Veneto, su proposta dell\u2019assessore al turismo Federico Caner, ha approvato una nuova azione del POR FESR per l\u2019erogazione di contributi finalizzati alla promozione e alla commercializzazione nei mercati internazionali delle piccole e medie imprese turistiche e dei loro prodotti. In particolare, i contributi dovranno sostenere attivit\u00e0 messe in atto per favorire l\u2019orientamento alla domanda turistica e il consolidamento dell\u2019offerta veneta all\u2019estero. Per questo primo bando, la Regione ha stanziato un importo complessivo di 2.500.000 euro.<\/p>\n<blockquote><p><em>\u201cCon questo provvedimento \u2013 sottolinea l\u2019assessore Caner \u2013 segniamo un\u2019ulteriore tappa di quel percorso virtuoso di sviluppo del turismo veneto, avviato con il programma POR-FESR. Fino ad oggi abbiamo sostenuto l\u2019innovazione, premiando le startup, lo spirito di squadra, favorendo organizzazioni sinergiche tra gli operatori e la modernizzazione delle strutture ricettive, finanziando precisi progetti di riqualificazione. Questo nuovo step si focalizza sulla promozione internazionale della nostra offerta turistica, grazie al sostegno economico per ricerche di mercato di alto livello e per garantire la presenza dei nostri operatori sui mercati esteri, anche attraverso le attivit\u00e0 di comunicazione e valorizzazione dell\u2019immagine che dettano gli indirizzi del turismo mondiale\u201d.<\/em><\/p><\/blockquote>\n<p>.<\/p>\n<p>&nbsp;<\/p>\n<p>&nbsp;<\/p>\n<h3>RILANCIO DEL NEVEGAL PER IL PD TOCCA ALLA REGIONE METTERSI ALLA REGIA DI UN PROGETTO CREDIBILE<\/h3>\n<p><strong><a class=\"dt-pswp-item\" href=\"http:\/\/www.radiopiu.net\/wordpress\/wp-content\/uploads\/2019\/08\/alpe-del-nevegal-seggiovia-1600x625.jpg\" data-dt-img-description=\"\" data-large_image_width=\"1600\" data-large_image_height=\"625\"><img loading=\"lazy\" decoding=\"async\" class=\"size-medium wp-image-94965 alignleft\" src=\"http:\/\/www.radiopiu.net\/wordpress\/wp-content\/uploads\/2019\/08\/alpe-del-nevegal-seggiovia-1600x625-300x117.jpg\" alt=\"\" width=\"300\" height=\"117\" srcset=\"https:\/\/www.radiopiu.net\/wordpress\/wp-content\/uploads\/2019\/08\/alpe-del-nevegal-seggiovia-1600x625-300x117.jpg 300w, https:\/\/www.radiopiu.net\/wordpress\/wp-content\/uploads\/2019\/08\/alpe-del-nevegal-seggiovia-1600x625-768x300.jpg 768w, https:\/\/www.radiopiu.net\/wordpress\/wp-content\/uploads\/2019\/08\/alpe-del-nevegal-seggiovia-1600x625-1024x400.jpg 1024w, https:\/\/www.radiopiu.net\/wordpress\/wp-content\/uploads\/2019\/08\/alpe-del-nevegal-seggiovia-1600x625.jpg 1600w\" sizes=\"auto, (max-width: 300px) 100vw, 300px\" \/><\/a>VENEZIA<\/strong>\u00a0 \u201cLa presentazione dell\u2019Agenda strategia di sviluppo per il Nevegal \u00e8 un primo, piccolo, passo per il rilancio. Adesso la Regione dia un segnale forte e si assuma la responsabilit\u00e0 di guidare la fase strettamente progettuale, dal momento che per anni ha brillato per assenza. \u00c8 indispensabile che ci sia una cabina di regia affinch\u00e9 il lavoro di squadra funzioni al meglio: quest\u2019area \u00e8 strategica, non solo dal punto di vista turistico\u201d. La richiesta arriva dal Partito Democratico al termine dell\u2019audizione in Sesta commissione. \u201cLa sinergia tra istituzioni, Provincia e Comune di Belluno, associazioni locali, gestori degli impianti e strutture ricettive \u00e8 un punto di partenza per una base programmatica che punti al rilancio dell\u2019area per 365 l\u2019anno. Una ripartenza che interessa non solo la Val Belluna, ma tutto il Veneto oltre ai siti Unesco Dolomiti, Prosecco e Venezia. La Regione deve svolgere un ruolo da protagonista coinvolgendo, oltre alle istituzioni, gli operatori e gli investitori privati pensando a medio e lungo termine in vista dei Mondiali di sci del 2021 e delle Olimpiadi del 2026\u201d, affermano i tre consiglieri democratici. \u201cL\u2019importanza del Nevegal non va limitata al turismo, pensiamo agli aspetti naturalistici, della biodiversit\u00e0 e della formazione all\u2019attivit\u00e0 sportiva, non necessariamente di livello agonistico; \u00e8 una palestra per gli sport invernali di facile accesso da tutta la pianura\u201d. \u201cAdesso la Regione dimostri che crede alla valorizzazione dell\u2019area con una presenza forte e costante a fianco dei soggetti che vogliono investire. I privati devono sentire che la Regione c\u2019\u00e8\u201d.<\/p>\n<p>&nbsp;<\/p>\n<p>&nbsp;<\/p>\n<p>&nbsp;<\/p>\n<h3>CONFINDUSTRIA NELLA CAPITALE EUROPEA DELLA CULTURA<\/h3>\n<p><strong>BELLUNO<\/strong> Confindustria Belluno Dolomiti e Dmo Belluno saranno presenti a Matera, dall\u20198 al 13 ottobre nel contesto dell\u2019iniziativa di Confindustria denominata \u201cMatera 2019: l\u2019Open future delle imprese italiane\u201d. Presenteranno tutte le iniziative in programma nella citt\u00e0 lucana durante una conferenza stampa che si terr\u00e0 domani\u00a0 alle 11.30 in Sala Caldart di Villa Doglioni Dalmas sede di Confindustria Belluno Dolomiti\u00a0e alla quale interverranno: \u00a0Alessio Cremonese, vice presidente di Confindustria Belluno Dolomiti con delega allo Sport, Turismo e Grandi Eventi; \u00a0Andrea Ferrazzi, direttore di Confindustria Belluno Dolomiti; Giuliano Vantaggi, direttore Dmo Belluno; Serenella Bogana, vice presidente della Provincia di Belluno e \u00a0 Luigi Alver\u00e0 \u2013 vice sindaco di Cortina d\u2019Ampezzo<\/p>\n<p>&nbsp;<\/p>\n<p>&nbsp;<\/p>\n<p>&nbsp;<\/p>\n<h3><strong><a class=\"dt-pswp-item\" href=\"http:\/\/www.radiopiu.net\/wordpress\/wp-content\/uploads\/2019\/10\/Locandina-CONVEGNO-5-OTTOBRE-EXPODOLOMITI.jpg\" data-dt-img-description=\"\" data-large_image_width=\"992\" data-large_image_height=\"1403\"><img loading=\"lazy\" decoding=\"async\" class=\"size-medium wp-image-100961 alignleft\" src=\"http:\/\/www.radiopiu.net\/wordpress\/wp-content\/uploads\/2019\/10\/Locandina-CONVEGNO-5-OTTOBRE-EXPODOLOMITI-212x300.jpg\" alt=\"\" width=\"212\" height=\"300\" srcset=\"https:\/\/www.radiopiu.net\/wordpress\/wp-content\/uploads\/2019\/10\/Locandina-CONVEGNO-5-OTTOBRE-EXPODOLOMITI-212x300.jpg 212w, https:\/\/www.radiopiu.net\/wordpress\/wp-content\/uploads\/2019\/10\/Locandina-CONVEGNO-5-OTTOBRE-EXPODOLOMITI-768x1086.jpg 768w, https:\/\/www.radiopiu.net\/wordpress\/wp-content\/uploads\/2019\/10\/Locandina-CONVEGNO-5-OTTOBRE-EXPODOLOMITI-724x1024.jpg 724w, https:\/\/www.radiopiu.net\/wordpress\/wp-content\/uploads\/2019\/10\/Locandina-CONVEGNO-5-OTTOBRE-EXPODOLOMITI.jpg 992w\" sizes=\"auto, (max-width: 212px) 100vw, 212px\" \/><\/a><\/strong>LE SFIDE PER LA MONTAGNA DEL FUTURO, IL CONVEGNO<\/h3>\n<p><strong>BELLUNO<\/strong>\u00a0Confcommercio Belluno e Fidi Impresa &amp; Turismo Veneto organizzano\u00a0 il Convegno \u201cLe Sfide per la Montagna del futuro: sostegno finanziario pubblico e privato per le attivit\u00e0 turistiche\u201d al quale interverr\u00e0 l&#8217;Assessore Regionale al Turismo ed ai Fondi Comunitari, Federico Caner. Il dibattito trova spazio in ExpoDolomiti, manifestazione che animer\u00e0 Longarone Fiere dal 5 al 7 ottobre.<\/p>\n<p>&nbsp;<\/p>\n<p>&nbsp;<\/p>\n<p>&nbsp;<\/p>\n<p>&nbsp;<\/p>\n<p>&nbsp;<\/p>\n<p>&nbsp;<\/p>\n<p>&nbsp;<\/p>\n<p>&nbsp;<\/p>\n<p>&nbsp;<\/p>\n<h2>SCUOLA SANITARIA REGIONALE: DUE GIORNI DI ADDESTRAMENTO SOTTO L&#8217;AGNER<\/h2>\n<p>&nbsp;<\/p>\n<p><strong><a class=\"dt-pswp-item\" href=\"http:\/\/www.radiopiu.net\/wordpress\/wp-content\/uploads\/2019\/10\/ridotte-16.jpg\" data-dt-img-description=\"\" data-large_image_width=\"1200\" data-large_image_height=\"1600\"><img loading=\"lazy\" decoding=\"async\" class=\"size-medium wp-image-100934 alignleft\" src=\"http:\/\/www.radiopiu.net\/wordpress\/wp-content\/uploads\/2019\/10\/ridotte-16-225x300.jpg\" alt=\"\" width=\"225\" height=\"300\" srcset=\"https:\/\/www.radiopiu.net\/wordpress\/wp-content\/uploads\/2019\/10\/ridotte-16-225x300.jpg 225w, https:\/\/www.radiopiu.net\/wordpress\/wp-content\/uploads\/2019\/10\/ridotte-16-768x1024.jpg 768w, https:\/\/www.radiopiu.net\/wordpress\/wp-content\/uploads\/2019\/10\/ridotte-16.jpg 1200w\" sizes=\"auto, (max-width: 225px) 100vw, 225px\" \/><\/a>VOLTAGO\u00a0<\/strong> \u00c8 stato un fine settimana intenso per infermieri e medici del Soccorso alpino e speleologico Veneto, impegnati assieme alla componente tecnica in due serratissime giornate di addestrmento nell&#8217;area attorno al Rifugio Scarpa, sotto il Monte Agner. La Scuola sanitaria regionale non si \u00e8 infatti risparmiata nella scelta degli scenari operativi da proporre ai partecipanti provenienti dalle tre Delegazioni: II Dolomiti Bellunesi, XI Prealpi Venete e VI Speleo. Sabato il ritrovo \u00e8 stato fissato alle 8 a Frassen\u00e8 Agordino per il primo gruppo, cui si sono aggiunti altri soccorritori la domenica mattina, per un totale di 45 volontari, compresi istruttori regionali e un nazionale di soccorso alpino, tecnici di elisoccorso e tecnici di soccorso alpino. Obiettivo degli organizzatori mettere in stretto rapporto la parte sanitaria e quella tecnica, in modo da permettere un confronto diretto costante e il raggiungimento dell&#8217;operativit\u00e0 pi\u00f9 appropriata ad ogni caso affrontato. Arrivati al Rifugio Scarpa, i soccorritori sono stati divisi in squadre, <a class=\"dt-pswp-item\" href=\"http:\/\/www.radiopiu.net\/wordpress\/wp-content\/uploads\/2019\/10\/ridotte-4.jpg\" data-dt-img-description=\"\" data-large_image_width=\"1600\" data-large_image_height=\"1112\"><img loading=\"lazy\" decoding=\"async\" class=\"size-medium wp-image-100936 alignright\" src=\"http:\/\/www.radiopiu.net\/wordpress\/wp-content\/uploads\/2019\/10\/ridotte-4-300x209.jpg\" alt=\"\" width=\"300\" height=\"209\" srcset=\"https:\/\/www.radiopiu.net\/wordpress\/wp-content\/uploads\/2019\/10\/ridotte-4-300x209.jpg 300w, https:\/\/www.radiopiu.net\/wordpress\/wp-content\/uploads\/2019\/10\/ridotte-4-768x534.jpg 768w, https:\/\/www.radiopiu.net\/wordpress\/wp-content\/uploads\/2019\/10\/ridotte-4-1024x712.jpg 1024w, https:\/\/www.radiopiu.net\/wordpress\/wp-content\/uploads\/2019\/10\/ridotte-4.jpg 1600w\" sizes=\"auto, (max-width: 300px) 100vw, 300px\" \/><\/a>ognuna comprendente 3 sanitari e 2 tecnici. A ciascuna \u00e8 stato consegnato il materiale &#8211; medicinali e presidi sanitari &#8211; da utilizzare per i due giorni, senza possibilit\u00e0 di integrazioni una volta partita l&#8217;esercitazione. \u00c8 poi cominciato l&#8217;addestramento con le prime 4 emergenze ipotizzate al mattino di sabato, poi a seguire 4 al pomeriggio, 4 la domenica mattina e una maxiemergenza a sorpresa a chiusura della due giorni. Ad ogni ambito erano inoltre associati particolari attrezzature, tipi di barelle, corde e ancoraggi per le manovre di recupero. In ciascun scenario, un figurante era stato istruito per recitare esattamente la parte di un infortunato o persona colta da malore, rispondendo &#8211; se previsto &#8211; alle domande dei soccorritori e simulando sintomi e comportamenti tali da permettere diagnosi e intervento tempestivi. Direttore, vicedirettori e due istruttori della Scuola medica nazionale del Cnsas che seguivano gli scenari, oltre ovviamente a supervisionare l&#8217;andamento corretto delle manovre, erano a <a class=\"dt-pswp-item\" href=\"http:\/\/www.radiopiu.net\/wordpress\/wp-content\/uploads\/2019\/10\/ridotte-7.jpg\" data-dt-img-description=\"\" data-large_image_width=\"1600\" data-large_image_height=\"878\"><img loading=\"lazy\" decoding=\"async\" class=\"size-medium wp-image-100935 alignleft\" src=\"http:\/\/www.radiopiu.net\/wordpress\/wp-content\/uploads\/2019\/10\/ridotte-7-300x165.jpg\" alt=\"\" width=\"300\" height=\"165\" srcset=\"https:\/\/www.radiopiu.net\/wordpress\/wp-content\/uploads\/2019\/10\/ridotte-7-300x165.jpg 300w, https:\/\/www.radiopiu.net\/wordpress\/wp-content\/uploads\/2019\/10\/ridotte-7-768x421.jpg 768w, https:\/\/www.radiopiu.net\/wordpress\/wp-content\/uploads\/2019\/10\/ridotte-7-1024x562.jpg 1024w, https:\/\/www.radiopiu.net\/wordpress\/wp-content\/uploads\/2019\/10\/ridotte-7.jpg 1600w\" sizes=\"auto, (max-width: 300px) 100vw, 300px\" \/><\/a>disposizione della squadra come voce fuori campo, per suggerire l&#8217;andamento dei parametri vitali dei pazienti, per incalzare con repentini peggioramenti, per rappresentare la centrale del 118. Dall&#8217;allarme, all&#8217;arrivo dell&#8217;elicottero o dell&#8217;ambulanza, tutte le emergenze sono state seguite come se la squadra si trovasse in un reale intervento. Molteplice la casistica valutata: traumi da caduta, malori, sindrome da sospensione, shock, ferite. Realistici anche i luoghi scelti per localizzare gli incidenti, scarpate, prati, canali ghiaiosi, falesia, bosco, salti di roccia, imponendo spostamenti verticali del paziente, sia con calate che con recuperi dall&#8217;alto, e trasporto orizzontale.\u00a0 &#8220;\u00c8 per noi motivo di orgoglio avere cos\u00ec tante persone che donano il loro tempo e la loro professionalit\u00e0, mettendosi sempre in discussione e impegnandosi costantemente nella formazione e nell&#8217;aggiornamento&#8221;, esprime la propria soddisfazione il direttore della Scuola sanitaria regionale Ludovica Sandei, che assieme alla vice Laura Pegge ha organizzato l&#8217;evento.<\/p>\n<p>&nbsp;<\/p>\n<p>&nbsp;<\/p>\n<p>&nbsp;<\/p>\n<h3>SERATA EVENTO: VAJONT \u2013 PER NON DIMENTICARE <span class=\"fwn fcg\"><span class=\"fwb fcg\" data-ft=\"{&quot;tn&quot;:&quot;k&quot;}\"><a id=\"js_25\" href=\"https:\/\/www.facebook.com\/Cinema-Dolomiti-Falcade-Belluno-1411176355782922\/?__tn__=kC-R&amp;eid=ARBHcvkL6Wg3lmBFP4We_iUSSBRsnGOFvNg3tMKricf7GQBEfpifCg-8Q-3F-8hDmSxs_xKiDgZOQSJS&amp;hc_ref=ARRrepCh2tCWfa1TbpiBd1buoVQiuhCqnOJvu8Th5651HE1c7eIW125gZBzjvw6Ohf0&amp;fref=nf&amp;__xts__%5B0%5D=68.ARBGScbalMhRmZUtXpjvI-sFfMLtYX7o9K1MjtO5Utut7y1h7U5rD_ZqCvtWLk-Y2-sovLUffjm1JlKfmdcLJX5uNwHCZNkJuARvslJxAgkt0Q-FC8tuSbEw-WvJq7LEw2PrEEIR6KTy3LRGcdtFZnOSE_1jSTM_Y4WiWkzHZT1ossKyOS9bZH4m-56ensYQzP8CRuOHv-6uOUsWpdGmGCitYNozVvEU2oszOx3F_NfMyWqIusUewHLCzzRM8vHWB2-DV4LXceOBf2WWsDmWk7JIM5_qVtiOXuJI5rLgKpMbGBsUjuBxS4p0sJ7vupMgmy9tShPNovKO1eDFrUBqwDjPwu66\" data-hovercard=\"\/ajax\/hovercard\/page.php?id=1411176355782922&amp;extragetparams=%7B%22__tn__%22%3A%22%2CdkC-R-R%22%2C%22eid%22%3A%22ARBHcvkL6Wg3lmBFP4We_iUSSBRsnGOFvNg3tMKricf7GQBEfpifCg-8Q-3F-8hDmSxs_xKiDgZOQSJS%22%2C%22hc_ref%22%3A%22ARRrepCh2tCWfa1TbpiBd1buoVQiuhCqnOJvu8Th5651HE1c7eIW125gZBzjvw6Ohf0%22%2C%22fref%22%3A%22nf%22%7D\" data-hovercard-prefer-more-content-show=\"1\" data-hovercard-referer=\"ARRrepCh2tCWfa1TbpiBd1buoVQiuhCqnOJvu8Th5651HE1c7eIW125gZBzjvw6Ohf0\" aria-describedby=\"u_g_1\" aria-owns=\"js_24\">Cinema Dolomiti Falcade\u00a0<\/a><\/span><\/span><\/h3>\n<blockquote><p><em>MERCOLEDI&#8217; 9 OTTOBRE ORE 21:00 AL CINEMA\u00a0<\/em><\/p><\/blockquote>\n<p>I<a class=\"dt-pswp-item\" href=\"http:\/\/www.radiopiu.net\/wordpress\/wp-content\/uploads\/2019\/10\/71211799_2506754052891808_7519622020212981760_o.jpg\" data-dt-img-description=\"\" data-large_image_width=\"1920\" data-large_image_height=\"800\"><img loading=\"lazy\" decoding=\"async\" class=\"size-medium wp-image-100995 alignleft\" src=\"http:\/\/www.radiopiu.net\/wordpress\/wp-content\/uploads\/2019\/10\/71211799_2506754052891808_7519622020212981760_o-300x125.jpg\" alt=\"\" width=\"300\" height=\"125\" srcset=\"https:\/\/www.radiopiu.net\/wordpress\/wp-content\/uploads\/2019\/10\/71211799_2506754052891808_7519622020212981760_o-300x125.jpg 300w, https:\/\/www.radiopiu.net\/wordpress\/wp-content\/uploads\/2019\/10\/71211799_2506754052891808_7519622020212981760_o-768x320.jpg 768w, https:\/\/www.radiopiu.net\/wordpress\/wp-content\/uploads\/2019\/10\/71211799_2506754052891808_7519622020212981760_o-1024x427.jpg 1024w, https:\/\/www.radiopiu.net\/wordpress\/wp-content\/uploads\/2019\/10\/71211799_2506754052891808_7519622020212981760_o.jpg 1920w\" sizes=\"auto, (max-width: 300px) 100vw, 300px\" \/><\/a>n occasione della commemorazione dell&#8217;immane tragedia del Vajont (56\u00b0 anniversario), il 9 ottobre 2019 esce nelle sale italiane una serie di due film- documentari sul disastro del Vajont. I Parte: Vajont &#8217;63, il coraggio di sopravvivere (Regia di Andrea Prandstraller) Alle 22 e 39 del 9 ottobre 1963 una frana di 250 milioni di metri cubi di terra si stacca dal monte Toc e precipita nell&#8217;invaso artificiale creato dalla diga del Vajont, situata nelle montagne del nord della regione del Veneto (Italia). La frana solleva un&#8217;onda di centinaia di metri che scavalca la diga e, nel giro di pochi minuti, si abbatte sull&#8217;abitato di Longarone situato ai piedi della diga. Il paese viene completamente distrutto. Quasi 2000 persone in pochi secondi passano dal sonno alla morte. La base del film e` costituita dallo straordinario materiale di repertorio filmato, in gran parte inedito. Inoltre, all&#8217;interno del documentario, e` presente una intensa testimonianza di Giampaolo Pansa, allora inviato della Stampa.II Parte: Vajont, una tragedia italiana (Regia di Nicola Pittarello) La storia del disastro del Vajont, dall&#8217;ideazione della diga alle sentenze del processo, ricostruzione di come si sia arrivati alla piu? grande tragedia italiana del dopoguerra. Per la prima volta in un documentario le indagini processuali, le deposizioni degli indagati, documenti inediti e nuove testimonianze, tra cui quella del giudice istruttore del processo Vajont, dottor Mario Fabbri.<\/p>\n<h3><\/h3>\n<p>&nbsp;<\/p>\n<p>&nbsp;<\/p>\n<p>&nbsp;<\/p>\n<div class=\"gmail-adn gmail-ads\">\n<div class=\"gmail-gs\">\n<div class=\"gmail-\">\n<div id=\"gmail-:ps\" class=\"gmail-ii gmail-gt\">\n<div id=\"gmail-:np\" class=\"gmail-a3s gmail-aXjCH\">\n<div><b><span style=\"font-family: verdana, sans-serif;\">SABATO 5 OTTOBRE LA PREMIAZIONE DELLA SECONDA EDIZIONE DEL PREMIO ZANFRON<\/span><\/b><\/div>\n<div class=\"gmail-yj6qo\"><\/div>\n<div class=\"gmail-adL\"><span style=\"font-family: verdana, sans-serif;\"><strong><a class=\"dt-pswp-item\" href=\"http:\/\/www.radiopiu.net\/wordpress\/wp-content\/uploads\/2019\/10\/finalisti-premio-zanfron-06.10.2018-1.jpg\" data-dt-img-description=\"\" data-large_image_width=\"1900\" data-large_image_height=\"891\"><img loading=\"lazy\" decoding=\"async\" class=\" wp-image-100970 alignleft\" src=\"http:\/\/www.radiopiu.net\/wordpress\/wp-content\/uploads\/2019\/10\/finalisti-premio-zanfron-06.10.2018-1-300x141.jpg\" alt=\"\" width=\"249\" height=\"117\" srcset=\"https:\/\/www.radiopiu.net\/wordpress\/wp-content\/uploads\/2019\/10\/finalisti-premio-zanfron-06.10.2018-1-300x141.jpg 300w, https:\/\/www.radiopiu.net\/wordpress\/wp-content\/uploads\/2019\/10\/finalisti-premio-zanfron-06.10.2018-1-768x360.jpg 768w, https:\/\/www.radiopiu.net\/wordpress\/wp-content\/uploads\/2019\/10\/finalisti-premio-zanfron-06.10.2018-1-1024x480.jpg 1024w, https:\/\/www.radiopiu.net\/wordpress\/wp-content\/uploads\/2019\/10\/finalisti-premio-zanfron-06.10.2018-1.jpg 1900w\" sizes=\"auto, (max-width: 249px) 100vw, 249px\" \/><\/a>BELLUNO\u00a0<\/strong> Si svolger\u00e0 sabato\u00a0 alle 17.30, alla sala consiliare del Municipio di Longarone, all&#8217;interno delle manifestazioni per il 56. anniversario della tragedia del Vajont, la cerimonia di premiazione della seconda edizione del premio giornalistico intitolato alla memoria di Giuseppe \u201cBepi\u201d Zanfon, organizzato da Assostampa Belluno e Sindacato Giornalisti del Veneto.\u00a0 <\/span><span style=\"font-family: verdana, sans-serif;\">Il premio ha visto concorrere giornalisti che si sono occupati di fatti di cronaca legati al dissesto idrogeologico o eventi climatici, raccontandoli tramite le immagini. Anche per l&#8217;edizione 2019 gli organizzatori hanno voluto confermare il tema del dissesto idrogeologico proposto gi\u00e0 nel 2018, tema che, oltre ad essere strettamente legato al lavoro di Zanfron il cui nome \u00e8 indissolubilmente legato agli scatti del Vajont, ha segnato a livello nazionale la cronaca dello scorso anno, dalla tempesta Vaia nel Bellunese, Veneto e Trentino Alto Adige fino alle alluvioni che hanno colpito il Paese dalla Liguria alla Sicilia. <\/span><span style=\"font-family: verdana, sans-serif;\">Due sono le sezioni previste dal concorso: carta stampata e web, e televisione.\u00a0 La prima edizione ha visto come vincitori Alessandra Segafreddo, del Corriere delle Alpi, nella sezione \u201ccarta stampata e web\u201d, e Michele Rosset, di Telebelluno, in quella \u201ctelevisione\u201d.<\/span><\/div>\n<\/div>\n<\/div>\n<\/div>\n<\/div>\n<\/div>\n<h3><\/h3>\n<p>&nbsp;<\/p>\n<h3>DOMENICA\u00a0 L&#8217;ASSEGNAZIONE DEL FAIR PLAY 2019 DI FISI VENETO<\/h3>\n<p><strong><a class=\"dt-pswp-item\" href=\"http:\/\/www.radiopiu.net\/wordpress\/wp-content\/uploads\/2019\/10\/fair-play-2018.jpg\" data-dt-img-description=\"\" data-large_image_width=\"1500\" data-large_image_height=\"1000\"><img loading=\"lazy\" decoding=\"async\" class=\" wp-image-100958 alignleft\" src=\"http:\/\/www.radiopiu.net\/wordpress\/wp-content\/uploads\/2019\/10\/fair-play-2018-300x200.jpg\" alt=\"\" width=\"308\" height=\"205\" srcset=\"https:\/\/www.radiopiu.net\/wordpress\/wp-content\/uploads\/2019\/10\/fair-play-2018-300x200.jpg 300w, https:\/\/www.radiopiu.net\/wordpress\/wp-content\/uploads\/2019\/10\/fair-play-2018-768x512.jpg 768w, https:\/\/www.radiopiu.net\/wordpress\/wp-content\/uploads\/2019\/10\/fair-play-2018-1024x683.jpg 1024w, https:\/\/www.radiopiu.net\/wordpress\/wp-content\/uploads\/2019\/10\/fair-play-2018.jpg 1500w\" sizes=\"auto, (max-width: 308px) 100vw, 308px\" \/><\/a>LONGARONE<\/strong>\u00a0 Come consuetudine, per il Comitato Veneto\u00a0 della Federazione italiana sport invernali l&#8217;inizio dell&#8217;autunno \u00e8 tempo di Fair Play, il premio che il comitato regionale assegna dal 1990 a personalit\u00e0 che si sono distinte nel mondo degli sport invernali. La consegna del premio domenica\u00a0 a Longarone Fiere, alle 15.30, nella cornice di Expo Dolomiti Outdoor.<\/p>\n<blockquote><p><em>\u00abPer gli sport invernali regionali, il Fair Play, giunto quest&#8217;anno alla trentesima edizione, \u00e8 un momento di grande importanza &#8211; \u00a0sottolinea Roberto Bortoluzzi, presidente di Fisi Veneto \u2013. Si tratta infatti di un&#8217;occasione per premiare persone che hanno dedicato tanta parte della loro vita al movimento degli sport della neve ma si tratta anche di un&#8217;opportunit\u00e0 per fare il punto della situazione in vista della stagione agonistica. Come tradizione, il Fair Play sar\u00e0 pure l\u2019occasione per presentare le squadre agonistiche di Fisi Veneto, gli staff tecnici, gli sponsor e i maggiori eventi della stagione imminente. Inoltre, avranno luogo la premiazione della Coppa Veneto \u2013 Energiapura, il circuito regionale dello sci alpino dedicato alla categoria Giovani, e la consegna delle benemerenze Fisi. Premieremo anche gli atleti dello sci d&#8217;erba e dello skiroll che nel corso dell&#8217;estate da poco conclusa hanno raccolto risultati importanti sia a livello nazionale sia internazionale\u00bb.<\/em><\/p><\/blockquote>\n<p>Come gi\u00e0 lo scorso anno, anche in questo 2019 in occasione del Fair Play ci sar\u00e0 la presenza della Fondazione Cortina 2021,\u00a0 Mondiali in Ampezzo, ma anche il percorso di avvicinamento alla rassegna iridata, occasione\u00a0 per lo sviluppo della montagna e del movimento. Con Cortina 2021 avviato un progetto di valorizzazione dei giovani atleti e a Longarone ci sar\u00e0 la consegna delle borse del progetto Donors del valore di 1.000 euro ciascuna, un sostegno economico di valore per le ragazze e i ragazzi nel sostenere le spese di iscrizione allo sci club, l\u2019acquisto di attrezzatura e materiali, ma anche l\u2019acquisto di libri scolastici.<\/p>\n<p>&nbsp;<\/p>\n<p>&nbsp;<\/p>\n<p>&nbsp;<\/p>\n<blockquote><p><strong>BELLUNO<\/strong> Oggi alle 12\u00a0 in \u00a0sala riunioni della Ulss1 conferenza stampa per la presentazione del nuovo Direttore della Cardiologia dell\u2019ospedale di Belluno, dottor Giovanni Turiano. Domani alle\u00a0 12 in\u00a0sala conferenze dell\u2019Ospedale San Martino a Belluno a un anno dall\u2019avvio del progetto \u201cUna comunit\u00e0 a sostegno della famiglia\u201d saranno presentati i risultati raggiunti e il programma delle azioni previste per il secondo anno di attivit\u00e0 per info sul progetto www.famigliaadolescenti.it<\/p><\/blockquote>\n<p>&nbsp;<\/p>\n<p>&nbsp;<\/p>\n<p>&nbsp;<\/p>\n<h3>CORSO SE MI FIDO&#8230; MI AFFIDO<\/h3>\n<p><strong>FELTRE<\/strong> \u00a0Venerd\u00ec\u00a0 alle.17.30 nella sede di Via Marconi inizier\u00e0\u00a0 il corso per famiglie affidatarie. Negli ultimi anni, grazie alle attivit\u00e0 di promozione dell&#8217;affido ed all&#8217;ottima risposta del territorio feltrino, si registra un trend positivo di aumento di famiglie affidatarie. Dai 15 minori in affido del 2014 si \u00e8 passati nel 2018 a 33 minori in affido ed il dato pi\u00f9 rilevante \u00e8 il passaggio da 4 a 17 minori in collocamento etero-familiare, fuori dalla propria famiglia. Il corso \u00e8 costruito in forma intensiva, da venerd\u00ec 4 ottobre pomeriggio alle 17.30 alla sera fino alle 22.30, per poi riprendere al mattino dalle 9.30 alle 13.30 presso l&#8217;ex casa di cura Bellati a Feltre. E&#8217; un&#8217;occasione per single, coppie o famiglie interessati all&#8217;affido familiare di saperne di pi\u00f9 senza alcun vincolo. In un contesto informale e di scambio, anche con la testimonianza di famiglie affidatarie, vengono fornite tutte le informazioni utili per capire chi sono i bambini che vanno in affido, da quali famiglie provengono e come si diventa famiglie affidatarie. Il corso \u00e8 condotto dagli operatori del Centro per l&#8217;Affido Familiare del Distretto di Feltre dell&#8217;ULSS 1 Dolomiti Mara Frare e Silvia Stefani. Per motivi organizzativi \u00e8 richiesta l&#8217;iscrizione al corso per adulti e al laboratorio per bambini al numero 0439 883170 o mandando una mail a centroaffido.fe@aulss1.veneto.it.<\/p>\n<p>&nbsp;<\/p>\n<p>&nbsp;<\/p>\n<h4>DOMANI MAMME E PAPA&#8217; IN OSPEDALE PER LA SETTIMANA DELL&#8217;ALLATTAMENTO<\/h4>\n<p><strong>BELLUNO<\/strong> In occasione della settimana mondiale dell\u2019allattamento al seno il personale dell\u2019Ostetricia e Pediatria dell\u2019ospedale San Martino di Belluno invita le coppie a un incontro che si terr\u00e0 domani dalle ore 15,30 alle 18,30 presso l\u2019Ostetricia e Ginecologia.<\/p>\n<p>&nbsp;<\/p>\n<h3>LA VOCE DEL BOSCO DOVE GLI ALBERI AGORDINI SUONANO<\/h3>\n<p><strong>BELLUNO<\/strong> Il 29 ottobre, un anno dopo Vaia, al Teatro comunale di Belluno la rassegna Oltre Le Vette apre con la proiezione del docufilm di Francesca Gallo e Dimitri Feltrin. E&#8217; un documentario che racconta le vicende della montagna agordina nei giorni dell&#8217;uragano. Illustrazioni di copertina di Dunio Piccolin, musiche del fisarmonicista Claudio Jacomucci. Tra i protagonisti Mayra nel pascolo del nonno, Francesca che costruisce fisarmoniche, Attilio artigiano del legno, Tita degli olt da Riva che scava il legno, Antonia che fila la lana.<\/p>\n<p>&nbsp;<\/p>\n<p>&nbsp;<\/p>\n<p><strong><a class=\"dt-pswp-item\" href=\"http:\/\/www.radiopiu.net\/wordpress\/wp-content\/uploads\/2019\/10\/Una-Rosa-per-Norma-A2-1.jpg\" data-dt-img-description=\"\" data-large_image_width=\"640\" data-large_image_height=\"905\"><img loading=\"lazy\" decoding=\"async\" class=\"size-medium wp-image-100998 alignleft\" src=\"http:\/\/www.radiopiu.net\/wordpress\/wp-content\/uploads\/2019\/10\/Una-Rosa-per-Norma-A2-1-212x300.jpg\" alt=\"\" width=\"212\" height=\"300\" srcset=\"https:\/\/www.radiopiu.net\/wordpress\/wp-content\/uploads\/2019\/10\/Una-Rosa-per-Norma-A2-1-212x300.jpg 212w, https:\/\/www.radiopiu.net\/wordpress\/wp-content\/uploads\/2019\/10\/Una-Rosa-per-Norma-A2-1.jpg 640w\" sizes=\"auto, (max-width: 212px) 100vw, 212px\" \/><\/a>UNA ROSA PER NORMA<\/strong><\/p>\n<p>Per iniziativa del Comitato 10 febbraio sabato sar\u00e0 ricordata Norma\u00a0 Cossetto, seviziata e uccisa &#8230; perch\u00e8 amava troppo l&#8217;Italia.<b>Norma Cossetto<\/b>, talvolta menzionata erroneamente come\u00a0<b>Norma Corsetto<\/b>\u00a0(<a title=\"Visinada\" href=\"https:\/\/it.wikipedia.org\/wiki\/Visinada\">Visinada<\/a>,\u00a0<a title=\"17 maggio\" href=\"https:\/\/it.wikipedia.org\/wiki\/17_maggio\">17 maggio<\/a>\u00a0<a title=\"1920\" href=\"https:\/\/it.wikipedia.org\/wiki\/1920\">1920<\/a>\u00a0\u2013\u00a0<a title=\"Antignana\" href=\"https:\/\/it.wikipedia.org\/wiki\/Antignana\">Antignana<\/a>, 4 o 5 ottobre\u00a0<a title=\"1943\" href=\"https:\/\/it.wikipedia.org\/wiki\/1943\">1943<\/a>), fu una studentessa\u00a0<a title=\"Italia\" href=\"https:\/\/it.wikipedia.org\/wiki\/Italia\">italiana<\/a>, istriana di un paese vicino a\u00a0<a title=\"Visignano\" href=\"https:\/\/it.wikipedia.org\/wiki\/Visignano\">Visignano<\/a>, uccisa da\u00a0<a class=\"mw-redirect\" title=\"Partigiani jugoslavi\" href=\"https:\/\/it.wikipedia.org\/wiki\/Partigiani_jugoslavi\">partigiani jugoslavi<\/a>\u00a0nel 1943 nei pressi della\u00a0<a title=\"Foiba\" href=\"https:\/\/it.wikipedia.org\/wiki\/Foiba\">foiba<\/a>\u00a0di Villa Surani.La famiglia Cossetto viveva nella frazione di\u00a0<a title=\"Castellier-Santa Domenica\" href=\"https:\/\/it.wikipedia.org\/wiki\/Castellier-Santa_Domenica\">Santa Domenica<\/a>\u00a0di Visinada (oggi comune della\u00a0<a title=\"Croazia\" href=\"https:\/\/it.wikipedia.org\/wiki\/Croazia\">Croazia<\/a>). Il padre, Giuseppe Cossetto, era un dirigente locale del\u00a0<a title=\"Partito Nazionale Fascista\" href=\"https:\/\/it.wikipedia.org\/wiki\/Partito_Nazionale_Fascista\">Partito Nazionale Fascista<\/a>: ricopr\u00ec a lungo l&#8217;incarico di segretario politico del Fascio locale e di commissario governativo delle Casse Rurali. Inoltre fu anche podest\u00e0 di Visinada. Nel 1943 era ufficiale della\u00a0<a title=\"Milizia Volontaria per la Sicurezza Nazionale\" href=\"https:\/\/it.wikipedia.org\/wiki\/Milizia_Volontaria_per_la_Sicurezza_Nazionale\">Milizia Volontaria per la Sicurezza Nazionale<\/a>\u00a0e in seguito ai fatti dell&#8217;8 settembre fu trasferito presso il Comando della\u00a0<a title=\"Milizia Volontaria per la Sicurezza Nazionale\" href=\"https:\/\/it.wikipedia.org\/wiki\/Milizia_Volontaria_per_la_Sicurezza_Nazionale\">Milizia<\/a>\u00a0di\u00a0<a title=\"Trieste\" href=\"https:\/\/it.wikipedia.org\/wiki\/Trieste\">Trieste<\/a><sup id=\"cite_ref-Sessi31_1-0\" class=\"reference\"><a href=\"https:\/\/it.wikipedia.org\/wiki\/Norma_Cossetto#cite_note-Sessi31-1\">[1]<\/a><\/sup>.<\/p>\n<blockquote><p>Il Comitato 10 Febbraio organizza in cento citt\u00e0 italiane il ricordo di Norma Cossetto, la giovane studentessa istriana che nel 1943 venne sequestrata, seviziata e gettata ancora viva in una foiba dai partigiani di Tito. La manifestazione, dal titolo \u201cUna Rosa per Norma Cossetto\u201d, cui hanno gi\u00e0 aderito cento citt\u00e0, sia in Italia che all\u2019estero, si svolger\u00e0 nella giornata di sabato 5 ottobre 2019. \u201cVogliamo ricordare il sacrificio di questa giovane studentessa \u2013 dichiara Edoardo Fonda, Presidente nazionale del Comitato 10 Febbraio \u2013 una ragazza che rifiut\u00f2 di tradire la sua gente e la sua Patria e, perci\u00f2, venne lungamente seviziata e violentata per poi essere barbaramente gettata in un foiba. Sabato 5 ottobre, in oltre cento citt\u00e0, deporremo una rosa in ricordo di Norma e chiederemo ai Sindaci di intitolare una piazza o una scuola alla memoria di questa \u201cLuminosa testimonianza di coraggio e di amor patrio\u201d. Sar\u00e0 una manifestazione semplice ma di grande valore morale \u2013 conclude Fonda \u2013 durante la quale racconteremo chi era Norma Cossetto, una ragazza che non ha esitato a donare la sua vita per l\u2019Italia.\u201d<\/p><\/blockquote>\n<p>&nbsp;<\/p>\n<h3><\/h3>\n<h3><a class=\"dt-pswp-item\" href=\"http:\/\/www.radiopiu.net\/wordpress\/wp-content\/uploads\/2018\/09\/appuntamenti.jpeg\" data-dt-img-description=\"\" data-large_image_width=\"800\" data-large_image_height=\"100\"><img loading=\"lazy\" decoding=\"async\" class=\"aligncenter wp-image-61958 size-full\" src=\"http:\/\/www.radiopiu.net\/wordpress\/wp-content\/uploads\/2018\/09\/appuntamenti.jpeg\" alt=\"\" width=\"800\" height=\"100\" srcset=\"https:\/\/www.radiopiu.net\/wordpress\/wp-content\/uploads\/2018\/09\/appuntamenti.jpeg 800w, https:\/\/www.radiopiu.net\/wordpress\/wp-content\/uploads\/2018\/09\/appuntamenti-300x38.jpeg 300w, https:\/\/www.radiopiu.net\/wordpress\/wp-content\/uploads\/2018\/09\/appuntamenti-768x96.jpeg 768w\" sizes=\"auto, (max-width: 800px) 100vw, 800px\" \/><\/a><\/h3>\n<h3><\/h3>\n<h4>GIORNATA IN MEMORIA DELLE VITTIME DELL&#8217;IMMIGRAZIONE<\/h4>\n<p><strong>FELTRE<\/strong> Presso il Polo Bibliotecario Feltrino sar\u00e0 inaugurata\u00a0 oggi\u00a0 alle 18 la mostra \u201cAttraversi i nostri occhi\u201d, la giornata sar\u00e0 conclusa dalla conferenza, in Sala degli Stemmi alle ore 21.00, dell&#8217;ammiraglio Giuseppe De Giorgi, capo di Stato Maggiore della Marina Militare Italiana dal 2013 al 2016 e coordinatore dell&#8217;operazione \u201cMare nostrum\u201d nel Mediterraneo<\/p>\n<p>&nbsp;<\/p>\n<h4>CONCERTO DELLA TRIBUTE-BAND\u201d TRENTINA DEGLI EAGLES WEST COAST<\/h4>\n<p><strong>FELTRE<\/strong>\u00a0La West Coast a Feltre. Quattro chitarre, un basso, una tastiera, una batteria e cinque voci: ecco cosa costruisce la prima \u201ctribute-band\u201d trentina degli EAGLES che si scatener\u00e0 domani all\u2019auditorium canossiano di Feltre.<br \/>\nDalle 21 sul palco si esibiranno gli Ostello California, 7 musicisti con diverse culture musicali ma accomunati dalla passione per la musica della band americana simbolo della west coast.La serata, ad offerta libera \u00e8 finalizzata all\u2019acquisto di supporti e attrezzature per le attivit\u00e0 sportive giovanili della palestra dell\u2019Istituto Canossiano, quindi sar\u00e0 un sostegno alla promozione degli sport.<\/p>\n<p>&nbsp;<\/p>\n<h4>LA NUOVA STAGIONE DELLA PISCINA DI AGORDO<\/h4>\n<p><strong>di GIANNI SANTOMASO<\/strong><\/p>\n<p><strong>AGORDO<\/strong> La nuova gestione della piscina di Agordo verr\u00e0 inaugurata sabato alle 17. Dopo l&#8217;apertura vera e propria di fine agosto arrivata a distanza di un mese circa dall&#8217;interruzione della precedente gestione, Attivamente Agordino, la societ\u00e0 presieduta da Giorgio De Nardin che ha preso in mano le redini dell&#8217;impianto comprensoriale di Agordo, ha organizzato per sabato un momento di festa che si aprir\u00e0 alle 17 con gli interventi delle autorit\u00e0.A seguire verr\u00e0 offerta una dimostrazione delle attivit\u00e0 che vengono svolte in vasca, quindi spazio a un brindisi.Di propriet\u00e0 dell&#8217;Unione montana agordina, la piscina e il palazzetto dello sport di via Lungorova rappresentano due importanti infrastrutture per la cittadinanza di tutta la vallata. Saranno dunque in molti, sabato, a salutare con il momento di festa la ripresa dell&#8217;attivit\u00e0<\/p>\n<p>&nbsp;<\/p>\n<h4>LA PELLICOLA DI BELLUNO CIAK CON LA FILARMONICA<\/h4>\n<p><strong>BELLUNO<\/strong> Sabato alle 21 al Teatro Comunale di Belluno in occasione della manifestazione Oltre le Vette, verr\u00e0 presentato il docufilm Gabelli, la scuola pi\u00f9 bella d&#8217;Italia che narra la storia di Pierina Boranga, ideatrice della scuola elementare Aristide Gabelli di Belluno<\/p>\n<p>&nbsp;<\/p>\n<p>&nbsp;<\/p>\n<h4>VENETO IN CORO, QUARANT&#8217;ANNI DOPO<\/h4>\n<p><strong>BELLUNO\u00a0<\/strong> Ed ecco la Rassegna Corale provinciale in occasione del 40\u00b0 di fondazione dell&#8217;ASAC,\u00a0 si terr\u00e0 sabato alle\u00a0 20.30 al cinema Piave di\u00a0 Santo Stefano di Cadore con: il coro polifonico di Trichiana diretto da Stefano Bittante; la \u00a0corale San Marco di Venas di Cadore di\u00a0 Silvia Dall&#8217;Asta e la \u00a0corale femminile vittoriese diretta da\u00a0 Patrizia Tomasi<\/p>\n<p>&nbsp;<\/p>\n<h4><strong>IL SALUTO DI UNA COMUNITA&#8217; A DON MARIO ZANON<\/strong><\/h4>\n<p><strong>TAIBON\u00a0<\/strong>La comunit\u00e0 parrocchiale invita la popolazione domenica 6 ottobre alle 10 alla messa per salutare e ringraziare Don Mario per gli anni dedicati al servizio della comunit\u00e0.<\/p>\n<p>&nbsp;<\/p>\n<h4>EVALDO GASPARI, MOSTRA E LIBRO<\/h4>\n<p><strong>LONGARONE<\/strong> Sabato alle\u00a0 10\u00a0 nello spazio espositivo di Palazzo Mazzol\u00e0 &#8211; sede del Comune di Longarone, si terr\u00e0 l&#8217;inaugurazione della mostra\u00a0 e la presentazione del libro &#8220;La Ferrovia delle Dolomiti&#8221; di Evaldo Gaspari.<\/p>\n<p>&nbsp;<\/p>\n<h4>DUE APPUNTAMENTI CON GLI EX EMIGRANTI<\/h4>\n<p><strong>CENCENIGHE<\/strong> La famiglia ex emigranti agordini organizza il pranzo sociale per domenica 13 ottobre all&#8217;Hotel Europa di Alleghe. Programma: 10 messa in ricordo degli emigranti scomparsi; 12.30 pranzo e lotteria. Prenotazioni entro il 10 ottobre all&#8217;hotel, telefono\u00a0 0437 523362, oppure dalla presidente Lucia De Toffol 0437 591492. Per il 27 ottobre terzo anniversario dell&#8217;inaugurazione del Monumento dell&#8217;emigrante a Cencenighe con la posa di una corona d&#8217;alloro, alle 10.30 la messa a seguire il corteo verso il piazzale Nof Filo&#8217;.<\/p>\n<p>&nbsp;<\/p>\n<p>&nbsp;<\/p>\n<h4>FISI APRE LA STAGIONE A LONGARONEFIERE<\/h4>\n<p><strong>LONGARONE<\/strong> La Federazione Italiana Sport Invernali apre la stagione a Longaronefiere nel padiglio A2, domenica 6 ottobre alle 15.30 con la 30^edizione del premio Fair Play. Programma: saluto delle autorit\u00e0,\u00a0 premiazione Dolomiti Show Games, intervento Fondazione Cortina 2021 Progetto Donors, consegna benemerenze FISI, presentazione tecnici e squadre agonistiche del Comitato Veneto, premiazione Coppa Veneto ENERGIAPURA 2018\/2019. Consegna 30\u00b0 Fair Play \u201cBepin De Eto<\/p>\n<p>&nbsp;<\/p>\n<h3>SAS CIAPEL CON IL CAI DI AGORDO<\/h3>\n<p><strong>AGORDO<\/strong> Domenica escursione nel gruppo della Marmolada in \u00a0Val Pettorina. PROGRAMMA \u00a07,45 &#8211; Ritrovo presso la sede della Sezione Agordina del CAI di Agordo (Municipio). \u00a0Informazioni ed iscrizioni: Dalle ore 16 alle ore 21 a partire dal mercoled\u00ec antecedente l\u2019escursione sino al venerd\u00ec sera, telefonando al seguente numero telefonico: 380.6983040<\/p>\n<p>&nbsp;<\/p>\n<h4>MOSTRA FOTOGRAFICA AL SAN MARTINO<\/h4>\n<p><strong>BELLUNO<\/strong> Fino\u00a0 al 13 ottobre nel corridoio dell\u2019ospedale San Martino \u00e8 allestita una mostra fotografica per sensibilizzare e conoscere la stomia. La mostra, \u00e8 organizzata dall\u2019AIS Dolomiti (Associazione Incontinenti Stomizzati Dolomiti). La mostra, pensata per far conoscere il mondo della stomia e portare una testimonianza all\u2019opinione pubblica, far\u00e0 poi tappa all\u2019ospedale di Feltre dal 14 al 27 ottobre.<\/p>\n<p>&nbsp;<\/p>\n<p>&nbsp;<\/p>\n<h4>MOSTRA 20 ANNI VESES<\/h4>\n<p><strong>SOSPIROLO<\/strong> Vent&#8217;anni per l&#8217;Associazione culturale Veses. Per celebrare l&#8217;importante traguardo sono previsti numerosi appuntamenti, a iniziare dalla mostra \u201c20 \u2013 Tutti d&#8217;un fiato\u201d che si terr\u00e0 gioved\u00ec 3 ottobre presso la sala parrocchiale in Piazza Maggiore a Santa Giustina alle 18.30. Si tratta di un&#8217;esposizione di gigantografie delle copertine del mensile \u201cIl Veses \u2013 Finestre sulla Valbelluna\u201d.\u00a0 La mostra rimarr\u00e0 aperta tutto il giorno nel fine settimana della Mostra Mercato di Santa Giustina (dal 4 al 6 ottobre) e poi nei fine settimana successivi il mattino dalle 10 alle 12 e il pomeriggio dalle 16 alle 19; in seguito la mostra sar\u00e0 itinerante nei paesi della Valbelluna.<\/p>\n<p>&nbsp;<\/p>\n<h4>GIORNATA IN MEMORIA DELLE VITTIME DELL&#8217;IMMIGRAZIONE CON L&#8217;AMMIRAGLIO DE GIORGI<\/h4>\n<p><strong>FELTRE<\/strong> Presso il Polo Bibliotecario Feltrino sar\u00e0 inaugurata gioved\u00ec 3 ottobre alle ore 18.00 la mostra \u201cAttraversi i nostri occhi\u201d, la giornata sar\u00e0 conclusa dalla conferenza, in Sala degli Stemmi alle ore 21.00, dell&#8217;ammiraglio Giuseppe De Giorgi, capo di Stato Maggiore della Marina Militare Italiana dal 2013 al 2016 e coordinatore dell&#8217;operazione \u201cMare nostrum\u201d nel Mediterraneo<\/p>\n<p>&nbsp;<\/p>\n<p>&nbsp;<\/p>\n<h4>GLI ANTICHI MESTIERI IN SCENA A SEDICO <strong>DI DAMIANO TORMEN<\/strong><\/h4>\n<audio class=\"wp-audio-shortcode\" id=\"audio-100956-8\" preload=\"none\" style=\"width: 100%;\" controls=\"controls\"><source type=\"audio\/mpeg\" src=\"http:\/\/www.radiopiu.net\/wordpress\/wp-content\/uploads\/2019\/09\/DAMIANO-SEDICO.mp3?_=8\" \/><a href=\"http:\/\/www.radiopiu.net\/wordpress\/wp-content\/uploads\/2019\/09\/DAMIANO-SEDICO.mp3\">http:\/\/www.radiopiu.net\/wordpress\/wp-content\/uploads\/2019\/09\/DAMIANO-SEDICO.mp3<\/a><\/audio>\n<p>&nbsp;<\/p>\n<p>&nbsp;<\/p>\n<h3>STELLE NEL FANGO, SOLDATI SENZA FUCILI NEL RICORDO DE VAJONT<\/h3>\n<p><strong>LONGARONE<\/strong> Sabato 12 ottobre 2019 alle\u00a0 20.30 nella Chiesa Monumentale di Longarone si terr\u00e0 la rappresentazione teatrale &#8220;Stelle nel Fango. Le gesta eroiche di soldati senza fucile&#8221; di Viviana Capraro, ingresso libero (gratuito e senza prenotazione).<\/p>\n<p>&nbsp;<\/p>\n<p>&nbsp;<\/p>\n<h3>10 SCULTORI A <strong>DOMEGGE\u00a0 <\/strong><strong>DI DAMIANO TORMEN\u00a0<\/strong><\/h3>\n<audio class=\"wp-audio-shortcode\" id=\"audio-100956-9\" preload=\"none\" style=\"width: 100%;\" controls=\"controls\"><source type=\"audio\/mpeg\" src=\"http:\/\/www.radiopiu.net\/wordpress\/wp-content\/uploads\/2019\/10\/damiano-domegge.mp3?_=9\" \/><a href=\"http:\/\/www.radiopiu.net\/wordpress\/wp-content\/uploads\/2019\/10\/damiano-domegge.mp3\">http:\/\/www.radiopiu.net\/wordpress\/wp-content\/uploads\/2019\/10\/damiano-domegge.mp3<\/a><\/audio>\n<p>&nbsp;<\/p>\n<p>&nbsp;<\/p>\n<h4>LE MUSE E LE DOLOMITI &#8230;NON SOLO D&#8217;ESTATE<\/h4>\n<p lang=\"it-IT\" align=\"JUSTIFY\"><span style=\"color: #000000;\"><span style=\"font-family: Helvetica, serif;\"><span style=\"font-size: small;\"><span lang=\"it-IT\">Per l\u2019autunno l\u2019Associazione prevede due concerti lirico-sacri: uno si svolger\u00e0 a Moena il prossimo 5 ottobre, organizzato in collaborazione con il Grop Ladin da Moena, e uno presso la Chiesa di S. Maria Nascente di Agordo in data 19 ottobre. L<\/span><\/span><\/span><\/span><span style=\"color: #000000;\"><span style=\"font-family: Helvetica, serif;\"><span style=\"font-size: small;\"><span lang=\"it-IT\">a serata di Agordo prevede come protagonisti Oda Zoe Hochscheid, mezzosoprano ed l\u2019\u201cOrgan Duo\u201d di Ai Yoshida e Alex Gai. Ai Yoshida accompagner\u00e0 la cantante Oda Zoe, con cui forma un duo voce-organo da ormai cinque anni. <\/span><\/span><\/span><\/span><span style=\"font-size: small; font-family: Helvetica, serif; color: #000000;\">In programma brani del repertorio lirico-sacro dal Barocco al Novecento<\/span><\/p>\n<h3 lang=\"it-IT\" align=\"JUSTIFY\"><span style=\"color: #ff0000;\">ALTRE NOTIZIE<\/span><\/h3>\n<blockquote class=\"wp-embedded-content\" data-secret=\"Ctuv8JG6Ks\"><p><a href=\"https:\/\/www.radiopiu.net\/wordpress\/le-muse-e-le-dolomiti-non-solo-destate\/\">LE MUSE E LE DOLOMITI &#8230;NON SOLO D&#8217;ESTATE<\/a><\/p><\/blockquote>\n<p><iframe loading=\"lazy\" title=\"&#8220;LE MUSE E LE DOLOMITI &#8230;NON SOLO D&#8217;ESTATE&#8221; &#8212; Radio Pi\u00f9\" class=\"wp-embedded-content\" sandbox=\"allow-scripts\" security=\"restricted\" style=\"position: absolute; clip: rect(1px, 1px, 1px, 1px);\" src=\"https:\/\/www.radiopiu.net\/wordpress\/le-muse-e-le-dolomiti-non-solo-destate\/embed\/#?secret=Ctuv8JG6Ks\" data-secret=\"Ctuv8JG6Ks\" width=\"600\" height=\"338\" frameborder=\"0\" marginwidth=\"0\" marginheight=\"0\" scrolling=\"no\"><\/iframe><\/p>\n<p>&nbsp;<\/p>\n<p>&nbsp;<\/p>\n<h3><span style=\"color: #ff0000;\">OGGI ALLA RADIO<\/span><\/h3>\n<p><strong>ALLE 10.30 E 1900 CON PAOLO CHISSALE&#8217; &#8220;CISL LA VOCE DEI LAVORATORI&#8221;\u00a0 <\/strong><strong>ALLE 15.10 E 21\u00a0 SPECIALE SERE D&#8217;AUTUNNO CON LA SEZIONE AGORDINA DEL CAI DI AGORDO.<\/strong><\/p>\n<p>&nbsp;<\/p>\n<p>&nbsp;<\/p>\n<p>&nbsp;<\/p>\n<h3>SERE D&#8217;AUTUNNO, DOMANI LA PRIMA SERATA ALLE 20.45 IN SALA DON TAMIS, IERI LO SPECIALE ALLA RADIO<\/h3>\n<p>La Sezione agordina del Cai propone anche quest&#8217;anno \u00abSere d&#8217;autunno\u00bb, la rassegna culturale dedicata alla montagna in tutte le sue forme con la proposta di filmati, dibattiti, immagini e multi visioni (con la presentazione di Gianpaolo Soratroi). La 13\u00aa edizione si aprir\u00e0 domani alle 20.45 in sala &#8220;don Tamis&#8221; ad Agordo all&#8217;insegna dell&#8217;arrampicata con la proiezione dell&#8217;opera \u00abAle &amp; Sky due generazioni a confronto verso un nuovo mattino\u00bb, di Alessandro Zeni e Riccardo Scarian.Una storia di amicizia, poesia ed equilibri instabili. Due fortissimi arrampicatori trentini uniti dalla grande passione per le scalate estreme che, seppure di generazioni diverse, sanno unirsi e ricavare entrambi qualcosa l&#8217;uno dall&#8217;altro. Tra le tante, hanno ripetuto salite quasi impossibili come il Mattino dei Maghi al Totoga, aperta da &#8220;Manolo&#8221; e l&#8217;Empire State Building al Clocher du Tacul sul Monte Bianco. I successivi appuntamenti sono in programma venerd\u00ec 11, 18 e 25 ottobre sempre alle 20.45 in sala Tamis.<\/p>\n<p><strong><a class=\"dt-pswp-item\" href=\"http:\/\/www.radiopiu.net\/wordpress\/wp-content\/uploads\/2018\/06\/anna-magro.jpg\" data-dt-img-description=\"\" data-large_image_width=\"450\" data-large_image_height=\"600\"><img loading=\"lazy\" decoding=\"async\" class=\" wp-image-50482 alignleft\" src=\"http:\/\/www.radiopiu.net\/wordpress\/wp-content\/uploads\/2018\/06\/anna-magro-225x300.jpg\" alt=\"\" width=\"189\" height=\"252\" srcset=\"https:\/\/www.radiopiu.net\/wordpress\/wp-content\/uploads\/2018\/06\/anna-magro-225x300.jpg 225w, https:\/\/www.radiopiu.net\/wordpress\/wp-content\/uploads\/2018\/06\/anna-magro.jpg 450w\" sizes=\"auto, (max-width: 189px) 100vw, 189px\" \/><\/a>RADIOPIU<\/strong> Per il tredicesimo anno gli amici della sezione agordina del Cai ci presentano Sere d&#8217;autunno. Anna Magro presidente del Cai Agordo, assieme ad Antonello Cibien e Dario dell&#8217;Osbel ci parla della preziosissima opera di recupero dei sentieri che hanno portato avanti assieme ai numerosi volontari nella bella stagione. Tra l&#8217;altro sul sito del Cai Agordo e&#8217; pubblicata la situazione in tempo reale sulla percorribilita&#8217; sentieri.<\/p>\n<p><strong>LO SPECIALE ALLA RADIO<\/strong><\/p>\n<audio class=\"wp-audio-shortcode\" id=\"audio-100956-10\" preload=\"none\" style=\"width: 100%;\" controls=\"controls\"><source type=\"audio\/mpeg\" src=\"http:\/\/www.radiopiu.net\/wordpress\/wp-content\/uploads\/2019\/09\/sere-autunno-scade-venerdi.mp3?_=10\" \/><a href=\"http:\/\/www.radiopiu.net\/wordpress\/wp-content\/uploads\/2019\/09\/sere-autunno-scade-venerdi.mp3\">http:\/\/www.radiopiu.net\/wordpress\/wp-content\/uploads\/2019\/09\/sere-autunno-scade-venerdi.mp3<\/a><\/audio>\n<p>&nbsp;<\/p>\n<p>&nbsp;<\/p>\n<p>&nbsp;<\/p>\n<h3>DOLOMITES STREET, MOTORI, MUSICA&#8230;E TURISMO &#8220;DOC&#8221; NELLA CONCA AGORDINA<\/h3>\n<blockquote><p><strong><a class=\"dt-pswp-item\" href=\"http:\/\/www.radiopiu.net\/wordpress\/wp-content\/uploads\/2019\/10\/72b1b6cc-42de-49d4-a48e-0ec7722358cd.jpg\" data-dt-img-description=\"\" data-large_image_width=\"1046\" data-large_image_height=\"952\"><img loading=\"lazy\" decoding=\"async\" class=\" wp-image-100899 alignleft\" src=\"http:\/\/www.radiopiu.net\/wordpress\/wp-content\/uploads\/2019\/10\/72b1b6cc-42de-49d4-a48e-0ec7722358cd-300x273.jpg\" alt=\"\" width=\"159\" height=\"144\" srcset=\"https:\/\/www.radiopiu.net\/wordpress\/wp-content\/uploads\/2019\/10\/72b1b6cc-42de-49d4-a48e-0ec7722358cd-300x273.jpg 300w, https:\/\/www.radiopiu.net\/wordpress\/wp-content\/uploads\/2019\/10\/72b1b6cc-42de-49d4-a48e-0ec7722358cd-768x699.jpg 768w, https:\/\/www.radiopiu.net\/wordpress\/wp-content\/uploads\/2019\/10\/72b1b6cc-42de-49d4-a48e-0ec7722358cd-1024x932.jpg 1024w, https:\/\/www.radiopiu.net\/wordpress\/wp-content\/uploads\/2019\/10\/72b1b6cc-42de-49d4-a48e-0ec7722358cd.jpg 1046w\" sizes=\"auto, (max-width: 159px) 100vw, 159px\" \/><\/a>AGORDO<\/strong> Tre giorni importanti per Agordo, il Palaluxottica accende le luci, i bolidi invece i motori. Per il decimo anno un gruppo di giovani lancia un offerta turistica di non poco conto. A Radio Pi\u00f9 abbiamo incontrato Alain Dotta e Andrea Zanvit.<\/p><\/blockquote>\n<p>IL PROGRAMMA DALLA PAGINA FACEBOOK <span style=\"color: #ff0000;\"><strong><a style=\"color: #ff0000;\" href=\"https:\/\/www.facebook.com\/dolomitesstreet\/\">CLICCA QUI<\/a><\/strong><\/span><\/p>\n<p>LO SPECIALE ALLA<strong> <span style=\"color: #0000ff;\"><a style=\"color: #0000ff;\" href=\"https:\/\/www.facebook.com\/groups\/radiopiu\/\">RADIO PIU EMITTENTE AGORDINA<\/a><\/span><\/strong><\/p>\n<audio class=\"wp-audio-shortcode\" id=\"audio-100956-11\" preload=\"none\" style=\"width: 100%;\" controls=\"controls\"><source type=\"audio\/mpeg\" src=\"http:\/\/www.radiopiu.net\/wordpress\/wp-content\/uploads\/2019\/10\/andrea-zanvit-alain-dotta.mp3?_=11\" \/><a href=\"http:\/\/www.radiopiu.net\/wordpress\/wp-content\/uploads\/2019\/10\/andrea-zanvit-alain-dotta.mp3\">http:\/\/www.radiopiu.net\/wordpress\/wp-content\/uploads\/2019\/10\/andrea-zanvit-alain-dotta.mp3<\/a><\/audio>\n<p>&nbsp;<\/p>\n<p>&nbsp;<\/p>\n<p>&nbsp;<\/p>\n<p><strong><a class=\"dt-pswp-item\" href=\"http:\/\/www.radiopiu.net\/wordpress\/wp-content\/uploads\/2018\/09\/viabilita.jpeg\" data-dt-img-description=\"\" data-large_image_width=\"800\" data-large_image_height=\"100\"><img loading=\"lazy\" decoding=\"async\" class=\"alignnone wp-image-61954 size-full\" src=\"http:\/\/www.radiopiu.net\/wordpress\/wp-content\/uploads\/2018\/09\/viabilita.jpeg\" alt=\"\" width=\"800\" height=\"100\" srcset=\"https:\/\/www.radiopiu.net\/wordpress\/wp-content\/uploads\/2018\/09\/viabilita.jpeg 800w, https:\/\/www.radiopiu.net\/wordpress\/wp-content\/uploads\/2018\/09\/viabilita-300x38.jpeg 300w, https:\/\/www.radiopiu.net\/wordpress\/wp-content\/uploads\/2018\/09\/viabilita-768x96.jpeg 768w\" sizes=\"auto, (max-width: 800px) 100vw, 800px\" \/><\/a><\/strong><\/p>\n<p>&nbsp;<\/p>\n<p>&nbsp;<\/p>\n<p><strong>PROVINCIALE 251 VAL DI ZOLDO<\/strong> In localit\u00e0 Colle Santa Lucia gino al 15 ottobre senso unico alternato esclusi sabati e domeniche per singoli tratti, massimo 250 metri.<\/p>\n<p><strong>Regionale 48 delle Dolomiti,<\/strong> localit\u00e0 San Giovanni di Livinallongo: fino al 4 ottobre dalle 8.30 alle 12 e dalle 13.30 alle 17.30 senso unico alternato e interruzioni della durata massima di 20 minuti.<\/p>\n<p><strong>Regionale 251 Val di Zoldo,<\/strong> Comune di Colle Santa Lucia:\u00a0 senso unico alternato.<\/p>\n<p><strong>Regionale 346 del San<\/strong> Pellegrino Comune di Falcade: fino al 18 ottobre escusi festivi e prefestivi, senso unico alternato.<\/p>\n<p><strong>Provinciale 563 di Salesei,<\/strong> Comune di Rocca Pietore:\u00a0 fino al 11 ottobre senso unico alternato regolato da movieri dalle 8 alle 18<\/p>\n<p>&nbsp;<\/p>\n<p>&nbsp;<\/p>\n<p>&nbsp;<\/p>\n<p><a class=\"dt-pswp-item\" href=\"http:\/\/www.radiopiu.net\/wordpress\/wp-content\/uploads\/2018\/09\/sport.jpg\" data-dt-img-description=\"\" data-large_image_width=\"800\" data-large_image_height=\"100\"><img loading=\"lazy\" decoding=\"async\" class=\"aligncenter wp-image-60761 size-full\" src=\"http:\/\/www.radiopiu.net\/wordpress\/wp-content\/uploads\/2018\/09\/sport.jpg\" alt=\"\" width=\"800\" height=\"100\" srcset=\"https:\/\/www.radiopiu.net\/wordpress\/wp-content\/uploads\/2018\/09\/sport.jpg 800w, https:\/\/www.radiopiu.net\/wordpress\/wp-content\/uploads\/2018\/09\/sport-300x38.jpg 300w, https:\/\/www.radiopiu.net\/wordpress\/wp-content\/uploads\/2018\/09\/sport-768x96.jpg 768w\" sizes=\"auto, (max-width: 800px) 100vw, 800px\" \/><\/a><\/p>\n<h3><\/h3>\n<h3>NEL FINE SETTIMANA INIZIA IL CAMPIONATO UNDER 16 DEL VOLLEY CLUB AGORDINO<\/h3>\n<p>Esordiranno questo fine settimana le ragazze del Volley Club Agordino under 16 nel Campionato di Treviso e Belluno. Dopo aver rinviato le prime due partite, che verranno giocate pi\u00f9 avanti, domenica prossima la squadra allenata da Livio De Nardin affronter\u00e0 il Limana in trasferta. Un campionato composto da 14 squadre, di cui 11 bellunesi, dove le ragazze agordine dovranno lottare per un posto di alta classifica. La societ\u00e0 giocher\u00e0 le partite casalinghe al Palarova di Agordo e il primo appuntamento tra le mura amiche sar\u00e0 sabato 12 ottobre contro il Codogn\u00e8. Nel frattempo il campionato \u00e8 iniziato domenica scorsa con i primi incontri e al momento la Spes Belluno e le trevigiane dell&#8217;Azzurra comandano la classifica a pieni punti. Una stagione importante per il Volley Club Agordino che, oltre alle ragazze Under 16, si presenteranno anche al Campionato Under 12 e con una squadra di Terza Categoria.<\/p>\n<p><strong>IL CALENDARIO DEL VOLLEY CLUB AGORDINO UNDER 16\u00a0<\/strong><\/p>\n<p><a class=\"dt-pswp-item\" href=\"http:\/\/www.radiopiu.net\/wordpress\/wp-content\/uploads\/2019\/10\/CALENDARIO-VOLLEY-CLUB-AGORDINO-UNDER-16.jpeg\" data-dt-img-description=\"\" data-large_image_width=\"634\" data-large_image_height=\"325\"><img loading=\"lazy\" decoding=\"async\" class=\"alignnone wp-image-100973 size-full\" src=\"http:\/\/www.radiopiu.net\/wordpress\/wp-content\/uploads\/2019\/10\/CALENDARIO-VOLLEY-CLUB-AGORDINO-UNDER-16.jpeg\" alt=\"\" width=\"634\" height=\"325\" srcset=\"https:\/\/www.radiopiu.net\/wordpress\/wp-content\/uploads\/2019\/10\/CALENDARIO-VOLLEY-CLUB-AGORDINO-UNDER-16.jpeg 634w, https:\/\/www.radiopiu.net\/wordpress\/wp-content\/uploads\/2019\/10\/CALENDARIO-VOLLEY-CLUB-AGORDINO-UNDER-16-300x154.jpeg 300w\" sizes=\"auto, (max-width: 634px) 100vw, 634px\" \/><\/a><\/p>\n<p>&nbsp;<\/p>\n<p><strong>LA CLASSIFICA AGGIORNATA<\/strong><\/p>\n<p><a class=\"dt-pswp-item\" href=\"http:\/\/www.radiopiu.net\/wordpress\/wp-content\/uploads\/2019\/10\/classifica-volley-under-16.jpeg\" data-dt-img-description=\"\" data-large_image_width=\"545\" data-large_image_height=\"375\"><img loading=\"lazy\" decoding=\"async\" class=\"alignnone wp-image-100974 size-full\" src=\"http:\/\/www.radiopiu.net\/wordpress\/wp-content\/uploads\/2019\/10\/classifica-volley-under-16.jpeg\" alt=\"\" width=\"545\" height=\"375\" srcset=\"https:\/\/www.radiopiu.net\/wordpress\/wp-content\/uploads\/2019\/10\/classifica-volley-under-16.jpeg 545w, https:\/\/www.radiopiu.net\/wordpress\/wp-content\/uploads\/2019\/10\/classifica-volley-under-16-300x206.jpeg 300w\" sizes=\"auto, (max-width: 545px) 100vw, 545px\" \/><\/a><\/p>\n<h3><\/h3>\n<h3><\/h3>\n<h3><\/h3>\n<h3>DIVENTA ARBITRO ANCHE TU&#8230;CORSO GRATUITO<\/h3>\n<p><strong><a class=\"dt-pswp-item\" href=\"http:\/\/www.radiopiu.net\/wordpress\/wp-content\/uploads\/2019\/10\/locandina-corso-arbitri.jpg\" data-dt-img-description=\"\" data-large_image_width=\"800\" data-large_image_height=\"595\"><img loading=\"lazy\" decoding=\"async\" class=\" wp-image-100977 alignleft\" src=\"http:\/\/www.radiopiu.net\/wordpress\/wp-content\/uploads\/2019\/10\/locandina-corso-arbitri-300x223.jpg\" alt=\"\" width=\"213\" height=\"158\" srcset=\"https:\/\/www.radiopiu.net\/wordpress\/wp-content\/uploads\/2019\/10\/locandina-corso-arbitri-300x223.jpg 300w, https:\/\/www.radiopiu.net\/wordpress\/wp-content\/uploads\/2019\/10\/locandina-corso-arbitri-768x571.jpg 768w, https:\/\/www.radiopiu.net\/wordpress\/wp-content\/uploads\/2019\/10\/locandina-corso-arbitri.jpg 800w\" sizes=\"auto, (max-width: 213px) 100vw, 213px\" \/><\/a>BELLUNO<\/strong> Mai come quest\u2019anno la Sezione AIA di Belluno \u00e8 alla ricerca di giovani ragazzi e soprattutto di giovani ragazze che vogliono vivere da protagonisti il mondo del calcio diventando i futuri Orsato o Chiffi, giusto per citare i due arbitri veneti di punta a livello nazionale e internazionale. Dal mese di novembre comincer\u00e0 il corso autunnale volto a incrementare il numero di arbitri a disposizione della sezione bellunese. Come ormai in tutti gli ambiti calcistici, c\u2019\u00e8 necessit\u00e0 di forze fresche, motivate e appassionate che vogliono mettersi in discussione in un mondo tutto da scoprire. Diventare arbitri non \u00e8 solo calcare i terreni di gioco per dirigere le varie gare, ma vuol dire fare nuove amicizie, partecipare a feste sezionali e regionali, a tornei di<br \/>\ncalcio e frequentare una sezione dove i valori sani sono al primo posto.<br \/>\nIl corso \u00e8 riservato a ragazzi e ragazze dai 15 ai 35 anni non compiuti e durer\u00e0 un paio di mesi , con frequenza settimanale, di norma il sabato pomeriggio. Al termine, dopo gli esami , verr\u00e0 consegnata gratuitamente la divisa ufficiale Legea , il fischietto e i cartellini, e i neo arbitri saranno accompagnati nelle prime gare da un tutor che li aiuter\u00e0 nella parte burocratica e sar\u00e0 a bordo campo per i consigli e per un supporto morale. Assieme a questo sar\u00e0 consegnata la tessera federale che da il diritto ad entrare gratuitamente in tutti gli stadi italiani , inoltre saranno riconosciuti i crediti scolastici e tutte le partite saranno rimborsate. Per ogni informazione si pu\u00f2 scrivere a pres.belluno@aia-figc oppure chiamare il 3385091422<\/p>\n<p>&nbsp;<\/p>\n<p>&nbsp;<\/p>\n<p>&nbsp;<\/p>\n<h3>LONGARONE \u2013 AGORDINA IN RICORDO DELLA STRAGE DEL VAJONT<\/h3>\n<p>Domenica, allo stadio di Longarone, l&#8217;Agordina andr\u00e0 a giocare la quarta giornata della Terza Categoria della provincia di Belluno. Una partita particolare quella che andr\u00e0 in scena nel prossimo fine settimana. Infatti, a pochi giorni dall&#8217;anniversario della strage del Vajont, il Longarone Calcio ha deciso di ricordare il disastro avvenuto il 9 ottobre 1963. All&#8217;entrata in campo, le squadre accompagneranno i giocatori superstiti di Longarone e San Biagio, avversari 56 anni fa. Prima del calcio d&#8217;inizio, che sar\u00e0 dato da uno dei superstiti della strage, ci sar\u00e0 un momento commemorativo sul cerchio di centrocampo. Al ricordo, oltre che alla FIGC, ci sar\u00e0 anche il Sindaco di Longarone Roberto Padrin.<\/p>\n<p>ROBERTO PADRIN<\/p>\n<audio class=\"wp-audio-shortcode\" id=\"audio-100956-12\" preload=\"none\" style=\"width: 100%;\" controls=\"controls\"><source type=\"audio\/mpeg\" src=\"http:\/\/www.radiopiu.net\/wordpress\/wp-content\/uploads\/2019\/10\/PADRIN.mp3?_=12\" \/><a href=\"http:\/\/www.radiopiu.net\/wordpress\/wp-content\/uploads\/2019\/10\/PADRIN.mp3\">http:\/\/www.radiopiu.net\/wordpress\/wp-content\/uploads\/2019\/10\/PADRIN.mp3<\/a><\/audio>\n<p>&nbsp;<\/p>\n<p>&nbsp;<\/p>\n<p>&nbsp;<\/p>\n<p>&nbsp;<\/p>\n<p><b><a class=\"dt-pswp-item\" href=\"http:\/\/www.radiopiu.net\/wordpress\/wp-content\/uploads\/2018\/09\/WhatsApp-Image-2018-09-20-at-16.04.06.jpeg\" data-dt-img-description=\"\" data-large_image_width=\"800\" data-large_image_height=\"100\"><img loading=\"lazy\" decoding=\"async\" class=\"alignnone wp-image-61378 size-full\" src=\"http:\/\/www.radiopiu.net\/wordpress\/wp-content\/uploads\/2018\/09\/WhatsApp-Image-2018-09-20-at-16.04.06.jpeg\" alt=\"\" width=\"800\" height=\"100\" srcset=\"https:\/\/www.radiopiu.net\/wordpress\/wp-content\/uploads\/2018\/09\/WhatsApp-Image-2018-09-20-at-16.04.06.jpeg 800w, https:\/\/www.radiopiu.net\/wordpress\/wp-content\/uploads\/2018\/09\/WhatsApp-Image-2018-09-20-at-16.04.06-300x38.jpeg 300w, https:\/\/www.radiopiu.net\/wordpress\/wp-content\/uploads\/2018\/09\/WhatsApp-Image-2018-09-20-at-16.04.06-768x96.jpeg 768w\" sizes=\"auto, (max-width: 800px) 100vw, 800px\" \/><\/a><\/b><\/p>\n<p>&nbsp;<\/p>\n<p><center><b>Giovedi 3<\/b><\/center><b>Tempo atteso: <\/b>Tempo ben soleggiato con cielo terso, aria limpida ed ottima visibilit\u00e0 per tutto il giorno. Clima freddo all&#8217;alba; assai fresco in giornata nonostante il sole. Atmosfera inizialmente ventosa in alta quota, anche in alcuni valli per residui episodi di Foehn.<br \/>\n<b>Precipitazioni: <\/b>Assenti (0%).<br \/>\n<b>Temperature: <\/b>Minime in calo, con rischio di gelate fino sui 1000\/1200 m sulle Dolomiti e alla stessa quota sugli altopiani prealpini non interessati dal Foehn; massime in ulteriore calo in quota, stazionarie o in locale aumento nelle valli per generoso soleggiamento. Sono previste punte di 17\/19\u00b0C nei fondovalle prealpini e di 12\/14\u00b0C a 1000\/1200 m. Su Prealpi a 1500 m min 1\u00b0C max 6\u00b0C, a 2000 m min -1\u00b0C max 3\u00b0C. Su Dolomiti a 2000 m min -2\u00b0C max 2\u00b0C, a 3000 m min -8\u00b0C max -5\u00b0C.<br \/>\n<b>Venti: <\/b>Nelle valli inizialmente moderati per episodi di Foehn, in attenuazione; in quota in attenuazione da tesi\/forti al mattino a moderati al pomeriggio\/sera da Nord, a 10-35 km\/h a 2000 m, 25-55 km\/h a 3000 m.<\/p>\n<hr \/>\n<p><center><b>Venerdi 4<\/b><\/center><b>Tempo atteso: <\/b>Tempo inizialmente ben soleggiato con cielo sereno o poco nuvoloso. Al pomeriggio\/sera, parziale aumento della copertura alta e medio-alta, pi\u00f9 intensa verso Nord. Clima freddo al primo mattino e di nuovo pi\u00f9 mite di giorno grazie al buon soleggiamento.<br \/>\n<b>Precipitazioni: <\/b>Assenti (0%), anche se non del tutto escluse per sporadiche burrasche di neve serali sulle creste di confine con l&#8217;Austria (10%).<br \/>\n<b>Temperature: <\/b>Minime in rialzo in quota e in calo nelle valli, con rischio di gelate notturne nelle valli dolomitiche pi\u00f9 fredde oltre gli 800\/1000 m, come sugli altopiani prealpini oltre le stesse quote. Massime in generale lieve ripresa. Sono previsti massimi di 18\/20\u00b0C nei fondovalle prealpini e di 13\/15\u00b0C a 1000\/1200 m. Su Prealpi a 1500 m min 2\u00b0C max 8\u00b0C, a 2000 m min 0\u00b0C max 4\u00b0C. Su Dolomiti a 2000 m min -1\u00b0C max 3\u00b0C, a 3000 m min -4\u00b0C max -1\u00b0C.<br \/>\n<b>Venti: <\/b>Nelle valli deboli\/moderati per brezze; in quota deboli\/moderati da Ovest in giornata e da Nord-Ovest alla sera, a tratti tesi sulle cime dolomitiche pi\u00f9 alte al mattino, a 5-15 km\/h a 2000 m, 20-35 km\/h a 3000 m.<\/p>\n<hr \/>\n<p><center><b>Sabato 5<\/b><\/center>Nella notte e al mattino residua nuvolosit\u00e0 alta e medio-alta, specie verso Est e sulle Dolomiti, seguita da ampi rasserenamenti fino a cielo perlopi\u00f9 sereno dalle ore centrali in poi. Clima diurno pi\u00f9 mite a tutte le quote. Venti deboli\/moderati nord-occidentali in quota.<\/p>\n<hr \/>\n<p><center><b>Domenica 6<\/b><\/center>Tempo in prevalenza soleggiato, specie al mattino quando il cielo sar\u00e0 terso. Al pomeriggio arrivo di sottili nubi alte in grado di velare il sole. Temperature in ulteriore leggero aumento nelle valli ed in calo in quota. Venti moderati da Nord-Ovest in quota, anche tesi oltre i 2500\/2600 m; perlopi\u00f9 deboli, a tratti moderati, per brezze nelle valli. Previsore: R.L.Th.<\/p>\n","protected":false},"excerpt":{"rendered":"<p>Dalla redazione di RadioPi\u00f9 felicitazioni ai feltrini Marika Cecconello e Giovanni Tessaro, ieri all&#8217;ospedale di Feltre sono nati tre gemellini: Emma, Gabriele e Riccardo. Un parto record per la coppia di Feltre.\u00a0 &nbsp; GSP: AGORDO, LOCALITA&#8217; PIASENT, COLVIGNAS, CAMPON e LE FOCHE acqua inquinata per scopi alimentari SOLO PREVIA bollitura. ACQUA INQUINATA A SAN TOMASO&hellip;<\/p>\n","protected":false},"author":1,"featured_media":101004,"comment_status":"closed","ping_status":"closed","sticky":false,"template":"","format":"standard","meta":{"_monsterinsights_skip_tracking":false,"_monsterinsights_sitenote_active":false,"_monsterinsights_sitenote_note":"","_monsterinsights_sitenote_category":0,"footnotes":""},"categories":[86],"tags":[],"class_list":["post-100956","post","type-post","status-publish","format-standard","has-post-thumbnail","hentry","category-gr","category-86","description-off"],"img_url":"https:\/\/www.radiopiu.net\/wordpress\/wp-content\/uploads\/2019\/10\/71709970_2860964747289813_2709879846992871424_n.jpg","_links":{"self":[{"href":"https:\/\/www.radiopiu.net\/wordpress\/wp-json\/wp\/v2\/posts\/100956","targetHints":{"allow":["GET"]}}],"collection":[{"href":"https:\/\/www.radiopiu.net\/wordpress\/wp-json\/wp\/v2\/posts"}],"about":[{"href":"https:\/\/www.radiopiu.net\/wordpress\/wp-json\/wp\/v2\/types\/post"}],"author":[{"embeddable":true,"href":"https:\/\/www.radiopiu.net\/wordpress\/wp-json\/wp\/v2\/users\/1"}],"replies":[{"embeddable":true,"href":"https:\/\/www.radiopiu.net\/wordpress\/wp-json\/wp\/v2\/comments?post=100956"}],"version-history":[{"count":0,"href":"https:\/\/www.radiopiu.net\/wordpress\/wp-json\/wp\/v2\/posts\/100956\/revisions"}],"wp:featuredmedia":[{"embeddable":true,"href":"https:\/\/www.radiopiu.net\/wordpress\/wp-json\/wp\/v2\/media\/101004"}],"wp:attachment":[{"href":"https:\/\/www.radiopiu.net\/wordpress\/wp-json\/wp\/v2\/media?parent=100956"}],"wp:term":[{"taxonomy":"category","embeddable":true,"href":"https:\/\/www.radiopiu.net\/wordpress\/wp-json\/wp\/v2\/categories?post=100956"},{"taxonomy":"post_tag","embeddable":true,"href":"https:\/\/www.radiopiu.net\/wordpress\/wp-json\/wp\/v2\/tags?post=100956"}],"curies":[{"name":"wp","href":"https:\/\/api.w.org\/{rel}","templated":true}]}}