{"id":101059,"date":"2019-10-03T15:27:42","date_gmt":"2019-10-03T13:27:42","guid":{"rendered":"http:\/\/www.radiopiu.net\/wordpress\/?p=101059"},"modified":"2019-10-03T15:27:42","modified_gmt":"2019-10-03T13:27:42","slug":"interventi-in-via-marconi-e-gorda-a-mugnai-lunedi-modifiche-alla-viabilita","status":"publish","type":"post","link":"https:\/\/www.radiopiu.net\/wordpress\/interventi-in-via-marconi-e-gorda-a-mugnai-lunedi-modifiche-alla-viabilita\/","title":{"rendered":"INTERVENTI IN VIA MARCONI E GORDA A MUGNAI, LUNEDI MODIFICHE ALLA VIABILITA&#8217;"},"content":{"rendered":"<h3><\/h3>\n<blockquote><p><em>SI CONSIGLIA DI UTILIZZARE PERCORSI ALTERNATIVI (via Bagnols sur C\u00e8ze, ecc.) AL FINE DI NON CREARE SITUAZIONI DI CONGESTIONE DEL TRAFFICO LUNGO VIA MARCONI SOGGETTA A LAVORI.<\/em><\/p><\/blockquote>\n<p><strong><a class=\"dt-pswp-item\" href=\"http:\/\/www.radiopiu.net\/wordpress\/wp-content\/uploads\/2019\/10\/IMG_20191003_094803.jpg\" data-dt-img-description=\"\" data-large_image_width=\"4000\" data-large_image_height=\"3000\"><img loading=\"lazy\" decoding=\"async\" class=\" wp-image-101057 alignleft\" src=\"http:\/\/www.radiopiu.net\/wordpress\/wp-content\/uploads\/2019\/10\/IMG_20191003_094803-300x225.jpg\" alt=\"\" width=\"271\" height=\"203\" srcset=\"https:\/\/www.radiopiu.net\/wordpress\/wp-content\/uploads\/2019\/10\/IMG_20191003_094803-300x225.jpg 300w, https:\/\/www.radiopiu.net\/wordpress\/wp-content\/uploads\/2019\/10\/IMG_20191003_094803-768x576.jpg 768w, https:\/\/www.radiopiu.net\/wordpress\/wp-content\/uploads\/2019\/10\/IMG_20191003_094803-1024x768.jpg 1024w\" sizes=\"auto, (max-width: 271px) 100vw, 271px\" \/><\/a>FELTRE<\/strong> Interventi di rilievo in fase di partenza, dalla prossima settimana, in due punti importanti della viabilit\u00e0 del comune di Feltre, ad opera rispettivamente di Bim GSP ed Italgas. BIM Gestione Servizi Pubblici eseguir\u00e0 infatti i lavori di rifacimento di una porzione della condotta idrica in via Marconi, nel tratto compreso tra l\u2019incrocio con via A. Gaggia e l\u2019incrocio con via Martiri della Libert\u00e0. Per il periodo compreso fra le ore 7,00 di luned\u00ec 07 ottobre 2019 e le ore 17,30 di gioved\u00ec 31 ottobre 2019 per tratti successivi, saranno istituiti i seguenti obblighi, divieti e limitazioni: \u2022 L&#8217;istituzione di senso unico alternato regolato da impianto semaforico o da movieri (qualora le condizioni di sicurezza o di traffico lo richiedano) \u2013 mediante idonea segnaletica e personale autorizzato\/formato, secondo norme vigenti; \u2022 Posa della segnaletica \u201cDeviazione Consigliata\u201d i corrispondenza degli incroci fra via Martiri della Libert\u00e0 e via Marconi e fra via Fusinato\/Marescalchi\/Mengotti e Marconi. Stante la presenza di una fermata importante del trasporto pubblico locale nel tratto di via Marconi soggetta ai lavori, verranno adottate tutte le iniziative atte a garantire l&#8217;utilizzo della stessa in sicurezza. Il servizio di Trasporto Pubblico Locale non subir\u00e0 comunque deviazioni.<\/p>\n","protected":false},"excerpt":{"rendered":"<p>SI CONSIGLIA DI UTILIZZARE PERCORSI ALTERNATIVI (via Bagnols sur C\u00e8ze, ecc.) AL FINE DI NON CREARE SITUAZIONI DI CONGESTIONE DEL TRAFFICO LUNGO VIA MARCONI SOGGETTA A LAVORI. FELTRE Interventi di rilievo in fase di partenza, dalla prossima settimana, in due punti importanti della viabilit\u00e0 del comune di Feltre, ad opera rispettivamente di Bim GSP ed&hellip;<\/p>\n","protected":false},"author":1,"featured_media":101057,"comment_status":"closed","ping_status":"closed","sticky":false,"template":"","format":"standard","meta":{"_monsterinsights_skip_tracking":false,"_monsterinsights_sitenote_active":false,"_monsterinsights_sitenote_note":"","_monsterinsights_sitenote_category":0,"footnotes":""},"categories":[1,49],"tags":[],"class_list":["post-101059","post","type-post","status-publish","format-standard","has-post-thumbnail","hentry","category-senza-categoria","category-news-18","category-1","category-49","description-off"],"img_url":"https:\/\/www.radiopiu.net\/wordpress\/wp-content\/uploads\/2019\/10\/IMG_20191003_094803.jpg","_links":{"self":[{"href":"https:\/\/www.radiopiu.net\/wordpress\/wp-json\/wp\/v2\/posts\/101059","targetHints":{"allow":["GET"]}}],"collection":[{"href":"https:\/\/www.radiopiu.net\/wordpress\/wp-json\/wp\/v2\/posts"}],"about":[{"href":"https:\/\/www.radiopiu.net\/wordpress\/wp-json\/wp\/v2\/types\/post"}],"author":[{"embeddable":true,"href":"https:\/\/www.radiopiu.net\/wordpress\/wp-json\/wp\/v2\/users\/1"}],"replies":[{"embeddable":true,"href":"https:\/\/www.radiopiu.net\/wordpress\/wp-json\/wp\/v2\/comments?post=101059"}],"version-history":[{"count":0,"href":"https:\/\/www.radiopiu.net\/wordpress\/wp-json\/wp\/v2\/posts\/101059\/revisions"}],"wp:featuredmedia":[{"embeddable":true,"href":"https:\/\/www.radiopiu.net\/wordpress\/wp-json\/wp\/v2\/media\/101057"}],"wp:attachment":[{"href":"https:\/\/www.radiopiu.net\/wordpress\/wp-json\/wp\/v2\/media?parent=101059"}],"wp:term":[{"taxonomy":"category","embeddable":true,"href":"https:\/\/www.radiopiu.net\/wordpress\/wp-json\/wp\/v2\/categories?post=101059"},{"taxonomy":"post_tag","embeddable":true,"href":"https:\/\/www.radiopiu.net\/wordpress\/wp-json\/wp\/v2\/tags?post=101059"}],"curies":[{"name":"wp","href":"https:\/\/api.w.org\/{rel}","templated":true}]}}