{"id":101081,"date":"2019-10-03T16:08:20","date_gmt":"2019-10-03T14:08:20","guid":{"rendered":"http:\/\/www.radiopiu.net\/wordpress\/?p=101081"},"modified":"2019-10-03T16:16:30","modified_gmt":"2019-10-03T14:16:30","slug":"meteo-e-clima-settembre-mese-di-transizione-verso-lautunno","status":"publish","type":"post","link":"https:\/\/www.radiopiu.net\/wordpress\/meteo-e-clima-settembre-mese-di-transizione-verso-lautunno\/","title":{"rendered":"METEO E CLIMA: SETTEMBRE MESE DI TRANSIZIONE VERSO L&#8217;AUTUNNO"},"content":{"rendered":"<h3><\/h3>\n<p><strong><a class=\"dt-pswp-item\" href=\"http:\/\/www.radiopiu.net\/wordpress\/wp-content\/uploads\/2019\/09\/buongiorno-buon-inizio-settembre-3.jpg\" data-dt-img-description=\"\" data-large_image_width=\"586\" data-large_image_height=\"403\"><img loading=\"lazy\" decoding=\"async\" class=\"size-medium wp-image-100554 alignleft\" src=\"http:\/\/www.radiopiu.net\/wordpress\/wp-content\/uploads\/2019\/09\/buongiorno-buon-inizio-settembre-3-300x206.jpg\" alt=\"\" width=\"300\" height=\"206\" srcset=\"https:\/\/www.radiopiu.net\/wordpress\/wp-content\/uploads\/2019\/09\/buongiorno-buon-inizio-settembre-3-300x206.jpg 300w, https:\/\/www.radiopiu.net\/wordpress\/wp-content\/uploads\/2019\/09\/buongiorno-buon-inizio-settembre-3.jpg 586w\" sizes=\"auto, (max-width: 300px) 100vw, 300px\" \/><\/a>PADOVA<\/strong> Il mese appena concluso, pur registrando frequenti condizioni meteorologiche di stampo quasi estivo, ha segnato il progressivo passaggio tra la stagione estiva e quella autunnale, che in meteorologia inizia proprio il primo settembre. Come tipicamente accade nei periodi di transizione tra una stagione e l\u2019altra, anche in questo mese si sono registrate alcune variazioni, anche brusche ma temporanee, tra periodi tipici della stagione calda e fasi pi\u00f9 fresche e instabili. Complessivamente le temperature sono state pi\u00f9 alte della norma, con scarti medi di +0.8\u00b0C nelle minime giornaliere e di +0,4\u00b0C nelle massime. Di segno contrario le piogge, in prevalenza inferiori alla media con uno scarto medio complessivo negativo del 10%, ma con una distribuzione sul<br \/>\nterritorio regionale piuttosto irregolare tra zone in cui \u00e8 piovuto anche il 30-70% in meno e altre in<br \/>\ncui gli apporti sono risultati localmente superiori del 50% rispetto alla norma. Sul fronte delle piogge gli apporti totali medi sul territorio regionale sono stati di circa 100 mm contro una media di 115 mm. La distribuzione sul territorio \u00e8 stata per\u00f2 irregolare con i quantitativi pi\u00f9 abbondanti sui settori occidentali, dove si sono raggiunti valori localmente oltre i 200 mm, mentre gli apporti pi\u00f9 modesti si sono registrati su gran parte della pianura orientale dove sono caduti tra i 40 e gli 80 mm, inferiori alla norma tra i 30 e il 70%. Le giornate pi\u00f9 piovose sono state il 6 e l\u20198 quando si sono verificati anche dei rovesci o temporali diffusi.<\/p>\n<p><strong>LEGGI DI PIU&#8217; E GUARDA I GRAFICI<\/strong><\/p>\n<div class=\"su-document su-u-responsive-media-yes\"><iframe loading=\"lazy\" src=\"\/\/docs.google.com\/viewer?embedded=true&url=http:\/\/www.radiopiu.net\/wordpress\/wp-content\/uploads\/2019\/10\/Notizia-meteo_20191003_settembre-1.pdf\" width=\"320\" height=\"340\" class=\"su-document\" title=\"\"><\/iframe><\/div>\n","protected":false},"excerpt":{"rendered":"<p>PADOVA Il mese appena concluso, pur registrando frequenti condizioni meteorologiche di stampo quasi estivo, ha segnato il progressivo passaggio tra la stagione estiva e quella autunnale, che in meteorologia inizia proprio il primo settembre. Come tipicamente accade nei periodi di transizione tra una stagione e l\u2019altra, anche in questo mese si sono registrate alcune variazioni,&hellip;<\/p>\n","protected":false},"author":1,"featured_media":100554,"comment_status":"closed","ping_status":"closed","sticky":false,"template":"","format":"standard","meta":{"_monsterinsights_skip_tracking":false,"_monsterinsights_sitenote_active":false,"_monsterinsights_sitenote_note":"","_monsterinsights_sitenote_category":0,"footnotes":""},"categories":[1,49],"tags":[],"class_list":["post-101081","post","type-post","status-publish","format-standard","has-post-thumbnail","hentry","category-senza-categoria","category-news-18","category-1","category-49","description-off"],"img_url":"https:\/\/www.radiopiu.net\/wordpress\/wp-content\/uploads\/2019\/09\/buongiorno-buon-inizio-settembre-3.jpg","_links":{"self":[{"href":"https:\/\/www.radiopiu.net\/wordpress\/wp-json\/wp\/v2\/posts\/101081","targetHints":{"allow":["GET"]}}],"collection":[{"href":"https:\/\/www.radiopiu.net\/wordpress\/wp-json\/wp\/v2\/posts"}],"about":[{"href":"https:\/\/www.radiopiu.net\/wordpress\/wp-json\/wp\/v2\/types\/post"}],"author":[{"embeddable":true,"href":"https:\/\/www.radiopiu.net\/wordpress\/wp-json\/wp\/v2\/users\/1"}],"replies":[{"embeddable":true,"href":"https:\/\/www.radiopiu.net\/wordpress\/wp-json\/wp\/v2\/comments?post=101081"}],"version-history":[{"count":0,"href":"https:\/\/www.radiopiu.net\/wordpress\/wp-json\/wp\/v2\/posts\/101081\/revisions"}],"wp:featuredmedia":[{"embeddable":true,"href":"https:\/\/www.radiopiu.net\/wordpress\/wp-json\/wp\/v2\/media\/100554"}],"wp:attachment":[{"href":"https:\/\/www.radiopiu.net\/wordpress\/wp-json\/wp\/v2\/media?parent=101081"}],"wp:term":[{"taxonomy":"category","embeddable":true,"href":"https:\/\/www.radiopiu.net\/wordpress\/wp-json\/wp\/v2\/categories?post=101081"},{"taxonomy":"post_tag","embeddable":true,"href":"https:\/\/www.radiopiu.net\/wordpress\/wp-json\/wp\/v2\/tags?post=101081"}],"curies":[{"name":"wp","href":"https:\/\/api.w.org\/{rel}","templated":true}]}}