{"id":101147,"date":"2019-10-03T23:58:26","date_gmt":"2019-10-03T21:58:26","guid":{"rendered":"http:\/\/www.radiopiu.net\/wordpress\/?p=101147"},"modified":"2019-10-04T06:22:20","modified_gmt":"2019-10-04T04:22:20","slug":"impegno-del-centro-di-belluno-feltre-per-il-mese-missionario-straordinario-di-renato-bona","status":"publish","type":"post","link":"https:\/\/www.radiopiu.net\/wordpress\/impegno-del-centro-di-belluno-feltre-per-il-mese-missionario-straordinario-di-renato-bona\/","title":{"rendered":"IMPEGNO DEL CENTRO DI BELLUNO-FELTRE PER IL MESE MISSIONARIO STRAORDINARIO di RENATO BONA"},"content":{"rendered":"<p>Lettera aperta ai presbiteri di don Luigi Canal ed amici del Cmd con le proposte del Centro missionario della Diocesi di Belluno-Feltre per \u201cUn mese missionario straordinario\u201d. L\u2019ha diffusa il sito chiesabellunofeltre dopo che Papa Francesco ha invitato a \u201ccelebrare in modo straordinario\u201d il mese missionario di quest\u2019anno, suggerendo il tema: \u201cBattezzati e inviati: la Chiesa di Cristo in missione nel mondo\u201d. Don Canal ricorda che \u00e8 stato inviato nelle parrocchie il materiale per l\u2019animazione, la riflessione, la preghiera e la solidariet\u00e0 nella giornata missionaria mondiale di domenica 20 ottobre ed elenca le iniziative programmate: oggi, venerd\u00ec 4 ottobre apertura solenne nel santuario del Nevegal con la veglia delle 20,30 presieduta dal vescovo Renato Marangoni; gioved\u00ec 10 il ritiro del clero nella giornata di spiritualit\u00e0 missionaria a Limone del Garda, terra natale di San Daniele Comboni. Sabato 19 dalle 14,30 incontro con i giovani nell\u2019aula magna del liceo Lollino di Belluno, e conclusione con la partecipazione alla messa delle 19,30 celebrata dal vescovo Marangoni nella cattedrale-basilica del Duomo: Un video sul \u201cGrido dell\u2019Amazzonia\u201d per accompagnare il Sinodo sull\u2019Amazzonia che si celebra nel mese di ottobre. Utile per le nostre comunit\u00e0, per gruppo giovani, scuole, catechismo. Una Veglia missionaria che si pu\u00f2 celebrare anche in Parrocchia, o in alternativa, il Rosario missionario, l\u2019Adorazione eucaristica proposti dalle Pontificie opere missionarie. Da ultimo il direttore del Centro missionario &#8211; sottolineato che \u201cNon possiamo fare tutto, ma facciamo qualcosa\u2026\u201d &#8211; ricorda che ogni marted\u00ec la Segreteria pastorale invier\u00e0 ai presbiteri, per la celebrazione della domenica seguente, un commento missionario alle letture, una proposta di Preghiera dei fedeli, e una testimonianza di un nostro missionario\u201d. L\u2019evento di cui abbiamo detto sopra cade nel mese in cui due dei \u201cnostri\u201d compiono gli anni: padre Raimondo Sommacal e padre Giovanni Corso, ai quali vanno sinceri auguri assieme al sentimento di profonda gratitudine per quanto hanno fin qui fatto a favore dei \u201cmeno fortunati\u201d. GIOVANNI CORSO \u00e8 nato a Fonzaso il 18 ottobre 1937. Missionario Scalabriniano, dal 1962 in Brasile e Paraguay come cappellano, parroco e professore; dal Natale 2002 opera nella parrocchie dei migranti di Porto Alegre lavorando con la comunit\u00e0 brasiliana che accoglie migranti di tutte le nazionalit\u00e0. Ha avuto modo di scrivere al Cemtrpo Missionario di Belluno-Feltre ringraziando per aver ricevuto il periodico \u201cDalle Nostre Sorgenti\u201d edito dallo stesso Cmd. \u201cNon ho parole per descrivere il giornaliero dell\u2019immigrazione: chi batte alla nostra porta \u00e8 solo chi non ha risorse e quanto all\u2019emigrazione, di brasiliani negli ultimi anni ne sono partiti pi\u00f9 di 5 milioni. Mi rivolgo sempre una domanda: cosa facciamo per questi migranti nella nostra Belluno\u2026 certamente \u00e8 un campo che merita una riflessione sofferta e un\u2019azione coraggiosa\u2026\u201d. RAIMONDO SOMMACAL \u00e8 nato ad Antole di Belluno il 14 ottobre 1943. Missionario Saveriano \u00e8 partito nel 1980 per la Repubblica democratica del Congo, ex Zaire. Successivamente ha operato nelle diocesi di Bukavu, Uvira, Kasongo, Kinshasa. Rientrato in Italia nel 2011, vive a Parma dove continua la sua attivit\u00e0 missionaria in contatto con gli immigrati. A proposito della sua esperienza nello Zaire ha avuto modo di dire fra l\u2019altro: \u201c\u2026Studiai la lingua, iniziai ad accostarmi alla gente e al suo mondo umano e spirituale. Scoprii i musulmani e l\u2019Islam.. Incominciai a toccare con mano la povert\u00e0 e le sue conseguenze. Esperimentai la violenza del potere dittatoriale nei fatti spiccioli della vita quotidiana della gente. Pian piano, mi si cominci\u00f2 ad aprire davanti il mondo spirituale dei Bantu (la trib\u00f9 che abita la regione del lago Kivu). Dovetti ricredermi e riconsiderare la mia visione del \u2018mondo da civilizzare\u00ec, poich\u00e9 scoprivo una cultura e una civilt\u00e0 diverse, molto diverse da quelle occidentali, ma non meno reali. Il mondo della scienza, della tecnica, del consumismo, della comunicazione sta investendo questa civilt\u00e0 come un torrente in piena\u2026\u201d.<\/p>\n\n\t\t\t<style type='text\/css'>\n\t\t\t\t#gallery-1 {\n\t\t\t\t\tmargin: auto;\n\t\t\t\t}\n\t\t\t\t#gallery-1 .gallery-item {\n\t\t\t\t\tfloat: left;\n\t\t\t\t\tmargin-top: 10px;\n\t\t\t\t\ttext-align: center;\n\t\t\t\t\twidth: 33%;\n\t\t\t\t}\n\t\t\t\t#gallery-1 img {\n\t\t\t\t\tborder: 2px solid #cfcfcf;\n\t\t\t\t}\n\t\t\t\t#gallery-1 .gallery-caption {\n\t\t\t\t\tmargin-left: 0;\n\t\t\t\t}\n\t\t\t\t\/* see gallery_shortcode() in wp-includes\/media.php *\/\n\t\t\t<\/style>\n\t\t<div id='gallery-1' class='dt-gallery-container gallery galleryid-101147 gallery-columns-3 gallery-size-thumbnail'><dl class='gallery-item'>\n\t\t\t\t<dt class='gallery-icon landscape'>\n\t\t\t\t\t<a class=\"rollover\" href='https:\/\/www.radiopiu.net\/wordpress\/impegno-del-centro-di-belluno-feltre-per-il-mese-missionario-straordinario-di-renato-bona\/71939314_1291846330989576_6721964662549643264_n\/'><img loading=\"lazy\" decoding=\"async\" width=\"150\" height=\"150\" src=\"https:\/\/www.radiopiu.net\/wordpress\/wp-content\/uploads\/2019\/10\/71939314_1291846330989576_6721964662549643264_n-150x150.jpg\" class=\"attachment-thumbnail size-thumbnail\" alt=\"\" \/><\/a>\n\t\t\t\t<\/dt><\/dl><dl class='gallery-item'>\n\t\t\t\t<dt class='gallery-icon portrait'>\n\t\t\t\t\t<a class=\"rollover\" href='https:\/\/www.radiopiu.net\/wordpress\/impegno-del-centro-di-belluno-feltre-per-il-mese-missionario-straordinario-di-renato-bona\/71378774_505864226639261_7687092394335928320_n\/'><img loading=\"lazy\" decoding=\"async\" width=\"150\" height=\"150\" src=\"https:\/\/www.radiopiu.net\/wordpress\/wp-content\/uploads\/2019\/10\/71378774_505864226639261_7687092394335928320_n-150x150.jpg\" class=\"attachment-thumbnail size-thumbnail\" alt=\"\" \/><\/a>\n\t\t\t\t<\/dt><\/dl><dl class='gallery-item'>\n\t\t\t\t<dt class='gallery-icon portrait'>\n\t\t\t\t\t<a class=\"rollover\" href='https:\/\/www.radiopiu.net\/wordpress\/impegno-del-centro-di-belluno-feltre-per-il-mese-missionario-straordinario-di-renato-bona\/72625939_509759839601726_1222890606372585472_n\/'><img loading=\"lazy\" decoding=\"async\" width=\"150\" height=\"150\" src=\"https:\/\/www.radiopiu.net\/wordpress\/wp-content\/uploads\/2019\/10\/72625939_509759839601726_1222890606372585472_n-150x150.jpg\" class=\"attachment-thumbnail size-thumbnail\" alt=\"\" \/><\/a>\n\t\t\t\t<\/dt><\/dl><br style=\"clear: both\" \/><dl class='gallery-item'>\n\t\t\t\t<dt class='gallery-icon landscape'>\n\t\t\t\t\t<a class=\"rollover\" href='https:\/\/www.radiopiu.net\/wordpress\/impegno-del-centro-di-belluno-feltre-per-il-mese-missionario-straordinario-di-renato-bona\/71558207_549053669236236_7571286851831463936_n\/'><img loading=\"lazy\" decoding=\"async\" width=\"150\" height=\"150\" src=\"https:\/\/www.radiopiu.net\/wordpress\/wp-content\/uploads\/2019\/10\/71558207_549053669236236_7571286851831463936_n-150x150.png\" class=\"attachment-thumbnail size-thumbnail\" alt=\"\" \/><\/a>\n\t\t\t\t<\/dt><\/dl>\n\t\t\t\t<br style='clear: both' \/>\n\t\t\t<\/div>\n\n<p>&nbsp;<\/p>\n<p>NELLE FOTO (Centro missionario di Belluno-Feltre): il logo dell\u2019annuncio delle iniziative; il direttore del Cmd don Luigi Canal quando diversi anni fa si occupava di bambini brasiliani; padre Giovanni Corso; padre Raimondo Sommacal.<\/p>\n","protected":false},"excerpt":{"rendered":"<p>Lettera aperta ai presbiteri di don Luigi Canal ed amici del Cmd con le proposte del Centro missionario della Diocesi di Belluno-Feltre per \u201cUn mese missionario straordinario\u201d. L\u2019ha diffusa il sito chiesabellunofeltre dopo che Papa Francesco ha invitato a \u201ccelebrare in modo straordinario\u201d il mese missionario di quest\u2019anno, suggerendo il tema: \u201cBattezzati e inviati: la&hellip;<\/p>\n","protected":false},"author":1,"featured_media":101148,"comment_status":"closed","ping_status":"closed","sticky":false,"template":"","format":"standard","meta":{"_monsterinsights_skip_tracking":false,"_monsterinsights_sitenote_active":false,"_monsterinsights_sitenote_note":"","_monsterinsights_sitenote_category":0,"footnotes":""},"categories":[1,49],"tags":[],"class_list":["post-101147","post","type-post","status-publish","format-standard","has-post-thumbnail","hentry","category-senza-categoria","category-news-18","category-1","category-49","description-off"],"img_url":"https:\/\/www.radiopiu.net\/wordpress\/wp-content\/uploads\/2019\/10\/71558207_549053669236236_7571286851831463936_n.png","_links":{"self":[{"href":"https:\/\/www.radiopiu.net\/wordpress\/wp-json\/wp\/v2\/posts\/101147","targetHints":{"allow":["GET"]}}],"collection":[{"href":"https:\/\/www.radiopiu.net\/wordpress\/wp-json\/wp\/v2\/posts"}],"about":[{"href":"https:\/\/www.radiopiu.net\/wordpress\/wp-json\/wp\/v2\/types\/post"}],"author":[{"embeddable":true,"href":"https:\/\/www.radiopiu.net\/wordpress\/wp-json\/wp\/v2\/users\/1"}],"replies":[{"embeddable":true,"href":"https:\/\/www.radiopiu.net\/wordpress\/wp-json\/wp\/v2\/comments?post=101147"}],"version-history":[{"count":0,"href":"https:\/\/www.radiopiu.net\/wordpress\/wp-json\/wp\/v2\/posts\/101147\/revisions"}],"wp:featuredmedia":[{"embeddable":true,"href":"https:\/\/www.radiopiu.net\/wordpress\/wp-json\/wp\/v2\/media\/101148"}],"wp:attachment":[{"href":"https:\/\/www.radiopiu.net\/wordpress\/wp-json\/wp\/v2\/media?parent=101147"}],"wp:term":[{"taxonomy":"category","embeddable":true,"href":"https:\/\/www.radiopiu.net\/wordpress\/wp-json\/wp\/v2\/categories?post=101147"},{"taxonomy":"post_tag","embeddable":true,"href":"https:\/\/www.radiopiu.net\/wordpress\/wp-json\/wp\/v2\/tags?post=101147"}],"curies":[{"name":"wp","href":"https:\/\/api.w.org\/{rel}","templated":true}]}}