{"id":101215,"date":"2019-10-05T05:33:08","date_gmt":"2019-10-05T03:33:08","guid":{"rendered":"http:\/\/www.radiopiu.net\/wordpress\/?p=101215"},"modified":"2019-10-05T15:24:55","modified_gmt":"2019-10-05T13:24:55","slug":"giornale-radiopiu-05-ottobre-2019-direttore-mirko-mezzacasa","status":"publish","type":"post","link":"https:\/\/www.radiopiu.net\/wordpress\/giornale-radiopiu-05-ottobre-2019-direttore-mirko-mezzacasa\/","title":{"rendered":"GIORNALE RADIOPIU 05 OTTOBRE 2019 DIRETTORE MIRKO MEZZACASA"},"content":{"rendered":"<blockquote><p><em><strong>AGORDO<\/strong> Solo complimenti per quei giovani che rischiando di tasca propria hanno riempito la piazza di Agordo come non mai, e ieri sera era solo l&#8217;inizio. Alberghi, B&amp;B, Appartamenti, Bar, Pizzerie, Ristoranti come ad agosto, come a capodanno, come nella serata della grande festa di Luxottica. La decima edizione di Dolomites Street \u00e8 l&#8217;evento dell&#8217;anno. Il Palaluxottica oggi si riempir\u00e0 di bolidi, colori, sorrisi e tanti giovani, quelli che non hanno lasciato l&#8217;Agordino per altre spiagge. In bocca al lupo ragazzi! Che sia un successo e se qualcuno di lamenta perch\u00e9 l&#8217;Agordino improvvisamente non sonnecchia, soprattutto fuori stagione, fate spallucce che in tanti sapranno dirvi grazie per questa scossa (mm)<\/em><\/p><\/blockquote>\n<p><img loading=\"lazy\" decoding=\"async\" class=\"alignnone size-medium wp-image-101286\" src=\"http:\/\/www.radiopiu.net\/wordpress\/wp-content\/uploads\/2019\/10\/7ea2fe3f-ae24-49f0-9410-2f8457ecd883-225x300.jpg\" alt=\"\" width=\"225\" height=\"300\" srcset=\"https:\/\/www.radiopiu.net\/wordpress\/wp-content\/uploads\/2019\/10\/7ea2fe3f-ae24-49f0-9410-2f8457ecd883-225x300.jpg 225w, https:\/\/www.radiopiu.net\/wordpress\/wp-content\/uploads\/2019\/10\/7ea2fe3f-ae24-49f0-9410-2f8457ecd883-768x1024.jpg 768w, https:\/\/www.radiopiu.net\/wordpress\/wp-content\/uploads\/2019\/10\/7ea2fe3f-ae24-49f0-9410-2f8457ecd883.jpg 1200w\" sizes=\"auto, (max-width: 225px) 100vw, 225px\" \/><img loading=\"lazy\" decoding=\"async\" class=\"alignnone wp-image-101285\" src=\"http:\/\/www.radiopiu.net\/wordpress\/wp-content\/uploads\/2019\/10\/efbd1102-fb8b-4173-bbfd-daa71da57ca8-300x225.jpg\" alt=\"\" width=\"398\" height=\"300\" srcset=\"https:\/\/www.radiopiu.net\/wordpress\/wp-content\/uploads\/2019\/10\/efbd1102-fb8b-4173-bbfd-daa71da57ca8-300x225.jpg 300w, https:\/\/www.radiopiu.net\/wordpress\/wp-content\/uploads\/2019\/10\/efbd1102-fb8b-4173-bbfd-daa71da57ca8-768x576.jpg 768w, https:\/\/www.radiopiu.net\/wordpress\/wp-content\/uploads\/2019\/10\/efbd1102-fb8b-4173-bbfd-daa71da57ca8-1024x768.jpg 1024w, https:\/\/www.radiopiu.net\/wordpress\/wp-content\/uploads\/2019\/10\/efbd1102-fb8b-4173-bbfd-daa71da57ca8.jpg 1599w\" sizes=\"auto, (max-width: 398px) 100vw, 398px\" \/><img loading=\"lazy\" decoding=\"async\" class=\"alignnone size-medium wp-image-101283\" src=\"http:\/\/www.radiopiu.net\/wordpress\/wp-content\/uploads\/2019\/10\/9f1849a8-a634-4d41-a0ce-76f7b6e0132e-225x300.jpg\" alt=\"\" width=\"225\" height=\"300\" srcset=\"https:\/\/www.radiopiu.net\/wordpress\/wp-content\/uploads\/2019\/10\/9f1849a8-a634-4d41-a0ce-76f7b6e0132e-225x300.jpg 225w, https:\/\/www.radiopiu.net\/wordpress\/wp-content\/uploads\/2019\/10\/9f1849a8-a634-4d41-a0ce-76f7b6e0132e-768x1024.jpg 768w, https:\/\/www.radiopiu.net\/wordpress\/wp-content\/uploads\/2019\/10\/9f1849a8-a634-4d41-a0ce-76f7b6e0132e.jpg 1200w\" sizes=\"auto, (max-width: 225px) 100vw, 225px\" \/><img loading=\"lazy\" decoding=\"async\" class=\"alignnone wp-image-101281\" src=\"http:\/\/www.radiopiu.net\/wordpress\/wp-content\/uploads\/2019\/10\/b4ec1719-5dee-4983-b86e-8f08dad4ca7b-300x225.jpg\" alt=\"\" width=\"401\" height=\"302\" srcset=\"https:\/\/www.radiopiu.net\/wordpress\/wp-content\/uploads\/2019\/10\/b4ec1719-5dee-4983-b86e-8f08dad4ca7b-300x225.jpg 300w, https:\/\/www.radiopiu.net\/wordpress\/wp-content\/uploads\/2019\/10\/b4ec1719-5dee-4983-b86e-8f08dad4ca7b-768x576.jpg 768w, https:\/\/www.radiopiu.net\/wordpress\/wp-content\/uploads\/2019\/10\/b4ec1719-5dee-4983-b86e-8f08dad4ca7b-1024x768.jpg 1024w, https:\/\/www.radiopiu.net\/wordpress\/wp-content\/uploads\/2019\/10\/b4ec1719-5dee-4983-b86e-8f08dad4ca7b.jpg 1599w\" sizes=\"auto, (max-width: 401px) 100vw, 401px\" \/><img loading=\"lazy\" decoding=\"async\" class=\"alignnone size-medium wp-image-101280\" src=\"http:\/\/www.radiopiu.net\/wordpress\/wp-content\/uploads\/2019\/10\/af35af2f-e8f4-46e3-989c-6049a3063ff9-225x300.jpg\" alt=\"\" width=\"225\" height=\"300\" srcset=\"https:\/\/www.radiopiu.net\/wordpress\/wp-content\/uploads\/2019\/10\/af35af2f-e8f4-46e3-989c-6049a3063ff9-225x300.jpg 225w, https:\/\/www.radiopiu.net\/wordpress\/wp-content\/uploads\/2019\/10\/af35af2f-e8f4-46e3-989c-6049a3063ff9-768x1024.jpg 768w, https:\/\/www.radiopiu.net\/wordpress\/wp-content\/uploads\/2019\/10\/af35af2f-e8f4-46e3-989c-6049a3063ff9.jpg 1200w\" sizes=\"auto, (max-width: 225px) 100vw, 225px\" \/><img loading=\"lazy\" decoding=\"async\" class=\"alignnone wp-image-101278\" src=\"http:\/\/www.radiopiu.net\/wordpress\/wp-content\/uploads\/2019\/10\/1e59faa8-e2ef-446c-a0d3-ccdbc109a302-300x225.jpg\" alt=\"\" width=\"401\" height=\"301\" srcset=\"https:\/\/www.radiopiu.net\/wordpress\/wp-content\/uploads\/2019\/10\/1e59faa8-e2ef-446c-a0d3-ccdbc109a302-300x225.jpg 300w, https:\/\/www.radiopiu.net\/wordpress\/wp-content\/uploads\/2019\/10\/1e59faa8-e2ef-446c-a0d3-ccdbc109a302-768x576.jpg 768w, https:\/\/www.radiopiu.net\/wordpress\/wp-content\/uploads\/2019\/10\/1e59faa8-e2ef-446c-a0d3-ccdbc109a302-1024x768.jpg 1024w, https:\/\/www.radiopiu.net\/wordpress\/wp-content\/uploads\/2019\/10\/1e59faa8-e2ef-446c-a0d3-ccdbc109a302.jpg 1599w\" sizes=\"auto, (max-width: 401px) 100vw, 401px\" \/><\/p>\n<p>&nbsp;<\/p>\n<p>&nbsp;<\/p>\n<p>&nbsp;<\/p>\n<blockquote><p><em>Gestione Servizi Pubblici informa che ad AGORDO nelle LOCALITA&#8217; PIASENT, COLVIGNAS, CAMPON e LE FOCHE l&#8217;acqua erogata dall&#8217;acquedotto non \u00e8 potabile e pu\u00f2 essere usata per scopi alimentari SOLO PREVIA bollitura. GSP ha, comunque, gi\u00e0 adottato le necessarie misure per la disinfezione dell&#8217;acqua presente nei serbatoi e nella rete idrica con l&#8217;aggiunta di cloro.<\/em><\/p><\/blockquote>\n<p>&nbsp;<\/p>\n<p>&nbsp;<\/p>\n<p>&nbsp;<\/p>\n<p>&nbsp;<\/p>\n<div class=\"page-title-head hgroup\">\n<h2 class=\"entry-title\">PERDE IL CONTROLLO DELL\u2019AUDI CHE RIMBALZA SULLA COLLINA E S\u2019INCENDIA, POI ABBANDONA IL LUOGO DEL SINISTRO<\/h2>\n<p>AGGIORNAMENTO INCIDENTE LISTOLADE<\/p>\n<h3><em>Stamattina M.B. 31 anni e A.F. di 34\u00a0 entrambi di Mestre si sono presentati ai Carabinieri conducente e trasportato dell&#8217;autovettura bruciata dicendo che avrebbero passato la notte in un albergo della zona e di non aver avvertito nessuno perch\u00e9 non si erano fatti nulla&#8230; Dichiarazione quanto meno curiosa quasi fosse normale lasciare una macchina bruciata sulla strada parcheggiata e in contromano.<\/em><\/h3>\n<\/div>\n<p><strong><img loading=\"lazy\" decoding=\"async\" class=\"size-medium wp-image-101287 alignleft\" src=\"http:\/\/www.radiopiu.net\/wordpress\/wp-content\/uploads\/2019\/10\/72322808_675296749626208_1157146854777946112_n-225x300.jpg\" alt=\"\" width=\"225\" height=\"300\" srcset=\"https:\/\/www.radiopiu.net\/wordpress\/wp-content\/uploads\/2019\/10\/72322808_675296749626208_1157146854777946112_n-225x300.jpg 225w, https:\/\/www.radiopiu.net\/wordpress\/wp-content\/uploads\/2019\/10\/72322808_675296749626208_1157146854777946112_n.jpg 600w\" sizes=\"auto, (max-width: 225px) 100vw, 225px\" \/>TAIBON<\/strong>\u00a0 Quando sono arrivati i vigili del fuoco l&#8217;Audi S3 TDI sportback intestata a un veneziano (M.B., 31 anni di Mestre, irreperibile tanto a casa che al telefono cellulare) a Listolade non c&#8217;era nessuno, eccetto alcuni abitanti richiamati dal rumore del sinistro e dalle fiamme. Il proprietario dell&#8217;auto o comunque chi era al volante ha deciso di andarsene, nel video pare di notare alcune persone che si allontanano dall&#8217;auto in fiamme. Carabinieri di Falcade\u00a0 e Vigili del fuoco di Agordo hanno comunque perlustrato a lungo la zona per sincerarsi che qualcuno non fosse stato sbalzato fuori dall&#8217;auto.\u00a0 Era l&#8217;una quando l&#8217;Audi uscita dalla galleria di Listolade \u00e8 finita contro la scarpata abbattendo un cartello stradale, colpendo un sasso per poi rimbalzare di nuovo sulla strada e schiantarsi contro un muro sulla sinistra, quindi l&#8217;incendio. I vigili del fuoco da Agordo sono arrivati con il mezzo ancora in fiamme. &#8220;Ho sentito un gran rumore &#8211; racconta Clemente che abita poco distante &#8211; ho addirittura pensato potesse trattarsi di sassi che stavano rotolando, poi mi sono affacciato alla finestra e ho visto il bagliore&#8221;. Fortunatamente in quel momento lungo la 203 a Listolade (in prossimit\u00e0 del semaforo e del bivio per il centro della frazione) non stava transitando nessuno e quindi non sono stati coinvolti altri mezzi. La ruota anteriore destra \u00e8 finita almeno a 30 metri dall&#8217;auto come si vede dalla foto di Alessio De Lazzer, quindi almeno a 50 metri dall&#8217;impatto con la scarpata.<\/p>\n<h2><\/h2>\n<h2>VIDEO ALESSIO DE LAZZER<\/h2>\n<div style=\"width: 352px;\" class=\"wp-video\"><video class=\"wp-video-shortcode\" id=\"video-101215-1\" width=\"352\" height=\"640\" preload=\"metadata\" controls=\"controls\"><source type=\"video\/mp4\" src=\"http:\/\/www.radiopiu.net\/wordpress\/wp-content\/uploads\/2019\/10\/video-1570234713.mp4?_=1\" \/><a href=\"http:\/\/www.radiopiu.net\/wordpress\/wp-content\/uploads\/2019\/10\/video-1570234713.mp4\">http:\/\/www.radiopiu.net\/wordpress\/wp-content\/uploads\/2019\/10\/video-1570234713.mp4<\/a><\/video><\/div>\n<p>&nbsp;<\/p>\n<h2>SERVIZIO COMPLETO DI QUESTA NOTTE ALL&#8217;UNA IN DIRETTA DA LISTOLADE, la ricostruzione precisa dell&#8217;incidente negli ultimi 5&#8242; del video<\/h2>\n<div id=\"fb-root\"><\/div>\n<p><script async=\"1\" defer=\"1\" crossorigin=\"anonymous\" src=\"https:\/\/connect.facebook.net\/it_IT\/sdk.js#xfbml=1&amp;version=v6.0\"><\/script><\/p>\n<div class=\"fb-video\" data-href=\"https:\/\/www.facebook.com\/mirko.mezzacasa\/videos\/10220935492883907\/\" data-width=\"1200\">\n<blockquote cite=\"https:\/\/www.facebook.com\/mirko.mezzacasa\/videos\/10220935492883907\/\" class=\"fb-xfbml-parse-ignore\"><p><a href=\"https:\/\/www.facebook.com\/mirko.mezzacasa\/videos\/10220935492883907\/\"><\/a><\/p>\n<p>LA RICOSTRUZIONE PRECISA DELL&#039;INCIDENTE NEGLI ULTIMI 5&#039; DEL VIDEOStamattina si sono presentati ai Carabinieri conducente e trasportato dell\u2019autovettura bruciata dicendo che avrebbero passato la notte in un albergo della zona e di non aver avvertito nessuno perch\u00e9 non si erano fatti nulla\u2026 Dichiarazione quanto meno curiosa quasi fosse normale lasciare una macchina bruciata sulla strada parcheggiata e in contromano.<\/p>\n<p>Pubblicato da <a href=\"https:\/\/www.facebook.com\/mirko.mezzacasa\">Mirko Mezzacasa<\/a> su Venerd\u00ec 4 ottobre 2019<\/p><\/blockquote>\n<\/div>\n<p>&nbsp;<\/p>\n<h2><strong>GRAZIE AD ANTIMO SAVARIS_LISTOLADE\u00a0 ORE 01.00<\/strong><\/h2>\n<p>&nbsp;<\/p>\n<div style=\"width: 640px;\" class=\"wp-video\"><video class=\"wp-video-shortcode\" id=\"video-101215-2\" width=\"640\" height=\"352\" preload=\"metadata\" controls=\"controls\"><source type=\"video\/mp4\" src=\"http:\/\/www.radiopiu.net\/wordpress\/wp-content\/uploads\/2019\/10\/WhatsApp-Video-2019-10-05-at-01.00.26.mp4?_=2\" \/><a href=\"http:\/\/www.radiopiu.net\/wordpress\/wp-content\/uploads\/2019\/10\/WhatsApp-Video-2019-10-05-at-01.00.26.mp4\">http:\/\/www.radiopiu.net\/wordpress\/wp-content\/uploads\/2019\/10\/WhatsApp-Video-2019-10-05-at-01.00.26.mp4<\/a><\/video><\/div>\n<p>&nbsp;<\/p>\n<p>&nbsp;<\/p>\n<p>&nbsp;<\/p>\n<div style=\"width: 640px;\" class=\"wp-video\"><video class=\"wp-video-shortcode\" id=\"video-101215-3\" width=\"640\" height=\"352\" preload=\"metadata\" controls=\"controls\"><source type=\"video\/mp4\" src=\"http:\/\/www.radiopiu.net\/wordpress\/wp-content\/uploads\/2019\/10\/WhatsApp-Video-2019-10-05-at-01.13.25.mp4?_=3\" \/><a href=\"http:\/\/www.radiopiu.net\/wordpress\/wp-content\/uploads\/2019\/10\/WhatsApp-Video-2019-10-05-at-01.13.25.mp4\">http:\/\/www.radiopiu.net\/wordpress\/wp-content\/uploads\/2019\/10\/WhatsApp-Video-2019-10-05-at-01.13.25.mp4<\/a><\/video><\/div>\n<p>&nbsp;<\/p>\n<p>&nbsp;<\/p>\n<h3>DUE FERITI SULLE STRADE DEL CADORE<\/h3>\n<p><strong>VIGO DI CADORE<\/strong> Ieri mattina alle 8.30 fuoriuscita autonoma di un auto in localit\u00e0 Pini,\u00a0 a bordo della Renault Clio\u00a0 M.F. 19 anni del luogo ricoverato all&#8217;ospedale di Pieve di Cadore, non \u00e8 in gravi condizioni.<\/p>\n<p><strong>SAN VITO<\/strong>\u00a0 \u00a0 Ieri\u00a0 sera alle 19.30 circa l&#8217;elicottero del Suem di Pieve di Cadore \u00e8 decollato in direzione della strada sterrata che dal Rifugio Scotter scende a San Vito di Cadore, poich\u00e9 una ventenne era caduta dalla propria mountain bike riportando un probabile politrauma. Alla ragazza sono state prestate le prime cure dall&#8217;equipe medica, sbarcata assieme al tecnico di elisoccorso nelle vicinanze. Imbarcata, la giovane \u00e8 stata poi trasportata all&#8217;ospedale di Belluno.<\/p>\n<h3>SULLA STRADA AI CONTROLLI DELLA POLIZIA<\/h3>\n<p><strong>BELLUNO<\/strong> Un Kazako di 31 anni aveva a bordo dell&#8217;auto una mazza da baseball ed \u00e8 stato denunciato dalla Polizia. <em>&#8220;In Ucraina dove risiede,\u00a0 ha riferito agli agenti, non \u00e8 reato e la usa per difendermi&#8221;<\/em>. Evidentemente non conosceva le leggi italiane<\/p>\n<p><strong>BELLUNO<\/strong> La polizia ha segnalato in Prefettura\u00a0 un ventenne di Limana girava nei pressi della scuola media con\u00a0 in tasca mezzo grammo di hashish, denunciato come consumatore. Un bellunese \u00e8 stato invece sanzionato per guida in stato di ebbrezza, all&#8217;alcool test \u00e8 stato trovato con 0,64 grammi\/litro di alcool nel sangue ed \u00e8 scattata la sanzione amministrativa.<\/p>\n<p>&nbsp;<\/p>\n<p>&nbsp;<\/p>\n<h3>IL PLURIPREGIUDICATO SPECIALISTA DELLA TRUFFA DELLO SPECCHIETTO<\/h3>\n<p><a class=\"dt-pswp-item\" href=\"http:\/\/www.radiopiu.net\/wordpress\/wp-content\/uploads\/2019\/10\/71718692_401168417235933_589185864228143104_n.jpg\" data-dt-img-description=\"\" data-large_image_width=\"763\" data-large_image_height=\"960\"><img loading=\"lazy\" decoding=\"async\" class=\" wp-image-101216 alignleft\" src=\"http:\/\/www.radiopiu.net\/wordpress\/wp-content\/uploads\/2019\/10\/71718692_401168417235933_589185864228143104_n-238x300.jpg\" alt=\"\" width=\"145\" height=\"183\" srcset=\"https:\/\/www.radiopiu.net\/wordpress\/wp-content\/uploads\/2019\/10\/71718692_401168417235933_589185864228143104_n-238x300.jpg 238w, https:\/\/www.radiopiu.net\/wordpress\/wp-content\/uploads\/2019\/10\/71718692_401168417235933_589185864228143104_n.jpg 763w\" sizes=\"auto, (max-width: 145px) 100vw, 145px\" \/><\/a><strong>BELLUNO<\/strong> La polizia lo ha smascherato dopo che un anziano ha sporto denuncia, perch\u00e9 sono proprio le persone della terza et\u00e0 che vengono puntate dal delinquente che ora dovr\u00e0 rispondere al giudice. Umberto Amico, questo il suo nome,\u00a0 un 35enne di Siracusa domiciliato in un campo di nomadi. Con la sua Alfa Romeo attendeva la &#8220;preda&#8221;, poi colpiva l&#8217;auto sulla carrozzeria convincendo l&#8217;ignara vittima di essere in errore e costringendola a consegnarli 200 euro per la rottura dello specchietto retrovisore. E&#8217; successo a maggio ad un 73enne bellunese che successivamente si \u00e8 rivolto in Questura, ma non conosceva la targa dal malvivente. Dai pochi dati a disposizione gli agenti di Polizia hanno ricostruito l&#8217;accaduto servendosi delle telecamere della video sorveglianza. La polizia raccomanda a chi si trovasse in questa situazione di non uscire dall\u2019auto, bloccare le porte dall\u2019interno e chiamare le Forze dell\u2019ordine al n. 113 e soprattutto non consegnare denaro.<\/p>\n<p>&nbsp;<\/p>\n<p>&nbsp;<\/p>\n<p>&nbsp;<\/p>\n<p>&nbsp;<\/p>\n<p>&nbsp;<\/p>\n<p>&nbsp;<\/p>\n<h3>SEZIONE PSICHIATRICA DEL CARCERE DI BELLUNO, NUOVO EPISODIO DI VIOLENZA, DETENUTO PAZIENTE SI GETTA DAL TETTO<\/h3>\n<p><strong><a class=\"dt-pswp-item\" href=\"http:\/\/www.radiopiu.net\/wordpress\/wp-content\/uploads\/2016\/03\/carcere.jpg\" data-dt-img-description=\"\" data-large_image_width=\"1600\" data-large_image_height=\"1067\"><img loading=\"lazy\" decoding=\"async\" class=\" wp-image-17529 alignleft\" src=\"http:\/\/www.radiopiu.net\/wordpress\/wp-content\/uploads\/2016\/03\/carcere-300x200.jpg\" alt=\"\" width=\"218\" height=\"145\" \/><\/a>BELLUNO<\/strong>\u00a0 La CISL FNS denuncia l\u2019ennesimo grave episodio accaduto nella sezione Articolazione per la tutela della salute mentale del penitenziario bellunese. \u00a0Nel pomeriggio di gioved\u00ec un detenuto ricoverato nella sezione psichiatrica della casa circondariale di via Baldenich \u00e8 riuscito a scavalcare il muro di cinta dei passeggi della sezione, saltando sopra i tetti di un\u2019altra sezione del carcere. Vane sono state le trattative con l\u2019uomo, che alla fine si \u00e8 gettato da un\u2019altezza di circa quattro metri, fortunatamente senza gravi conseguenze, grazie alla prontezza degli agenti di polizia penitenziaria in servizio, che sono riusciti ad attutire il colpo della caduta al suolo facendo scudo con i propri corpi. Ne \u00e8 seguita comunque una colluttazione, con il soggetto che ha cercato di mordere e graffiare gli agenti mentre cercavano di calmarlo e di riportarlo in camera.<\/p>\n<blockquote>\n<p style=\"text-align: left;\"><em>\u201cLa CISL FNS &#8211; dichiara Robert Da Re della Segreteria territoriale &#8211; denuncia anche una condizione igienico-sanitaria molto precaria della sezione psichiatrica e soprattutto inalterata rispetto alle precedenti ripetute denunce da parte nostra. Il personale di polizia penitenziaria in servizio presso l\u2019istituto bellunese \u00e8 in stato di agitazione dallo scorso ottobre e ribadisce il forte disagio nel gestire i detenuti della sezione psichiatrica. Si auspica un immediato intervento dell\u2019amministrazione penitenziaria e del Servizio sanitario nazionale per porre fine ad una situazione oggettivamente insostenibile e pericolosa sia per i detenuti che per tutto il <\/em><em>\u00a0personale che lavora nella sezione\u201d<br \/>\n.<\/em><\/p>\n<\/blockquote>\n<p><img loading=\"lazy\" decoding=\"async\" class=\" wp-image-85082 alignleft\" src=\"http:\/\/www.radiopiu.net\/wordpress\/wp-content\/uploads\/2019\/05\/De-Carlo-Visita-carcere-Baldenich-300x225.jpg\" alt=\"\" width=\"149\" height=\"112\" srcset=\"https:\/\/www.radiopiu.net\/wordpress\/wp-content\/uploads\/2019\/05\/De-Carlo-Visita-carcere-Baldenich-300x225.jpg 300w, https:\/\/www.radiopiu.net\/wordpress\/wp-content\/uploads\/2019\/05\/De-Carlo-Visita-carcere-Baldenich-768x576.jpg 768w, https:\/\/www.radiopiu.net\/wordpress\/wp-content\/uploads\/2019\/05\/De-Carlo-Visita-carcere-Baldenich-1024x768.jpg 1024w\" sizes=\"auto, (max-width: 149px) 100vw, 149px\" \/>Sulla triste vicenda torna ad intervenire il deputato Luca De Carlo:\u201cServono nuove unit\u00e0, almeno 15, per garantire sicurezza certa alla struttura. Sono stanco di dover parlare periodicamente e sempre pi\u00f9 spesso dell\u2019emergenza Baldenich: in un anno e mezzo, da marzo 2016 a giugno 2018, si erano registrati 150 eventi critici, e altri si sono verificati in questo periodo&#8221;.<\/p>\n<p>&nbsp;<\/p>\n<p>&nbsp;<\/p>\n<p>&nbsp;<\/p>\n<p>&nbsp;<\/p>\n<p>&nbsp;<\/p>\n<p>&nbsp;<\/p>\n<h3>APPROVATO IL PROGETTO DI RISTRUTTURAZIONE DEL PRONTO SOCCORSO DI AGORDO<\/h3>\n<blockquote><p><strong><span style=\"font-family: Times New Roman, serif;\"><span style=\"font-size: medium;\"><span style=\"font-family: Calibri, sans-serif;\">Sul progetto dovr\u00e0 ora esprimersi la Conferenza dei Servizi che sar\u00e0 convocata dall\u2019Ulss coinvolgendo gli Enti competenti all\u2019approvazione del progetto.<\/span><\/span><\/span><\/strong><\/p><\/blockquote>\n<p><strong>DAL CORRIERE DELLE ALPI, GIANNI SANTOMASO CON UN PENSIERO AI VOLONTARI AMBULANZE E AL MEDICO DEL PRONTO SOCCORSO ALLA SOGLIA DELLA PENSIONE<\/strong><\/p>\n<audio class=\"wp-audio-shortcode\" id=\"audio-101215-1\" preload=\"none\" style=\"width: 100%;\" controls=\"controls\"><source type=\"audio\/mpeg\" src=\"http:\/\/www.radiopiu.net\/wordpress\/wp-content\/uploads\/2019\/10\/gianni-pronto.mp3?_=1\" \/><a href=\"http:\/\/www.radiopiu.net\/wordpress\/wp-content\/uploads\/2019\/10\/gianni-pronto.mp3\">http:\/\/www.radiopiu.net\/wordpress\/wp-content\/uploads\/2019\/10\/gianni-pronto.mp3<\/a><\/audio>\n<p>&nbsp;<\/p>\n<p><span style=\"color: #ff0000;\"><strong>I COMMENTI:<\/strong><\/span><\/p>\n<h3>IL SINDACO DI AGORDO ROBERTO CHISSALE&#8217;<\/h3>\n<audio class=\"wp-audio-shortcode\" id=\"audio-101215-2\" preload=\"none\" style=\"width: 100%;\" controls=\"controls\"><source type=\"audio\/mpeg\" src=\"http:\/\/www.radiopiu.net\/wordpress\/wp-content\/uploads\/2019\/10\/CHISSAE.mp3?_=2\" \/><a href=\"http:\/\/www.radiopiu.net\/wordpress\/wp-content\/uploads\/2019\/10\/CHISSAE.mp3\">http:\/\/www.radiopiu.net\/wordpress\/wp-content\/uploads\/2019\/10\/CHISSAE.mp3<\/a><\/audio>\n<p><strong>IL PRESIDENTE DELL&#8217;UNIONE MONTANA FABIO LUCHETTA<\/strong><\/p>\n<audio class=\"wp-audio-shortcode\" id=\"audio-101215-3\" preload=\"none\" style=\"width: 100%;\" controls=\"controls\"><source type=\"audio\/mpeg\" src=\"http:\/\/www.radiopiu.net\/wordpress\/wp-content\/uploads\/2019\/10\/fabio-luchetta.mp3?_=3\" \/><a href=\"http:\/\/www.radiopiu.net\/wordpress\/wp-content\/uploads\/2019\/10\/fabio-luchetta.mp3\">http:\/\/www.radiopiu.net\/wordpress\/wp-content\/uploads\/2019\/10\/fabio-luchetta.mp3<\/a><\/audio>\n<p><strong>IL SINDACO DI TAIBON SILVIA TORMEN<\/strong><\/p>\n<audio class=\"wp-audio-shortcode\" id=\"audio-101215-4\" preload=\"none\" style=\"width: 100%;\" controls=\"controls\"><source type=\"audio\/mpeg\" src=\"http:\/\/www.radiopiu.net\/wordpress\/wp-content\/uploads\/2019\/10\/silvia.mp3?_=4\" \/><a href=\"http:\/\/www.radiopiu.net\/wordpress\/wp-content\/uploads\/2019\/10\/silvia.mp3\">http:\/\/www.radiopiu.net\/wordpress\/wp-content\/uploads\/2019\/10\/silvia.mp3<\/a><\/audio>\n<p><strong>IL SINDACO DI ROCCA PIETORE ANDREA DE BERNARDIN<\/strong><\/p>\n<audio class=\"wp-audio-shortcode\" id=\"audio-101215-5\" preload=\"none\" style=\"width: 100%;\" controls=\"controls\"><source type=\"audio\/mpeg\" src=\"http:\/\/www.radiopiu.net\/wordpress\/wp-content\/uploads\/2019\/10\/andrea-db.mp3?_=5\" \/><a href=\"http:\/\/www.radiopiu.net\/wordpress\/wp-content\/uploads\/2019\/10\/andrea-db.mp3\">http:\/\/www.radiopiu.net\/wordpress\/wp-content\/uploads\/2019\/10\/andrea-db.mp3<\/a><\/audio>\n<p>&nbsp;<\/p>\n<p align=\"JUSTIFY\"><span style=\"font-family: Times New Roman, serif;\"><span style=\"font-size: medium;\"><span style=\"font-family: Calibri, sans-serif;\"><strong><a class=\"dt-pswp-item\" href=\"http:\/\/www.radiopiu.net\/wordpress\/wp-content\/uploads\/2019\/10\/rendering-nuovo-PS-Agordo.png\" data-dt-img-description=\"\" data-large_image_width=\"567\" data-large_image_height=\"732\"><img loading=\"lazy\" decoding=\"async\" class=\"size-medium wp-image-101201 alignleft\" src=\"http:\/\/www.radiopiu.net\/wordpress\/wp-content\/uploads\/2019\/10\/rendering-nuovo-PS-Agordo-232x300.png\" alt=\"\" width=\"232\" height=\"300\" srcset=\"https:\/\/www.radiopiu.net\/wordpress\/wp-content\/uploads\/2019\/10\/rendering-nuovo-PS-Agordo-232x300.png 232w, https:\/\/www.radiopiu.net\/wordpress\/wp-content\/uploads\/2019\/10\/rendering-nuovo-PS-Agordo.png 567w\" sizes=\"auto, (max-width: 232px) 100vw, 232px\" \/><\/a>BELLUNO.<\/strong> La direzione generale dell\u2019Ulss Dolomiti ha approvato il progetto di ristrutturazione e ampliamento del Pronto Soccorso di Agordo che complessivamente coster\u00e0 3 milioni di euro, 2,5 milioni a carico dei Comuni dell&#8217;Agordino con il progetto d&#8217;area vasta dei fondi dei Comuni Confinanti mentre le Regione interverr\u00e0 con gli altri 500 mila euro.\u00a0 Ora la parola passa alla Conferenza dei Servizi come preannunciato nel notiziario di ieri dal sindaco di Livinallongo del Col di Lana Leandro Grones citando la <\/span><\/span><\/span><span style=\"font-family: Times New Roman, serif;\"><span style=\"font-size: medium;\"><span style=\"font-family: Calibri, sans-serif;\">\u00a0convenzione firmata tra Ulss e Provincia di Belluno nel giugno scorso. <\/span><\/span><\/span><span style=\"font-family: Calibri, sans-serif;\"><span style=\"font-size: medium;\">La ristrutturazione e l\u2019ampliamento del Pronto Soccorso determina vantaggi strettamente legati all\u2019attivit\u00e0 sanitaria, quali il potenziamento dell\u2019assistenza territoriale, riorganizzazione della rete ospedaliera e il consolidamento della rete di emergenza-urgenza del territorio bellunese. <\/span><\/span><span style=\"font-family: Calibri, sans-serif;\"><span style=\"font-size: medium;\">I lavori consistono nell\u2019ampliamento della superficie dedicata al Pronto Soccorso, in interventi strutturali volti al miglioramento sismico dell\u2019Ospedale e nella messa a norma dal punto di vista impiantistico ed antincendio dell\u2019area oggetto d\u2019intervento situata al piano terra. <\/span><\/span><span style=\"font-size: medium; font-family: Calibri, sans-serif;\">In particolare, sar\u00e0 ristrutturata l\u2019attuale area interna del PS, sar\u00e0 costruita una nuova camera calda e saranno sistemate le aree esterne curando la viabilit\u00e0 e la sicurezza degli accessi. <\/span><span style=\"font-family: Times New Roman, serif;\"><span style=\"font-size: medium;\"><span style=\"font-family: Calibri, sans-serif;\">Nel dettaglio, saranno ristrutturati gli ambienti interni al volume ospedaliero, collocati nell\u2019ala sud-est del piano terra dell\u2019edificio C, per una superficie lorda complessiva di 740 mq lordi e sar\u00e0 costruita una nuova area esterna, corrisponde al volume esterno della camera calda e dei relativi spazi di supporto. <\/span><\/span><\/span><span style=\"font-family: Times New Roman, serif;\"><span style=\"font-size: medium;\"><span style=\"font-family: Calibri, sans-serif;\">Il volume si sviluppa su una superficie coperta di 325 mq lordi per l\u2019altezza di un solo piano. Il nuovo fabbricato sar\u00e0 articolato in tre volumi distinti: il primo a ridosso dell\u2019edificio conterr\u00e0 gli spazi di supporto e i necessari filtri d\u2019ingresso, il secondo, di forma trapezoidale, costituisce la camera calda vera e propria e presenter\u00e0 un lato smussato per consentire esternamente il passaggio dei mezzi di servizio attorno al fabbricato ed il terzo \u00e8 costituito dalla rimessa delle ambulanze. <\/span><\/span><\/span><span style=\"font-family: Times New Roman, serif;\"><span style=\"font-size: medium;\"><span style=\"font-family: Calibri, sans-serif;\">Per quanto riguarda le opere di miglioramento sismico \u00e8 prevista la realizzazione delle pareti antisimiche collocate all\u2019esterno del fabbricato. <\/span><\/span><\/span><span style=\"font-family: Times New Roman, serif;\"><span style=\"font-size: medium;\"><span style=\"font-family: Calibri, sans-serif;\">La strada carrabile esistente a doppio senso di marcia in salita verr\u00e0 integrata con <\/span><\/span><\/span><span style=\"font-family: Times New Roman, serif;\"><span style=\"font-size: medium;\"><span style=\"font-family: Calibri, sans-serif;\">un anello a senso unico di marcia che attraversa la camera calda. Saranno previsti sistemi ad aiuole\/marciapiedi per delimitare il transito dei pedoni e l\u2019area di manovra delle ambulanze davanti alla rimessa. <\/span><\/span><\/span><span style=\"font-family: Times New Roman, serif;\"><span style=\"font-size: medium;\"><span style=\"font-family: Calibri, sans-serif;\">Per la sistemazione esterna sar\u00e0 prevista la ripavimentazione del percorso pedonale di accesso alla camera calda per la sua immediata individuazione e saranno realizzati idonei attraversamenti stradali ad alta visibilit\u00e0 per l\u2019accesso in sicurezza al Pronto Soccorso. Sar\u00e0 mantenuta ed accuratamente delimitata l\u2019aiuola verde presente a ridosso del corpo di collegamento tra l\u2019Edificio C e il Padiglione B. Saranno invece rifatti la recinzione di delimitazione della scala esterna di accesso alla centrale elettrica ed il sistema di illuminazione del piazzale secondo il nuovo layout distributivo. <\/span><\/span><\/span><span style=\"font-family: Times New Roman, serif;\"><span style=\"font-size: medium;\"><span style=\"font-family: Calibri, sans-serif;\">Il progetto, approvato oggi dall\u2019Ulss Dolomiti, \u00e8 stato redatto dall\u2019arch. Marco Rizzoli per conto della societ\u00e0 capogruppo F&amp;M Ingegneria s.p.a., vincitrice della procedura di gara per i servizi di progettazione. <\/span><\/span><\/span><\/p>\n<blockquote>\n<p align=\"JUSTIFY\"><em><span style=\"font-family: Times New Roman, serif;\"><span style=\"font-size: medium;\"><span style=\"font-family: Calibri, sans-serif;\"><a class=\"dt-pswp-item\" href=\"http:\/\/www.radiopiu.net\/wordpress\/wp-content\/uploads\/2018\/07\/caldogno.jpg\" data-dt-img-description=\"\" data-large_image_width=\"297\" data-large_image_height=\"170\"><img loading=\"lazy\" decoding=\"async\" class=\"size-full wp-image-54939 alignleft\" src=\"http:\/\/www.radiopiu.net\/wordpress\/wp-content\/uploads\/2018\/07\/caldogno.jpg\" alt=\"\" width=\"297\" height=\"170\" \/><\/a>\u00abIl progetto di ampliamento e ristrutturazione dell\u2019Ospedale di Agordo mira a potenziare e consolidare il presidio, offrendo ai cittadini una struttura funzionale al territorio con maggiore confort e sicurezza per l\u2019utenza di un servizio nevralgico come il Pronto Soccorso\u00bb, spiega il Direttore Generale Adriano Rasi Caldogno, \u00abIl finanziamento di quest\u2019opere a servizio della comunit\u00e0 con i fondi delle aree di confine e il cofinanziamento della Regione Veneto sono una azione concreta per consolidare e potenziare i servizi sanitari della montagna\u00bb.<\/span><\/span><\/span><\/em><\/p>\n<\/blockquote>\n<blockquote>\n<p align=\"JUSTIFY\">\n<\/blockquote>\n<h3 align=\"JUSTIFY\"><img loading=\"lazy\" decoding=\"async\" class=\" wp-image-101299 alignleft\" src=\"http:\/\/www.radiopiu.net\/wordpress\/wp-content\/uploads\/2019\/10\/1435664134094_Gidoni_Franco-218x300.jpg\" alt=\"\" width=\"140\" height=\"193\" srcset=\"https:\/\/www.radiopiu.net\/wordpress\/wp-content\/uploads\/2019\/10\/1435664134094_Gidoni_Franco-218x300.jpg 218w, https:\/\/www.radiopiu.net\/wordpress\/wp-content\/uploads\/2019\/10\/1435664134094_Gidoni_Franco.jpg 254w\" sizes=\"auto, (max-width: 140px) 100vw, 140px\" \/><\/h3>\n<h3 align=\"JUSTIFY\"><\/h3>\n<h3 align=\"JUSTIFY\"><\/h3>\n<h3 align=\"JUSTIFY\">IL CONSIGLIERE REGIONALE FRANCO GIDONI RISPONDE AI DUBBI DI IERI ESPRESSI DA ROGER DE MENECH CON UNA LETTERA INVIATA IN REGIONE<\/h3>\n<p><span style=\"color: #ff0000;\">DALLA RASSEGNA STAMPA DELLE 8<\/span><\/p>\n<p>&nbsp;<\/p>\n<audio class=\"wp-audio-shortcode\" id=\"audio-101215-6\" preload=\"none\" style=\"width: 100%;\" controls=\"controls\"><source type=\"audio\/mpeg\" src=\"http:\/\/www.radiopiu.net\/wordpress\/wp-content\/uploads\/2019\/10\/gifoni-2.mp3?_=6\" \/><a href=\"http:\/\/www.radiopiu.net\/wordpress\/wp-content\/uploads\/2019\/10\/gifoni-2.mp3\">http:\/\/www.radiopiu.net\/wordpress\/wp-content\/uploads\/2019\/10\/gifoni-2.mp3<\/a><\/audio>\n<p>&nbsp;<\/p>\n<p align=\"JUSTIFY\"><span style=\"font-family: Calibri, sans-serif;\"><b><a class=\"dt-pswp-item\" href=\"http:\/\/www.radiopiu.net\/wordpress\/wp-content\/uploads\/2018\/08\/ULSS1-DOLOMITI.jpeg\" data-dt-img-description=\"\" data-large_image_width=\"1280\" data-large_image_height=\"768\"><img loading=\"lazy\" decoding=\"async\" class=\" wp-image-57211 alignleft\" src=\"http:\/\/www.radiopiu.net\/wordpress\/wp-content\/uploads\/2018\/08\/ULSS1-DOLOMITI-300x180.jpeg\" alt=\"\" width=\"210\" height=\"126\" srcset=\"https:\/\/www.radiopiu.net\/wordpress\/wp-content\/uploads\/2018\/08\/ULSS1-DOLOMITI-300x180.jpeg 300w, https:\/\/www.radiopiu.net\/wordpress\/wp-content\/uploads\/2018\/08\/ULSS1-DOLOMITI-768x461.jpeg 768w, https:\/\/www.radiopiu.net\/wordpress\/wp-content\/uploads\/2018\/08\/ULSS1-DOLOMITI-1024x614.jpeg 1024w, https:\/\/www.radiopiu.net\/wordpress\/wp-content\/uploads\/2018\/08\/ULSS1-DOLOMITI.jpeg 1280w\" sizes=\"auto, (max-width: 210px) 100vw, 210px\" \/><\/a>Convenzione Luxottica: <\/b><\/span><span style=\"font-family: Calibri, sans-serif;\">tr<\/span><span style=\"font-family: Calibri, sans-serif;\">attandosi di un\u2019attivit\u00e0 extraistituzionale, essendosi aggravata la carenza di figure mediche, con senso di responsabilit\u00e0 l\u2019ULSS 1 <\/span><span style=\"font-family: Calibri, sans-serif;\"><u>ha dovuto sospenderla<\/u><\/span><span style=\"font-family: Calibri, sans-serif;\"> per non sottrarre risorse all\u2019attivit\u00e0 ordinaria ed evitare il formarsi di lunghe liste d&#8217;attesa.<\/span><\/p>\n<p align=\"JUSTIFY\"><span style=\"font-family: Calibri, sans-serif;\"><b>Privatizzazione Pronto Soccorso di Auronzo: <\/b><\/span><span style=\"font-family: Calibri, sans-serif;\">secondo i criteri stabiliti dalla normativa regionale l\u2019azienda necessita di 63 medici nella disciplina di Medicina e Chirurgia d\u2019accettazione e d\u2019Urgenza, mentre attualmente ce ne sono in servizio 36, oltre a circa 18 medici con rapporto di libera professione. L&#8217;ULSS 1 si vede obbligata a ricorrere a misure straordinarie tra cui l&#8217;esternalizzazione della gestione del Pronto Soccorso che permetter\u00e0 di garantire la continuit\u00e0 futura del servizio.<\/span><\/p>\n<p align=\"JUSTIFY\"><span style=\"font-family: Calibri, sans-serif;\"><b>Servizio ambulanza Santo Stefano: <\/b><\/span><span style=\"font-family: Calibri, sans-serif;\">Il Servizio di ambulanza effettuato dal Corpo dei Vigili del Fuoco non sar\u00e0 interrotto come confermato sia dal Comandante Girolamo Bentivoglio Fiandra che dal Direttore Generale dell\u2019ULSS 1 dr. Adriano Rasi Caldogno.<\/span><\/p>\n<p align=\"JUSTIFY\"><span style=\"color: #000000;\"><span style=\"font-family: Calibri, sans-serif;\"><span style=\"font-size: medium;\"><b>Istituto Pio XII di Misurina:<\/b><\/span><\/span><\/span><span style=\"color: #000000;\"><span style=\"font-family: Calibri, sans-serif;\"><span style=\"font-size: medium;\"> si tratta di un istituto che afferisce all\u2019Opera Diocesana San Bernardo degli Uberti, della diocesi di Parma, ed \u00e8 quindi una struttura privata convenzionata attraverso la Regione Veneto, con il SSN alla quale \u00e8 assegnato budget. Vi \u00e8 l\u2019impegno della regione Veneto a confermare il budget di 1.200.000 euro, la cui erogazione sar\u00e0 legata al numero di <\/span><\/span><\/span><span style=\"font-family: Calibri, sans-serif;\"><span style=\"font-size: medium;\">bambini curati in struttura<\/span><\/span><\/p>\n<blockquote>\n<p align=\"JUSTIFY\"><span style=\"color: #000000;\"><span style=\"font-family: Calibri, sans-serif;\"><span style=\"font-size: medium;\"><em>In merito poi alla richiesta avanzata dall&#8217;on. De Menech \u201cdi sapere se nei prossimi anni avremo ancora un sistema sanitario regionale pubblico o se invece verr\u00e0 smantellato a favore di una sanit\u00e0 privata\u201d lo invito a leggersi le 170 pagine del Piano socio sanitario della regione Veneto, piano che pone il cittadino\/utente\/contribuente al centro delle politiche per la promozione e lo sviluppo della salute individuale e collettiva. E&#8217; questa la grande sfida che per essere vinta presuppone di poter disporre di un adeguato numero di medici.<\/em><\/span><\/span><\/span><\/p>\n<\/blockquote>\n<blockquote>\n<p align=\"JUSTIFY\">\n<\/blockquote>\n<blockquote>\n<p align=\"JUSTIFY\">\n<\/blockquote>\n<h3 align=\"JUSTIFY\">ENZO CHEMELLO NUOVO DIRETTORE DEL PRONTO SOCCORSO DI PIEVE DEI CADORE<\/h3>\n<p align=\"JUSTIFY\"><strong><a class=\"dt-pswp-item\" href=\"http:\/\/www.radiopiu.net\/wordpress\/wp-content\/uploads\/2019\/10\/Enzo-iPhone8-IMG_4506.jpg\" data-dt-img-description=\"\" data-large_image_width=\"4032\" data-large_image_height=\"3024\"><img loading=\"lazy\" decoding=\"async\" class=\" wp-image-101227 alignleft\" src=\"http:\/\/www.radiopiu.net\/wordpress\/wp-content\/uploads\/2019\/10\/Enzo-iPhone8-IMG_4506-300x225.jpg\" alt=\"\" width=\"221\" height=\"166\" srcset=\"https:\/\/www.radiopiu.net\/wordpress\/wp-content\/uploads\/2019\/10\/Enzo-iPhone8-IMG_4506-300x225.jpg 300w, https:\/\/www.radiopiu.net\/wordpress\/wp-content\/uploads\/2019\/10\/Enzo-iPhone8-IMG_4506-768x576.jpg 768w, https:\/\/www.radiopiu.net\/wordpress\/wp-content\/uploads\/2019\/10\/Enzo-iPhone8-IMG_4506-1024x768.jpg 1024w\" sizes=\"auto, (max-width: 221px) 100vw, 221px\" \/><\/a>PIEVE DI CADORE<\/strong> Il Direttore Generale ha conferito l\u2019incarico di durata quinquennale di Direttore della struttura complessa di Accettazione e Pronto Soccorso dell\u2019ospedale di Pieve di Cadore, al dottor Enzo Chemello, nato a Belluno nel 1963, si \u00e8 laureato in Medicina e Chirurgia all\u2019Univesit\u00e0 di Firenze. Dal febbraio 1999 a tutt\u2019oggi ha lavorato nel Pronto di Soccorso di Este e Montagnana e, dopo l\u2019unificazione con l\u2019ospedale di Monselice, nel nuovo polo ospedaliero di Schiavonia. In questi 20 anni oltre all\u2019attivit\u00e0 clinica di Pronto Soccorso e di soccorso territoriale SUEM 118, ha ricoperto il ruolo di Responsabile Gestione Qualit\u00e0 del Pronto Soccorso, componente della Commissione Interna Emergenza e sua Logistica in Ospedale e componente del Comitato Scientifico Aziendale.<\/p>\n<blockquote><p><em>\u201c A poco tempo dalla cessazione per pensionamento del dr. Antonio Tocchio \u00e8 stato conferito presso l\u2019Ospedale di Pieve di Cadore un incarico ad uno specialista che ha maturato una notevole esperienza professionale sia in Italia che all\u2019estero, in ambito di criticit\u00e0 e complessit\u00e0 elevate\u201d afferma il Direttore Generale.<\/em><\/p><\/blockquote>\n<p>&nbsp;<\/p>\n<p>&nbsp;<\/p>\n<p>&nbsp;<\/p>\n<p>&nbsp;<\/p>\n<h3>LUNEDI PRESIDIO ORGANIZZATO DA CISL E CGIL DAVANTI ALLA PREFETTURA A DIFESA DEL CONTRO DI CONTROLLO ENEL DI POLPET<\/h3>\n<blockquote><p><em><a class=\"dt-pswp-item\" href=\"http:\/\/www.radiopiu.net\/wordpress\/wp-content\/uploads\/2019\/10\/download-2.jpg\" data-dt-img-description=\"\" data-large_image_width=\"290\" data-large_image_height=\"164\"><img loading=\"lazy\" decoding=\"async\" class=\" wp-image-101226 alignleft\" src=\"http:\/\/www.radiopiu.net\/wordpress\/wp-content\/uploads\/2019\/10\/download-2.jpg\" alt=\"\" width=\"154\" height=\"87\" \/><\/a><\/em><\/p>\n<p>&nbsp;<\/p>\n<p><em>Al Prefetto, Cgil e Cisl domanderanno \u201cun interessamento presso la nuova compagine governativa, affinch\u00e8 il Governo comprenda la determinazione con cui viene chiesta all\u2019Enel e alle sue societ\u00e0 collegate una inversione di piano strategico. Belluno ha gi\u00e0 pagato troppo per lo sfruttamento idrico del territorio\u201d.<\/em><\/p>\n<p>&nbsp;<\/p><\/blockquote>\n<p><strong>BELLUNO<\/strong> Presidio di lavoratori e cittadini luned\u00ec 7 ottobre dalle 15 davanti alla Prefettura di Belluno per dire no alla chiusura del centro di teleconduzione di Polpet. Prosegue l\u2019impegno di Cisl e Cgil per contrastare il progetto di esternalizzazione del servizio di guardiania delle dighe insistenti nel territorio della provincia di Belluno e l\u2019ipotesi di sposta<a class=\"dt-pswp-item\" href=\"http:\/\/www.radiopiu.net\/wordpress\/wp-content\/uploads\/2019\/10\/pp.jpg\" data-dt-img-description=\"\" data-large_image_width=\"640\" data-large_image_height=\"640\"><img loading=\"lazy\" decoding=\"async\" class=\"wp-image-101224 alignleft\" src=\"http:\/\/www.radiopiu.net\/wordpress\/wp-content\/uploads\/2019\/10\/pp-300x300.jpg\" alt=\"\" width=\"162\" height=\"162\" srcset=\"https:\/\/www.radiopiu.net\/wordpress\/wp-content\/uploads\/2019\/10\/pp-300x300.jpg 300w, https:\/\/www.radiopiu.net\/wordpress\/wp-content\/uploads\/2019\/10\/pp-150x150.jpg 150w, https:\/\/www.radiopiu.net\/wordpress\/wp-content\/uploads\/2019\/10\/pp.jpg 640w\" sizes=\"auto, (max-width: 162px) 100vw, 162px\" \/><\/a>mento del centro di controllo Enel di Polpet. Il segretario generale aggiunto della Cisl Belluno Treviso Rudy Roffar\u00e8 e il segretario generale della Cgil di Belluno Mauro De Carli hanno scritto al Prefetto per illustrargli le proprie preoccupazioni e perplessit\u00e0 e chiedergli di ricevere una delegazione di cittadini in occasione del presidio di luned\u00ec.<\/p>\n<p>&nbsp;<\/p>\n<p><strong>IL SEGRETARIO CISL BELLUNO RUDI ROFFARE&#8217; (FOTO)<\/strong><\/p>\n<p>&nbsp;<\/p>\n<p>&nbsp;<\/p>\n<audio class=\"wp-audio-shortcode\" id=\"audio-101215-7\" preload=\"none\" style=\"width: 100%;\" controls=\"controls\"><source type=\"audio\/mpeg\" src=\"http:\/\/www.radiopiu.net\/wordpress\/wp-content\/uploads\/2019\/10\/ROFFARE-OK.mp3?_=7\" \/><a href=\"http:\/\/www.radiopiu.net\/wordpress\/wp-content\/uploads\/2019\/10\/ROFFARE-OK.mp3\">http:\/\/www.radiopiu.net\/wordpress\/wp-content\/uploads\/2019\/10\/ROFFARE-OK.mp3<\/a><\/audio>\n<p>&nbsp;<\/p>\n<p>Secondo le organizzazioni sindacali, chiudere il centro di Polpet, che governa una sessantina di centrali elettriche medio-grandi, a favore di un controllo a distanza di migliaia di chilometri, \u00e8 sbagliato e pericoloso, perch\u00e9 porterebbe a una mancanza di coordinamento, soprattutto nei casi di alluvioni eccezionali, come Vaia, e di monitoraggio fisico da parte di personale altamente qualificato, in grado di intervenire velocemente e con grandi competenze nei casi di emergenza.<\/p>\n<p>&nbsp;<\/p>\n<p>&nbsp;<\/p>\n<p>&nbsp;<\/p>\n<p>&nbsp;<\/p>\n<blockquote class=\"wp-embedded-content\" data-secret=\"tqAcnxnNU1\"><p><a href=\"http:\/\/www.radiopiu.net\/wordpress\/premio-zanfron-2019\/\">Premio Zanfron 2019<\/a><\/p><\/blockquote>\n<p><iframe loading=\"lazy\" title=\"&#8220;Premio Zanfron 2019&#8221; &#8212; Radio Pi\u00f9\" class=\"wp-embedded-content\" sandbox=\"allow-scripts\" security=\"restricted\" style=\"position: absolute; clip: rect(1px, 1px, 1px, 1px);\" src=\"http:\/\/www.radiopiu.net\/wordpress\/premio-zanfron-2019\/embed\/#?secret=tqAcnxnNU1\" data-secret=\"tqAcnxnNU1\" width=\"600\" height=\"338\" frameborder=\"0\" marginwidth=\"0\" marginheight=\"0\" scrolling=\"no\"><\/iframe><\/p>\n<p>&nbsp;<\/p>\n<p>&nbsp;<\/p>\n<p>&nbsp;<\/p>\n<p>&nbsp;<\/p>\n<p>&nbsp;<\/p>\n<blockquote><p>&nbsp;<\/p><\/blockquote>\n<h3 align=\"JUSTIFY\">CANTIERI APERTI SUL TERRITORIO COMUNALE LAVALLESE, SI CONCRETIZZANO I PROGETTI CON I FONDI VAIA<\/h3>\n<p><strong>DI GIANNI SANTOMASO<\/strong><\/p>\n<audio class=\"wp-audio-shortcode\" id=\"audio-101215-8\" preload=\"none\" style=\"width: 100%;\" controls=\"controls\"><source type=\"audio\/mpeg\" src=\"http:\/\/www.radiopiu.net\/wordpress\/wp-content\/uploads\/2019\/10\/gianni-la-valle.mp3?_=8\" \/><a href=\"http:\/\/www.radiopiu.net\/wordpress\/wp-content\/uploads\/2019\/10\/gianni-la-valle.mp3\">http:\/\/www.radiopiu.net\/wordpress\/wp-content\/uploads\/2019\/10\/gianni-la-valle.mp3<\/a><\/audio>\n<p>&nbsp;<\/p>\n<p align=\"JUSTIFY\"><strong><img loading=\"lazy\" decoding=\"async\" class=\" wp-image-101253 alignleft\" src=\"http:\/\/www.radiopiu.net\/wordpress\/wp-content\/uploads\/2019\/10\/a74dff41-70a3-49a0-9a98-bba3b8fa6bb0-231x300.jpg\" alt=\"\" width=\"212\" height=\"275\" srcset=\"https:\/\/www.radiopiu.net\/wordpress\/wp-content\/uploads\/2019\/10\/a74dff41-70a3-49a0-9a98-bba3b8fa6bb0-231x300.jpg 231w, https:\/\/www.radiopiu.net\/wordpress\/wp-content\/uploads\/2019\/10\/a74dff41-70a3-49a0-9a98-bba3b8fa6bb0.jpg 662w\" sizes=\"auto, (max-width: 212px) 100vw, 212px\" \/>LA VALLE<\/strong> L&#8217;amministrazione comunale di La Valle Agordina con convinzione appalta i lavori del post vaia per un importo di\u00a0 oltre 730 mila euro.\u00a0 La\u00a0 Edil Costruzioni\u00a0 si occuper\u00e0 del rifacimento della strada per malga Roa (progettista Bortoluzzi 300mila euro, ribasso d&#8217;asta 1,8%).\u00a0 GSP metter\u00e0 in sicurezza circa 300 metri dell&#8217;acquedotto in prossimit\u00e0 dell&#8217; opera.\u00a0 La ditta fratelli De Pra&#8217; si \u00e8 aggiudicata i lavori per la strada che porta a Malga Foca, \u00e8 stato scelto il progetto dell&#8217;ingegner Bogo tra i 10 presentati a gara, lavori per\u00a0 348 mila euro con un ribasso del 7%.<\/p>\n<p align=\"JUSTIFY\"><strong>INDENNIZZI AI PRIVATI<\/strong> Sono stati staccati i primi assegni da 5000 euro e si tratta di un acconto sulla scorta delle domande presentate. Per le ditte il contributo prevede invece un massimo di 20 mila euro.<\/p>\n<p align=\"JUSTIFY\"><strong>ALTRI INTERVENTI <\/strong>Ricostruzione pensilina della fermata Dolomitibus lungo la regionale 203 agordina in localit\u00e0 La Muda (11.370 euro); Sostituzione guardrail (17 mila); Danni alle coperture stradali, ditta appaltatrice Cadore Asfalti con ribasso del 12% per 53 mila euro; Ripristino della recinzione\u00a0 degli impianti sportivi (campo da calcio) \u00a07.930 euro; Acquisto segnaletica stradale 4000 euro. Con i fondi dei canoni idrici verr\u00e0 messo a norma e in sicurezza l&#8217;ecocentro (83 mila euro). Per la scuola elementare sono stati spesi prima dell&#8217;inizio dell&#8217;anno scolastico 40 mila euro per\u00a0 l&#8217;adeguamento antincendio e per il\u00a0 rifacimento dei\u00a0 pavimenti.\u00a0 La scuola, ora \u00e8 dotata anche\u00a0 di lavagna elettronica portatile, a fare la differenza\u00a0 il\u00a0 finanziamento comunale dall&#8217;avanzo di amministrazione che ha sommato 26 mila euro.<\/p>\n<p align=\"JUSTIFY\"><strong>VIABILITA&#8217;\u00a0 <\/strong>All&#8217; intersezione stradale fra la regionale 203 agordina\u00a0 e la comunale in frazione le Campe verranno posizionati dei punti luce a norma .Inoltre i vari punti luci sul territorio comunale saranno migliorati e dotati di lampadine a led per un risparmio energetico ottimale per un totale importo di spesa di\u00a0 50 mila euro (finanziamento per il risparmio energetico).Sul portale del Comune di La Valle Agordina vi sar\u00e0 a breve un conto bancario per la raccolta fondi per la ricostruzione della Malga Foca distrutta a Gennaio da un incendio doloso<\/p>\n<blockquote>\n<p align=\"JUSTIFY\">\n<\/blockquote>\n<h2 align=\"JUSTIFY\"><img loading=\"lazy\" decoding=\"async\" class=\"size-medium wp-image-101103 alignleft\" src=\"http:\/\/www.radiopiu.net\/wordpress\/wp-content\/uploads\/2019\/10\/036b5273-cd41-47ee-8538-b9457ae78697-300x200.jpg\" alt=\"\" width=\"300\" height=\"200\" srcset=\"https:\/\/www.radiopiu.net\/wordpress\/wp-content\/uploads\/2019\/10\/036b5273-cd41-47ee-8538-b9457ae78697-300x200.jpg 300w, https:\/\/www.radiopiu.net\/wordpress\/wp-content\/uploads\/2019\/10\/036b5273-cd41-47ee-8538-b9457ae78697-768x513.jpg 768w, https:\/\/www.radiopiu.net\/wordpress\/wp-content\/uploads\/2019\/10\/036b5273-cd41-47ee-8538-b9457ae78697-1024x684.jpg 1024w, https:\/\/www.radiopiu.net\/wordpress\/wp-content\/uploads\/2019\/10\/036b5273-cd41-47ee-8538-b9457ae78697.jpg 1600w\" sizes=\"auto, (max-width: 300px) 100vw, 300px\" \/><\/h2>\n<h2 align=\"JUSTIFY\"><\/h2>\n<h2 align=\"JUSTIFY\">VALLE IMPERINA, IL POST VAIA<\/h2>\n<p align=\"JUSTIFY\"><strong>DI GIANNI SANTOMASO<\/strong><\/p>\n<audio class=\"wp-audio-shortcode\" id=\"audio-101215-9\" preload=\"none\" style=\"width: 100%;\" controls=\"controls\"><source type=\"audio\/mpeg\" src=\"http:\/\/www.radiopiu.net\/wordpress\/wp-content\/uploads\/2019\/10\/gianni-rivamonte.mp3?_=9\" \/><a href=\"http:\/\/www.radiopiu.net\/wordpress\/wp-content\/uploads\/2019\/10\/gianni-rivamonte.mp3\">http:\/\/www.radiopiu.net\/wordpress\/wp-content\/uploads\/2019\/10\/gianni-rivamonte.mp3<\/a><\/audio>\n<p>&nbsp;<\/p>\n<p>&nbsp;<\/p>\n<h3><span style=\"color: #ff0000;\">OCCHIALERIE BELLUNESI<\/span><\/h3>\n<p><strong>Anche oggi il Corriere delle Alpi dedica l&#8217;apertura alla Safilo: Vedovotto top mager della Kering: &#8220;Non acquisiremo Safilo, con loro avvieremo\u00a0 una intesa triennale sul marchio Gucci dal gennaio del prossimo anno&#8221; Il titolo vola in borsa. L&#8217;attuale Ad di Safilo. &#8220;Stiamo facendo il possibile&#8221;.<\/strong><\/p>\n<p>&nbsp;<\/p>\n<p>&nbsp;<\/p>\n<blockquote><p>&nbsp;<\/p><\/blockquote>\n<h2>IL COLLE DEI BELLUNESI SEMBRA POTERSI SALVARE. SARA&#8217; UN &#8220;TIRARE A CAMPARE?&#8221;<\/h2>\n<p><strong><img loading=\"lazy\" decoding=\"async\" class=\"size-medium wp-image-100022 alignleft\" src=\"http:\/\/www.radiopiu.net\/wordpress\/wp-content\/uploads\/2019\/09\/nevegal-visentin-nogherazza-300x224.jpg\" alt=\"\" width=\"300\" height=\"224\" srcset=\"https:\/\/www.radiopiu.net\/wordpress\/wp-content\/uploads\/2019\/09\/nevegal-visentin-nogherazza-300x224.jpg 300w, https:\/\/www.radiopiu.net\/wordpress\/wp-content\/uploads\/2019\/09\/nevegal-visentin-nogherazza-768x573.jpg 768w, https:\/\/www.radiopiu.net\/wordpress\/wp-content\/uploads\/2019\/09\/nevegal-visentin-nogherazza.jpg 957w\" sizes=\"auto, (max-width: 300px) 100vw, 300px\" \/><\/strong><\/p>\n<p>&nbsp;<\/p>\n<p>&nbsp;<\/p>\n<p>&nbsp;<\/p>\n<p><strong>BELLUNO\u00a0<\/strong><\/p>\n<p><strong>DI DAMIANO TORMEN\u00a0<\/strong><\/p>\n<audio class=\"wp-audio-shortcode\" id=\"audio-101215-10\" preload=\"none\" style=\"width: 100%;\" controls=\"controls\"><source type=\"audio\/mpeg\" src=\"http:\/\/www.radiopiu.net\/wordpress\/wp-content\/uploads\/2019\/10\/DAMIANO-NEVEGAL-1.mp3?_=10\" \/><a href=\"http:\/\/www.radiopiu.net\/wordpress\/wp-content\/uploads\/2019\/10\/DAMIANO-NEVEGAL-1.mp3\">http:\/\/www.radiopiu.net\/wordpress\/wp-content\/uploads\/2019\/10\/DAMIANO-NEVEGAL-1.mp3<\/a><\/audio>\n<p>&nbsp;<\/p>\n<p>&nbsp;<\/p>\n<blockquote><p>&nbsp;<\/p><\/blockquote>\n<h3 align=\"JUSTIFY\">LE PREOCCUPAZIONI DEL PD BELLUNESE PER IL NEVEGAL<\/h3>\n<p align=\"JUSTIFY\"><strong><img loading=\"lazy\" decoding=\"async\" class=\" wp-image-67744 alignleft\" src=\"http:\/\/www.radiopiu.net\/wordpress\/wp-content\/uploads\/2018\/11\/PD.png\" alt=\"\" width=\"153\" height=\"123\" \/>BELLUNO<\/strong>\u00a0 Il Pd bellunese condivide le preoccupazioni sul futuro del Nevegal come stazione turistica invernale manifestate da pi\u00f9 parti in questi giorni. Qualsiasi polemica risulta pertanto dannosa. Se il Nevegal non esprime una chiara unit\u00e0 di intenti non avr\u00e0 mai un futuro ne tanto meno una credibilit\u00e0 indispensabile per chi intenda investirci, sia esso pubblico o privato. E&#8217; proprio in quest&#8217;ottica che nei mesi passati il Pd ha messo a disposizione della comunit\u00e0 le proprie competenze e le proprie relazioni in consiglio regionale con l&#8217;auspicio di trovare delle soluzioni praticabili nel breve periodo sia per l&#8217;urgenza ella stagione in partenza sia per lo sviluppo futuro. Gli esponenti provinciali e locali del partito hanno inoltre collaborato <img loading=\"lazy\" decoding=\"async\" class=\"size-full wp-image-101236 alignleft\" src=\"http:\/\/www.radiopiu.net\/wordpress\/wp-content\/uploads\/2019\/10\/download-3.jpg\" alt=\"\" width=\"225\" height=\"225\" srcset=\"https:\/\/www.radiopiu.net\/wordpress\/wp-content\/uploads\/2019\/10\/download-3.jpg 225w, https:\/\/www.radiopiu.net\/wordpress\/wp-content\/uploads\/2019\/10\/download-3-150x150.jpg 150w\" sizes=\"auto, (max-width: 225px) 100vw, 225px\" \/>con i gruppi esistenti, le associazioni e l&#8217;amministrazione comunale per capire se fosse possibile o meno un rilancio dell&#8217;attivit\u00e0 del Nevegal che ne garantisse la sostenibilit\u00e0 sul medio e lungo periodo.<\/p>\n<blockquote>\n<p align=\"JUSTIFY\"><em> &#8220;Le nostre attivit\u00e0 &#8211; dice la segretaria provinciale Monica Lotto &#8211;\u00a0 e le singole iniziative sono state all&#8217;insegna della collaborazione, come riconosciuto da tutti i soggetti coinvolti, e prive di qualsivoglia richiesta di protagonismo.\u00a0 Offrire una soluzione all&#8217;annoso e complesso tema di una stazione turistica che risente inevitabilmente di fattori esterni (competitivit\u00e0, cambiamenti climatici..) rimane l&#8217;unico obiettivo che il Pd bellunese e le sue diverse articolazioni cittadine si propongono e per il <\/em><em>quale continuer\u00e0 a lavorare, nonostante le palesi difficolt\u00e0&#8221;.<\/em><\/p>\n<\/blockquote>\n<p>&nbsp;<\/p>\n<p>&nbsp;<\/p>\n<blockquote><p>&nbsp;<\/p><\/blockquote>\n<p>&nbsp;<\/p>\n<p>&nbsp;<\/p>\n<p>&nbsp;<\/p>\n<blockquote><p>&nbsp;<\/p><\/blockquote>\n<h3>AL LAVORO PER CORTINA 2021: LA PROVINCIA E&#8217; CABINA DI REGIA PER LE INFRASTRUTTURE SPORTIVE<\/h3>\n<p><strong><img loading=\"lazy\" decoding=\"async\" class=\"size-medium wp-image-44725 alignleft\" src=\"http:\/\/www.radiopiu.net\/wordpress\/wp-content\/uploads\/2018\/03\/main_olimpiadi-300x154.jpg\" alt=\"\" width=\"300\" height=\"154\" \/>BELLUNO<\/strong> Proseguono a ritmo serrato le operazioni per i Mondiali di sci di Cortina 2021. La Provincia di Belluno, individuata come Stazione Appaltante, si sta occupando di tutti gli interventi collegati alla parte sportiva, per quanto riguarda le infrastrutture che saranno utilizzate durante (e anche dopo) la rassegna iridata. Lo prevede la convenzione siglata dalla Provincia nell\u2019aprile 2018 con il Commissario del Progetto Mondiali Cortina 2021, l\u2019ingegner Luigi Valerio Santandrea, e la Regione Veneto.\u00a0 Dalla progettazione degli interventi fino ai collaudi, \u00e8 l&#8217;Ufficio Mondiali Sci Cortina 2021 della Provincia a occuparsi delle opere mondiali; una struttura formata da 5 componenti del servizio Stazione Appaltante, con l\u2019apporto di altri tecnici della Provincia, a seconda delle necessit\u00e0; da 2 ingegneri regionali quali Responsabili Unici del Procedimento degli interventi (RUP); da 2 giovani professionisti bellunesi che, tramite incarico del Mef, collaborano presso gli uffici di Palazzo Piloni dalla scorsa estate; e anche dalla collaborazione part time di un tecnico del Comune di Cortina.\u00a0 Nell\u2019ultimo anno e mezzo, la struttura provinciale ha varato quattro \u201cpacchetti\u201d di opere, attualmente in fase di esecuzione e realizzazione.\u00a0La struttura della Provincia di Belluno, attraverso la piattaforma informatica dedicata, attiva per ogni affidamento le verifiche &#8220;antimafia&#8221; presso la Prefettura di competenza. In questo modo, le grandi operazioni per i Mondiali 2021 vengono condotte in piena trasparenza e senza il rischio di infiltrazioni malavitose nell\u2019affidamento delle opere e dei cantieri.<\/p>\n<p><strong>IL PRESIDENTE DELLA PROVINCIA ROBERTO PADRIN<\/strong><\/p>\n<audio class=\"wp-audio-shortcode\" id=\"audio-101215-11\" preload=\"none\" style=\"width: 100%;\" controls=\"controls\"><source type=\"audio\/mpeg\" src=\"http:\/\/www.radiopiu.net\/wordpress\/wp-content\/uploads\/2019\/10\/Cortina-2021_Padrin.mp3?_=11\" \/><a href=\"http:\/\/www.radiopiu.net\/wordpress\/wp-content\/uploads\/2019\/10\/Cortina-2021_Padrin.mp3\">http:\/\/www.radiopiu.net\/wordpress\/wp-content\/uploads\/2019\/10\/Cortina-2021_Padrin.mp3<\/a><\/audio>\n<p>&nbsp;<\/p>\n<p>&nbsp;<\/p>\n<blockquote><p>&nbsp;<\/p><\/blockquote>\n<blockquote><p>&nbsp;<\/p><\/blockquote>\n<p>&nbsp;<\/p>\n<h3>MASSARO: MAGGIORE LIBERTA&#8217; AI COMUNI NELLE SCELTE ORGANIZZATIVE<\/h3>\n<p><strong><img loading=\"lazy\" decoding=\"async\" class=\" wp-image-97942 alignleft\" src=\"http:\/\/www.radiopiu.net\/wordpress\/wp-content\/uploads\/2019\/09\/Challenge-Day-InLab-2-300x200.jpg\" alt=\"\" width=\"210\" height=\"140\" srcset=\"https:\/\/www.radiopiu.net\/wordpress\/wp-content\/uploads\/2019\/09\/Challenge-Day-InLab-2-300x200.jpg 300w, https:\/\/www.radiopiu.net\/wordpress\/wp-content\/uploads\/2019\/09\/Challenge-Day-InLab-2-768x512.jpg 768w, https:\/\/www.radiopiu.net\/wordpress\/wp-content\/uploads\/2019\/09\/Challenge-Day-InLab-2-1024x683.jpg 1024w\" sizes=\"auto, (max-width: 210px) 100vw, 210px\" \/>BELLUNO<\/strong> &#8220;<em>Al nuovo governo, in vista della legge di bilancio, \u201cchiediamo di recuperare una maggiore libert\u00e0 nella definizione delle scelte organizzative sul personale superando il sistema di vincoli desueti e inappropriati che troppo spesso ingessano gli enti locali\u201d.<\/em> Lo ha affermato il sindaco di Belluno, Jacopo Massaro, al termine della riunione della commissione Anci Pubblica amministrazione, Personale e Relazioni sindacali svoltasi nella sede nazionale dell\u2019Associazione. Altro tema evidenziato da Massaro \u00e8 quello \u201cdell\u2019armonizzazione delle scelte fatte dal legislatore per allinearle al quadro normativo di riferimento sul personale. In alcuni casi, come il piano povert\u00e0, &#8220;<em>di cui condividiamo in pieno gli obiettivi \u2013 aggiunge l\u2019esponente Anci \u2013 non \u00e8 stata prevista una vera e propria armonizzazione. Ci chiedono di spendere delle risorse sui territori ma si sono dimenticati di prevedere regole che ci consentano di assumere personale per portare avanti i progetti\u201d. Sullo sfondo vi \u00e8 poi il tema da sviluppare sull\u2019equit\u00e0 e la congruit\u00e0 della spesa sul personale da parte delle amministrazioni comunali. \u201cCi sono citt\u00e0 che spendono troppi soldi mentre altre che ne spendono troppo pochi. Questo accade \u2013 spiega Massaro \u2013 perch\u00e9 la legislazione non ha tenuto conto del punto di partenza limitandosi a porre dei vincoli sulla spesa esistente. Vogliamo lavorare con il governo affinch\u00e9 i Comuni che spendono troppo spendano di meno e quelli che spendono poco possano spendere di pi\u00f9\u201d<\/em>, conclude il sindaco di Belluno.<\/p>\n<p>&nbsp;<\/p>\n<p>&nbsp;<\/p>\n<blockquote><p>&nbsp;<\/p><\/blockquote>\n<p>&nbsp;<\/p>\n<p>&nbsp;<\/p>\n<p>&nbsp;<\/p>\n<blockquote><p>&nbsp;<\/p><\/blockquote>\n<h3 align=\"JUSTIFY\">GIOVANI E MONDO DEL LAVORO, AL CENTRO GIOVANI DUE LABORATORI GRATUITI<\/h3>\n<p align=\"JUSTIFY\"><img loading=\"lazy\" decoding=\"async\" class=\" wp-image-101237 alignleft\" src=\"http:\/\/www.radiopiu.net\/wordpress\/wp-content\/uploads\/2019\/10\/8a4e91bb-50ed-491c-8506-f57a6568fa9a-300x214.jpg\" alt=\"\" width=\"219\" height=\"156\" srcset=\"https:\/\/www.radiopiu.net\/wordpress\/wp-content\/uploads\/2019\/10\/8a4e91bb-50ed-491c-8506-f57a6568fa9a-300x214.jpg 300w, https:\/\/www.radiopiu.net\/wordpress\/wp-content\/uploads\/2019\/10\/8a4e91bb-50ed-491c-8506-f57a6568fa9a-768x548.jpg 768w, https:\/\/www.radiopiu.net\/wordpress\/wp-content\/uploads\/2019\/10\/8a4e91bb-50ed-491c-8506-f57a6568fa9a-1024x730.jpg 1024w, https:\/\/www.radiopiu.net\/wordpress\/wp-content\/uploads\/2019\/10\/8a4e91bb-50ed-491c-8506-f57a6568fa9a.jpg 1600w\" sizes=\"auto, (max-width: 219px) 100vw, 219px\" \/><strong>FELTRE<\/strong> Il Centro Giovani di Feltre riprende le sue attivit\u00e0 all&#8217;insegna della formazione e dell&#8217;informazione. Dal 15 ottobre, infatti, avranno inizio due laboratori formativi sul tema lavoro destinati ai giovani fino ai 30 anni: \u201cIdee di impresa a confronto\u201d e \u201cIo e il mercato del lavoro\u201d. Entrambi i laboratori sono di gruppo e hanno come obiettivo quello di fornire ai giovani degli strumenti pratici per acquisire competenze, ma anche per fare autoanalisi e prendere consapevolezza di elementi utili al proprio percorso professionale-lavorativo. Il primo laboratorio, dal titolo \u201cIdee di impresa a confronto\u201d, \u00e8 costituito da 4 incontri per riflettere e confrontarsi sui nuclei tematici principali da tenere a mente se si vuole avviare una attivit\u00e0 in proprio. Esporre la propria idea e farsi contaminare dal gruppo d\u00e0 sempre stimoli nuovi ed interessanti di cui tenere conto e i formatori possono fornire degli strumenti di analisi da applicare al modello di impresa per sondarne la solidit\u00e0. Insomma, un primo indispensabile approccio a cosa significa fare impresa ed essere imprenditore. Il secondo laboratorio, \u201cIo e il mercato del lavoro\u201d, sar\u00e0 pure composto di 4 incontri e centrato, in questo caso, sugli strumenti di ricerca attiva di lavoro. Cercare lavoro \u00e8\u2026 un lavoro: richiede cura ed attenzione ma <img loading=\"lazy\" decoding=\"async\" class=\"size-medium wp-image-96205 alignleft\" src=\"http:\/\/www.radiopiu.net\/wordpress\/wp-content\/uploads\/2019\/08\/FAMILY-NICOLETTO-300x171.jpg\" alt=\"\" width=\"300\" height=\"171\" srcset=\"https:\/\/www.radiopiu.net\/wordpress\/wp-content\/uploads\/2019\/08\/FAMILY-NICOLETTO-300x171.jpg 300w, https:\/\/www.radiopiu.net\/wordpress\/wp-content\/uploads\/2019\/08\/FAMILY-NICOLETTO-768x439.jpg 768w, https:\/\/www.radiopiu.net\/wordpress\/wp-content\/uploads\/2019\/08\/FAMILY-NICOLETTO-1024x585.jpg 1024w, https:\/\/www.radiopiu.net\/wordpress\/wp-content\/uploads\/2019\/08\/FAMILY-NICOLETTO.jpg 1892w\" sizes=\"auto, (max-width: 300px) 100vw, 300px\" \/>soprattutto \u00e8 importante avere chiara la direzione da prendere. Il laboratorio di gruppo offre la possibilit\u00e0 di prendersi del tempo e affinare gli strumenti per muoversi con pi\u00f9 chiarezza nella ricerca.<\/p>\n<blockquote>\n<p align=\"JUSTIFY\"><em>\u201cEcco altre due interessanti opportunit\u00e0 che siamo riusciti a mettere a punto per i giovani che stanno cercando di disegnare il loro futuro lavorativo\u201d, commenta l\u2019assessora alle politiche giovanili del Comune di Feltre Debora Nicoletto. Invito in particolare gli under 30 interessati all\u2019argomento a sfruttare a pieno le professionalit\u00e0 e le conoscenze che saranno a disposizione i questi due percorsi laboratoriali\u201d.<\/em><\/p>\n<\/blockquote>\n<p align=\"JUSTIFY\"><strong>DALLA RASSEGNA STAMPA DELLE 8 DEBORA NICOLETTO<\/strong><\/p>\n<audio class=\"wp-audio-shortcode\" id=\"audio-101215-12\" preload=\"none\" style=\"width: 100%;\" controls=\"controls\"><source type=\"audio\/mpeg\" src=\"http:\/\/www.radiopiu.net\/wordpress\/wp-content\/uploads\/2019\/10\/nicoletto.mp3?_=12\" \/><a href=\"http:\/\/www.radiopiu.net\/wordpress\/wp-content\/uploads\/2019\/10\/nicoletto.mp3\">http:\/\/www.radiopiu.net\/wordpress\/wp-content\/uploads\/2019\/10\/nicoletto.mp3<\/a><\/audio>\n<blockquote>\n<p align=\"JUSTIFY\">\n<\/blockquote>\n<blockquote>\n<p align=\"JUSTIFY\">\n<\/blockquote>\n<h3>A MATERA 2019 BELLUNO SI RACCONTA CON LE SUE ECCELLENZE<\/h3>\n<blockquote><p><em> Belluno si presenter\u00e0 con l\u2019abito delle grandi occasioni, raccontando settant\u2019anni di cambiamenti. Il titolo della mostra, del resto, \u00e8 evocativo \u201c1956-2026 Belluno Dolomiti, una provincia olimpica\u201d.<\/em><\/p><\/blockquote>\n<p><strong>BELLUNO<\/strong>\u00a0 Raccontare Belluno, il suo territorio, le sue eccellenze a una platea internazionale, condensandone il meglio in una settimana: questo l\u2019obiettivo di Confindustria Belluno Dolomiti che dall\u20198 al 13 di ottobre sar\u00e0 a Matera, capitale europea della cultura 2019, per presentare il genius loci bellunese accanto al Consorzio Dmo Dolomiti. Lo far\u00e0 attraverso una mostra e una serie di avvenimenti nella prestigiosa cornice dell\u2019ipogeo San Francesco, in uno di quei \u201csassi\u201d che ormai tutto il mondo ha imparato a conoscere e apprezzare. Un\u2019occasione unica e irripetibile per elevare la montagna bellunese a luogo di bellezza e saperi, arte e sport. Con un minimo comun denominatore: la cultura quale fattore decisivo anche per la competitivit\u00e0 economica del territorio. La presenza bellunese si colloca nel contesto dell\u2019iniziativa di Confindustria \u201cMatera 2019: l\u2019Open future delle imprese <a class=\"dt-pswp-item\" href=\"http:\/\/www.radiopiu.net\/wordpress\/wp-content\/uploads\/2019\/09\/Lorraine_Berton.jpg\" data-dt-img-description=\"\" data-large_image_width=\"767\" data-large_image_height=\"768\"><img loading=\"lazy\" decoding=\"async\" class=\" wp-image-99105 alignleft\" src=\"http:\/\/www.radiopiu.net\/wordpress\/wp-content\/uploads\/2019\/09\/Lorraine_Berton-300x300.jpg\" alt=\"\" width=\"184\" height=\"184\" srcset=\"https:\/\/www.radiopiu.net\/wordpress\/wp-content\/uploads\/2019\/09\/Lorraine_Berton-300x300.jpg 300w, https:\/\/www.radiopiu.net\/wordpress\/wp-content\/uploads\/2019\/09\/Lorraine_Berton-150x150.jpg 150w, https:\/\/www.radiopiu.net\/wordpress\/wp-content\/uploads\/2019\/09\/Lorraine_Berton.jpg 767w\" sizes=\"auto, (max-width: 184px) 100vw, 184px\" \/><\/a>italiane\u201d, cui l\u2019Associazione degli industriali bellunesi ha aderito con il suo progetto di Distretto culturale evoluto sostenuto da Ministero dei beni culturali, Regione e Provincia.<\/p>\n<blockquote><p><em>\u00abIl nostro \u00e8 stato tra i 50 progetti scelti a livello nazionale per rappresentare l\u2019eccellenza del Paese\u00a0 &#8211; dice la presidente di Confindustria Belluno Dolomiti Lorraine Berton &#8211; attendiamo un numero significativo di visitatori, riprende la presidente Berton, che da tempo sta costruendo un percorso di sinergia con tutte le associazioni del sistema che hanno al proprio interno aree montane: penso che \u2013 nonostante le differenze \u2013 il fare impresa in territori montani e periferici sia un valore aggiunto che ci obbliga a mettere insieme le forze per contare di pi\u00f9 nei tavoli nazionali e nei confronti delle Istituzioni&#8221;.<\/em><\/p><\/blockquote>\n<p>&nbsp;<\/p>\n<p>&nbsp;<\/p>\n<blockquote><p>&nbsp;<\/p><\/blockquote>\n<p>&nbsp;<\/p>\n<p>&nbsp;<\/p>\n<p>&nbsp;<\/p>\n<blockquote><p>&nbsp;<\/p><\/blockquote>\n<h3 align=\"JUSTIFY\">LA DOMANDA DI UN CITTADINO<\/h3>\n<p align=\"JUSTIFY\"><strong>di Rodolfo Pellegrinon_Falcade<\/strong><\/p>\n<blockquote>\n<p align=\"JUSTIFY\"><em>Come cittadino che segue anche la politica locale mi chiedo: Come mai l\u2019Unione Montana Agordina non provvede a rinnovare le cariche e nominare un nuovo Presidente? Mi risulta che viene regolarmente convocato il Consiglio e anche le riunioni di giunta che continua a deliberare nonostante nel suo interno ci siano dei componenti che, a seguito delle elezioni precedenti, hanno perso tutti i diritti e, a tutt\u2019oggi sono dei semplici cittadini. Domando: \u00e8 regolare questa situazione? Cosa si aspetta a convocare il nuovo consiglio e nominare al posto dei decaduti i nuovi eletti?<\/em><\/p>\n<\/blockquote>\n<h3 align=\"JUSTIFY\"><\/h3>\n<p>&nbsp;<\/p>\n<blockquote><p>&nbsp;<\/p><\/blockquote>\n<h3 align=\"JUSTIFY\"><\/h3>\n<h3 align=\"JUSTIFY\"><\/h3>\n<p>&nbsp;<\/p>\n<blockquote><p>&nbsp;<\/p><\/blockquote>\n<h3 align=\"JUSTIFY\">AL VIA GLI INCONTRI FRAZIONALI FELTRINI<\/h3>\n<p align=\"JUSTIFY\"><strong>FELTRE<\/strong> Riprendono gli incontri frazionali dell\u2019amministrazione: marted\u00ec prossimo appuntamento a Mugnai. Riprende, dopo la pausa estiva, la serie di incontri programmati dall\u2019amministrazione con i cittadini residenti nelle frazioni. Il \u201ctour\u201d autunnale partir\u00e0 da Mugnai, dove i cittadini sono invitati a partecipare all\u2019incontro in programma presso la sala civica a partire dalle 20.45. Tra gli argomenti all\u2019ordine del giorno vi sono l\u2019aggiornamento sulla situazione dei danni causati dalla tempesta Vaia, il resoconto dell\u2019attivit\u00e0 amministrativa, oltre al dibattito ed eventuali segnalazioni da parte dei cittadini . Altri incontri, gi\u00e0 programmati, si svolgeranno poi marted\u00ec 15 ottobre per le frazioni di Pren e Lamen, marted\u00ec 22 ottobre per quelle di Nemeggio e Pont e gioved\u00ec 24 ottobre a Vignui. Luogo e orario precisi saranno comunicati appena possibile. Tutti i cittadini sono naturalmente invitati a partecipare a queste importanti occasioni di dialogo e confronto con l\u2019amministrazione.<\/p>\n<h3 align=\"JUSTIFY\"><\/h3>\n<p>&nbsp;<\/p>\n<blockquote><p>&nbsp;<\/p><\/blockquote>\n<h3 align=\"JUSTIFY\"><\/h3>\n<h3 align=\"JUSTIFY\"><\/h3>\n<p>&nbsp;<\/p>\n<blockquote><p>&nbsp;<\/p><\/blockquote>\n<h3 align=\"JUSTIFY\">INAUGURAZIONE EXPO DOLOMITI \u2013 DOLOMITI SHOW<\/h3>\n<p align=\"JUSTIFY\"><strong>LONGARONE<\/strong>\u00a0 Oggi alle 11.30 il taglio del nasto della fiera quest&#8217;anno sul tema \u00a0\u201cVerso i Mondiali 2021 e Olimpiadi 2026: prospettive, opportunit\u00e0 e sviluppo del nostro territorio \u2013 turismo e ospitalit\u00e0\u201d. Seguir\u00e0\u00a0 alle 11.45\u00a0 i saluti delle autorit\u00e0. Alle<br \/>\n12\u00a0 Tavola rotonda Verso i Mondiali 2021 e Olimpiadi 2026\u00a0presso Sala Congressi<br \/>\nDolomiti Show. Modera il giornalista Paolo Cagnan, Condirettore Corriere delle Alpi.<br \/>\nIntervengono: \u00a0Federico D\u2019Inc\u00e0, Ministro per i rapporti con il Parlamento, \u00a0Gianpaolo Bottacin \u2013 Assessore all\u2019ambiente e protezione civile della Regione del Veneto con delega del Presidente Luca Zaia, Federico Caner \u2013 Assessore alla programmazione, fondi UE, turismo, commercio estero della Regione del Veneto, Roberto Padrin\u00a0 Presidente Provincia Belluno, Presidente Consorzio DMO Dolomiti e Sindaco di Longarone,\u00a0 \u00a0Gianpietro Ghedina \u2013 Sindaco di Cortina d\u2019Ampezzo, Roberta Guaineri assessore al turismo, sport e qualit\u00e0 della vita del Comune di Milano<\/p>\n<h3 align=\"JUSTIFY\"><\/h3>\n<p>&nbsp;<\/p>\n<blockquote><p>&nbsp;<\/p><\/blockquote>\n<h3 align=\"JUSTIFY\"><\/h3>\n<h3 align=\"JUSTIFY\"><\/h3>\n<p>&nbsp;<\/p>\n<blockquote><p>&nbsp;<\/p><\/blockquote>\n<h3 align=\"JUSTIFY\">SECONDA EDIZIONE DEL PREMIO ZANFRON, SULLA HOME DEL SITO PAGINA IN AGGIORNAMENTO<\/h3>\n<p><strong><a class=\"dt-pswp-item\" href=\"http:\/\/www.radiopiu.net\/wordpress\/wp-content\/uploads\/2019\/10\/images.jpg\" data-dt-img-description=\"\" data-large_image_width=\"300\" data-large_image_height=\"168\"><img loading=\"lazy\" decoding=\"async\" class=\" wp-image-101218 alignleft\" src=\"http:\/\/www.radiopiu.net\/wordpress\/wp-content\/uploads\/2019\/10\/images-300x168.jpg\" alt=\"\" width=\"243\" height=\"136\" \/><\/a>LONGARONE<\/strong> Oggi\u00a0 alle 17.30 nella sala consiliare del Municipio di Longarone, all\u2019interno delle manifestazioni per il 56. anniversario della tragedia del Vajont\u00a0 cerimonia di premiazione della seconda edizione del premio giornalistico intitolato alla memoria di Giuseppe \u201cBepi\u201d Zanfron, organizzato da Assostampa Belluno e Sindacato Giornalisti Veneto. Il premio ha visto concorrere giornalisti che si sono occupati di fatti di cronaca legati al dissesto idrogeologico o eventi climatici, raccontandoli tramite le immagini. Anche per l\u2019edizione 2019 gli organizzatori hanno voluto confermare il tema del dissesto idrogeologico proposto gi\u00e0 nel 2018, tema che, oltre ad essere strettamente legato al lavoro di Zanfron il cui nome \u00e8 indissolubilmente legato agli scatti del Vajont, ha segnato a livello nazionale la cronaca dello scorso anno, dalla tempesta Vaia nel Bellunese, Veneto e Trentino Alto Adige fino alle alluvioni che hanno colpito il Paese dalla Liguria alla Sicilia<\/p>\n<p>&nbsp;<\/p>\n<p>&nbsp;<\/p>\n<p>&nbsp;<\/p>\n<p>&nbsp;<\/p>\n<h3>ATTIVITA&#8217; DELL&#8217;ASSOCIAZIONE CULTURALE PIGMENTI<\/h3>\n<p><strong>BELLUNO<\/strong> Sono aperte le iscrizioni ai corsi organizzati dall&#8217;associazione culturale Pigmenti. L&#8217;associazione si propone di organizzare eventi che permettano di far fruire in modo concreto ai cittadini l&#8217;arte attraverso conferenze,visite guidate a mostre e musei, corsi di pittura accademica, astratta, disegno, acquerello, scrittura creative e poesia visiva. Dalla prossima settimana sar\u00e0 possibile partecipare alle attivit\u00e0 del laboratorio in via Mezzaterra a Belluno. In particolare, &#8220;liberare il potenziale creativo del disegno&#8221; con la Professoressa Efisia Schirru, &#8220;l&#8217;emozione del segno&#8221; con Barbara Dall&#8217;Agnol,\u00a0 &#8220;acquerello&#8221; con la Professoressa Sabrina Frison e\u00a0 &#8220;pittura ad olio astratta ed accademica&#8221; con il Professor Michele Tison.<\/p>\n<p>&nbsp;<\/p>\n<p>&nbsp;<\/p>\n<p>&nbsp;<\/p>\n<h3>DOMANI EL DI DEL TRATOR A CANALE D&#8217;AGORDO<\/h3>\n<p><strong><a class=\"dt-pswp-item\" href=\"http:\/\/www.radiopiu.net\/wordpress\/wp-content\/uploads\/2019\/10\/tractor-371250__340.jpg\" data-dt-img-description=\"\" data-large_image_width=\"510\" data-large_image_height=\"340\"><img loading=\"lazy\" decoding=\"async\" class=\"wp-image-101228 alignleft\" src=\"http:\/\/www.radiopiu.net\/wordpress\/wp-content\/uploads\/2019\/10\/tractor-371250__340-300x200.jpg\" alt=\"\" width=\"164\" height=\"109\" srcset=\"https:\/\/www.radiopiu.net\/wordpress\/wp-content\/uploads\/2019\/10\/tractor-371250__340-300x200.jpg 300w, https:\/\/www.radiopiu.net\/wordpress\/wp-content\/uploads\/2019\/10\/tractor-371250__340.jpg 510w\" sizes=\"auto, (max-width: 164px) 100vw, 164px\" \/><\/a>CANALE D&#8217;AGORDO<\/strong> Finalmente con il bel tempo, tutto \u00e8 pronto a Canale d&#8217;Agordo per una vento da \u00a0tradizioni agricole in Agordino&#8221;. Il programma: \u00a09 Ritrovo in Piazza Papa Luciani ed iscrizioni; \u00a011 Partenza sfilata in direzione di Falcade; \u00a012 Apertura cucina con Men\u00f9 del Trattorista; \u00a012.30 Ritorno dei trattori in Piazza e pranzo sotto il tendone; 15.30 Premiazioni a sorteggio e premiazioni trattori<\/p>\n<p>&nbsp;<\/p>\n<p>&nbsp;<\/p>\n<p>&nbsp;<\/p>\n<h3>RIVA&#8230; L&#8217;OKTOBERFEST, PRIMA EDIZIONE CON LA PROLOCO<\/h3>\n<p><strong><a class=\"dt-pswp-item\" href=\"http:\/\/www.radiopiu.net\/wordpress\/wp-content\/uploads\/2019\/10\/oktoberfest-girl-4433337__340.png\" data-dt-img-description=\"\" data-large_image_width=\"124\" data-large_image_height=\"340\"><img loading=\"lazy\" decoding=\"async\" class=\" wp-image-101066 alignleft\" src=\"http:\/\/www.radiopiu.net\/wordpress\/wp-content\/uploads\/2019\/10\/oktoberfest-girl-4433337__340-109x300.png\" alt=\"\" width=\"62\" height=\"171\" srcset=\"https:\/\/www.radiopiu.net\/wordpress\/wp-content\/uploads\/2019\/10\/oktoberfest-girl-4433337__340-109x300.png 109w, https:\/\/www.radiopiu.net\/wordpress\/wp-content\/uploads\/2019\/10\/oktoberfest-girl-4433337__340.png 124w\" sizes=\"auto, (max-width: 62px) 100vw, 62px\" \/><\/a>RIVAMONTE<\/strong> Che la Proloco fosse in fase di rinnovamento lo si era intuito, la macchina dell&#8217;organizzazione gi\u00e0 si \u00e8 mossa con grande vigore in occasione della festivit\u00e0 di Sant&#8217;Antonio ma \u00e8 stata notata l&#8217;importante presenza anche nell&#8217;altro evento fiore all&#8217;occhello quale RivaNadal. Ora il team guidato da Giacomo Bressan ne ha inventata un&#8217;altra, una festa\u00a0 nei giorni venerd\u00ec 18 sabato 19 domenica 20 ottobre presso gli impianti sportivi. Ecco in anteprima il programma della festa:\u00a0 <strong>Venerd\u00ec<\/strong> alle 18 apertura tendone HAPPY HOUR, alle 19 stand gastronomico con piatti bavaresi\u00a0 dalle 21 musica con i SPRITZ BAND di Predazzo.\u00a0<strong>Sabato<\/strong>\u00a0 stand gastronomico\u00a0 e dalle 21 musica con i PEONES\u00a0 e\u00a0 DJ\u00a0 set con Morgan.\u00a0 <strong>Domenica<\/strong> tendone aperto fin dalle 10, mercatino dei lavori e sapori di una volta, sfilata dal piazzale della chiesa agli impianti sportivi con la L\u2019BANDIN DA TIEZER\u201d\u00a0 (Tesero valle di Fiemme ) che allieter\u00e0 anche il pomeriggio con musiche e balli in stile tirolese, dalle 21 lo stand gastronomico\u00a0 con porchetta allo spiedo e nel pomeriggio &#8220;svuotiamo i fusti&#8221;. (foto pixabay)<\/p>\n<p>&nbsp;<\/p>\n<p>&nbsp;<\/p>\n<p>&nbsp;<\/p>\n<p>&nbsp;<\/p>\n<h3>LA FOTO DEL GIORNO DI ANDREA AMICO, AGORDO 1915<\/h3>\n<p><img loading=\"lazy\" decoding=\"async\" class=\"alignnone wp-image-101268\" src=\"http:\/\/www.radiopiu.net\/wordpress\/wp-content\/uploads\/2019\/10\/71030077_760308007739032_7282526528255033344_n-300x221.jpg\" alt=\"\" width=\"451\" height=\"333\" srcset=\"https:\/\/www.radiopiu.net\/wordpress\/wp-content\/uploads\/2019\/10\/71030077_760308007739032_7282526528255033344_n-300x221.jpg 300w, https:\/\/www.radiopiu.net\/wordpress\/wp-content\/uploads\/2019\/10\/71030077_760308007739032_7282526528255033344_n-768x566.jpg 768w, https:\/\/www.radiopiu.net\/wordpress\/wp-content\/uploads\/2019\/10\/71030077_760308007739032_7282526528255033344_n-1024x755.jpg 1024w, https:\/\/www.radiopiu.net\/wordpress\/wp-content\/uploads\/2019\/10\/71030077_760308007739032_7282526528255033344_n.jpg 1444w\" sizes=\"auto, (max-width: 451px) 100vw, 451px\" \/><\/p>\n<p>&nbsp;<\/p>\n<p>&nbsp;<\/p>\n<p>&nbsp;<\/p>\n<p>&nbsp;<\/p>\n<h2><img loading=\"lazy\" decoding=\"async\" class=\"size-medium wp-image-101312 alignleft\" src=\"http:\/\/www.radiopiu.net\/wordpress\/wp-content\/uploads\/2019\/10\/safe_image-300x156.jpg\" alt=\"\" width=\"300\" height=\"156\" srcset=\"https:\/\/www.radiopiu.net\/wordpress\/wp-content\/uploads\/2019\/10\/safe_image-300x156.jpg 300w, https:\/\/www.radiopiu.net\/wordpress\/wp-content\/uploads\/2019\/10\/safe_image.jpg 476w\" sizes=\"auto, (max-width: 300px) 100vw, 300px\" \/>OLIMPIADI MILANO-CORTINA SALTATE PER COLPA DI GHEDINA<\/h2>\n<p><strong>Olimpiadi a rischio per la scappatella dello zio&#8230; lo scherzo alle Ieni<\/strong><br \/>\n<strong>GODITI IL FILMATO,<span style=\"color: #0000ff;\"> <a style=\"color: #0000ff;\" href=\"https:\/\/www.msn.com\/it-it\/video\/intrattenimento\/di-sarno-olimpiadi-a-rischio-per-la-scappatella-dello-zio-di-ghedina-lo-scherzo\/vi-AAIfsOW?ocid=sf\">CLICCA QUI<\/a><\/span><\/strong><\/p>\n<p>&nbsp;<\/p>\n<h3><\/h3>\n<p>&nbsp;<\/p>\n<p>&nbsp;<\/p>\n<p>&nbsp;<\/p>\n<p>&nbsp;<\/p>\n<h3><a class=\"dt-pswp-item\" href=\"http:\/\/www.radiopiu.net\/wordpress\/wp-content\/uploads\/2018\/09\/appuntamenti.jpeg\" data-dt-img-description=\"\" data-large_image_width=\"800\" data-large_image_height=\"100\"><img loading=\"lazy\" decoding=\"async\" class=\"aligncenter wp-image-61958 size-full\" src=\"http:\/\/www.radiopiu.net\/wordpress\/wp-content\/uploads\/2018\/09\/appuntamenti.jpeg\" alt=\"\" width=\"800\" height=\"100\" srcset=\"https:\/\/www.radiopiu.net\/wordpress\/wp-content\/uploads\/2018\/09\/appuntamenti.jpeg 800w, https:\/\/www.radiopiu.net\/wordpress\/wp-content\/uploads\/2018\/09\/appuntamenti-300x38.jpeg 300w, https:\/\/www.radiopiu.net\/wordpress\/wp-content\/uploads\/2018\/09\/appuntamenti-768x96.jpeg 768w\" sizes=\"auto, (max-width: 800px) 100vw, 800px\" \/><\/a><\/h3>\n<h3><\/h3>\n<h3><a class=\"dt-pswp-item\" href=\"http:\/\/www.radiopiu.net\/wordpress\/wp-content\/uploads\/2019\/10\/2490270_339.jpg\" data-dt-img-description=\"\" data-large_image_width=\"930\" data-large_image_height=\"1400\"><img loading=\"lazy\" decoding=\"async\" class=\" wp-image-101131 alignleft\" src=\"http:\/\/www.radiopiu.net\/wordpress\/wp-content\/uploads\/2019\/10\/2490270_339-199x300.jpg\" alt=\"\" width=\"157\" height=\"237\" srcset=\"https:\/\/www.radiopiu.net\/wordpress\/wp-content\/uploads\/2019\/10\/2490270_339-199x300.jpg 199w, https:\/\/www.radiopiu.net\/wordpress\/wp-content\/uploads\/2019\/10\/2490270_339-768x1156.jpg 768w, https:\/\/www.radiopiu.net\/wordpress\/wp-content\/uploads\/2019\/10\/2490270_339-680x1024.jpg 680w, https:\/\/www.radiopiu.net\/wordpress\/wp-content\/uploads\/2019\/10\/2490270_339.jpg 930w\" sizes=\"auto, (max-width: 157px) 100vw, 157px\" \/><\/a><\/h3>\n<h3><\/h3>\n<h3><\/h3>\n<h3><\/h3>\n<h3>QUESTA SERA A TEATRO L&#8217;OPERA NEL RICORDO DI EMANUELE<\/h3>\n<p><strong>DI DAMIANO TORMEN<\/strong><\/p>\n<audio class=\"wp-audio-shortcode\" id=\"audio-101215-13\" preload=\"none\" style=\"width: 100%;\" controls=\"controls\"><source type=\"audio\/mpeg\" src=\"http:\/\/www.radiopiu.net\/wordpress\/wp-content\/uploads\/2019\/10\/damiano-domani.mp3?_=13\" \/><a href=\"http:\/\/www.radiopiu.net\/wordpress\/wp-content\/uploads\/2019\/10\/damiano-domani.mp3\">http:\/\/www.radiopiu.net\/wordpress\/wp-content\/uploads\/2019\/10\/damiano-domani.mp3<\/a><\/audio>\n<p>&nbsp;<\/p>\n<p>&nbsp;<\/p>\n<h4>LA NUOVA STAGIONE DELLA PISCINA DI AGORDO<\/h4>\n<p><strong>di GIANNI SANTOMASO<\/strong><\/p>\n<p><strong>AGORDO<\/strong> La nuova gestione della piscina di Agordo verr\u00e0 inaugurata oggi alle 17. Dopo l&#8217;apertura vera e propria di fine agosto arrivata a distanza di un mese circa dall&#8217;interruzione della precedente gestione, Attivamente Agordino, la societ\u00e0 presieduta da Giorgio De Nardin che ha preso in mano le redini dell&#8217;impianto comprensoriale di Agordo, ha organizzato per sabato un momento di festa che si aprir\u00e0 alle 17 con gli interventi delle autorit\u00e0.A seguire verr\u00e0 offerta una dimostrazione delle attivit\u00e0 che vengono svolte in vasca, quindi spazio a un brindisi.Di propriet\u00e0 dell&#8217;Unione montana agordina, la piscina e il palazzetto dello sport di via Lungorova rappresentano due importanti infrastrutture per la cittadinanza di tutta la vallata. Saranno dunque in molti, sabato, a salutare con il momento di festa la ripresa dell&#8217;attivit\u00e0<\/p>\n<p>&nbsp;<\/p>\n<p>&nbsp;<\/p>\n<h4>VENETO IN CORO, QUARANT&#8217;ANNI DOPO<\/h4>\n<p><strong>BELLUNO\u00a0<\/strong> Ed ecco la Rassegna Corale provinciale in occasione del 40\u00b0 di fondazione dell&#8217;ASAC,\u00a0 si terr\u00e0\u00a0 questa sera alle\u00a0 \u00a020.30 al cinema Piave di\u00a0 Santo Stefano di Cadore con: il coro polifonico di Trichiana diretto da Stefano Bittante; la \u00a0corale San Marco di Venas di Cadore di\u00a0 Silvia Dall&#8217;Asta e la \u00a0corale femminile vittoriese diretta da\u00a0 Patrizia Tomasi<\/p>\n<p>&nbsp;<\/p>\n<h4><strong>IL SALUTO DI UNA COMUNITA&#8217; A DON MARIO ZANON<\/strong><\/h4>\n<p><strong>TAIBON\u00a0<\/strong>La comunit\u00e0 parrocchiale invita la popolazione domani\u00a0 alle 10 alla messa per salutare e ringraziare Don Mario per gli anni dedicati al servizio della comunit\u00e0.<\/p>\n<p>&nbsp;<\/p>\n<h4>DUE APPUNTAMENTI CON GLI EX EMIGRANTI<\/h4>\n<p><strong>CENCENIGHE<\/strong> La famiglia ex emigranti agordini organizza il pranzo sociale per domenica 13 ottobre all&#8217;Hotel Europa di Alleghe. Programma: 10 messa in ricordo degli emigranti scomparsi; 12.30 pranzo e lotteria. Prenotazioni entro il 10 ottobre all&#8217;hotel, telefono\u00a0 0437 523362, oppure dalla presidente Lucia De Toffol 0437 591492. Per il 27 ottobre terzo anniversario dell&#8217;inaugurazione del Monumento dell&#8217;emigrante a Cencenighe con la posa di una corona d&#8217;alloro, alle 10.30 la messa a seguire il corteo verso il piazzale Nof Filo&#8217;.<\/p>\n<p>&nbsp;<\/p>\n<p>&nbsp;<\/p>\n<p><strong><a class=\"dt-pswp-item\" href=\"http:\/\/www.radiopiu.net\/wordpress\/wp-content\/uploads\/2018\/09\/viabilita.jpeg\" data-dt-img-description=\"\" data-large_image_width=\"800\" data-large_image_height=\"100\"><img loading=\"lazy\" decoding=\"async\" class=\"alignnone wp-image-61954 size-full\" src=\"http:\/\/www.radiopiu.net\/wordpress\/wp-content\/uploads\/2018\/09\/viabilita.jpeg\" alt=\"\" width=\"800\" height=\"100\" srcset=\"https:\/\/www.radiopiu.net\/wordpress\/wp-content\/uploads\/2018\/09\/viabilita.jpeg 800w, https:\/\/www.radiopiu.net\/wordpress\/wp-content\/uploads\/2018\/09\/viabilita-300x38.jpeg 300w, https:\/\/www.radiopiu.net\/wordpress\/wp-content\/uploads\/2018\/09\/viabilita-768x96.jpeg 768w\" sizes=\"auto, (max-width: 800px) 100vw, 800px\" \/><\/a><\/strong><\/p>\n<h3><\/h3>\n<h3>CHIUSA LA PROVINCIALE PER SAN TOMASO<\/h3>\n<p><strong>SAN TOMASO<\/strong> Veneto Strade informa che\u00a0 fino\u00a0 all&#8217;11 ottobre (sabato e festivi inclusi) tra le localit\u00e0 Pian Molin e Roi il traffico sar\u00e0 totalmente interdetto a tutti i veicoli per la posa di una condotta elettrica, l&#8217;interruzione lungo la provinciale 8 al chilometro 6 per un tratto di 340 metri.<\/p>\n<h3>PROVINCIALE 346 SAN PELLEGRINO: TRE SENSI UNICI E BREVI INTERRUZIONI<\/h3>\n<p><strong>CANALE D&#8217;AGORD<\/strong>O Ai due cantieri per la realizzazione della rete acquedottistica si aggiunge un terzo cantiere in prossimit\u00e0 di Canale d&#8217;Agordo. Veneto Strade ha emesso una precisa ordinanza in vigore fino al 15 ottobre: senso unico alternato regolato da movieri con possibili brevi interruzioni della durata massima di 10 minuti per lavori di esbosco al chilometri 26 E 350 per 100 metri.<br \/>\n<strong>LE DUE PRECEDENTI<\/strong><\/p>\n<p><strong>SP 346 PASSO SAN PELLEGRINO<\/strong>:\u00a0 fino al 6 dicembre senso unico tra Canale d\u2019Agordo e Vallada per esecuzione lavori alla rete acquedottistica;\u00a0 \u00a0dal 7 ottobre al 15 novembre senso unico alternato all\u2019inbocco nord della galleria delle Anime, esclusi i giorni festivi e prefestivi.<\/p>\n<p><strong>PROVINCIALE DELLA VAL FIORENTINA<\/strong> di nuovo a doppio senso di marcia, tolto il semaforo a Caprile. La strada \u00e8 rimasta chiusa dall&#8217;ottobre di un anno fa allo scorso 5 agosto. A breve aprir\u00e0 un nuovo cantiere in localit\u00e0 all&#8217;Aiva.<\/p>\n<p>&nbsp;<\/p>\n<p><strong>PROVINCIALE 347 DEL DURAN E CEREDA<\/strong>: dal 7 al 18 ottobre, sabato e domenica escluso, senso unico alternato per lavori\u00a0 GSP in Val di Zoldo, chilometro 59.<\/p>\n<p><strong>PROVINCIALE 251 VAL DI ZOLDO<\/strong> In localit\u00e0 Colle Santa Lucia fino al 15 ottobre senso unico alternato esclusi sabati e domeniche per singoli tratti, massimo 250 metri.<\/p>\n<p><strong>Regionale 48 delle Dolomiti,<\/strong> localit\u00e0 San Giovanni di Livinallongo: fino al 4 ottobre dalle 8.30 alle 12 e dalle 13.30 alle 17.30 senso unico alternato e interruzioni della durata massima di 20 minuti.<\/p>\n<p><strong>Regionale 251 Val di Zoldo,<\/strong> Comune di Colle Santa Lucia:\u00a0 senso unico alternato.<\/p>\n<p><strong>Regionale 346 del San<\/strong> Pellegrino Comune di Falcade: fino al 18 ottobre escusi festivi e prefestivi, senso unico alternato.<\/p>\n<p><strong>Provinciale 563 di Salesei,<\/strong> Comune di Rocca Pietore:\u00a0 fino al 11 ottobre senso unico alternato regolato da movieri dalle 8 alle 18<\/p>\n<p>&nbsp;<\/p>\n<p><center>\u00a0<\/center>&nbsp;<\/p>\n<p><a class=\"dt-pswp-item\" href=\"http:\/\/www.radiopiu.net\/wordpress\/wp-content\/uploads\/2018\/09\/sport.jpg\" data-dt-img-description=\"\" data-large_image_width=\"800\" data-large_image_height=\"100\"><img loading=\"lazy\" decoding=\"async\" class=\"aligncenter wp-image-60761 size-full\" src=\"http:\/\/www.radiopiu.net\/wordpress\/wp-content\/uploads\/2018\/09\/sport.jpg\" alt=\"\" width=\"800\" height=\"100\" srcset=\"https:\/\/www.radiopiu.net\/wordpress\/wp-content\/uploads\/2018\/09\/sport.jpg 800w, https:\/\/www.radiopiu.net\/wordpress\/wp-content\/uploads\/2018\/09\/sport-300x38.jpg 300w, https:\/\/www.radiopiu.net\/wordpress\/wp-content\/uploads\/2018\/09\/sport-768x96.jpg 768w\" sizes=\"auto, (max-width: 800px) 100vw, 800px\" \/><\/a><\/p>\n<p>&nbsp;<\/p>\n<p>&nbsp;<\/p>\n<h3>VOLLEY, CALCIO E HOCKEY DEL FINE SETTIMANA<\/h3>\n<blockquote><p><strong>VOLLEY<\/strong><\/p><\/blockquote>\n<p>Al via il campionato under 16 per il Volley Club Agordino che domani mattina giocher\u00e0 la partita d&#8217;esordio in trasferta contro il Limana. La squadra allenata da De Nardin sar\u00e0 in trasferta, inizio alle ore 10:30.<\/p>\n<blockquote><p><strong>HOCKEY<\/strong><\/p><\/blockquote>\n<p>Appuntamento questa sera alle ore 20:30, con diretta su Radio Pi\u00f9, per la quarta giornata della IHL. Dopo il turno di riposo, l&#8217;Alleghe ritorna in campo al De Toni per sfidare il Valpeagle. Per quanto riguarda il settore giovanile delle civette, la Under 19 giocher\u00e0 ad Alba di Canazei contro il Renon domani alle 17:30. Fassa\/Alleghe Under 17 in campo oggi alle 17:15 quando a Merano si scontrer\u00e0 con i padroni di casa. Alleghe Under 15 che domani mattina alle 11 giocher\u00e0 al De Toni contro Ora\/Egna.<\/p>\n<blockquote><p><strong>CALCIO<\/strong><\/p><\/blockquote>\n<p>Giovanili dell&#8217;Agordina impegnate nei vari campionati provinciali. Juniores che ha posticipato la sfida contro il Cadore in programma questo fine settimana. Allievi in campo domani alle ore 10 quando all&#8217;Ivano Dorigo di Agordo si scontreranno con il Borgo Valbelluna. Giovanissimi che giocheranno oggi alle 15:30 sul campo di Cencenighe contro il Castion.<\/p>\n<p>Anche l&#8217;Union San Giorgio continua i campionati allievi regionali e provinciali. Per il campionato regionale la squadra di Sedico affronter\u00e0 il Treviso in trasferta domani alle 15, mentre nel campionato provinciale, domani alle 10, ci sar\u00e0 la trasferta contro il Cavarzano.<\/p>\n<p>Quarta giornata della Terza categoria della provincia di Belluno con l&#8217;Agordina che domani scender\u00e0 a Longarone dove alle 15:30 si scontrer\u00e0 con i padroni di casa. Un match che sar\u00e0 anticipato da un momento commemorativo per ricordare le vittime della strage del Vajont.<\/p>\n<p>Nel campionato di Prima Categoria \u00e8 in programma il derby tra Fiori Barp e Cadore. Una partita sentita da entrambe le squadre.<\/p>\n<p style=\"text-align: left;\"><strong>DOMANI ALLE 15:30 SU RADIO PIU&#8217; \u201cDOMENICA PIU&#8217; SPORT\u201d PER SEGUIRE IN DIRETTA LE PARTITE DI AGORDINA E FIORI BARP MAS<\/strong><\/p>\n<p>&nbsp;<\/p>\n<p>&nbsp;<\/p>\n<p>&nbsp;<\/p>\n<p>&nbsp;<\/p>\n<h2><img loading=\"lazy\" decoding=\"async\" class=\"size-medium wp-image-101309 alignleft\" src=\"http:\/\/www.radiopiu.net\/wordpress\/wp-content\/uploads\/2019\/10\/Pre-Gara-Rally-del-Sebino-Lino-Lena-2019-1-300x188.jpg\" alt=\"\" width=\"300\" height=\"188\" srcset=\"https:\/\/www.radiopiu.net\/wordpress\/wp-content\/uploads\/2019\/10\/Pre-Gara-Rally-del-Sebino-Lino-Lena-2019-1-300x188.jpg 300w, https:\/\/www.radiopiu.net\/wordpress\/wp-content\/uploads\/2019\/10\/Pre-Gara-Rally-del-Sebino-Lino-Lena-2019-1-768x480.jpg 768w, https:\/\/www.radiopiu.net\/wordpress\/wp-content\/uploads\/2019\/10\/Pre-Gara-Rally-del-Sebino-Lino-Lena-2019-1.jpg 800w\" sizes=\"auto, (max-width: 300px) 100vw, 300px\" \/>LINO LENA E NICOLA DECIMA AL VIA DEL RALLY DEL SEBINO<\/h2>\n<p><strong>TAIBON<\/strong>\u00a0 Per Lino Lena e Nicola Decima quella di questo fine settimana sar\u00e0 la loro prima partecipazione al Rally di Sebino, giunto alla sua ottava edizione. Essendo strutturata secondo il sistema del Rally Day, la gara si divider\u00e0 in tre passaggi lungo due prove la cui breve lunghezza premier\u00e0 le forti prestazioni ancor pi\u00f9 che in altri casi, per un totale di quasi 40 km cronometrati che saranno corsi nella giornata di domenica a partire dalla mattina. Lena e Decima saranno alla partenza su Renault Clio Williams A7 e cercheranno sicuramente di mettere in mostra delle ottime prestazioni in maniera tale da recuperare da due sfortunati ritiri che hanno falcidiato la loro stagione rally 2019.<\/p>\n<p>&nbsp;<\/p>\n<p>&nbsp;<\/p>\n<p>&nbsp;<\/p>\n<p>&nbsp;<\/p>\n<p>&nbsp;<\/p>\n<h3>LONGARONE \u2013 AGORDINA IN RICORDO DELLA STRAGE DEL VAJONT<\/h3>\n<p>Domani\u00a0 allo stadio di Longarone, l&#8217;Agordina andr\u00e0 a giocare la quarta giornata della Terza Categoria della provincia di Belluno. Una partita particolare quella che andr\u00e0 in scena nel prossimo fine settimana. Infatti, a pochi giorni dall&#8217;anniversario della strage del Vajont, il Longarone Calcio ha deciso di ricordare il disastro avvenuto il 9 ottobre 1963. All&#8217;entrata in campo, le squadre accompagneranno i giocatori superstiti di Longarone e San Biagio, avversari 56 anni fa. Prima del calcio d&#8217;inizio, che sar\u00e0 dato da uno dei superstiti della strage, ci sar\u00e0 un momento commemorativo sul cerchio di centrocampo. Al ricordo, oltre che alla FIGC, ci sar\u00e0 anche il Sindaco di Longarone Roberto Padrin.<\/p>\n<p><strong>ROBERTO PADRIN<\/strong><\/p>\n<audio class=\"wp-audio-shortcode\" id=\"audio-101215-14\" preload=\"none\" style=\"width: 100%;\" controls=\"controls\"><source type=\"audio\/mpeg\" src=\"http:\/\/www.radiopiu.net\/wordpress\/wp-content\/uploads\/2019\/10\/PADRIN.mp3?_=14\" \/><a href=\"http:\/\/www.radiopiu.net\/wordpress\/wp-content\/uploads\/2019\/10\/PADRIN.mp3\">http:\/\/www.radiopiu.net\/wordpress\/wp-content\/uploads\/2019\/10\/PADRIN.mp3<\/a><\/audio>\n<p>&nbsp;<\/p>\n<p>&nbsp;<\/p>\n<p>&nbsp;<\/p>\n<p>&nbsp;<\/p>\n<p><b><a class=\"dt-pswp-item\" href=\"http:\/\/www.radiopiu.net\/wordpress\/wp-content\/uploads\/2018\/09\/WhatsApp-Image-2018-09-20-at-16.04.06.jpeg\" data-dt-img-description=\"\" data-large_image_width=\"800\" data-large_image_height=\"100\"><img loading=\"lazy\" decoding=\"async\" class=\"alignnone wp-image-61378 size-full\" src=\"http:\/\/www.radiopiu.net\/wordpress\/wp-content\/uploads\/2018\/09\/WhatsApp-Image-2018-09-20-at-16.04.06.jpeg\" alt=\"\" width=\"800\" height=\"100\" srcset=\"https:\/\/www.radiopiu.net\/wordpress\/wp-content\/uploads\/2018\/09\/WhatsApp-Image-2018-09-20-at-16.04.06.jpeg 800w, https:\/\/www.radiopiu.net\/wordpress\/wp-content\/uploads\/2018\/09\/WhatsApp-Image-2018-09-20-at-16.04.06-300x38.jpeg 300w, https:\/\/www.radiopiu.net\/wordpress\/wp-content\/uploads\/2018\/09\/WhatsApp-Image-2018-09-20-at-16.04.06-768x96.jpeg 768w\" sizes=\"auto, (max-width: 800px) 100vw, 800px\" \/><\/a><\/b><\/p>\n<p>&nbsp;<\/p>\n<p><center><\/center><center><\/center><center><b>Sabato 5<\/b><\/center><b>Tempo atteso: <\/b>Tempo abbastanza soleggiato, specie sulle Prealpi e sulle Dolomiti meridionali, dove sar\u00e0 possibile la formazione di qualche temporanea nube alta di sottovento (lee-clouds), mentre sui settori dolomitici settentrionali potr\u00e0 insistere qualche modesto addensamento da Nord. Clima diurno un po&#8217; pi\u00f9 mite a tutte le quote.<br \/>\n<b>Precipitazioni: <\/b>Assenti (0%), o al pi\u00f9 limitate a qualche sporadica burrasca sulle vette dolomitiche settentrionali pi\u00f9 elevate (10%).<br \/>\n<b>Temperature: <\/b>In generale lieve rialzo, eccetto le minime nei fondovalle, stazionarie. Su Prealpi a 1500 m min 6\u00b0C max 11\u00b0C, a 2000 m min 3\u00b0C max 7\u00b0C. Su Dolomiti a 2000 m min 1\u00b0C max 6\u00b0C, a 3000 m min -4\u00b0C max -3\u00b0C.<br \/>\n<b>Venti: <\/b>Nelle valli deboli\/moderati per brezze; in quota moderati, a tratti tesi sulle vette pi\u00f9 elevate, da Nord-Ovest, a 10-25 km\/h a 2000 m, 25-55 km\/h a 3000 m.<\/p>\n<hr \/>\n<p><center><b>Domenica 6<\/b><\/center><b>Tempo atteso: <\/b>Tempo inizialmente piuttosto soleggiato, ma dalle ore centrali e al pomeriggio\/sera aumento della nuvolosit\u00e0, fino a cielo nuvoloso o molto nuvoloso, con possibilit\u00e0 di qualche fenomeno in serata. Clima diurno decisamente fresco.<br \/>\n<b>Precipitazioni: <\/b>Fino a met\u00e0 pomeriggio assenti (0%). Tra tardo pomeriggio e sera\/notte aumenter\u00e0 la probabilit\u00e0 di qualche debole rovescio, specie sulle zone occidentali di confine col Trentino Alto Adige (40\/60%); limite delle eventuali deboli nevicate a 1900\/2000 m.<br \/>\n<b>Temperature: <\/b>Minime stazionarie nelle valli e in lieve calo in quota; massime in calo con clima diurno decisamente fresco. Su Prealpi a 1500 m min 4\u00b0C max 7\u00b0C, a 2000 m min 2\u00b0C max 4\u00b0C. Su Dolomiti a 2000 m min 1\u00b0C max 5\u00b0C, a 3000 m min -4\u00b0C max -3\u00b0C.<br \/>\n<b>Venti: <\/b>Nelle valli perlopi\u00f9 deboli di direzione variabile; in quota moderati occidentali, a 10-20 km\/h a 2000 m, 25-35 km\/h a 3000 m.<\/p>\n<hr \/>\n<p><center><b>Lunedi 7<\/b><\/center>Possibile episodio di instabilit\u00e0 nella notte, con precipitazioni pi\u00f9 probabili sulle Prealpi e sui settori pi\u00f9 occidentali. Gi\u00e0 in mattinata si faranno strada delle schiarite che diverranno sempre pi\u00f9 ampie col passare delle ore a partire dai settori settentrionali. Clima diurno pi\u00f9 mite per il soleggiamento e per avvezione di aria pi\u00f9 calda in quota. Venti deboli\/moderati settentrionali, con locali condizioni di Foehn in qualche valle.<\/p>\n<hr \/>\n<p><center><b>Martedi 8<\/b><\/center>Tempo perlopi\u00f9 soleggiato e stabile, con cielo pressoch\u00e8 sereno sulle Dolomiti, mentre sulle Prealpi i tassi di umidit\u00e0 relativa pi\u00f9 elevati potranno favorire la formazione di banchi di nubi basse mattutini, in diradamento in giornata. Clima diurno molto mite in quota, meno nelle valli per la maggiore umidit\u00e0 e per condizioni di inversione termica. Previsore: G.M.<\/p>\n","protected":false},"excerpt":{"rendered":"<p>AGORDO Solo complimenti per quei giovani che rischiando di tasca propria hanno riempito la piazza di Agordo come non mai, e ieri sera era solo l&#8217;inizio. Alberghi, B&amp;B, Appartamenti, Bar, Pizzerie, Ristoranti come ad agosto, come a capodanno, come nella serata della grande festa di Luxottica. La decima edizione di Dolomites Street \u00e8 l&#8217;evento dell&#8217;anno.&hellip;<\/p>\n","protected":false},"author":1,"featured_media":101278,"comment_status":"closed","ping_status":"closed","sticky":false,"template":"","format":"standard","meta":{"_monsterinsights_skip_tracking":false,"_monsterinsights_sitenote_active":false,"_monsterinsights_sitenote_note":"","_monsterinsights_sitenote_category":0,"footnotes":""},"categories":[86],"tags":[],"class_list":["post-101215","post","type-post","status-publish","format-standard","has-post-thumbnail","hentry","category-gr","category-86","description-off"],"img_url":"https:\/\/www.radiopiu.net\/wordpress\/wp-content\/uploads\/2019\/10\/1e59faa8-e2ef-446c-a0d3-ccdbc109a302.jpg","_links":{"self":[{"href":"https:\/\/www.radiopiu.net\/wordpress\/wp-json\/wp\/v2\/posts\/101215","targetHints":{"allow":["GET"]}}],"collection":[{"href":"https:\/\/www.radiopiu.net\/wordpress\/wp-json\/wp\/v2\/posts"}],"about":[{"href":"https:\/\/www.radiopiu.net\/wordpress\/wp-json\/wp\/v2\/types\/post"}],"author":[{"embeddable":true,"href":"https:\/\/www.radiopiu.net\/wordpress\/wp-json\/wp\/v2\/users\/1"}],"replies":[{"embeddable":true,"href":"https:\/\/www.radiopiu.net\/wordpress\/wp-json\/wp\/v2\/comments?post=101215"}],"version-history":[{"count":0,"href":"https:\/\/www.radiopiu.net\/wordpress\/wp-json\/wp\/v2\/posts\/101215\/revisions"}],"wp:featuredmedia":[{"embeddable":true,"href":"https:\/\/www.radiopiu.net\/wordpress\/wp-json\/wp\/v2\/media\/101278"}],"wp:attachment":[{"href":"https:\/\/www.radiopiu.net\/wordpress\/wp-json\/wp\/v2\/media?parent=101215"}],"wp:term":[{"taxonomy":"category","embeddable":true,"href":"https:\/\/www.radiopiu.net\/wordpress\/wp-json\/wp\/v2\/categories?post=101215"},{"taxonomy":"post_tag","embeddable":true,"href":"https:\/\/www.radiopiu.net\/wordpress\/wp-json\/wp\/v2\/tags?post=101215"}],"curies":[{"name":"wp","href":"https:\/\/api.w.org\/{rel}","templated":true}]}}