{"id":101238,"date":"2019-10-04T17:02:33","date_gmt":"2019-10-04T15:02:33","guid":{"rendered":"http:\/\/www.radiopiu.net\/wordpress\/?p=101238"},"modified":"2019-10-04T17:03:43","modified_gmt":"2019-10-04T15:03:43","slug":"giovani-e-mondo-del-lavoro-al-centro-giovani-due-laboratori-gratuiti","status":"publish","type":"post","link":"https:\/\/www.radiopiu.net\/wordpress\/giovani-e-mondo-del-lavoro-al-centro-giovani-due-laboratori-gratuiti\/","title":{"rendered":"GIOVANI E MONDO DEL LAVORO, AL CENTRO GIOVANI DUE LABORATORI GRATUITI"},"content":{"rendered":"<h3 align=\"JUSTIFY\"><\/h3>\n<p align=\"JUSTIFY\"><img loading=\"lazy\" decoding=\"async\" class=\" wp-image-101237 alignleft\" src=\"http:\/\/www.radiopiu.net\/wordpress\/wp-content\/uploads\/2019\/10\/8a4e91bb-50ed-491c-8506-f57a6568fa9a-300x214.jpg\" alt=\"\" width=\"219\" height=\"156\" srcset=\"https:\/\/www.radiopiu.net\/wordpress\/wp-content\/uploads\/2019\/10\/8a4e91bb-50ed-491c-8506-f57a6568fa9a-300x214.jpg 300w, https:\/\/www.radiopiu.net\/wordpress\/wp-content\/uploads\/2019\/10\/8a4e91bb-50ed-491c-8506-f57a6568fa9a-768x548.jpg 768w, https:\/\/www.radiopiu.net\/wordpress\/wp-content\/uploads\/2019\/10\/8a4e91bb-50ed-491c-8506-f57a6568fa9a-1024x730.jpg 1024w, https:\/\/www.radiopiu.net\/wordpress\/wp-content\/uploads\/2019\/10\/8a4e91bb-50ed-491c-8506-f57a6568fa9a.jpg 1600w\" sizes=\"auto, (max-width: 219px) 100vw, 219px\" \/><strong>FELTRE<\/strong> Il Centro Giovani di Feltre riprende le sue attivit\u00e0 all&#8217;insegna della formazione e dell&#8217;informazione. Dal 15 ottobre, infatti, avranno inizio due laboratori formativi sul tema lavoro destinati ai giovani fino ai 30 anni: \u201cIdee di impresa a confronto\u201d e \u201cIo e il mercato del lavoro\u201d. Entrambi i laboratori sono di gruppo e hanno come obiettivo quello di fornire ai giovani degli strumenti pratici per acquisire competenze, ma anche per fare autoanalisi e prendere consapevolezza di elementi utili al proprio percorso professionale-lavorativo. Il primo laboratorio, dal titolo \u201cIdee di impresa a confronto\u201d, \u00e8 costituito da 4 incontri per riflettere e confrontarsi sui nuclei tematici principali da tenere a mente se si vuole avviare una attivit\u00e0 in proprio. Esporre la propria idea e farsi contaminare dal gruppo d\u00e0 sempre stimoli nuovi ed interessanti di cui tenere conto e i formatori possono fornire degli strumenti di analisi da applicare al modello di impresa per sondarne la solidit\u00e0. Insomma, un primo indispensabile approccio a cosa significa fare impresa ed essere imprenditore. Il secondo laboratorio, \u201cIo e il mercato del lavoro\u201d, sar\u00e0 pure composto di 4 incontri e centrato, in questo caso, sugli strumenti di ricerca attiva di lavoro. Cercare lavoro \u00e8\u2026 un lavoro: richiede cura ed attenzione ma <img loading=\"lazy\" decoding=\"async\" class=\"size-medium wp-image-96205 alignright\" src=\"http:\/\/www.radiopiu.net\/wordpress\/wp-content\/uploads\/2019\/08\/FAMILY-NICOLETTO-300x171.jpg\" alt=\"\" width=\"300\" height=\"171\" srcset=\"https:\/\/www.radiopiu.net\/wordpress\/wp-content\/uploads\/2019\/08\/FAMILY-NICOLETTO-300x171.jpg 300w, https:\/\/www.radiopiu.net\/wordpress\/wp-content\/uploads\/2019\/08\/FAMILY-NICOLETTO-768x439.jpg 768w, https:\/\/www.radiopiu.net\/wordpress\/wp-content\/uploads\/2019\/08\/FAMILY-NICOLETTO-1024x585.jpg 1024w, https:\/\/www.radiopiu.net\/wordpress\/wp-content\/uploads\/2019\/08\/FAMILY-NICOLETTO.jpg 1892w\" sizes=\"auto, (max-width: 300px) 100vw, 300px\" \/>soprattutto \u00e8 importante avere chiara la direzione da prendere. Il laboratorio di gruppo offre la possibilit\u00e0 di prendersi del tempo e affinare gli strumenti per muoversi con pi\u00f9 chiarezza nella ricerca.<\/p>\n<blockquote>\n<p align=\"JUSTIFY\"><em>\u201cEcco altre due interessanti opportunit\u00e0 che siamo riusciti a mettere a punto per i giovani che stanno cercando di disegnare il loro futuro lavorativo\u201d, commenta l\u2019assessora alle politiche giovanili del Comune di Feltre Debora Nicoletto. Invito in particolare gli under 30 interessati all\u2019argomento a sfruttare a pieno le professionalit\u00e0 e le conoscenze che saranno a disposizione i questi due percorsi laboratoriali\u201d. <\/em><\/p>\n<\/blockquote>\n<p align=\"JUSTIFY\">\n","protected":false},"excerpt":{"rendered":"<p>FELTRE Il Centro Giovani di Feltre riprende le sue attivit\u00e0 all&#8217;insegna della formazione e dell&#8217;informazione. Dal 15 ottobre, infatti, avranno inizio due laboratori formativi sul tema lavoro destinati ai giovani fino ai 30 anni: \u201cIdee di impresa a confronto\u201d e \u201cIo e il mercato del lavoro\u201d. Entrambi i laboratori sono di gruppo e hanno come&hellip;<\/p>\n","protected":false},"author":1,"featured_media":101237,"comment_status":"closed","ping_status":"closed","sticky":false,"template":"","format":"standard","meta":{"_monsterinsights_skip_tracking":false,"_monsterinsights_sitenote_active":false,"_monsterinsights_sitenote_note":"","_monsterinsights_sitenote_category":0,"footnotes":""},"categories":[49],"tags":[],"class_list":["post-101238","post","type-post","status-publish","format-standard","has-post-thumbnail","hentry","category-news-18","category-49","description-off"],"img_url":"https:\/\/www.radiopiu.net\/wordpress\/wp-content\/uploads\/2019\/10\/8a4e91bb-50ed-491c-8506-f57a6568fa9a.jpg","_links":{"self":[{"href":"https:\/\/www.radiopiu.net\/wordpress\/wp-json\/wp\/v2\/posts\/101238","targetHints":{"allow":["GET"]}}],"collection":[{"href":"https:\/\/www.radiopiu.net\/wordpress\/wp-json\/wp\/v2\/posts"}],"about":[{"href":"https:\/\/www.radiopiu.net\/wordpress\/wp-json\/wp\/v2\/types\/post"}],"author":[{"embeddable":true,"href":"https:\/\/www.radiopiu.net\/wordpress\/wp-json\/wp\/v2\/users\/1"}],"replies":[{"embeddable":true,"href":"https:\/\/www.radiopiu.net\/wordpress\/wp-json\/wp\/v2\/comments?post=101238"}],"version-history":[{"count":0,"href":"https:\/\/www.radiopiu.net\/wordpress\/wp-json\/wp\/v2\/posts\/101238\/revisions"}],"wp:featuredmedia":[{"embeddable":true,"href":"https:\/\/www.radiopiu.net\/wordpress\/wp-json\/wp\/v2\/media\/101237"}],"wp:attachment":[{"href":"https:\/\/www.radiopiu.net\/wordpress\/wp-json\/wp\/v2\/media?parent=101238"}],"wp:term":[{"taxonomy":"category","embeddable":true,"href":"https:\/\/www.radiopiu.net\/wordpress\/wp-json\/wp\/v2\/categories?post=101238"},{"taxonomy":"post_tag","embeddable":true,"href":"https:\/\/www.radiopiu.net\/wordpress\/wp-json\/wp\/v2\/tags?post=101238"}],"curies":[{"name":"wp","href":"https:\/\/api.w.org\/{rel}","templated":true}]}}