{"id":101403,"date":"2019-10-06T11:43:51","date_gmt":"2019-10-06T09:43:51","guid":{"rendered":"http:\/\/www.radiopiu.net\/wordpress\/?p=101403"},"modified":"2019-10-06T11:43:51","modified_gmt":"2019-10-06T09:43:51","slug":"questa-notte-a-ponte-nelle-alpi","status":"publish","type":"post","link":"https:\/\/www.radiopiu.net\/wordpress\/questa-notte-a-ponte-nelle-alpi\/","title":{"rendered":"QUESTA NOTTE A PONTE NELLE ALPI"},"content":{"rendered":"<p><a class=\"dt-pswp-item\" href=\"http:\/\/www.radiopiu.net\/wordpress\/wp-content\/uploads\/2019\/10\/photo5823568697091010908.jpg\" data-dt-img-description=\"\" data-large_image_width=\"960\" data-large_image_height=\"1280\"><img loading=\"lazy\" decoding=\"async\" class=\"size-medium wp-image-101404 alignleft\" src=\"http:\/\/www.radiopiu.net\/wordpress\/wp-content\/uploads\/2019\/10\/photo5823568697091010908-225x300.jpg\" alt=\"\" width=\"225\" height=\"300\" srcset=\"https:\/\/www.radiopiu.net\/wordpress\/wp-content\/uploads\/2019\/10\/photo5823568697091010908-225x300.jpg 225w, https:\/\/www.radiopiu.net\/wordpress\/wp-content\/uploads\/2019\/10\/photo5823568697091010908-768x1024.jpg 768w, https:\/\/www.radiopiu.net\/wordpress\/wp-content\/uploads\/2019\/10\/photo5823568697091010908.jpg 960w\" sizes=\"auto, (max-width: 225px) 100vw, 225px\" \/><\/a>Incidente questa notte verso l&#8217;una a Ponte Nelle Alpi dove una donna, classe 1972, si \u00e8 rovesciata cn la sua Fiat Punto. Il fatto \u00e8 avvenuto sulla S.S. 51 di Alemagna, in prossimit\u00e0 dell&#8217;Albergo Dante. Per cause ancora in fase di accertamento, la donna ha perso il controllo della vettura uscendo di strada. Il personale del Suem 118 ha portato M.D.V. all&#8217;ospedale di Belluno. Non \u00e8 in pericolo di vita.<\/p>\n","protected":false},"excerpt":{"rendered":"<p>Incidente questa notte verso l&#8217;una a Ponte Nelle Alpi dove una donna, classe 1972, si \u00e8 rovesciata cn la sua Fiat Punto. Il fatto \u00e8 avvenuto sulla S.S. 51 di Alemagna, in prossimit\u00e0 dell&#8217;Albergo Dante. Per cause ancora in fase di accertamento, la donna ha perso il controllo della vettura uscendo di strada. Il personale&hellip;<\/p>\n","protected":false},"author":4,"featured_media":101404,"comment_status":"closed","ping_status":"closed","sticky":false,"template":"","format":"standard","meta":{"_monsterinsights_skip_tracking":false,"_monsterinsights_sitenote_active":false,"_monsterinsights_sitenote_note":"","_monsterinsights_sitenote_category":0,"footnotes":""},"categories":[51,49],"tags":[],"class_list":["post-101403","post","type-post","status-publish","format-standard","has-post-thumbnail","hentry","category-evidenza-top","category-news-18","category-51","category-49","description-off"],"img_url":"https:\/\/www.radiopiu.net\/wordpress\/wp-content\/uploads\/2019\/10\/photo5823568697091010908.jpg","_links":{"self":[{"href":"https:\/\/www.radiopiu.net\/wordpress\/wp-json\/wp\/v2\/posts\/101403","targetHints":{"allow":["GET"]}}],"collection":[{"href":"https:\/\/www.radiopiu.net\/wordpress\/wp-json\/wp\/v2\/posts"}],"about":[{"href":"https:\/\/www.radiopiu.net\/wordpress\/wp-json\/wp\/v2\/types\/post"}],"author":[{"embeddable":true,"href":"https:\/\/www.radiopiu.net\/wordpress\/wp-json\/wp\/v2\/users\/4"}],"replies":[{"embeddable":true,"href":"https:\/\/www.radiopiu.net\/wordpress\/wp-json\/wp\/v2\/comments?post=101403"}],"version-history":[{"count":0,"href":"https:\/\/www.radiopiu.net\/wordpress\/wp-json\/wp\/v2\/posts\/101403\/revisions"}],"wp:featuredmedia":[{"embeddable":true,"href":"https:\/\/www.radiopiu.net\/wordpress\/wp-json\/wp\/v2\/media\/101404"}],"wp:attachment":[{"href":"https:\/\/www.radiopiu.net\/wordpress\/wp-json\/wp\/v2\/media?parent=101403"}],"wp:term":[{"taxonomy":"category","embeddable":true,"href":"https:\/\/www.radiopiu.net\/wordpress\/wp-json\/wp\/v2\/categories?post=101403"},{"taxonomy":"post_tag","embeddable":true,"href":"https:\/\/www.radiopiu.net\/wordpress\/wp-json\/wp\/v2\/tags?post=101403"}],"curies":[{"name":"wp","href":"https:\/\/api.w.org\/{rel}","templated":true}]}}