{"id":101409,"date":"2019-10-07T05:44:05","date_gmt":"2019-10-07T03:44:05","guid":{"rendered":"http:\/\/www.radiopiu.net\/wordpress\/?p=101409"},"modified":"2019-10-07T07:50:26","modified_gmt":"2019-10-07T05:50:26","slug":"il-saluto-di-don-mario-zanon-alla-comunita-di-taibon","status":"publish","type":"post","link":"https:\/\/www.radiopiu.net\/wordpress\/il-saluto-di-don-mario-zanon-alla-comunita-di-taibon\/","title":{"rendered":"IL SALUTO DI DON MARIO ZANON ALLA COMUNITA&#8217; DI TAIBON"},"content":{"rendered":"<p><a class=\"dt-pswp-item\" href=\"http:\/\/www.radiopiu.net\/wordpress\/wp-content\/uploads\/2019\/10\/image14.jpeg\" data-dt-img-description=\"\" data-large_image_width=\"1600\" data-large_image_height=\"901\"><img loading=\"lazy\" decoding=\"async\" class=\"size-medium wp-image-101424 alignleft\" src=\"http:\/\/www.radiopiu.net\/wordpress\/wp-content\/uploads\/2019\/10\/image14-300x169.jpeg\" alt=\"\" width=\"300\" height=\"169\" srcset=\"https:\/\/www.radiopiu.net\/wordpress\/wp-content\/uploads\/2019\/10\/image14-300x169.jpeg 300w, https:\/\/www.radiopiu.net\/wordpress\/wp-content\/uploads\/2019\/10\/image14-768x432.jpeg 768w, https:\/\/www.radiopiu.net\/wordpress\/wp-content\/uploads\/2019\/10\/image14-1024x577.jpeg 1024w, https:\/\/www.radiopiu.net\/wordpress\/wp-content\/uploads\/2019\/10\/image14.jpeg 1600w\" sizes=\"auto, (max-width: 300px) 100vw, 300px\" \/><\/a>Una chiesa gremita quella di Taibon Agordino per salutare Don Mario Zanon, il parroco che dopo 27 anni di servizio si ritira in casa di riposo per la meritata pensione. Una funzione che \u00e8 durata pi\u00f9 del solito anche perch\u00e8 la comunit\u00e0 di Taibon ha voluto salutare come si deve il Don.<\/p>\n<p>&#8220;Mi dispiace avervi disturbato, ma sono contento siate venuti per dirvi grazie&#8221; ha detto Don Mario &#8220;Mi dicono che ho fatto del bene, s\u00ec ma con tutti voi, altrimenti non ci sarei riuscito&#8221;<\/p>\n<p>A fine funzione ha preso la parola Alessandro Savio: &#8220;Tre anni fa la festa a don Mario per i suoi 80 anni. Allora erano emerse le sue doti di pastore di anime, ma soprattutto la sua sensibilit\u00e0 di aver portato a termine restauri e recuperi fabbricati di culto&#8221; continua Savio &#8220;Ricordiamo il recupero degli affreschi del sacello di San Rocco e gli affreschi del &#8216;600 della chiesa di Listolade.possibile per caparbiet\u00e0 di don Mario. Grazie a don Mario per questi 27 anni, dal 1 ottobre 1992. Il regalo pi\u00f9 importante era riempire la chiesa. Ci siamo riusciti&#8221;.<\/p>\n<p>Il sindaco Silvia Tormen ha concluso la funzione. &#8220;Quello del prete non \u00e8 un lavoro normale, senza ferie e senza permessi. Grazie per i battesimi, cresime, matrimoni, comunioni e anche i funerali. Grazie per essere stato vicino alla vita di tutti noi, in particolare gli anziani e gli ammalati. Grazie per il pragmatismo e il dono della sintesi. Ho scolpito dentro di me le omelie per i coscritti e per il 4 novembre. Raccontava della sua famiglia, del pap\u00e0 in guerra. Generosit\u00e0 nel raccontare che ha permesso empatia con i giovani &#8211; continua il sindaco &#8211; porto con me anche quando ero in casa con una persona forse non credente. Don Mario non sapeva che ero l\u00ec. Arriv\u00f2 alla casa con discrezione, sembrava non voler invadere, ma neanche rinunciare. Ho ravvisato umanit\u00e0 e rispetto per la diversit\u00e0&#8221;.<\/p>\n<p>&nbsp;<\/p>\n<p>&nbsp;<\/p>\n<p><strong>IL SINDACO SI TAIBON SILVIA TORMEN<\/strong><\/p>\n<audio class=\"wp-audio-shortcode\" id=\"audio-101409-1\" preload=\"none\" style=\"width: 100%;\" controls=\"controls\"><source type=\"audio\/mpeg\" src=\"http:\/\/www.radiopiu.net\/wordpress\/wp-content\/uploads\/2019\/10\/SILVIA-TORMEN.mp3?_=1\" \/><a href=\"http:\/\/www.radiopiu.net\/wordpress\/wp-content\/uploads\/2019\/10\/SILVIA-TORMEN.mp3\">http:\/\/www.radiopiu.net\/wordpress\/wp-content\/uploads\/2019\/10\/SILVIA-TORMEN.mp3<\/a><\/audio>\n<h3><\/h3>\n<p><a class=\"dt-pswp-item\" href=\"http:\/\/www.radiopiu.net\/wordpress\/wp-content\/uploads\/2019\/10\/4f6ce527-2a2b-4ad8-8526-6d57a4f6126d.jpg\" data-dt-img-description=\"\" data-large_image_width=\"1200\" data-large_image_height=\"1600\"><img loading=\"lazy\" decoding=\"async\" class=\"alignnone size-medium wp-image-101526\" src=\"http:\/\/www.radiopiu.net\/wordpress\/wp-content\/uploads\/2019\/10\/4f6ce527-2a2b-4ad8-8526-6d57a4f6126d-225x300.jpg\" alt=\"\" width=\"225\" height=\"300\" srcset=\"https:\/\/www.radiopiu.net\/wordpress\/wp-content\/uploads\/2019\/10\/4f6ce527-2a2b-4ad8-8526-6d57a4f6126d-225x300.jpg 225w, https:\/\/www.radiopiu.net\/wordpress\/wp-content\/uploads\/2019\/10\/4f6ce527-2a2b-4ad8-8526-6d57a4f6126d-768x1024.jpg 768w, https:\/\/www.radiopiu.net\/wordpress\/wp-content\/uploads\/2019\/10\/4f6ce527-2a2b-4ad8-8526-6d57a4f6126d.jpg 1200w\" sizes=\"auto, (max-width: 225px) 100vw, 225px\" \/><\/a><\/p>\n<p>IL SALUTO DI ALESSANDRO SAVIO CON TUTTI I PARROCCHIANI<\/p>\n<p>ci eravamo ritrovati in questa Chiesa tre anni fa per un importante traguardo del nostro parroco don Mario, era un suo compleanno, non vi dir\u00f2 quanti anni , ma era una cifra rotonda,. In quella occasione sono emerse e messe in evidenza le sue doti e capacit\u00e0 di pastore di anime , uomo di chiesa, ma soprattutto la sua sensibilit\u00e0 nell\u2019aver portato a termine importanti opere di recupero e restauro di edifici di culto nella nostra parrocchia, e non mi riferisco solo alla chiesa principale e le chiese frazionali, ma anche a molti capitelli che sono una testimonianza di fede popolare presenti nei nostri villaggi di montagna. Interventi importanti dal punto di vista culturale che mettono in evidenza le nostre radici e la nostra storia, ci vengono in mente il recupero degli affreschi seicenteschi della chiesetta di Listolade e per ultimo il rifacimento del sacello di San Rocco in centro al paese. Oggi invece \u00e8 il giorno del ringraziamento per tutti gli anni che don Mario si \u00e8 dedicato alla nostra comunit\u00e0 dal primo ottobre del 1992. Per\u00f2 questo non \u00e8 un addio ma \u00e8 un arrivederci in quanto don Mario ha deciso di passare la sua quiescenza rimanendo nella nostra Comunit\u00e0 alla casa di soggiorno di Taibon ; ci sembra quindi doveroso da parte nostra porgere un sentito ringraziamento per questi 27 anni , per quello che ha fatto e di quello che far\u00e0 in futuro per la nostra parrocchia. Da persona discreta mi ha detto che avrebbe preferito un semplice saluto e cos\u00ec sar\u00e0, il pi\u00f9 bel regalo che potevamo fargli era quello di riempire questa chiesa di parrocchiani per dimostrare la nostra vicinanza ed il nostro affetto e credo che ci siamo riusciti. e allora con semplicit\u00e0 chiedo di poter rivolgere un affettuoso abbraccio che simbolicamente rappresenta l\u2019abbraccio di tutti i parrocchiani di Taibon , con l\u2019augurio di trascorrere una meritata pensione nella nostra comunit\u00e0 e che sia lunga, serena ed in particolare in buona salute. Grazie Don Mario.<\/p>\n<p>&nbsp;<\/p>\n<blockquote><p><em><strong>Venerd\u00ec 11 Ottobre alle ore 20.30 presso la Chiesa Arcidiaconale di Agordo ci sar\u00e0 una celebrazione comunitaria presieduta dal Vescovo Monsignor Renato Marangoni per l\u2019immissione dei due nuovi sacerdoti Don Cesare Larese Don Francesco Silvestri che condivederanno le parrocchie di Agordo \u2013 Taibon e La Valle Sabato 12 Ottobre alle ore 18.30 nella Chiesa Parrocchiale di Taibon prima messa dei due Sacerdoti , siete tutti invitati a partecipare.<\/strong><\/em><\/p><\/blockquote>\n<p><strong> Breve Storia Della PARROCCHIA DI TAIBON<\/strong> Voi saprete che dovremo condividere il parroco con Agordo e La Valle e allora ci chiediamo se siamo ritornati indietro di 150 anno quando a San Cipriano veniva un Mansionario o un Curato dalla Parrocchia di Agordo per celebrare la Messa , stipendiato dalla popolazione di Taibon , oppure possiamo pensare che la Chiesa \u00e8 talmente avanti che intende fare l\u2019accorpamento delle parrocchie prima della fusione\u00a0dei Comuni. In realt\u00e0 il problema sta nella carenza di sacerdoti e quindi ci dovremo adattare .\u00a0La parrocchia di Taibon ebbe una costituzione assai travagliata iniziando la trafila nel 1822 senza risultato . Dopo l\u2019unificazione dell\u2019Italia e la nascita dei Comuni , finalmente nel 1869 veniva autorizzata la nuova Parrocchia con un Regio Decreto firmato a Firenze il 31 ottobre del 1869. Il Consiglio comunale di Taibon nonostante le ripulse dell\u2019Arcidiacono di Agordo per la perdita delle \u201cDecime\u201d ( Tasse) costituiva l\u2019Atto formale di fondazione della nuova Parrocchia. La vertenza fu conclusa definitivamente il 22 Settembre 1876 quando l\u2019Arcidiacono di Agordo ed il Capitolo della Cattedrale (Vescovo) resero pubblico e legittimo il decreto di istituzione della Parrocchia di Taibon . Al Comune venne per\u00f2 imposto di pagare un canone annuo perpetuo all\u2019Arcidiacono di Agordo in compenso della perdita delle \u201cDecime\u201d ( tasse dette cos\u00ec perch\u00e9 provenivano dalla decima parte dei raccolti agricoli). Al Consiglio Comunale di Taibon fu concesso il diritto di patronato sulla nomina dei parroci, (vigente anche al giorno d\u2019oggi) i quali hanno l\u2019obbligo di assistere personalmente , ogni anno, alla Messa solenne che si celebra nella chiesa di Agordo il giorno dei Santi Apostoli Pietro e Paolo e della nativit\u00e0 di Maria Santissima.<\/p>\n<p><strong>I PARROCI DI\u00a0 TAIBON :<\/strong> Don Alessandro De Menech dal 1876 al 1886;\u00a0 Don Giovanni Battista De Lotto 1886 \u2013 1936;\u00a0Don Giuseppe De Cassan 1937- 1947;\u00a0 Don Gino Del Favero 1948 \u2013 1972;\u00a0 Don Sergio De Martin 1973- 1992;\u00a0 Don Mario Zanon 1993- 2019;\u00a0 Don Cesare Larese- Don Francesco Silvestri 2020<\/p>\n<p>&nbsp;<\/p>\n<p>LA FOTOGALLERY<\/p>\n\n\t\t\t<style type='text\/css'>\n\t\t\t\t#gallery-1 {\n\t\t\t\t\tmargin: auto;\n\t\t\t\t}\n\t\t\t\t#gallery-1 .gallery-item {\n\t\t\t\t\tfloat: left;\n\t\t\t\t\tmargin-top: 10px;\n\t\t\t\t\ttext-align: center;\n\t\t\t\t\twidth: 33%;\n\t\t\t\t}\n\t\t\t\t#gallery-1 img {\n\t\t\t\t\tborder: 2px solid #cfcfcf;\n\t\t\t\t}\n\t\t\t\t#gallery-1 .gallery-caption {\n\t\t\t\t\tmargin-left: 0;\n\t\t\t\t}\n\t\t\t\t\/* see gallery_shortcode() in wp-includes\/media.php *\/\n\t\t\t<\/style>\n\t\t<div id='gallery-1' class='dt-gallery-container gallery galleryid-101409 gallery-columns-3 gallery-size-medium'><dl class='gallery-item'>\n\t\t\t\t<dt class='gallery-icon landscape'>\n\t\t\t\t\t<a class=\"rollover\" href='https:\/\/www.radiopiu.net\/wordpress\/il-saluto-di-don-mario-zanon-alla-comunita-di-taibon\/image0\/'><img loading=\"lazy\" decoding=\"async\" width=\"300\" height=\"169\" src=\"https:\/\/www.radiopiu.net\/wordpress\/wp-content\/uploads\/2019\/10\/image0-300x169.jpeg\" class=\"attachment-medium size-medium\" alt=\"\" srcset=\"https:\/\/www.radiopiu.net\/wordpress\/wp-content\/uploads\/2019\/10\/image0-300x169.jpeg 300w, https:\/\/www.radiopiu.net\/wordpress\/wp-content\/uploads\/2019\/10\/image0-768x432.jpeg 768w, https:\/\/www.radiopiu.net\/wordpress\/wp-content\/uploads\/2019\/10\/image0-1024x577.jpeg 1024w, https:\/\/www.radiopiu.net\/wordpress\/wp-content\/uploads\/2019\/10\/image0.jpeg 1600w\" sizes=\"auto, (max-width: 300px) 100vw, 300px\" \/><\/a>\n\t\t\t\t<\/dt><\/dl><dl class='gallery-item'>\n\t\t\t\t<dt class='gallery-icon landscape'>\n\t\t\t\t\t<a class=\"rollover\" href='https:\/\/www.radiopiu.net\/wordpress\/il-saluto-di-don-mario-zanon-alla-comunita-di-taibon\/image1-17\/'><img loading=\"lazy\" decoding=\"async\" width=\"300\" height=\"169\" src=\"https:\/\/www.radiopiu.net\/wordpress\/wp-content\/uploads\/2019\/10\/image1-300x169.jpeg\" class=\"attachment-medium size-medium\" alt=\"\" srcset=\"https:\/\/www.radiopiu.net\/wordpress\/wp-content\/uploads\/2019\/10\/image1-300x169.jpeg 300w, https:\/\/www.radiopiu.net\/wordpress\/wp-content\/uploads\/2019\/10\/image1-768x432.jpeg 768w, https:\/\/www.radiopiu.net\/wordpress\/wp-content\/uploads\/2019\/10\/image1-1024x577.jpeg 1024w, https:\/\/www.radiopiu.net\/wordpress\/wp-content\/uploads\/2019\/10\/image1.jpeg 1600w\" sizes=\"auto, (max-width: 300px) 100vw, 300px\" \/><\/a>\n\t\t\t\t<\/dt><\/dl><dl class='gallery-item'>\n\t\t\t\t<dt class='gallery-icon landscape'>\n\t\t\t\t\t<a class=\"rollover\" href='https:\/\/www.radiopiu.net\/wordpress\/il-saluto-di-don-mario-zanon-alla-comunita-di-taibon\/image2-4\/'><img loading=\"lazy\" decoding=\"async\" width=\"300\" height=\"169\" src=\"https:\/\/www.radiopiu.net\/wordpress\/wp-content\/uploads\/2019\/10\/image2-300x169.jpeg\" class=\"attachment-medium size-medium\" alt=\"\" srcset=\"https:\/\/www.radiopiu.net\/wordpress\/wp-content\/uploads\/2019\/10\/image2-300x169.jpeg 300w, https:\/\/www.radiopiu.net\/wordpress\/wp-content\/uploads\/2019\/10\/image2-768x432.jpeg 768w, https:\/\/www.radiopiu.net\/wordpress\/wp-content\/uploads\/2019\/10\/image2-1024x577.jpeg 1024w, https:\/\/www.radiopiu.net\/wordpress\/wp-content\/uploads\/2019\/10\/image2.jpeg 1600w\" sizes=\"auto, (max-width: 300px) 100vw, 300px\" \/><\/a>\n\t\t\t\t<\/dt><\/dl><br style=\"clear: both\" \/><dl class='gallery-item'>\n\t\t\t\t<dt class='gallery-icon landscape'>\n\t\t\t\t\t<a class=\"rollover\" href='https:\/\/www.radiopiu.net\/wordpress\/il-saluto-di-don-mario-zanon-alla-comunita-di-taibon\/image3-3\/'><img loading=\"lazy\" decoding=\"async\" width=\"300\" height=\"169\" src=\"https:\/\/www.radiopiu.net\/wordpress\/wp-content\/uploads\/2019\/10\/image3-300x169.jpeg\" class=\"attachment-medium size-medium\" alt=\"\" srcset=\"https:\/\/www.radiopiu.net\/wordpress\/wp-content\/uploads\/2019\/10\/image3-300x169.jpeg 300w, https:\/\/www.radiopiu.net\/wordpress\/wp-content\/uploads\/2019\/10\/image3-768x432.jpeg 768w, https:\/\/www.radiopiu.net\/wordpress\/wp-content\/uploads\/2019\/10\/image3-1024x577.jpeg 1024w, https:\/\/www.radiopiu.net\/wordpress\/wp-content\/uploads\/2019\/10\/image3.jpeg 1600w\" sizes=\"auto, (max-width: 300px) 100vw, 300px\" \/><\/a>\n\t\t\t\t<\/dt><\/dl><dl class='gallery-item'>\n\t\t\t\t<dt class='gallery-icon landscape'>\n\t\t\t\t\t<a class=\"rollover\" href='https:\/\/www.radiopiu.net\/wordpress\/il-saluto-di-don-mario-zanon-alla-comunita-di-taibon\/image4-3\/'><img loading=\"lazy\" decoding=\"async\" width=\"300\" height=\"169\" src=\"https:\/\/www.radiopiu.net\/wordpress\/wp-content\/uploads\/2019\/10\/image4-300x169.jpeg\" class=\"attachment-medium size-medium\" alt=\"\" srcset=\"https:\/\/www.radiopiu.net\/wordpress\/wp-content\/uploads\/2019\/10\/image4-300x169.jpeg 300w, https:\/\/www.radiopiu.net\/wordpress\/wp-content\/uploads\/2019\/10\/image4-768x432.jpeg 768w, https:\/\/www.radiopiu.net\/wordpress\/wp-content\/uploads\/2019\/10\/image4-1024x577.jpeg 1024w, https:\/\/www.radiopiu.net\/wordpress\/wp-content\/uploads\/2019\/10\/image4.jpeg 1600w\" sizes=\"auto, (max-width: 300px) 100vw, 300px\" \/><\/a>\n\t\t\t\t<\/dt><\/dl><dl class='gallery-item'>\n\t\t\t\t<dt class='gallery-icon landscape'>\n\t\t\t\t\t<a class=\"rollover\" href='https:\/\/www.radiopiu.net\/wordpress\/il-saluto-di-don-mario-zanon-alla-comunita-di-taibon\/image5-2\/'><img loading=\"lazy\" decoding=\"async\" width=\"300\" height=\"169\" src=\"https:\/\/www.radiopiu.net\/wordpress\/wp-content\/uploads\/2019\/10\/image5-300x169.jpeg\" class=\"attachment-medium size-medium\" alt=\"\" srcset=\"https:\/\/www.radiopiu.net\/wordpress\/wp-content\/uploads\/2019\/10\/image5-300x169.jpeg 300w, https:\/\/www.radiopiu.net\/wordpress\/wp-content\/uploads\/2019\/10\/image5-768x432.jpeg 768w, https:\/\/www.radiopiu.net\/wordpress\/wp-content\/uploads\/2019\/10\/image5-1024x577.jpeg 1024w, https:\/\/www.radiopiu.net\/wordpress\/wp-content\/uploads\/2019\/10\/image5.jpeg 1600w\" sizes=\"auto, (max-width: 300px) 100vw, 300px\" \/><\/a>\n\t\t\t\t<\/dt><\/dl><br style=\"clear: both\" \/><dl class='gallery-item'>\n\t\t\t\t<dt class='gallery-icon landscape'>\n\t\t\t\t\t<a class=\"rollover\" href='https:\/\/www.radiopiu.net\/wordpress\/il-saluto-di-don-mario-zanon-alla-comunita-di-taibon\/image6\/'><img loading=\"lazy\" decoding=\"async\" width=\"300\" height=\"169\" src=\"https:\/\/www.radiopiu.net\/wordpress\/wp-content\/uploads\/2019\/10\/image6-300x169.jpeg\" class=\"attachment-medium size-medium\" alt=\"\" srcset=\"https:\/\/www.radiopiu.net\/wordpress\/wp-content\/uploads\/2019\/10\/image6-300x169.jpeg 300w, https:\/\/www.radiopiu.net\/wordpress\/wp-content\/uploads\/2019\/10\/image6-768x432.jpeg 768w, https:\/\/www.radiopiu.net\/wordpress\/wp-content\/uploads\/2019\/10\/image6-1024x577.jpeg 1024w, https:\/\/www.radiopiu.net\/wordpress\/wp-content\/uploads\/2019\/10\/image6.jpeg 1600w\" sizes=\"auto, (max-width: 300px) 100vw, 300px\" \/><\/a>\n\t\t\t\t<\/dt><\/dl><dl class='gallery-item'>\n\t\t\t\t<dt class='gallery-icon landscape'>\n\t\t\t\t\t<a class=\"rollover\" href='https:\/\/www.radiopiu.net\/wordpress\/il-saluto-di-don-mario-zanon-alla-comunita-di-taibon\/image9\/'><img loading=\"lazy\" decoding=\"async\" width=\"300\" height=\"169\" src=\"https:\/\/www.radiopiu.net\/wordpress\/wp-content\/uploads\/2019\/10\/image9-300x169.jpeg\" class=\"attachment-medium size-medium\" alt=\"\" srcset=\"https:\/\/www.radiopiu.net\/wordpress\/wp-content\/uploads\/2019\/10\/image9-300x169.jpeg 300w, https:\/\/www.radiopiu.net\/wordpress\/wp-content\/uploads\/2019\/10\/image9-768x432.jpeg 768w, https:\/\/www.radiopiu.net\/wordpress\/wp-content\/uploads\/2019\/10\/image9-1024x577.jpeg 1024w, https:\/\/www.radiopiu.net\/wordpress\/wp-content\/uploads\/2019\/10\/image9.jpeg 1600w\" sizes=\"auto, (max-width: 300px) 100vw, 300px\" \/><\/a>\n\t\t\t\t<\/dt><\/dl><dl class='gallery-item'>\n\t\t\t\t<dt class='gallery-icon landscape'>\n\t\t\t\t\t<a class=\"rollover\" href='https:\/\/www.radiopiu.net\/wordpress\/il-saluto-di-don-mario-zanon-alla-comunita-di-taibon\/image10\/'><img loading=\"lazy\" decoding=\"async\" width=\"300\" height=\"169\" src=\"https:\/\/www.radiopiu.net\/wordpress\/wp-content\/uploads\/2019\/10\/image10-300x169.jpeg\" class=\"attachment-medium size-medium\" alt=\"\" srcset=\"https:\/\/www.radiopiu.net\/wordpress\/wp-content\/uploads\/2019\/10\/image10-300x169.jpeg 300w, https:\/\/www.radiopiu.net\/wordpress\/wp-content\/uploads\/2019\/10\/image10-768x432.jpeg 768w, https:\/\/www.radiopiu.net\/wordpress\/wp-content\/uploads\/2019\/10\/image10-1024x577.jpeg 1024w, https:\/\/www.radiopiu.net\/wordpress\/wp-content\/uploads\/2019\/10\/image10.jpeg 1600w\" sizes=\"auto, (max-width: 300px) 100vw, 300px\" \/><\/a>\n\t\t\t\t<\/dt><\/dl><br style=\"clear: both\" \/><dl class='gallery-item'>\n\t\t\t\t<dt class='gallery-icon landscape'>\n\t\t\t\t\t<a class=\"rollover\" href='https:\/\/www.radiopiu.net\/wordpress\/il-saluto-di-don-mario-zanon-alla-comunita-di-taibon\/image11\/'><img loading=\"lazy\" decoding=\"async\" width=\"300\" height=\"169\" src=\"https:\/\/www.radiopiu.net\/wordpress\/wp-content\/uploads\/2019\/10\/image11-300x169.jpeg\" class=\"attachment-medium size-medium\" alt=\"\" srcset=\"https:\/\/www.radiopiu.net\/wordpress\/wp-content\/uploads\/2019\/10\/image11-300x169.jpeg 300w, https:\/\/www.radiopiu.net\/wordpress\/wp-content\/uploads\/2019\/10\/image11-768x432.jpeg 768w, https:\/\/www.radiopiu.net\/wordpress\/wp-content\/uploads\/2019\/10\/image11-1024x577.jpeg 1024w, https:\/\/www.radiopiu.net\/wordpress\/wp-content\/uploads\/2019\/10\/image11.jpeg 1600w\" sizes=\"auto, (max-width: 300px) 100vw, 300px\" \/><\/a>\n\t\t\t\t<\/dt><\/dl><dl class='gallery-item'>\n\t\t\t\t<dt class='gallery-icon landscape'>\n\t\t\t\t\t<a class=\"rollover\" href='https:\/\/www.radiopiu.net\/wordpress\/il-saluto-di-don-mario-zanon-alla-comunita-di-taibon\/image12\/'><img loading=\"lazy\" decoding=\"async\" width=\"300\" height=\"169\" src=\"https:\/\/www.radiopiu.net\/wordpress\/wp-content\/uploads\/2019\/10\/image12-300x169.jpeg\" class=\"attachment-medium size-medium\" alt=\"\" srcset=\"https:\/\/www.radiopiu.net\/wordpress\/wp-content\/uploads\/2019\/10\/image12-300x169.jpeg 300w, https:\/\/www.radiopiu.net\/wordpress\/wp-content\/uploads\/2019\/10\/image12-768x432.jpeg 768w, https:\/\/www.radiopiu.net\/wordpress\/wp-content\/uploads\/2019\/10\/image12-1024x577.jpeg 1024w, https:\/\/www.radiopiu.net\/wordpress\/wp-content\/uploads\/2019\/10\/image12.jpeg 1600w\" sizes=\"auto, (max-width: 300px) 100vw, 300px\" \/><\/a>\n\t\t\t\t<\/dt><\/dl><dl class='gallery-item'>\n\t\t\t\t<dt class='gallery-icon landscape'>\n\t\t\t\t\t<a class=\"rollover\" href='https:\/\/www.radiopiu.net\/wordpress\/il-saluto-di-don-mario-zanon-alla-comunita-di-taibon\/image13\/'><img loading=\"lazy\" decoding=\"async\" width=\"300\" height=\"169\" src=\"https:\/\/www.radiopiu.net\/wordpress\/wp-content\/uploads\/2019\/10\/image13-300x169.jpeg\" class=\"attachment-medium size-medium\" alt=\"\" srcset=\"https:\/\/www.radiopiu.net\/wordpress\/wp-content\/uploads\/2019\/10\/image13-300x169.jpeg 300w, https:\/\/www.radiopiu.net\/wordpress\/wp-content\/uploads\/2019\/10\/image13-768x432.jpeg 768w, https:\/\/www.radiopiu.net\/wordpress\/wp-content\/uploads\/2019\/10\/image13-1024x577.jpeg 1024w, https:\/\/www.radiopiu.net\/wordpress\/wp-content\/uploads\/2019\/10\/image13.jpeg 1600w\" sizes=\"auto, (max-width: 300px) 100vw, 300px\" \/><\/a>\n\t\t\t\t<\/dt><\/dl><br style=\"clear: both\" \/><dl class='gallery-item'>\n\t\t\t\t<dt class='gallery-icon landscape'>\n\t\t\t\t\t<a class=\"rollover\" href='https:\/\/www.radiopiu.net\/wordpress\/il-saluto-di-don-mario-zanon-alla-comunita-di-taibon\/image14\/'><img loading=\"lazy\" decoding=\"async\" width=\"300\" height=\"169\" src=\"https:\/\/www.radiopiu.net\/wordpress\/wp-content\/uploads\/2019\/10\/image14-300x169.jpeg\" class=\"attachment-medium size-medium\" alt=\"\" srcset=\"https:\/\/www.radiopiu.net\/wordpress\/wp-content\/uploads\/2019\/10\/image14-300x169.jpeg 300w, https:\/\/www.radiopiu.net\/wordpress\/wp-content\/uploads\/2019\/10\/image14-768x432.jpeg 768w, https:\/\/www.radiopiu.net\/wordpress\/wp-content\/uploads\/2019\/10\/image14-1024x577.jpeg 1024w, https:\/\/www.radiopiu.net\/wordpress\/wp-content\/uploads\/2019\/10\/image14.jpeg 1600w\" sizes=\"auto, (max-width: 300px) 100vw, 300px\" \/><\/a>\n\t\t\t\t<\/dt><\/dl><dl class='gallery-item'>\n\t\t\t\t<dt class='gallery-icon landscape'>\n\t\t\t\t\t<a class=\"rollover\" href='https:\/\/www.radiopiu.net\/wordpress\/il-saluto-di-don-mario-zanon-alla-comunita-di-taibon\/image8\/'><img loading=\"lazy\" decoding=\"async\" width=\"300\" height=\"169\" src=\"https:\/\/www.radiopiu.net\/wordpress\/wp-content\/uploads\/2019\/10\/image8-300x169.jpeg\" class=\"attachment-medium size-medium\" alt=\"\" srcset=\"https:\/\/www.radiopiu.net\/wordpress\/wp-content\/uploads\/2019\/10\/image8-300x169.jpeg 300w, https:\/\/www.radiopiu.net\/wordpress\/wp-content\/uploads\/2019\/10\/image8-768x432.jpeg 768w, https:\/\/www.radiopiu.net\/wordpress\/wp-content\/uploads\/2019\/10\/image8-1024x577.jpeg 1024w, https:\/\/www.radiopiu.net\/wordpress\/wp-content\/uploads\/2019\/10\/image8.jpeg 1600w\" sizes=\"auto, (max-width: 300px) 100vw, 300px\" \/><\/a>\n\t\t\t\t<\/dt><\/dl><dl class='gallery-item'>\n\t\t\t\t<dt class='gallery-icon portrait'>\n\t\t\t\t\t<a class=\"rollover\" href='https:\/\/www.radiopiu.net\/wordpress\/il-saluto-di-don-mario-zanon-alla-comunita-di-taibon\/image7\/'><img loading=\"lazy\" decoding=\"async\" width=\"169\" height=\"300\" src=\"https:\/\/www.radiopiu.net\/wordpress\/wp-content\/uploads\/2019\/10\/image7-169x300.jpeg\" class=\"attachment-medium size-medium\" alt=\"\" srcset=\"https:\/\/www.radiopiu.net\/wordpress\/wp-content\/uploads\/2019\/10\/image7-169x300.jpeg 169w, https:\/\/www.radiopiu.net\/wordpress\/wp-content\/uploads\/2019\/10\/image7-768x1364.jpeg 768w, https:\/\/www.radiopiu.net\/wordpress\/wp-content\/uploads\/2019\/10\/image7-577x1024.jpeg 577w, https:\/\/www.radiopiu.net\/wordpress\/wp-content\/uploads\/2019\/10\/image7.jpeg 901w\" sizes=\"auto, (max-width: 169px) 100vw, 169px\" \/><\/a>\n\t\t\t\t<\/dt><\/dl><br style=\"clear: both\" \/>\n\t\t\t<\/div>\n\n","protected":false},"excerpt":{"rendered":"<p>Una chiesa gremita quella di Taibon Agordino per salutare Don Mario Zanon, il parroco che dopo 27 anni di servizio si ritira in casa di riposo per la meritata pensione. Una funzione che \u00e8 durata pi\u00f9 del solito anche perch\u00e8 la comunit\u00e0 di Taibon ha voluto salutare come si deve il Don. &#8220;Mi dispiace avervi&hellip;<\/p>\n","protected":false},"author":4,"featured_media":101410,"comment_status":"closed","ping_status":"closed","sticky":false,"template":"","format":"standard","meta":{"_monsterinsights_skip_tracking":false,"_monsterinsights_sitenote_active":false,"_monsterinsights_sitenote_note":"","_monsterinsights_sitenote_category":0,"footnotes":""},"categories":[51,49],"tags":[],"class_list":["post-101409","post","type-post","status-publish","format-standard","has-post-thumbnail","hentry","category-evidenza-top","category-news-18","category-51","category-49","description-off"],"img_url":"https:\/\/www.radiopiu.net\/wordpress\/wp-content\/uploads\/2019\/10\/image8.jpeg","_links":{"self":[{"href":"https:\/\/www.radiopiu.net\/wordpress\/wp-json\/wp\/v2\/posts\/101409","targetHints":{"allow":["GET"]}}],"collection":[{"href":"https:\/\/www.radiopiu.net\/wordpress\/wp-json\/wp\/v2\/posts"}],"about":[{"href":"https:\/\/www.radiopiu.net\/wordpress\/wp-json\/wp\/v2\/types\/post"}],"author":[{"embeddable":true,"href":"https:\/\/www.radiopiu.net\/wordpress\/wp-json\/wp\/v2\/users\/4"}],"replies":[{"embeddable":true,"href":"https:\/\/www.radiopiu.net\/wordpress\/wp-json\/wp\/v2\/comments?post=101409"}],"version-history":[{"count":0,"href":"https:\/\/www.radiopiu.net\/wordpress\/wp-json\/wp\/v2\/posts\/101409\/revisions"}],"wp:featuredmedia":[{"embeddable":true,"href":"https:\/\/www.radiopiu.net\/wordpress\/wp-json\/wp\/v2\/media\/101410"}],"wp:attachment":[{"href":"https:\/\/www.radiopiu.net\/wordpress\/wp-json\/wp\/v2\/media?parent=101409"}],"wp:term":[{"taxonomy":"category","embeddable":true,"href":"https:\/\/www.radiopiu.net\/wordpress\/wp-json\/wp\/v2\/categories?post=101409"},{"taxonomy":"post_tag","embeddable":true,"href":"https:\/\/www.radiopiu.net\/wordpress\/wp-json\/wp\/v2\/tags?post=101409"}],"curies":[{"name":"wp","href":"https:\/\/api.w.org\/{rel}","templated":true}]}}