{"id":101429,"date":"2019-10-07T05:42:39","date_gmt":"2019-10-07T03:42:39","guid":{"rendered":"http:\/\/www.radiopiu.net\/wordpress\/?p=101429"},"modified":"2019-10-07T18:25:03","modified_gmt":"2019-10-07T16:25:03","slug":"giornale-radiopiu-07-ottobre-2019-direttore-mirko-mezzacasa","status":"publish","type":"post","link":"https:\/\/www.radiopiu.net\/wordpress\/giornale-radiopiu-07-ottobre-2019-direttore-mirko-mezzacasa\/","title":{"rendered":"GIORNALE RADIOPIU 07 OTTOBRE 2019 DIRETTORE MIRKO MEZZACASA"},"content":{"rendered":"<p>&nbsp;<\/p>\n<p>&nbsp;<\/p>\n<blockquote><p><em>Gestione Servizi Pubblici informa che ad AGORDO nelle LOCALITA&#8217; PIASENT, COLVIGNAS, CAMPON e LE FOCHE l&#8217;acqua erogata dall&#8217;acquedotto non \u00e8 potabile e pu\u00f2 essere usata per scopi alimentari SOLO PREVIA bollitura. GSP ha, comunque, gi\u00e0 adottato le necessarie misure per la disinfezione dell&#8217;acqua presente nei serbatoi e nella rete idrica con l&#8217;aggiunta di cloro.<\/em><\/p><\/blockquote>\n<p>&nbsp;<\/p>\n<p>&nbsp;<\/p>\n<h3>PER ASFALTATURA CHIUSURA DELLA PROVINCIALE DEL MIS TRA TISER E CURTI DA DOMANI AL 14 OTTOBRE DALLE 7.40 ALLE 12.30 E DALLE 14 ALLE 17.30<\/h3>\n<blockquote><p><a class=\"dt-pswp-item\" href=\"http:\/\/www.radiopiu.net\/wordpress\/wp-content\/uploads\/2019\/10\/bfe23711-838c-4802-88e7-bc518dc5c38a.jpg\" data-dt-img-description=\"\" data-large_image_width=\"1600\" data-large_image_height=\"1200\"><img loading=\"lazy\" decoding=\"async\" class=\"alignnone size-medium wp-image-101635\" src=\"http:\/\/www.radiopiu.net\/wordpress\/wp-content\/uploads\/2019\/10\/bfe23711-838c-4802-88e7-bc518dc5c38a-300x225.jpg\" alt=\"\" width=\"300\" height=\"225\" srcset=\"https:\/\/www.radiopiu.net\/wordpress\/wp-content\/uploads\/2019\/10\/bfe23711-838c-4802-88e7-bc518dc5c38a-300x225.jpg 300w, https:\/\/www.radiopiu.net\/wordpress\/wp-content\/uploads\/2019\/10\/bfe23711-838c-4802-88e7-bc518dc5c38a-768x576.jpg 768w, https:\/\/www.radiopiu.net\/wordpress\/wp-content\/uploads\/2019\/10\/bfe23711-838c-4802-88e7-bc518dc5c38a-1024x768.jpg 1024w, https:\/\/www.radiopiu.net\/wordpress\/wp-content\/uploads\/2019\/10\/bfe23711-838c-4802-88e7-bc518dc5c38a.jpg 1600w\" sizes=\"auto, (max-width: 300px) 100vw, 300px\" \/><\/a><\/p><\/blockquote>\n<h2><\/h2>\n<p>&nbsp;<\/p>\n<h3><\/h3>\n<h2>GIUSTIZIA E&#8217; FATTA&#8230;.<\/h2>\n<p>Diamo a Cesare&#8230;. titolavamo l&#8217;altra settimana nei nostri notiziari. Il riferimento alla foto di\u00a0<a class=\"profileLink\" href=\"https:\/\/www.facebook.com\/Curiosauro.it\/?ref=gs&amp;__tn__=%2CdK-R-R&amp;eid=ARCqYktyBExpYPQPRWe9dDRKtMzxANswi-Xv1Tm6T6j_at06D0ACspNbl_RLQTm4bcugySzOpY8dB47j&amp;fref=gs&amp;dti=61488111720&amp;hc_location=group\" data-hovercard=\"\/ajax\/hovercard\/page.php?id=837968629576506&amp;extragetparams=%7B%22__tn__%22%3A%22%2CdK-R-R%22%2C%22eid%22%3A%22ARCqYktyBExpYPQPRWe9dDRKtMzxANswi-Xv1Tm6T6j_at06D0ACspNbl_RLQTm4bcugySzOpY8dB47j%22%2C%22fref%22%3A%22gs%22%2C%22directed_target_id%22%3A61488111720%2C%22dti%22%3A61488111720%2C%22hc_location%22%3A%22group%22%7D\" data-hovercard-prefer-more-content-show=\"1\">Curiosauro<\/a> che aveva postato la foto della catasta di legna a Vallada con la chiesa di San Simon posizionandola in territorio Trentino. Da\u00a0<a class=\"profileLink\" href=\"https:\/\/www.facebook.com\/groups\/radiopiu\/?ref=gs&amp;fref=gs&amp;dti=61488111720&amp;hc_location=group\" data-hovercard=\"\/ajax\/hovercard\/group.php?id=61488111720&amp;extragetparams=%7B%22fref%22%3A%22gs%22%2C%22directed_target_id%22%3A61488111720%2C%22dti%22%3A61488111720%2C%22hc_location%22%3A%22group%22%7D&amp;ref=gs\" data-hovercard-prefer-more-content-show=\"1\">RADIO PIU&#8217; EMITTENTE AGORDINA (Taibon_32027)<\/a>\u00a0su suggerimento della pagina\u00a0<a class=\"profileLink\" href=\"https:\/\/www.facebook.com\/groups\/DoloMiticiOfficial\/?ref=gs&amp;fref=gs&amp;dti=61488111720&amp;hc_location=group\" data-hovercard=\"\/ajax\/hovercard\/group.php?id=42492853273&amp;extragetparams=%7B%22fref%22%3A%22gs%22%2C%22directed_target_id%22%3A61488111720%2C%22dti%22%3A61488111720%2C%22hc_location%22%3A%22group%22%7D&amp;ref=gs\" data-hovercard-prefer-more-content-show=\"1\">DoloMitici! <\/a>\u00a0\u00e8 partita la protesta a suon di messaggi, tanti finch\u00e8 il responsabile del sito ha deciso di modificare quel Trentino in Veneto. Tutto questo ha rilanciato la foto via social, ieri per RADIO PIU il servizio dettagliato di <a class=\"profileLink\" title=\"Luisa Manfroi\" role=\"button\" href=\"https:\/\/www.facebook.com\/luisa.manfroi?fref=gs&amp;__tn__=%2CdK-R-R&amp;eid=ARBwGcwVZPsIF5Z2NgGdiRFe1yF1Hh3lhVMLAF-Ej2cAcRriGq2pCGbJixvetpX6YVP1WrauHHZS8fhf&amp;dti=61488111720&amp;hc_location=group\" rel=\"dialog\" data-hovercard=\"\/ajax\/hovercard\/user.php?id=1508963261&amp;extragetparams=%7B%22__tn__%22%3A%22%2CdK-R-R%22%2C%22eid%22%3A%22ARBwGcwVZPsIF5Z2NgGdiRFe1yF1Hh3lhVMLAF-Ej2cAcRriGq2pCGbJixvetpX6YVP1WrauHHZS8fhf%22%2C%22fref%22%3A%22gs%22%2C%22directed_target_id%22%3A61488111720%2C%22dti%22%3A61488111720%2C%22hc_location%22%3A%22group%22%7D\" data-hovercard-prefer-more-content-show=\"1\">Luisa Manfroi<\/a> che ha poi fatto il giro delle redazione di radio, televisioni, siti web e giornali che da oggi riprendono la notizia. Grazie a tutti per l&#8217;appoggio nella &#8220;protesta&#8221; mediatica e il risultato \u00e8 evidente.<\/p>\n<div class=\"text_exposed_show\">\n<p>ECCO IL SERVIZIO PUBBLICATO IERI DAL SITO INTERNET\u00a0<a href=\"https:\/\/l.facebook.com\/l.php?u=http%3A%2F%2FRADIOPIU.NET%2F%3Ffbclid%3DIwAR38C0dctj1lrrKmsl6EWdCYSnOmThTVXbOCnDY7OkpKH0bHs7Yu3MiBHHg&amp;h=AT34_ZGHdFnOMoJi4au8su945GmOEEKRqmRb7Wrc61Ix0gnWqlB-pQtqNeCJrFS0McIs8IuiBPybBZjl_ni15X2byPUYhxCE6H6TRSssaZEE3ghpFzVMDdSZbXxd_A0cs6-RTJumhKEBkrPEKcRHzn0hC8oDnw\" target=\"_blank\" rel=\"noopener nofollow noreferrer\" data-ft=\"{&quot;tn&quot;:&quot;-U&quot;}\" data-lynx-mode=\"asynclazy\">RADIOPIU.NET<\/a><\/p>\n<\/div>\n<h2>SANDRO SAVIO E I BASSORILIEVI FATTI CON LE CATASTE DI LEGNA di LUISA MANFROI<\/h2>\n<p><strong>dal GIORNALE RADIO PRINCIPALE, AUDIO<\/strong><\/p>\n<audio class=\"wp-audio-shortcode\" id=\"audio-101429-1\" preload=\"none\" style=\"width: 100%;\" controls=\"controls\"><source type=\"audio\/mpeg\" src=\"http:\/\/www.radiopiu.net\/wordpress\/wp-content\/uploads\/2019\/10\/LUISA.mp3?_=1\" \/><a href=\"http:\/\/www.radiopiu.net\/wordpress\/wp-content\/uploads\/2019\/10\/LUISA.mp3\">http:\/\/www.radiopiu.net\/wordpress\/wp-content\/uploads\/2019\/10\/LUISA.mp3<\/a><\/audio>\n<p>&nbsp;<\/p>\n<p><strong><img loading=\"lazy\" decoding=\"async\" class=\" wp-image-101447 alignleft\" src=\"http:\/\/www.radiopiu.net\/wordpress\/wp-content\/uploads\/2019\/10\/Sandro-Savio-davanti-al-suo-bassorilievo-della-chiesa-di-San-Simon-Foto-L.Manfroi-300x169.jpg\" alt=\"\" width=\"341\" height=\"192\" srcset=\"https:\/\/www.radiopiu.net\/wordpress\/wp-content\/uploads\/2019\/10\/Sandro-Savio-davanti-al-suo-bassorilievo-della-chiesa-di-San-Simon-Foto-L.Manfroi-300x169.jpg 300w, https:\/\/www.radiopiu.net\/wordpress\/wp-content\/uploads\/2019\/10\/Sandro-Savio-davanti-al-suo-bassorilievo-della-chiesa-di-San-Simon-Foto-L.Manfroi-768x432.jpg 768w, https:\/\/www.radiopiu.net\/wordpress\/wp-content\/uploads\/2019\/10\/Sandro-Savio-davanti-al-suo-bassorilievo-della-chiesa-di-San-Simon-Foto-L.Manfroi-1024x576.jpg 1024w\" sizes=\"auto, (max-width: 341px) 100vw, 341px\" \/>VALLADA\u00a0<\/strong> C\u2019\u00e8 chi ritiene che il bassorilievo ricavato in una catasta di legna che rappresenta una chiesa col campanile, sia opera di un architetto trentino e si trovi nella vicina provincia autonoma. Altri lo collocano, invece, in una non precisata localit\u00e0 dell\u2019Austria salisburghese. Nulla di pi\u00f9 sbagliato.\u00a0 Queste false informazioni\u00a0 sono circolate da qualche tempo sui social, senza che abbiano alcun fondamento. Fa piacere che questa creazione sia oggetto di interesse, ma \u00e8 anche giusto farlo nella maniera corretta, precisando che l\u2019autore \u00e8 agordino. Pi\u00f9 esattamente \u00e8\u00a0 Sandro Savio, abitante a Vallada, che ormai da qualche\u00a0 anno ama realizzare\u00a0 cataste di legna artistiche che riscuotono la curiosit\u00e0 di molti, turisti compresi.\u00a0 L\u2019opera, che \u00e8 stata ripresa sui social in fotografia, altro non \u00e8 se non\u00a0 la riproduzione dettagliata della chiesa monumentale di San Simon ed \u00e8 attualmente visibile passando lungo la\u00a0 strada comunale,\u00a0 sulla parete del piccolo edificio del \u201cforn\u201d, a Sachet di Vallada.<\/p>\n<p>Colpisce la cura dei particolari e il lavoro minuzioso che l\u2019ha portato ad accostare legni di diversa tipologia: abete, frassino, acero, larice che insieme restituiscono un gioco di colori e un mosaico di contrasti che li rendono piacevoli alla vista. L\u2019opera\u00a0 ha destato evidentemente\u00a0 l\u2019attenzione di tanti che hanno fotografato e postato l\u2019immagine in internet contribuendo poi alla sua diffusione e ai malintesi che\u00a0 sono derivati dal passaparola mediatico. C\u2019\u00e8 da dire che quelle di Vallada non sono le uniche, perch\u00e9 delle cataste artistiche ha fatto un suo biglietto da visita il borgo di Mezzano, in Primiero (Trentino), che ha dato vita ad una sorta di museo all\u2019aperto con queste creazioni eseguite in legno.<\/p>\n<blockquote><p><em>Sorride Sandro Savio, sessantuno anni, al pensiero che il suo lavoro abbia riscosso\u00a0 notoriet\u00e0 ben oltre i confini comunali seppur in modo un po\u2019 equivoco, e sta gi\u00e0 pensando al suo prossimo bassorilievo. Una passione che gli \u00e8 venuta qualche anno fa, prima ancora di andare in pensione, quando svolgeva la professione di meccanico ma che deriva dall\u2019esigenza primaria di procurare e tagliare la legna per l\u2019inverno. L\u2019aspetto creativo fa da complemento, rispetto al resto. I primi lavori che hanno trovato forma\u00a0 su una facciata della sua casa di Sachet, sono state le riproduzioni delle carte da gioco, le stelle alpine, la chiesa di San Simon, un\u00a0 simbolo per i valladesi come lo sono del resto le \u201cdanbre\u201d, gli zoccoli in legno borchiati e il \u201cpav\u00e0re\u201d, i semi di papavero. Ed \u00e8 il bassorilievo della chiesa ad aver suscitato grande interesse, tanto da decidere di\u00a0 spostarlo\u00a0 da casa Savio a quella del \u201cforn\u201d, a monte di un centinaio di metri.\u00a0 Sandro Savio \u00e8 impegnato nel volontariato con la Pro Loco di Vallada e collabora alle varie attivit\u00e0 del paese ed \u00e8 proprio per questo che realizza le sue creazioni.\u00a0<\/em><\/p><\/blockquote>\n<p><strong>Ma come nascono i suoi bassorilievi ?<\/strong><\/p>\n<p>Con \u201cmanar\u00ecn\u201d, macchina spaccalegna e sega circolare e tanta pazienza,\u00a0 in primavera, Sandro taglia la legna, generalmente abete, per fare la base della pila. I pezzi, regolari per lunghezza e dimensione, vengono collocati gli uni sugli altri.\u00a0 Nel frattempo ha gi\u00e0 predisposto\u00a0 un disegno e un modello della sua creazione che man mano prendono forma accostando i legni adatti e tenendo conto dei cambiamenti cromatici assunti dalla fibra con il passare del tempo i quali contribuiscono a creare i giusti contrasti\u00a0 al disegno riprodotto nel bassorilievo. Quest\u2019anno, sulla catasta di casa, Sandro ha\u00a0 voluto rappresentare\u00a0 il lupo, poich\u00e9 questo animale ha fatto molto parlare di s\u00e9 in provincia negli ultimi tempi. Il lavoro \u00e8 stato completato dalla raffigurazione di un gufo, della luna e di un gatto.<\/p>\n<p>&nbsp;<\/p>\n<p>&nbsp;<\/p>\n<h3>DILLO ALLA&#8230; RADIO PIU&#8217;<\/h3>\n<p><span style=\"color: #0000ff;\">Annalisa Zancanaro da Livinallongo<\/span><\/p>\n<blockquote><p>\u00a0Volevo chiedere se possibile a mio nome attraverso radio pi\u00f9 ringraziare tutta l&#8217;equipe medica gli infermieri del pronto soccorso dove ieri e l&#8217;altro ieri sono stata assistita e curata in modo magnifico sotto ogni punto di vista anche umano ed anche al personale della radiologia e tutto il personale Grazie, grazie grazie, mi auguro che l&#8217;ospedale di Agordo abbia un lungo percorso perch\u00e9 abbiamo bisogno.<\/p><\/blockquote>\n<p>&nbsp;<\/p>\n<p>&nbsp;<\/p>\n<h3>IN RIANIMAZIONE IL CENTAURO CADUTO IN MOTO<\/h3>\n<p><strong>BELLUNO<\/strong> Un trevigiano di Mogliano Veneto, S.F. di 49 anni \u00e8 caduto\u00a0 dalla moto\u00a0 sulla strada da Castion al Nevegal,\u00a0 Sul posto sono arrivati i carabinieri del Nucleo operativo radiomobile per i rilievi del caso, l&#8217;ambulanza dell&#8217;ospedale di Belluno che ha condotto l&#8217;uomo al pronto soccorso del San Martino e i vigili del fuoco che hanno recuperato la moto. L&#8217;uomo\u00a0 \u00e8\u00a0 ricoverato in rianimazione per un trauma toracico, prognosi\u00a0 riservata, ma non \u00e8 in pericolo di vita. &#8212;<\/p>\n<p>&nbsp;<\/p>\n<p>&nbsp;<\/p>\n<h2>L&#8217;ALTRA NOTTE A PONTE NELLE ALPI<\/h2>\n<p><a class=\"dt-pswp-item\" href=\"http:\/\/www.radiopiu.net\/wordpress\/wp-content\/uploads\/2019\/10\/photo5823568697091010908.jpg\" data-dt-img-description=\"\" data-large_image_width=\"960\" data-large_image_height=\"1280\"><img loading=\"lazy\" decoding=\"async\" class=\"size-medium wp-image-101404 alignleft\" src=\"http:\/\/www.radiopiu.net\/wordpress\/wp-content\/uploads\/2019\/10\/photo5823568697091010908-225x300.jpg\" alt=\"\" width=\"225\" height=\"300\" srcset=\"https:\/\/www.radiopiu.net\/wordpress\/wp-content\/uploads\/2019\/10\/photo5823568697091010908-225x300.jpg 225w, https:\/\/www.radiopiu.net\/wordpress\/wp-content\/uploads\/2019\/10\/photo5823568697091010908-768x1024.jpg 768w, https:\/\/www.radiopiu.net\/wordpress\/wp-content\/uploads\/2019\/10\/photo5823568697091010908.jpg 960w\" sizes=\"auto, (max-width: 225px) 100vw, 225px\" \/><\/a>Incidente\u00a0 verso l&#8217;una a Ponte Nelle Alpi dove una donna, classe 1972, si \u00e8 rovesciata con la sua Fiat Punto. Il fatto \u00e8 avvenuto sulla S.S. 51 di Alemagna, in prossimit\u00e0 dell&#8217;Albergo Dante. Per cause ancora in fase di accertamento, la donna ha perso il controllo della vettura uscendo di strada. Il personale del Suem 118 ha portato M.D.V. all&#8217;ospedale di Belluno. Non \u00e8 in pericolo di vita. Sono intervenuti i Carabinieri della locale stazione<\/p>\n<p>&nbsp;<\/p>\n<p>&nbsp;<\/p>\n<p>&nbsp;<\/p>\n<p>&nbsp;<\/p>\n<p>&nbsp;<\/p>\n<p>&nbsp;<\/p>\n<p>&nbsp;<\/p>\n<p>&nbsp;<\/p>\n<p>&nbsp;<\/p>\n<p>&nbsp;<\/p>\n<p>&nbsp;<\/p>\n<h2>LA MONTAGNA RESTITUISCE ALTRI RESTI<\/h2>\n<p><strong>CORTINA<\/strong> Nel pomeriggio di ieri in localit\u00e0 Costabella nel gruppo montuoso del Cristallo a 2700 metri di quota alcuni militari hanno constatato la presenza di resti umani, un cranio, una mandibola, femori, vertebre e i resti di un bacino . Si presume possano risalire alla prima guerra mondiale. I Carabinieri unitamente ai militari hanno avviato le procedure di accertamento<\/p>\n<p><img loading=\"lazy\" decoding=\"async\" class=\"alignnone size-medium wp-image-101477\" src=\"http:\/\/www.radiopiu.net\/wordpress\/wp-content\/uploads\/2019\/10\/9eed27ca-94df-4217-bc30-0bbd944b6a54-300x225.jpg\" alt=\"\" width=\"300\" height=\"225\" srcset=\"https:\/\/www.radiopiu.net\/wordpress\/wp-content\/uploads\/2019\/10\/9eed27ca-94df-4217-bc30-0bbd944b6a54-300x225.jpg 300w, https:\/\/www.radiopiu.net\/wordpress\/wp-content\/uploads\/2019\/10\/9eed27ca-94df-4217-bc30-0bbd944b6a54.jpg 320w\" sizes=\"auto, (max-width: 300px) 100vw, 300px\" \/><img loading=\"lazy\" decoding=\"async\" class=\"alignnone size-medium wp-image-101476\" src=\"http:\/\/www.radiopiu.net\/wordpress\/wp-content\/uploads\/2019\/10\/61d88d00-3234-45ee-9da2-beba2fe9aae6-300x225.jpg\" alt=\"\" width=\"300\" height=\"225\" srcset=\"https:\/\/www.radiopiu.net\/wordpress\/wp-content\/uploads\/2019\/10\/61d88d00-3234-45ee-9da2-beba2fe9aae6-300x225.jpg 300w, https:\/\/www.radiopiu.net\/wordpress\/wp-content\/uploads\/2019\/10\/61d88d00-3234-45ee-9da2-beba2fe9aae6.jpg 320w\" sizes=\"auto, (max-width: 300px) 100vw, 300px\" \/><img loading=\"lazy\" decoding=\"async\" class=\"alignnone size-medium wp-image-101475\" src=\"http:\/\/www.radiopiu.net\/wordpress\/wp-content\/uploads\/2019\/10\/2c5c44e1-77c0-4be6-897f-eab609b3160e-300x225.jpg\" alt=\"\" width=\"300\" height=\"225\" srcset=\"https:\/\/www.radiopiu.net\/wordpress\/wp-content\/uploads\/2019\/10\/2c5c44e1-77c0-4be6-897f-eab609b3160e-300x225.jpg 300w, https:\/\/www.radiopiu.net\/wordpress\/wp-content\/uploads\/2019\/10\/2c5c44e1-77c0-4be6-897f-eab609b3160e.jpg 320w\" sizes=\"auto, (max-width: 300px) 100vw, 300px\" \/><\/p>\n<p>&nbsp;<\/p>\n<p>&nbsp;<\/p>\n<p>&nbsp;<\/p>\n<h2><img loading=\"lazy\" decoding=\"async\" class=\"wp-image-101444 alignleft\" src=\"http:\/\/www.radiopiu.net\/wordpress\/wp-content\/uploads\/2019\/10\/71515453_763035890783992_2396873131655430144_n-300x300.jpg\" alt=\"\" width=\"190\" height=\"190\" srcset=\"https:\/\/www.radiopiu.net\/wordpress\/wp-content\/uploads\/2019\/10\/71515453_763035890783992_2396873131655430144_n-300x300.jpg 300w, https:\/\/www.radiopiu.net\/wordpress\/wp-content\/uploads\/2019\/10\/71515453_763035890783992_2396873131655430144_n-150x150.jpg 150w, https:\/\/www.radiopiu.net\/wordpress\/wp-content\/uploads\/2019\/10\/71515453_763035890783992_2396873131655430144_n.jpg 512w\" sizes=\"auto, (max-width: 190px) 100vw, 190px\" \/>LA BELLA NOTIZIA&#8230;<\/h2>\n<p><strong>SAN TOMASO<\/strong> Avanti alla grande con la promozione del paese e ad alti livelli, fra poco infatti partono le riprese della trasmissione Icarus &#8211; Sky Sport con Justine Mattera in piazza a Celat di San Tomaso. Troupe e conduttrice pronti per provare l\u2019adrenalinica Zipline San Tomaso. Il grazie pi\u00f9 deciso va al Consorzio DMO di Belluno e al suo Direttore Giuliano Vantaggi!<\/p>\n<p>&nbsp;<\/p>\n<p>&nbsp;<\/p>\n<p>&nbsp;<\/p>\n<p>&nbsp;<\/p>\n<p>&nbsp;<\/p>\n<p>&nbsp;<\/p>\n<p>&nbsp;<\/p>\n<blockquote>\n<h2>LA BELLA NOTIZIA 2&#8230;CHE FA COMUNITA&#8217;<\/h2>\n<p><strong><img loading=\"lazy\" decoding=\"async\" class=\"alignnone size-medium wp-image-101445\" src=\"http:\/\/www.radiopiu.net\/wordpress\/wp-content\/uploads\/2019\/10\/d7ed890d-32f9-45ac-b194-c1e613206c40-300x225.jpg\" alt=\"\" width=\"300\" height=\"225\" srcset=\"https:\/\/www.radiopiu.net\/wordpress\/wp-content\/uploads\/2019\/10\/d7ed890d-32f9-45ac-b194-c1e613206c40-300x225.jpg 300w, https:\/\/www.radiopiu.net\/wordpress\/wp-content\/uploads\/2019\/10\/d7ed890d-32f9-45ac-b194-c1e613206c40-768x576.jpg 768w, https:\/\/www.radiopiu.net\/wordpress\/wp-content\/uploads\/2019\/10\/d7ed890d-32f9-45ac-b194-c1e613206c40-1024x768.jpg 1024w, https:\/\/www.radiopiu.net\/wordpress\/wp-content\/uploads\/2019\/10\/d7ed890d-32f9-45ac-b194-c1e613206c40.jpg 1600w\" sizes=\"auto, (max-width: 300px) 100vw, 300px\" \/><img loading=\"lazy\" decoding=\"async\" class=\"alignnone size-medium wp-image-101440\" src=\"http:\/\/www.radiopiu.net\/wordpress\/wp-content\/uploads\/2019\/10\/814e72d8-ecb7-4364-8c74-e4117debdea1-300x225.jpg\" alt=\"\" width=\"300\" height=\"225\" srcset=\"https:\/\/www.radiopiu.net\/wordpress\/wp-content\/uploads\/2019\/10\/814e72d8-ecb7-4364-8c74-e4117debdea1-300x225.jpg 300w, https:\/\/www.radiopiu.net\/wordpress\/wp-content\/uploads\/2019\/10\/814e72d8-ecb7-4364-8c74-e4117debdea1-768x576.jpg 768w, https:\/\/www.radiopiu.net\/wordpress\/wp-content\/uploads\/2019\/10\/814e72d8-ecb7-4364-8c74-e4117debdea1-1024x768.jpg 1024w, https:\/\/www.radiopiu.net\/wordpress\/wp-content\/uploads\/2019\/10\/814e72d8-ecb7-4364-8c74-e4117debdea1.jpg 1600w\" sizes=\"auto, (max-width: 300px) 100vw, 300px\" \/><img loading=\"lazy\" decoding=\"async\" class=\"alignnone size-medium wp-image-101450\" src=\"http:\/\/www.radiopiu.net\/wordpress\/wp-content\/uploads\/2019\/10\/996f46d7-5c99-4b5b-9942-e98b3256a4e4-300x225.jpg\" alt=\"\" width=\"300\" height=\"225\" srcset=\"https:\/\/www.radiopiu.net\/wordpress\/wp-content\/uploads\/2019\/10\/996f46d7-5c99-4b5b-9942-e98b3256a4e4-300x225.jpg 300w, https:\/\/www.radiopiu.net\/wordpress\/wp-content\/uploads\/2019\/10\/996f46d7-5c99-4b5b-9942-e98b3256a4e4-768x576.jpg 768w, https:\/\/www.radiopiu.net\/wordpress\/wp-content\/uploads\/2019\/10\/996f46d7-5c99-4b5b-9942-e98b3256a4e4-1024x768.jpg 1024w, https:\/\/www.radiopiu.net\/wordpress\/wp-content\/uploads\/2019\/10\/996f46d7-5c99-4b5b-9942-e98b3256a4e4.jpg 1600w\" sizes=\"auto, (max-width: 300px) 100vw, 300px\" \/><a class=\"dt-pswp-item\" href=\"http:\/\/www.radiopiu.net\/wordpress\/wp-content\/uploads\/2019\/10\/147d7230-5977-45f3-a2b1-0892412a6970.jpg\" data-dt-img-description=\"\" data-large_image_width=\"1600\" data-large_image_height=\"1200\"><img loading=\"lazy\" decoding=\"async\" class=\"alignnone size-medium wp-image-101520\" src=\"http:\/\/www.radiopiu.net\/wordpress\/wp-content\/uploads\/2019\/10\/147d7230-5977-45f3-a2b1-0892412a6970-300x225.jpg\" alt=\"\" width=\"300\" height=\"225\" srcset=\"https:\/\/www.radiopiu.net\/wordpress\/wp-content\/uploads\/2019\/10\/147d7230-5977-45f3-a2b1-0892412a6970-300x225.jpg 300w, https:\/\/www.radiopiu.net\/wordpress\/wp-content\/uploads\/2019\/10\/147d7230-5977-45f3-a2b1-0892412a6970-768x576.jpg 768w, https:\/\/www.radiopiu.net\/wordpress\/wp-content\/uploads\/2019\/10\/147d7230-5977-45f3-a2b1-0892412a6970-1024x768.jpg 1024w, https:\/\/www.radiopiu.net\/wordpress\/wp-content\/uploads\/2019\/10\/147d7230-5977-45f3-a2b1-0892412a6970.jpg 1600w\" sizes=\"auto, (max-width: 300px) 100vw, 300px\" \/><\/a><\/strong><\/p>\n<p><strong>ALLEGHE<\/strong> Festa dei zovegn de na ota 2019 a Caprile. I Comuni di Alleghe Rocca e Selva. La scelta di condividere una festa consolidata \u00e8 sempre pi\u00f9 apprezzata dai cittadini a cui piace vedere gli amministratori partecipare attivamente all&#8217;organizzazione della festa anche servendo ai tavoli. Un centinaio gli &#8216;anziani&#8217; presenti<\/p>\n<p><strong>SELVA DI CADORE<\/strong> &#8220;<em>Ieri \u00e8 stata una bellissima festa anche per noi amministratori, la possibilit\u00e0 di passare del tempo con le persone che hanno ricostruito, sostenuto \u00e8 mantenuto vivi i nostri paese con tanto coraggio e con difficolt\u00e0 che possiamo solo immaginare. E quella di condividere questa esperienza tra amministratori ma anche tra amici, con l&#8217; ironia che ci contraddistingue&#8221;. <\/em>Il sindaco, Silvia Cestaro<\/p>\n<p>&nbsp;<\/p><\/blockquote>\n<h2><\/h2>\n<h2><\/h2>\n<h2><\/h2>\n<h2><\/h2>\n<blockquote><p>&nbsp;<\/p><\/blockquote>\n<h2>L&#8217;INCIDENTE DI LISTOLADE ALLA LUCE DEL SOLE, LA CRONACA, RICOSTRUZIONE SUL POSTO.<\/h2>\n<div id=\"fb-root\"><\/div>\n<p><script async=\"1\" defer=\"1\" crossorigin=\"anonymous\" src=\"https:\/\/connect.facebook.net\/it_IT\/sdk.js#xfbml=1&amp;version=v6.0\"><\/script><\/p>\n<div class=\"fb-video\" data-href=\"https:\/\/www.facebook.com\/mirko.mezzacasa\/videos\/10220950331094853\/\" data-width=\"1200\">\n<blockquote cite=\"https:\/\/www.facebook.com\/mirko.mezzacasa\/videos\/10220950331094853\/\" class=\"fb-xfbml-parse-ignore\"><p><a href=\"https:\/\/www.facebook.com\/mirko.mezzacasa\/videos\/10220950331094853\/\"><\/a><\/p>\n<p>LISTOLADE, ALLA LUCE DEL SOLE.<\/p>\n<p>Pubblicato da <a href=\"https:\/\/www.facebook.com\/mirko.mezzacasa\">Mirko Mezzacasa<\/a> su Domenica 6 ottobre 2019<\/p><\/blockquote>\n<\/div>\n<p>&nbsp;<\/p>\n<p>&nbsp;<\/p>\n<p>&nbsp;<\/p>\n<h2><img loading=\"lazy\" decoding=\"async\" class=\"size-medium wp-image-101418 alignleft\" src=\"http:\/\/www.radiopiu.net\/wordpress\/wp-content\/uploads\/2019\/10\/image7-169x300.jpeg\" alt=\"\" width=\"169\" height=\"300\" srcset=\"https:\/\/www.radiopiu.net\/wordpress\/wp-content\/uploads\/2019\/10\/image7-169x300.jpeg 169w, https:\/\/www.radiopiu.net\/wordpress\/wp-content\/uploads\/2019\/10\/image7-768x1364.jpeg 768w, https:\/\/www.radiopiu.net\/wordpress\/wp-content\/uploads\/2019\/10\/image7-577x1024.jpeg 577w, https:\/\/www.radiopiu.net\/wordpress\/wp-content\/uploads\/2019\/10\/image7.jpeg 901w\" sizes=\"auto, (max-width: 169px) 100vw, 169px\" \/><\/h2>\n<h2><\/h2>\n<h2><\/h2>\n<h2><\/h2>\n<h2>IL SALUTO DI DON MARIO ZANON ALLA COMUNITA&#8217; DI TAIBON<\/h2>\n<p>&nbsp;<\/p>\n<p><strong>DI GIANNI SANTOMASO<\/strong><\/p>\n<audio class=\"wp-audio-shortcode\" id=\"audio-101429-2\" preload=\"none\" style=\"width: 100%;\" controls=\"controls\"><source type=\"audio\/mpeg\" src=\"http:\/\/www.radiopiu.net\/wordpress\/wp-content\/uploads\/2019\/10\/GIANNI-DON-MARIO.mp3?_=2\" \/><a href=\"http:\/\/www.radiopiu.net\/wordpress\/wp-content\/uploads\/2019\/10\/GIANNI-DON-MARIO.mp3\">http:\/\/www.radiopiu.net\/wordpress\/wp-content\/uploads\/2019\/10\/GIANNI-DON-MARIO.mp3<\/a><\/audio>\n<p><a class=\"dt-pswp-item\" href=\"http:\/\/www.radiopiu.net\/wordpress\/wp-content\/uploads\/2019\/10\/4f6ce527-2a2b-4ad8-8526-6d57a4f6126d.jpg\" data-dt-img-description=\"\" data-large_image_width=\"1200\" data-large_image_height=\"1600\"><img loading=\"lazy\" decoding=\"async\" class=\"alignnone size-medium wp-image-101526\" src=\"http:\/\/www.radiopiu.net\/wordpress\/wp-content\/uploads\/2019\/10\/4f6ce527-2a2b-4ad8-8526-6d57a4f6126d-225x300.jpg\" alt=\"\" width=\"225\" height=\"300\" srcset=\"https:\/\/www.radiopiu.net\/wordpress\/wp-content\/uploads\/2019\/10\/4f6ce527-2a2b-4ad8-8526-6d57a4f6126d-225x300.jpg 225w, https:\/\/www.radiopiu.net\/wordpress\/wp-content\/uploads\/2019\/10\/4f6ce527-2a2b-4ad8-8526-6d57a4f6126d-768x1024.jpg 768w, https:\/\/www.radiopiu.net\/wordpress\/wp-content\/uploads\/2019\/10\/4f6ce527-2a2b-4ad8-8526-6d57a4f6126d.jpg 1200w\" sizes=\"auto, (max-width: 225px) 100vw, 225px\" \/><\/a><\/p>\n<p><strong>IL SINDACO SI TAIBON SILVIA TORMEN<\/strong><\/p>\n<audio class=\"wp-audio-shortcode\" id=\"audio-101429-3\" preload=\"none\" style=\"width: 100%;\" controls=\"controls\"><source type=\"audio\/mpeg\" src=\"http:\/\/www.radiopiu.net\/wordpress\/wp-content\/uploads\/2019\/10\/SILVIA-TORMEN.mp3?_=3\" \/><a href=\"http:\/\/www.radiopiu.net\/wordpress\/wp-content\/uploads\/2019\/10\/SILVIA-TORMEN.mp3\">http:\/\/www.radiopiu.net\/wordpress\/wp-content\/uploads\/2019\/10\/SILVIA-TORMEN.mp3<\/a><\/audio>\n<h3><\/h3>\n<audio class=\"wp-audio-shortcode\" id=\"audio-101429-4\" preload=\"none\" style=\"width: 100%;\" controls=\"controls\"><source type=\"audio\/mpeg\" src=\"http:\/\/www.radiopiu.net\/wordpress\/wp-content\/uploads\/2019\/10\/32\u00b0-Almanach-Ladin_Fodom-1.mp3?_=4\" \/><a href=\"http:\/\/www.radiopiu.net\/wordpress\/wp-content\/uploads\/2019\/10\/32\u00b0-Almanach-Ladin_Fodom-1.mp3\">http:\/\/www.radiopiu.net\/wordpress\/wp-content\/uploads\/2019\/10\/32\u00b0-Almanach-Ladin_Fodom-1.mp3<\/a><\/audio>\n<h3>RESOCONTO DI GIORNATA, FOTO E INTERVENTI IN CHIESA A TAIBON<\/h3>\n<blockquote class=\"wp-embedded-content\" data-secret=\"jq8XF6LyWh\"><p><a href=\"http:\/\/www.radiopiu.net\/wordpress\/il-saluto-di-don-mario-zanon-alla-comunita-di-taibon\/\">IL SALUTO DI DON MARIO ZANON ALLA COMUNITA&#8217; DI TAIBON<\/a><\/p><\/blockquote>\n<p><iframe loading=\"lazy\" title=\"&#8220;IL SALUTO DI DON MARIO ZANON ALLA COMUNITA&#8217; DI TAIBON&#8221; &#8212; Radio Pi\u00f9\" class=\"wp-embedded-content\" sandbox=\"allow-scripts\" security=\"restricted\" style=\"position: absolute; clip: rect(1px, 1px, 1px, 1px);\" src=\"http:\/\/www.radiopiu.net\/wordpress\/il-saluto-di-don-mario-zanon-alla-comunita-di-taibon\/embed\/#?secret=jq8XF6LyWh\" data-secret=\"jq8XF6LyWh\" width=\"600\" height=\"338\" frameborder=\"0\" marginwidth=\"0\" marginheight=\"0\" scrolling=\"no\"><\/iframe><\/p>\n<p>&nbsp;<\/p>\n<p>&nbsp;<\/p>\n<h2><\/h2>\n<h2><img loading=\"lazy\" decoding=\"async\" class=\" wp-image-101435 alignright\" src=\"http:\/\/www.radiopiu.net\/wordpress\/wp-content\/uploads\/2019\/10\/5bfb7714-96fa-4abd-9c06-dad5af8c3724-300x225.jpg\" alt=\"\" width=\"247\" height=\"185\" srcset=\"https:\/\/www.radiopiu.net\/wordpress\/wp-content\/uploads\/2019\/10\/5bfb7714-96fa-4abd-9c06-dad5af8c3724-300x225.jpg 300w, https:\/\/www.radiopiu.net\/wordpress\/wp-content\/uploads\/2019\/10\/5bfb7714-96fa-4abd-9c06-dad5af8c3724-768x576.jpg 768w, https:\/\/www.radiopiu.net\/wordpress\/wp-content\/uploads\/2019\/10\/5bfb7714-96fa-4abd-9c06-dad5af8c3724-1024x768.jpg 1024w, https:\/\/www.radiopiu.net\/wordpress\/wp-content\/uploads\/2019\/10\/5bfb7714-96fa-4abd-9c06-dad5af8c3724.jpg 1600w\" sizes=\"auto, (max-width: 247px) 100vw, 247px\" \/><img loading=\"lazy\" decoding=\"async\" class=\"size-medium wp-image-101436 alignleft\" src=\"http:\/\/www.radiopiu.net\/wordpress\/wp-content\/uploads\/2019\/10\/4c36def9-9648-4dcb-8906-c04bb806fbdb-300x225.jpg\" alt=\"\" width=\"300\" height=\"225\" srcset=\"https:\/\/www.radiopiu.net\/wordpress\/wp-content\/uploads\/2019\/10\/4c36def9-9648-4dcb-8906-c04bb806fbdb-300x225.jpg 300w, https:\/\/www.radiopiu.net\/wordpress\/wp-content\/uploads\/2019\/10\/4c36def9-9648-4dcb-8906-c04bb806fbdb-768x576.jpg 768w, https:\/\/www.radiopiu.net\/wordpress\/wp-content\/uploads\/2019\/10\/4c36def9-9648-4dcb-8906-c04bb806fbdb-1024x768.jpg 1024w, https:\/\/www.radiopiu.net\/wordpress\/wp-content\/uploads\/2019\/10\/4c36def9-9648-4dcb-8906-c04bb806fbdb.jpg 1600w\" sizes=\"auto, (max-width: 300px) 100vw, 300px\" \/>QUANDO GLI AGORDINI DECIDONO DI GESTIRE IL LORO PATRIMONIO: LA PISCINA<\/h2>\n<p>&nbsp;<\/p>\n<p>&nbsp;<\/p>\n<p>&nbsp;<\/p>\n<p>&nbsp;<\/p>\n<p><strong>DI GIANNI SANTOMASO<\/strong><\/p>\n<audio class=\"wp-audio-shortcode\" id=\"audio-101429-5\" preload=\"none\" style=\"width: 100%;\" controls=\"controls\"><source type=\"audio\/mpeg\" src=\"http:\/\/www.radiopiu.net\/wordpress\/wp-content\/uploads\/2019\/10\/PISCINA-GIANNI.mp3?_=5\" \/><a href=\"http:\/\/www.radiopiu.net\/wordpress\/wp-content\/uploads\/2019\/10\/PISCINA-GIANNI.mp3\">http:\/\/www.radiopiu.net\/wordpress\/wp-content\/uploads\/2019\/10\/PISCINA-GIANNI.mp3<\/a><\/audio>\n<p>&nbsp;<\/p>\n<p><strong>INTERVISTE DI CLAUDIO FONTANIVE\u00a0<\/strong><\/p>\n<audio class=\"wp-audio-shortcode\" id=\"audio-101429-6\" preload=\"none\" style=\"width: 100%;\" controls=\"controls\"><source type=\"audio\/mpeg\" src=\"http:\/\/www.radiopiu.net\/wordpress\/wp-content\/uploads\/2019\/10\/piscina-giorgio-de-nardin.mp3?_=6\" \/><a href=\"http:\/\/www.radiopiu.net\/wordpress\/wp-content\/uploads\/2019\/10\/piscina-giorgio-de-nardin.mp3\">http:\/\/www.radiopiu.net\/wordpress\/wp-content\/uploads\/2019\/10\/piscina-giorgio-de-nardin.mp3<\/a><\/audio>\n<p>&nbsp;<\/p>\n<p>&nbsp;<\/p>\n<p>&nbsp;<\/p>\n<h2>EL DI DEL TRATOR<\/h2>\n<p><strong><img loading=\"lazy\" decoding=\"async\" class=\"size-medium wp-image-101431 alignleft\" src=\"http:\/\/www.radiopiu.net\/wordpress\/wp-content\/uploads\/2019\/10\/a9c95c30-b408-442f-af22-758b9167d17c-300x150.jpg\" alt=\"\" width=\"300\" height=\"150\" srcset=\"https:\/\/www.radiopiu.net\/wordpress\/wp-content\/uploads\/2019\/10\/a9c95c30-b408-442f-af22-758b9167d17c-300x150.jpg 300w, https:\/\/www.radiopiu.net\/wordpress\/wp-content\/uploads\/2019\/10\/a9c95c30-b408-442f-af22-758b9167d17c-768x384.jpg 768w, https:\/\/www.radiopiu.net\/wordpress\/wp-content\/uploads\/2019\/10\/a9c95c30-b408-442f-af22-758b9167d17c-1024x512.jpg 1024w, https:\/\/www.radiopiu.net\/wordpress\/wp-content\/uploads\/2019\/10\/a9c95c30-b408-442f-af22-758b9167d17c.jpg 1599w\" sizes=\"auto, (max-width: 300px) 100vw, 300px\" \/>CANALE D&#8217;AGORDO<\/strong> Tradizione rispettata tra piccoli e grandi trattori, di ieri e di oggi, motoseghe in esposizione, i lavori artiginali e la buona cucina tra l&#8217;arte. Ecco l&#8217;evento di Canale d&#8217;Agordo, bello completo e partecipato. Grandi e piccini hanno applaudito i trattoristi in sfilata a anche gli artisti della motosega e dello scalpello come raccontiamo nelle cronache in diretta da Canale d&#8217;Agordo. Ieri \u00e8 stata una gran bella festa fino a sera. Per seguire il racconto di una mattinata, commenti e intervista\u00a0<span style=\"color: #0000ff;\"><strong> <a style=\"color: #0000ff;\" href=\"https:\/\/www.facebook.com\/mirko.mezzacasa\/videos\/10220948906739245\/\">clicca qui<\/a><\/strong><\/span><\/p>\n<p>&nbsp;<\/p>\n<p><strong>In questo video il rientro dei trattori a Canale d&#8217;Agordo e un invito a ripulire il torrente Biois da quelle fastidiose lamiere che non sono un belvedere tra i biglietti da visita per il paese.<\/strong><\/p>\n<div id=\"fb-root\"><\/div>\n<p><script async=\"1\" defer=\"1\" crossorigin=\"anonymous\" src=\"https:\/\/connect.facebook.net\/it_IT\/sdk.js#xfbml=1&amp;version=v6.0\"><\/script><\/p>\n<div class=\"fb-video\" data-href=\"https:\/\/www.facebook.com\/mirko.mezzacasa\/videos\/10220949742560140\/\" data-width=\"1200\">\n<blockquote cite=\"https:\/\/www.facebook.com\/mirko.mezzacasa\/videos\/10220949742560140\/\" class=\"fb-xfbml-parse-ignore\"><p><a href=\"https:\/\/www.facebook.com\/mirko.mezzacasa\/videos\/10220949742560140\/\"><\/a><\/p>\n<p>El di del trator&#8230;finale. parte 2<\/p>\n<p>Pubblicato da <a href=\"https:\/\/www.facebook.com\/mirko.mezzacasa\">Mirko Mezzacasa<\/a> su Domenica 6 ottobre 2019<\/p><\/blockquote>\n<\/div>\n<p>&nbsp;<\/p>\n<p>&nbsp;<\/p>\n<p>&nbsp;<\/p>\n<p>&nbsp;<\/p>\n<p>&nbsp;<\/p>\n<h2>UN PREMIO PER RADIO PIU&#8217;&#8230;. IL PREMIO NEL RICORDO DELL&#8217;AMICO BEPI ZANFRON CHE CUSTODIREMO CON ORGOGLIO E COMMOZIONE.<\/h2>\n<blockquote class=\"wp-embedded-content\" data-secret=\"U4xVzFvLQy\"><p><a href=\"http:\/\/www.radiopiu.net\/wordpress\/ad-antonio-castaldo-e-giovanni-zanon-la-seconda-edizione-del-premio-giornalistico-giuseppe-bepi-zanfron\/\">AD ANTONIO CASTALDO E GIOVANNI ZANON LA SECONDA EDIZIONE DEL PREMIO GIORNALISTICO GIUSEPPE \u201cBEPI\u201d ZANFRON<\/a><\/p><\/blockquote>\n<p><iframe loading=\"lazy\" title=\"&#8220;AD ANTONIO CASTALDO E GIOVANNI ZANON LA SECONDA EDIZIONE DEL PREMIO GIORNALISTICO GIUSEPPE \u201cBEPI\u201d ZANFRON&#8221; &#8212; Radio Pi\u00f9\" class=\"wp-embedded-content\" sandbox=\"allow-scripts\" security=\"restricted\" style=\"position: absolute; clip: rect(1px, 1px, 1px, 1px);\" src=\"http:\/\/www.radiopiu.net\/wordpress\/ad-antonio-castaldo-e-giovanni-zanon-la-seconda-edizione-del-premio-giornalistico-giuseppe-bepi-zanfron\/embed\/#?secret=U4xVzFvLQy\" data-secret=\"U4xVzFvLQy\" width=\"600\" height=\"338\" frameborder=\"0\" marginwidth=\"0\" marginheight=\"0\" scrolling=\"no\"><\/iframe><\/p>\n<p>&nbsp;<\/p>\n<p>&nbsp;<\/p>\n<p>&nbsp;<\/p>\n<h2>DOLOMITES STREET PER 1650 &#8230; LEZIONE TURISTICA DI ACCOGLIENZA<\/h2>\n<p><strong>dalla RASSEGNA STAMPA DELLE 8 ALAIN DOTTA\u00a0<\/strong><\/p>\n<audio class=\"wp-audio-shortcode\" id=\"audio-101429-7\" preload=\"none\" style=\"width: 100%;\" controls=\"controls\"><source type=\"audio\/mpeg\" src=\"http:\/\/www.radiopiu.net\/wordpress\/wp-content\/uploads\/2019\/10\/alain.mp3?_=7\" \/><a href=\"http:\/\/www.radiopiu.net\/wordpress\/wp-content\/uploads\/2019\/10\/alain.mp3\">http:\/\/www.radiopiu.net\/wordpress\/wp-content\/uploads\/2019\/10\/alain.mp3<\/a><\/audio>\n<p>&nbsp;<\/p>\n<blockquote><p><em>Parte del\u00a0 ricavato dell&#8217;evento sar\u00e0 devoluto in beneficenza all&#8217;associazione Gioco e benessere in pediatria\u00a0 dell&#8217;ospedale pediatrico di Padova.<\/em><\/p><\/blockquote>\n<p>&nbsp;<\/p>\n<p><strong><img loading=\"lazy\" decoding=\"async\" class=\"alignleft wp-image-101396 \" src=\"http:\/\/www.radiopiu.net\/wordpress\/wp-content\/uploads\/2019\/10\/e70ac21a-8a02-4aef-b791-9f636de1ecb8-139x300.jpg\" alt=\"\" width=\"163\" height=\"352\" srcset=\"https:\/\/www.radiopiu.net\/wordpress\/wp-content\/uploads\/2019\/10\/e70ac21a-8a02-4aef-b791-9f636de1ecb8-139x300.jpg 139w, https:\/\/www.radiopiu.net\/wordpress\/wp-content\/uploads\/2019\/10\/e70ac21a-8a02-4aef-b791-9f636de1ecb8.jpg 444w\" sizes=\"auto, (max-width: 163px) 100vw, 163px\" \/>AGORDO<\/strong> Molto lo abbiamo gi\u00e0 detto e scritto il resto lo raccontano i video che pubblichiamo in questa pagina. Ai ragazzi dell&#8217;organizzazione solo complimenti per aver saputo organizzare un evento da migliaia di persone che ha riempito l&#8217;Agordino,\u00a0 strutture ricettive al tutto esaurito, bar e ristoranti hanno lavorato come nei giorni migliori della stagione che da poco si \u00e8 conclusa. Oltre 1600 partecipanti alla decima edizione dei record, ma soprattutto un&#8217;organizzazione impeccabile che non ha lasciato proprio nulla al caso. La sfilata tra i passi dolomitici e i paesi dell&#8217;Agordino \u00e8 stata seguita da migliaia di persone a bordo strada a &#8220;lustrarsi&#8221; gli occhi tra Lotus, Lamborghini, Ferrari, Porche, le mitiche Delta HF. Al Palaluxottica esposizione, eventi e una cucina che ha soddisfatto tutti i palati. Non si poteva chiedere di meglio. Ieri mattina a godere dello spettacolo nell&#8217;ampia area della festa anche il vice presidente di Luxottica Luigi Francavilla, sorridente e sicuramente soddisfatto per la risposta di una struttura che far\u00e0 dell&#8217;Agordino un punto di riferimento per eventi importanti.Agordo viva o viva Agordo come hanno detto in molti. Che Dolomites Street avesse preso la strada del successo lo si era capito ieri mattina alle 10 con l&#8217;intasamento lungo la tangenziale, in centro alla citt\u00e0 tra lamiere luccicanti e tirate a lucido, tra gli sguardi incuriositi dei passanti ma soprattutto i sorrisi dei bambini nella gioia del rombo dei motori e dei saluti dei partecipanti. Dolomites Strett per 1650, il raduno di auto sportive pi\u00f9 grande d&#8217;Europa, invidiato e difficilmente imitabile perch\u00e9 le Dolomiti sono uniche al mondo.<\/p>\n<h2><\/h2>\n<h2><\/h2>\n<h2><\/h2>\n<h2>DAL SITO DI RADIO PIU&#8217;, COMMENTI, FOTO, VIDEO<\/h2>\n<blockquote class=\"wp-embedded-content\" data-secret=\"p4RJiGEYQH\"><p><a href=\"http:\/\/www.radiopiu.net\/wordpress\/dolomites-street-per-1650-lezione-turistica-di-accoglienza-e-promessa-di-matrimonio-tra-i-rombi\/\">DOLOMITES STREET PER 1650 &#8230; LEZIONE TURISTICA DI ACCOGLIENZA E PROMESSA DI MATRIMONIO TRA I ROMBI<\/a><\/p><\/blockquote>\n<p><iframe loading=\"lazy\" title=\"&#8220;DOLOMITES STREET PER 1650 &#8230; LEZIONE TURISTICA DI ACCOGLIENZA E PROMESSA DI MATRIMONIO TRA I ROMBI&#8221; &#8212; Radio Pi\u00f9\" class=\"wp-embedded-content\" sandbox=\"allow-scripts\" security=\"restricted\" style=\"position: absolute; clip: rect(1px, 1px, 1px, 1px);\" src=\"http:\/\/www.radiopiu.net\/wordpress\/dolomites-street-per-1650-lezione-turistica-di-accoglienza-e-promessa-di-matrimonio-tra-i-rombi\/embed\/#?secret=p4RJiGEYQH\" data-secret=\"p4RJiGEYQH\" width=\"600\" height=\"338\" frameborder=\"0\" marginwidth=\"0\" marginheight=\"0\" scrolling=\"no\"><\/iframe><\/p>\n<p>&nbsp;<\/p>\n<p>&nbsp;<\/p>\n<h2>IL DONO DEI GIOCHI ALLA SCUOLA PER L&#8217;INFANZIA di LUISA MANFROI<\/h2>\n<p><strong><img loading=\"lazy\" decoding=\"async\" class=\"size-medium wp-image-101453 alignleft\" src=\"http:\/\/www.radiopiu.net\/wordpress\/wp-content\/uploads\/2019\/10\/presenti-alla-cerimonia-di-consegna-giochi-infanzia-Cence-300x180.jpg\" alt=\"\" width=\"300\" height=\"180\" srcset=\"https:\/\/www.radiopiu.net\/wordpress\/wp-content\/uploads\/2019\/10\/presenti-alla-cerimonia-di-consegna-giochi-infanzia-Cence-300x180.jpg 300w, https:\/\/www.radiopiu.net\/wordpress\/wp-content\/uploads\/2019\/10\/presenti-alla-cerimonia-di-consegna-giochi-infanzia-Cence-768x461.jpg 768w, https:\/\/www.radiopiu.net\/wordpress\/wp-content\/uploads\/2019\/10\/presenti-alla-cerimonia-di-consegna-giochi-infanzia-Cence-1024x614.jpg 1024w, https:\/\/www.radiopiu.net\/wordpress\/wp-content\/uploads\/2019\/10\/presenti-alla-cerimonia-di-consegna-giochi-infanzia-Cence.jpg 1600w\" sizes=\"auto, (max-width: 300px) 100vw, 300px\" \/>CENCENIGHE<\/strong> Tre nuovi giochi del valore di duemila euro si sono aggiunti nel giardino della Scuola dell\u2019Infanzia\u00a0 di Cencenighe. Tutto questo grazie al prezioso contributo donato dai gruppi\u00a0 alpini della Val Cordevole e della Valle del Biois che ogni anno organizzano l\u2019iniziativa \u201cBrul\u00e8 di Natale\u201d. Nella mattinata di gioved\u00ec 3 ottobre, una cerimonia di inaugurazione con tanto di taglio del nastro e inno nazionale, in perfetto stile alpino, ha suggellato la consegna del materiale ludico: due giochi a molla e una passerella oscillante\u00a0 installati nel parco dove svolgono i loro momenti ricreativi i bambini della scuola. Un gesto di generosit\u00e0 sottolineato dal momento conviviale e dall\u2019offerta agli alpini di un rinfresco.\u00a0 L\u2019acquisto \u00e8 stato effettuato dal segretario del gruppo Ana di Cencenighe, Fabrizio De Nardin su indicazione delle docenti. Alla cerimonia hanno partecipato i rappresentanti dei gruppi alpini che promuovono l\u2019iniziativa \u201cBrul\u00e8 di Natale\u201d:\u00a0 Alleghe, Livinallongo, Rocca Pietore, San Tomaso, Selva di Cadore, Canale \u2013 Caviola, Falcade, Caviola Cime d\u2019Auta, Laste e Cencenighe. Insieme a loro\u00a0 i piccoli (con in testa penna e cappello alpino), le insegnanti, il dirigente scolastico, il sindaco con gli assessori e qualche genitore. Gli alpini non sono nuovi a queste iniziative, dal resoconto fatto dal coordinatore Sergio Valente, del Gruppo Ana Monte Civetta di Alleghe, oltre che consigliere della sezione provinciale di Belluno, risulta che dal 2004 al 2018, i gruppi alpini dell\u2019Alto Cordevole e della Valle del Biois, hanno elargito complessivamente oltre 32mila euro a favore di vari sodalizi,\u00a0 inizialmente a quello dei volontari delle associazioni ambulanze\u00a0 operanti sul territorio dei comuni dell\u2019alto Agordino, quindi ai diversi gruppi di Protezione Civile, a qualche famiglia in difficolt\u00e0, al completamento del museo per i reduci di Russia e ultimamente, alle scuole dell\u2019Infanzia.<\/p>\n<p>&nbsp;<\/p>\n<p>&nbsp;<\/p>\n<p>&nbsp;<\/p>\n<p>&nbsp;<\/p>\n<h2>DA CONEGLIANO LA GRANDE NOTIZIA: A BELLUNO IL RADUNO TRIVENETO 2021<\/h2>\n<p><strong>BELLUNO<\/strong> Sar\u00e0 la citt\u00e0 di Belluno ad ospitare il Raduno del Terzo Raggruppamento Alpino, l\u2019adunata del Triveneto per il 2021. La sede \u00e8 stata scelta questa mattina, sabato 5 ottobre 2019, infatti, nei locali dell\u2019ex convento San Francesco di Conegliano, dove si sono riuniti tutti i presidenti delle sezioni dell\u2019Associazione nazionale alpini del Triveneto. Belluno era nella rosa de nomi di sezioni che si erano proposte, tutte per motivazioni valide, come Treviso e Venezia. Ma si \u00e8 voluto privilegiare i 100 anni della Sezione, il ricordo della Brigata Cadore ed il sostegno alle popolazioni colpite dalla tempesta Vaia.<\/p>\n<p><strong>IL SINDACO JACOPO MASSARO\u00a0<\/strong><\/p>\n<audio class=\"wp-audio-shortcode\" id=\"audio-101429-8\" preload=\"none\" style=\"width: 100%;\" controls=\"controls\"><source type=\"audio\/mpeg\" src=\"http:\/\/www.radiopiu.net\/wordpress\/wp-content\/uploads\/2019\/10\/MASSARO-ALPLINI.mp3?_=8\" \/><a href=\"http:\/\/www.radiopiu.net\/wordpress\/wp-content\/uploads\/2019\/10\/MASSARO-ALPLINI.mp3\">http:\/\/www.radiopiu.net\/wordpress\/wp-content\/uploads\/2019\/10\/MASSARO-ALPLINI.mp3<\/a><\/audio>\n<p><strong>di DINO BRIDDA<\/strong><\/p>\n<blockquote><p>Alla fine la Sezione A.N.A. di Belluno l\u2019ha spuntata contro le candidature di Treviso e Venezia: nel 2021 il Raduno del 3\u00b0 Raggruppamento, che comprende le sezioni del Triveneto, si terr\u00e0 nel capoluogo dolomitico. La decisione \u00e8 scaturita quest\u2019oggi nel corso di una riunione dei presidenti delle Sezioni trivenete che si sono pronunciati in modo schiacciante per il sodalizio presieduto da Angelo Dal Borgo.\u00a0 Si tratta di un riconoscimento importante per la Sezione di Belluno che, proprio tra due anni, celebrer\u00e0 il centenario della propria fondazione, avvenuta nel 1921. Per tale occasione confluiranno in citt\u00e0 le penne nere del Veneto, del Trentino Alto Adige e del Friuli Venezia Giulia, parecchie delle quali hanno prestato il servizio militare di leva in reparti della disciolta Brigata \u201cCadore\u201d e nei suoi reggimenti, battaglioni e gruppi. Dell\u2019evento del 2021 si parler\u00e0 in occasione della riunione mensile del Consiglio direttivo di via Tissi, che si terr\u00e0 sabato 12 ottobre, e sar\u00e0 il primo atto ufficiale per l\u2019avvio dei preparativi del raduno.<\/p><\/blockquote>\n<p>&nbsp;<\/p>\n<p>&nbsp;<\/p>\n<p>&nbsp;<\/p>\n<blockquote class=\"wp-embedded-content\" data-secret=\"3YUGE4MeN9\"><p><a href=\"http:\/\/www.radiopiu.net\/wordpress\/fisco-le-grandi-imprese-evadono-16-volte-in-piu-delle-piccole\/\">FISCO: LE GRANDI IMPRESE EVADONO 16 VOLTE  IN PIU\u2019 DELLE PICCOLE<\/a><\/p><\/blockquote>\n<p><iframe loading=\"lazy\" title=\"&#8220;FISCO: LE GRANDI IMPRESE EVADONO 16 VOLTE  IN PIU\u2019 DELLE PICCOLE&#8221; &#8212; Radio Pi\u00f9\" class=\"wp-embedded-content\" sandbox=\"allow-scripts\" security=\"restricted\" style=\"position: absolute; clip: rect(1px, 1px, 1px, 1px);\" src=\"http:\/\/www.radiopiu.net\/wordpress\/fisco-le-grandi-imprese-evadono-16-volte-in-piu-delle-piccole\/embed\/#?secret=3YUGE4MeN9\" data-secret=\"3YUGE4MeN9\" width=\"600\" height=\"338\" frameborder=\"0\" marginwidth=\"0\" marginheight=\"0\" scrolling=\"no\"><\/iframe><\/p>\n<p>&nbsp;<\/p>\n<p>&nbsp;<\/p>\n<h2>Feltre ricorda i drammatici fatti dell\u2019ottobre 1944. Inaugurato anche il percorso multimediale \u201cresistere per esistere\u201d.<\/h2>\n<blockquote><p><em>E&#8217; stato creato anche un sito internet di appoggio al progetto: www.resistereperesistere.it<\/em><\/p><\/blockquote>\n<p><strong><img loading=\"lazy\" decoding=\"async\" class=\"size-medium wp-image-101457 alignleft\" src=\"http:\/\/www.radiopiu.net\/wordpress\/wp-content\/uploads\/2019\/10\/IMG_20191005_105702-300x225.jpg\" alt=\"\" width=\"300\" height=\"225\" srcset=\"https:\/\/www.radiopiu.net\/wordpress\/wp-content\/uploads\/2019\/10\/IMG_20191005_105702-300x225.jpg 300w, https:\/\/www.radiopiu.net\/wordpress\/wp-content\/uploads\/2019\/10\/IMG_20191005_105702-768x576.jpg 768w, https:\/\/www.radiopiu.net\/wordpress\/wp-content\/uploads\/2019\/10\/IMG_20191005_105702-1024x768.jpg 1024w\" sizes=\"auto, (max-width: 300px) 100vw, 300px\" \/>FELTRE<\/strong> I giorni 3, 4 e 5 ottobre 1944 rappresentano una data importante per la memoria storica dei feltrini. In quei giorni le truppe naziste che occupavano la citt\u00e0 e il territorio circostante completarono un massiccio attacco alle formazioni partigiane asserragliate sulle Vette Feltrine e, contemporaneamente, lanciarono un imponente rastrellamento in citt\u00e0 e nelle fabbriche. Tre giovani resistenti (Giordano Schenal, Virginio Castellan e Luigi Vendrame) furono impiccati in Largo Castaldi e 114 feltrini furono deportati nel lager di Bolzano e in altri pi\u00f9 tristemente famosi, come Flossenb\u00fcrg e Mauthausen. In commemorazione di questi tragici fatti, il Comune di Feltre, con la partecipazione dell&#8217;Unione Montana Feltrina e dei Comuni di Cesiomaggiore e Lamon, in collaborazione con le Sezioni feltrine delle Ass.ni Nazionali ex Deportati e Partigiani d&#8217;Italia, ha programmato la cerimonia in omaggio alle vittime che si \u00e8 tenuta stamane in Largo Castaldi. In concomitanza della cerimonia odierna \u00e8 stato anche inaugurato il percorso multimediale in 12 tappe \u201cresistere per esistere\u201d.<\/p>\n<p><strong>INFORMAZIONI SUL PERCORSO \u201cRESISTERE PER ESISTERE<\/strong><br \/>\nSi tratta di un \u201cpercorso partigiano parlante\u201d che collega 12 luoghi significativi per la memoria della lotta di Resistenza all&#8217;occupazione nazi-fascista, attrezzato con adeguata segnaletica e con dispositivi comunicativi multimediali (QR code associati a testimonianze orali registrate). Un percorso che intende raccontare la Resistenza nella citt\u00e0 di Feltre con le parole dei protagonisti, in una passeggiata attraverso la citt\u00e0 nei luoghi dei fatti e della loro memoria.<\/p>\n<p>L\u2019iniziativa, promossa dal Comune di Feltre nell\u2019ambito del progetto \u201cRi-Generazioni. Tra passato e futuro, \u00e8 stato realizzato dalla cooperativa Comunica e dal Consorzio Sviluppo Innovazione in stretta collaborazione con l&#8217;Ufficio Politiche Giovanili. Vi hanno partecipato attivamente studenti e insegnanti dell\u2019Istituto di Istruzione Superiore &#8220;Antonio Della Lucia&#8221;, realizzando anche interviste e video ai testimoni di quel tragico periodo. Un ruolo fondamentale \u00e8 stato svolto dal vicepresidente provinciale dell&#8217;ANPI, Giovanni Perenzin, e dal presidente della sezione ANPI di Feltre, Gianni Faronato, per la consulenza storica e la raccolta delle testimonianze. Hanno collaborato alla lettura dei testi Silvana Vignaga, Marco Fintina e Gian Pietro Barbieri. Il progetto intende promuovere l&#8217;opportunit\u00e0 per i giovani di rapportarsi in modo diretto e coinvolgente al passato, con particolare riferimento alla storia locale, riconoscere e valorizzare le capacit\u00e0 comunicative e creative dei giovani, favorire nei giovani una lettura e una riflessione consapevole sul sistema di valori e sugli stili di vita attuali, che possa scaturire dal confronto con i valori e i vissuti espressi da chi, cresciuto in un regime totalitario, ha partecipato alla Resistenza e contribuito alla Liberazione.<\/p>\n<h3>Gianni Faronato \u2013 Pres. Sez. ANPI di Feltre (92 anni, uno degli ultimi 2 sopravvissuti alla deportazione nel lager di Bolzano)<\/h3>\n<audio class=\"wp-audio-shortcode\" id=\"audio-101429-9\" preload=\"none\" style=\"width: 100%;\" controls=\"controls\"><source type=\"audio\/mpeg\" src=\"http:\/\/www.radiopiu.net\/wordpress\/wp-content\/uploads\/2019\/10\/Audio-Faronato.mp3?_=9\" \/><a href=\"http:\/\/www.radiopiu.net\/wordpress\/wp-content\/uploads\/2019\/10\/Audio-Faronato.mp3\">http:\/\/www.radiopiu.net\/wordpress\/wp-content\/uploads\/2019\/10\/Audio-Faronato.mp3<\/a><\/audio>\n<h3>Debora Nicoletto, Ass. politiche Giovanili Comune di Feltre<\/h3>\n<audio class=\"wp-audio-shortcode\" id=\"audio-101429-10\" preload=\"none\" style=\"width: 100%;\" controls=\"controls\"><source type=\"audio\/mpeg\" src=\"http:\/\/www.radiopiu.net\/wordpress\/wp-content\/uploads\/2019\/10\/Audio-Nicoletto.mp3?_=10\" \/><a href=\"http:\/\/www.radiopiu.net\/wordpress\/wp-content\/uploads\/2019\/10\/Audio-Nicoletto.mp3\">http:\/\/www.radiopiu.net\/wordpress\/wp-content\/uploads\/2019\/10\/Audio-Nicoletto.mp3<\/a><\/audio>\n<h3>Paolo Perenzin \u2013 Sindaco di Feltre<\/h3>\n<audio class=\"wp-audio-shortcode\" id=\"audio-101429-11\" preload=\"none\" style=\"width: 100%;\" controls=\"controls\"><source type=\"audio\/mpeg\" src=\"http:\/\/www.radiopiu.net\/wordpress\/wp-content\/uploads\/2019\/10\/Audio-Perenzin.mp3?_=11\" \/><a href=\"http:\/\/www.radiopiu.net\/wordpress\/wp-content\/uploads\/2019\/10\/Audio-Perenzin.mp3\">http:\/\/www.radiopiu.net\/wordpress\/wp-content\/uploads\/2019\/10\/Audio-Perenzin.mp3<\/a><\/audio>\n<p>&nbsp;<\/p>\n<p>&nbsp;<\/p>\n<h3>RICORDATO IL SACRIFICIO DI NORMA COSSETTO<\/h3>\n<p><strong><img loading=\"lazy\" decoding=\"async\" class=\" wp-image-101488 alignleft\" src=\"http:\/\/www.radiopiu.net\/wordpress\/wp-content\/uploads\/2019\/10\/03-300x225.jpg\" alt=\"\" width=\"285\" height=\"214\" srcset=\"https:\/\/www.radiopiu.net\/wordpress\/wp-content\/uploads\/2019\/10\/03-300x225.jpg 300w, https:\/\/www.radiopiu.net\/wordpress\/wp-content\/uploads\/2019\/10\/03-768x576.jpg 768w, https:\/\/www.radiopiu.net\/wordpress\/wp-content\/uploads\/2019\/10\/03-1024x768.jpg 1024w, https:\/\/www.radiopiu.net\/wordpress\/wp-content\/uploads\/2019\/10\/03.jpg 1600w\" sizes=\"auto, (max-width: 285px) 100vw, 285px\" \/>BELLUNO<\/strong> In Piazzale Vittime delle Foibe nella manifestazione &#8220;Una rosa per Norma Cossetto&#8221; \u00e8 stata onorata la memoria della giovane studentessa istriana seviziata e uccisa nel 1943 dai partigiani di Tito. <em>&#8220;E&#8217; stata una cerimonia semplice e partecipata&#8221;<\/em> -dichiarano gli organizzatori\u00a0 della sezione provinciale di Belluno per bocca del coordinatore Roberto Dal Pan. Prima della cerimonia \u00e8 stato osservato un minuto di silenzio in memoria dei due giovani agenti di Polizia uccisi nella sparatoria in Questura a Trieste. &#8220;Un evento condiviso oltre gli schieramenti partitici &#8211; dice ancora Dal Pan &#8211; per questo chiederemo all&#8217;amministrazione di intitolare una piazza, una via o un giardino a Norma insignita della medaglia d&#8217;Oro al Valor Civile&#8221;.<\/p>\n<p>&nbsp;<\/p>\n<p>&nbsp;<\/p>\n<blockquote class=\"wp-embedded-content\" data-secret=\"hjbEiAKtJM\"><p><a href=\"http:\/\/www.radiopiu.net\/wordpress\/belluno-diocesi-e-provincia-ai-tempi-di-napoleone-i-e-del-papa-adriano-iv-di-renato-bona\/\">BELLUNO: DIOCESI E PROVINCIA AI TEMPI DI NAPOLEONE I E DEL PAPA ADRIANO IV di RENATO BONA<\/a><\/p><\/blockquote>\n<p><iframe loading=\"lazy\" title=\"&#8220;BELLUNO: DIOCESI E PROVINCIA AI TEMPI DI NAPOLEONE I E DEL PAPA ADRIANO IV di RENATO BONA&#8221; &#8212; Radio Pi\u00f9\" class=\"wp-embedded-content\" sandbox=\"allow-scripts\" security=\"restricted\" style=\"position: absolute; clip: rect(1px, 1px, 1px, 1px);\" src=\"http:\/\/www.radiopiu.net\/wordpress\/belluno-diocesi-e-provincia-ai-tempi-di-napoleone-i-e-del-papa-adriano-iv-di-renato-bona\/embed\/#?secret=hjbEiAKtJM\" data-secret=\"hjbEiAKtJM\" width=\"600\" height=\"338\" frameborder=\"0\" marginwidth=\"0\" marginheight=\"0\" scrolling=\"no\"><\/iframe><\/p>\n<p>&nbsp;<\/p>\n<p>&nbsp;<\/p>\n<p>&nbsp;<\/p>\n<h3>IL FUTURO DELLA MONTAGNA PASSA ANCHE DAL RIPOPOLAMENTO. A DOLOMITI EXPO SI PARLA DI COME CONCILIARE TRADIZIONI E INNOVAZIONE, CON UN OCCHIO DI RIGUARDO ALL&#8217;IMPREDITORIA FEMMINILE.<\/h3>\n<p><strong><img loading=\"lazy\" decoding=\"async\" class=\"size-medium wp-image-101452 alignleft\" src=\"http:\/\/www.radiopiu.net\/wordpress\/wp-content\/uploads\/2019\/10\/06102019-sx-Ivana-De-Pizzol-dx-Gian-Angelo-Bellati-300x225.jpg\" alt=\"\" width=\"300\" height=\"225\" srcset=\"https:\/\/www.radiopiu.net\/wordpress\/wp-content\/uploads\/2019\/10\/06102019-sx-Ivana-De-Pizzol-dx-Gian-Angelo-Bellati-300x225.jpg 300w, https:\/\/www.radiopiu.net\/wordpress\/wp-content\/uploads\/2019\/10\/06102019-sx-Ivana-De-Pizzol-dx-Gian-Angelo-Bellati-768x576.jpg 768w, https:\/\/www.radiopiu.net\/wordpress\/wp-content\/uploads\/2019\/10\/06102019-sx-Ivana-De-Pizzol-dx-Gian-Angelo-Bellati-1024x768.jpg 1024w, https:\/\/www.radiopiu.net\/wordpress\/wp-content\/uploads\/2019\/10\/06102019-sx-Ivana-De-Pizzol-dx-Gian-Angelo-Bellati.jpg 1280w\" sizes=\"auto, (max-width: 300px) 100vw, 300px\" \/>LONGARONE\u00a0<\/strong> \u201cE&#8217; la storia del 900 che insegna quanto importante sia il ruolo della figura femminile nell&#8217;area montana \u2013 afferma Ivana Del Pizzol, Presidente di Donne Impresa Veneto di Confartigianato \u2013 attraverso un libro di Antonio Bortoluzzi abbiamo raccontato di come nei decenni dell&#8217;emigrazione verso le grandi citt\u00e0 e all&#8217;estero, i centri abitati di montagna abbiano continuato a sopravvivere grazie alla fatica e all&#8217;iniziativa di mogli e madri. Oggi siamo di fronte a grandi progetti imprenditoriali per l&#8217;area dolomitica che richiedono di investire sulla popolazione residente. Ancora una volta le donne si stanno costituendo in cooperative, consorzi e si mettono alla testa di aziende locali\u201d Bisogner\u00e0 poi creare le condizioni affinch\u00e9 anche i giovani che sono naturali portatori di innovazione trovino nella montagna un ambiente nel quale realizzare i propri progetti di vita. \u201cGi\u00e0 in questi ultimi anni \u2013 afferma Giuliano Vantaggi di DMO Dolomiti \u2013 assistiamo allo sviluppo di imprese a conduzione giovanile legate all&#8217;agricoltura e alla ricettivit\u00e0 extra alberghiera. La chiave di tutto \u00e8 l&#8217;uso agile della rete e dei mezzi informatici: in questo modo la realt\u00e0 locale si affaccia al mondo\u201d. Ma affinch\u00e9 nuove generazioni si trattengano sul territorio o vi rientrino \u00e8 importante che vi siano i servizi adeguati.<br \/>\n\u201cPer questo e perch\u00e9 l&#8217;imprenditore di montagna possa essere davvero concorrenziale \u2013 sostiene Gian Angelo Bellati, Presidente di Longarone Fiere \u2013 la chiave non pu\u00f2 che essere un progetto di defiscalizzazione. E&#8217; evidente che l&#8217;ambiente montano determina maggiori difficolt\u00e0 a chi volesse insediarvi una realt\u00e0 imprenditoriale: vanno rese pari le condizioni rispetto alla pianura e alle grandi citt\u00e0 attraverso opportune agevolazioni nell&#8217;imposizione fiscale.\u201d Tutti gli intervenuti alla seconda giornata Dolomiti Expo sono convenuti nel sostenere che l&#8217;imprenditoria montana debba avere una presenza incisiva nelle istituzioni.\u00a0 Dalla Fiera di Longarone inizia il processo di costituzione di un vero e proprio gruppo di influenza verso le istituzioni nazionali da parte degli attori dell&#8217;economia dolomitica.<\/p>\n<p>&nbsp;<\/p>\n<p>&nbsp;<\/p>\n<p>&nbsp;<\/p>\n<p>&nbsp;<\/p>\n<h2>FUORI DALLA SQUADRA PERCHE&#8217; DI DESTRA<\/h2>\n<p><strong>CALALZO DI CADORE<\/strong><em> \u201cDove sono i buonisti, gli inclusivi, sempre pronti a condannare chi non la vede come loro? Lo sport deve unire, non si possono tradire cos\u00ec i valori veri dello sport\u201d<\/em>: il deputato di Fratelli d\u2019Italia, Luca De Carlo, entra a gamba tesa nel dibattito sul caso della presidente del circolo di Cadoneghe di\u00a0 Fratelli d&#8217;Italia\u00a0 Elvira Bello, esclusa da una squadra femminile di calcio a 5 per le sue idee politiche. <em>&#8220;Da parte mia -dice il Deputato &#8211;\u00a0 posso anticipare che Elvira sar\u00e0 convocata per i prossimi tornei estivi che disputeremo a Calalzo di Cadore e non solo. Siamo scarsi in porta, e con una ragazza che para cos\u00ec a viso aperto la discriminazione non possiamo che essere tranquilli\u201d<\/em><\/p>\n<p>&nbsp;<\/p>\n<p>&nbsp;<\/p>\n<h3>ULTIMA USCITA SOCIALE CON LA BICI<\/h3>\n<p><strong>FELTRE<\/strong> Domenica 13 ottobre l&#8217;associazione FIAB Feltreinbici organizza l&#8217;ultima uscita per questo anno sociale\u00a0 dal titolo\u00a0 &#8220;PREALPI FELTRINO-BELLUNESI: PAESAGGI, VILLE E CHIESETTE&#8221;. Per ulteriori informazioni, vedere la locandina o iscriversi alla pedalata:<\/p>\n<div><a href=\"https:\/\/feltreinbici.blogspot.com\/p\/la-via-delle-chiesette.html\">https:\/\/feltreinbici.blogspot.com\/p\/la-via-delle-chiesette.html<\/a><\/div>\n<p>&nbsp;<\/p>\n<p>&nbsp;<\/p>\n<p>&nbsp;<\/p>\n<h2><img loading=\"lazy\" decoding=\"async\" class=\"wp-image-34620 alignleft\" style=\"font-size: 14px; font-weight: normal;\" src=\"http:\/\/www.radiopiu.net\/wordpress\/wp-content\/uploads\/2017\/07\/Giocondo-OK-.jpg\" alt=\"\" width=\"151\" height=\"171\" \/>DALLA RASSEGNA STAMPA DA L&#8217;AMICO DEL POPOLO DI SABATO DI GIANNI SANTOMASO, OSPITE IL SINDACO DI GOSALDO GIOCONDO DALLE FESTE<\/h2>\n<audio class=\"wp-audio-shortcode\" id=\"audio-101429-12\" preload=\"none\" style=\"width: 100%;\" controls=\"controls\"><source type=\"audio\/mpeg\" src=\"http:\/\/www.radiopiu.net\/wordpress\/wp-content\/uploads\/2019\/10\/RASSEGNA-05-OTTOBRE.mp3?_=12\" \/><a href=\"http:\/\/www.radiopiu.net\/wordpress\/wp-content\/uploads\/2019\/10\/RASSEGNA-05-OTTOBRE.mp3\">http:\/\/www.radiopiu.net\/wordpress\/wp-content\/uploads\/2019\/10\/RASSEGNA-05-OTTOBRE.mp3<\/a><\/audio>\n<p>&nbsp;<\/p>\n<p>&nbsp;<\/p>\n<h2>\u201cVal, il paese di Valle nel Comelico tra Storia e storie\u201d di Amedeo De Bernardin G\u00e0ina e Silvia Soravia,<\/h2>\n<p><strong><img loading=\"lazy\" decoding=\"async\" class=\" wp-image-101456 alignleft\" src=\"http:\/\/www.radiopiu.net\/wordpress\/wp-content\/uploads\/2019\/10\/4-OTT-FOTO-300x143.jpg\" alt=\"\" width=\"403\" height=\"192\" srcset=\"https:\/\/www.radiopiu.net\/wordpress\/wp-content\/uploads\/2019\/10\/4-OTT-FOTO-300x143.jpg 300w, https:\/\/www.radiopiu.net\/wordpress\/wp-content\/uploads\/2019\/10\/4-OTT-FOTO-768x365.jpg 768w, https:\/\/www.radiopiu.net\/wordpress\/wp-content\/uploads\/2019\/10\/4-OTT-FOTO-1024x487.jpg 1024w\" sizes=\"auto, (max-width: 403px) 100vw, 403px\" \/><\/strong><\/p>\n<p>&nbsp;<\/p>\n<p>&nbsp;<\/p>\n<p><strong>CADORE\u00a0<\/strong> Venerd\u00ec\u00a0 nella frazione di Valle di San Pietro di Cadore \u00e8 stato presentato con successo il volume dedicato a Val.\u00a0 La serata, che coincideva con la ricorrenza di San Francesco, patrono di Valle, \u00e8 stata moderata da Fabrizio Soravia, ideatore del Caff\u00e8 Letterario di Campolongo e promotore di molteplici eventi di successo, nativo di Valle. Hanno accompagnato musicalmente la serata Eleonora e Gloria Pradetto Bonvecchio e si sono esibiti nel ballo tradizionale Luana Pradetto Marangon e Erik De Bernardin. La presentazione ha avuto un successo superiore alle pi\u00f9 rosee attese, infatti la sala era completamente gremita e tra il pubblico si notava la significativa presenza del sindaco di San Pietro di Cadore, Manuel Casanova Consier, del parroco di San Pietro, don Clorindo De Silvestro, del parroco di Santo Stefano, don Paolino Rossini, del Presidente della Regola di Valle, Stefano Soravia Gnocco, i quali hanno rivolto un saluto al pubblico presente ed un plauso agli scrittori e ai volontari per il lavoro svolto, e del vicesindaco di Santo Stefano di Cadore, Francesca Dellamore, oltre ad assessori e consiglieri comunali di San Pietro. Il primo intervento \u00e8 stato curato da Paola Cesco Frare, che ha narrato ai presenti la storia della casa che ha ospitato la serata. L&#8217;edificio, racconta Cesco Frare, il primo in muratura del paese, risalente al giugno 1855, \u00e8 stato il punto focale della frazione di Valle e fu trasformato nel corso degli anni, secondo le esigenze dell&#8217;epoca. Il seminterrato fu per lungo tempo luogo di lavorazione dei prodotti caseari, mentre gli altri locali vennero adibiti ad abitazione ed ufficio del mansionario, a scuola pubblica, a cooperativa e ad abitazione per famiglie disagiate. Nel successivo intervento, Silvia Soravia e Amedeo De Bernardin Gaina hanno rivelato che l&#8217;idea del libro \u00e8 nata tanti anni fa, per la grandissima passione storica che li accumuna, e che tutto il paese ha dato un contributo alla realizzazione del volume.<\/p>\n<p>&nbsp;<\/p>\n<p>&nbsp;<\/p>\n<p>&nbsp;<\/p>\n<h3><a class=\"dt-pswp-item\" href=\"http:\/\/www.radiopiu.net\/wordpress\/wp-content\/uploads\/2018\/09\/appuntamenti.jpeg\" data-dt-img-description=\"\" data-large_image_width=\"800\" data-large_image_height=\"100\"><img loading=\"lazy\" decoding=\"async\" class=\"aligncenter wp-image-61958 size-full\" src=\"http:\/\/www.radiopiu.net\/wordpress\/wp-content\/uploads\/2018\/09\/appuntamenti.jpeg\" alt=\"\" width=\"800\" height=\"100\" srcset=\"https:\/\/www.radiopiu.net\/wordpress\/wp-content\/uploads\/2018\/09\/appuntamenti.jpeg 800w, https:\/\/www.radiopiu.net\/wordpress\/wp-content\/uploads\/2018\/09\/appuntamenti-300x38.jpeg 300w, https:\/\/www.radiopiu.net\/wordpress\/wp-content\/uploads\/2018\/09\/appuntamenti-768x96.jpeg 768w\" sizes=\"auto, (max-width: 800px) 100vw, 800px\" \/><\/a><\/h3>\n<h3><\/h3>\n<h3>RIVA&#8230; L&#8217;OKTOBERFEST, PRIMA EDIZIONE CON LA PROLOCO<\/h3>\n<p><strong><a class=\"dt-pswp-item\" href=\"http:\/\/www.radiopiu.net\/wordpress\/wp-content\/uploads\/2019\/10\/oktoberfest-girl-4433337__340.png\" data-dt-img-description=\"\" data-large_image_width=\"124\" data-large_image_height=\"340\"><img loading=\"lazy\" decoding=\"async\" class=\" wp-image-101066 alignleft\" src=\"http:\/\/www.radiopiu.net\/wordpress\/wp-content\/uploads\/2019\/10\/oktoberfest-girl-4433337__340-109x300.png\" alt=\"\" width=\"62\" height=\"171\" srcset=\"https:\/\/www.radiopiu.net\/wordpress\/wp-content\/uploads\/2019\/10\/oktoberfest-girl-4433337__340-109x300.png 109w, https:\/\/www.radiopiu.net\/wordpress\/wp-content\/uploads\/2019\/10\/oktoberfest-girl-4433337__340.png 124w\" sizes=\"auto, (max-width: 62px) 100vw, 62px\" \/><\/a>RIVAMONTE<\/strong> Che la Proloco fosse in fase di rinnovamento lo si era intuito, la macchina dell&#8217;organizzazione gi\u00e0 si \u00e8 mossa con grande vigore in occasione della festivit\u00e0 di Sant&#8217;Antonio ma \u00e8 stata notata l&#8217;importante presenza anche nell&#8217;altro evento fiore all&#8217;occhello quale RivaNadal. Ora il team guidato da Giacomo Bressan ne ha inventata un&#8217;altra, una festa\u00a0 nei giorni venerd\u00ec 18 sabato 19 domenica 20 ottobre presso gli impianti sportivi. Ecco in anteprima il programma della festa:\u00a0 <strong>Venerd\u00ec<\/strong> alle 18 apertura tendone HAPPY HOUR, alle 19 stand gastronomico con piatti bavaresi\u00a0 dalle 21 musica con i SPRITZ BAND di Predazzo.\u00a0<strong>Sabato<\/strong>\u00a0 stand gastronomico\u00a0 e dalle 21 musica con i PEONES\u00a0 e\u00a0 DJ\u00a0 set con Morgan.\u00a0 <strong>Domenica<\/strong> tendone aperto fin dalle 10, mercatino dei lavori e sapori di una volta, sfilata dal piazzale della chiesa agli impianti sportivi con la L\u2019BANDIN DA TIEZER\u201d\u00a0 (Tesero valle di Fiemme ) che allieter\u00e0 anche il pomeriggio con musiche e balli in stile tirolese, dalle 21 lo stand gastronomico\u00a0 con porchetta allo spiedo e nel pomeriggio &#8220;svuotiamo i fusti&#8221;. (foto pixabay)<\/p>\n<p>&nbsp;<\/p>\n<h4>DUE APPUNTAMENTI CON GLI EX EMIGRANTI<\/h4>\n<p><strong>CENCENIGHE<\/strong> La famiglia ex emigranti agordini organizza il pranzo sociale per domenica 13 ottobre all&#8217;Hotel Europa di Alleghe. Programma: 10 messa in ricordo degli emigranti scomparsi; 12.30 pranzo e lotteria. Prenotazioni entro il 10 ottobre all&#8217;hotel, telefono\u00a0 0437 523362, oppure dalla presidente Lucia De Toffol 0437 591492. Per il 27 ottobre terzo anniversario dell&#8217;inaugurazione del Monumento dell&#8217;emigrante a Cencenighe con la posa di una corona d&#8217;alloro, alle 10.30 la messa a seguire il corteo verso il piazzale Nof Filo&#8217;.<\/p>\n<p>&nbsp;<\/p>\n<p>&nbsp;<\/p>\n<p>&nbsp;<\/p>\n<p><strong><a class=\"dt-pswp-item\" href=\"http:\/\/www.radiopiu.net\/wordpress\/wp-content\/uploads\/2018\/09\/viabilita.jpeg\" data-dt-img-description=\"\" data-large_image_width=\"800\" data-large_image_height=\"100\"><img loading=\"lazy\" decoding=\"async\" class=\"alignnone wp-image-61954 size-full\" src=\"http:\/\/www.radiopiu.net\/wordpress\/wp-content\/uploads\/2018\/09\/viabilita.jpeg\" alt=\"\" width=\"800\" height=\"100\" srcset=\"https:\/\/www.radiopiu.net\/wordpress\/wp-content\/uploads\/2018\/09\/viabilita.jpeg 800w, https:\/\/www.radiopiu.net\/wordpress\/wp-content\/uploads\/2018\/09\/viabilita-300x38.jpeg 300w, https:\/\/www.radiopiu.net\/wordpress\/wp-content\/uploads\/2018\/09\/viabilita-768x96.jpeg 768w\" sizes=\"auto, (max-width: 800px) 100vw, 800px\" \/><\/a><\/strong><\/p>\n<h3><\/h3>\n<h3>CHIUSA LA PROVINCIALE PER SAN TOMASO<\/h3>\n<p><strong>SAN TOMASO<\/strong> Veneto Strade informa che\u00a0 fino\u00a0 all&#8217;11 ottobre (sabato e festivi inclusi) tra le localit\u00e0 Pian Molin e Roi il traffico sar\u00e0 totalmente interdetto a tutti i veicoli per la posa di una condotta elettrica, l&#8217;interruzione lungo la provinciale 8 al chilometro 6 per un tratto di 340 metri.<\/p>\n<h3>PROVINCIALE 346 SAN PELLEGRINO: TRE SENSI UNICI E BREVI INTERRUZIONI<\/h3>\n<p><strong>CANALE D&#8217;AGORD<\/strong>O Ai due cantieri per la realizzazione della rete acquedottistica si aggiunge un terzo cantiere in prossimit\u00e0 di Canale d&#8217;Agordo. Veneto Strade ha emesso una precisa ordinanza in vigore fino al 15 ottobre: senso unico alternato regolato da movieri con possibili brevi interruzioni della durata massima di 10 minuti per lavori di esbosco al chilometri 26 E 350 per 100 metri.<br \/>\n<strong>LE DUE PRECEDENTI<\/strong><\/p>\n<p><strong>SP 346 PASSO SAN PELLEGRINO<\/strong>:\u00a0 fino al 6 dicembre senso unico tra Canale d\u2019Agordo e Vallada per esecuzione lavori alla rete acquedottistica;\u00a0 \u00a0dal 7 ottobre al 15 novembre senso unico alternato all\u2019inbocco nord della galleria delle Anime, esclusi i giorni festivi e prefestivi.<\/p>\n<p><strong>PROVINCIALE DELLA VAL FIORENTINA<\/strong> di nuovo a doppio senso di marcia, tolto il semaforo a Caprile. La strada \u00e8 rimasta chiusa dall&#8217;ottobre di un anno fa allo scorso 5 agosto. A breve aprir\u00e0 un nuovo cantiere in localit\u00e0 all&#8217;Aiva.<\/p>\n<p>&nbsp;<\/p>\n<p><strong>PROVINCIALE 347 DEL DURAN E CEREDA<\/strong>: dal 7 al 18 ottobre, sabato e domenica escluso, senso unico alternato per lavori\u00a0 GSP in Val di Zoldo, chilometro 59.<\/p>\n<p><strong>PROVINCIALE 251 VAL DI ZOLDO<\/strong> In localit\u00e0 Colle Santa Lucia fino al 15 ottobre senso unico alternato esclusi sabati e domeniche per singoli tratti, massimo 250 metri.<\/p>\n<p><strong>Regionale 251 Val di Zoldo,<\/strong> Comune di Colle Santa Lucia:\u00a0 senso unico alternato.<\/p>\n<p><strong>Regionale 346 del San<\/strong> Pellegrino Comune di Falcade: fino al 18 ottobre escusi festivi e prefestivi, senso unico alternato.<\/p>\n<p><strong>Provinciale 563 di Salesei,<\/strong> Comune di Rocca Pietore:\u00a0 fino al 11 ottobre senso unico alternato regolato da movieri dalle 8 alle 18<\/p>\n<p>&nbsp;<\/p>\n<p><center>\u00a0<\/center>&nbsp;<\/p>\n<p><a class=\"dt-pswp-item\" href=\"http:\/\/www.radiopiu.net\/wordpress\/wp-content\/uploads\/2018\/09\/sport.jpg\" data-dt-img-description=\"\" data-large_image_width=\"800\" data-large_image_height=\"100\"><img loading=\"lazy\" decoding=\"async\" class=\"aligncenter wp-image-60761 size-full\" src=\"http:\/\/www.radiopiu.net\/wordpress\/wp-content\/uploads\/2018\/09\/sport.jpg\" alt=\"\" width=\"800\" height=\"100\" srcset=\"https:\/\/www.radiopiu.net\/wordpress\/wp-content\/uploads\/2018\/09\/sport.jpg 800w, https:\/\/www.radiopiu.net\/wordpress\/wp-content\/uploads\/2018\/09\/sport-300x38.jpg 300w, https:\/\/www.radiopiu.net\/wordpress\/wp-content\/uploads\/2018\/09\/sport-768x96.jpg 768w\" sizes=\"auto, (max-width: 800px) 100vw, 800px\" \/><\/a><\/p>\n<h3>LO SPORT DI SQUADRA SEGUITO DA RADIO PIU&#8217; NEL FINE SETTIMANA<\/h3>\n<blockquote>\n<p class=\"p1\"><span class=\"s1\"><b>CALCIO<\/b><\/span><\/p>\n<\/blockquote>\n<p class=\"p1\"><span class=\"s1\"><b>TERZA CATEGORIA<\/b><\/span><\/p>\n<p class=\"p1\"><span class=\"s1\">LONGARONE &#8211; AGORDINA 1-4<\/span><\/p>\n<p class=\"p1\"><span class=\"s1\">GOL AGORDINA: 2 Flavio De Lazzer, Fossen, Cancel<\/span><\/p>\n<p class=\"p1\"><span class=\"s1\">Che rimonta dell\u2019Agordina. La squadra di Lorenzi incamera la terza vittoria della stagione dopo una partita in salita. Il Longarone passa in vantaggio poi crolla nella ripresa quando gli agordini mettono a segno un gol dopo l\u2019altro.<\/span><\/p>\n<p class=\"p1\"><span class=\"s1\">Partita che \u00e8 cominciata con qualche minuto di ritardo per la commemorazione in ricordo delle vittime del Vajont. Un momento toccante con in campo i superstiti della strage che all\u2019epoca giocavano nel Longarone e San Biagio. Prima parte della sfida senza emozioni con le squadre che si studiano a lungo. Al 24\u2019 i padroni di casa sbloccano il punteggio alla prima disattenzione della squadra di Lorenzi. Ribattuta in area e Fa\u00e8 che non riesce ad intercettare la sfera. Prova la risposta l\u2019Agordina ma la fuga sulla fascia di Cancel non da i frutti sperati. Al 35\u2019 la compagine di Agordo pareggia i conti. Calcio d\u2019angolo dalla destra e colpo di testa vincente di Flavio De Lazzer. Nella ripresa la squadra di Agordo parte bene sprecando il gol del vantaggio. Subito dopo Fa\u00e8 fa gli straordinari in due occasioni. Agordina che ingrana la marcia giusta e che nel giro di pochi minuti cala il poker con Fossen, De Lazzer e Cancel. <\/span><\/p>\n<p class=\"p1\"><span class=\"s1\"><b>PRIMA CATEGORIA<\/b><\/span><\/p>\n<p class=\"p1\"><span class=\"s1\">FIORI BARP MAS &#8211; CADORE 1919 2-2<\/span><\/p>\n<p class=\"p1\"><span class=\"s1\">GOL FIORI BARP MAS: Masoch, Marsango<\/span><\/p>\n<p class=\"p1\"><span class=\"s1\">Un pareggio amaro per il Fiori Barp che sul campo di Mas non va oltre il pareggio nel derby con il Cadore. Padroni di casa che sprecano il doppio vantaggio e subiscono 2 reti in pochi minuti.<\/span><\/p>\n<p class=\"p1\"><span class=\"s1\">Prima fase di gara senza emozioni. Le squadre si studiano a lungo e nessuna delle due compagini vuole scoprirsi. Intanto Ibrahim \u00e8 costretto ad abbandonare il campo per infortunio. La partita non si sblocca anche se il Fiori Barp gioca meglio dei cadorini. Sfida maschia con scontri al limite del regolamento. Il Cadore ci prova su punizione ma la conclusione di De Martin si schianta sulla barriera. Nella ripresa gli ospiti sembrano avere una marcia in pi\u00f9 ma il Fiori Barp, alla prima ripartenza, usufruisce di un rigore per un fallo su Marsango. Masoch si presenta sul dischetto e non sbaglia. La squadra di De Battista sembra accontentarsi del vantaggio e lasciano pi\u00f9 spazio ai cadorini che non riescono ad avvicinarsi alla porta. Fiori Barp che raddoppia ma il Cadore in pochi minuti pareggia i conti. <\/span><\/p>\n<p class=\"p1\"><span class=\"s1\"><b>GIOVANILI AGORDINA<\/b><\/span><\/p>\n<p class=\"p1\"><span class=\"s1\"><b>GIOVANISSIMI PROVINCIALI<\/b><\/span><\/p>\n<p class=\"p1\"><span class=\"s1\">AGORDINA &#8211; CASTION 4-1<\/span><\/p>\n<p class=\"p1\"><span class=\"s1\">Bella prestazione dei giovani agordini che sul campo di Cencenighe vincono contro il Castion. Una partita in discesa per la squadra di Agordo che rifila un poker agli avversari subendo una sola marcatura. 3 punti in saccoccia grazie alla doppietta di De Toni e i gol a firma di Benvegn\u00f9 e Marchiori.<\/span><\/p>\n<p class=\"p1\"><span class=\"s1\"><b>ALLIEVI PROVINCIALI<\/b><\/span><\/p>\n<p class=\"p1\"><span class=\"s1\">AGORDINA &#8211; BORGO VALBELUNA 14-0<\/span><\/p>\n<p class=\"p1\"><span class=\"s1\">Partita a senso unico con l\u2019Agordina che va a doppia cifra dopo una partita dominata dall\u2019inizio alla fine. Tutto facile per gli agordini che conquistano i 3 punti grazie a 6 gol di Selle, le doppiette di Marchi, Bernardi e De Col\u00f2, un\u2019autogol e la rete di Brigadoi.<\/span><\/p>\n<p class=\"p1\"><span class=\"s1\"><b>JUNIORES PROVINCIALI<\/b><\/span><\/p>\n<p class=\"p1\"><span class=\"s1\">CADORE 1919 &#8211; AGORDINA<\/span><\/p>\n<p class=\"p1\"><span class=\"s1\">Partita rinviata<\/span><\/p>\n<p class=\"p1\"><span class=\"s1\"><b>GIOVANILE SAN GIORGIO<\/b><\/span><\/p>\n<p class=\"p1\"><span class=\"s1\"><b>ALLIEVI REGIONALI<\/b><\/span><\/p>\n<p class=\"p1\"><span class=\"s1\">TREVISO &#8211; SAN GIORGIO SEDICO 4-0<\/span><\/p>\n<p class=\"p1\"><span class=\"s1\">Quarta sconfitta stagionale per la squadra regionale del San Giorgio che in terra trevigiana gioca bene ma paga la superiorit\u00e0 degli avversari. Il Treviso incamera 3 punti mettendo a segno 2 gol per tempo.<\/span><\/p>\n<p class=\"p1\"><span class=\"s1\"><b>ALLIEVI PROVINCIALI<\/b><\/span><\/p>\n<p class=\"p1\"><span class=\"s1\">CAVARZANO &#8211; SAN GIORGIO SEDICO 4-0<\/span><\/p>\n<p class=\"p1\"><span class=\"s1\">Prima sconfitta per il San Giorgio Sedico nel campionato giovanile provinciale. Il Cavarzano strappa i 3 punti sul terreno amico dopo =un primo tempo giocato alla pari e la seconda frazione tutta dei padroni di casa. I sedicensi non tengono il ritmo e subiscono un poker, i gol tutti nella ripresa.<\/span><\/p>\n<p class=\"p1\"><span class=\"s1\"><b>CAMPIONATI CSI<\/b><\/span><\/p>\n<p class=\"p1\"><span class=\"s1\"><b>OPEN A1<\/b><\/span><\/p>\n<p class=\"p1\"><span class=\"s1\">LE VILLE &#8211; SAN VITTORE 2-1<\/span><\/p>\n<p class=\"p1\"><span class=\"s1\">GOL LE VILLE: Daniel Farenzena, Andrea Battain<\/span><\/p>\n<p class=\"p1\"><span class=\"s1\"><b>OVER<\/b><\/span><\/p>\n<p class=\"p1\"><span class=\"s1\">DOMEGGE &#8211; LA VALLE 1-0<\/span><\/p>\n<blockquote>\n<p class=\"p1\"><span class=\"s1\"><b>HOCKEY<\/b><\/span><\/p>\n<\/blockquote>\n<p class=\"p1\"><span class=\"s1\"><b>ITALIAN HOCKEY LEAGUE<\/b><\/span><\/p>\n<p class=\"p1\"><span class=\"s1\">ALLEGHE &#8211; VALPEAGLE 5-3<\/span><\/p>\n<p class=\"p1\"><span class=\"s1\">PARZIALI: 2-0, 1-2, 2-1<\/span><\/p>\n<p class=\"p1\"><span class=\"s1\">GOL: pt. 1\u201949\u201d Milos Ganz, 11\u201927\u201d Francesco Soppelsa. st. 14\u201937\u201d Miika Kiviranta, 17\u201921\u201d Francesco De Biasio, 18\u201945\u201d Marco Pozzi. tt. 8\u201910\u201d Edgar De Toni, 19\u201941\u201d Davide Testori, 19\u201957\u201d Francesco Cordin<\/span><\/p>\n<p class=\"p1\"><span class=\"s1\">Primi 3 punti della stagione per l\u2019Alleghe Hockey che, tra le mura amiche, batte il Valpeagle dopo una bella partita. La squadra di Matikainen, col ritorno sul ghiaccio di Lorenzi, vince e convince dopo un match gestito bene e con solo qualche minuto di distrazione che sono costati 2 gol subiti. <\/span><\/p>\n<p class=\"p1\"><span class=\"s1\">Parte nella maniera giusta la serata delle civette che dopo appena 2\u2019 si trovano in vantaggio grazie ad una rete di Ganz. Dopo il primo gol, gli alleghesi hanno un momento di difficolt\u00e0 con i piemontesi che spingono alla ricerca del pareggio. Intanto l\u2019Alleghe incrementa il vantaggio dopo una serie di buone occasioni. A spedire il disco in fondo al sacco ci pensa Soppelsa con un rovescio. Nel secondo drittel gli agordini continuano a premere. Gli ospiti provano a rispondere approfittando dei powerplay ma la difesa alleghese non lascia passare nulla. Intanto, alla prima buona occasione, Kiviranta porta a 3 le reti per le civette. Valpeagle che accorcia le distanze con De Biasio che in contropiede batte Burzacca. Alleghe che ha un calo di concentrazione e che subisce la seconda marcatura. Terza frazione che inizia senza tante emozioni. Le squadre non reagiscono e stentano ad arrivare le occasioni. Agordini che si risvegliano e calano il poker con De Toni. Nel finale emptynet gol alleghese di Testori. <\/span><\/p>\n<p class=\"p1\"><span class=\"s1\"><b>UNDER 19<\/b><\/span><\/p>\n<p class=\"p1\"><span class=\"s1\">ALLEGHE &#8211; RENON 0-3<\/span><\/p>\n<p class=\"p1\"><span class=\"s1\">PARZIALI: 0-1, 0-2, 0-0<\/span><\/p>\n<p class=\"p1\"><span class=\"s1\">L\u2019Alleghe under 19 esce sconfitto dalla partita di Alba di Canazei contro il Renon. Gli altatesini conquistano i 3 punti meritatamente dopo una sfida comandata dall\u2019inizio alla fine. Ben 35 i tiri in porta del Renon contro un Alleghe che ci ha provato 15 volte. Subito in vantaggio gli ospiti che incrementano nella seconda frazione. terzo tempo a reti inviolate.<\/span><\/p>\n<p class=\"p1\"><span class=\"s1\"><b>UNDER 17 <\/b><\/span><\/p>\n<p class=\"p1\"><span class=\"s1\">MERANO &#8211; FASSA\/ALLEGHE 5-2<\/span><\/p>\n<p class=\"p1\"><span class=\"s1\">PARZIALI: 3-1, 1-1, 1-0<\/span><\/p>\n<p class=\"p1\"><span class=\"s1\">GOL FASSA\/ALLEGHE: pt. Martini. st. Cassan<\/span><\/p>\n<p class=\"p1\"><span class=\"s1\">Il Fassa\/Alleghe under 17 ritorna da Merano con una sconfitta. Altoatesini che gestiscono al meglio la sfida con gli avversari che rimangono in partita per due tempi. Fassa\/Alleghe subito in vantaggio con Martini ma i padroni che nel giro di 4\u2019 mettono a segno 3 gol. Nel secondo tempo gli altoatesini portano a 4 le marcature e gli ospiti accorciano con Cassan. Nell\u2019ultima frazione monologo del Merano che chiude la sfida.<\/span><\/p>\n<p class=\"p1\"><span class=\"s1\"><b>UNDER 15<\/b><\/span><\/p>\n<p class=\"p1\"><span class=\"s1\">ALLEGHE &#8211; ORA\/EGNA 0-27<\/span><\/p>\n<p class=\"p1\"><span class=\"s1\">Partita da dimenticare in fretta per le giovani civette under 15 che al De Toni di Alleghe vengono surclassate da un Ora\/Egna che non ha avuto piet\u00e0 mettendo a segno ben 27 gol.<\/span><\/p>\n<blockquote>\n<p class=\"p1\"><span class=\"s1\"><b>VOLLEY<\/b><\/span><\/p>\n<\/blockquote>\n<p class=\"p1\"><span class=\"s1\">UNDER 16<\/span><\/p>\n<p class=\"p1\"><span class=\"s1\">LIMANA &#8211; VOLLEY CLUB AGORDINO 0-3<\/span><\/p>\n<p class=\"p1\"><span class=\"s1\">PARZIALI: 23-25, 19-25, 22-25<\/span><\/p>\n<p class=\"p1\"><span class=\"s1\">Esordio perfetto per la under 16 del Volley Club Agordino che a Limana batte le padrone di casa con un secco 3 a 0. Partita perfetta per le agordine che vincono il primo set con 2 punti di vantaggio. Il Limana crolla nella seconda frazione e la squadra di Agordo vince con 6 punti di vantaggio. Terzo e ultimo set con le ragazze di De Nardin che chiudono la partita incamerando la prima vittoria stagionale.<\/span><\/p>\n<p>&nbsp;<\/p>\n<p>&nbsp;<\/p>\n<p>&nbsp;<\/p>\n<h3>LINO LENA E NICOLA DECIMA VINCONO LA CATEGORIA AL RALLY DEL SEBINO<\/h3>\n<p><a class=\"dt-pswp-item pspw-wrap-ready\" href=\"http:\/\/www.radiopiu.net\/wordpress\/wp-content\/uploads\/2019\/10\/AB362531-4A2B-4B31-8BAD-4345597EFCB5.jpeg\" data-dt-img-description=\"\" data-large_image_width=\"1024\" data-large_image_height=\"683\"><img loading=\"lazy\" decoding=\"async\" class=\"size-medium wp-image-101463 alignleft\" src=\"http:\/\/www.radiopiu.net\/wordpress\/wp-content\/uploads\/2019\/10\/AB362531-4A2B-4B31-8BAD-4345597EFCB5-300x200.jpeg\" sizes=\"auto, (max-width: 300px) 100vw, 300px\" srcset=\"http:\/\/www.radiopiu.net\/wordpress\/wp-content\/uploads\/2019\/10\/AB362531-4A2B-4B31-8BAD-4345597EFCB5-300x200.jpeg 300w, http:\/\/www.radiopiu.net\/wordpress\/wp-content\/uploads\/2019\/10\/AB362531-4A2B-4B31-8BAD-4345597EFCB5-768x512.jpeg 768w, http:\/\/www.radiopiu.net\/wordpress\/wp-content\/uploads\/2019\/10\/AB362531-4A2B-4B31-8BAD-4345597EFCB5.jpeg 1024w\" alt=\"\" width=\"300\" height=\"200\" \/><\/a>Si \u00e8 corso in questo fine settimana l\u20198\u00ba Rally Del Sebino a Lovere in provincia di Bergamo. Tra gli equipaggi iscritti anche la Renault Clio di Lino Lena e Nicola Decima. Un relly che si \u00e8 sviluppato in 6 prove cronometrate e che ha visto la coppia agordina salire sul gradino pi\u00f9 alto del podio nella categoria A7 staccando di 26\u201d i secondi di classe. Un\u2019ottimo risultato per Lena e Decima che hanno chiuso la corsa al sedicesimo posto assoluto.<span class=\"Apple-converted-space\">\u00a0<\/span><\/p>\n<p>&nbsp;<\/p>\n<p>&nbsp;<\/p>\n<p>&nbsp;<\/p>\n<p>&nbsp;<\/p>\n<p>&nbsp;<\/p>\n<p>&nbsp;<\/p>\n<p>&nbsp;<\/p>\n<p>&nbsp;<\/p>\n<h2>BARATTIN E LORENZO CAGNATI PRIMI AL GOSER TRAIL<\/h2>\n<p><strong><img loading=\"lazy\" decoding=\"async\" class=\"size-medium wp-image-101487 alignleft\" src=\"http:\/\/www.radiopiu.net\/wordpress\/wp-content\/uploads\/2019\/10\/MLp_20191006_DSC04083-300x200.jpg\" alt=\"\" width=\"300\" height=\"200\" srcset=\"https:\/\/www.radiopiu.net\/wordpress\/wp-content\/uploads\/2019\/10\/MLp_20191006_DSC04083-300x200.jpg 300w, https:\/\/www.radiopiu.net\/wordpress\/wp-content\/uploads\/2019\/10\/MLp_20191006_DSC04083-768x512.jpg 768w, https:\/\/www.radiopiu.net\/wordpress\/wp-content\/uploads\/2019\/10\/MLp_20191006_DSC04083-1024x683.jpg 1024w\" sizes=\"auto, (max-width: 300px) 100vw, 300px\" \/>BELLUNO<\/strong> &#8211; Oltre cinquecento i concorrenti che la mattina di domenica 6 ottobre hanno raggiunto la centralissima via dei Molas a Tisoi per prendere il via ai tre percorsi proposti dall\u2019Asd Al Gos\u00e8r. A rendere perfetta questa edizione 2019 \u00e8 stata la presenza del sole, quasi a scusarsi per il maltempo che a fine luglio ha costretto gli organizzatori a trovare una nuova data. Ma non tutto il male viene per nuocere, tanto che quella del 6 ottobre si \u00e8 rivelata una scelta da manuale. A firmare la terza edizione del Gos\u00e8r Trail \u00e8 stato l\u2019atleta dell\u2019Alpago Tornado Run Gianpietro Barattin, andando cosi ad aggiudicarsi l\u2019ambito trofeo che lo incoroner\u00e0 \u201cRe&#8221; per i prossimi trecento sessanta cinque giorni. A completare il podio della gara regina da 17 km l\u2019atleta La Sportiva Filippo Beccari (1:35:05) ed il porta colori dell\u2019atletica Trento, Fabiano Roccabruna (1:36:15). Per quanto riguarda la classifica femminile \u00e8 stata Elena Andrich la pi\u00f9 veloce con il tempo di 1:59:05, seguita a poche decine di secondi da Valentina Michielli e Stefania Zanon.<strong> Nel tracciato della 10 km<\/strong> invece \u00e8 Lorenzo Cagnati a posizionarsi sul gradino pi\u00f9 alto del podio con il tempo di 0:50:09. Al seguito Fabio Da Soller (0:51:26) e Igor De Fina (0:53:34). Per la categoria femminile invece \u00e8 Patrizia Zanette ad imporsi sulle colleghe con il tempo di 1:03:26. A completare il podio Giulia Pol (1:05:48) e Letizia De Bacco (1:08:02). Molto partecipata anche la camminata non competitiva di 5 km:<\/p>\n<blockquote><p><strong>Soddisfatto l&#8217;agordino di Livinallongo\u00a0 Filippo Beccari:<\/strong><em> \u00abUna gara veramente molto bella, di pura montagna con salite impegnative e discese tecniche. Ho fatto una gara in recupero nelle retrovie. Sono un diesel, quindi bastoncini in mani e spingere. Ristori studiati bene e tracciati positivi, quindi i miei complimenti vanno all\u2019organizzazione con l\u2019augurio di proseguire cosi come hanno fatto fino ad ora.\u00bb<\/em><\/p><\/blockquote>\n<p>&nbsp;<\/p>\n<p>Le classifiche sono consultabili online all\u2019indirizzo https:\/\/sportdolomiti.it\/classifiche-algoser-2019.<\/p>\n<p>&nbsp;<\/p>\n<p>&nbsp;<\/p>\n<p>&nbsp;<\/p>\n<p><center><b>Lunedi 7<\/b><\/center><b>Tempo atteso: <\/b>Episodio di instabilit\u00e0 nella notte, con fenomeni pi\u00f9 probabili sulle Prealpi occidentali, sporadici ed in esaurimento altrove. Gi\u00e0 in mattinata si faranno strada delle schiarite che diverranno sempre pi\u00f9 ampie col passare delle ore a partire dai settori settentrionali, con cielo sereno o poco nuvoloso entro mezzogiorno e al pomeriggio\/sera, mentre sui settori prealpini, specie occidentali la nuvolosit\u00e0 si attarder\u00e0 maggiormente, con schiarite ampie dal pomeriggio. Clima diurno pi\u00f9 mite per il soleggiamento.<br \/>\n<b>Precipitazioni: <\/b>Nella notte deboli rovesci sparsi su provincia di Belluno, in rapido esaurimento (30\/50%); sulle Prealpi occidentali, specie il veronese, fenomeni diffusi (60\/80%), anche moderati, in esaurimento nelle prime ore del mattino. In giornata assenti ovunque (0%). Nella notte quota neve attorno ai 1900\/2100 m, senza accumuli di rilievo.<br \/>\n<b>Temperature: <\/b>Minime in lieve aumento nelle valli, stazionarie in quota; massime in lieve aumento. Su Prealpi a 1500 m min 3\u00b0C max 9\u00b0C, a 2000 m min 1\u00b0C max 5\u00b0C. Su Dolomiti a 2000 m min 0\u00b0C max 5\u00b0C, a 3000 m min -4\u00b0C max -2\u00b0C.<br \/>\n<b>Venti: <\/b>Nelle valli perlopi\u00f9 deboli, con qualche locale rinforzo di Foehn nelle valli dolomitiche; in quota moderati, a tratti tesi, da Nord, a 10-25 km\/h a 2000 m, 25-45 km\/h a 3000 m.<\/p>\n<hr \/>\n<p><center><b>Martedi 8<\/b><\/center><b>Tempo atteso: <\/b>Tempo perlopi\u00f9 soleggiato e stabile, con cielo sereno o poco nuvoloso, specie sulle Dolomiti, mentre sulle Prealpi i tassi di umidit\u00e0 relativa pi\u00f9 elevati potranno maggiormente favorire la formazione di banchi di nubi basse mattutini, in diradamento in giornata. Clima diurno molto mite in quota, meno nelle valli per la maggiore umidit\u00e0 e per condizioni di inversione termica.<br \/>\n<b>Precipitazioni: <\/b>Assenti (0%).<br \/>\n<b>Temperature: <\/b>Minime senza notevoli variazioni; massime stazionarie nelle valli, in aumento in quota. Su Prealpi a 1500 m min 4\u00b0C max 9\u00b0C, a 2000 m min 2\u00b0C max 6\u00b0C. Su Dolomiti a 2000 m min 2\u00b0C max 8\u00b0C, a 3000 m min -1\u00b0C max 5\u00b0C.<br \/>\n<b>Venti: <\/b>Nelle valli deboli\/moderati a regime di brezza; in quota moderati, a tratti tesi in alta quota, in rotazione da Nord-Ovest a Sud-Ovest alla sera, a 10-20 km\/h a 2000 m, 25-40 km\/h a 3000 m.<\/p>\n<hr \/>\n<p><center><b>Mercoledi 9<\/b><\/center>Tempo in peggioramento, con schiarite mattutine ampie, soprattutto sulle Dolomiti, ma con rapido aumento della nuvolosit\u00e0 da Ovest nel pomeriggio, fino a cielo molto nuvoloso\/coperto, con precipitazioni dapprima sparse, pi\u00f9 diffuse alla sera e nella notte, specie su provincia di Belluno, in particolare sulle Dolomiti, dove la quota neve sar\u00e0 in calo da 2500\/2600 m a 2100\/2300 m. Clima diurno pi\u00f9 fresco. Venti moderati sud-occidentali in quota.<\/p>\n<hr \/>\n<p><center><b>Giovedi 10<\/b><\/center>Tempo in miglioramento, con possibili residui fenomeni notturni sui settori orientali, e nuvolosit\u00e0 in diradamento soprattutto sulle Dolomiti, dove il cielo diverr\u00e0 presto sereno o poco nuvoloso, mentre sulle Prealpi la nuvolosit\u00e0 rimarr\u00e0 un po&#8217; pi\u00f9 insistente fino almeno al mezzogiorno. Clima diurno pi\u00f9 freddo in quota. Venti deboli\/moderati occidentali in quota. Previsore: G.M.<\/p>\n","protected":false},"excerpt":{"rendered":"<p>&nbsp; &nbsp; Gestione Servizi Pubblici informa che ad AGORDO nelle LOCALITA&#8217; PIASENT, COLVIGNAS, CAMPON e LE FOCHE l&#8217;acqua erogata dall&#8217;acquedotto non \u00e8 potabile e pu\u00f2 essere usata per scopi alimentari SOLO PREVIA bollitura. GSP ha, comunque, gi\u00e0 adottato le necessarie misure per la disinfezione dell&#8217;acqua presente nei serbatoi e nella rete idrica con l&#8217;aggiunta di&hellip;<\/p>\n","protected":false},"author":1,"featured_media":101404,"comment_status":"closed","ping_status":"closed","sticky":false,"template":"","format":"standard","meta":{"_monsterinsights_skip_tracking":false,"_monsterinsights_sitenote_active":false,"_monsterinsights_sitenote_note":"","_monsterinsights_sitenote_category":0,"footnotes":""},"categories":[1,86],"tags":[],"class_list":["post-101429","post","type-post","status-publish","format-standard","has-post-thumbnail","hentry","category-senza-categoria","category-gr","category-1","category-86","description-off"],"img_url":"https:\/\/www.radiopiu.net\/wordpress\/wp-content\/uploads\/2019\/10\/photo5823568697091010908.jpg","_links":{"self":[{"href":"https:\/\/www.radiopiu.net\/wordpress\/wp-json\/wp\/v2\/posts\/101429","targetHints":{"allow":["GET"]}}],"collection":[{"href":"https:\/\/www.radiopiu.net\/wordpress\/wp-json\/wp\/v2\/posts"}],"about":[{"href":"https:\/\/www.radiopiu.net\/wordpress\/wp-json\/wp\/v2\/types\/post"}],"author":[{"embeddable":true,"href":"https:\/\/www.radiopiu.net\/wordpress\/wp-json\/wp\/v2\/users\/1"}],"replies":[{"embeddable":true,"href":"https:\/\/www.radiopiu.net\/wordpress\/wp-json\/wp\/v2\/comments?post=101429"}],"version-history":[{"count":0,"href":"https:\/\/www.radiopiu.net\/wordpress\/wp-json\/wp\/v2\/posts\/101429\/revisions"}],"wp:featuredmedia":[{"embeddable":true,"href":"https:\/\/www.radiopiu.net\/wordpress\/wp-json\/wp\/v2\/media\/101404"}],"wp:attachment":[{"href":"https:\/\/www.radiopiu.net\/wordpress\/wp-json\/wp\/v2\/media?parent=101429"}],"wp:term":[{"taxonomy":"category","embeddable":true,"href":"https:\/\/www.radiopiu.net\/wordpress\/wp-json\/wp\/v2\/categories?post=101429"},{"taxonomy":"post_tag","embeddable":true,"href":"https:\/\/www.radiopiu.net\/wordpress\/wp-json\/wp\/v2\/tags?post=101429"}],"curies":[{"name":"wp","href":"https:\/\/api.w.org\/{rel}","templated":true}]}}