{"id":101465,"date":"2019-10-06T23:59:16","date_gmt":"2019-10-06T21:59:16","guid":{"rendered":"http:\/\/www.radiopiu.net\/wordpress\/?p=101465"},"modified":"2019-10-07T07:13:44","modified_gmt":"2019-10-07T05:13:44","slug":"le-belle-notizie","status":"publish","type":"post","link":"https:\/\/www.radiopiu.net\/wordpress\/le-belle-notizie\/","title":{"rendered":"LE BELLE  NOTIZIE"},"content":{"rendered":"<p>&nbsp;<\/p>\n<p>&nbsp;<\/p>\n<h2><img loading=\"lazy\" decoding=\"async\" class=\"wp-image-101444 alignleft\" src=\"http:\/\/www.radiopiu.net\/wordpress\/wp-content\/uploads\/2019\/10\/71515453_763035890783992_2396873131655430144_n-300x300.jpg\" alt=\"\" width=\"190\" height=\"190\" srcset=\"https:\/\/www.radiopiu.net\/wordpress\/wp-content\/uploads\/2019\/10\/71515453_763035890783992_2396873131655430144_n-300x300.jpg 300w, https:\/\/www.radiopiu.net\/wordpress\/wp-content\/uploads\/2019\/10\/71515453_763035890783992_2396873131655430144_n-150x150.jpg 150w, https:\/\/www.radiopiu.net\/wordpress\/wp-content\/uploads\/2019\/10\/71515453_763035890783992_2396873131655430144_n.jpg 512w\" sizes=\"auto, (max-width: 190px) 100vw, 190px\" \/>LA BELLA NOTIZIA&#8230;<\/h2>\n<p><strong>SAN TOMASO<\/strong> Avanti alla grande con la promozione del paese e ad alti livelli, fra poco infatti partono le riprese della trasmissione Icarus &#8211; Sky Sport con Justine Mattera in piazza a Celat di San Tomaso. Troupe e conduttrice pronti per provare l\u2019adrenalinica Zipline San Tomas. Il grazie pi\u00f9 deciso va al Consorzio DMO di Belluno e al suo Direttore Giuliano Vantaggi!<\/p>\n<p>&nbsp;<\/p>\n<p>&nbsp;<\/p>\n<p>&nbsp;<\/p>\n<p>&nbsp;<\/p>\n<p>&nbsp;<\/p>\n<p>&nbsp;<\/p>\n<p>&nbsp;<\/p>\n<h2>LA BELLA NOTIZIA 2&#8230;CHE FA COMUNITA&#8217;<\/h2>\n<p><strong><img loading=\"lazy\" decoding=\"async\" class=\"alignnone size-medium wp-image-101445\" src=\"http:\/\/www.radiopiu.net\/wordpress\/wp-content\/uploads\/2019\/10\/d7ed890d-32f9-45ac-b194-c1e613206c40-300x225.jpg\" alt=\"\" width=\"300\" height=\"225\" srcset=\"https:\/\/www.radiopiu.net\/wordpress\/wp-content\/uploads\/2019\/10\/d7ed890d-32f9-45ac-b194-c1e613206c40-300x225.jpg 300w, https:\/\/www.radiopiu.net\/wordpress\/wp-content\/uploads\/2019\/10\/d7ed890d-32f9-45ac-b194-c1e613206c40-768x576.jpg 768w, https:\/\/www.radiopiu.net\/wordpress\/wp-content\/uploads\/2019\/10\/d7ed890d-32f9-45ac-b194-c1e613206c40-1024x768.jpg 1024w, https:\/\/www.radiopiu.net\/wordpress\/wp-content\/uploads\/2019\/10\/d7ed890d-32f9-45ac-b194-c1e613206c40.jpg 1600w\" sizes=\"auto, (max-width: 300px) 100vw, 300px\" \/><img loading=\"lazy\" decoding=\"async\" class=\"alignnone size-medium wp-image-101440\" src=\"http:\/\/www.radiopiu.net\/wordpress\/wp-content\/uploads\/2019\/10\/814e72d8-ecb7-4364-8c74-e4117debdea1-300x225.jpg\" alt=\"\" width=\"300\" height=\"225\" srcset=\"https:\/\/www.radiopiu.net\/wordpress\/wp-content\/uploads\/2019\/10\/814e72d8-ecb7-4364-8c74-e4117debdea1-300x225.jpg 300w, https:\/\/www.radiopiu.net\/wordpress\/wp-content\/uploads\/2019\/10\/814e72d8-ecb7-4364-8c74-e4117debdea1-768x576.jpg 768w, https:\/\/www.radiopiu.net\/wordpress\/wp-content\/uploads\/2019\/10\/814e72d8-ecb7-4364-8c74-e4117debdea1-1024x768.jpg 1024w, https:\/\/www.radiopiu.net\/wordpress\/wp-content\/uploads\/2019\/10\/814e72d8-ecb7-4364-8c74-e4117debdea1.jpg 1600w\" sizes=\"auto, (max-width: 300px) 100vw, 300px\" \/><img loading=\"lazy\" decoding=\"async\" class=\"alignnone size-medium wp-image-101450\" src=\"http:\/\/www.radiopiu.net\/wordpress\/wp-content\/uploads\/2019\/10\/996f46d7-5c99-4b5b-9942-e98b3256a4e4-300x225.jpg\" alt=\"\" width=\"300\" height=\"225\" srcset=\"https:\/\/www.radiopiu.net\/wordpress\/wp-content\/uploads\/2019\/10\/996f46d7-5c99-4b5b-9942-e98b3256a4e4-300x225.jpg 300w, https:\/\/www.radiopiu.net\/wordpress\/wp-content\/uploads\/2019\/10\/996f46d7-5c99-4b5b-9942-e98b3256a4e4-768x576.jpg 768w, https:\/\/www.radiopiu.net\/wordpress\/wp-content\/uploads\/2019\/10\/996f46d7-5c99-4b5b-9942-e98b3256a4e4-1024x768.jpg 1024w, https:\/\/www.radiopiu.net\/wordpress\/wp-content\/uploads\/2019\/10\/996f46d7-5c99-4b5b-9942-e98b3256a4e4.jpg 1600w\" sizes=\"auto, (max-width: 300px) 100vw, 300px\" \/><a class=\"dt-pswp-item\" href=\"http:\/\/www.radiopiu.net\/wordpress\/wp-content\/uploads\/2019\/10\/147d7230-5977-45f3-a2b1-0892412a6970.jpg\" data-dt-img-description=\"\" data-large_image_width=\"1600\" data-large_image_height=\"1200\"><img loading=\"lazy\" decoding=\"async\" class=\"alignnone size-medium wp-image-101520\" src=\"http:\/\/www.radiopiu.net\/wordpress\/wp-content\/uploads\/2019\/10\/147d7230-5977-45f3-a2b1-0892412a6970-300x225.jpg\" alt=\"\" width=\"300\" height=\"225\" srcset=\"https:\/\/www.radiopiu.net\/wordpress\/wp-content\/uploads\/2019\/10\/147d7230-5977-45f3-a2b1-0892412a6970-300x225.jpg 300w, https:\/\/www.radiopiu.net\/wordpress\/wp-content\/uploads\/2019\/10\/147d7230-5977-45f3-a2b1-0892412a6970-768x576.jpg 768w, https:\/\/www.radiopiu.net\/wordpress\/wp-content\/uploads\/2019\/10\/147d7230-5977-45f3-a2b1-0892412a6970-1024x768.jpg 1024w, https:\/\/www.radiopiu.net\/wordpress\/wp-content\/uploads\/2019\/10\/147d7230-5977-45f3-a2b1-0892412a6970.jpg 1600w\" sizes=\"auto, (max-width: 300px) 100vw, 300px\" \/><\/a><\/strong><\/p>\n<p><strong>ALLEGHE<\/strong> Festa dei zovegn de na ota 2019 a Caprile. I Comuni di Alleghe Rocca e Selva. La scelta di condividere una festa consolidata \u00e8 sempre pi\u00f9 apprezzata dai cittadini a cui piace vedere gli amministratori partecipare attivamente all&#8217;organizzazione della festa anche servendo ai tavoli. Un centinaio gli &#8216;anziani&#8217; presenti<\/p>\n<p><strong>SELVA DI CADORE<\/strong> &#8220;<em>Ieri \u00e8 stata una bellissima festa anche per noi amministratori, la possibilit\u00e0 di passare del tempo con le persone che hanno ricostruito, sostenuto \u00e8 mantenuto vivi i nostri paese con tanto coraggio e con difficolt\u00e0 che possiamo solo immaginare. E quella di condividere questa esperienza tra amministratori ma anche tra amici, con l&#8217; ironia che ci contraddistingue&#8221;. <\/em>Il sindaco, Silvia Cestaro<\/p>\n<p>&nbsp;<\/p>\n<h2><\/h2>\n","protected":false},"excerpt":{"rendered":"<p>&nbsp; &nbsp; LA BELLA NOTIZIA&#8230; SAN TOMASO Avanti alla grande con la promozione del paese e ad alti livelli, fra poco infatti partono le riprese della trasmissione Icarus &#8211; Sky Sport con Justine Mattera in piazza a Celat di San Tomaso. Troupe e conduttrice pronti per provare l\u2019adrenalinica Zipline San Tomas. Il grazie pi\u00f9 deciso&hellip;<\/p>\n","protected":false},"author":1,"featured_media":101450,"comment_status":"closed","ping_status":"closed","sticky":false,"template":"","format":"standard","meta":{"_monsterinsights_skip_tracking":false,"_monsterinsights_sitenote_active":false,"_monsterinsights_sitenote_note":"","_monsterinsights_sitenote_category":0,"footnotes":""},"categories":[103,49],"tags":[],"class_list":["post-101465","post","type-post","status-publish","format-standard","has-post-thumbnail","hentry","category-evidenza_2","category-news-18","category-103","category-49","description-off"],"img_url":"https:\/\/www.radiopiu.net\/wordpress\/wp-content\/uploads\/2019\/10\/996f46d7-5c99-4b5b-9942-e98b3256a4e4.jpg","_links":{"self":[{"href":"https:\/\/www.radiopiu.net\/wordpress\/wp-json\/wp\/v2\/posts\/101465","targetHints":{"allow":["GET"]}}],"collection":[{"href":"https:\/\/www.radiopiu.net\/wordpress\/wp-json\/wp\/v2\/posts"}],"about":[{"href":"https:\/\/www.radiopiu.net\/wordpress\/wp-json\/wp\/v2\/types\/post"}],"author":[{"embeddable":true,"href":"https:\/\/www.radiopiu.net\/wordpress\/wp-json\/wp\/v2\/users\/1"}],"replies":[{"embeddable":true,"href":"https:\/\/www.radiopiu.net\/wordpress\/wp-json\/wp\/v2\/comments?post=101465"}],"version-history":[{"count":0,"href":"https:\/\/www.radiopiu.net\/wordpress\/wp-json\/wp\/v2\/posts\/101465\/revisions"}],"wp:featuredmedia":[{"embeddable":true,"href":"https:\/\/www.radiopiu.net\/wordpress\/wp-json\/wp\/v2\/media\/101450"}],"wp:attachment":[{"href":"https:\/\/www.radiopiu.net\/wordpress\/wp-json\/wp\/v2\/media?parent=101465"}],"wp:term":[{"taxonomy":"category","embeddable":true,"href":"https:\/\/www.radiopiu.net\/wordpress\/wp-json\/wp\/v2\/categories?post=101465"},{"taxonomy":"post_tag","embeddable":true,"href":"https:\/\/www.radiopiu.net\/wordpress\/wp-json\/wp\/v2\/tags?post=101465"}],"curies":[{"name":"wp","href":"https:\/\/api.w.org\/{rel}","templated":true}]}}