{"id":101651,"date":"2019-10-07T21:26:35","date_gmt":"2019-10-07T19:26:35","guid":{"rendered":"http:\/\/www.radiopiu.net\/wordpress\/?p=101651"},"modified":"2019-10-07T21:26:35","modified_gmt":"2019-10-07T19:26:35","slug":"pedona-con-noi-tra-volontariato-e-donazione","status":"publish","type":"post","link":"https:\/\/www.radiopiu.net\/wordpress\/pedona-con-noi-tra-volontariato-e-donazione\/","title":{"rendered":"PEDONA CON NOI&#8230; TRA VOLONTARIATO E DONAZIONE"},"content":{"rendered":"<p><strong>FELTRE<img loading=\"lazy\" decoding=\"async\" class=\"size-medium wp-image-101652 alignleft\" src=\"http:\/\/www.radiopiu.net\/wordpress\/wp-content\/uploads\/2019\/10\/pedona2-169x300.jpeg\" alt=\"\" width=\"169\" height=\"300\" srcset=\"https:\/\/www.radiopiu.net\/wordpress\/wp-content\/uploads\/2019\/10\/pedona2-169x300.jpeg 169w, https:\/\/www.radiopiu.net\/wordpress\/wp-content\/uploads\/2019\/10\/pedona2-576x1024.jpeg 576w, https:\/\/www.radiopiu.net\/wordpress\/wp-content\/uploads\/2019\/10\/pedona2.jpeg 747w\" sizes=\"auto, (max-width: 169px) 100vw, 169px\" \/>\u00a0<\/strong> Una camminata per sensibilizzare alla cultura del dono di organi, tessuti, midollo osseo e sangue. Piccolo grande successo per gli organizzatori della terza edizione di &#8220;Pedona con Noi&#8221; che si \u00e8 svolta tra Farra, Mugnai e Pedavena il 29 Settembre scorso, manifestazione che ha coinvolte oltre 200 persone.\u00a0 Con la sinergia delle associazioni del Dono AIDO, ADMO e FIDAS Feltre\/Pedavena, \u00e8 stato possibile offrire alla popolazione feltrina un momento di svago e divertimento grazie alla presenza dell&#8217;SFCS Squadra Feltrina Cinofila da Soccorso che ha proposto un interessante dimostrazione della sua attivit\u00e0 con i cani e il gruppo sbandieratori del quartiere Santo Stefano che ha aperto la pedonata. Durante il percorso, i numerosi bambini hanno partecipato ad una simpatica caccia al tesoro raccogliendo timbri raffiguranti gocce di sangue e organi del corpo umano. Al termine del percorso, duplice spettacolo della Banda Citt\u00e0 di Feltre, con l&#8217;esibizione degli allievi della scuola di musica e del settore giovanile &#8220;Feltre Junior Band&#8221;.\u00a0 Gli organizzatori della manifestazione si sono detti contenti del risultato, &#8220;un grande sforzo \u00e8 stato fatto per riunire con gioia le persone per trasmettere la bellezza della cultura del Dono ricordando che &lt;chi dona, vale doppio&gt;&#8221;.<br \/>\nParte del ricavato, somma di circa 800euro, \u00e8 stato donato all&#8217;associazione \u201cNoi con Voi\u201d che aiuta i bisognosi nel territorio feltrino, senza alcuna distinzione. L&#8217;aiuto in questo specifico caso andr\u00e0 a sostenere l&#8217;attivit\u00e0 della mensa solidale, che ogni settimana accoglie centinaia di persone in difficolt\u00e0. Gli organizzatori sono gi\u00e0 al lavoro per la prossima edizione di &#8220;pedona con noi&#8221;.<\/p>\n","protected":false},"excerpt":{"rendered":"<p>FELTRE\u00a0 Una camminata per sensibilizzare alla cultura del dono di organi, tessuti, midollo osseo e sangue. Piccolo grande successo per gli organizzatori della terza edizione di &#8220;Pedona con Noi&#8221; che si \u00e8 svolta tra Farra, Mugnai e Pedavena il 29 Settembre scorso, manifestazione che ha coinvolte oltre 200 persone.\u00a0 Con la sinergia delle associazioni del&hellip;<\/p>\n","protected":false},"author":1,"featured_media":101653,"comment_status":"closed","ping_status":"closed","sticky":false,"template":"","format":"standard","meta":{"_monsterinsights_skip_tracking":false,"_monsterinsights_sitenote_active":false,"_monsterinsights_sitenote_note":"","_monsterinsights_sitenote_category":0,"footnotes":""},"categories":[1,49],"tags":[],"class_list":["post-101651","post","type-post","status-publish","format-standard","has-post-thumbnail","hentry","category-senza-categoria","category-news-18","category-1","category-49","description-off"],"img_url":"https:\/\/www.radiopiu.net\/wordpress\/wp-content\/uploads\/2019\/10\/pedona1.jpeg","_links":{"self":[{"href":"https:\/\/www.radiopiu.net\/wordpress\/wp-json\/wp\/v2\/posts\/101651","targetHints":{"allow":["GET"]}}],"collection":[{"href":"https:\/\/www.radiopiu.net\/wordpress\/wp-json\/wp\/v2\/posts"}],"about":[{"href":"https:\/\/www.radiopiu.net\/wordpress\/wp-json\/wp\/v2\/types\/post"}],"author":[{"embeddable":true,"href":"https:\/\/www.radiopiu.net\/wordpress\/wp-json\/wp\/v2\/users\/1"}],"replies":[{"embeddable":true,"href":"https:\/\/www.radiopiu.net\/wordpress\/wp-json\/wp\/v2\/comments?post=101651"}],"version-history":[{"count":0,"href":"https:\/\/www.radiopiu.net\/wordpress\/wp-json\/wp\/v2\/posts\/101651\/revisions"}],"wp:featuredmedia":[{"embeddable":true,"href":"https:\/\/www.radiopiu.net\/wordpress\/wp-json\/wp\/v2\/media\/101653"}],"wp:attachment":[{"href":"https:\/\/www.radiopiu.net\/wordpress\/wp-json\/wp\/v2\/media?parent=101651"}],"wp:term":[{"taxonomy":"category","embeddable":true,"href":"https:\/\/www.radiopiu.net\/wordpress\/wp-json\/wp\/v2\/categories?post=101651"},{"taxonomy":"post_tag","embeddable":true,"href":"https:\/\/www.radiopiu.net\/wordpress\/wp-json\/wp\/v2\/tags?post=101651"}],"curies":[{"name":"wp","href":"https:\/\/api.w.org\/{rel}","templated":true}]}}