{"id":101726,"date":"2019-10-09T05:48:24","date_gmt":"2019-10-09T03:48:24","guid":{"rendered":"http:\/\/www.radiopiu.net\/wordpress\/?p=101726"},"modified":"2019-10-09T10:05:26","modified_gmt":"2019-10-09T08:05:26","slug":"giornale-radiopiu-09-ottobre-2019-direttore-mirko-mezzacasa","status":"publish","type":"post","link":"https:\/\/www.radiopiu.net\/wordpress\/giornale-radiopiu-09-ottobre-2019-direttore-mirko-mezzacasa\/","title":{"rendered":"GIORNALE RADIOPIU 09 OTTOBRE 2019 DIRETTORE MIRKO MEZZACASA"},"content":{"rendered":"<p>&nbsp;<\/p>\n<p>&nbsp;<\/p>\n<blockquote><p><em>Gestione Servizi Pubblici informa che ad AGORDO nelle LOCALITA&#8217; PIASENT, COLVIGNAS, CAMPON e LE FOCHE l&#8217;acqua erogata dall&#8217;acquedotto non \u00e8 potabile e pu\u00f2 essere usata per scopi alimentari SOLO PREVIA bollitura. GSP ha, comunque, gi\u00e0 adottato le necessarie misure per la disinfezione dell&#8217;acqua presente nei serbatoi e nella rete idrica con l&#8217;aggiunta di cloro.<\/em><\/p><\/blockquote>\n<p>Gestione Servizi Pubblici informa che, per lavori alla rete idrica comunale, i giorni 14 e 15 OTTOBRE dalle 8 a FINE LAVORI, verr\u00e0 sospesa l\u2019erogazione dell\u2019acqua a LIVINALLONGO nelle LOCALITA&#8217; PIEVE, RETIZ, GROUPA e COL.<\/p>\n<p>&nbsp;<\/p>\n<p>&nbsp;<\/p>\n<h3><a class=\"dt-pswp-item\" href=\"http:\/\/www.radiopiu.net\/wordpress\/wp-content\/uploads\/2019\/10\/image001.jpg\" data-dt-img-description=\"\" data-large_image_width=\"213\" data-large_image_height=\"274\"><img loading=\"lazy\" decoding=\"async\" class=\" wp-image-101816 alignleft\" src=\"http:\/\/www.radiopiu.net\/wordpress\/wp-content\/uploads\/2019\/10\/image001.jpg\" alt=\"\" width=\"143\" height=\"184\" \/><\/a>NICOLE ANCORA NON SI TROVA, SEGNALAZIONI ALLO 0437 2551<\/h3>\n<p>Nicole Andolfatto manca da ieri mattina alle 8. Nel pomeriggio ha chiamato casa dicendo alla madre che si trovava a Venezia, poi pi\u00f9 nessuna notizia. E&#8217; alta 1.60 cm, corporatura media, non si sa cosa indossi. Chi l&#8217;avesse vista chiami urgentemente lo 0437 2551<\/p>\n<p><span style=\"color: #ff0000;\"><strong>AGGIORNAMENTO 0700\u00a0<\/strong><\/span><br \/>\n<span style=\"color: #ff0000;\"><strong>DAI CARABINIERI DI BELLUNO: ANCORA NESSUNA NOVITA&#8217; NELLA NOTTE NICOLE NON SI E&#8217; FATTA VIVA CON I GENITORI, ULTIMO CONTATTO NEL POMERIGGIO DI IERI, IL CELLULARE HA AGGANCIATO UNA CELLA IN ZONA VENEZIA\u00a0<\/strong><\/span><\/p>\n<p>&nbsp;<\/p>\n<p>&nbsp;<\/p>\n<p>&nbsp;<\/p>\n<p>&nbsp;<\/p>\n<h3><a class=\"dt-pswp-item\" href=\"http:\/\/www.radiopiu.net\/wordpress\/wp-content\/uploads\/2019\/10\/72110168_1178350529019679_6329010571265966080_n.jpg\" data-dt-img-description=\"\" data-large_image_width=\"472\" data-large_image_height=\"677\"><img loading=\"lazy\" decoding=\"async\" class=\"wp-image-101743 alignleft\" src=\"http:\/\/www.radiopiu.net\/wordpress\/wp-content\/uploads\/2019\/10\/72110168_1178350529019679_6329010571265966080_n-209x300.jpg\" alt=\"\" width=\"140\" height=\"201\" srcset=\"https:\/\/www.radiopiu.net\/wordpress\/wp-content\/uploads\/2019\/10\/72110168_1178350529019679_6329010571265966080_n-209x300.jpg 209w, https:\/\/www.radiopiu.net\/wordpress\/wp-content\/uploads\/2019\/10\/72110168_1178350529019679_6329010571265966080_n.jpg 472w\" sizes=\"auto, (max-width: 140px) 100vw, 140px\" \/><\/a><\/h3>\n<h3><\/h3>\n<h3>9 OTTOBRE LA TRAGEDIA DEL VAJONT.<\/h3>\n<p><span style=\"color: #ff0000;\">IERI ALLA RADIO,<\/span> 9 ottobre 1963 Vajont Memorie da una tragedia dal libro di Maurizio Reberschak &#8220;Il grande Vajont&#8221;<\/p>\n<p><strong>AUDIO, DI LUISA ALCHINI<\/strong><\/p>\n<audio class=\"wp-audio-shortcode\" id=\"audio-101726-1\" preload=\"none\" style=\"width: 100%;\" controls=\"controls\"><source type=\"audio\/mpeg\" src=\"http:\/\/www.radiopiu.net\/wordpress\/wp-content\/uploads\/2019\/10\/2leggermentemauriziorebersachak-1.mp3?_=1\" \/><a href=\"http:\/\/www.radiopiu.net\/wordpress\/wp-content\/uploads\/2019\/10\/2leggermentemauriziorebersachak-1.mp3\">http:\/\/www.radiopiu.net\/wordpress\/wp-content\/uploads\/2019\/10\/2leggermentemauriziorebersachak-1.mp3<\/a><\/audio>\n<p>&nbsp;<\/p>\n<p><strong>LEGGERMENTE BELLUNESI, ESCLUSIVA RADIO PIU. LA NUOVA STAGIONE E LE PRECEDENTI<\/strong><\/p>\n<blockquote class=\"wp-embedded-content\" data-secret=\"3h3a5dOfMw\"><p><a href=\"https:\/\/www.radiopiu.net\/wordpress\/leggermente\/\">LEGGERmente&#8230;Bellunesi<\/a><\/p><\/blockquote>\n<p><iframe loading=\"lazy\" title=\"&#8220;LEGGERmente&#8230;Bellunesi&#8221; &#8212; Radio Pi\u00f9\" class=\"wp-embedded-content\" sandbox=\"allow-scripts\" security=\"restricted\" style=\"position: absolute; clip: rect(1px, 1px, 1px, 1px);\" src=\"https:\/\/www.radiopiu.net\/wordpress\/leggermente\/embed\/#?secret=3h3a5dOfMw\" data-secret=\"3h3a5dOfMw\" width=\"600\" height=\"338\" frameborder=\"0\" marginwidth=\"0\" marginheight=\"0\" scrolling=\"no\"><\/iframe><\/p>\n<p>&nbsp;<\/p>\n<p>&nbsp;<\/p>\n<p>&nbsp;<\/p>\n<h3><a class=\"dt-pswp-item\" href=\"http:\/\/www.radiopiu.net\/wordpress\/wp-content\/uploads\/2015\/10\/roberto-padrin-2.jpg\" data-dt-img-description=\"\" data-large_image_width=\"201\" data-large_image_height=\"237\"><img loading=\"lazy\" decoding=\"async\" class=\"wp-image-11554 alignleft\" src=\"http:\/\/www.radiopiu.net\/wordpress\/wp-content\/uploads\/2015\/10\/roberto-padrin-2.jpg\" alt=\"\" width=\"103\" height=\"121\" \/><\/a><\/h3>\n<h3>LA GIORNATA DEL RICORDO\u00a0 DI ROBERTO PADRIN<\/h3>\n<audio class=\"wp-audio-shortcode\" id=\"audio-101726-2\" preload=\"none\" style=\"width: 100%;\" controls=\"controls\"><source type=\"audio\/mpeg\" src=\"http:\/\/www.radiopiu.net\/wordpress\/wp-content\/uploads\/2019\/10\/padrin.mp3?_=2\" \/><a href=\"http:\/\/www.radiopiu.net\/wordpress\/wp-content\/uploads\/2019\/10\/padrin.mp3\">http:\/\/www.radiopiu.net\/wordpress\/wp-content\/uploads\/2019\/10\/padrin.mp3<\/a><\/audio>\n<p>&nbsp;<\/p>\n<p>&nbsp;<\/p>\n<p>&nbsp;<\/p>\n<h3>IL PENSIERO DEL PRESIDENTE DELLA REGIONE LUCA ZAIA<\/h3>\n<p><strong>VOCE CLAUDIA CATTADORI<\/strong><\/p>\n<audio class=\"wp-audio-shortcode\" id=\"audio-101726-3\" preload=\"none\" style=\"width: 100%;\" controls=\"controls\"><source type=\"audio\/mpeg\" src=\"http:\/\/www.radiopiu.net\/wordpress\/wp-content\/uploads\/2019\/10\/ZAIA-VAIONT.mp3?_=3\" \/><a href=\"http:\/\/www.radiopiu.net\/wordpress\/wp-content\/uploads\/2019\/10\/ZAIA-VAIONT.mp3\">http:\/\/www.radiopiu.net\/wordpress\/wp-content\/uploads\/2019\/10\/ZAIA-VAIONT.mp3<\/a><\/audio>\n<p>&nbsp;<\/p>\n<p>&nbsp;<\/p>\n<p>&nbsp;<\/p>\n<p><strong>IL LUTTO<\/strong><\/p>\n<p>Nel giorno del ricordo del Vajont il mondo del giornalismo piange Mario Passi, corrispondente del giornale l&#8217;Unit\u00e0 fu il primo ad arrivare a Longarone.<\/p>\n<p>&nbsp;<\/p>\n<p>&nbsp;<\/p>\n<h4>\u00abLA TRAGEDIA VA RICORDATA COI FATTI PI\u00d9 CHE CON LE PAROLE. LO STATO NON DIMENTICHI LA MONTAGNA E LE SUE IMPRESE\u00bb<\/h4>\n<p><strong>BELLUNO\u00a0<\/strong> \u00abLa tragedia del Vajont ha mille significati e tutti importanti. Come imprenditori non possiamo non ricordare per\u00f2 la dignit\u00e0 di chi \u00e8 ripartito e ha trasformato questo territorio partendo dalla manifattura\u00bb. A dirlo \u00e8 la presidente di Confindustria Belluno Dolomiti Lorraine Berton. <em>\u00abNel giorno del Vajont, quindi, vorrei lanciare un messaggio alle Istituzioni, nazionali in primis, perch\u00e9 non lascino sole le nostre imprese e perch\u00e9 il Governo riprenda in mano le misure richieste dagli Stati generali della montagna\u00bb, l\u2019appello di Berton. \u00abIl Vajont e la montagna non si ricordino con le parole, ma coi fatti\u00bb.<\/em><\/p>\n<p>&nbsp;<\/p>\n<p>&nbsp;<\/p>\n<p>&nbsp;<\/p>\n<p>&nbsp;<\/p>\n<h3><a class=\"dt-pswp-item\" href=\"http:\/\/www.radiopiu.net\/wordpress\/wp-content\/uploads\/2019\/10\/bfe23711-838c-4802-88e7-bc518dc5c38a.jpg\" data-dt-img-description=\"\" data-large_image_width=\"1600\" data-large_image_height=\"1200\"><img loading=\"lazy\" decoding=\"async\" class=\" wp-image-101635 alignleft\" src=\"http:\/\/www.radiopiu.net\/wordpress\/wp-content\/uploads\/2019\/10\/bfe23711-838c-4802-88e7-bc518dc5c38a-300x225.jpg\" alt=\"\" width=\"225\" height=\"169\" srcset=\"https:\/\/www.radiopiu.net\/wordpress\/wp-content\/uploads\/2019\/10\/bfe23711-838c-4802-88e7-bc518dc5c38a-300x225.jpg 300w, https:\/\/www.radiopiu.net\/wordpress\/wp-content\/uploads\/2019\/10\/bfe23711-838c-4802-88e7-bc518dc5c38a-768x576.jpg 768w, https:\/\/www.radiopiu.net\/wordpress\/wp-content\/uploads\/2019\/10\/bfe23711-838c-4802-88e7-bc518dc5c38a-1024x768.jpg 1024w, https:\/\/www.radiopiu.net\/wordpress\/wp-content\/uploads\/2019\/10\/bfe23711-838c-4802-88e7-bc518dc5c38a.jpg 1600w\" sizes=\"auto, (max-width: 225px) 100vw, 225px\" \/><\/a><\/h3>\n<h3><\/h3>\n<h3>PER ASFALTATURA CHIUSURA DELLA PROVINCIALE DEL MIS TRA TISER E CURTI DA\u00a0 OGGI\u00a0 AL 14 OTTOBRE DALLE 7.40 ALLE 12.30 E DALLE 14 ALLE 17.30<\/h3>\n<p>&nbsp;<\/p>\n<p>&nbsp;<\/p>\n<p>&nbsp;<\/p>\n<p>&nbsp;<\/p>\n<p>&nbsp;<\/p>\n<p>&nbsp;<\/p>\n<p>&nbsp;<\/p>\n<h3>L&#8217;ALTRA NOTTE INCIDENTE MORTALE IN CADORE<\/h3>\n<blockquote><p><em>L&#8217;uomo era partito all&#8217;ospedale Giovanni Paolo II di Pieve di Cadore dove si era recato per trovare la moglie degente e stava tornando a casa\u00a0<\/em><\/p><\/blockquote>\n<p><strong><a class=\"dt-pswp-item\" href=\"http:\/\/www.radiopiu.net\/wordpress\/wp-content\/uploads\/2019\/10\/25681204-d98a-44e8-aa51-cea8e3b6f810.jpg\" data-dt-img-description=\"\" data-large_image_width=\"800\" data-large_image_height=\"600\"><img loading=\"lazy\" decoding=\"async\" class=\"wp-image-101709 alignleft\" src=\"http:\/\/www.radiopiu.net\/wordpress\/wp-content\/uploads\/2019\/10\/25681204-d98a-44e8-aa51-cea8e3b6f810-300x225.jpg\" alt=\"\" width=\"173\" height=\"130\" srcset=\"https:\/\/www.radiopiu.net\/wordpress\/wp-content\/uploads\/2019\/10\/25681204-d98a-44e8-aa51-cea8e3b6f810-300x225.jpg 300w, https:\/\/www.radiopiu.net\/wordpress\/wp-content\/uploads\/2019\/10\/25681204-d98a-44e8-aa51-cea8e3b6f810-768x576.jpg 768w, https:\/\/www.radiopiu.net\/wordpress\/wp-content\/uploads\/2019\/10\/25681204-d98a-44e8-aa51-cea8e3b6f810.jpg 800w\" sizes=\"auto, (max-width: 173px) 100vw, 173px\" \/><\/a>CALALZO DI CADORE<\/strong>\u00a0 L&#8217;altra\u00a0 notte\u00a0 lungo la 51 bis di Alemagna in via Nazionale incidente mortale. Per cause in corso di accertamento si sono scontrate due auto, una Lexus condotta da A.D.R. 64 anni residente in Comelico (illeso) e una Dacia Logan condotta\u00a0 da Giancarlo Bonaldo nato a Venezia ma residente a Domegge di 76 anni deceduto durante il trasporto in ospedale a Pieve di Cadore. Sul posto personale Suem, Vigili del fuoco e Carabinieri di Pieve di Cadore<\/p>\n<p>&nbsp;<\/p>\n<p>&nbsp;<\/p>\n<p>&nbsp;<\/p>\n<h3><\/h3>\n<h3><\/h3>\n<h3>INFORTUNIO AD ARSI\u00c8<\/h3>\n<p><strong>ARSIE&#8217;<\/strong> Ieri sera\u00a0 \u00a0il 118 ha allertato il Soccorso alpino di Feltre, per un uomo\u00a0 G.A.\u00a0 di 47 anni che, mentre stava facendo lavori in un&#8217;abitazione in localit\u00e0 Case Bernardi, \u00e8 caduto da un&#8217;altezza di\u00a0 circa sei metri mentre stava sistemando una casetta o un&#8217;altana su un albero, ha riportato un\u00a0 grave politrauma. La compagna, che era con lui, ha\u00a0 dato l&#8217;allarme. Tre soccorritori, casualmente nelle vicinanze, si sono portati sul posto dopo aver ricevuto le coordinate dalla Centrale operativa, mentre sopraggiungeva l&#8217;elicottero del Suem di Pieve di Cadore, che ha sbarcato equipe medica e tecnico di elisoccorso. Prestate le prime cure urgenti,\u00a0 \u00e8 stato imbarellato e recuperato con un verricello di 10 metri\u00a0 per essere trasportato all&#8217;ospedale di Belluno.<\/p>\n<p>&nbsp;<\/p>\n<p>&nbsp;<\/p>\n<h3>FUORI PERICOLO RENATO MOSENA<\/h3>\n<div><strong>VAL DI ZOLDO<\/strong> Confortante notizia dall&#8217;ospedale di Treviso, Renato Mosena\u00a0 l&#8217;uomo incornato dal suo caprone nel giardino di propiet\u00e0 dove gestisce un B&amp;B \u00e8 fuori pericolo. E&#8217; stato infatti trasferito all&#8217;ospedale di Belluno gi\u00e0 nel pomeriggio di ieri. L&#8217;uomo ha ripreso conoscenza.<\/div>\n<h3><\/h3>\n<p>&nbsp;<\/p>\n<h3>GUIDARE CON IL GOMITO ALTO&#8230; COSTA CARO<\/h3>\n<p><strong><a class=\"dt-pswp-item\" href=\"http:\/\/www.radiopiu.net\/wordpress\/wp-content\/uploads\/2016\/01\/ALCOOL.jpg\" data-dt-img-description=\"\" data-large_image_width=\"228\" data-large_image_height=\"221\"><img loading=\"lazy\" decoding=\"async\" class=\"wp-image-15502 alignleft\" src=\"http:\/\/www.radiopiu.net\/wordpress\/wp-content\/uploads\/2016\/01\/ALCOOL.jpg\" alt=\"\" width=\"109\" height=\"106\" \/><\/a>FALCADE<\/strong> I carabinieri di Falcade hanno denunciato M.B. 30enne di Trichiana sorpreso al volante in stato di ebbrezza. L&#8217;uomo \u00e8 stato controllato domenica attorno alle 21 lungo Passo San Pellegrino, grado alcoolico 2,62, cinque volte oltre il consentito. Patente ritirata e auto sequestrata<\/p>\n<p>&nbsp;<\/p>\n<p>&nbsp;<\/p>\n<p>&nbsp;<\/p>\n<p>&nbsp;<\/p>\n<p>&nbsp;<\/p>\n<h3>IERI MATTINA INCIDENTE A FORTOGNA<\/h3>\n<p><strong>LONGARONE<\/strong> Stamane alle\u00a0 7.15 a Fortogna lungo la\u00a0 statale 51 C.R. 49 anni residente in Svizzera,\u00a0 presumibilmente per un colpo di sonno ha perso il\u00a0 controllo della Giulietta andando a sbattere contro il muro che divide la strada dalla ferrovia . Danni solo al\u00a0 mezzo ed a un cartello stradale\u00a0 abbattuto<\/p>\n<p>&nbsp;<\/p>\n<p>&nbsp;<\/p>\n<h3>IL RITORNO DEL LUPO<\/h3>\n<p><strong>BELLUNO<\/strong> Il Lupo banchetta di nuovo a spese degli allevatori, in questo caso di Aldino Bianchet che gestisce l&#8217;azienda di Cirvoi. L&#8217;ultimo episodio nei pressi delle scuole di Badilet, il predatore ha sbranato due pecore, a dare l&#8217;allarme una maestra della scuola. Il sindaco Jacopo Massaro \u00e8 convinto servano strumenti efficaci per la difesa degli animali<\/p>\n<p>&nbsp;<\/p>\n<p>&nbsp;<\/p>\n<p><span style=\"color: #ff0000;\">LA FOTO DEL GIORNO <\/span><\/p>\n<h3><strong>DA ALLEGHE DI CLARA FRANCESCHINI<\/strong><\/h3>\n<p><a class=\"dt-pswp-item\" href=\"http:\/\/www.radiopiu.net\/wordpress\/wp-content\/uploads\/2019\/10\/72658245_1122345234618054_1010525832457748480_n.jpg\" data-dt-img-description=\"\" data-large_image_width=\"1224\" data-large_image_height=\"689\"><img loading=\"lazy\" decoding=\"async\" class=\"alignnone size-medium wp-image-101751\" src=\"http:\/\/www.radiopiu.net\/wordpress\/wp-content\/uploads\/2019\/10\/72658245_1122345234618054_1010525832457748480_n-300x169.jpg\" alt=\"\" width=\"300\" height=\"169\" srcset=\"https:\/\/www.radiopiu.net\/wordpress\/wp-content\/uploads\/2019\/10\/72658245_1122345234618054_1010525832457748480_n-300x169.jpg 300w, https:\/\/www.radiopiu.net\/wordpress\/wp-content\/uploads\/2019\/10\/72658245_1122345234618054_1010525832457748480_n-768x432.jpg 768w, https:\/\/www.radiopiu.net\/wordpress\/wp-content\/uploads\/2019\/10\/72658245_1122345234618054_1010525832457748480_n-1024x576.jpg 1024w, https:\/\/www.radiopiu.net\/wordpress\/wp-content\/uploads\/2019\/10\/72658245_1122345234618054_1010525832457748480_n.jpg 1224w\" sizes=\"auto, (max-width: 300px) 100vw, 300px\" \/><\/a><\/p>\n<h3><strong>DAL PERON NELLO BALZAN<\/strong><\/h3>\n<p><a class=\"dt-pswp-item\" href=\"http:\/\/www.radiopiu.net\/wordpress\/wp-content\/uploads\/2019\/10\/72344444_1224670841051553_2991873406644781056_n.jpg\" data-dt-img-description=\"\" data-large_image_width=\"714\" data-large_image_height=\"960\"><img loading=\"lazy\" decoding=\"async\" class=\"alignnone size-medium wp-image-101785\" src=\"http:\/\/www.radiopiu.net\/wordpress\/wp-content\/uploads\/2019\/10\/72344444_1224670841051553_2991873406644781056_n-223x300.jpg\" alt=\"\" width=\"223\" height=\"300\" srcset=\"https:\/\/www.radiopiu.net\/wordpress\/wp-content\/uploads\/2019\/10\/72344444_1224670841051553_2991873406644781056_n-223x300.jpg 223w, https:\/\/www.radiopiu.net\/wordpress\/wp-content\/uploads\/2019\/10\/72344444_1224670841051553_2991873406644781056_n.jpg 714w\" sizes=\"auto, (max-width: 223px) 100vw, 223px\" \/><\/a><\/p>\n<p>&nbsp;<\/p>\n<h2>Dalla Dolomites Street alla Dolomites stable<\/h2>\n<p>Pecore in transito al Peron. Mucca in libert\u00e0 tra la galleria di Listolade e Cencenighe, risponde al nome di Morbiacca. Capra in fuga tra Agordo e Taibon, la rossiccia con corna e campanello \u00e8 richiesta al 349 22 199 15. Ad Agordo Bries l&#8217;oca \u00e8 tornata nel pollaio&#8230;. Ma poco lontano a Taibon la volpe \u00e9 sempre puntuale a cena cos\u00ec la cugina di Gosaldo<\/p>\n<p><strong>A SANTA GIUSTINA<\/strong> dopo una settimana \u00e8 stato catturato il toro in fuga dalla stalla grazie all&#8217;intervento di Vigili del Fuoco e Carabinieri Forestali di Feltre<\/p>\n<p>&nbsp;<\/p>\n<p>&nbsp;<\/p>\n<p>&nbsp;<\/p>\n<p>&nbsp;<\/p>\n<h3>IERI lievissima scossa di terremoto a VOLTAGO alle 16.06<\/h3>\n<p><a class=\"dt-pswp-item\" href=\"http:\/\/www.radiopiu.net\/wordpress\/wp-content\/uploads\/2019\/10\/51f90dcf-2120-4dc6-a3b8-7dc723df3e3d.jpg\" data-dt-img-description=\"\" data-large_image_width=\"706\" data-large_image_height=\"618\"><img loading=\"lazy\" decoding=\"async\" class=\"alignnone size-medium wp-image-101796\" src=\"http:\/\/www.radiopiu.net\/wordpress\/wp-content\/uploads\/2019\/10\/51f90dcf-2120-4dc6-a3b8-7dc723df3e3d-300x263.jpg\" alt=\"\" width=\"300\" height=\"263\" srcset=\"https:\/\/www.radiopiu.net\/wordpress\/wp-content\/uploads\/2019\/10\/51f90dcf-2120-4dc6-a3b8-7dc723df3e3d-300x263.jpg 300w, https:\/\/www.radiopiu.net\/wordpress\/wp-content\/uploads\/2019\/10\/51f90dcf-2120-4dc6-a3b8-7dc723df3e3d.jpg 706w\" sizes=\"auto, (max-width: 300px) 100vw, 300px\" \/><\/a><a class=\"dt-pswp-item\" href=\"http:\/\/www.radiopiu.net\/wordpress\/wp-content\/uploads\/2019\/10\/27129b99-da29-4fac-b005-3a4c4697c285.jpg\" data-dt-img-description=\"\" data-large_image_width=\"899\" data-large_image_height=\"1599\"><img loading=\"lazy\" decoding=\"async\" class=\"alignnone wp-image-101799\" src=\"http:\/\/www.radiopiu.net\/wordpress\/wp-content\/uploads\/2019\/10\/27129b99-da29-4fac-b005-3a4c4697c285-169x300.jpg\" alt=\"\" width=\"148\" height=\"263\" srcset=\"https:\/\/www.radiopiu.net\/wordpress\/wp-content\/uploads\/2019\/10\/27129b99-da29-4fac-b005-3a4c4697c285-169x300.jpg 169w, https:\/\/www.radiopiu.net\/wordpress\/wp-content\/uploads\/2019\/10\/27129b99-da29-4fac-b005-3a4c4697c285-768x1366.jpg 768w, https:\/\/www.radiopiu.net\/wordpress\/wp-content\/uploads\/2019\/10\/27129b99-da29-4fac-b005-3a4c4697c285-576x1024.jpg 576w, https:\/\/www.radiopiu.net\/wordpress\/wp-content\/uploads\/2019\/10\/27129b99-da29-4fac-b005-3a4c4697c285.jpg 899w\" sizes=\"auto, (max-width: 148px) 100vw, 148px\" \/><\/a><\/p>\n<p>&nbsp;<\/p>\n<p>&nbsp;<\/p>\n<p>&nbsp;<\/p>\n<h2>COMPLIMENTI VISIT\u00a0 MARMOLADA!<\/h2>\n<p><strong>RIMINI<\/strong> L\u2019<strong>Alto Adige<\/strong>\u00a0\u00e8 la Regione con\u00a0<em>la migliore reputazione online<\/em>, la\u00a0<strong>Basilicata<\/strong>\u00a0la Regione\u00a0<em>pi\u00f9 amata dai turisti stranieri<\/em>, il\u00a0<strong>Veneto<\/strong>\u00a0la\u00a0<em>pi\u00f9 recensita<\/em>, l\u2019\u00a0<strong>Umbria<\/strong>\u00a0la\u00a0<em>pi\u00f9 accogliente<\/em>, il\u00a0<strong>Piemonte<\/strong>\u00a0quella con la\u00a0<em>migliore connettivit\u00e0<\/em>\u00a0e la <strong>Calabria<\/strong> quella con la\u00a0<em>migliore fidelizzazione<\/em>. Sono questi gli Oscar assegnati alle 6 Regioni italiane durante la 6\u00b0 edizione degli \u201c<strong>Hospitality Social Awards<\/strong>\u201c, i premi italiani per le\u00a0<strong>eccellenze del Social Media Marketing<\/strong> nel turismo in Italia.\u00a0 Alla premiazione di Rimini anche l&#8217;Agordino con le eccellenze del social media marketing nel turismo e nell\u2019ospitalit\u00e0. <strong>Visit Marmolada 2 posto.\u00a0<\/strong> Nel video di Amina\u00a0 De Biasio la cerimonia di premiazione dalla pagina della pagina Hospitality Day<\/p>\n<div style=\"width: 480px;\" class=\"wp-video\"><video class=\"wp-video-shortcode\" id=\"video-101726-1\" width=\"480\" height=\"848\" preload=\"metadata\" controls=\"controls\"><source type=\"video\/mp4\" src=\"http:\/\/www.radiopiu.net\/wordpress\/wp-content\/uploads\/2019\/10\/WhatsApp-Video-2019-10-08-at-22.17.48.mp4?_=1\" \/><a href=\"http:\/\/www.radiopiu.net\/wordpress\/wp-content\/uploads\/2019\/10\/WhatsApp-Video-2019-10-08-at-22.17.48.mp4\">http:\/\/www.radiopiu.net\/wordpress\/wp-content\/uploads\/2019\/10\/WhatsApp-Video-2019-10-08-at-22.17.48.mp4<\/a><\/video><\/div>\n<p>&nbsp;<\/p>\n<p>&nbsp;<\/p>\n<p>&nbsp;<\/p>\n<p>&nbsp;<\/p>\n<h3>MERCATO DEL LAVORO IN PROVINCIA IL GIORNO DEI NUMERI<\/h3>\n<blockquote><p><em>Persi 1240 posti di lavoro nel solo primo semestre del 2019, lo scorso anno il dato si attestava a pi\u00f9 955. Soffre il commercio del turismo, reggono industria e agricoltura\u00a0 con il segno positivo<\/em><\/p><\/blockquote>\n<p><strong>BELLUNO<\/strong> Le Segreterie territoriali della Cisl Belluno Treviso e della Cgil Belluno ieri hanno proposto\u00a0 una conferenza stampa unitaria di presentazione dei dati relativi all&#8217;andamento del Mercato del lavoro in provincia di Belluno nel primo semestre del 2019 nella sede CGIL di Belluno. Sono intervenuti\u00a0 il Segretario generale aggiunto della Cisl Belluno Treviso Rudy Roffar\u00e8 e il Segretario generale della Cgil Belluno Mauro De Carli.<\/p>\n<p><span style=\"color: #000000;\"><strong><a class=\"dt-pswp-item\" href=\"http:\/\/www.radiopiu.net\/wordpress\/wp-content\/uploads\/2019\/10\/download-4.jpg\" data-dt-img-description=\"\" data-large_image_width=\"140\" data-large_image_height=\"188\"><img loading=\"lazy\" decoding=\"async\" class=\"wp-image-101755 alignleft\" src=\"http:\/\/www.radiopiu.net\/wordpress\/wp-content\/uploads\/2019\/10\/download-4.jpg\" alt=\"\" width=\"76\" height=\"102\" \/><\/a>MAURO DE CARLI<\/strong><\/span><\/p>\n<audio class=\"wp-audio-shortcode\" id=\"audio-101726-4\" preload=\"none\" style=\"width: 100%;\" controls=\"controls\"><source type=\"audio\/mpeg\" src=\"http:\/\/www.radiopiu.net\/wordpress\/wp-content\/uploads\/2019\/10\/DE-CARLI.mp3?_=4\" \/><a href=\"http:\/\/www.radiopiu.net\/wordpress\/wp-content\/uploads\/2019\/10\/DE-CARLI.mp3\">http:\/\/www.radiopiu.net\/wordpress\/wp-content\/uploads\/2019\/10\/DE-CARLI.mp3<\/a><\/audio>\n<p><span style=\"color: #000000;\"><strong><a class=\"dt-pswp-item\" href=\"http:\/\/www.radiopiu.net\/wordpress\/wp-content\/uploads\/2019\/10\/ROFFARE.jpg\" data-dt-img-description=\"\" data-large_image_width=\"225\" data-large_image_height=\"225\"><img loading=\"lazy\" decoding=\"async\" class=\"wp-image-101754 alignleft\" src=\"http:\/\/www.radiopiu.net\/wordpress\/wp-content\/uploads\/2019\/10\/ROFFARE.jpg\" alt=\"\" width=\"91\" height=\"91\" srcset=\"https:\/\/www.radiopiu.net\/wordpress\/wp-content\/uploads\/2019\/10\/ROFFARE.jpg 225w, https:\/\/www.radiopiu.net\/wordpress\/wp-content\/uploads\/2019\/10\/ROFFARE-150x150.jpg 150w\" sizes=\"auto, (max-width: 91px) 100vw, 91px\" \/><\/a><\/strong><\/span><\/p>\n<p>&nbsp;<\/p>\n<p>&nbsp;<\/p>\n<p><span style=\"color: #000000;\"><strong>RUDY ROFFARE&#8217;<\/strong><\/span><\/p>\n<audio class=\"wp-audio-shortcode\" id=\"audio-101726-5\" preload=\"none\" style=\"width: 100%;\" controls=\"controls\"><source type=\"audio\/mpeg\" src=\"http:\/\/www.radiopiu.net\/wordpress\/wp-content\/uploads\/2019\/10\/roffare-2.mp3?_=5\" \/><a href=\"http:\/\/www.radiopiu.net\/wordpress\/wp-content\/uploads\/2019\/10\/roffare-2.mp3\">http:\/\/www.radiopiu.net\/wordpress\/wp-content\/uploads\/2019\/10\/roffare-2.mp3<\/a><\/audio>\n<p>&nbsp;<\/p>\n<p>&nbsp;<\/p>\n<p>&nbsp;<\/p>\n<h2>PRIMA SI ASFALTA E POI SI ROMPE DI NUOVO LA STRADA<\/h2>\n<p><strong> <a class=\"dt-pswp-item\" href=\"http:\/\/www.radiopiu.net\/wordpress\/wp-content\/uploads\/2019\/08\/Asfalto-Tisoi.jpeg\" data-dt-img-description=\"Asfalto Tisoi\" data-large_image_width=\"1600\" data-large_image_height=\"1200\"><img loading=\"lazy\" decoding=\"async\" class=\"wp-image-94678 alignleft\" src=\"http:\/\/www.radiopiu.net\/wordpress\/wp-content\/uploads\/2019\/08\/Asfalto-Tisoi-300x225.jpeg\" alt=\"\" width=\"212\" height=\"159\" srcset=\"https:\/\/www.radiopiu.net\/wordpress\/wp-content\/uploads\/2019\/08\/Asfalto-Tisoi-300x225.jpeg 300w, https:\/\/www.radiopiu.net\/wordpress\/wp-content\/uploads\/2019\/08\/Asfalto-Tisoi-768x576.jpeg 768w, https:\/\/www.radiopiu.net\/wordpress\/wp-content\/uploads\/2019\/08\/Asfalto-Tisoi-1024x768.jpeg 1024w, https:\/\/www.radiopiu.net\/wordpress\/wp-content\/uploads\/2019\/08\/Asfalto-Tisoi.jpeg 1600w\" sizes=\"auto, (max-width: 212px) 100vw, 212px\" \/><\/a>DI DAMIANO TORMEN<\/strong><\/p>\n<p><strong>BELLUNO<\/strong><\/p>\n<audio class=\"wp-audio-shortcode\" id=\"audio-101726-6\" preload=\"none\" style=\"width: 100%;\" controls=\"controls\"><source type=\"audio\/mpeg\" src=\"http:\/\/www.radiopiu.net\/wordpress\/wp-content\/uploads\/2019\/10\/damiano-asfalti.mp3?_=6\" \/><a href=\"http:\/\/www.radiopiu.net\/wordpress\/wp-content\/uploads\/2019\/10\/damiano-asfalti.mp3\">http:\/\/www.radiopiu.net\/wordpress\/wp-content\/uploads\/2019\/10\/damiano-asfalti.mp3<\/a><\/audio>\n<p>&nbsp;<\/p>\n<p>&nbsp;<\/p>\n<p>&nbsp;<\/p>\n<p>&nbsp;<\/p>\n<h3>IL SECONDO BOTTO A CANCIA<\/h3>\n<p>Massimo Bortoluzzi consigliere provinciale con delega alla difesa del suolo e protezione civile<\/p>\n<audio class=\"wp-audio-shortcode\" id=\"audio-101726-7\" preload=\"none\" style=\"width: 100%;\" controls=\"controls\"><source type=\"audio\/mpeg\" src=\"http:\/\/www.radiopiu.net\/wordpress\/wp-content\/uploads\/2019\/10\/massimo2.mp3?_=7\" \/><a href=\"http:\/\/www.radiopiu.net\/wordpress\/wp-content\/uploads\/2019\/10\/massimo2.mp3\">http:\/\/www.radiopiu.net\/wordpress\/wp-content\/uploads\/2019\/10\/massimo2.mp3<\/a><\/audio>\n<p>&nbsp;<\/p>\n<p>Ecco come vengono fatti brillare i sassi, seconda esplosione dopo la prima di 15 giorni fa. Grazie a Massimo Bortoluzzi consigliere provinciale con delega alla difesa del suolo e protezione civile<\/p>\n<div style=\"width: 640px;\" class=\"wp-video\"><video class=\"wp-video-shortcode\" id=\"video-101726-2\" width=\"640\" height=\"368\" preload=\"metadata\" controls=\"controls\"><source type=\"video\/mp4\" src=\"http:\/\/www.radiopiu.net\/wordpress\/wp-content\/uploads\/2019\/10\/WhatsApp-Video-2019-10-08-at-16.43.37-1.mp4?_=2\" \/><a href=\"http:\/\/www.radiopiu.net\/wordpress\/wp-content\/uploads\/2019\/10\/WhatsApp-Video-2019-10-08-at-16.43.37-1.mp4\">http:\/\/www.radiopiu.net\/wordpress\/wp-content\/uploads\/2019\/10\/WhatsApp-Video-2019-10-08-at-16.43.37-1.mp4<\/a><\/video><\/div>\n<p>&nbsp;<\/p>\n<p>&nbsp;<\/p>\n<p>&nbsp;<\/p>\n<p><span style=\"color: #ff0000;\"><strong>IERI ALLA RADIO\u00a0<\/strong><\/span><\/p>\n<p>Oggi alle 13.05 e in replica alle 20.10 Massimo Bortoluzzi a RadioPiu&#8217; per parlare degli interventi di difesa del Suolo in Agordino e dell&#8217;importante contributo assegnato alle Unioni Montane da parte della Provincia di Belluno<\/p>\n<div id=\"fb-root\"><\/div>\n<p><script async=\"1\" defer=\"1\" crossorigin=\"anonymous\" src=\"https:\/\/connect.facebook.net\/it_IT\/sdk.js#xfbml=1&amp;version=v6.0\"><\/script><\/p>\n<div class=\"fb-video\" data-href=\"https:\/\/www.facebook.com\/mirko.mezzacasa\/videos\/10220968994161418\/\" data-width=\"1200\">\n<blockquote cite=\"https:\/\/www.facebook.com\/mirko.mezzacasa\/videos\/10220968994161418\/\" class=\"fb-xfbml-parse-ignore\"><p><a href=\"https:\/\/www.facebook.com\/mirko.mezzacasa\/videos\/10220968994161418\/\"><\/a><\/p>\n<p>Pubblicato da <a href=\"https:\/\/www.facebook.com\/mirko.mezzacasa\">Mirko Mezzacasa<\/a> su Marted\u00ec 8 ottobre 2019<\/p><\/blockquote>\n<\/div>\n<h3><\/h3>\n<p>&nbsp;<\/p>\n<h3>TAGLIO DEI PARLAMENTARI, BUSSONE (UNCEM): &#8220;POSITIVO IMPEGNO DI MOLTI DEPUTATI PER UNA LEGGE ELETTORALE CHE NON TAGLI LA RAPPRESENTANZA. LA RIDUZIONE PESA SU AREE RURALI E MONTANE&#8221;<\/h3>\n<p><a class=\"dt-pswp-item\" href=\"http:\/\/www.radiopiu.net\/wordpress\/wp-content\/uploads\/2018\/12\/argentera_ferrere-3.jpg\" data-dt-img-description=\"\" data-large_image_width=\"865\" data-large_image_height=\"330\"><img loading=\"lazy\" decoding=\"async\" class=\"alignnone wp-image-71005 \" src=\"http:\/\/www.radiopiu.net\/wordpress\/wp-content\/uploads\/2018\/12\/argentera_ferrere-3.jpg\" alt=\"\" width=\"865\" height=\"330\" srcset=\"https:\/\/www.radiopiu.net\/wordpress\/wp-content\/uploads\/2018\/12\/argentera_ferrere-3.jpg 865w, https:\/\/www.radiopiu.net\/wordpress\/wp-content\/uploads\/2018\/12\/argentera_ferrere-3-300x114.jpg 300w, https:\/\/www.radiopiu.net\/wordpress\/wp-content\/uploads\/2018\/12\/argentera_ferrere-3-768x293.jpg 768w\" sizes=\"auto, (max-width: 865px) 100vw, 865px\" \/><\/a><\/p>\n<p><span style=\"color: #ff0000;\"><strong>DI DAMIANO TORMEN<\/strong><\/span><\/p>\n<p><strong>ROMA <\/strong>Negli ultimi due mesi, Uncem ha pi\u00f9 volte ripetuto che il taglio dei Parlamentari, approvato ieri alla Camera, non deve tagliare la capacit\u00e0 democratica dei territori rurali e montani di eleggere i propri rappresentanti. Di avere cio\u00e9 nelle Istituzioni, in Parlamento, una voce certa, continuativa e non occasionale per tutte le aree del Paese, non solo quelle urbane e pi\u00f9 densamente popolate.<\/p>\n<audio class=\"wp-audio-shortcode\" id=\"audio-101726-8\" preload=\"none\" style=\"width: 100%;\" controls=\"controls\"><source type=\"audio\/mpeg\" src=\"http:\/\/www.radiopiu.net\/wordpress\/wp-content\/uploads\/2019\/10\/damiano-uncem.mp3?_=8\" \/><a href=\"http:\/\/www.radiopiu.net\/wordpress\/wp-content\/uploads\/2019\/10\/damiano-uncem.mp3\">http:\/\/www.radiopiu.net\/wordpress\/wp-content\/uploads\/2019\/10\/damiano-uncem.mp3<\/a><\/audio>\n<p>&nbsp;<\/p>\n<p>&nbsp;<\/p>\n<h3>PROTEZIONE CIVILE. APPROVATI DUE BANDI PER CONTRIBUTI AD ASSOCIAZIONI DI PROTEZIONE CIVILE E ANTINCENDIO BOSCHIVO.<\/h3>\n<p><strong><a class=\"dt-pswp-item\" href=\"http:\/\/www.radiopiu.net\/wordpress\/wp-content\/uploads\/2018\/10\/Bottacin-Gava-per-sopralluogo-in-Agordino_5-Elicotteri.jpg\" data-dt-img-description=\"\" data-large_image_width=\"768\" data-large_image_height=\"1024\"><img loading=\"lazy\" decoding=\"async\" class=\" wp-image-65265 alignleft\" src=\"http:\/\/www.radiopiu.net\/wordpress\/wp-content\/uploads\/2018\/10\/Bottacin-Gava-per-sopralluogo-in-Agordino_5-Elicotteri-225x300.jpg\" alt=\"\" width=\"174\" height=\"232\" srcset=\"https:\/\/www.radiopiu.net\/wordpress\/wp-content\/uploads\/2018\/10\/Bottacin-Gava-per-sopralluogo-in-Agordino_5-Elicotteri-225x300.jpg 225w, https:\/\/www.radiopiu.net\/wordpress\/wp-content\/uploads\/2018\/10\/Bottacin-Gava-per-sopralluogo-in-Agordino_5-Elicotteri.jpg 768w\" sizes=\"auto, (max-width: 174px) 100vw, 174px\" \/><\/a>VENEZIA<\/strong> La Giunta regionale ha approvato due bandi dedicati al potenziamento delle dotazioni delle organizzazioni di volontariato che si occupano di Protezione Civile e antincendio boschivo. Per entrambi i bandi si potranno ricevere contributi fino a 5.000 euro. Allo scopo di incentivare le forme di collaborazione fra associazioni di volontari e ottimizzare le risorse a disposizione, alle richieste formulate da raggruppamenti di organizzazioni verr\u00e0 riconosciuto un punteggio premiale, che andr\u00e0 a sommarsi agli altri criteri valutativi.<\/p>\n<blockquote><p>Le domande relative ai due bandi (i cui contenuti saranno pubblicati nei prossimi giorni sul BUR) dovranno essere presentate all\u2019indirizzo PEC\u00a0PostEmergenzeEventiCalamitosi@pec.regione.veneto.it\u00a0entro il\u00a015 novembre 2019. Per informazioni ci si pu\u00f2 rivolgere all\u2019ufficio competente contattando il numero 041.2794791.<\/p><\/blockquote>\n<p>&nbsp;<\/p>\n<p>&nbsp;<\/p>\n<p>&nbsp;<\/p>\n<p>&nbsp;<\/p>\n<p>&nbsp;<\/p>\n<p>&nbsp;<\/p>\n<h3>OCCHIALERIA NEL FELTRINO PATRIMONIO DA VALORIZZARE E VISITE AZIENDALI A QUERO PER I 18 ALLIEVI DEI DUE NUOVI CORSI<\/h3>\n<p><strong><a class=\"dt-pswp-item\" href=\"http:\/\/www.radiopiu.net\/wordpress\/wp-content\/uploads\/2019\/10\/visitadf-1.jpg\" data-dt-img-description=\"\" data-large_image_width=\"1600\" data-large_image_height=\"1200\"><img loading=\"lazy\" decoding=\"async\" class=\"size-medium wp-image-101741 alignleft\" src=\"http:\/\/www.radiopiu.net\/wordpress\/wp-content\/uploads\/2019\/10\/visitadf-1-300x225.jpg\" alt=\"\" width=\"300\" height=\"225\" srcset=\"https:\/\/www.radiopiu.net\/wordpress\/wp-content\/uploads\/2019\/10\/visitadf-1-300x225.jpg 300w, https:\/\/www.radiopiu.net\/wordpress\/wp-content\/uploads\/2019\/10\/visitadf-1-768x576.jpg 768w, https:\/\/www.radiopiu.net\/wordpress\/wp-content\/uploads\/2019\/10\/visitadf-1-1024x768.jpg 1024w, https:\/\/www.radiopiu.net\/wordpress\/wp-content\/uploads\/2019\/10\/visitadf-1.jpg 1600w\" sizes=\"auto, (max-width: 300px) 100vw, 300px\" \/><\/a>BELLUNO &#8211;<\/strong> La presidente di Sipao Lara Franzoia\u00a0 ha aperto le porte della sua azienda, la DF di Quero, agli studenti dei due corsi per l\u2019occhialeria iniziati nelle settimane scorse in Reviviscar, il primo dedicato alla formazione dei nuovi assistenti 4.0, il secondo ai futuri addetti agli acquisti. I 18 corsisti \u2013 nell\u2019ambito delle attivit\u00e0 rese possibili dal Protocollo Regione-Anfao per l\u2019occhialeria &#8211; hanno visitato anche altre realt\u00e0 del mini-distretto del Basso Feltrino come la Pinoptik. Le studentesse e gli studenti \u2013 che stanno seguendo le lezioni d\u2019aula nella prestigiosa sede di palazzo Doglioni Dalmas a Belluno \u2013 hanno potuto cos\u00ec toccare con mano le fasi produttive di un occhiale e della minuteria, ponendo attenzione sui materiali e le nuove tecnologie digitali.<a class=\"dt-pswp-item\" href=\"http:\/\/www.radiopiu.net\/wordpress\/wp-content\/uploads\/2019\/10\/visitainaziendatre-1.jpg\" data-dt-img-description=\"\" data-large_image_width=\"1600\" data-large_image_height=\"1200\"><img loading=\"lazy\" decoding=\"async\" class=\"size-medium wp-image-101742 alignright\" src=\"http:\/\/www.radiopiu.net\/wordpress\/wp-content\/uploads\/2019\/10\/visitainaziendatre-1-300x225.jpg\" alt=\"\" width=\"300\" height=\"225\" srcset=\"https:\/\/www.radiopiu.net\/wordpress\/wp-content\/uploads\/2019\/10\/visitainaziendatre-1-300x225.jpg 300w, https:\/\/www.radiopiu.net\/wordpress\/wp-content\/uploads\/2019\/10\/visitainaziendatre-1-768x576.jpg 768w, https:\/\/www.radiopiu.net\/wordpress\/wp-content\/uploads\/2019\/10\/visitainaziendatre-1-1024x768.jpg 1024w, https:\/\/www.radiopiu.net\/wordpress\/wp-content\/uploads\/2019\/10\/visitainaziendatre-1.jpg 1600w\" sizes=\"auto, (max-width: 300px) 100vw, 300px\" \/><\/a><\/p>\n<blockquote><p><em>\u00abAbbiamo voluto iniziare con delle visite aziendali nel Basso Feltrino -spiega la presidente e imprenditrice Franzoia &#8211; perch\u00e9 anche qui c\u2019\u00e8 un cuore produttivo importante dell\u2019occhialeria, un mini-distretto nel distretto che ha saputo coniugare creativit\u00e0, innovazione e capacit\u00e0 di dialogo con i grandi player mondiali. Questo significa che ci sono occasioni importanti di lavoro anche per i ragazzi del Feltrino e dell\u2019Alto Trevigiano, e, pi\u00f9 in generale, per tutte quelle persone che vogliono rimanere sul territorio, crescere e farsi un futuro\u00bb<\/em><\/p><\/blockquote>\n<p>Finita la fase d\u2019aula, gli studenti saranno ospitati nelle aziende del territorio, dal Cadore al Basso Feltrino. Per info sui corsi Reviviscar scrivere una mail a formazione@reviviscar.it o telefonando al numero 0437 951228. Reviviscar \u00e8 anche su Linkedin, Instagram e Facebook.<\/p>\n<p>&nbsp;<\/p>\n<p>&nbsp;<\/p>\n<p>&nbsp;<\/p>\n<p>&nbsp;<\/p>\n<h3>STAGIONE IMPEGNATIVA PER IL SOCCORSO ALPINO DELLA GUARDIA DI FINANZA<\/h3>\n<p align=\"JUSTIFY\"><span style=\"font-family: Arial, serif;\"><strong><a class=\"dt-pswp-item\" href=\"http:\/\/www.radiopiu.net\/wordpress\/wp-content\/uploads\/2019\/10\/IMG_0956.jpg\" data-dt-img-description=\"\" data-large_image_width=\"1280\" data-large_image_height=\"614\"><img loading=\"lazy\" decoding=\"async\" class=\"size-medium wp-image-101731 alignleft\" src=\"http:\/\/www.radiopiu.net\/wordpress\/wp-content\/uploads\/2019\/10\/IMG_0956-300x144.jpg\" alt=\"\" width=\"300\" height=\"144\" srcset=\"https:\/\/www.radiopiu.net\/wordpress\/wp-content\/uploads\/2019\/10\/IMG_0956-300x144.jpg 300w, https:\/\/www.radiopiu.net\/wordpress\/wp-content\/uploads\/2019\/10\/IMG_0956-768x368.jpg 768w, https:\/\/www.radiopiu.net\/wordpress\/wp-content\/uploads\/2019\/10\/IMG_0956-1024x491.jpg 1024w, https:\/\/www.radiopiu.net\/wordpress\/wp-content\/uploads\/2019\/10\/IMG_0956.jpg 1280w\" sizes=\"auto, (max-width: 300px) 100vw, 300px\" \/><\/a>CORTINA<\/strong> Durante la stagione estiva appena conclusa, i militari delle due Stazioni di Soccorso Alpino della Guardia di Finanza (S.A.G.F.) dipendenti dal Comando Provinciale Belluno hanno complessivamente effettuato <\/span><span style=\"font-family: Arial, serif;\"><b>n.54 interventi<\/b><\/span><span style=\"font-family: Arial, serif;\">, a fronte dei quali sono state soccorse <\/span><span style=\"font-family: Arial, serif;\"><b>n.40 persone di cui n.14 di nazionalit\u00e0 straniera<\/b><\/span><span style=\"font-family: Arial, serif;\"> (Germania, Russia, Slovenia, Spagna, Stati Uniti e Svezia) ed \u00e8 stato effettuato il <\/span><span style=\"font-family: Arial, serif;\"><b>recupero di n.7 salme<\/b><\/span><span style=\"font-family: Arial, serif;\">. <\/span><span style=\"font-family: Arial, serif;\">Di tali attivit\u00e0, la maggior frequenza \u00e8 stata registrata nelle zone a pi\u00f9 ampio richiamo turistico ed alpestre delle Dolomiti Bellunesi, consentendo il salvataggio di numerose vite umane: gli interventi si sono spesso svolti in scenari operativi oltremodo ostili, quali pareti rocciose di elevatissimo grado di difficolt\u00e0 per l\u2019arrampicata, ghiacciai e sentieri d\u2019alta quota, talvolta in condizioni metereologiche particolarmente avverse ed in orari notturni. <\/span><span style=\"font-family: Arial, serif;\">Le coraggiose azioni a beneficio degli escursionisti, spesso vittime di gravi infortuni, sono state principalmente portate a termine, rispettivamente, sui versanti del gruppo delle Tofane\/Cinque Torri dalla Stazione di Cortina d\u2019Ampezzo e nel comprensorio delle Tre Cime di Lavaredo dalla Stazione di Auronzo di Cadore, talvolta anche travalicando i confini regionali.<\/span><\/p>\n<blockquote>\n<p align=\"JUSTIFY\"><em><span style=\"font-family: Arial, serif;\">Il Soccorso Alpino della Guardia di Finanza, al pari degli altri comparti del Corpo, \u00e8 al servizio dei cittadini e testimonia la profonda solidariet\u00e0 umana dei suoi appartenenti, quotidianamente messa in campo anche a <a class=\"dt-pswp-item\" href=\"http:\/\/www.radiopiu.net\/wordpress\/wp-content\/uploads\/2019\/10\/IMG_0957.jpg\" data-dt-img-description=\"\" data-large_image_width=\"768\" data-large_image_height=\"576\"><img loading=\"lazy\" decoding=\"async\" class=\"size-medium wp-image-101730 alignleft\" src=\"http:\/\/www.radiopiu.net\/wordpress\/wp-content\/uploads\/2019\/10\/IMG_0957-300x225.jpg\" alt=\"\" width=\"300\" height=\"225\" srcset=\"https:\/\/www.radiopiu.net\/wordpress\/wp-content\/uploads\/2019\/10\/IMG_0957-300x225.jpg 300w, https:\/\/www.radiopiu.net\/wordpress\/wp-content\/uploads\/2019\/10\/IMG_0957.jpg 768w\" sizes=\"auto, (max-width: 300px) 100vw, 300px\" \/><\/a>rischio della propria incolumit\u00e0 fisica ed in condizioni ambientali particolarmente avverse.<\/span><\/em><\/p>\n<\/blockquote>\n<p align=\"JUSTIFY\"><span style=\"font-family: Arial, serif;\">Gli uomini del Soccorso Alpino della Guardia di Finanza sono militari altamente specializzati, che ottengono la qualifica di <\/span><span style=\"font-family: Arial, serif;\"><i>\u201cTecnico di Soccorso Alpino\u201d<\/i><\/span><span style=\"font-family: Arial, serif;\"> dopo il superamento di rigorose prove selettive ed un impegnativo programma formativo presso la Scuola Alpina della Guardia di Finanza di Predazzo. <\/span><span style=\"font-family: Arial, serif;\">Il particolare addestramento effettuato presso il Reparto di formazione consente loro, una volta assegnati alle Stazioni operative, di poter lavorare con professionalit\u00e0 e sicurezza in ogni scenario montano e di cooperare efficacemente con gli altri enti deputati al soccorso. <\/span><span style=\"font-family: Arial, serif;\">Numerose sono state, infatti, anche le collaborazioni con i dispositivi provinciali per la ricerca di persone disperse, soprattutto mediante l\u2019impiego delle unit\u00e0 cinofile. <\/span><span style=\"font-family: Arial, serif;\">Per assicurare la necessaria prontezza operativa, i Finanzieri del Soccorso Alpino, anche dopo il periodo di formazione, devono mantenere un costante ed elevato livello addestrativo. <\/span><span style=\"font-family: Arial, serif;\">In tale scenario operativo, infine, riveste fondamentale importanza il protocollo di intesa siglato tra il Comando Regionale Veneto della Guardia di Finanza ed il Soccorso Alpino e Speleologico Veneto (S.A.S.V.) del Corpo Nazionale Soccorso Alpino e Speleologico (C.N.S.A.S.) per il coordinamento del servizio di soccorso alpino nel territorio della Regione Veneto, con il quale entrambe le parti, nel pieno interesse della collettivit\u00e0, hanno inteso rafforzare la collaborazione nelle attivit\u00e0 operative di soccorso ed elisoccorso e nei relativi meccanismi di attivazione, anche attraverso la razionalizzazione dell\u2019impiego delle risorse umane e strumentali a disposizione, perseguendo in unit\u00e0 d\u2019intenti gli obiettivi della massima efficienza, tempestivit\u00e0 e sicurezza nelle attivit\u00e0 operative poste in essere. Nondimeno, analoga quotidiana collaborazione viene costantemente fornita dagli operatori del Servizio di Urgenza ed Emergenza Medica 118 (S.U.E.M.) della U.L.L.S.1 Dolomiti, assolvendo quotidianamente agli specifici incarichi di competenza in piena sinergia con tutti gli attori del soccorso alpino.<a class=\"dt-pswp-item\" href=\"http:\/\/www.radiopiu.net\/wordpress\/wp-content\/uploads\/2019\/10\/IMG_0959.jpg\" data-dt-img-description=\"\" data-large_image_width=\"1000\" data-large_image_height=\"562\"><img loading=\"lazy\" decoding=\"async\" class=\"size-medium wp-image-101729 alignright\" src=\"http:\/\/www.radiopiu.net\/wordpress\/wp-content\/uploads\/2019\/10\/IMG_0959-300x169.jpg\" alt=\"\" width=\"300\" height=\"169\" srcset=\"https:\/\/www.radiopiu.net\/wordpress\/wp-content\/uploads\/2019\/10\/IMG_0959-300x169.jpg 300w, https:\/\/www.radiopiu.net\/wordpress\/wp-content\/uploads\/2019\/10\/IMG_0959-768x432.jpg 768w, https:\/\/www.radiopiu.net\/wordpress\/wp-content\/uploads\/2019\/10\/IMG_0959.jpg 1000w\" sizes=\"auto, (max-width: 300px) 100vw, 300px\" \/><\/a><\/span><\/p>\n<blockquote>\n<p align=\"JUSTIFY\"><em><span style=\"font-family: Arial, serif;\">I Finanzieri del S.A.G.F., peraltro dotati di mezzi ed attrezzature all\u2019avanguardia e appoggiati dalla componente elicotteristica della Sezione Aerea della Guardia di finanza di Bolzano, assicurano anche le necessarie funzioni di <\/span><span style=\"font-family: Arial, serif;\"><b>Polizia Giudiziaria \u201cdi Montagna\u201d<\/b><\/span><span style=\"font-family: Arial, serif;\"> nei casi in cui, dalla dinamica degli incidenti, possano essere ravvisati eventuali elementi di interesse penale.<\/span><\/em><\/p>\n<\/blockquote>\n<blockquote>\n<p align=\"JUSTIFY\">\n<\/blockquote>\n<blockquote>\n<p align=\"JUSTIFY\">\n<\/blockquote>\n<h3 align=\"JUSTIFY\">IL COMPRENSIVO DI AGORDO A SCUOLA DI ROBOTICA<\/h3>\n<p><strong><a class=\"dt-pswp-item\" href=\"http:\/\/www.radiopiu.net\/wordpress\/wp-content\/uploads\/2019\/10\/21314479_1983710118534761_4587367298403635570_n.jpg\" data-dt-img-description=\"\" data-large_image_width=\"200\" data-large_image_height=\"200\"><img loading=\"lazy\" decoding=\"async\" class=\"size-full wp-image-101738 alignleft\" src=\"http:\/\/www.radiopiu.net\/wordpress\/wp-content\/uploads\/2019\/10\/21314479_1983710118534761_4587367298403635570_n.jpg\" alt=\"\" width=\"200\" height=\"200\" srcset=\"https:\/\/www.radiopiu.net\/wordpress\/wp-content\/uploads\/2019\/10\/21314479_1983710118534761_4587367298403635570_n.jpg 200w, https:\/\/www.radiopiu.net\/wordpress\/wp-content\/uploads\/2019\/10\/21314479_1983710118534761_4587367298403635570_n-150x150.jpg 150w\" sizes=\"auto, (max-width: 200px) 100vw, 200px\" \/><\/a>AGORDO<\/strong>\u00a0 Dal mese di ottobre gli studenti della scuola secondaria di primo grado dell\u2019istituto comprensivo di Agordo hanno la possibilit\u00e0 di sperimentare la propria creativit\u00e0 digitale nell\u2019ambito di un progetto finanziato dalla Regione del Veneto \u201cRobotici\u201d.\u00a0 Il Comune di Agordo, l&#8217;Azienda Speciale Consortile Agordina (ASCA), l\u2019istituto comprensivo di Agordo, l\u2019associazione agordina Dolomiti Concept LAB e la digital art school Feltrina SkyUpAcademy collaborano per questa importante iniziativa che persegue lo scopo di avvicinare i ragazzi al mondo della robotica, del coding, della stampa 3D e del videomaking, stimolando curiosit\u00e0 in tale ambito e fornendo spunti per eventuali sbocchi formativi e lavorativi futuri. Un obiettivo generale del progetto \u00e8 quello di proporre ai ragazzi attivit\u00e0 alternative, ma che siano anche divertenti ed appaganti, che stimolino competenze, passioni, attivit\u00e0 nuove, limitando comportamenti devianti o disturbanti, incanalando le potenzialit\u00e0 inespresse in attivit\u00e0 creative.<\/p>\n<p><em>Protagonisti\u00a0 i ragazzi dell\u2019istituto comprensivo che avranno l\u2019opportunit\u00e0 di conoscere sbocchi e applicazioni del mondo digitale e di rendersi a loro volta <a class=\"dt-pswp-item\" href=\"http:\/\/www.radiopiu.net\/wordpress\/wp-content\/uploads\/2019\/10\/20953787_1977393079166465_3973761839928894363_n.jpg\" data-dt-img-description=\"\" data-large_image_width=\"200\" data-large_image_height=\"200\"><img loading=\"lazy\" decoding=\"async\" class=\"size-full wp-image-101736 alignleft\" src=\"http:\/\/www.radiopiu.net\/wordpress\/wp-content\/uploads\/2019\/10\/20953787_1977393079166465_3973761839928894363_n.jpg\" alt=\"\" width=\"200\" height=\"200\" srcset=\"https:\/\/www.radiopiu.net\/wordpress\/wp-content\/uploads\/2019\/10\/20953787_1977393079166465_3973761839928894363_n.jpg 200w, https:\/\/www.radiopiu.net\/wordpress\/wp-content\/uploads\/2019\/10\/20953787_1977393079166465_3973761839928894363_n-150x150.jpg 150w\" sizes=\"auto, (max-width: 200px) 100vw, 200px\" \/><\/a>innovatori nell\u2019ambito di tali progetti collegati alla scuola.<\/em><\/p>\n<p><strong>IL PERCORSO<\/strong><\/p>\n<blockquote><p><strong>Nella prima fase gli studenti verranno avvicinati al tema del cyberbullismo per l&#8217;esigenza di tutelare i ragazzi nella gestione di internet e dei social network e renderli consapevoli dei rischi legati all\u2019uso sempre pi\u00f9 massiccio della tecnologia in ambito lavorativo, scolastico e domestico. I ragazzi si trovano spesso ed essere vittime, e talvolta artefici inconsapevoli, di fenomeni di cyberbullismo e di rischi quali l\u2019adescamento online, le truffe, il furto d&#8217;identit\u00e0, il sexting che sono tra i principali pericoli a cui vanno incontroca.\u00a0<\/strong><\/p>\n<p><strong>Nella seconda fase i ragazzi sperimenteranno disegno 3D e 3D printing e la realt\u00e0 virtuale<\/strong><\/p>\n<p><strong>Infine SkyUpAcademy affronter\u00e0 con gli studenti percorsi di crescita e sviluppo professionale nel mondo del cinema e della pubblicit\u00e0, mostrando come vengono realizzati lavori cinematografici e pubblicitari<\/strong><\/p><\/blockquote>\n<p>&nbsp;<\/p>\n<p>&nbsp;<\/p>\n<p><span style=\"color: #ff0000;\">L&#8217;OPINIONE<\/span><\/p>\n<p><em><strong>La burocrazia del \u201cTerzo millennio\u201d<\/strong><\/em><\/p>\n<p>da Falcade, Susanna Dan<\/p>\n<blockquote><p><a class=\"dt-pswp-item\" href=\"http:\/\/www.radiopiu.net\/wordpress\/wp-content\/uploads\/2019\/10\/download-6.jpg\" data-dt-img-description=\"\" data-large_image_width=\"284\" data-large_image_height=\"177\"><img loading=\"lazy\" decoding=\"async\" class=\" wp-image-101789 alignleft\" src=\"http:\/\/www.radiopiu.net\/wordpress\/wp-content\/uploads\/2019\/10\/download-6.jpg\" alt=\"\" width=\"221\" height=\"138\" \/><\/a>In un mondo che si muove sempre pi\u00f9 veloce e tecnologico, con ritmi ai quali bisogna adeguarsi e di fronte a cambiamenti che \u00e8 necessario saper interpretare rapidamente per non restare indietro, c\u2019\u00e8 qualcosa che non cambia mai: la burocrazia. L\u2019invasiva, pervasiva, onnipresente, borbonica burocrazia che da sempre rappresenta la vera \u201cforza\u201d del nostro paese. Si avvicendano governi di ogni colore, sfumatura o combinazione di colori, si avvicendano ministri che invariabilmente si impegnano a portarla al passo coi tempi, ma la burocrazia resta sempre la stessa. Un\u2019entit\u00e0 impersonale e indefinibile, che non risponde di niente e a nessuno eppure domina ogni aspetto della nostra vita. Potrei citare infiniti esempi. Cito solo il pi\u00f9 recente. Per avere la Patente internazionale, che non prevede n\u00e9 esami n\u00e9 visita medica ma \u00e8 solo una trascrizione di quella italiana, fino a qualche settimana fa bastava recarsi allo sportello della Motorizzazione Civile, presentare i documenti previsti e tornare dopo 15 gg. per ritirarla. Semplice e veloce. A qualcuno tanta efficienza dev\u2019essere sembrata esagerata. Con un Ordine di servizio del 2016 (che viene per\u00f2 applicato da giugno 2019\u2026), adesso funziona in questo modo. Ci si deve recare &#8211; personalmente &#8211; allo sportello della Motorizzazione, non per presentare i documenti ma per fissare un appuntamento per tornare e presentarli! Il giorno e l\u2019ora li fissa la Motorizzazione. Non si discute. I tempi? Richiesto a met\u00e0 settembre l\u2019appuntamento \u00e8 stato fissato a met\u00e0 gennaio! 4 mesi! Se devi annullarlo, sei pregato di comunicarlo via mail. Stranamente, infatti, l\u2019appuntamento non si pu\u00f2 prendere via mail, ma via mail lo si pu\u00f2 annullare\u2026 Se chiedi lumi, la risposta \u00e8: \u201cE\u2019 cos\u00ec. Io non posso farci niente.\u201d Giusto. Questa \u00e8 l\u2019essenza della burocrazia. Ottenuto l\u2019agognato appuntamento dovrai recarti di nuovo \u2013 personalmente \u2013 allo sportello, presentare finalmente i documenti, richiedere la patente e predisporti ad una fiduciosa attesa, per tornare \u2013 sempre personalmente \u2013 a ritirarla. I tempi? E chi lo sa? Ma una soluzione c\u2019\u00e8. Te la suggerisce l\u2019impiegata stessa della Motorizzazione: rivolgersi, pagando, ad un\u2019agenzia\u2026<\/p><\/blockquote>\n<p>&nbsp;<\/p>\n<p>&nbsp;<\/p>\n<p>&nbsp;<\/p>\n<p>&nbsp;<\/p>\n<h3>IL PROGETTO PER IL PRONTO SOCCORSO DI AGORDO<\/h3>\n<p><strong><a class=\"dt-pswp-item\" href=\"http:\/\/www.radiopiu.net\/wordpress\/wp-content\/uploads\/2019\/01\/SISTO.jpg\" data-dt-img-description=\"\" data-large_image_width=\"620\" data-large_image_height=\"340\"><img loading=\"lazy\" decoding=\"async\" class=\"wp-image-73465 alignleft\" src=\"http:\/\/www.radiopiu.net\/wordpress\/wp-content\/uploads\/2019\/01\/SISTO-300x165.jpg\" alt=\"\" width=\"200\" height=\"110\" srcset=\"https:\/\/www.radiopiu.net\/wordpress\/wp-content\/uploads\/2019\/01\/SISTO-300x165.jpg 300w, https:\/\/www.radiopiu.net\/wordpress\/wp-content\/uploads\/2019\/01\/SISTO.jpg 620w\" sizes=\"auto, (max-width: 200px) 100vw, 200px\" \/><\/a>AGORDO<\/strong> Sisto Da Roit, gi\u00e0 sindaco di Agordo commenta le ultime positive novit\u00e0 della settimana, ovvero l&#8217;approvazione del progetto pronto ad essere esaminato in conferenza dei servizi<br \/>\n<strong>di GIANNI SANTOMASO<\/strong><\/p>\n<audio class=\"wp-audio-shortcode\" id=\"audio-101726-9\" preload=\"none\" style=\"width: 100%;\" controls=\"controls\"><source type=\"audio\/mpeg\" src=\"http:\/\/www.radiopiu.net\/wordpress\/wp-content\/uploads\/2019\/10\/gianni-sisto.mp3?_=9\" \/><a href=\"http:\/\/www.radiopiu.net\/wordpress\/wp-content\/uploads\/2019\/10\/gianni-sisto.mp3\">http:\/\/www.radiopiu.net\/wordpress\/wp-content\/uploads\/2019\/10\/gianni-sisto.mp3<\/a><\/audio>\n<p>&nbsp;<\/p>\n<p>&nbsp;<\/p>\n<p>&nbsp;<\/p>\n<h3>LAVORI ALL&#8217;ASILO DI SOPRACRODA<\/h3>\n<blockquote><p><em>Ampliato il giardino e struttura pi\u00f9 sicura<\/em><\/p><\/blockquote>\n<p><strong>BELLUNO<\/strong> Sono in corso in questi giorni alcuni lavori di miglioramento e di messa in sicurezza all&#8217;asilo di Sopracroda. <em>\u00abI lavori di ripristino del giardino, in seguito al passaggio della tempesta Vaia, sono possibili grazie all&#8217;arrivo di un contributo del Ministero dell&#8217;istruzione, dell&#8217;universit\u00e0 e della ricerca di 35mila euro\u00bb, spiega l&#8217;assessore ai lavori pubblici, Biagio Giannone. <\/em>Si \u00e8 reso necessario l&#8217;abbattimento di una pianta pericolante e il rifacimento di parte del muro perimetrale per uno \u201cspanciamento\u201d (un cedimento strutturale), rimuovendo la ceppaia e demolendo un muretto interno, il terreno \u00e8 stato livellato ampliando lo spazio del giardino a disposizione dei pi\u00f9 piccoli. In occasione di questi lavori intervento anche sulla struttura dell&#8217;asilo con il rifacimento delle gronde e\u00a0 la sistemazione del tetto, danni sempre legati al passaggio della tempesta dello scorso ottobre.<\/p>\n<p>&nbsp;<\/p>\n\n\t\t\t<style type='text\/css'>\n\t\t\t\t#gallery-1 {\n\t\t\t\t\tmargin: auto;\n\t\t\t\t}\n\t\t\t\t#gallery-1 .gallery-item {\n\t\t\t\t\tfloat: left;\n\t\t\t\t\tmargin-top: 10px;\n\t\t\t\t\ttext-align: center;\n\t\t\t\t\twidth: 33%;\n\t\t\t\t}\n\t\t\t\t#gallery-1 img {\n\t\t\t\t\tborder: 2px solid #cfcfcf;\n\t\t\t\t}\n\t\t\t\t#gallery-1 .gallery-caption {\n\t\t\t\t\tmargin-left: 0;\n\t\t\t\t}\n\t\t\t\t\/* see gallery_shortcode() in wp-includes\/media.php *\/\n\t\t\t<\/style>\n\t\t<div id='gallery-1' class='dt-gallery-container gallery galleryid-101726 gallery-columns-3 gallery-size-thumbnail'><dl class='gallery-item'>\n\t\t\t\t<dt class='gallery-icon portrait'>\n\t\t\t\t\t<a class=\"rollover\" href='https:\/\/www.radiopiu.net\/wordpress\/giornale-radiopiu-09-ottobre-2019-direttore-mirko-mezzacasa\/lavori-asilo-sopracroda-1\/'><img loading=\"lazy\" decoding=\"async\" width=\"150\" height=\"150\" src=\"https:\/\/www.radiopiu.net\/wordpress\/wp-content\/uploads\/2019\/10\/Lavori-asilo-Sopracroda-1-150x150.jpeg\" class=\"attachment-thumbnail size-thumbnail\" alt=\"\" \/><\/a>\n\t\t\t\t<\/dt><\/dl><dl class='gallery-item'>\n\t\t\t\t<dt class='gallery-icon portrait'>\n\t\t\t\t\t<a class=\"rollover\" href='https:\/\/www.radiopiu.net\/wordpress\/giornale-radiopiu-09-ottobre-2019-direttore-mirko-mezzacasa\/lavori-asilo-sopracroda-3\/'><img loading=\"lazy\" decoding=\"async\" width=\"150\" height=\"150\" src=\"https:\/\/www.radiopiu.net\/wordpress\/wp-content\/uploads\/2019\/10\/Lavori-asilo-Sopracroda-3-150x150.jpeg\" class=\"attachment-thumbnail size-thumbnail\" alt=\"\" \/><\/a>\n\t\t\t\t<\/dt><\/dl><dl class='gallery-item'>\n\t\t\t\t<dt class='gallery-icon landscape'>\n\t\t\t\t\t<a class=\"rollover\" href='https:\/\/www.radiopiu.net\/wordpress\/giornale-radiopiu-09-ottobre-2019-direttore-mirko-mezzacasa\/lavori-asilo-sopracroda-4\/'><img loading=\"lazy\" decoding=\"async\" width=\"150\" height=\"150\" src=\"https:\/\/www.radiopiu.net\/wordpress\/wp-content\/uploads\/2019\/10\/Lavori-asilo-Sopracroda-4-150x150.jpeg\" class=\"attachment-thumbnail size-thumbnail\" alt=\"\" \/><\/a>\n\t\t\t\t<\/dt><\/dl><br style=\"clear: both\" \/><dl class='gallery-item'>\n\t\t\t\t<dt class='gallery-icon portrait'>\n\t\t\t\t\t<a class=\"rollover\" href='https:\/\/www.radiopiu.net\/wordpress\/giornale-radiopiu-09-ottobre-2019-direttore-mirko-mezzacasa\/lavori-asilo-sopracroda-5\/'><img loading=\"lazy\" decoding=\"async\" width=\"150\" height=\"150\" src=\"https:\/\/www.radiopiu.net\/wordpress\/wp-content\/uploads\/2019\/10\/Lavori-asilo-Sopracroda-5-150x150.jpeg\" class=\"attachment-thumbnail size-thumbnail\" alt=\"\" \/><\/a>\n\t\t\t\t<\/dt><\/dl><dl class='gallery-item'>\n\t\t\t\t<dt class='gallery-icon landscape'>\n\t\t\t\t\t<a class=\"rollover\" href='https:\/\/www.radiopiu.net\/wordpress\/giornale-radiopiu-09-ottobre-2019-direttore-mirko-mezzacasa\/lavori-asilo-sopracroda-2\/'><img loading=\"lazy\" decoding=\"async\" width=\"150\" height=\"150\" src=\"https:\/\/www.radiopiu.net\/wordpress\/wp-content\/uploads\/2019\/10\/Lavori-asilo-Sopracroda-2-150x150.jpeg\" class=\"attachment-thumbnail size-thumbnail\" alt=\"\" \/><\/a>\n\t\t\t\t<\/dt><\/dl>\n\t\t\t\t<br style='clear: both' \/>\n\t\t\t<\/div>\n\n<p>&nbsp;<\/p>\n<p>&nbsp;<\/p>\n<h2>L&#8217;INGRESSO DEI NUOVI PARROCI<\/h2>\n<p><em>Don Cesare Larese e Francesco SIlvestri si preparano a guidare le parrocchie di Agordo, La Valle e Taibon. Il benvenuto alla presenza del vescovo Renato Marangoni\u00a0<\/em><\/p>\n<blockquote><p><em><strong>Venerd\u00ec 11 Ottobre alle ore 20.30 presso la Chiesa Arcidiaconale di Agordo ci sar\u00e0 una celebrazione comunitaria presieduta dal Vescovo Monsignor Renato Marangoni per l\u2019immissione dei due nuovi sacerdoti Don Cesare Larese Don Francesco Silvestri che condivederanno le parrocchie di Agordo \u2013 Taibon e La Valle Sabato 12 Ottobre alle ore 18.30 nella Chiesa Parrocchiale di Taibon prima messa dei due Sacerdoti , siete tutti invitati a partecipare.<\/strong><\/em><\/p><\/blockquote>\n<p><strong> <a class=\"dt-pswp-item\" href=\"http:\/\/www.radiopiu.net\/wordpress\/wp-content\/uploads\/2019\/10\/image11.jpeg\" data-dt-img-description=\"\" data-large_image_width=\"1600\" data-large_image_height=\"901\"><img loading=\"lazy\" decoding=\"async\" class=\"size-medium wp-image-101421 alignleft\" src=\"http:\/\/www.radiopiu.net\/wordpress\/wp-content\/uploads\/2019\/10\/image11-300x169.jpeg\" alt=\"\" width=\"300\" height=\"169\" srcset=\"https:\/\/www.radiopiu.net\/wordpress\/wp-content\/uploads\/2019\/10\/image11-300x169.jpeg 300w, https:\/\/www.radiopiu.net\/wordpress\/wp-content\/uploads\/2019\/10\/image11-768x432.jpeg 768w, https:\/\/www.radiopiu.net\/wordpress\/wp-content\/uploads\/2019\/10\/image11-1024x577.jpeg 1024w, https:\/\/www.radiopiu.net\/wordpress\/wp-content\/uploads\/2019\/10\/image11.jpeg 1600w\" sizes=\"auto, (max-width: 300px) 100vw, 300px\" \/><\/a>Breve Storia Della PARROCCHIA DI TAIBON<\/strong> Voi saprete che dovremo condividere il parroco con Agordo e La Valle e allora ci chiediamo se siamo ritornati indietro di 150 anno quando a San Cipriano veniva un Mansionario o un Curato dalla Parrocchia di Agordo per celebrare la Messa , stipendiato dalla popolazione di Taibon , oppure possiamo pensare che la Chiesa \u00e8 talmente avanti che intende fare l\u2019accorpamento delle parrocchie prima della fusione\u00a0dei Comuni. In realt\u00e0 il problema sta nella carenza di sacerdoti e quindi ci dovremo adattare .\u00a0La parrocchia di Taibon ebbe una costituzione assai travagliata iniziando la trafila nel 1822 senza risultato . Dopo l\u2019unificazione dell\u2019Italia e la nascita dei Comuni , finalmente nel 1869 veniva autorizzata la nuova Parrocchia con un Regio Decreto firmato a Firenze il 31 ottobre del 1869. Il Consiglio comunale di Taibon nonostante le ripulse dell\u2019Arcidiacono di Agordo per la perdita delle \u201cDecime\u201d ( Tasse) costituiva l\u2019Atto formale di fondazione della nuova Parrocchia. La vertenza fu conclusa definitivamente il 22 Settembre 1876 quando l\u2019Arcidiacono di Agordo ed il Capitolo della Cattedrale (Vescovo) resero pubblico e legittimo il decreto di istituzione della Parrocchia di Taibon . Al Comune venne per\u00f2 imposto di pagare un canone annuo perpetuo all\u2019Arcidiacono di Agordo in compenso della perdita delle \u201cDecime\u201d ( tasse dette cos\u00ec perch\u00e9 provenivano dalla decima parte dei raccolti agricoli). Al Consiglio Comunale di Taibon fu concesso il diritto di patronato sulla nomina dei parroci, (vigente anche al giorno d\u2019oggi) i quali hanno l\u2019obbligo di assistere personalmente , ogni anno, alla Messa solenne che si celebra nella chiesa di Agordo il giorno dei Santi Apostoli Pietro e Paolo e della nativit\u00e0 di Maria Santissima.<\/p>\n<p><strong>I PARROCI DI\u00a0 TAIBON :<\/strong> Don Alessandro De Menech dal 1876 al 1886;\u00a0 Don Giovanni Battista De Lotto 1886 \u2013 1936;\u00a0Don Giuseppe De Cassan 1937- 1947;\u00a0 Don Gino Del Favero 1948 \u2013 1972;\u00a0 Don Sergio De Martin 1973- 1992;\u00a0 Don Mario Zanon 1993- 2019;\u00a0 Don Cesare Larese- Don Francesco Silvestri 2020<\/p>\n<p>&nbsp;<\/p>\n<p>&nbsp;<\/p>\n<p>&nbsp;<\/p>\n<h3>FAI, LE GIORNATE D&#8217;AUTUNNO 2019<\/h3>\n<p><em>Le antiche chiese di Vigo di Cadore: un tuffo nella storia, nell&#8217;arte, nella fede, nella natura<\/em><\/p>\n<p><strong><a class=\"dt-pswp-item\" href=\"http:\/\/www.radiopiu.net\/wordpress\/wp-content\/uploads\/2016\/12\/Start-Art-Belluno-visita-Fai-seminario.jpg\" data-dt-img-description=\"\" data-large_image_width=\"1000\" data-large_image_height=\"667\"><img loading=\"lazy\" decoding=\"async\" class=\" wp-image-25955 alignleft\" src=\"http:\/\/www.radiopiu.net\/wordpress\/wp-content\/uploads\/2016\/12\/Start-Art-Belluno-visita-Fai-seminario-300x200.jpg\" alt=\"\" width=\"275\" height=\"183\" \/><\/a>BELLUNO<\/strong> Sabato e domenica tornano le \u201cGiornate Fai d\u2019autunno\u201d. In tutta Italia saranno aperti 700 siti che il pubblico potr\u00e0 scoprire grazie ai gruppi giovani del Fai. Nel Bellunese si tratta della quinta edizione\u00a0 e come negli altri eventi, anche queste giornate saranno occasione di raccolta fondi per i restauri che il Fai sta portando avanti: all\u2019accesso di ogni bene sar\u00e0 richiesto un contributo volontario, preferibilmente da 3 a 5 euro, a sostegno dell\u2019attivit\u00e0 della Fondazione. L\u2019edizione 2019 porter\u00e0 i visitatori tra le montagne del Cadore, patria di Tiziano, crocevia tra il mondo tedesco a nord, la Carnia a est e l\u2019ambiente veneziano a sud: si svolgeranno a Vigo, uno dei borghi pi\u00f9 suggestivi della vallata, definito \u201ccuore intellettuale del Cadore\u201d per la presenza della Biblioteca storica cadorina e di antichi edifici religiosi. L\u2019itinerario comprende la visita a tre piccoli luoghi di culto di grande rilevanza storica e artistica: le chiese di Sant\u2019Orsola, di Santa Margherita e della Difesa. L\u2019accesso avverr\u00e0 in piccoli gruppi, con visita guidata ogni 30 minuti. La formazione dei gruppi sar\u00e0 fatta al banco, solo per lo stesso giorno, fino ad esaurimento dei posti disponibili. Le visite guidate sono a cura dei volontari Fai Giovani e degli studenti dell\u2019IIS \u201cE. Fermi\u201d di Pieve di Cadore (FOTO archivio, Start-Art-Belluno-visita-Fai-seminario).<\/p>\n<p>&nbsp;<\/p>\n<p>&nbsp;<\/p>\n<p>&nbsp;<\/p>\n<h3 align=\"JUSTIFY\">INSIEME PER VINCERE\u00a0 LA FIBROSI CISTICA<\/h3>\n<p><strong><a class=\"dt-pswp-item\" href=\"http:\/\/www.radiopiu.net\/wordpress\/wp-content\/uploads\/2015\/06\/fibrosi-cistica-logo.jpg\" data-dt-img-description=\"\" data-large_image_width=\"300\" data-large_image_height=\"235\"><img loading=\"lazy\" decoding=\"async\" class=\" wp-image-5998 alignleft\" src=\"http:\/\/www.radiopiu.net\/wordpress\/wp-content\/uploads\/2015\/06\/fibrosi-cistica-logo-300x235.jpg\" alt=\"\" width=\"197\" height=\"154\" \/><\/a>BELLUNO<\/strong> Continua la raccolta fondi per il sostegno e la partecipazione della delegazione di Belluno ad un progetto importante da 180 mila euro per l&#8217;Istituto San Raffaele di Milano. L&#8217;obiettivo bellunese \u00e8 di partecipare con una somma di 40 mila euro. I volontari stanno annaffiando le piante di ciclamino che saranno messe in vendita nel fine settimana al costo di 10 euro, in alternativa per chi lo vorr\u00e0 ci sar\u00e0 la pianta di erica.<\/p>\n<blockquote><p><strong>SABATO 12 OTTOBRE\u00a0<\/strong> Gli alpini saranno presente sul Broi di Agordo alla Fiera del Bestiam<\/p>\n<p><strong>SABATO 19 OTTOBRE<\/strong>\u00a0 In Piazza Pian Dell Feste a Castion (alpini) e in Piazza Papa Luciani a Puos d&#8217;Alpago (volontari)<\/p>\n<p><strong>SABATO 26 OTTOBRE<\/strong> Con gli alpini a Caviola e Falcade\u00a0 (cooperativa); Rocca Pietore e San Tomaso da Maria Teresa Fontanelle.<\/p><\/blockquote>\n<p align=\"JUSTIFY\"><em>Promuovendo la conoscenza della Fibrosi Cistica si sostengono e si affrontano soprattutto le complesse esigenze e le problematiche delle persone colpite dalla<\/em><br \/>\n<em>malattia e del loro gruppo famigliare o parentale in genere. Il malato vive in un contesto sociale che deve crescere, non solo per qualit\u00e0 nell&#8217;assistenza ma pure per la capacit\u00e0 di relazioni umane che migliorino la comprensione e dunque la sensibilit\u00e0 verso questa difficile realt\u00e0. (MM)<\/em><\/p>\n<blockquote>\n<p align=\"JUSTIFY\">\n<\/blockquote>\n<blockquote>\n<p align=\"JUSTIFY\">\n<\/blockquote>\n<h3>GIORNATA NAZIONALE DELLE PERSONE CON SINDROME DI DOWN<\/h3>\n<p><strong><a class=\"dt-pswp-item\" href=\"http:\/\/www.radiopiu.net\/wordpress\/wp-content\/uploads\/2019\/10\/MANIFESTO-G.Nazionale-2019.jpg\" data-dt-img-description=\"\" data-large_image_width=\"591\" data-large_image_height=\"827\"><img loading=\"lazy\" decoding=\"async\" class=\"size-medium wp-image-101734 alignleft\" src=\"http:\/\/www.radiopiu.net\/wordpress\/wp-content\/uploads\/2019\/10\/MANIFESTO-G.Nazionale-2019-214x300.jpg\" alt=\"\" width=\"214\" height=\"300\" srcset=\"https:\/\/www.radiopiu.net\/wordpress\/wp-content\/uploads\/2019\/10\/MANIFESTO-G.Nazionale-2019-214x300.jpg 214w, https:\/\/www.radiopiu.net\/wordpress\/wp-content\/uploads\/2019\/10\/MANIFESTO-G.Nazionale-2019.jpg 591w\" sizes=\"auto, (max-width: 214px) 100vw, 214px\" \/><\/a>FELTRE \u00a0<\/strong>Da molti anni la seconda domenica di ottobre \u00e8 stata scelta dalle Associazioni che sono sorte a tutela dei diritti e della promozione sociale delle persone con sindrome di Down come ricorrenza per la Giornata Nazionale dedicata a queste persone. Anche l\u2019AIPD (Associazione Italiana Persone Down) della provincia di Belluno partecipa tradizionalmente all\u2019evento: si organizzano, in molti centri della provincia, \u201cgazebo\u201d, informativi e di raccolta fondi, grazie all\u2019impegno di molti Soci e di Volontari di altre associazioni (ANA in particolare) Inoltre, a partire dal 2004, l\u2019AIPD ha stretto una sorta di gemellaggio con il \u201cClub Amici della Topolino\u201d di Belluno, uno tra i pi\u00f9 antichi tra i club italiani, col quale si organizza, per l\u2019occasione, un giro a tappe in alcuni dei paesi della provincia, definito \u201cArriviamo col nostro passo\u201d. Topolino e Giardinette avranno, ciascuna, come navigatore, un giovane con sindrome di Down. Il corteo di una ventina d\u2019auto storiche partir\u00e0 da Feltre, Largo Castaldi, alle 9:30 per raggiungere la piazza di Arsi\u00e8, dove ci sar\u00e0 il banchetto dell\u2019AIPD, allestito in collaborazione con la Pro Loco, pronto ad accogliere tutti, viaggiatori e cittadini. La tappa finale sar\u00e0 la piazza di Lamon, dove verranno anche eseguiti, dai vari equipaggi, giochi di abilit\u00e0, a terra o a bordo delle auto. Pranzo finale al Ristorante di Ponte Serra.<\/p>\n<blockquote><p><em> I centri in cui sono allestiti i gazebo dell\u2019AIPD Belluno sono i seguenti: sabato 12 : Agordo, Mel, (per \u201cMele a Mel\u201d) Belluno-atrio superW. Domenica 13: Fonzaso (tutto il giorno) Mel, Feltre, ( largo Castaldi ), Lentiai e Lamon al mattino, come anche, al mattino, a Alleghe, Belluno, piazza Martiri, Limana,(sagrato della chiesa). Sabato 19 ottobre: Pieve di Cadore, piazza Tiziano e domenica 20 a Pedavena, parco Birreria per la Festa della Castagna.<\/em><\/p><\/blockquote>\n<p>&nbsp;<\/p>\n<p>&nbsp;<\/p>\n<p>&nbsp;<\/p>\n<p>&nbsp;<\/p>\n<div><strong>PRONTI, VIA, SI BALLA!<\/strong><\/div>\n<div><\/div>\n<div><strong><a class=\"dt-pswp-item\" href=\"http:\/\/www.radiopiu.net\/wordpress\/wp-content\/uploads\/2019\/10\/DiBallonBallo.jpeg\" data-dt-img-description=\"\" data-large_image_width=\"3264\" data-large_image_height=\"2448\"><img loading=\"lazy\" decoding=\"async\" class=\" wp-image-101733 alignleft\" src=\"http:\/\/www.radiopiu.net\/wordpress\/wp-content\/uploads\/2019\/10\/DiBallonBallo-300x225.jpeg\" alt=\"\" width=\"231\" height=\"173\" srcset=\"https:\/\/www.radiopiu.net\/wordpress\/wp-content\/uploads\/2019\/10\/DiBallonBallo-300x225.jpeg 300w, https:\/\/www.radiopiu.net\/wordpress\/wp-content\/uploads\/2019\/10\/DiBallonBallo-768x576.jpeg 768w, https:\/\/www.radiopiu.net\/wordpress\/wp-content\/uploads\/2019\/10\/DiBallonBallo-1024x768.jpeg 1024w\" sizes=\"auto, (max-width: 231px) 100vw, 231px\" \/><\/a>VOLTAGO<\/strong> \u00c8 tutto pronto per \u201cDi ballo in ballo\u201d, lo stage di balli tradizionali \u2013 organizzato dai Ladin de Oltach per domenica 13 ottobre (14.30-18.30) \u2013 ormai giunto alla terza edizione. Anche in questa occasione le iscrizioni hanno chiuso in anticipo visto il raggiungimento del tetto massimo di partecipanti. Il corso si propone di recuperare una dimensione pi\u00f9 libera e originaria del ballo per dare la possibilit\u00e0 alle persone di esprimersi e di interagire in modo pi\u00f9 creativo e divertente. La seconda parte del pomeriggio sar\u00e0 dedicata invece alla festa da ballo in cui verranno insegnati ed eseguiti balli di gruppo. Lo stage si svolger\u00e0 nella sala \u201cGianni De Col\u201d di Voltago Agordino (a 200 metri dalla chiesa parrocchiale in direzione Rivamonte) sotto la guida di Attilio Baccarin, ricercatore e ottimo conoscitore dei balli tradizionali italiani.<\/div>\n<p>&nbsp;<\/p>\n<p>&nbsp;<\/p>\n<p>&nbsp;<\/p>\n<h3>IL SUGGERIMENTO DALL&#8217;AGORDINO IN PROSSIMITA&#8217; DI SAN MARTINO<\/h3>\n<p><strong>ALLEGHE<\/strong> Chi ci scrive \u00e8 la stimata dottoressa Alida Paiola per anni medico di base ad Alleghe, da pochi anni in pensione tra gli affetti famigliari. Ci ha espresso la sua riconoscenza verso il Prefetto di Belluno,\u00a0 che \u00e8 poi quella riconoscenza di molte persone soprattutto dell&#8217;Agordino,\u00a0 la zona pi\u00f9 colpita dall&#8217;uragano Vaia lo scorso anno. &#8220;Al dottor Francesco Esposito &#8211; dice scrive la dottoressa &#8211; dobbiamo un grande grazie e non solo. Lo scorso anno non ha esitato nel mettersi in gioco lanciando un allarme per tempo, chiudendo strade, scuole, uffici, invitando a rimanere tra le mura di casa. Sono convinta che grazie al suo senso del dovere, \u00a0al suo spirito di coraggio decisionale, molte persone sono ancora tra di noi. Per questo mi permetto di suggerire di andare oltre le parole di circostanza, serve un riconoscimento importante e indelebile come la consegna del premio San Martino in occasione della prossima festivit\u00e0 patronale a Belluno&#8221;. (foto Telebelluno.it)<\/p>\n<p>&nbsp;<\/p>\n<p>&nbsp;<\/p>\n<p>&nbsp;<\/p>\n<h3>UN GIORNO INSIEME, UN GIORNO DI FESTA PER GLI ANZIANI DI SEDICO<\/h3>\n<p><strong><img loading=\"lazy\" decoding=\"async\" class=\" wp-image-81947 alignleft\" src=\"http:\/\/www.radiopiu.net\/wordpress\/wp-content\/uploads\/2019\/04\/download.jpg\" alt=\"\" width=\"152\" height=\"158\" \/>SEDICO<\/strong><\/p>\n<p><strong>DAMIANO TORMEN\u00a0<\/strong><\/p>\n<audio class=\"wp-audio-shortcode\" id=\"audio-101726-10\" preload=\"none\" style=\"width: 100%;\" controls=\"controls\"><source type=\"audio\/mpeg\" src=\"http:\/\/www.radiopiu.net\/wordpress\/wp-content\/uploads\/2019\/10\/miano-sedico.mp3?_=10\" \/><a href=\"http:\/\/www.radiopiu.net\/wordpress\/wp-content\/uploads\/2019\/10\/miano-sedico.mp3\">http:\/\/www.radiopiu.net\/wordpress\/wp-content\/uploads\/2019\/10\/miano-sedico.mp3<\/a><\/audio>\n<p>&nbsp;<\/p>\n<p>&nbsp;<\/p>\n<blockquote class=\"wp-embedded-content\" data-secret=\"Pa9bN94SbO\"><p><a href=\"http:\/\/www.radiopiu.net\/wordpress\/decima-edizione-del-raduno-discendenti-de-francesch-di-renato-bona\/\">DECIMA EDIZIONE DEL RADUNO \u201cDISCENDENTI DE FRANCESCH di RENATO BONA<\/a><\/p><\/blockquote>\n<p><iframe loading=\"lazy\" title=\"&#8220;DECIMA EDIZIONE DEL RADUNO \u201cDISCENDENTI DE FRANCESCH di RENATO BONA&#8221; &#8212; Radio Pi\u00f9\" class=\"wp-embedded-content\" sandbox=\"allow-scripts\" security=\"restricted\" style=\"position: absolute; clip: rect(1px, 1px, 1px, 1px);\" src=\"http:\/\/www.radiopiu.net\/wordpress\/decima-edizione-del-raduno-discendenti-de-francesch-di-renato-bona\/embed\/#?secret=Pa9bN94SbO\" data-secret=\"Pa9bN94SbO\" width=\"600\" height=\"338\" frameborder=\"0\" marginwidth=\"0\" marginheight=\"0\" scrolling=\"no\"><\/iframe><\/p>\n<p>&nbsp;<\/p>\n<p>&nbsp;<\/p>\n<h3><a class=\"dt-pswp-item\" href=\"http:\/\/www.radiopiu.net\/wordpress\/wp-content\/uploads\/2018\/09\/appuntamenti.jpeg\" data-dt-img-description=\"\" data-large_image_width=\"800\" data-large_image_height=\"100\"><img loading=\"lazy\" decoding=\"async\" class=\"aligncenter wp-image-61958 size-full\" src=\"http:\/\/www.radiopiu.net\/wordpress\/wp-content\/uploads\/2018\/09\/appuntamenti.jpeg\" alt=\"\" width=\"800\" height=\"100\" srcset=\"https:\/\/www.radiopiu.net\/wordpress\/wp-content\/uploads\/2018\/09\/appuntamenti.jpeg 800w, https:\/\/www.radiopiu.net\/wordpress\/wp-content\/uploads\/2018\/09\/appuntamenti-300x38.jpeg 300w, https:\/\/www.radiopiu.net\/wordpress\/wp-content\/uploads\/2018\/09\/appuntamenti-768x96.jpeg 768w\" sizes=\"auto, (max-width: 800px) 100vw, 800px\" \/><\/a><\/h3>\n<h3><\/h3>\n<p><strong>OGGI ALLA RADIO:\u00a0 1030 E 1900<\/strong>\u00a0Devis Zasso e Erwin Ronchi ci parlano della 24 ore di San Martino che prendera\u2019 il via sabato alle 15 allo stadio di Belluno. Lo scorso anno il team Alpen Plus ha vinto la manifestazione, ed e\u2019 chiamata quest\u2019anno a tentare di bissare il successo, strizzando l\u2019occhio al possibile record. Erwin e Devis ci parlano della formazione che il team ha allestito quest\u2019anno, atleti fortissimi bellunesi e non. Inoltre ci viene spiegato il programma d\u2019intrattenimento ricco e di sicuro interesse per il pubblico.\u00a0<strong>1505 Siro De Biasio e Adriano Levis<\/strong>\u00a0ci parlano del Coro Alpini Monte Civetta, dalla nascita ai giorni nostri. Ci illustrano poi l\u2019appuntamento in programma per sabato alle ore 21 a Caprile: la 44esima rassegna dei cori agordini.<\/p>\n<p>&nbsp;<\/p>\n<p>&nbsp;<\/p>\n<p>&nbsp;<\/p>\n<h3>MERCATINO DELL&#8217;ARTIGIANATO A CAVARZANO<\/h3>\n<p><strong>BELLUNO<\/strong> Il Gruppo \u201cInsieme si pu\u00f2\u2026\u201d di Cavarzano organizza per sabato\u00a0 e domenica\u00a0 il tradizionale mercatino di artigianato equo-solidale nel piazzale antistante la chiesa di Cavarzano. Il ricavato sar\u00e0 destinato alla realizzazione di una nuova cucina alla Good Hearts Nursery and Primary School a Kampala, in Uganda Il mercatino sar\u00e0 aperto sabato 12 ottobre dalle ore 16 e domenica 13 ottobre tutto il giorno.<\/p>\n<p>&nbsp;<\/p>\n<h2><\/h2>\n<p><strong>FELTRE <\/strong>Oggi\u00a0alle 18 in sala convegni dell&#8217;ospedale nell&#8217;ambito dei mercoledi della salute\u00a0 &#8220;L&#8217;obesit\u00e0: un&#8217;epidemia prevenibile e curabile&#8221; con Livio Simioni direttore del dipartimento area medica, Bianca Palermo (Pediatria) e Federica Dall&#8217;Aglio (dietista).<\/p>\n<p>&nbsp;<\/p>\n<p>&nbsp;<\/p>\n<p><strong>FELTRE<\/strong>\u00a0 In occasione dell\u2019open day sulla salute della donna indetto da ONDA per gli ospedali con bollini rosa, la Ginecologia dell\u2019ospedale di Feltre propone un Laboratorio di Yoga della risata per imparare a prendersi cura di s\u00e9 sotto tutti gli aspetti. A spiegare i principi e i benefici dello yoga della risata e ad insegnare come attuarlo sar\u00e0 il dott. Giulio Vallese. Il laboratorio \u00e8 aperto a due gruppi di 10 donne: uno con inizio alle 16 e uno alle 17 di marted\u00ec 15 ottobre. Il laboratorio si svolger\u00e0 nell\u2019atrio dell\u2019ospedale di Feltre.<\/p>\n<p>&nbsp;<\/p>\n<p>&nbsp;<\/p>\n<h3>VAIA UN ANNO DOPO, I RISULTATI DEL SEMINARIO<\/h3>\n<p><strong>AGORDO<\/strong> Venerdi 18 ottobre alle 20.30\u00a0 all&#8217;Auditorium Antonio Favretti dell&#8217;Istituto geotecnico Minerario &#8220;U. Follador&#8221; conferenza &#8220;I misteri dei sassi della Piave&#8221;insolito viaggio in equilibrio tra arte e geologia. e presentazione degli atti del seminario &#8220;Alluvioni a confronto&#8221; ( Vaia) tenutosi il 14 dicembre 2018.<\/p>\n<p>&nbsp;<\/p>\n<p>&nbsp;<\/p>\n<h3>FORMAI E VIN DA IL VIA ALLA FIERA DEL BESTIAM<\/h3>\n<p><strong>di GIANNI SANTOMASO\u00a0<\/strong><\/p>\n<p><strong>AGORDO.<\/strong> La Fiera del Bestiam apre gioved\u00ec con la rassegna enogastronomica &#8220;Formai e Vin&#8221;. L&#8217;edizione 2019, la 20a, della tradizionale festa promossa dal Comune di Agordo e dall&#8217;apposito comitato e che ha il suo culmine il secondo sabato di ottobre, ripropone un&#8217;accoppiata vincente.\u00a0 La presentazione avverr\u00e0 gioved\u00ec alle 18 a Palazzo Crotta-De&#8217;Manzoni (ingresso 10 euro. L&#8217;evento proseguir\u00e0 venerd\u00ec e sabato nei locali aderenti all&#8217;iniziativa, con assaggio dei formaggi del nostro territorio in abbinamento ad un vino selezionato. Sabato sar\u00e0 la volta della Fiera del Bestiam vera e propria che si aprir\u00e0 alle 8.30 con il mercato dei prodotti agricoli ed artigianali, l&#8217;esposizione zootecnica a cura delle aziende agricole e l&#8217;esposizione di macchine ed attrezzature agricole.<\/p>\n<p>&nbsp;<\/p>\n<p>&nbsp;<\/p>\n<h3>RIVA&#8230; L&#8217;OKTOBERFEST, PRIMA EDIZIONE CON LA PROLOCO<\/h3>\n<p><strong><a class=\"dt-pswp-item\" href=\"http:\/\/www.radiopiu.net\/wordpress\/wp-content\/uploads\/2019\/10\/oktoberfest-girl-4433337__340.png\" data-dt-img-description=\"\" data-large_image_width=\"124\" data-large_image_height=\"340\"><img loading=\"lazy\" decoding=\"async\" class=\" wp-image-101066 alignleft\" src=\"http:\/\/www.radiopiu.net\/wordpress\/wp-content\/uploads\/2019\/10\/oktoberfest-girl-4433337__340-109x300.png\" alt=\"\" width=\"62\" height=\"171\" srcset=\"https:\/\/www.radiopiu.net\/wordpress\/wp-content\/uploads\/2019\/10\/oktoberfest-girl-4433337__340-109x300.png 109w, https:\/\/www.radiopiu.net\/wordpress\/wp-content\/uploads\/2019\/10\/oktoberfest-girl-4433337__340.png 124w\" sizes=\"auto, (max-width: 62px) 100vw, 62px\" \/><\/a>RIVAMONTE<\/strong> Che la Proloco fosse in fase di rinnovamento lo si era intuito, la macchina dell&#8217;organizzazione gi\u00e0 si \u00e8 mossa con grande vigore in occasione della festivit\u00e0 di Sant&#8217;Antonio ma \u00e8 stata notata l&#8217;importante presenza anche nell&#8217;altro evento fiore all&#8217;occhello quale RivaNadal. Ora il team guidato da Giacomo Bressan ne ha inventata un&#8217;altra, una festa\u00a0 nei giorni venerd\u00ec 18 sabato 19 domenica 20 ottobre presso gli impianti sportivi. Ecco in anteprima il programma della festa:\u00a0 <strong>Venerd\u00ec<\/strong> alle 18 apertura tendone HAPPY HOUR, alle 19 stand gastronomico con piatti bavaresi\u00a0 dalle 21 musica con i SPRITZ BAND di Predazzo.\u00a0<strong>Sabato<\/strong>\u00a0 stand gastronomico\u00a0 e dalle 21 musica con i PEONES\u00a0 e\u00a0 DJ\u00a0 set con Morgan.\u00a0 <strong>Domenica<\/strong> tendone aperto fin dalle 10, mercatino dei lavori e sapori di una volta, sfilata dal piazzale della chiesa agli impianti sportivi con la L\u2019BANDIN DA TIEZER\u201d\u00a0 (Tesero valle di Fiemme ) che allieter\u00e0 anche il pomeriggio con musiche e balli in stile tirolese, dalle 21 lo stand gastronomico\u00a0 con porchetta allo spiedo e nel pomeriggio &#8220;svuotiamo i fusti&#8221;. (foto pixabay)<\/p>\n<p>&nbsp;<\/p>\n<h4>DUE APPUNTAMENTI CON GLI EX EMIGRANTI<\/h4>\n<p><strong>CENCENIGHE<\/strong> La famiglia ex emigranti agordini organizza il pranzo sociale per domenica 13 ottobre all&#8217;Hotel Europa di Alleghe. Programma: 10 messa in ricordo degli emigranti scomparsi; 12.30 pranzo e lotteria. Prenotazioni entro il 10 ottobre all&#8217;hotel, telefono\u00a0 0437 523362, oppure dalla presidente Lucia De Toffol 0437 591492. Per il 27 ottobre terzo anniversario dell&#8217;inaugurazione del Monumento dell&#8217;emigrante a Cencenighe con la posa di una corona d&#8217;alloro, alle 10.30 la messa a seguire il corteo verso il piazzale Nof Filo&#8217;.<\/p>\n<p>&nbsp;<\/p>\n<p>&nbsp;<\/p>\n<p><strong><a class=\"dt-pswp-item\" href=\"http:\/\/www.radiopiu.net\/wordpress\/wp-content\/uploads\/2018\/09\/viabilita.jpeg\" data-dt-img-description=\"\" data-large_image_width=\"800\" data-large_image_height=\"100\"><img loading=\"lazy\" decoding=\"async\" class=\"alignnone wp-image-61954 size-full\" src=\"http:\/\/www.radiopiu.net\/wordpress\/wp-content\/uploads\/2018\/09\/viabilita.jpeg\" alt=\"\" width=\"800\" height=\"100\" srcset=\"https:\/\/www.radiopiu.net\/wordpress\/wp-content\/uploads\/2018\/09\/viabilita.jpeg 800w, https:\/\/www.radiopiu.net\/wordpress\/wp-content\/uploads\/2018\/09\/viabilita-300x38.jpeg 300w, https:\/\/www.radiopiu.net\/wordpress\/wp-content\/uploads\/2018\/09\/viabilita-768x96.jpeg 768w\" sizes=\"auto, (max-width: 800px) 100vw, 800px\" \/><\/a><\/strong><\/p>\n<h3><\/h3>\n<h3>Nuovo senso unico alternato lungo la provinciale 20 della Val Fiorentina. Continua la messa in sicurezza dei versanti a monte della\u00a0 strada,\u00a0 iniziata anche la realizzazione della briglia selettiva in localit\u00e0 l&#8217;Aiva.<\/h3>\n<p>&nbsp;<\/p>\n<h3>CHIUSA LA PROVINCIALE PER SAN TOMASO<\/h3>\n<p><strong>SAN TOMASO<\/strong> Veneto Strade informa che\u00a0 fino\u00a0 all&#8217;11 ottobre (sabato e festivi inclusi) tra le localit\u00e0 Pian Molin e Roi il traffico sar\u00e0 totalmente interdetto a tutti i veicoli per la posa di una condotta elettrica, l&#8217;interruzione lungo la provinciale 8 al chilometro 6 per un tratto di 340 metri.<\/p>\n<h3>PROVINCIALE 346 SAN PELLEGRINO: TRE SENSI UNICI E BREVI INTERRUZIONI<\/h3>\n<p><strong>CANALE D&#8217;AGORD<\/strong>O Ai due cantieri per la realizzazione della rete acquedottistica si aggiunge un terzo cantiere in prossimit\u00e0 di Canale d&#8217;Agordo. Veneto Strade ha emesso una precisa ordinanza in vigore fino al 15 ottobre: senso unico alternato regolato da movieri con possibili brevi interruzioni della durata massima di 10 minuti per lavori di esbosco al chilometri 26 E 350 per 100 metri.<br \/>\n<strong>LE DUE PRECEDENTI<\/strong><\/p>\n<p><strong>SP 346 PASSO SAN PELLEGRINO<\/strong>:\u00a0 fino al 6 dicembre senso unico tra Canale d\u2019Agordo e Vallada per esecuzione lavori alla rete acquedottistica;\u00a0 \u00a0dal 7 ottobre al 15 novembre senso unico alternato all\u2019inbocco nord della galleria delle Anime, esclusi i giorni festivi e prefestivi.<\/p>\n<p>&nbsp;<\/p>\n<p><strong>PROVINCIALE 347 DEL DURAN E CEREDA<\/strong>: dal 7 al 18 ottobre, sabato e domenica escluso, senso unico alternato per lavori\u00a0 GSP in Val di Zoldo, chilometro 59.<\/p>\n<p><strong>PROVINCIALE 251 VAL DI ZOLDO<\/strong> In localit\u00e0 Colle Santa Lucia fino al 15 ottobre senso unico alternato esclusi sabati e domeniche per singoli tratti, massimo 250 metri.<\/p>\n<p><strong>Regionale 251 Val di Zoldo,<\/strong> Comune di Colle Santa Lucia:\u00a0 senso unico alternato.<\/p>\n<p><strong>Regionale 346 del San<\/strong> Pellegrino Comune di Falcade: fino al 18 ottobre escusi festivi e prefestivi, senso unico alternato.<\/p>\n<p><strong>Provinciale 563 di Salesei,<\/strong> Comune di Rocca Pietore:\u00a0 fino al 11 ottobre senso unico alternato regolato da movieri dalle 8 alle 18<\/p>\n<p>&nbsp;<\/p>\n<p>&nbsp;<\/p>\n<p><center><a class=\"dt-pswp-item\" href=\"http:\/\/www.radiopiu.net\/wordpress\/wp-content\/uploads\/2018\/09\/sport.jpg\" data-dt-img-description=\"\" data-large_image_width=\"800\" data-large_image_height=\"100\"><img loading=\"lazy\" decoding=\"async\" class=\"aligncenter wp-image-60761 size-full\" src=\"http:\/\/www.radiopiu.net\/wordpress\/wp-content\/uploads\/2018\/09\/sport.jpg\" alt=\"\" width=\"800\" height=\"100\" srcset=\"https:\/\/www.radiopiu.net\/wordpress\/wp-content\/uploads\/2018\/09\/sport.jpg 800w, https:\/\/www.radiopiu.net\/wordpress\/wp-content\/uploads\/2018\/09\/sport-300x38.jpg 300w, https:\/\/www.radiopiu.net\/wordpress\/wp-content\/uploads\/2018\/09\/sport-768x96.jpg 768w\" sizes=\"auto, (max-width: 800px) 100vw, 800px\" \/><\/a><\/center><\/p>\n<h2><\/h2>\n<h2><\/h2>\n<h2>DA SPORT E COMUNICAZIONE IL FINE SETTIMANA DEI PILOTI DI TAIBON<\/h2>\n<p><strong><span class=\"fbPhotoSnowliftVideoTitle\">8\u00b0 Rally del Sebino &#8211; Lino Lena &#8211; Nicola Decima PS 5 Rogno<\/span><span class=\"hasCaption\">8\u00b0 Rally del Sebino Lino Lena &#8211; Nicola Decima PS 5 Rogno Renault Clio A7<\/span><\/strong><\/p>\n<div id=\"fb-root\"><\/div>\n<p><script async=\"1\" defer=\"1\" crossorigin=\"anonymous\" src=\"https:\/\/connect.facebook.net\/it_IT\/sdk.js#xfbml=1&amp;version=v6.0\"><\/script><\/p>\n<div class=\"fb-video\" data-href=\"https:\/\/www.facebook.com\/SporteComunicazione\/videos\/905838643130783\/\" data-width=\"1200\">\n<blockquote cite=\"https:\/\/www.facebook.com\/SporteComunicazione\/videos\/905838643130783\/\" class=\"fb-xfbml-parse-ignore\"><p><a href=\"https:\/\/www.facebook.com\/SporteComunicazione\/videos\/905838643130783\/\">8\u00b0 Rally del Sebino &#8211; Lino Lena &#8211; Nicola Decima PS 5 Rogno<\/a><\/p>\n<p>8\u00b0 Rally del SebinoLino Lena &#8211; Nicola DecimaPS 5 RognoRenault Clio A7<\/p>\n<p>Pubblicato da <a href=\"https:\/\/www.facebook.com\/SporteComunicazione\/\">Sport &amp; Comunicazione<\/a> su Luned\u00ec 7 ottobre 2019<\/p><\/blockquote>\n<\/div>\n<h2><\/h2>\n<h2>DAL NOTIZIARIO DI LUNEDI<\/h2>\n<h3>LINO LENA E NICOLA DECIMA VINCONO LA CATEGORIA AL RALLY DEL SEBINO<\/h3>\n<p><a class=\"dt-pswp-item pspw-wrap-ready\" href=\"http:\/\/www.radiopiu.net\/wordpress\/wp-content\/uploads\/2019\/10\/AB362531-4A2B-4B31-8BAD-4345597EFCB5.jpeg\" data-dt-img-description=\"\" data-large_image_width=\"1024\" data-large_image_height=\"683\"><img loading=\"lazy\" decoding=\"async\" class=\"size-medium wp-image-101463 alignleft\" src=\"http:\/\/www.radiopiu.net\/wordpress\/wp-content\/uploads\/2019\/10\/AB362531-4A2B-4B31-8BAD-4345597EFCB5-300x200.jpeg\" sizes=\"auto, (max-width: 300px) 100vw, 300px\" srcset=\"http:\/\/www.radiopiu.net\/wordpress\/wp-content\/uploads\/2019\/10\/AB362531-4A2B-4B31-8BAD-4345597EFCB5-300x200.jpeg 300w, http:\/\/www.radiopiu.net\/wordpress\/wp-content\/uploads\/2019\/10\/AB362531-4A2B-4B31-8BAD-4345597EFCB5-768x512.jpeg 768w, http:\/\/www.radiopiu.net\/wordpress\/wp-content\/uploads\/2019\/10\/AB362531-4A2B-4B31-8BAD-4345597EFCB5.jpeg 1024w\" alt=\"\" width=\"300\" height=\"200\" \/><\/a>Si \u00e8 corso in questo fine settimana l\u20198\u00ba Rally Del Sebino a Lovere in provincia di Bergamo. Tra gli equipaggi iscritti anche la Renault Clio di Lino Lena e Nicola Decima. Un relly che si \u00e8 sviluppato in 6 prove cronometrate e che ha visto la coppia agordina salire sul gradino pi\u00f9 alto del podio nella categoria A7 staccando di 26\u201d i secondi di classe. Un\u2019ottimo risultato per Lena e Decima che hanno chiuso la corsa al sedicesimo posto assoluto.<\/p>\n<p>&nbsp;<\/p>\n<p>&nbsp;<\/p>\n<p>&nbsp;<\/p>\n<p>&nbsp;<\/p>\n<p>&nbsp;<\/p>\n<p>&nbsp;<\/p>\n<p>&nbsp;<\/p>\n<p>&nbsp;<\/p>\n<h2>STASERA IN CAMPO IL VOLLEY CLUB AGORDINO UNDER 16<\/h2>\n<p>Le ragazze del Volley Club Agordino under 16 giocheranno questa sera. Trasferta in Alpago per la squadra allenata da De Nardin che alle 19:30 recuperer\u00e0 la partita valida per la prima giornata del campionato. Match che sulla carta non dovrebbe essere difficile visto che l&#8217;Alpago \u00e8 in fondo alla classifica con 0 punti dopo le 2 sconfitte di inizio stagione. Le agordine arrivano da una bella vittoria contro il Limana vinta con un secco 3 a 0 all&#8217;esordio stagionale. 10 giorni impegnativi per il Volley Club Agordino che, con la sfida di stasera, giocher\u00e0 ben 4 partite con pochi giorni di riposo.<\/p>\n<p><strong>LA CLASSIFICA<\/strong><\/p>\n<p><a class=\"dt-pswp-item\" href=\"http:\/\/www.radiopiu.net\/wordpress\/wp-content\/uploads\/2019\/10\/classifica-volley-under-16-09-10-2019.jpeg\" data-dt-img-description=\"\" data-large_image_width=\"637\" data-large_image_height=\"263\"><img loading=\"lazy\" decoding=\"async\" class=\"alignnone wp-image-101772 size-full\" src=\"http:\/\/www.radiopiu.net\/wordpress\/wp-content\/uploads\/2019\/10\/classifica-volley-under-16-09-10-2019.jpeg\" alt=\"\" width=\"637\" height=\"263\" srcset=\"https:\/\/www.radiopiu.net\/wordpress\/wp-content\/uploads\/2019\/10\/classifica-volley-under-16-09-10-2019.jpeg 637w, https:\/\/www.radiopiu.net\/wordpress\/wp-content\/uploads\/2019\/10\/classifica-volley-under-16-09-10-2019-300x124.jpeg 300w\" sizes=\"auto, (max-width: 637px) 100vw, 637px\" \/><\/a><\/p>\n<p><center><\/center><center><\/center><center><\/center><center><\/center><center><\/center><center><\/center><center><b><a class=\"dt-pswp-item\" href=\"http:\/\/www.radiopiu.net\/wordpress\/wp-content\/uploads\/2018\/09\/WhatsApp-Image-2018-09-20-at-16.04.06.jpeg\" data-dt-img-description=\"\" data-large_image_width=\"800\" data-large_image_height=\"100\"><img loading=\"lazy\" decoding=\"async\" class=\"aligncenter wp-image-61378 size-full\" src=\"http:\/\/www.radiopiu.net\/wordpress\/wp-content\/uploads\/2018\/09\/WhatsApp-Image-2018-09-20-at-16.04.06.jpeg\" alt=\"\" width=\"800\" height=\"100\" srcset=\"https:\/\/www.radiopiu.net\/wordpress\/wp-content\/uploads\/2018\/09\/WhatsApp-Image-2018-09-20-at-16.04.06.jpeg 800w, https:\/\/www.radiopiu.net\/wordpress\/wp-content\/uploads\/2018\/09\/WhatsApp-Image-2018-09-20-at-16.04.06-300x38.jpeg 300w, https:\/\/www.radiopiu.net\/wordpress\/wp-content\/uploads\/2018\/09\/WhatsApp-Image-2018-09-20-at-16.04.06-768x96.jpeg 768w\" sizes=\"auto, (max-width: 800px) 100vw, 800px\" \/><\/a><\/b><\/center><center><\/center><center><center><b>Mercoledi 9<\/b><\/center><b>Tempo atteso: <\/b>Tempo discreto al mattino con sole e ingresso di nubi medio-alte stratiformi, anche se possibili nubi basse, pi\u00f9 probabili sulle Prealpi, potrebbero gi\u00e0 ridurre il soleggiamento. Dalle ore centrali cielo sempre pi\u00f9 coperto e nel corso del pomeriggio prime deboli precipitazioni sparse, in estensione a tutta la montagna entro il tardo pomeriggio\/sera.<br \/>\n<b>Precipitazioni: <\/b>Fino alle ore centrali assenti (0%); nel pomeriggio crescente probabilit\u00e0 di precipitazioni sparse, perlopi\u00f9 deboli, un po&#8217; pi\u00f9 diffuse in serata\/notte (60\/80%). Limite della neve in abbassamento da 3200 m a 2400\/2600 m, anche leggermente pi\u00f9 basso in caso di prolungamento notturno degli ultimi fenomeni sulle Dolomiti. Sono previsti mediamente 5-10 mm, con punte massime di 15 mm.<br \/>\n<b>Temperature: <\/b>Minime in aumento, specie in quota, e massime in calo. Su Prealpi a 1500 m min 5\u00b0C max 8\u00b0C, a 2000 m min 4\u00b0C max 6\u00b0C. Su Dolomiti a 2000 m min 2\u00b0C max 6\u00b0C, a 3000 m min -1\u00b0C max 6\u00b0C.<br \/>\n<b>Venti: <\/b>Nelle valli deboli; in quota in intensificazione da moderati al mattino a tesi\/forti al pomeriggio\/sera da Sud-Ovest, a 10-30 km\/h a 2000 m, 30-55 km\/h a 3000 m.<\/center><\/p>\n<hr \/>\n<p><center><b>Giovedi 10<\/b><\/center><b>Tempo atteso: <\/b>Tempo in miglioramento con diradamento della copertura nuvolosa nella notte e residua nuvolosit\u00e0 medio-alta nelle prime ore del mattino. Al pomeriggio il sole sar\u00e0 sempre pi\u00f9 presente, soprattutto sulle Dolomiti, mentre qualche annuvolamento potrebbe resistere pi\u00f9 a lungo sulle Prealpi. Clima diurno pi\u00f9 mite eccetto in alta quota.<br \/>\n<b>Precipitazioni: <\/b>Assenti (0%).<br \/>\n<b>Temperature: <\/b>Minime in calo, specie in alta quota e nelle valli dolomitiche; massime in aumento nelle valli, stazionarie o in lieve calo in alta quota. Su Prealpi a 1500 m min 8\u00b0C max 11\u00b0C, a 2000 m min 5\u00b0C max 7\u00b0C. Su Dolomiti a 2000 m min 4\u00b0C max 7\u00b0C, a 3000 m min -5\u00b0C max -2\u00b0C.<br \/>\n<b>Venti: <\/b>Nelle valli inizialmente deboli, in rinforzo per qualche episodio di Foehn al pomeriggio\/sera; in quota moderati\/tesi in rotazione da Ovest al mattino a Nord-Ovest al pomeriggio\/sera, a 10-25 km\/h a 2000 m, 25-40 km\/h a 3000 m.<\/p>\n<hr \/>\n<p><center><b>Venerdi 11<\/b><\/center>Tempo ben soleggiato e stabile con cielo sereno, aria tersa ed ottima visibilit\u00e0. L&#8217;unica insidia sar\u00e0 legata a locali nebbie o nubi basse in alcuni fondovalle prealpini durante le ore pi\u00f9 fredde. Clima fresco all&#8217;alba e di nuovo pi\u00f9 mite in giornata, specie in quota. Venti deboli\/moderati da Nord-Ovest in quota e brezze nelle valli.<\/p>\n<hr \/>\n<p><center><b>Sabato 12<\/b><\/center>Tempo ancora ben soleggiato, stabile, molto mite in quota, con inversione termica mattutina nelle valli e clima mite di giorno, con forte escursione termica nei fondovalle pi\u00f9 assolati. Possibile formazione di qualche locale nube bassa sia al primo mattino nelle valli prealpine, che alla sera. Previsore: G.M.<\/p>\n<p>&nbsp;<\/p>\n","protected":false},"excerpt":{"rendered":"<p>&nbsp; &nbsp; Gestione Servizi Pubblici informa che ad AGORDO nelle LOCALITA&#8217; PIASENT, COLVIGNAS, CAMPON e LE FOCHE l&#8217;acqua erogata dall&#8217;acquedotto non \u00e8 potabile e pu\u00f2 essere usata per scopi alimentari SOLO PREVIA bollitura. GSP ha, comunque, gi\u00e0 adottato le necessarie misure per la disinfezione dell&#8217;acqua presente nei serbatoi e nella rete idrica con l&#8217;aggiunta di&hellip;<\/p>\n","protected":false},"author":1,"featured_media":101730,"comment_status":"closed","ping_status":"closed","sticky":false,"template":"","format":"standard","meta":{"_monsterinsights_skip_tracking":false,"_monsterinsights_sitenote_active":false,"_monsterinsights_sitenote_note":"","_monsterinsights_sitenote_category":0,"footnotes":""},"categories":[86],"tags":[],"class_list":["post-101726","post","type-post","status-publish","format-standard","has-post-thumbnail","hentry","category-gr","category-86","description-off"],"img_url":"https:\/\/www.radiopiu.net\/wordpress\/wp-content\/uploads\/2019\/10\/IMG_0957.jpg","_links":{"self":[{"href":"https:\/\/www.radiopiu.net\/wordpress\/wp-json\/wp\/v2\/posts\/101726","targetHints":{"allow":["GET"]}}],"collection":[{"href":"https:\/\/www.radiopiu.net\/wordpress\/wp-json\/wp\/v2\/posts"}],"about":[{"href":"https:\/\/www.radiopiu.net\/wordpress\/wp-json\/wp\/v2\/types\/post"}],"author":[{"embeddable":true,"href":"https:\/\/www.radiopiu.net\/wordpress\/wp-json\/wp\/v2\/users\/1"}],"replies":[{"embeddable":true,"href":"https:\/\/www.radiopiu.net\/wordpress\/wp-json\/wp\/v2\/comments?post=101726"}],"version-history":[{"count":0,"href":"https:\/\/www.radiopiu.net\/wordpress\/wp-json\/wp\/v2\/posts\/101726\/revisions"}],"wp:featuredmedia":[{"embeddable":true,"href":"https:\/\/www.radiopiu.net\/wordpress\/wp-json\/wp\/v2\/media\/101730"}],"wp:attachment":[{"href":"https:\/\/www.radiopiu.net\/wordpress\/wp-json\/wp\/v2\/media?parent=101726"}],"wp:term":[{"taxonomy":"category","embeddable":true,"href":"https:\/\/www.radiopiu.net\/wordpress\/wp-json\/wp\/v2\/categories?post=101726"},{"taxonomy":"post_tag","embeddable":true,"href":"https:\/\/www.radiopiu.net\/wordpress\/wp-json\/wp\/v2\/tags?post=101726"}],"curies":[{"name":"wp","href":"https:\/\/api.w.org\/{rel}","templated":true}]}}