{"id":101735,"date":"2019-10-08T15:56:48","date_gmt":"2019-10-08T13:56:48","guid":{"rendered":"http:\/\/www.radiopiu.net\/wordpress\/?p=101735"},"modified":"2019-10-08T15:56:48","modified_gmt":"2019-10-08T13:56:48","slug":"il-comprensivo-di-agordo-a-scuola-di-robotica","status":"publish","type":"post","link":"https:\/\/www.radiopiu.net\/wordpress\/il-comprensivo-di-agordo-a-scuola-di-robotica\/","title":{"rendered":"IL COMPRENSIVO DI AGORDO A SCUOLA DI ROBOTICA"},"content":{"rendered":"<p><strong><a class=\"dt-pswp-item\" href=\"http:\/\/www.radiopiu.net\/wordpress\/wp-content\/uploads\/2019\/10\/21314479_1983710118534761_4587367298403635570_n.jpg\" data-dt-img-description=\"\" data-large_image_width=\"200\" data-large_image_height=\"200\"><img loading=\"lazy\" decoding=\"async\" class=\"size-full wp-image-101738 alignleft\" src=\"http:\/\/www.radiopiu.net\/wordpress\/wp-content\/uploads\/2019\/10\/21314479_1983710118534761_4587367298403635570_n.jpg\" alt=\"\" width=\"200\" height=\"200\" srcset=\"https:\/\/www.radiopiu.net\/wordpress\/wp-content\/uploads\/2019\/10\/21314479_1983710118534761_4587367298403635570_n.jpg 200w, https:\/\/www.radiopiu.net\/wordpress\/wp-content\/uploads\/2019\/10\/21314479_1983710118534761_4587367298403635570_n-150x150.jpg 150w\" sizes=\"auto, (max-width: 200px) 100vw, 200px\" \/><\/a>AGORDO<\/strong>\u00a0 Dal mese di ottobre gli studenti della scuola secondaria di primo grado dell\u2019istituto comprensivo di Agordo hanno la possibilit\u00e0 di sperimentare la propria creativit\u00e0 digitale nell\u2019ambito di un progetto finanziato dalla Regione del Veneto \u201cRobotici\u201d.\u00a0 Il Comune di Agordo, l&#8217;Azienda Speciale Consortile Agordina (ASCA), l\u2019istituto comprensivo di Agordo, l\u2019associazione agordina Dolomiti Concept LAB e la digital art school Feltrina SkyUpAcademy collaborano per questa importante iniziativa che persegue lo scopo di avvicinare i ragazzi al mondo della robotica, del coding, della stampa 3D e del videomaking, stimolando curiosit\u00e0 in tale ambito e fornendo spunti per eventuali sbocchi formativi e lavorativi futuri. Un obiettivo generale del progetto \u00e8 quello di proporre ai ragazzi attivit\u00e0 alternative, ma che siano anche divertenti ed appaganti, che stimolino competenze, passioni, attivit\u00e0 nuove, limitando comportamenti devianti o disturbanti, incanalando le potenzialit\u00e0 inespresse in attivit\u00e0 creative.<\/p>\n<p>&nbsp;<\/p>\n<p><em>Protagonisti\u00a0 i ragazzi dell\u2019istituto comprensivo che avranno l\u2019opportunit\u00e0 di conoscere sbocchi e applicazioni del mondo digitale e di rendersi a loro volta <a class=\"dt-pswp-item\" href=\"http:\/\/www.radiopiu.net\/wordpress\/wp-content\/uploads\/2019\/10\/20953787_1977393079166465_3973761839928894363_n.jpg\" data-dt-img-description=\"\" data-large_image_width=\"200\" data-large_image_height=\"200\"><img loading=\"lazy\" decoding=\"async\" class=\"size-full wp-image-101736 alignleft\" src=\"http:\/\/www.radiopiu.net\/wordpress\/wp-content\/uploads\/2019\/10\/20953787_1977393079166465_3973761839928894363_n.jpg\" alt=\"\" width=\"200\" height=\"200\" srcset=\"https:\/\/www.radiopiu.net\/wordpress\/wp-content\/uploads\/2019\/10\/20953787_1977393079166465_3973761839928894363_n.jpg 200w, https:\/\/www.radiopiu.net\/wordpress\/wp-content\/uploads\/2019\/10\/20953787_1977393079166465_3973761839928894363_n-150x150.jpg 150w\" sizes=\"auto, (max-width: 200px) 100vw, 200px\" \/><\/a>innovatori nell\u2019ambito di tali progetti collegati alla scuola.<\/em><\/p>\n<p>&nbsp;<\/p>\n<blockquote><p><strong>IL PERCORSO<\/strong><\/p>\n<p><strong>Nella prima fase gli studenti verranno avvicinati al tema del cyberbullismo per l&#8217;esigenza di tutelare i ragazzi nella gestione di internet e dei social network e renderli consapevoli dei rischi legati all\u2019uso sempre pi\u00f9 massiccio della tecnologia in ambito lavorativo, scolastico e domestico. I ragazzi si trovano spesso ed essere vittime, e talvolta artefici inconsapevoli, di fenomeni di cyberbullismo e di rischi quali l\u2019adescamento online, le truffe, il furto d&#8217;identit\u00e0, il sexting che sono tra i principali pericoli a cui vanno incontroca.\u00a0<\/strong><\/p>\n<p><strong>Nella seconda fase i ragazzi sperimenteranno disegno 3D e 3D printing e la realt\u00e0 virtuale<\/strong><\/p>\n<p><strong>Infine SkyUpAcademy affronter\u00e0 con gli studenti percorsi di crescita e sviluppo professionale nel mondo del cinema e della pubblicit\u00e0, mostrando come vengono realizzati lavori cinematografici e pubblicitari<\/strong><\/p><\/blockquote>\n<p>&nbsp;<\/p>\n<p>&nbsp;<\/p>\n<p>&nbsp;<\/p>\n<p>&nbsp;<\/p>\n","protected":false},"excerpt":{"rendered":"<p>AGORDO\u00a0 Dal mese di ottobre gli studenti della scuola secondaria di primo grado dell\u2019istituto comprensivo di Agordo hanno la possibilit\u00e0 di sperimentare la propria creativit\u00e0 digitale nell\u2019ambito di un progetto finanziato dalla Regione del Veneto \u201cRobotici\u201d.\u00a0 Il Comune di Agordo, l&#8217;Azienda Speciale Consortile Agordina (ASCA), l\u2019istituto comprensivo di Agordo, l\u2019associazione agordina Dolomiti Concept LAB e&hellip;<\/p>\n","protected":false},"author":1,"featured_media":101737,"comment_status":"closed","ping_status":"closed","sticky":false,"template":"","format":"standard","meta":{"_monsterinsights_skip_tracking":false,"_monsterinsights_sitenote_active":false,"_monsterinsights_sitenote_note":"","_monsterinsights_sitenote_category":0,"footnotes":""},"categories":[49],"tags":[],"class_list":["post-101735","post","type-post","status-publish","format-standard","has-post-thumbnail","hentry","category-news-18","category-49","description-off"],"img_url":"https:\/\/www.radiopiu.net\/wordpress\/wp-content\/uploads\/2019\/10\/21369437_1983907051848401_837512278207880939_n.jpg","_links":{"self":[{"href":"https:\/\/www.radiopiu.net\/wordpress\/wp-json\/wp\/v2\/posts\/101735","targetHints":{"allow":["GET"]}}],"collection":[{"href":"https:\/\/www.radiopiu.net\/wordpress\/wp-json\/wp\/v2\/posts"}],"about":[{"href":"https:\/\/www.radiopiu.net\/wordpress\/wp-json\/wp\/v2\/types\/post"}],"author":[{"embeddable":true,"href":"https:\/\/www.radiopiu.net\/wordpress\/wp-json\/wp\/v2\/users\/1"}],"replies":[{"embeddable":true,"href":"https:\/\/www.radiopiu.net\/wordpress\/wp-json\/wp\/v2\/comments?post=101735"}],"version-history":[{"count":0,"href":"https:\/\/www.radiopiu.net\/wordpress\/wp-json\/wp\/v2\/posts\/101735\/revisions"}],"wp:featuredmedia":[{"embeddable":true,"href":"https:\/\/www.radiopiu.net\/wordpress\/wp-json\/wp\/v2\/media\/101737"}],"wp:attachment":[{"href":"https:\/\/www.radiopiu.net\/wordpress\/wp-json\/wp\/v2\/media?parent=101735"}],"wp:term":[{"taxonomy":"category","embeddable":true,"href":"https:\/\/www.radiopiu.net\/wordpress\/wp-json\/wp\/v2\/categories?post=101735"},{"taxonomy":"post_tag","embeddable":true,"href":"https:\/\/www.radiopiu.net\/wordpress\/wp-json\/wp\/v2\/tags?post=101735"}],"curies":[{"name":"wp","href":"https:\/\/api.w.org\/{rel}","templated":true}]}}