{"id":101815,"date":"2019-10-09T06:17:37","date_gmt":"2019-10-09T04:17:37","guid":{"rendered":"http:\/\/www.radiopiu.net\/wordpress\/?p=101815"},"modified":"2019-10-09T18:54:32","modified_gmt":"2019-10-09T16:54:32","slug":"si-cerca-nicole-scomparsa-da-belluno","status":"publish","type":"post","link":"https:\/\/www.radiopiu.net\/wordpress\/si-cerca-nicole-scomparsa-da-belluno\/","title":{"rendered":"NICOLE E&#8217; IN BUONE MANI"},"content":{"rendered":"<div class=\"im_page_wrap clearfix\">\n<div class=\"im_page_split clearfix\">\n<div class=\"im_history_col_wrap noselect im_history_loaded\">\n<div class=\"im_history_selected_wrap\">\n<div class=\"im_history_col\">\n<div class=\"im_history_wrap nano has-scrollbar active-scrollbar\">\n<div class=\"im_history_scrollable_wrap nano-content\" tabindex=\"-1\">\n<div class=\"im_history_scrollable\">\n<div class=\"im_history im_history_selectable im_history_select_active\">\n<div class=\"im_history_messages im_history_messages_group\">\n<div class=\"im_history_messages_peer\">\n<div class=\"im_history_message_wrap im_message_selected\">\n<div class=\"im_message_outer_wrap hasselect\" data-msg-id=\"3432\">\n<div class=\"im_message_wrap clearfix\">\n<div class=\"im_content_message_wrap im_message_in\">\n<div class=\"im_message_body\">\n<div>\n<div class=\"im_message_text\" dir=\"auto\"><\/div>\n<\/div>\n<\/div>\n<\/div>\n<\/div>\n<\/div>\n<\/div>\n<\/div>\n<\/div>\n<\/div>\n<\/div>\n<\/div>\n<div class=\"nano-pane\">\n<div class=\"nano-slider\">\n<p>&nbsp;<\/p>\n<p>FINE DELL&#8217;AVVENTURA!<br \/>\nALLE 17.32 IL COMUNICATO DELLA PREFETTURA:<\/p>\n<p>Si informa che in data odierna la minore Nicole Andolfatto\u00a0 \u00e8 stata rintracciata in provincia di Venezia, in buone condizioni di salute.<\/p>\n<p>&nbsp;<\/p>\n<blockquote><p><strong>Alle 17.32 la bella notizia: Nicole \u00e8 stata rintracciata, sta bene ed \u00e8 in buone condizioni, questo Il comunicato della Prefettura. Poco prima dal Comando dei Carabinieri di Belluno era stata diramata una prima confortante nota<em> &#8220;La ragazza minorenne ha telefonato a casa alcune volte, sta bene&#8221;<\/em> Tutto quindi faceva presagire per una conclusione positiva dell&#8217;avventura della ragazzina\u00a0 ieri alle 8 del mattino ha preso la strada per il veneziano dove ha trascorso due giorni e una notte.\u00a0 I genitori, avvertiti del ritrovamento, sono in viaggio verso Venezia per riabbracciarla e portarla a casa.\u00a0<\/strong><\/p><\/blockquote>\n<\/div>\n<\/div>\n<\/div>\n<div class=\"im_bottom_panel_wrap\">\n<div class=\"im_edit_panel_wrap clearfix\">\n<div class=\"im_edit_panel_border\"><\/div>\n<div class=\"im_edit_selected_actions\"><\/div>\n<\/div>\n<\/div>\n<\/div>\n<\/div>\n<\/div>\n<\/div>\n<\/div>\n","protected":false},"excerpt":{"rendered":"<p>&nbsp; FINE DELL&#8217;AVVENTURA! ALLE 17.32 IL COMUNICATO DELLA PREFETTURA: Si informa che in data odierna la minore Nicole Andolfatto\u00a0 \u00e8 stata rintracciata in provincia di Venezia, in buone condizioni di salute. &nbsp; Alle 17.32 la bella notizia: Nicole \u00e8 stata rintracciata, sta bene ed \u00e8 in buone condizioni, questo Il comunicato della Prefettura. Poco prima&hellip;<\/p>\n","protected":false},"author":1,"featured_media":101816,"comment_status":"closed","ping_status":"closed","sticky":false,"template":"","format":"standard","meta":{"_monsterinsights_skip_tracking":false,"_monsterinsights_sitenote_active":false,"_monsterinsights_sitenote_note":"","_monsterinsights_sitenote_category":0,"footnotes":""},"categories":[49],"tags":[],"class_list":["post-101815","post","type-post","status-publish","format-standard","has-post-thumbnail","hentry","category-news-18","category-49","description-off"],"img_url":"https:\/\/www.radiopiu.net\/wordpress\/wp-content\/uploads\/2019\/10\/image001.jpg","_links":{"self":[{"href":"https:\/\/www.radiopiu.net\/wordpress\/wp-json\/wp\/v2\/posts\/101815","targetHints":{"allow":["GET"]}}],"collection":[{"href":"https:\/\/www.radiopiu.net\/wordpress\/wp-json\/wp\/v2\/posts"}],"about":[{"href":"https:\/\/www.radiopiu.net\/wordpress\/wp-json\/wp\/v2\/types\/post"}],"author":[{"embeddable":true,"href":"https:\/\/www.radiopiu.net\/wordpress\/wp-json\/wp\/v2\/users\/1"}],"replies":[{"embeddable":true,"href":"https:\/\/www.radiopiu.net\/wordpress\/wp-json\/wp\/v2\/comments?post=101815"}],"version-history":[{"count":0,"href":"https:\/\/www.radiopiu.net\/wordpress\/wp-json\/wp\/v2\/posts\/101815\/revisions"}],"wp:featuredmedia":[{"embeddable":true,"href":"https:\/\/www.radiopiu.net\/wordpress\/wp-json\/wp\/v2\/media\/101816"}],"wp:attachment":[{"href":"https:\/\/www.radiopiu.net\/wordpress\/wp-json\/wp\/v2\/media?parent=101815"}],"wp:term":[{"taxonomy":"category","embeddable":true,"href":"https:\/\/www.radiopiu.net\/wordpress\/wp-json\/wp\/v2\/categories?post=101815"},{"taxonomy":"post_tag","embeddable":true,"href":"https:\/\/www.radiopiu.net\/wordpress\/wp-json\/wp\/v2\/tags?post=101815"}],"curies":[{"name":"wp","href":"https:\/\/api.w.org\/{rel}","templated":true}]}}