{"id":101889,"date":"2019-10-10T05:48:15","date_gmt":"2019-10-10T03:48:15","guid":{"rendered":"http:\/\/www.radiopiu.net\/wordpress\/?p=101889"},"modified":"2019-10-10T16:07:07","modified_gmt":"2019-10-10T14:07:07","slug":"giornale-radiopiu-10-ottobre-2019-direttore-mirko-mezzacasa","status":"publish","type":"post","link":"https:\/\/www.radiopiu.net\/wordpress\/giornale-radiopiu-10-ottobre-2019-direttore-mirko-mezzacasa\/","title":{"rendered":"GIORNALE RADIOPIU 10 OTTOBRE 2019 DIRETTORE MIRKO MEZZACASA"},"content":{"rendered":"<p>&nbsp;<\/p>\n<p>&nbsp;<\/p>\n<p><strong>Alle 17.32 di ieri sera la bella notizia: Nicole \u00e8 stata rintracciata, sta bene ed \u00e8 in buone condizioni, questo il comunicato della Prefettura, poche righe ma che hanno rasserenato quanti da ore erano con il fiato sospeso per la fuga della ragazza. Poco prima, alle 17\u00a0 dal Comando dei Carabinieri di Belluno era stata diramata una prima confortante nota<em> &#8220;La ragazza minorenne ha telefonato a casa alcune volte, sta bene&#8221;<\/em> Tutto quindi faceva presagire per una conclusione positiva dell&#8217;avventura della ragazzina che l&#8217;altro ieri alle 8 del mattino ha preso la strada per il veneziano dove ha trascorso due giorni e una notte. Ieri sera i genitori, avvertiti del ritrovamento, sono scesi a Venezia per riabbracciarla e portarla a casa.<\/strong><\/p>\n<p>&nbsp;<\/p>\n<p>&nbsp;<\/p>\n<p><em><strong>REGIONALE 203 AGORDINA. CANDATEN.<\/strong><\/em><br \/>\n<em>NEI GIORNI 15 E 16 OTTOBRE DALLE 8.15 ALLE 12 E DALLE 13 ALLE 17 INTERRUZIONI ALLA VIABILITA&#8217;, MASSIMO 20 MINUTI PER ISPEZIONE VERSANTI TRA PERON E CANDATEN<\/em><\/p>\n<p>&nbsp;<\/p>\n<blockquote><p>PER ASFALTATURA CHIUSURA DELLA PROVINCIALE DEL MIS TRA TISER E CURTI FINO\u00a0 AL 14 OTTOBRE DALLE 7.40 ALLE 12.30 E DALLE 14 ALLE 17.30<\/p>\n<p>&nbsp;<\/p><\/blockquote>\n<p><em><strong>Gestione Servizi Pubblici informa che ad AGORDO<\/strong> nelle LOCALITA&#8217; PIASENT, COLVIGNAS, CAMPON e LE FOCHE l&#8217;acqua erogata dall&#8217;acquedotto non \u00e8 potabile e pu\u00f2 essere usata per scopi alimentari SOLO PREVIA bollitura. GSP ha, comunque, gi\u00e0 adottato le necessarie misure per la disinfezione dell&#8217;acqua presente nei serbatoi e nella rete idrica con l&#8217;aggiunta di cloro.<\/em><\/p>\n<p>&nbsp;<\/p>\n<blockquote><p><strong>Gestione Servizi Pubblici informa che, per lavori<\/strong> alla rete idrica comunale, i giorni 14 e 15 OTTOBRE dalle 8 a FINE LAVORI, verr\u00e0 sospesa l\u2019erogazione dell\u2019acqua a LIVINALLONGO nelle LOCALITA&#8217; PIEVE, RETIZ, GROUPA e COL.<\/p><\/blockquote>\n<p>&nbsp;<\/p>\n<p>&nbsp;<\/p>\n<p>&nbsp;<\/p>\n<h3>ANCHE IERI LA TERRA SEPPUR LEGGERMENTE HA DI NUOVO TREMATO IN PROVINCIA, 2 SCOSSE NE PRIMO POMERIGGIO AD ARSIE&#8217;<\/h3>\n<p><a class=\"dt-pswp-item\" href=\"http:\/\/www.radiopiu.net\/wordpress\/wp-content\/uploads\/2019\/10\/71874669_10220980122799627_3811568975943303168_n.jpg\" data-dt-img-description=\"\" data-large_image_width=\"539\" data-large_image_height=\"960\"><img loading=\"lazy\" decoding=\"async\" class=\"alignnone wp-image-101920\" src=\"http:\/\/www.radiopiu.net\/wordpress\/wp-content\/uploads\/2019\/10\/71874669_10220980122799627_3811568975943303168_n-168x300.jpg\" alt=\"\" width=\"151\" height=\"270\" srcset=\"https:\/\/www.radiopiu.net\/wordpress\/wp-content\/uploads\/2019\/10\/71874669_10220980122799627_3811568975943303168_n-168x300.jpg 168w, https:\/\/www.radiopiu.net\/wordpress\/wp-content\/uploads\/2019\/10\/71874669_10220980122799627_3811568975943303168_n.jpg 539w\" sizes=\"auto, (max-width: 151px) 100vw, 151px\" \/><\/a><a class=\"dt-pswp-item\" href=\"http:\/\/www.radiopiu.net\/wordpress\/wp-content\/uploads\/2019\/10\/72530425_10220980109359291_498082272075841536_n.jpg\" data-dt-img-description=\"\" data-large_image_width=\"539\" data-large_image_height=\"960\"><img loading=\"lazy\" decoding=\"async\" class=\"alignnone wp-image-101919\" src=\"http:\/\/www.radiopiu.net\/wordpress\/wp-content\/uploads\/2019\/10\/72530425_10220980109359291_498082272075841536_n-168x300.jpg\" alt=\"\" width=\"152\" height=\"271\" srcset=\"https:\/\/www.radiopiu.net\/wordpress\/wp-content\/uploads\/2019\/10\/72530425_10220980109359291_498082272075841536_n-168x300.jpg 168w, https:\/\/www.radiopiu.net\/wordpress\/wp-content\/uploads\/2019\/10\/72530425_10220980109359291_498082272075841536_n.jpg 539w\" sizes=\"auto, (max-width: 152px) 100vw, 152px\" \/><\/a><a class=\"dt-pswp-item\" href=\"http:\/\/www.radiopiu.net\/wordpress\/wp-content\/uploads\/2019\/10\/72406046_10220980105759201_5386804375563796480_n.jpg\" data-dt-img-description=\"\" data-large_image_width=\"539\" data-large_image_height=\"960\"><img loading=\"lazy\" decoding=\"async\" class=\"alignnone wp-image-101918\" src=\"http:\/\/www.radiopiu.net\/wordpress\/wp-content\/uploads\/2019\/10\/72406046_10220980105759201_5386804375563796480_n-168x300.jpg\" alt=\"\" width=\"152\" height=\"271\" srcset=\"https:\/\/www.radiopiu.net\/wordpress\/wp-content\/uploads\/2019\/10\/72406046_10220980105759201_5386804375563796480_n-168x300.jpg 168w, https:\/\/www.radiopiu.net\/wordpress\/wp-content\/uploads\/2019\/10\/72406046_10220980105759201_5386804375563796480_n.jpg 539w\" sizes=\"auto, (max-width: 152px) 100vw, 152px\" \/><\/a><\/p>\n<p>&nbsp;<\/p>\n<p>&nbsp;<\/p>\n<p>&nbsp;<\/p>\n<p>&nbsp;<\/p>\n<p>&nbsp;<\/p>\n<p>&nbsp;<\/p>\n<h2>ALLEVAMENTO: NELL&#8217;AGORDINO I GIOVANI CI CREDONO.<\/h2>\n<blockquote><p><em>Futuro positivo per la Cooperativa Agordino Latteria di Vallata grazie alla giovane et\u00e0 dei soci che guidano le aziende.<\/em><\/p><\/blockquote>\n<h3>OGGI SUL CORRIERE DELLE ALPI LO SPECIALE, DI GIANNI SANTOMASO<\/h3>\n<p><strong><a class=\"dt-pswp-item\" href=\"http:\/\/www.radiopiu.net\/wordpress\/wp-content\/uploads\/2019\/10\/img.jpeg\" data-dt-img-description=\"\" data-large_image_width=\"300\" data-large_image_height=\"200\"><img loading=\"lazy\" decoding=\"async\" class=\" wp-image-101985 alignleft\" src=\"http:\/\/www.radiopiu.net\/wordpress\/wp-content\/uploads\/2019\/10\/img-300x200.jpeg\" alt=\"\" width=\"212\" height=\"141\" \/><\/a>I giovani alla guida delle grosse aziende zootecniche agordine, il costante aumento della richiesta di prodotti lattiero-caseari lungo tutto il corso dell&#8217;anno, la nascita di nuove stalle e l&#8217;invito alle istituzioni a contribuire a riportare a prato o a pascolo i boschi colpiti da Vaia.Sono alcuni dei temi che emergono dallo speciale che il Corriere delle Alpi dedica oggi alla realt\u00e0 Cooperativa Agordino Latteria di vallata di Agordo e alla rete di allevatori e agricoltori che la compongono. Una realt\u00e0 in costante crescita tanto che la Cooperativa sociale Agricola Canop di Rivamonte ha deciso di tenere le mucche in stalla anche d&#8217;estate in modo che le esigenze della numerosa clientela che ha ormai valicato i confini provinciali possano essere soddisfatte 365 giorni all&#8217;anno. A due giorni dalla ventesima edizione della Fiera del Bestiam, nell&#8217;approfondimento del Corriere delle Alpi il presidente della Cooperativa Agordino Latteria di vallata, e i soci della stessa Sergio Brenna, Luca Cadorin e Claudio Fadig\u00e0 delineano uno spaccato di una realt\u00e0 economica agordina in cui i giovani hanno deciso di restare, di rischiare, alcuni seguendo le orme dei padri, altri semplicemente la propria vocazione. Sono loro, grazie al sostegno della &#8220;casa&#8221; della cooperativa Agordino latteria di vallata, a far sperare che un futuro, legato alla terra sia ancora possibile. Anche in montagna. Anche in Agordino.<\/strong><\/p>\n<p>&nbsp;<\/p>\n<p>&nbsp;<\/p>\n<p>&nbsp;<\/p>\n<h3>LA FOTO DEL GIORNO&#8230; LA VOLPINA CHE CENA A TAIBON, PUNTUALE OGNI SERA ALLE 19.45<\/h3>\n<p><a class=\"dt-pswp-item\" href=\"http:\/\/www.radiopiu.net\/wordpress\/wp-content\/uploads\/2019\/10\/72546329_10220978987211238_5350212826159906816_n.jpg\" data-dt-img-description=\"\" data-large_image_width=\"960\" data-large_image_height=\"720\"><img loading=\"lazy\" decoding=\"async\" class=\"alignnone size-medium wp-image-101917\" src=\"http:\/\/www.radiopiu.net\/wordpress\/wp-content\/uploads\/2019\/10\/72546329_10220978987211238_5350212826159906816_n-300x225.jpg\" alt=\"\" width=\"300\" height=\"225\" srcset=\"https:\/\/www.radiopiu.net\/wordpress\/wp-content\/uploads\/2019\/10\/72546329_10220978987211238_5350212826159906816_n-300x225.jpg 300w, https:\/\/www.radiopiu.net\/wordpress\/wp-content\/uploads\/2019\/10\/72546329_10220978987211238_5350212826159906816_n-768x576.jpg 768w, https:\/\/www.radiopiu.net\/wordpress\/wp-content\/uploads\/2019\/10\/72546329_10220978987211238_5350212826159906816_n.jpg 960w\" sizes=\"auto, (max-width: 300px) 100vw, 300px\" \/><\/a><\/p>\n<p>&nbsp;<\/p>\n<p>&nbsp;<\/p>\n<h3>IL BLACK OUT A ROCCA PIETORE RICORDA I TRISTI GIORNI DI VAIA<\/h3>\n<p><strong><a class=\"dt-pswp-item\" href=\"http:\/\/www.radiopiu.net\/wordpress\/wp-content\/uploads\/2016\/05\/fuochidartificio_Laste_Civetta_fotoEnricoBaldissera.jpg\" data-dt-img-description=\"\" data-large_image_width=\"1280\" data-large_image_height=\"853\"><img loading=\"lazy\" decoding=\"async\" class=\" wp-image-19784 alignleft\" src=\"http:\/\/www.radiopiu.net\/wordpress\/wp-content\/uploads\/2016\/05\/fuochidartificio_Laste_Civetta_fotoEnricoBaldissera-300x200.jpg\" alt=\"\" width=\"197\" height=\"131\" \/><\/a>ROCCA PIETORE\u00a0<\/strong> Una mezza giornata senza corrente elettrica nelle frazioni di Laste e Rocca Pietore, la causa un guasto nella notte di martedi. Ieri tecnici al lavoro a Digonera\u00a0 per il ripristino della linea. E&#8217; stato danneggiato un cavo dove sono in corso dei lavori sulla linea di media tensione per renderla pi\u00f9 sicura dopo i danni dello scorso anno, indimenticabili in tutto l&#8217;Agordino i tralicci piegati in due o sradicati dal terreno con linee penzolanti e prive di energia elettrica per giorni.<\/p>\n<p><strong>IL SINDACO DI ROCCA PIETORE ANDREA DE BERNARDIN<\/strong><\/p>\n<audio class=\"wp-audio-shortcode\" id=\"audio-101889-1\" preload=\"none\" style=\"width: 100%;\" controls=\"controls\"><source type=\"audio\/mpeg\" src=\"http:\/\/www.radiopiu.net\/wordpress\/wp-content\/uploads\/2019\/10\/ANDREA-1.mp3?_=1\" \/><a href=\"http:\/\/www.radiopiu.net\/wordpress\/wp-content\/uploads\/2019\/10\/ANDREA-1.mp3\">http:\/\/www.radiopiu.net\/wordpress\/wp-content\/uploads\/2019\/10\/ANDREA-1.mp3<\/a><\/audio>\n<p>&nbsp;<\/p>\n<p>&nbsp;<\/p>\n<p>&nbsp;<\/p>\n<p>&nbsp;<\/p>\n<h3>CONTRO LE TRUFFE&#8230;<\/h3>\n<p><span style=\"color: #ff0000;\">ALPAGO<\/span> <strong>Inizia dall&#8217;Alpago una serie di incontri con i Carabinieri per informare circa le truffe porta a porta o per la strada, purtroppo di recente in Alpago ne hanno fatto le spese alcune anziane. L&#8217;amministrazione comunale in collaborazione con l&#8217;Arma provinciale propone il primo appuntamento di senisibilizzazione sul problema ricorrente delel truffe ai danni della fascia pi\u00f9 debole della popolazione. A Pieve, in sala Placido Fabris, domani alle 17.30. Programma: saluto dell&#8217;amministrazione, intervento del Maggiore Emanuela Cervellera Comandante della Compagnia Carabinieri di Belluno, conclusioni del Comandante della Polizia locale dell&#8217;Alpago Angela Zopp\u00e8,<\/strong><\/p>\n<p>&nbsp;<\/p>\n<p>&nbsp;<\/p>\n<p>&nbsp;<\/p>\n<h3>CASO DENGUE A BELLUNO, &#8220;NESSUN RISCHIO DI CONTAGIO&#8221;<\/h3>\n<p><strong><a class=\"dt-pswp-item\" href=\"http:\/\/www.radiopiu.net\/wordpress\/wp-content\/uploads\/2019\/10\/download-7.jpg\" data-dt-img-description=\"\" data-large_image_width=\"225\" data-large_image_height=\"224\"><img loading=\"lazy\" decoding=\"async\" class=\"size-full wp-image-101881 alignleft\" src=\"http:\/\/www.radiopiu.net\/wordpress\/wp-content\/uploads\/2019\/10\/download-7.jpg\" alt=\"\" width=\"225\" height=\"224\" srcset=\"https:\/\/www.radiopiu.net\/wordpress\/wp-content\/uploads\/2019\/10\/download-7.jpg 225w, https:\/\/www.radiopiu.net\/wordpress\/wp-content\/uploads\/2019\/10\/download-7-150x150.jpg 150w\" sizes=\"auto, (max-width: 225px) 100vw, 225px\" \/><\/a>BELLUNO\u00a0<\/strong> Un caso di \u201cdengue\u201d, malattia infettiva tropicale, \u00e8 stato riscontrato oggi in citt\u00e0: la comunicazione \u00e8 arrivata in mattinata al Sindaco di Belluno, Jacopo Massaro, dall&#8217;Ulss 1 Dolomiti. Subito si \u00e8 attivata la macchina sanitaria e organizzativa: \u00abHo firmato un&#8217;ordinanza contingibile e urgente per motivi di sanit\u00e0 pubblica, per permettere alla ditta specializzata che si occuper\u00e0 della disinfestazione di poter operare\u00bb, spiega Massaro. Le operazioni di disinfestazione interesseranno un&#8217;area di almeno 100 metri nella zona di Via Giorgetti: \u00abSi tratta di un caso di \u201cmalattia di importazione\u201d, cio\u00e8 di una persona bellunese che ha contratto la malattia durante un viaggio all&#8217;estero in zone endemiche. &#8211; spiega il sindaco \u2013 Ci tengo a sotolineare che il rischio di contagio \u00e8 molto basso, perch\u00e8 la \u201cdengue\u201d viene trasmessa solamente attraverso la puntura infetta della zanzare tigre\u00bb. Proprio per questo, l&#8217;Ulss 1 si \u00e8 gi\u00e0 attivata per le procedure di disinfestazione, mentre il sindaco ricorda come in citt\u00e0 sia ancora in vigore l&#8217;ordinanza anti-zanzare: \u00abOrmai siamo in autunno e le temperature si stanno abbassando, per cui il clima non \u00e8 loro favorevole. &#8211; evidenzia il primo cittadino \u2013 In una situazione cos\u00ec delicata, \u00e8 comunque consigliabile seguire le indicazioni prescritte dall&#8217;ordinanza emessa questa estate\u00bb.<\/p>\n<p><strong>La disinfestazione<\/strong><\/p>\n<p>Sono previsti due diversi tipi di trattamento: il trattamento larvicida avverr\u00e0 domani, gioved\u00ec 10 ottobre, dalle 13.00 e per tutto il pomeriggio. Delle operazioni \u00e8 stata incaricata una ditta specializzata, che effettuer\u00e0 la disinfestazione porta a porta. I trattamenti adulticidi avverranno invece nella notte, tra le 23.30 di gioved\u00ec 10 ottobre e le 6.00 di venerd\u00ec 11 ottobre e tra le 23.30 di venerd\u00ec 11 ottobre e le 6.00 di sabato 12 ottobre. In queste finestre orario, sar\u00e0 necessario chiudere le finestre di casa, ritirare eventuale biancheria stesa all&#8217;esterno e coprire con teli di plastica eventuali orti.<\/p>\n<p><strong>Cosa \u00e8 la febbre \u201cdengue\u201d <\/strong><\/p>\n<p>La Dengue \u00e8 una malattia infettiva endemica nella maggior parte dei tropicali causata dal virus Dengue. La malattia si trasmette tramite la zanzara del genere Aedes, meglio conosciuta come zanzara tigre. La malattia ha un\u2019incubazione di 3-7 giorni e si manifesta con febbre, cefalea, dolore muscolare e articolare, nausea e vomito, oltre al caratteristico rush cutaneo sulla maggior parte del corpo dopo 3-4 giorni dall\u2019insorgenza della febbre.<\/p>\n<p><strong>L&#8217;ORDINANZA DEL SINDACO<\/strong><\/p>\n<div class=\"su-document su-u-responsive-media-yes\"><iframe loading=\"lazy\" src=\"\/\/docs.google.com\/viewer?embedded=true&url=http:\/\/www.radiopiu.net\/wordpress\/wp-content\/uploads\/2019\/10\/Ordinanza_264_2019_emergenza_Dengue.pdf\" width=\"320\" height=\"340\" class=\"su-document\" title=\"\"><\/iframe><\/div>\n<p>&nbsp;<\/p>\n<p>&nbsp;<\/p>\n<p>&nbsp;<\/p>\n<p>&nbsp;<\/p>\n<h3><strong><span style=\"color: #ff0000;\">VAJONT&#8230; LA TRAGICA ONDA. IERI TRA LONGARONE E ROMA<\/span><\/strong><\/h3>\n<h3>L&#8217;INTERVENTO DEL SINDACO ROBERTO PADRIN<\/h3>\n<div class=\"su-document su-u-responsive-media-yes\"><iframe loading=\"lazy\" src=\"\/\/docs.google.com\/viewer?embedded=true&url=http:\/\/www.radiopiu.net\/wordpress\/wp-content\/uploads\/2019\/10\/Discorso-Sindaco-9-ottobre-2019.doc\" width=\"320\" height=\"340\" class=\"su-document\" title=\"\"><\/iframe><\/div>\n<p>&nbsp;<\/p>\n<p>&nbsp;<\/p>\n<h3>9 OTTOBRE 1963 &#8211; 9 OTTOBRE 2019 VAJONT. L&#8217;intervento di Roger De Menech in Parlamento<\/h3>\n<p><strong>ROMA<\/strong> &#8220;Con la consueta grande commozione sono intervenuto oggi in aula per ricordare la tragedia del Vajont&#8221;&#8230;<\/p>\n<div style=\"width: 608px;\" class=\"wp-video\"><video class=\"wp-video-shortcode\" id=\"video-101889-1\" width=\"608\" height=\"480\" preload=\"metadata\" controls=\"controls\"><source type=\"video\/mp4\" src=\"http:\/\/www.radiopiu.net\/wordpress\/wp-content\/uploads\/2019\/10\/WhatsApp-Video-2019-10-09-at-15.27.11.mp4?_=1\" \/><a href=\"http:\/\/www.radiopiu.net\/wordpress\/wp-content\/uploads\/2019\/10\/WhatsApp-Video-2019-10-09-at-15.27.11.mp4\">http:\/\/www.radiopiu.net\/wordpress\/wp-content\/uploads\/2019\/10\/WhatsApp-Video-2019-10-09-at-15.27.11.mp4<\/a><\/video><\/div>\n<p>&nbsp;<\/p>\n<h3><\/h3>\n<h3>9 OTTOBRE 1963 &#8211; 9 OTTOBRE 2019. VAJONT l&#8217;intervento di Dario Bond in Parlamento<\/h3>\n<p><strong>ROMA, audio dal notiziario delle 12.30\u00a0<\/strong><\/p>\n<audio class=\"wp-audio-shortcode\" id=\"audio-101889-2\" preload=\"none\" style=\"width: 100%;\" controls=\"controls\"><source type=\"audio\/mpeg\" src=\"http:\/\/www.radiopiu.net\/wordpress\/wp-content\/uploads\/2019\/10\/bond-parlamento.mp3?_=2\" \/><a href=\"http:\/\/www.radiopiu.net\/wordpress\/wp-content\/uploads\/2019\/10\/bond-parlamento.mp3\">http:\/\/www.radiopiu.net\/wordpress\/wp-content\/uploads\/2019\/10\/bond-parlamento.mp3<\/a><\/audio>\n<p>&nbsp;<\/p>\n<div style=\"width: 720px;\" class=\"wp-video\"><video class=\"wp-video-shortcode\" id=\"video-101889-2\" width=\"720\" height=\"576\" preload=\"metadata\" controls=\"controls\"><source type=\"video\/mp4\" src=\"http:\/\/www.radiopiu.net\/wordpress\/wp-content\/uploads\/2019\/10\/WhatsApp-Video-2019-10-09-at-14.05.14.mp4?_=2\" \/><a href=\"http:\/\/www.radiopiu.net\/wordpress\/wp-content\/uploads\/2019\/10\/WhatsApp-Video-2019-10-09-at-14.05.14.mp4\">http:\/\/www.radiopiu.net\/wordpress\/wp-content\/uploads\/2019\/10\/WhatsApp-Video-2019-10-09-at-14.05.14.mp4<\/a><\/video><\/div>\n<p>&nbsp;<\/p>\n<p>&nbsp;<\/p>\n<p>&nbsp;<\/p>\n<h3><a class=\"dt-pswp-item\" href=\"http:\/\/www.radiopiu.net\/wordpress\/wp-content\/uploads\/2019\/03\/DE-CARLO.jpg\" data-dt-img-description=\"\" data-large_image_width=\"471\" data-large_image_height=\"471\"><img loading=\"lazy\" decoding=\"async\" class=\"wp-image-78825 alignleft\" src=\"http:\/\/www.radiopiu.net\/wordpress\/wp-content\/uploads\/2019\/03\/DE-CARLO-300x300.jpg\" alt=\"\" width=\"125\" height=\"125\" srcset=\"https:\/\/www.radiopiu.net\/wordpress\/wp-content\/uploads\/2019\/03\/DE-CARLO-300x300.jpg 300w, https:\/\/www.radiopiu.net\/wordpress\/wp-content\/uploads\/2019\/03\/DE-CARLO-150x150.jpg 150w, https:\/\/www.radiopiu.net\/wordpress\/wp-content\/uploads\/2019\/03\/DE-CARLO.jpg 471w\" sizes=\"auto, (max-width: 125px) 100vw, 125px\" \/><\/a>9 OTTOBRE 1963 &#8211; 9 OTTOBRE 2019. VAJONT l&#8217;intervento di Luca De Carlo in Parlamento<\/h3>\n<audio class=\"wp-audio-shortcode\" id=\"audio-101889-3\" preload=\"none\" style=\"width: 100%;\" controls=\"controls\"><source type=\"audio\/mpeg\" src=\"http:\/\/www.radiopiu.net\/wordpress\/wp-content\/uploads\/2019\/10\/luca-de-carlo.mp3?_=3\" \/><a href=\"http:\/\/www.radiopiu.net\/wordpress\/wp-content\/uploads\/2019\/10\/luca-de-carlo.mp3\">http:\/\/www.radiopiu.net\/wordpress\/wp-content\/uploads\/2019\/10\/luca-de-carlo.mp3<\/a><\/audio>\n<p>&nbsp;<\/p>\n<h1><\/h1>\n<p>&nbsp;<\/p>\n<h1><span style=\"color: #0000ff;\">LA CANZONE<\/span><\/h1>\n<h3><em>&#8220;mi ha colpito molto, visto che riguarda la nostra provincia da vicino e in occasione di un anniversario come quello del Vajont&#8221; romina.<\/em><\/h3>\n<h3><em>&#8220;Delle 1910 Vittime (escluse quelle del dopo Vajont, mai calcolate, dimenticate) 457 sono i bambini sotto i 15 anni 30 di loro non sono mai nati&#8221;<\/em><\/h3>\n<h3><em>&#8220;splendida la voce e molto toccante il brano complimenti&#8221;<\/em><\/h3>\n<p><iframe loading=\"lazy\" title=\"Giorgia Canton - Dove tutto si ferma (feat. Filippo Viel)\" width=\"1200\" height=\"675\" src=\"https:\/\/www.youtube.com\/embed\/3Mi59hkThaA?feature=oembed\" frameborder=\"0\" allow=\"accelerometer; autoplay; encrypted-media; gyroscope; picture-in-picture\" allowfullscreen><\/iframe><\/p>\n<p>&nbsp;<\/p>\n<p>&nbsp;<\/p>\n<p>&nbsp;<\/p>\n<h3>L&#8217;AUTONOMIA DIFFERENZIATA<\/h3>\n<p class=\"western\">Il Presidente della Regione del Veneto, Luca Zaia, \u00e8 intervenuto alla sessione plenaria del Comitato delle Regioni a Bruxelles. Nell\u2019occasione ha rilasciato dichiarazioni in materia di autonomia differenziata<\/p>\n<div style=\"width: 1200px;\" class=\"wp-video\"><video class=\"wp-video-shortcode\" id=\"video-101889-3\" width=\"1200\" height=\"675\" preload=\"metadata\" controls=\"controls\"><source type=\"video\/mp4\" src=\"http:\/\/www.radiopiu.net\/wordpress\/wp-content\/uploads\/2019\/10\/Zaia-su-autonomia-plenaria-CoR.mp4?_=3\" \/><a href=\"http:\/\/www.radiopiu.net\/wordpress\/wp-content\/uploads\/2019\/10\/Zaia-su-autonomia-plenaria-CoR.mp4\">http:\/\/www.radiopiu.net\/wordpress\/wp-content\/uploads\/2019\/10\/Zaia-su-autonomia-plenaria-CoR.mp4<\/a><\/video><\/div>\n<p>&nbsp;<\/p>\n<p>&nbsp;<\/p>\n<p>&nbsp;<\/p>\n<p>&nbsp;<\/p>\n<h2>IL NUOVO SOCIO DELLA PADON IMPIANTI<\/h2>\n<p><a class=\"dt-pswp-item\" href=\"http:\/\/www.radiopiu.net\/wordpress\/wp-content\/uploads\/2019\/10\/cs-padon-3.jpeg\" data-dt-img-description=\"\" data-large_image_width=\"683\" data-large_image_height=\"1199\"><img loading=\"lazy\" decoding=\"async\" class=\"size-medium wp-image-101900 alignleft\" src=\"http:\/\/www.radiopiu.net\/wordpress\/wp-content\/uploads\/2019\/10\/cs-padon-3-171x300.jpeg\" alt=\"\" width=\"171\" height=\"300\" srcset=\"https:\/\/www.radiopiu.net\/wordpress\/wp-content\/uploads\/2019\/10\/cs-padon-3-171x300.jpeg 171w, https:\/\/www.radiopiu.net\/wordpress\/wp-content\/uploads\/2019\/10\/cs-padon-3-583x1024.jpeg 583w, https:\/\/www.radiopiu.net\/wordpress\/wp-content\/uploads\/2019\/10\/cs-padon-3.jpeg 683w\" sizes=\"auto, (max-width: 171px) 100vw, 171px\" \/><\/a><strong>ROCCA PIETORE<\/strong> <span style=\"font-family: Bookman Old Style, serif;\">La societ\u00e0 Padon Srl ha un nuovo socio di maggioranza. Nei giorni scorsi si \u00e8 perfezionato l\u2019accordo di vendita della quota di maggioranza, il 94,53%, della societ\u00e0 Padon srl che passa cos\u00ec dalla societ\u00e0 Ciampac e Contrin S.p.a. di Canazei alla Societ\u00e0 Impianti Turistici Boe S.p.a. di Arabba. <\/span><span style=\"font-family: Bookman Old Style, serif;\">Il passaggio di consegne \u00e8 stato confermato nel corso dell\u2019Assemblea convocata dalla societ\u00e0 in cui i precedenti amministratori, voce della Ciampac e Contrin S.p.a., si sono dimessi a favore di un nuovo consiglio di amministrazione composto da Carlo Nicolodi, Marco Grigoletto e Diego De Battista, gi\u00e0 presidente della Impianti Turistici Boe S.p.a., della Sofma S.p.a. e della Arabba Fly srl &#8211; tutte societ\u00e0 della nota localit\u00e0 turistica del Comune di Livinallongo del col di Lana. <\/span><span style=\"font-family: Bookman Old Style, serif;\">Con questa acquisizione il nuovo gruppo Funivie Arabba si rafforza ulteriormente sull\u2019asse Arabba \u2013 Marmolada avendo il controllo diretto di tutti gli impianti presenti dal passo Campolongo alla base della Marmolada, assieme a ben sei rifugi di propriet\u00e0 e diversi altri servizi.<\/span><\/p>\n<blockquote>\n<p align=\"JUSTIFY\"><span style=\"font-family: Bookman Old Style, serif;\"><em>Soddisfatto il Sindaco di Rocca Pietore Andrea De Bernardin che accoglie con positivit\u00e0 l\u2019arrivo del nuovo gruppo nelle vicende economiche e turistiche del Comune: \u201c\u00e8 senz\u2019altro positivo che vi siano una societ\u00e0 e degli imprenditori che intendano sviluppare l\u2019area alta di Rocca Pietore dopo che la nostra Amministrazione ha investito circa 5 milioni dei fondi ODI a disposizione per sistemare le criticit\u00e0 presenti in seno ai territori gestiti dalla Padon srl. Del resto, il Comune vive di turismo e per noi \u00e8 prioritaria l\u2019esistenza degli impianti di risalita, senza i quali anche le attivit\u00e0 commerciali del nostro territorio sarebbero in grosse <a class=\"dt-pswp-item\" href=\"http:\/\/www.radiopiu.net\/wordpress\/wp-content\/uploads\/2019\/10\/padon1.jpg\" data-dt-img-description=\"\" data-large_image_width=\"800\" data-large_image_height=\"533\"><img loading=\"lazy\" decoding=\"async\" class=\"size-medium wp-image-101902 alignright\" src=\"http:\/\/www.radiopiu.net\/wordpress\/wp-content\/uploads\/2019\/10\/padon1-300x200.jpg\" alt=\"\" width=\"300\" height=\"200\" srcset=\"https:\/\/www.radiopiu.net\/wordpress\/wp-content\/uploads\/2019\/10\/padon1-300x200.jpg 300w, https:\/\/www.radiopiu.net\/wordpress\/wp-content\/uploads\/2019\/10\/padon1-768x512.jpg 768w, https:\/\/www.radiopiu.net\/wordpress\/wp-content\/uploads\/2019\/10\/padon1.jpg 800w\" sizes=\"auto, (max-width: 300px) 100vw, 300px\" \/><\/a>difficolt\u00e0. L\u2019arrivo di De Battista ci tranquillizza molto sul futuro della societ\u00e0, piuttosto in difficolt\u00e0 negli ultimi anni a causa delle diverse contingenze dovute agli eventi atmosferici quali la tempesta Vaia e la valanga del 2014.\u201d<\/em><\/span><\/p>\n<\/blockquote>\n<p align=\"JUSTIFY\"><span style=\"font-family: Bookman Old Style, serif;\">Il nuovo gruppo Funivie Arabba, capitanato da SIT Bo\u00e8, ha recentemente acquisito la maggioranza delle quote di Sofma S.p.a. \u2013 ossia la zona di Porta Vescovo \u2013 e intende ora avvicinare Arabba e la Marmolada con l\u2019acquisizione di Padon Marmolada Srl. Diversi sono i progetti in fase di studio per raggiungere quest\u2019obiettivo, oggi <a class=\"dt-pswp-item\" href=\"http:\/\/www.radiopiu.net\/wordpress\/wp-content\/uploads\/2019\/10\/padon3.jpg\" data-dt-img-description=\"\" data-large_image_width=\"2000\" data-large_image_height=\"1333\"><img loading=\"lazy\" decoding=\"async\" class=\"size-medium wp-image-101904 alignleft\" src=\"http:\/\/www.radiopiu.net\/wordpress\/wp-content\/uploads\/2019\/10\/padon3-300x200.jpg\" alt=\"\" width=\"300\" height=\"200\" srcset=\"https:\/\/www.radiopiu.net\/wordpress\/wp-content\/uploads\/2019\/10\/padon3-300x200.jpg 300w, https:\/\/www.radiopiu.net\/wordpress\/wp-content\/uploads\/2019\/10\/padon3-768x512.jpg 768w, https:\/\/www.radiopiu.net\/wordpress\/wp-content\/uploads\/2019\/10\/padon3-1024x682.jpg 1024w, https:\/\/www.radiopiu.net\/wordpress\/wp-content\/uploads\/2019\/10\/padon3.jpg 2000w\" sizes=\"auto, (max-width: 300px) 100vw, 300px\" \/><\/a>pi\u00f9 vicino che mai. La Padon Marmolada detiene anche la propriet\u00e0 del Rifugio Padon, che la nuova propriet\u00e0 ha dichiarato di voler lasciare agli attuali gestori.<\/span><\/p>\n<p align=\"JUSTIFY\"><em><span style=\"font-family: Bookman Old Style, serif;\">Soddisfatto anche De Battista: \u201dsi tratta di un investimento importante che fa parte di una strategia per lo sviluppo di un prodotto Arabba \u2013 Marmolada. <\/span><span style=\"font-family: Bookman Old Style, serif;\">Il nostro gruppo sta crescendo e abbiamo sempre pi\u00f9 bisogno di risorse e capitale umano in grado di dare valore e sviluppare il prodotto turistico che abbiamo in mente, creando cos\u00ec valore e benessere sul territorio grazie all\u2019indotto che sar\u00e0 generato nei confronti dell\u2019intera filiera. La Padon al momento ha qualche difficolt\u00e0 finanziaria ma ci impegneremo fin da subito per riportarla ad una gestione che miri al pareggio di bilancio e alla creazione di valore sia sul piano economico che sociale. Abbiamo le idee molto chiare sul futuro della societ\u00e0 e sugli sviluppi turistici della zona: su questo punto, un plauso va sicuramente anche al Comune di Rocca Pietore che si \u00e8 impegnato pi\u00f9 volte in passato per aiutare Padon nella messa in sicurezza e nella sistemazione dei terreni a uso pista. Siamo convinti che la stessa considerazione avr\u00e0 per noi la Regione Veneto quando andremo a proporre gli investimenti necessari allo sviluppo sciistico dell\u2019area. Diamoci del tempo, direi 3 anni, e vedrete questa societ\u00e0 rinascere.\u201d<\/span><\/em><\/p>\n<p>&nbsp;<\/p>\n<p>&nbsp;<\/p>\n<p>&nbsp;<\/p>\n<h3>LA DONAZIONE DELLA CASSA RURALE DOLOMITI DI FASSA E PRIMIERO ALL&#8217;OSPEDALE DI FELTRE<\/h3>\n<blockquote>\n<p align=\"JUSTIFY\"><em><span style=\"font-size: medium;\">La cassa Rurale Dolomiti e i donatori di sangue della sezione di Mugnai hanno donato alla Nefrologia e dialisi di Feltre un ecografo del valore di 25.000 euro.<\/span><\/em><\/p>\n<\/blockquote>\n<p><strong><img loading=\"lazy\" decoding=\"async\" class=\" wp-image-101927 alignleft\" src=\"http:\/\/www.radiopiu.net\/wordpress\/wp-content\/uploads\/2019\/10\/0d4201f3-4610-496d-8de0-4c456640d83e-300x225.jpg\" alt=\"\" width=\"192\" height=\"144\" srcset=\"https:\/\/www.radiopiu.net\/wordpress\/wp-content\/uploads\/2019\/10\/0d4201f3-4610-496d-8de0-4c456640d83e-300x225.jpg 300w, https:\/\/www.radiopiu.net\/wordpress\/wp-content\/uploads\/2019\/10\/0d4201f3-4610-496d-8de0-4c456640d83e-768x576.jpg 768w, https:\/\/www.radiopiu.net\/wordpress\/wp-content\/uploads\/2019\/10\/0d4201f3-4610-496d-8de0-4c456640d83e-1024x768.jpg 1024w, https:\/\/www.radiopiu.net\/wordpress\/wp-content\/uploads\/2019\/10\/0d4201f3-4610-496d-8de0-4c456640d83e.jpg 1600w\" sizes=\"auto, (max-width: 192px) 100vw, 192px\" \/>FELTRE<\/strong> L\u2019ospedale di Feltre pu\u00f2 annoverare da oggi, tra le proprie dotazioni tecnologiche, un nuovo ecografo destinato all\u2019Unit\u00e0 operativa di dialisi e nefrologia. L\u2019iniziativa \u00e8 nata per volont\u00e0 della Cassa Rurale Dolomiti, con la collaborazione dell\u2019associazione dei donatori di sangue di Mugnai.<\/p>\n<blockquote><p><em>Indagare in maniera sempre meno invasiva e con maggiore precisione lo s<\/em><\/p>\n<p><em>tato di salute dei pazienti e diagnosticare precocemente eventuali patologie: l\u2019ecografo \u00e8 uno strumento utilizzato in ambiti sempre pi\u00f9 ampi anche nel campo delle malattie renali. Cos\u00ec, grazie alla segnalazione di un ex collaboratore, la Cassa Rurale Dolomiti di Fassa Primiero e Belluno ha deciso di individuare nel servizio di dialisi e nefrologia del \u201cS. Maria del Prato\u201d di Feltre il beneficiario della donazione di un ecografo di ultima generazione<\/em><\/p><\/blockquote>\n<p><strong>IL DOTTOR ANDREA BANDERA, DIRETTORE NEFROLOGIA DIALISI OSPEDALE DI FELTRE<\/strong><\/p>\n<audio class=\"wp-audio-shortcode\" id=\"audio-101889-4\" preload=\"none\" style=\"width: 100%;\" controls=\"controls\"><source type=\"audio\/mpeg\" src=\"http:\/\/www.radiopiu.net\/wordpress\/wp-content\/uploads\/2019\/10\/Audio-Bandera.mp3?_=4\" \/><a href=\"http:\/\/www.radiopiu.net\/wordpress\/wp-content\/uploads\/2019\/10\/Audio-Bandera.mp3\">http:\/\/www.radiopiu.net\/wordpress\/wp-content\/uploads\/2019\/10\/Audio-Bandera.mp3<\/a><\/audio>\n<p>&nbsp;<\/p>\n<p>Il nuovo ecografo, alla cui donazione ha collaborato anche la sezione donatori di sangue di Mugnai, ha un valore di circa 25 mila euro e rientra nel piano di interventi che l\u2019istituto di credito ha in atto (come il posizionamento all\u2019esterno di tutte le proprie filiali di un defibrillatore) nel campo della tutela della salute dei cittadini.<\/p>\n<p><strong>CARLO VADAGNINI PRESIDENTE CASSA RURALE DOLOMITI\u00a0<\/strong><\/p>\n<audio class=\"wp-audio-shortcode\" id=\"audio-101889-5\" preload=\"none\" style=\"width: 100%;\" controls=\"controls\"><source type=\"audio\/mpeg\" src=\"http:\/\/www.radiopiu.net\/wordpress\/wp-content\/uploads\/2019\/10\/valdagni.mp3?_=5\" \/><a href=\"http:\/\/www.radiopiu.net\/wordpress\/wp-content\/uploads\/2019\/10\/valdagni.mp3\">http:\/\/www.radiopiu.net\/wordpress\/wp-content\/uploads\/2019\/10\/valdagni.mp3<\/a><\/audio>\n<blockquote>\n<p align=\"JUSTIFY\"><em><span style=\"font-size: medium;\">L\u2019ecografo donato, di ultima generazione, si presta in particolar modo ad un uso flessibile e adatto alla nefrologia.<\/span><\/em><\/p>\n<\/blockquote>\n<p><strong>DOTTORESSA MARIANNA LORENZONI MEDICO PRESSO IL SANTA MARIA DEL PRATO\u00a0<\/strong><\/p>\n<audio class=\"wp-audio-shortcode\" id=\"audio-101889-6\" preload=\"none\" style=\"width: 100%;\" controls=\"controls\"><source type=\"audio\/mpeg\" src=\"http:\/\/www.radiopiu.net\/wordpress\/wp-content\/uploads\/2019\/10\/lorenzoni.mp3?_=6\" \/><a href=\"http:\/\/www.radiopiu.net\/wordpress\/wp-content\/uploads\/2019\/10\/lorenzoni.mp3\">http:\/\/www.radiopiu.net\/wordpress\/wp-content\/uploads\/2019\/10\/lorenzoni.mp3<\/a><\/audio>\n<p align=\"JUSTIFY\"><em><span style=\"font-size: medium;\">L\u2019Azienda ringrazia per la generosit\u00e0 dimostrata, stimolo per continuare migliorare sempre di pi\u00f9 i servizi offerti<\/span><\/em><\/p>\n<p>&nbsp;<\/p>\n<p>&nbsp;<\/p>\n<p>&nbsp;<\/p>\n<h3>LA PROVINCIA OLIMPICA A MATERA: GRANDE AFFLUSSO DI PUBBLICO NELLA GIORNATA DI APERTURA DELLA MOSTRA FOTOGRAFICA<\/h3>\n<p><a class=\"dt-pswp-item\" href=\"http:\/\/www.radiopiu.net\/wordpress\/wp-content\/uploads\/2019\/10\/P1020436-1.jpg\" data-dt-img-description=\"\" data-large_image_width=\"4592\" data-large_image_height=\"2584\"><img loading=\"lazy\" decoding=\"async\" class=\" wp-image-101896 alignleft\" src=\"http:\/\/www.radiopiu.net\/wordpress\/wp-content\/uploads\/2019\/10\/P1020436-1-300x169.jpg\" alt=\"\" width=\"209\" height=\"118\" srcset=\"https:\/\/www.radiopiu.net\/wordpress\/wp-content\/uploads\/2019\/10\/P1020436-1-300x169.jpg 300w, https:\/\/www.radiopiu.net\/wordpress\/wp-content\/uploads\/2019\/10\/P1020436-1-768x432.jpg 768w, https:\/\/www.radiopiu.net\/wordpress\/wp-content\/uploads\/2019\/10\/P1020436-1-1024x576.jpg 1024w\" sizes=\"auto, (max-width: 209px) 100vw, 209px\" \/><\/a><strong>MATERA_BELLUNO<\/strong>\u00a0 Un inizio con il botto. Nella prima giornata di apertura, ieri\u00a0 a Matera, della mostra \u201c1956-2026 Belluno Dolomiti, una provincia olimpica\u201d, realizzata da Confindustria Belluno Dolomiti e dal Consorzio Dmo Dolomiti, sono stati gi\u00e0 centinaia i visitatori che hanno potuto apprezzare e ammirare l\u2019esposizione nella splendida cornice degli Ipogei San Francesco, uno spazio privilegiato nel pieno centro storico della Citt\u00e0 della Cultura Europea 2019. La mostra rester\u00e0 aperta fino al 13 ottobre, ha come filo conduttore le Olimpiadi e l\u2019evoluzione degli sport invernali, raccontati in settant\u2019anni di cambiamenti. Ma i pilastri della \u201cnarrazione\u201d bellunese riguardano anche le Dolomiti Unesco, il Tiziano, l\u2019occhialeria, con l\u2019intento di far emergere un territorio capace di esprimersi ai massimi livelli in tutti i campi, a partire dalla cultura d\u2019impresa. E a proposito di cultura d\u2019impresa, un altro importante appuntamento nella Capitale europea della Cultura 2021 sar\u00e0 dedicato alla figura di Adriano Olivetti, imprenditore che segn\u00f2 un\u2019epoca. A parlarne sar\u00e0 \u2013 venerd\u00ec 11 ottobre alle 18,30 \u2013 il noto giornalista Furio Colombo, autore del libro \u201cIl tempo di Adriano Olivetti\u201d. Sabato 12 ottobre alle ore 17 saranno gli aspetti pi\u00f9 turistici e i prodotti tipici della montagna bellunese a essere protagonisti nell\u2019evento Happy hour Dolomiti.<\/p>\n<p>&nbsp;<\/p>\n<p>&nbsp;<\/p>\n<p>&nbsp;<\/p>\n<p>&nbsp;<\/p>\n<h3>PROVE DI FUTURO A CONFINDUSTRIA \u2013 LUNED\u00cc A VILLA DOGLIONI DALMAS GRANDE EVENTO PER LE IMPRESE BELLUNESI<\/h3>\n<p><strong><a class=\"dt-pswp-item\" href=\"http:\/\/www.radiopiu.net\/wordpress\/wp-content\/uploads\/2019\/10\/oliveri.jpg\" data-dt-img-description=\"\" data-large_image_width=\"230\" data-large_image_height=\"184\"><img loading=\"lazy\" decoding=\"async\" class=\" wp-image-101897 alignleft\" src=\"http:\/\/www.radiopiu.net\/wordpress\/wp-content\/uploads\/2019\/10\/oliveri.jpg\" alt=\"\" width=\"188\" height=\"150\" \/><\/a>BELLUNO<\/strong>\u00a0 Prove di futuro luned\u00ec 14 ottobre a Palazzo Doglioni Dalmas con una iniziativa destinata a imprenditori e manager di tutte le imprese del territorio nell\u2019ambito delle attivit\u00e0 del Digital Innovation Hub Belluno Dolomiti. Relatore della giornata sar\u00e0 Roberto Poli, professore del Dipartimento di Sociologia e Ricerca sociale a Trento con cattedra Unesco per i sistemi anticipanti, studioso di fama internazionale e autore del libro \u201cLavorare con il futuro. Idee e strumenti per governare l\u2019incertezza\u201d. Accanto a lui ci sar\u00e0 Stefano Oliveri, direttore Scnheineder Electri (foto), che porter\u00e0 l\u2019esperienza maturata in azienda sul cosiddetto \u201cstudio dei futuri\u201d. Il presupposto \u00e8 semplice: cos\u00ec come esistono strumenti per studiare la storia, ci sono strumenti altrettanto robusti per studiare il futuro. E anticiparlo. \u00a0L\u2019evento si terr\u00e0 luned\u00ec 14 a partire dalle 16 in sala Caldart a Villa Doglioni Dalmas; seguir\u00e0 un laboratorio pratico il 26 novembre prossimo, dove sperimentare le nuove metodologie.<\/p>\n<p>&nbsp;<\/p>\n<p>&nbsp;<\/p>\n<p>&nbsp;<\/p>\n<h3>TELEFONIA MOBILE SENZA SEGNALE: 1450 SEGNALAZIONI TRASMESSE A UNCEM.<\/h3>\n<p><a class=\"dt-pswp-item\" href=\"http:\/\/www.radiopiu.net\/wordpress\/wp-content\/uploads\/2018\/12\/argentera_ferrere-3.jpg\" data-dt-img-description=\"\" data-large_image_width=\"865\" data-large_image_height=\"330\"><img loading=\"lazy\" decoding=\"async\" class=\"size-medium wp-image-71005 alignleft\" src=\"http:\/\/www.radiopiu.net\/wordpress\/wp-content\/uploads\/2018\/12\/argentera_ferrere-3-300x114.jpg\" alt=\"\" width=\"300\" height=\"114\" srcset=\"https:\/\/www.radiopiu.net\/wordpress\/wp-content\/uploads\/2018\/12\/argentera_ferrere-3-300x114.jpg 300w, https:\/\/www.radiopiu.net\/wordpress\/wp-content\/uploads\/2018\/12\/argentera_ferrere-3-768x293.jpg 768w, https:\/\/www.radiopiu.net\/wordpress\/wp-content\/uploads\/2018\/12\/argentera_ferrere-3.jpg 865w\" sizes=\"auto, (max-width: 300px) 100vw, 300px\" \/><\/a>Da luglio a settembre 2019, Uncem ha ricevuto 1450 mail con le segnalazioni delle aree del Paese non coperte dal segnale di telefonia mobile, da parte di Sindaci, Amministratori locali e cittadini. Un&#8217;analisi partita dal basso che ha permesso all&#8217;Unione nazionale dei Comuni, delle Comunit\u00e0 e degli Enti montani di comporre un elenco con 1220 Comuni e relativi borghi, frazioni, strade, pezzi di territorio dove telefonare, mandare un messaggio, navigare in internet con il proprio smartphone \u00e8 impossibile o quasi. La mappatura verr\u00e0 riaggiornata tra sei mesi, perch\u00e9 \u00e8 senz&#8217;altro parziale e potr\u00e0 subire variazioni, anche migliorative.<\/p>\n<blockquote><p><em>&#8220;Abbiamo avuto un&#8217;alta adesione a questa campagna promossa da Uncem &#8211; spiega il Presidente nazionale, Marco Bussone &#8211; che vuole puntare a risolvere un problema che ormai riscontriamo da due decenni. E del quale abbiamo parlato con i vertici delle Compagnie di telefonia mobile, riscontrando positivo impegno e apertura. Un confronto che apprezzo molto. Eppure, oggi nelle aree montane e interne del Paese, telefonare \u00e8 sempre pi\u00f9 difficile. Non solo Alpi e Appennini. Sono moltissime le segnalazioni dalla Sardegna, dove la desertificazione e lo spopolamento si uniscono alla mancanza di servizi digitali&#8221;.<\/em><\/p><\/blockquote>\n<p>&nbsp;<\/p>\n<p>&nbsp;<\/p>\n<p>&nbsp;<\/p>\n<p>&nbsp;<\/p>\n<p><span style=\"color: #ff0000;\">IL PARERE<\/span><\/p>\n<p><strong><a class=\"dt-pswp-item\" href=\"http:\/\/www.radiopiu.net\/wordpress\/wp-content\/uploads\/2019\/10\/20190823_111529-1.jpg\" data-dt-img-description=\"\" data-large_image_width=\"1512\" data-large_image_height=\"2016\"><img loading=\"lazy\" decoding=\"async\" class=\" wp-image-101625 alignleft\" src=\"http:\/\/www.radiopiu.net\/wordpress\/wp-content\/uploads\/2019\/10\/20190823_111529-1-225x300.jpg\" alt=\"\" width=\"143\" height=\"191\" srcset=\"https:\/\/www.radiopiu.net\/wordpress\/wp-content\/uploads\/2019\/10\/20190823_111529-1-225x300.jpg 225w, https:\/\/www.radiopiu.net\/wordpress\/wp-content\/uploads\/2019\/10\/20190823_111529-1-768x1024.jpg 768w, https:\/\/www.radiopiu.net\/wordpress\/wp-content\/uploads\/2019\/10\/20190823_111529-1.jpg 1512w\" sizes=\"auto, (max-width: 143px) 100vw, 143px\" \/><\/a>GRAZIE SINDACO, MAURO SOPPELSA<\/strong><\/p>\n<blockquote><p><strong>CENCENIGHE<\/strong>\u00a0 In merito al problema relativo all\u2019acquedotto di Lorenzon In Cencenighe, desidero ringraziare il Sindaco Mauro Soppelsa, tutta la giunta, nonch\u00e9 i tecnici, per l\u2019interessamento alla questione. Sono certo che il loro sostegno porter\u00e0 sicuramente ad una soluzione. Come cittadino, colgo l\u2019occasione anche per ringraziare il primo cittadino e i pi\u00f9 vicini collaboratori, coadiuvati dai gruppi di volontariato, per quanto \u00e8 stato fatto con grande tempestivit\u00e0 e forte lucidit\u00e0 a seguito del disastroso Vaia ed anche per quanto stanno tutt\u2019ora facendo e faranno per ripristinare il paesaggio e le infrastrutture del paese, ben consapevole che per certi interventi ci vorr\u00e0 ancora molto tempo. Cencenighe in quell\u2019occasione ha dato esempio in vallata di grande fraternit\u00e0 e collaborazione.<br \/>\nMoreno.<\/p><\/blockquote>\n<p>&nbsp;<\/p>\n<p>&nbsp;<\/p>\n<h3>QUAD IN QUOTA PI\u00d9 FORTE DI VAIA: TORNA IN VAL DEL BIOIS IL TOUR 4&#215;4 DELLE DOLOMITI<\/h3>\n<blockquote><p>&nbsp;<\/p>\n<p><em>Nel weekend 11-13 ottobre l\u2019edizione 2019. Itinerari per\u00a0 180 km<\/em><\/p><\/blockquote>\n<p><strong><a class=\"dt-pswp-item\" href=\"http:\/\/www.radiopiu.net\/wordpress\/wp-content\/uploads\/2019\/10\/quad-in-quota-1.jpg\" data-dt-img-description=\"\" data-large_image_width=\"1500\" data-large_image_height=\"1000\"><img loading=\"lazy\" decoding=\"async\" class=\" wp-image-101893 alignleft\" src=\"http:\/\/www.radiopiu.net\/wordpress\/wp-content\/uploads\/2019\/10\/quad-in-quota-1-300x200.jpg\" alt=\"\" width=\"252\" height=\"168\" srcset=\"https:\/\/www.radiopiu.net\/wordpress\/wp-content\/uploads\/2019\/10\/quad-in-quota-1-300x200.jpg 300w, https:\/\/www.radiopiu.net\/wordpress\/wp-content\/uploads\/2019\/10\/quad-in-quota-1-768x512.jpg 768w, https:\/\/www.radiopiu.net\/wordpress\/wp-content\/uploads\/2019\/10\/quad-in-quota-1-1024x683.jpg 1024w, https:\/\/www.radiopiu.net\/wordpress\/wp-content\/uploads\/2019\/10\/quad-in-quota-1.jpg 1500w\" sizes=\"auto, (max-width: 252px) 100vw, 252px\" \/><\/a>FALCADE<\/strong>\u00a0 Un tour concentrato soprattutto in quota, con un percorso di 80 km, al sabato, e due escursioni, una in notturna di 30 km e una diurna di circa 40 km in Val di Gares e San Tomaso Agordino alla domenica. Torna nella Valle del Biois, in provincia di Belluno, QUAD IN QUOTA, il tour in Quad sulle Dolomiti, che vivr\u00e0 la quarta edizione da venerd\u00ec 11 a domenica 13 ottobre. Come nelle precedenti edizioni, il raduno consiste in un tour guidato a numero chiuso (50 i mezzi ospiti con equipaggi da 8 regioni). Saranno percorse strade silvo-pastorali nel territorio dei 5 comuni della Valle del Biois, con dislivelli importanti (il punto pi\u00f9 basso a Cencenighe con 780 m, il punto pi\u00f9 alto Col Margherita a 2520 m). Un raduno unico nel suo genere, non una competizione, ma bens\u00ec un tour turistico guidato con tutti i quad ordinati in fila indiana.\u00a0 Non pochi i problemi da risolvere quest&#8217;anno per gli organizzatori, dato che alcune strade silvo-pastorali sono letteralmente \u201csparite\u201d a causa dell&#8217;alluvione di fine ottobre 2018. Le nevicate di maggio e la difficile percorribilit\u00e0 dei percorsi in quota hanno portato allo slittamento da giugno ad ottobre. Gli organizzatori di Quad in Quota non si sono per\u00f2 fatti scoraggiare e i percorsi alternativi sono stati studiati accuratamente, in accordo con le amministrazioni di Falcade, Canale d&#8217;Agordo, San Tomaso Agordino e Vallada Agordina, amministrazioni che hanno provveduto durante l&#8217;estate a sistemare svariati km di tracciati silvo-pastorali.<\/p>\n<blockquote><p><em>\u201cQuad in Quota torna pi\u00f9 forte di alluvioni e tempeste\u201d, sottolinea il <a class=\"dt-pswp-item\" href=\"http:\/\/www.radiopiu.net\/wordpress\/wp-content\/uploads\/2019\/10\/quad-in-quota-2-1.jpg\" data-dt-img-description=\"\" data-large_image_width=\"1066\" data-large_image_height=\"1600\"><img loading=\"lazy\" decoding=\"async\" class=\"size-medium wp-image-101892 alignright\" src=\"http:\/\/www.radiopiu.net\/wordpress\/wp-content\/uploads\/2019\/10\/quad-in-quota-2-1-200x300.jpg\" alt=\"\" width=\"200\" height=\"300\" srcset=\"https:\/\/www.radiopiu.net\/wordpress\/wp-content\/uploads\/2019\/10\/quad-in-quota-2-1-200x300.jpg 200w, https:\/\/www.radiopiu.net\/wordpress\/wp-content\/uploads\/2019\/10\/quad-in-quota-2-1-768x1153.jpg 768w, https:\/\/www.radiopiu.net\/wordpress\/wp-content\/uploads\/2019\/10\/quad-in-quota-2-1-682x1024.jpg 682w, https:\/\/www.radiopiu.net\/wordpress\/wp-content\/uploads\/2019\/10\/quad-in-quota-2-1.jpg 1066w\" sizes=\"auto, (max-width: 200px) 100vw, 200px\" \/><\/a>presidente dell\u2019associazione organizzatrice Moreno Tomaselli.<\/em><\/p><\/blockquote>\n<p>Per l\u2019evento si \u00e8 scelto ancora il teatro naturale della Valle del Biois, in provincia di Belluno, che l\u2019associazione per statuto mira a promuovere e proteggere. Una perla circondata dalle pi\u00f9 famose cime dolomitiche: le Pale di San Martino, le Cime d\u2019Auta, il Civetta, il Pelmo, l\u2019Agner e la Marmolada. Quale scenario migliore per un tour guidato sulle quattro ruote en plein air?\u00a0 Il campo-base quest\u2019anno sar\u00e0 allo Sport Hotel Cristal di Falcade, la cui propriet\u00e0 si \u00e8 messa a disposizione per la riuscita dell&#8217;evento. La domenica il gruppo fa tappa a Malga Stia in Val Gares e il pranzo domenicale sar\u00e0 ospitato all\u2019Arena 1082 di San Tomaso Agordino. Confermati anche i momenti culinari, con tappe alla malga Le Buse, in una baita privata e poi la cena all&#8217;Hotel Cristal. Non pu\u00f2 mancare la serata musicale aperta al pubblico prevista sabato sera. Come sempre non mancheranno gli appuntamenti culturali: \u00e8 prevista una visita alle zone colpite dagli eventi alluvionali e dalla tempesta del 2018, a cura del metereologo Anselmo Cagnati.<\/p>\n<p><em>QUAD IN QUOTA pu\u00f2 contare sulla collaborazione e il supporto operativo delle ProLoco di Caviola, Canale d&#8217;Agordo, Vallada Agordina e San Tomaso Agordino.<\/em><\/p>\n<p>&nbsp;<\/p>\n<p>&nbsp;<\/p>\n<h3>LA CASA IN MEZZO AL PRATO DAL LIBRO ALLE BORSE DI STUDIO<\/h3>\n<p><a class=\"dt-pswp-item\" href=\"http:\/\/www.radiopiu.net\/wordpress\/wp-content\/uploads\/2019\/10\/Rocca-P.-06.10.2019.jpg\" data-dt-img-description=\"\" data-large_image_width=\"3916\" data-large_image_height=\"2936\"><img loading=\"lazy\" decoding=\"async\" class=\"aligncenter wp-image-101949 size-large\" src=\"http:\/\/www.radiopiu.net\/wordpress\/wp-content\/uploads\/2019\/10\/Rocca-P.-06.10.2019-1024x768.jpg\" alt=\"\" width=\"1024\" height=\"768\" srcset=\"https:\/\/www.radiopiu.net\/wordpress\/wp-content\/uploads\/2019\/10\/Rocca-P.-06.10.2019-1024x768.jpg 1024w, https:\/\/www.radiopiu.net\/wordpress\/wp-content\/uploads\/2019\/10\/Rocca-P.-06.10.2019-300x225.jpg 300w, https:\/\/www.radiopiu.net\/wordpress\/wp-content\/uploads\/2019\/10\/Rocca-P.-06.10.2019-768x576.jpg 768w\" sizes=\"auto, (max-width: 1024px) 100vw, 1024px\" \/><\/a><\/p>\n<p><strong><a class=\"dt-pswp-item\" href=\"http:\/\/www.radiopiu.net\/wordpress\/wp-content\/uploads\/2019\/10\/Copertina-Libro.jpg\" data-dt-img-description=\"\" data-large_image_width=\"2826\" data-large_image_height=\"3916\"><img loading=\"lazy\" decoding=\"async\" class=\"size-medium wp-image-101948 alignleft\" src=\"http:\/\/www.radiopiu.net\/wordpress\/wp-content\/uploads\/2019\/10\/Copertina-Libro-216x300.jpg\" alt=\"\" width=\"216\" height=\"300\" srcset=\"https:\/\/www.radiopiu.net\/wordpress\/wp-content\/uploads\/2019\/10\/Copertina-Libro-216x300.jpg 216w, https:\/\/www.radiopiu.net\/wordpress\/wp-content\/uploads\/2019\/10\/Copertina-Libro-768x1064.jpg 768w, https:\/\/www.radiopiu.net\/wordpress\/wp-content\/uploads\/2019\/10\/Copertina-Libro-739x1024.jpg 739w\" sizes=\"auto, (max-width: 216px) 100vw, 216px\" \/><\/a>ROCCA PIETORE\u00a0<\/strong> Dopo pochi giorni dai disastri ambientali provocati dall&#8217;urgano Vaia, la poetessa &#8211; scrittrice, professoressa Maria Luisa Daniela Toffanin, raccoglieva in un volume, edito da Valentina Editrice, molte delle sue poesie, non per testimoniare sconforto e dolore per la distruzione di gran parte del territorio di Val Pettorina, in particolare il canyon &#8220;Serrai di Sottoguda&#8221;, bens\u00ec per promuovere una lodevole azione di coinvolgimento dei giovani residenti a Rocca Pietore. Con i proventi della vendita del libro: &#8220;La casa in mezzo al prato in Boscoverde di Rocca Pietore&#8221;, i promotori ed i sostenitori del progetto di sensibilizzazione sui temi ambientali e storico-culturali, rivolto alle studentesse e agli studenti, residenti nel comune di Rocca Pietore: Maria Luisa Daniele Toffanin autrice del libro; Massimo Toffanin Scrittore e Presidente Associazione Centro Studi Sebastiano Schiavon; Marco Toffanin Fondatore di Opes Risorse; Piera Levi-Montalcini Presidente Associazione Levi-Montalcini; Stefano Valentini &#8211; Editore; Mario Richter \u2013 Prefatore del Libro; Erboristeria Serapiom Selvazzano, nei primi giorni del 2019, nel presentare il concorso per dei progetti di fattibilit\u00e0 finalizzati alla rinascita e alla valorizzazione di Val Pettorina, hanno offerto l&#8217;opportunit\u00e0 agli universitari e agli studenti degli istituti superiori, di impegnarsi nel bando per delle borse di studio. Domenica 6 ottobre 2019 alla presenza del Sindaco, Severino Andrea De Bernardin, il quale ha ringraziato gli ideatori ed i partecipanti del concorso, inoltre con l&#8217;occasione ha rivolto un sentito grazie a tutti i volontari che dal novembre 2018 ad oggi si sono prodigati per dare serenit\u00e0 e speranza alla popolazione di Val Pettorina, sono stati premiati i seguenti sette partecipanti al concorso. SARA DARMAN (classe 1997) Universit\u00e0 di Udine \u2013 specialistica Universit\u00e0 di Padova, ha presentato un lavoro svolto in modo completo ed esauriente sia dal punto di vista contenutistico-tecnico sia dal punto di vista del supporto grafico e documentale. Progetto estremamente realistico e applicabile: borsa di studio di \u20acuro 1.000. BEATRICE MARIA COLLESELLI (classe 2003) Liceo Scientifico Follador De Rossi Agordo. Progetto molto specifico ma anche ben motivato e sufficientemente dettagliato: borsa di studio di \u20acuro 500. BALLIS PATRIZIA (classe 2001) Istituto Follador De Rossi Agordo. Progetto ottimo ed originale l\u2019idea di utilizzare il filmato come supporto di presentazione. Il filmato \u00e8 curato e le proposte sono realistiche: borsa di studio di \u20acuro 500. DANIEL DAUR\u00d9 (classe 2003) Istituto Follador De Rossi Agordo. Progetto molto curato nella presentazione e apprezzabile la scelta della foto. \u00c8 una brochure originale, sentita in cui si descrivono le caratteristiche della Valle. Le didascalie delle foto sono ricche e personalizzate: borsa di studio di \u20acuro 500. CECILIA DE DORIGO (classe 1996) Universit\u00e0 di Trento: premiata con un braccialetto d&#8217;argento con zirconi. VERENA DE GRANDI (classe 2000) Liceo Scientifico Follador De Rossi Agordo: premiata con un braccialetto d&#8217;argento con zirconi. SOFIA POLITO (classe 2004) Istituto Follador De Rossi Agordo: premiata con un braccialetto d&#8217;argento con zirconi. Al termine delle premiazioni, Maria Luisa Daniele Toffanin, ha informato che anche per l&#8217;anno scolastico 2019-2020, auspicando nel positivo trend delle vendite del suo libro: &#8220;La casa in mezzo al prato&#8221;, verr\u00e0 riproposto il concorso. L&#8217;evento si \u00e8 concluso con una solare foto di gruppo.<\/p>\n<p>&nbsp;<\/p>\n<p>&nbsp;<\/p>\n<p>&nbsp;<\/p>\n<h2><a class=\"dt-pswp-item\" href=\"http:\/\/www.radiopiu.net\/wordpress\/wp-content\/uploads\/2019\/10\/mele_a_mel.jpg\" data-dt-img-description=\"\" data-large_image_width=\"631\" data-large_image_height=\"480\"><img loading=\"lazy\" decoding=\"async\" class=\" wp-image-101982 alignleft\" src=\"http:\/\/www.radiopiu.net\/wordpress\/wp-content\/uploads\/2019\/10\/mele_a_mel-300x228.jpg\" alt=\"\" width=\"209\" height=\"159\" srcset=\"https:\/\/www.radiopiu.net\/wordpress\/wp-content\/uploads\/2019\/10\/mele_a_mel-300x228.jpg 300w, https:\/\/www.radiopiu.net\/wordpress\/wp-content\/uploads\/2019\/10\/mele_a_mel.jpg 631w\" sizes=\"auto, (max-width: 209px) 100vw, 209px\" \/><\/a><\/h2>\n<p>&nbsp;<\/p>\n<h2><\/h2>\n<h2>IL RITORNO DI MELE A MEL<\/h2>\n<p><strong>DI DAMIANO TORMEN\u00a0<\/strong><\/p>\n<audio class=\"wp-audio-shortcode\" id=\"audio-101889-7\" preload=\"none\" style=\"width: 100%;\" controls=\"controls\"><source type=\"audio\/mpeg\" src=\"http:\/\/www.radiopiu.net\/wordpress\/wp-content\/uploads\/2019\/10\/mele-a-mel.mp3?_=7\" \/><a href=\"http:\/\/www.radiopiu.net\/wordpress\/wp-content\/uploads\/2019\/10\/mele-a-mel.mp3\">http:\/\/www.radiopiu.net\/wordpress\/wp-content\/uploads\/2019\/10\/mele-a-mel.mp3<\/a><\/audio>\n<p>&nbsp;<\/p>\n<p>&nbsp;<\/p>\n<p>&nbsp;<\/p>\n<p>&nbsp;<\/p>\n<h3>Gioved\u00ec della Salute \u00a0\u201cin rosa\u201d per parlare di disturbi alimentari.<\/h3>\n<p><strong>BELLUNO\u00a0<\/strong>L\u2019ULSS 1 Dolomiti \u2013 distretto di Belluno \u2013 ha aderito alla proposta, \u00a0\u00a0organizzando in occasione del Gioved\u00ec della Salute,\u00a0 nella sala riunioni dell\u2019ospedale San Martino\u00a0 un incontro a partire dalle 18 di questa sera dal titolo \u201cDonne quando il rapporto con il cibo \u00e8 un problema\u201d \u00a0Relatori saranno Michela Da Rold, Dietista, Francesca De Biasi, Psicologa, Carmen Barp e Katia Trento, Educatrici professionali, tutte professioniste dell\u2019ospedale di Belluno. I disturbi alimentari colpiscono in media l\u2019 \u00a01,5\/2% della popolazione: 0,9% l&#8217;anoressia, 1,5% la bulimia e il Bed (distrubo d&#8217;alimentazione incontrollata) il 3,5 % circa.\u00a0 Nel distretto di Belluno il \u00a0trend \u00e8 stabile e \u00a0si aggira intorno ai 55 casi in media all&#8217;anno. Sono per\u00f2 aumentati i ricoveri, con la tendenza delle famiglie a rivolgersi autonomamente nelle cliniche residenziali.\u00a0 \u00a0I disturbi alimentari colpiscono le donne molto pi\u00f9 frequentemente rispetto gli uomini, con un rapporto di circa 9:1.<\/p>\n<p>&nbsp;<\/p>\n<p>&nbsp;<\/p>\n<h3>Al via la 24 Ore di San Martino 12-13 ottobre 2019<\/h3>\n<p><strong>BELLUNO<\/strong> Il mondo del volontariato marcia compatto, \u201csfidandosi\u201d per un giorno, sul campo dell&#8217;edizione numero 46 della &#8220;24 ore di San Martino &#8211; Trofeo Sinteco&#8221;. Al via la manifestazione, i prossimi 12 e 13 ottobre, organizzata dai volontari della Pro loco Pieve Castionese al fianco del Comune di Belluno. Saranno 35 le squadre in campo allo stadio comunale di Belluno, con alcune novit\u00e0 come la prima volta di una scuola iscritta: si tratta del liceo Lollino. Il programma prevede sabato 12 alle 13 il ritrovo di concorrenti e giuria con la distribuzione di pettorali e transponder, alle 15 la partenza della gara che si concluder\u00e0 domenica alle 15. Alle 15,15 di domenica ci sar\u00e0 anche il via ufficiale della 24 ore Giovani &#8211; Trofeo De Bona motors, dedicata ai pi\u00f9 piccoli; a seguire le premiazioni. Saranno premiate le squadre e i singoli fino al quinto posto, le categorie (per et\u00e0, maschile e femminile, giovani) pi\u00f9 diversi premi speciali. Saranno coinvolti inoltre la giovane artista Ilaria Roccon, autrice del trofeo Sinteco e gli artisti del circolo \u201cMario Morales\u201d (con un&#8217;opera dei pittori donata al momento delle premiazioni). \u00abAbbiamo lavorato al fianco delle istituzioni, in particolare con Comune di Belluno, Vigili del Fuoco e Ulss 1 Dolomiti sul piano della sicurezza e grazie al supporto di tanti volontari ci impegneremo per una manifestazione di qualit\u00e0 che unisca il sano sport alla valorizzazione del territorio\u00bb, commenta soddisfatto Michele Pellegrini della Pro Loco. Nell&#8217;area circostante lo stadio vi saranno anche stand di associazioni locali, impegnati nel fine solidale. La novit\u00e0 di quest&#8217;anno \u00e8 anche il berretto ufficiale della manifestazione, disponibile in pezzi limitati allo stand della Pro Loco.<\/p>\n<p>&nbsp;<\/p>\n<p>&nbsp;<\/p>\n<p>&nbsp;<\/p>\n<h3>Il Polo Universitario di Feltre apre il percorso anche a studenti lavoratori per le numerose richieste<\/h3>\n<p><strong>FELTRE<\/strong> Il successo inaspettato delle iscrizioni del Polo di Feltre della SSML \u201csan Domenico\u201d di Roma, che vedr\u00e0 quest\u2019anno l\u2019avvio non solo del primo ma anche del secondo anno e che costituisce l\u2019unica realt\u00e0 nel territorio provinciale bellunese con ben tre indirizzi diversi (criminologico, sviluppo e turismo locale, agroalimentare e sostenibilit\u00e0 ambientale). Il Centro Consorzi ha deciso, viste alcune richieste pervenute, di aprire anche il percorso per studenti lavoratori i quali intendono conseguire il diploma equipollente alla laurea triennale in Scienza della Mediazione Linguistica (classe di laurea L-12) con lezioni ad hoc. Le lezioni prenderanno avvio luned\u00ec 21 ottobre 2019, a Feltre, presso il Campus universitario di via Borgo Ruga<\/p>\n<p>&nbsp;<\/p>\n<p>&nbsp;<\/p>\n<p>&nbsp;<\/p>\n<h2>DA NOVEMBRE IL NUOVO SPORTELLO ENERGIA DI SINERGIA ITALIA<\/h2>\n<p><strong><a class=\"dt-pswp-item\" href=\"http:\/\/www.radiopiu.net\/wordpress\/wp-content\/uploads\/2019\/10\/IMG_20190907_082152.jpg\" data-dt-img-description=\"\" data-large_image_width=\"4000\" data-large_image_height=\"3000\"><img loading=\"lazy\" decoding=\"async\" class=\"size-medium wp-image-101907 alignleft\" src=\"http:\/\/www.radiopiu.net\/wordpress\/wp-content\/uploads\/2019\/10\/IMG_20190907_082152-300x225.jpg\" alt=\"\" width=\"300\" height=\"225\" srcset=\"https:\/\/www.radiopiu.net\/wordpress\/wp-content\/uploads\/2019\/10\/IMG_20190907_082152-300x225.jpg 300w, https:\/\/www.radiopiu.net\/wordpress\/wp-content\/uploads\/2019\/10\/IMG_20190907_082152-768x576.jpg 768w, https:\/\/www.radiopiu.net\/wordpress\/wp-content\/uploads\/2019\/10\/IMG_20190907_082152-1024x768.jpg 1024w\" sizes=\"auto, (max-width: 300px) 100vw, 300px\" \/><\/a>FELTRE\u00a0<\/strong> Apre a Feltre i primi di novembre in via Montelungo, presso il centro acquisti Le Torri, il nuovo \u201cSportello Energia\u201d di Sinergia Italia. Il Negozio si occuper\u00e0 di tutte le forniture, luce e gas, e dar\u00e0 assistenza per tutto ci\u00f2 che riguarda la gestione di pratiche come: volture, subentri, attivazione e posa contatori, cambio fornitore, monitoraggio dei consumi, ottimizzazione delle tariffe. A luglio del 2020, a meno di nuove proroghe, cesser\u00e0 il mercato tutelato dell\u2019energia, ossia quello ai prezzi regolamentati dall\u2019Autorit\u00e0, e ogni utente dovr\u00e0 scegliere in regime di mercato libero il nuovo fornitore, confrontando tariffe e scegliendo, non solo l\u2018offerta pi\u00f9 conveniente, ma anche il servizio e l\u2019assistenza migliore. Una cosa non proprio semplice per il cittadino medio, che rischia di doversi affidare a contratti fatti telefonicamente o tramite internet, senza un vero contatto umano e la garanzia di una scelta efficace. Lo \u201cSportello Energia\u201d si prefigge lo scopo di divenire il punto di riferimento per il Feltrino, dove poter valutare l\u2019offerta<br \/>\nmigliore a seconda dei propri consumi, ma anche dove essere seguiti e supportati da personale preparato in ogni<br \/>\nrichiesta o pratica da gestire, dove poter palare fisicamente con una persona e confrontarsi senza dover passare per<br \/>\n<a class=\"dt-pswp-item\" href=\"http:\/\/www.radiopiu.net\/wordpress\/wp-content\/uploads\/2019\/10\/IMG_20191008_082850.jpg\" data-dt-img-description=\"\" data-large_image_width=\"4000\" data-large_image_height=\"3000\"><img loading=\"lazy\" decoding=\"async\" class=\"size-medium wp-image-101906 alignright\" src=\"http:\/\/www.radiopiu.net\/wordpress\/wp-content\/uploads\/2019\/10\/IMG_20191008_082850-300x225.jpg\" alt=\"\" width=\"300\" height=\"225\" srcset=\"https:\/\/www.radiopiu.net\/wordpress\/wp-content\/uploads\/2019\/10\/IMG_20191008_082850-300x225.jpg 300w, https:\/\/www.radiopiu.net\/wordpress\/wp-content\/uploads\/2019\/10\/IMG_20191008_082850-768x576.jpg 768w, https:\/\/www.radiopiu.net\/wordpress\/wp-content\/uploads\/2019\/10\/IMG_20191008_082850-1024x768.jpg 1024w\" sizes=\"auto, (max-width: 300px) 100vw, 300px\" \/><\/a>numeri verdi con attese estenuanti.<\/p>\n<blockquote><p><em>&#8220;Il nuovo negozio far\u00e0 particolare attenzione anche all\u2019ambiente, occupandosi inoltre di mobilit\u00e0 sostenibile, un tema che nelle ultime settimane ha fatto molto parlare di se, dedicando uno spazio anche a biciclette a pedalata assistita e colonnine di ricarica per auto elettriche. Biciclette, tanto per fare un esempio, che ad oggi hanno ancora prezzi proibitivi per la maggior parte dei cittadini, con prezzi che spesso superano i 1000 euro, per questo presso lo \u201cSportello Energia\u201d verr\u00e0 data la possibilit\u00e0 di acquistarle rateizzando l\u2019importo direttamente in bolletta. Stiamo inoltre lavorando per cercare una soluzione ai ritardi nella consegna della posta, che troppo spesso si verificano nella nostra Provincia, creando un grave disagio soprattutto a quei clienti che ricevono ancora le bollette in forma cartacea e pagano tramite bollettino postale trovandosi molto spesso sotto morosit\u00e0, non per scelta, ma perch\u00e8 <\/em><em>realmente le fatture arrivano con oltre 20 giorni di ritardo&#8221;<\/em><\/p><\/blockquote>\n<p>&nbsp;<\/p>\n<p>&nbsp;<\/p>\n<h2>L&#8217;INGRESSO DEI NUOVI PARROCI<\/h2>\n<p><em>Don Cesare Larese e Francesco SIlvestri si preparano a guidare le parrocchie di Agordo, La Valle e Taibon. Il benvenuto alla presenza del vescovo Renato Marangoni\u00a0<\/em><\/p>\n<blockquote><p><em><strong>Venerd\u00ec 11 Ottobre alle ore 20.30 presso la Chiesa Arcidiaconale di Agordo ci sar\u00e0 una celebrazione comunitaria presieduta dal Vescovo Monsignor Renato Marangoni per l\u2019immissione dei due nuovi sacerdoti Don Cesare Larese Don Francesco Silvestri che condivederanno le parrocchie di Agordo \u2013 Taibon e La Valle Sabato 12 Ottobre alle ore 18.30 nella Chiesa Parrocchiale di Taibon prima messa dei due Sacerdoti , siete tutti invitati a partecipare.<\/strong><\/em><\/p><\/blockquote>\n<p>&nbsp;<\/p>\n<p>&nbsp;<\/p>\n<blockquote class=\"wp-embedded-content\" data-secret=\"mUYPHBe3o4\"><p><a href=\"http:\/\/www.radiopiu.net\/wordpress\/terzo-incontro-a-livello-diocesano-per-gli-animatori-giovani-ed-adulti-di-renato-bona\/\">TERZO INCONTRO A LIVELLO DIOCESANO PER GLI ANIMATORI GIOVANI ED ADULTI di RENATO BONA<\/a><\/p><\/blockquote>\n<p><iframe loading=\"lazy\" title=\"&#8220;TERZO INCONTRO A LIVELLO DIOCESANO PER GLI ANIMATORI GIOVANI ED ADULTI di RENATO BONA&#8221; &#8212; Radio Pi\u00f9\" class=\"wp-embedded-content\" sandbox=\"allow-scripts\" security=\"restricted\" style=\"position: absolute; clip: rect(1px, 1px, 1px, 1px);\" src=\"http:\/\/www.radiopiu.net\/wordpress\/terzo-incontro-a-livello-diocesano-per-gli-animatori-giovani-ed-adulti-di-renato-bona\/embed\/#?secret=mUYPHBe3o4\" data-secret=\"mUYPHBe3o4\" width=\"600\" height=\"338\" frameborder=\"0\" marginwidth=\"0\" marginheight=\"0\" scrolling=\"no\"><\/iframe><\/p>\n<p>&nbsp;<\/p>\n<p>&nbsp;<\/p>\n<h3 align=\"JUSTIFY\">INSIEME PER VINCERE\u00a0 LA FIBROSI CISTICA<\/h3>\n<p><strong><a class=\"dt-pswp-item\" href=\"http:\/\/www.radiopiu.net\/wordpress\/wp-content\/uploads\/2015\/06\/fibrosi-cistica-logo.jpg\" data-dt-img-description=\"\" data-large_image_width=\"300\" data-large_image_height=\"235\"><img loading=\"lazy\" decoding=\"async\" class=\" wp-image-5998 alignleft\" src=\"http:\/\/www.radiopiu.net\/wordpress\/wp-content\/uploads\/2015\/06\/fibrosi-cistica-logo-300x235.jpg\" alt=\"\" width=\"197\" height=\"154\" \/><\/a>BELLUNO<\/strong> Continua la raccolta fondi per il sostegno e la partecipazione della delegazione di Belluno ad un progetto importante da 180 mila euro per l&#8217;Istituto San Raffaele di Milano. L&#8217;obiettivo bellunese \u00e8 di partecipare con una somma di 40 mila euro. I volontari stanno annaffiando le piante di ciclamino che saranno messe in vendita nel fine settimana al costo di 10 euro, in alternativa per chi lo vorr\u00e0 ci sar\u00e0 la pianta di erica.<\/p>\n<blockquote><p><strong>SABATO 12 OTTOBRE\u00a0<\/strong> Gli alpini saranno presente sul Broi di Agordo alla Fiera del Bestiam<\/p>\n<p><strong>SABATO 19 OTTOBRE<\/strong>\u00a0 In Piazza Pian Dell Feste a Castion (alpini) e in Piazza Papa Luciani a Puos d&#8217;Alpago (volontari)<\/p>\n<p><strong>SABATO 26 OTTOBRE<\/strong> Con gli alpini a Caviola e Falcade\u00a0 (cooperativa); Rocca Pietore e San Tomaso da Maria Teresa Fontanelle.<\/p><\/blockquote>\n<p align=\"JUSTIFY\"><em>Promuovendo la conoscenza della Fibrosi Cistica si sostengono e si affrontano soprattutto le complesse esigenze e le problematiche delle persone colpite dalla<\/em><br \/>\n<em>malattia e del loro gruppo famigliare o parentale in genere. Il malato vive in un contesto sociale che deve crescere, non solo per qualit\u00e0 nell&#8217;assistenza ma pure per la capacit\u00e0 di relazioni umane che migliorino la comprensione e dunque la sensibilit\u00e0 verso questa difficile realt\u00e0. (MM)<\/em><\/p>\n<h3>GIORNATA NAZIONALE DELLE PERSONE CON SINDROME DI DOWN<\/h3>\n<p><strong>FELTRE \u00a0<\/strong>Da molti anni la seconda domenica di ottobre \u00e8 stata scelta dalle Associazioni che sono sorte a tutela dei diritti e della promozione sociale delle persone con sindrome di Down come ricorrenza per la Giornata Nazionale dedicata a queste persone. Anche l\u2019AIPD (Associazione Italiana Persone Down) della provincia di Belluno partecipa tradizionalmente all\u2019evento: si organizzano, in molti centri della provincia, \u201cgazebo\u201d, informativi e di raccolta fondi, <em>I centri in cui sono allestiti i gazebo dell\u2019AIPD Belluno sono i seguenti: sabato 12 : Agordo, Mel, (per \u201cMele a Mel\u201d) Belluno-atrio superW. Domenica 13: Fonzaso (tutto il giorno) Mel, Feltre, ( largo Castaldi ), Lentiai e Lamon al mattino, come anche, al mattino, a Alleghe, Belluno, piazza Martiri, Limana,(sagrato della chiesa). Sabato 19 ottobre: Pieve di Cadore, piazza Tiziano e domenica 20 a Pedavena, parco Birreria per la Festa della Castagna.<\/em><\/p>\n<p>&nbsp;<\/p>\n<p>&nbsp;<\/p>\n<p>&nbsp;<\/p>\n<blockquote><p>&nbsp;<\/p><\/blockquote>\n<p align=\"JUSTIFY\"><strong><a class=\"dt-pswp-item\" href=\"http:\/\/www.radiopiu.net\/wordpress\/wp-content\/uploads\/2019\/10\/2a63d699-fd03-4714-8baf-42cff8c340a5.jpg\" data-dt-img-description=\"\" data-large_image_width=\"1600\" data-large_image_height=\"1200\"><img loading=\"lazy\" decoding=\"async\" class=\" wp-image-101930 alignleft\" src=\"http:\/\/www.radiopiu.net\/wordpress\/wp-content\/uploads\/2019\/10\/2a63d699-fd03-4714-8baf-42cff8c340a5-300x225.jpg\" alt=\"\" width=\"191\" height=\"143\" srcset=\"https:\/\/www.radiopiu.net\/wordpress\/wp-content\/uploads\/2019\/10\/2a63d699-fd03-4714-8baf-42cff8c340a5-300x225.jpg 300w, https:\/\/www.radiopiu.net\/wordpress\/wp-content\/uploads\/2019\/10\/2a63d699-fd03-4714-8baf-42cff8c340a5-768x576.jpg 768w, https:\/\/www.radiopiu.net\/wordpress\/wp-content\/uploads\/2019\/10\/2a63d699-fd03-4714-8baf-42cff8c340a5-1024x768.jpg 1024w, https:\/\/www.radiopiu.net\/wordpress\/wp-content\/uploads\/2019\/10\/2a63d699-fd03-4714-8baf-42cff8c340a5.jpg 1600w\" sizes=\"auto, (max-width: 191px) 100vw, 191px\" \/><\/a>IERI\u00a0 ALLA RADIO <span style=\"color: #ff0000;\">Devis Zasso e Erwin Ronchi<\/span><\/strong> ci parlano della 24 ore di San Martino che prendera\u2019 il via sabato alle 15 allo stadio di Belluno. Lo scorso anno il team Alpen Plus ha vinto la manifestazione, ed e\u2019 chiamata quest\u2019anno a tentare di bissare il successo, strizzando l\u2019occhio al possibile record. Erwin e Devis ci parlano della formazione che il team ha allestito quest\u2019anno, atleti fortissimi bellunesi e non. Inoltre ci viene spiegato il programma d\u2019intrattenimento ricco e di sicuro interesse per il pubblico.<\/p>\n<audio class=\"wp-audio-shortcode\" id=\"audio-101889-8\" preload=\"none\" style=\"width: 100%;\" controls=\"controls\"><source type=\"audio\/mpeg\" src=\"http:\/\/www.radiopiu.net\/wordpress\/wp-content\/uploads\/2019\/10\/devis-zasso-erwin-ronchi-24-ore.mp3?_=8\" \/><a href=\"http:\/\/www.radiopiu.net\/wordpress\/wp-content\/uploads\/2019\/10\/devis-zasso-erwin-ronchi-24-ore.mp3\">http:\/\/www.radiopiu.net\/wordpress\/wp-content\/uploads\/2019\/10\/devis-zasso-erwin-ronchi-24-ore.mp3<\/a><\/audio>\n<p>&nbsp;<\/p>\n<p>&nbsp;<\/p>\n<p>&nbsp;<\/p>\n<p align=\"JUSTIFY\"><strong><a class=\"dt-pswp-item\" href=\"http:\/\/www.radiopiu.net\/wordpress\/wp-content\/uploads\/2019\/10\/70a48f3c-e4a1-4938-9816-a3121f5bf5e2.jpg\" data-dt-img-description=\"\" data-large_image_width=\"1600\" data-large_image_height=\"1200\"><img loading=\"lazy\" decoding=\"async\" class=\"wp-image-101931 alignleft\" src=\"http:\/\/www.radiopiu.net\/wordpress\/wp-content\/uploads\/2019\/10\/70a48f3c-e4a1-4938-9816-a3121f5bf5e2-300x225.jpg\" alt=\"\" width=\"155\" height=\"116\" srcset=\"https:\/\/www.radiopiu.net\/wordpress\/wp-content\/uploads\/2019\/10\/70a48f3c-e4a1-4938-9816-a3121f5bf5e2-300x225.jpg 300w, https:\/\/www.radiopiu.net\/wordpress\/wp-content\/uploads\/2019\/10\/70a48f3c-e4a1-4938-9816-a3121f5bf5e2-768x576.jpg 768w, https:\/\/www.radiopiu.net\/wordpress\/wp-content\/uploads\/2019\/10\/70a48f3c-e4a1-4938-9816-a3121f5bf5e2-1024x768.jpg 1024w, https:\/\/www.radiopiu.net\/wordpress\/wp-content\/uploads\/2019\/10\/70a48f3c-e4a1-4938-9816-a3121f5bf5e2.jpg 1600w\" sizes=\"auto, (max-width: 155px) 100vw, 155px\" \/><\/a>IERI ALLA RADIO <span style=\"color: #ff0000;\">Siro De Biasio e Adriano Levis<\/span><\/strong>\u00a0ci parlano del Coro Alpini Monte Civetta, dalla nascita ai giorni nostri. Ci illustrano poi l\u2019appuntamento in programma per sabato alle ore 21 a Caprile: la 44esima rassegna dei cori agordini.<\/p>\n<audio class=\"wp-audio-shortcode\" id=\"audio-101889-9\" preload=\"none\" style=\"width: 100%;\" controls=\"controls\"><source type=\"audio\/mpeg\" src=\"http:\/\/www.radiopiu.net\/wordpress\/wp-content\/uploads\/2019\/10\/siro-de-biasio-adrirano-levis.mp3?_=9\" \/><a href=\"http:\/\/www.radiopiu.net\/wordpress\/wp-content\/uploads\/2019\/10\/siro-de-biasio-adrirano-levis.mp3\">http:\/\/www.radiopiu.net\/wordpress\/wp-content\/uploads\/2019\/10\/siro-de-biasio-adrirano-levis.mp3<\/a><\/audio>\n<p>&nbsp;<\/p>\n<p>&nbsp;<\/p>\n<p>&nbsp;<\/p>\n<p><strong><a class=\"dt-pswp-item\" href=\"http:\/\/www.radiopiu.net\/wordpress\/wp-content\/uploads\/2019\/10\/download-8.jpg\" data-dt-img-description=\"\" data-large_image_width=\"208\" data-large_image_height=\"242\"><img loading=\"lazy\" decoding=\"async\" class=\"wp-image-101945 alignleft\" src=\"http:\/\/www.radiopiu.net\/wordpress\/wp-content\/uploads\/2019\/10\/download-8.jpg\" alt=\"\" width=\"109\" height=\"127\" \/><\/a>IERI ALLA RADIO<\/strong> <span style=\"color: #ff0000;\"><strong>Michele Vigne<\/strong>,<\/span> presidente regionale Confedilizia, ci illustra i temi dell&#8217;incontro dedicato ai proprietari di abitazioni, che si terra&#8217; ad Agordo il prossimo 15 ottobre. I balzelli, le tasse, gli adempimenti che ci troviamo ad affrontare, e cosa si puo&#8217; fare per migliorare questa situazione vessatoria. L&#8217;incontro e&#8217; libero e aperto a tutti.<\/p>\n<audio class=\"wp-audio-shortcode\" id=\"audio-101889-10\" preload=\"none\" style=\"width: 100%;\" controls=\"controls\"><source type=\"audio\/mpeg\" src=\"http:\/\/www.radiopiu.net\/wordpress\/wp-content\/uploads\/2019\/10\/michele-vigne-confedilizia-scade-15-ottobre.mp3?_=10\" \/><a href=\"http:\/\/www.radiopiu.net\/wordpress\/wp-content\/uploads\/2019\/10\/michele-vigne-confedilizia-scade-15-ottobre.mp3\">http:\/\/www.radiopiu.net\/wordpress\/wp-content\/uploads\/2019\/10\/michele-vigne-confedilizia-scade-15-ottobre.mp3<\/a><\/audio>\n<p>&nbsp;<\/p>\n<p>&nbsp;<\/p>\n<h3>CON WILLIAM DA ROIT NEL DESERTO<\/h3>\n<p><a class=\"dt-pswp-item\" href=\"http:\/\/www.radiopiu.net\/wordpress\/wp-content\/uploads\/2019\/10\/f6009884-8062-4f64-92f2-113427045eb5.jpg\" data-dt-img-description=\"\" data-large_image_width=\"1280\" data-large_image_height=\"700\"><img loading=\"lazy\" decoding=\"async\" class=\"size-medium wp-image-101872 alignleft\" src=\"http:\/\/www.radiopiu.net\/wordpress\/wp-content\/uploads\/2019\/10\/f6009884-8062-4f64-92f2-113427045eb5-300x164.jpg\" alt=\"\" width=\"300\" height=\"164\" srcset=\"https:\/\/www.radiopiu.net\/wordpress\/wp-content\/uploads\/2019\/10\/f6009884-8062-4f64-92f2-113427045eb5-300x164.jpg 300w, https:\/\/www.radiopiu.net\/wordpress\/wp-content\/uploads\/2019\/10\/f6009884-8062-4f64-92f2-113427045eb5-768x420.jpg 768w, https:\/\/www.radiopiu.net\/wordpress\/wp-content\/uploads\/2019\/10\/f6009884-8062-4f64-92f2-113427045eb5-1024x560.jpg 1024w, https:\/\/www.radiopiu.net\/wordpress\/wp-content\/uploads\/2019\/10\/f6009884-8062-4f64-92f2-113427045eb5.jpg 1280w\" sizes=\"auto, (max-width: 300px) 100vw, 300px\" \/><\/a><\/p>\n<h1><\/h1>\n<h3>PRIMO COLLEGAMENTO, 09 OTTOBRE ORE 08.00<\/h3>\n<audio class=\"wp-audio-shortcode\" id=\"audio-101889-11\" preload=\"none\" style=\"width: 100%;\" controls=\"controls\"><source type=\"audio\/mpeg\" src=\"http:\/\/www.radiopiu.net\/wordpress\/wp-content\/uploads\/2019\/10\/WILLIAMS1.mp3?_=11\" \/><a href=\"http:\/\/www.radiopiu.net\/wordpress\/wp-content\/uploads\/2019\/10\/WILLIAMS1.mp3\">http:\/\/www.radiopiu.net\/wordpress\/wp-content\/uploads\/2019\/10\/WILLIAMS1.mp3<\/a><\/audio>\n<p>&nbsp;<\/p>\n<p><span style=\"color: #ff0000;\"><strong>L&#8217;INTERVISTA ALLA RADIO\u00a0<\/strong><\/span><\/p>\n<h3><a class=\"dt-pswp-item\" href=\"http:\/\/www.radiopiu.net\/wordpress\/wp-content\/uploads\/2018\/06\/WhatsApp-Image-2018-06-19-at-05.42.14.jpeg\" data-dt-img-description=\"\" data-large_image_width=\"1280\" data-large_image_height=\"960\"><img loading=\"lazy\" decoding=\"async\" class=\" wp-image-51215 alignleft\" src=\"http:\/\/www.radiopiu.net\/wordpress\/wp-content\/uploads\/2018\/06\/WhatsApp-Image-2018-06-19-at-05.42.14-300x225.jpeg\" alt=\"\" width=\"124\" height=\"93\" srcset=\"https:\/\/www.radiopiu.net\/wordpress\/wp-content\/uploads\/2018\/06\/WhatsApp-Image-2018-06-19-at-05.42.14-300x225.jpeg 300w, https:\/\/www.radiopiu.net\/wordpress\/wp-content\/uploads\/2018\/06\/WhatsApp-Image-2018-06-19-at-05.42.14-768x576.jpeg 768w, https:\/\/www.radiopiu.net\/wordpress\/wp-content\/uploads\/2018\/06\/WhatsApp-Image-2018-06-19-at-05.42.14-1024x768.jpeg 1024w, https:\/\/www.radiopiu.net\/wordpress\/wp-content\/uploads\/2018\/06\/WhatsApp-Image-2018-06-19-at-05.42.14.jpeg 1280w\" sizes=\"auto, (max-width: 124px) 100vw, 124px\" \/><\/a><\/h3>\n<h3><\/h3>\n<p>&nbsp;<\/p>\n<p>&nbsp;<\/p>\n<p>&nbsp;<\/p>\n<audio class=\"wp-audio-shortcode\" id=\"audio-101889-12\" preload=\"none\" style=\"width: 100%;\" controls=\"controls\"><source type=\"audio\/mpeg\" src=\"http:\/\/www.radiopiu.net\/wordpress\/wp-content\/uploads\/2019\/10\/william-da-roit-sahara.mp3?_=12\" \/><a href=\"http:\/\/www.radiopiu.net\/wordpress\/wp-content\/uploads\/2019\/10\/william-da-roit-sahara.mp3\">http:\/\/www.radiopiu.net\/wordpress\/wp-content\/uploads\/2019\/10\/william-da-roit-sahara.mp3<\/a><\/audio>\n<p>&nbsp;<\/p>\n<p>&nbsp;<\/p>\n<p>&nbsp;<\/p>\n<p>&nbsp;<\/p>\n<h3>IL SUGGERIMENTO DALL&#8217;AGORDINO IN PROSSIMITA&#8217; DI SAN MARTINO<\/h3>\n<p><strong>ALLEGHE<\/strong> Chi ci scrive \u00e8 la stimata dottoressa Alida Paiola per anni medico di base ad Alleghe, da pochi anni in pensione tra gli affetti famigliari. Ci ha espresso la sua riconoscenza verso il Prefetto di Belluno,\u00a0 che \u00e8 poi quella riconoscenza di molte persone soprattutto dell&#8217;Agordino,\u00a0 la zona pi\u00f9 colpita dall&#8217;uragano Vaia lo scorso anno. &#8220;Al dottor Francesco Esposito &#8211; dice scrive la dottoressa &#8211; dobbiamo un grande grazie e non solo. Lo scorso anno non ha esitato nel mettersi in gioco lanciando un allarme per tempo, chiudendo strade, scuole, uffici, invitando a rimanere tra le mura di casa. Sono convinta che grazie al suo senso del dovere, \u00a0al suo spirito di coraggio decisionale, molte persone sono ancora tra di noi. Per questo mi permetto di suggerire di andare oltre le parole di circostanza, serve un riconoscimento importante e indelebile come la consegna del premio San Martino in occasione della prossima festivit\u00e0 patronale a Belluno&#8221;.<\/p>\n<p>&nbsp;<\/p>\n<p>&nbsp;<\/p>\n<h3><a class=\"dt-pswp-item\" href=\"http:\/\/www.radiopiu.net\/wordpress\/wp-content\/uploads\/2018\/09\/appuntamenti.jpeg\" data-dt-img-description=\"\" data-large_image_width=\"800\" data-large_image_height=\"100\"><img loading=\"lazy\" decoding=\"async\" class=\"aligncenter wp-image-61958 size-full\" src=\"http:\/\/www.radiopiu.net\/wordpress\/wp-content\/uploads\/2018\/09\/appuntamenti.jpeg\" alt=\"\" width=\"800\" height=\"100\" srcset=\"https:\/\/www.radiopiu.net\/wordpress\/wp-content\/uploads\/2018\/09\/appuntamenti.jpeg 800w, https:\/\/www.radiopiu.net\/wordpress\/wp-content\/uploads\/2018\/09\/appuntamenti-300x38.jpeg 300w, https:\/\/www.radiopiu.net\/wordpress\/wp-content\/uploads\/2018\/09\/appuntamenti-768x96.jpeg 768w\" sizes=\"auto, (max-width: 800px) 100vw, 800px\" \/><\/a><\/h3>\n<h3><\/h3>\n<h3><\/h3>\n<h3>OGGI FORMAI E VIN DA IL VIA ALLA FIERA DEL BESTIAM<\/h3>\n<p><strong>di GIANNI SANTOMASO\u00a0<\/strong><\/p>\n<p><strong>AGORDO.<\/strong> La Fiera del Bestiam apre oggi con la rassegna enogastronomica &#8220;Formai e Vin&#8221;. L&#8217;edizione 2019, la 20a, della tradizionale festa promossa dal Comune di Agordo e dall&#8217;apposito comitato e che ha il suo culmine il secondo sabato di ottobre, ripropone un&#8217;accoppiata vincente.\u00a0 La presentazione avverr\u00e0\u00a0 alle 18 a Palazzo Crotta-De&#8217;Manzoni<\/p>\n<p>&nbsp;<\/p>\n<p>&nbsp;<\/p>\n<h4>DUE APPUNTAMENTI CON GLI EX EMIGRANTI<\/h4>\n<p><strong>CENCENIGHE<\/strong> La famiglia ex emigranti agordini organizza il pranzo sociale per domenica 13 ottobre all&#8217;Hotel Europa di Alleghe. Programma: 10 messa in ricordo degli emigranti scomparsi; 12.30 pranzo e lotteria. Prenotazioni entro il 10 ottobre all&#8217;hotel, telefono\u00a0 0437 523362, oppure dalla presidente Lucia De Toffol 0437 591492. Per il 27 ottobre terzo anniversario dell&#8217;inaugurazione del Monumento dell&#8217;emigrante a Cencenighe con la posa di una corona d&#8217;alloro, alle 10.30 la messa a seguire il corteo verso il piazzale Nof Filo&#8217;.<\/p>\n<p>&nbsp;<\/p>\n<p>&nbsp;<\/p>\n<p>&nbsp;<\/p>\n<p>&nbsp;<\/p>\n<p>&nbsp;<\/p>\n<p><strong><a class=\"dt-pswp-item\" href=\"http:\/\/www.radiopiu.net\/wordpress\/wp-content\/uploads\/2018\/09\/viabilita.jpeg\" data-dt-img-description=\"\" data-large_image_width=\"800\" data-large_image_height=\"100\"><img loading=\"lazy\" decoding=\"async\" class=\"alignnone wp-image-61954 size-full\" src=\"http:\/\/www.radiopiu.net\/wordpress\/wp-content\/uploads\/2018\/09\/viabilita.jpeg\" alt=\"\" width=\"800\" height=\"100\" srcset=\"https:\/\/www.radiopiu.net\/wordpress\/wp-content\/uploads\/2018\/09\/viabilita.jpeg 800w, https:\/\/www.radiopiu.net\/wordpress\/wp-content\/uploads\/2018\/09\/viabilita-300x38.jpeg 300w, https:\/\/www.radiopiu.net\/wordpress\/wp-content\/uploads\/2018\/09\/viabilita-768x96.jpeg 768w\" sizes=\"auto, (max-width: 800px) 100vw, 800px\" \/><\/a><\/strong><\/p>\n<h3><\/h3>\n<h3>Nuovo senso unico alternato lungo la provinciale 20 della Val Fiorentina. Continua la messa in sicurezza dei versanti a monte della\u00a0 strada,\u00a0 iniziata anche la realizzazione della briglia selettiva in localit\u00e0 l&#8217;Aiva.<\/h3>\n<p>&nbsp;<\/p>\n<h3>CHIUSA LA PROVINCIALE PER SAN TOMASO<\/h3>\n<p><strong>SAN TOMASO<\/strong> Veneto Strade informa che\u00a0 fino a domani tra le localit\u00e0 Pian Molin e Roi il traffico sar\u00e0 totalmente interdetto a tutti i veicoli per la posa di una condotta elettrica, l&#8217;interruzione lungo la provinciale 8 al chilometro 6 per un tratto di 340 metri.<\/p>\n<h3>PROVINCIALE 346 SAN PELLEGRINO: TRE SENSI UNICI E BREVI INTERRUZIONI<\/h3>\n<p><strong>CANALE D&#8217;AGORD<\/strong>O Ai due cantieri per la realizzazione della rete acquedottistica si aggiunge un terzo cantiere in prossimit\u00e0 di Canale d&#8217;Agordo. Veneto Strade ha emesso una precisa ordinanza in vigore fino al 15 ottobre: senso unico alternato regolato da movieri con possibili brevi interruzioni della durata massima di 10 minuti per lavori di esbosco al chilometri 26 E 350 per 100 metri.<br \/>\n<strong>LE DUE PRECEDENTI<\/strong><\/p>\n<p><strong>SP 346 PASSO SAN PELLEGRINO<\/strong>:\u00a0 fino al 6 dicembre senso unico tra Canale d\u2019Agordo e Vallada per esecuzione lavori alla rete acquedottistica;\u00a0 \u00a0dal 7 ottobre al 15 novembre senso unico alternato all\u2019inbocco nord della galleria delle Anime, esclusi i giorni festivi e prefestivi.<\/p>\n<p>&nbsp;<\/p>\n<p><strong>PROVINCIALE 347 DEL DURAN E CEREDA<\/strong>: dal 7 al 18 ottobre, sabato e domenica escluso, senso unico alternato per lavori\u00a0 GSP in Val di Zoldo, chilometro 59.<\/p>\n<p><strong>PROVINCIALE 251 VAL DI ZOLDO<\/strong> In localit\u00e0 Colle Santa Lucia fino al 15 ottobre senso unico alternato esclusi sabati e domeniche per singoli tratti, massimo 250 metri.<\/p>\n<p><strong>Regionale 251 Val di Zoldo,<\/strong> Comune di Colle Santa Lucia:\u00a0 senso unico alternato.<\/p>\n<p><strong>Regionale 346 del San<\/strong> Pellegrino Comune di Falcade: fino al 18 ottobre escusi festivi e prefestivi, senso unico alternato.<\/p>\n<p><strong>Provinciale 563 di Salesei,<\/strong> Comune di Rocca Pietore:\u00a0 fino al 11 ottobre senso unico alternato regolato da movieri dalle 8 alle 18<\/p>\n<p>&nbsp;<\/p>\n<p>&nbsp;<\/p>\n<p><center><a class=\"dt-pswp-item\" href=\"http:\/\/www.radiopiu.net\/wordpress\/wp-content\/uploads\/2018\/09\/sport.jpg\" data-dt-img-description=\"\" data-large_image_width=\"800\" data-large_image_height=\"100\"><img loading=\"lazy\" decoding=\"async\" class=\"aligncenter wp-image-60761 size-full\" src=\"http:\/\/www.radiopiu.net\/wordpress\/wp-content\/uploads\/2018\/09\/sport.jpg\" alt=\"\" width=\"800\" height=\"100\" srcset=\"https:\/\/www.radiopiu.net\/wordpress\/wp-content\/uploads\/2018\/09\/sport.jpg 800w, https:\/\/www.radiopiu.net\/wordpress\/wp-content\/uploads\/2018\/09\/sport-300x38.jpg 300w, https:\/\/www.radiopiu.net\/wordpress\/wp-content\/uploads\/2018\/09\/sport-768x96.jpg 768w\" sizes=\"auto, (max-width: 800px) 100vw, 800px\" \/><\/a><\/center>&nbsp;<\/p>\n<h2>GLI ARBITRI DELL&#8217;HOCKEY SU GHIACCIO IN SCIOPERO<\/h2>\n<p><a class=\"dt-pswp-item\" href=\"http:\/\/www.radiopiu.net\/wordpress\/wp-content\/uploads\/2019\/10\/ARBITRO-HOCKEY.jpeg\" data-dt-img-description=\"\" data-large_image_width=\"399\" data-large_image_height=\"400\"><img loading=\"lazy\" decoding=\"async\" class=\"size-medium wp-image-101973 alignleft\" src=\"http:\/\/www.radiopiu.net\/wordpress\/wp-content\/uploads\/2019\/10\/ARBITRO-HOCKEY-300x300.jpeg\" alt=\"\" width=\"300\" height=\"300\" srcset=\"https:\/\/www.radiopiu.net\/wordpress\/wp-content\/uploads\/2019\/10\/ARBITRO-HOCKEY-300x300.jpeg 300w, https:\/\/www.radiopiu.net\/wordpress\/wp-content\/uploads\/2019\/10\/ARBITRO-HOCKEY-150x150.jpeg 150w, https:\/\/www.radiopiu.net\/wordpress\/wp-content\/uploads\/2019\/10\/ARBITRO-HOCKEY.jpeg 399w\" sizes=\"auto, (max-width: 300px) 100vw, 300px\" \/><\/a><\/p>\n<p>La notizia ha fatto scalpore ed \u00e8 clamorosa. Non si ricorda, almeno nel nostro paese, di uno \u201csciopero\u201d indetto dagli arbitri dell&#8217;hockey su ghiaccio. Le \u201czebre\u201d hanno deciso di incrociare le braccia e la motivazione \u00e8 seria. Rispetto ai colleghi che arbitrano in Alps League o Ebel la diaria \u00e8 troppo bassa. La notizia \u00e8 arriva come un fulmine a ciel sereno nella serata di ieri quando \u00e8 stata rinviata a data da destinarsi la partita tra Valpeagle e Como. Con una mail della FISG alle squadre interessate \u00e8 stato comunicato, a tempo debito, che la partita non veniva giocata. Rinvio resosi necessario a causa della comunicata indisponibilit\u00e0 da parte del presidente degli arbitri a trasmettere le designazioni per gli incontri in calendario questa settimana. Questo a seguito della bocciatura da parte del consiglio federale di un aumento del 24% delle diarie rispetto allo scorso anno, traducibile in 40.000 euro in pi\u00f9 a stagione, copertura non possibile per una spesa di tale impatto. Questa la goccia che ha fatto traboccare il vaso, anche perch\u00e8 le richieste degli arbitro erano inoltrate alla federazione ancora a maggio e la risposta \u00e8 arrivata solo qualche giorno fa. Da qui la decisione di comunicare l&#8217;indisponibilit\u00e0 degli arbitri di dirigere le partite di campionato fino a domenica prossima, 13 ottobre. 2 dunque le giornate a rischio rinvio per la IHL. Rinvii che verranno comunicati alle societ\u00e0 a tempo debito dalla federazione.<\/p>\n<p>&nbsp;<\/p>\n<p>&nbsp;<\/p>\n<p>&nbsp;<\/p>\n<p>&nbsp;<\/p>\n<h2>FEDERAZIONE E ARBITRI, MANCATI ACCORDI\u00a0 SUI COMPENSI&#8230;. ED E&#8217; SCIOPERO.\u00a0 PARTITE IHL IN FORSE<\/h2>\n<p>&nbsp;<\/p>\n<p>&nbsp;<\/p>\n<blockquote class=\"wp-embedded-content\" data-secret=\"nGaN371PXP\"><p><a href=\"https:\/\/www.fisg.it\/web\/hockey-la-posizione-della-fisg-dopo-il-rinvio-della-partita-tra-hc-valpeagle-e-hockey-como\/\">Hockey, la posizione della FISG dopo il rinvio della partita tra HC ValpEagle e Hockey Como<\/a><\/p><\/blockquote>\n<p><iframe loading=\"lazy\" title=\"&#8220;Hockey, la posizione della FISG dopo il rinvio della partita tra HC ValpEagle e Hockey Como&#8221; &#8212; FISG - Federazione Italiana Sport del Ghiaccio\" class=\"wp-embedded-content\" sandbox=\"allow-scripts\" security=\"restricted\" style=\"position: absolute; clip: rect(1px, 1px, 1px, 1px);\" src=\"https:\/\/www.fisg.it\/web\/hockey-la-posizione-della-fisg-dopo-il-rinvio-della-partita-tra-hc-valpeagle-e-hockey-como\/embed\/#?secret=nGaN371PXP\" data-secret=\"nGaN371PXP\" width=\"600\" height=\"338\" frameborder=\"0\" marginwidth=\"0\" marginheight=\"0\" scrolling=\"no\"><\/iframe><\/p>\n<p>&nbsp;<\/p>\n<p>&nbsp;<\/p>\n<p>&nbsp;<\/p>\n<p>&nbsp;<\/p>\n<h2>AL VIA LE CANDIDATURE PER I PREMI ALLA FESTA DELLO SPORT<\/h2>\n<p>Anche quest&#8217;anno il CONI di Belluno ha iniziato i preparativi per la Festa Dello Sport, un appuntamento in cui verranno consegnati due premi importanti, \u201cGruppo Giovani Imprenditori\u201d e il \u201cSport e Profitto Sportful\u201d. Il premio \u201cGruppo Giovani Imprenditori\u201d consiste nel dare il giusto riconoscimento alle sochiet\u00e0 che, nella scorsa stagione, si sono contraddistinte nella promozione dello sport giovanile per far apprendere ai giovani i valori di impegno, lealt\u00e0 e rispetto. Verr\u00e0 tenuto conto di un premio anche ad un dirigente sportivo che si \u00e8 impegnato nell&#8217;attivit\u00e0 giovanile. Per quanto riguarda il premio \u201cSport e Profitto Sportful\u201d si andr\u00e0 a dare un riconoscimento a quei giovani che hanno saputo coniugare sport e scuola. La Festa Dello Sport \u00e8 un appuntamento importante anche perch\u00e8 rappresenta un lodevole esempio di collaborazione tra il mondo dello sport e la societ\u00e0 civile. Sono partite le candidature per i riconoscimenti, candidature che dovranno essere presentate entro l&#8217;8 novembre al CONI di Belluno corredate dal visto della rispettiva federazione o disciplina assieme all&#8217;ente di promozione provinciale.<\/p>\n<p>&nbsp;<\/p>\n<p>&nbsp;<\/p>\n<p>&nbsp;<\/p>\n<p>&nbsp;<\/p>\n<p>&nbsp;<\/p>\n<p>&nbsp;<\/p>\n<p><b><a class=\"dt-pswp-item\" href=\"http:\/\/www.radiopiu.net\/wordpress\/wp-content\/uploads\/2018\/09\/WhatsApp-Image-2018-09-20-at-16.04.06.jpeg\" data-dt-img-description=\"\" data-large_image_width=\"800\" data-large_image_height=\"100\"><img loading=\"lazy\" decoding=\"async\" class=\"aligncenter wp-image-61378 size-full\" src=\"http:\/\/www.radiopiu.net\/wordpress\/wp-content\/uploads\/2018\/09\/WhatsApp-Image-2018-09-20-at-16.04.06.jpeg\" alt=\"\" width=\"800\" height=\"100\" srcset=\"https:\/\/www.radiopiu.net\/wordpress\/wp-content\/uploads\/2018\/09\/WhatsApp-Image-2018-09-20-at-16.04.06.jpeg 800w, https:\/\/www.radiopiu.net\/wordpress\/wp-content\/uploads\/2018\/09\/WhatsApp-Image-2018-09-20-at-16.04.06-300x38.jpeg 300w, https:\/\/www.radiopiu.net\/wordpress\/wp-content\/uploads\/2018\/09\/WhatsApp-Image-2018-09-20-at-16.04.06-768x96.jpeg 768w\" sizes=\"auto, (max-width: 800px) 100vw, 800px\" \/><\/a><\/b><\/p>\n<p>&nbsp;<\/p>\n<div><center><b>Giovedi 10<\/b><\/center><b>Tempo atteso:\u00a0<\/b>Tempo in miglioramento con diradamento della copertura nuvolosa nella notte e residua nuvolosit\u00e0 medio-alta nelle prime ore del mattino, anche per locali nubi basse sulle Prealpi. Al pomeriggio il sole sar\u00e0 sempre pi\u00f9 presente, soprattutto sulle Dolomiti, mentre qualche annuvolamento potrebbe resistere pi\u00f9 a lungo sulle Prealpi. Clima diurno pi\u00f9 mite eccetto in alta quota.<br \/>\n<b>Precipitazioni:\u00a0<\/b>Assenti (0%).<br \/>\n<b>Temperature:\u00a0<\/b>Minime in calo, specie in alta quota e nelle valli dolomitiche; massime in aumento nelle valli, stazionarie o in lieve calo in alta quota. Sono previsti massimi di 16\/17\u00b0C nelle conche prealpine e di 12\/14\u00b0C a 1000\/1200 m. Su Prealpi a 1500 m min 7\u00b0C max 10\u00b0C, a 2000 m min 5\u00b0C max 7\u00b0C. Su Dolomiti a 2000 m min 2\u00b0C max 6\u00b0C, a 3000 m min -4\u00b0C max -1\u00b0C.<br \/>\n<b>Venti:\u00a0<\/b>Nelle valli perlopi\u00f9 deboli e localmente moderati a regime di brezza; in quota deboli\/moderati da Nord-Ovest , a 5-15 km\/h a 2000 m, a 20-25 km\/h a 3000 m.<\/div>\n<hr \/>\n<p><center><b>Venerdi 11<\/b><\/center><b>Tempo atteso:\u00a0<\/b>Tempo ben soleggiato e stabile con cielo sereno o poco nuvoloso per transito di sottili e temporanee nubi alte. Aria tersa ed ottima visibilit\u00e0 in montagna. L&#8217;unica insidia sar\u00e0 legata a locali nebbie o nubi basse in alcuni fondovalle prealpini durante le ore pi\u00f9 fredde. Clima fresco all&#8217;alba e pi\u00f9 mite in giornata, specie in quota.<br \/>\n<b>Precipitazioni:\u00a0<\/b>Assenti (0%).<br \/>\n<b>Temperature:\u00a0<\/b>In generale aumento, eccetto le minime nelle valli per forte irraggiamento notturno, quindi probabile inversione termica nelle ore pi\u00f9 fredde. Massime in sensibile aumento, specie in quota. Sono previsti massimi di 19\/20\u00b0C nelle conche prealpine e di 14\/16\u00b0C a 1000\/1200 m. Su Prealpi a 1500 m min 8\u00b0C max 11\u00b0C, a 2000 m min 5\u00b0C max 12\u00b0C. Su Dolomiti a 2000 m min 4\u00b0C max 9\u00b0C, a 3000 m min 1\u00b0C max 5\u00b0C.<br \/>\n<b>Venti:\u00a0<\/b>Nelle valli generalmente deboli per brezze, con qualche rinforzo per brezze di monte in alcuni settori prealpini; in quota deboli\/moderati da Nord-Ovest al mattino a Ovest al pomeriggio\/sera, a 5-15 km\/h a 2000 m, a 15-25 km\/h a 3000 m.<\/p>\n<hr \/>\n<p><center><b>Sabato 12<\/b><\/center>Tempo ancora ben soleggiato, stabile, molto mite in quota, con cielo sereno o poco nuvoloso per sottile velature. Temperature in rialzo con inversione termica notturna nelle valli e clima mite di giorno. vi sar\u00e0 una forte escursione termica nei fondovalle pi\u00f9 assolati. Probabile formazione di qualche locale nube bassa nelle valli prealpine durante le ore pi\u00f9 fredde. Venti perlopi\u00f9 deboli dai quadranti occidentali in quota e brezze nelle valli.<\/p>\n<hr \/>\n<p><center><b>Domenica 13<\/b><\/center>Tempo ben soleggiato, stabile, anche molto mite in quota, con inversione termica nelle valli durante le ore pi\u00f9 fredde, e clima assai mite di giorno. Temperature senza variazioni di rilievo, salvo aumento delle minime. Non esclusa la formazione di banchi di nubi basse nelle valli prealpine durante le ore pi\u00f9 fredde. In quota venti deboli occidentali, in rinforzo fino a moderati da Sud-Ovest al pomeriggio; nelle valli perlopi\u00f9 deboli a regime di brezza. Previsore: R.L.Th.<\/p>\n<hr \/>\n<p>&nbsp;<\/p>\n","protected":false},"excerpt":{"rendered":"<p>&nbsp; &nbsp; Alle 17.32 di ieri sera la bella notizia: Nicole \u00e8 stata rintracciata, sta bene ed \u00e8 in buone condizioni, questo il comunicato della Prefettura, poche righe ma che hanno rasserenato quanti da ore erano con il fiato sospeso per la fuga della ragazza. Poco prima, alle 17\u00a0 dal Comando dei Carabinieri di Belluno&hellip;<\/p>\n","protected":false},"author":1,"featured_media":101918,"comment_status":"closed","ping_status":"closed","sticky":false,"template":"","format":"standard","meta":{"_monsterinsights_skip_tracking":false,"_monsterinsights_sitenote_active":false,"_monsterinsights_sitenote_note":"","_monsterinsights_sitenote_category":0,"footnotes":""},"categories":[1,86],"tags":[],"class_list":["post-101889","post","type-post","status-publish","format-standard","has-post-thumbnail","hentry","category-senza-categoria","category-gr","category-1","category-86","description-off"],"img_url":"https:\/\/www.radiopiu.net\/wordpress\/wp-content\/uploads\/2019\/10\/72406046_10220980105759201_5386804375563796480_n.jpg","_links":{"self":[{"href":"https:\/\/www.radiopiu.net\/wordpress\/wp-json\/wp\/v2\/posts\/101889","targetHints":{"allow":["GET"]}}],"collection":[{"href":"https:\/\/www.radiopiu.net\/wordpress\/wp-json\/wp\/v2\/posts"}],"about":[{"href":"https:\/\/www.radiopiu.net\/wordpress\/wp-json\/wp\/v2\/types\/post"}],"author":[{"embeddable":true,"href":"https:\/\/www.radiopiu.net\/wordpress\/wp-json\/wp\/v2\/users\/1"}],"replies":[{"embeddable":true,"href":"https:\/\/www.radiopiu.net\/wordpress\/wp-json\/wp\/v2\/comments?post=101889"}],"version-history":[{"count":0,"href":"https:\/\/www.radiopiu.net\/wordpress\/wp-json\/wp\/v2\/posts\/101889\/revisions"}],"wp:featuredmedia":[{"embeddable":true,"href":"https:\/\/www.radiopiu.net\/wordpress\/wp-json\/wp\/v2\/media\/101918"}],"wp:attachment":[{"href":"https:\/\/www.radiopiu.net\/wordpress\/wp-json\/wp\/v2\/media?parent=101889"}],"wp:term":[{"taxonomy":"category","embeddable":true,"href":"https:\/\/www.radiopiu.net\/wordpress\/wp-json\/wp\/v2\/categories?post=101889"},{"taxonomy":"post_tag","embeddable":true,"href":"https:\/\/www.radiopiu.net\/wordpress\/wp-json\/wp\/v2\/tags?post=101889"}],"curies":[{"name":"wp","href":"https:\/\/api.w.org\/{rel}","templated":true}]}}