{"id":101938,"date":"2019-10-09T23:58:51","date_gmt":"2019-10-09T21:58:51","guid":{"rendered":"http:\/\/www.radiopiu.net\/wordpress\/?p=101938"},"modified":"2019-10-09T17:32:53","modified_gmt":"2019-10-09T15:32:53","slug":"al-via-le-candidature-per-i-premi-alla-festa-dello-sport","status":"publish","type":"post","link":"https:\/\/www.radiopiu.net\/wordpress\/al-via-le-candidature-per-i-premi-alla-festa-dello-sport\/","title":{"rendered":"AL VIA LE CANDIDATURE PER I PREMI ALLA FESTA DELLO SPORT"},"content":{"rendered":"<p>Anche quest&#8217;anno il CONI di Belluno ha iniziato i preparativi per la Festa Dello Sport, un appuntamento in cui verranno consegnati due premi importanti, \u201cGruppo Giovani Imprenditori\u201d e il \u201cSport e Profitto Sportful\u201d.<\/p>\n<p>Il premio \u201cGruppo Giovani Imprenditori\u201d consiste nel dare il giusto riconoscimento alle sochiet\u00e0 che, nella scorsa stagione, si sono contraddistinte nella promozione dello sport giovanile per far apprendere ai giovani i valori di impegno, lealt\u00e0 e rispetto. Verr\u00e0 tenuto conto di un premio anche ad un dirigente sportivo che si \u00e8 impegnato nell&#8217;attivit\u00e0 giovanile.<\/p>\n<p>Per quanto riguarda il premio \u201cSport e Profitto Sportful\u201d si andr\u00e0 a dare un riconoscimento a quei giovani che hanno saputo coniugare sport e scuola.<\/p>\n<p>La Festa Dello Sport \u00e8 un appuntamento importante anche perch\u00e8 rappresenta un lodevole esempio di collaborazione tra il mondo dello sport e la societ\u00e0 civile.<\/p>\n<p>Sono partite le candidature per i riconoscimenti, candidature che dovranno essere presentate entro l&#8217;8 novembre al CONI di Belluno corredate dal visto della rispettiva federazione o disciplina assieme all&#8217;ente di promozione provinciale.<\/p>\n","protected":false},"excerpt":{"rendered":"<p>Anche quest&#8217;anno il CONI di Belluno ha iniziato i preparativi per la Festa Dello Sport, un appuntamento in cui verranno consegnati due premi importanti, \u201cGruppo Giovani Imprenditori\u201d e il \u201cSport e Profitto Sportful\u201d. Il premio \u201cGruppo Giovani Imprenditori\u201d consiste nel dare il giusto riconoscimento alle sochiet\u00e0 che, nella scorsa stagione, si sono contraddistinte nella promozione&hellip;<\/p>\n","protected":false},"author":4,"featured_media":0,"comment_status":"closed","ping_status":"closed","sticky":false,"template":"","format":"standard","meta":{"_monsterinsights_skip_tracking":false,"_monsterinsights_sitenote_active":false,"_monsterinsights_sitenote_note":"","_monsterinsights_sitenote_category":0,"footnotes":""},"categories":[103,49,72],"tags":[],"class_list":["post-101938","post","type-post","status-publish","format-standard","hentry","category-evidenza_2","category-news-18","category-sport","category-103","category-49","category-72","description-off"],"img_url":false,"_links":{"self":[{"href":"https:\/\/www.radiopiu.net\/wordpress\/wp-json\/wp\/v2\/posts\/101938","targetHints":{"allow":["GET"]}}],"collection":[{"href":"https:\/\/www.radiopiu.net\/wordpress\/wp-json\/wp\/v2\/posts"}],"about":[{"href":"https:\/\/www.radiopiu.net\/wordpress\/wp-json\/wp\/v2\/types\/post"}],"author":[{"embeddable":true,"href":"https:\/\/www.radiopiu.net\/wordpress\/wp-json\/wp\/v2\/users\/4"}],"replies":[{"embeddable":true,"href":"https:\/\/www.radiopiu.net\/wordpress\/wp-json\/wp\/v2\/comments?post=101938"}],"version-history":[{"count":0,"href":"https:\/\/www.radiopiu.net\/wordpress\/wp-json\/wp\/v2\/posts\/101938\/revisions"}],"wp:attachment":[{"href":"https:\/\/www.radiopiu.net\/wordpress\/wp-json\/wp\/v2\/media?parent=101938"}],"wp:term":[{"taxonomy":"category","embeddable":true,"href":"https:\/\/www.radiopiu.net\/wordpress\/wp-json\/wp\/v2\/categories?post=101938"},{"taxonomy":"post_tag","embeddable":true,"href":"https:\/\/www.radiopiu.net\/wordpress\/wp-json\/wp\/v2\/tags?post=101938"}],"curies":[{"name":"wp","href":"https:\/\/api.w.org\/{rel}","templated":true}]}}