{"id":102014,"date":"2019-10-11T05:48:42","date_gmt":"2019-10-11T03:48:42","guid":{"rendered":"http:\/\/www.radiopiu.net\/wordpress\/?p=102014"},"modified":"2019-10-11T12:59:09","modified_gmt":"2019-10-11T10:59:09","slug":"giornale-radiopiu-11-ottobre-2019-direttore-mirko-mezzacasa","status":"publish","type":"post","link":"https:\/\/www.radiopiu.net\/wordpress\/giornale-radiopiu-11-ottobre-2019-direttore-mirko-mezzacasa\/","title":{"rendered":"GIORNALE RADIOPIU 11 OTTOBRE 2019 DIRETTORE MIRKO MEZZACASA"},"content":{"rendered":"<p>&nbsp;<\/p>\n<p>&nbsp;<\/p>\n<blockquote><p><strong>AGORDO<\/strong> Continuano i lavori sulla strada per Malga Framont, per questo il Comune ha prorogato l&#8217;ordinanza di chiusura dalla localit\u00e0 Salt del Ligador e fino alla malga. Chiusura almeno fino a venerdi 18 ottobre, la riapertura della rotabile \u00e8 vincolata alle condizioni meteorologiche.<\/p>\n<p>&nbsp;<\/p><\/blockquote>\n<p><em><strong>REGIONALE 203 AGORDINA. CANDATEN.<\/strong><\/em><br \/>\n<em>NEI GIORNI 15 E 16 OTTOBRE DALLE 8.15 ALLE 12 E DALLE 13 ALLE 17 INTERRUZIONI ALLA VIABILITA&#8217;, MASSIMO 20 MINUTI PER ISPEZIONE VERSANTI TRA PERON E CANDATEN<\/em><\/p>\n<p>&nbsp;<\/p>\n<blockquote><p>PER ASFALTATURA CHIUSURA DELLA PROVINCIALE DEL MIS TRA TISER E CURTI FINO\u00a0 AL 14 OTTOBRE DALLE 7.40 ALLE 12.30 E DALLE 14 ALLE 17.30<\/p>\n<p>&nbsp;<\/p><\/blockquote>\n<p><em><strong>Gestione Servizi Pubblici informa che a AGORDO nelle LOCALITA&#8217; PIASENT, COLVIGNAS, CAMPON E LE FOCHE l&#8217;acqua erogata dall&#8217;acquedotto \u00e8 di nuovo potabile e pu\u00f2 essere usata, quindi, per scopi alimentari. <\/strong><\/em><\/p>\n<p>&nbsp;<\/p>\n<p><em>P<\/em>er lavori alla rete idrica comunale, i giorni 14 e 15 OTTOBRE dalle 8 a FINE LAVORI, verr\u00e0 sospesa l\u2019erogazione dell\u2019acqua a LIVINALLONGO nelle LOCALITA&#8217; PIEVE, RETIZ, GROUPA e COL.<\/p>\n<p>&nbsp;<\/p>\n<p>&nbsp;<\/p>\n<p>&nbsp;<\/p>\n<h3>LA FOTO DEL GIORNO<\/h3>\n<p><strong>CANALE D&#8217;AGORDO<\/strong> Complimenti al dottore di Fregona, non solo un grande atleta ma anche uno studente modello con laurea in tasca da 110 con Lode. Un paese lo abbraccia, una vallata si complimenta.<br \/>\nLORENZO CAGNATI\u00a0 \u00e8 \u00a0dottore in scienze faunistiche<\/p>\n<p><a class=\"dt-pswp-item\" href=\"http:\/\/www.radiopiu.net\/wordpress\/wp-content\/uploads\/2019\/10\/adfe103d-f05f-4ee0-98e4-ae856db0d03c.jpg\" data-dt-img-description=\"\" data-large_image_width=\"786\" data-large_image_height=\"1600\"><img loading=\"lazy\" decoding=\"async\" class=\"alignnone wp-image-102106 size-full\" src=\"http:\/\/www.radiopiu.net\/wordpress\/wp-content\/uploads\/2019\/10\/adfe103d-f05f-4ee0-98e4-ae856db0d03c.jpg\" alt=\"\" width=\"786\" height=\"1600\" srcset=\"https:\/\/www.radiopiu.net\/wordpress\/wp-content\/uploads\/2019\/10\/adfe103d-f05f-4ee0-98e4-ae856db0d03c.jpg 786w, https:\/\/www.radiopiu.net\/wordpress\/wp-content\/uploads\/2019\/10\/adfe103d-f05f-4ee0-98e4-ae856db0d03c-147x300.jpg 147w, https:\/\/www.radiopiu.net\/wordpress\/wp-content\/uploads\/2019\/10\/adfe103d-f05f-4ee0-98e4-ae856db0d03c-768x1563.jpg 768w, https:\/\/www.radiopiu.net\/wordpress\/wp-content\/uploads\/2019\/10\/adfe103d-f05f-4ee0-98e4-ae856db0d03c-503x1024.jpg 503w\" sizes=\"auto, (max-width: 786px) 100vw, 786px\" \/><\/a><\/p>\n<p>&nbsp;<\/p>\n<p>&nbsp;<\/p>\n<p>&nbsp;<\/p>\n<h3>GOVERNO: MINISTRO FRANCESCO BOCCIA DELEGA DE MENECH NEL COMITATO PARITETICO PER LA GESTIONE DELL&#8217;INTESA PER IL FCC<\/h3>\n<p><strong><a class=\"dt-pswp-item\" href=\"http:\/\/www.radiopiu.net\/wordpress\/wp-content\/uploads\/2016\/01\/slider_01-roger-de-menech-07-07-620x248-e1454393337533.jpg\" data-dt-img-description=\"\" data-large_image_width=\"620\" data-large_image_height=\"248\"><img loading=\"lazy\" decoding=\"async\" class=\" wp-image-16099 alignleft\" src=\"http:\/\/www.radiopiu.net\/wordpress\/wp-content\/uploads\/2016\/01\/slider_01-roger-de-menech-07-07-620x248-e1454393337533-300x120.jpg\" alt=\"\" width=\"215\" height=\"86\" \/><\/a>ROMA<\/strong> Come anticipato dopo i primi rumors ecco la conferma: sar\u00e0 Roger De Menech, deputato veneto del Partito Democratico, il delegato del Ministro per gli Affari Regionali e le Autonomie, Francesco Boccia, nel Comitato Paritetico per la gestione dell\u2019intesa per il fondo comuni confinanti (FCC) tra lo stesso ministero, le province autonome di Trento e Bolzano e le Regioni Lombardia e Veneto.<\/p>\n<p>&nbsp;<\/p>\n<p><strong>L&#8217;INTERVISTA AL DEPUTATO BELLUNESE<\/strong><\/p>\n<audio class=\"wp-audio-shortcode\" id=\"audio-102014-1\" preload=\"none\" style=\"width: 100%;\" controls=\"controls\"><source type=\"audio\/mpeg\" src=\"http:\/\/www.radiopiu.net\/wordpress\/wp-content\/uploads\/2019\/10\/roger-1.mp3?_=1\" \/><a href=\"http:\/\/www.radiopiu.net\/wordpress\/wp-content\/uploads\/2019\/10\/roger-1.mp3\">http:\/\/www.radiopiu.net\/wordpress\/wp-content\/uploads\/2019\/10\/roger-1.mp3<\/a><\/audio>\n<p><strong>IL DOCUMENTO DI NOMINA<\/strong><\/p>\n<div class=\"su-document su-u-responsive-media-yes\"><iframe loading=\"lazy\" src=\"\/\/docs.google.com\/viewer?embedded=true&url=http:\/\/www.radiopiu.net\/wordpress\/wp-content\/uploads\/2019\/10\/Decreto-De-Menech-1.pdf\" width=\"320\" height=\"340\" class=\"su-document\" title=\"\"><\/iframe><\/div>\n<p>&nbsp;<\/p>\n<p>&nbsp;<\/p>\n<h3>POTREBBE AVERE LE ORE CONTATE LO SPACCIATORE DI MONETE FALSE, I CARABINIERI INDAGANO<\/h3>\n<p><strong>BELLUNO<\/strong> Presunto falsario a Cavarzano, i Carabinieri indagano dopo la denuncia di ieri. L&#8217;uomo \u00e8 riuscito a scappare su una vettura nera, probabilmente con l&#8217;aiuto di un complice, al vaglio le immagini della video sorveglianza. Alle 13 il malvivente ha\u00a0 pagato\u00a0 con banconote fasulle al panificio Balbinot, ci ha riprovato all&#8217;A&amp;O ma gli \u00e8 andata male. In mano aveva un pacchetto di soldi falsi.<\/p>\n<p>&nbsp;<\/p>\n<p>&nbsp;<\/p>\n<h3>MUORE IN CASA, ACCANTO LA FIGLIA<\/h3>\n<p><strong>BELLUNO<\/strong> Tragedia in centro a Belluno, una giovane donna del Kossovo \u00e8 morta in casa a soli 27 anni davanti alla piccola figlia di 3 anni.\u00a0 A dare l&#8217;allarme il marito, perch\u00e9 la donna non rispondeva pi\u00f9 al telefono, \u00e8 tornato a casa in fretta e furia e ha trovato la compagna senza vita sul letto. Le cause della morte sono naturali, la magistratura sta comunque indagando ed ha chiesto l&#8217;autopsia.<\/p>\n<p>&nbsp;<\/p>\n<p>&nbsp;<\/p>\n<p>&nbsp;<\/p>\n<h3>SCUOLA:\u00a0 1,4 MILIONI PER LA SICUREZZA DEGLI EDIFICI SCOLASTICI<\/h3>\n<p><strong>VENEZIA\u00a0 <\/strong>La Giunta regionale del Veneto ha approvato l\u2019assegnazione di contributi regionali per 1,4 milioni di euro per la messa a norma e la sicurezza degli edifici scolastici del Veneto, dalle scuole d\u2019infanzia agli istituti della scuola dell\u2019obbligo. I contributi, assegnati con il bando pubblicato sul Bur\u00a0 sono destinati sia alle scuole pubbliche (un milione di euro) sia alle paritarie (400 mila euro). In merito ai criteri di assegnazione dei contributi e alla compilazione della relativa graduatoria, che hanno ricevuto l\u2019ok anche della competente commissione consiliare,\u00a0 un ingente lavoro istruttorio svolto dalle strutture tecniche regionali: <em>\u201cUn lavoro silenzioso e complesso, condotto dietro le quinte \u2013 sottolinea l&#8217;assessore Elena Donazzan \u2013 che ha consentito negli anni di valutare e validare migliaia di progetti con grande accuratezza e professionalit\u00e0, rispettando i tempi, e senza mai ingenerare un ricorso o in incidente di percorso. Anche questo contribuisce, unitamente alla capacit\u00e0 progettuale degli enti locali, a migliorare la qualit\u00e0 dell\u2019edilizia scolastica in Veneto\u201d.<\/em><\/p>\n<p>&nbsp;<\/p>\n<p>&nbsp;<\/p>\n<h3>WELFARE LUXOTTICA CARRELLO DELLA SPESA.. IN PISTA<\/h3>\n<p><strong><a class=\"dt-pswp-item\" href=\"http:\/\/www.radiopiu.net\/wordpress\/wp-content\/uploads\/2019\/03\/WhatsApp-Image-2019-03-24-at-18.11.14.jpeg\" data-dt-img-description=\"\" data-large_image_width=\"1599\" data-large_image_height=\"799\"><img loading=\"lazy\" decoding=\"async\" class=\" wp-image-80220 alignleft\" src=\"http:\/\/www.radiopiu.net\/wordpress\/wp-content\/uploads\/2019\/03\/WhatsApp-Image-2019-03-24-at-18.11.14-300x150.jpeg\" alt=\"\" width=\"234\" height=\"117\" srcset=\"https:\/\/www.radiopiu.net\/wordpress\/wp-content\/uploads\/2019\/03\/WhatsApp-Image-2019-03-24-at-18.11.14-300x150.jpeg 300w, https:\/\/www.radiopiu.net\/wordpress\/wp-content\/uploads\/2019\/03\/WhatsApp-Image-2019-03-24-at-18.11.14-768x384.jpeg 768w, https:\/\/www.radiopiu.net\/wordpress\/wp-content\/uploads\/2019\/03\/WhatsApp-Image-2019-03-24-at-18.11.14-1024x512.jpeg 1024w, https:\/\/www.radiopiu.net\/wordpress\/wp-content\/uploads\/2019\/03\/WhatsApp-Image-2019-03-24-at-18.11.14.jpeg 1599w\" sizes=\"auto, (max-width: 234px) 100vw, 234px\" \/><\/a>AGORDO<\/strong> Ed ecco arrivato ottobre, per i dipendenti Luxottica \u00e8 anche il mese della spesa gratis. Dal 21 ottobre si potr\u00e0 ritirare il cartello prenotato a luglio. Da lunedi sar\u00e0 invece possibile prenotare on line il turno del ritiro. La scorsa estate era possibile prenotare il carrello classico, locale o senza glutine. Chi non avesse fatto la scelta avr\u00e0 il carrello classico, le scelta non \u00e8 modificabile. Ci sar\u00e0 inoltre in omaggio un buono sconto del 10% presso i punti vendita Coop Trentino di Agordo, Sedico o\u00a0 Rovereto con scadenza 31 dicembre. Per il ritiro sar\u00e0 sufficente presentargi con il badge personale o il modulo di delega.<\/p>\n<p>&nbsp;<\/p>\n<p>&nbsp;<\/p>\n<p>&nbsp;<\/p>\n<h3>CON LA CISL VISITE GRATUITE DI PREVENZIONE AL SAN MARTINO<\/h3>\n<p><strong>BELLUNO\u00a0<\/strong> La Cisl porta la prevenzione cardiologica alla 46esima edizione della \u201c24 Ore di San Martino\u201d,\u00a0 \u00a0non solo parteciper\u00e0 con una propria squadra, ma sar\u00e0 presente con un camper sanitario appositamente allestito per offrire la possibilit\u00e0 a tutti i cittadini di sottoporsi ad uno screening cardiologico gratuito. L\u2019iniziativa nasce grazie alla collaborazione con SANI.IN.VENETO, il fondo di assistenza sanitaria integrativa per i lavoratori dipendenti delle imprese artigiane del Veneto. Sabato dalle 13 alle 19 all\u2019esterno dello stadio di Belluno sar\u00e0 operativa una unit\u00e0 mobile dove sar\u00e0 possibile effettuare gratuitamente con due medici specializzati una visita cardiologica di prevenzione con elettrocardiogramma e rilascio di eventuale idoneit\u00e0 sportiva.<\/p>\n<p><strong>AI MICROFONI DI RADIO PIU&#8217; BRUNO DEOLA DELLA SEGRETERIA CISL BELLUNO-TREVISO<\/strong><\/p>\n<audio class=\"wp-audio-shortcode\" id=\"audio-102014-2\" preload=\"none\" style=\"width: 100%;\" controls=\"controls\"><source type=\"audio\/mpeg\" src=\"http:\/\/www.radiopiu.net\/wordpress\/wp-content\/uploads\/2019\/10\/BRUNO-CISL.mp3?_=2\" \/><a href=\"http:\/\/www.radiopiu.net\/wordpress\/wp-content\/uploads\/2019\/10\/BRUNO-CISL.mp3\">http:\/\/www.radiopiu.net\/wordpress\/wp-content\/uploads\/2019\/10\/BRUNO-CISL.mp3<\/a><\/audio>\n<p>&nbsp;<\/p>\n<p>&nbsp;<\/p>\n<p>&nbsp;<\/p>\n<p>&nbsp;<\/p>\n<p>&nbsp;<\/p>\n<p>&nbsp;<\/p>\n<h3><a class=\"dt-pswp-item\" href=\"http:\/\/www.radiopiu.net\/wordpress\/wp-content\/uploads\/2018\/07\/stadio-alleghe-5.jpg\" data-dt-img-description=\"\" data-large_image_width=\"1024\" data-large_image_height=\"768\"><img loading=\"lazy\" decoding=\"async\" class=\"size-medium wp-image-53145 alignleft\" src=\"http:\/\/www.radiopiu.net\/wordpress\/wp-content\/uploads\/2018\/07\/stadio-alleghe-5-300x225.jpg\" alt=\"\" width=\"300\" height=\"225\" srcset=\"https:\/\/www.radiopiu.net\/wordpress\/wp-content\/uploads\/2018\/07\/stadio-alleghe-5-300x225.jpg 300w, https:\/\/www.radiopiu.net\/wordpress\/wp-content\/uploads\/2018\/07\/stadio-alleghe-5-768x576.jpg 768w, https:\/\/www.radiopiu.net\/wordpress\/wp-content\/uploads\/2018\/07\/stadio-alleghe-5.jpg 1024w\" sizes=\"auto, (max-width: 300px) 100vw, 300px\" \/><\/a><\/h3>\n<h3><\/h3>\n<h3><\/h3>\n<h3><\/h3>\n<h3>QUALE FUTURO PER IL PALAGHIACCIO DI ALLEGHE?<\/h3>\n<p><strong>DI GIANNI SANTOMASO<\/strong><\/p>\n<audio class=\"wp-audio-shortcode\" id=\"audio-102014-3\" preload=\"none\" style=\"width: 100%;\" controls=\"controls\"><source type=\"audio\/mpeg\" src=\"http:\/\/www.radiopiu.net\/wordpress\/wp-content\/uploads\/2019\/10\/gianni-alleghe.mp3?_=3\" \/><a href=\"http:\/\/www.radiopiu.net\/wordpress\/wp-content\/uploads\/2019\/10\/gianni-alleghe.mp3\">http:\/\/www.radiopiu.net\/wordpress\/wp-content\/uploads\/2019\/10\/gianni-alleghe.mp3<\/a><\/audio>\n<p>&nbsp;<\/p>\n<p>&nbsp;<\/p>\n<p>&nbsp;<\/p>\n<h3>ASSICURAZIONE DI COMUNITA&#8217;, 100 EURO ALL&#8217;ANNO PER DIFENDERSI DA FURTI E DANNI<\/h3>\n<p><strong>BELLUNO<\/strong> Un&#8217;assicurazione di comunit\u00e0 contro i furti, i danni da eventi meteo o straordinari, a un costo molto vantaggioso per i cittadini: \u00e8 questa la proposta approvata dalla Giunta comunale nella seduta di luned\u00ec pomeriggio. Due le opzioni proposte:<strong> danni da furto:<\/strong> la soluzione proposta copre le spese per denaro e valori ovunque riposti; per ricostruzione archivi; per opere d\u2019arte; per guasti dei ladri a fissi ed infissi; per atti vandalici ed eventi socio-politici; per beni all\u2019aperto; per estorsione, truffa e scippo; <strong>danni diretti all&#8217;abitazione:<\/strong> l&#8217;assicurazione interviene in caso di demolizione e sgombero; perdita pigioni; spese peritali e onorari di architetti, professionisti e consulenti; ricorso terzi; eventi socio-politici e atti vandalici; eventi atmosferici; inondazioni, alluvioni, allagamenti; terremoto. Sar\u00e0 possibile scegliere una delle due opzioni (35 euro all&#8217;anno quella contro i furti, 65 quella per i danni atmosferici) o entrambe, per un costo di 100 euro annui; la polizza potr\u00e0 essere attivata dal broker solo in caso di raggiungimento di almeno 200 richieste. Tutte le informazioni sui limiti di indennizzo e eventuali scoperti e franchigie saranno rese presto disponibili sul sito istituzionale del Comune di Belluno.<\/p>\n<p><strong>IL SINDACO DI BELLUNO, JACOPO MASSARO<\/strong><\/p>\n<p><iframe loading=\"lazy\" title=\"JACOPO MASSARO, SINDACO DI BELLUNO\" width=\"1200\" height=\"675\" src=\"https:\/\/www.youtube.com\/embed\/FtOrUgeyVmg?feature=oembed\" frameborder=\"0\" allow=\"accelerometer; autoplay; encrypted-media; gyroscope; picture-in-picture\" allowfullscreen><\/iframe><\/p>\n<h3>delibera sull&#8217;assicurazione di comunit\u00e0, con i massimali.<\/h3>\n<div class=\"su-document su-u-responsive-media-yes\"><iframe loading=\"lazy\" src=\"\/\/docs.google.com\/viewer?embedded=true&url=http:\/\/www.radiopiu.net\/wordpress\/wp-content\/uploads\/2019\/10\/PR_DEL_PROP_3457_2019.pdf\" width=\"320\" height=\"340\" class=\"su-document\" title=\"\"><\/iframe><\/div>\n<p>&nbsp;<\/p>\n<p>&nbsp;<\/p>\n<p>&nbsp;<\/p>\n<p>&nbsp;<\/p>\n<p>&nbsp;<\/p>\n<h3>ANCORA CORRIERE STRACOLME \u00a0De Carlo: \u201cScritto al Presidente della\u00a0 Provincia, ai Sindaci del Cadore e Dolomitibus: pi\u00f9 controlli e nuove corse\u201d<\/h3>\n<p><strong><a class=\"dt-pswp-item\" href=\"http:\/\/www.radiopiu.net\/wordpress\/wp-content\/uploads\/2018\/08\/dolomitibus.jpeg\" data-dt-img-description=\"\" data-large_image_width=\"621\" data-large_image_height=\"414\"><img loading=\"lazy\" decoding=\"async\" class=\"size-medium wp-image-59158 alignleft\" src=\"http:\/\/www.radiopiu.net\/wordpress\/wp-content\/uploads\/2018\/08\/dolomitibus-300x200.jpeg\" alt=\"\" width=\"300\" height=\"200\" srcset=\"https:\/\/www.radiopiu.net\/wordpress\/wp-content\/uploads\/2018\/08\/dolomitibus-300x200.jpeg 300w, https:\/\/www.radiopiu.net\/wordpress\/wp-content\/uploads\/2018\/08\/dolomitibus.jpeg 621w\" sizes=\"auto, (max-width: 300px) 100vw, 300px\" \/><\/a>CALALZO<\/strong> Ancora problemi di sovraffollamento sulle corriere che portano gli\u00a0 studenti da Cortina a Calalzo e da Calalzo a Belluno: il deputato di\u00a0 Fratelli d&#8217;Italia e Sindaco di Calalzo di Cadore, Luca De Carlo,\u00a0 continua a raccogliere segnalazioni sui disagi nel trasporto scolastico\u00a0 provinciale.<em> \u201cRispetto alle prime segnalazioni, grazie anche all&#8217;impegno del\u00a0 consigliere provinciale Gianluca Lorenzi, la situazione \u00e8 migliorata ma\u00a0 non \u00e8 ancora ottimale, viste le telefonate e i messaggi che continuo a\u00a0 ricevere\u201d, sottolinea De Carlo. Per porre rimedio alla situazione, il deputato ha messo in atto due\u00a0 iniziative: \u201cInnanzitutto, ho scritto a tutti i sindaci del Cadore e al\u00a0 Presidente della Provincia, nonch\u00e9 sindaco di Longarone, chiedendo che\u00a0 intensifichino con il proprio personale di vigilanza i controlli sulle\u00a0 corriere, per monitorare e segnalare eventuali sovrannumeri\u201d, annuncia\u00a0 De Carlo. \u201cA Calalzo gi\u00e0 mettiamo in atto questi controlli, ma come\u00a0 capolinea molto spesso troviamo i bus mezzi vuoti; in localit\u00e0 come\u00a0 Longarone o Ospitale, ad esempio, si potrebbero invece rilevare\u00a0 situazioni di sovraffollamento ben differenti\u201d. Carta e penna alla mano, il deputato cadorino ha scritto anche a\u00a0 Dolomitibus \u201cper verificare la possibilit\u00e0 di istituire una corsa\u00a0 dedicata agli studenti tra Auronzo e Cortina, passando per il Passo Tre\u00a0 Croci: in molti mi hanno confermato che un servizio simile sarebbe molto\u00a0 utile, permettendo ai ragazzi di raggiungere le due localit\u00e0 senza per\u00a0 forza fare il lungo giro per il Centro Cadore e la Val Boitein . Non solo\u00a0 chi gi\u00e0 viaggia in corriera si \u00e8 detto interessato, ma ho ricevuto anche\u00a0 la disponibilit\u00e0 di nuovi potenziali utenti, attirati dalla prospettiva\u00a0 di un viaggio pi\u00f9 veloce e comodo\u201d, conclude De Carlo.<\/em><\/p>\n<p><strong>DALLA RASSEGNA STAMPA, LUCA DE CARLO<\/strong><\/p>\n<audio class=\"wp-audio-shortcode\" id=\"audio-102014-4\" preload=\"none\" style=\"width: 100%;\" controls=\"controls\"><source type=\"audio\/mpeg\" src=\"http:\/\/www.radiopiu.net\/wordpress\/wp-content\/uploads\/2019\/10\/LUCA-DE-CARLO.mp3?_=4\" \/><a href=\"http:\/\/www.radiopiu.net\/wordpress\/wp-content\/uploads\/2019\/10\/LUCA-DE-CARLO.mp3\">http:\/\/www.radiopiu.net\/wordpress\/wp-content\/uploads\/2019\/10\/LUCA-DE-CARLO.mp3<\/a><\/audio>\n<p>&nbsp;<\/p>\n<p>&nbsp;<\/p>\n<p>&nbsp;<\/p>\n<h3>CONTRO LE TRUFFE&#8230;<\/h3>\n<p><span style=\"color: #ff0000;\">ALPAGO<\/span> <strong>Inizia dall&#8217;Alpago una serie di incontri con i Carabinieri per informare circa le truffe porta a porta o per la strada, purtroppo di recente in Alpago ne hanno fatto le spese alcune anziane. L&#8217;amministrazione comunale in collaborazione con l&#8217;Arma provinciale propone il primo appuntamento di sensibilizzazione sul problema ricorrente delel truffe ai danni della fascia pi\u00f9 debole della popolazione. A Pieve, in sala Placido Fabris, OGGI alle 17.30. Programma: saluto dell&#8217;amministrazione, intervento del Maggiore Emanuela Cervellera Comandante della Compagnia Carabinieri di Belluno, conclusioni del Comandante della Polizia locale dell&#8217;Alpago Angela Zopp\u00e8,<\/strong><\/p>\n<p>&nbsp;<\/p>\n<p>&nbsp;<\/p>\n<p>&nbsp;<\/p>\n<p>&nbsp;<\/p>\n<h3>L\u2019IMPEGNO DELL\u2019AUSER CONTRO LA VIOLENZA SULLE DONNE.<\/h3>\n<p><strong>BELLUNO<\/strong> Per iniziativa dell&#8217;Auser pallrovinciale e l&#8217;organizzazione delle quattro Universit\u00e0 popolari Auser bellunesi attive in Alpago, Belluno, Domegge e Ponte nelle Alpi, domenica scorsa \u00e8 stato aperto ufficialmente l&#8217;Anno accademico 2019-2020 con lo spettacolo \u201cPrincipesse, un corno&#8221;. La manifestazione, tenutasi nel Teatro del Centro Giovanni XXIII di Belluno e patrocinata dal Comune capoluogo \u00e8 stata l\u2019occasione per presentare\u00a0 l&#8217;importante ruolo di Auser sul piano culturale e, nello specifico, nel settore dell\u2019educazione permanente degli adulti. Argomento centrale della serata, \u00e8 stato comunque il progetto regionale Auser \u201cT.A.C.I. &#8211; Teatro, Arte, Cultura, Inclusione contro la violenza sulle donne\u201d, che anche a Belluno si concretizzer\u00e0 pubblicamente sabto alle\u00a0 11 nel Parco \u201cCitt\u00e0 di Bologna\u201d, con una\u00a0 cerimonia concordata con il Comune e con l&#8217;Associazione Belluno Donna, durante la quale verr\u00e0 scoperta la panchina rossa, simbolo e richiamo per tutti di un impegno a vigilare costantemente perch\u00e9 non si ripetano pi\u00f9 femminicidi e violenze contro le donne.<\/p>\n<p>&nbsp;<\/p>\n<p>&nbsp;<\/p>\n<p>&nbsp;<\/p>\n<div class=\"page-title-head hgroup\">\n<h3 class=\"entry-title\">ALLEVAMENTO NELL\u2019AGORDINO I GIOVANI CI CREDONO DI GIANNI SANTOMASO<\/h3>\n<\/div>\n<p><em>I giovani alla guida delle grosse aziende zootecniche agordine, il costante aumento della richiesta di prodotti lattiero-caseari lungo tutto il corso dell\u2019anno, la nascita di nuove stalle e l\u2019invito alle istituzioni a contribuire a riportare a prato o a pascolo i boschi colpiti da Vaia. Sono alcuni dei temi che emergono dallo speciale che il Corriere delle Alpi dedica oggi alla realt\u00e0 Cooperativa Agordino Latteria di vallata di Agordo e alla rete di allevatori e agricoltori che la compongono. Una realt\u00e0 in costante in crescita tanto che la Cooperativa sociale Agricola Canop di Rivamonte ha deciso di tenere le mucche in stalla anche d\u2019estate in modo che le esigenze della numerosa clientela che ha ormai valicato i confini provinciali possano essere soddisfatte 365 giorni all\u2019anno. A due giorni dalla ventesima edizione della Fiera del Bestiam, nell\u2019approfondimento del Corriere delle Alpi il presidente della Cooperativa Agordino Latteria di vallata, e i soci della stessa Saergio Brenna, Luca Cadorin e Claudio Fadig\u00e0 delineano uno spaccato di una realt\u00e0 economica agordina in cui i giovani hanno deciso di restare, di rischiare, alcuni seguendo le orme dei padri, altri semplicemente la propria vocazione. Sono loro, grazie al sostegno della \u201ccasa\u201d della cooperativa Agordino latteria di vallata, a far sperare che un futuro, legato alla terra sia ancora possibile. Anche in montagna. Anche in Agordino<\/em><\/p>\n<p>&nbsp;<\/p>\n<blockquote class=\"wp-embedded-content\" data-secret=\"Qv2irKCnvj\"><p><a href=\"https:\/\/www.radiopiu.net\/wordpress\/allevamento-nellagordino-i-giovani-ci-credono-di-gianni-santomaso-2\/\">ALLEVAMENTO NELL\u2019AGORDINO I GIOVANI CI CREDONO DI Gianni Santomaso<\/a><\/p><\/blockquote>\n<p><iframe loading=\"lazy\" title=\"&#8220;ALLEVAMENTO NELL\u2019AGORDINO I GIOVANI CI CREDONO DI Gianni Santomaso&#8221; &#8212; Radio Pi\u00f9\" class=\"wp-embedded-content\" sandbox=\"allow-scripts\" security=\"restricted\" style=\"position: absolute; clip: rect(1px, 1px, 1px, 1px);\" src=\"https:\/\/www.radiopiu.net\/wordpress\/allevamento-nellagordino-i-giovani-ci-credono-di-gianni-santomaso-2\/embed\/#?secret=Qv2irKCnvj\" data-secret=\"Qv2irKCnvj\" width=\"600\" height=\"338\" frameborder=\"0\" marginwidth=\"0\" marginheight=\"0\" scrolling=\"no\"><\/iframe><\/p>\n<p>&nbsp;<\/p>\n<p>&nbsp;<\/p>\n<p>&nbsp;<\/p>\n<h3>DOMANI AD AGORDO LA FIERA DEL BESTIAM<\/h3>\n<p><strong>IL PROGRAMMA<\/strong><\/p>\n<audio class=\"wp-audio-shortcode\" id=\"audio-102014-5\" preload=\"none\" style=\"width: 100%;\" controls=\"controls\"><source type=\"audio\/mpeg\" src=\"http:\/\/www.radiopiu.net\/wordpress\/wp-content\/uploads\/2019\/10\/FIERA-BESTIAM.mp3?_=5\" \/><a href=\"http:\/\/www.radiopiu.net\/wordpress\/wp-content\/uploads\/2019\/10\/FIERA-BESTIAM.mp3\">http:\/\/www.radiopiu.net\/wordpress\/wp-content\/uploads\/2019\/10\/FIERA-BESTIAM.mp3<\/a><\/audio>\n<p>&nbsp;<\/p>\n<p>&nbsp;<\/p>\n<p>&nbsp;<\/p>\n<p>&nbsp;<\/p>\n<h2>L&#8217;INGRESSO DEI NUOVI PARROCI<\/h2>\n<p><em><a class=\"dt-pswp-item\" href=\"http:\/\/www.radiopiu.net\/wordpress\/wp-content\/uploads\/2019\/10\/image5.jpeg\" data-dt-img-description=\"\" data-large_image_width=\"1600\" data-large_image_height=\"901\"><img loading=\"lazy\" decoding=\"async\" class=\"size-medium wp-image-101416 alignleft\" src=\"http:\/\/www.radiopiu.net\/wordpress\/wp-content\/uploads\/2019\/10\/image5-300x169.jpeg\" alt=\"\" width=\"300\" height=\"169\" srcset=\"https:\/\/www.radiopiu.net\/wordpress\/wp-content\/uploads\/2019\/10\/image5-300x169.jpeg 300w, https:\/\/www.radiopiu.net\/wordpress\/wp-content\/uploads\/2019\/10\/image5-768x432.jpeg 768w, https:\/\/www.radiopiu.net\/wordpress\/wp-content\/uploads\/2019\/10\/image5-1024x577.jpeg 1024w, https:\/\/www.radiopiu.net\/wordpress\/wp-content\/uploads\/2019\/10\/image5.jpeg 1600w\" sizes=\"auto, (max-width: 300px) 100vw, 300px\" \/><\/a>Don Cesare Larese e Francesco SIlvestri si preparano a guidare le parrocchie di Agordo, La Valle e Taibon. Il benvenuto alla presenza del vescovo Renato Marangoni\u00a0<\/em><\/p>\n<blockquote><p><em><strong>Oggi alle ore 20.30 presso la Chiesa Arcidiaconale di Agordo ci sar\u00e0 una celebrazione comunitaria presieduta dal Vescovo Monsignor Renato Marangoni per l\u2019immissione dei due nuovi sacerdoti Don Cesare Larese Don Francesco Silvestri che condivederanno le parrocchie di Agordo \u2013 Taibon e La Valle Domani alle 18.30 nella Chiesa Parrocchiale di Taibon prima messa dei due Sacerdoti , siete tutti invitati a partecipare.<\/strong><\/em><\/p><\/blockquote>\n<p><strong>DI GIANNI SANTOMASO<\/strong><\/p>\n<audio class=\"wp-audio-shortcode\" id=\"audio-102014-6\" preload=\"none\" style=\"width: 100%;\" controls=\"controls\"><source type=\"audio\/mpeg\" src=\"http:\/\/www.radiopiu.net\/wordpress\/wp-content\/uploads\/2019\/10\/gianni-nuiovi-parroci.mp3?_=6\" \/><a href=\"http:\/\/www.radiopiu.net\/wordpress\/wp-content\/uploads\/2019\/10\/gianni-nuiovi-parroci.mp3\">http:\/\/www.radiopiu.net\/wordpress\/wp-content\/uploads\/2019\/10\/gianni-nuiovi-parroci.mp3<\/a><\/audio>\n<p>&nbsp;<\/p>\n<p>&nbsp;<\/p>\n<p>&nbsp;<\/p>\n<h3>QUESTA SERA AD AGORDO IN SALA DON TAMIS, SERE D&#8217;AUTUNNO<\/h3>\n<p><strong><a class=\"dt-pswp-item\" href=\"http:\/\/www.radiopiu.net\/wordpress\/wp-content\/uploads\/2019\/03\/ASS-CAI-4.jpeg\" data-dt-img-description=\"\" data-large_image_width=\"1600\" data-large_image_height=\"901\"><img loading=\"lazy\" decoding=\"async\" class=\"wp-image-80123 alignleft\" src=\"http:\/\/www.radiopiu.net\/wordpress\/wp-content\/uploads\/2019\/03\/ASS-CAI-4-300x169.jpeg\" alt=\"\" width=\"167\" height=\"94\" srcset=\"https:\/\/www.radiopiu.net\/wordpress\/wp-content\/uploads\/2019\/03\/ASS-CAI-4-300x169.jpeg 300w, https:\/\/www.radiopiu.net\/wordpress\/wp-content\/uploads\/2019\/03\/ASS-CAI-4-768x432.jpeg 768w, https:\/\/www.radiopiu.net\/wordpress\/wp-content\/uploads\/2019\/03\/ASS-CAI-4-1024x577.jpeg 1024w, https:\/\/www.radiopiu.net\/wordpress\/wp-content\/uploads\/2019\/03\/ASS-CAI-4.jpeg 1600w\" sizes=\"auto, (max-width: 167px) 100vw, 167px\" \/><\/a>AGORDO<\/strong> Alle 20.45 in sala Don Tamis seconda serata (ingresso libero) con la presentazione di Giampaolo Soratroi. &#8220;Travel Sport Outdoor Activities&#8221; Selvaggio blu, sospesi tra roccia e mare. Presentazione con Antonello Cibien<\/p>\n<audio class=\"wp-audio-shortcode\" id=\"audio-102014-7\" preload=\"none\" style=\"width: 100%;\" controls=\"controls\"><source type=\"audio\/mpeg\" src=\"http:\/\/www.radiopiu.net\/wordpress\/wp-content\/uploads\/2019\/10\/SERE-AUTUNNO.mp3?_=7\" \/><a href=\"http:\/\/www.radiopiu.net\/wordpress\/wp-content\/uploads\/2019\/10\/SERE-AUTUNNO.mp3\">http:\/\/www.radiopiu.net\/wordpress\/wp-content\/uploads\/2019\/10\/SERE-AUTUNNO.mp3<\/a><\/audio>\n<p>&nbsp;<\/p>\n<p>&nbsp;<\/p>\n<p>&nbsp;<\/p>\n<h3>E DOMANI AD ALLEGHE I CORI DI MONTAGNA<\/h3>\n<p><strong>DI GIANNI SANTOMASO<\/strong><\/p>\n<audio class=\"wp-audio-shortcode\" id=\"audio-102014-8\" preload=\"none\" style=\"width: 100%;\" controls=\"controls\"><source type=\"audio\/mpeg\" src=\"http:\/\/www.radiopiu.net\/wordpress\/wp-content\/uploads\/2019\/10\/gianni-rassegna.mp3?_=8\" \/><a href=\"http:\/\/www.radiopiu.net\/wordpress\/wp-content\/uploads\/2019\/10\/gianni-rassegna.mp3\">http:\/\/www.radiopiu.net\/wordpress\/wp-content\/uploads\/2019\/10\/gianni-rassegna.mp3<\/a><\/audio>\n<p>&nbsp;<\/p>\n<p align=\"JUSTIFY\"><strong><a class=\"dt-pswp-item\" href=\"http:\/\/www.radiopiu.net\/wordpress\/wp-content\/uploads\/2019\/10\/70a48f3c-e4a1-4938-9816-a3121f5bf5e2.jpg\" data-dt-img-description=\"\" data-large_image_width=\"1600\" data-large_image_height=\"1200\"><img loading=\"lazy\" decoding=\"async\" class=\"wp-image-101931 alignleft\" src=\"http:\/\/www.radiopiu.net\/wordpress\/wp-content\/uploads\/2019\/10\/70a48f3c-e4a1-4938-9816-a3121f5bf5e2-300x225.jpg\" alt=\"\" width=\"155\" height=\"116\" srcset=\"https:\/\/www.radiopiu.net\/wordpress\/wp-content\/uploads\/2019\/10\/70a48f3c-e4a1-4938-9816-a3121f5bf5e2-300x225.jpg 300w, https:\/\/www.radiopiu.net\/wordpress\/wp-content\/uploads\/2019\/10\/70a48f3c-e4a1-4938-9816-a3121f5bf5e2-768x576.jpg 768w, https:\/\/www.radiopiu.net\/wordpress\/wp-content\/uploads\/2019\/10\/70a48f3c-e4a1-4938-9816-a3121f5bf5e2-1024x768.jpg 1024w, https:\/\/www.radiopiu.net\/wordpress\/wp-content\/uploads\/2019\/10\/70a48f3c-e4a1-4938-9816-a3121f5bf5e2.jpg 1600w\" sizes=\"auto, (max-width: 155px) 100vw, 155px\" \/><\/a><span style=\"color: #ff0000;\">Siro De Biasio e Adriano Levis<\/span><\/strong>\u00a0ci parlano del Coro Alpini Monte Civetta, dalla nascita ai giorni nostri. Ci illustrano poi l\u2019appuntamento in programma per sabato alle ore 21 a Caprile: la 44esima rassegna dei cori agordini.<\/p>\n<audio class=\"wp-audio-shortcode\" id=\"audio-102014-9\" preload=\"none\" style=\"width: 100%;\" controls=\"controls\"><source type=\"audio\/mpeg\" src=\"http:\/\/www.radiopiu.net\/wordpress\/wp-content\/uploads\/2019\/10\/siro-de-biasio-adrirano-levis.mp3?_=9\" \/><a href=\"http:\/\/www.radiopiu.net\/wordpress\/wp-content\/uploads\/2019\/10\/siro-de-biasio-adrirano-levis.mp3\">http:\/\/www.radiopiu.net\/wordpress\/wp-content\/uploads\/2019\/10\/siro-de-biasio-adrirano-levis.mp3<\/a><\/audio>\n<p>&nbsp;<\/p>\n<p>&nbsp;<\/p>\n<p>&nbsp;<\/p>\n<h3>STASERA A SEDICO\u00a0 &#8220;VIAGGI&#8221; CON IL CENTRO FORMAZIONE E PROLOCO, DOMANI L&#8217;AGRICOLTURA<\/h3>\n<p><strong><a class=\"dt-pswp-item\" href=\"http:\/\/www.radiopiu.net\/wordpress\/wp-content\/uploads\/2019\/09\/sedico16.jpg\" data-dt-img-description=\"\" data-large_image_width=\"1600\" data-large_image_height=\"1200\"><img loading=\"lazy\" decoding=\"async\" class=\"wp-image-98005 alignleft\" src=\"http:\/\/www.radiopiu.net\/wordpress\/wp-content\/uploads\/2019\/09\/sedico16-300x225.jpg\" alt=\"\" width=\"245\" height=\"184\" srcset=\"https:\/\/www.radiopiu.net\/wordpress\/wp-content\/uploads\/2019\/09\/sedico16-300x225.jpg 300w, https:\/\/www.radiopiu.net\/wordpress\/wp-content\/uploads\/2019\/09\/sedico16-768x576.jpg 768w, https:\/\/www.radiopiu.net\/wordpress\/wp-content\/uploads\/2019\/09\/sedico16-1024x768.jpg 1024w, https:\/\/www.radiopiu.net\/wordpress\/wp-content\/uploads\/2019\/09\/sedico16.jpg 1600w\" sizes=\"auto, (max-width: 245px) 100vw, 245px\" \/><\/a>DI DAMIANO TORMEN\u00a0<\/strong><\/p>\n<p><strong>SEDICO\u00a0<\/strong><\/p>\n<audio class=\"wp-audio-shortcode\" id=\"audio-102014-10\" preload=\"none\" style=\"width: 100%;\" controls=\"controls\"><source type=\"audio\/mpeg\" src=\"http:\/\/www.radiopiu.net\/wordpress\/wp-content\/uploads\/2019\/10\/damiano-sedico.mp3?_=10\" \/><a href=\"http:\/\/www.radiopiu.net\/wordpress\/wp-content\/uploads\/2019\/10\/damiano-sedico.mp3\">http:\/\/www.radiopiu.net\/wordpress\/wp-content\/uploads\/2019\/10\/damiano-sedico.mp3<\/a><\/audio>\n<p>fibr<\/p>\n<p>&nbsp;<\/p>\n<p>&nbsp;<\/p>\n<h3>IL RITORNO DI QUAD IN QUOTA, LA PROPOSTA TURISTICA DEL FINE SETTIMANA<\/h3>\n<p><strong><a class=\"dt-pswp-item\" href=\"http:\/\/www.radiopiu.net\/wordpress\/wp-content\/uploads\/2019\/10\/quad-in-quota-1.jpg\" data-dt-img-description=\"\" data-large_image_width=\"1500\" data-large_image_height=\"1000\"><img loading=\"lazy\" decoding=\"async\" class=\"wp-image-101893 alignleft\" src=\"http:\/\/www.radiopiu.net\/wordpress\/wp-content\/uploads\/2019\/10\/quad-in-quota-1-300x200.jpg\" alt=\"\" width=\"261\" height=\"174\" srcset=\"https:\/\/www.radiopiu.net\/wordpress\/wp-content\/uploads\/2019\/10\/quad-in-quota-1-300x200.jpg 300w, https:\/\/www.radiopiu.net\/wordpress\/wp-content\/uploads\/2019\/10\/quad-in-quota-1-768x512.jpg 768w, https:\/\/www.radiopiu.net\/wordpress\/wp-content\/uploads\/2019\/10\/quad-in-quota-1-1024x683.jpg 1024w, https:\/\/www.radiopiu.net\/wordpress\/wp-content\/uploads\/2019\/10\/quad-in-quota-1.jpg 1500w\" sizes=\"auto, (max-width: 261px) 100vw, 261px\" \/><\/a>DI GIANNI SANTOMASO<\/strong><\/p>\n<p><strong>FALCADE<\/strong><\/p>\n<audio class=\"wp-audio-shortcode\" id=\"audio-102014-11\" preload=\"none\" style=\"width: 100%;\" controls=\"controls\"><source type=\"audio\/mpeg\" src=\"http:\/\/www.radiopiu.net\/wordpress\/wp-content\/uploads\/2019\/10\/gianni-quaf.mp3?_=11\" \/><a href=\"http:\/\/www.radiopiu.net\/wordpress\/wp-content\/uploads\/2019\/10\/gianni-quaf.mp3\">http:\/\/www.radiopiu.net\/wordpress\/wp-content\/uploads\/2019\/10\/gianni-quaf.mp3<\/a><\/audio>\n<p>&nbsp;<\/p>\n<p>&nbsp;<\/p>\n<p>&nbsp;<\/p>\n<h3 align=\"JUSTIFY\">INSIEME PER VINCERE\u00a0 LA FIBROSI CISTICA<\/h3>\n<p><strong><a class=\"dt-pswp-item\" href=\"http:\/\/www.radiopiu.net\/wordpress\/wp-content\/uploads\/2015\/06\/fibrosi-cistica-logo.jpg\" data-dt-img-description=\"\" data-large_image_width=\"300\" data-large_image_height=\"235\"><img loading=\"lazy\" decoding=\"async\" class=\" wp-image-5998 alignleft\" src=\"http:\/\/www.radiopiu.net\/wordpress\/wp-content\/uploads\/2015\/06\/fibrosi-cistica-logo-300x235.jpg\" alt=\"\" width=\"197\" height=\"154\" \/><\/a>BELLUNO<\/strong> Continua la raccolta fondi per il sostegno e la partecipazione della delegazione di Belluno ad un progetto importante da 180 mila euro per l&#8217;Istituto San Raffaele di Milano. L&#8217;obiettivo bellunese \u00e8 di partecipare con una somma di 40 mila euro. I volontari stanno annaffiando le piante di ciclamino che saranno messe in vendita nel fine settimana al costo dnelli 10 euro, in alternativa per chi lo vorr\u00e0 ci sar\u00e0 la pianta di erica.<\/p>\n<blockquote><p><strong>SABATO 12 OTTOBRE\u00a0<\/strong> Gli alpini saranno presente sul Broi di Agordo alla Fiera del Bestiam<\/p>\n<p><strong>SABATO 19 OTTOBRE<\/strong>\u00a0 In Piazza Pian Dell Feste a Castion (alpini) e in Piazza Papa Luciani a Puos d&#8217;Alpago (volontari)<\/p>\n<p><strong>SABATO 26 OTTOBRE<\/strong> Con gli alpini a Caviola e Falcade\u00a0 (cooperativa); Rocca Pietore e San Tomaso da Maria Teresa Fontanelle.<\/p><\/blockquote>\n<p align=\"JUSTIFY\"><em>Promuovendo la conoscenza della Fibrosi Cistica si sostengono e si affrontano soprattutto le complesse esigenze e le problematiche delle persone colpite dalla<\/em><br \/>\n<em>malattia e del loro gruppo famigliare o parentale in genere. Il malato vive in un contesto sociale che deve crescere, non solo per qualit\u00e0 nell&#8217;assistenza ma pure per la capacit\u00e0 di relazioni umane che migliorino la comprensione e dunque la sensibilit\u00e0 verso questa difficile realt\u00e0. (MM)<\/em><\/p>\n<p>&nbsp;<\/p>\n<p>&nbsp;<\/p>\n<p>&nbsp;<\/p>\n<h3>GIORNATA NAZIONALE DELLE PERSONE CON SINDROME DI DOWN<\/h3>\n<p><strong>FELTRE \u00a0<\/strong>Da molti anni la seconda domenica di ottobre \u00e8 stata scelta dalle Associazioni che sono sorte a tutela dei diritti e della promozione sociale delle persone con sindrome di Down come ricorrenza per la Giornata Nazionale dedicata a queste persone. Anche l\u2019AIPD (Associazione Italiana Persone Down) della provincia di Belluno partecipa tradizionalmente all\u2019evento: si organizzano, in molti centri della provincia, \u201cgazebo\u201d, informativi e di raccolta fondi, <em>I centri in cui sono allestiti i gazebo dell\u2019AIPD Belluno sono i seguenti: sabato 12 : Agordo, Mel, (per \u201cMele a Mel\u201d) Belluno-atrio superW. Domenica 13: Fonzaso (tutto il giorno) Mel, Feltre, ( largo Castaldi ), Lentiai e Lamon al mattino, come anche, al mattino, a Alleghe, Belluno, piazza Martiri, Limana,(sagrato della chiesa). Sabato 19 ottobre: Pieve di Cadore, piazza Tiziano e domenica 20 a Pedavena, parco Birreria per la Festa della Castagna.<\/em><\/p>\n<p>&nbsp;<\/p>\n<p>&nbsp;<\/p>\n<p>&nbsp;<\/p>\n<h3>IL SUGGERIMENTO DALL&#8217;AGORDINO IN PROSSIMITA&#8217; DI SAN MARTINO<\/h3>\n<p><strong>ALLEGHE<\/strong> Chi ci scrive \u00e8 la stimata dottoressa Alida Paiola per anni medico di base ad Alleghe, da pochi anni in pensione tra gli affetti famigliari. Ci ha espresso la sua riconoscenza verso il Prefetto di Belluno,\u00a0 che \u00e8 poi quella riconoscenza di molte persone soprattutto dell&#8217;Agordino,\u00a0 la zona pi\u00f9 colpita dall&#8217;uragano Vaia lo scorso anno. &#8220;Al dottor Francesco Esposito &#8211; dice scrive la dottoressa &#8211; dobbiamo un grande grazie e non solo. Lo scorso anno non ha esitato nel mettersi in gioco lanciando un allarme per tempo, chiudendo strade, scuole, uffici, invitando a rimanere tra le mura di casa. Sono convinta che grazie al suo senso del dovere, \u00a0al suo spirito di coraggio decisionale, molte persone sono ancora tra di noi. Per questo mi permetto di suggerire di andare oltre le parole di circostanza, serve un riconoscimento importante e indelebile come la consegna del premio San Martino in occasione della prossima festivit\u00e0 patronale a Belluno&#8221;.<\/p>\n<p>&nbsp;<\/p>\n<p>&nbsp;<\/p>\n<p>&nbsp;<\/p>\n<p>&nbsp;<\/p>\n<h3><a class=\"dt-pswp-item\" href=\"http:\/\/www.radiopiu.net\/wordpress\/wp-content\/uploads\/2018\/09\/appuntamenti.jpeg\" data-dt-img-description=\"\" data-large_image_width=\"800\" data-large_image_height=\"100\"><img loading=\"lazy\" decoding=\"async\" class=\"aligncenter wp-image-61958 size-full\" src=\"http:\/\/www.radiopiu.net\/wordpress\/wp-content\/uploads\/2018\/09\/appuntamenti.jpeg\" alt=\"\" width=\"800\" height=\"100\" srcset=\"https:\/\/www.radiopiu.net\/wordpress\/wp-content\/uploads\/2018\/09\/appuntamenti.jpeg 800w, https:\/\/www.radiopiu.net\/wordpress\/wp-content\/uploads\/2018\/09\/appuntamenti-300x38.jpeg 300w, https:\/\/www.radiopiu.net\/wordpress\/wp-content\/uploads\/2018\/09\/appuntamenti-768x96.jpeg 768w\" sizes=\"auto, (max-width: 800px) 100vw, 800px\" \/><\/a><\/h3>\n<h3><\/h3>\n<p>&nbsp;<\/p>\n<blockquote class=\"wp-embedded-content\" data-secret=\"5rHJxkSs0g\"><p><a href=\"http:\/\/www.radiopiu.net\/wordpress\/concerti-di-cori-soprano-ed-organo-in-chiesa-a-farra-dalpago-e-a-loreto\/\">CONCERTI DI CORI, SOPRANO ED ORGANO IN CHIESA A FARRA D\u2019ALPAGO E A LORETO di RENATO BONA<\/a><\/p><\/blockquote>\n<p><iframe loading=\"lazy\" title=\"&#8220;CONCERTI DI CORI, SOPRANO ED ORGANO IN CHIESA A FARRA D\u2019ALPAGO E A LORETO di RENATO BONA&#8221; &#8212; Radio Pi\u00f9\" class=\"wp-embedded-content\" sandbox=\"allow-scripts\" security=\"restricted\" style=\"position: absolute; clip: rect(1px, 1px, 1px, 1px);\" src=\"http:\/\/www.radiopiu.net\/wordpress\/concerti-di-cori-soprano-ed-organo-in-chiesa-a-farra-dalpago-e-a-loreto\/embed\/#?secret=5rHJxkSs0g\" data-secret=\"5rHJxkSs0g\" width=\"600\" height=\"338\" frameborder=\"0\" marginwidth=\"0\" marginheight=\"0\" scrolling=\"no\"><\/iframe><\/p>\n<p>&nbsp;<\/p>\n<p>&nbsp;<\/p>\n<h4>DUE APPUNTAMENTI CON GLI EX EMIGRANTI<\/h4>\n<p><strong>CENCENIGHE<\/strong> La famiglia ex emigranti agordini organizza il pranzo sociale per domenica 13 ottobre all&#8217;Hotel Europa di Alleghe. Programma: 10 messa in ricordo degli emigranti scomparsi; 12.30 pranzo e lotteria. Prenotazioni entro il 10 ottobre all&#8217;hotel, telefono\u00a0 0437 523362, oppure dalla presidente Lucia De Toffol 0437 591492. Per il 27 ottobre terzo anniversario dell&#8217;inaugurazione del Monumento dell&#8217;emigrante a Cencenighe con la posa di una corona d&#8217;alloro, alle 10.30 la messa a seguire il corteo verso il piazzale Nof Filo&#8217;.<\/p>\n<p>&nbsp;<\/p>\n<p>&nbsp;<\/p>\n<h3>IL BIOLOGO FIORENZO MARINELLI\u00a0 A PONTE NELLE ALPI<\/h3>\n<p><strong>PONTE NELLE ALPI<\/strong> Il prof. Marinelli, ricercatore di fama mondiale, sar\u00e0 a Ponte nelle Alpi mercoled\u00ec 30 ottobre, con il patrocinio del Comune. Cercher\u00e0 di trattare nello specifico gli influssi delle onde elettromagnetiche, di varia provenienza, sul corpo e la salute umana. L\u2019influsso dei cellulari e non solo. Parler\u00e0 come ricercatore e come scienziato. Da oltre 40 anni Marinelli, biologo marchigiano, si dedica anima e corpo a scoprire che cosa vitalizza o danneggia le cellule umane, in rapporto ad eventi naturali provenienti dal loro interno e dall\u2019influsso di eventi provenienti dall\u2019ambiente, \u00a0ha progettato per oltre 20 anni strumenti per la ricerca sperimentale sulla ionizzazione delle cellule, le quali, composte all\u2019interno di acqua, sono soggette alla dinamica elettromagnetica. L\u2019incontro\u00a0 ad ingresso libero dalle 16.30 del pomeriggio del 30 ottobre, all\u2019Hotel Benito a Pian di Vedoia.<\/p>\n<p>&nbsp;<\/p>\n<p>&nbsp;<\/p>\n<h3>GIORNALISMO E FAKE NEWS, RITORNO AL FUTURO<\/h3>\n<p><strong>COLLABORAZIONE, BRUNELLA MORO<\/strong><\/p>\n<p><strong><a class=\"dt-pswp-item\" href=\"http:\/\/www.radiopiu.net\/wordpress\/wp-content\/uploads\/2019\/10\/b86c29b4-fe9a-4d65-a71d-b89e7adaa6cf.jpg\" data-dt-img-description=\"\" data-large_image_width=\"1200\" data-large_image_height=\"1599\"><img loading=\"lazy\" decoding=\"async\" class=\"alignnone size-medium wp-image-102120\" src=\"http:\/\/www.radiopiu.net\/wordpress\/wp-content\/uploads\/2019\/10\/b86c29b4-fe9a-4d65-a71d-b89e7adaa6cf-225x300.jpg\" alt=\"\" width=\"225\" height=\"300\" srcset=\"https:\/\/www.radiopiu.net\/wordpress\/wp-content\/uploads\/2019\/10\/b86c29b4-fe9a-4d65-a71d-b89e7adaa6cf-225x300.jpg 225w, https:\/\/www.radiopiu.net\/wordpress\/wp-content\/uploads\/2019\/10\/b86c29b4-fe9a-4d65-a71d-b89e7adaa6cf-768x1024.jpg 768w, https:\/\/www.radiopiu.net\/wordpress\/wp-content\/uploads\/2019\/10\/b86c29b4-fe9a-4d65-a71d-b89e7adaa6cf.jpg 1200w\" sizes=\"auto, (max-width: 225px) 100vw, 225px\" \/><\/a><a class=\"dt-pswp-item\" href=\"http:\/\/www.radiopiu.net\/wordpress\/wp-content\/uploads\/2019\/10\/5094024d-2904-4110-a2d7-4b2cc54ec915.jpg\" data-dt-img-description=\"\" data-large_image_width=\"1200\" data-large_image_height=\"1599\"><img loading=\"lazy\" decoding=\"async\" class=\"alignnone size-medium wp-image-102119\" src=\"http:\/\/www.radiopiu.net\/wordpress\/wp-content\/uploads\/2019\/10\/5094024d-2904-4110-a2d7-4b2cc54ec915-225x300.jpg\" alt=\"\" width=\"225\" height=\"300\" srcset=\"https:\/\/www.radiopiu.net\/wordpress\/wp-content\/uploads\/2019\/10\/5094024d-2904-4110-a2d7-4b2cc54ec915-225x300.jpg 225w, https:\/\/www.radiopiu.net\/wordpress\/wp-content\/uploads\/2019\/10\/5094024d-2904-4110-a2d7-4b2cc54ec915-768x1024.jpg 768w, https:\/\/www.radiopiu.net\/wordpress\/wp-content\/uploads\/2019\/10\/5094024d-2904-4110-a2d7-4b2cc54ec915.jpg 1200w\" sizes=\"auto, (max-width: 225px) 100vw, 225px\" \/><\/a><a class=\"dt-pswp-item\" href=\"http:\/\/www.radiopiu.net\/wordpress\/wp-content\/uploads\/2019\/10\/d87bb540-b6b4-41de-bd0d-3db1b782b3f2.jpg\" data-dt-img-description=\"\" data-large_image_width=\"1200\" data-large_image_height=\"1599\"><img loading=\"lazy\" decoding=\"async\" class=\"alignnone size-medium wp-image-102117\" src=\"http:\/\/www.radiopiu.net\/wordpress\/wp-content\/uploads\/2019\/10\/d87bb540-b6b4-41de-bd0d-3db1b782b3f2-225x300.jpg\" alt=\"\" width=\"225\" height=\"300\" srcset=\"https:\/\/www.radiopiu.net\/wordpress\/wp-content\/uploads\/2019\/10\/d87bb540-b6b4-41de-bd0d-3db1b782b3f2-225x300.jpg 225w, https:\/\/www.radiopiu.net\/wordpress\/wp-content\/uploads\/2019\/10\/d87bb540-b6b4-41de-bd0d-3db1b782b3f2-768x1024.jpg 768w, https:\/\/www.radiopiu.net\/wordpress\/wp-content\/uploads\/2019\/10\/d87bb540-b6b4-41de-bd0d-3db1b782b3f2.jpg 1200w\" sizes=\"auto, (max-width: 225px) 100vw, 225px\" \/><\/a><a class=\"dt-pswp-item\" href=\"http:\/\/www.radiopiu.net\/wordpress\/wp-content\/uploads\/2019\/10\/cbb7bbc6-11b1-4de0-88ed-8dc55c08344a.jpg\" data-dt-img-description=\"\" data-large_image_width=\"1200\" data-large_image_height=\"1599\"><img loading=\"lazy\" decoding=\"async\" class=\"alignnone size-medium wp-image-102116\" src=\"http:\/\/www.radiopiu.net\/wordpress\/wp-content\/uploads\/2019\/10\/cbb7bbc6-11b1-4de0-88ed-8dc55c08344a-225x300.jpg\" alt=\"\" width=\"225\" height=\"300\" srcset=\"https:\/\/www.radiopiu.net\/wordpress\/wp-content\/uploads\/2019\/10\/cbb7bbc6-11b1-4de0-88ed-8dc55c08344a-225x300.jpg 225w, https:\/\/www.radiopiu.net\/wordpress\/wp-content\/uploads\/2019\/10\/cbb7bbc6-11b1-4de0-88ed-8dc55c08344a-768x1024.jpg 768w, https:\/\/www.radiopiu.net\/wordpress\/wp-content\/uploads\/2019\/10\/cbb7bbc6-11b1-4de0-88ed-8dc55c08344a.jpg 1200w\" sizes=\"auto, (max-width: 225px) 100vw, 225px\" \/><\/a>I<\/strong><\/p>\n<p>&nbsp;<\/p>\n<p><strong><a class=\"dt-pswp-item\" href=\"http:\/\/www.radiopiu.net\/wordpress\/wp-content\/uploads\/2019\/10\/b6dee914-0231-46f1-9280-310c3dc12556.jpg\" data-dt-img-description=\"\" data-large_image_width=\"1200\" data-large_image_height=\"1600\"><img loading=\"lazy\" decoding=\"async\" class=\"wp-image-102153 alignleft\" src=\"http:\/\/www.radiopiu.net\/wordpress\/wp-content\/uploads\/2019\/10\/b6dee914-0231-46f1-9280-310c3dc12556-225x300.jpg\" alt=\"\" width=\"148\" height=\"197\" srcset=\"https:\/\/www.radiopiu.net\/wordpress\/wp-content\/uploads\/2019\/10\/b6dee914-0231-46f1-9280-310c3dc12556-225x300.jpg 225w, https:\/\/www.radiopiu.net\/wordpress\/wp-content\/uploads\/2019\/10\/b6dee914-0231-46f1-9280-310c3dc12556-768x1024.jpg 768w, https:\/\/www.radiopiu.net\/wordpress\/wp-content\/uploads\/2019\/10\/b6dee914-0231-46f1-9280-310c3dc12556.jpg 1200w\" sizes=\"auto, (max-width: 148px) 100vw, 148px\" \/><\/a>ll Comitato d&#8217;azione Democrazia Belluno ha\u00a0 proposto ieri sera nella sala parrocchiale di Cavarzano una tavola rotonda coordinata da Marco Caberlotto e presentata da Gaetano RIzzo con i giornalisti: Marcella Corr\u00e0 (corriere delle alpi), Pierluigi Svaluto (Radio Belluno), Roberto De Nart (Bellunopress) e Mirko Mezzacasa (Radio Pi\u00f9).<\/strong><\/p>\n<p><span style=\"color: #ff0000;\"><strong>IL COMMENTO DI GAETANO RIZZO (foto)<\/strong><\/span><\/p>\n<audio class=\"wp-audio-shortcode\" id=\"audio-102014-12\" preload=\"none\" style=\"width: 100%;\" controls=\"controls\"><source type=\"audio\/mpeg\" src=\"http:\/\/www.radiopiu.net\/wordpress\/wp-content\/uploads\/2019\/10\/RIZZO.mp3?_=12\" \/><a href=\"http:\/\/www.radiopiu.net\/wordpress\/wp-content\/uploads\/2019\/10\/RIZZO.mp3\">http:\/\/www.radiopiu.net\/wordpress\/wp-content\/uploads\/2019\/10\/RIZZO.mp3<\/a><\/audio>\n<p>&nbsp;<\/p>\n<p>&nbsp;<\/p>\n<p>&nbsp;<\/p>\n<p><a class=\"dt-pswp-item\" href=\"http:\/\/www.radiopiu.net\/wordpress\/wp-content\/uploads\/2019\/10\/db429faf-a56c-4bb1-90c8-5d99be7d4c43.jpg\" data-dt-img-description=\"\" data-large_image_width=\"1599\" data-large_image_height=\"1200\"><img loading=\"lazy\" decoding=\"async\" class=\"alignnone wp-image-102118 size-large\" src=\"http:\/\/www.radiopiu.net\/wordpress\/wp-content\/uploads\/2019\/10\/db429faf-a56c-4bb1-90c8-5d99be7d4c43-1024x768.jpg\" alt=\"\" width=\"1024\" height=\"768\" srcset=\"https:\/\/www.radiopiu.net\/wordpress\/wp-content\/uploads\/2019\/10\/db429faf-a56c-4bb1-90c8-5d99be7d4c43-1024x768.jpg 1024w, https:\/\/www.radiopiu.net\/wordpress\/wp-content\/uploads\/2019\/10\/db429faf-a56c-4bb1-90c8-5d99be7d4c43-300x225.jpg 300w, https:\/\/www.radiopiu.net\/wordpress\/wp-content\/uploads\/2019\/10\/db429faf-a56c-4bb1-90c8-5d99be7d4c43-768x576.jpg 768w, https:\/\/www.radiopiu.net\/wordpress\/wp-content\/uploads\/2019\/10\/db429faf-a56c-4bb1-90c8-5d99be7d4c43.jpg 1599w\" sizes=\"auto, (max-width: 1024px) 100vw, 1024px\" \/><\/a><\/p>\n<p><strong><a class=\"dt-pswp-item\" href=\"http:\/\/www.radiopiu.net\/wordpress\/wp-content\/uploads\/2019\/10\/adc6746a-265e-42e3-aaf6-96a00a782f35.jpg\" data-dt-img-description=\"\" data-large_image_width=\"1131\" data-large_image_height=\"1600\"><img loading=\"lazy\" decoding=\"async\" class=\"size-medium wp-image-102154 alignleft\" src=\"http:\/\/www.radiopiu.net\/wordpress\/wp-content\/uploads\/2019\/10\/adc6746a-265e-42e3-aaf6-96a00a782f35-212x300.jpg\" alt=\"\" width=\"212\" height=\"300\" srcset=\"https:\/\/www.radiopiu.net\/wordpress\/wp-content\/uploads\/2019\/10\/adc6746a-265e-42e3-aaf6-96a00a782f35-212x300.jpg 212w, https:\/\/www.radiopiu.net\/wordpress\/wp-content\/uploads\/2019\/10\/adc6746a-265e-42e3-aaf6-96a00a782f35-768x1086.jpg 768w, https:\/\/www.radiopiu.net\/wordpress\/wp-content\/uploads\/2019\/10\/adc6746a-265e-42e3-aaf6-96a00a782f35-724x1024.jpg 724w, https:\/\/www.radiopiu.net\/wordpress\/wp-content\/uploads\/2019\/10\/adc6746a-265e-42e3-aaf6-96a00a782f35.jpg 1131w\" sizes=\"auto, (max-width: 212px) 100vw, 212px\" \/><\/a>GAETANO RIZZO:<\/strong> Nel Galles il 70% persone volevano uscire dalla Unione Europea perch\u00e8 le fake news li avevano mal informati, mal influenzati anche in America. Il.procuratore Muller \u00e8 riuscito a scoprire che Trump aveva manipolato e influenzato le elezioni contro Hillary Clinton con fake news. Attenzione a ci\u00f2 che leggiamo,\u00a0 perch\u00e8 ci influenza.\u00a0 I giornalisti cercano di attenersi il pi\u00f9 possibile al vero, ma non sempre \u00e8 cosi, non sempre ci riescono.<\/p>\n<p><strong>MARCELLA CORRA&#8217;<\/strong>\u00a0 \u00a0Guardo facebook per \u00a0necessit\u00e0, perch\u00e8 tante notizie si scoprono dai social.\u00a0 Oramai sulla ristretta Belluno si individuano le persone che di solito esagerano le notizie sui social. Nelle testate nazionali lei si fida delle notizie che da loro provengono, ma le notizie dai social da Google non sono controllate e verificate. Regna ignoranza e cattiveria.<\/p>\n<p><strong>MARCO CABERLOTTO<\/strong> Le nuove bufale sono anche le deep fake, montaggi di immagini con parole inventate, messe in bocca ai protagonisti delle immagini<\/p>\n<p><strong>PIERLUIGI SVALUTO<\/strong> Generative adversarial network: manipolazione in cui non si distingue la persona da una persona artificiale, cosa che si verificher\u00e0 nel 2030.\u00a0 Deep fake &#8220;Quando la verit\u00e0 si allaccia le scarpe, le bugie hanno gia fatto il giro di mezzo mondo&#8221; ( Mark\u00a0 Twain).\u00a0 Ipervelocita&#8217; della comunicazione, che prima \u00e8 nata dalla stampa, ora \u00e8 Internet . Ma Internet non permette di riflettere sul contenuto delle frasi.Appena letta, si \u00e8 gi\u00e0 passati alla notizia seguente. Cosi la gente mangia notizie, senza poter farsi un&#8217;opinione propria. E rimane fortemente vessata dal multiforme giro di notizie, ma anche fortemente ignorante.<\/p>\n<p><strong>MIRKO MEZZACASA <\/strong>Pericolo delle condivisioni, senza verificare la fonte. Tante volte non si ha tempo di verificare notizie perch\u00e8\u00a0 chi ci lavora intorno non ha tempo materiale e la sicurezza economica per\u00a0 poterlo fare. Quindi si incappa pi\u00f9\u00a0 facilmente nelle fake news alla ricerca disperata e concitata di notizie. Nell&#8217;informazione ci lavorano dopo lavoristi sottopagati che per sbarcare il lunario durante il giorno praticano la normale professione e nei ritagli di tempo scrivono di politica, attualit\u00e0, cronaca, cronaca sportiva senza nemmeno mai aver visto una partita di hockey informandosi sui social o ascoltando la radio, unico modo per fare &#8220;cassa&#8221; sommando corrispondenze spesso superficiali.<\/p>\n<p><strong>ROBERTO DE NART<\/strong> Diffamazione e ipotesi di reato. Ci sono fake news innocue, e quelle pi\u00f9 pericolose: le bufale di Stato. ( es :la seconda guerra del golfo con 500.000 morti fondata su una bufala che proveniva dal vertice). Le bufale dei giornali soprattutto l&#8217;anno scorso sul Corriere della Sera Caizzi si accorge che Fubini diffonde la notizia falsa e perseguibile riguardo al governo Conte che ha spinto in su lo spread di 300 punti come conseguenza<\/p>\n<p><strong>MARCELLA CORRA&#8217;\u00a0<\/strong> Ci sono delle leggi che condannano chi offende attraverso i social. Sono partiti dei processi,che impongono di moderare i toni. Storia dell&#8217;alpino marocchino scappato in Aosta perch\u00e8 vessato a Belluno. Messa la notizia su fb 350 commenti orribili senza censura. Commissione europea ha considerato (gennaio 2018) come affrontare a livello istituzionale i problemi dell&#8217;infomazione corretta, senza fake news. Ma \u00e8 rimasto un momento retorico e basta. Oggi i redattori sono responsabili anche dei commenti degli altri, come dire che \u00e8 necessaria la presenza costante di un giornalista che valuta e cancella commenti.<\/p>\n<p><strong>PIERLUIGI SVALUTO\u00a0<\/strong> Stiamo perdendo il senso delle parole , perch\u00e8 non se ne usa pi\u00f9 di 400, con il linguaggio ristretto di Internet. Mentre la lingua Italiana in specifico ha 250.000 parole. Siamo arrivati al SENZA PAROLE ALLA FOTO ! Su instagram ! Non si vede pi\u00f9 la realt\u00e0, la si vede attraverso la tecnica. Non ci interessa neanche pi\u00f9 di guardare e vivere la realt\u00e0. La tecnica DOMINA. Conoscenza, coscienza responsabilit\u00e0 e decisione dovrebbero essere proprie dell&#8217;uomo. Ma andando per questa direzione questo non potr\u00e0 mai verificarsi.<\/p>\n<p><strong>MIRKO MEZZACASA\u00a0<\/strong> Il giornalismo non ha pi\u00f9 limiti, chiunque pu\u00f2 farlo. Con video e post. La scuola insegna ai bambini come acquistare su Amazon a scapito delle realt\u00e0 locali, proponendo la tecnologia dai banchi di scuola, non certo la\u00a0 pi\u00f9 istruttiva in paesi dove le serrande s&#8217;abbassano per sempre ogni giorno. Mia mamma mi ha insegnato come salvarsi dalla fake, mi ha regalato il suo smartphone ritornando (a 85 anni) al telefono con 10 tasti numerici, il tasto verde per l&#8217;invio e il rosso per la chiusura della telefonata.<\/p>\n<p><strong>ROBERTO DE NART\u00a0<\/strong> Il singolo cosa pu\u00f2 fare? Da solo o associandosi o con associazioni o comitati? Regna nelle scuole una grandissima ignoranza ortografica. L&#8217;80% agli esami di abilitazione alla professione di avvocato non sapevano scrivere correttamente in italiano.<\/p>\n<p><strong>PIERLUIGI SVALUTO\u00a0<\/strong> Chiss\u00e0 se fra vent&#8217;anni riusciremo a cogliere la realt\u00e0 dalle fake, e se avremo un senso esatto del nostro passato L&#8217;80 dei giovani americani sotto i 30 anni non sa distinguere una notizia normale da una sponsorizzata\u00a0 Il 60 dei giovani sotto 20 anni non sa distinguere una notizia vera da un fake<\/p>\n<p><strong>PUBBLICO<\/strong>\u00a0 Nell&#8217; educazione chi \u00e8 libero e ha la capacit\u00e0 di seguire i figli? Chi riesce a trasmettere loro la qualit\u00e0 di vita e la capacit\u00e0 di discernimento?<\/p>\n<p><strong>MARCELLA CORRA&#8217;<\/strong> Impariamo a usare internet con misura, estrapolandone gli aspetti arricchenti. Impariamo a difenderci dagli smartphone. (Esempio dei vaccini e delle dichiarazioni false,tutto conseguenza delle notizie esagerate in internet della loro dannosit\u00e0)<\/p>\n<p><strong>IL DECALOGO PER DIFENDERSI DALLA FAKE NEWS &#8230;. DI PIERLUIGI SVALUTO<\/strong><\/p>\n<audio class=\"wp-audio-shortcode\" id=\"audio-102014-13\" preload=\"none\" style=\"width: 100%;\" controls=\"controls\"><source type=\"audio\/mpeg\" src=\"http:\/\/www.radiopiu.net\/wordpress\/wp-content\/uploads\/2019\/10\/GIGI.mp3?_=13\" \/><a href=\"http:\/\/www.radiopiu.net\/wordpress\/wp-content\/uploads\/2019\/10\/GIGI.mp3\">http:\/\/www.radiopiu.net\/wordpress\/wp-content\/uploads\/2019\/10\/GIGI.mp3<\/a><\/audio>\n<p>&nbsp;<\/p>\n<p>&nbsp;<\/p>\n<h2><span style=\"color: #ff0000;\">IERI ALLA RADIO<\/span><\/h2>\n<h3><a class=\"dt-pswp-item\" href=\"http:\/\/www.radiopiu.net\/wordpress\/wp-content\/uploads\/2019\/10\/67173469_673515243054069_8669767464118124544_n.jpg\" data-dt-img-description=\"\" data-large_image_width=\"705\" data-large_image_height=\"704\"><img loading=\"lazy\" decoding=\"async\" class=\"wp-image-102031 alignleft\" src=\"http:\/\/www.radiopiu.net\/wordpress\/wp-content\/uploads\/2019\/10\/67173469_673515243054069_8669767464118124544_n-300x300.jpg\" alt=\"\" width=\"126\" height=\"126\" srcset=\"https:\/\/www.radiopiu.net\/wordpress\/wp-content\/uploads\/2019\/10\/67173469_673515243054069_8669767464118124544_n-300x300.jpg 300w, https:\/\/www.radiopiu.net\/wordpress\/wp-content\/uploads\/2019\/10\/67173469_673515243054069_8669767464118124544_n-150x150.jpg 150w, https:\/\/www.radiopiu.net\/wordpress\/wp-content\/uploads\/2019\/10\/67173469_673515243054069_8669767464118124544_n.jpg 705w\" sizes=\"auto, (max-width: 126px) 100vw, 126px\" \/><\/a><\/h3>\n<h3><\/h3>\n<h3><\/h3>\n<h3>L&#8217;INTERVISTA ALL&#8217;ASSESSORE AL TURISMO DEL COMUNE DI AGORDO, CHIARA FONTANIVE<\/h3>\n<audio class=\"wp-audio-shortcode\" id=\"audio-102014-14\" preload=\"none\" style=\"width: 100%;\" controls=\"controls\"><source type=\"audio\/mpeg\" src=\"http:\/\/www.radiopiu.net\/wordpress\/wp-content\/uploads\/2019\/10\/CHIARA-FONTANIVE.mp3?_=14\" \/><a href=\"http:\/\/www.radiopiu.net\/wordpress\/wp-content\/uploads\/2019\/10\/CHIARA-FONTANIVE.mp3\">http:\/\/www.radiopiu.net\/wordpress\/wp-content\/uploads\/2019\/10\/CHIARA-FONTANIVE.mp3<\/a><\/audio>\n<p>&nbsp;<\/p>\n<p>&nbsp;<\/p>\n<p>&nbsp;<\/p>\n<p>&nbsp;<\/p>\n<h2><span style=\"color: #ff0000;\">IERI ALLA RADIO<\/span><\/h2>\n<h3>LA PRIMA PUNTATA DEL QUINDICINALE &#8220;EP CENTER&#8221; CON FRANCESCO ZILLIO<\/h3>\n<p><iframe loading=\"lazy\" title=\"EPCENTER, PRIMA PUNTATA\" width=\"1200\" height=\"675\" src=\"https:\/\/www.youtube.com\/embed\/V9Hv6oYsShE?feature=oembed\" frameborder=\"0\" allow=\"accelerometer; autoplay; encrypted-media; gyroscope; picture-in-picture\" allowfullscreen><\/iframe><\/p>\n<p><center><\/center><center><\/center><center><\/center><center><\/center><center><\/center><center><\/center>&nbsp;<\/p>\n<p>&nbsp;<\/p>\n<p>&nbsp;<\/p>\n<p>&nbsp;<\/p>\n<p>&nbsp;<\/p>\n<p><strong><a class=\"dt-pswp-item\" href=\"http:\/\/www.radiopiu.net\/wordpress\/wp-content\/uploads\/2018\/09\/viabilita.jpeg\" data-dt-img-description=\"\" data-large_image_width=\"800\" data-large_image_height=\"100\"><img loading=\"lazy\" decoding=\"async\" class=\"alignnone wp-image-61954 size-full\" src=\"http:\/\/www.radiopiu.net\/wordpress\/wp-content\/uploads\/2018\/09\/viabilita.jpeg\" alt=\"\" width=\"800\" height=\"100\" srcset=\"https:\/\/www.radiopiu.net\/wordpress\/wp-content\/uploads\/2018\/09\/viabilita.jpeg 800w, https:\/\/www.radiopiu.net\/wordpress\/wp-content\/uploads\/2018\/09\/viabilita-300x38.jpeg 300w, https:\/\/www.radiopiu.net\/wordpress\/wp-content\/uploads\/2018\/09\/viabilita-768x96.jpeg 768w\" sizes=\"auto, (max-width: 800px) 100vw, 800px\" \/><\/a><\/strong><\/p>\n<h3><\/h3>\n<h3>Nuovo senso unico alternato lungo la provinciale 20 della Val Fiorentina. Continua la messa in sicurezza dei versanti a monte della\u00a0 strada,\u00a0 iniziata anche la realizzazione della briglia selettiva in localit\u00e0 l&#8217;Aiva.<\/h3>\n<p>&nbsp;<\/p>\n<h3>CHIUSA LA PROVINCIALE PER SAN TOMASO<\/h3>\n<p><strong>SAN TOMASO<\/strong> Veneto Strade informa che\u00a0 fino a domani tra le localit\u00e0 Pian Molin e Roi il traffico sar\u00e0 totalmente interdetto a tutti i veicoli per la posa di una condotta elettrica, l&#8217;interruzione lungo la provinciale 8 al chilometro 6 per un tratto di 340 metri.<\/p>\n<h3>PROVINCIALE 346 SAN PELLEGRINO: TRE SENSI UNICI E BREVI INTERRUZIONI<\/h3>\n<p><strong>CANALE D&#8217;AGORD<\/strong>O Ai due cantieri per la realizzazione della rete acquedottistica si aggiunge un terzo cantiere in prossimit\u00e0 di Canale d&#8217;Agordo. Veneto Strade ha emesso una precisa ordinanza in vigore fino al 15 ottobre: senso unico alternato regolato da movieri con possibili brevi interruzioni della durata massima di 10 minuti per lavori di esbosco al chilometri 26 E 350 per 100 metri.<br \/>\n<strong>LE DUE PRECEDENTI<\/strong><\/p>\n<p><strong>SP 346 PASSO SAN PELLEGRINO<\/strong>:\u00a0 fino al 6 dicembre senso unico tra Canale d\u2019Agordo e Vallada per esecuzione lavori alla rete acquedottistica;\u00a0 \u00a0dal 7 ottobre al 15 novembre senso unico alternato all\u2019inbocco nord della galleria delle Anime, esclusi i giorni festivi e prefestivi.<\/p>\n<p>&nbsp;<\/p>\n<p><strong>PROVINCIALE 347 DEL DURAN E CEREDA<\/strong>: dal 7 al 18 ottobre, sabato e domenica escluso, senso unico alternato per lavori\u00a0 GSP in Val di Zoldo, chilometro 59.<\/p>\n<p><strong>PROVINCIALE 251 VAL DI ZOLDO<\/strong> In localit\u00e0 Colle Santa Lucia fino al 15 ottobre senso unico alternato esclusi sabati e domeniche per singoli tratti, massimo 250 metri.<\/p>\n<p><strong>Regionale 251 Val di Zoldo,<\/strong> Comune di Colle Santa Lucia:\u00a0 senso unico alternato.<\/p>\n<p><strong>Regionale 346 del San<\/strong> Pellegrino Comune di Falcade: fino al 18 ottobre escusi festivi e prefestivi, senso unico alternato.<\/p>\n<p><strong>Provinciale 563 di Salesei,<\/strong> Comune di Rocca Pietore:\u00a0 fino al 11 ottobre senso unico alternato regolato da movieri dalle 8 alle 18<\/p>\n<p>&nbsp;<\/p>\n<p>&nbsp;<\/p>\n<p><center><a class=\"dt-pswp-item\" href=\"http:\/\/www.radiopiu.net\/wordpress\/wp-content\/uploads\/2018\/09\/sport.jpg\" data-dt-img-description=\"\" data-large_image_width=\"800\" data-large_image_height=\"100\"><img loading=\"lazy\" decoding=\"async\" class=\"aligncenter wp-image-60761 size-full\" src=\"http:\/\/www.radiopiu.net\/wordpress\/wp-content\/uploads\/2018\/09\/sport.jpg\" alt=\"\" width=\"800\" height=\"100\" srcset=\"https:\/\/www.radiopiu.net\/wordpress\/wp-content\/uploads\/2018\/09\/sport.jpg 800w, https:\/\/www.radiopiu.net\/wordpress\/wp-content\/uploads\/2018\/09\/sport-300x38.jpg 300w, https:\/\/www.radiopiu.net\/wordpress\/wp-content\/uploads\/2018\/09\/sport-768x96.jpg 768w\" sizes=\"auto, (max-width: 800px) 100vw, 800px\" \/><\/a><\/center>&nbsp;<\/p>\n<h2>SALTA LA PARTITA TRA FIEMME ED ALLEGHE&#8230;E NON SOLO<\/h2>\n<p><a class=\"dt-pswp-item\" href=\"http:\/\/www.radiopiu.net\/wordpress\/wp-content\/uploads\/2018\/12\/HOCKEY-CCC.jpg\" data-dt-img-description=\"\" data-large_image_width=\"1680\" data-large_image_height=\"1050\"><img loading=\"lazy\" decoding=\"async\" class=\" wp-image-70980 alignleft\" src=\"http:\/\/www.radiopiu.net\/wordpress\/wp-content\/uploads\/2018\/12\/HOCKEY-CCC-300x188.jpg\" alt=\"\" width=\"399\" height=\"250\" srcset=\"https:\/\/www.radiopiu.net\/wordpress\/wp-content\/uploads\/2018\/12\/HOCKEY-CCC-300x188.jpg 300w, https:\/\/www.radiopiu.net\/wordpress\/wp-content\/uploads\/2018\/12\/HOCKEY-CCC-768x480.jpg 768w, https:\/\/www.radiopiu.net\/wordpress\/wp-content\/uploads\/2018\/12\/HOCKEY-CCC-1024x640.jpg 1024w, https:\/\/www.radiopiu.net\/wordpress\/wp-content\/uploads\/2018\/12\/HOCKEY-CCC.jpg 1680w\" sizes=\"auto, (max-width: 399px) 100vw, 399px\" \/><\/a>Come gi\u00e0 anticipato nei notiziari di ieri, la partita valida per la quinta giornata della IHL tra Fiemme ed Alleghe non si \u00e8 giocata. L&#8217;ufficialit\u00e0 \u00e8 arrivata ieri appena dopo pranzo quando sulla mail delle due societ\u00e0 la federazione ha comunicato il rinvio a data da destinarsi. Non \u00e8 la sola partita ad essere stata rinviata, infatti anche a Pergine, Bressanone, Ora e Merano gli stadi sono rimasti vuoti.<\/p>\n<p>Tutto \u00e8 partito quando di punto in bianco \u00e8 stato comunicato che l&#8217;anticipo di Torre Pellice tra Valpeagle e Como non veniva giocato per una protesta della classe arbitrale. Rinvio resosi necessario a causa della comunicata indisponibilit\u00e0 da parte del presidente degli arbitri a trasmettere le designazioni per gli incontri in calendario questa settimana. Questo a seguito della bocciatura da parte del consiglio federale di un aumento del 24% delle diarie rispetto allo scorso anno, traducibile in 40.000 euro in pi\u00f9 a stagione, copertura non possibile per una spesa di tale impatto. Questa la goccia che ha fatto traboccare il vaso, anche perch\u00e8 le richieste degli arbitri erano inoltrate alla federazione ancora a maggio e la risposta, negativa, \u00e8 arrivata solo qualche giorno fa. Da qui la decisione di comunicare l\u2019indisponibilit\u00e0 degli arbitri di dirigere le partite di campionato fino a domenica prossima, 13 ottobre.<\/p>\n<p>Nonostante tutto, la FISG aveva optato per fare una designazione arbitrale con tanto di pubblicazione dei vari arbitri sul sito dedicato agli addetti al lavoro (Powerhockey.info) tanto che ancora adesso sono presenti i prescelti per arbitrare le partite, comprese quelle del fine settimana.<\/p>\n<p>Ora il problema si sposta al prossimo fine settimana quando, oltre alla IHL, scenderanno in campo le squadre della Prima Divisione (ex serie C) e tutto il settore giovanile. Se la situazione non cambia, potrebbero saltare la bellezza di 37 match tra IHL, Prima Divisione, Under 19, Under 17, Under 15 e Under 13 nel triveneto.<\/p>\n<p><strong>AI MICROFONI DI RADIO PIU PATRICK DE SILVESTRO DELL&#8217;ALLEGHE HOCKEY<\/strong><\/p>\n<audio class=\"wp-audio-shortcode\" id=\"audio-102014-15\" preload=\"none\" style=\"width: 100%;\" controls=\"controls\"><source type=\"audio\/mpeg\" src=\"http:\/\/www.radiopiu.net\/wordpress\/wp-content\/uploads\/2019\/10\/PATRICK-DE-SILVETRO-ARBITRI.mp3?_=15\" \/><a href=\"http:\/\/www.radiopiu.net\/wordpress\/wp-content\/uploads\/2019\/10\/PATRICK-DE-SILVETRO-ARBITRI.mp3\">http:\/\/www.radiopiu.net\/wordpress\/wp-content\/uploads\/2019\/10\/PATRICK-DE-SILVETRO-ARBITRI.mp3<\/a><\/audio>\n<p>&nbsp;<\/p>\n<p>&nbsp;<\/p>\n<p>&nbsp;<\/p>\n<h3>ANNA DE BONI E GIULIA DELLA DORA AI COLLEGIALI REGIONALI<\/h3>\n<p><a class=\"dt-pswp-item\" href=\"http:\/\/www.radiopiu.net\/wordpress\/wp-content\/uploads\/2019\/10\/collegiale-7ott19_AnnaDeBoni2-1.jpg\" data-dt-img-description=\"\" data-large_image_width=\"750\" data-large_image_height=\"582\"><img loading=\"lazy\" decoding=\"async\" class=\" wp-image-102022 alignleft\" src=\"http:\/\/www.radiopiu.net\/wordpress\/wp-content\/uploads\/2019\/10\/collegiale-7ott19_AnnaDeBoni2-1-300x233.jpg\" alt=\"\" width=\"209\" height=\"162\" srcset=\"https:\/\/www.radiopiu.net\/wordpress\/wp-content\/uploads\/2019\/10\/collegiale-7ott19_AnnaDeBoni2-1-300x233.jpg 300w, https:\/\/www.radiopiu.net\/wordpress\/wp-content\/uploads\/2019\/10\/collegiale-7ott19_AnnaDeBoni2-1.jpg 750w\" sizes=\"auto, (max-width: 209px) 100vw, 209px\" \/><\/a><\/p>\n<p><strong>BELLUNO<\/strong> Grande soddisfazione per la societ\u00e0 Ondablu per la convocazione di due sue atlete e quindi anche del loro allenatore Andrea Rizzardini ai due collegiali organizzati dal Comitato Regionale Veneto della Federazione Italiana Nuoto ed indirizzati alle categorie ragazzi e juniores. I due appuntamenti vengono visti dalla Federazione come un\u2019opportunit\u00e0 di crescita e di confronto per gli atleti e dei loro tecnici che cos\u00ec hanno l\u2019opportunit\u00e0 di confrontarsi con i loro migliori coetanei della regione. <strong>Anna De Boni<\/strong> della categoria ragazzi (anno 2006) ha effettuato il collegiale nella giornata di domenica 6 ottobre nella piscina di Treviso. In tutto 50 gli atleti convocati nati tra gli anni 2004 e 2006). <strong>Giada Della Dora<\/strong> parteciper\u00e0 invece al collegiale che si terr\u00e0 domenica 20 ottobre a Monastier ed indirizato alle cinquanta miglior atlete della categorie juniores (nati anni 2002 \u2013 2005)<\/p>\n<p>&nbsp;<\/p>\n<p>&nbsp;<\/p>\n<p>&nbsp;<\/p>\n<p>&nbsp;<\/p>\n<p>&nbsp;<\/p>\n<p>&nbsp;<\/p>\n<p><center><\/center><center><b><a class=\"dt-pswp-item\" href=\"http:\/\/www.radiopiu.net\/wordpress\/wp-content\/uploads\/2018\/09\/WhatsApp-Image-2018-09-20-at-16.04.06.jpeg\" data-dt-img-description=\"\" data-large_image_width=\"800\" data-large_image_height=\"100\"><img loading=\"lazy\" decoding=\"async\" class=\"aligncenter wp-image-61378 size-full\" src=\"http:\/\/www.radiopiu.net\/wordpress\/wp-content\/uploads\/2018\/09\/WhatsApp-Image-2018-09-20-at-16.04.06.jpeg\" alt=\"\" width=\"800\" height=\"100\" srcset=\"https:\/\/www.radiopiu.net\/wordpress\/wp-content\/uploads\/2018\/09\/WhatsApp-Image-2018-09-20-at-16.04.06.jpeg 800w, https:\/\/www.radiopiu.net\/wordpress\/wp-content\/uploads\/2018\/09\/WhatsApp-Image-2018-09-20-at-16.04.06-300x38.jpeg 300w, https:\/\/www.radiopiu.net\/wordpress\/wp-content\/uploads\/2018\/09\/WhatsApp-Image-2018-09-20-at-16.04.06-768x96.jpeg 768w\" sizes=\"auto, (max-width: 800px) 100vw, 800px\" \/><\/a><\/b><\/center><center><\/center><center><b>Venerdi 11<\/b><\/center><b>Tempo atteso: <\/b>Tempo ben soleggiato e stabile con cielo sereno o poco nuvoloso per transito di sottili e temporanee nubi alte nel corso del pomeriggio. Aria tersa ed ottima visibilit\u00e0 in montagna. L&#8217;unica insidia sar\u00e0 legata al formarsi di banchi nebbia in alcuni fondovalle prealpini durante le ore pi\u00f9 fredde. Clima fresco all&#8217;alba e pi\u00f9 mite in giornata, mitezza pi\u00f9 avvertita in quota.<br \/>\n<b>Precipitazioni: <\/b>Assenti (0%).<br \/>\n<b>Temperature: <\/b>In generale aumento, eccetto le minime nelle valli per forte irraggiamento notturno (brinate e locali gelate fino sugli 800\/1200 m), con conseguente inversione termica. Massime in aumento, pi\u00f9 sensibile in quota. Sono previsti massimi di 20\/21\u00b0C nelle conche prealpine e di 15\/16\u00b0C a 1000\/1200 m. Su Prealpi a 1500 m min 5\u00b0C max 11\u00b0C, a 2000 m min 4\u00b0C max 8\u00b0C. Su Dolomiti a 2000 m min 2\u00b0C max 8\u00b0C, a 3000 m min 0\u00b0C max 5\u00b0C.<br \/>\n<b>Venti: <\/b>Nelle valli generalmente deboli per brezze, con qualche rinforzo notturno su alcuni settori prealpini; in quota deboli\/moderati da Nord-Ovest al mattino da Ovest al pomeriggio\/sera, a 5-15 km\/h a 2000 m, a 15-25 km\/h a 3000 m.<\/p>\n<hr \/>\n<p><center><b>Sabato 12<\/b><\/center><b>Tempo atteso: <\/b>Tempo ancora ben soleggiato, stabile, con cielo sereno o poco nuvoloso per temporaneo transito di nubi alte. L&#8217;unica insidia sar\u00e0 associata all&#8217;eventuale presenza di nebbie o sottili nubi basse mattutine su alcuni settori prealpini. Atmosfera nitida e mitezza eccezionale in alta quota, mentre le notti saranno fresche con inversione termica notturna nelle valli, ma anche in queste ultime il clima sar\u00e0 mite di giorno.<br \/>\n<b>Precipitazioni: <\/b>Assenti (0%).<br \/>\n<b>Temperature: <\/b>Minime in ripresa in alta quota e in leggera diminuzione nelle valli; massime in generale aumento. Sono previsti massimi di 21\/23\u00b0C nelle conche prealpine e di 16\/18\u00b0C a 1000\/1200 m. Su Prealpi a 1500 m min 7\u00b0C max 12\u00b0C, a 2000 m min 6\u00b0C max 9\u00b0C. Su Dolomiti a 2000 m min 5\u00b0C max 10\u00b0C, a 3000 m min 4\u00b0C max 7\u00b0C.<br \/>\n<b>Venti: <\/b>Nelle valli generalmente deboli per brezze, con qualche rinforzo notturno durante le ore pi\u00f9 fredde su alcuni settori prealpini; in quota deboli da Sud-Ovest, a tratti moderati sulle vette pi\u00f9 alte, a 5-10 km\/h a 2000 m, a 10-20 km\/h a 3000 m.<\/p>\n<hr \/>\n<p><center><b>Domenica 13<\/b><\/center>Tempo ben soleggiato, stabile, anche molto mite in quota, con inversione termica nelle valli durante le ore pi\u00f9 fredde. Temperature senza variazioni di rilievo, salvo aumento delle minime. Non esclusa la formazione di banchi di nubi basse nelle valli prealpine durante le ore pi\u00f9 fredde. In quota venti deboli occidentali, in rinforzo fino a moderati da Sud-Ovest al pomeriggio; nelle valli perlopi\u00f9 deboli a regime di brezza.<\/p>\n<hr \/>\n<p><center><b>Lunedi 14<\/b><\/center>Tempo ben soleggiato, stabile ed un po&#8217; meno mite. Persiste l&#8217;inversione termica nelle valli durante le ore pi\u00f9 fredde. L&#8217;insidia nubi basse aumenter\u00e0 su alcuni settori prealpini. Temperature in generale lieve diminuzione, ma sempre superiori alla media del periodo. In quota venti deboli\/moderati sud-occidentali, in rinforzo al pomeriggio\/sera; nelle valli perlopi\u00f9 deboli a regime di brezza. Previsore: R.L.Th.<\/p>\n","protected":false},"excerpt":{"rendered":"<p>&nbsp; &nbsp; AGORDO Continuano i lavori sulla strada per Malga Framont, per questo il Comune ha prorogato l&#8217;ordinanza di chiusura dalla localit\u00e0 Salt del Ligador e fino alla malga. Chiusura almeno fino a venerdi 18 ottobre, la riapertura della rotabile \u00e8 vincolata alle condizioni meteorologiche. &nbsp; REGIONALE 203 AGORDINA. CANDATEN. NEI GIORNI 15 E 16&hellip;<\/p>\n","protected":false},"author":1,"featured_media":102065,"comment_status":"closed","ping_status":"closed","sticky":false,"template":"","format":"standard","meta":{"_monsterinsights_skip_tracking":false,"_monsterinsights_sitenote_active":false,"_monsterinsights_sitenote_note":"","_monsterinsights_sitenote_category":0,"footnotes":""},"categories":[1,86],"tags":[],"class_list":["post-102014","post","type-post","status-publish","format-standard","has-post-thumbnail","hentry","category-senza-categoria","category-gr","category-1","category-86","description-off"],"img_url":"https:\/\/www.radiopiu.net\/wordpress\/wp-content\/uploads\/2019\/10\/170f4405-4dc8-405a-a2fe-c413046086ff.jpg","_links":{"self":[{"href":"https:\/\/www.radiopiu.net\/wordpress\/wp-json\/wp\/v2\/posts\/102014","targetHints":{"allow":["GET"]}}],"collection":[{"href":"https:\/\/www.radiopiu.net\/wordpress\/wp-json\/wp\/v2\/posts"}],"about":[{"href":"https:\/\/www.radiopiu.net\/wordpress\/wp-json\/wp\/v2\/types\/post"}],"author":[{"embeddable":true,"href":"https:\/\/www.radiopiu.net\/wordpress\/wp-json\/wp\/v2\/users\/1"}],"replies":[{"embeddable":true,"href":"https:\/\/www.radiopiu.net\/wordpress\/wp-json\/wp\/v2\/comments?post=102014"}],"version-history":[{"count":0,"href":"https:\/\/www.radiopiu.net\/wordpress\/wp-json\/wp\/v2\/posts\/102014\/revisions"}],"wp:featuredmedia":[{"embeddable":true,"href":"https:\/\/www.radiopiu.net\/wordpress\/wp-json\/wp\/v2\/media\/102065"}],"wp:attachment":[{"href":"https:\/\/www.radiopiu.net\/wordpress\/wp-json\/wp\/v2\/media?parent=102014"}],"wp:term":[{"taxonomy":"category","embeddable":true,"href":"https:\/\/www.radiopiu.net\/wordpress\/wp-json\/wp\/v2\/categories?post=102014"},{"taxonomy":"post_tag","embeddable":true,"href":"https:\/\/www.radiopiu.net\/wordpress\/wp-json\/wp\/v2\/tags?post=102014"}],"curies":[{"name":"wp","href":"https:\/\/api.w.org\/{rel}","templated":true}]}}