{"id":102025,"date":"2019-10-11T06:22:29","date_gmt":"2019-10-11T04:22:29","guid":{"rendered":"http:\/\/www.radiopiu.net\/wordpress\/?p=102025"},"modified":"2019-10-11T06:39:50","modified_gmt":"2019-10-11T04:39:50","slug":"salta-la-partita-tra-fiemme-ed-alleghe-e-non-solo","status":"publish","type":"post","link":"https:\/\/www.radiopiu.net\/wordpress\/salta-la-partita-tra-fiemme-ed-alleghe-e-non-solo\/","title":{"rendered":"SALTA LA PARTITA TRA FIEMME ED ALLEGHE&#8230;E NON SOLO"},"content":{"rendered":"<p><a class=\"dt-pswp-item\" href=\"http:\/\/www.radiopiu.net\/wordpress\/wp-content\/uploads\/2018\/12\/HOCKEY-CCC.jpg\" data-dt-img-description=\"\" data-large_image_width=\"1680\" data-large_image_height=\"1050\"><img loading=\"lazy\" decoding=\"async\" class=\" wp-image-70980 alignright\" src=\"http:\/\/www.radiopiu.net\/wordpress\/wp-content\/uploads\/2018\/12\/HOCKEY-CCC-300x188.jpg\" alt=\"\" width=\"399\" height=\"250\" srcset=\"https:\/\/www.radiopiu.net\/wordpress\/wp-content\/uploads\/2018\/12\/HOCKEY-CCC-300x188.jpg 300w, https:\/\/www.radiopiu.net\/wordpress\/wp-content\/uploads\/2018\/12\/HOCKEY-CCC-768x480.jpg 768w, https:\/\/www.radiopiu.net\/wordpress\/wp-content\/uploads\/2018\/12\/HOCKEY-CCC-1024x640.jpg 1024w, https:\/\/www.radiopiu.net\/wordpress\/wp-content\/uploads\/2018\/12\/HOCKEY-CCC.jpg 1680w\" sizes=\"auto, (max-width: 399px) 100vw, 399px\" \/><\/a>Come gi\u00e0 anticipato nei notiziari di oggi, la partita valida per la quinta giornata della IHL tra Fiemme ed Alleghe non si giocher\u00e0. L&#8217;ufficialit\u00e0 \u00e8 arrivata appena dopo pranzo quando sulla mail delle due societ\u00e0 la federazione ha comunicato il rinvio a data da destinarsi. Non \u00e8 la sola partita ad essere stata rinviata, infatti anche a Pergine, Ora e Merano questa sera non si giocher\u00e0.<\/p>\n<p>Tutto \u00e8 partito ieri sera quando di punto in bianco \u00e8 stato comunicato che l&#8217;anticipo di Torre Pellice tra Valpeagle e Como non veniva giocato per una protesta della classe arbitrale. Rinvio resosi necessario a causa della comunicata indisponibilit\u00e0 da parte del presidente degli arbitri a trasmettere le designazioni per gli incontri in calendario questa settimana. Questo a seguito della bocciatura da parte del consiglio federale di un aumento del 24% delle diarie rispetto allo scorso anno, traducibile in 40.000 euro in pi\u00f9 a stagione, copertura non possibile per una spesa di tale impatto. Questa la goccia che ha fatto traboccare il vaso, anche perch\u00e8 le richieste degli arbitri erano inoltrate alla federazione ancora a maggio e la risposta, negativa, \u00e8 arrivata solo qualche giorno fa. Da qui la decisione di comunicare l\u2019indisponibilit\u00e0 degli arbitri di dirigere le partite di campionato fino a domenica prossima, 13 ottobre.<\/p>\n<p>Nonostante tutto, la FISG aveva optato per fare una designazione arbitrale con tanto di pubblicazione dei vari arbitri sul sito dedicato agli addetti al lavoro (Powerhockey.info) tanto che ancora adesso sono presenti i prescelti per arbitrare le partite, comprese quelle del fine settimana.<\/p>\n<p>Fin&#8217;ora, salvo comunicazione dell&#8217;ultimo momento, l&#8217;unica sfida in programma questa sera sar\u00e0 quella tra Bressanone e Caldaro che ancora non \u00e8 stata rinviata.<\/p>\n<p>Ora il problema si sposta al prossimo fine settimana quando, oltre alla IHL, scenderanno in campo le squadre della Prima Divisione (ex serie C) e tutto il settore giovanile. Se la situazione non cambia, potrebbero saltare la bellezza di 37 match tra IHL, Prima Divisione, Under 19, Under 17, Under 15 e Under 13 nel triveneto.<\/p>\n<p><strong>AI MICROFONI DI RADIO PIU&#8217; PATRICK DE SILVESTRO DELL&#8217;ALLEGHE HOCKEY<\/strong><\/p>\n<audio class=\"wp-audio-shortcode\" id=\"audio-102025-1\" preload=\"none\" style=\"width: 100%;\" controls=\"controls\"><source type=\"audio\/mpeg\" src=\"http:\/\/www.radiopiu.net\/wordpress\/wp-content\/uploads\/2019\/10\/PATRICK-DE-SILVETRO-ARBITRI.mp3?_=1\" \/><a href=\"http:\/\/www.radiopiu.net\/wordpress\/wp-content\/uploads\/2019\/10\/PATRICK-DE-SILVETRO-ARBITRI.mp3\">http:\/\/www.radiopiu.net\/wordpress\/wp-content\/uploads\/2019\/10\/PATRICK-DE-SILVETRO-ARBITRI.mp3<\/a><\/audio>\n<h2>IL COMUNICATO DELLA FISG<\/h2>\n<blockquote class=\"wp-embedded-content\" data-secret=\"8BRGrDpicc\"><p><a href=\"https:\/\/www.fisg.it\/web\/hockey-la-posizione-della-fisg-dopo-il-rinvio-della-partita-tra-hc-valpeagle-e-hockey-como\/\">Hockey, la posizione della FISG dopo il rinvio della partita tra HC ValpEagle e Hockey Como<\/a><\/p><\/blockquote>\n<p><iframe loading=\"lazy\" title=\"&#8220;Hockey, la posizione della FISG dopo il rinvio della partita tra HC ValpEagle e Hockey Como&#8221; &#8212; FISG - Federazione Italiana Sport del Ghiaccio\" class=\"wp-embedded-content\" sandbox=\"allow-scripts\" security=\"restricted\" style=\"position: absolute; clip: rect(1px, 1px, 1px, 1px);\" src=\"https:\/\/www.fisg.it\/web\/hockey-la-posizione-della-fisg-dopo-il-rinvio-della-partita-tra-hc-valpeagle-e-hockey-como\/embed\/#?secret=8BRGrDpicc\" data-secret=\"8BRGrDpicc\" width=\"600\" height=\"338\" frameborder=\"0\" marginwidth=\"0\" marginheight=\"0\" scrolling=\"no\"><\/iframe><\/p>\n<p>&nbsp;<\/p>\n","protected":false},"excerpt":{"rendered":"<p>Come gi\u00e0 anticipato nei notiziari di oggi, la partita valida per la quinta giornata della IHL tra Fiemme ed Alleghe non si giocher\u00e0. L&#8217;ufficialit\u00e0 \u00e8 arrivata appena dopo pranzo quando sulla mail delle due societ\u00e0 la federazione ha comunicato il rinvio a data da destinarsi. Non \u00e8 la sola partita ad essere stata rinviata, infatti&hellip;<\/p>\n","protected":false},"author":4,"featured_media":70980,"comment_status":"closed","ping_status":"closed","sticky":false,"template":"","format":"standard","meta":{"_monsterinsights_skip_tracking":false,"_monsterinsights_sitenote_active":false,"_monsterinsights_sitenote_note":"","_monsterinsights_sitenote_category":0,"footnotes":""},"categories":[104,49,72],"tags":[],"class_list":["post-102025","post","type-post","status-publish","format-standard","has-post-thumbnail","hentry","category-evidenza_3","category-news-18","category-sport","category-104","category-49","category-72","description-off"],"img_url":"https:\/\/www.radiopiu.net\/wordpress\/wp-content\/uploads\/2018\/12\/HOCKEY-CCC.jpg","_links":{"self":[{"href":"https:\/\/www.radiopiu.net\/wordpress\/wp-json\/wp\/v2\/posts\/102025","targetHints":{"allow":["GET"]}}],"collection":[{"href":"https:\/\/www.radiopiu.net\/wordpress\/wp-json\/wp\/v2\/posts"}],"about":[{"href":"https:\/\/www.radiopiu.net\/wordpress\/wp-json\/wp\/v2\/types\/post"}],"author":[{"embeddable":true,"href":"https:\/\/www.radiopiu.net\/wordpress\/wp-json\/wp\/v2\/users\/4"}],"replies":[{"embeddable":true,"href":"https:\/\/www.radiopiu.net\/wordpress\/wp-json\/wp\/v2\/comments?post=102025"}],"version-history":[{"count":0,"href":"https:\/\/www.radiopiu.net\/wordpress\/wp-json\/wp\/v2\/posts\/102025\/revisions"}],"wp:featuredmedia":[{"embeddable":true,"href":"https:\/\/www.radiopiu.net\/wordpress\/wp-json\/wp\/v2\/media\/70980"}],"wp:attachment":[{"href":"https:\/\/www.radiopiu.net\/wordpress\/wp-json\/wp\/v2\/media?parent=102025"}],"wp:term":[{"taxonomy":"category","embeddable":true,"href":"https:\/\/www.radiopiu.net\/wordpress\/wp-json\/wp\/v2\/categories?post=102025"},{"taxonomy":"post_tag","embeddable":true,"href":"https:\/\/www.radiopiu.net\/wordpress\/wp-json\/wp\/v2\/tags?post=102025"}],"curies":[{"name":"wp","href":"https:\/\/api.w.org\/{rel}","templated":true}]}}