{"id":102077,"date":"2019-10-11T06:22:52","date_gmt":"2019-10-11T04:22:52","guid":{"rendered":"http:\/\/www.radiopiu.net\/wordpress\/?p=102077"},"modified":"2019-10-11T06:22:47","modified_gmt":"2019-10-11T04:22:47","slug":"welfare-luxottica-carrello-della-spesa-in-pista","status":"publish","type":"post","link":"https:\/\/www.radiopiu.net\/wordpress\/welfare-luxottica-carrello-della-spesa-in-pista\/","title":{"rendered":"WELFARE LUXOTTICA CARRELLO DELLA SPESA.. IN PISTA"},"content":{"rendered":"<p>&nbsp;<\/p>\n<h3><\/h3>\n<p><strong><a class=\"dt-pswp-item\" href=\"http:\/\/www.radiopiu.net\/wordpress\/wp-content\/uploads\/2019\/03\/WhatsApp-Image-2019-03-24-at-18.11.14.jpeg\" data-dt-img-description=\"\" data-large_image_width=\"1599\" data-large_image_height=\"799\"><img loading=\"lazy\" decoding=\"async\" class=\" wp-image-80220 alignleft\" src=\"http:\/\/www.radiopiu.net\/wordpress\/wp-content\/uploads\/2019\/03\/WhatsApp-Image-2019-03-24-at-18.11.14-300x150.jpeg\" alt=\"\" width=\"234\" height=\"117\" srcset=\"https:\/\/www.radiopiu.net\/wordpress\/wp-content\/uploads\/2019\/03\/WhatsApp-Image-2019-03-24-at-18.11.14-300x150.jpeg 300w, https:\/\/www.radiopiu.net\/wordpress\/wp-content\/uploads\/2019\/03\/WhatsApp-Image-2019-03-24-at-18.11.14-768x384.jpeg 768w, https:\/\/www.radiopiu.net\/wordpress\/wp-content\/uploads\/2019\/03\/WhatsApp-Image-2019-03-24-at-18.11.14-1024x512.jpeg 1024w, https:\/\/www.radiopiu.net\/wordpress\/wp-content\/uploads\/2019\/03\/WhatsApp-Image-2019-03-24-at-18.11.14.jpeg 1599w\" sizes=\"auto, (max-width: 234px) 100vw, 234px\" \/><\/a>AGORDO<\/strong> Ed ecco arrivato ottobre, per i dipendenti Luxottica \u00e8 anche il mese della spesa gratis. Dal 21 ottobre si potr\u00e0 ritirare il cartello prenotato a luglio. Da lunedi sar\u00e0 invece possibile prenotare on line il turno del ritiro. La scorsa estate era possibile prenotare il carrello classico, locale o senza glutine. Chi non avesse fatto la scelta avr\u00e0 il carrello classico, le scelta non \u00e8 modificabile. Ci sar\u00e0 inoltre in omaggio un buono sconto del 10% presso i punti vendita Coop Trentino di Agordo, Sedico o\u00a0 Rovereto con scadenza 31 dicembre. Per il ritiro sar\u00e0 sufficente presentargi con il badge personale o il modulo di delega.<\/p>\n<p>&nbsp;<\/p>\n","protected":false},"excerpt":{"rendered":"<p>&nbsp; AGORDO Ed ecco arrivato ottobre, per i dipendenti Luxottica \u00e8 anche il mese della spesa gratis. Dal 21 ottobre si potr\u00e0 ritirare il cartello prenotato a luglio. Da lunedi sar\u00e0 invece possibile prenotare on line il turno del ritiro. La scorsa estate era possibile prenotare il carrello classico, locale o senza glutine. Chi non&hellip;<\/p>\n","protected":false},"author":1,"featured_media":0,"comment_status":"closed","ping_status":"closed","sticky":false,"template":"","format":"standard","meta":{"_monsterinsights_skip_tracking":false,"_monsterinsights_sitenote_active":false,"_monsterinsights_sitenote_note":"","_monsterinsights_sitenote_category":0,"footnotes":""},"categories":[103,49],"tags":[],"class_list":["post-102077","post","type-post","status-publish","format-standard","hentry","category-evidenza_2","category-news-18","category-103","category-49","description-off"],"img_url":false,"_links":{"self":[{"href":"https:\/\/www.radiopiu.net\/wordpress\/wp-json\/wp\/v2\/posts\/102077","targetHints":{"allow":["GET"]}}],"collection":[{"href":"https:\/\/www.radiopiu.net\/wordpress\/wp-json\/wp\/v2\/posts"}],"about":[{"href":"https:\/\/www.radiopiu.net\/wordpress\/wp-json\/wp\/v2\/types\/post"}],"author":[{"embeddable":true,"href":"https:\/\/www.radiopiu.net\/wordpress\/wp-json\/wp\/v2\/users\/1"}],"replies":[{"embeddable":true,"href":"https:\/\/www.radiopiu.net\/wordpress\/wp-json\/wp\/v2\/comments?post=102077"}],"version-history":[{"count":0,"href":"https:\/\/www.radiopiu.net\/wordpress\/wp-json\/wp\/v2\/posts\/102077\/revisions"}],"wp:attachment":[{"href":"https:\/\/www.radiopiu.net\/wordpress\/wp-json\/wp\/v2\/media?parent=102077"}],"wp:term":[{"taxonomy":"category","embeddable":true,"href":"https:\/\/www.radiopiu.net\/wordpress\/wp-json\/wp\/v2\/categories?post=102077"},{"taxonomy":"post_tag","embeddable":true,"href":"https:\/\/www.radiopiu.net\/wordpress\/wp-json\/wp\/v2\/tags?post=102077"}],"curies":[{"name":"wp","href":"https:\/\/api.w.org\/{rel}","templated":true}]}}