{"id":102114,"date":"2019-10-11T06:23:41","date_gmt":"2019-10-11T04:23:41","guid":{"rendered":"http:\/\/www.radiopiu.net\/wordpress\/?p=102114"},"modified":"2019-10-11T10:41:24","modified_gmt":"2019-10-11T08:41:24","slug":"giornalismo-e-fake-news-ritorno-al-futuro","status":"publish","type":"post","link":"https:\/\/www.radiopiu.net\/wordpress\/giornalismo-e-fake-news-ritorno-al-futuro\/","title":{"rendered":"GIORNALISMO E FAKE NEWS, RITORNO AL FUTURO"},"content":{"rendered":"<p><strong>COLLABORAZIONE, BRUNELLA MORO<\/strong><\/p>\n<p><strong><a class=\"dt-pswp-item\" href=\"http:\/\/www.radiopiu.net\/wordpress\/wp-content\/uploads\/2019\/10\/b86c29b4-fe9a-4d65-a71d-b89e7adaa6cf.jpg\" data-dt-img-description=\"\" data-large_image_width=\"1200\" data-large_image_height=\"1599\"><img loading=\"lazy\" decoding=\"async\" class=\"alignnone size-medium wp-image-102120\" src=\"http:\/\/www.radiopiu.net\/wordpress\/wp-content\/uploads\/2019\/10\/b86c29b4-fe9a-4d65-a71d-b89e7adaa6cf-225x300.jpg\" alt=\"\" width=\"225\" height=\"300\" srcset=\"https:\/\/www.radiopiu.net\/wordpress\/wp-content\/uploads\/2019\/10\/b86c29b4-fe9a-4d65-a71d-b89e7adaa6cf-225x300.jpg 225w, https:\/\/www.radiopiu.net\/wordpress\/wp-content\/uploads\/2019\/10\/b86c29b4-fe9a-4d65-a71d-b89e7adaa6cf-768x1024.jpg 768w, https:\/\/www.radiopiu.net\/wordpress\/wp-content\/uploads\/2019\/10\/b86c29b4-fe9a-4d65-a71d-b89e7adaa6cf.jpg 1200w\" sizes=\"auto, (max-width: 225px) 100vw, 225px\" \/><\/a><a class=\"dt-pswp-item\" href=\"http:\/\/www.radiopiu.net\/wordpress\/wp-content\/uploads\/2019\/10\/5094024d-2904-4110-a2d7-4b2cc54ec915.jpg\" data-dt-img-description=\"\" data-large_image_width=\"1200\" data-large_image_height=\"1599\"><img loading=\"lazy\" decoding=\"async\" class=\"alignnone size-medium wp-image-102119\" src=\"http:\/\/www.radiopiu.net\/wordpress\/wp-content\/uploads\/2019\/10\/5094024d-2904-4110-a2d7-4b2cc54ec915-225x300.jpg\" alt=\"\" width=\"225\" height=\"300\" srcset=\"https:\/\/www.radiopiu.net\/wordpress\/wp-content\/uploads\/2019\/10\/5094024d-2904-4110-a2d7-4b2cc54ec915-225x300.jpg 225w, https:\/\/www.radiopiu.net\/wordpress\/wp-content\/uploads\/2019\/10\/5094024d-2904-4110-a2d7-4b2cc54ec915-768x1024.jpg 768w, https:\/\/www.radiopiu.net\/wordpress\/wp-content\/uploads\/2019\/10\/5094024d-2904-4110-a2d7-4b2cc54ec915.jpg 1200w\" sizes=\"auto, (max-width: 225px) 100vw, 225px\" \/><\/a><a class=\"dt-pswp-item\" href=\"http:\/\/www.radiopiu.net\/wordpress\/wp-content\/uploads\/2019\/10\/d87bb540-b6b4-41de-bd0d-3db1b782b3f2.jpg\" data-dt-img-description=\"\" data-large_image_width=\"1200\" data-large_image_height=\"1599\"><img loading=\"lazy\" decoding=\"async\" class=\"alignnone size-medium wp-image-102117\" src=\"http:\/\/www.radiopiu.net\/wordpress\/wp-content\/uploads\/2019\/10\/d87bb540-b6b4-41de-bd0d-3db1b782b3f2-225x300.jpg\" alt=\"\" width=\"225\" height=\"300\" srcset=\"https:\/\/www.radiopiu.net\/wordpress\/wp-content\/uploads\/2019\/10\/d87bb540-b6b4-41de-bd0d-3db1b782b3f2-225x300.jpg 225w, https:\/\/www.radiopiu.net\/wordpress\/wp-content\/uploads\/2019\/10\/d87bb540-b6b4-41de-bd0d-3db1b782b3f2-768x1024.jpg 768w, https:\/\/www.radiopiu.net\/wordpress\/wp-content\/uploads\/2019\/10\/d87bb540-b6b4-41de-bd0d-3db1b782b3f2.jpg 1200w\" sizes=\"auto, (max-width: 225px) 100vw, 225px\" \/><\/a><a class=\"dt-pswp-item\" href=\"http:\/\/www.radiopiu.net\/wordpress\/wp-content\/uploads\/2019\/10\/cbb7bbc6-11b1-4de0-88ed-8dc55c08344a.jpg\" data-dt-img-description=\"\" data-large_image_width=\"1200\" data-large_image_height=\"1599\"><img loading=\"lazy\" decoding=\"async\" class=\"alignnone size-medium wp-image-102116\" src=\"http:\/\/www.radiopiu.net\/wordpress\/wp-content\/uploads\/2019\/10\/cbb7bbc6-11b1-4de0-88ed-8dc55c08344a-225x300.jpg\" alt=\"\" width=\"225\" height=\"300\" srcset=\"https:\/\/www.radiopiu.net\/wordpress\/wp-content\/uploads\/2019\/10\/cbb7bbc6-11b1-4de0-88ed-8dc55c08344a-225x300.jpg 225w, https:\/\/www.radiopiu.net\/wordpress\/wp-content\/uploads\/2019\/10\/cbb7bbc6-11b1-4de0-88ed-8dc55c08344a-768x1024.jpg 768w, https:\/\/www.radiopiu.net\/wordpress\/wp-content\/uploads\/2019\/10\/cbb7bbc6-11b1-4de0-88ed-8dc55c08344a.jpg 1200w\" sizes=\"auto, (max-width: 225px) 100vw, 225px\" \/><\/a><\/strong><\/p>\n<p>&nbsp;<\/p>\n<p><strong><a class=\"dt-pswp-item\" href=\"http:\/\/www.radiopiu.net\/wordpress\/wp-content\/uploads\/2019\/10\/b6dee914-0231-46f1-9280-310c3dc12556.jpg\" data-dt-img-description=\"\" data-large_image_width=\"1200\" data-large_image_height=\"1600\"><img loading=\"lazy\" decoding=\"async\" class=\"wp-image-102153 alignleft\" src=\"http:\/\/www.radiopiu.net\/wordpress\/wp-content\/uploads\/2019\/10\/b6dee914-0231-46f1-9280-310c3dc12556-225x300.jpg\" alt=\"\" width=\"148\" height=\"197\" srcset=\"https:\/\/www.radiopiu.net\/wordpress\/wp-content\/uploads\/2019\/10\/b6dee914-0231-46f1-9280-310c3dc12556-225x300.jpg 225w, https:\/\/www.radiopiu.net\/wordpress\/wp-content\/uploads\/2019\/10\/b6dee914-0231-46f1-9280-310c3dc12556-768x1024.jpg 768w, https:\/\/www.radiopiu.net\/wordpress\/wp-content\/uploads\/2019\/10\/b6dee914-0231-46f1-9280-310c3dc12556.jpg 1200w\" sizes=\"auto, (max-width: 148px) 100vw, 148px\" \/><\/a>ll Comitato d&#8217;azione Democrazia Belluno ha\u00a0 proposto ieri sera nella sala parrocchiale di Cavarzano una tavola rotonda coordinata da Marco Caberlotto e presentata da Gaetano RIzzo con i giornalisti: Marcella Corr\u00e0 (corriere delle alpi), Pierluigi Svaluto (Radio Belluno), Roberto De Nart (Bellunopress) e Mirko Mezzacasa (Radio Pi\u00f9).<\/strong><\/p>\n<p><span style=\"color: #ff0000;\"><strong>IL COMMENTO DI GAETANO RIZZO (foto)<\/strong><\/span><\/p>\n<audio class=\"wp-audio-shortcode\" id=\"audio-102114-1\" preload=\"none\" style=\"width: 100%;\" controls=\"controls\"><source type=\"audio\/mpeg\" src=\"http:\/\/www.radiopiu.net\/wordpress\/wp-content\/uploads\/2019\/10\/RIZZO.mp3?_=1\" \/><a href=\"http:\/\/www.radiopiu.net\/wordpress\/wp-content\/uploads\/2019\/10\/RIZZO.mp3\">http:\/\/www.radiopiu.net\/wordpress\/wp-content\/uploads\/2019\/10\/RIZZO.mp3<\/a><\/audio>\n<p>&nbsp;<\/p>\n<p>&nbsp;<\/p>\n<p>&nbsp;<\/p>\n<p><a class=\"dt-pswp-item\" href=\"http:\/\/www.radiopiu.net\/wordpress\/wp-content\/uploads\/2019\/10\/db429faf-a56c-4bb1-90c8-5d99be7d4c43.jpg\" data-dt-img-description=\"\" data-large_image_width=\"1599\" data-large_image_height=\"1200\"><img loading=\"lazy\" decoding=\"async\" class=\"alignnone wp-image-102118 size-large\" src=\"http:\/\/www.radiopiu.net\/wordpress\/wp-content\/uploads\/2019\/10\/db429faf-a56c-4bb1-90c8-5d99be7d4c43-1024x768.jpg\" alt=\"\" width=\"1024\" height=\"768\" srcset=\"https:\/\/www.radiopiu.net\/wordpress\/wp-content\/uploads\/2019\/10\/db429faf-a56c-4bb1-90c8-5d99be7d4c43-1024x768.jpg 1024w, https:\/\/www.radiopiu.net\/wordpress\/wp-content\/uploads\/2019\/10\/db429faf-a56c-4bb1-90c8-5d99be7d4c43-300x225.jpg 300w, https:\/\/www.radiopiu.net\/wordpress\/wp-content\/uploads\/2019\/10\/db429faf-a56c-4bb1-90c8-5d99be7d4c43-768x576.jpg 768w, https:\/\/www.radiopiu.net\/wordpress\/wp-content\/uploads\/2019\/10\/db429faf-a56c-4bb1-90c8-5d99be7d4c43.jpg 1599w\" sizes=\"auto, (max-width: 1024px) 100vw, 1024px\" \/><\/a><\/p>\n<p><strong><a class=\"dt-pswp-item\" href=\"http:\/\/www.radiopiu.net\/wordpress\/wp-content\/uploads\/2019\/10\/adc6746a-265e-42e3-aaf6-96a00a782f35.jpg\" data-dt-img-description=\"\" data-large_image_width=\"1131\" data-large_image_height=\"1600\"><img loading=\"lazy\" decoding=\"async\" class=\"size-medium wp-image-102154 alignleft\" src=\"http:\/\/www.radiopiu.net\/wordpress\/wp-content\/uploads\/2019\/10\/adc6746a-265e-42e3-aaf6-96a00a782f35-212x300.jpg\" alt=\"\" width=\"212\" height=\"300\" srcset=\"https:\/\/www.radiopiu.net\/wordpress\/wp-content\/uploads\/2019\/10\/adc6746a-265e-42e3-aaf6-96a00a782f35-212x300.jpg 212w, https:\/\/www.radiopiu.net\/wordpress\/wp-content\/uploads\/2019\/10\/adc6746a-265e-42e3-aaf6-96a00a782f35-768x1086.jpg 768w, https:\/\/www.radiopiu.net\/wordpress\/wp-content\/uploads\/2019\/10\/adc6746a-265e-42e3-aaf6-96a00a782f35-724x1024.jpg 724w, https:\/\/www.radiopiu.net\/wordpress\/wp-content\/uploads\/2019\/10\/adc6746a-265e-42e3-aaf6-96a00a782f35.jpg 1131w\" sizes=\"auto, (max-width: 212px) 100vw, 212px\" \/><\/a>GAETANO RIZZO:<\/strong> Nel Galles il 70% persone volevano uscire dalla Unione Europea perch\u00e8 le fake news li avevano mal informati, mal influenzati anche in America. Il.procuratore Muller \u00e8 riuscito a scoprire che Trump aveva manipolato e influenzato le elezioni contro Hillary Clinton con fake news. Attenzione a ci\u00f2 che leggiamo,\u00a0 perch\u00e8 ci influenza.\u00a0 I giornalisti cercano di attenersi il pi\u00f9 possibile al vero, ma non sempre \u00e8 cosi, non sempre ci riescono.<\/p>\n<p><strong>MARCELLA CORRA&#8217;<\/strong>\u00a0 \u00a0Guardo facebook per \u00a0necessit\u00e0, perch\u00e8 tante notizie si scoprono dai social.\u00a0 Oramai sulla ristretta Belluno si individuano le persone che di solito esagerano le notizie sui social. Nelle testate nazionali lei si fida delle notizie che da loro provengono, ma le notizie dai social da Google non sono controllate e verificate. Regna ignoranza e cattiveria.<\/p>\n<p><strong>MARCO CABERLOTTO<\/strong> Le nuove bufale sono anche le deep fake, montaggi di immagini con parole inventate, messe in bocca ai protagonisti delle immagini<\/p>\n<p><strong>PIERLUIGI SVALUTO<\/strong> Generative adversarial network: manipolazione in cui non si distingue la persona da una persona artificiale, cosa che si verificher\u00e0 nel 2030.\u00a0 Deep fake &#8220;Quando la verit\u00e0 si allaccia le scarpe, le bugie hanno gia fatto il giro di mezzo mondo&#8221; ( Mark\u00a0 Twain).\u00a0 Ipervelocita&#8217; della comunicazione, che prima \u00e8 nata dalla stampa, ora \u00e8 Internet . Ma Internet non permette di riflettere sul contenuto delle frasi.Appena letta, si \u00e8 gi\u00e0 passati alla notizia seguente. Cosi la gente mangia notizie, senza poter farsi un&#8217;opinione propria. E rimane fortemente vessata dal multiforme giro di notizie, ma anche fortemente ignorante.<\/p>\n<p><strong>MIRKO MEZZACASA <\/strong>Pericolo delle condivisioni, senza verificare la fonte. Tante volte non si ha tempo di verificare notizie perch\u00e8\u00a0 chi ci lavora intorno non ha tempo materiale e la sicurezza economica per\u00a0 poterlo fare. Quindi si incappa pi\u00f9\u00a0 facilmente nelle fake news alla ricerca disperata e concitata di notizie. Nell&#8217;informazione ci lavorano dopo lavoristi sottopagati che per sbarcare il lunario durante il giorno praticano la normale professione e nei ritagli di tempo scrivono di politica, attualit\u00e0, cronaca, cronaca sportiva senza nemmeno mai aver visto una partita di hockey informandosi sui social o ascoltando la radio, unico modo per fare &#8220;cassa&#8221; sommando corrispondenze spesso superficiali.<\/p>\n<p><strong>ROBERTO DE NART<\/strong> Diffamazione e ipotesi di reato. Ci sono fake news innocue, e quelle pi\u00f9 pericolose: le bufale di Stato. ( es :la seconda guerra del golfo con 500.000 morti fondata su una bufala che proveniva dal vertice). Le bufale dei giornali soprattutto l&#8217;anno scorso sul Corriere della Sera Caizzi si accorge che Fubini diffonde la notizia falsa e perseguibile riguardo al governo Conte che ha spinto in su lo spread di 300 punti come conseguenza<\/p>\n<p><strong>MARCELLA CORRA&#8217;\u00a0<\/strong> Ci sono delle leggi che condannano chi offende attraverso i social. Sono partiti dei processi,che impongono di moderare i toni. Storia dell&#8217;alpino marocchino scappato in Aosta perch\u00e8 vessato a Belluno. Messa la notizia su fb 350 commenti orribili senza censura. Commissione europea ha considerato (gennaio 2018) come affrontare a livello istituzionale i problemi dell&#8217;infomazione corretta, senza fake news. Ma \u00e8 rimasto un momento retorico e basta. Oggi i redattori sono responsabili anche dei commenti degli altri, come dire che \u00e8 necessaria la presenza costante di un giornalista che valuta e cancella commenti.<\/p>\n<p><strong>PIERLUIGI SVALUTO\u00a0<\/strong> Stiamo perdendo il senso delle parole , perch\u00e8 non se ne usa pi\u00f9 di 400, con il linguaggio ristretto di Internet. Mentre la lingua Italiana in specifico ha 250.000 parole. Siamo arrivati al SENZA PAROLE ALLA FOTO ! Su instagram ! Non si vede pi\u00f9 la realt\u00e0, la si vede attraverso la tecnica. Non ci interessa neanche pi\u00f9 di guardare e vivere la realt\u00e0. La tecnica DOMINA. Conoscenza, coscienza responsabilit\u00e0 e decisione dovrebbero essere proprie dell&#8217;uomo. Ma andando per questa direzione questo non potr\u00e0 mai verificarsi.<\/p>\n<p><strong>MIRKO MEZZACASA\u00a0<\/strong> Il giornalismo non ha pi\u00f9 limiti, chiunque pu\u00f2 farlo. Con video e post. La scuola insegna ai bambini come acquistare su Amazon a scapito delle realt\u00e0 locali, proponendo la tecnologia dai banchi di scuola, non certo la\u00a0 pi\u00f9 istruttiva in paesi dove le serrande s&#8217;abbassano per sempre ogni giorno. Mia mamma mi ha insegnato come salvarsi dalla fake, mi ha regalato il suo smartphone ritornando (a 85 anni) al telefono con 10 tasti numerici, il tasto verde per l&#8217;invio e il rosso per la chiusura della telefonata.<\/p>\n<p><strong>ROBERTO DE NART\u00a0<\/strong> Il singolo cosa pu\u00f2 fare? Da solo o associandosi o con associazioni o comitati? Regna nelle scuole una grandissima ignoranza ortografica. L&#8217;80% agli esami di abilitazione alla professione di avvocato non sapevano scrivere correttamente in italiano.<\/p>\n<p><strong>PIERLUIGI SVALUTO\u00a0<\/strong> Chiss\u00e0 se fra vent&#8217;anni riusciremo a cogliere la realt\u00e0 dalle fake, e se avremo un senso esatto del nostro passato L&#8217;80 dei giovani americani sotto i 30 anni non sa distinguere una notizia normale da una sponsorizzata\u00a0 Il 60 dei giovani sotto 20 anni non sa distinguere una notizia vera da un fake<\/p>\n<p><strong>PUBBLICO<\/strong>\u00a0 Nell&#8217; educazione chi \u00e8 libero e ha la capacit\u00e0 di seguire i figli? Chi riesce a trasmettere loro la qualit\u00e0 di vita e la capacit\u00e0 di discernimento?<\/p>\n<p><strong>MARCELLA CORRA&#8217;<\/strong> Impariamo a usare internet con misura, estrapolandone gli aspetti arricchenti. Impariamo a difenderci dagli smartphone. (Esempio dei vaccini e delle dichiarazioni false,tutto conseguenza delle notizie esagerate in internet della loro dannosit\u00e0)<\/p>\n<p><strong>IL DECALOGO PER DIFENDERSI DALLA FAKE NEWS &#8230;. DI PIERLUIGI SVALUTO<\/strong><\/p>\n<audio class=\"wp-audio-shortcode\" id=\"audio-102114-2\" preload=\"none\" style=\"width: 100%;\" controls=\"controls\"><source type=\"audio\/mpeg\" src=\"http:\/\/www.radiopiu.net\/wordpress\/wp-content\/uploads\/2019\/10\/GIGI.mp3?_=2\" \/><a href=\"http:\/\/www.radiopiu.net\/wordpress\/wp-content\/uploads\/2019\/10\/GIGI.mp3\">http:\/\/www.radiopiu.net\/wordpress\/wp-content\/uploads\/2019\/10\/GIGI.mp3<\/a><\/audio>\n<p>&nbsp;<\/p>\n<p>&nbsp;<\/p>\n","protected":false},"excerpt":{"rendered":"<p>COLLABORAZIONE, BRUNELLA MORO &nbsp; ll Comitato d&#8217;azione Democrazia Belluno ha\u00a0 proposto ieri sera nella sala parrocchiale di Cavarzano una tavola rotonda coordinata da Marco Caberlotto e presentata da Gaetano RIzzo con i giornalisti: Marcella Corr\u00e0 (corriere delle alpi), Pierluigi Svaluto (Radio Belluno), Roberto De Nart (Bellunopress) e Mirko Mezzacasa (Radio Pi\u00f9). IL COMMENTO DI GAETANO&hellip;<\/p>\n","protected":false},"author":1,"featured_media":102118,"comment_status":"closed","ping_status":"closed","sticky":false,"template":"","format":"standard","meta":{"_monsterinsights_skip_tracking":false,"_monsterinsights_sitenote_active":false,"_monsterinsights_sitenote_note":"","_monsterinsights_sitenote_category":0,"footnotes":""},"categories":[49],"tags":[],"class_list":["post-102114","post","type-post","status-publish","format-standard","has-post-thumbnail","hentry","category-news-18","category-49","description-off"],"img_url":"https:\/\/www.radiopiu.net\/wordpress\/wp-content\/uploads\/2019\/10\/db429faf-a56c-4bb1-90c8-5d99be7d4c43.jpg","_links":{"self":[{"href":"https:\/\/www.radiopiu.net\/wordpress\/wp-json\/wp\/v2\/posts\/102114","targetHints":{"allow":["GET"]}}],"collection":[{"href":"https:\/\/www.radiopiu.net\/wordpress\/wp-json\/wp\/v2\/posts"}],"about":[{"href":"https:\/\/www.radiopiu.net\/wordpress\/wp-json\/wp\/v2\/types\/post"}],"author":[{"embeddable":true,"href":"https:\/\/www.radiopiu.net\/wordpress\/wp-json\/wp\/v2\/users\/1"}],"replies":[{"embeddable":true,"href":"https:\/\/www.radiopiu.net\/wordpress\/wp-json\/wp\/v2\/comments?post=102114"}],"version-history":[{"count":0,"href":"https:\/\/www.radiopiu.net\/wordpress\/wp-json\/wp\/v2\/posts\/102114\/revisions"}],"wp:featuredmedia":[{"embeddable":true,"href":"https:\/\/www.radiopiu.net\/wordpress\/wp-json\/wp\/v2\/media\/102118"}],"wp:attachment":[{"href":"https:\/\/www.radiopiu.net\/wordpress\/wp-json\/wp\/v2\/media?parent=102114"}],"wp:term":[{"taxonomy":"category","embeddable":true,"href":"https:\/\/www.radiopiu.net\/wordpress\/wp-json\/wp\/v2\/categories?post=102114"},{"taxonomy":"post_tag","embeddable":true,"href":"https:\/\/www.radiopiu.net\/wordpress\/wp-json\/wp\/v2\/tags?post=102114"}],"curies":[{"name":"wp","href":"https:\/\/api.w.org\/{rel}","templated":true}]}}