{"id":102164,"date":"2019-10-11T13:04:49","date_gmt":"2019-10-11T11:04:49","guid":{"rendered":"http:\/\/www.radiopiu.net\/wordpress\/?p=102164"},"modified":"2019-10-11T16:42:19","modified_gmt":"2019-10-11T14:42:19","slug":"cervo-a-cortina","status":"publish","type":"post","link":"https:\/\/www.radiopiu.net\/wordpress\/cervo-a-cortina\/","title":{"rendered":"RECUPERO DI UN CERVO A CORTINA: ECCO COME E&#8217; STATO LIBERATO (VIDEO)"},"content":{"rendered":"<p>&nbsp;<\/p>\n<div style=\"width: 848px;\" class=\"wp-video\"><video class=\"wp-video-shortcode\" id=\"video-102164-1\" width=\"848\" height=\"480\" preload=\"metadata\" controls=\"controls\"><source type=\"video\/mp4\" src=\"http:\/\/www.radiopiu.net\/wordpress\/wp-content\/uploads\/2019\/10\/VIDEO-2019-10-11-12-02-32.mp4?_=1\" \/><a href=\"http:\/\/www.radiopiu.net\/wordpress\/wp-content\/uploads\/2019\/10\/VIDEO-2019-10-11-12-02-32.mp4\">http:\/\/www.radiopiu.net\/wordpress\/wp-content\/uploads\/2019\/10\/VIDEO-2019-10-11-12-02-32.mp4<\/a><\/video><\/div>\n<p>La Polizia Provinciale \u00e8 intervenuta questa mattina nel territorio di Cortina per recuperare e liberare un cervo. L\u2019animale si era perso in localit\u00e0 Alver\u00e0 ed era rimasto impigliato con le corna nella rete di protezione del campo sportivo. Il fatto \u00e8 accaduto alle prime luci dell\u2019alba e la segnalazione \u00e8 arrivata attorno alle 7.<br \/>\nLa Provincia di Belluno ha immediatamente attivato la squadra catture, nucleo specialistico della Polizia Provinciale, dotato di tutta l\u2019attrezzatura idonea al recupero in sicurezza della fauna selvatica. Sul posto sono intervenuti anche i Vigili del Fuoco, i Carabinieri Forestali e alcuni soci della riserva alpina di caccia di Cortina, assieme al veterinario dell\u2019Ulss, che ha deciso il dosaggio dell\u2019anestetico necessario ad addormentare l\u2019animale. Il cervo, un esemplare maschio adulto di 3-4 anni, del peso di circa 150-160 chili (considerato che al termine della stagione degli amori questo genere di ungulati perde pi\u00f9 o meno il 25 per cento del peso corporeo), \u00e8 stato sedato tramite teleanestesia. L\u2019intervento \u00e8 stato effettuato attorno alle 10. Dopo il taglio della rete che si era impigliata attorno alle corna, il veterinario ha potuto constatare le ottime condizioni di salute dell\u2019animale. Il cervo \u00e8 stato restituito ai boschi poco dopo le 10.30.<br \/>\nL\u2019operazione condotta dalla Polizia Provinciale segue di pochi giorni un\u2019altra liberazione di un altro cervo, che si era perso nel centro di Cortina, e si era introdotto in un negozio di abbigliamento. Anche in quel caso, l\u2019animale aveva perso l\u2019orientamento, come spesso accade durante la stagione degli accoppiamenti.<\/p>\n<div style=\"width: 848px;\" class=\"wp-video\"><video class=\"wp-video-shortcode\" id=\"video-102164-2\" width=\"848\" height=\"480\" preload=\"metadata\" controls=\"controls\"><source type=\"video\/mp4\" src=\"http:\/\/www.radiopiu.net\/wordpress\/wp-content\/uploads\/2019\/10\/Video-11-10-19-08-30-25.mp4?_=2\" \/><a href=\"http:\/\/www.radiopiu.net\/wordpress\/wp-content\/uploads\/2019\/10\/Video-11-10-19-08-30-25.mp4\">http:\/\/www.radiopiu.net\/wordpress\/wp-content\/uploads\/2019\/10\/Video-11-10-19-08-30-25.mp4<\/a><\/video><\/div>\n<p>&nbsp;<\/p>\n<div style=\"width: 640px;\" class=\"wp-video\"><video class=\"wp-video-shortcode\" id=\"video-102164-3\" width=\"640\" height=\"352\" preload=\"metadata\" controls=\"controls\"><source type=\"video\/mp4\" src=\"http:\/\/www.radiopiu.net\/wordpress\/wp-content\/uploads\/2019\/10\/Video-11-10-19-10-55-09.mp4?_=3\" \/><a href=\"http:\/\/www.radiopiu.net\/wordpress\/wp-content\/uploads\/2019\/10\/Video-11-10-19-10-55-09.mp4\">http:\/\/www.radiopiu.net\/wordpress\/wp-content\/uploads\/2019\/10\/Video-11-10-19-10-55-09.mp4<\/a><\/video><\/div>\n<p>&nbsp;<\/p>\n<p>&nbsp;<\/p>\n<p>&nbsp;<\/p>\n","protected":false},"excerpt":{"rendered":"<p>&nbsp; La Polizia Provinciale \u00e8 intervenuta questa mattina nel territorio di Cortina per recuperare e liberare un cervo. L\u2019animale si era perso in localit\u00e0 Alver\u00e0 ed era rimasto impigliato con le corna nella rete di protezione del campo sportivo. Il fatto \u00e8 accaduto alle prime luci dell\u2019alba e la segnalazione \u00e8 arrivata attorno alle 7.&hellip;<\/p>\n","protected":false},"author":1,"featured_media":102170,"comment_status":"closed","ping_status":"closed","sticky":false,"template":"","format":"standard","meta":{"_monsterinsights_skip_tracking":false,"_monsterinsights_sitenote_active":false,"_monsterinsights_sitenote_note":"","_monsterinsights_sitenote_category":0,"footnotes":""},"categories":[49],"tags":[],"class_list":["post-102164","post","type-post","status-publish","format-standard","has-post-thumbnail","hentry","category-news-18","category-49","description-off"],"img_url":"https:\/\/www.radiopiu.net\/wordpress\/wp-content\/uploads\/2019\/10\/9e236af9-bf62-4865-881a-56fcaa838312.jpg","_links":{"self":[{"href":"https:\/\/www.radiopiu.net\/wordpress\/wp-json\/wp\/v2\/posts\/102164","targetHints":{"allow":["GET"]}}],"collection":[{"href":"https:\/\/www.radiopiu.net\/wordpress\/wp-json\/wp\/v2\/posts"}],"about":[{"href":"https:\/\/www.radiopiu.net\/wordpress\/wp-json\/wp\/v2\/types\/post"}],"author":[{"embeddable":true,"href":"https:\/\/www.radiopiu.net\/wordpress\/wp-json\/wp\/v2\/users\/1"}],"replies":[{"embeddable":true,"href":"https:\/\/www.radiopiu.net\/wordpress\/wp-json\/wp\/v2\/comments?post=102164"}],"version-history":[{"count":0,"href":"https:\/\/www.radiopiu.net\/wordpress\/wp-json\/wp\/v2\/posts\/102164\/revisions"}],"wp:featuredmedia":[{"embeddable":true,"href":"https:\/\/www.radiopiu.net\/wordpress\/wp-json\/wp\/v2\/media\/102170"}],"wp:attachment":[{"href":"https:\/\/www.radiopiu.net\/wordpress\/wp-json\/wp\/v2\/media?parent=102164"}],"wp:term":[{"taxonomy":"category","embeddable":true,"href":"https:\/\/www.radiopiu.net\/wordpress\/wp-json\/wp\/v2\/categories?post=102164"},{"taxonomy":"post_tag","embeddable":true,"href":"https:\/\/www.radiopiu.net\/wordpress\/wp-json\/wp\/v2\/tags?post=102164"}],"curies":[{"name":"wp","href":"https:\/\/api.w.org\/{rel}","templated":true}]}}