{"id":102185,"date":"2019-10-11T23:59:07","date_gmt":"2019-10-11T21:59:07","guid":{"rendered":"http:\/\/www.radiopiu.net\/wordpress\/?p=102185"},"modified":"2019-10-12T05:41:19","modified_gmt":"2019-10-12T03:41:19","slug":"a-cinque-mesi-dalle-elezioni-per-lunione-montana-e-deep-night-notte-profonda","status":"publish","type":"post","link":"https:\/\/www.radiopiu.net\/wordpress\/a-cinque-mesi-dalle-elezioni-per-lunione-montana-e-deep-night-notte-profonda\/","title":{"rendered":"A CINQUE MESI DALLE ELEZIONI PER L&#8217;UNIONE MONTANA E&#8217; DEEP NIGHT (NOTTE PROFONDA)"},"content":{"rendered":"<p>&nbsp;<\/p>\n<p><strong>DI GIANNI SANTOMASO<\/strong><\/p>\n<audio class=\"wp-audio-shortcode\" id=\"audio-102185-1\" preload=\"none\" style=\"width: 100%;\" controls=\"controls\"><source type=\"audio\/mpeg\" src=\"http:\/\/www.radiopiu.net\/wordpress\/wp-content\/uploads\/2019\/10\/gianni-unuione.mp3?_=1\" \/><a href=\"http:\/\/www.radiopiu.net\/wordpress\/wp-content\/uploads\/2019\/10\/gianni-unuione.mp3\">http:\/\/www.radiopiu.net\/wordpress\/wp-content\/uploads\/2019\/10\/gianni-unuione.mp3<\/a><\/audio>\n<p>&nbsp;<\/p>\n<p><strong><a class=\"dt-pswp-item\" href=\"http:\/\/www.radiopiu.net\/wordpress\/wp-content\/uploads\/2018\/07\/UNIONE-MONTANA.jpg\" data-dt-img-description=\"\" data-large_image_width=\"464\" data-large_image_height=\"660\"><img loading=\"lazy\" decoding=\"async\" class=\"size-medium wp-image-53717 alignleft\" src=\"http:\/\/www.radiopiu.net\/wordpress\/wp-content\/uploads\/2018\/07\/UNIONE-MONTANA-211x300.jpg\" alt=\"\" width=\"211\" height=\"300\" srcset=\"https:\/\/www.radiopiu.net\/wordpress\/wp-content\/uploads\/2018\/07\/UNIONE-MONTANA-211x300.jpg 211w, https:\/\/www.radiopiu.net\/wordpress\/wp-content\/uploads\/2018\/07\/UNIONE-MONTANA.jpg 464w\" sizes=\"auto, (max-width: 211px) 100vw, 211px\" \/><\/a>AGORDO<\/strong> <strong>Fabio Luchetta<\/strong> \u00e8 ancora il presidente dell&#8217;Unione Montana Agordina, ma i suoi assessori (Siro De Biasio di Alleghe e Stefano Tom\u00e8 di Agordo) non sono pi\u00f9 legittimati a sedere in consiglio, a prendere decisioni, ad alzare la mano. Infatti non sono stati eletti perch\u00e9 non si sono candidati alle ultime elezioni amministrative. I sindaci pi\u00f9 vicini alla destra che alla sinistra avevano proposto un nome, quello di <strong>Silvia Cestaro<\/strong> (Selva di Cadore), assessore Carlo Bernardi (Rocca Pietore). Apriti cielo, il no \u00e8 arrivato puntuale. I sindaci pi\u00f9 vicini alla sinistra che alla destra hanno convogliato le loro attenzioni su <strong>Michele Costa<\/strong> (Falcade) ma anche qui non c&#8217;\u00e8 stata l&#8217;auspicata scelta. Il consigliere anziano <strong>Giovanni Nino Deon<\/strong> (Rivamonte) &#8220;dinosauro&#8221; della politica locale ha fatto da paciere ma a quanto pare tutto \u00e8 finito nel braciere, altro che giunta mista, lo sa bene <strong>Leandro Grones<\/strong> (Livinallongo del Col di Lana) che ha seguito le operazioni minuto per minuto ed ora getta la spugna. Non e&#8217; chiaro se entro Natale sotto all&#8217;albero ci sar\u00e0 la nuova Giunta, e in questi mesi di soldi da spendere ce ne sono e anche di lavori importanti da mettere in cantiere. Che ne pensano i sindaci? Abbiamo chiesto un loro parere, non tutti hanno voluto intervenire al dibattito, chi lo ha fatto ha trovato spazio nello speciale di ieri che qui riproponiamo con i sindaci: <strong>Mauro Soppelsa<\/strong> (Cencenighe), <strong>Moreno De Val<\/strong> (San Tomaso),<strong> Andrea De Bernardin<\/strong> (Rocca Pietore),<strong> Leandro Grones<\/strong> (Livinallongo del Col di Lana), <strong>Fabio Luchetta<\/strong> (Vallada), <strong>Danilo De Toni<\/strong> (Alleghe), <strong>Giocondo Dalle Feste<\/strong> (Gosaldo)<\/p>\n<p><strong>AUDIO<\/strong><\/p>\n<audio class=\"wp-audio-shortcode\" id=\"audio-102185-2\" preload=\"none\" style=\"width: 100%;\" controls=\"controls\"><source type=\"audio\/mpeg\" src=\"http:\/\/www.radiopiu.net\/wordpress\/wp-content\/uploads\/2019\/10\/SINDACI-UMA.mp3?_=2\" \/><a href=\"http:\/\/www.radiopiu.net\/wordpress\/wp-content\/uploads\/2019\/10\/SINDACI-UMA.mp3\">http:\/\/www.radiopiu.net\/wordpress\/wp-content\/uploads\/2019\/10\/SINDACI-UMA.mp3<\/a><\/audio>\n<p>&nbsp;<\/p>\n","protected":false},"excerpt":{"rendered":"<p>&nbsp; DI GIANNI SANTOMASO &nbsp; AGORDO Fabio Luchetta \u00e8 ancora il presidente dell&#8217;Unione Montana Agordina, ma i suoi assessori (Siro De Biasio di Alleghe e Stefano Tom\u00e8 di Agordo) non sono pi\u00f9 legittimati a sedere in consiglio, a prendere decisioni, ad alzare la mano. Infatti non sono stati eletti perch\u00e9 non si sono candidati alle&hellip;<\/p>\n","protected":false},"author":1,"featured_media":0,"comment_status":"closed","ping_status":"closed","sticky":false,"template":"","format":"standard","meta":{"_monsterinsights_skip_tracking":false,"_monsterinsights_sitenote_active":false,"_monsterinsights_sitenote_note":"","_monsterinsights_sitenote_category":0,"footnotes":""},"categories":[104,49],"tags":[],"class_list":["post-102185","post","type-post","status-publish","format-standard","hentry","category-evidenza_3","category-news-18","category-104","category-49","description-off"],"img_url":false,"_links":{"self":[{"href":"https:\/\/www.radiopiu.net\/wordpress\/wp-json\/wp\/v2\/posts\/102185","targetHints":{"allow":["GET"]}}],"collection":[{"href":"https:\/\/www.radiopiu.net\/wordpress\/wp-json\/wp\/v2\/posts"}],"about":[{"href":"https:\/\/www.radiopiu.net\/wordpress\/wp-json\/wp\/v2\/types\/post"}],"author":[{"embeddable":true,"href":"https:\/\/www.radiopiu.net\/wordpress\/wp-json\/wp\/v2\/users\/1"}],"replies":[{"embeddable":true,"href":"https:\/\/www.radiopiu.net\/wordpress\/wp-json\/wp\/v2\/comments?post=102185"}],"version-history":[{"count":0,"href":"https:\/\/www.radiopiu.net\/wordpress\/wp-json\/wp\/v2\/posts\/102185\/revisions"}],"wp:attachment":[{"href":"https:\/\/www.radiopiu.net\/wordpress\/wp-json\/wp\/v2\/media?parent=102185"}],"wp:term":[{"taxonomy":"category","embeddable":true,"href":"https:\/\/www.radiopiu.net\/wordpress\/wp-json\/wp\/v2\/categories?post=102185"},{"taxonomy":"post_tag","embeddable":true,"href":"https:\/\/www.radiopiu.net\/wordpress\/wp-json\/wp\/v2\/tags?post=102185"}],"curies":[{"name":"wp","href":"https:\/\/api.w.org\/{rel}","templated":true}]}}