{"id":102210,"date":"2019-10-11T16:53:07","date_gmt":"2019-10-11T14:53:07","guid":{"rendered":"http:\/\/www.radiopiu.net\/wordpress\/?p=102210"},"modified":"2019-10-11T16:53:07","modified_gmt":"2019-10-11T14:53:07","slug":"piano-degli-interventi-e-revisione-pat-via-al-processo-partecipativo","status":"publish","type":"post","link":"https:\/\/www.radiopiu.net\/wordpress\/piano-degli-interventi-e-revisione-pat-via-al-processo-partecipativo\/","title":{"rendered":"PIANO DEGLI INTERVENTI E REVISIONE PAT, VIA AL PROCESSO PARTECIPATIVO"},"content":{"rendered":"<p><strong><a class=\"dt-pswp-item\" href=\"http:\/\/www.radiopiu.net\/wordpress\/wp-content\/uploads\/2019\/10\/3f0bd233-0d8f-4a32-b347-e99dedac067f.jpg\" data-dt-img-description=\"\" data-large_image_width=\"1599\" data-large_image_height=\"1200\"><img loading=\"lazy\" decoding=\"async\" class=\" wp-image-102212 alignleft\" src=\"http:\/\/www.radiopiu.net\/wordpress\/wp-content\/uploads\/2019\/10\/3f0bd233-0d8f-4a32-b347-e99dedac067f-300x225.jpg\" alt=\"\" width=\"181\" height=\"136\" srcset=\"https:\/\/www.radiopiu.net\/wordpress\/wp-content\/uploads\/2019\/10\/3f0bd233-0d8f-4a32-b347-e99dedac067f-300x225.jpg 300w, https:\/\/www.radiopiu.net\/wordpress\/wp-content\/uploads\/2019\/10\/3f0bd233-0d8f-4a32-b347-e99dedac067f-768x576.jpg 768w, https:\/\/www.radiopiu.net\/wordpress\/wp-content\/uploads\/2019\/10\/3f0bd233-0d8f-4a32-b347-e99dedac067f-1024x768.jpg 1024w, https:\/\/www.radiopiu.net\/wordpress\/wp-content\/uploads\/2019\/10\/3f0bd233-0d8f-4a32-b347-e99dedac067f.jpg 1599w\" sizes=\"auto, (max-width: 181px) 100vw, 181px\" \/><\/a>FELTRE<\/strong>\u00a0 La Sala Ocri, riempitasi via via durante l\u2019incontro, ha ospitato gioved\u00ec sera l\u2019assemblea pubblica che ha di fatto sancito l\u2019avvio ufficiale del percorso partecipativo che porter\u00e0 al nuovo piano degli Interventi della citt\u00e0 e alla revisione del P.A.T. L\u2019assessore competente, Irma Visalli, ha per la verit\u00e0 avviato gi\u00e0 da qualche tempo tutta una serie di incontri con alcuni stakeholder e con attori appartenenti alle realt\u00e0 economiche, culturali, sociali feltrine.<\/p>\n<p><strong>L&#8217;ASSESSORE IRMA VISALLI<\/strong><\/p>\n<audio class=\"wp-audio-shortcode\" id=\"audio-102210-1\" preload=\"none\" style=\"width: 100%;\" controls=\"controls\"><source type=\"audio\/mpeg\" src=\"http:\/\/www.radiopiu.net\/wordpress\/wp-content\/uploads\/2019\/10\/visalli.mp3?_=1\" \/><a href=\"http:\/\/www.radiopiu.net\/wordpress\/wp-content\/uploads\/2019\/10\/visalli.mp3\">http:\/\/www.radiopiu.net\/wordpress\/wp-content\/uploads\/2019\/10\/visalli.mp3<\/a><\/audio>\n<p>Alla serata erano presenti &#8211; oltre al sindaco di Feltre e alla giunta comunale quasi al completo &#8211; molti esponenti delle categorie economiche e professionali, ma anche rappresentanti delle realt\u00e0 associative, culturali e religiose della citt\u00e0; i partecipanti hanno espresso interventi di richiesta o proposta riguardanti il proseguo del cammino partecipativo. A tale riguardo, da met\u00e0 novembre a met\u00e0 dicembre saranno organizzati alcuni focus in vari luoghi della citt\u00e0 e della sua periferia, in cui verranno affrontati \u201cal tavolo\u201d, ovvero carte alla mano, temi e questioni di interesse da parte dei cittadini. Agli incontri, che l\u2019amministrazione auspica si possano tenere anche in sedi private (abitazioni, studi professionali, \u2026), ovvero fuori dai luoghi tradizionali, sar\u00e0 presente anche un \u201cfacilitatore\u201d con il ruolo, appunto, di favorire il dialogo tra i presenti, in particolare nel confronto con i rappresentanti dell\u2019amministrazione.<\/p>\n<p>&nbsp;<\/p>\n","protected":false},"excerpt":{"rendered":"<p>FELTRE\u00a0 La Sala Ocri, riempitasi via via durante l\u2019incontro, ha ospitato gioved\u00ec sera l\u2019assemblea pubblica che ha di fatto sancito l\u2019avvio ufficiale del percorso partecipativo che porter\u00e0 al nuovo piano degli Interventi della citt\u00e0 e alla revisione del P.A.T. L\u2019assessore competente, Irma Visalli, ha per la verit\u00e0 avviato gi\u00e0 da qualche tempo tutta una serie&hellip;<\/p>\n","protected":false},"author":1,"featured_media":102212,"comment_status":"closed","ping_status":"closed","sticky":false,"template":"","format":"standard","meta":{"_monsterinsights_skip_tracking":false,"_monsterinsights_sitenote_active":false,"_monsterinsights_sitenote_note":"","_monsterinsights_sitenote_category":0,"footnotes":""},"categories":[49],"tags":[],"class_list":["post-102210","post","type-post","status-publish","format-standard","has-post-thumbnail","hentry","category-news-18","category-49","description-off"],"img_url":"https:\/\/www.radiopiu.net\/wordpress\/wp-content\/uploads\/2019\/10\/3f0bd233-0d8f-4a32-b347-e99dedac067f.jpg","_links":{"self":[{"href":"https:\/\/www.radiopiu.net\/wordpress\/wp-json\/wp\/v2\/posts\/102210","targetHints":{"allow":["GET"]}}],"collection":[{"href":"https:\/\/www.radiopiu.net\/wordpress\/wp-json\/wp\/v2\/posts"}],"about":[{"href":"https:\/\/www.radiopiu.net\/wordpress\/wp-json\/wp\/v2\/types\/post"}],"author":[{"embeddable":true,"href":"https:\/\/www.radiopiu.net\/wordpress\/wp-json\/wp\/v2\/users\/1"}],"replies":[{"embeddable":true,"href":"https:\/\/www.radiopiu.net\/wordpress\/wp-json\/wp\/v2\/comments?post=102210"}],"version-history":[{"count":0,"href":"https:\/\/www.radiopiu.net\/wordpress\/wp-json\/wp\/v2\/posts\/102210\/revisions"}],"wp:featuredmedia":[{"embeddable":true,"href":"https:\/\/www.radiopiu.net\/wordpress\/wp-json\/wp\/v2\/media\/102212"}],"wp:attachment":[{"href":"https:\/\/www.radiopiu.net\/wordpress\/wp-json\/wp\/v2\/media?parent=102210"}],"wp:term":[{"taxonomy":"category","embeddable":true,"href":"https:\/\/www.radiopiu.net\/wordpress\/wp-json\/wp\/v2\/categories?post=102210"},{"taxonomy":"post_tag","embeddable":true,"href":"https:\/\/www.radiopiu.net\/wordpress\/wp-json\/wp\/v2\/tags?post=102210"}],"curies":[{"name":"wp","href":"https:\/\/api.w.org\/{rel}","templated":true}]}}