{"id":102322,"date":"2019-10-13T18:05:44","date_gmt":"2019-10-13T16:05:44","guid":{"rendered":"http:\/\/www.radiopiu.net\/wordpress\/?p=102322"},"modified":"2019-10-14T10:38:45","modified_gmt":"2019-10-14T08:38:45","slug":"giornale-radiopiu-14-ottobre-2019-direttore-mirko-mezzacasa","status":"publish","type":"post","link":"https:\/\/www.radiopiu.net\/wordpress\/giornale-radiopiu-14-ottobre-2019-direttore-mirko-mezzacasa\/","title":{"rendered":"GIORNALE RADIOPIU 14 OTTOBRE 2019, DIRETTORE MIRKO MEZZACASA"},"content":{"rendered":"<p>&nbsp;<\/p>\n<p>&nbsp;<\/p>\n<p><em><strong>REGIONALE 203 AGORDINA. CANDATEN.<\/strong><\/em><br \/>\n<strong><em>NEI GIORNI\u00a0 DOMANI E MERCOLEDI\u00a0 DALLE 8.15 ALLE 12 E DALLE 13 ALLE 17 INTERRUZIONI ALLA VIABILITA&#8217;, MASSIMO 20 MINUTI PER ISPEZIONE VERSANTI TRA PERON E CANDATEN<\/em><\/strong><\/p>\n<p>&nbsp;<\/p>\n<blockquote>\n<h3>LAVORI IN VALLE DI SAN LUCANO<\/h3>\n<p><strong>TAIBON<\/strong> Istituzione di un divieto di transito a tutti i veicoli lungo la strada comunale della Valle di San Lucano in localit\u00e0 Scalette nel tratto interessato dal cantiere, da\u00a0 OGGI a venerd\u00ec 18 ottobre 2019, con chiusura nelle seguenti fasce orarie: 08.00 \u2013 08-50 \/ 09.00 \u2013 09.50 \/ 10.00 \u2013 10.50 \/ 11.00 \u2013 12.00 \/ 13.00 \u2013 13.50 \/ 14.00 \u2013 14.50 \/ 15.00 \u2013 15.50 \/ 16.00 \u2013 17.00;<\/p><\/blockquote>\n<p>&nbsp;<\/p>\n<h3>LAVORI SULLA STRADA PROVINCIALE 2 VAL FIORENTINA<\/h3>\n<p><strong>SELVA DI CADORE<\/strong> OGGI\u00a0 al 24 ottobre (escluse domeniche e festivi) per permettere i lavori nei diversi cantieri \u00e8 previsto il senso unico alternato con impianto semaforico dal chilometro 1,5 per 250 metri, oltre possibili brevi interruzioni della durata massima di 20 minuti.<\/p>\n<p>&nbsp;<\/p>\n<blockquote><p><strong>AGORDO<\/strong> Continuano i lavori sulla strada per Malga Framont, per questo il Comune ha prorogato l&#8217;ordinanza di chiusura dalla localit\u00e0 Salt del Ligador e fino alla malga. Chiusura almeno fino a venerdi 18 ottobre, la riapertura della rotabile \u00e8 vincolata alle condizioni meteorologiche.<\/p><\/blockquote>\n<p>&nbsp;<\/p>\n<blockquote><p>Per lavori alla rete idrica comunale, OGGI E DOMANI\u00a0 dalle 8 a FINE LAVORI, verr\u00e0 sospesa l\u2019erogazione dell\u2019acqua a LIVINALLONGO nelle LOCALITA&#8217; PIEVE, RETIZ, GROUPA e COL.<\/p><\/blockquote>\n<p>&nbsp;<\/p>\n<h3>L&#8217;ARTE DI PETTINARE LE BAMBOLE, LA PAURA\u00a0 DI ESPORSI.<\/h3>\n<p><strong><a class=\"dt-pswp-item\" href=\"http:\/\/www.radiopiu.net\/wordpress\/wp-content\/uploads\/2019\/10\/0a4393d6-fc25-4377-ae44-6fbf410100f9.jpg\" data-dt-img-description=\"\" data-large_image_width=\"1296\" data-large_image_height=\"972\"><img loading=\"lazy\" decoding=\"async\" class=\"size-medium wp-image-102332 alignleft\" src=\"http:\/\/www.radiopiu.net\/wordpress\/wp-content\/uploads\/2019\/10\/0a4393d6-fc25-4377-ae44-6fbf410100f9-300x225.jpg\" alt=\"\" width=\"300\" height=\"225\" srcset=\"https:\/\/www.radiopiu.net\/wordpress\/wp-content\/uploads\/2019\/10\/0a4393d6-fc25-4377-ae44-6fbf410100f9-300x225.jpg 300w, https:\/\/www.radiopiu.net\/wordpress\/wp-content\/uploads\/2019\/10\/0a4393d6-fc25-4377-ae44-6fbf410100f9-768x576.jpg 768w, https:\/\/www.radiopiu.net\/wordpress\/wp-content\/uploads\/2019\/10\/0a4393d6-fc25-4377-ae44-6fbf410100f9-1024x768.jpg 1024w, https:\/\/www.radiopiu.net\/wordpress\/wp-content\/uploads\/2019\/10\/0a4393d6-fc25-4377-ae44-6fbf410100f9.jpg 1296w\" sizes=\"auto, (max-width: 300px) 100vw, 300px\" \/><\/a>ALLEGHE<\/strong> C&#8217;era una volta una bella pista ciclabile poi cancellata da Vaia e c&#8217;\u00e8 ancora. Infatti \u00e8 stata risistemata e asfaltata, se ricordate abbiamo anche fatto i complimenti a suo tempo a chi c&#8217;ha lavorato per questo mega progettone per la ciclabile che verr\u00e0. Poi venne un giorno in cui quell&#8217;asfalto troppo nero stonava con gli alberi ancora a terra sradicati con le loro radici, il tempo in cui i greti dei torrenti rindondavano di ghiaia, sassi, radici e anche immondizie da raccogliere, il tempo in cui le strade presentavano buchi, fosse, semafori, strettoie insuperabili anche con il buon senso, mancanza totale di protezione e via dicendo. Era il tempo in cui i nostri amministratori che il territorio e i suoi problemi lo conoscono a menadito avrebbero voluto togliere un buco nero lungo la 203 agordina, ad Alleghe dopo il Municipio dove la strada si fa stretta e insidiosa. Li&#8217; c&#8217;e&#8217; una casetta da &#8220;spostare&#8221; e i nostri sindaci avevano tutte le intenzioni di farlo, ma chi detiene il potere ha detto &#8220;mettete un semaforo&#8230;&#8221;<br \/>\nMa\u00a0 torniamo a quell&#8217;asfalto nero&#8230; proprio non piaceva\u00a0 ed \u00e8 diventato un problema prioritario nel post emergenza. E fu cosi&#8217; che dai piani alti, dagli esperti dei beni dell&#8217;arte architettonica (cio\u00e8 del nostro bel territorio dove noi siamo nati e cresciuti amando e sopportando le disuguaglianze con la pianura), \u00e8 stato dato l&#8217;ordine: &#8220;bocciardate quell&#8217;asfalto e non importa se s&#8217;alza la polvere, passano i giorni e si contano le ore da pagare&#8221;. Bocciardare significa renderlo simile alla sabbia&#8230;che non sia pi\u00f9 nero ma tendente al bianco, al grigio bianco, neanche minimamente parente comunque all&#8217;enrosadira del Civetta. L&#8217;alternativa era la ghiaia&#8230;.ve l&#8217;immaginate una ciclabile a Milano in ghiaia? Ovviamente non lo stanno facendo i volontari, tutto ha un costo ma finch\u00e8 la borsa dei Fondi di Confine aprir\u00e0 i cordoni si far\u00e0 festa. &#8220;Fin che ghe n\u00e8 via el Re&#8230;co no ghen\u00e8 pi&#8217; viva&#8230;&#8221; lo diceva mio pap\u00e0 con varie sfumature nel finale. Sinceramente a me sembra che i soldi si potrebbero spendere meglio, ma \u00e8 solo un&#8217;ipotesi. Se poi vogliamo fare il raffronto con i vicini dove l&#8217;erba \u00e8 sempre pi\u00f9 verde \u00e8 molto semplice. Presente la ciclabile in asfalto della Val di Fiemme e Val di Fassa? Passano centinaia di turisti e valligiani al giorno, in tutte le stagioni, andate un po&#8217; a dirgli a loro di &#8220;bocciardarla&#8221;, insabbiarla&#8230;. spendere soldi pubblici dei loro in questo caso per modificarla. Come minimo vi ridono in faccia ed \u00e8 sempre la stessa storia&#8230;.Speriamo che l&#8217;asfalto della regionale 203 agordina percorsa da cervi, Morbiacca, volpi, cinghiali, oche e anatre non faccia la stessa fine, che gli esperti a difesa dell&#8217;ambiente non diano l&#8217;ordine di riportarla alla pista sabbiosa perch\u00e9 il nero stona con il verde degli alberi in crescita libera. In quel caso ritornereno al cavallo e alle carrozze?<\/p>\n<blockquote>\n<h3>L&#8217;ARTE DI PETTINARE LE BAMBOLE, PARTE DUE.<\/h3>\n<h3>intervista esclusiva al sindaco di Rocca Pietore Andrea De Bernardin<\/h3>\n<\/blockquote>\n<audio class=\"wp-audio-shortcode\" id=\"audio-102322-1\" preload=\"none\" style=\"width: 100%;\" controls=\"controls\"><source type=\"audio\/mpeg\" src=\"http:\/\/www.radiopiu.net\/wordpress\/wp-content\/uploads\/2019\/10\/ANDREA-DE-BERNARDIN.mp3?_=1\" \/><a href=\"http:\/\/www.radiopiu.net\/wordpress\/wp-content\/uploads\/2019\/10\/ANDREA-DE-BERNARDIN.mp3\">http:\/\/www.radiopiu.net\/wordpress\/wp-content\/uploads\/2019\/10\/ANDREA-DE-BERNARDIN.mp3<\/a><\/audio>\n<p>&nbsp;<\/p>\n<blockquote>\n<h3>L&#8217;ARTE DI PETTINARE LE BAMBOLE, PARTE TRE<\/h3>\n<h3>intervento del Deputato Dario Bond<\/h3>\n<\/blockquote>\n<audio class=\"wp-audio-shortcode\" id=\"audio-102322-2\" preload=\"none\" style=\"width: 100%;\" controls=\"controls\"><source type=\"audio\/mpeg\" src=\"http:\/\/www.radiopiu.net\/wordpress\/wp-content\/uploads\/2019\/10\/DARIO-BOND.mp3?_=2\" \/><a href=\"http:\/\/www.radiopiu.net\/wordpress\/wp-content\/uploads\/2019\/10\/DARIO-BOND.mp3\">http:\/\/www.radiopiu.net\/wordpress\/wp-content\/uploads\/2019\/10\/DARIO-BOND.mp3<\/a><\/audio>\n<p>&nbsp;<\/p>\n<p>&nbsp;<\/p>\n<h3>UNIONE MONTANA. A QUANDO CONSIGLIERE ANZIANO GIOVANNI NINO DEON?<\/h3>\n<p><strong>OPINIONE 1,<\/strong> Rodolfo Pellegrinon_Falcade<\/p>\n<blockquote><p>Mi chiedo: quando finiranno finalmente le beghe in Unione Montana Agordina? Cosa aspettano i nostri Sindaci a riunirsi per nominare i nuovi eletti e il Presidente? Se continuano cos\u00ec ancora a lungo&#8230;. chiudiamola e lasciamo le competenze ai singoli sindaci. Con questa operazione, forse, si potrebbero guadagnare anche dei soldi ( affitti, personale, spese elettriche, telefoniche e tanto tanto altro&#8230; )<\/p><\/blockquote>\n<p><strong>OPINIONE\u00a0 2,<\/strong> Stefano Orsingher_Alleghe<\/p>\n<blockquote><p>Dividi et impera, insegnavano gli antichi. Se poi lo fai con i fondi di confine riesce anche meglio. E intanto loro giocano a comunisti contro fascisti in un tempo nel quale sinistra e destra non esistono pi\u00f9.\u00a0 Mentre fuori si confrontano il capitalismo competitivo del partito dello spred ed il costituzionalismo solidale dei cosiddetti sovranisti, qui, come soldati giapponesi che presidiano la rispettiva isola deserta, mai informati che la guerra \u00e8 finita, loro difendono il niente, fedeli a schieramenti che furono.\u00a0 Andassero a vedersi il focus sullo stato di salute delle nostre terre, pubblicato lo scorso anno dalla Cgia di Mestre, e forse un rigurgito di coscienza li illuminerebbe su quanto \u00e8 patetico questo teatrino.\u00a0 Ma forse \u00e8 semplicemente meglio cos\u00ec. A volte un direttivo che non c\u2019\u00e8 pu\u00f2 essere meglio di un cattivo direttivo.<\/p><\/blockquote>\n<p>&nbsp;<\/p>\n<p>&nbsp;<\/p>\n<p>&nbsp;<\/p>\n<h4>UNCEM RISPONDE A DI MAIO SUL TITOLO V DELLA COSTITUZIONE E SUI &#8220;TROPPI ENTI INUTILI&#8221;. BUSSONE: &#8220;EVITIAMO LA DEMAGOGIA E DI TORNARE INDIETRO DI 15 ANNI. METTERE MANO AL TESTO UNICO ENTI LOCALI \u00c8 UNA COSA SERIA E COMPLESSA&#8221;<\/h4>\n<p><em>Marco Bussone, Presidente nazionale Uncem, Unione dei Comuni e degli Enti montani, in risposta a una dichiarazione del Ministro Di Maio.<\/em><\/p>\n<blockquote><p>&#8220;Riformare lo Stato, riorganizzare Regioni ed Enti locali, scegliere quanto l&#8217;Italia sia federalista o centralista, non sono certo temi da comizio come qualcuno in passato aveva pensato. Queste sfide sono tra le pi\u00f9 grandi nel Paese, da sempre rinviate. Tutti ricordano e conoscono benissimo le riforme a met\u00e0 fatte su Province e Unioni di Comuni, le troppe norme ordinamentali nelle leggi di bilancio l&#8217;architettura delle Regioni che \u00e8 rimasta un tab\u00f9, l&#8217;approfondimento su ruolo e impegni dei Comuni, mai fatto. Ecco perch\u00e9 chiediamo al Ministro Di Maio di andare oltre le dichiarazioni fatte qualche ora fa dal palco di Napoli. Lui dice di vedere nello Stato &#8216;troppe Province, Comunit\u00e0 montane che arrivano al mare, in alcuni casi Comuni troppo piccoli e 20 Regioni&#8217;. Lo sentivamo dire 15 anni fa. Roba gi\u00e0 vista. Ma apprezziamo Di Maio che dice anche di voler aprire una riflessione per organizzare lo Stato al servizio dei cittadini. Uncem \u00e8 d&#8217;accordo. A patto che sia un processo serio, con tempi certi che veda coinvolti i Ministeri delle Autonomie, della PA, dell&#8217;Interno e della digitalizzazione. E che tutte le associazioni degli Enti locali siano al tavolo, non solo alcune come successo nell&#8217;ultimo anno con il tavolo aperto al Viminale. Di proposte ne abbiamo molte, ma a patto che si vada oltre retorica e demagogia. Mettere mano al Testo unico degli Enti locali e alle Regioni, oltre che ai compiti di Camera e Senato, \u00e8 una cosa seria. Voglio sperare che Di Maio, tutto il Governo, lo sappia e possano ascoltare anche le nostre proposte&#8221;.<\/p><\/blockquote>\n<p>&nbsp;<\/p>\n<p>&nbsp;<\/p>\n<p>&nbsp;<\/p>\n<p>&nbsp;<\/p>\n<h3>SCHIFO DA INCIVILTA&#8217;, PROBLEMA ORMAI QUOTIDIANO<\/h3>\n<p><strong> <a class=\"dt-pswp-item\" href=\"http:\/\/www.radiopiu.net\/wordpress\/wp-content\/uploads\/2019\/10\/69721803-869c-4860-ba3e-bd89d852f0b5.jpg\" data-dt-img-description=\"\" data-large_image_width=\"1600\" data-large_image_height=\"1200\"><img loading=\"lazy\" decoding=\"async\" class=\"size-medium wp-image-102324 alignleft\" src=\"http:\/\/www.radiopiu.net\/wordpress\/wp-content\/uploads\/2019\/10\/69721803-869c-4860-ba3e-bd89d852f0b5-300x225.jpg\" alt=\"\" width=\"300\" height=\"225\" srcset=\"https:\/\/www.radiopiu.net\/wordpress\/wp-content\/uploads\/2019\/10\/69721803-869c-4860-ba3e-bd89d852f0b5-300x225.jpg 300w, https:\/\/www.radiopiu.net\/wordpress\/wp-content\/uploads\/2019\/10\/69721803-869c-4860-ba3e-bd89d852f0b5-768x576.jpg 768w, https:\/\/www.radiopiu.net\/wordpress\/wp-content\/uploads\/2019\/10\/69721803-869c-4860-ba3e-bd89d852f0b5-1024x768.jpg 1024w, https:\/\/www.radiopiu.net\/wordpress\/wp-content\/uploads\/2019\/10\/69721803-869c-4860-ba3e-bd89d852f0b5.jpg 1600w\" sizes=\"auto, (max-width: 300px) 100vw, 300px\" \/><\/a>TAIBON<\/strong> Un paio di volontari hanno raccolto sacchi di immondizie gettatI verso il greto del Cordevole dai passanti in corsa. Proprio difronte alla caserma dei vigili del fuoco sulla strada che da Taibon porta allo stabilimento Luxottica. C&#8217;era di tutto:\u00a0 le lattine e il vetro\u00a0 sono state portate\u00a0 in discarica\u00a0 mentre pannolini e tutto il resto sono a bordo strada.<\/p>\n<p>&nbsp;<\/p>\n<p><a class=\"dt-pswp-item\" href=\"http:\/\/www.radiopiu.net\/wordpress\/wp-content\/uploads\/2019\/10\/80c1c9bb-cde2-491e-bd8d-10c57f3cb608.jpg\" data-dt-img-description=\"\" data-large_image_width=\"1600\" data-large_image_height=\"1200\"><img loading=\"lazy\" decoding=\"async\" class=\"alignnone wp-image-102328\" src=\"http:\/\/www.radiopiu.net\/wordpress\/wp-content\/uploads\/2019\/10\/80c1c9bb-cde2-491e-bd8d-10c57f3cb608-300x225.jpg\" alt=\"\" width=\"242\" height=\"181\" srcset=\"https:\/\/www.radiopiu.net\/wordpress\/wp-content\/uploads\/2019\/10\/80c1c9bb-cde2-491e-bd8d-10c57f3cb608-300x225.jpg 300w, https:\/\/www.radiopiu.net\/wordpress\/wp-content\/uploads\/2019\/10\/80c1c9bb-cde2-491e-bd8d-10c57f3cb608-768x576.jpg 768w, https:\/\/www.radiopiu.net\/wordpress\/wp-content\/uploads\/2019\/10\/80c1c9bb-cde2-491e-bd8d-10c57f3cb608-1024x768.jpg 1024w, https:\/\/www.radiopiu.net\/wordpress\/wp-content\/uploads\/2019\/10\/80c1c9bb-cde2-491e-bd8d-10c57f3cb608.jpg 1600w\" sizes=\"auto, (max-width: 242px) 100vw, 242px\" \/><\/a><a class=\"dt-pswp-item\" href=\"http:\/\/www.radiopiu.net\/wordpress\/wp-content\/uploads\/2019\/10\/87194d46-5e88-49aa-ad44-ecc4b5ef98f3.jpg\" data-dt-img-description=\"\" data-large_image_width=\"1200\" data-large_image_height=\"1600\"><img loading=\"lazy\" decoding=\"async\" class=\"alignnone wp-image-102325\" src=\"http:\/\/www.radiopiu.net\/wordpress\/wp-content\/uploads\/2019\/10\/87194d46-5e88-49aa-ad44-ecc4b5ef98f3-225x300.jpg\" alt=\"\" width=\"137\" height=\"183\" srcset=\"https:\/\/www.radiopiu.net\/wordpress\/wp-content\/uploads\/2019\/10\/87194d46-5e88-49aa-ad44-ecc4b5ef98f3-225x300.jpg 225w, https:\/\/www.radiopiu.net\/wordpress\/wp-content\/uploads\/2019\/10\/87194d46-5e88-49aa-ad44-ecc4b5ef98f3-768x1024.jpg 768w, https:\/\/www.radiopiu.net\/wordpress\/wp-content\/uploads\/2019\/10\/87194d46-5e88-49aa-ad44-ecc4b5ef98f3.jpg 1200w\" sizes=\"auto, (max-width: 137px) 100vw, 137px\" \/><\/a><a class=\"dt-pswp-item\" href=\"http:\/\/www.radiopiu.net\/wordpress\/wp-content\/uploads\/2019\/10\/69721803-869c-4860-ba3e-bd89d852f0b5.jpg\" data-dt-img-description=\"\" data-large_image_width=\"1600\" data-large_image_height=\"1200\"><img loading=\"lazy\" decoding=\"async\" class=\"alignnone wp-image-102324\" src=\"http:\/\/www.radiopiu.net\/wordpress\/wp-content\/uploads\/2019\/10\/69721803-869c-4860-ba3e-bd89d852f0b5-300x225.jpg\" alt=\"\" width=\"243\" height=\"181\" srcset=\"https:\/\/www.radiopiu.net\/wordpress\/wp-content\/uploads\/2019\/10\/69721803-869c-4860-ba3e-bd89d852f0b5-300x225.jpg 300w, https:\/\/www.radiopiu.net\/wordpress\/wp-content\/uploads\/2019\/10\/69721803-869c-4860-ba3e-bd89d852f0b5-768x576.jpg 768w, https:\/\/www.radiopiu.net\/wordpress\/wp-content\/uploads\/2019\/10\/69721803-869c-4860-ba3e-bd89d852f0b5-1024x768.jpg 1024w, https:\/\/www.radiopiu.net\/wordpress\/wp-content\/uploads\/2019\/10\/69721803-869c-4860-ba3e-bd89d852f0b5.jpg 1600w\" sizes=\"auto, (max-width: 243px) 100vw, 243px\" \/><\/a><\/p>\n<blockquote><p><em>ultim&#8217;ora:<\/em><br \/>\n<em>STAMANE L&#8217;AGENTE DI POLIZIA LOCALE GILBERTO FOSSEN CON GLI OPERAI COMUNALI E&#8217; INTERVENUTO PER ASPORTARE I RIFIUTI CHE SI VEDONO IN QUESTE FOTO: &#8220;Abbiamo aspettato stamattina &#8211; spiegano dal Comune &#8211; con a disposizione gli operai, soprattutto con l&#8217;ecocentro aperto&#8221;\u00a0<\/em><\/p><\/blockquote>\n<p>&nbsp;<\/p>\n<p>&nbsp;<\/p>\n<blockquote><p><strong>LE FOTO DEL GIORNO DI MANUEL CONEDERA, NOTTE DAL COL DI LUNA. LUCI SULLA CONCA AGORDINA E NOTTE AL RIFUGIO SCARPA<\/strong><\/p><\/blockquote>\n<p><a class=\"dt-pswp-item\" href=\"http:\/\/www.radiopiu.net\/wordpress\/wp-content\/uploads\/2019\/10\/6bcfac1e-7364-4179-b16b-3287cc87ab65.jpg\" data-dt-img-description=\"\" data-large_image_width=\"1600\" data-large_image_height=\"1068\"><img loading=\"lazy\" decoding=\"async\" class=\"alignnone size-medium wp-image-102340\" src=\"http:\/\/www.radiopiu.net\/wordpress\/wp-content\/uploads\/2019\/10\/6bcfac1e-7364-4179-b16b-3287cc87ab65-300x200.jpg\" alt=\"\" width=\"300\" height=\"200\" srcset=\"https:\/\/www.radiopiu.net\/wordpress\/wp-content\/uploads\/2019\/10\/6bcfac1e-7364-4179-b16b-3287cc87ab65-300x200.jpg 300w, https:\/\/www.radiopiu.net\/wordpress\/wp-content\/uploads\/2019\/10\/6bcfac1e-7364-4179-b16b-3287cc87ab65-768x513.jpg 768w, https:\/\/www.radiopiu.net\/wordpress\/wp-content\/uploads\/2019\/10\/6bcfac1e-7364-4179-b16b-3287cc87ab65-1024x684.jpg 1024w, https:\/\/www.radiopiu.net\/wordpress\/wp-content\/uploads\/2019\/10\/6bcfac1e-7364-4179-b16b-3287cc87ab65.jpg 1600w\" sizes=\"auto, (max-width: 300px) 100vw, 300px\" \/><\/a><a class=\"dt-pswp-item\" href=\"http:\/\/www.radiopiu.net\/wordpress\/wp-content\/uploads\/2019\/10\/32401a1c-6537-45b4-bb1e-f8c291e5f654.jpg\" data-dt-img-description=\"\" data-large_image_width=\"1600\" data-large_image_height=\"1068\"><img loading=\"lazy\" decoding=\"async\" class=\"alignnone size-medium wp-image-102341\" src=\"http:\/\/www.radiopiu.net\/wordpress\/wp-content\/uploads\/2019\/10\/32401a1c-6537-45b4-bb1e-f8c291e5f654-300x200.jpg\" alt=\"\" width=\"300\" height=\"200\" srcset=\"https:\/\/www.radiopiu.net\/wordpress\/wp-content\/uploads\/2019\/10\/32401a1c-6537-45b4-bb1e-f8c291e5f654-300x200.jpg 300w, https:\/\/www.radiopiu.net\/wordpress\/wp-content\/uploads\/2019\/10\/32401a1c-6537-45b4-bb1e-f8c291e5f654-768x513.jpg 768w, https:\/\/www.radiopiu.net\/wordpress\/wp-content\/uploads\/2019\/10\/32401a1c-6537-45b4-bb1e-f8c291e5f654-1024x684.jpg 1024w, https:\/\/www.radiopiu.net\/wordpress\/wp-content\/uploads\/2019\/10\/32401a1c-6537-45b4-bb1e-f8c291e5f654.jpg 1600w\" sizes=\"auto, (max-width: 300px) 100vw, 300px\" \/><\/a><a class=\"dt-pswp-item\" href=\"http:\/\/www.radiopiu.net\/wordpress\/wp-content\/uploads\/2019\/10\/b0574346-b9b8-4f8d-b78b-94bb3befd1e6.jpg\" data-dt-img-description=\"\" data-large_image_width=\"1600\" data-large_image_height=\"1068\"><img loading=\"lazy\" decoding=\"async\" class=\"alignnone wp-image-102337\" src=\"http:\/\/www.radiopiu.net\/wordpress\/wp-content\/uploads\/2019\/10\/b0574346-b9b8-4f8d-b78b-94bb3befd1e6-300x200.jpg\" alt=\"\" width=\"417\" height=\"278\" srcset=\"https:\/\/www.radiopiu.net\/wordpress\/wp-content\/uploads\/2019\/10\/b0574346-b9b8-4f8d-b78b-94bb3befd1e6-300x200.jpg 300w, https:\/\/www.radiopiu.net\/wordpress\/wp-content\/uploads\/2019\/10\/b0574346-b9b8-4f8d-b78b-94bb3befd1e6-768x513.jpg 768w, https:\/\/www.radiopiu.net\/wordpress\/wp-content\/uploads\/2019\/10\/b0574346-b9b8-4f8d-b78b-94bb3befd1e6-1024x684.jpg 1024w, https:\/\/www.radiopiu.net\/wordpress\/wp-content\/uploads\/2019\/10\/b0574346-b9b8-4f8d-b78b-94bb3befd1e6.jpg 1600w\" sizes=\"auto, (max-width: 417px) 100vw, 417px\" \/><\/a><a class=\"dt-pswp-item\" href=\"http:\/\/www.radiopiu.net\/wordpress\/wp-content\/uploads\/2019\/10\/765760ea-0091-4602-b131-e2b823bee25d.jpg\" data-dt-img-description=\"\" data-large_image_width=\"1068\" data-large_image_height=\"1600\"><img loading=\"lazy\" decoding=\"async\" class=\"alignnone wp-image-102335\" src=\"http:\/\/www.radiopiu.net\/wordpress\/wp-content\/uploads\/2019\/10\/765760ea-0091-4602-b131-e2b823bee25d-200x300.jpg\" alt=\"\" width=\"186\" height=\"279\" srcset=\"https:\/\/www.radiopiu.net\/wordpress\/wp-content\/uploads\/2019\/10\/765760ea-0091-4602-b131-e2b823bee25d-200x300.jpg 200w, https:\/\/www.radiopiu.net\/wordpress\/wp-content\/uploads\/2019\/10\/765760ea-0091-4602-b131-e2b823bee25d-768x1151.jpg 768w, https:\/\/www.radiopiu.net\/wordpress\/wp-content\/uploads\/2019\/10\/765760ea-0091-4602-b131-e2b823bee25d-684x1024.jpg 684w, https:\/\/www.radiopiu.net\/wordpress\/wp-content\/uploads\/2019\/10\/765760ea-0091-4602-b131-e2b823bee25d.jpg 1068w\" sizes=\"auto, (max-width: 186px) 100vw, 186px\" \/><\/a><a class=\"dt-pswp-item\" href=\"http:\/\/www.radiopiu.net\/wordpress\/wp-content\/uploads\/2019\/10\/3c6decf3-7dfe-4d50-bdf7-ee4366ff1cd2.jpg\" data-dt-img-description=\"\" data-large_image_width=\"1066\" data-large_image_height=\"1600\"><img loading=\"lazy\" decoding=\"async\" class=\"alignnone wp-image-102339\" src=\"http:\/\/www.radiopiu.net\/wordpress\/wp-content\/uploads\/2019\/10\/3c6decf3-7dfe-4d50-bdf7-ee4366ff1cd2-200x300.jpg\" alt=\"\" width=\"262\" height=\"393\" srcset=\"https:\/\/www.radiopiu.net\/wordpress\/wp-content\/uploads\/2019\/10\/3c6decf3-7dfe-4d50-bdf7-ee4366ff1cd2-200x300.jpg 200w, https:\/\/www.radiopiu.net\/wordpress\/wp-content\/uploads\/2019\/10\/3c6decf3-7dfe-4d50-bdf7-ee4366ff1cd2-768x1153.jpg 768w, https:\/\/www.radiopiu.net\/wordpress\/wp-content\/uploads\/2019\/10\/3c6decf3-7dfe-4d50-bdf7-ee4366ff1cd2-682x1024.jpg 682w, https:\/\/www.radiopiu.net\/wordpress\/wp-content\/uploads\/2019\/10\/3c6decf3-7dfe-4d50-bdf7-ee4366ff1cd2.jpg 1066w\" sizes=\"auto, (max-width: 262px) 100vw, 262px\" \/><\/a><a class=\"dt-pswp-item\" href=\"http:\/\/www.radiopiu.net\/wordpress\/wp-content\/uploads\/2019\/10\/ca28ee92-28bf-4c6e-82b5-0ee93036cd3f.jpg\" data-dt-img-description=\"\" data-large_image_width=\"1068\" data-large_image_height=\"1600\"><img loading=\"lazy\" decoding=\"async\" class=\"alignnone wp-image-102338\" src=\"http:\/\/www.radiopiu.net\/wordpress\/wp-content\/uploads\/2019\/10\/ca28ee92-28bf-4c6e-82b5-0ee93036cd3f-200x300.jpg\" alt=\"\" width=\"264\" height=\"396\" srcset=\"https:\/\/www.radiopiu.net\/wordpress\/wp-content\/uploads\/2019\/10\/ca28ee92-28bf-4c6e-82b5-0ee93036cd3f-200x300.jpg 200w, https:\/\/www.radiopiu.net\/wordpress\/wp-content\/uploads\/2019\/10\/ca28ee92-28bf-4c6e-82b5-0ee93036cd3f-768x1151.jpg 768w, https:\/\/www.radiopiu.net\/wordpress\/wp-content\/uploads\/2019\/10\/ca28ee92-28bf-4c6e-82b5-0ee93036cd3f-684x1024.jpg 684w, https:\/\/www.radiopiu.net\/wordpress\/wp-content\/uploads\/2019\/10\/ca28ee92-28bf-4c6e-82b5-0ee93036cd3f.jpg 1068w\" sizes=\"auto, (max-width: 264px) 100vw, 264px\" \/><\/a><\/p>\n<p>&nbsp;<\/p>\n<p>&nbsp;<\/p>\n<p>&nbsp;<\/p>\n<p>&nbsp;<\/p>\n<h3>CACCIATORE MUORE COLTO DA MALORE<\/h3>\n<p><strong>DOMEGGE DI CADORE<\/strong> Erano da poco passate le 5 del mattino quando\u00a0 la Centrale del 118 \u00e8 stata allertata dal figlio di un cacciatore colto da malore in una zona tra il Rifugio Baion e il Ciareido, sulle Marmarole. Ricevute le coordinate una decina di soccorritori ha raggiunto l&#8217;uomo esanime, poco sotto il sentiero, ed \u00e8 subentrata al figlio nelle manovre per tentare di rianimarlo, finch\u00e9 alle 6.45 \u00e8 sopraggiunto il Pelikan 2, che ha sbarcato l&#8217;equipe medica e il tecnico di elisoccorso. E&#8217; stato chiamato l&#8217;elicottero alto atesino, nonostante la vicinanza con il Suem di Pieve di Cadore, perch\u00e9 il Falco bellunese non \u00e8 ancora sdoganato per il voluto notturno.\u00a0 Purtroppo a nulla sono valse le manovre messe in atto e il medico ha purtroppo potuto solamente constatare il decesso di Remigio Calligaro, 64 anni, di Lozzo di Cadore. Ottenuto il nulla osta dalla magistratura per la rimozione, la salma ricomposta e imbarellata \u00e8 stata trasportata con il verricello dall&#8217;eliambulanza al Rifugio Baion, da dove i soccorritori l&#8217;hanno poi accompagnata alla strada per affidarla al carro funebre.<\/p>\n<p><b><span style=\"font-family: Calibri;\">MORTE CALLIGARO \u2013 NOTA DI CORDOGLIO DI CONFINDUSTRIA BELLUNO DOLOMITI: \u201cHA RAPPRESENTATO IL CUORE DELL\u2019OCCHIALERIA CADORINA\u201d<\/span><\/b><\/p>\n<p><span style=\"color: #000000; font-family: Calibri;\">Confindustria Belluno Dolomiti esprime cordoglio per la tragica scomparsa di Remigio Calligaro, colto da malore nella tarda mattinata di oggi sulle Marmarole. <\/span><span style=\"color: #000000; font-family: Calibri;\">\u201cCalligaro\u201d, ricorda la presidente Lorraine Berton, \u201c\u00e8 stato imprenditore dell\u2019occhiale, per almeno due decenni, con la sua Optital a Lozzo e presidente della Piccola Industria dal 2004 al 2006. Tutti in Associazione lo ricordiamo come un uomo buono, gentile, ma soprattutto un profondo conoscitore del suo territorio\u201d. <\/span><span style=\"color: #000000; font-family: Calibri;\">\u201cHa rappresentato al meglio il cuore dell\u2019occhialeria cadorina e bellunese, conosceva bene le dinamiche del comparto, i problemi e le aspettative delle aziende\u201d. <\/span><span style=\"color: #000000; font-family: Calibri;\">\u201cEsprimo quindi le mie condoglianze alla famiglia e ai suoi conoscenti\u201d, conclude Berton.<\/span><\/p>\n<p>&nbsp;<\/p>\n<h3>ALPINISTA COLPITO DA UN SASSO AL PIEDE<\/h3>\n<p><strong>AGORDO\u00a0<\/strong> Ieri\u00a0 l&#8217;elicottero del Suem di Pieve di Cadore \u00e8 volato all&#8217;uscita del colatoio Bonetti, sulla Pala delle Masenade, per un alpinista colpito da un sasso al piede, mentre si trovava sull&#8217;ultimo tiro della via. Lo scalatore, P.B., 40 anni, di Taibon Agordino (BL), che era riuscito a portarsi in cima col compagno di cordata, \u00e8 stato imbarcato in hovering dal tecnico di elisoccorso e accompagnato all&#8217;ospedale di Agordo per un probabile trauma alla caviglia.<\/p>\n<p>&nbsp;<\/p>\n<h3>RECUPERATI ALPINISTI SULLA GRANDE DI LAVAREDO<\/h3>\n<p><strong>AURONZO\u00a0<\/strong> Domenica\u00a0 sera poco prima delle 20 il Soccorso alpino di Auronzo di Cadore \u00e8 stato allertato dalla Centrale del 118, per una coppia di alpinisti tedeschi che non riusciva a trovare la via di discesa dalla normale alla Grande delle Tre Cime di Lavaredo. Una squadra di sei soccorritori, dopo aver verificato che la coppia, lui 27 anni, lei 25, stava bene, si \u00e8 portata alla partenza della via e in tre hanno raggiunto i due giovani, individuandoli a circa 2.600 metri di quota, grazie ai segnali fatti con le pile, per poi riportarli sull&#8217;itinerario corretto e scendere con loro fino alla macchina. L&#8217;intervento si \u00e8 concluso a mezzanotte.<\/p>\n<p>&nbsp;<\/p>\n<p>&nbsp;<\/p>\n<h3>SCIVOLA SUL GRETO DEL TORRENTE<\/h3>\n<p><strong>BORGOVALBELLUNA\u00a0 <\/strong>Sabatola Centrale del 118 \u00e8 stata allertata da un escursionista, la cui moglie era scivolata sul greto del torrente della Grotta Azzurra. Una squadra del Soccorso alpino di Belluno ha raggiunto la donna, E.G., 63 anni, di Villorba (TV), che aveva riportato la probabile frattura del femore e le ha prestato prima assistenza, mentre sopraggiungeva l&#8217;elicottero del Suem di Pieve di Cadore, che ha sbarcato con un verricello di 40 metri equipe medica e tecnico di elisoccorso. Stabilizzata e imbarellata, l&#8217;infortunata \u00e8 stata spostata in uno spiazzo preventivamente aperto dai soccorritori per facilitare le operazioni di recupero. Imbarcata con una verricellata, la donna \u00e8 stata trasportata all&#8217;ospedale di Belluno.<\/p>\n<p>&nbsp;<\/p>\n<p>&nbsp;<\/p>\n<h3>QUAD IN QUOTA, L&#8217;INCIDENTE<\/h3>\n<p><strong>FALCADE<\/strong> Due feriti in ospedale, si tratta di una doppia di Verona. I due sono usciti fuori strada con il quad\u00a0 nell&#8217;ambito del raduno &#8220;Quad in quota&#8221;. Verso le 15 di sabato\u00a0 N.T., 54anni ha perso il controllo del mezzo, a bordo del quale c&#8217;era anche la moglie 50enne G.A. \u00c8 stato necessario chiamare i soccorsi e sul passo Valles \u00e8 arrivato l&#8217;elicottero del 118. Dopo le prime cure sul posto da parte dei sanitari, il trasporto fino all&#8217;ospedale San Martino di Belluno.L&#8217;uomo ha sofferto un politrauma ed \u00e8 stato ricoverato nel reparto di Ortopedia, mentre per la donna\u00a0 lesione a una gamba.<\/p>\n<p>&nbsp;<\/p>\n<p>&nbsp;<\/p>\n<p>&nbsp;<\/p>\n<div class=\"\" data-block=\"true\" data-editor=\"etbft\" data-offset-key=\"23ejt-0-0\">\n<h3 class=\"_1mf _1mj\" data-offset-key=\"23ejt-0-0\"><span data-offset-key=\"23ejt-0-0\"><a class=\"dt-pswp-item\" href=\"http:\/\/www.radiopiu.net\/wordpress\/wp-content\/uploads\/2019\/10\/photo_2019-10-14_07-03-29logo.jpg\" data-dt-img-description=\"\" data-large_image_width=\"1280\" data-large_image_height=\"960\"><img loading=\"lazy\" decoding=\"async\" class=\"wp-image-102449 alignleft\" src=\"http:\/\/www.radiopiu.net\/wordpress\/wp-content\/uploads\/2019\/10\/photo_2019-10-14_07-03-29logo-300x225.jpg\" alt=\"\" width=\"223\" height=\"167\" srcset=\"https:\/\/www.radiopiu.net\/wordpress\/wp-content\/uploads\/2019\/10\/photo_2019-10-14_07-03-29logo-300x225.jpg 300w, https:\/\/www.radiopiu.net\/wordpress\/wp-content\/uploads\/2019\/10\/photo_2019-10-14_07-03-29logo-768x576.jpg 768w, https:\/\/www.radiopiu.net\/wordpress\/wp-content\/uploads\/2019\/10\/photo_2019-10-14_07-03-29logo-1024x768.jpg 1024w, https:\/\/www.radiopiu.net\/wordpress\/wp-content\/uploads\/2019\/10\/photo_2019-10-14_07-03-29logo.jpg 1280w\" sizes=\"auto, (max-width: 223px) 100vw, 223px\" \/><\/a>QUESTA NOTTE A MEL <\/span><\/h3>\n<\/div>\n<div class=\"\" data-block=\"true\" data-editor=\"etbft\" data-offset-key=\"2tq8i-0-0\">\n<div class=\"_1mf _1mj\" data-offset-key=\"2tq8i-0-0\">I VIGILI DEL FUOCO DI BELLUNO sono intervenuti questa notte intorno alle 3 per recuperare con tecniche saf un cane di taglia medio-piccola finito in un buco di circa 60cm di diametro e profondo circa 4-5mt creatosi nel fienile dei padroni dello stesso.<\/div>\n<\/div>\n<p>&nbsp;<\/p>\n<p>&nbsp;<\/p>\n<p>&nbsp;<\/p>\n<p>&nbsp;<\/p>\n<p>&nbsp;<\/p>\n<p>&nbsp;<\/p>\n<p>&nbsp;<\/p>\n<p>&nbsp;<\/p>\n<h3>LA LEZIONE DI INVESTIMENTO SCOLASTICO, LEZIONE ANTI SPOPOLAMENTO<a class=\"dt-pswp-item\" href=\"http:\/\/www.radiopiu.net\/wordpress\/wp-content\/uploads\/2019\/10\/municipio-Mel.jpg\" data-dt-img-description=\"\" data-large_image_width=\"768\" data-large_image_height=\"421\"><img loading=\"lazy\" decoding=\"async\" class=\"size-medium wp-image-102420 alignleft\" src=\"http:\/\/www.radiopiu.net\/wordpress\/wp-content\/uploads\/2019\/10\/municipio-Mel-300x164.jpg\" alt=\"\" width=\"300\" height=\"164\" srcset=\"https:\/\/www.radiopiu.net\/wordpress\/wp-content\/uploads\/2019\/10\/municipio-Mel-300x164.jpg 300w, https:\/\/www.radiopiu.net\/wordpress\/wp-content\/uploads\/2019\/10\/municipio-Mel.jpg 768w\" sizes=\"auto, (max-width: 300px) 100vw, 300px\" \/><\/a><\/h3>\n<p><strong>AGORDO\u00a0<\/strong> A proposito di scuola, ad Agordo ha fatto discutere per tutto il fine settimana la scelta delle insegnanti di istruire i loro alunni ad entrare in rete e acquistare su Amazon a scapito dell&#8217;economia locale, un dibattito costruttivo sulla pagina facebook di RADIO PIU&#8217; EMITTENTE AGORDINA testimonia umori e malumori di chi ad Agordo ha scelto comunque di vivere e far girare l&#8217;economia locale. Nel nuovo Comune di Borgovalbelluna amministratori attenti decidono intanto di investire sulla scuola.<\/p>\n<p>DAMIANO TORMEN<\/p>\n<audio class=\"wp-audio-shortcode\" id=\"audio-102322-3\" preload=\"none\" style=\"width: 100%;\" controls=\"controls\"><source type=\"audio\/mpeg\" src=\"http:\/\/www.radiopiu.net\/wordpress\/wp-content\/uploads\/2019\/10\/scuola-borgo.mp3?_=3\" \/><a href=\"http:\/\/www.radiopiu.net\/wordpress\/wp-content\/uploads\/2019\/10\/scuola-borgo.mp3\">http:\/\/www.radiopiu.net\/wordpress\/wp-content\/uploads\/2019\/10\/scuola-borgo.mp3<\/a><\/audio>\n<p>&nbsp;<\/p>\n<p>&nbsp;<\/p>\n<p>&nbsp;<\/p>\n<p>&nbsp;<\/p>\n<h3>PROTEZIONE CIVILE, BORTOLUZZI: \u00abLA SOLIDARIETA&#8217; DELLE TUTE FLUO E&#8217; INDISPENSABILE PER IL NOSTRO TERRITORIO\u00bb<\/h3>\n<p><strong><a class=\"dt-pswp-item\" href=\"http:\/\/www.radiopiu.net\/wordpress\/wp-content\/uploads\/2019\/10\/PHOTO-2019-10-13-14-04-54-1.jpg\" data-dt-img-description=\"\" data-large_image_width=\"1200\" data-large_image_height=\"1600\"><img loading=\"lazy\" decoding=\"async\" class=\" wp-image-102385 alignleft\" src=\"http:\/\/www.radiopiu.net\/wordpress\/wp-content\/uploads\/2019\/10\/PHOTO-2019-10-13-14-04-54-1-225x300.jpg\" alt=\"\" width=\"146\" height=\"195\" srcset=\"https:\/\/www.radiopiu.net\/wordpress\/wp-content\/uploads\/2019\/10\/PHOTO-2019-10-13-14-04-54-1-225x300.jpg 225w, https:\/\/www.radiopiu.net\/wordpress\/wp-content\/uploads\/2019\/10\/PHOTO-2019-10-13-14-04-54-1-768x1024.jpg 768w, https:\/\/www.radiopiu.net\/wordpress\/wp-content\/uploads\/2019\/10\/PHOTO-2019-10-13-14-04-54-1.jpg 1200w\" sizes=\"auto, (max-width: 146px) 100vw, 146px\" \/><\/a><a class=\"dt-pswp-item\" href=\"http:\/\/www.radiopiu.net\/wordpress\/wp-content\/uploads\/2019\/10\/PHOTO-2019-10-13-14-04-49.jpg\" data-dt-img-description=\"\" data-large_image_width=\"1600\" data-large_image_height=\"1200\"><img loading=\"lazy\" decoding=\"async\" class=\"wp-image-102381 alignright\" src=\"http:\/\/www.radiopiu.net\/wordpress\/wp-content\/uploads\/2019\/10\/PHOTO-2019-10-13-14-04-49-300x225.jpg\" alt=\"\" width=\"257\" height=\"193\" srcset=\"https:\/\/www.radiopiu.net\/wordpress\/wp-content\/uploads\/2019\/10\/PHOTO-2019-10-13-14-04-49-300x225.jpg 300w, https:\/\/www.radiopiu.net\/wordpress\/wp-content\/uploads\/2019\/10\/PHOTO-2019-10-13-14-04-49-768x576.jpg 768w, https:\/\/www.radiopiu.net\/wordpress\/wp-content\/uploads\/2019\/10\/PHOTO-2019-10-13-14-04-49-1024x768.jpg 1024w, https:\/\/www.radiopiu.net\/wordpress\/wp-content\/uploads\/2019\/10\/PHOTO-2019-10-13-14-04-49.jpg 1600w\" sizes=\"auto, (max-width: 257px) 100vw, 257px\" \/><\/a>BORCA DI CADORE<\/strong> \u00abLa solidariet\u00e0 e l\u2019impegno delle tute fluo sono una forza trainante e indispensabile per il nostro territorio. Lo abbiamo toccato con mano durante i giorni dell\u2019emergenza Vaia; lo vediamo tutti gli anni, dal 2009, a Cancia\u00bb. \u00c8 quanto affermato dal consigliere provinciale Massimo Bortoluzzi, intervenuto\u00a0 a Borca di Cadore, per la consegna degli attestati ai volontari di Protezione Civile che da fine maggio a fine settembre monitorano il canalone della frana. La procedura di monitoraggio \u201cumano\u201d a Cancia avviene da dieci anni, vale a dire da dopo gli eventi tragici del luglio 2009. I volontari, provenienti da tutto il Veneto, si occupano di controllare il canalone e segnalare l\u2019eventuale passaggio di materiale detritico, soprattutto durante i temporali estivi. In caso di emergenza, tocca a loro avvisare il sindaco, per un tempestivo avvio del sistema di allarme. Quest\u2019anno sono stati 36 i gruppi che hanno prestato servizio, per la maggior parte provenienti dalla pianura veneta. Hanno coperto 185 turni di monitoraggio, con 4 persone alla volta; per un totale di 740 volontari impegnati.<\/p>\n<p>&nbsp;<\/p>\n<p><strong>AI MICROFONI DI RADIO PIU&#8217; IL CONSIGLIERE MASSIMO BORTOLUZZI<\/strong><\/p>\n<audio class=\"wp-audio-shortcode\" id=\"audio-102322-4\" preload=\"none\" style=\"width: 100%;\" controls=\"controls\"><source type=\"audio\/mpeg\" src=\"http:\/\/www.radiopiu.net\/wordpress\/wp-content\/uploads\/2019\/10\/Cancia_Massimo-Bortoluzzi.mp3?_=4\" \/><a href=\"http:\/\/www.radiopiu.net\/wordpress\/wp-content\/uploads\/2019\/10\/Cancia_Massimo-Bortoluzzi.mp3\">http:\/\/www.radiopiu.net\/wordpress\/wp-content\/uploads\/2019\/10\/Cancia_Massimo-Bortoluzzi.mp3<\/a><\/audio>\n<p>&nbsp;<\/p>\n<p>&nbsp;<\/p>\n<p>&nbsp;<\/p>\n<p>&nbsp;<\/p>\n<h3>INVESTIMENTI SUL TERRITORIO PER IL TERRITORIO, L&#8217;IDEA DA UN PRIVATO CHE CREDE NELLO SVILUPPO TURISTICO SOTTO AL PELMO<\/h3>\n<p><strong><a class=\"dt-pswp-item\" href=\"http:\/\/www.radiopiu.net\/wordpress\/wp-content\/uploads\/2019\/10\/1620880_10202330474735317_1032749427_n.jpg\" data-dt-img-description=\"\" data-large_image_width=\"155\" data-large_image_height=\"155\"><img loading=\"lazy\" decoding=\"async\" class=\"size-full wp-image-102367 alignleft\" src=\"http:\/\/www.radiopiu.net\/wordpress\/wp-content\/uploads\/2019\/10\/1620880_10202330474735317_1032749427_n.jpg\" alt=\"\" width=\"155\" height=\"155\" srcset=\"https:\/\/www.radiopiu.net\/wordpress\/wp-content\/uploads\/2019\/10\/1620880_10202330474735317_1032749427_n.jpg 155w, https:\/\/www.radiopiu.net\/wordpress\/wp-content\/uploads\/2019\/10\/1620880_10202330474735317_1032749427_n-150x150.jpg 150w\" sizes=\"auto, (max-width: 155px) 100vw, 155px\" \/><\/a>SELVA DI CADORE<\/strong> UIL n bell&#8217;esempio dall&#8217;ex sindaco di Selva di Cadore anche grazie alla collaborazIone dell&#8217;attuale sindaco Silvia Cestar<em>o\u00a0 &#8220;E&#8217; vero &#8211; dice Romanelli &#8211; in un passato non lontano, qualsiasi mia iniziativa \u00e8 stata bloccata, derisa, calpestata da chi ha preceduto questo sindaco&#8221;.\u00a0 <\/em>Romanelli \u00e8 nato a \u00a0Selva di Cadore\u00a0 e da ormai da 50 anni vive a Belluno. A Selva ha la propriet\u00e0, assieme al\u00a0 fratello di un fabbricato\u00a0 trasformato in appartamenti ammobiliati ad uso turistico. <em>&#8220;Gestisco in prima persona questa struttura con piena soddisfazione anche grazie a chi mi aiuta,\u00a0 mia moglie e donne\u00a0 del posto, tutte molto professionali&#8221;. <\/em>Romanelli \u00e8 convinto che i nostri paesi, per continuare a vivere devono essere dotati di servizi, non solo quelli essenziali che il Comune o gli Enti preposti devono fornire,\u00a0 tra l&#8217;altro Selva \u00e8 un Comune di terza fascia escluso ingiustamente dai fondi di confine. Ma ci sono poi\u00a0 anche i servizi che l&#8217;iniziativa privata pu\u00f2 mettere a disposizione sia dei residenti che degli ospiti. Tra questi\u00a0 \u00a0una colonnina\u00a0 enel ad uso pubblico,\u00a0 per la ricarica delle auto elettriche.<em> &#8220;Ho concesso ad Enel\u00a0 &#8211; dice Romanelli &#8211;\u00a0 il mio terreno, pago un contributo per l&#8217;esecuzione delle opere,\u00a0 in cambio di marketing per la mia struttura e indirettamente anche per il paese. Di tale tipo di colonnine ad oggi ce ne sono 96 in Veneto e nessuna in provincia di Belluno; 192 in provincia di Bolzano, 37 in provincia di Trento e quanche migliaio sparse in italia&#8221; <\/em>Ma non finisce qui, a breve\u00a0 Romanelli auspica\u00a0 di realizzare una lavanderia a gettone completamente smart, un armadio Amazon Locker, una casa dell&#8217;acqua per prelevare l&#8217;acqua del Pelmo resa frizzantina o frizzante con contenitori in vetro o appositi senza l&#8217;uso della plastica, un ufficio coworking anche a disposizione delle altre strutture e\/o azinde locali per favorire la formula della\u00a0 &#8220;vacanza-lavoro&#8221; o la sede informatica della propria azienda, un&#8217;altra attivit\u00e0 commerciale legata esclusivamente ai prodotti locali ad es. prodotti del Parco Dolomiti Bellunesi.\u00a0 <em>&#8220;I finanziamenti &#8211; conclude &#8211;\u00a0 non mancano (Provincia,Regione), forse manca l&#8217;iniziativa da parte dei soggetti locali; gli operatori esterni pensano\u00a0 al proprio tornaconto, lamentandosi di ci\u00f2 che non funziona&#8221;.<\/em><\/p>\n<div class=\"su-document su-u-responsive-media-yes\"><iframe loading=\"lazy\" src=\"\/\/docs.google.com\/viewer?embedded=true&url=http:\/\/www.radiopiu.net\/wordpress\/wp-content\/uploads\/2019\/10\/PROGETTO_SELVA_DI_CADORE_RESIDENZA_DOMINO_BL006.pdf\" width=\"320\" height=\"340\" class=\"su-document\" title=\"\"><\/iframe><\/div>\n<p>&nbsp;<\/p>\n<p>&nbsp;<\/p>\n<p>&nbsp;<\/p>\n<h3>PREMIO AL VENETO, REGIONE PI\u00d9 AMATA DAI TURISTI STRANIERI<\/h3>\n<p><strong><a class=\"dt-pswp-item\" href=\"http:\/\/www.radiopiu.net\/wordpress\/wp-content\/uploads\/2019\/02\/259-2019-Ass.-Caner-1.jpg\" data-dt-img-description=\"\" data-large_image_width=\"2000\" data-large_image_height=\"1333\"><img loading=\"lazy\" decoding=\"async\" class=\"size-medium wp-image-76841 alignleft\" src=\"http:\/\/www.radiopiu.net\/wordpress\/wp-content\/uploads\/2019\/02\/259-2019-Ass.-Caner-1-300x200.jpg\" alt=\"\" width=\"300\" height=\"200\" srcset=\"https:\/\/www.radiopiu.net\/wordpress\/wp-content\/uploads\/2019\/02\/259-2019-Ass.-Caner-1-300x200.jpg 300w, https:\/\/www.radiopiu.net\/wordpress\/wp-content\/uploads\/2019\/02\/259-2019-Ass.-Caner-1-768x512.jpg 768w, https:\/\/www.radiopiu.net\/wordpress\/wp-content\/uploads\/2019\/02\/259-2019-Ass.-Caner-1-1024x682.jpg 1024w, https:\/\/www.radiopiu.net\/wordpress\/wp-content\/uploads\/2019\/02\/259-2019-Ass.-Caner-1.jpg 2000w\" sizes=\"auto, (max-width: 300px) 100vw, 300px\" \/><\/a><\/strong><\/p>\n<p><strong>VENEZIA\u00a0<\/strong> Il premio \u201cItalia Destinazione Digitale\u201d come Regione italiana pi\u00f9 amata dai turisti stranieri nel 2019 \u00e8 stato assegnato al Veneto nel corso della manifestazione fieristica TTG Travel Experience in corso a Rimini. Le statistiche descrivono in modo evidente questa parabola quasi costantemente ascendente: dai circa 10 milioni di arrivi turistici totali nel 1997 si \u00e8 giunti quasi 20 milioni nel 2018, registrando un aumento dell\u201988,9% nel ventennio, pari a una crescita media annua del 3,1%. Le presenze turistiche totali sono passate dai 51 milioni del 1997 ai circa 70 milioni del 2018, +35,3%, pari ad una crescita media annua dell\u20191,5%<\/p>\n<p><strong>AI MICROFONI DI RADIO PIU&#8217; L&#8217;ASSESSORE REGIONALE AL TURISMO FEDERICO CANER\u00a0<\/strong><\/p>\n<audio class=\"wp-audio-shortcode\" id=\"audio-102322-5\" preload=\"none\" style=\"width: 100%;\" controls=\"controls\"><source type=\"audio\/mpeg\" src=\"http:\/\/www.radiopiu.net\/wordpress\/wp-content\/uploads\/2019\/10\/CANER.mp3?_=5\" \/><a href=\"http:\/\/www.radiopiu.net\/wordpress\/wp-content\/uploads\/2019\/10\/CANER.mp3\">http:\/\/www.radiopiu.net\/wordpress\/wp-content\/uploads\/2019\/10\/CANER.mp3<\/a><\/audio>\n<p>&nbsp;<\/p>\n<p><strong><a class=\"dt-pswp-item\" href=\"http:\/\/www.radiopiu.net\/wordpress\/wp-content\/uploads\/2019\/10\/1652-2019-turismo-premio-al-Veneto-1-1.jpg\" data-dt-img-description=\"\" data-large_image_width=\"1600\" data-large_image_height=\"1067\"><img loading=\"lazy\" decoding=\"async\" class=\"alignnone wp-image-102219 size-large\" src=\"http:\/\/www.radiopiu.net\/wordpress\/wp-content\/uploads\/2019\/10\/1652-2019-turismo-premio-al-Veneto-1-1-1024x683.jpg\" alt=\"\" width=\"1024\" height=\"683\" srcset=\"https:\/\/www.radiopiu.net\/wordpress\/wp-content\/uploads\/2019\/10\/1652-2019-turismo-premio-al-Veneto-1-1-1024x683.jpg 1024w, https:\/\/www.radiopiu.net\/wordpress\/wp-content\/uploads\/2019\/10\/1652-2019-turismo-premio-al-Veneto-1-1-300x200.jpg 300w, https:\/\/www.radiopiu.net\/wordpress\/wp-content\/uploads\/2019\/10\/1652-2019-turismo-premio-al-Veneto-1-1-768x512.jpg 768w, https:\/\/www.radiopiu.net\/wordpress\/wp-content\/uploads\/2019\/10\/1652-2019-turismo-premio-al-Veneto-1-1.jpg 1600w\" sizes=\"auto, (max-width: 1024px) 100vw, 1024px\" \/><\/a><\/strong><\/p>\n<p><strong>TURISMO. VENETO IL PIU\u2019 AMATO DAGLI STRANIERI NEL 2019. ZAIA, \u201cMERITO DI GRANDI UOMINI E OPERATORI CHE HANNO PORTATO LE NOSTRE BELLEZZE NEL MONDO FIN DA QUANDO VIAGGIAVANO CON LA VALIGIA DI CARTONE E INTERNET NON C\u2019ERA\u201d<\/strong><\/p>\n<p><em>Cos\u00ec il Presidente della Regione Veneto, Luca Zaia, dedica Il premio \u201cItalia Destinazione Digitale\u201d come Regione italiana pi\u00f9 amata dai turisti stranieri nel 2019 assegnato al Veneto nel corso della manifestazione fieristica TTG Travel Experience di Rimini.<\/em><\/p>\n<blockquote><p><em><strong>VENEZIA\u00a0<\/strong>\u201cSono orgoglioso di un primato che dedico ai nostri imprenditori, operatori e lavoratori del turismo. Se questa terra veneta \u00e8 la pi\u00f9 amata dai turisti di tutto il mondo lo si deve a persone lungimiranti che, fin dal dopoguerra, sono andati in giro per il globo a promuovere il Veneto che usciva dalla povert\u00e0 e conosceva l\u2019emigrazione. Abbiamo avuto e abbiamo grandi imprenditori, che hanno cominciato senza internet a viaggiare con la valigia di cartone con dentro le bellezze della loro terra, che hanno creduto nei fenomeni turistici ancor prima che iniziassero con la globalizzazione. Grandi uomini che hanno mantenuto nel sangue lo spirito di Marco Polo e della Repubblica veneta. Da qui, e dalla modernit\u00e0 e capacit\u00e0 degli attuali imprenditori, \u00e8 nato un fenomeno da 70 milioni di presenze l\u2019anno, \u00e8 nata la prima economia del Veneto\u201d.<\/em><\/p><\/blockquote>\n<p><strong>GRAFICO<\/strong><\/p>\n<div class=\"su-document su-u-responsive-media-yes\"><iframe loading=\"lazy\" src=\"\/\/docs.google.com\/viewer?embedded=true&url=http:\/\/www.radiopiu.net\/wordpress\/wp-content\/uploads\/2019\/10\/1652-2019-grafico-turisti-stranieri-e-totale-2.pdf\" width=\"320\" height=\"340\" class=\"su-document\" title=\"\"><\/iframe><\/div>\n<p>&nbsp;<\/p>\n<p>&nbsp;<\/p>\n<p>&nbsp;<\/p>\n<h3>FURIO COLOMBO A MATERA CON CONFINDUSTRIA BELLUNO DOLOMITI PER PARLARE DI ADRIANO OLIVETTI: \u201cNON ERA UTOPIA MA PROGETTO\u201d \u2013 BERTON \u201cCULTURA D\u2019IMPRESA FONDAMENTALE\u201d<\/h3>\n<blockquote><p><strong><a class=\"dt-pswp-item\" href=\"http:\/\/www.radiopiu.net\/wordpress\/wp-content\/uploads\/2019\/10\/colombodue.jpg\" data-dt-img-description=\"\" data-large_image_width=\"1599\" data-large_image_height=\"1200\"><img loading=\"lazy\" decoding=\"async\" class=\" wp-image-102365 alignleft\" src=\"http:\/\/www.radiopiu.net\/wordpress\/wp-content\/uploads\/2019\/10\/colombodue-300x225.jpg\" alt=\"\" width=\"187\" height=\"140\" srcset=\"https:\/\/www.radiopiu.net\/wordpress\/wp-content\/uploads\/2019\/10\/colombodue-300x225.jpg 300w, https:\/\/www.radiopiu.net\/wordpress\/wp-content\/uploads\/2019\/10\/colombodue-768x576.jpg 768w, https:\/\/www.radiopiu.net\/wordpress\/wp-content\/uploads\/2019\/10\/colombodue-1024x768.jpg 1024w, https:\/\/www.radiopiu.net\/wordpress\/wp-content\/uploads\/2019\/10\/colombodue.jpg 1599w\" sizes=\"auto, (max-width: 187px) 100vw, 187px\" \/><\/a>MATERA<\/strong> C\u2019\u00e8 anche un po\u2019 di Belluno nella biografia, a tratti stupefacente, di Furio Colombo, uno dei pi\u00f9 grandi giornalisti e intellettuali italiani, ieri pomeriggio ospite di Confindustria Belluno Dolomiti all\u2019interno della mostra evento \u201c1956-2026, una provincia olimpica\u201d, allestita all\u2019Ipogeo San Francesco di Matera. \u201cNegli anni della seconda guerra mondiale sono scappato da Torino rifugiandomi in casa degli zii a Belluno, dove ho frequentato la prima media. Torino era gi\u00e0 una citt\u00e0 devastata, mentre Belluno non era stata ancora coinvolta; lo sar\u00e0 stata poi come il resto d\u2019Italia. Mi appariva un rifugio benevolo e le montagne mi trasmettevano pace\u201d, ha raccontato Colombo, rivelando cos\u00ec un capitolo quasi inedito della sua esistenza, sempre vissuta da protagonista sia come dirigente in importanti aziende sia come giornalista-testimone di pezzi di storia. Come dimenticare del resto i suoi reportage dall\u2019America? A Matera per\u00f2 Colombo si \u00e8 soffermato su una delle sue prime esperienze professionali, quando \u2013 ancora giovanissimo \u2013 lasci\u00f2 una Rai agli albori per la Olivetti, attirato dalla visione di futuro e di progresso della fabbrica, faro dell\u2019industria italiana del Dopoguerra. Al termine dell\u2019incontro la presidente Berton ha strappato a Colombo l\u2019impegno di tornare a Belluno. \u201cIl pensiero di Olivetti \u00e8 stato lungimirante. In un momento di mancanza di visione \u2013 soprattutto da parte della politica \u2013 \u00e8 un contributo ancora fondamentale\u201d, le parole di Berton, che ha ringraziato Colombo per la testimonianza.<\/p><\/blockquote>\n<p>&nbsp;<\/p>\n<p>&nbsp;<\/p>\n<p>&nbsp;<\/p>\n<h3>IL BENVENUTO AI NUOVI PARROCI<\/h3>\n<p><strong>DI GIANNI SANTOMASO , FOTO FEDERICO COSTA<\/strong><\/p>\n<p><a class=\"dt-pswp-item\" href=\"http:\/\/www.radiopiu.net\/wordpress\/wp-content\/uploads\/2019\/10\/71ae0238-2879-4b13-87df-9e14494d3ac2.jpg\" data-dt-img-description=\"\" data-large_image_width=\"1476\" data-large_image_height=\"984\"><img loading=\"lazy\" decoding=\"async\" class=\"alignnone size-medium wp-image-102361\" src=\"http:\/\/www.radiopiu.net\/wordpress\/wp-content\/uploads\/2019\/10\/71ae0238-2879-4b13-87df-9e14494d3ac2-300x200.jpg\" alt=\"\" width=\"300\" height=\"200\" srcset=\"https:\/\/www.radiopiu.net\/wordpress\/wp-content\/uploads\/2019\/10\/71ae0238-2879-4b13-87df-9e14494d3ac2-300x200.jpg 300w, https:\/\/www.radiopiu.net\/wordpress\/wp-content\/uploads\/2019\/10\/71ae0238-2879-4b13-87df-9e14494d3ac2-768x512.jpg 768w, https:\/\/www.radiopiu.net\/wordpress\/wp-content\/uploads\/2019\/10\/71ae0238-2879-4b13-87df-9e14494d3ac2-1024x683.jpg 1024w, https:\/\/www.radiopiu.net\/wordpress\/wp-content\/uploads\/2019\/10\/71ae0238-2879-4b13-87df-9e14494d3ac2.jpg 1476w\" sizes=\"auto, (max-width: 300px) 100vw, 300px\" \/><\/a><a class=\"dt-pswp-item\" href=\"http:\/\/www.radiopiu.net\/wordpress\/wp-content\/uploads\/2019\/10\/f188fdf7-e001-42dd-a7df-2ef5246c8907.jpg\" data-dt-img-description=\"\" data-large_image_width=\"1476\" data-large_image_height=\"984\"><img loading=\"lazy\" decoding=\"async\" class=\"alignnone size-medium wp-image-102360\" src=\"http:\/\/www.radiopiu.net\/wordpress\/wp-content\/uploads\/2019\/10\/f188fdf7-e001-42dd-a7df-2ef5246c8907-300x200.jpg\" alt=\"\" width=\"300\" height=\"200\" srcset=\"https:\/\/www.radiopiu.net\/wordpress\/wp-content\/uploads\/2019\/10\/f188fdf7-e001-42dd-a7df-2ef5246c8907-300x200.jpg 300w, https:\/\/www.radiopiu.net\/wordpress\/wp-content\/uploads\/2019\/10\/f188fdf7-e001-42dd-a7df-2ef5246c8907-768x512.jpg 768w, https:\/\/www.radiopiu.net\/wordpress\/wp-content\/uploads\/2019\/10\/f188fdf7-e001-42dd-a7df-2ef5246c8907-1024x683.jpg 1024w, https:\/\/www.radiopiu.net\/wordpress\/wp-content\/uploads\/2019\/10\/f188fdf7-e001-42dd-a7df-2ef5246c8907.jpg 1476w\" sizes=\"auto, (max-width: 300px) 100vw, 300px\" \/><\/a><\/p>\n<audio class=\"wp-audio-shortcode\" id=\"audio-102322-6\" preload=\"none\" style=\"width: 100%;\" controls=\"controls\"><source type=\"audio\/mpeg\" src=\"http:\/\/www.radiopiu.net\/wordpress\/wp-content\/uploads\/2019\/10\/GIANNI-PRETI.mp3?_=6\" \/><a href=\"http:\/\/www.radiopiu.net\/wordpress\/wp-content\/uploads\/2019\/10\/GIANNI-PRETI.mp3\">http:\/\/www.radiopiu.net\/wordpress\/wp-content\/uploads\/2019\/10\/GIANNI-PRETI.mp3<\/a><\/audio>\n<p>&nbsp;<\/p>\n<p>&nbsp;<\/p>\n<p>&nbsp;<\/p>\n<p>&nbsp;<\/p>\n<h3>LA RASSEGNA DEI CORI AGORDINI, UN SUCCESSO SOTTO AL CIVETTA<\/h3>\n<p><strong>IL PRESIDENTE DEL CORO ALLEGHESE, ADRIANO LEVIS<\/strong><\/p>\n<audio class=\"wp-audio-shortcode\" id=\"audio-102322-7\" preload=\"none\" style=\"width: 100%;\" controls=\"controls\"><source type=\"audio\/mpeg\" src=\"http:\/\/www.radiopiu.net\/wordpress\/wp-content\/uploads\/2019\/10\/LEVIS.mp3?_=7\" \/><a href=\"http:\/\/www.radiopiu.net\/wordpress\/wp-content\/uploads\/2019\/10\/LEVIS.mp3\">http:\/\/www.radiopiu.net\/wordpress\/wp-content\/uploads\/2019\/10\/LEVIS.mp3<\/a><\/audio>\n<p>&nbsp;<\/p>\n<p><strong><a class=\"dt-pswp-item\" href=\"http:\/\/www.radiopiu.net\/wordpress\/wp-content\/uploads\/2019\/10\/6ca1079a-c711-4e36-9d14-787cd6f78357.jpg\" data-dt-img-description=\"\" data-large_image_width=\"1599\" data-large_image_height=\"1200\"><img loading=\"lazy\" decoding=\"async\" class=\"size-medium wp-image-102318 alignleft\" src=\"http:\/\/www.radiopiu.net\/wordpress\/wp-content\/uploads\/2019\/10\/6ca1079a-c711-4e36-9d14-787cd6f78357-300x225.jpg\" alt=\"\" width=\"300\" height=\"225\" srcset=\"https:\/\/www.radiopiu.net\/wordpress\/wp-content\/uploads\/2019\/10\/6ca1079a-c711-4e36-9d14-787cd6f78357-300x225.jpg 300w, https:\/\/www.radiopiu.net\/wordpress\/wp-content\/uploads\/2019\/10\/6ca1079a-c711-4e36-9d14-787cd6f78357-768x576.jpg 768w, https:\/\/www.radiopiu.net\/wordpress\/wp-content\/uploads\/2019\/10\/6ca1079a-c711-4e36-9d14-787cd6f78357-1024x768.jpg 1024w, https:\/\/www.radiopiu.net\/wordpress\/wp-content\/uploads\/2019\/10\/6ca1079a-c711-4e36-9d14-787cd6f78357.jpg 1599w\" sizes=\"auto, (max-width: 300px) 100vw, 300px\" \/><\/a>ALLEGHE.<\/strong> Ben 43 anni dopo,\u00a0 la rassegna pi\u00f9 famosa del canto corale di montagna \u00e8 ritornata in riva al lago. Correva l&#8217;anno 1976 quando alla prima edizione apr\u00ec le porte l&#8217;allora cinema Esperia in centro al paese. Serata memorabile da tutto esaurito, dentro e fuori la sala. Cantavano i cori, soprattutto l&#8217;Agordino rispondeva con la solita grande solidariet\u00e0 al bisogno di aiuto concreto per le popolazioni terremotate del Friuli Venezia Giulia. Sabato sera nella palestra di Caprile sono stati ricordati quei giorni, dal sindaco di Alleghe Danilo De Toni e dal vice presidente dell&#8217;Unione Montana Siro De Biasio,\u00a0 che hanno introdotto ad una serata fatta di bel canto. Non una competizione, piuttosto la maniera migliore per far conoscere gli sforzi di uomini e donne, le loro serate dedicate alle prove e anche quelle dove portano il marchio agordino a destra ed a manca cantando il territorio. Sul palco <a class=\"dt-pswp-item\" href=\"http:\/\/www.radiopiu.net\/wordpress\/wp-content\/uploads\/2019\/10\/bfa6cfe5-839c-4a43-9701-febae757d5a9.jpg\" data-dt-img-description=\"\" data-large_image_width=\"1440\" data-large_image_height=\"720\"><img loading=\"lazy\" decoding=\"async\" class=\"wp-image-102315 alignright\" src=\"http:\/\/www.radiopiu.net\/wordpress\/wp-content\/uploads\/2019\/10\/bfa6cfe5-839c-4a43-9701-febae757d5a9-300x150.jpg\" alt=\"\" width=\"340\" height=\"169\" srcset=\"https:\/\/www.radiopiu.net\/wordpress\/wp-content\/uploads\/2019\/10\/bfa6cfe5-839c-4a43-9701-febae757d5a9-300x150.jpg 300w, https:\/\/www.radiopiu.net\/wordpress\/wp-content\/uploads\/2019\/10\/bfa6cfe5-839c-4a43-9701-febae757d5a9-768x384.jpg 768w, https:\/\/www.radiopiu.net\/wordpress\/wp-content\/uploads\/2019\/10\/bfa6cfe5-839c-4a43-9701-febae757d5a9-1024x512.jpg 1024w, https:\/\/www.radiopiu.net\/wordpress\/wp-content\/uploads\/2019\/10\/bfa6cfe5-839c-4a43-9701-febae757d5a9.jpg 1440w\" sizes=\"auto, (max-width: 340px) 100vw, 340px\" \/><\/a>coreograficamente ben strutturato con il dipinto di Fabiano Nicolao (2012)\u00a0 il Coro Val Biois di Attilio Costa, gi\u00e0 presente nel 1976 come il Coro Fodom oggi diretto da Lorenzo Vallazza, il coro femminile Col di Lana di\u00a0 Anna Devich e il coro ospitante di Siro De Biasio: Alpino Monte Civetta di Alleghe, entrambi i cori presenti alla rassegna dal 2011 quando abbandonarono il palco il Coro Agordo che con Salvatore Santomaso aveva promosso la prima edizione e il Coro Monte Pelsa di Cencenighe. Per la 44esima edizione dello spettacolo,\u00a0 ospiti eccezionali i giovani di Colle Santa Lucia Musicol di Mattia Troi. Ogni coro si \u00e8 proposto con cinque cante, molte a firma di Bepi De Marzi, l&#8217;immancabile Signore delle Cime \u00e8 stato affidato ai ragazzi di Colle Santa Lucia gi\u00e0 applauditi a Caviola in una serata post vaia a dicembre e voci del brano &#8220;Belluno alza la voce&#8221;. Il Coro femminile del territorio Fodom ha incantato la platea anche con la Pulce d&#8217;acqua scritta da Angelo Branduardi il pi\u00f9 famoso menestrello della musicalit\u00e0 italiana. Toccher\u00e0 al territorio Fodom, tra un anno, ospitare e organizzare l&#8217;edizione del 45ennale.<\/p>\n<p>&nbsp;<\/p>\n<p><a class=\"dt-pswp-item\" href=\"http:\/\/www.radiopiu.net\/wordpress\/wp-content\/uploads\/2019\/10\/72311456_393863731294558_2857210999205789696_n.jpg\" data-dt-img-description=\"\" data-large_image_width=\"960\" data-large_image_height=\"720\"><img loading=\"lazy\" decoding=\"async\" class=\"alignnone wp-image-102311\" src=\"http:\/\/www.radiopiu.net\/wordpress\/wp-content\/uploads\/2019\/10\/72311456_393863731294558_2857210999205789696_n-300x225.jpg\" alt=\"\" width=\"288\" height=\"216\" srcset=\"https:\/\/www.radiopiu.net\/wordpress\/wp-content\/uploads\/2019\/10\/72311456_393863731294558_2857210999205789696_n-300x225.jpg 300w, https:\/\/www.radiopiu.net\/wordpress\/wp-content\/uploads\/2019\/10\/72311456_393863731294558_2857210999205789696_n-768x576.jpg 768w, https:\/\/www.radiopiu.net\/wordpress\/wp-content\/uploads\/2019\/10\/72311456_393863731294558_2857210999205789696_n.jpg 960w\" sizes=\"auto, (max-width: 288px) 100vw, 288px\" \/><\/a> <a class=\"dt-pswp-item\" href=\"http:\/\/www.radiopiu.net\/wordpress\/wp-content\/uploads\/2019\/10\/72335643_397690737790987_6070674434509766656_n.jpg\" data-dt-img-description=\"\" data-large_image_width=\"960\" data-large_image_height=\"720\"><img loading=\"lazy\" decoding=\"async\" class=\"alignnone wp-image-102312\" src=\"http:\/\/www.radiopiu.net\/wordpress\/wp-content\/uploads\/2019\/10\/72335643_397690737790987_6070674434509766656_n-300x225.jpg\" alt=\"\" width=\"285\" height=\"214\" srcset=\"https:\/\/www.radiopiu.net\/wordpress\/wp-content\/uploads\/2019\/10\/72335643_397690737790987_6070674434509766656_n-300x225.jpg 300w, https:\/\/www.radiopiu.net\/wordpress\/wp-content\/uploads\/2019\/10\/72335643_397690737790987_6070674434509766656_n-768x576.jpg 768w, https:\/\/www.radiopiu.net\/wordpress\/wp-content\/uploads\/2019\/10\/72335643_397690737790987_6070674434509766656_n.jpg 960w\" sizes=\"auto, (max-width: 285px) 100vw, 285px\" \/><\/a><a class=\"dt-pswp-item\" href=\"http:\/\/www.radiopiu.net\/wordpress\/wp-content\/uploads\/2019\/10\/72174631_409673903303392_854815740216213504_n.jpg\" data-dt-img-description=\"\" data-large_image_width=\"960\" data-large_image_height=\"720\"><img loading=\"lazy\" decoding=\"async\" class=\"alignnone wp-image-102309\" src=\"http:\/\/www.radiopiu.net\/wordpress\/wp-content\/uploads\/2019\/10\/72174631_409673903303392_854815740216213504_n-300x225.jpg\" alt=\"\" width=\"287\" height=\"216\" srcset=\"https:\/\/www.radiopiu.net\/wordpress\/wp-content\/uploads\/2019\/10\/72174631_409673903303392_854815740216213504_n-300x225.jpg 300w, https:\/\/www.radiopiu.net\/wordpress\/wp-content\/uploads\/2019\/10\/72174631_409673903303392_854815740216213504_n-768x576.jpg 768w, https:\/\/www.radiopiu.net\/wordpress\/wp-content\/uploads\/2019\/10\/72174631_409673903303392_854815740216213504_n.jpg 960w\" sizes=\"auto, (max-width: 287px) 100vw, 287px\" \/><\/a> <a class=\"dt-pswp-item\" href=\"http:\/\/www.radiopiu.net\/wordpress\/wp-content\/uploads\/2019\/10\/71934310_690317461479603_2461406475566710784_n.jpg\" data-dt-img-description=\"\" data-large_image_width=\"960\" data-large_image_height=\"720\"><img loading=\"lazy\" decoding=\"async\" class=\"alignnone wp-image-102308\" src=\"http:\/\/www.radiopiu.net\/wordpress\/wp-content\/uploads\/2019\/10\/71934310_690317461479603_2461406475566710784_n-300x225.jpg\" alt=\"\" width=\"287\" height=\"215\" srcset=\"https:\/\/www.radiopiu.net\/wordpress\/wp-content\/uploads\/2019\/10\/71934310_690317461479603_2461406475566710784_n-300x225.jpg 300w, https:\/\/www.radiopiu.net\/wordpress\/wp-content\/uploads\/2019\/10\/71934310_690317461479603_2461406475566710784_n-768x576.jpg 768w, https:\/\/www.radiopiu.net\/wordpress\/wp-content\/uploads\/2019\/10\/71934310_690317461479603_2461406475566710784_n.jpg 960w\" sizes=\"auto, (max-width: 287px) 100vw, 287px\" \/><\/a><\/p>\n<p>&nbsp;<\/p>\n<p>&nbsp;<\/p>\n<h3>FIERA DEL BESTIAM SUL <span style=\"color: #ff0000;\">BROI<\/span> IL PRATO VERDE DI AGORDO CON LE PREMIAZIONI DEGLI ALLEVATORI E DEL NINO BELOT&#8230;<\/h3>\n<p><strong>DI GIANNI SANTOMASO\u00a0<\/strong><\/p>\n<audio class=\"wp-audio-shortcode\" id=\"audio-102322-8\" preload=\"none\" style=\"width: 100%;\" controls=\"controls\"><source type=\"audio\/mpeg\" src=\"http:\/\/www.radiopiu.net\/wordpress\/wp-content\/uploads\/2019\/10\/GIANNI-BESTIAM.mp3?_=8\" \/><a href=\"http:\/\/www.radiopiu.net\/wordpress\/wp-content\/uploads\/2019\/10\/GIANNI-BESTIAM.mp3\">http:\/\/www.radiopiu.net\/wordpress\/wp-content\/uploads\/2019\/10\/GIANNI-BESTIAM.mp3<\/a><\/audio>\n<p>&nbsp;<\/p>\n<blockquote class=\"wp-embedded-content\" data-secret=\"EIHaDjt5RV\"><p><a href=\"http:\/\/www.radiopiu.net\/wordpress\/una-giornata-alla-fiera-del-bestiam-video-racconto-in-4-parti\/\">UNA GIORNATA ALLA FIERA DEL BESTIAM, VIDEO RACCONTO IN 4 PARTI<\/a><\/p><\/blockquote>\n<p><iframe loading=\"lazy\" title=\"&#8220;UNA GIORNATA ALLA FIERA DEL BESTIAM, VIDEO RACCONTO IN 4 PARTI&#8221; &#8212; Radio Pi\u00f9\" class=\"wp-embedded-content\" sandbox=\"allow-scripts\" security=\"restricted\" style=\"position: absolute; clip: rect(1px, 1px, 1px, 1px);\" src=\"http:\/\/www.radiopiu.net\/wordpress\/una-giornata-alla-fiera-del-bestiam-video-racconto-in-4-parti\/embed\/#?secret=EIHaDjt5RV\" data-secret=\"EIHaDjt5RV\" width=\"600\" height=\"338\" frameborder=\"0\" marginwidth=\"0\" marginheight=\"0\" scrolling=\"no\"><\/iframe><\/p>\n<p>&nbsp;<\/p>\n<p>&nbsp;<\/p>\n<h3>IERI A CENCENIGHE IL RADUNO DEGLI EX EMIGRANTI CON LA FAMIGLIA AGORDINA<br \/>\nFoto Lolly_Loris<\/h3>\n<p><a class=\"dt-pswp-item\" href=\"http:\/\/www.radiopiu.net\/wordpress\/wp-content\/uploads\/2019\/10\/4e1c92a8-a3c2-495f-abf7-fa87ec653599.jpg\" data-dt-img-description=\"\" data-large_image_width=\"1600\" data-large_image_height=\"960\"><img loading=\"lazy\" decoding=\"async\" class=\"alignnone wp-image-102331\" src=\"http:\/\/www.radiopiu.net\/wordpress\/wp-content\/uploads\/2019\/10\/4e1c92a8-a3c2-495f-abf7-fa87ec653599-300x180.jpg\" alt=\"\" width=\"402\" height=\"241\" srcset=\"https:\/\/www.radiopiu.net\/wordpress\/wp-content\/uploads\/2019\/10\/4e1c92a8-a3c2-495f-abf7-fa87ec653599-300x180.jpg 300w, https:\/\/www.radiopiu.net\/wordpress\/wp-content\/uploads\/2019\/10\/4e1c92a8-a3c2-495f-abf7-fa87ec653599-768x461.jpg 768w, https:\/\/www.radiopiu.net\/wordpress\/wp-content\/uploads\/2019\/10\/4e1c92a8-a3c2-495f-abf7-fa87ec653599-1024x614.jpg 1024w, https:\/\/www.radiopiu.net\/wordpress\/wp-content\/uploads\/2019\/10\/4e1c92a8-a3c2-495f-abf7-fa87ec653599.jpg 1600w\" sizes=\"auto, (max-width: 402px) 100vw, 402px\" \/><\/a><a class=\"dt-pswp-item\" href=\"http:\/\/www.radiopiu.net\/wordpress\/wp-content\/uploads\/2019\/10\/15e13553-8df2-4a87-8b4c-c0aa8df5baee.jpg\" data-dt-img-description=\"\" data-large_image_width=\"1600\" data-large_image_height=\"960\"><img loading=\"lazy\" decoding=\"async\" class=\"alignnone wp-image-102330\" src=\"http:\/\/www.radiopiu.net\/wordpress\/wp-content\/uploads\/2019\/10\/15e13553-8df2-4a87-8b4c-c0aa8df5baee-300x180.jpg\" alt=\"\" width=\"400\" height=\"240\" srcset=\"https:\/\/www.radiopiu.net\/wordpress\/wp-content\/uploads\/2019\/10\/15e13553-8df2-4a87-8b4c-c0aa8df5baee-300x180.jpg 300w, https:\/\/www.radiopiu.net\/wordpress\/wp-content\/uploads\/2019\/10\/15e13553-8df2-4a87-8b4c-c0aa8df5baee-768x461.jpg 768w, https:\/\/www.radiopiu.net\/wordpress\/wp-content\/uploads\/2019\/10\/15e13553-8df2-4a87-8b4c-c0aa8df5baee-1024x614.jpg 1024w, https:\/\/www.radiopiu.net\/wordpress\/wp-content\/uploads\/2019\/10\/15e13553-8df2-4a87-8b4c-c0aa8df5baee.jpg 1600w\" sizes=\"auto, (max-width: 400px) 100vw, 400px\" \/><\/a><a class=\"dt-pswp-item\" href=\"http:\/\/www.radiopiu.net\/wordpress\/wp-content\/uploads\/2019\/10\/35ff90f5-7168-464f-9e54-31554b84c8df.jpg\" data-dt-img-description=\"\" data-large_image_width=\"1200\" data-large_image_height=\"1600\"><img loading=\"lazy\" decoding=\"async\" class=\"alignnone wp-image-102329\" src=\"http:\/\/www.radiopiu.net\/wordpress\/wp-content\/uploads\/2019\/10\/35ff90f5-7168-464f-9e54-31554b84c8df-225x300.jpg\" alt=\"\" width=\"181\" height=\"242\" srcset=\"https:\/\/www.radiopiu.net\/wordpress\/wp-content\/uploads\/2019\/10\/35ff90f5-7168-464f-9e54-31554b84c8df-225x300.jpg 225w, https:\/\/www.radiopiu.net\/wordpress\/wp-content\/uploads\/2019\/10\/35ff90f5-7168-464f-9e54-31554b84c8df-768x1024.jpg 768w, https:\/\/www.radiopiu.net\/wordpress\/wp-content\/uploads\/2019\/10\/35ff90f5-7168-464f-9e54-31554b84c8df.jpg 1200w\" sizes=\"auto, (max-width: 181px) 100vw, 181px\" \/><\/a><\/p>\n<p>&nbsp;<\/p>\n<p>&nbsp;<\/p>\n<p>&nbsp;<\/p>\n<h2>Alpago &#8211; incontro con i carabinieri di Belluno &#8211; le truffe, come difendersi<\/h2>\n<p><a class=\"dt-pswp-item\" href=\"http:\/\/www.radiopiu.net\/wordpress\/wp-content\/uploads\/2019\/10\/WhatsApp-Image-2019-10-12-at-09.55.45.jpeg\" data-dt-img-description=\"\" data-large_image_width=\"800\" data-large_image_height=\"600\"><img loading=\"lazy\" decoding=\"async\" class=\"size-medium wp-image-102277 alignleft\" src=\"http:\/\/www.radiopiu.net\/wordpress\/wp-content\/uploads\/2019\/10\/WhatsApp-Image-2019-10-12-at-09.55.45-300x225.jpeg\" alt=\"\" width=\"300\" height=\"225\" srcset=\"https:\/\/www.radiopiu.net\/wordpress\/wp-content\/uploads\/2019\/10\/WhatsApp-Image-2019-10-12-at-09.55.45-300x225.jpeg 300w, https:\/\/www.radiopiu.net\/wordpress\/wp-content\/uploads\/2019\/10\/WhatsApp-Image-2019-10-12-at-09.55.45-768x576.jpeg 768w, https:\/\/www.radiopiu.net\/wordpress\/wp-content\/uploads\/2019\/10\/WhatsApp-Image-2019-10-12-at-09.55.45.jpeg 800w\" sizes=\"auto, (max-width: 300px) 100vw, 300px\" \/><\/a>Nel pomeriggio di venerd\u00ec 11 presso la Sala Placido Fabris a Pieve d&#8217;Alpago si \u00e8 svolto un incontro con la popolazione, in particolare la fascia dei pi\u00f9 anziani, per parlare delle truffe. Presenti circa 80 persone. Il Maggiore Emanuela Cervellera, comandante della compagnia carabinieri di Belluno, ha illustrato svariate tipologie di truffe in cui si pu\u00f2 essere facilmente coinvolti. Dalla truffa del &#8220;finto legale&#8221; alla truffa del &#8220;finto contatore&#8221; nonch\u00e9 le svariate truffe che possono essere proposte &#8220;on line&#8221;. Sono stati dati consigli utili e accorgimenti da tenere per prevenire possibili furti in appartamento e truffe. La popolazione ha risposto con grande entusiasmo e interesse. In collaborazione con la Polizia Locale si \u00e8 affrontato anche il tema del controllo del vicinato.<\/p>\n<p>&nbsp;<\/p>\n<p>&nbsp;<\/p>\n<p>&nbsp;<\/p>\n<p>&nbsp;<\/p>\n<p>&nbsp;<\/p>\n<p>&nbsp;<\/p>\n<p>&nbsp;<\/p>\n<p>&nbsp;<\/p>\n<p>&nbsp;<\/p>\n<p>&nbsp;<\/p>\n<h2>ALTO ADIGE CANCELLATO PER LEGGE, EPPURE BOLZANO E&#8217; ANCORA IN ITALIA<\/h2>\n<p><strong>ROMA<\/strong> \u201cSe da ieri non \u00e8 cambiata la geografia nazionale, mi risulta che Bolzano sia ancora Italia, quindi anche in Alto Adige si devono adeguare alle leggi dello Stato. Siamo stufi di questi atteggiamenti arroganti e\u00a0 prepotenti\u201d: il deputato di Fratelli d&#8217;Italia, Luca De Carlo, si scaglia contro il provvedimento votato dal consiglio provinciale altoatesino che cancella il termine \u201cAlto Adige\u201d, mantenendo invece il tedesco \u201cS\u00fcdtirol\u201d. \u201cQua non si tratta di un semplice intervento sul piano linguistico: c&#8217;\u00e8 un chiaro messaggio politico, che nessuno, ad esclusione di Fratelli<br \/>\nd&#8217;Italia, ha avuto il coraggio di contestare nell&#8217;aula del consiglio provinciale di Bolzano\u201d, sottolinea De Carlo, che ricorda come il provvedimento sia passato con 24 voti favorevoli su 30, con 5 astensioni (tra le quali Partito Democratico e Lega) e l&#8217;unico voto contrario del consigliere FdI Alessandro Urz\u00ec. \u201cIn Italia c&#8217;\u00e8 una Costituzione, la legge suprema del nostro Stato, che vale anche per la provincia di Bolzano, anche se evidentemente a loro non sta bene. A noi non sta bene invece, questo sentimento esplicitamente anti-italiano e la loro autonomia anacronistica, che spesso trasforma Bolzano in uno stato a s\u00e9. Non \u00e8 tollerabile che un Presidente di una provincia italiana dica che il Governo non si \u201cpermetter\u00e0\u201d di impugnare la legge, e che questo<br \/>\nsarebbe \u201cun grave affronto\u201d: se le norme italiane non vengono rispettate, il Governo ha il diritto e il dovere di difenderle, anche senza il permesso degli altoatesini\u201d. \u201cNon gli va bene l&#8217;Italia? Preferiscono l&#8217;Austria, che ormai \u00e8 anche prossima a dare loro la doppia cittadinanza? Benissimo, se ne vadano: ma poi voglio proprio vedere come si troveranno senza pi\u00f9 la loro incredibile autonomia, la possibilit\u00e0 di gestire le risorse economiche prodotte e con un Governo che, al contrario del nostro, non si far\u00e0 certo mettere i piedi in testa. Se l&#8217;Austria vuole dargli i poteri di uno stato, lo faccia; in Italia, questo non \u00e8 accettabile\u201d, conclude De Carlo.<\/p>\n<p>&nbsp;<\/p>\n<p>&nbsp;<\/p>\n<blockquote class=\"wp-embedded-content\" data-secret=\"cZz2HnOkEN\"><p><a href=\"http:\/\/www.radiopiu.net\/wordpress\/il-longaronese-jacopo-tasso-grande-patriota-risorgimentale-di-renato-bona\/\">IL LONGARONESE JACOPO TASSO GRANDE PATRIOTA RISORGIMENTALE di RENATO BONA<\/a><\/p><\/blockquote>\n<p><iframe loading=\"lazy\" title=\"&#8220;IL LONGARONESE JACOPO TASSO GRANDE PATRIOTA RISORGIMENTALE di RENATO BONA&#8221; &#8212; Radio Pi\u00f9\" class=\"wp-embedded-content\" sandbox=\"allow-scripts\" security=\"restricted\" style=\"position: absolute; clip: rect(1px, 1px, 1px, 1px);\" src=\"http:\/\/www.radiopiu.net\/wordpress\/il-longaronese-jacopo-tasso-grande-patriota-risorgimentale-di-renato-bona\/embed\/#?secret=cZz2HnOkEN\" data-secret=\"cZz2HnOkEN\" width=\"600\" height=\"338\" frameborder=\"0\" marginwidth=\"0\" marginheight=\"0\" scrolling=\"no\"><\/iframe><\/p>\n<p>&nbsp;<\/p>\n<p>&nbsp;<\/p>\n<blockquote class=\"wp-embedded-content\" data-secret=\"IyVXgEmpHr\"><p><a href=\"http:\/\/www.radiopiu.net\/wordpress\/la-burocrazia-legislativa-produce-oltre-30-600-pagine-allanno-di-norme-nazionali-e-altre-68-500-a-livello-regionale\/\">LA BUROCRAZIA LEGISLATIVA PRODUCE OLTRE 30.600 PAGINE ALL\u2019ANNO DI NORME NAZIONALI E ALTRE 68.500 A LIVELLO REGIONALE<\/a><\/p><\/blockquote>\n<p><iframe loading=\"lazy\" title=\"&#8220;LA BUROCRAZIA LEGISLATIVA PRODUCE OLTRE 30.600 PAGINE ALL\u2019ANNO DI NORME NAZIONALI E ALTRE 68.500 A LIVELLO REGIONALE&#8221; &#8212; Radio Pi\u00f9\" class=\"wp-embedded-content\" sandbox=\"allow-scripts\" security=\"restricted\" style=\"position: absolute; clip: rect(1px, 1px, 1px, 1px);\" src=\"http:\/\/www.radiopiu.net\/wordpress\/la-burocrazia-legislativa-produce-oltre-30-600-pagine-allanno-di-norme-nazionali-e-altre-68-500-a-livello-regionale\/embed\/#?secret=IyVXgEmpHr\" data-secret=\"IyVXgEmpHr\" width=\"600\" height=\"338\" frameborder=\"0\" marginwidth=\"0\" marginheight=\"0\" scrolling=\"no\"><\/iframe><\/p>\n<p>&nbsp;<\/p>\n<h1><span style=\"color: #ff0000;\">ALLA RADIO<\/span><\/h1>\n<p><iframe loading=\"lazy\" title=\"19 OTTOBRE AD AGORDO CONFERENZA E CONCERTO NEL 160ESIMO DALLA MORTE DI GIOVANNI DE MIN.\" width=\"1200\" height=\"675\" src=\"https:\/\/www.youtube.com\/embed\/wscBUs3YkyE?feature=oembed\" frameborder=\"0\" allow=\"accelerometer; autoplay; encrypted-media; gyroscope; picture-in-picture\" allowfullscreen><\/iframe><\/p>\n<p>&nbsp;<\/p>\n<p>&nbsp;<\/p>\n<p>&nbsp;<\/p>\n<p>&nbsp;<\/p>\n<p>&nbsp;<\/p>\n<p>&nbsp;<\/p>\n<p>&nbsp;<\/p>\n<h3><a class=\"dt-pswp-item\" href=\"http:\/\/www.radiopiu.net\/wordpress\/wp-content\/uploads\/2018\/09\/appuntamenti.jpeg\" data-dt-img-description=\"\" data-large_image_width=\"800\" data-large_image_height=\"100\"><img loading=\"lazy\" decoding=\"async\" class=\"aligncenter wp-image-61958 size-full\" src=\"http:\/\/www.radiopiu.net\/wordpress\/wp-content\/uploads\/2018\/09\/appuntamenti.jpeg\" alt=\"\" width=\"800\" height=\"100\" srcset=\"https:\/\/www.radiopiu.net\/wordpress\/wp-content\/uploads\/2018\/09\/appuntamenti.jpeg 800w, https:\/\/www.radiopiu.net\/wordpress\/wp-content\/uploads\/2018\/09\/appuntamenti-300x38.jpeg 300w, https:\/\/www.radiopiu.net\/wordpress\/wp-content\/uploads\/2018\/09\/appuntamenti-768x96.jpeg 768w\" sizes=\"auto, (max-width: 800px) 100vw, 800px\" \/><\/a><\/h3>\n<p>&nbsp;<\/p>\n<h3><a class=\"dt-pswp-item\" href=\"http:\/\/www.radiopiu.net\/wordpress\/wp-content\/uploads\/2019\/10\/Giampaolo-Manca.jpg\" data-dt-img-description=\"\" data-large_image_width=\"445\" data-large_image_height=\"527\"><img loading=\"lazy\" decoding=\"async\" class=\"size-medium wp-image-102240 alignleft\" src=\"http:\/\/www.radiopiu.net\/wordpress\/wp-content\/uploads\/2019\/10\/Giampaolo-Manca-253x300.jpg\" alt=\"\" width=\"253\" height=\"300\" srcset=\"https:\/\/www.radiopiu.net\/wordpress\/wp-content\/uploads\/2019\/10\/Giampaolo-Manca-253x300.jpg 253w, https:\/\/www.radiopiu.net\/wordpress\/wp-content\/uploads\/2019\/10\/Giampaolo-Manca.jpg 445w\" sizes=\"auto, (max-width: 253px) 100vw, 253px\" \/><\/a>ALLA TARANTOLA LA PRESENTAZIONE DEL LIBRO DEL DOGE<\/h3>\n<p><strong>di Roberto De Nart<\/strong><\/p>\n<div>\n<div><span style=\"font-family: tahoma, arial, helvetica, sans-serif;\"><strong>BELLUNO<\/strong> Giampaolo Manca, detto il Doge, uomo di spicco della Mala del Brenta, sar\u00e0 a Belluno mercoled\u00ec 16 ottobre alle ore 18.30 alla Libreria Tarantola di via Psaro per presentare il\u00a0 libro autobiografico dal titolo &#8220;All&#8217;inferno e ritorno&#8221;. Conduce la serata Roberto De Nart, fondatore di Bellunopress. Oggi Manca \u00e8 un uomo libero perch\u00e9 ha pagato per intero il suo debito con la giustizia, una lunga carcerazione di 36 anni 8 mesi e due giorni\u00a0 di cui 12 anni in isolamento. Per lui il pentimento\u00a0 \u00e8 stato un fatto prettamente personale, che non ha mai utilizzato per avere sconti di pena.\u00a0\u00a0<\/span><\/div>\n<div><span style=\"font-family: tahoma, arial, helvetica, sans-serif;\">Giampaolo Manca \u00e8 nato a Venezia il 26 giugno del 1954 da una famiglia benestante, il padre era un finanziere ricco di famiglia, ma violento, e la madre era proprietaria di due alberghi a Venezia. Un&#8217;infanzia e una giovinezza difficile, dove la violenza ricevuta lo fa diventare ribelle, fino a spingerlo nel mondo della criminalit\u00e0. Furti, rapine, spaccio di droga. Manca diventa un esponente di rilievo della\u00a0 Mala del Brenta, l&#8217;organizzazione criminale che ha insanguinato il Veneto negli anni &#8217;70 e &#8217;80. Oggi Manca \u00e8 un uomo profondamente cambiato, che ha trovato la fede. &#8220;Quel che mi rimane da vivere &#8211; ha dichiarato &#8211; voglio donarlo agli altri. Il mio obbiettivo \u00e8 finanziare, con i proventi della vendita dei miei libri, una casa famiglia per bambini autistici, ragazze madri e giovani che hanno conosciuto il carcere&#8221;.\u00a0<\/span><\/div>\n<\/div>\n<div><\/div>\n<h3>SABATO A TEATRO<\/h3>\n<div><strong>SAN GREGORIO NELLA ALPI<\/strong> Sabato alle 20.45 nella palestra comunale &#8220;Chiave per due&#8221; di John Chapman e Dave Freeman, spettacolo teatrale con la compagnia Fon Teatro di Sovramonte. Regia di Silvano Zeni.<\/div>\n<div><\/div>\n<div><\/div>\n<div><\/div>\n<div><\/div>\n<blockquote>\n<div><\/div>\n<\/blockquote>\n<h3><\/h3>\n<h3>EDUCAZIONE NON VIOLENTA, L&#8217;INCONTRO CON L&#8217;ASSOCIAZIONE DAFNE<\/h3>\n<blockquote>\n<div>\n<div><strong>FELTRE<\/strong> &#8220;<i>Mercoled\u00ec 16 ottobre avr\u00e0 inizio il ciclo di appuntamenti \u201cPer fortuna siamo tutti genitori imperfetti\u201d dedicati a chi \u00e8 stato figlio e\/o ha dei figli.<br \/>\n<\/i><\/div>\n<div><i>Si parler\u00e0 di &#8220;educazione non violenta&#8221; con Maria Agnese Cheli psicologa, psicoterapeuta, responsabile del centro specialistico contro i maltrattamenti all\u2019infanzia \u201cIl Faro\u201d.<br \/>\n<\/i><\/div>\n<div><i>L&#8217;incontro avr\u00e0 luogo il 16 ottobre 2019 a Feltre &#8211; presso la sede Centro Giovani, Palazzina Bonsembiante, Via Borgo Ruga 42\/a &#8211; alle ore 18.30.<\/i><\/div>\n<div><i>Durante gli incontri \u00e8 previsto un servizio di babysitteraggio (prenotazioni al numero 3464981883)<\/i>&#8220;<\/div>\n<\/div>\n<div><\/div>\n<\/blockquote>\n<p>&nbsp;<\/p>\n<h3 align=\"JUSTIFY\">INSIEME PER VINCERE\u00a0 LA FIBROSI CISTICA<\/h3>\n<p><strong><a class=\"dt-pswp-item\" href=\"http:\/\/www.radiopiu.net\/wordpress\/wp-content\/uploads\/2015\/06\/fibrosi-cistica-logo.jpg\" data-dt-img-description=\"\" data-large_image_width=\"300\" data-large_image_height=\"235\"><img loading=\"lazy\" decoding=\"async\" class=\" wp-image-5998 alignleft\" src=\"http:\/\/www.radiopiu.net\/wordpress\/wp-content\/uploads\/2015\/06\/fibrosi-cistica-logo-300x235.jpg\" alt=\"\" width=\"197\" height=\"154\" \/><\/a>BELLUNO<\/strong> Continua la raccolta fondi per il sostegno e la partecipazione della delegazione di Belluno ad un progetto importante da 180 mila euro per l&#8217;Istituto San Raffaele di Milano. L&#8217;obiettivo bellunese \u00e8 di partecipare con una somma di 40 mila euro. I volontari stanno annaffiando le piante di ciclamino che saranno messe in vendita nel fine settimana al costo dnelli 10 euro, in alternativa per chi lo vorr\u00e0 ci sar\u00e0 la pianta di erica.<\/p>\n<blockquote><p><strong>SABATO 19 OTTOBRE<\/strong>\u00a0 In Piazza Pian Dell Feste a Castion (alpini) e in Piazza Papa Luciani a Puos d&#8217;Alpago (volontari)<\/p>\n<p><strong>SABATO 26 OTTOBRE<\/strong> Con gli alpini a Caviola e Falcade\u00a0 (cooperativa); Rocca Pietore e San Tomaso da Maria Teresa Fontanelle.<\/p><\/blockquote>\n<p>&nbsp;<\/p>\n<p>&nbsp;<\/p>\n<p>&nbsp;<\/p>\n<p>&nbsp;<\/p>\n<p>&nbsp;<\/p>\n<p>&nbsp;<\/p>\n<p><strong><a class=\"dt-pswp-item\" href=\"http:\/\/www.radiopiu.net\/wordpress\/wp-content\/uploads\/2018\/09\/viabilita.jpeg\" data-dt-img-description=\"\" data-large_image_width=\"800\" data-large_image_height=\"100\"><img loading=\"lazy\" decoding=\"async\" class=\"wp-image-61954 size-full aligncenter\" src=\"http:\/\/www.radiopiu.net\/wordpress\/wp-content\/uploads\/2018\/09\/viabilita.jpeg\" alt=\"\" width=\"800\" height=\"100\" srcset=\"https:\/\/www.radiopiu.net\/wordpress\/wp-content\/uploads\/2018\/09\/viabilita.jpeg 800w, https:\/\/www.radiopiu.net\/wordpress\/wp-content\/uploads\/2018\/09\/viabilita-300x38.jpeg 300w, https:\/\/www.radiopiu.net\/wordpress\/wp-content\/uploads\/2018\/09\/viabilita-768x96.jpeg 768w\" sizes=\"auto, (max-width: 800px) 100vw, 800px\" \/><\/a><\/strong><\/p>\n<h3><\/h3>\n<h3>PROVINCIALE 346 SAN PELLEGRINO: TRE SENSI UNICI E BREVI INTERRUZIONI<\/h3>\n<p><strong>SAN TOMASO<\/strong> Dal 14 ottobre all&#8217;11 novembre lungo la provinciale 8 tra Pian Molin e Roi senso unico alternato con semaforo. Esclusi giorni festivi e prefestivi<\/p>\n<p><strong>CANALE D&#8217;AGORD<\/strong>O Ai due cantieri per la realizzazione della rete acquedottistica si aggiunge un terzo cantiere in prossimit\u00e0 di Canale d&#8217;Agordo. Veneto Strade ha emesso una precisa ordinanza in vigore fino al 15 ottobre: senso unico alternato regolato da movieri con possibili brevi interruzioni della durata massima di 10 minuti per lavori di esbosco al chilometri 26 E 350 per 100 metri.<br \/>\n<strong>LE DUE PRECEDENTI <\/strong><strong>SP 346 PASSO SAN PELLEGRINO<\/strong>:\u00a0 fino al 6 dicembre senso unico tra Canale d\u2019Agordo e Vallada per esecuzione lavori alla rete acquedottistica;\u00a0 \u00a0dal 7 ottobre al 15 novembre senso unico alternato all\u2019inbocco nord della galleria delle Anime, esclusi i giorni festivi e prefestivi.<\/p>\n<p><strong>PROVINCIALE 347 DEL DURAN E CEREDA<\/strong>: dal 7 al 18 ottobre, sabato e domenica escluso, senso unico alternato per lavori\u00a0 GSP in Val di Zoldo, chilometro 59.<\/p>\n<p><strong>PROVINCIALE 251 VAL DI ZOLDO<\/strong> In localit\u00e0 Colle Santa Lucia fino al 15 ottobre senso unico alternato esclusi sabati e domeniche per singoli tratti, massimo 250 metri.<\/p>\n<p><strong>Regionale 251 Val di Zoldo,<\/strong> Comune di Colle Santa Lucia:\u00a0 senso unico alternato.<\/p>\n<p><strong>Regionale 346 del San<\/strong> Pellegrino Comune di Falcade: fino al 18 ottobre escusi festivi e prefestivi, senso unico alternato.<\/p>\n<p>&nbsp;<\/p>\n<p>&nbsp;<\/p>\n<p>&nbsp;<\/p>\n<p><a class=\"dt-pswp-item\" href=\"http:\/\/www.radiopiu.net\/wordpress\/wp-content\/uploads\/2018\/09\/sport.jpg\" data-dt-img-description=\"\" data-large_image_width=\"800\" data-large_image_height=\"100\"><img loading=\"lazy\" decoding=\"async\" class=\"aligncenter wp-image-60761 size-full\" src=\"http:\/\/www.radiopiu.net\/wordpress\/wp-content\/uploads\/2018\/09\/sport.jpg\" alt=\"\" width=\"800\" height=\"100\" srcset=\"https:\/\/www.radiopiu.net\/wordpress\/wp-content\/uploads\/2018\/09\/sport.jpg 800w, https:\/\/www.radiopiu.net\/wordpress\/wp-content\/uploads\/2018\/09\/sport-300x38.jpg 300w, https:\/\/www.radiopiu.net\/wordpress\/wp-content\/uploads\/2018\/09\/sport-768x96.jpg 768w\" sizes=\"auto, (max-width: 800px) 100vw, 800px\" \/><\/a><\/p>\n<p>&nbsp;<\/p>\n<h3>HOCKEY: SI RITORNA A GIOCARE REGOLARMENTE<\/h3>\n<p>\u00c8 stato diramato ieri sera il comunicato stampa dalla FISG dove si precisa che la federazione e gli arbitri hanno raggiunto un accordo per continuare l&#8217;attivit\u00e0 sportiva a partire dalla prossima giornata.<\/p>\n<p><strong>IL COMUNICATO<\/strong><\/p>\n<p>La Federazione Italiana Sport del Ghiaccio con soddisfazione comunica che, alla luce del buon esito della riunione intercorsa ieri tra i vertici federali e il direttivo del Gruppo Arbitri Hockey Ghiaccio, gli arbitri hanno dato la loro disponibilit\u00e0 a tornare a dirigere le gare dei campionati di hockey ghiaccio i quali, pertanto, potranno fin da subito riprendere il loro regolare svolgimento. Fondamentale l\u2019incontro tra le parti che ha permesso di trovare un accordo sulle problematiche economiche evidenziate dal GAHG nonch\u00e9 la comune volont\u00e0 di dar vita ad un importante piano di crescita e sviluppo dell\u2019intera classe arbitrale. Questi, in estrema sintesi e per punti, gli accordi condivisi nell\u2019incontro di ieri da ambo le parti: \u2013 FISG e GAHG concordano sulla necessit\u00e0 di un ampio programma di rinnovamento del gruppo arbitrale. Un progetto che preveda, tra le altre cose, aggiornamenti costanti, confronti con consulenti ed esperti riconosciuti a livello internazionale, una sempre pi\u00f9 idonea preparazione fisica e una valida e comprovata conoscenza tecnica. Un piano che contempli anche il supporto costante della IIHF. \u2013 FISG si impegna fin da subito a porre rimedio alle problematiche emerse in tema di messa a disposizione di materiale tecnico per tutti gli arbitri con particolare riferimento alle nuove leve, cos\u00ec come di tempestivit\u00e0 dei rimborsi spese grazie a tempistiche pi\u00f9 chiare e definite. Su quest\u2019ultimo punto i vertici federali chiedono altres\u00ec al Gruppo Arbitri un progetto che consenta un risparmio delle spese di trasferta tramite una pi\u00f9 efficace distribuzione territoriale degli arbitri a disposizione. \u2013 FISG si impegna, a partire dal 1 gennaio 2020, ad adeguare le diarie degli arbitri secondo quanto richiesto dal GAHG relativamente ai campionati giovanili. \u2013 FISG, come concordato con il GAHG, prima dell\u2019inizio dei campionati sportivi senior 2020-21 aprir\u00e0 un tavolo di discussione insieme alle societ\u00e0 per presentare il nuovo progetto di sviluppo della classe arbitrale con annessa proposta di presa in carico dei costi necessari ad adeguare le diarie degli arbitri come da richiesta del GAHG. \u2013 FISG e GAHG si impegnano a migliorare i loro flussi di informazione in modo da cooperare in maniera sempre pi\u00f9 puntuale ed efficace. \u201cSiamo molto soddisfatti di come \u00e8 andata la riunione e soprattutto del fatto che i campionati possano ripartire fin da subito. Ringrazio il direttivo del GAHG per come ha gestito la situazione e ringrazio le societ\u00e0 che in questo week-end si sono adoperate per far disputare le partite dei campionati giovanili \u2013 le parole del presidente FISG, Andrea Gios -. Sono dispiaciuto per i disguidi occorsi negli ultimi giorni ma soprattutto sono felice di ripartire con rinnovato entusiasmo e con la convinzione che siano state messe le basi per avviare un grande processo di rinnovamento del settore arbitrale da cui trarr\u00e0 beneficio l\u2019intero movimento dell\u2019hockey italiano\u201d.<\/p>\n<p>&nbsp;<\/p>\n<p>&nbsp;<\/p>\n<p>&nbsp;<\/p>\n<p>&nbsp;<\/p>\n<p>&nbsp;<\/p>\n<h3>HOCKEY SU GHIACCIO IHL,\u00a0 LA RIUNIONE DI PESCHIERA IERI ALLA RADIO<\/h3>\n<p><a class=\"dt-pswp-item\" href=\"http:\/\/www.radiopiu.net\/wordpress\/wp-content\/uploads\/2019\/10\/ARBITRO-HOCKEY.jpeg\" data-dt-img-description=\"\" data-large_image_width=\"399\" data-large_image_height=\"400\"><img loading=\"lazy\" decoding=\"async\" class=\" wp-image-101973 alignleft\" src=\"http:\/\/www.radiopiu.net\/wordpress\/wp-content\/uploads\/2019\/10\/ARBITRO-HOCKEY-300x300.jpeg\" alt=\"\" width=\"149\" height=\"149\" srcset=\"https:\/\/www.radiopiu.net\/wordpress\/wp-content\/uploads\/2019\/10\/ARBITRO-HOCKEY-300x300.jpeg 300w, https:\/\/www.radiopiu.net\/wordpress\/wp-content\/uploads\/2019\/10\/ARBITRO-HOCKEY-150x150.jpeg 150w, https:\/\/www.radiopiu.net\/wordpress\/wp-content\/uploads\/2019\/10\/ARBITRO-HOCKEY.jpeg 399w\" sizes=\"auto, (max-width: 149px) 100vw, 149px\" \/><\/a>Le societ\u00e0 partecipanti al Campionato Nazionale IHL, riunitesi a Peschiera, preso atto dell\u2019imbarazzante situazione venutasi a creare in ordine alla mancata disputa delle partite di campionato, ritengono doveroso rilevare quanto segue: la decisione del GAHG di non dare la disponibilit\u00e0 di arbitrare non solo i Campionati senior ma anche i Campionati giovanili, concretizza \u00a0un comportamento grave e lesivo della lealt\u00e0 sportiva che comporta rilevanti ripercussioni economiche per le societ\u00e0 ed un danno di immagine non solo per dette societ\u00e0 ma per l\u2019intero movimento dell\u2019hockey. Anche la classe arbitrale ha l\u2019obbligo di attenersi alle norme comportamentali previste dalle normative della FISG, della quale sono tesserati ed al pari di tutti gli affiliati e tesserati sono anche soggetti alla Giustizia Sportiva; la FISG, allo stato, risulta essere inadempiente al suo obbligo nei confronti delle societ\u00e0, affiliate\u00a0 ed iscritte ai campionati, di garantire il regolare svolgimento dei rispettivi campionati. Ci\u00f2 premesso chiedono che la FISG ponga in essere \u00a0tutti gli interventi necessari affinch\u00e9 sia garantito il regolare svolgimento di tutti i campionati e, comunque, la ripresa del Campionato IHL a partire dal 19.10.2019. In difetto le societ\u00e0 si riservano di adottare le decisioni che riterranno pi\u00f9 opportune, ferma restando la disponibilit\u00e0 a partecipare a qualsiasi incontro che la FISG intendesse convocare al fine di trovare una soluzione\u00a0 che permetta la ripresa dell\u2019attivit\u00e0 su ghiaccio anche dei settori giovanili. Le societ\u00e0 sono contrarie ad accettare qualsiasi richieste di aumenti dei costi arbitrali per la stagione in corso, dato che le stesse sono gi\u00e0 state concordate ed approvate con le NOFA, mentre per le prossime stagioni sono disponibili a discuterne in contraddittorio con la FISG ed il GAHG ma a patto che vi sia un programma di sviluppo e di trasparenza all\u2019interno del Gruppo Arbitri Hockey Ghiaccio.<\/p>\n<h3>LE PRIME DICHIARAZIONI DOPO IL COMUNICATO STAMPA CONGIUNTO DELLE SQUADRE IHL<\/h3>\n<p>Radio Pi\u00f9 ha seguito fin dall&#8217;inizio la vicenda tenendo aggiornati gli ascoltatori, i tifosi e i lettori del sito. Marco Ferrario e Patrick De Silvetro dell&#8217;Alleghe Hockey hanno detto la loro sulla situazione.<\/p>\n<p><strong>MARCO FERRARIO<\/strong><\/p>\n<audio class=\"wp-audio-shortcode\" id=\"audio-102322-9\" preload=\"none\" style=\"width: 100%;\" controls=\"controls\"><source type=\"audio\/mpeg\" src=\"http:\/\/www.radiopiu.net\/wordpress\/wp-content\/uploads\/2019\/10\/MARCO-FERRARIO-ARBITRI.mp3?_=9\" \/><a href=\"http:\/\/www.radiopiu.net\/wordpress\/wp-content\/uploads\/2019\/10\/MARCO-FERRARIO-ARBITRI.mp3\">http:\/\/www.radiopiu.net\/wordpress\/wp-content\/uploads\/2019\/10\/MARCO-FERRARIO-ARBITRI.mp3<\/a><\/audio>\n<p><strong>PATRICK DE SILVESTRO<\/strong><\/p>\n<audio class=\"wp-audio-shortcode\" id=\"audio-102322-10\" preload=\"none\" style=\"width: 100%;\" controls=\"controls\"><source type=\"audio\/mpeg\" src=\"http:\/\/www.radiopiu.net\/wordpress\/wp-content\/uploads\/2019\/10\/PATRICK-DE-SILVESTRO-ARBITRI.mp3?_=10\" \/><a href=\"http:\/\/www.radiopiu.net\/wordpress\/wp-content\/uploads\/2019\/10\/PATRICK-DE-SILVESTRO-ARBITRI.mp3\">http:\/\/www.radiopiu.net\/wordpress\/wp-content\/uploads\/2019\/10\/PATRICK-DE-SILVESTRO-ARBITRI.mp3<\/a><\/audio>\n<h3><\/h3>\n<h3><\/h3>\n<p>&nbsp;<\/p>\n<h3>IL FINE SETTIMANA SPORTIVO SEGUITO DA RADIO PIU&#8217;<\/h3>\n<p class=\"p1\"><span class=\"s1\"><b>CALCIO<\/b><\/span><\/p>\n<p class=\"p1\"><span class=\"s1\"><b>TERZA CATEGORIA<\/b><\/span><\/p>\n<p class=\"p1\"><span class=\"s1\">AGORDINA &#8211; SOIS 4-1<\/span><\/p>\n<p class=\"p1\"><span class=\"s1\">GOL AGORDINA: Cancel, 2 Sibillon, F. De Lazzer<\/span><\/p>\n<p class=\"p1\"><span class=\"s1\">Il big match della quinta giornata va all\u2019Agordina. All\u2019Ivano Dorigo di Agordo la squadra di Lorenzi mette in saccoccia i 3 punti contro un Sois che non aveva mai perso una partita. Una vittoria importante per la classifica e per il morale della squadra che rimane imbattuta dopo 5 partite.<\/span><\/p>\n<p class=\"p1\"><span class=\"s1\">Le squadre si studiano nella prima parte della partita senza creare occasioni. \u00c8 la squadra di Agordo che si scopre per prima e lo fa su punizione ma la conclusione di Fossen finisce addosso all\u2019estremo difensore. Ci prova anche De Lazzer ma il suo colpo di testa termina alto. Al 20\u2019 si sblocca il punteggio. Fa tutto Cancel che si smarca due difensori prima spedire in fondo al sacco il pallone per il vantaggio agordino. Sois che pareggia i conti al 35\u2019 quando alla prima disattenzione difensiva della squadra di Agordo va a segno e la prima frazione termina su l\u20191 a 1. Nella ripresa la squadra di Belluno sembra pi\u00f9 pericolosa. Fa\u00e8 salva il risultato al 55\u2019 deviando in angolo una punizione velenosa. Lorenzi cambia le carte in gioco e con l\u2019ingresso di Sibillon la partita cambia. Lo stesso Sibillon trova il gol del vantaggio al 60\u2019 su assist di Cancel dopo un\u2019azione corale. Ultimi minuti con l\u2019Agordina che trova la terza marcatura della giornata. \u00c8 Flavio De Lazzer che assicura i 3 punti alla squadra di Lorenzi ancora prima che Sibillon, nel recupero, cali il poker per gli agordini.<\/span><\/p>\n<p class=\"p1\"><span class=\"s1\"><b>PRIMA CATEGORIA<\/b><\/span><\/p>\n<p class=\"p1\"><span class=\"s1\">BARBISANO &#8211; FIORI BARP MAS 3-2<\/span><\/p>\n<p class=\"p1\"><span class=\"s1\">GOL FIORI BARP MAS: 2 Da Silva<\/span><\/p>\n<p class=\"p1\"><span class=\"s1\">Zero punti per il Fiori Barp nella trasferta trevigiana contro il Barbisano. La squadra di De Battista passa in vantaggio poi, nella ripresa, subisce la rimonta della squadra di casa. Un match combattuto e deciso a pochi minuti dal termine. <\/span><\/p>\n<p class=\"p1\"><span class=\"s1\">Prima parte di gara senza emozioni. Le squadre rimangono stabili a centrocampo e non si sbilanciano. Nonostante tutto la partita \u00e8 combattuta e alla prima vera azione da gol il Fiori Barp passa in vantaggio con Da Silva al 42\u2019. Nella ripresa i trevigiani pareggiano i conti dopo pochi minuti. Squadra di De Battista che sembra aver accusato il colpo e subisce anche la seconda marcatura della giornata. Si svegliano i ragazzi del Mas che al 68\u2019 pareggiano i conti. Ancora una volta \u00e8 Da Silva a centrare i pali. Nel finale di gara il Barbisano trova il gol del definitivo 3 a 2.<\/span><\/p>\n<p class=\"p1\"><span class=\"s1\"><b>GIOVANILI AGORDINA<\/b><\/span><\/p>\n<p class=\"p1\"><span class=\"s1\"><b>GIOVANISSIMI PROVINCIALI<\/b><\/span><\/p>\n<p class=\"p1\"><span class=\"s1\">FIORI BARP &#8211; AGORDINA 1-5<\/span><\/p>\n<p class=\"p1\"><span class=\"s1\">Continua il momento positivo dell\u2019Agordina che alle Roe di Sedico vince con il Fiori Barp. Squadra di Agordo in vantaggio con una punizione di Daniel Fontanive. Il raddoppio grazie ad un rigore trasformato da Samuel Fontanive. Prima della pausa la terza marcatura a firma di Marchiori ancora da calcio piazzato. A chiudere definitivamente la partita ci ha pensato Luca Tocchetto che con una doppietta porta a 5 i gol per l\u2019Agordina.<\/span><\/p>\n<p class=\"p1\"><span class=\"s1\"><b>ALLIEVI PROVINCIALI<\/b><\/span><\/p>\n<p class=\"p1\"><span class=\"s1\">DYNAMO &#8211; AGORDINA 1-7<\/span><\/p>\n<p class=\"p1\"><span class=\"s1\">Ancora una vittoria larga per l\u2019Agordina Allievi che in terra feltrina sotterra di gol la Dynamo. Bella prestazione degli agordini che sbloccano subito il punteggio con Fa\u00e8 per chiudere la prima frazione in vantaggio 3 a 0 grazie ai gol di Brigadoi e Paolin. Nella ripresa accorcia la Dynamo ma l\u2019Agordina chiude la sfida con altri 2 gol di Fa\u00e8 e le reti di Chiea e Bordon.<\/span><\/p>\n<p class=\"p1\"><span class=\"s1\"><b>JUNIORES PROVINCIALI<\/b><\/span><\/p>\n<p class=\"p1\"><span class=\"s1\">AGORDINA &#8211; DOMEGGE 1-1<\/span><\/p>\n<p class=\"p1\"><span class=\"s1\">Pari e patta all\u2019Ivano Dorigo di Agordo tra Agordina e Domegge. Un gol a testa dopo una partita che ha visto gli agordini sprecare tante occasioni con gli avversari che vanno a segno su l\u2019unico tiro della partita. Al 34\u2019 Domegge in vantaggio. Nella ripresa Paganin pareggia i conti su calcio di rigore. <\/span><\/p>\n<p class=\"p1\"><span class=\"s1\"><b>GIOVANILE SAN GIORGIO<\/b><\/span><\/p>\n<p class=\"p1\"><span class=\"s1\"><b>ALLIEVI REGIONALI<\/b><\/span><\/p>\n<p class=\"p1\"><span class=\"s1\">SAN GIORGIO SEDICO &#8211; PONTE NELLE ALPI 2-1<\/span><\/p>\n<p class=\"p1\"><span class=\"s1\">Il San Giorgio vince il derby regionale contro il Ponte Nelle Alpi. Bella vittoria che da morale alla squadra allenata da Tormen. Ospiti che passano in vantaggio nella prima frazione e padroni di casa che rispondono nella ripresa con una doppietta di De Gol.<\/span><\/p>\n<p class=\"p1\"><span class=\"s1\"><b>ALLIEVI PROVINCIALI<\/b><\/span><\/p>\n<p class=\"p1\"><span class=\"s1\">SAN GIORGIO SEDICO &#8211; ALPAGO 1-2<\/span><\/p>\n<p class=\"p1\"><span class=\"s1\">Il San Giorgio provinciale non riesce ad incamerare punti contro l\u2019Alpago dopo una partita giocata alla pari. Padroni di casa che passano in vantaggio con un tiro da fuori che il portiere sedicense non trattieene. Il pareggio al 38\u2019 in contropiede e la prima frazione termina 1 a 1. Nella ripresa il Sedico rimane in 10 e l\u2019Alpago trova la rete della vittoria.<\/span><\/p>\n<p class=\"p1\"><span class=\"s1\"><b>CAMPIONATI CSI<\/b><\/span><\/p>\n<p class=\"p1\"><span class=\"s1\"><b>OPEN A1<\/b><\/span><\/p>\n<p class=\"p1\"><span class=\"s1\">LE VILLE &#8211; GIARDINI SEDICO 2-1<\/span><\/p>\n<p class=\"p1\"><span class=\"s1\">GOL LE VILLE: Daniel Bogo, Nicola Zuliani<\/span><\/p>\n<p class=\"p1\"><span class=\"s1\"><b>OVER<\/b><\/span><\/p>\n<p class=\"p1\"><span class=\"s1\">LA VALLE &#8211; SOIS 3-0<\/span><\/p>\n<p class=\"p1\"><span class=\"s1\">GOL LA VALLE: Christian De Luca, Gianluca Mezzacasa, Maurizio Troi<\/span><\/p>\n<p class=\"p1\"><span class=\"s1\"><b>HOCKEY<\/b><\/span><\/p>\n<p class=\"p1\"><span class=\"s1\"><b>ITALIAN HOCKEY LEAGUE<\/b><\/span><\/p>\n<p class=\"p1\"><span class=\"s1\">CAMPIONATO FERMO PER PROTESTA ARBITRI<\/span><\/p>\n<p class=\"p1\"><span class=\"s1\"><b>UNDER 19<\/b><\/span><\/p>\n<p class=\"p1\"><span class=\"s1\">CAMPIONATO FERMO PER PROTESTA ARBITRI<\/span><\/p>\n<p class=\"p1\"><span class=\"s1\"><b>UNDER 17 <\/b><\/span><\/p>\n<p class=\"p1\"><span class=\"s1\">CAMPIONATO FERMO PER PROTESTA ARBITRI<\/span><\/p>\n<p class=\"p1\"><span class=\"s1\"><b>UNDER 15<\/b><\/span><\/p>\n<p class=\"p1\"><span class=\"s1\">CAMPIONATO FERMO PER PROTESTA ARBITRI<\/span><\/p>\n<p class=\"p1\"><span class=\"s1\"><b>VOLLEY<\/b><\/span><\/p>\n<p class=\"p1\"><span class=\"s1\">UNDER 16<\/span><\/p>\n<p class=\"p1\"><span class=\"s1\">VOLLEY CLUB AGORDINO &#8211; CODOGNE\u2019 0-3<\/span><\/p>\n<p class=\"p1\"><span class=\"s1\">PARZIALI: 19-25, 18-25, 20-25<\/span><\/p>\n<p class=\"p1\"><span class=\"s1\">Seconda sconfitta consecutiva per il Volley Club Agordino che al Palarova di Agordo non riesce a tenere il passo del Codogn\u00e8. Una partita che, nonostante tutto \u00e8 stata giocata bene dalle ragazze di De Nardin che sono rimaste in partita per tutto il tempo. Trevigiane che, dopo aver vinto il primo parziale, chiudono con un secco 3 a 0 la sfida. Mercoled\u00ec prossimo agordine di nuovo in campo per recuperare la partita contro il Sedico.<\/span><\/p>\n<p>&nbsp;<\/p>\n<p>&nbsp;<\/p>\n<h3>BAR DA ELDA VINCE LA 24 ORE DI SAN MARTINO<\/h3>\n<p>Si \u00e8 corsa questo fine settimana la 24 Ore di San Martino, la gara di corsa a squadre al Polisportivo di Belluno che da 37 anni mette alla prova atleti arrivati da tutta Italia. Dopo la vittoria dell\u2019anno scorso, il Team Alpenplus \u00e8 dovuto arrendersi al Bar Da Elda che ha strappato il traguardo delle 24 ore mettendo a segno 1080 giri della pista d\u2019atletica pari a pi\u00f9 di 436 km totali. 35 le squadre iscritte all\u2019edizione 2019.<\/p>\n<p><strong>AI MICROFONI DI RADIO PIU\u2019 ERWIN RONCHI (TEAM ALPENPLUS)<\/strong><\/p>\n<audio class=\"wp-audio-shortcode\" id=\"audio-102322-11\" preload=\"none\" style=\"width: 100%;\" controls=\"controls\"><source type=\"audio\/mpeg\" src=\"http:\/\/www.radiopiu.net\/wordpress\/wp-content\/uploads\/2019\/10\/ERWIN-RONCHI-24-ORE.mp3?_=11\" \/><a href=\"http:\/\/www.radiopiu.net\/wordpress\/wp-content\/uploads\/2019\/10\/ERWIN-RONCHI-24-ORE.mp3\">http:\/\/www.radiopiu.net\/wordpress\/wp-content\/uploads\/2019\/10\/ERWIN-RONCHI-24-ORE.mp3<\/a><\/audio>\n<h3><\/h3>\n<h3><\/h3>\n<h3><\/h3>\n<h3>CON WILLIAM DA ROIT NEL DESERTO<\/h3>\n<h3><a class=\"dt-pswp-item\" href=\"http:\/\/www.radiopiu.net\/wordpress\/wp-content\/uploads\/2019\/10\/b26d478f-0c2d-450d-b332-09196893b360.jpg\" data-dt-img-description=\"\" data-large_image_width=\"1600\" data-large_image_height=\"1200\"><img loading=\"lazy\" decoding=\"async\" class=\"size-medium wp-image-102289 alignleft\" src=\"http:\/\/www.radiopiu.net\/wordpress\/wp-content\/uploads\/2019\/10\/b26d478f-0c2d-450d-b332-09196893b360-300x225.jpg\" alt=\"\" width=\"300\" height=\"225\" srcset=\"https:\/\/www.radiopiu.net\/wordpress\/wp-content\/uploads\/2019\/10\/b26d478f-0c2d-450d-b332-09196893b360-300x225.jpg 300w, https:\/\/www.radiopiu.net\/wordpress\/wp-content\/uploads\/2019\/10\/b26d478f-0c2d-450d-b332-09196893b360-768x576.jpg 768w, https:\/\/www.radiopiu.net\/wordpress\/wp-content\/uploads\/2019\/10\/b26d478f-0c2d-450d-b332-09196893b360-1024x768.jpg 1024w, https:\/\/www.radiopiu.net\/wordpress\/wp-content\/uploads\/2019\/10\/b26d478f-0c2d-450d-b332-09196893b360.jpg 1600w\" sizes=\"auto, (max-width: 300px) 100vw, 300px\" \/><\/a><\/h3>\n<h3>SECONDO conclusivo\u00a0 COLLEGAMENTO, 12 OTTOBRE ORE 16<\/h3>\n<p>&nbsp;<\/p>\n<p>&nbsp;<\/p>\n<p>&nbsp;<\/p>\n<p>&nbsp;<\/p>\n<p>&nbsp;<\/p>\n<p>&nbsp;<\/p>\n<p>&nbsp;<\/p>\n<p>&nbsp;<\/p>\n<audio class=\"wp-audio-shortcode\" id=\"audio-102322-12\" preload=\"none\" style=\"width: 100%;\" controls=\"controls\"><source type=\"audio\/mpeg\" src=\"http:\/\/www.radiopiu.net\/wordpress\/wp-content\/uploads\/2019\/10\/WILLIAM2.mp3?_=12\" \/><a href=\"http:\/\/www.radiopiu.net\/wordpress\/wp-content\/uploads\/2019\/10\/WILLIAM2.mp3\">http:\/\/www.radiopiu.net\/wordpress\/wp-content\/uploads\/2019\/10\/WILLIAM2.mp3<\/a><\/audio>\n<p>&nbsp;<\/p>\n<p>&nbsp;<\/p>\n<p>https:\/\/www.facebook.com\/100008792911656\/posts\/2949393695363699?sfns=mo<\/p>\n<p>&nbsp;<\/p>\n<p>&nbsp;<\/p>\n<p><a class=\"dt-pswp-item\" href=\"http:\/\/www.radiopiu.net\/wordpress\/wp-content\/uploads\/2018\/09\/WhatsApp-Image-2018-09-20-at-16.04.06.jpeg\" data-dt-img-description=\"\" data-large_image_width=\"800\" data-large_image_height=\"100\"><img loading=\"lazy\" decoding=\"async\" class=\"wp-image-61378 size-full aligncenter\" src=\"http:\/\/www.radiopiu.net\/wordpress\/wp-content\/uploads\/2018\/09\/WhatsApp-Image-2018-09-20-at-16.04.06.jpeg\" alt=\"\" width=\"800\" height=\"100\" srcset=\"https:\/\/www.radiopiu.net\/wordpress\/wp-content\/uploads\/2018\/09\/WhatsApp-Image-2018-09-20-at-16.04.06.jpeg 800w, https:\/\/www.radiopiu.net\/wordpress\/wp-content\/uploads\/2018\/09\/WhatsApp-Image-2018-09-20-at-16.04.06-300x38.jpeg 300w, https:\/\/www.radiopiu.net\/wordpress\/wp-content\/uploads\/2018\/09\/WhatsApp-Image-2018-09-20-at-16.04.06-768x96.jpeg 768w\" sizes=\"auto, (max-width: 800px) 100vw, 800px\" \/><\/a><\/p>\n<p>&nbsp;<\/p>\n<p>&nbsp;<\/p>\n<p><center><b>Lunedi 14<\/b><\/center><b>Tempo atteso: <\/b>Tempo ben soleggiato e stabile con cielo perlopi\u00f9 terso sulle Dolomiti e su gran parte delle Prealpi, eccetto i banchi di nebbia nei fondovalle e sugli altopiani delle suddette, assieme all&#8217;insidia nubi basse a fine giornata. Il clima rimane incredibilmente mite a tutte le quote durante il giorno.<br \/>\n<b>Precipitazioni: <\/b>Assenti (0%).<br \/>\n<b>Temperature: <\/b>Minime in aumento nelle valli, con riduzione dell&#8217;inversione termica notturna; in calo in quota dove saranno osservate alla sera. Massime senza notevoli variazioni rispetto a domenica, salvo lieve calo in alta quota. Sono previsti massimi di 19\/21\u00b0C nelle conche prealpine e di 15\/17\u00b0C a 1000\/1200 m. Su Prealpi a 1500 m min 8\u00b0C max 12\u00b0C, a 2000 m min 6\u00b0C max 9\u00b0C. Su Dolomiti a 2000 m min 5\u00b0C max 10\u00b0C, a 3000 m min 3\u00b0C max 6\u00b0C.<br \/>\n<b>Venti: <\/b>Nelle valli generalmente deboli per brezze, con qualche rinforzo notturno su alcuni settori prealpini; in quota deboli\/moderati da Sud-Ovest, con qualche rinforzo fino a tesi sulle vette dolomitiche pi\u00f9 alte, a 5-10 km\/h a 2000 m, a 20-35 km\/h a 3000 m.<\/p>\n<hr \/>\n<p><center><b>Martedi 15<\/b><\/center><b>Tempo atteso: <\/b>Tratti di sole residui ed aumento della nuvolosit\u00e0, gi\u00e0 al mattino, fino a cielo del tutto coperto, seguito da un moderato peggioramento del tempo nel tardo pomeriggio\/sera. Le precipitazioni saranno in estensione dalle Prealpi occidentali a tutta la montagna veneta entro la tarda sera. Clima diurno un po&#8217; meno mite.<br \/>\n<b>Precipitazioni: <\/b>Assenti al mattino (0%); poi la probabilit\u00e0 aumenter\u00e0 gradualmente per risultare medio-alta nel tardo pomeriggio\/sera (60\/80%) per precipitazioni via via pi\u00f9 diffuse e in intensificazione, anche a carattere di rovescio. La neve cadr\u00e0 oltre i 2700\/2800 m.<br \/>\n<b>Temperature: <\/b>Minime in aumento nelle valli con riduzione dell&#8217;inversione termica notturna, e in calo in quota dove saranno osservate alla sera. Massime in generale contenuta diminuzione soprattutto per deficit di sole. Sono previsti massimi di 16\/17\u00b0C nelle conche prealpine e di 12\/13\u00b0C a 1000\/1200 m. Su Prealpi a 1500 m min 8\u00b0C max 10\u00b0C, a 2000 m min 7\u00b0C max 8\u00b0C. Su Dolomiti a 2000 m min 6\u00b0C max 8\u00b0C, a 3000 m min 1\u00b0C max 2\u00b0C.<br \/>\n<b>Venti: <\/b>Nelle valli generalmente deboli di direzione variabile; in quota moderati\/tesi da Sud-Ovest, a 10-20 km\/h a 2000 m, a 30-45 km\/h a 3000 m.<\/p>\n<hr \/>\n<p><center><b>Mercoledi 16<\/b><\/center>Maltempo notturno con precipitazioni moderate e diffuse, nevose oltre i 2700\/2800 m; in esaurimento entro met\u00e0 mattinata. In giornata il tempo migliorer\u00e0 gradualmente, specie sulle Dolomiti, dove i rasserenamenti saranno prevalenti al pomeriggio. Sulle Prealpi la nuvolosit\u00e0 resiter\u00e0 un po&#8217; di pi\u00f9 con schiarite pi\u00f9 tardive. Temperature in calo con minime alla sera. In quota venti moderati\/tesi dai quadranti meridionali durante la notte, poi in netta attenuazione da Ovest Sud-Ovest; nelle valli deboli di direzione variabile.<\/p>\n<hr \/>\n<p><center><b>Giovedi 17<\/b><\/center>Al primo mattino sole e cielo sereno, Nel corso della mattinata arrivo di nubi alte in grado di velare il cielo, seguite da nubi medio-alte stratiformi capaci di mascherare del tutto il sole dalle ore centrali in poi. La nuvolosit\u00e0 continuer\u00e0 ad intensificarsi fino a sera, ma senza fenomeni. Clima diurno di nuovo pi\u00f9 mite. Venti deboli\/moderati da Ovest Sud-Ovest in quota, a regime di brezza nelle valli. Previsore: R.L.Th.<\/p>\n<hr \/>\n","protected":false},"excerpt":{"rendered":"<p>&nbsp; &nbsp; REGIONALE 203 AGORDINA. CANDATEN. NEI GIORNI\u00a0 DOMANI E MERCOLEDI\u00a0 DALLE 8.15 ALLE 12 E DALLE 13 ALLE 17 INTERRUZIONI ALLA VIABILITA&#8217;, MASSIMO 20 MINUTI PER ISPEZIONE VERSANTI TRA PERON E CANDATEN &nbsp; LAVORI IN VALLE DI SAN LUCANO TAIBON Istituzione di un divieto di transito a tutti i veicoli lungo la strada comunale&hellip;<\/p>\n","protected":false},"author":1,"featured_media":102423,"comment_status":"closed","ping_status":"closed","sticky":false,"template":"","format":"standard","meta":{"_monsterinsights_skip_tracking":false,"_monsterinsights_sitenote_active":false,"_monsterinsights_sitenote_note":"","_monsterinsights_sitenote_category":0,"footnotes":""},"categories":[86],"tags":[],"class_list":["post-102322","post","type-post","status-publish","format-standard","has-post-thumbnail","hentry","category-gr","category-86","description-off"],"img_url":"https:\/\/www.radiopiu.net\/wordpress\/wp-content\/uploads\/2019\/10\/pelikan1c_heli-e1529330054909.jpg","_links":{"self":[{"href":"https:\/\/www.radiopiu.net\/wordpress\/wp-json\/wp\/v2\/posts\/102322","targetHints":{"allow":["GET"]}}],"collection":[{"href":"https:\/\/www.radiopiu.net\/wordpress\/wp-json\/wp\/v2\/posts"}],"about":[{"href":"https:\/\/www.radiopiu.net\/wordpress\/wp-json\/wp\/v2\/types\/post"}],"author":[{"embeddable":true,"href":"https:\/\/www.radiopiu.net\/wordpress\/wp-json\/wp\/v2\/users\/1"}],"replies":[{"embeddable":true,"href":"https:\/\/www.radiopiu.net\/wordpress\/wp-json\/wp\/v2\/comments?post=102322"}],"version-history":[{"count":0,"href":"https:\/\/www.radiopiu.net\/wordpress\/wp-json\/wp\/v2\/posts\/102322\/revisions"}],"wp:featuredmedia":[{"embeddable":true,"href":"https:\/\/www.radiopiu.net\/wordpress\/wp-json\/wp\/v2\/media\/102423"}],"wp:attachment":[{"href":"https:\/\/www.radiopiu.net\/wordpress\/wp-json\/wp\/v2\/media?parent=102322"}],"wp:term":[{"taxonomy":"category","embeddable":true,"href":"https:\/\/www.radiopiu.net\/wordpress\/wp-json\/wp\/v2\/categories?post=102322"},{"taxonomy":"post_tag","embeddable":true,"href":"https:\/\/www.radiopiu.net\/wordpress\/wp-json\/wp\/v2\/tags?post=102322"}],"curies":[{"name":"wp","href":"https:\/\/api.w.org\/{rel}","templated":true}]}}