{"id":102371,"date":"2019-10-14T11:59:00","date_gmt":"2019-10-14T09:59:00","guid":{"rendered":"http:\/\/www.radiopiu.net\/wordpress\/?p=102371"},"modified":"2019-10-14T12:26:48","modified_gmt":"2019-10-14T10:26:48","slug":"larte-di-pettinare-le-bambole-la-paura-di-esporsi","status":"publish","type":"post","link":"https:\/\/www.radiopiu.net\/wordpress\/larte-di-pettinare-le-bambole-la-paura-di-esporsi\/","title":{"rendered":"L&#8217;ARTE DI PETTINARE LE BAMBOLE, LA PAURA\u00a0 DI ESPORSI."},"content":{"rendered":"<h3><\/h3>\n<p><strong><a class=\"dt-pswp-item\" href=\"http:\/\/www.radiopiu.net\/wordpress\/wp-content\/uploads\/2019\/10\/0a4393d6-fc25-4377-ae44-6fbf410100f9.jpg\" data-dt-img-description=\"\" data-large_image_width=\"1296\" data-large_image_height=\"972\"><img loading=\"lazy\" decoding=\"async\" class=\"size-medium wp-image-102332 alignleft\" src=\"http:\/\/www.radiopiu.net\/wordpress\/wp-content\/uploads\/2019\/10\/0a4393d6-fc25-4377-ae44-6fbf410100f9-300x225.jpg\" alt=\"\" width=\"300\" height=\"225\" srcset=\"https:\/\/www.radiopiu.net\/wordpress\/wp-content\/uploads\/2019\/10\/0a4393d6-fc25-4377-ae44-6fbf410100f9-300x225.jpg 300w, https:\/\/www.radiopiu.net\/wordpress\/wp-content\/uploads\/2019\/10\/0a4393d6-fc25-4377-ae44-6fbf410100f9-768x576.jpg 768w, https:\/\/www.radiopiu.net\/wordpress\/wp-content\/uploads\/2019\/10\/0a4393d6-fc25-4377-ae44-6fbf410100f9-1024x768.jpg 1024w, https:\/\/www.radiopiu.net\/wordpress\/wp-content\/uploads\/2019\/10\/0a4393d6-fc25-4377-ae44-6fbf410100f9.jpg 1296w\" sizes=\"auto, (max-width: 300px) 100vw, 300px\" \/><\/a>ALLEGHE<\/strong> C&#8217;era una volta una bella pista ciclabile poi cancellata da Vaia e c&#8217;\u00e8 ancora. Infatti \u00e8 stata risistemata e ben asfaltata, se ricordate abbiamo anche fatto i complimenti a suo tempo a chi c&#8217;ha lavorato per questo nel mega progettone per la ciclabile che verr\u00e0. Poi venne un giorno in cui quell&#8217;asfalto troppo nero stonava con gli alberi ancora a terra sradicati con le loro radici, il tempo in cui i greti dei torrenti rindondavano di ghiaia, sassi, radici e anche immondizie da raccogliere, il tempo in cui le strade presentavano buchi, fosse, semafori, strettoie insuperabili anche con il buon senso, mancanza totale di protezione e via dicendo. Era il tempo in cui i nostri amministratori che il territorio e i suoi problemi lo conoscono a menadito avrebbero voluto togliere un buco nero lungo la 203 agordina, ad Alleghe dopo il Municipio dove la strada si fa stretta e insidiosa. Li&#8217; c&#8217;e&#8217; una casetta da &#8220;spostare&#8221; e i nostri sindaci avevano tutte le intenzioni di farlo, ma chi detiene il potere ha detto &#8220;mettete un semaforo&#8230;&#8221;<br \/>\nMa\u00a0 torniamo a quell&#8217;asfalto nero&#8230; proprio non piaceva\u00a0 ed \u00e8 diventato un problema prioritario nel post emergenza. E fu cosi&#8217; che dai piani alti, dagli esperti dei beni dell&#8217;arte architettonica (cio\u00e8 del nostro bel territorio dove noi siamo nati e cresciuti amando e sopportando le disuguaglianze con la pianura), \u00e8 stato dato l&#8217;ordine: &#8220;bocciardate quell&#8217;asfalto e non importa se s&#8217;alza la polvere, passano i giorni e si contano le ore da pagare&#8221;. Bocciardare significa renderlo simile alla sabbia&#8230;che non sia pi\u00f9 nero ma tendente al bianco, al grigio bianco, neanche minimamente parente comunque all&#8217;enrosadira del Civetta. L&#8217;alternativa era la ghiaia&#8230;.ve l&#8217;immaginate una ciclabile a Milano in ghiaia? Ovviamente non lo stanno facendo i volontari, tutto ha un costo ma finch\u00e8 la borsa dei Fondi di Confine aprir\u00e0 i cordoni si far\u00e0 festa. &#8220;Fin che ghe n\u00e8 via el Re&#8230;co no ghen\u00e8 pi&#8217; viva&#8230;&#8221; lo diceva mio pap\u00e0 con varie sfumature nel finale. Sinceramente a me sembra che i soldi si potrebbero spendere meglio, ma \u00e8 solo un&#8217;ipotesi. Se poi vogliamo fare il raffronto con i vicini dove l&#8217;erba \u00e8 sempre pi\u00f9 verde \u00e8 molto semplice. Presente la ciclabile in asfalto della Val di Fiemme e Val di Fassa? Passano centinaia di turisti e valligiani al giorno, in tutte le stagioni, andate un po&#8217; a dirgli a loro di &#8220;bocciardarla&#8221;, insabbiarla&#8230;. spendere soldi pubblici dei loro in questo caso per modificarla. Come minimo vi ridono in faccia ed \u00e8 sempre la stessa storia&#8230;.Speriamo che l&#8217;asfalto della regionale 203 agordina percorsa da cervi, Morbiacca, volpi, cinghiali, oche e anatre non faccia la stessa fine, che gli esperti a difesa dell&#8217;ambiente non diano l&#8217;ordine di riportarla alla pista sabbiosa perch\u00e9 il nero stona con il verde degli alberi in crescita libera. In quel caso ritornereno al cavallo e alle carrozze?<\/p>\n<blockquote><p><em>A proposito avevano chiesto agli amministratori di prendere posizione, protestare per queste scelte, battere i pugni sul tavolo, visto che i soldi dei Fondi di Confine li gestiscono loro, ma ci hanno detto di no. Preferiscono non esporsi, ho sentito una riluttanza totale, una &#8220;paura&#8221;\u00a0 non so di che cosa, ma sarebbe bello che chi pu\u00f2 indaghi su queste &#8220;paure&#8221; del difendere il nostro patrimonio. Agli amministratori per\u00f2 una domanda la facciamo con la speranza rispondano almeno ai loro elettori visto che a noi non lo faranno mai: quanto coster\u00e0 questa polverosa operazione?\u00a0 <\/em><em>(MM)<\/em><\/p><\/blockquote>\n<h3>DOPO QUESTO ARTICOLO LE REAZIONI SONO ARRIVATE A CATENA<\/h3>\n<p>&nbsp;<\/p>\n<p>&nbsp;<\/p>\n<h3><a class=\"dt-pswp-item\" href=\"http:\/\/www.radiopiu.net\/wordpress\/wp-content\/uploads\/2019\/04\/Rocca-Pietore_Andrea-De-Bernardin.jpg\" data-dt-img-description=\"\" data-large_image_width=\"757\" data-large_image_height=\"1600\"><img loading=\"lazy\" decoding=\"async\" class=\" wp-image-83892 alignleft\" src=\"http:\/\/www.radiopiu.net\/wordpress\/wp-content\/uploads\/2019\/04\/Rocca-Pietore_Andrea-De-Bernardin-142x300.jpg\" alt=\"\" width=\"77\" height=\"163\" srcset=\"https:\/\/www.radiopiu.net\/wordpress\/wp-content\/uploads\/2019\/04\/Rocca-Pietore_Andrea-De-Bernardin-142x300.jpg 142w, https:\/\/www.radiopiu.net\/wordpress\/wp-content\/uploads\/2019\/04\/Rocca-Pietore_Andrea-De-Bernardin-484x1024.jpg 484w, https:\/\/www.radiopiu.net\/wordpress\/wp-content\/uploads\/2019\/04\/Rocca-Pietore_Andrea-De-Bernardin.jpg 757w\" sizes=\"auto, (max-width: 77px) 100vw, 77px\" \/><\/a>L&#8217;ARTE DI PETTINARE LE BAMBOLE, PARTE DUE. intervista esclusiva al sindaco di Rocca Pietore Andrea De Bernardin<\/h3>\n<p><strong>DALLO SPECIALE IN ONDA ALLE 10.00 A RADIO PIU&#8217;<\/strong><\/p>\n<p><strong>di mirko mezzacasa<\/strong><\/p>\n<audio class=\"wp-audio-shortcode\" id=\"audio-102371-1\" preload=\"none\" style=\"width: 100%;\" controls=\"controls\"><source type=\"audio\/mpeg\" src=\"http:\/\/www.radiopiu.net\/wordpress\/wp-content\/uploads\/2019\/10\/ANDREA-DE-BERNARDIN.mp3?_=1\" \/><a href=\"http:\/\/www.radiopiu.net\/wordpress\/wp-content\/uploads\/2019\/10\/ANDREA-DE-BERNARDIN.mp3\">http:\/\/www.radiopiu.net\/wordpress\/wp-content\/uploads\/2019\/10\/ANDREA-DE-BERNARDIN.mp3<\/a><\/audio>\n<p>&nbsp;<\/p>\n<p>&nbsp;<\/p>\n<h3><a class=\"dt-pswp-item\" href=\"http:\/\/www.radiopiu.net\/wordpress\/wp-content\/uploads\/2019\/07\/Dario-Bond.jpg\" data-dt-img-description=\"\" data-large_image_width=\"2449\" data-large_image_height=\"1633\"><img loading=\"lazy\" decoding=\"async\" class=\" wp-image-93051 alignleft\" src=\"http:\/\/www.radiopiu.net\/wordpress\/wp-content\/uploads\/2019\/07\/Dario-Bond-300x200.jpg\" alt=\"\" width=\"176\" height=\"117\" srcset=\"https:\/\/www.radiopiu.net\/wordpress\/wp-content\/uploads\/2019\/07\/Dario-Bond-300x200.jpg 300w, https:\/\/www.radiopiu.net\/wordpress\/wp-content\/uploads\/2019\/07\/Dario-Bond-768x512.jpg 768w, https:\/\/www.radiopiu.net\/wordpress\/wp-content\/uploads\/2019\/07\/Dario-Bond-1024x683.jpg 1024w\" sizes=\"auto, (max-width: 176px) 100vw, 176px\" \/><\/a>L&#8217;ARTE DI PETTINARE LE BAMBOLE, PARTE TRE<\/h3>\n<h3>intervista al deputato Dario Bond<\/h3>\n<h3>di mirko mezzacasa<\/h3>\n<audio class=\"wp-audio-shortcode\" id=\"audio-102371-2\" preload=\"none\" style=\"width: 100%;\" controls=\"controls\"><source type=\"audio\/mpeg\" src=\"http:\/\/www.radiopiu.net\/wordpress\/wp-content\/uploads\/2019\/10\/DARIO-BOND.mp3?_=2\" \/><a href=\"http:\/\/www.radiopiu.net\/wordpress\/wp-content\/uploads\/2019\/10\/DARIO-BOND.mp3\">http:\/\/www.radiopiu.net\/wordpress\/wp-content\/uploads\/2019\/10\/DARIO-BOND.mp3<\/a><\/audio>\n<p>&nbsp;<\/p>\n<p>&nbsp;<\/p>\n<p>&nbsp;<\/p>\n<p><strong><a class=\"dt-pswp-item\" href=\"http:\/\/www.radiopiu.net\/wordpress\/wp-content\/uploads\/2016\/05\/foto_siro.jpg\" data-dt-img-description=\"\" data-large_image_width=\"232\" data-large_image_height=\"230\"><img loading=\"lazy\" decoding=\"async\" class=\"wp-image-19789 alignleft\" src=\"http:\/\/www.radiopiu.net\/wordpress\/wp-content\/uploads\/2016\/05\/foto_siro.jpg\" alt=\"\" width=\"125\" height=\"124\" \/><\/a>AI MICROFONI DI RADIO PIU&#8217;<\/strong><\/p>\n<p><strong>L&#8217;EX SINDACO DI ALLEGHE, SIRO DE BIASIO, ORA SI CONOSCONO ANCHE I COSTI DELLA SABBIATURA DELL&#8217;ASFALTO: OLTRE 30MILA EURO PIU&#8217; IVA\u00a0<\/strong><\/p>\n<p><em>&#8220;Adesso che non sono pi\u00f9 sindaco ho il coraggio di parlare&#8230;e capisco i miei ex colleghi e la loro ritrosia&#8221;<\/em><\/p>\n<audio class=\"wp-audio-shortcode\" id=\"audio-102371-3\" preload=\"none\" style=\"width: 100%;\" controls=\"controls\"><source type=\"audio\/mpeg\" src=\"http:\/\/www.radiopiu.net\/wordpress\/wp-content\/uploads\/2019\/10\/SIRO2.mp3?_=3\" \/><a href=\"http:\/\/www.radiopiu.net\/wordpress\/wp-content\/uploads\/2019\/10\/SIRO2.mp3\">http:\/\/www.radiopiu.net\/wordpress\/wp-content\/uploads\/2019\/10\/SIRO2.mp3<\/a><\/audio>\n<p>&nbsp;<\/p>\n<p>&nbsp;<\/p>\n<p>&nbsp;<\/p>\n","protected":false},"excerpt":{"rendered":"<p>ALLEGHE C&#8217;era una volta una bella pista ciclabile poi cancellata da Vaia e c&#8217;\u00e8 ancora. Infatti \u00e8 stata risistemata e ben asfaltata, se ricordate abbiamo anche fatto i complimenti a suo tempo a chi c&#8217;ha lavorato per questo nel mega progettone per la ciclabile che verr\u00e0. Poi venne un giorno in cui quell&#8217;asfalto troppo nero&hellip;<\/p>\n","protected":false},"author":1,"featured_media":102332,"comment_status":"closed","ping_status":"closed","sticky":false,"template":"","format":"standard","meta":{"_monsterinsights_skip_tracking":false,"_monsterinsights_sitenote_active":false,"_monsterinsights_sitenote_note":"","_monsterinsights_sitenote_category":0,"footnotes":""},"categories":[51,49],"tags":[],"class_list":["post-102371","post","type-post","status-publish","format-standard","has-post-thumbnail","hentry","category-evidenza-top","category-news-18","category-51","category-49","description-off"],"img_url":"https:\/\/www.radiopiu.net\/wordpress\/wp-content\/uploads\/2019\/10\/0a4393d6-fc25-4377-ae44-6fbf410100f9.jpg","_links":{"self":[{"href":"https:\/\/www.radiopiu.net\/wordpress\/wp-json\/wp\/v2\/posts\/102371","targetHints":{"allow":["GET"]}}],"collection":[{"href":"https:\/\/www.radiopiu.net\/wordpress\/wp-json\/wp\/v2\/posts"}],"about":[{"href":"https:\/\/www.radiopiu.net\/wordpress\/wp-json\/wp\/v2\/types\/post"}],"author":[{"embeddable":true,"href":"https:\/\/www.radiopiu.net\/wordpress\/wp-json\/wp\/v2\/users\/1"}],"replies":[{"embeddable":true,"href":"https:\/\/www.radiopiu.net\/wordpress\/wp-json\/wp\/v2\/comments?post=102371"}],"version-history":[{"count":0,"href":"https:\/\/www.radiopiu.net\/wordpress\/wp-json\/wp\/v2\/posts\/102371\/revisions"}],"wp:featuredmedia":[{"embeddable":true,"href":"https:\/\/www.radiopiu.net\/wordpress\/wp-json\/wp\/v2\/media\/102332"}],"wp:attachment":[{"href":"https:\/\/www.radiopiu.net\/wordpress\/wp-json\/wp\/v2\/media?parent=102371"}],"wp:term":[{"taxonomy":"category","embeddable":true,"href":"https:\/\/www.radiopiu.net\/wordpress\/wp-json\/wp\/v2\/categories?post=102371"},{"taxonomy":"post_tag","embeddable":true,"href":"https:\/\/www.radiopiu.net\/wordpress\/wp-json\/wp\/v2\/tags?post=102371"}],"curies":[{"name":"wp","href":"https:\/\/api.w.org\/{rel}","templated":true}]}}