{"id":102396,"date":"2019-10-13T18:42:17","date_gmt":"2019-10-13T16:42:17","guid":{"rendered":"http:\/\/www.radiopiu.net\/wordpress\/?p=102396"},"modified":"2019-10-13T18:42:17","modified_gmt":"2019-10-13T16:42:17","slug":"morte-calligaro-nota-di-cordoglio-di-confindustria-belluno-dolomiti","status":"publish","type":"post","link":"https:\/\/www.radiopiu.net\/wordpress\/morte-calligaro-nota-di-cordoglio-di-confindustria-belluno-dolomiti\/","title":{"rendered":"MORTE CALLIGARO \u2013 NOTA DI CORDOGLIO DI CONFINDUSTRIA BELLUNO DOLOMITI:"},"content":{"rendered":"<p>&nbsp;<\/p>\n<p><strong>DOMEGGE DI CADORE<\/strong> Attorno alle 5 e tre quarti la Centrale del 118 \u00e8 stata allertata dal figlio di un cacciatore colto da malore in una zona tra il Rifugio Baion e il Ciareido, sulle Marmarole. Ricevute le coordinate una decina di soccorritori ha raggiunto l&#8217;uomo esanime, poco sotto il sentiero, ed \u00e8 subentrata al figlio nelle manovre per tentare di rianimarlo, finch\u00e9 alle 6.45 \u00e8 sopraggiunto il Pelikan 2, che ha sbarcato l&#8217;equipe medica e il tecnico di elisoccorso. Purtroppo a nulla sono valse le manovre messe in atto e il medico ha purtroppo potuto solamente constatare il decesso di Remigio Calligaro., 64 anni, di Lozzo di Cadore (BL). Ottenuto il nulla osta dalla magistratura per la rimozione, la salma ricomposta e imbarellata \u00e8 stata trasportata con il verricello dall&#8217;eliambulanza al Rifugio Baion, da dove i soccorritori l&#8217;hanno poi accompagnata alla strada per affidarla al carro funebre.<\/p>\n<p>&nbsp;<\/p>\n<p><b><span style=\"font-family: Calibri;\">MORTE CALLIGARO \u2013 NOTA DI CORDOGLIO DI CONFINDUSTRIA BELLUNO DOLOMITI: \u201cHA RAPPRESENTATO IL CUORE DELL\u2019OCCHIALERIA CADORINA\u201d<\/span><\/b><\/p>\n<p><span style=\"color: #000000; font-family: Calibri;\">Confindustria Belluno Dolomiti esprime cordoglio per la tragica scomparsa di Remigio Calligaro, colto da malore nella tarda mattinata di oggi sulle Marmarole. <\/span><span style=\"color: #000000; font-family: Calibri;\">\u201cCalligaro\u201d, ricorda la presidente Lorraine Berton, \u201c\u00e8 stato imprenditore dell\u2019occhiale, per almeno due decenni, con la sua Optital a Lozzo e presidente della Piccola Industria dal 2004 al 2006. Tutti in Associazione lo ricordiamo come un uomo buono, gentile, ma soprattutto un profondo conoscitore del suo territorio\u201d. <\/span><span style=\"color: #000000; font-family: Calibri;\">\u201cHa rappresentato al meglio il cuore dell\u2019occhialeria cadorina e bellunese, conosceva bene le dinamiche del comparto, i problemi e le aspettative delle aziende\u201d. <\/span><span style=\"color: #000000; font-family: Calibri;\">\u201cEsprimo quindi le mie condoglianze alla famiglia e ai suoi conoscenti\u201d, conclude Berton.<\/span><\/p>\n","protected":false},"excerpt":{"rendered":"<p>&nbsp; DOMEGGE DI CADORE Attorno alle 5 e tre quarti la Centrale del 118 \u00e8 stata allertata dal figlio di un cacciatore colto da malore in una zona tra il Rifugio Baion e il Ciareido, sulle Marmarole. Ricevute le coordinate una decina di soccorritori ha raggiunto l&#8217;uomo esanime, poco sotto il sentiero, ed \u00e8 subentrata&hellip;<\/p>\n","protected":false},"author":1,"featured_media":0,"comment_status":"closed","ping_status":"closed","sticky":false,"template":"","format":"standard","meta":{"_monsterinsights_skip_tracking":false,"_monsterinsights_sitenote_active":false,"_monsterinsights_sitenote_note":"","_monsterinsights_sitenote_category":0,"footnotes":""},"categories":[49],"tags":[],"class_list":["post-102396","post","type-post","status-publish","format-standard","hentry","category-news-18","category-49","description-off"],"img_url":false,"_links":{"self":[{"href":"https:\/\/www.radiopiu.net\/wordpress\/wp-json\/wp\/v2\/posts\/102396","targetHints":{"allow":["GET"]}}],"collection":[{"href":"https:\/\/www.radiopiu.net\/wordpress\/wp-json\/wp\/v2\/posts"}],"about":[{"href":"https:\/\/www.radiopiu.net\/wordpress\/wp-json\/wp\/v2\/types\/post"}],"author":[{"embeddable":true,"href":"https:\/\/www.radiopiu.net\/wordpress\/wp-json\/wp\/v2\/users\/1"}],"replies":[{"embeddable":true,"href":"https:\/\/www.radiopiu.net\/wordpress\/wp-json\/wp\/v2\/comments?post=102396"}],"version-history":[{"count":0,"href":"https:\/\/www.radiopiu.net\/wordpress\/wp-json\/wp\/v2\/posts\/102396\/revisions"}],"wp:attachment":[{"href":"https:\/\/www.radiopiu.net\/wordpress\/wp-json\/wp\/v2\/media?parent=102396"}],"wp:term":[{"taxonomy":"category","embeddable":true,"href":"https:\/\/www.radiopiu.net\/wordpress\/wp-json\/wp\/v2\/categories?post=102396"},{"taxonomy":"post_tag","embeddable":true,"href":"https:\/\/www.radiopiu.net\/wordpress\/wp-json\/wp\/v2\/tags?post=102396"}],"curies":[{"name":"wp","href":"https:\/\/api.w.org\/{rel}","templated":true}]}}