{"id":102425,"date":"2019-10-13T23:59:47","date_gmt":"2019-10-13T21:59:47","guid":{"rendered":"http:\/\/www.radiopiu.net\/wordpress\/?p=102425"},"modified":"2019-10-14T05:59:07","modified_gmt":"2019-10-14T03:59:07","slug":"il-longaronese-jacopo-tasso-grande-patriota-risorgimentale-di-renato-bona","status":"publish","type":"post","link":"https:\/\/www.radiopiu.net\/wordpress\/il-longaronese-jacopo-tasso-grande-patriota-risorgimentale-di-renato-bona\/","title":{"rendered":"IL LONGARONESE JACOPO TASSO GRANDE PATRIOTA RISORGIMENTALE di RENATO BONA"},"content":{"rendered":"<p>Fu fucilato a Treviso dagli austriaci il 10 aprile 1849 Duecentoundici anni or sono, il 23 ottobre 1801, nasceva a Longarone Jacopo Tasso che mor\u00ec il 10 aprile 1849 a Treviso dove venne fucilato, sotto il Bastione di Santa Sofia, dagli austriaci per la sua attivit\u00e0 clandestina di patriota risorgimentale. I suoi resti riposano dal 1937 nella chiesa-ossario dei Frati di Mussoi di Belluno, che \u00e8 dedicata ai caduti bellunesi della Grande Guerra. Avvocato di idee mazziniane, Tasso (non pochi lo confondono conTorquato, il noto autore della &#8220;Gerusalemme liberata&#8221;), era nato da una famiglia che coltivava forti sentimenti patriottici. Trasferitisi a Padova alla fine degli anni venti, si iscrisse alla facolt\u00e0 di giurisprudenza ed entr\u00f2 in contatto con la carboneria associandosi alla \u201cGiovane Italia\u201d. Si laurea nel 1832 e comincia a svolgere la professione di avvocato a Belluno; \u00e8 attivista nei gruppi di dissenso dall\u2019Austria, raduna patrioti e rivoluzionari e \u2013 come ricorda Wikipedia \u2013 organizza la sommossa del marzo \u201948. Rientrati gli Imperiali a Belluno, \u00e8 esule a Venezia. Dopo Custoza, torna a Belluno e riapre lo studio legale divenendo il principale referente della lotta all\u2019Austria nel Bellunese (spicca il suo nome fra quanti a Longarone durante la campagna del 1848 diedero un grande contributo alla causa italiana) ed inviando a Venezia volontari bellunesi per favorire la resistenza della Repubblica di Manin e Calvi. Purtroppo, la polizia austriaca sequestr\u00f2 una lettera autografa di Tasso ad uno dei suoi uomini ed il nostro venne arrestato il 9 gennaio 1949 e condannato all\u2019impiccagione dal tribunale militare di Treviso, con pensa in seguito trasformata in fucilazione. In quell\u2019occasione come giustamente ricorda l\u2019associazione Pro loco longaronese nel proprio sito: \u201cDa Belluno part\u00ec allora una delegazione per implorare la grazia al comandante di Treviso: ottennero che alla morte per impiccagione fosse sostituita quella per fucilazione! Il 12 luglio 1867 i resti di Tasso vennero portati a Belluno e inumati a Mussoi\u201d. Ecco come Raffaello Barbiera, nel 1918, descrive la fase finale dell&#8217;esecuzione nelle pagine delle notizie biografiche del Tasso in &#8220;Ricordo delle terre dolorose&#8221;: \u201cSpunt\u00f2 la mattina del 10 aprile 1849, giorno fissato alla esecuzione. Il cielo era plumbeo, tristissimo. La citt\u00e0 atterrita, taceva\u2026 Arrivata la carrozza sul campo dell\u2019esecuzione, si ferma. Jacopo Tasso ne discende; i preti continuano a raccomandargli l\u2019anima a Dio: egli alza le braccia. Appena finite le preghiere, il \u00ecprofosso\u2019 gli benda gli occhi col fazzoletto e lo fa inginocchiare. Il condannato ricompone con mano ferma il fazzoletto per nascondersi meglio la luce agli occhi. Un prete, che gli sta accanto intona il &#8220;Credo &#8221; e ad ogni parola si allontana di un passo. All\u2019Amen, il \u2018profosso\u2019 spezza una bacchetta che ha in pungo. Allora sei caporali allineati in faccia al martire, sparano: egli cade ucciso. Uno dei volontari (\u2018cappellini\u2019) corre sopra al cadavere per tirargli un colpo di pistola o per insultarlo ma il suo capitano lo ferma, lo oltraggia e con uno spintone lo butta a terra. Nella notte stessa Jacopo Tasso fu sepolto in quel campo, l\u00e0 dov\u2019era caduto, coi vestiti che aveva indosso, entro una cassa di legno; ma siccome questa era corta per la lunga persona, i becchini militari con tutta forza vi si gettarono sopra e ve la costrinsero aggruppandola. Nessun segno sulla fossa. Su quel piano di esercitarono a lungo le truppe austriache alle manovre\u201d. A Treviso, sotto il Bastione dove fu fucilato, un cippo ricorda: \u201cQui Jacopo Tasso bellunese mor\u00ec fucilato dall\u2019Austria il 10 aprile 1849. Ad onore del martire patriota cittadini e Municipio di Treviso questa memoria posero\u201d; sul retro del cippo si legge: \u201cCol nome dell\u2019avv. J. Tasso arrestato a Belluno fucilato a Treviso si inscrivono i nomi di due villici di Mogliano Vanin Luigi e Pillon Antonio fucilati a Mestre e si fa ricordo dei due contadini fucilati sul prato di S.M. del Rovere per possesso d\u2019armi che non erano armi 1848-1849. Qui ricollocato nel I Centenario 1949\u201d. A Belluno invece, nella centrale via del Cansiglio, \u00e8 posta una targa &#8211; purtroppo, come molte, troppe altre, quasi illeggibile &#8211; che recita: \u201cIl Comune segna a memoria dei posteri questa casa in cui l\u2019avvocato Jacopo Tasso abit\u00f2 e fu arrestato dagli austriaci che lo fucilarono a Treviso il d\u00ec 10 aprile 1849 perch\u00e9 procacciava volontari alla difesa di Venezia. Distrutta dall\u2019invasore il 1 settembre 1918, ripristinata dai cittadini il 20 settembre 1919\u201d. Nel paese natale, Longarone era stato innalzato in suo onore un monumento, opera di Urbano Nono, inaugurato il 10 settembre 1911; travolto dal disastro del Vajont, di questo monumento furono recuperati il basamento e la testa, oggi restaurato ad opera dello scultore fod\u00f2m Gianni Pezzei e collocato nell\u2019omonima piazza il 20 maggio 2000.<\/p>\n\n\t\t\t<style type='text\/css'>\n\t\t\t\t#gallery-1 {\n\t\t\t\t\tmargin: auto;\n\t\t\t\t}\n\t\t\t\t#gallery-1 .gallery-item {\n\t\t\t\t\tfloat: left;\n\t\t\t\t\tmargin-top: 10px;\n\t\t\t\t\ttext-align: center;\n\t\t\t\t\twidth: 33%;\n\t\t\t\t}\n\t\t\t\t#gallery-1 img {\n\t\t\t\t\tborder: 2px solid #cfcfcf;\n\t\t\t\t}\n\t\t\t\t#gallery-1 .gallery-caption {\n\t\t\t\t\tmargin-left: 0;\n\t\t\t\t}\n\t\t\t\t\/* see gallery_shortcode() in wp-includes\/media.php *\/\n\t\t\t<\/style>\n\t\t<div id='gallery-1' class='dt-gallery-container gallery galleryid-102425 gallery-columns-3 gallery-size-thumbnail'><dl class='gallery-item'>\n\t\t\t\t<dt class='gallery-icon landscape'>\n\t\t\t\t\t<a class=\"rollover\" href='https:\/\/www.radiopiu.net\/wordpress\/il-longaronese-jacopo-tasso-grande-patriota-risorgimentale-di-renato-bona\/72944370_2973175006026571_1959683179325423616_n\/'><img loading=\"lazy\" decoding=\"async\" width=\"150\" height=\"150\" src=\"https:\/\/www.radiopiu.net\/wordpress\/wp-content\/uploads\/2019\/10\/72944370_2973175006026571_1959683179325423616_n-150x150.jpg\" class=\"attachment-thumbnail size-thumbnail\" alt=\"\" \/><\/a>\n\t\t\t\t<\/dt><\/dl><dl class='gallery-item'>\n\t\t\t\t<dt class='gallery-icon landscape'>\n\t\t\t\t\t<a class=\"rollover\" href='https:\/\/www.radiopiu.net\/wordpress\/il-longaronese-jacopo-tasso-grande-patriota-risorgimentale-di-renato-bona\/72195775_2285114784950647_3560988214388850688_n\/'><img loading=\"lazy\" decoding=\"async\" width=\"150\" height=\"150\" src=\"https:\/\/www.radiopiu.net\/wordpress\/wp-content\/uploads\/2019\/10\/72195775_2285114784950647_3560988214388850688_n-150x150.jpg\" class=\"attachment-thumbnail size-thumbnail\" alt=\"\" \/><\/a>\n\t\t\t\t<\/dt><\/dl><dl class='gallery-item'>\n\t\t\t\t<dt class='gallery-icon portrait'>\n\t\t\t\t\t<a class=\"rollover\" href='https:\/\/www.radiopiu.net\/wordpress\/il-longaronese-jacopo-tasso-grande-patriota-risorgimentale-di-renato-bona\/71969928_1722698311196568_4698184821522825216_n\/'><img loading=\"lazy\" decoding=\"async\" width=\"150\" height=\"150\" src=\"https:\/\/www.radiopiu.net\/wordpress\/wp-content\/uploads\/2019\/10\/71969928_1722698311196568_4698184821522825216_n-150x150.jpg\" class=\"attachment-thumbnail size-thumbnail\" alt=\"\" \/><\/a>\n\t\t\t\t<\/dt><\/dl><br style=\"clear: both\" \/><dl class='gallery-item'>\n\t\t\t\t<dt class='gallery-icon portrait'>\n\t\t\t\t\t<a class=\"rollover\" href='https:\/\/www.radiopiu.net\/wordpress\/il-longaronese-jacopo-tasso-grande-patriota-risorgimentale-di-renato-bona\/72760539_1183769978494416_3718724216934105088_n\/'><img loading=\"lazy\" decoding=\"async\" width=\"150\" height=\"150\" src=\"https:\/\/www.radiopiu.net\/wordpress\/wp-content\/uploads\/2019\/10\/72760539_1183769978494416_3718724216934105088_n-150x150.jpg\" class=\"attachment-thumbnail size-thumbnail\" alt=\"\" \/><\/a>\n\t\t\t\t<\/dt><\/dl><dl class='gallery-item'>\n\t\t\t\t<dt class='gallery-icon portrait'>\n\t\t\t\t\t<a class=\"rollover\" href='https:\/\/www.radiopiu.net\/wordpress\/il-longaronese-jacopo-tasso-grande-patriota-risorgimentale-di-renato-bona\/73323740_930169387360608_860430327623974912_n\/'><img loading=\"lazy\" decoding=\"async\" width=\"150\" height=\"150\" src=\"https:\/\/www.radiopiu.net\/wordpress\/wp-content\/uploads\/2019\/10\/73323740_930169387360608_860430327623974912_n-150x150.jpg\" class=\"attachment-thumbnail size-thumbnail\" alt=\"\" \/><\/a>\n\t\t\t\t<\/dt><\/dl><dl class='gallery-item'>\n\t\t\t\t<dt class='gallery-icon landscape'>\n\t\t\t\t\t<a class=\"rollover\" href='https:\/\/www.radiopiu.net\/wordpress\/il-longaronese-jacopo-tasso-grande-patriota-risorgimentale-di-renato-bona\/72070311_396574054352908_2210447177069625344_n\/'><img loading=\"lazy\" decoding=\"async\" width=\"150\" height=\"150\" src=\"https:\/\/www.radiopiu.net\/wordpress\/wp-content\/uploads\/2019\/10\/72070311_396574054352908_2210447177069625344_n-150x150.jpg\" class=\"attachment-thumbnail size-thumbnail\" alt=\"\" \/><\/a>\n\t\t\t\t<\/dt><\/dl><br style=\"clear: both\" \/><dl class='gallery-item'>\n\t\t\t\t<dt class='gallery-icon portrait'>\n\t\t\t\t\t<a class=\"rollover\" href='https:\/\/www.radiopiu.net\/wordpress\/il-longaronese-jacopo-tasso-grande-patriota-risorgimentale-di-renato-bona\/72692988_398640917492726_2738579230781603840_n\/'><img loading=\"lazy\" decoding=\"async\" width=\"150\" height=\"150\" src=\"https:\/\/www.radiopiu.net\/wordpress\/wp-content\/uploads\/2019\/10\/72692988_398640917492726_2738579230781603840_n-150x150.jpg\" class=\"attachment-thumbnail size-thumbnail\" alt=\"\" \/><\/a>\n\t\t\t\t<\/dt><\/dl><dl class='gallery-item'>\n\t\t\t\t<dt class='gallery-icon portrait'>\n\t\t\t\t\t<a class=\"rollover\" href='https:\/\/www.radiopiu.net\/wordpress\/il-longaronese-jacopo-tasso-grande-patriota-risorgimentale-di-renato-bona\/72119369_547819112644080_8289189845083881472_n\/'><img loading=\"lazy\" decoding=\"async\" width=\"150\" height=\"150\" src=\"https:\/\/www.radiopiu.net\/wordpress\/wp-content\/uploads\/2019\/10\/72119369_547819112644080_8289189845083881472_n-150x150.jpg\" class=\"attachment-thumbnail size-thumbnail\" alt=\"\" \/><\/a>\n\t\t\t\t<\/dt><\/dl><dl class='gallery-item'>\n\t\t\t\t<dt class='gallery-icon portrait'>\n\t\t\t\t\t<a class=\"rollover\" href='https:\/\/www.radiopiu.net\/wordpress\/il-longaronese-jacopo-tasso-grande-patriota-risorgimentale-di-renato-bona\/73539680_795067140912476_4828874959738634240_n\/'><img loading=\"lazy\" decoding=\"async\" width=\"150\" height=\"150\" src=\"https:\/\/www.radiopiu.net\/wordpress\/wp-content\/uploads\/2019\/10\/73539680_795067140912476_4828874959738634240_n-150x150.jpg\" class=\"attachment-thumbnail size-thumbnail\" alt=\"\" \/><\/a>\n\t\t\t\t<\/dt><\/dl><br style=\"clear: both\" \/><dl class='gallery-item'>\n\t\t\t\t<dt class='gallery-icon landscape'>\n\t\t\t\t\t<a class=\"rollover\" href='https:\/\/www.radiopiu.net\/wordpress\/il-longaronese-jacopo-tasso-grande-patriota-risorgimentale-di-renato-bona\/73097455_926431767732895_5405621323072274432_n\/'><img loading=\"lazy\" decoding=\"async\" width=\"150\" height=\"150\" src=\"https:\/\/www.radiopiu.net\/wordpress\/wp-content\/uploads\/2019\/10\/73097455_926431767732895_5405621323072274432_n-150x150.jpg\" class=\"attachment-thumbnail size-thumbnail\" alt=\"\" \/><\/a>\n\t\t\t\t<\/dt><\/dl>\n\t\t\t\t<br style='clear: both' \/>\n\t\t\t<\/div>\n\n<p>NELLE FOTO (Wikipedia; Francesco Zanardo; Pro loco Longarone; Renato Bona; Google; Alamy Stock photos; Ebay.it): ritratto di Jacopo Tasso; la targa, di fatto illeggibile, nella via del Cansiglio a Belluno; il cippo di Treviso che ne ricorda la morte; il monumento di Longarone; la cerimonia inaugurale del monumento; primo piano di Tasso; il monumento di Longarone come \u00e8 dopo il Vajont; vecchia immagine di Piazza Tasso di Longarone; la via che gli \u00e8 stata intitolata a Belluno; la targa col nome del patriota longaronese.<\/p>\n","protected":false},"excerpt":{"rendered":"<p>Fu fucilato a Treviso dagli austriaci il 10 aprile 1849 Duecentoundici anni or sono, il 23 ottobre 1801, nasceva a Longarone Jacopo Tasso che mor\u00ec il 10 aprile 1849 a Treviso dove venne fucilato, sotto il Bastione di Santa Sofia, dagli austriaci per la sua attivit\u00e0 clandestina di patriota risorgimentale. I suoi resti riposano dal&hellip;<\/p>\n","protected":false},"author":1,"featured_media":102430,"comment_status":"closed","ping_status":"closed","sticky":false,"template":"","format":"standard","meta":{"_monsterinsights_skip_tracking":false,"_monsterinsights_sitenote_active":false,"_monsterinsights_sitenote_note":"","_monsterinsights_sitenote_category":0,"footnotes":""},"categories":[49],"tags":[],"class_list":["post-102425","post","type-post","status-publish","format-standard","has-post-thumbnail","hentry","category-news-18","category-49","description-off"],"img_url":"https:\/\/www.radiopiu.net\/wordpress\/wp-content\/uploads\/2019\/10\/73323740_930169387360608_860430327623974912_n.jpg","_links":{"self":[{"href":"https:\/\/www.radiopiu.net\/wordpress\/wp-json\/wp\/v2\/posts\/102425","targetHints":{"allow":["GET"]}}],"collection":[{"href":"https:\/\/www.radiopiu.net\/wordpress\/wp-json\/wp\/v2\/posts"}],"about":[{"href":"https:\/\/www.radiopiu.net\/wordpress\/wp-json\/wp\/v2\/types\/post"}],"author":[{"embeddable":true,"href":"https:\/\/www.radiopiu.net\/wordpress\/wp-json\/wp\/v2\/users\/1"}],"replies":[{"embeddable":true,"href":"https:\/\/www.radiopiu.net\/wordpress\/wp-json\/wp\/v2\/comments?post=102425"}],"version-history":[{"count":0,"href":"https:\/\/www.radiopiu.net\/wordpress\/wp-json\/wp\/v2\/posts\/102425\/revisions"}],"wp:featuredmedia":[{"embeddable":true,"href":"https:\/\/www.radiopiu.net\/wordpress\/wp-json\/wp\/v2\/media\/102430"}],"wp:attachment":[{"href":"https:\/\/www.radiopiu.net\/wordpress\/wp-json\/wp\/v2\/media?parent=102425"}],"wp:term":[{"taxonomy":"category","embeddable":true,"href":"https:\/\/www.radiopiu.net\/wordpress\/wp-json\/wp\/v2\/categories?post=102425"},{"taxonomy":"post_tag","embeddable":true,"href":"https:\/\/www.radiopiu.net\/wordpress\/wp-json\/wp\/v2\/tags?post=102425"}],"curies":[{"name":"wp","href":"https:\/\/api.w.org\/{rel}","templated":true}]}}