{"id":102476,"date":"2019-10-15T05:38:25","date_gmt":"2019-10-15T03:38:25","guid":{"rendered":"http:\/\/www.radiopiu.net\/wordpress\/?p=102476"},"modified":"2019-10-15T10:42:41","modified_gmt":"2019-10-15T08:42:41","slug":"giornale-radiopiu-15-ottobre-2019-direttore-mirko-mezzacasa","status":"publish","type":"post","link":"https:\/\/www.radiopiu.net\/wordpress\/giornale-radiopiu-15-ottobre-2019-direttore-mirko-mezzacasa\/","title":{"rendered":"GIORNALE RADIOPIU 15 OTTOBRE 2019 DIRETTORE MIRKO MEZZACASA"},"content":{"rendered":"<p>&nbsp;<\/p>\n<p><em><strong>REGIONALE 203 AGORDINA. CANDATEN. <\/strong><\/em><strong><em>\u00a0 OGGI E DOMANI\u00a0 DALLE 8.15 ALLE 12 E DALLE 13 ALLE 17 INTERRUZIONI ALLA VIABILITA&#8217;, MASSIMO 20 MINUTI PER ISPEZIONE VERSANTI TRA PERON E CANDATEN<\/em><\/strong><\/p>\n<p><strong>FELTRE<\/strong> Chiusura totale di via Marconi tra via Martiri della Libert\u00e0 e via Gaggia per scavo rifacimento condotta idrica. Dalle 7 di mercoledi alle 17 di giovedi (salvo condizioni meteo avverse)<\/p>\n<blockquote>\n<h3>LAVORI IN VALLE DI SAN LUCANO<\/h3>\n<p><strong>TAIBON<\/strong> Istituzione di un divieto di transito a tutti i veicoli lungo la strada comunale della Valle di San Lucano in localit\u00e0 Scalette nel tratto interessato dal cantiere,fino\u00a0 a venerd\u00ec 18 ottobre 2019, con chiusura nelle seguenti fasce orarie: 08.00 \u2013 08-50 \/ 09.00 \u2013 09.50 \/ 10.00 \u2013 10.50 \/ 11.00 \u2013 12.00 \/ 13.00 \u2013 13.50 \/ 14.00 \u2013 14.50 \/ 15.00 \u2013 15.50 \/ 16.00 \u2013 17.00;<\/p><\/blockquote>\n<h3>LAVORI SULLA STRADA PROVINCIALE 2 VAL FIORENTINA<\/h3>\n<p><strong>SELVA DI CADORE<\/strong> fino\u00a0 al 24 ottobre (escluse domeniche e festivi) per permettere i lavori nei diversi cantieri \u00e8 previsto il senso unico alternato con impianto semaforico dal chilometro 1,5 per 250 metri, oltre possibili brevi interruzioni della durata massima di 20 minuti.<\/p>\n<blockquote><p><strong>AGORDO<\/strong> Continuano i lavori sulla strada per Malga Framont, per questo il Comune ha prorogato l&#8217;ordinanza di chiusura dalla localit\u00e0 Salt del Ligador e fino alla malga. Chiusura almeno fino a venerdi 18 ottobre, la riapertura della rotabile \u00e8 vincolata alle condizioni meteorologiche.<\/p><\/blockquote>\n<blockquote><p>Per lavori alla rete idrica comunale, OGGI\u00a0 \u00a0dalle 8 a FINE LAVORI, verr\u00e0 sospesa l\u2019erogazione dell\u2019acqua a LIVINALLONGO nelle LOCALITA&#8217; PIEVE, RETIZ, GROUPA e COL.<\/p><\/blockquote>\n<p>&nbsp;<\/p>\n<p>&nbsp;<\/p>\n<h3>MALORE MENTRE GUIDA LA MIETITREBBIA<\/h3>\n<p><strong>SEDICO<\/strong>\u00a0 M.F. 59 anni di Ponzano Veneto \u00e8 stato colto da malore mentre era alla guida del mezzo da lavoro nei campi lungo la salita del Boscon.\u00a0 La mietitrebbia ha iniziato a sbandare e uno dei compagni ha capito che qualche cosa non andava, \u00e8 salito a bordo del mezzo bloccandolo. L&#8217;operatore alla guida \u00e8 stato poi trasportato per controlli all&#8217;ospedale di Belluno dove ha trascorso la notte.<\/p>\n<p>&nbsp;<\/p>\n<h3>ALLARME MALTEMPO<\/h3>\n<p><strong>VENEZIA<\/strong> La Regione ha emesso l&#8217;avviso di criticit\u00e0 (allarme giallo) per il maltempo in arrivo da oggi. Previste piogge e temporali, il peggio in serata. Non si escludono fenomeni intensi come forti rovesci nella zone prealpine e pedemontante. Neve sopra i 2600 metri.<\/p>\n<p>&nbsp;<\/p>\n<p>&nbsp;<\/p>\n<h3>GIUSTIFICAZIONI ULSS1 SUL VOLO NOTTURNO CHE NON C&#8217;E&#8217;,\u00a0 PERCHE&#8217; NON C&#8217;E&#8217; E NON CI SARA&#8217; PER MOLTO TEMPO PER LA BUROCRAZIA CHE IMPERA<\/h3>\n<p><span style=\"font-family: Calibri, sans-serif;\"><span style=\"font-size: medium;\"><strong><a class=\"dt-pswp-item\" href=\"http:\/\/www.radiopiu.net\/wordpress\/wp-content\/uploads\/2019\/10\/pelikan1c_heli-e1529330054909.jpg\" data-dt-img-description=\"\" data-large_image_width=\"615\" data-large_image_height=\"375\"><img loading=\"lazy\" decoding=\"async\" class=\"size-medium wp-image-102423 alignleft\" src=\"http:\/\/www.radiopiu.net\/wordpress\/wp-content\/uploads\/2019\/10\/pelikan1c_heli-e1529330054909-300x183.jpg\" alt=\"\" width=\"300\" height=\"183\" srcset=\"https:\/\/www.radiopiu.net\/wordpress\/wp-content\/uploads\/2019\/10\/pelikan1c_heli-e1529330054909-300x183.jpg 300w, https:\/\/www.radiopiu.net\/wordpress\/wp-content\/uploads\/2019\/10\/pelikan1c_heli-e1529330054909.jpg 615w\" sizes=\"auto, (max-width: 300px) 100vw, 300px\" \/><\/a>BELLUNO<\/strong> In merito alla questione sollevata\u00a0 sulla mancanza del volo notturno in provincia, la direzione Ulss precisa:\u00a0 &#8220;<\/span><\/span><em><span style=\"color: #222222;\"><span style=\"font-family: Calibri, sans-serif;\"><span style=\"font-size: medium;\">Il volo notturno per l&#8217;ULSS 1 \u00e8 previsto dalle nuove schede di dotazione ospedaliera approvate dalla Regione. <\/span><\/span><\/span><span style=\"font-family: Calibri, sans-serif;\"><span style=\"font-size: medium;\">L\u2019attivazione del volo notturno richiede una complessa organizzazione che riguarda sia aspetti strutturali, quali la realizzazione delle piazzole, sia tecnico-amministrativi, quali il contratto con l\u2019 appaltatore del servizio. <\/span><\/span><span style=\"font-size: medium; font-family: Calibri, sans-serif;\">A tal proposito, il contratto di appalto con la ditta Babcock Italia di Colico (LC) \u00e8 scaduto lo scorso 31 dicembre 2018 e il servizio \u00e8 ora in fase di proroga tecnica fino a nuova assegnazione, che avverr\u00e0 a seguito dell\u2019appalto regionale di competenza di Azienda Zero, appalto che \u00e8 stato bandito nei mesi scorsi. Oggi<\/span><span style=\"font-family: Calibri, sans-serif;\"><span style=\"font-size: medium;\">, scadranno i termini per la presentazione delle offerte<\/span><\/span><span style=\"color: #222222;\"><span style=\"font-family: Calibri, sans-serif;\"><span style=\"font-size: medium;\"> e si proceder\u00e0 quindi al loro esame ed all\u2019aggiudicazione. La procedura \u00e8 quindi stata avviata, ma il procedimento amministrativo \u00e8 particolarmente complesso, trattandosi di una gara d\u2019appalto di notevole importo e di alta complessit\u00e0 tecnica, considerata anche la necessit\u00e0 di valutare accuratamente le offerte, al fine di gar<img decoding=\"async\" class=\"_1z6jS _1UPkW\" src=\"blob:https:\/\/web.whatsapp.com\/b8c00807-9d80-4d8e-8f54-72b04b507555\" crossorigin=\"anonymous\" \/>antire in primo luogo la sicurezza delle operazioni di volo per i pazienti e gli equipaggi. <\/span><\/span><\/span><span style=\"color: #222222;\"><span style=\"font-family: Calibri, sans-serif;\"><span style=\"font-size: medium;\">S<\/span><\/span><\/span><span style=\"font-family: Calibri, sans-serif;\"><span style=\"font-size: medium;\">i prevede che l\u2019assegnazione dell\u2019 incarico alla ditta vincitrice avverr\u00e0 all\u2019inizio del 2020. <\/span><\/span><span style=\"font-size: medium; font-family: Calibri, sans-serif;\">Giova ricordare che \u00e8 stata inserita nel capitolato speciale una sezione specifica che disciplina le modalit\u00e0 di elisoccorso notturno. <\/span><span style=\"font-family: Calibri, sans-serif;\"><span style=\"font-size: medium;\">Una volta siglato il contratto l\u2019appaltatore dovr\u00e0 attivare il servizio entro 6 mesi , mentre per l\u2019inizio del volo notturno saranno necessari ulteriori 120 giorni utili per il reperimento e l\u2019addestramento specifico del personale&#8221;.\u00a0<\/span><\/span><\/em><\/p>\n<p>&nbsp;<\/p>\n<blockquote><p>&nbsp;<\/p><\/blockquote>\n<h3>ELISOCCORSO NOTTURNO La Regione lascia a terra i mezzi<\/h3>\n<p>DALLA RASSEGNA STAMPA DELLE 8<\/p>\n<audio class=\"wp-audio-shortcode\" id=\"audio-102476-1\" preload=\"none\" style=\"width: 100%;\" controls=\"controls\"><source type=\"audio\/mpeg\" src=\"http:\/\/www.radiopiu.net\/wordpress\/wp-content\/uploads\/2019\/10\/ROGER.mp3?_=1\" \/><a href=\"http:\/\/www.radiopiu.net\/wordpress\/wp-content\/uploads\/2019\/10\/ROGER.mp3\">http:\/\/www.radiopiu.net\/wordpress\/wp-content\/uploads\/2019\/10\/ROGER.mp3<\/a><\/audio>\n<p><em>14 mesi di ritardo. De Menech: \u00abRitardi inaccettabili\u00bb<\/em><\/p>\n<blockquote><p><em>\u00abCredo sia venuto il tempo di passare dalle parole ai fatti\u00bb. Il deputato bellunese Roger De Menech ricorda che ad agosto 2018, quindi 14 mesi orsono, la Regione aveva annunciato l\u2019istituzione dell\u2019elisoccorso notturno. Dopo 400 giorni da quell\u2019annuncio, il servizio non \u00e8 ancora attivo per non si sa quali inghippi di carattere burocratico. \u00abAssessori e consiglieri della Lega si lambiccano con inaugurazioni e dichiarazioni di raro positivismo\u00bb, nota De Menech. \u00abNel frattempo gli ospedali vengono privatizzati, le liste di attesa si allungano, le rette delle case di riposo dissanguano le famiglie, il numero unico per le emergenze non \u00e8 ancora attivo e l\u2019elisoccorso notturno neppure. Spero che dietro i ritardi inaccettabili non venga mai messa in discussione la centralit\u00e0 di Belluno nella gestione delle emergenze con l\u2019elicottero per non disperdere un patrimonio che ci ha visto all\u2019avanguardia in Italia ancora molti anni fa\u00bb.<\/em><\/p><\/blockquote>\n<p>&nbsp;<\/p>\n<p>&nbsp;<\/p>\n<p>&nbsp;<\/p>\n<p>&nbsp;<\/p>\n<p>&nbsp;<\/p>\n<h3><a class=\"dt-pswp-item\" href=\"http:\/\/www.radiopiu.net\/wordpress\/wp-content\/uploads\/2019\/10\/f31aa259-eda1-4eaa-8912-e5ee3201a269.jpg\" data-dt-img-description=\"\" data-large_image_width=\"1200\" data-large_image_height=\"1600\"><img loading=\"lazy\" decoding=\"async\" class=\" wp-image-102529 alignleft\" src=\"http:\/\/www.radiopiu.net\/wordpress\/wp-content\/uploads\/2019\/10\/f31aa259-eda1-4eaa-8912-e5ee3201a269-225x300.jpg\" alt=\"\" width=\"123\" height=\"164\" srcset=\"https:\/\/www.radiopiu.net\/wordpress\/wp-content\/uploads\/2019\/10\/f31aa259-eda1-4eaa-8912-e5ee3201a269-225x300.jpg 225w, https:\/\/www.radiopiu.net\/wordpress\/wp-content\/uploads\/2019\/10\/f31aa259-eda1-4eaa-8912-e5ee3201a269-768x1024.jpg 768w, https:\/\/www.radiopiu.net\/wordpress\/wp-content\/uploads\/2019\/10\/f31aa259-eda1-4eaa-8912-e5ee3201a269.jpg 1200w\" sizes=\"auto, (max-width: 123px) 100vw, 123px\" \/><\/a>DISCARICHE A CIELO APERTO, SEGNALAZIONI CONTINUE<\/h3>\n<blockquote><p><em>Poligono di tiro: non cambia nulla, \u00e8 sempre pi\u00f9 discarica non autorizzata<\/em><\/p><\/blockquote>\n<p><strong>AGORDO<\/strong> Ieri la discarica a ponte Brugnach, oggi la discarica in zona poligono di tiro a Crostolin di Agordo. Ci eravamo gi\u00e0 occupati della triste situazione in cui versa quel sito. Purtroppo nulla \u00e8 migliorato, piuttosto guardando i video amatoriali che vi proponiamo oggi (inviati alla radio da Ivan) scopriamo che qualcuno \u00e8 riuscito a smaltire un&#8217;intera auto oggi\u00a0 ricoperta dalla vegetazione ma quel rosso emerge con prepotenza.<\/p>\n<h3><\/h3>\n<h3>UN&#8217;AUTO IN MEZZO AL BOSCO<\/h3>\n<p>&nbsp;<\/p>\n<div style=\"width: 960px;\" class=\"wp-video\"><video class=\"wp-video-shortcode\" id=\"video-102476-1\" width=\"960\" height=\"540\" preload=\"metadata\" controls=\"controls\"><source type=\"video\/mp4\" src=\"http:\/\/www.radiopiu.net\/wordpress\/wp-content\/uploads\/2019\/10\/WhatsApp-Video-2019-10-14-at-17.44.02.mp4?_=1\" \/><a href=\"http:\/\/www.radiopiu.net\/wordpress\/wp-content\/uploads\/2019\/10\/WhatsApp-Video-2019-10-14-at-17.44.02.mp4\">http:\/\/www.radiopiu.net\/wordpress\/wp-content\/uploads\/2019\/10\/WhatsApp-Video-2019-10-14-at-17.44.02.mp4<\/a><\/video><\/div>\n<h3><\/h3>\n<h3>MINISTERO DELLA DIFESA PROPRIETARIO DELL&#8217;AREA DOVE SEI?<\/h3>\n<p>&nbsp;<\/p>\n<div style=\"width: 960px;\" class=\"wp-video\"><video class=\"wp-video-shortcode\" id=\"video-102476-2\" width=\"960\" height=\"540\" preload=\"metadata\" controls=\"controls\"><source type=\"video\/mp4\" src=\"http:\/\/www.radiopiu.net\/wordpress\/wp-content\/uploads\/2019\/10\/WhatsApp-Video-2019-10-14-at-17.55.13.mp4?_=2\" \/><a href=\"http:\/\/www.radiopiu.net\/wordpress\/wp-content\/uploads\/2019\/10\/WhatsApp-Video-2019-10-14-at-17.55.13.mp4\">http:\/\/www.radiopiu.net\/wordpress\/wp-content\/uploads\/2019\/10\/WhatsApp-Video-2019-10-14-at-17.55.13.mp4<\/a><\/video><\/div>\n<p>&nbsp;<\/p>\n<p>&nbsp;<\/p>\n<p>&nbsp;<\/p>\n<p>&nbsp;<\/p>\n<p><span style=\"color: #ff0000;\"><strong>CONTRO &#8230;DISCARICA<\/strong><\/span><\/p>\n<h3><a class=\"dt-pswp-item\" href=\"http:\/\/www.radiopiu.net\/wordpress\/wp-content\/uploads\/2019\/10\/72740247_1300734606781015_4616784887637082112_n.jpg\" data-dt-img-description=\"\" data-large_image_width=\"690\" data-large_image_height=\"960\"><img loading=\"lazy\" decoding=\"async\" class=\" wp-image-102571 alignleft\" src=\"http:\/\/www.radiopiu.net\/wordpress\/wp-content\/uploads\/2019\/10\/72740247_1300734606781015_4616784887637082112_n-216x300.jpg\" alt=\"\" width=\"113\" height=\"157\" srcset=\"https:\/\/www.radiopiu.net\/wordpress\/wp-content\/uploads\/2019\/10\/72740247_1300734606781015_4616784887637082112_n-216x300.jpg 216w, https:\/\/www.radiopiu.net\/wordpress\/wp-content\/uploads\/2019\/10\/72740247_1300734606781015_4616784887637082112_n.jpg 690w\" sizes=\"auto, (max-width: 113px) 100vw, 113px\" \/><\/a>DALLA PAGINA FACEBOOK TE DA FARSENECH<\/h3>\n<p><strong>GABRIELE RIVA<\/strong><\/p>\n<p>Anche quest\u2019anno il\u00a0 Comune di Voltago si conferma uno dei COMUNI RICICLONI d\u2019Italia, tanto da essere premiato simbolicamente da Legambiente con questo manifesto affisso alle bacheche del paese. Un bel risultato che potrebbe, comunque, essere migliorato ancora, anche grazie al comportamento di alcuni che, invece, di gettare dal finestrino dell\u2019auto la loro immondizia sui cigli delle strade, la differenziasse come fanno tutte le persone civili.<\/p>\n<p>&nbsp;<\/p>\n<p>&nbsp;<\/p>\n<p>&nbsp;<\/p>\n<h3>CICLABILE, UN&#8217;ATTESA PER ORA LUNGA 10 ANNI<\/h3>\n<p><strong><a class=\"dt-pswp-item\" href=\"http:\/\/www.radiopiu.net\/wordpress\/wp-content\/uploads\/2018\/03\/CICLABILE1.jpg\" data-dt-img-description=\"\" data-large_image_width=\"558\" data-large_image_height=\"353\"><img loading=\"lazy\" decoding=\"async\" class=\"wp-image-44720 alignleft\" src=\"http:\/\/www.radiopiu.net\/wordpress\/wp-content\/uploads\/2018\/03\/CICLABILE1-300x190.jpg\" alt=\"\" width=\"163\" height=\"103\" srcset=\"https:\/\/www.radiopiu.net\/wordpress\/wp-content\/uploads\/2018\/03\/CICLABILE1-300x190.jpg 300w, https:\/\/www.radiopiu.net\/wordpress\/wp-content\/uploads\/2018\/03\/CICLABILE1.jpg 558w\" sizes=\"auto, (max-width: 163px) 100vw, 163px\" \/><\/a>AGORDO<\/strong>\u00a0 Venerdi in Unione Montana Fabio Luchetta presider\u00e0 l&#8217;ennesimo incontro per\u00a0 la ciclabile che dall&#8217;Agordino dovrebbe scendere verso la Valbelluna. Al tavolo i tecnici dell&#8217;Uma, i sindaci di Agordo, Rivamonte, Sedico e Sospirolo, e gli enti coinvolti a vario titolo negli interventi del post-Vaia lungo la strada e il Cordevole tra Agordo e Bribano.\u00a0 Per la ciclabile sono gi\u00e0 stati stanziati (attraverso i fondi di confine di area vasta) oltre 9 milioni di euro. Per il tratto in localit\u00e0 Le Campe i lavori sono in corso da 10 anni, era il 2009 quando un ricorso di un privato per un errore procedurale del Comune di Agordo ha bloccato l&#8217;iter. I progetti sono stati poi rifatti alcuni anni fa e la situazione potrebbe sbloccarsi.<\/p>\n<p><strong>DI GIANNI SANTOMASO<\/strong><\/p>\n<audio class=\"wp-audio-shortcode\" id=\"audio-102476-2\" preload=\"none\" style=\"width: 100%;\" controls=\"controls\"><source type=\"audio\/mpeg\" src=\"http:\/\/www.radiopiu.net\/wordpress\/wp-content\/uploads\/2019\/10\/GIANNI-CICLABILE.mp3?_=2\" \/><a href=\"http:\/\/www.radiopiu.net\/wordpress\/wp-content\/uploads\/2019\/10\/GIANNI-CICLABILE.mp3\">http:\/\/www.radiopiu.net\/wordpress\/wp-content\/uploads\/2019\/10\/GIANNI-CICLABILE.mp3<\/a><\/audio>\n<p>&nbsp;<\/p>\n<p><strong>LA LETTERA, STAMANE ALLA RADIO<\/strong><\/p>\n<blockquote><p><em>Relativamente ai lavori della ciclabile presso Taibon&#8230; Prima di pensare ai vari prolungamenti sarebbe bello che venissero risarciti i proprietari dei terreni espropriati. Nonostante le promesse del sindaco e i continui rimpalli di responsabilit\u00e0 con il tecnico comunale, nonostante le promesse di chiusura delle pratiche a breve la realt\u00e0 \u00e8 che i terreni non sono stati ancora volturati qui\u00a0 i proprietari pagano tasse sui terreni occupati dalla ciclabile. <\/em><em>Una vera vergogna. Se fossi sindaco mi sentirei in forte imbarazzo, se fossi capo tecnico comunale cercherei di finire quanto iniziato. Dato di fatto inoppugnabile \u00e8 che tutto risulta una presa in giro.<\/em><\/p><\/blockquote>\n<p>&nbsp;<\/p>\n<p>&nbsp;<\/p>\n<p>&nbsp;<\/p>\n<h3>PUBBLICATO IL BANDO PER I COMUNI DI SECONDA E TERZA FASCIA.<\/h3>\n<p><strong><a class=\"dt-pswp-item\" href=\"http:\/\/www.radiopiu.net\/wordpress\/wp-content\/uploads\/2019\/10\/5874d90d-2304-404c-bc5a-05fbe317cca5.jpg\" data-dt-img-description=\"\" data-large_image_width=\"640\" data-large_image_height=\"1136\"><img loading=\"lazy\" decoding=\"async\" class=\"size-medium wp-image-102560 alignleft\" src=\"http:\/\/www.radiopiu.net\/wordpress\/wp-content\/uploads\/2019\/10\/5874d90d-2304-404c-bc5a-05fbe317cca5-169x300.jpg\" alt=\"BOGANA\" width=\"169\" height=\"300\" srcset=\"https:\/\/www.radiopiu.net\/wordpress\/wp-content\/uploads\/2019\/10\/5874d90d-2304-404c-bc5a-05fbe317cca5-169x300.jpg 169w, https:\/\/www.radiopiu.net\/wordpress\/wp-content\/uploads\/2019\/10\/5874d90d-2304-404c-bc5a-05fbe317cca5-577x1024.jpg 577w, https:\/\/www.radiopiu.net\/wordpress\/wp-content\/uploads\/2019\/10\/5874d90d-2304-404c-bc5a-05fbe317cca5.jpg 640w\" sizes=\"auto, (max-width: 169px) 100vw, 169px\" \/><\/a>BELLUNO<\/strong> La Provincia di Belluno ha pubblicato un bando per aiutare i Comuni non confinanti, quindi privi delle annualit\u00e0 da 500mila euro dei fondi di confine destinati agli altri Comuni,\u00a0 a realizzare interventi di difesa del suolo, viabilit\u00e0 e patrimonio.Il bando tiene conto soprattutto delle caratteristiche morfologiche del territorio provinciale, caratterizzato da una notevole e diffusa situazione di dissesto di carattere idrogeologico. Una situazione che richiede interventi di prevenzione, di manutenzione, e di protezione strutturale (attiva e passiva); spesso anche di somma urgenza, nel caso di calamit\u00e0 naturali. Alla luce anche di questa considerazione, in questa prima fase, il bando \u00e8 finalizzato a erogare contributi in conto capitale ai Comuni per interventi di sistemazione idrogeologica (in relazione a frane, valanghe o erosioni), anche di straordinaria manutenzione o miglioramento di opere gi\u00e0 esistenti di competenza comunale; per interventi sulla viabilit\u00e0; e anche per azioni di valorizzazione del territorio e del patrimonio comunale. Le risorse disponibili ammontano a 3 milioni di euro. Ogni Comune potr\u00e0 presentare una sola domanda, entro il 20 novembre 2019.<\/p>\n<p><strong>IL VICE PRESIDENTE DELLA PROVINCIA SERENELLA BOGANA<\/strong><\/p>\n<audio class=\"wp-audio-shortcode\" id=\"audio-102476-3\" preload=\"none\" style=\"width: 100%;\" controls=\"controls\"><source type=\"audio\/mpeg\" src=\"http:\/\/www.radiopiu.net\/wordpress\/wp-content\/uploads\/2019\/10\/Bando-Comuni_Bogana.mp3?_=3\" \/><a href=\"http:\/\/www.radiopiu.net\/wordpress\/wp-content\/uploads\/2019\/10\/Bando-Comuni_Bogana.mp3\">http:\/\/www.radiopiu.net\/wordpress\/wp-content\/uploads\/2019\/10\/Bando-Comuni_Bogana.mp3<\/a><\/audio>\n<p>&nbsp;<\/p>\n<p>&nbsp;<\/p>\n<p>&nbsp;<\/p>\n<p>&nbsp;<\/p>\n<p>&nbsp;<\/p>\n<h3>FUOCHI PER L&#8217;AUTONOMIA \u201cMINORANZE SIANO RAPPRESENTATE NEL NUOVO PARLAMENTO\u201d<\/h3>\n<p><strong><a class=\"dt-pswp-item\" href=\"http:\/\/www.radiopiu.net\/wordpress\/wp-content\/uploads\/2019\/10\/Andrea-Bona.jpg\" data-dt-img-description=\"\" data-large_image_width=\"1365\" data-large_image_height=\"1079\"><img loading=\"lazy\" decoding=\"async\" class=\"wp-image-102478 alignleft\" src=\"http:\/\/www.radiopiu.net\/wordpress\/wp-content\/uploads\/2019\/10\/Andrea-Bona-300x237.jpg\" alt=\"\" width=\"154\" height=\"122\" srcset=\"https:\/\/www.radiopiu.net\/wordpress\/wp-content\/uploads\/2019\/10\/Andrea-Bona-300x237.jpg 300w, https:\/\/www.radiopiu.net\/wordpress\/wp-content\/uploads\/2019\/10\/Andrea-Bona-768x607.jpg 768w, https:\/\/www.radiopiu.net\/wordpress\/wp-content\/uploads\/2019\/10\/Andrea-Bona-1024x809.jpg 1024w, https:\/\/www.radiopiu.net\/wordpress\/wp-content\/uploads\/2019\/10\/Andrea-Bona.jpg 1365w\" sizes=\"auto, (max-width: 154px) 100vw, 154px\" \/><\/a>BELLUNO\u00a0<\/strong> Tornano sabato sui monti e nelle piazze bellunesi gli ormai tradizionali \u201cfuochi per l&#8217;autonomia\u201d, organizzati dal movimento Belluno Autonoma Regione Dolomiti e nati in occasione della grande mobilitazione in difesa della Provincia del 2012. Nell&#8217;edizione 2019 i fuochi \u201cillumineranno\u201d la questione della minoranza ladina e il futuro assetto parlamentare, alla luce del taglio dei parlamentari che priverebbe quasi sicuramente la provincia bellunese di rappresentanti a Roma.<\/p>\n<p><strong>AI MICROFONI DI RADIO PIU&#8217; IL PRESIDENTE DEL MOVIMENTO BARD ANDREA BONA SUI FUOCHI AUTONOMIA 2019<\/strong><\/p>\n<audio class=\"wp-audio-shortcode\" id=\"audio-102476-4\" preload=\"none\" style=\"width: 100%;\" controls=\"controls\"><source type=\"audio\/mpeg\" src=\"http:\/\/www.radiopiu.net\/wordpress\/wp-content\/uploads\/2019\/10\/Andrea-Bona-BARD-fuochi-autonomia-2019.mp3?_=4\" \/><a href=\"http:\/\/www.radiopiu.net\/wordpress\/wp-content\/uploads\/2019\/10\/Andrea-Bona-BARD-fuochi-autonomia-2019.mp3\">http:\/\/www.radiopiu.net\/wordpress\/wp-content\/uploads\/2019\/10\/Andrea-Bona-BARD-fuochi-autonomia-2019.mp3<\/a><\/audio>\n<p><strong>&#8230;E SU LADINI E AUTONOMIA PROVINCIALE<\/strong><\/p>\n<audio class=\"wp-audio-shortcode\" id=\"audio-102476-5\" preload=\"none\" style=\"width: 100%;\" controls=\"controls\"><source type=\"audio\/mpeg\" src=\"http:\/\/www.radiopiu.net\/wordpress\/wp-content\/uploads\/2019\/10\/Andrea-Bona-BARD-ladini-e-autonomia-provincia.mp3?_=5\" \/><a href=\"http:\/\/www.radiopiu.net\/wordpress\/wp-content\/uploads\/2019\/10\/Andrea-Bona-BARD-ladini-e-autonomia-provincia.mp3\">http:\/\/www.radiopiu.net\/wordpress\/wp-content\/uploads\/2019\/10\/Andrea-Bona-BARD-ladini-e-autonomia-provincia.mp3<\/a><\/audio>\n<p>&nbsp;<\/p>\n<p>&nbsp;<\/p>\n<p>&nbsp;<\/p>\n<p>&nbsp;<\/p>\n<h3>LE ULTIME SULL&#8217;AUTONOMIA, PARLA LUCA ZAIA<\/h3>\n<div style=\"width: 854px;\" class=\"wp-video\"><video class=\"wp-video-shortcode\" id=\"video-102476-3\" width=\"854\" height=\"480\" preload=\"metadata\" controls=\"controls\"><source type=\"video\/mp4\" src=\"http:\/\/www.radiopiu.net\/wordpress\/wp-content\/uploads\/2019\/10\/Zaia-autonomia-per-link.mp4?_=3\" \/><a href=\"http:\/\/www.radiopiu.net\/wordpress\/wp-content\/uploads\/2019\/10\/Zaia-autonomia-per-link.mp4\">http:\/\/www.radiopiu.net\/wordpress\/wp-content\/uploads\/2019\/10\/Zaia-autonomia-per-link.mp4<\/a><\/video><\/div>\n<p>&nbsp;<\/p>\n<p>&nbsp;<\/p>\n<p>&nbsp;<\/p>\n<p>&nbsp;<\/p>\n<p>&nbsp;<\/p>\n<p>&nbsp;<\/p>\n<h3>CARENZA MEDICI. SUCCESSO DEL PRIMO BANDO VENETO PER GIOVANI NON SPECIALIZZATI CON 224 DOMANDE PER PRONTO SOCCORSO<\/h3>\n<p><strong><a class=\"dt-pswp-item\" href=\"http:\/\/www.radiopiu.net\/wordpress\/wp-content\/uploads\/2018\/01\/CroppedImage720439-MEDICI.jpg\" data-dt-img-description=\"\" data-large_image_width=\"720\" data-large_image_height=\"439\"><img loading=\"lazy\" decoding=\"async\" class=\" wp-image-42392 alignleft\" src=\"http:\/\/www.radiopiu.net\/wordpress\/wp-content\/uploads\/2018\/01\/CroppedImage720439-MEDICI-300x183.jpg\" alt=\"\" width=\"266\" height=\"162\" srcset=\"https:\/\/www.radiopiu.net\/wordpress\/wp-content\/uploads\/2018\/01\/CroppedImage720439-MEDICI-300x183.jpg 300w, https:\/\/www.radiopiu.net\/wordpress\/wp-content\/uploads\/2018\/01\/CroppedImage720439-MEDICI.jpg 720w\" sizes=\"auto, (max-width: 266px) 100vw, 266px\" \/><\/a>VENEZIA<\/strong>\u00a0 Si \u00e8 chiuso in Veneto, con 224 domande arrivate, il bando per il reclutamento di giovani medici laureati, abilitati, ma non ancora specializzati, da inserire negli ospedali con un contratto autonomo. Il bando riguarda l\u2019inserimento nell\u2019area Pronto Soccorso. Da oggi, come previsto dalle relative delibere assunte lo scorso agosto per far fronte alla grave carenza di medici, parte quello riservato all\u2019area internistica. Ne ha dato notizia il Presidente della Regione del Veneto, Luca Zaia intervenendo a un evento all\u2019Ospedale di Castelfranco Veneto. Il percorso formativo che preceder\u00e0 la fase dell\u2019inserimento negli ospedali sar\u00e0 realizzato in collaborazione e confronto con le Universit\u00e0, partendo da quanto previsto dalle delibera di giunta di agosto, cio\u00e8 una parte teorica di formazione d\u2019aula e un\u2019attivit\u00e0 di tirocinio pratico con tutoraggio.<\/p>\n<blockquote><p><em>\u201cL\u2019adesione \u00e8 stata importante \u2013 commenta Zaia \u2013 il che dimostra quanta voglia di lavorare e di mettersi alla prova ci sia tra i nostri giovani medici, imprigionati nell\u2019assurdit\u00e0 nazionale delle borse di specialit\u00e0 in numero largamente inferiore ai laureati in medicina, elemento questo tra i pi\u00f9 determinanti per la ormai emergenziale carenza di medici in tutta Italia (53.000) e in Veneto (almeno 1.300). In questi mesi \u2013 aggiunge il Governatore \u2013 abbiamo sentito un mare di teorie, ma fatti concreti, nessuno. Il primo e unico \u00e8 stato il documento del Veneto che tutte le Regioni hanno fatto proprio e approvato, inviandolo gi\u00e0 il 26 settembre scorso al Governo e al Ministero della Salute&#8221;.<\/em><\/p><\/blockquote>\n<p>&nbsp;<\/p>\n<p>&nbsp;<\/p>\n<p>&nbsp;<\/p>\n<h3>DARIO BOND\u00a0 \u00abBASTA CON LO STRAPOTERE DELLE SOPRINTENDENZE\u00bb<\/h3>\n<p><strong><a class=\"dt-pswp-item\" href=\"http:\/\/www.radiopiu.net\/wordpress\/wp-content\/uploads\/2019\/10\/0a4393d6-fc25-4377-ae44-6fbf410100f9.jpg\" data-dt-img-description=\"\" data-large_image_width=\"1296\" data-large_image_height=\"972\"><img loading=\"lazy\" decoding=\"async\" class=\"size-medium wp-image-102332 alignleft\" src=\"http:\/\/www.radiopiu.net\/wordpress\/wp-content\/uploads\/2019\/10\/0a4393d6-fc25-4377-ae44-6fbf410100f9-300x225.jpg\" alt=\"\" width=\"300\" height=\"225\" srcset=\"https:\/\/www.radiopiu.net\/wordpress\/wp-content\/uploads\/2019\/10\/0a4393d6-fc25-4377-ae44-6fbf410100f9-300x225.jpg 300w, https:\/\/www.radiopiu.net\/wordpress\/wp-content\/uploads\/2019\/10\/0a4393d6-fc25-4377-ae44-6fbf410100f9-768x576.jpg 768w, https:\/\/www.radiopiu.net\/wordpress\/wp-content\/uploads\/2019\/10\/0a4393d6-fc25-4377-ae44-6fbf410100f9-1024x768.jpg 1024w, https:\/\/www.radiopiu.net\/wordpress\/wp-content\/uploads\/2019\/10\/0a4393d6-fc25-4377-ae44-6fbf410100f9.jpg 1296w\" sizes=\"auto, (max-width: 300px) 100vw, 300px\" \/><\/a>ALLEGHE<\/strong> \u00abBasta con lo strapotere delle Soprintendenze. Le comunit\u00e0 della montagna bellunese hanno il diritto di vivere senza cavilli burocratici inutili\u00bb. \u00c8 quanto afferma il deputato di Forza Italia, Dario Bond. \u00abHo letto questa mattina con attenzione le situazioni rappresentate da Radiopiu riguardanti la gestione di alcune opere. La ciclabile che deve essere satinata, completata con un asfalto abraso. La casa che non pu\u00f2 essere abbattuta, anche se il proprietario \u00e8 d\u2019accordo.\u00a0 Tutte situazioni che non possono non essere denunciate\u00bb afferma il deputato Dario Bond. \u00abQuesto strapotere delle Soprintendenze non \u00e8 pi\u00f9 tollerabile. Non \u00e8 una guerra contro un funzionario o l\u2019altro. \u00c8 una guerra per la qualit\u00e0 della vita dei cittadini e delle comunit\u00e0, che si trovano sott\u2019acqua per tanti motivi; proprio per questo non possono esserci anche i cavilli burocratici e le pretese di qualcuno che agendo in questo modo va contro le esigenze dei cittadini, peraltro buttando via soldi pubblici. Non posso fermarmi alla semplice ma marcata critica. Informer\u00f2 l\u2019amico ministro bellunese Federico D\u2019Inc\u00e0 della situazione e il ministro Franceschini, perch\u00e9 \u00e8 giusto che sappiano cosa accade nei territori lontani da Roma. Nella capitale succede che i sanpietrini vengano aggiustati con l\u2019asfalto, che certe ristrutturazioni vengano fatte tanto per fare; in giro, invece, si va a controllare tutto, perfino quale \u00e8 la tonalit\u00e0 dell\u2019asfalto. Cose inaccettabili che vanno rigettate al mittente. Chieder\u00f2 un incontro, presenter\u00f2 anche un\u2019interrogazione. Non moller\u00f2 su questo punto\u00bb.<\/p>\n<p><strong>L&#8217;EX SINDACO DI ALLEGHE SIRO DE BIASIO ORA CHE NON E&#8217; PIU&#8217; SINDACO E NON TEME PIU&#8217; NESSUNO SI TOGLIE I SASSOLINI DALLE SCARPE<\/strong><\/p>\n<audio class=\"wp-audio-shortcode\" id=\"audio-102476-6\" preload=\"none\" style=\"width: 100%;\" controls=\"controls\"><source type=\"audio\/mpeg\" src=\"http:\/\/www.radiopiu.net\/wordpress\/wp-content\/uploads\/2019\/10\/SIRO2.mp3?_=6\" \/><a href=\"http:\/\/www.radiopiu.net\/wordpress\/wp-content\/uploads\/2019\/10\/SIRO2.mp3\">http:\/\/www.radiopiu.net\/wordpress\/wp-content\/uploads\/2019\/10\/SIRO2.mp3<\/a><\/audio>\n<p>&nbsp;<\/p>\n<p>&nbsp;<\/p>\n<p>&nbsp;<\/p>\n<h3>ESERCITAZIONE ANTINCENDIO BOSCHIVO IN ALPAGO<\/h3>\n<p><strong><a class=\"dt-pswp-item\" href=\"http:\/\/www.radiopiu.net\/wordpress\/wp-content\/uploads\/2019\/10\/1662-2019-esercitazione-AIB-Alpago-1.jpg\" data-dt-img-description=\"\" data-large_image_width=\"900\" data-large_image_height=\"1600\"><img loading=\"lazy\" decoding=\"async\" class=\"size-medium wp-image-102510 alignleft\" src=\"http:\/\/www.radiopiu.net\/wordpress\/wp-content\/uploads\/2019\/10\/1662-2019-esercitazione-AIB-Alpago-1-169x300.jpg\" alt=\"\" width=\"169\" height=\"300\" srcset=\"https:\/\/www.radiopiu.net\/wordpress\/wp-content\/uploads\/2019\/10\/1662-2019-esercitazione-AIB-Alpago-1-169x300.jpg 169w, https:\/\/www.radiopiu.net\/wordpress\/wp-content\/uploads\/2019\/10\/1662-2019-esercitazione-AIB-Alpago-1-768x1365.jpg 768w, https:\/\/www.radiopiu.net\/wordpress\/wp-content\/uploads\/2019\/10\/1662-2019-esercitazione-AIB-Alpago-1-576x1024.jpg 576w, https:\/\/www.radiopiu.net\/wordpress\/wp-content\/uploads\/2019\/10\/1662-2019-esercitazione-AIB-Alpago-1.jpg 900w\" sizes=\"auto, (max-width: 169px) 100vw, 169px\" \/><\/a>ALPAGO\u00a0<\/strong> Si \u00e8 svolta domenica sul versante sud est del monte Dolada, in localit\u00e0 Col Brustol\u00e0, in Comune di Alpago un&#8217;importante esercitazione di livello regionale con simulazione di un incendio boschivo.\u00a0 Occasione per testare l&#8217;efficienza delle forze antincendio boschivo mettendo in campo differenti modalit\u00e0 di intervento in relazione ai diversi scenari di rischio che si vengono a presentare in situazioni analoghe a quella simulata. Durante l&#8217;esercitazione i molti volontari in campo, ipotizzando che il fuoco si espandesse, hanno provveduto a creare una cortina di schiuma, a monte della testa, di circa 600 metri, per provare difficolt\u00e0 operative e tempi di realizzazione in caso di necessit\u00e0 reale. L\u2019elicottero regionale, invece, \u00e8 stato utilizzato per simulare il contenimento dei fianchi dell\u2019area bruciata; per il pescaggio dell\u2019acqua sono state montate due vasche da 6.000 e 3.500 litri. All\u2019esercitazione, coordinata dalla Regione Veneto, hanno partecipato volontari dei Gruppi di Protezione Civile specializzati in antincendio boschivo di Sospirolo, Monte Peron Sedico, Soverzene, Longarone, Auronzo di Cadore, Pieve di Cadore \u2013 Antelao, della Comunit\u00e0 Montana Feltrina, i gruppi ANA Belluno AIB e ANA Feltre coordinamento AIB. Sono intervenute, inoltre, alcune squadre dei Vigili del Fuoco, sia volontari che permanenti, oltre ai funzionari regionali dei Servizi forestali e della Protezione Civile del Veneto. Al termine dell\u2019esercitazione \u00e8 stata confermata l\u2019efficacia del sistema. <em>\u201cUn grazie particolare ai molti volontari \u2013\u00a0 ha detto l&#8217;assessore Gianpaolo Bottacin \u2013 che, come sempre, con la loro disponibilit\u00e0 e preparazione avvalorano l\u2019eccellenza della Protezione Civile veneta\u201d<\/em><\/p>\n<p>&nbsp;<\/p>\n<p>&nbsp;<\/p>\n<p>&nbsp;<\/p>\n<p>&nbsp;<\/p>\n<p>&nbsp;<\/p>\n<p>&nbsp;<\/p>\n<h3>TAVOLO TECNICO ZONALE: DOMANI LA RIUNIONE PER LA QUALITA&#8217; DELL&#8217;ARIA<\/h3>\n<p><strong><a class=\"dt-pswp-item\" href=\"http:\/\/www.radiopiu.net\/wordpress\/wp-content\/uploads\/2018\/08\/corso-arpav.jpg\" data-dt-img-description=\"\" data-large_image_width=\"1280\" data-large_image_height=\"847\"><img loading=\"lazy\" decoding=\"async\" class=\" wp-image-59293 alignleft\" src=\"http:\/\/www.radiopiu.net\/wordpress\/wp-content\/uploads\/2018\/08\/corso-arpav-300x199.jpg\" alt=\"\" width=\"243\" height=\"161\" srcset=\"https:\/\/www.radiopiu.net\/wordpress\/wp-content\/uploads\/2018\/08\/corso-arpav-300x199.jpg 300w, https:\/\/www.radiopiu.net\/wordpress\/wp-content\/uploads\/2018\/08\/corso-arpav-768x508.jpg 768w, https:\/\/www.radiopiu.net\/wordpress\/wp-content\/uploads\/2018\/08\/corso-arpav-1024x678.jpg 1024w, https:\/\/www.radiopiu.net\/wordpress\/wp-content\/uploads\/2018\/08\/corso-arpav.jpg 1280w\" sizes=\"auto, (max-width: 243px) 100vw, 243px\" \/><\/a>BELLUNO<\/strong> Si riunir\u00e0\u00a0 oggi il Tavolo Tecnico Zonale dei Comuni della Provincia di Belluno. Si tratta dello strumento provinciale previsto dal Piano Regionale di tutela e risanamento dell&#8217;atmosfera, di cui fanno parte l&#8217;amministrazione provinciale, il Comune capoluogo e, a carattere consultivo, Arpav, Ulss e altre strutture invitate per temi specifici.<br \/>\nLa convocazione segue l&#8217;ultimo appuntamento del Tavolo, avvenuto nel mese di maggio, a cui erano stati invitati anche gli studenti della Consulta provinciale, per illustrare l&#8217;impegno della Provincia di Belluno sui temi della tutela dell&#8217;ambiente. E cade giusto a ridosso della stagione invernale, appena prima dell&#8217;accensione di stufe e riscaldamenti. Rappresenta quindi il momento ideale per fare il punto sulla qualit\u00e0 dell&#8217;aria e sulle possibili misure di prevenzione dell&#8217;inquinamento atmosferico. Nonostante il territorio della provincia di Belluno non abbia i problemi di cattiva qualit\u00e0 dell&#8217;aria che registrano altre realt\u00e0 della pianura veneta e padana, l&#8217;attenzione dell&#8217;amministrazione provinciale \u00e8 sempre molto alta sull&#8217;argomento.<br \/>\nIl Tavolo Tecnico Zonale di domattina raccoglier\u00e0 l&#8217;aggiornamento dei dati di qualit\u00e0 dell&#8217;aria mappati da Arpav. E analizzer\u00e0 nel dettaglio le misure messe a punto per il contenimento e la prevenzione dell\u2019inquinamento atmosferico per la stagione invernale 2019\/20, derivate dal tavolo di coordinamento dei Comuni capoluogo della Regione Veneto.<\/p>\n<p>&nbsp;<\/p>\n<p>&nbsp;<\/p>\n<h3>IL RITORNO DEL BANCOMAT&#8230;<\/h3>\n<p><strong><a class=\"dt-pswp-item\" href=\"http:\/\/www.radiopiu.net\/wordpress\/wp-content\/uploads\/2019\/10\/b480392d-3ab3-48a5-af42-9cfaf4fc288b.jpg\" data-dt-img-description=\"\" data-large_image_width=\"1024\" data-large_image_height=\"809\"><img loading=\"lazy\" decoding=\"async\" class=\"size-medium wp-image-102607 alignleft\" src=\"http:\/\/www.radiopiu.net\/wordpress\/wp-content\/uploads\/2019\/10\/b480392d-3ab3-48a5-af42-9cfaf4fc288b-300x237.jpg\" alt=\"\" width=\"300\" height=\"237\" srcset=\"https:\/\/www.radiopiu.net\/wordpress\/wp-content\/uploads\/2019\/10\/b480392d-3ab3-48a5-af42-9cfaf4fc288b-300x237.jpg 300w, https:\/\/www.radiopiu.net\/wordpress\/wp-content\/uploads\/2019\/10\/b480392d-3ab3-48a5-af42-9cfaf4fc288b-768x607.jpg 768w, https:\/\/www.radiopiu.net\/wordpress\/wp-content\/uploads\/2019\/10\/b480392d-3ab3-48a5-af42-9cfaf4fc288b.jpg 1024w\" sizes=\"auto, (max-width: 300px) 100vw, 300px\" \/><\/a>LIVINALLONGO<\/strong> Al piano terra del Municipio (ufficio postale) sette giorni su sette, 24 ore al giorno, un bancomat a disposizione di valligiani e turisti, anche per il pagamento dei bollettini postali. Ne da notizia il primo cittadino Fodom. Per Pieve di Livinallongo \u00e8 una novit\u00e0 rispetto ai 4 presenti ad Arabba, era stato tolto tempo fa, ma l&#8217;impegno dell&#8217;amministrazione lo riporta al suo posto con 10 impegni per i Comuni italiani<\/p>\n<p>&nbsp;<\/p>\n<p>&nbsp;<\/p>\n<p>IL SINDACO LEANDRO GRONES<\/p>\n<audio class=\"wp-audio-shortcode\" id=\"audio-102476-7\" preload=\"none\" style=\"width: 100%;\" controls=\"controls\"><source type=\"audio\/mpeg\" src=\"http:\/\/www.radiopiu.net\/wordpress\/wp-content\/uploads\/2019\/10\/LEANDRO-1.mp3?_=7\" \/><a href=\"http:\/\/www.radiopiu.net\/wordpress\/wp-content\/uploads\/2019\/10\/LEANDRO-1.mp3\">http:\/\/www.radiopiu.net\/wordpress\/wp-content\/uploads\/2019\/10\/LEANDRO-1.mp3<\/a><\/audio>\n<p>&nbsp;<\/p>\n<p>&nbsp;<\/p>\n<p>&nbsp;<\/p>\n<p>&nbsp;<\/p>\n<h3>POSTE CON I SINDACI DEI PICCOLI COMUNI A ROMA, UNCEM TRA I PARTNER DELL&#8217;EVENTO DEL 28 OTTOBRE ALLA NUVOLA DI ROMA.<\/h3>\n<blockquote><p><strong>Leggerete di un incontro a Roma tra Uncem e Poste per l&#8217;avvio di nuovi servizi, di installazione di Postamat. A Marco Bussone presidente Uncem ed ai sindaci vorremmo dire che per contenere la desertificazione meglio farebbero a battersi perch\u00e9 gli uffici postali rimangano aperti in considerazione di quanti ne sono stati chiusi. Che la posta arrivasse puntuale, oggi i quotidiani del venerdi arrivano il lunedi con quelli del sabato e della domenica e sono utili solo per accendere il fuoco perch\u00e9 la vita va avanti di 24 ore in 24 ore. Questo chiedono i cittadini, che le bollette arrivino puntuali per evitare sopratasse, che\u00a0 gli avvisi di visite mediche arrivino prima dell&#8217;appuntamento con il medico e via discorrendo. I disservizi in questo senso non sono mancati e Uncem ci auguriamo ne sia almeno a conoscenza (mm)\u00a0<\/strong><\/p><\/blockquote>\n<p><a class=\"dt-pswp-item\" href=\"http:\/\/www.radiopiu.net\/wordpress\/wp-content\/uploads\/2018\/12\/argentera_ferrere-3.jpg\" data-dt-img-description=\"\" data-large_image_width=\"865\" data-large_image_height=\"330\"><img loading=\"lazy\" decoding=\"async\" class=\"alignnone wp-image-71005 size-full\" src=\"http:\/\/www.radiopiu.net\/wordpress\/wp-content\/uploads\/2018\/12\/argentera_ferrere-3.jpg\" alt=\"\" width=\"865\" height=\"330\" srcset=\"https:\/\/www.radiopiu.net\/wordpress\/wp-content\/uploads\/2018\/12\/argentera_ferrere-3.jpg 865w, https:\/\/www.radiopiu.net\/wordpress\/wp-content\/uploads\/2018\/12\/argentera_ferrere-3-300x114.jpg 300w, https:\/\/www.radiopiu.net\/wordpress\/wp-content\/uploads\/2018\/12\/argentera_ferrere-3-768x293.jpg 768w\" sizes=\"auto, (max-width: 865px) 100vw, 865px\" \/><\/a><\/p>\n<p><strong>ROMA<\/strong> Il 28 ottobre i Sindaci dell&#8217;Italia dei piccoli Comuni, saranno con Poste Italiane a Roma per &#8220;la Nuvola 2.0&#8221;, secondo atto del percorso che Poste con gli Enti, in accordo con Anci e Uncem, ha iniziato meno di un anno fa.\u00a0 <em>&#8220;Riaffermiamo il Patto tra Poste e i Comuni siglato il 26 novembre 2018, che\u00a0 pu\u00f2 dare nuove preziosi risposte alla montagna, ai territori, alle comunit\u00e0. &#8220;I Comuni e i cittadini hanno apprezzato i nuovi servizi che Poste sta diffondendo &#8211; afferma Marco Bussone, Presidente Uncem &#8211; Quel Postamat installato o quel wif.fi. negli uffici, piuttosto che i servizi di tesoreria e di Postino telematico, sono di fatto una presenza nuova dello Stato e delle Istituzioni assieme ai big player che al business uniscono la voglia di essere parte attiva nello sviluppo locale. Mi ricorda la necessit\u00e0 di costruire una &#8216;terza via&#8217; tra Stato e mercato. Questo futuro \u00e8 nelle comunit\u00e0, nella coesione e nell&#8217;interazione dei cittadini che non sono numeri, destinatari dei servizi quando ci sono, ma costruttori dei servizi stessi&#8221;. Per questo lavoriamo a un nuovo &#8220;patto&#8221; tra Enti locali, imprese, terzo settore. Uncem ha proposto il modello di Poste per i piccoli Comuni a moltissime altre imprese, in particolare dell&#8217;energia, delle telecomunicazioni&#8221;.\u00a0<\/em><\/p>\n<p>&nbsp;<\/p>\n<p>&nbsp;<\/p>\n<p>&nbsp;<\/p>\n<div class=\"_4u-c _1wfr _9hq\">\n<div class=\"_5f0v uiScrollableArea fade contentBefore\" tabindex=\"0\">\n<div id=\"js_gv\" class=\"uiScrollableAreaWrap scrollable\">\n<div class=\"uiScrollableAreaBody\">\n<div class=\"uiScrollableAreaContent\">\n<div class=\"__i_ _7i2k\" role=\"region\" aria-label=\"Messaggi\">\n<div id=\"js_1\">\n<div>\n<div class=\"_1t_p clearfix\">\n<div class=\"_41ud\">\n<div class=\"clearfix _o46 _3erg _29_7 direction_ltr text_align_ltr\">\n<div id=\"js_ry\" class=\"_3058 _ui9 _hh7 _6ybn _s1- _52mr _3oh-\" data-tooltip-content=\"17:48\" data-hover=\"tooltip\" data-tooltip-position=\"left\" aria-describedby=\"js_1x\">\n<h3 class=\"_aok _7i2m\" tabindex=\"0\" aria-label=\"Cio sono 3 foto. INAUGURATA NEL NOVEMBRE DEL 1886 LA STAZIONE FERROVIARIA DI BELLUNO Nel libro \u201cBelluno e provincia nelle vecchie cartoline\u201d edito a cura del Lions club bellunese da Canova di Treviso nelle Officine grafiche Longo e Zoppelli della citt\u00e0 della Marca nel dicembre 1975, gli storici bellunesi Giovanni Fabbiani e Giuseppe Sorge hanno scelto e commentato157 vecchie cartoline illustrate. Fra tutte, proponiamo oggi due immagini della Stazione ferroviaria di Belluno accostate alla stessa stazione come \u00e8 oggi. La dicitura che accompagna la prima immagine recita: \u201cCon il novembre1886 i collegamenti tra Belluno e la pianura veneta furono assicurati oltre che dalle strade di Alemagna, Bellunese e Feltrina anche mediante ferrovia. La stazione ferroviaria che si vede nella cartolina \u00e8 quella inaugurata il 10 novembre 1886 e sorgeva sull\u2019area ora occupata dalla scuola elementare Gabelli (oggi in via di ristrutturazione-sistemazione \u2013 ndr.). L\u2019attuale stazione fu inaugurata nel 1928. Al di fuori della stazione, come si vede nella cartolina (che \u00e8 del 1909) attendono le carrozze con cavalli degli alberghi\u201d. In quella della seconda immagine storica si legge: \u201cLa vita riprende a scorrere serena. Siamo ancora davanti alla stazione ferroviaria prima versione. Alcune persone si affrettano ai treni. Due carrozze attendono gli ospiti: quella bianca \u00e8 dell\u2019Albergo\u2019Alle Alpi\u2019 e quella scura dell\u2019Albergo \u2018Cappello\u2019. All\u2019uscita, siamo nel 1920, c\u2019\u00e8 anche una macchina, accanto alle carrozze\u201d. E veniamo brevemente alla terza immagine, quella che ci offre una panoramica della stazione di oggi: sparite le carrozze, vi sono numerose auto, in particolare private, e qualche autobus, ma la gente non \u00e8 proprio numerosissima\u2026 NELLE FOTO (riproduzione dal libro \u201cBelluno e provincia nelle vecchie cartoline\u201d e Renato Bona): la stazione di Belluno inaugurata nel 1886; la stessa nel 1920, e quella di oggi.\"><span class=\"_3oh- _58nk\"> INAUGURATA NEL NOVEMBRE DEL 1886 LA STAZIONE FERROVIARIA DI BELLUNO<\/span><\/h3>\n<div tabindex=\"0\" aria-label=\"Cio sono 3 foto. INAUGURATA NEL NOVEMBRE DEL 1886 LA STAZIONE FERROVIARIA DI BELLUNO Nel libro \u201cBelluno e provincia nelle vecchie cartoline\u201d edito a cura del Lions club bellunese da Canova di Treviso nelle Officine grafiche Longo e Zoppelli della citt\u00e0 della Marca nel dicembre 1975, gli storici bellunesi Giovanni Fabbiani e Giuseppe Sorge hanno scelto e commentato157 vecchie cartoline illustrate. Fra tutte, proponiamo oggi due immagini della Stazione ferroviaria di Belluno accostate alla stessa stazione come \u00e8 oggi. La dicitura che accompagna la prima immagine recita: \u201cCon il novembre1886 i collegamenti tra Belluno e la pianura veneta furono assicurati oltre che dalle strade di Alemagna, Bellunese e Feltrina anche mediante ferrovia. La stazione ferroviaria che si vede nella cartolina \u00e8 quella inaugurata il 10 novembre 1886 e sorgeva sull\u2019area ora occupata dalla scuola elementare Gabelli (oggi in via di ristrutturazione-sistemazione \u2013 ndr.). L\u2019attuale stazione fu inaugurata nel 1928. Al di fuori della stazione, come si vede nella cartolina (che \u00e8 del 1909) attendono le carrozze con cavalli degli alberghi\u201d. In quella della seconda immagine storica si legge: \u201cLa vita riprende a scorrere serena. Siamo ancora davanti alla stazione ferroviaria prima versione. Alcune persone si affrettano ai treni. Due carrozze attendono gli ospiti: quella bianca \u00e8 dell\u2019Albergo\u2019Alle Alpi\u2019 e quella scura dell\u2019Albergo \u2018Cappello\u2019. All\u2019uscita, siamo nel 1920, c\u2019\u00e8 anche una macchina, accanto alle carrozze\u201d. E veniamo brevemente alla terza immagine, quella che ci offre una panoramica della stazione di oggi: sparite le carrozze, vi sono numerose auto, in particolare private, e qualche autobus, ma la gente non \u00e8 proprio numerosissima\u2026 NELLE FOTO (riproduzione dal libro \u201cBelluno e provincia nelle vecchie cartoline\u201d e Renato Bona): la stazione di Belluno inaugurata nel 1886; la stessa nel 1920, e quella di oggi.\">di RENATO BONA<\/div>\n<div class=\"_aok _7i2m\" tabindex=\"0\" aria-label=\"Cio sono 3 foto. INAUGURATA NEL NOVEMBRE DEL 1886 LA STAZIONE FERROVIARIA DI BELLUNO Nel libro \u201cBelluno e provincia nelle vecchie cartoline\u201d edito a cura del Lions club bellunese da Canova di Treviso nelle Officine grafiche Longo e Zoppelli della citt\u00e0 della Marca nel dicembre 1975, gli storici bellunesi Giovanni Fabbiani e Giuseppe Sorge hanno scelto e commentato157 vecchie cartoline illustrate. Fra tutte, proponiamo oggi due immagini della Stazione ferroviaria di Belluno accostate alla stessa stazione come \u00e8 oggi. La dicitura che accompagna la prima immagine recita: \u201cCon il novembre1886 i collegamenti tra Belluno e la pianura veneta furono assicurati oltre che dalle strade di Alemagna, Bellunese e Feltrina anche mediante ferrovia. La stazione ferroviaria che si vede nella cartolina \u00e8 quella inaugurata il 10 novembre 1886 e sorgeva sull\u2019area ora occupata dalla scuola elementare Gabelli (oggi in via di ristrutturazione-sistemazione \u2013 ndr.). L\u2019attuale stazione fu inaugurata nel 1928. Al di fuori della stazione, come si vede nella cartolina (che \u00e8 del 1909) attendono le carrozze con cavalli degli alberghi\u201d. In quella della seconda immagine storica si legge: \u201cLa vita riprende a scorrere serena. Siamo ancora davanti alla stazione ferroviaria prima versione. Alcune persone si affrettano ai treni. Due carrozze attendono gli ospiti: quella bianca \u00e8 dell\u2019Albergo\u2019Alle Alpi\u2019 e quella scura dell\u2019Albergo \u2018Cappello\u2019. All\u2019uscita, siamo nel 1920, c\u2019\u00e8 anche una macchina, accanto alle carrozze\u201d. E veniamo brevemente alla terza immagine, quella che ci offre una panoramica della stazione di oggi: sparite le carrozze, vi sono numerose auto, in particolare private, e qualche autobus, ma la gente non \u00e8 proprio numerosissima\u2026 NELLE FOTO (riproduzione dal libro \u201cBelluno e provincia nelle vecchie cartoline\u201d e Renato Bona): la stazione di Belluno inaugurata nel 1886; la stessa nel 1920, e quella di oggi.\"><span class=\"_3oh- _58nk\"><img loading=\"lazy\" decoding=\"async\" class=\"img alignleft\" src=\"https:\/\/scontent.fmxp3-1.fna.fbcdn.net\/v\/t1.0-1\/c13.0.50.50a\/p50x50\/553085_385905871470280_1626001170_n.jpg?_nc_cat=110&amp;_nc_oc=AQmMrZ7AJl04930V0rF_-iuKKH6cZIQQLVUyHyEOgQtV8braa96DgQrcipY2j4oSmV4&amp;_nc_ht=scontent.fmxp3-1.fna&amp;oh=3d750d4cacacebb6e5ba63ffc4cd1749&amp;oe=5E1D084C\" alt=\"Renatobruno Bona\" width=\"70\" height=\"70\" \/><strong>BELLUNO<\/strong> Nel libro \u201cBelluno e provincia nelle vecchie cartoline\u201d edito a cura del Lions club bellunese da Canova di Treviso nelle Officine grafiche Longo e Zoppelli della citt\u00e0 della Marca nel dicembre 1975, gli storici bellunesi Giovanni Fabbiani e Giuseppe Sorge hanno scelto e commentato 157 vecchie cartoline illustrate. Fra tutte, proponiamo oggi due immagini della Stazione ferroviaria di Belluno accostate alla stessa stazione come \u00e8 oggi. La dicitura che accompagna la prima immagine recita: \u201cCon il novembre1886 i collegamenti tra Belluno e la pianura veneta furono assicurati oltre che dalle strade di Alemagna, Bellunese e Feltrina anche mediante ferrovia. La stazione ferroviaria che si vede nella cartolina \u00e8 quella inaugurata il 10 novembre 1886 e sorgeva sull\u2019area ora occupata dalla scuola elementare Gabelli (oggi in via di ristrutturazione-sistemazione \u2013 ndr.). L\u2019attuale stazione fu inaugurata nel 1928. Al di fuori della stazione, come si vede nella cartolina (che \u00e8 del 1909) attendono le carrozze con cavalli degli alberghi\u201d. In quella della seconda immagine storica si legge: \u201cLa vita riprende a scorrere serena. Siamo ancora davanti alla stazione ferroviaria prima versione. Alcune persone si affrettano ai treni. Due carrozze attendono gli ospiti: quella bianca \u00e8 dell\u2019Albergo\u2019Alle Alpi\u2019 e quella scura dell\u2019Albergo \u2018Cappello\u2019. All\u2019uscita, siamo nel 1920, c\u2019\u00e8 anche una macchina, accanto alle carrozze\u201d. E veniamo brevemente alla terza immagine, quella che ci offre una panoramica della stazione di oggi: sparite le carrozze, vi sono numerose auto, in particolare private, e qualche autobus, ma la gente non \u00e8 proprio numerosissima\u2026<\/span><\/div>\n<div tabindex=\"0\" aria-label=\"Cio sono 3 foto. INAUGURATA NEL NOVEMBRE DEL 1886 LA STAZIONE FERROVIARIA DI BELLUNO Nel libro \u201cBelluno e provincia nelle vecchie cartoline\u201d edito a cura del Lions club bellunese da Canova di Treviso nelle Officine grafiche Longo e Zoppelli della citt\u00e0 della Marca nel dicembre 1975, gli storici bellunesi Giovanni Fabbiani e Giuseppe Sorge hanno scelto e commentato157 vecchie cartoline illustrate. Fra tutte, proponiamo oggi due immagini della Stazione ferroviaria di Belluno accostate alla stessa stazione come \u00e8 oggi. La dicitura che accompagna la prima immagine recita: \u201cCon il novembre1886 i collegamenti tra Belluno e la pianura veneta furono assicurati oltre che dalle strade di Alemagna, Bellunese e Feltrina anche mediante ferrovia. La stazione ferroviaria che si vede nella cartolina \u00e8 quella inaugurata il 10 novembre 1886 e sorgeva sull\u2019area ora occupata dalla scuola elementare Gabelli (oggi in via di ristrutturazione-sistemazione \u2013 ndr.). L\u2019attuale stazione fu inaugurata nel 1928. Al di fuori della stazione, come si vede nella cartolina (che \u00e8 del 1909) attendono le carrozze con cavalli degli alberghi\u201d. In quella della seconda immagine storica si legge: \u201cLa vita riprende a scorrere serena. Siamo ancora davanti alla stazione ferroviaria prima versione. Alcune persone si affrettano ai treni. Due carrozze attendono gli ospiti: quella bianca \u00e8 dell\u2019Albergo\u2019Alle Alpi\u2019 e quella scura dell\u2019Albergo \u2018Cappello\u2019. All\u2019uscita, siamo nel 1920, c\u2019\u00e8 anche una macchina, accanto alle carrozze\u201d. E veniamo brevemente alla terza immagine, quella che ci offre una panoramica della stazione di oggi: sparite le carrozze, vi sono numerose auto, in particolare private, e qualche autobus, ma la gente non \u00e8 proprio numerosissima\u2026 NELLE FOTO (riproduzione dal libro \u201cBelluno e provincia nelle vecchie cartoline\u201d e Renato Bona): la stazione di Belluno inaugurata nel 1886; la stessa nel 1920, e quella di oggi.\"><\/div>\n<div tabindex=\"0\" aria-label=\"Cio sono 3 foto. INAUGURATA NEL NOVEMBRE DEL 1886 LA STAZIONE FERROVIARIA DI BELLUNO Nel libro \u201cBelluno e provincia nelle vecchie cartoline\u201d edito a cura del Lions club bellunese da Canova di Treviso nelle Officine grafiche Longo e Zoppelli della citt\u00e0 della Marca nel dicembre 1975, gli storici bellunesi Giovanni Fabbiani e Giuseppe Sorge hanno scelto e commentato157 vecchie cartoline illustrate. Fra tutte, proponiamo oggi due immagini della Stazione ferroviaria di Belluno accostate alla stessa stazione come \u00e8 oggi. La dicitura che accompagna la prima immagine recita: \u201cCon il novembre1886 i collegamenti tra Belluno e la pianura veneta furono assicurati oltre che dalle strade di Alemagna, Bellunese e Feltrina anche mediante ferrovia. La stazione ferroviaria che si vede nella cartolina \u00e8 quella inaugurata il 10 novembre 1886 e sorgeva sull\u2019area ora occupata dalla scuola elementare Gabelli (oggi in via di ristrutturazione-sistemazione \u2013 ndr.). L\u2019attuale stazione fu inaugurata nel 1928. Al di fuori della stazione, come si vede nella cartolina (che \u00e8 del 1909) attendono le carrozze con cavalli degli alberghi\u201d. In quella della seconda immagine storica si legge: \u201cLa vita riprende a scorrere serena. Siamo ancora davanti alla stazione ferroviaria prima versione. Alcune persone si affrettano ai treni. Due carrozze attendono gli ospiti: quella bianca \u00e8 dell\u2019Albergo\u2019Alle Alpi\u2019 e quella scura dell\u2019Albergo \u2018Cappello\u2019. All\u2019uscita, siamo nel 1920, c\u2019\u00e8 anche una macchina, accanto alle carrozze\u201d. E veniamo brevemente alla terza immagine, quella che ci offre una panoramica della stazione di oggi: sparite le carrozze, vi sono numerose auto, in particolare private, e qualche autobus, ma la gente non \u00e8 proprio numerosissima\u2026 NELLE FOTO (riproduzione dal libro \u201cBelluno e provincia nelle vecchie cartoline\u201d e Renato Bona): la stazione di Belluno inaugurata nel 1886; la stessa nel 1920, e quella di oggi.\"><a class=\"dt-pswp-item\" href=\"http:\/\/www.radiopiu.net\/wordpress\/wp-content\/uploads\/2019\/10\/72212804_2443395025744417_5436983453440540672_n.jpg\" data-dt-img-description=\"\" data-large_image_width=\"2048\" data-large_image_height=\"1283\"><img loading=\"lazy\" decoding=\"async\" class=\"alignnone wp-image-102580\" src=\"http:\/\/www.radiopiu.net\/wordpress\/wp-content\/uploads\/2019\/10\/72212804_2443395025744417_5436983453440540672_n-300x188.jpg\" alt=\"\" width=\"212\" height=\"133\" srcset=\"https:\/\/www.radiopiu.net\/wordpress\/wp-content\/uploads\/2019\/10\/72212804_2443395025744417_5436983453440540672_n-300x188.jpg 300w, https:\/\/www.radiopiu.net\/wordpress\/wp-content\/uploads\/2019\/10\/72212804_2443395025744417_5436983453440540672_n-768x481.jpg 768w, https:\/\/www.radiopiu.net\/wordpress\/wp-content\/uploads\/2019\/10\/72212804_2443395025744417_5436983453440540672_n-1024x642.jpg 1024w, https:\/\/www.radiopiu.net\/wordpress\/wp-content\/uploads\/2019\/10\/72212804_2443395025744417_5436983453440540672_n.jpg 2048w\" sizes=\"auto, (max-width: 212px) 100vw, 212px\" \/><\/a><a class=\"dt-pswp-item\" href=\"http:\/\/www.radiopiu.net\/wordpress\/wp-content\/uploads\/2019\/10\/72562074_533177703915566_1382808336340090880_n.jpg\" data-dt-img-description=\"\" data-large_image_width=\"1805\" data-large_image_height=\"996\"><img loading=\"lazy\" decoding=\"async\" class=\"alignnone wp-image-102581\" src=\"http:\/\/www.radiopiu.net\/wordpress\/wp-content\/uploads\/2019\/10\/72562074_533177703915566_1382808336340090880_n-300x166.jpg\" alt=\"\" width=\"233\" height=\"129\" srcset=\"https:\/\/www.radiopiu.net\/wordpress\/wp-content\/uploads\/2019\/10\/72562074_533177703915566_1382808336340090880_n-300x166.jpg 300w, https:\/\/www.radiopiu.net\/wordpress\/wp-content\/uploads\/2019\/10\/72562074_533177703915566_1382808336340090880_n-768x424.jpg 768w, https:\/\/www.radiopiu.net\/wordpress\/wp-content\/uploads\/2019\/10\/72562074_533177703915566_1382808336340090880_n-1024x565.jpg 1024w, https:\/\/www.radiopiu.net\/wordpress\/wp-content\/uploads\/2019\/10\/72562074_533177703915566_1382808336340090880_n.jpg 1805w\" sizes=\"auto, (max-width: 233px) 100vw, 233px\" \/><\/a><a class=\"dt-pswp-item\" href=\"http:\/\/www.radiopiu.net\/wordpress\/wp-content\/uploads\/2019\/10\/72179520_2432440387029546_7544723810545565696_n.jpg\" data-dt-img-description=\"\" data-large_image_width=\"2048\" data-large_image_height=\"1536\"><img loading=\"lazy\" decoding=\"async\" class=\"alignnone wp-image-102582\" src=\"http:\/\/www.radiopiu.net\/wordpress\/wp-content\/uploads\/2019\/10\/72179520_2432440387029546_7544723810545565696_n-300x225.jpg\" alt=\"\" width=\"171\" height=\"128\" srcset=\"https:\/\/www.radiopiu.net\/wordpress\/wp-content\/uploads\/2019\/10\/72179520_2432440387029546_7544723810545565696_n-300x225.jpg 300w, https:\/\/www.radiopiu.net\/wordpress\/wp-content\/uploads\/2019\/10\/72179520_2432440387029546_7544723810545565696_n-768x576.jpg 768w, https:\/\/www.radiopiu.net\/wordpress\/wp-content\/uploads\/2019\/10\/72179520_2432440387029546_7544723810545565696_n-1024x768.jpg 1024w, https:\/\/www.radiopiu.net\/wordpress\/wp-content\/uploads\/2019\/10\/72179520_2432440387029546_7544723810545565696_n.jpg 2048w\" sizes=\"auto, (max-width: 171px) 100vw, 171px\" \/><\/a><\/div>\n<div tabindex=\"0\" aria-label=\"Cio sono 3 foto. INAUGURATA NEL NOVEMBRE DEL 1886 LA STAZIONE FERROVIARIA DI BELLUNO Nel libro \u201cBelluno e provincia nelle vecchie cartoline\u201d edito a cura del Lions club bellunese da Canova di Treviso nelle Officine grafiche Longo e Zoppelli della citt\u00e0 della Marca nel dicembre 1975, gli storici bellunesi Giovanni Fabbiani e Giuseppe Sorge hanno scelto e commentato157 vecchie cartoline illustrate. Fra tutte, proponiamo oggi due immagini della Stazione ferroviaria di Belluno accostate alla stessa stazione come \u00e8 oggi. La dicitura che accompagna la prima immagine recita: \u201cCon il novembre1886 i collegamenti tra Belluno e la pianura veneta furono assicurati oltre che dalle strade di Alemagna, Bellunese e Feltrina anche mediante ferrovia. La stazione ferroviaria che si vede nella cartolina \u00e8 quella inaugurata il 10 novembre 1886 e sorgeva sull\u2019area ora occupata dalla scuola elementare Gabelli (oggi in via di ristrutturazione-sistemazione \u2013 ndr.). L\u2019attuale stazione fu inaugurata nel 1928. Al di fuori della stazione, come si vede nella cartolina (che \u00e8 del 1909) attendono le carrozze con cavalli degli alberghi\u201d. In quella della seconda immagine storica si legge: \u201cLa vita riprende a scorrere serena. Siamo ancora davanti alla stazione ferroviaria prima versione. Alcune persone si affrettano ai treni. Due carrozze attendono gli ospiti: quella bianca \u00e8 dell\u2019Albergo\u2019Alle Alpi\u2019 e quella scura dell\u2019Albergo \u2018Cappello\u2019. All\u2019uscita, siamo nel 1920, c\u2019\u00e8 anche una macchina, accanto alle carrozze\u201d. E veniamo brevemente alla terza immagine, quella che ci offre una panoramica della stazione di oggi: sparite le carrozze, vi sono numerose auto, in particolare private, e qualche autobus, ma la gente non \u00e8 proprio numerosissima\u2026 NELLE FOTO (riproduzione dal libro \u201cBelluno e provincia nelle vecchie cartoline\u201d e Renato Bona): la stazione di Belluno inaugurata nel 1886; la stessa nel 1920, e quella di oggi.\"><\/div>\n<div class=\"_aok _7i2m\" tabindex=\"0\" aria-label=\"Cio sono 3 foto. INAUGURATA NEL NOVEMBRE DEL 1886 LA STAZIONE FERROVIARIA DI BELLUNO Nel libro \u201cBelluno e provincia nelle vecchie cartoline\u201d edito a cura del Lions club bellunese da Canova di Treviso nelle Officine grafiche Longo e Zoppelli della citt\u00e0 della Marca nel dicembre 1975, gli storici bellunesi Giovanni Fabbiani e Giuseppe Sorge hanno scelto e commentato157 vecchie cartoline illustrate. Fra tutte, proponiamo oggi due immagini della Stazione ferroviaria di Belluno accostate alla stessa stazione come \u00e8 oggi. La dicitura che accompagna la prima immagine recita: \u201cCon il novembre1886 i collegamenti tra Belluno e la pianura veneta furono assicurati oltre che dalle strade di Alemagna, Bellunese e Feltrina anche mediante ferrovia. La stazione ferroviaria che si vede nella cartolina \u00e8 quella inaugurata il 10 novembre 1886 e sorgeva sull\u2019area ora occupata dalla scuola elementare Gabelli (oggi in via di ristrutturazione-sistemazione \u2013 ndr.). L\u2019attuale stazione fu inaugurata nel 1928. Al di fuori della stazione, come si vede nella cartolina (che \u00e8 del 1909) attendono le carrozze con cavalli degli alberghi\u201d. In quella della seconda immagine storica si legge: \u201cLa vita riprende a scorrere serena. Siamo ancora davanti alla stazione ferroviaria prima versione. Alcune persone si affrettano ai treni. Due carrozze attendono gli ospiti: quella bianca \u00e8 dell\u2019Albergo\u2019Alle Alpi\u2019 e quella scura dell\u2019Albergo \u2018Cappello\u2019. All\u2019uscita, siamo nel 1920, c\u2019\u00e8 anche una macchina, accanto alle carrozze\u201d. E veniamo brevemente alla terza immagine, quella che ci offre una panoramica della stazione di oggi: sparite le carrozze, vi sono numerose auto, in particolare private, e qualche autobus, ma la gente non \u00e8 proprio numerosissima\u2026 NELLE FOTO (riproduzione dal libro \u201cBelluno e provincia nelle vecchie cartoline\u201d e Renato Bona): la stazione di Belluno inaugurata nel 1886; la stessa nel 1920, e quella di oggi.\"><span class=\"_3oh- _58nk\">NELLE FOTO (riproduzione dal libro \u201cBelluno e provincia nelle vecchie cartoline\u201d e Renato Bona): la stazione di Belluno inaugurata nel 1886; la stessa nel 1920, e quella di oggi.<\/span><\/div>\n<\/div>\n<\/div>\n<\/div>\n<\/div>\n<\/div>\n<div>\n<div class=\"_1t_p clearfix\">\n<div class=\"_1t_q\">\n<div class=\"_7934 _150g uiPopover _6a _6b\">\n<div class=\"_4ldz _1t_r _p\" role=\"button\" data-tooltip-content=\"Renatobruno Bona\" data-hover=\"tooltip\" data-tooltip-position=\"left\">\n<div class=\"_4ld- _7q1r\" tabindex=\"0\"><\/div>\n<\/div>\n<\/div>\n<\/div>\n<div class=\"_41ud\"><\/div>\n<\/div>\n<\/div>\n<\/div>\n<\/div>\n<\/div>\n<\/div>\n<\/div>\n<\/div>\n<\/div>\n<p>&nbsp;<\/p>\n<p>&nbsp;<\/p>\n<p>&nbsp;<\/p>\n<h3>LA BELLA NOTIZIA, IL SITO DI VALLE IMPERINA DI NUOVO RAGGIUNGIBILE.<\/h3>\n<p><strong>grazie a Giuliano Laveder<\/strong><\/p>\n\n\t\t\t<style type='text\/css'>\n\t\t\t\t#gallery-1 {\n\t\t\t\t\tmargin: auto;\n\t\t\t\t}\n\t\t\t\t#gallery-1 .gallery-item {\n\t\t\t\t\tfloat: left;\n\t\t\t\t\tmargin-top: 10px;\n\t\t\t\t\ttext-align: center;\n\t\t\t\t\twidth: 33%;\n\t\t\t\t}\n\t\t\t\t#gallery-1 img {\n\t\t\t\t\tborder: 2px solid #cfcfcf;\n\t\t\t\t}\n\t\t\t\t#gallery-1 .gallery-caption {\n\t\t\t\t\tmargin-left: 0;\n\t\t\t\t}\n\t\t\t\t\/* see gallery_shortcode() in wp-includes\/media.php *\/\n\t\t\t<\/style>\n\t\t<div id='gallery-1' class='dt-gallery-container gallery galleryid-102476 gallery-columns-3 gallery-size-thumbnail'><dl class='gallery-item'>\n\t\t\t\t<dt class='gallery-icon portrait'>\n\t\t\t\t\t<a class=\"rollover\" href='https:\/\/www.radiopiu.net\/wordpress\/giornale-radiopiu-15-ottobre-2019-direttore-mirko-mezzacasa\/0d00fbe0-7479-43e1-b013-c7544834abf0\/'><img loading=\"lazy\" decoding=\"async\" width=\"150\" height=\"150\" src=\"https:\/\/www.radiopiu.net\/wordpress\/wp-content\/uploads\/2019\/10\/0d00fbe0-7479-43e1-b013-c7544834abf0-150x150.jpg\" class=\"attachment-thumbnail size-thumbnail\" alt=\"\" \/><\/a>\n\t\t\t\t<\/dt><\/dl><dl class='gallery-item'>\n\t\t\t\t<dt class='gallery-icon portrait'>\n\t\t\t\t\t<a class=\"rollover\" href='https:\/\/www.radiopiu.net\/wordpress\/giornale-radiopiu-15-ottobre-2019-direttore-mirko-mezzacasa\/df104a78-74e4-4823-a3ac-8a961f44239d\/'><img loading=\"lazy\" decoding=\"async\" width=\"150\" height=\"150\" src=\"https:\/\/www.radiopiu.net\/wordpress\/wp-content\/uploads\/2019\/10\/df104a78-74e4-4823-a3ac-8a961f44239d-150x150.jpg\" class=\"attachment-thumbnail size-thumbnail\" alt=\"\" \/><\/a>\n\t\t\t\t<\/dt><\/dl><dl class='gallery-item'>\n\t\t\t\t<dt class='gallery-icon portrait'>\n\t\t\t\t\t<a class=\"rollover\" href='https:\/\/www.radiopiu.net\/wordpress\/giornale-radiopiu-15-ottobre-2019-direttore-mirko-mezzacasa\/1c5cfe7c-058f-4112-b9a3-b2fc5460f94b\/'><img loading=\"lazy\" decoding=\"async\" width=\"150\" height=\"150\" src=\"https:\/\/www.radiopiu.net\/wordpress\/wp-content\/uploads\/2019\/10\/1c5cfe7c-058f-4112-b9a3-b2fc5460f94b-150x150.jpg\" class=\"attachment-thumbnail size-thumbnail\" alt=\"\" \/><\/a>\n\t\t\t\t<\/dt><\/dl><br style=\"clear: both\" \/><dl class='gallery-item'>\n\t\t\t\t<dt class='gallery-icon portrait'>\n\t\t\t\t\t<a class=\"rollover\" href='https:\/\/www.radiopiu.net\/wordpress\/giornale-radiopiu-15-ottobre-2019-direttore-mirko-mezzacasa\/ffa676a8-bf5d-4a4e-a578-44b36bb16098\/'><img loading=\"lazy\" decoding=\"async\" width=\"150\" height=\"150\" src=\"https:\/\/www.radiopiu.net\/wordpress\/wp-content\/uploads\/2019\/10\/ffa676a8-bf5d-4a4e-a578-44b36bb16098-150x150.jpg\" class=\"attachment-thumbnail size-thumbnail\" alt=\"\" \/><\/a>\n\t\t\t\t<\/dt><\/dl><dl class='gallery-item'>\n\t\t\t\t<dt class='gallery-icon landscape'>\n\t\t\t\t\t<a class=\"rollover\" href='https:\/\/www.radiopiu.net\/wordpress\/giornale-radiopiu-15-ottobre-2019-direttore-mirko-mezzacasa\/bb88d478-a1ba-4267-b13c-f57fb26ca353\/'><img loading=\"lazy\" decoding=\"async\" width=\"150\" height=\"150\" src=\"https:\/\/www.radiopiu.net\/wordpress\/wp-content\/uploads\/2019\/10\/bb88d478-a1ba-4267-b13c-f57fb26ca353-150x150.jpg\" class=\"attachment-thumbnail size-thumbnail\" alt=\"\" \/><\/a>\n\t\t\t\t<\/dt><\/dl><dl class='gallery-item'>\n\t\t\t\t<dt class='gallery-icon landscape'>\n\t\t\t\t\t<a class=\"rollover\" href='https:\/\/www.radiopiu.net\/wordpress\/giornale-radiopiu-15-ottobre-2019-direttore-mirko-mezzacasa\/168b6dda-a8a5-4f7a-96f8-8e24e74c0943\/'><img loading=\"lazy\" decoding=\"async\" width=\"150\" height=\"150\" src=\"https:\/\/www.radiopiu.net\/wordpress\/wp-content\/uploads\/2019\/10\/168b6dda-a8a5-4f7a-96f8-8e24e74c0943-150x150.jpg\" class=\"attachment-thumbnail size-thumbnail\" alt=\"\" \/><\/a>\n\t\t\t\t<\/dt><\/dl><br style=\"clear: both\" \/><dl class='gallery-item'>\n\t\t\t\t<dt class='gallery-icon portrait'>\n\t\t\t\t\t<a class=\"rollover\" href='https:\/\/www.radiopiu.net\/wordpress\/giornale-radiopiu-15-ottobre-2019-direttore-mirko-mezzacasa\/e006c84d-d6fe-462f-91f3-7008a2d6ad77\/'><img loading=\"lazy\" decoding=\"async\" width=\"150\" height=\"150\" src=\"https:\/\/www.radiopiu.net\/wordpress\/wp-content\/uploads\/2019\/10\/e006c84d-d6fe-462f-91f3-7008a2d6ad77-150x150.jpg\" class=\"attachment-thumbnail size-thumbnail\" alt=\"\" \/><\/a>\n\t\t\t\t<\/dt><\/dl><dl class='gallery-item'>\n\t\t\t\t<dt class='gallery-icon portrait'>\n\t\t\t\t\t<a class=\"rollover\" href='https:\/\/www.radiopiu.net\/wordpress\/giornale-radiopiu-15-ottobre-2019-direttore-mirko-mezzacasa\/4befeb61-c11f-45c1-a3b3-00951a6d1031\/'><img loading=\"lazy\" decoding=\"async\" width=\"150\" height=\"150\" src=\"https:\/\/www.radiopiu.net\/wordpress\/wp-content\/uploads\/2019\/10\/4befeb61-c11f-45c1-a3b3-00951a6d1031-150x150.jpg\" class=\"attachment-thumbnail size-thumbnail\" alt=\"\" \/><\/a>\n\t\t\t\t<\/dt><\/dl><dl class='gallery-item'>\n\t\t\t\t<dt class='gallery-icon landscape'>\n\t\t\t\t\t<a class=\"rollover\" href='https:\/\/www.radiopiu.net\/wordpress\/giornale-radiopiu-15-ottobre-2019-direttore-mirko-mezzacasa\/d0880634-d6a6-4e19-8340-26a7d455c261\/'><img loading=\"lazy\" decoding=\"async\" width=\"150\" height=\"150\" src=\"https:\/\/www.radiopiu.net\/wordpress\/wp-content\/uploads\/2019\/10\/d0880634-d6a6-4e19-8340-26a7d455c261-150x150.jpg\" class=\"attachment-thumbnail size-thumbnail\" alt=\"\" \/><\/a>\n\t\t\t\t<\/dt><\/dl><br style=\"clear: both\" \/><dl class='gallery-item'>\n\t\t\t\t<dt class='gallery-icon portrait'>\n\t\t\t\t\t<a class=\"rollover\" href='https:\/\/www.radiopiu.net\/wordpress\/giornale-radiopiu-15-ottobre-2019-direttore-mirko-mezzacasa\/50ca243e-e9d9-4e0e-8392-d43227ffb0a2\/'><img loading=\"lazy\" decoding=\"async\" width=\"150\" height=\"150\" src=\"https:\/\/www.radiopiu.net\/wordpress\/wp-content\/uploads\/2019\/10\/50ca243e-e9d9-4e0e-8392-d43227ffb0a2-150x150.jpg\" class=\"attachment-thumbnail size-thumbnail\" alt=\"\" \/><\/a>\n\t\t\t\t<\/dt><\/dl><dl class='gallery-item'>\n\t\t\t\t<dt class='gallery-icon portrait'>\n\t\t\t\t\t<a class=\"rollover\" href='https:\/\/www.radiopiu.net\/wordpress\/giornale-radiopiu-15-ottobre-2019-direttore-mirko-mezzacasa\/d740a297-da5f-4929-bec1-9dab0ed1856a\/'><img loading=\"lazy\" decoding=\"async\" width=\"150\" height=\"150\" src=\"https:\/\/www.radiopiu.net\/wordpress\/wp-content\/uploads\/2019\/10\/d740a297-da5f-4929-bec1-9dab0ed1856a-150x150.jpg\" class=\"attachment-thumbnail size-thumbnail\" alt=\"\" \/><\/a>\n\t\t\t\t<\/dt><\/dl><dl class='gallery-item'>\n\t\t\t\t<dt class='gallery-icon landscape'>\n\t\t\t\t\t<a class=\"rollover\" href='https:\/\/www.radiopiu.net\/wordpress\/giornale-radiopiu-15-ottobre-2019-direttore-mirko-mezzacasa\/8c71642b-01bc-4cfa-b16b-46e71d3ad81d\/'><img loading=\"lazy\" decoding=\"async\" width=\"150\" height=\"150\" src=\"https:\/\/www.radiopiu.net\/wordpress\/wp-content\/uploads\/2019\/10\/8c71642b-01bc-4cfa-b16b-46e71d3ad81d-150x150.jpg\" class=\"attachment-thumbnail size-thumbnail\" alt=\"\" \/><\/a>\n\t\t\t\t<\/dt><\/dl><br style=\"clear: both\" \/>\n\t\t\t<\/div>\n\n<p>&nbsp;<\/p>\n<p>&nbsp;<\/p>\n<h3>CROCE IN SICUREZZA, UN ALTRO SUCCESSO DEL VOLONTARIATO<\/h3>\n<p><strong><a class=\"dt-pswp-item\" href=\"http:\/\/www.radiopiu.net\/wordpress\/wp-content\/uploads\/2019\/10\/05be7f5a-83c5-448f-af46-aeee3d48e3ed.jpg\" data-dt-img-description=\"\" data-large_image_width=\"1600\" data-large_image_height=\"1200\"><img loading=\"lazy\" decoding=\"async\" class=\"alignnone wp-image-102595 size-large\" src=\"http:\/\/www.radiopiu.net\/wordpress\/wp-content\/uploads\/2019\/10\/05be7f5a-83c5-448f-af46-aeee3d48e3ed-1024x768.jpg\" alt=\"\" width=\"1024\" height=\"768\" srcset=\"https:\/\/www.radiopiu.net\/wordpress\/wp-content\/uploads\/2019\/10\/05be7f5a-83c5-448f-af46-aeee3d48e3ed-1024x768.jpg 1024w, https:\/\/www.radiopiu.net\/wordpress\/wp-content\/uploads\/2019\/10\/05be7f5a-83c5-448f-af46-aeee3d48e3ed-300x225.jpg 300w, https:\/\/www.radiopiu.net\/wordpress\/wp-content\/uploads\/2019\/10\/05be7f5a-83c5-448f-af46-aeee3d48e3ed-768x576.jpg 768w, https:\/\/www.radiopiu.net\/wordpress\/wp-content\/uploads\/2019\/10\/05be7f5a-83c5-448f-af46-aeee3d48e3ed.jpg 1600w\" sizes=\"auto, (max-width: 1024px) 100vw, 1024px\" \/><\/a>di GIANNI SANTOMASO\u00a0<\/strong><\/p>\n<p><strong>RIVAMONTE.<\/strong> Alcuni volontari di Rivamonte sono saliti domenica mattina sullo Spiz de Medod\u00ec, la montagna che sovrasta il paese, per un intervento di messa in sicurezza della croce. Il simbolo religioso posato in vetta alla montagna (la cima pi\u00f9 alta della montagna \u00e8 in realt\u00e0 poco pi\u00f9 lontana) nel lontano 1971 necessitava infatti di manutenzione. I veterani Fausto Schena e Savino Conedera hanno coinvolto i giovani Fabio e Nicola Rosson, Paolo Mazzucco, Ivano Fossen, Jessica Lena e assieme hanno provveduto a dare nuova stabilit\u00e0 alla croce attraverso la sostituzione dei quattro tiranti. Il materiale utilizzato per il lavoro \u00e8 stato acquistato dalla Pro loco del paese. Ai sette volontari il plauso da parte della comunit\u00e0 rivamontese.<\/p>\n<p>&nbsp;<\/p>\n<h3><\/h3>\n<p>&nbsp;<\/p>\n<p>&nbsp;<\/p>\n<h3>MERITATO\u00a0 RICONOSCIMENTO<\/h3>\n<p><a class=\"dt-pswp-item\" href=\"http:\/\/www.radiopiu.net\/wordpress\/wp-content\/uploads\/2019\/10\/39f12e19-8008-4501-bd0e-2a135e92f89c.jpg\" data-dt-img-description=\"\" data-large_image_width=\"1600\" data-large_image_height=\"1200\"><img loading=\"lazy\" decoding=\"async\" class=\"alignnone wp-image-102558 size-large\" src=\"http:\/\/www.radiopiu.net\/wordpress\/wp-content\/uploads\/2019\/10\/39f12e19-8008-4501-bd0e-2a135e92f89c-1024x768.jpg\" alt=\"\" width=\"1024\" height=\"768\" srcset=\"https:\/\/www.radiopiu.net\/wordpress\/wp-content\/uploads\/2019\/10\/39f12e19-8008-4501-bd0e-2a135e92f89c-1024x768.jpg 1024w, https:\/\/www.radiopiu.net\/wordpress\/wp-content\/uploads\/2019\/10\/39f12e19-8008-4501-bd0e-2a135e92f89c-300x225.jpg 300w, https:\/\/www.radiopiu.net\/wordpress\/wp-content\/uploads\/2019\/10\/39f12e19-8008-4501-bd0e-2a135e92f89c-768x576.jpg 768w, https:\/\/www.radiopiu.net\/wordpress\/wp-content\/uploads\/2019\/10\/39f12e19-8008-4501-bd0e-2a135e92f89c.jpg 1600w\" sizes=\"auto, (max-width: 1024px) 100vw, 1024px\" \/><\/a><\/p>\n<p><em><strong>A Claudio Ganz, volontario della Croce Verde Val Biois dall\u2019anno della sua fondazione nel 1982<\/strong><\/em><\/p>\n<p>&nbsp;<\/p>\n<p>&nbsp;<\/p>\n<p>&nbsp;<\/p>\n<p>&nbsp;<\/p>\n<p>&nbsp;<\/p>\n<h3>UN REGALO PER I NOSTRI ANZIANI NEL GIORNO DELLA FIERA DEL BESTIAM<\/h3>\n<blockquote><p><em>Il grazie ad un gruppo di\u00a0 volontari<\/em><\/p><\/blockquote>\n<p><strong>COLLABORAZIONE ELISA<\/strong><\/p>\n<p><strong><a class=\"dt-pswp-item\" href=\"http:\/\/www.radiopiu.net\/wordpress\/wp-content\/uploads\/2019\/10\/82481c55-ac8e-47ce-aa4e-5e0bad7b0cac.jpg\" data-dt-img-description=\"\" data-large_image_width=\"1600\" data-large_image_height=\"777\"><img loading=\"lazy\" decoding=\"async\" class=\"alignnone size-medium wp-image-102550\" src=\"http:\/\/www.radiopiu.net\/wordpress\/wp-content\/uploads\/2019\/10\/82481c55-ac8e-47ce-aa4e-5e0bad7b0cac-300x146.jpg\" alt=\"\" width=\"300\" height=\"146\" srcset=\"https:\/\/www.radiopiu.net\/wordpress\/wp-content\/uploads\/2019\/10\/82481c55-ac8e-47ce-aa4e-5e0bad7b0cac-300x146.jpg 300w, https:\/\/www.radiopiu.net\/wordpress\/wp-content\/uploads\/2019\/10\/82481c55-ac8e-47ce-aa4e-5e0bad7b0cac-768x373.jpg 768w, https:\/\/www.radiopiu.net\/wordpress\/wp-content\/uploads\/2019\/10\/82481c55-ac8e-47ce-aa4e-5e0bad7b0cac-1024x497.jpg 1024w, https:\/\/www.radiopiu.net\/wordpress\/wp-content\/uploads\/2019\/10\/82481c55-ac8e-47ce-aa4e-5e0bad7b0cac.jpg 1600w\" sizes=\"auto, (max-width: 300px) 100vw, 300px\" \/><\/a><a class=\"dt-pswp-item\" href=\"http:\/\/www.radiopiu.net\/wordpress\/wp-content\/uploads\/2019\/10\/133a38d4-364f-4958-a1a3-de44d1ed67d8.jpg\" data-dt-img-description=\"\" data-large_image_width=\"1600\" data-large_image_height=\"777\"><img loading=\"lazy\" decoding=\"async\" class=\"alignnone size-medium wp-image-102551\" src=\"http:\/\/www.radiopiu.net\/wordpress\/wp-content\/uploads\/2019\/10\/133a38d4-364f-4958-a1a3-de44d1ed67d8-300x146.jpg\" alt=\"\" width=\"300\" height=\"146\" srcset=\"https:\/\/www.radiopiu.net\/wordpress\/wp-content\/uploads\/2019\/10\/133a38d4-364f-4958-a1a3-de44d1ed67d8-300x146.jpg 300w, https:\/\/www.radiopiu.net\/wordpress\/wp-content\/uploads\/2019\/10\/133a38d4-364f-4958-a1a3-de44d1ed67d8-768x373.jpg 768w, https:\/\/www.radiopiu.net\/wordpress\/wp-content\/uploads\/2019\/10\/133a38d4-364f-4958-a1a3-de44d1ed67d8-1024x497.jpg 1024w, https:\/\/www.radiopiu.net\/wordpress\/wp-content\/uploads\/2019\/10\/133a38d4-364f-4958-a1a3-de44d1ed67d8.jpg 1600w\" sizes=\"auto, (max-width: 300px) 100vw, 300px\" \/><\/a><\/strong><\/p>\n<p><strong>AGORDO<\/strong> Sabato 12 ottobre, in occasione della Fiera del bestiam di Agordo e approfittando della bella giornata di sole, un gruppo di professionisti e operatori della Struttura per Anziani gestita da Asca, ha accompagnato alcuni ospiti insieme ai familiari presenti, nella piazza del paese per trascorrere una mattinata in allegria e rivivere momenti della tradizione locale.<br \/>\nGrazie alla disponibilit\u00e0 del personale della struttura che \u00e8 intervenuto in forma volontaria \u00e8 stato possibile regalare agli anziani coinvolti qualche ora di svago e di divertimento circondati da una bellissima cornice paesaggistica.<br \/>\nUna simpatica foto con il Sindaco e il numeroso gruppo ha concluso questa piacevole giornata.<\/p>\n<div style=\"width: 640px;\" class=\"wp-video\"><video class=\"wp-video-shortcode\" id=\"video-102476-4\" width=\"640\" height=\"640\" preload=\"metadata\" controls=\"controls\"><source type=\"video\/mp4\" src=\"http:\/\/www.radiopiu.net\/wordpress\/wp-content\/uploads\/2019\/10\/WhatsApp-Video-2019-10-14-at-18.03.48.mp4?_=4\" \/><a href=\"http:\/\/www.radiopiu.net\/wordpress\/wp-content\/uploads\/2019\/10\/WhatsApp-Video-2019-10-14-at-18.03.48.mp4\">http:\/\/www.radiopiu.net\/wordpress\/wp-content\/uploads\/2019\/10\/WhatsApp-Video-2019-10-14-at-18.03.48.mp4<\/a><\/video><\/div>\n<p>&nbsp;<\/p>\n<p>&nbsp;<\/p>\n<p>&nbsp;<\/p>\n<p>&nbsp;<\/p>\n<h3>PROROGA PER IL BANDO DI SERVIZIO CIVILE UNIVERSALE<\/h3>\n<p><strong>BELLUNO<\/strong> C&#8217;\u00e8 tempo fino alle 14\u00a0 di giovedi\u00a0 per le presentare la domanda legata al servizio civile universale. Inizialmente, la scadenza del bando per la selezione dei 46 nuovi volontari era stata fissata al 1o ottobre; la proroga, richiesta da numerosi enti e da alcune regioni, risponde all\u2019esigenza di concedere qualche giorno in pi\u00f9 ai ragazzi che quest\u2019anno, tra le altre cose, si sono confrontati con una procedura completamente nuova rispetto al passato. L\u2019obiettivo \u00e8 dunque di favorire la massima partecipazione degli interessati, cio\u00e8 i giovani dai 18 ai 29 anni non compiuti che vogliano dedicare un anno della propria vita a favore di un impegno solidaristico. Per ulteriori informazioni: Comitato d\u2019Intesa (0437 25775, serviziocivile@csvbelluno.it); Unione montana feltrina (0439 396033, serviziocivile.umf@feltrino.bl.it).<\/p>\n<p>&nbsp;<\/p>\n<p>&nbsp;<\/p>\n<p>&nbsp;<\/p>\n<p>&nbsp;<\/p>\n<h3>FARE TURISMO IN MONTAGNA, ESPERIENZA FUTOURIST<\/h3>\n<p><strong>BELLUNO<\/strong> Il progetto FUTOURIST mira a promuovere il patrimonio naturale e culturale del territorio alpino tramite un \u201cturismo soft\u201d in grado di migliorare lo stato di conservazione del delicato habitat alpino, creando un giusto bilanciamento tra la sua fruizione e la sua tutela. Consultando imprese del settore turistico, organizzazioni per la promozione turistica, associazioni e ONG per la gestione di risorse naturali, sono state identificate 7 aree pilota (3 in provincia di Belluno, 1 ad Asiago e 3 in Tirolo.) in cui promuovere il turismo sostenibile e all\u2019interno individuare 40 itinerari tematici in cui praticare diversi tipi di attivit\u00e0 outdoor. Parliamo di turismo sostenibile emozionale e tematico, volto alla conservazione dei preziosi patrimoni della natura, attraverso percorsi di educazione ambientale, su cui sta investendo la Camera di Commercio di Treviso \u2013 Belluno.\u00a0 L\u2019ultimo appuntamento di questo progetto \u00e8 in programma luned\u00ec 28 ottobre alle ore 10:00 presso la Camera di Commercio di Treviso \u2013 Belluno (Piazza S.Stefano a Belluno) dal titolo \u201cFare turismo soft in montagna: l\u2019esperienza di FUTOURIST.\u201d L\u2019incontro \u00e8 indirizzato a: imprese, operatori turistici, associazioni di categoria, amministratori locali, enti e organismi che operano in ambito turistico.<\/p>\n<div class=\"su-document su-u-responsive-media-yes\"><iframe loading=\"lazy\" src=\"\/\/docs.google.com\/viewer?embedded=true&url=http:\/\/www.radiopiu.net\/wordpress\/wp-content\/uploads\/2019\/10\/Invito-Conferenza-conclusiva_-1.pdf\" width=\"320\" height=\"340\" class=\"su-document\" title=\"\"><\/iframe><\/div>\n<p>&nbsp;<\/p>\n<p>&nbsp;<\/p>\n<p>&nbsp;<\/p>\n<p>&nbsp;<\/p>\n<h3>LILT CON ADOS BELLUNO PER LA LOTTA AL TUMORE AL SENO<\/h3>\n<blockquote><p><em>A Belluno con la campagna \u201cNastro rosa\u201d e uno spettacolo teatrale<\/em><\/p><\/blockquote>\n<p><strong><a class=\"dt-pswp-item\" href=\"http:\/\/www.radiopiu.net\/wordpress\/wp-content\/uploads\/2019\/10\/LILT-BELLUNO.jpg\" data-dt-img-description=\"\" data-large_image_width=\"960\" data-large_image_height=\"719\"><img loading=\"lazy\" decoding=\"async\" class=\" wp-image-102507 alignleft\" src=\"http:\/\/www.radiopiu.net\/wordpress\/wp-content\/uploads\/2019\/10\/LILT-BELLUNO-300x225.jpg\" alt=\"\" width=\"220\" height=\"165\" srcset=\"https:\/\/www.radiopiu.net\/wordpress\/wp-content\/uploads\/2019\/10\/LILT-BELLUNO-300x225.jpg 300w, https:\/\/www.radiopiu.net\/wordpress\/wp-content\/uploads\/2019\/10\/LILT-BELLUNO-768x575.jpg 768w, https:\/\/www.radiopiu.net\/wordpress\/wp-content\/uploads\/2019\/10\/LILT-BELLUNO.jpg 960w\" sizes=\"auto, (max-width: 220px) 100vw, 220px\" \/><\/a>BELLUNO<\/strong> La sezione bellunese della Lega italiana per la lotta contro i tumori) promuove la campagna nazionale al fianco delle donne per vincere il tumore al seno con lo slogan \u201cLa prevenzione non ha et\u00e0\u201d. Anche quest\u2019anno per tutto il mese di ottobre, la sezione provinciale Lilt, in collaborazione con Ados (Associazione donne operate al seno), divulgher\u00e0 degli opuscoli informativi e dei nastrini rosa, simbolo della campagna di sensibilizzazione, che verranno distribuiti presso le farmacie e gli studi medici. Il centro della citt\u00e0 di Belluno, inoltre, \u00e8 stato abbellito da grandi fiocchi rosa a cura dei volontari Ados, creando cos\u00ec un forte impatto visivo in Piazza dei Martiri e contribuendo alla diffusione del messaggio di prevenzione. Ancora, a cura di Lilt la promozione con diversi striscioni sul tema comparsi un po&#8217; in tutta la provincia. Infine, verr\u00e0 offerto alla popolazione uno spettacolo teatrale, promosso sempre dalla Lilt provinciale e dall&#8217;Ados, tratto dall&#8217;opera di Stefano Benni e interpretato dal gruppo teatrale \u201cBretelle Lasche\u201d dal titolo \u201cIl dottor Divago e altre storie\u201d in programma sabato 19 ottobre alle ore 21 al teatro Giovanni XXIII; lo spettacolo \u00e8 ad entrata libera.<\/p>\n<p>&nbsp;<\/p>\n<p>&nbsp;<\/p>\n<p>&nbsp;<\/p>\n<p>&nbsp;<\/p>\n<h3>AI MERCOLEDI DELLA SALUTE STIPSI E INCONTINENZA<\/h3>\n<p><strong>FELTRE<\/strong> Per il ciclo \u201cMercoled\u00ec della salute\u201d mercoled\u00ec 16 ottobre alle 18 nella sala convegni dell\u2019Ospedale di Feltre si parler\u00e0 di stipsi e incontinenza, nelle loro varie forme e delle possibili soluzioni terapeutiche, con il dott. Gianluigi De Carli della Chirurgia di Feltre. L&#8217;incontinenza interessa circa il 2 % della popolazione e la stipsi 11% ed il 25% rispettivamente dei maschi e delle femmine. Molte sono le cause di tali alterazioni funzionali. Da molti anni l&#8217;ospedale di Feltre si interessa delle suddette disfunzioni mettendo a disposizione i vari approcci diagnostici ed i molteplici trattamenti dai pi\u00f9 svariati aspetti (dalla semplice variazione delle abitudini di vita, alle terapie mediche, ai molteplici trattamenti ambulatoriali e chirurgici) . Spesso tali disturbi rimangono misconosciuti per paura o per pudore. Avremo pertanto modo di capire quanto questi siano frequenti e come possano essere risolti. Alla serata parteciper\u00e0 anche l\u2019Associazione Incontinenti Stomizzati per sensibilizzare sul tema della stomia. Inoltre, da luned\u00ec 14 a domenica 27 ottobre, nell\u2019atrio dell\u2019ospedale di Feltre, nella sala di fronte al CUP\/CASSA \u00e8 visitabile la mostra fotografica #unsaccodaraccontare a cura dell\u2019Associazione Incontinenti Stomizzati.<\/p>\n<p>&nbsp;<\/p>\n<p>&nbsp;<\/p>\n<p>&nbsp;<\/p>\n<h3>SULLA STOMIA E SU CHI CI CONVIVE<\/h3>\n<blockquote><p><em>La mostra fotografica fino\u00a0 al 27 ottobre presso l&#8217;ospedale di Feltre<\/em><\/p><\/blockquote>\n<p><a class=\"dt-pswp-item\" href=\"http:\/\/www.radiopiu.net\/wordpress\/wp-content\/uploads\/2019\/10\/un-sacco-da-raccontare-1-1.jpg\" data-dt-img-description=\"\" data-large_image_width=\"1024\" data-large_image_height=\"683\"><img loading=\"lazy\" decoding=\"async\" class=\" wp-image-102514 alignleft\" src=\"http:\/\/www.radiopiu.net\/wordpress\/wp-content\/uploads\/2019\/10\/un-sacco-da-raccontare-1-1-300x200.jpg\" alt=\"\" width=\"272\" height=\"181\" srcset=\"https:\/\/www.radiopiu.net\/wordpress\/wp-content\/uploads\/2019\/10\/un-sacco-da-raccontare-1-1-300x200.jpg 300w, https:\/\/www.radiopiu.net\/wordpress\/wp-content\/uploads\/2019\/10\/un-sacco-da-raccontare-1-1-768x512.jpg 768w, https:\/\/www.radiopiu.net\/wordpress\/wp-content\/uploads\/2019\/10\/un-sacco-da-raccontare-1-1.jpg 1024w\" sizes=\"auto, (max-width: 272px) 100vw, 272px\" \/><\/a><strong>FELTRE<\/strong> S&#8217;intitola \u201cUn sacco da raccontare\u201d ed \u00e8 una mostra social, tanto che \u00e8 rintracciabile con l&#8217;hashtag #unsaccodaraccontare. Ospitata dall&#8217;organizzazione di volontariato Ais (Associazione incontinenti stomizzati) Dolomiti-Belluno, gi\u00e0 accolta con successo presso l&#8217;ospedale di Belluno, sar\u00e0 ora visibile dal 14 al 27 ottobre presso l&#8217;ospedale di Feltre. L&#8217;esposizione di pannelli emozionali entra nella campagna nazionale di sensibilizzazione sociale voluta dalla Fais onlus (Federazione associazioni incontinenti e stomizzati). Nasce dalla necessit\u00e0 di portare alla luce la realt\u00e0 delle persone portatrici di stomia, diffondendo messaggi positivi. La stomia, infatti, non \u00e8 un problema n\u00e8 una malattia, ma la soluzione ai tanti problemi che pu\u00f2 vivere chi soffre di malattie quali colite ulcerosa, morbo di Crohn, tumori, ecc. L&#8217;evento \u00e8 concepito come un percorso grazie al quale il visitatore pu\u00f2 iniziare a conoscere il mondo della stomia attraverso le testimonianze fotografiche\/documentali delle persone che la vivono, le attivit\u00e0 e i progetti pensati per migliorare la qualit\u00e0 della loro vita.<\/p>\n<blockquote><p><em>\u00abNonostante la diffusione di questa pratica chirurgica, il fenomeno \u00e8 ancora pressoch\u00e9 sconosciuto. Le questioni legate all&#8217;apparato gastro-intestinale e urinario sono, infatti, considerate socialmente imbarazzanti e questo tab\u00f9 crea spesso pregiudizi verso lo stomizzato che, sentendosi discriminato, tende a chiudersi in se stesso\u00bb, spiegano i promotori.<\/em><\/p><\/blockquote>\n<p>&nbsp;<\/p>\n<p>&nbsp;<\/p>\n<p>&nbsp;<\/p>\n<p>&nbsp;<\/p>\n<h3><a class=\"dt-pswp-item\" href=\"http:\/\/www.radiopiu.net\/wordpress\/wp-content\/uploads\/2019\/10\/b8c00807-9d80-4d8e-8f54-72b04b507555.jpg\" data-dt-img-description=\"\" data-large_image_width=\"1200\" data-large_image_height=\"1600\"><img loading=\"lazy\" decoding=\"async\" class=\"wp-image-102556 alignleft\" src=\"http:\/\/www.radiopiu.net\/wordpress\/wp-content\/uploads\/2019\/10\/b8c00807-9d80-4d8e-8f54-72b04b507555-225x300.jpg\" alt=\"\" width=\"143\" height=\"191\" srcset=\"https:\/\/www.radiopiu.net\/wordpress\/wp-content\/uploads\/2019\/10\/b8c00807-9d80-4d8e-8f54-72b04b507555-225x300.jpg 225w, https:\/\/www.radiopiu.net\/wordpress\/wp-content\/uploads\/2019\/10\/b8c00807-9d80-4d8e-8f54-72b04b507555-768x1024.jpg 768w, https:\/\/www.radiopiu.net\/wordpress\/wp-content\/uploads\/2019\/10\/b8c00807-9d80-4d8e-8f54-72b04b507555.jpg 1200w\" sizes=\"auto, (max-width: 143px) 100vw, 143px\" \/><\/a>SOLIDARIETA&#8217; AL POPOLO CURDO, PRESIDIO SINDACALE E ANPI IN PIAZZA DUOMO<\/h3>\n<p><strong>BELLUNO<\/strong>\u00a0 Le Organizzazioni Sindacali di Belluno, con la sezione territoriale dell\u2019Anpi (partigiani), invitano i cittadini a manifestare piena solidariet\u00e0 al popolo curdo, verso il quale la comunit\u00e0 internazionale ha un debito di riconoscenza per l\u2019essersi battuto fino alla morte per fermare il comune nemico Isis e salvaguardare la sicurezza dell\u2019Europa e del nostro Paese. L\u2019Italia, l\u2019Europa e gli organismi internazionali non possono restare indifferenti: Cgil, Cisl e Uil chiedono che si metta in campo ogni sforzo possibile per bloccare l\u2019invasione della Turchia in Siria.<\/p>\n<p>&nbsp;<\/p>\n<p><b><a class=\"dt-pswp-item\" href=\"http:\/\/www.radiopiu.net\/wordpress\/wp-content\/uploads\/2019\/10\/download-12.jpg\" data-dt-img-description=\"\" data-large_image_width=\"225\" data-large_image_height=\"225\"><img loading=\"lazy\" decoding=\"async\" class=\" wp-image-102568 alignleft\" src=\"http:\/\/www.radiopiu.net\/wordpress\/wp-content\/uploads\/2019\/10\/download-12.jpg\" alt=\"\" width=\"119\" height=\"119\" srcset=\"https:\/\/www.radiopiu.net\/wordpress\/wp-content\/uploads\/2019\/10\/download-12.jpg 225w, https:\/\/www.radiopiu.net\/wordpress\/wp-content\/uploads\/2019\/10\/download-12-150x150.jpg 150w\" sizes=\"auto, (max-width: 119px) 100vw, 119px\" \/><\/a>Anche il Partito Democratico Bellunese in Piazza a difesa del popolo curdo<br \/>\n<\/b><strong>BELLUNO<\/strong> Il PD provinciale aderisce convintamente alla manifestazioni indetta dai sindacati confederali CGIL CISL e UIL e dall\u2019Anpi per marted\u00ec 15 ottobre in Piazza Duomo (ore 17).\u00a0 <em>\u201cIl popolo curdo \u00e8 vittima di un attacco militare ingiustificabile dell&#8217;esercito turco.\u00a0Ci auspichiamo che il governo faccia sentire la sua voce in modo chiaro ma soprattutto che l\u2019Europa sia in prima linea nel condannare questo atto e prendere seri provvedimenti contro la Turchia, assieme a tutta la comunit\u00e0 internazionale.\u201d<\/em>\u00a0 Queste le parole della segretaria provinciale Monica Lotto, che invita inoltre tutti gli iscritti, i simpatizzanti ma anche la cittadinanza a partecipare alla manifestazione per esprimere, come bellunesi, la vicinanza al popolo curdo.<\/p>\n<blockquote>\n<div><\/div>\n<\/blockquote>\n<div><\/div>\n<div><\/div>\n<div><\/div>\n<div><\/div>\n<blockquote>\n<div><\/div>\n<\/blockquote>\n<div><\/div>\n<div>\n<h1><span style=\"color: #ff0000;\">IERI ALLA RADIO<\/span><\/h1>\n<blockquote><p><em>Interventi: sindaco di Rocca Pietore Andrea De Bernardin, Deputato Dario Bond, ex sindaco di Alleghe Siro De Biasio.<\/em><\/p><\/blockquote>\n<p><strong>DARIO BOND PREPARA LE INTERROGAZIONI PER I MINISTRI FRANCESCHINI E D&#8217;INCA&#8217;<\/strong><\/p>\n<blockquote>\n<pre class=\"moz-quote-pre\"><em>\u00abBasta con lo strapotere delle Soprintendenze. Le comunit\u00e0 della\r\nmontagna bellunese hanno il diritto di vivere senza cavilli\r\nburocratici inutili\u00bb.<\/em><\/pre>\n<\/blockquote>\n<blockquote class=\"wp-embedded-content\" data-secret=\"KFwWnseXKt\"><p><a href=\"http:\/\/www.radiopiu.net\/wordpress\/larte-di-pettinare-le-bambole-la-paura-di-esporsi\/\">L&#8217;ARTE DI PETTINARE LE BAMBOLE, LA PAURA\u00a0 DI ESPORSI.<\/a><\/p><\/blockquote>\n<p><iframe loading=\"lazy\" title=\"&#8220;L&#8217;ARTE DI PETTINARE LE BAMBOLE, LA PAURA\u00a0 DI ESPORSI.&#8221; &#8212; Radio Pi\u00f9\" class=\"wp-embedded-content\" sandbox=\"allow-scripts\" security=\"restricted\" style=\"position: absolute; clip: rect(1px, 1px, 1px, 1px);\" src=\"http:\/\/www.radiopiu.net\/wordpress\/larte-di-pettinare-le-bambole-la-paura-di-esporsi\/embed\/#?secret=KFwWnseXKt\" data-secret=\"KFwWnseXKt\" width=\"600\" height=\"338\" frameborder=\"0\" marginwidth=\"0\" marginheight=\"0\" scrolling=\"no\"><\/iframe><\/p>\n<\/div>\n<div><\/div>\n<div><\/div>\n<p>&nbsp;<\/p>\n<p>&nbsp;<\/p>\n<h1><span style=\"color: #ff0000;\">ALLA RADIO<\/span><\/h1>\n<p><iframe loading=\"lazy\" title=\"19 OTTOBRE AD AGORDO CONFERENZA E CONCERTO NEL 160ESIMO DALLA MORTE DI GIOVANNI DE MIN.\" width=\"1200\" height=\"675\" src=\"https:\/\/www.youtube.com\/embed\/wscBUs3YkyE?feature=oembed\" frameborder=\"0\" allow=\"accelerometer; autoplay; encrypted-media; gyroscope; picture-in-picture\" allowfullscreen><\/iframe><\/p>\n<p>&nbsp;<\/p>\n<p>&nbsp;<\/p>\n<p>&nbsp;<\/p>\n<p>&nbsp;<\/p>\n<p>&nbsp;<\/p>\n<h3><a class=\"dt-pswp-item\" href=\"http:\/\/www.radiopiu.net\/wordpress\/wp-content\/uploads\/2018\/09\/appuntamenti.jpeg\" data-dt-img-description=\"\" data-large_image_width=\"800\" data-large_image_height=\"100\"><img loading=\"lazy\" decoding=\"async\" class=\"aligncenter wp-image-61958 size-full\" src=\"http:\/\/www.radiopiu.net\/wordpress\/wp-content\/uploads\/2018\/09\/appuntamenti.jpeg\" alt=\"\" width=\"800\" height=\"100\" srcset=\"https:\/\/www.radiopiu.net\/wordpress\/wp-content\/uploads\/2018\/09\/appuntamenti.jpeg 800w, https:\/\/www.radiopiu.net\/wordpress\/wp-content\/uploads\/2018\/09\/appuntamenti-300x38.jpeg 300w, https:\/\/www.radiopiu.net\/wordpress\/wp-content\/uploads\/2018\/09\/appuntamenti-768x96.jpeg 768w\" sizes=\"auto, (max-width: 800px) 100vw, 800px\" \/><\/a><\/h3>\n<p>&nbsp;<\/p>\n<p>&nbsp;<\/p>\n<h3>EDUCAZIONE NON VIOLENTA, L&#8217;INCONTRO CON L&#8217;ASSOCIAZIONE DAFNE<\/h3>\n<blockquote>\n<div>\n<div><strong>FELTRE<\/strong> &#8220;<i>Domani\u00a0 avr\u00e0 inizio il ciclo di appuntamenti \u201cPer fortuna siamo tutti genitori imperfetti\u201d dedicati a chi \u00e8 stato figlio e\/o ha dei figli. <\/i><i>Si parler\u00e0 di &#8220;educazione non violenta&#8221; con Maria Agnese Cheli psicologa, psicoterapeuta, responsabile del centro specialistico contro i maltrattamenti all\u2019infanzia \u201cIl Faro\u201d.<br \/>\n<\/i><\/div>\n<div><i>L&#8217;incontro avr\u00e0 luogo il 16 ottobre 2019 a Feltre &#8211; presso la sede Centro Giovani, Palazzina Bonsembiante, Via Borgo Ruga 42\/a &#8211; alle ore 18.30. <\/i><i>Durante gli incontri \u00e8 previsto un servizio di babysitteraggio (prenotazioni al numero 3464981883)<\/i>&#8220;<\/div>\n<\/div>\n<\/blockquote>\n<div><\/div>\n<div><\/div>\n<p>&nbsp;<\/p>\n<h3><a class=\"dt-pswp-item\" href=\"http:\/\/www.radiopiu.net\/wordpress\/wp-content\/uploads\/2019\/10\/Giampaolo-Manca.jpg\" data-dt-img-description=\"\" data-large_image_width=\"445\" data-large_image_height=\"527\"><img loading=\"lazy\" decoding=\"async\" class=\" wp-image-102240 alignleft\" src=\"http:\/\/www.radiopiu.net\/wordpress\/wp-content\/uploads\/2019\/10\/Giampaolo-Manca-253x300.jpg\" alt=\"\" width=\"161\" height=\"191\" srcset=\"https:\/\/www.radiopiu.net\/wordpress\/wp-content\/uploads\/2019\/10\/Giampaolo-Manca-253x300.jpg 253w, https:\/\/www.radiopiu.net\/wordpress\/wp-content\/uploads\/2019\/10\/Giampaolo-Manca.jpg 445w\" sizes=\"auto, (max-width: 161px) 100vw, 161px\" \/><\/a>ALLA TARANTOLA LA PRESENTAZIONE DEL LIBRO DEL DOGE<\/h3>\n<p><strong>di Roberto De Nart<\/strong><\/p>\n<div>\n<div><span style=\"font-family: tahoma, arial, helvetica, sans-serif;\"><strong>BELLUNO<\/strong> Giampaolo Manca, detto il Doge, uomo di spicco della Mala del Brenta, sar\u00e0 a Belluno\u00a0 domani alle 18.30 alla Libreria Tarantola di via Psaro per presentare il\u00a0 libro autobiografico dal titolo &#8220;All&#8217;inferno e ritorno&#8221;. Conduce la serata Roberto De Nart, fondatore di Bellunopress. Oggi Manca \u00e8 un uomo libero perch\u00e9 ha pagato per intero il suo debito con la giustizia, una lunga carcerazione di 36 anni 8 mesi e due giorni\u00a0 di cui 12 anni in isolamento. Per lui il pentimento\u00a0 \u00e8 stato un fatto prettamente personale, che non ha mai utilizzato per avere sconti di pena.\u00a0\u00a0<\/span><\/div>\n<div><span style=\"font-family: tahoma, arial, helvetica, sans-serif;\">Giampaolo Manca \u00e8 nato a Venezia il 26 giugno del 1954 da una famiglia benestante, il padre era un finanziere ricco di famiglia, ma violento, e la madre era proprietaria di due alberghi a Venezia. Un&#8217;infanzia e una giovinezza difficile, dove la violenza ricevuta lo fa diventare ribelle, fino a spingerlo nel mondo della criminalit\u00e0. Furti, rapine, spaccio di droga. Manca diventa un esponente di rilievo della\u00a0 Mala del Brenta, l&#8217;organizzazione criminale che ha insanguinato il Veneto negli anni &#8217;70 e &#8217;80. Oggi Manca \u00e8 un uomo profondamente cambiato, che ha trovato la fede. &#8220;Quel che mi rimane da vivere &#8211; ha dichiarato &#8211; voglio donarlo agli altri. Il mio obbiettivo \u00e8 finanziare, con i proventi della vendita dei miei libri, una casa famiglia per bambini autistici, ragazze madri e giovani che hanno conosciuto il carcere&#8221;.\u00a0<\/span><\/div>\n<\/div>\n<div><\/div>\n<div><\/div>\n<div><\/div>\n<div><\/div>\n<div>\n<h3>DOLOMITI E VAJONT, PATRIMONIO TRA BELLEZZA E FRAGILITA&#8217;<\/h3>\n<p><strong>LONGARONE<\/strong> Venerdi alle 17.30 in sala consiliare si terr\u00e0 il convegno sulle responsabilit\u00e0 nella memoria del futuro. Interverranno: Roberto Padrin presidente della fondazione Vajont, Enrico Vicenti segretario generale commissione Nazionale Unesco, Marcella Morandini Direttore Fondazione Unesco, Patrizia Cacciani Presidente associazione culturale Tina Merlin, Silvia Miscellaneo Archivio di Storia di Belluno, Silvia Miscellaneo Archivio di Stato. Coordina Irma Visalli, Presidente Comitato scientifico Fondazione Vajont.<\/p>\n<\/div>\n<p>&nbsp;<\/p>\n<p>&nbsp;<\/p>\n<h3>SABATO A TEATRO<\/h3>\n<div><strong>SAN GREGORIO NELLA ALPI<\/strong> Sabato alle 20.45 nella palestra comunale &#8220;Chiave per due&#8221; di John Chapman e Dave Freeman, spettacolo teatrale con la compagnia Fon Teatro di Sovramonte. Regia di Silvano Zeni.<\/div>\n<div><\/div>\n<div><\/div>\n<p>&nbsp;<\/p>\n<p>&nbsp;<\/p>\n<div>\n<h3><a class=\"dt-pswp-item\" href=\"http:\/\/www.radiopiu.net\/wordpress\/wp-content\/uploads\/2019\/10\/44535803_1614823571957400_4679747166871224320_n1-1.jpg\" data-dt-img-description=\"\" data-large_image_width=\"960\" data-large_image_height=\"720\"><img loading=\"lazy\" decoding=\"async\" class=\" wp-image-102516 alignleft\" src=\"http:\/\/www.radiopiu.net\/wordpress\/wp-content\/uploads\/2019\/10\/44535803_1614823571957400_4679747166871224320_n1-1-300x225.jpg\" alt=\"\" width=\"257\" height=\"193\" srcset=\"https:\/\/www.radiopiu.net\/wordpress\/wp-content\/uploads\/2019\/10\/44535803_1614823571957400_4679747166871224320_n1-1-300x225.jpg 300w, https:\/\/www.radiopiu.net\/wordpress\/wp-content\/uploads\/2019\/10\/44535803_1614823571957400_4679747166871224320_n1-1-768x576.jpg 768w, https:\/\/www.radiopiu.net\/wordpress\/wp-content\/uploads\/2019\/10\/44535803_1614823571957400_4679747166871224320_n1-1.jpg 960w\" sizes=\"auto, (max-width: 257px) 100vw, 257px\" \/><\/a>DOMENICA EXPO MISTERI A MARAS DI SOSPIROLO<\/h3>\n<p><strong>SOSPIROLO<\/strong> Grande attesa per \u201cExpo Misteri\u201d a Maras di Sospirolo. Domenica\u00a0 dalle 10 alle 17 si svolge la giornata tutta dedicata all&#8217;expo di artigianato artistico e tradizionale e a spettacoli, giochi, mostre, laboratori, piatti tipici. L&#8217;ormai tradizionale appuntamento \u00e8 parte di \u201cSpettacoli di Mistero\u201d di Unpli regionale e Regione Veneto. Quest&#8217;anno il tema \u00e8 legato alle tradizioni, cio\u00e8 ai giochi d\u2019un tempo, quelli pi\u00f9 strani, quelli pi\u00f9 misteriosi \u2013 ormai sconosciuti agli occhi dei bambini d\u2019oggi \u2013 alla trama di esperienze, ricordi e storie che si nascondono nelle loro manifestazioni e nei loro valori sociali e umani. Sar\u00e0 protagonista il colorato mondo dei giocattoli, come oggetti ma anche come giochi nella loro essenza di condivisione e personificazione di ruoli.\u00a0Per info proloco@sospirolo.net, 320 334 2082. In caso di maltempo rinvio a domenica 27 ottobre.<\/p>\n<\/div>\n<div><\/div>\n<div><\/div>\n<div><\/div>\n<p>&nbsp;<\/p>\n<h3 align=\"JUSTIFY\">INSIEME PER VINCERE\u00a0 LA FIBROSI CISTICA<\/h3>\n<p><strong><a class=\"dt-pswp-item\" href=\"http:\/\/www.radiopiu.net\/wordpress\/wp-content\/uploads\/2015\/06\/fibrosi-cistica-logo.jpg\" data-dt-img-description=\"\" data-large_image_width=\"300\" data-large_image_height=\"235\"><img loading=\"lazy\" decoding=\"async\" class=\" wp-image-5998 alignleft\" src=\"http:\/\/www.radiopiu.net\/wordpress\/wp-content\/uploads\/2015\/06\/fibrosi-cistica-logo-300x235.jpg\" alt=\"\" width=\"197\" height=\"154\" \/><\/a>BELLUNO<\/strong> Continua la raccolta fondi per il sostegno e la partecipazione della delegazione di Belluno ad un progetto importante da 180 mila euro per l&#8217;Istituto San Raffaele di Milano. L&#8217;obiettivo bellunese \u00e8 di partecipare con una somma di 40 mila euro. I volontari stanno annaffiando le piante di ciclamino che saranno messe in vendita nel fine settimana al costo dnelli 10 euro, in alternativa per chi lo vorr\u00e0 ci sar\u00e0 la pianta di erica.<\/p>\n<blockquote><p><strong>SABATO 19 OTTOBRE<\/strong>\u00a0 In Piazza Pian Dell Feste a Castion (alpini) e in Piazza Papa Luciani a Puos d&#8217;Alpago (volontari)<\/p>\n<p><strong>SABATO 26 OTTOBRE<\/strong> Con gli alpini a Caviola e Falcade\u00a0 (cooperativa); Rocca Pietore e San Tomaso da Maria Teresa Fontanelle.<\/p><\/blockquote>\n<p>&nbsp;<\/p>\n<p>&nbsp;<\/p>\n<p>&nbsp;<\/p>\n<p><strong><a class=\"dt-pswp-item\" href=\"http:\/\/www.radiopiu.net\/wordpress\/wp-content\/uploads\/2018\/09\/viabilita.jpeg\" data-dt-img-description=\"\" data-large_image_width=\"800\" data-large_image_height=\"100\"><img loading=\"lazy\" decoding=\"async\" class=\"wp-image-61954 size-full aligncenter\" src=\"http:\/\/www.radiopiu.net\/wordpress\/wp-content\/uploads\/2018\/09\/viabilita.jpeg\" alt=\"\" width=\"800\" height=\"100\" srcset=\"https:\/\/www.radiopiu.net\/wordpress\/wp-content\/uploads\/2018\/09\/viabilita.jpeg 800w, https:\/\/www.radiopiu.net\/wordpress\/wp-content\/uploads\/2018\/09\/viabilita-300x38.jpeg 300w, https:\/\/www.radiopiu.net\/wordpress\/wp-content\/uploads\/2018\/09\/viabilita-768x96.jpeg 768w\" sizes=\"auto, (max-width: 800px) 100vw, 800px\" \/><\/a><\/strong><\/p>\n<h3><\/h3>\n<h3>PROVINCIALE 346 SAN PELLEGRINO: TRE SENSI UNICI E BREVI INTERRUZIONI<\/h3>\n<p><strong>SAN TOMASO<\/strong> fino\u00a0 all&#8217;11 novembre lungo la provinciale 8 tra Pian Molin e Roi senso unico alternato con semaforo. Esclusi giorni festivi e prefestivi<\/p>\n<p><strong>CANALE D&#8217;AGORD<\/strong>O Ai due cantieri per la realizzazione della rete acquedottistica si aggiunge un terzo cantiere in prossimit\u00e0 di Canale d&#8217;Agordo. Veneto Strade ha emesso una precisa ordinanza in vigore fino a domani : senso unico alternato regolato da movieri con possibili brevi interruzioni della durata massima di 10 minuti per lavori di esbosco al chilometri 26 E 350 per 100 metri.<br \/>\n<strong>LE DUE PRECEDENTI <\/strong><strong>SP 346 PASSO SAN PELLEGRINO<\/strong>:\u00a0 fino al 6 dicembre senso unico tra Canale d\u2019Agordo e Vallada per esecuzione lavori alla rete acquedottistica;\u00a0 \u00a0dal 7 ottobre al 15 novembre senso unico alternato all\u2019inbocco nord della galleria delle Anime, esclusi i giorni festivi e prefestivi.<\/p>\n<p><strong>PROVINCIALE 347 DEL DURAN E CEREDA<\/strong>: fino\u00a0 al 18 ottobre, sabato e domenica escluso, senso unico alternato per lavori\u00a0 GSP in Val di Zoldo, chilometro 59.<\/p>\n<p><strong>PROVINCIALE 251 VAL DI ZOLDO<\/strong> In localit\u00e0 Colle Santa Lucia fino a domani\u00a0 senso unico alternato esclusi sabati e domeniche per singoli tratti, massimo 250 metri.<\/p>\n<p><strong>Regionale 251 Val di Zoldo,<\/strong> Comune di Colle Santa Lucia:\u00a0 senso unico alternato.<\/p>\n<p><strong>Regionale 346 del San<\/strong> Pellegrino Comune di Falcade: fino al 18 ottobre escusi festivi e prefestivi, senso unico alternato.<\/p>\n<p>&nbsp;<\/p>\n<p>&nbsp;<\/p>\n<p><a class=\"dt-pswp-item\" href=\"http:\/\/www.radiopiu.net\/wordpress\/wp-content\/uploads\/2018\/09\/sport.jpg\" data-dt-img-description=\"\" data-large_image_width=\"800\" data-large_image_height=\"100\"><img loading=\"lazy\" decoding=\"async\" class=\"aligncenter wp-image-60761 size-full\" src=\"http:\/\/www.radiopiu.net\/wordpress\/wp-content\/uploads\/2018\/09\/sport.jpg\" alt=\"\" width=\"800\" height=\"100\" srcset=\"https:\/\/www.radiopiu.net\/wordpress\/wp-content\/uploads\/2018\/09\/sport.jpg 800w, https:\/\/www.radiopiu.net\/wordpress\/wp-content\/uploads\/2018\/09\/sport-300x38.jpg 300w, https:\/\/www.radiopiu.net\/wordpress\/wp-content\/uploads\/2018\/09\/sport-768x96.jpg 768w\" sizes=\"auto, (max-width: 800px) 100vw, 800px\" \/><\/a><\/p>\n<p>&nbsp;<\/p>\n<p>&nbsp;<\/p>\n<h2>SAVIN E SOCCOL: UN DEBUTTO D\u2019ARGENTO<\/h2>\n<blockquote><p><em>Risultato da applausi nella boccia paralimpica per le giovani della Sport Assi <\/em><\/p><\/blockquote>\n<p><strong>collaborazione, Marco D&#8217;Inc\u00e0<\/strong><\/p>\n<p><strong>BELLUNO\u00a0<\/strong> Esordio indimenticabile per Alexandra Savin e Giada Soccol. Le giovani portacolori della Sport ASSI si tingono d\u2019argento nella boccia paralimpica. E conquistano due medaglie, una a testa, in una nuova ed emergente disciplina, capace di spalancare le porte dello<br \/>\nsport anche a chi convive con disabilit\u00e0 pi\u00f9 marcate. A Lavis (provincia di Trento), le bellunesi sono riuscite a ritagliarsi un ruolo da protagoniste all\u2019interno del \u201cTrofeo Progettiamo Autonomia 2019\u201d, legato al Round of challenge boccia Nord-Est e promosso dal Gruppo sportivo \u201cLa <a class=\"dt-pswp-item\" href=\"http:\/\/www.radiopiu.net\/wordpress\/wp-content\/uploads\/2019\/10\/55a54252-80c5-450c-a591-d04bdfec1c36.jpg\" data-dt-img-description=\"\" data-large_image_width=\"1416\" data-large_image_height=\"688\"><img loading=\"lazy\" decoding=\"async\" class=\"size-medium wp-image-102483 alignright\" src=\"http:\/\/www.radiopiu.net\/wordpress\/wp-content\/uploads\/2019\/10\/55a54252-80c5-450c-a591-d04bdfec1c36-300x146.jpg\" alt=\"\" width=\"300\" height=\"146\" srcset=\"https:\/\/www.radiopiu.net\/wordpress\/wp-content\/uploads\/2019\/10\/55a54252-80c5-450c-a591-d04bdfec1c36-300x146.jpg 300w, https:\/\/www.radiopiu.net\/wordpress\/wp-content\/uploads\/2019\/10\/55a54252-80c5-450c-a591-d04bdfec1c36-768x373.jpg 768w, https:\/\/www.radiopiu.net\/wordpress\/wp-content\/uploads\/2019\/10\/55a54252-80c5-450c-a591-d04bdfec1c36-1024x498.jpg 1024w, https:\/\/www.radiopiu.net\/wordpress\/wp-content\/uploads\/2019\/10\/55a54252-80c5-450c-a591-d04bdfec1c36.jpg 1416w\" sizes=\"auto, (max-width: 300px) 100vw, 300px\" \/><\/a>Trentina\u201d. In questo contesto, Alexandra e Giada hanno raccolto il frutto del loro impegno in palestra. In particolare, nella palestra dell\u2019ASSI, a Sedico, dove una volta a settimana si svolgono gli allenamenti sotto la guida dei tecnici Alessandro Bee, Elisa Scardanzan e Monica Vicariotto. Accompagnate da Loris Paoletti, Savin e Soccol hanno vissuto un\u2019esperienzaricordare. E la Sport Assi, presieduta da Davide Giozet, non nasconde l\u2019orgoglio per lodebutto in terra trentina.proposito di boccia paralimpica, sabato 23 novembre la sede dell\u2019Assi spalancher\u00e0 lea una prova regionale, nell\u2019intento di far conoscere una disciplina che permette adi mettersi in gioco e di vivere emozioni che soltanto lo sport riesce a regalare.<\/p>\n<p>&nbsp;<\/p>\n<p>&nbsp;<\/p>\n<p>&nbsp;<\/p>\n<h3>LE SQUADRE AGORDINE IMPEGNATE NEI CAMPIONATI CSI<\/h3>\n<p>Le Ville, nel campionato Open, e La Valle, nel campionato Veterani, hanno giocato le prime giornate della stagione nei tornei CSI provinciali. Questo il punto della situazione.<\/p>\n<p><strong>LE VILLE<\/strong><\/p>\n<p>La squadra allenata da Paolo Valcozzena ha cominciato la stagione nel migliore dei modi. Solo una sconfitta nelle 4 partite giocate e ora si trova al secondo posto in classifica avendo gi\u00e0 usufruito della giornata di riposo. 9 i punti per la compagine di Agordo che quest&#8217;anno si \u00e8 rinforzata con alcune pedine di peso, una su tutti l&#8217;arrivo di Jari Monferone che fin&#8217;ora ha messo a segno 4 marcature, miglior realizzatore del Le Ville. Con 10 gol fatti e 5 subiti il Le Ville \u00e8 il miglior attacco del girone A1 e la quarta miglior difesa.<\/p>\n<p><strong>MATTEO CHISSALE&#8217; GIOCATORE DEL LE VILLE<\/strong><\/p>\n<audio class=\"wp-audio-shortcode\" id=\"audio-102476-8\" preload=\"none\" style=\"width: 100%;\" controls=\"controls\"><source type=\"audio\/mpeg\" src=\"http:\/\/www.radiopiu.net\/wordpress\/wp-content\/uploads\/2019\/10\/MATTEO-CHISSALE-LE-VILLE-DOPO-5-GIORNATE.mp3?_=8\" \/><a href=\"http:\/\/www.radiopiu.net\/wordpress\/wp-content\/uploads\/2019\/10\/MATTEO-CHISSALE-LE-VILLE-DOPO-5-GIORNATE.mp3\">http:\/\/www.radiopiu.net\/wordpress\/wp-content\/uploads\/2019\/10\/MATTEO-CHISSALE-LE-VILLE-DOPO-5-GIORNATE.mp3<\/a><\/audio>\n<p>&nbsp;<\/p>\n<p><strong>LA VALLE VETERANI<\/strong><\/p>\n<p>2 vittorie e 2 sconfitte nelle prime 4 partite per la squadra allenata da Dario Mezzacasa. Il La Valle Veterani non ha iniziato alla grande la stagione ma nonostante tutto occupa l&#8217;ottava posizione in classifica del torneo Over. La squadra c&#8217;\u00e8 e il gruppo \u00e8 affiatato. Antonio Gaiardo, Giorgio Valcozzena, Sandro Buffa, Umberto Viel, Christian De Luca, David Tancon&#8230;insomma una squadra con dei giocatori che hanno fatto la storia del Campionato Agordino di calcio. Una compagine che sta aspettando l&#8217;arrivo di Daniele De Dea, infortunato, e di Luca Latti, che al momento non gioca per motivi personali, 2 pedine importanti che sicuramente daranno forza ad una squadra che ha il potenziale per fare meglio di cos\u00ec.<\/p>\n<p><strong>GIORGIO VALCOZZENA GIOCATORE DEL LA VALLE VETERANI<\/strong><\/p>\n<audio class=\"wp-audio-shortcode\" id=\"audio-102476-9\" preload=\"none\" style=\"width: 100%;\" controls=\"controls\"><source type=\"audio\/mpeg\" src=\"http:\/\/www.radiopiu.net\/wordpress\/wp-content\/uploads\/2019\/10\/GIORGIO-VALCOZZENA-LA-VALLE-DOPO-5-GIORNATE.mp3?_=9\" \/><a href=\"http:\/\/www.radiopiu.net\/wordpress\/wp-content\/uploads\/2019\/10\/GIORGIO-VALCOZZENA-LA-VALLE-DOPO-5-GIORNATE.mp3\">http:\/\/www.radiopiu.net\/wordpress\/wp-content\/uploads\/2019\/10\/GIORGIO-VALCOZZENA-LA-VALLE-DOPO-5-GIORNATE.mp3<\/a><\/audio>\n<p>&nbsp;<\/p>\n<p>&nbsp;<\/p>\n<p>&nbsp;<\/p>\n<p>&nbsp;<\/p>\n<p>&nbsp;<\/p>\n<p><a class=\"dt-pswp-item\" href=\"http:\/\/www.radiopiu.net\/wordpress\/wp-content\/uploads\/2018\/09\/WhatsApp-Image-2018-09-20-at-16.04.06.jpeg\" data-dt-img-description=\"\" data-large_image_width=\"800\" data-large_image_height=\"100\"><img loading=\"lazy\" decoding=\"async\" class=\"wp-image-61378 size-full aligncenter\" src=\"http:\/\/www.radiopiu.net\/wordpress\/wp-content\/uploads\/2018\/09\/WhatsApp-Image-2018-09-20-at-16.04.06.jpeg\" alt=\"\" width=\"800\" height=\"100\" srcset=\"https:\/\/www.radiopiu.net\/wordpress\/wp-content\/uploads\/2018\/09\/WhatsApp-Image-2018-09-20-at-16.04.06.jpeg 800w, https:\/\/www.radiopiu.net\/wordpress\/wp-content\/uploads\/2018\/09\/WhatsApp-Image-2018-09-20-at-16.04.06-300x38.jpeg 300w, https:\/\/www.radiopiu.net\/wordpress\/wp-content\/uploads\/2018\/09\/WhatsApp-Image-2018-09-20-at-16.04.06-768x96.jpeg 768w\" sizes=\"auto, (max-width: 800px) 100vw, 800px\" \/><\/a><\/p>\n<p><b>Martedi 15<\/b> <b>Tempo atteso: <\/b>Al primo mattino residue schiarite in quota e sulle Dolomiti, altrove cielo gi\u00e0 coperto per nubi basse e medie stratiformi. Con il passare delle ore i tempo peggiorer\u00e0 fino a risultare instabile\/perturbato. Maltempo che avr\u00e0 il suo apice in serata e perdurer\u00e0 per qualche ora anche nella notte. Le precipitazioni inizieranno sulle Prealpi occidentali, prima di estendersi a tutta la montagna veneta. Clima diurno un po&#8217; meno mite.<br \/>\n<b>Precipitazioni: <\/b>Non escluse le prime deboli e locali precipitazioni entro la tarda mattinata (20%) a partire dalle Prealpi occidentali. Al pomeriggio\/sera la probabilit\u00e0 aumenter\u00e0 fino a risultare molto alta in serata (90\/100%) per precipitazioni moderate, anche a carattere di rovescio o temporale. La neve cadr\u00e0 sopra i 2600\/2700 m.<br \/>\n<b>Temperature: <\/b>Minime in aumento nelle valli con riduzione dell&#8217;inversione termica notturna, e in calo in quota dove saranno osservate alla sera. Massime in generale contenuta diminuzione soprattutto per deficit di sole. Sono previsti massimi di 15\/16\u00b0C nelle conche prealpine e di 11\/12\u00b0C a 1000\/1200 m. Su Prealpi a 1500 m min 8\u00b0C max 10\u00b0C, a 2000 m min 6\u00b0C max 8\u00b0C. Su Dolomiti a 2000 m min 5\u00b0C max 8\u00b0C, a 3000 m min 0\u00b0C max 2\u00b0C.<br \/>\n<b>Venti: <\/b>Nelle valli generalmente deboli di direzione variabile; in quota moderati\/tesi da Sud, anche forti al pomeriggio sulle cime dolomitiche pi\u00f9 forti, a 10-25 km\/h a 2000 m, a 35-55 km\/h a 3000 m.<\/p>\n<hr \/>\n<p><b>Mercoledi 16<\/b> <b>Tempo atteso: <\/b>Residuo maltempo notturno. In giornata il tempo migliorer\u00e0 con graduale diradamento della nuvolosit\u00e0, dapprima sulle Dolomiti, dove i rasserenamenti saranno sempre pi\u00f9 ampi. Sulle Prealpi la nuvolosit\u00e0 resister\u00e0 un po&#8217; di pi\u00f9 con tratti soleggiati pi\u00f9 tardivi. Clima un po&#8217; pi\u00f9 fresco in quota, mentre il ritorno del sole favorir\u00e0 una relativa mitezza diurna nelle valli.<br \/>\n<b>Precipitazioni: <\/b>Durante la notte alta (70\/90%) per residue precipitazioni, nevose oltre i 2600\/2700 m. I fenomeni saranno in completo esaurimento entro il primo mattino (0%). Complessivamente tra marted\u00ec pomeriggio e le prime ore di mercoled\u00ec sono previsti cumuli medi di 20\/30 mm, localmente fino a 50\/70 mm su alcuni settori prealpini e sulle Dolomiti meridionali.<br \/>\n<b>Temperature: <\/b>Minime in generale calo, massime in leggera ripresa nelle valli ed in calo in alta quota. Sono previsti massimi di 16\/18\u00b0C nelle conche prealpine e di 12\/13\u00b0C a 1000\/1200 m. Su Prealpi a 1500 m min 7\u00b0C max 11\u00b0C, a 2000 m min 5\u00b0C max 7\u00b0C. Su Dolomiti a 2000 m min 4\u00b0C max 6\u00b0C, a 3000 m min -1\u00b0C max 1\u00b0C.<br \/>\n<b>Venti: <\/b>Nelle valli deboli di direzione variabile; in quota venti deboli\/moderati dai quadranti occidentali al mattino, in lieve rinforzo da Sud-Ovest, a 10-20 km\/h a 2000 m, a 30-45 km\/h a 3000 m.<\/p>\n<hr \/>\n<p><b>Giovedi 17<\/b>Al primo mattino sole e cielo sereno, Nel corso della mattinata arrivo di nubi alte in grado di velare il cielo, seguite da nubi medio-alte stratiformi capaci di mascherare del tutto il sole dalle ore centrali in poi. La suddetta nuvolosit\u00e0 persister\u00e0 fino a sera, ma senza fenomeni. Clima diurno di nuovo pi\u00f9 mite. Venti deboli\/moderati da Ovest Sud-Ovest in quota, a regime di brezza nelle valli.<\/p>\n<hr \/>\n<p><b>Venerdi 18<\/b>Iniziale variabilit\u00e0 con crescente nuvolosit\u00e0 e probabile lieve peggioramento al pomeriggio\/sera, con debolissime precipitazioni sparse. Temperature minime in rialzo e massime in leggero calo. Venti inizialmente deboli da Sud-Ovest, in rinforzo fino a moderati, anche tesi sulle vette pi\u00f9 alte a fine giornata. Previsore: R.L.Th.<\/p>\n<p>&nbsp;<\/p>\n","protected":false},"excerpt":{"rendered":"<p>&nbsp; REGIONALE 203 AGORDINA. CANDATEN. \u00a0 OGGI E DOMANI\u00a0 DALLE 8.15 ALLE 12 E DALLE 13 ALLE 17 INTERRUZIONI ALLA VIABILITA&#8217;, MASSIMO 20 MINUTI PER ISPEZIONE VERSANTI TRA PERON E CANDATEN FELTRE Chiusura totale di via Marconi tra via Martiri della Libert\u00e0 e via Gaggia per scavo rifacimento condotta idrica. Dalle 7 di mercoledi alle&hellip;<\/p>\n","protected":false},"author":1,"featured_media":102528,"comment_status":"closed","ping_status":"closed","sticky":false,"template":"","format":"standard","meta":{"_monsterinsights_skip_tracking":false,"_monsterinsights_sitenote_active":false,"_monsterinsights_sitenote_note":"","_monsterinsights_sitenote_category":0,"footnotes":""},"categories":[86],"tags":[],"class_list":["post-102476","post","type-post","status-publish","format-standard","has-post-thumbnail","hentry","category-gr","category-86","description-off"],"img_url":"https:\/\/www.radiopiu.net\/wordpress\/wp-content\/uploads\/2019\/10\/fb367e61-c0bd-4324-9543-d600b9862916.jpg","_links":{"self":[{"href":"https:\/\/www.radiopiu.net\/wordpress\/wp-json\/wp\/v2\/posts\/102476","targetHints":{"allow":["GET"]}}],"collection":[{"href":"https:\/\/www.radiopiu.net\/wordpress\/wp-json\/wp\/v2\/posts"}],"about":[{"href":"https:\/\/www.radiopiu.net\/wordpress\/wp-json\/wp\/v2\/types\/post"}],"author":[{"embeddable":true,"href":"https:\/\/www.radiopiu.net\/wordpress\/wp-json\/wp\/v2\/users\/1"}],"replies":[{"embeddable":true,"href":"https:\/\/www.radiopiu.net\/wordpress\/wp-json\/wp\/v2\/comments?post=102476"}],"version-history":[{"count":0,"href":"https:\/\/www.radiopiu.net\/wordpress\/wp-json\/wp\/v2\/posts\/102476\/revisions"}],"wp:featuredmedia":[{"embeddable":true,"href":"https:\/\/www.radiopiu.net\/wordpress\/wp-json\/wp\/v2\/media\/102528"}],"wp:attachment":[{"href":"https:\/\/www.radiopiu.net\/wordpress\/wp-json\/wp\/v2\/media?parent=102476"}],"wp:term":[{"taxonomy":"category","embeddable":true,"href":"https:\/\/www.radiopiu.net\/wordpress\/wp-json\/wp\/v2\/categories?post=102476"},{"taxonomy":"post_tag","embeddable":true,"href":"https:\/\/www.radiopiu.net\/wordpress\/wp-json\/wp\/v2\/tags?post=102476"}],"curies":[{"name":"wp","href":"https:\/\/api.w.org\/{rel}","templated":true}]}}