{"id":102589,"date":"2019-10-15T05:38:20","date_gmt":"2019-10-15T03:38:20","guid":{"rendered":"http:\/\/www.radiopiu.net\/wordpress\/?p=102589"},"modified":"2019-10-15T05:38:20","modified_gmt":"2019-10-15T03:38:20","slug":"dario-bond-basta-con-lo-strapotere-delle-soprintendenze","status":"publish","type":"post","link":"https:\/\/www.radiopiu.net\/wordpress\/dario-bond-basta-con-lo-strapotere-delle-soprintendenze\/","title":{"rendered":"DARIO BOND\u00a0 \u00abBASTA CON LO STRAPOTERE DELLE SOPRINTENDENZE\u00bb"},"content":{"rendered":"<p>&nbsp;<\/p>\n<h3><\/h3>\n<p><strong><a class=\"dt-pswp-item\" href=\"http:\/\/www.radiopiu.net\/wordpress\/wp-content\/uploads\/2019\/10\/0a4393d6-fc25-4377-ae44-6fbf410100f9.jpg\" data-dt-img-description=\"\" data-large_image_width=\"1296\" data-large_image_height=\"972\"><img loading=\"lazy\" decoding=\"async\" class=\"size-medium wp-image-102332 alignleft\" src=\"http:\/\/www.radiopiu.net\/wordpress\/wp-content\/uploads\/2019\/10\/0a4393d6-fc25-4377-ae44-6fbf410100f9-300x225.jpg\" alt=\"\" width=\"300\" height=\"225\" srcset=\"https:\/\/www.radiopiu.net\/wordpress\/wp-content\/uploads\/2019\/10\/0a4393d6-fc25-4377-ae44-6fbf410100f9-300x225.jpg 300w, https:\/\/www.radiopiu.net\/wordpress\/wp-content\/uploads\/2019\/10\/0a4393d6-fc25-4377-ae44-6fbf410100f9-768x576.jpg 768w, https:\/\/www.radiopiu.net\/wordpress\/wp-content\/uploads\/2019\/10\/0a4393d6-fc25-4377-ae44-6fbf410100f9-1024x768.jpg 1024w, https:\/\/www.radiopiu.net\/wordpress\/wp-content\/uploads\/2019\/10\/0a4393d6-fc25-4377-ae44-6fbf410100f9.jpg 1296w\" sizes=\"auto, (max-width: 300px) 100vw, 300px\" \/><\/a>ALLEGHE<\/strong> \u00abBasta con lo strapotere delle Soprintendenze. Le comunit\u00e0 della montagna bellunese hanno il diritto di vivere senza cavilli burocratici inutili\u00bb. \u00c8 quanto afferma il deputato di Forza Italia, Dario Bond. \u00abHo letto questa mattina con attenzione le situazioni rappresentate da Radiopiu riguardanti la gestione di alcune opere. La ciclabile che deve essere satinata, completata con un asfalto abraso. La casa che non pu\u00f2 essere abbattuta, anche se il proprietario \u00e8 d\u2019accordo.\u00a0 Tutte situazioni che non possono non essere denunciate\u00bb afferma il deputato Dario Bond. \u00abQuesto strapotere delle Soprintendenze non \u00e8 pi\u00f9 tollerabile. Non \u00e8 una guerra contro un funzionario o l\u2019altro. \u00c8 una guerra per la qualit\u00e0 della vita dei cittadini e delle comunit\u00e0, che si trovano sott\u2019acqua per tanti motivi; proprio per questo non possono esserci anche i cavilli burocratici e le pretese di qualcuno che agendo in questo modo va contro le esigenze dei cittadini, peraltro buttando via soldi pubblici. Non posso fermarmi alla semplice ma marcata critica. Informer\u00f2 l\u2019amico ministro bellunese Federico D\u2019Inc\u00e0 della situazione e il ministro Franceschini, perch\u00e9 \u00e8 giusto che sappiano cosa accade nei territori lontani da Roma. Nella capitale succede che i sanpietrini vengano aggiustati con l\u2019asfalto, che certe ristrutturazioni vengano fatte tanto per fare; in giro, invece, si va a controllare tutto, perfino quale \u00e8 la tonalit\u00e0 dell\u2019asfalto. Cose inaccettabili che vanno rigettate al mittente. Chieder\u00f2 un incontro, presenter\u00f2 anche un\u2019interrogazione. Non moller\u00f2 su questo punto\u00bb.<\/p>\n<p><strong>L&#8217;EX SINDACO DI ALLEGHE SIRO DE BIASIO ORA CHE NON E&#8217; PIU&#8217; SINDACO E NON TEME PIU&#8217; NESSUNO SI TOGLIE I SASSOLINI DALLE SCARPE<\/strong><\/p>\n<audio class=\"wp-audio-shortcode\" id=\"audio-102589-1\" preload=\"none\" style=\"width: 100%;\" controls=\"controls\"><source type=\"audio\/mpeg\" src=\"http:\/\/www.radiopiu.net\/wordpress\/wp-content\/uploads\/2019\/10\/SIRO2.mp3?_=1\" \/><a href=\"http:\/\/www.radiopiu.net\/wordpress\/wp-content\/uploads\/2019\/10\/SIRO2.mp3\">http:\/\/www.radiopiu.net\/wordpress\/wp-content\/uploads\/2019\/10\/SIRO2.mp3<\/a><\/audio>\n<p>&nbsp;<\/p>\n<p>&nbsp;<\/p>\n","protected":false},"excerpt":{"rendered":"<p>&nbsp; ALLEGHE \u00abBasta con lo strapotere delle Soprintendenze. Le comunit\u00e0 della montagna bellunese hanno il diritto di vivere senza cavilli burocratici inutili\u00bb. \u00c8 quanto afferma il deputato di Forza Italia, Dario Bond. \u00abHo letto questa mattina con attenzione le situazioni rappresentate da Radiopiu riguardanti la gestione di alcune opere. La ciclabile che deve essere satinata,&hellip;<\/p>\n","protected":false},"author":1,"featured_media":44428,"comment_status":"closed","ping_status":"closed","sticky":false,"template":"","format":"standard","meta":{"_monsterinsights_skip_tracking":false,"_monsterinsights_sitenote_active":false,"_monsterinsights_sitenote_note":"","_monsterinsights_sitenote_category":0,"footnotes":""},"categories":[1,49],"tags":[],"class_list":["post-102589","post","type-post","status-publish","format-standard","has-post-thumbnail","hentry","category-senza-categoria","category-news-18","category-1","category-49","description-off"],"img_url":"https:\/\/www.radiopiu.net\/wordpress\/wp-content\/uploads\/2018\/03\/BOND.jpg","_links":{"self":[{"href":"https:\/\/www.radiopiu.net\/wordpress\/wp-json\/wp\/v2\/posts\/102589","targetHints":{"allow":["GET"]}}],"collection":[{"href":"https:\/\/www.radiopiu.net\/wordpress\/wp-json\/wp\/v2\/posts"}],"about":[{"href":"https:\/\/www.radiopiu.net\/wordpress\/wp-json\/wp\/v2\/types\/post"}],"author":[{"embeddable":true,"href":"https:\/\/www.radiopiu.net\/wordpress\/wp-json\/wp\/v2\/users\/1"}],"replies":[{"embeddable":true,"href":"https:\/\/www.radiopiu.net\/wordpress\/wp-json\/wp\/v2\/comments?post=102589"}],"version-history":[{"count":0,"href":"https:\/\/www.radiopiu.net\/wordpress\/wp-json\/wp\/v2\/posts\/102589\/revisions"}],"wp:featuredmedia":[{"embeddable":true,"href":"https:\/\/www.radiopiu.net\/wordpress\/wp-json\/wp\/v2\/media\/44428"}],"wp:attachment":[{"href":"https:\/\/www.radiopiu.net\/wordpress\/wp-json\/wp\/v2\/media?parent=102589"}],"wp:term":[{"taxonomy":"category","embeddable":true,"href":"https:\/\/www.radiopiu.net\/wordpress\/wp-json\/wp\/v2\/categories?post=102589"},{"taxonomy":"post_tag","embeddable":true,"href":"https:\/\/www.radiopiu.net\/wordpress\/wp-json\/wp\/v2\/tags?post=102589"}],"curies":[{"name":"wp","href":"https:\/\/api.w.org\/{rel}","templated":true}]}}