{"id":102621,"date":"2019-10-15T14:13:57","date_gmt":"2019-10-15T12:13:57","guid":{"rendered":"http:\/\/www.radiopiu.net\/wordpress\/?p=102621"},"modified":"2019-10-15T14:13:57","modified_gmt":"2019-10-15T12:13:57","slug":"meteo-piogge-in-arrivo-allerta-gialla-nelle-aree-montane-e-pedemontane-del-veneto","status":"publish","type":"post","link":"https:\/\/www.radiopiu.net\/wordpress\/meteo-piogge-in-arrivo-allerta-gialla-nelle-aree-montane-e-pedemontane-del-veneto\/","title":{"rendered":"METEO: PIOGGE IN ARRIVO, ALLERTA GIALLA NELLE AREE MONTANE E PEDEMONTANE DEL VENETO"},"content":{"rendered":"<p><strong><a class=\"dt-pswp-item\" href=\"http:\/\/www.radiopiu.net\/wordpress\/wp-content\/uploads\/2018\/08\/instabilita.jpg\" data-dt-img-description=\"\" data-large_image_width=\"1280\" data-large_image_height=\"768\"><img loading=\"lazy\" decoding=\"async\" class=\" wp-image-57488 alignleft\" src=\"http:\/\/www.radiopiu.net\/wordpress\/wp-content\/uploads\/2018\/08\/instabilita-300x180.jpg\" alt=\"\" width=\"235\" height=\"141\" srcset=\"https:\/\/www.radiopiu.net\/wordpress\/wp-content\/uploads\/2018\/08\/instabilita-300x180.jpg 300w, https:\/\/www.radiopiu.net\/wordpress\/wp-content\/uploads\/2018\/08\/instabilita-768x461.jpg 768w, https:\/\/www.radiopiu.net\/wordpress\/wp-content\/uploads\/2018\/08\/instabilita-1024x614.jpg 1024w, https:\/\/www.radiopiu.net\/wordpress\/wp-content\/uploads\/2018\/08\/instabilita.jpg 1280w\" sizes=\"auto, (max-width: 235px) 100vw, 235px\" \/><\/a>VENEZIA\u00a0<\/strong> Sul Veneto sono in arrivo piogge, anche consistenti, che interesseranno in serata e nelle ore notturne in particolare le aree montane e pedemontane della regione, dove saranno possibili locali fenomeni intensi con forti rovesci e quantitativi di pioggia anche consistenti. Il Centro funzionale della Protezione civile del Veneto ha emesso un avviso di \u2018allerta gialla\u2019 per rischio idrogeologico nei bacini idrografici dell\u2019Alto Piave, del Piave Pedemontano, dell\u2019Alto Brenta-Bacchiglione-Alpone e dell\u2019Adige-Garda e Monti Lessini, valido fino alle ore 8 di domani mattina. Il possibile verificarsi di rovesci o temporali localmente anche intensi, potrebbe creare disagi al sistema fognario e lungo la rete idrografica minore. Si segnala la possibilit\u00e0 d&#8217;innesco di fenomeni franosi superficiali sui versanti e la possibilit\u00e0 di innesco di colate rapide specie nelle zone di allerta. In particolare \u00e8 stato rinforzato lo stato di attenzione (livello 2) per la frana a Borca di Cadore.<\/p>\n<div class=\"su-document su-u-responsive-media-yes\"><iframe loading=\"lazy\" src=\"\/\/docs.google.com\/viewer?embedded=true&url=http:\/\/www.radiopiu.net\/wordpress\/wp-content\/uploads\/2019\/10\/1673-2019-previsioni-meteo.pdf\" width=\"320\" height=\"340\" class=\"su-document\" title=\"\"><\/iframe><\/div>\n<p>&nbsp;<\/p>\n","protected":false},"excerpt":{"rendered":"<p>VENEZIA\u00a0 Sul Veneto sono in arrivo piogge, anche consistenti, che interesseranno in serata e nelle ore notturne in particolare le aree montane e pedemontane della regione, dove saranno possibili locali fenomeni intensi con forti rovesci e quantitativi di pioggia anche consistenti. Il Centro funzionale della Protezione civile del Veneto ha emesso un avviso di \u2018allerta&hellip;<\/p>\n","protected":false},"author":1,"featured_media":57488,"comment_status":"closed","ping_status":"closed","sticky":false,"template":"","format":"standard","meta":{"_monsterinsights_skip_tracking":false,"_monsterinsights_sitenote_active":false,"_monsterinsights_sitenote_note":"","_monsterinsights_sitenote_category":0,"footnotes":""},"categories":[1,49],"tags":[],"class_list":["post-102621","post","type-post","status-publish","format-standard","has-post-thumbnail","hentry","category-senza-categoria","category-news-18","category-1","category-49","description-off"],"img_url":"https:\/\/www.radiopiu.net\/wordpress\/wp-content\/uploads\/2018\/08\/instabilita.jpg","_links":{"self":[{"href":"https:\/\/www.radiopiu.net\/wordpress\/wp-json\/wp\/v2\/posts\/102621","targetHints":{"allow":["GET"]}}],"collection":[{"href":"https:\/\/www.radiopiu.net\/wordpress\/wp-json\/wp\/v2\/posts"}],"about":[{"href":"https:\/\/www.radiopiu.net\/wordpress\/wp-json\/wp\/v2\/types\/post"}],"author":[{"embeddable":true,"href":"https:\/\/www.radiopiu.net\/wordpress\/wp-json\/wp\/v2\/users\/1"}],"replies":[{"embeddable":true,"href":"https:\/\/www.radiopiu.net\/wordpress\/wp-json\/wp\/v2\/comments?post=102621"}],"version-history":[{"count":0,"href":"https:\/\/www.radiopiu.net\/wordpress\/wp-json\/wp\/v2\/posts\/102621\/revisions"}],"wp:featuredmedia":[{"embeddable":true,"href":"https:\/\/www.radiopiu.net\/wordpress\/wp-json\/wp\/v2\/media\/57488"}],"wp:attachment":[{"href":"https:\/\/www.radiopiu.net\/wordpress\/wp-json\/wp\/v2\/media?parent=102621"}],"wp:term":[{"taxonomy":"category","embeddable":true,"href":"https:\/\/www.radiopiu.net\/wordpress\/wp-json\/wp\/v2\/categories?post=102621"},{"taxonomy":"post_tag","embeddable":true,"href":"https:\/\/www.radiopiu.net\/wordpress\/wp-json\/wp\/v2\/tags?post=102621"}],"curies":[{"name":"wp","href":"https:\/\/api.w.org\/{rel}","templated":true}]}}