{"id":102642,"date":"2019-10-15T15:09:12","date_gmt":"2019-10-15T13:09:12","guid":{"rendered":"http:\/\/www.radiopiu.net\/wordpress\/?p=102642"},"modified":"2019-10-15T15:09:12","modified_gmt":"2019-10-15T13:09:12","slug":"lezione-di-protezione-civile-con-gli-studenti-della-media-rocca","status":"publish","type":"post","link":"https:\/\/www.radiopiu.net\/wordpress\/lezione-di-protezione-civile-con-gli-studenti-della-media-rocca\/","title":{"rendered":"LEZIONE DI PROTEZIONE CIVILE CON GLI STUDENTI DELLA MEDIA ROCCA"},"content":{"rendered":"<h3><\/h3>\n<p><strong><a class=\"dt-pswp-item\" href=\"http:\/\/www.radiopiu.net\/wordpress\/wp-content\/uploads\/2019\/10\/IC-FELTRE-Protezione-civile-a-scuola-1-1.jpg\" data-dt-img-description=\"\" data-large_image_width=\"1024\" data-large_image_height=\"768\"><img loading=\"lazy\" decoding=\"async\" class=\"size-medium wp-image-102641 alignleft\" src=\"http:\/\/www.radiopiu.net\/wordpress\/wp-content\/uploads\/2019\/10\/IC-FELTRE-Protezione-civile-a-scuola-1-1-300x225.jpg\" alt=\"\" width=\"300\" height=\"225\" srcset=\"https:\/\/www.radiopiu.net\/wordpress\/wp-content\/uploads\/2019\/10\/IC-FELTRE-Protezione-civile-a-scuola-1-1-300x225.jpg 300w, https:\/\/www.radiopiu.net\/wordpress\/wp-content\/uploads\/2019\/10\/IC-FELTRE-Protezione-civile-a-scuola-1-1-768x576.jpg 768w, https:\/\/www.radiopiu.net\/wordpress\/wp-content\/uploads\/2019\/10\/IC-FELTRE-Protezione-civile-a-scuola-1-1.jpg 1024w\" sizes=\"auto, (max-width: 300px) 100vw, 300px\" \/><\/a>FELTRE <\/strong>Vaia \u00e8 certo il pi\u00f9 eclatante, il pi\u00f9 recente, il pi\u00f9 vicino, temporalmente, tra i disastri naturali che hanno colpito il bellunese. Ma non c\u2019\u00e8 solo questo nella ricostruzione dell\u2019attivit\u00e0 di Protezione civile del sistema nazionale, ieri (14.10.2019) illustrato a scuola, nell\u2019aula magna della media \u201cRocca\u201d dell\u2019IC di Feltre, dal gruppo dei volontari di Feltre e Ana Alpini, appuntamento conclusivo della \u201cSettimana nazionale della Protezione Civile\u201d promossa dal Ministero dell\u2019Istruzione. \u201c<em>E\u2019 importante promuovere la sensibilit\u00e0 e l\u2019interesse della comunit\u00e0 verso problematiche che riguardano gli scenari di rischio tipici del territorio, a cominciare dalle scuole \u2013 ha detto Sergio Bottegal, coordinatore locale della Protezione civile \u2013 Alimentare comportamenti consapevoli per affrontarli e misure di autoprotezione, nell\u2019ottica, come sottolineato dal Ministero, di un progressivo accrescimento della resilienza della comunit\u00e0 che vive il territorio\u201d<\/em>. Senso di appartenenza e solidariet\u00e0, i concetti chiave riferiti ai ragazzi che, dopo avere visto alcuni filmati sull\u2019attivit\u00e0 di protezione civile (uno riguardava gli interventi fatti dal gruppo Feltre per rendere fruibile la Culiada subito dopo il disastro dell\u2019ottobre di un anno fa), hanno potuto conoscere meglio la struttura del sistema nazionale, con notizie e immagini sull\u2019azione concreta, a partire dall\u2019allestimento dei campi alle varie figure di volontari, per finire con le zone di intervento, dagli incendi boschivi, all\u2019alpinismo, ai dissesti idrogeologici. Interessati gli alunni delle seconde classi, a cui era rivolta la speciale lezione, che hanno fatto diverse domande ai volontari presenti.<\/p>\n<p>&nbsp;<\/p>\n","protected":false},"excerpt":{"rendered":"<p>FELTRE Vaia \u00e8 certo il pi\u00f9 eclatante, il pi\u00f9 recente, il pi\u00f9 vicino, temporalmente, tra i disastri naturali che hanno colpito il bellunese. Ma non c\u2019\u00e8 solo questo nella ricostruzione dell\u2019attivit\u00e0 di Protezione civile del sistema nazionale, ieri (14.10.2019) illustrato a scuola, nell\u2019aula magna della media \u201cRocca\u201d dell\u2019IC di Feltre, dal gruppo dei volontari di&hellip;<\/p>\n","protected":false},"author":1,"featured_media":102640,"comment_status":"closed","ping_status":"closed","sticky":false,"template":"","format":"standard","meta":{"_monsterinsights_skip_tracking":false,"_monsterinsights_sitenote_active":false,"_monsterinsights_sitenote_note":"","_monsterinsights_sitenote_category":0,"footnotes":""},"categories":[49],"tags":[],"class_list":["post-102642","post","type-post","status-publish","format-standard","has-post-thumbnail","hentry","category-news-18","category-49","description-off"],"img_url":"https:\/\/www.radiopiu.net\/wordpress\/wp-content\/uploads\/2019\/10\/IC-FELTRE-Protezione-civile-a-scuola-1.jpg","_links":{"self":[{"href":"https:\/\/www.radiopiu.net\/wordpress\/wp-json\/wp\/v2\/posts\/102642","targetHints":{"allow":["GET"]}}],"collection":[{"href":"https:\/\/www.radiopiu.net\/wordpress\/wp-json\/wp\/v2\/posts"}],"about":[{"href":"https:\/\/www.radiopiu.net\/wordpress\/wp-json\/wp\/v2\/types\/post"}],"author":[{"embeddable":true,"href":"https:\/\/www.radiopiu.net\/wordpress\/wp-json\/wp\/v2\/users\/1"}],"replies":[{"embeddable":true,"href":"https:\/\/www.radiopiu.net\/wordpress\/wp-json\/wp\/v2\/comments?post=102642"}],"version-history":[{"count":0,"href":"https:\/\/www.radiopiu.net\/wordpress\/wp-json\/wp\/v2\/posts\/102642\/revisions"}],"wp:featuredmedia":[{"embeddable":true,"href":"https:\/\/www.radiopiu.net\/wordpress\/wp-json\/wp\/v2\/media\/102640"}],"wp:attachment":[{"href":"https:\/\/www.radiopiu.net\/wordpress\/wp-json\/wp\/v2\/media?parent=102642"}],"wp:term":[{"taxonomy":"category","embeddable":true,"href":"https:\/\/www.radiopiu.net\/wordpress\/wp-json\/wp\/v2\/categories?post=102642"},{"taxonomy":"post_tag","embeddable":true,"href":"https:\/\/www.radiopiu.net\/wordpress\/wp-json\/wp\/v2\/tags?post=102642"}],"curies":[{"name":"wp","href":"https:\/\/api.w.org\/{rel}","templated":true}]}}