{"id":102668,"date":"2019-10-15T16:15:11","date_gmt":"2019-10-15T14:15:11","guid":{"rendered":"http:\/\/www.radiopiu.net\/wordpress\/?p=102668"},"modified":"2019-10-15T16:16:28","modified_gmt":"2019-10-15T14:16:28","slug":"image-e-50-immaginare-il-futuro-percorso-in-otto-tappe-verso-leuropa-del-2050-per-gli-studenti-feltrini-ecco-i-due-concorsi","status":"publish","type":"post","link":"https:\/\/www.radiopiu.net\/wordpress\/image-e-50-immaginare-il-futuro-percorso-in-otto-tappe-verso-leuropa-del-2050-per-gli-studenti-feltrini-ecco-i-due-concorsi\/","title":{"rendered":"IMAGE E 50, IMMAGINARE IL FUTURO: PERCORSO IN OTTO TAPPE VERSO L&#8217;EUROPA DEL 2050. PER GLI STUDENTI FELTRINI ECCO I DUE CONCORSI"},"content":{"rendered":"<h2>CONCORSI per gli STUDENTI delle scuole feltrine.<\/h2>\n<p><strong><a class=\"dt-pswp-item\" href=\"http:\/\/www.radiopiu.net\/wordpress\/wp-content\/uploads\/2019\/10\/e63cae87-7cd3-4211-96fc-f7f3cd215cfc.jpg\" data-dt-img-description=\"\" data-large_image_width=\"1600\" data-large_image_height=\"1200\"><img loading=\"lazy\" decoding=\"async\" class=\"size-medium wp-image-102665 alignleft\" src=\"http:\/\/www.radiopiu.net\/wordpress\/wp-content\/uploads\/2019\/10\/e63cae87-7cd3-4211-96fc-f7f3cd215cfc-300x225.jpg\" alt=\"\" width=\"300\" height=\"225\" srcset=\"https:\/\/www.radiopiu.net\/wordpress\/wp-content\/uploads\/2019\/10\/e63cae87-7cd3-4211-96fc-f7f3cd215cfc-300x225.jpg 300w, https:\/\/www.radiopiu.net\/wordpress\/wp-content\/uploads\/2019\/10\/e63cae87-7cd3-4211-96fc-f7f3cd215cfc-768x576.jpg 768w, https:\/\/www.radiopiu.net\/wordpress\/wp-content\/uploads\/2019\/10\/e63cae87-7cd3-4211-96fc-f7f3cd215cfc-1024x768.jpg 1024w, https:\/\/www.radiopiu.net\/wordpress\/wp-content\/uploads\/2019\/10\/e63cae87-7cd3-4211-96fc-f7f3cd215cfc.jpg 1600w\" sizes=\"auto, (max-width: 300px) 100vw, 300px\" \/><\/a>FELTRE<\/strong> Un concorso di natura artistica, riservato agli studenti dagli 11 ai 15 anni, ed uno di natura letteraria per quelli dai 16 ai 18 anni. Li ha messi a punto il Comitato Gemellaggi di Feltre nell&#8217;ambito del progetto &#8220;ImagE50&#8221;, avviato gi\u00e0 da qualche tempo, e che vede coinvolte &#8211; in varie tappe &#8211; tutte 7 le citt\u00e0 che fanno parte della partnership. L&#8217;obiettivo dell&#8217;iniziativa, che interesser\u00e0 tutte le SCUOLE MEDIE INFERIORI E SUPERIORI ubicate nel Comune di Feltre, \u00e8 quello di stimolare i giovani, per il tramite dei loro insegnanti, ad una riflessione sull&#8217;Europa, con uno sguardo prospettico a quella che verr\u00e0, o meglio&#8230; a quella che loro desidererebbero. In questi giorni i membri del Comitato stanno contattando tutti i dirigenti degli istituti scolastici per illustrare e descrivere l&#8217;iniziativa. Il termine per la presentazione degli elaborati, in forma di testo narrativo o &#8220;prodotto&#8221; artistico \u00e8 fissato a fine maggio del 2020. I vincitori dei due concorsi potranno partecipare ad un viaggio a Bruxelles, sede di alcune tra le principali istituzioni europee.<\/p>\n<p><strong>Gabriele Gabrielli\u00a0 Comitato Gemellaggi Feltre <\/strong><\/p>\n<audio class=\"wp-audio-shortcode\" id=\"audio-102668-1\" preload=\"none\" style=\"width: 100%;\" controls=\"controls\"><source type=\"audio\/mpeg\" src=\"http:\/\/www.radiopiu.net\/wordpress\/wp-content\/uploads\/2019\/10\/Gabriele-Gabrielli-2.mp3?_=1\" \/><a href=\"http:\/\/www.radiopiu.net\/wordpress\/wp-content\/uploads\/2019\/10\/Gabriele-Gabrielli-2.mp3\">http:\/\/www.radiopiu.net\/wordpress\/wp-content\/uploads\/2019\/10\/Gabriele-Gabrielli-2.mp3<\/a><\/audio>\n<p><strong>Manuel Sacchet, Presidente Consiglio Comunale di Feltre con delega per i gemellaggi<\/strong><\/p>\n<audio class=\"wp-audio-shortcode\" id=\"audio-102668-2\" preload=\"none\" style=\"width: 100%;\" controls=\"controls\"><source type=\"audio\/mpeg\" src=\"http:\/\/www.radiopiu.net\/wordpress\/wp-content\/uploads\/2019\/10\/SACCHET.mp3?_=2\" \/><a href=\"http:\/\/www.radiopiu.net\/wordpress\/wp-content\/uploads\/2019\/10\/SACCHET.mp3\">http:\/\/www.radiopiu.net\/wordpress\/wp-content\/uploads\/2019\/10\/SACCHET.mp3<\/a><\/audio>\n<p>&nbsp;<\/p>\n<p>&nbsp;<\/p>\n","protected":false},"excerpt":{"rendered":"<p>CONCORSI per gli STUDENTI delle scuole feltrine. FELTRE Un concorso di natura artistica, riservato agli studenti dagli 11 ai 15 anni, ed uno di natura letteraria per quelli dai 16 ai 18 anni. Li ha messi a punto il Comitato Gemellaggi di Feltre nell&#8217;ambito del progetto &#8220;ImagE50&#8221;, avviato gi\u00e0 da qualche tempo, e che vede&hellip;<\/p>\n","protected":false},"author":1,"featured_media":102665,"comment_status":"closed","ping_status":"closed","sticky":false,"template":"","format":"standard","meta":{"_monsterinsights_skip_tracking":false,"_monsterinsights_sitenote_active":false,"_monsterinsights_sitenote_note":"","_monsterinsights_sitenote_category":0,"footnotes":""},"categories":[1,49],"tags":[],"class_list":["post-102668","post","type-post","status-publish","format-standard","has-post-thumbnail","hentry","category-senza-categoria","category-news-18","category-1","category-49","description-off"],"img_url":"https:\/\/www.radiopiu.net\/wordpress\/wp-content\/uploads\/2019\/10\/e63cae87-7cd3-4211-96fc-f7f3cd215cfc.jpg","_links":{"self":[{"href":"https:\/\/www.radiopiu.net\/wordpress\/wp-json\/wp\/v2\/posts\/102668","targetHints":{"allow":["GET"]}}],"collection":[{"href":"https:\/\/www.radiopiu.net\/wordpress\/wp-json\/wp\/v2\/posts"}],"about":[{"href":"https:\/\/www.radiopiu.net\/wordpress\/wp-json\/wp\/v2\/types\/post"}],"author":[{"embeddable":true,"href":"https:\/\/www.radiopiu.net\/wordpress\/wp-json\/wp\/v2\/users\/1"}],"replies":[{"embeddable":true,"href":"https:\/\/www.radiopiu.net\/wordpress\/wp-json\/wp\/v2\/comments?post=102668"}],"version-history":[{"count":0,"href":"https:\/\/www.radiopiu.net\/wordpress\/wp-json\/wp\/v2\/posts\/102668\/revisions"}],"wp:featuredmedia":[{"embeddable":true,"href":"https:\/\/www.radiopiu.net\/wordpress\/wp-json\/wp\/v2\/media\/102665"}],"wp:attachment":[{"href":"https:\/\/www.radiopiu.net\/wordpress\/wp-json\/wp\/v2\/media?parent=102668"}],"wp:term":[{"taxonomy":"category","embeddable":true,"href":"https:\/\/www.radiopiu.net\/wordpress\/wp-json\/wp\/v2\/categories?post=102668"},{"taxonomy":"post_tag","embeddable":true,"href":"https:\/\/www.radiopiu.net\/wordpress\/wp-json\/wp\/v2\/tags?post=102668"}],"curies":[{"name":"wp","href":"https:\/\/api.w.org\/{rel}","templated":true}]}}