{"id":102713,"date":"2019-10-16T05:15:00","date_gmt":"2019-10-16T03:15:00","guid":{"rendered":"http:\/\/www.radiopiu.net\/wordpress\/?p=102713"},"modified":"2019-10-16T05:15:00","modified_gmt":"2019-10-16T03:15:00","slug":"ciclabile-conca-agordina-parte-due-il-sindaco-risponde-al-cittadino-che-protesta-per-quellesproprio-mal-riuscito","status":"publish","type":"post","link":"https:\/\/www.radiopiu.net\/wordpress\/ciclabile-conca-agordina-parte-due-il-sindaco-risponde-al-cittadino-che-protesta-per-quellesproprio-mal-riuscito\/","title":{"rendered":"CICLABILE CONCA AGORDINA, PARTE DUE, il sindaco risponde al cittadino che protesta per quell&#8217;esproprio mal riuscito"},"content":{"rendered":"<p>&nbsp;<\/p>\n<h3><\/h3>\n<p><strong><a class=\"dt-pswp-item\" href=\"http:\/\/www.radiopiu.net\/wordpress\/wp-content\/uploads\/2018\/03\/CICLABILE1.jpg\" data-dt-img-description=\"\" data-large_image_width=\"558\" data-large_image_height=\"353\"><img loading=\"lazy\" decoding=\"async\" class=\"size-medium wp-image-44720 alignleft\" src=\"http:\/\/www.radiopiu.net\/wordpress\/wp-content\/uploads\/2018\/03\/CICLABILE1-300x190.jpg\" alt=\"\" width=\"300\" height=\"190\" srcset=\"https:\/\/www.radiopiu.net\/wordpress\/wp-content\/uploads\/2018\/03\/CICLABILE1-300x190.jpg 300w, https:\/\/www.radiopiu.net\/wordpress\/wp-content\/uploads\/2018\/03\/CICLABILE1.jpg 558w\" sizes=\"auto, (max-width: 300px) 100vw, 300px\" \/><\/a>TAIBON<\/strong> Un mortificato\u00a0 sindaco Silvia Torrmen ammette l&#8217;inadempienza dell&#8217;amministrazione per quel cittadino che si \u00e8 visto espropriare il terreno per la ciclabile, non \u00e8 mai stato ripagato e, ironia della sorte ma c&#8217;\u00e8 poco da ridere&#8230; su quel terreno ci paga le tasse. Ritardi imperdonabili come ammette il primo cittadino e le difficolt\u00e0 pare non siano superate. Dunque il cittadino ha ragione quando si sente preso in giro dall&#8217;ente.<em> &#8220;Mi dispiace &#8211; dice il sindaco &#8211; il cittadino ha avuto rapporti con l&#8217;ente e al di fuori di questo procedimento, in altre situazioni l&#8217;ente ha onorato gli impegni&#8221;. <\/em>E circa il pagamento delle tasse? &#8220;<em>Non \u00e8 proprio cos\u00ec, comunque lo verificheremo&#8221;<\/em><\/p>\n<p><strong>LA LETTERA, ALLA RADIO<\/strong><\/p>\n<blockquote><p><em>Relativamente ai lavori della ciclabile presso Taibon&#8230; Prima di pensare ai vari prolungamenti sarebbe bello che venissero risarciti i proprietari dei terreni espropriati. Nonostante le promesse del sindaco e i continui rimpalli di responsabilit\u00e0 con il tecnico comunale, nonostante le promesse di chiusura delle pratiche a breve la realt\u00e0 \u00e8 che i terreni non sono stati ancora volturati qui\u00a0 i proprietari pagano tasse sui terreni occupati dalla ciclabile. <\/em><em>Una vera vergogna. Se fossi sindaco mi sentirei in forte imbarazzo, se fossi capo tecnico comunale cercherei di finire quanto iniziato. Dato di fatto inoppugnabile \u00e8 che tutto risulta una presa in giro.<\/em><\/p><\/blockquote>\n<p><strong>LA RISPOSTA DEL SINDACO SILVIA TORMEN<\/strong><\/p>\n<audio class=\"wp-audio-shortcode\" id=\"audio-102713-1\" preload=\"none\" style=\"width: 100%;\" controls=\"controls\"><source type=\"audio\/mpeg\" src=\"http:\/\/www.radiopiu.net\/wordpress\/wp-content\/uploads\/2019\/10\/SILVIA.mp3?_=1\" \/><a href=\"http:\/\/www.radiopiu.net\/wordpress\/wp-content\/uploads\/2019\/10\/SILVIA.mp3\">http:\/\/www.radiopiu.net\/wordpress\/wp-content\/uploads\/2019\/10\/SILVIA.mp3<\/a><\/audio>\n<p>&nbsp;<\/p>\n","protected":false},"excerpt":{"rendered":"<p>&nbsp; TAIBON Un mortificato\u00a0 sindaco Silvia Torrmen ammette l&#8217;inadempienza dell&#8217;amministrazione per quel cittadino che si \u00e8 visto espropriare il terreno per la ciclabile, non \u00e8 mai stato ripagato e, ironia della sorte ma c&#8217;\u00e8 poco da ridere&#8230; su quel terreno ci paga le tasse. Ritardi imperdonabili come ammette il primo cittadino e le difficolt\u00e0 pare&hellip;<\/p>\n","protected":false},"author":1,"featured_media":44720,"comment_status":"closed","ping_status":"closed","sticky":false,"template":"","format":"standard","meta":{"_monsterinsights_skip_tracking":false,"_monsterinsights_sitenote_active":false,"_monsterinsights_sitenote_note":"","_monsterinsights_sitenote_category":0,"footnotes":""},"categories":[51,49],"tags":[],"class_list":["post-102713","post","type-post","status-publish","format-standard","has-post-thumbnail","hentry","category-evidenza-top","category-news-18","category-51","category-49","description-off"],"img_url":"https:\/\/www.radiopiu.net\/wordpress\/wp-content\/uploads\/2018\/03\/CICLABILE1.jpg","_links":{"self":[{"href":"https:\/\/www.radiopiu.net\/wordpress\/wp-json\/wp\/v2\/posts\/102713","targetHints":{"allow":["GET"]}}],"collection":[{"href":"https:\/\/www.radiopiu.net\/wordpress\/wp-json\/wp\/v2\/posts"}],"about":[{"href":"https:\/\/www.radiopiu.net\/wordpress\/wp-json\/wp\/v2\/types\/post"}],"author":[{"embeddable":true,"href":"https:\/\/www.radiopiu.net\/wordpress\/wp-json\/wp\/v2\/users\/1"}],"replies":[{"embeddable":true,"href":"https:\/\/www.radiopiu.net\/wordpress\/wp-json\/wp\/v2\/comments?post=102713"}],"version-history":[{"count":0,"href":"https:\/\/www.radiopiu.net\/wordpress\/wp-json\/wp\/v2\/posts\/102713\/revisions"}],"wp:featuredmedia":[{"embeddable":true,"href":"https:\/\/www.radiopiu.net\/wordpress\/wp-json\/wp\/v2\/media\/44720"}],"wp:attachment":[{"href":"https:\/\/www.radiopiu.net\/wordpress\/wp-json\/wp\/v2\/media?parent=102713"}],"wp:term":[{"taxonomy":"category","embeddable":true,"href":"https:\/\/www.radiopiu.net\/wordpress\/wp-json\/wp\/v2\/categories?post=102713"},{"taxonomy":"post_tag","embeddable":true,"href":"https:\/\/www.radiopiu.net\/wordpress\/wp-json\/wp\/v2\/tags?post=102713"}],"curies":[{"name":"wp","href":"https:\/\/api.w.org\/{rel}","templated":true}]}}