{"id":102724,"date":"2019-10-16T05:46:11","date_gmt":"2019-10-16T03:46:11","guid":{"rendered":"http:\/\/www.radiopiu.net\/wordpress\/?p=102724"},"modified":"2019-10-31T05:43:17","modified_gmt":"2019-10-31T04:43:17","slug":"luiss-school-massaro-palazzo-bembo-cultura-del-sapere-bond-che-non-sia-laccalappia-finanziamenti-e-poi-scompaia","status":"publish","type":"post","link":"https:\/\/www.radiopiu.net\/wordpress\/luiss-school-massaro-palazzo-bembo-cultura-del-sapere-bond-che-non-sia-laccalappia-finanziamenti-e-poi-scompaia\/","title":{"rendered":"LUISS SCHOOL. MASSARO &#8220;Palazzo Bembo cultura del sapere&#8221;. BOND &#8220;Che non sia l&#8217;accalappia finanziamenti e poi scompaia&#8221;"},"content":{"rendered":"<h3>A BELLUNO CONTRO LO SPOPOLAMENTO E IL RIENTRO DEI &#8220;CERVELLI&#8221; BELLUNESI<\/h3>\n<p><strong><a class=\"dt-pswp-item\" href=\"http:\/\/www.radiopiu.net\/wordpress\/wp-content\/uploads\/2019\/10\/download-14.jpg\" data-dt-img-description=\"\" data-large_image_width=\"377\" data-large_image_height=\"134\"><img loading=\"lazy\" decoding=\"async\" class=\"size-medium wp-image-102644 alignleft\" src=\"http:\/\/www.radiopiu.net\/wordpress\/wp-content\/uploads\/2019\/10\/download-14-300x107.jpg\" alt=\"\" width=\"300\" height=\"107\" srcset=\"https:\/\/www.radiopiu.net\/wordpress\/wp-content\/uploads\/2019\/10\/download-14-300x107.jpg 300w, https:\/\/www.radiopiu.net\/wordpress\/wp-content\/uploads\/2019\/10\/download-14.jpg 377w\" sizes=\"auto, (max-width: 300px) 100vw, 300px\" \/><\/a>BELLUNO<\/strong> Luiss Business School attiva a Belluno l\u2019Hub \u201cVeneto delle Dolomiti\u201d, un nuovo polo di alta formazione, consulenza e ricerca applicata nell\u2019area del business e management rivolto alle imprese. La sede bellunese della Luiss Business School sar\u00e0 il punto di riferimento per il Nordest.<em> &#8220;L\u2019obiettivo \u2013 dice Lorraine Berton\u00a0 presidente di Confindustria\u2013\u00a0 \u00e8 duplice. Da un lato, si tratta di garantire un centro di alta formazione per le aziende. Dall\u2019altro, \u00e8 fondamentale richiamare in provincia i giovani che si laureano negli atenei delle altre citt\u00e0 e che attualmente, purtroppo spesso, non tornano pi\u00f9. Avere a Belluno una delle migliori Business School a livello internazionale, fortemente integrata con le imprese del territorio, rappresenta sicuramente una nuova importante opportunit\u00e0, un\u2019azione concreta contro la \u201cfuga di cervelli\u201d che tanto penalizza anche la nostra provincia\u00bb. <\/em>Luiss \u00e8 la prima scuola di alta formazione italiana ad essere entrata nel Global Business School Network (Gbsn), dove sono presenti le principali realt\u00e0 mondiali come il MIT di Boston, University of California, Berkeley, Columbia Business School.<\/p>\n<p>&nbsp;<\/p>\n<p>&nbsp;<\/p>\n<h3>PALAZZO BEMBO SEMPRE PIU&#8217; PALAZZO DELLA CULTURA E DEL SAPERE<\/h3>\n<blockquote><p><em>Con Confindustria Belluno Dolomiti e il Comune di Belluno, al progetto LUISS hanno collaborato il Comune di Feltre, la Provincia di Belluno e il Consorzio Bim Piave.<\/em><\/p><\/blockquote>\n<p><strong>BELLUNO<\/strong>\u00a0 La LUISS Business School apre a Belluno: il capoluogo dolomitico diventer\u00e0 l&#8217;Hub Veneto delle Dolomiti, il polo del Nord Est dell&#8217;alta formazione, consulenza e ricerca applicata nell\u2019area del business e management rivolto alle imprese presenti sul territorio. Belluno diventa quindi la terza citt\u00e0 italiana, dopo Roma e Milano, ad ospitare i corsi della LUISS, prima scuola di alta formazione italiana ad essere entrata nel Global Business School Network (Gbsn), rete che vanta le principali realt\u00e0 mondiali del settore.<\/p>\n<h3>Entusiasta per il risultato ottenuto il Sindaco di Belluno, Jacopo Massaro.<\/h3>\n<p><iframe loading=\"lazy\" title=\"Jacopo Massaro   LUISS a Belluno\" width=\"1200\" height=\"675\" src=\"https:\/\/www.youtube.com\/embed\/Nhp9LyLl67k?feature=oembed\" frameborder=\"0\" allow=\"accelerometer; autoplay; encrypted-media; gyroscope; picture-in-picture\" allowfullscreen><\/iframe><\/p>\n<p>&nbsp;<\/p>\n<h3><strong>DARIO BOND<em> &#8220;<\/em><\/strong><em>Che non sia l&#8217;accalappia fondi e finanziamenti tipo i Fondi di Confine che una volta terminati tutto non svanisca nel nulla&#8221;<\/em><\/h3>\n<audio class=\"wp-audio-shortcode\" id=\"audio-102724-1\" preload=\"none\" style=\"width: 100%;\" controls=\"controls\"><source type=\"audio\/mpeg\" src=\"http:\/\/www.radiopiu.net\/wordpress\/wp-content\/uploads\/2019\/10\/bond.mp3?_=1\" \/><a href=\"http:\/\/www.radiopiu.net\/wordpress\/wp-content\/uploads\/2019\/10\/bond.mp3\">http:\/\/www.radiopiu.net\/wordpress\/wp-content\/uploads\/2019\/10\/bond.mp3<\/a><\/audio>\n<blockquote><p>&nbsp;<\/p>\n<p><em>\u201cL\u2019apertura del nuovo Hub Veneto delle Dolomiti rappresenta una evoluzione strategica fondamentale per la crescita della Luiss Business School\u201d, <strong>ha commentato Vincenzo Boccia, Presidente della Luiss.<\/strong> \u201cGrazie alle attivit\u00e0 dell\u2019Hub e alle competenze della Business School saremo in grado di rispondere a una esigenza di alta formazione molto sentita sul territorio, rafforzando la nostra missione di essere vicini alle imprese per favorirne la crescita e la capacit\u00e0 di affrontare le sfide dell\u2019economia digitale e dell\u2019internazionalizzazione\u201d, ha aggiunto Boccia.<\/em><\/p>\n<p><em>\u201cLa creazione dell\u2019Hub Veneto delle Dolomiti segue quella dell\u2019Hub di Milano, oggi a pieno regime: attraverso queste strutture, Luiss Business School vuole rafforzare il proprio posizionamento di scuola di alta formazione di eccellenza e partner ideale per le imprese sul territorio\u201d, <strong>ha aggiunto Luigi Abete, Presidente di Luiss Business School<\/strong>. \u201cNegli ultimi anni la Scuola ha intrapreso un importante percorso di crescita, destinato a consolidarsi ulteriormente grazie anche al nuovo Hub\u201d, ha concluso Abete.<\/em><\/p>\n<p><em>\u201cL\u2019apertura dell\u2019Hub \u2018Veneto delle Dolomiti\u2019 da parte della Luiss Business School \u00e8 un ottimo segnale per lo sviluppo di un territorio che vanta numerose eccellenze legate al mondo dell\u2019imprenditoria\u201d.<strong> Lo afferma Federico D\u2019Inc\u00e0, Ministro per i Rapporti con il Parlamento<\/strong> \u201cQuesta struttura, assieme all\u2019offerta formativa presentata, si pu\u00f2 rivelare a tutti gli effetti come uno strumento di crescita e formazione per i giovani e ha la possibilit\u00e0 di dare un nuovo slancio economico. L\u2019hub \u00e8 uno strumento in grado di affrontare con decisione il problema dello spopolamento locale: una questione che, purtroppo, il bellunese vive da diverso tempo come molte aree interne del nostro Paese\u201d.<\/em><\/p>\n<p><em>&#8220;Un esempio nel metodo, una base di partenza fondamentale per il futuro\u00a0 <strong>&#8211; dice il deputato\u00a0 Roger De Menech<\/strong> &#8211; \u00a0salutando con entusiasmo la notizia dell\u2019apertura della Business School della Luiss a Belluno. Complimenti a Confindustria Belluno, alla Provincia, ai Comuni, al Bim e a tutte le persone che hanno creduto in questo progetto. Questa vicenda dimostra che quando si lavora in modo concreto, coeso, serio e senza clamori, anche i risultati pi\u00f9 ambiziosi diventano realizzabili&#8221;, quanto abbiamo bisogno di iniziative come questa? Come l\u2019aria che respiriamo&#8221;.<\/em><\/p>\n<p>&nbsp;<\/p><\/blockquote>\n<p>&nbsp;<\/p>\n","protected":false},"excerpt":{"rendered":"<p>A BELLUNO CONTRO LO SPOPOLAMENTO E IL RIENTRO DEI &#8220;CERVELLI&#8221; BELLUNESI BELLUNO Luiss Business School attiva a Belluno l\u2019Hub \u201cVeneto delle Dolomiti\u201d, un nuovo polo di alta formazione, consulenza e ricerca applicata nell\u2019area del business e management rivolto alle imprese. La sede bellunese della Luiss Business School sar\u00e0 il punto di riferimento per il Nordest.&hellip;<\/p>\n","protected":false},"author":1,"featured_media":102644,"comment_status":"closed","ping_status":"closed","sticky":false,"template":"","format":"standard","meta":{"_monsterinsights_skip_tracking":false,"_monsterinsights_sitenote_active":false,"_monsterinsights_sitenote_note":"","_monsterinsights_sitenote_category":0,"footnotes":""},"categories":[1,104,49],"tags":[],"class_list":["post-102724","post","type-post","status-publish","format-standard","has-post-thumbnail","hentry","category-senza-categoria","category-evidenza_3","category-news-18","category-1","category-104","category-49","description-off"],"img_url":"https:\/\/www.radiopiu.net\/wordpress\/wp-content\/uploads\/2019\/10\/download-14.jpg","_links":{"self":[{"href":"https:\/\/www.radiopiu.net\/wordpress\/wp-json\/wp\/v2\/posts\/102724","targetHints":{"allow":["GET"]}}],"collection":[{"href":"https:\/\/www.radiopiu.net\/wordpress\/wp-json\/wp\/v2\/posts"}],"about":[{"href":"https:\/\/www.radiopiu.net\/wordpress\/wp-json\/wp\/v2\/types\/post"}],"author":[{"embeddable":true,"href":"https:\/\/www.radiopiu.net\/wordpress\/wp-json\/wp\/v2\/users\/1"}],"replies":[{"embeddable":true,"href":"https:\/\/www.radiopiu.net\/wordpress\/wp-json\/wp\/v2\/comments?post=102724"}],"version-history":[{"count":0,"href":"https:\/\/www.radiopiu.net\/wordpress\/wp-json\/wp\/v2\/posts\/102724\/revisions"}],"wp:featuredmedia":[{"embeddable":true,"href":"https:\/\/www.radiopiu.net\/wordpress\/wp-json\/wp\/v2\/media\/102644"}],"wp:attachment":[{"href":"https:\/\/www.radiopiu.net\/wordpress\/wp-json\/wp\/v2\/media?parent=102724"}],"wp:term":[{"taxonomy":"category","embeddable":true,"href":"https:\/\/www.radiopiu.net\/wordpress\/wp-json\/wp\/v2\/categories?post=102724"},{"taxonomy":"post_tag","embeddable":true,"href":"https:\/\/www.radiopiu.net\/wordpress\/wp-json\/wp\/v2\/tags?post=102724"}],"curies":[{"name":"wp","href":"https:\/\/api.w.org\/{rel}","templated":true}]}}