{"id":102854,"date":"2019-10-18T05:55:32","date_gmt":"2019-10-18T03:55:32","guid":{"rendered":"http:\/\/www.radiopiu.net\/wordpress\/?p=102854"},"modified":"2019-10-18T06:03:58","modified_gmt":"2019-10-18T04:03:58","slug":"il-mortale-incidente-ad-agre-video-e-foto-il-giorno-dopo","status":"publish","type":"post","link":"https:\/\/www.radiopiu.net\/wordpress\/il-mortale-incidente-ad-agre-video-e-foto-il-giorno-dopo\/","title":{"rendered":"IL MORTALE INCIDENTE AD AGRE, STRADA CHIUSA DAL PARCO 10 ANNI FA. DA ALLORA COSA E&#8217; STATO FATTO?"},"content":{"rendered":"<p>&nbsp;<\/p>\n<h2>L&#8217;INCIDENTE DI AGRE UNA TRAGICA FATALITA&#8217;. PERICOLO QUOTIDIANO PER CHI VIVE IN MONTAGNA. LA STRADA PER AGRE E&#8217; GRAVATA DA UN&#8217;ORDINANZA DI CHIUSURA FIN DAL 2009 MA NON PER I PROPRIETARI DEI FONDI. COSA HA FATTO IN 10 ANNI IL PARCO OLTRE ALL&#8217;ORDINANZA PER FACILITARE LA VITA A CHI NON HA ANCORA DECISO DI ABBANDONARE IL TERRITORIO PER I DISSERVIZI QUOTIDIANI?<\/h2>\n<p>di Mirko Mezzacasa<\/p>\n<blockquote><p><em>\u00a0Quella di mercoledi doveva essere una normale consegna del miscelatore che la vittima Tiziano Faccia, padovano di Conselve,\u00a0 aveva progettato e costruito per l&#8217;alimentazione degli animali. Faccia amava il rapporto diretto con i clienti. Lascia la moglie Melania Bortoletto con la quale condivideva una vita di lavoro e sacrifici.\u00a0<\/em><\/p><\/blockquote>\n<p><strong><a class=\"dt-pswp-item\" href=\"http:\/\/www.radiopiu.net\/wordpress\/wp-content\/uploads\/2019\/10\/c473b53f-10e6-4957-864c-68c782804b62.jpg\" data-dt-img-description=\"\" data-large_image_width=\"1599\" data-large_image_height=\"1200\"><img loading=\"lazy\" decoding=\"async\" class=\" wp-image-102860 alignleft\" src=\"http:\/\/www.radiopiu.net\/wordpress\/wp-content\/uploads\/2019\/10\/c473b53f-10e6-4957-864c-68c782804b62-300x225.jpg\" alt=\"\" width=\"255\" height=\"191\" srcset=\"https:\/\/www.radiopiu.net\/wordpress\/wp-content\/uploads\/2019\/10\/c473b53f-10e6-4957-864c-68c782804b62-300x225.jpg 300w, https:\/\/www.radiopiu.net\/wordpress\/wp-content\/uploads\/2019\/10\/c473b53f-10e6-4957-864c-68c782804b62-768x576.jpg 768w, https:\/\/www.radiopiu.net\/wordpress\/wp-content\/uploads\/2019\/10\/c473b53f-10e6-4957-864c-68c782804b62-1024x768.jpg 1024w, https:\/\/www.radiopiu.net\/wordpress\/wp-content\/uploads\/2019\/10\/c473b53f-10e6-4957-864c-68c782804b62.jpg 1599w\" sizes=\"auto, (max-width: 255px) 100vw, 255px\" \/><\/a>SEDICO<\/strong> La strada dove si \u00e8 verificato l&#8217;incidente dell&#8217;altra sera \u00e8 chiusa dal <strong>29 ottobre del 2009<\/strong>, non da un anno, non da Vaia, da 10 anni. Dai giorni di Vaia non \u00e8 stato spostato nemmeno un albero, neanche una ceppaia. la stradina che corre in destra orografica del Cordevole \u00e8 &#8220;sbrindellata&#8221; il Cordevole ne ha eroso i fianchi, se sbagli a mettere il piede finisce metri e metri pi\u00f9 gi\u00f9 fino al greto del torrente. Il Parco Nazionale delle Dolomiti non ha fatto nulla per aiutare la gente che lavora nelle aziende agricole rimaste sul territorio. Anzi no. ha messo due cartelli con l&#8217;ordinanza di divieto (ma non ai proprietari dei fondi che altrimenti avrebbe dovuto evacuare&#8230;) uno di quei cartelli \u00e8 volato via con il vento ed \u00e8 rimasto solo un palo in legno vuoto e uno sbiadito cartello &#8220;propriet\u00e0 privata&#8221; divieto di accesso a tutti i mezzi e divieto di sosta&#8230;.<br \/>\nTiziano Faccia 62 anni \u00e8 morto per una tragica fatalit\u00e0, colpito da un unico sasso che gli \u00e8 arrivato in testa mentre era fuori dal trattore che trasportava il miscelatore per l&#8217;azienda di Patrick Calonego che al momento della tragedia era con lui. La ricostruzione dell&#8217;incidente \u00e8 affidata ai Carabinieri di Sedico e allo Spisal, tra le ipotesi anche la possibilit\u00e0 che il sasso sia stato spostato da un animale visto che poco dopo \u00e8 stato notato un cervo, ma anche questo \u00e8 da verificare.<\/p>\n<blockquote><p><em>L&#8217;unica certezza \u00e8 quella della fatalit\u00e0 e del rischio\u00a0 quotidiano di chi vive in montagna e decide di uscire dalla porta di casa. I sassi cadono ormai ovunque da prima di Vaia, gli eventi dello scorso anno hanno solo accelerato la discesa a valle perch\u00e9 i sassi sono rotondi e la forza di gravit\u00e0 porta verso il basso. Che si percorra la 203 agordina o qualsiasi altra rotabile dell&#8217;Agordino dalle comunali alle provinciali il rischio di finire sotto un sasso \u00e8 concreto e il passaggio degli animali \u00e8 solo un optional.\u00a0<\/em><\/p><\/blockquote>\n<p><strong>DAL PONTE DEL TORNER DOVE INIZIA LA STRADA CHIUSA DAL 2009, MA NON PER I PROPRIETARI DEI FONDI CHE SONO SEMPRE TRANSITATI A LORO RISCHIO E PERICOLO. QUELI DEL PARCO LO SANNO MA COSA E&#8217; STATO FATTO OLTRE A METTERE UN CARTELLO?<\/strong><\/p>\n<div style=\"width: 640px;\" class=\"wp-video\"><video class=\"wp-video-shortcode\" id=\"video-102854-1\" width=\"640\" height=\"352\" preload=\"metadata\" controls=\"controls\"><source type=\"video\/mp4\" src=\"http:\/\/www.radiopiu.net\/wordpress\/wp-content\/uploads\/2019\/10\/WhatsApp-Video-2019-10-17-at-10.29.05.mp4?_=1\" \/><a href=\"http:\/\/www.radiopiu.net\/wordpress\/wp-content\/uploads\/2019\/10\/WhatsApp-Video-2019-10-17-at-10.29.05.mp4\">http:\/\/www.radiopiu.net\/wordpress\/wp-content\/uploads\/2019\/10\/WhatsApp-Video-2019-10-17-at-10.29.05.mp4<\/a><\/video><\/div>\n<p><strong>AGRE IL LUOGO DELL&#8217;INCIDENTE MORTALE PRIMA DELLO SPOSTAMENTO DEL MEZZO IN TRANSITO VERSO L&#8217;AZIENDA DEI CALONEGO.<\/strong><\/p>\n<div style=\"width: 640px;\" class=\"wp-video\"><video class=\"wp-video-shortcode\" id=\"video-102854-2\" width=\"640\" height=\"352\" preload=\"metadata\" controls=\"controls\"><source type=\"video\/mp4\" src=\"http:\/\/www.radiopiu.net\/wordpress\/wp-content\/uploads\/2019\/10\/WhatsApp-Video-2019-10-17-at-10.28.46.mp4?_=2\" \/><a href=\"http:\/\/www.radiopiu.net\/wordpress\/wp-content\/uploads\/2019\/10\/WhatsApp-Video-2019-10-17-at-10.28.46.mp4\">http:\/\/www.radiopiu.net\/wordpress\/wp-content\/uploads\/2019\/10\/WhatsApp-Video-2019-10-17-at-10.28.46.mp4<\/a><\/video><\/div>\n<p>&nbsp;<\/p>\n<p>&nbsp;<\/p>\n<p>&nbsp;<\/p>\n<p><a class=\"dt-pswp-item\" href=\"http:\/\/www.radiopiu.net\/wordpress\/wp-content\/uploads\/2019\/10\/180234de-d96b-4ad3-af08-feddb3ba6610.jpg\" data-dt-img-description=\"\" data-large_image_width=\"1599\" data-large_image_height=\"1200\"><img loading=\"lazy\" decoding=\"async\" class=\"alignnone size-medium wp-image-102859\" src=\"http:\/\/www.radiopiu.net\/wordpress\/wp-content\/uploads\/2019\/10\/180234de-d96b-4ad3-af08-feddb3ba6610-300x225.jpg\" alt=\"\" width=\"300\" height=\"225\" srcset=\"https:\/\/www.radiopiu.net\/wordpress\/wp-content\/uploads\/2019\/10\/180234de-d96b-4ad3-af08-feddb3ba6610-300x225.jpg 300w, https:\/\/www.radiopiu.net\/wordpress\/wp-content\/uploads\/2019\/10\/180234de-d96b-4ad3-af08-feddb3ba6610-768x576.jpg 768w, https:\/\/www.radiopiu.net\/wordpress\/wp-content\/uploads\/2019\/10\/180234de-d96b-4ad3-af08-feddb3ba6610-1024x768.jpg 1024w, https:\/\/www.radiopiu.net\/wordpress\/wp-content\/uploads\/2019\/10\/180234de-d96b-4ad3-af08-feddb3ba6610.jpg 1599w\" sizes=\"auto, (max-width: 300px) 100vw, 300px\" \/><\/a><img loading=\"lazy\" decoding=\"async\" class=\"alignnone size-medium wp-image-102861\" src=\"http:\/\/www.radiopiu.net\/wordpress\/wp-content\/uploads\/2019\/10\/fcb0a9de-5272-4e1a-a8d2-0d07b8dc8b19-300x225.jpg\" alt=\"\" width=\"300\" height=\"225\" srcset=\"https:\/\/www.radiopiu.net\/wordpress\/wp-content\/uploads\/2019\/10\/fcb0a9de-5272-4e1a-a8d2-0d07b8dc8b19-300x225.jpg 300w, https:\/\/www.radiopiu.net\/wordpress\/wp-content\/uploads\/2019\/10\/fcb0a9de-5272-4e1a-a8d2-0d07b8dc8b19-768x576.jpg 768w, https:\/\/www.radiopiu.net\/wordpress\/wp-content\/uploads\/2019\/10\/fcb0a9de-5272-4e1a-a8d2-0d07b8dc8b19-1024x768.jpg 1024w, https:\/\/www.radiopiu.net\/wordpress\/wp-content\/uploads\/2019\/10\/fcb0a9de-5272-4e1a-a8d2-0d07b8dc8b19.jpg 1599w\" sizes=\"auto, (max-width: 300px) 100vw, 300px\" \/><a class=\"dt-pswp-item\" href=\"http:\/\/www.radiopiu.net\/wordpress\/wp-content\/uploads\/2019\/10\/777b4c0c-abc6-4afb-a755-a9e11f0b8e48.jpg\" data-dt-img-description=\"\" data-large_image_width=\"1599\" data-large_image_height=\"1200\"><img loading=\"lazy\" decoding=\"async\" class=\"alignnone size-medium wp-image-102858\" src=\"http:\/\/www.radiopiu.net\/wordpress\/wp-content\/uploads\/2019\/10\/777b4c0c-abc6-4afb-a755-a9e11f0b8e48-300x225.jpg\" alt=\"\" width=\"300\" height=\"225\" srcset=\"https:\/\/www.radiopiu.net\/wordpress\/wp-content\/uploads\/2019\/10\/777b4c0c-abc6-4afb-a755-a9e11f0b8e48-300x225.jpg 300w, https:\/\/www.radiopiu.net\/wordpress\/wp-content\/uploads\/2019\/10\/777b4c0c-abc6-4afb-a755-a9e11f0b8e48-768x576.jpg 768w, https:\/\/www.radiopiu.net\/wordpress\/wp-content\/uploads\/2019\/10\/777b4c0c-abc6-4afb-a755-a9e11f0b8e48-1024x768.jpg 1024w, https:\/\/www.radiopiu.net\/wordpress\/wp-content\/uploads\/2019\/10\/777b4c0c-abc6-4afb-a755-a9e11f0b8e48.jpg 1599w\" sizes=\"auto, (max-width: 300px) 100vw, 300px\" \/><\/a><a class=\"dt-pswp-item\" href=\"http:\/\/www.radiopiu.net\/wordpress\/wp-content\/uploads\/2019\/10\/659b9c51-198d-416a-83e6-edfa0de0c352.jpg\" data-dt-img-description=\"\" data-large_image_width=\"1599\" data-large_image_height=\"1200\"><img loading=\"lazy\" decoding=\"async\" class=\"alignnone size-medium wp-image-102857\" src=\"http:\/\/www.radiopiu.net\/wordpress\/wp-content\/uploads\/2019\/10\/659b9c51-198d-416a-83e6-edfa0de0c352-300x225.jpg\" alt=\"\" width=\"300\" height=\"225\" srcset=\"https:\/\/www.radiopiu.net\/wordpress\/wp-content\/uploads\/2019\/10\/659b9c51-198d-416a-83e6-edfa0de0c352-300x225.jpg 300w, https:\/\/www.radiopiu.net\/wordpress\/wp-content\/uploads\/2019\/10\/659b9c51-198d-416a-83e6-edfa0de0c352-768x576.jpg 768w, https:\/\/www.radiopiu.net\/wordpress\/wp-content\/uploads\/2019\/10\/659b9c51-198d-416a-83e6-edfa0de0c352-1024x768.jpg 1024w, https:\/\/www.radiopiu.net\/wordpress\/wp-content\/uploads\/2019\/10\/659b9c51-198d-416a-83e6-edfa0de0c352.jpg 1599w\" sizes=\"auto, (max-width: 300px) 100vw, 300px\" \/><\/a><img loading=\"lazy\" decoding=\"async\" class=\"alignnone size-medium wp-image-102860\" src=\"http:\/\/www.radiopiu.net\/wordpress\/wp-content\/uploads\/2019\/10\/c473b53f-10e6-4957-864c-68c782804b62-300x225.jpg\" alt=\"\" width=\"300\" height=\"225\" srcset=\"https:\/\/www.radiopiu.net\/wordpress\/wp-content\/uploads\/2019\/10\/c473b53f-10e6-4957-864c-68c782804b62-300x225.jpg 300w, https:\/\/www.radiopiu.net\/wordpress\/wp-content\/uploads\/2019\/10\/c473b53f-10e6-4957-864c-68c782804b62-768x576.jpg 768w, https:\/\/www.radiopiu.net\/wordpress\/wp-content\/uploads\/2019\/10\/c473b53f-10e6-4957-864c-68c782804b62-1024x768.jpg 1024w, https:\/\/www.radiopiu.net\/wordpress\/wp-content\/uploads\/2019\/10\/c473b53f-10e6-4957-864c-68c782804b62.jpg 1599w\" sizes=\"auto, (max-width: 300px) 100vw, 300px\" \/><\/p>\n","protected":false},"excerpt":{"rendered":"<p>&nbsp; L&#8217;INCIDENTE DI AGRE UNA TRAGICA FATALITA&#8217;. PERICOLO QUOTIDIANO PER CHI VIVE IN MONTAGNA. LA STRADA PER AGRE E&#8217; GRAVATA DA UN&#8217;ORDINANZA DI CHIUSURA FIN DAL 2009 MA NON PER I PROPRIETARI DEI FONDI. COSA HA FATTO IN 10 ANNI IL PARCO OLTRE ALL&#8217;ORDINANZA PER FACILITARE LA VITA A CHI NON HA ANCORA DECISO DI&hellip;<\/p>\n","protected":false},"author":1,"featured_media":102857,"comment_status":"closed","ping_status":"closed","sticky":false,"template":"","format":"standard","meta":{"_monsterinsights_skip_tracking":false,"_monsterinsights_sitenote_active":false,"_monsterinsights_sitenote_note":"","_monsterinsights_sitenote_category":0,"footnotes":""},"categories":[1,51,49],"tags":[],"class_list":["post-102854","post","type-post","status-publish","format-standard","has-post-thumbnail","hentry","category-senza-categoria","category-evidenza-top","category-news-18","category-1","category-51","category-49","description-off"],"img_url":"https:\/\/www.radiopiu.net\/wordpress\/wp-content\/uploads\/2019\/10\/659b9c51-198d-416a-83e6-edfa0de0c352.jpg","_links":{"self":[{"href":"https:\/\/www.radiopiu.net\/wordpress\/wp-json\/wp\/v2\/posts\/102854","targetHints":{"allow":["GET"]}}],"collection":[{"href":"https:\/\/www.radiopiu.net\/wordpress\/wp-json\/wp\/v2\/posts"}],"about":[{"href":"https:\/\/www.radiopiu.net\/wordpress\/wp-json\/wp\/v2\/types\/post"}],"author":[{"embeddable":true,"href":"https:\/\/www.radiopiu.net\/wordpress\/wp-json\/wp\/v2\/users\/1"}],"replies":[{"embeddable":true,"href":"https:\/\/www.radiopiu.net\/wordpress\/wp-json\/wp\/v2\/comments?post=102854"}],"version-history":[{"count":0,"href":"https:\/\/www.radiopiu.net\/wordpress\/wp-json\/wp\/v2\/posts\/102854\/revisions"}],"wp:featuredmedia":[{"embeddable":true,"href":"https:\/\/www.radiopiu.net\/wordpress\/wp-json\/wp\/v2\/media\/102857"}],"wp:attachment":[{"href":"https:\/\/www.radiopiu.net\/wordpress\/wp-json\/wp\/v2\/media?parent=102854"}],"wp:term":[{"taxonomy":"category","embeddable":true,"href":"https:\/\/www.radiopiu.net\/wordpress\/wp-json\/wp\/v2\/categories?post=102854"},{"taxonomy":"post_tag","embeddable":true,"href":"https:\/\/www.radiopiu.net\/wordpress\/wp-json\/wp\/v2\/tags?post=102854"}],"curies":[{"name":"wp","href":"https:\/\/api.w.org\/{rel}","templated":true}]}}