{"id":102991,"date":"2019-10-19T05:53:27","date_gmt":"2019-10-19T03:53:27","guid":{"rendered":"http:\/\/www.radiopiu.net\/wordpress\/?p=102991"},"modified":"2019-10-19T10:05:15","modified_gmt":"2019-10-19T08:05:15","slug":"giornale-radiopiu-19-ottobre-2019-direttore-mirko-mezzacasa","status":"publish","type":"post","link":"https:\/\/www.radiopiu.net\/wordpress\/giornale-radiopiu-19-ottobre-2019-direttore-mirko-mezzacasa\/","title":{"rendered":"GIORNALE RADIOPIU 19 OTTOBRE 2019 DIRETTORE MIRKO MEZZACASA"},"content":{"rendered":"<p>&nbsp;<\/p>\n<p><strong>BELLUNO Il Prefetto Francesco Esposito ha garantito il suo appoggio per impedire la chiusura della Acc di Mel impegnandosi \u00a0a far arrivare al governo il grido di allarme di un territorio che rischia una vera e propria catastrofe sociale. <em>&#8220;Il prefetto ha rimarcato la poca seriet\u00e0 non solo di Wanbao, ma in generale dei grandi investitori stranieri che non mantengono gli impegni industriali presi nel nostro territorio&#8221;<\/em>, \u00e8 la dichiarazione di Michele Ferraro, segretario della Uilm di Belluno. Ieri davanti alla Prefettura sono arrivati due pullman di dipendenti aderenti allo sciopero di quattro ore indetto dai sindacati.\u00a0<\/strong><\/p>\n<p>&nbsp;<\/p>\n<p>&nbsp;<\/p>\n<blockquote><p><strong>SAN TOMASO <\/strong><em>Gestione Servizi Pubblici informa che a SAN TOMASO AGORDINO nelle LOCALITA&#8217; PECOL E PIAIA, ed a\u00a0 <\/em><em>CENCENIGHE AGORDINO nelle vie CAMPO, TORINO, PENNSYLVANIA, M. DE BIASIO e XX SETTEMBRE l&#8217;acqua erogata dall&#8217;acquedotto non \u00e8 potabile e pu\u00f2 essere usata per scopi alimentari SOLO PREVIA bollitura.<\/em><em>\u00a0GSP ha, comunque, gi\u00e0 adottato le necessarie misure per la disinfezione dell&#8217;acqua presente nei serbatoi e nella rete idrica con l&#8217;aggiunta di cloro. Ulteriori informazioni saranno fornite nei prossimi giorni.<\/em><\/p><\/blockquote>\n<p><strong>CENCENIGHE<\/strong> La strada Chenet-Lorenzon rimarr\u00e0 chiusa al traffico veicolare e pedonale dalle 8 di lunedi alle 17 di martedi per lavori di regimazione delle acque con opere di scavo sulla sede stradale.<\/p>\n<p><strong>AGORDO<\/strong> Proroga dell&#8217;ordinanza di chiusura della strada comunale per Malga Framont fino al 15 novembre, rimane aperta nei fine settimana.<\/p>\n<p><strong>PROVINCIALE 8 DI SAN TOMASO.<\/strong> Dal 28 ottobre al 15 novembre interdizione totale al traffico dalle 8 alle 12.30 e dalel 14.20 alle 17.30, nelle altre ore senso unico con semaforo per realizzazione opere idrauliche.<\/p>\n<p><strong>TAIBON<\/strong> Istituzione di un divieto di transito a tutti i veicoli lungo la strada comunale della Valle di San Lucano in localit\u00e0 Scalette nel tratto interessato dal cantiere,fino\u00a0 a venerd\u00ec 25 ottobre 2019 chiusura a\u00a0 fasce orarie<\/p>\n<p>&nbsp;<\/p>\n<p>&nbsp;<\/p>\n<p><strong>ROCCA PIETORE<\/strong> E&#8217; scivolato dalla ruspa nel cantiere di lavoro in Val Pettorina, D.D.C. 34 anni\u00a0 di Gosaldo se l&#8217;\u00e8 cavata con una brutta botta alla gamba fortunatamente non fratturata. Gi\u00e0 ieri \u00e8 stato dimesso dall&#8217;ospedale. L&#8217;uomo \u00e8 scivolato dalla scala dell&#8217;escavatore: la caduta, un salto di un metro e mezzo al massimo, \u00e8 finita sui sassi dell&#8217;alveo del torrente. Sul posto i vigili del fuoco di Agordo e i vigili volontari di Caprile. Intervenuti anche gli uomini del soccorso alpino della Val Pettorina e i carabinieri di Caprile.<\/p>\n<p>&nbsp;<\/p>\n<p><strong>FELTRE<\/strong> Un 82enne M.B. alla guida di una Panda ha sbagliato a svoltare a sinistra entrando in collisione con la Hyundai condotta da una 71enne. E&#8217; successo ieri mattina in via Fusinato in zona Traversere. La donna ne \u00e8 uscita dall&#8217;incidente ferita e frastornata portata per accertamenti all&#8217;ospedale Santa Maria del Prato.<\/p>\n<p>&nbsp;<\/p>\n<p>&nbsp;<\/p>\n<p>&nbsp;<\/p>\n<blockquote><p><em>DA MERCOLEDI ALLA RADIO, LA SECONDA STAGIONE DI <span style=\"color: #ff0000;\">SEMPRE CONNESSI DI LUISA MANFROI<\/span> Sempre connessi va in onda il mercoledi alle 13.05 e alle 20.10, la domenica in replica alle 9<\/em><\/p><\/blockquote>\n<h1 class=\"vc_custom_heading\"><\/h1>\n<p>&nbsp;<\/p>\n<p>&nbsp;<\/p>\n<h2>MORI A RENON DI GOSALDO, UN ANNO DOPO VAIA DOVE COMUNQUE SVENTOLA IL TRICOLORE<\/h2>\n<p><span style=\"color: #ff0000;\"><strong>di Mirko Mezzacasa<\/strong><\/span><\/p>\n<p><strong><a class=\"dt-pswp-item\" href=\"http:\/\/www.radiopiu.net\/wordpress\/wp-content\/uploads\/2019\/10\/60892067_1573677279430103_1544348971239997440_n-300x225.jpg\" data-dt-img-description=\"\" data-large_image_width=\"300\" data-large_image_height=\"225\"><img loading=\"lazy\" decoding=\"async\" class=\"size-medium wp-image-102989 alignleft\" src=\"http:\/\/www.radiopiu.net\/wordpress\/wp-content\/uploads\/2019\/10\/60892067_1573677279430103_1544348971239997440_n-300x225-300x225.jpg\" alt=\"\" width=\"300\" height=\"225\" \/><\/a>GOSALDO<\/strong> Sono tornato a Mori, avevo un appuntamento con Ercole e Sandra, me l&#8217;ero appuntato questa estate <em>&#8220;Prima dell&#8217;anniversario del 29 ottobre arrivo a mangiare le castagne calde&#8221;.\u00a0<\/em>Gi\u00e0 arrivare a Rivamonte salendo da Ponte Alto \u00e8 un&#8217;impresa, A Conedera, Roste, Le Miotte&#8230; la strada \u00e8 tutto un su e gi\u00f9, pezzi di asfalto rattoppato, fessure sulle corsie, sbarramenti, new jersey in cemento, alberi sradicati su ambo i lati a mai rialzati, ceppaie al vento e via dicendo, ormai una norma per chi viaggia nell&#8217;Agordino. Prendo la strada per Renon, gran parte di quei meravigliosi faggi sono ancora a terra e le radici sempre rivolte verso il cielo. Mancano dei pezzi di strada e non \u00e8 stato messo nemmeno un cartello decente, una transenna, piuttosto un paletto in legno regalato dagli schianti di Vaia con uno sbiadito nastro biancorosso. I privati sono intervenuti dove hanno potuto, spaccandosi la schiena e lasciando intravvedere qualche spunto di rinascita. Mi dicono che anche i servizi forestali nei giorni scorsi (giorni non mesi), nei giorni scorsi sono saliti fin lass\u00f9 per spostare alcune piante pericolanti, le hanno fatte a pezzi e abbandonate l\u00ec a bordo strada o poco lontano, chi verr\u00e0 vedr\u00e0. Lascio la strada per il &#8220;centro&#8221; di Renon e mi dirigo a Mori. Qui non puoi lasciare <a class=\"dt-pswp-item\" href=\"http:\/\/www.radiopiu.net\/wordpress\/wp-content\/uploads\/2019\/10\/MORI-8.jpg\" data-dt-img-description=\"\" data-large_image_width=\"4608\" data-large_image_height=\"3456\"><img loading=\"lazy\" decoding=\"async\" class=\"size-medium wp-image-102974 alignright\" src=\"http:\/\/www.radiopiu.net\/wordpress\/wp-content\/uploads\/2019\/10\/MORI-8-300x225.jpg\" alt=\"\" width=\"300\" height=\"225\" srcset=\"https:\/\/www.radiopiu.net\/wordpress\/wp-content\/uploads\/2019\/10\/MORI-8-300x225.jpg 300w, https:\/\/www.radiopiu.net\/wordpress\/wp-content\/uploads\/2019\/10\/MORI-8-768x576.jpg 768w, https:\/\/www.radiopiu.net\/wordpress\/wp-content\/uploads\/2019\/10\/MORI-8-1024x768.jpg 1024w\" sizes=\"auto, (max-width: 300px) 100vw, 300px\" \/><\/a>il volante \u00e8 pericoloso. Un versante in frana sopra Stalliviere richiama alla realt\u00e0 <em>&#8220;Attento &#8211; mi aveva ammonito Ercole &#8211; guarda che l\u00ec passi a lico-lico&#8221;,\u00a0<\/em>infatti. Ma non faccio nemmeno in tempo a prendere paura, la strada \u00e8 coperta di foglie perch\u00e9 \u00e8 arrivato un altro autunno, le foglie coprono i buchi dell&#8217;asfalto, coprono le fessure, coprono il pericolo. Ma se guardo pi\u00f9 gi\u00f9 risale la pelle d&#8217;oca, il versante \u00e8 in frana, le piante accatastate, i sassi pronti a rotolare e non \u00e8 ancora piovuto come piove in questa stagione. Raggiungo finalmente Mori e trovo due persone: Ercole e Sandra. E tutti gli altri?<em> &#8220;Gli altri quali &#8211;<\/em> mi risponde Ercole sorridendo mentre si assesta le bretelle<em> &#8211; qui ci siamo solo noi, gli altri sono quelli delle seconde case, i figli che hanno perso genitori e parenti e ogni tanto tornano. Noi qui siamo soli, ma \u00e8 comunque il nostro paradiso&#8221;.<\/em> Ci vuole coraggio a chiamarlo paradiso, sotto c&#8217;\u00e8 una frana in movimento a pochi metri dall&#8217;abitazione, il tetto \u00e8 sicuramente da rifare perch\u00e9 Vaia ha lasciato il segno e poi c&#8217;\u00e8 quella strada in discesa che quando piove mena acqua come un torrente.<em> &#8220;Te lo ricordi quel torrente<\/em> &#8211; mi dice Ercole &#8211; <em>quello dello scorso anno? Mi ero lamentato perch\u00e9 il tombino \u00e8 insufficiente, per questo l&#8217;acqua ha preso la strada del garage, \u00e8 andata gi\u00f9 per gli scalini, \u00e8 passata attraverso la propriet\u00e0 e ha generato quella frana&#8221;.\u00a0<\/em> Quella frana \u00e8 sempre quella. Terra nera che fa paura, piante sradicate e i soliti sassi in bilico, esattamente come un anno fa. <em>&#8220;Erano venuti anche da gi\u00f9 dalla pianura<\/em>\u00a0&#8211; precisa Ercole &#8211;<em> mi <a class=\"dt-pswp-item\" href=\"http:\/\/www.radiopiu.net\/wordpress\/wp-content\/uploads\/2019\/10\/MORI-1.jpg\" data-dt-img-description=\"\" data-large_image_width=\"4608\" data-large_image_height=\"3456\"><img loading=\"lazy\" decoding=\"async\" class=\"size-medium wp-image-102976 alignleft\" src=\"http:\/\/www.radiopiu.net\/wordpress\/wp-content\/uploads\/2019\/10\/MORI-1-300x225.jpg\" alt=\"\" width=\"300\" height=\"225\" srcset=\"https:\/\/www.radiopiu.net\/wordpress\/wp-content\/uploads\/2019\/10\/MORI-1-300x225.jpg 300w, https:\/\/www.radiopiu.net\/wordpress\/wp-content\/uploads\/2019\/10\/MORI-1-768x576.jpg 768w, https:\/\/www.radiopiu.net\/wordpress\/wp-content\/uploads\/2019\/10\/MORI-1-1024x768.jpg 1024w\" sizes=\"auto, (max-width: 300px) 100vw, 300px\" \/><\/a><\/em><em>avevano detto di stare tranquillo che qualche cosa avrebbero fatto, non si pu\u00f2 mica pretendere lo faccia il Comune che soldi non ne ha neanche per i fazzoletti per asciugare le lacrime. Ho aspettato con la moca pronta a fare il caff\u00e8&#8230;non ho pi\u00f9 visto nessuno&#8221;.<\/em> Sandra guarda, non sorride come invece cerca di fare il marito per sdrammatizzare, \u00e8 preoccupata perch\u00e9 sa che a novembre quass\u00f9 piove se non nevica che \u00e8 ancora peggio quando le neve si scioglie improvvisamente con lo scirocco. Sandra \u00e8 di Varese ha casa laggi\u00f9 tra le comodit\u00e0 della citt\u00e0,\u00a0 ma non molla. Ercole e Mori \u00e8 il suo mondo e finch\u00e9 gira questo mondo\u00a0 la vedo dura a convincerla a scendere da lass\u00f9. <em>&#8220;Mi preoccupa di pi\u00f9 il fatto che dobbiamo scendere ogni settimana a Feltre &#8211; <\/em>mi confessa\u00a0 Sandra con emozione &#8211;<em> sia io che Ercole, invalidi al 100 per cento,\u00a0 siamo sotto cure chemioterapiche all&#8217;ospedale di Feltre, facciamo la strada per Renon, Rivamonte e Feltre ogni volta con\u00a0 il fiato in gola. Passiamo sopra la frana di Stalliviere <\/em>(sotto c&#8217;\u00e8 la sede Auser Col Bel di Tiser ndr.)<em>, passiamo tra gli schianti, superiamo i tratti senza guard rail e appena possiamo torniamo a casa&#8221;.\u00a0<\/em> Questo per\u00f2 schianta me, mi schianta come i faggi che ho appena fotografato. Accendo la telecamera cercando di pensare ad altro e inizio a girare e poi mi chiedo: perch\u00e8? Tanto le immagini e i commenti sono gli stessi di un anno fa.<\/p>\n<p>&nbsp;<\/p>\n<h3>MORI A RENON DI GOSALDO 18 OTTOBRE 2019 di Mirko Mezzacasa<\/h3>\n<p>&nbsp;<\/p>\n<p><iframe loading=\"lazy\" title=\"MORI_RENON_UN ANNO DOPO\" width=\"1200\" height=\"675\" src=\"https:\/\/www.youtube.com\/embed\/C-uDQLAR5js?feature=oembed\" frameborder=\"0\" allow=\"accelerometer; autoplay; encrypted-media; gyroscope; picture-in-picture\" allowfullscreen><\/iframe><\/p>\n<p>&nbsp;<\/p>\n<h3>DA MORI A TISER&#8230; PASSANDO PER IL &#8220;CENTRO&#8221; DI RENON TRA FRANE &#8220;PALETTI&#8221;, FAGGI SCHIANTATI E ASSENZA DI PROTEZIONI<\/h3>\n<p>&nbsp;<\/p>\n<p><iframe loading=\"lazy\" title=\"MORI_TISER_PASSANDO PER RENON\" width=\"1200\" height=\"675\" src=\"https:\/\/www.youtube.com\/embed\/YIgpy3spQHY?feature=oembed\" frameborder=\"0\" allow=\"accelerometer; autoplay; encrypted-media; gyroscope; picture-in-picture\" allowfullscreen><\/iframe><\/p>\n<h3><\/h3>\n<h3>DA TISER A STALLIVIERE, PASSANDO SOTTO ALLA FRANA<\/h3>\n<p>&nbsp;<\/p>\n<p><iframe loading=\"lazy\" title=\"TISER_STALLIVIERE\" width=\"1200\" height=\"675\" src=\"https:\/\/www.youtube.com\/embed\/G1XGoogshYM?feature=oembed\" frameborder=\"0\" allow=\"accelerometer; autoplay; encrypted-media; gyroscope; picture-in-picture\" allowfullscreen><\/iframe><\/p>\n<p>&nbsp;<\/p>\n<p>&nbsp;<\/p>\n<h2>UN ANNO FA, COSI&#8217; RACCONTAVAMO LA STORIA DI ERCOLE E SANDRA SENTENDO ANCHE IL SINDACO GIOCONDO DALLE FESTE<\/h2>\n<blockquote class=\"wp-embedded-content\" data-secret=\"hYxIYex1Mv\"><p><a href=\"http:\/\/www.radiopiu.net\/wordpress\/si-puo-vivere-cosi-notti-insonni-a-cavallo-dello-smottamento\/\">SI PUO&#8217; VIVERE COSI? NOTTI INSONNI A CAVALLO DELLO SMOTTAMENTO di Mirko Mezzacasa<\/a><\/p><\/blockquote>\n<p><iframe loading=\"lazy\" title=\"&#8220;SI PUO&#8217; VIVERE COSI? NOTTI INSONNI A CAVALLO DELLO SMOTTAMENTO di Mirko Mezzacasa&#8221; &#8212; Radio Pi\u00f9\" class=\"wp-embedded-content\" sandbox=\"allow-scripts\" security=\"restricted\" style=\"position: absolute; clip: rect(1px, 1px, 1px, 1px);\" src=\"http:\/\/www.radiopiu.net\/wordpress\/si-puo-vivere-cosi-notti-insonni-a-cavallo-dello-smottamento\/embed\/#?secret=hYxIYex1Mv\" data-secret=\"hYxIYex1Mv\" width=\"600\" height=\"338\" frameborder=\"0\" marginwidth=\"0\" marginheight=\"0\" scrolling=\"no\"><\/iframe><\/p>\n<p>&nbsp;<\/p>\n<p>&nbsp;<\/p>\n<p>&nbsp;<\/p>\n<p>&nbsp;<\/p>\n<h2><span style=\"color: #ff0000;\">LA BELLA NOTIZIA<\/span><\/h2>\n<h3>LO SGHIAIAMENTO DEL CORDEVOLE VERSO LA NUOVA CICLABILE<\/h3>\n<p><strong>DI GIANNI SANTOMASO<\/strong><\/p>\n<audio class=\"wp-audio-shortcode\" id=\"audio-102991-1\" preload=\"none\" style=\"width: 100%;\" controls=\"controls\"><source type=\"audio\/mpeg\" src=\"http:\/\/www.radiopiu.net\/wordpress\/wp-content\/uploads\/2019\/10\/GIANNI-SANTOMASO.mp3?_=1\" \/><a href=\"http:\/\/www.radiopiu.net\/wordpress\/wp-content\/uploads\/2019\/10\/GIANNI-SANTOMASO.mp3\">http:\/\/www.radiopiu.net\/wordpress\/wp-content\/uploads\/2019\/10\/GIANNI-SANTOMASO.mp3<\/a><\/audio>\n<p>&nbsp;<\/p>\n<h3>LA CICLABILE AGORDO-VALBELLUNA\u00a0 QUANDO\u00a0 VAIA DIVENTA OPPORTUNITA&#8217;<\/h3>\n<p><strong><a class=\"dt-pswp-item\" href=\"http:\/\/www.radiopiu.net\/wordpress\/wp-content\/uploads\/2018\/10\/Passerella-tibetana-sul-cordevole-estate-2018-2.jpg\" data-dt-img-description=\"\" data-large_image_width=\"3157\" data-large_image_height=\"1772\"><img loading=\"lazy\" decoding=\"async\" class=\"size-medium wp-image-62438 alignleft\" src=\"http:\/\/www.radiopiu.net\/wordpress\/wp-content\/uploads\/2018\/10\/Passerella-tibetana-sul-cordevole-estate-2018-2-300x168.jpg\" alt=\"\" width=\"300\" height=\"168\" srcset=\"https:\/\/www.radiopiu.net\/wordpress\/wp-content\/uploads\/2018\/10\/Passerella-tibetana-sul-cordevole-estate-2018-2-300x168.jpg 300w, https:\/\/www.radiopiu.net\/wordpress\/wp-content\/uploads\/2018\/10\/Passerella-tibetana-sul-cordevole-estate-2018-2-768x431.jpg 768w, https:\/\/www.radiopiu.net\/wordpress\/wp-content\/uploads\/2018\/10\/Passerella-tibetana-sul-cordevole-estate-2018-2-1024x575.jpg 1024w\" sizes=\"auto, (max-width: 300px) 100vw, 300px\" \/><\/a>AGORDO<\/strong> Quando l&#8217;amministratore del territorio \u00e8 soggetto attuattore diventa tutto pi\u00f9 facile, anche levare la ghiaia dal Cordevole che ne ha necessit\u00e0 per poterla usare in loco ad esempio per realizzare il sogno ciclabile, sfruttando le gallerie della ex ferrovia, piuttosto che transitare sopra specchi d&#8217;acqua come sul Garda. Quando ricapita di poter dribblare la burocrazia, i lacci ed i lacciuoli quotidiani? Ieri importante incontro in Unione Montana, gi\u00e0 si parla di un febbraio da apertura cantieri.<\/p>\n<p><strong>IL PRESIDENTE DELL&#8217;UNIONE MONTANA FABIO LUCHETTA<\/strong><\/p>\n<audio class=\"wp-audio-shortcode\" id=\"audio-102991-2\" preload=\"none\" style=\"width: 100%;\" controls=\"controls\"><source type=\"audio\/mpeg\" src=\"http:\/\/www.radiopiu.net\/wordpress\/wp-content\/uploads\/2019\/10\/fabio-luchetta-1.mp3?_=2\" \/><a href=\"http:\/\/www.radiopiu.net\/wordpress\/wp-content\/uploads\/2019\/10\/fabio-luchetta-1.mp3\">http:\/\/www.radiopiu.net\/wordpress\/wp-content\/uploads\/2019\/10\/fabio-luchetta-1.mp3<\/a><\/audio>\n<p>&nbsp;<\/p>\n<p>&nbsp;<\/p>\n<h3>OGGI SUL CORRIERE DELLE ALPI<\/h3>\n<p><strong>DI ILARIO TANCON<\/strong><\/p>\n<p><strong>AGORDO<\/strong>. Stadio di Agordo, la copertura delle tribune per far fare il salto di qualit\u00e0 all&#8217;atletica. \u00c8 questo l&#8217;obiettivo, il sogno, che il comitato provinciale Fidal e l&#8217;Atletica Agordina hanno per dare ulteriore impulso all&#8217;attivit\u00e0 nella Conca. Nei giorni scorsi il presidente di Fidal Belluno, Giulio Imperatore, insieme al presidente dell&#8217;Atletica Agordina, Fernando Soccol, ha incontrato il sindaco di Agordo, Roberto Chissal\u00e8 e l&#8217;assessore alla sport, Cristina Bien, incontro che segue quelli analoghi gi\u00e0 avuti nelle settimana scorse con le amministrazioni di Domegge (relativamente alla struttura di Valleselle) e di Belluno (il polisportivo). <em>\u00abAd Agordo abbiamo innanzitutto fatto partecipe l&#8217;amministrazione comunale dell&#8217;importanza che lo stadio &#8220;Ivano Dorigo&#8221; riveste per l&#8217;intero movimento bellunese\u00bb<\/em> sottolinea Giulio Imperatore.<\/p>\n<p>&nbsp;<\/p>\n<p>&nbsp;<\/p>\n<h2><span style=\"color: #ff0000;\">OGGI ALLA RADIO<\/span><\/h2>\n<blockquote><p><em>Nella rassegna stampa dall&#8217;amico del popolo alle 10.30 e 1900 con Gianni Santomaso intervista a Massimo Murer assessore a Canale d&#8217;Agordo sul nuovo stadio di Biathlon, un&#8217;idea nata con la nuova amministrazione. Un progetto che unisce due annualit\u00e0 dei fondi di confine per 1 milione di euro. Tramonta l&#8217;idea del campo di calcio in sintetico evitando un doppione visto che \u00e8 nei progetti del Comune vicino di Falcade. Per questo sar\u00e0 potenziato l&#8217;investimento dell&#8217;innevamento in valle di Gares ma soprattutto nascer\u00e0 lo stadio del biathlon. Collaborazione con lo Sci Club Val Biois. Non ci sono ancora progetti definitivi, ma un&#8217;idea cavalcata con il sindaco Flavio Colcergnan.\u00a0<\/em><\/p><\/blockquote>\n<p>&nbsp;<\/p>\n<p>&nbsp;<\/p>\n<h3>RIFIUTI: PER L&#8217;AMMINISTRAZIONE UNICO PROBLEMA DEL COMUNE DI FELTRE<\/h3>\n<p><strong>di Franco Debortoli<\/strong><\/p>\n<p style=\"padding-left: 40px;\"><em>&#8220;Rilevo con stupore\u00a0 un articolo, presumo a cura dell\u2019amministrazione feltrina, su un presunto superamento di un fantomatico \u201ccaos rifiuti\u201d. Lo stupore deriva dal fatto che nei giorni precedenti erano apparse dichiarazioni alquanto banali e scontate dell\u2019assessore al commercio Nicoletto sulle difficolt\u00e0 di aziende che operano in centro e non solo, seguite da una piccata risposta da parte di Pante presidente della Consulta Ascom feltrina. Mi sarei quindi aspettato una risposta puntuale da parte dell\u2019assessore sul tema. Invece sembra che i grandi problemi dell\u2019amministrazione feltrina siano sopratutto legati ai \u201cfurbetti del sacchetto\u201d abbandonato fuori dei cassonetti&#8221;<\/em>. Lo afferma in una lettera il consigliere Franco De Bortoli che continua<em> &#8220;Certo, \u00e8 giusto stigmatizzare comportamenti scorretti da parte di qualche utente, ma sembra che per investimenti e attenzione i rifiuti siano il maggiore problema del comune di Feltre. O forse si tratta dell\u2019inadeguatezza dell\u2019assessore al Commercio e Attivit\u00e0 produttive che probabilmente si trova pi\u00f9 a suo agio con i referati legati al sociale sicuramente pi\u00f9 consoni rispetto alla sua formazione professionale. Certo che se l\u2019amministrazione non crede di dover investire sul settore commercio e attivit\u00e0 produttive quantomeno per tutelare e preservare le imprese che ancora resistono forse ha fatto male i suoi conti. Difficile, ad esempio, parlare di turismo se il territorio si spoglia di attivit\u00e0, dato che la letteratura sull\u2019argomento indica nell\u2019attrattivit\u00e0 commerciale uno degli asset fondamentali per il suo sviluppo. Forse non sarebbe male per l\u2019amministrazione pensare ad un assessore ad hoc per il commercio e attivit\u00e0 produttive, referato strategico per lo sviluppo economico del territorio, invece di lasciarlo languire nelle mani di un assessore che oggettivamente poco ha a che fare con la tematica in questione&#8221;.<\/em><\/p>\n<p>&nbsp;<\/p>\n<p>&nbsp;<\/p>\n<h3>C&#8217;E&#8217; L&#8217;ACCORDO SINDACALE ULSS1-RSU PER IL FONDO DEGLI INCARICHI DI FUNZIONE<\/h3>\n<p><strong>BELLUNO<\/strong> \u00a0Raggiunto accordo sindacale con la RSU e le Organizzazione del Comparto per l\u2019incremento della quota del fondo da destinare agli incarichi di funzione.\u00a0 Incrementate di 330.000 euro le risorse destinate al finanziamento delle indennit\u00e0 spettanti al personale al quale saranno conferiti gli \u201cincarichi di funzione\u201d previsti dal nuovo contratto del Comparto Sanit\u00e0. Le risorse sono state portate da circa\u00a0 589.000 euro a 928 mila. L\u2019incremento non comporta maggiori costi per l\u2019Azienda, in quanto avviene nell\u2019ambito del \u201cfondo\u201d che finanzia, oltre alle citate indennit\u00e0, anche altre voci stipendiali che richiedono l\u2019impiego di minori risorse.<\/p>\n<p>&nbsp;<\/p>\n<p>&nbsp;<\/p>\n<h3>NUOVO MEDICO DI FAMIGLIA PER SOVRAMONTE<\/h3>\n<p><strong>FELTRE<\/strong> Dal\u00a0 4 novembre, nell&#8217;ambito territoriale dei Comuni di Arsi\u00e8, Fonzaso, Lamon e Sovramonte verr\u00e0 inserita con incarico provvisorio la dottoressa Francesca Cassol, a seguito della cessazione per trasferimento della dottoressa Daniela Tocchetto.\u00a0 Sono 1260\u00a0 gli assistiti assegnati alla dottoressa Francesca CASSOL, con studi medici nelle localit\u00e0 di Servo e Faller, non \u00e8 necessario recarsi all\u2019ufficio anagrafe.<\/p>\n<p>&nbsp;<\/p>\n<p>&nbsp;<\/p>\n<h3>SANITA\u2019. VENETO LEADER IN ITALIA PER LO SCREENING DELLA MAMMELLA. PARTITO ALLO IOV IL PRIMO PROGETTO SPERIMENTALE DI PERSONALIZZAZIONE AL MONDO SU 11.000 DONNE.<\/h3>\n<p><strong>VENEZIA<\/strong>\u00a0 La sanit\u00e0 veneta \u00e8 leader nazionale sul fronte dello screening contro il tumore alla mammella. Con un\u2019estensione degli inviti pari al 91% contro l\u201984% in Italia, e un\u2019adesione delle donne invitate del 78,6% rispetto al 59,6% nazionale, il sistema veneto di prevenzione ha sottoposto a screening in un anno 194.973 donne, con 10.346 approfondimenti resisi necessari, che hanno portato a 1.076 diagnosi di carcinoma e ad alzare di almeno 20 punti la percentuale di donne che hanno avuto salva la vita. Ma non basta, perch\u00e9 in Veneto si sta gi\u00e0 lavorando a un\u2019evoluzione che prevede di realizzare uno screening personalizzato su donne con caratteristiche genetiche a rischio, tecnicamente definite \u201cmutanti\u201d (donne che hanno nella loro sequenza genetica una mutazione che eleva anche fino al 70-80% il rischio di contrarre il tumore al seno nel corso della vita). Il Progetto sperimentale, a cura dello Iov, sta per coinvolgere 11.000 donne anche giovani e giovanissime residenti nelle Ulss 5 e 6, ed \u00e8 il primo nel mondo, considerando che ce n\u2019\u00e8 uno simile negli Usa, ma ha tempi di attuazione pi\u00f9 lunghi.<\/p>\n<p>&nbsp;<\/p>\n<p>&nbsp;<\/p>\n<h3>PROTOCOLLO SULLA SOSTENIBILITA&#8217;, LA REGIONE CONVOCHI IMMEDIATAMENTE L&#8217;INCONTRO DEL 28<\/h3>\n<p><strong>VENEZIA<\/strong><em> \u201cBloccare subito la firma del Protocollo d\u2019intesa tra Regione, enti locali e associazioni di categoria fissata per luned\u00ec 28. \u00c8 il Consiglio che si occupa di programmazione e non pu\u00f2 essere succube della Giunta che fa e disfa a proprio piacimento, rispediamo questo metodo al mittente\u201d.<\/em> Claudio Sinigaglia, consigliere del Partito Democratico, ribadisce la necessit\u00e0 di annullare l\u2019incontro sulla strategia per un Veneto sostenibile, annunciato ieri, che prevede la firma di un Protocollo d\u2019intesa. \u201c<em>\u00c8 uno dei temi centrali in discussione con il Defr e il comportamento della Giunta \u00e8 assolutamente inaccettabile. L\u2019assemblea legislativa, eletta dai cittadini, ha ruolo e funzioni precise, non si pu\u00f2 scavalcare come se niente fosse. Zaia sconvochi immediatamente l\u2019incontro del 28 ottobre. \u00c8 solo una dichiarazione di intenti come afferma Forcolin? Bene, allora non c\u2019\u00e8 alcun motivo per avere tanta fretta. Prima si riempia il Protocollo con contenuti discussi e votati dal Consiglio, poi si passi alla firma\u201d.<\/em><\/p>\n<p>&nbsp;<\/p>\n<p>&nbsp;<\/p>\n<p>&nbsp;<\/p>\n<h3>FUOCHI PER L&#8217;AUTONOMIA, 51 POSTAZIONI , A PADOVA PER IL LANCIO DEL \u201cPARTITO DEI VENETI\u201d<\/h3>\n<p>DI DAMIANO TORMEN<\/p>\n<audio class=\"wp-audio-shortcode\" id=\"audio-102991-3\" preload=\"none\" style=\"width: 100%;\" controls=\"controls\"><source type=\"audio\/mpeg\" src=\"http:\/\/www.radiopiu.net\/wordpress\/wp-content\/uploads\/2019\/10\/DAMIANO-BARD.mp3?_=3\" \/><a href=\"http:\/\/www.radiopiu.net\/wordpress\/wp-content\/uploads\/2019\/10\/DAMIANO-BARD.mp3\">http:\/\/www.radiopiu.net\/wordpress\/wp-content\/uploads\/2019\/10\/DAMIANO-BARD.mp3<\/a><\/audio>\n<p><strong><a class=\"dt-pswp-item\" href=\"http:\/\/www.radiopiu.net\/wordpress\/wp-content\/uploads\/2015\/12\/bard.jpg\" data-dt-img-description=\"\" data-large_image_width=\"128\" data-large_image_height=\"128\"><img loading=\"lazy\" decoding=\"async\" class=\"size-full wp-image-14147 alignleft\" src=\"http:\/\/www.radiopiu.net\/wordpress\/wp-content\/uploads\/2015\/12\/bard.jpg\" alt=\"\" width=\"128\" height=\"128\" \/><\/a>BELLUNO<\/strong> Record sfiorato per l&#8217;edizione 2019 dei fuochi per l&#8217;autonomia, promossi dal movimento Belluno Autonoma Regione Dolomiti: 51 i fuochi ufficiali che nella serata di sabato illumineranno il Bellunese, ai quali si aggiungeranno come negli scorsi anni tante piccole adesioni \u201cnon ufficiali\u201d, dalla provincia e non solo. Solo nel 2015 si era ottenuto un risultato migliore, con 55 fuochi; 50 quelli accesi nel 2017, 49 lo scorso anno. Intanto, ci si muove anche sul fronte politico: nel pomeriggio di sabato, poche ore prima dell&#8217;accensione dei fal\u00f2, una delegazione del movimento parteciper\u00e0 alla convention del lancio del Partito dei Veneti, coordinato dal consigliere regionale Antonio Guadagnin<\/p>\n<p><strong>IL PRESIDENTE ANDREA BONA\u00a0<\/strong><\/p>\n<audio class=\"wp-audio-shortcode\" id=\"audio-102991-4\" preload=\"none\" style=\"width: 100%;\" controls=\"controls\"><source type=\"audio\/mpeg\" src=\"http:\/\/www.radiopiu.net\/wordpress\/wp-content\/uploads\/2019\/10\/Andra-Bona-convention-Partito-dei-Veneti-e-fuochi.mp3?_=4\" \/><a href=\"http:\/\/www.radiopiu.net\/wordpress\/wp-content\/uploads\/2019\/10\/Andra-Bona-convention-Partito-dei-Veneti-e-fuochi.mp3\">http:\/\/www.radiopiu.net\/wordpress\/wp-content\/uploads\/2019\/10\/Andra-Bona-convention-Partito-dei-Veneti-e-fuochi.mp3<\/a><\/audio>\n<p>&nbsp;<\/p>\n<p>&nbsp;<\/p>\n<p>&nbsp;<\/p>\n<p>&nbsp;<\/p>\n<h3>SISTEMAZIONE DEL PARCHEGGIO EX CONCERIE COLLE, DA MARTEDI APRE IL CANTIERE<\/h3>\n<p><strong>BELLUNO <\/strong>A un anno dal passaggio della tempesta Vaia, sono ancora decine gli interventi programmati e in corso sul territorio: uno di questi inizier\u00e0 marted\u00ec, con la sistemazione e ripristino del parcheggio delle Ex Concerie Colle, a Borgo Piave. I lavori &#8211; 20mila euro da contributi regionali e statali &#8211; prevedono la \u201cscarifica\u201d della pavimentazione (la rottura superficiale del manto stradale, la fresatura, la demolizione del sottofondo e la rimozione e lo smaltimento del materiale), la rimozione e messa in quota dei chiusini in ghisa, il ripristino del cassonetto stradale e delle pavimentazioni in conglomerato bituminoso.<\/p>\n<p><strong>L&#8217;ASSESSORE AI LAVORI PUBBLICI BIAGIO GIANNONE\u00a0<\/strong><\/p>\n<audio class=\"wp-audio-shortcode\" id=\"audio-102991-5\" preload=\"none\" style=\"width: 100%;\" controls=\"controls\"><source type=\"audio\/mpeg\" src=\"http:\/\/www.radiopiu.net\/wordpress\/wp-content\/uploads\/2019\/10\/biagio.mp3?_=5\" \/><a href=\"http:\/\/www.radiopiu.net\/wordpress\/wp-content\/uploads\/2019\/10\/biagio.mp3\">http:\/\/www.radiopiu.net\/wordpress\/wp-content\/uploads\/2019\/10\/biagio.mp3<\/a><\/audio>\n<p>Per consentire le operazioni, dalle 8 di martedi\u00a0 alle\u00a0 18 del 29 ottobre 2019 sono stati decisi il divieto di circolazione veicolare e pedonale in via dei Molini, nella corsia di uscita dal parcheggio \u201cex Concerie Colle\u201d; il divieto di sosta con rimozione forzata dei veicoli in tutti gli stalli presenti su ambo i lati della corsia di uscita dal parcheggio \u201cex Concerie Colle\u201d; l&#8217;istituzione del doppio senso di circolazione veicolare, nella corsia presente sul lato opposto del cantiere, per permettere agli utenti di accedere ed uscire dalla restante area di sosta durante l\u2019esecuzione dei lavori.<\/p>\n<p>&nbsp;<\/p>\n<p>&nbsp;<\/p>\n<p>&nbsp;<\/p>\n<p>&nbsp;<\/p>\n<p><span style=\"color: #ff0000;\">L&#8217;ANTICIPAZIONE, UNA NUOVA PAGINA FACEBOOK<\/span><\/p>\n<h2>M<a class=\"dt-pswp-item\" href=\"http:\/\/www.radiopiu.net\/wordpress\/wp-content\/uploads\/2019\/10\/72941019_2778413005526196_4951055779898589184_n.jpg\" data-dt-img-description=\"\" data-large_image_width=\"960\" data-large_image_height=\"540\"><img loading=\"lazy\" decoding=\"async\" class=\"size-medium wp-image-103024 alignright\" src=\"http:\/\/www.radiopiu.net\/wordpress\/wp-content\/uploads\/2019\/10\/72941019_2778413005526196_4951055779898589184_n-300x169.jpg\" alt=\"\" width=\"300\" height=\"169\" srcset=\"https:\/\/www.radiopiu.net\/wordpress\/wp-content\/uploads\/2019\/10\/72941019_2778413005526196_4951055779898589184_n-300x169.jpg 300w, https:\/\/www.radiopiu.net\/wordpress\/wp-content\/uploads\/2019\/10\/72941019_2778413005526196_4951055779898589184_n-768x432.jpg 768w, https:\/\/www.radiopiu.net\/wordpress\/wp-content\/uploads\/2019\/10\/72941019_2778413005526196_4951055779898589184_n.jpg 960w\" sizes=\"auto, (max-width: 300px) 100vw, 300px\" \/><\/a>USLA &#8211; Moviment de Union e Standardisazion Linguistica del Agordin<\/h2>\n<blockquote><p><em> Il MUSLA \u00e8 un movimento di sensibilizzazione linguistica rivolto agli abitanti dell&#8217;Agordino, un luogo dove portare dati e conoscenze e dove si auspica possano nascere discussioni e progetti concreti per salvaguardare le lingue del nostro territorio. Ci poniamo con spirito curioso e volenterosi di includere e promuovere tutte le varianti dei vari paesi, nonch\u00e9 di porre le basi per una futura standardizzazione in tre varianti (alto, centro e basso agordino), che riteniamo sia fondamentale per un&#8217;adeguata politica linguistica.<\/em><\/p><\/blockquote>\n<p><strong><a class=\"dt-pswp-item\" href=\"http:\/\/www.radiopiu.net\/wordpress\/wp-content\/uploads\/2019\/10\/69353602_2684389524928545_4678702124018696192_n.jpg\" data-dt-img-description=\"\" data-large_image_width=\"480\" data-large_image_height=\"480\"><img loading=\"lazy\" decoding=\"async\" class=\"wp-image-103022 alignleft\" src=\"http:\/\/www.radiopiu.net\/wordpress\/wp-content\/uploads\/2019\/10\/69353602_2684389524928545_4678702124018696192_n-300x300.jpg\" alt=\"\" width=\"172\" height=\"172\" srcset=\"https:\/\/www.radiopiu.net\/wordpress\/wp-content\/uploads\/2019\/10\/69353602_2684389524928545_4678702124018696192_n-300x300.jpg 300w, https:\/\/www.radiopiu.net\/wordpress\/wp-content\/uploads\/2019\/10\/69353602_2684389524928545_4678702124018696192_n-150x150.jpg 150w, https:\/\/www.radiopiu.net\/wordpress\/wp-content\/uploads\/2019\/10\/69353602_2684389524928545_4678702124018696192_n.jpg 480w\" sizes=\"auto, (max-width: 172px) 100vw, 172px\" \/><\/a>NICOLA CASSISI <\/strong>Su Facebook ha preso vita in questi giorni il progetto MUSLA &#8220;Moviment de Union e Standardisazion Linguistica del Agordin&#8221;, pensato e organizzato da tre giovani che hanno unito le proprie passioni allo studio accademico, messo insieme esperienze di vita in loco e fuori. Siamo noi, ma siete anche e soprattutto VOI. Un movimento di sensibilizzazione linguistica rivolto agli abitanti dell&#8217;agordino, un luogo dove portare dati e conoscenze su quello che chiamiamo ladino-agordino, la nostra lingua, e dove si auspica possano nascere discussioni e progetti concreti.Verranno in particolare esposte nozioni di linguistica sui dialetti ladini della nostra vallata, con le loro similarit\u00e0 e differenze, in un&#8217;ottica inclusiva, oltre che a portare sul web l&#8217;uso della grafia unificata ladina anche per l&#8217;Agordino<\/p>\n<p><strong><a class=\"dt-pswp-item\" href=\"http:\/\/www.radiopiu.net\/wordpress\/wp-content\/uploads\/2019\/10\/72246002_137149094349217_5719088677947179008_n.jpg\" data-dt-img-description=\"\" data-large_image_width=\"458\" data-large_image_height=\"459\"><img loading=\"lazy\" decoding=\"async\" class=\"wp-image-103020 alignleft\" src=\"http:\/\/www.radiopiu.net\/wordpress\/wp-content\/uploads\/2019\/10\/72246002_137149094349217_5719088677947179008_n-300x300.jpg\" alt=\"\" width=\"159\" height=\"159\" srcset=\"https:\/\/www.radiopiu.net\/wordpress\/wp-content\/uploads\/2019\/10\/72246002_137149094349217_5719088677947179008_n-300x300.jpg 300w, https:\/\/www.radiopiu.net\/wordpress\/wp-content\/uploads\/2019\/10\/72246002_137149094349217_5719088677947179008_n-150x150.jpg 150w, https:\/\/www.radiopiu.net\/wordpress\/wp-content\/uploads\/2019\/10\/72246002_137149094349217_5719088677947179008_n.jpg 458w\" sizes=\"auto, (max-width: 159px) 100vw, 159px\" \/><\/a>DAVIDE CONEDERA<\/strong> Ma l&#8217;obbiettivo pi\u00f9 importante del gruppo \u00e8 quello di, mano a mano porre le basi per una futura standardizzazione di tre varianti (ladin agordin aut, zenter e bas). Riteniamo ci\u00f2 fondamentale per un&#8217;adeguata politica linguistica, come \u00e8 stato portata a termine in moltissime altre parti del mondo, in previsione di una concreta attuazione e messa in pratica della legge 482\/99 in tutela delle minoranze linguistiche, compresa quella ladina in provincia di Belluno comprendente Agordino con Livinallongo, Zoldo, Cadore con Comelico e Ampezzo. Reale ed efficace salvaguardia di una minoranza linguistica significa infatti soprattutto utilizzo ed incentivo della lingua nell&#8217;amministrazione pubblica e nell&#8217;insegnamento a scuola, ossia nel presente e nel futuro della lingua, e ci\u00f2 \u00e8 proprio quello che prevede la legge ma, purtroppo, a 20 anni dalla sua approvazione, in Agordino la sua applicazione \u00e8 ancora quasi inesistente. Cercate quindi &#8220;MUSLA&#8221; e con spirito curioso, critico e propositivo<br \/>\nsiete tutti invitati ad iscrivervi e a spargere la voce! Questa \u00e8 la nostra occasione di rendere la nostra lingua viva!<\/p>\n<p><strong>LA NUOVA PAGINA FACEBOOK<\/strong>, <a href=\"https:\/\/www.facebook.com\/groups\/395316224475304\/\">CLICCA QUI\u00a0<\/a><\/p>\n<p>&nbsp;<\/p>\n<p>&nbsp;<\/p>\n<p>&nbsp;<\/p>\n<p>&nbsp;<\/p>\n<h3>NUOVE OPPORTUNITA&#8217; PER CHI E&#8217; ALLA RICERCA DI UN LAVORO<\/h3>\n<p><strong>ALLEGHE<\/strong> Martedi aprir\u00e0 ad Alleghe il nuovo PUNTO LAVORO Umana che, insieme alle storiche filiali di Feltre, Belluno e Longarone, arricchisce il territorio bellunese di nuove opportunit\u00e0 per le aziende e per chi cerca lavoro. L\u2019ufficio, in via Kennedy 17, in pieno centro ad Alleghe, sar\u00e0 uno spazio temporaneo di Umana per venire incontro a chi \u00e8 alla ricerca di occupazione, guardando in particolar modo ai settori della manifattura e del turismo. In particolare sono numerose in questo momento le ricerche ed Umana sta profilando figure da inserire sia in produzione sia in altri ambiti aziendali quali la progettazione, l\u2019amministrazione, la contabilit\u00e0, il commerciale, controllo qualit\u00e0 e programmazione. Il settore manufatturiero offre in questo momento molte occasioni di lavoro e sono gi\u00e0 attive le selezioni per il reclutamento di ingegneri, periti o operatori meccanici, responsabili di linea, progettisti e manutentori meccanici, addetti alla produzione con disponibilit\u00e0 di lavoro su turni, da inserire in alcune aziende clienti del territorio.\u00a0 In ragione della prossima apertura della stagione turistica ha inoltre dato l\u2019avvio alla ricerca di professionalit\u00e0 legate al settore (chef de rang, baristi, commis di sala, aiuto cuochi, addetti alle pulizie, receptionist) da impiegare nelle numerose e prestigiose strutture dell\u2019area montana.\u00a0 \u201cSi sono generate nuove e importanti opportunit\u00e0 di lavoro nell\u2019area bellunese \u2013 spiega Maria Raffaella Caprioglio, presidente di Umana &#8211; e numerose sono le richieste che in questo periodo stanno arrivando dalle nostre aziende clienti. Per questo, a sostegno delle altre filiali Umana in provincia di Belluno, abbiamo avviato il PUNTO LAVORO ad Alleghe, che offrir\u00e0 anche a questa parte di territorio, e in via straordinaria, una risposta concreta ed efficace\u201d.\u00a0 \u00a0Il PUNTO LAVORO di via Kennedy sar\u00e0 aperto dal 22 ottobre, ogni marted\u00ec, dalle 10.30 alle 16.30. Per info e appuntamenti: 337.1484908<\/p>\n<h2><span style=\"color: #ff0000;\">ALLA RADIO<\/span><\/h2>\n<blockquote class=\"wp-embedded-content\" data-secret=\"fDl1nqX16s\"><p><a href=\"http:\/\/www.radiopiu.net\/wordpress\/ad-alleghe-umana-riapre-da-martedi\/\">AD ALLEGHE UMANA RIAPRE DA MARTEDI<\/a><\/p><\/blockquote>\n<p><iframe loading=\"lazy\" title=\"&#8220;AD ALLEGHE UMANA RIAPRE DA MARTEDI&#8221; &#8212; Radio Pi\u00f9\" class=\"wp-embedded-content\" sandbox=\"allow-scripts\" security=\"restricted\" style=\"position: absolute; clip: rect(1px, 1px, 1px, 1px);\" src=\"http:\/\/www.radiopiu.net\/wordpress\/ad-alleghe-umana-riapre-da-martedi\/embed\/#?secret=fDl1nqX16s\" data-secret=\"fDl1nqX16s\" width=\"600\" height=\"338\" frameborder=\"0\" marginwidth=\"0\" marginheight=\"0\" scrolling=\"no\"><\/iframe><\/p>\n<p>&nbsp;<\/p>\n<p>&nbsp;<\/p>\n<blockquote class=\"wp-embedded-content\" data-secret=\"rSm7X9bPgF\"><p><a href=\"http:\/\/www.radiopiu.net\/wordpress\/le-pmi-nel-mirino-dei-controlli-potenzialmente-ne-rischiano-122-allanno\/\">LE PMI NEL MIRINO DEI CONTROLLI: POTENZIALMENTE NE RISCHIANO 122 ALL\u2019ANNO<\/a><\/p><\/blockquote>\n<p><iframe loading=\"lazy\" title=\"&#8220;LE PMI NEL MIRINO DEI CONTROLLI: POTENZIALMENTE NE RISCHIANO 122 ALL\u2019ANNO&#8221; &#8212; Radio Pi\u00f9\" class=\"wp-embedded-content\" sandbox=\"allow-scripts\" security=\"restricted\" style=\"position: absolute; clip: rect(1px, 1px, 1px, 1px);\" src=\"http:\/\/www.radiopiu.net\/wordpress\/le-pmi-nel-mirino-dei-controlli-potenzialmente-ne-rischiano-122-allanno\/embed\/#?secret=rSm7X9bPgF\" data-secret=\"rSm7X9bPgF\" width=\"600\" height=\"338\" frameborder=\"0\" marginwidth=\"0\" marginheight=\"0\" scrolling=\"no\"><\/iframe><\/p>\n<p>&nbsp;<\/p>\n<p>&nbsp;<\/p>\n<p>&nbsp;<\/p>\n<p>&nbsp;<\/p>\n<h3>PER IL LUPO CI MANCAVA IL TAVOLO TECNICO, CI PENSA IL PARCO<\/h3>\n<p><strong>FELTRE I<\/strong>l Presidente del Parco, Ennio Vigne, ha convocato\u00a0 un primo tavolo di confronto per condividere le esperienze di protezione del lupo e di tutela degli allevatori, hanno partecipato i rappresentanti della Provincia, dei GAL 1 e 2, delle Unioni Montane della Valle del Boite; Valbelluna; Cadore, Longaronese, Zoldo e Centro Cadore. Sono state illustrate le attivit\u00e0 che il Parco ha avviato nell\u2019ultimo biennio per favorire la convivenza tra il lupo e le tradizionali attivit\u00e0 di alpeggio. I rappresentanti dei GAL e delle Unioni Montane hanno portato la loro esperienza e condiviso l\u2019obiettivo di elaborare una strategia comune a livello provinciale, che sia basata su solide basi tecniche e scientifiche e non su risposte di tipo emotivo.<em> \u201cQuesto \u00e8 solo il primo di una serie di incontri \u2013 ha dichiarato il Presidente Ennio Vigne \u2013\u00a0 l\u2019obiettivo \u00e8 quello di poter lavorare tutti assieme per raggiungere due obiettivi solo apparentemente inconciliabili: la conservazione del lupo e la tutela delle attivit\u00e0 degli allevatori\u201d.<\/em><\/p>\n<p>&nbsp;<\/p>\n<p>&nbsp;<\/p>\n<p>&nbsp;<\/p>\n<h3><strong><a class=\"dt-pswp-item\" href=\"http:\/\/www.radiopiu.net\/wordpress\/wp-content\/uploads\/2019\/10\/Diapositiva6.jpg\" data-dt-img-description=\"\" data-large_image_width=\"793\" data-large_image_height=\"1122\"><img loading=\"lazy\" decoding=\"async\" class=\"wp-image-102996 alignleft\" src=\"http:\/\/www.radiopiu.net\/wordpress\/wp-content\/uploads\/2019\/10\/Diapositiva6-212x300.jpg\" alt=\"\" width=\"136\" height=\"193\" srcset=\"https:\/\/www.radiopiu.net\/wordpress\/wp-content\/uploads\/2019\/10\/Diapositiva6-212x300.jpg 212w, https:\/\/www.radiopiu.net\/wordpress\/wp-content\/uploads\/2019\/10\/Diapositiva6-768x1087.jpg 768w, https:\/\/www.radiopiu.net\/wordpress\/wp-content\/uploads\/2019\/10\/Diapositiva6-724x1024.jpg 724w, https:\/\/www.radiopiu.net\/wordpress\/wp-content\/uploads\/2019\/10\/Diapositiva6.jpg 793w\" sizes=\"auto, (max-width: 136px) 100vw, 136px\" \/><\/a><\/strong>L&#8217;IMPORTANZA DEL CAMMINARE CON ALDO BONSO<\/h3>\n<p><strong>FELTRE.<\/strong> Per il ciclo \u201cMercoled\u00ec della salute\u201d, mercoled\u00ec 23 ottobre alle 18.00 nella sala convegni dell\u2019ospedale di Feltre, si parler\u00e0 dell\u2019importanza di camminare con il direttore della cardiologia Aldo Bonso. La serata si collega alle iniziative del weekend organizzate dal Comune di Feltre sul tema del camminare. Il reale impatto sulla vita delle persone del camminare non viene generalmente percepito in tutta la sua importanza. Una vita frenetica, l\u2019uso dell\u2019automobile e delle tecnologie di comunicazione associate alla perdita culturale di una sana alimentazione, sempre pi\u00f9 piegata a risvolti economico-pubblicitari, ci hanno reso sempre pi\u00f9 sedentari, molto diversi dai nostri progenitori che per procurarsi il cibo dovevano spostarsi a piedi per lunghi percorsi. In questo modo essi rimanevano magri e ben allenati.<\/p>\n<p>&nbsp;<\/p>\n<p>&nbsp;<\/p>\n<p>&nbsp;<\/p>\n<p>&nbsp;<\/p>\n<p>&nbsp;<\/p>\n<p>&nbsp;<\/p>\n<h3>FRANCESCO PUCCI E&#8217; IL NUOVO SEGRETARIO GENERALE<\/h3>\n<p><strong>BELLUNO <\/strong>Jacopo Massaro ha scelto il nuovo segretario generale: Francesco Pucci, 56 anni, attualmente in carica a Jesolo, conosciuto nel Feltrino poich\u00e9 negli ultimi anni ha ricoperto il medesimo incarico nei comuni di Arsi\u00e8, con il quale Jesolo ha una convenzione, di Lamon, incarico a scavalco prossimo al termine e prima di Jesolo anche a Cesiomaggiore, Lentiai, Seren del Grappa e Quero; nel capoluogo, andr\u00e0 a sostituire Alfonsina Tedesco, in pensione dallo scorso primo settembre. <em>\u201cIl nuovo segretario arriva da un comune importante, forse non per dimensioni, ma ricco di complessit\u00e0 visti i numeri turistici, l\u2019espansione urbanistica, il bilancio, etc\u201d, commenta Massaro. \u201cIl dottor Pucci vanta una lunga esperienza nel settore e presenta un curriculum di spessore, aspetti che gli sono valsi il nuovo incarico\u201d. <\/em>Non appena saranno ultimate le procedure amministrative da parte dell&#8217;Agenzia per la gestione dell&#8217;albo nazionale dei segretari comunali e provinciali, il dottor Pucci potr\u00e0 avviare il suo nuovo incarico a Palazzo Rosso.<\/p>\n<p>&nbsp;<\/p>\n<p>&nbsp;<\/p>\n<h3>DOMENICA 27 OTTOBRE 2019 ATTESA A CESIOMAGGIORE PER LA 69^ GIORNATA PROVINCIALE DEL RINGRAZIAMENTO AGRICOLO DI COLDIRETTI BELLUNO.<\/h3>\n<p><strong><a class=\"dt-pswp-item\" href=\"http:\/\/www.radiopiu.net\/wordpress\/wp-content\/uploads\/2019\/10\/download-1.png\" data-dt-img-description=\"\" data-large_image_width=\"225\" data-large_image_height=\"225\"><img loading=\"lazy\" decoding=\"async\" class=\" wp-image-103003 alignleft\" src=\"http:\/\/www.radiopiu.net\/wordpress\/wp-content\/uploads\/2019\/10\/download-1.png\" alt=\"\" width=\"116\" height=\"116\" srcset=\"https:\/\/www.radiopiu.net\/wordpress\/wp-content\/uploads\/2019\/10\/download-1.png 225w, https:\/\/www.radiopiu.net\/wordpress\/wp-content\/uploads\/2019\/10\/download-1-150x150.png 150w\" sizes=\"auto, (max-width: 116px) 100vw, 116px\" \/><\/a>CESIOMAGGIORE<\/strong> Sar\u00e0 Cesiomaggiore ad ospitare domenica 27 ottobre 2019 la 69^ edizione della Giornata del Ringraziamento Agricolo promossa ed organizzata dalla Federazione Provinciale Coldiretti di Belluno. Quasi settanta anni per un appuntamento provinciale molto sentito e partecipato dal mondo agricolo bellunese ma non solo. E\u2019 questa una concreta occasione per comprendere ancora una volta il valore dell\u2019agricoltura e di quella di montagna in particolare, e sottolineare l\u2019importanza del ruolo dell\u2019agricoltore che con il suo lavoro \u00e8 vero presidio e primo custode del territorio e dell\u2019ambiente. L\u2019impegno degli agricoltori bellunesi \u00e8 rimarchevole considerando l\u2019aiuto fornito per non assistere ad un pericolosissimo spopolamento del territorio montano e per contrastare gli effetti negativi di quei cambiamenti climatici che, specialmente in agricoltura, hanno effetti distruggenti molte volte difficili da ricondurre in pi\u00f9 giusti equilibri.<\/p>\n<p>&nbsp;<\/p>\n<p>&nbsp;<\/p>\n<p>&nbsp;<\/p>\n<h3>ADA AGORDO, ASSEMBLEA&#8230; ED APPELLO<\/h3>\n<p><strong>AGORDO<\/strong> Gioved\u00ec 24 ottobre\u00a0 alle 20.15 \u00e8 convocata\u00a0 l\u2019assemblea ordinaria annuale dei soci per discutere\u00a0 il \u00a0programma svolto, il\u00a0 conto consuntivo, le\u00a0 proposte dei soci, il\u00a0 programma per il 2019\/2020,\u00a0 il bilancio di previsione e sar\u00e0 eletto il nuovo \u00a0comitato direttivo. La riunione si terr\u00e0 nella saletta delle biblioteca civica di Agordo. ADA \u00e8 una vera associazione di volontariato e che l\u2019assemblea annuale \u00e8 il momento per <a class=\"dt-pswp-item\" href=\"http:\/\/www.radiopiu.net\/wordpress\/wp-content\/uploads\/2019\/10\/download-20.jpg\" data-dt-img-description=\"\" data-large_image_width=\"259\" data-large_image_height=\"194\"><img loading=\"lazy\" decoding=\"async\" class=\"size-full wp-image-102937 alignleft\" src=\"http:\/\/www.radiopiu.net\/wordpress\/wp-content\/uploads\/2019\/10\/download-20.jpg\" alt=\"\" width=\"259\" height=\"194\" \/><\/a>essere presenti per dare il proprio contributo di proposte , critiche costruttive e disponibilit\u00e0 a \u201clavorare\u201d nell\u2019associazione, ognuno a seconda delle proprie disponibilit\u00e0 di qui l&#8217;appello del direttivo uscente:<\/p>\n<blockquote><p><em>Cari genitori e cari allievi maggiorenni, vi scriviamo queste due righe in allegato alla convocazione \u201c formale\u201d della assemblea ordinaria annuale dell\u2019associazione danza per dirvi che\u2026.abbiamo pi\u00f9 che mai bisogno di voi! ADA quest\u2019anno ha raggiunto un numero record di iscritti (181 al 10 ottobre) e anche di corsi (25) : ovviamente la gestione di tutto ci\u00f2 richiede pi\u00f9 energie del solito. Al direttivo spetta la \u201cgestione \u201c ufficiale ma i 7 membri che ne fan parte non sono certo sufficienti ad occuparsi di tutto , soprattutto se si tien presente che prestano lavoro volontario nei ritagli di tempo dal lavoro e dalla famiglia. Ci sono mille cose da fare e potremmo farle meglio se potessimo dividere i compiti tra pi\u00f9 persone: dal dare una mano alle insegnanti con le bimbe pi\u00f9 piccole, a distribuire avvisi, da organizzare e accompagnare nelle \u201cuscite \u201c i pi\u00f9 grandicelli a preparare i costumi, da tenere in ordine il magazzino dei costumi a seguire tutta la parte burocratica ( elenchi, certificati, iscrizioni al Coni, assicurazione, Siae ecc ecc); e poi c\u2019\u00e8 da tenere la contabilit\u00e0 , da stendere i verbali delle riunioni, da gestire i contatti con gli enti che ci \u201cprestano\u201d le palestre, da organizzare le supplenze per le inevitabili assenze degli istruttori, da preparare tutto quello che serve per saggi e spettacoli , da coordinare materialmente chi poi lavora per gli allestimenti; \u00e8 necessario rendere disponibile per i genitori il cellulare di ADA, inserire i dati dei corsi e degli eventi sul portale del CONI, tenere aggiornato e funzionante il sito internet\u2026.e non da ultimo servono braccia per spostare sedie, montare palchi e scenografie. ADA ha bisogno di \u201cforze\u201d di ogni tipo !!! Vi chiediamo quindi di esser presenti all\u2019assemblea non solo per votare un nuovo direttivo e approvare bilancio e programma, ma anche per dare la vostra disponibilit\u00e0 anche per un piccolo incarico o per poco tempo: tutti assieme riusciremo a far funzionare ancora meglio la vita dell\u2019associazione , regalando esperienze positive ai nostri ragazzi .<\/em><\/p><\/blockquote>\n<p>&nbsp;<\/p>\n<p>&nbsp;<\/p>\n<p>&nbsp;<\/p>\n<h3>IL GIOCO ALL\u2019ARIA APERTA E\u2019 FONDAMENTALE NELLO SVILUPPO DEL BAMBINO\u201d<\/h3>\n<p><strong>BELLUNO<\/strong> Questa \u00e8 l&#8217;iniziativa\u00a0 della Fondazione Progetto Uomo nell\u2019ambito de l&#8217;Arcipelago Bambini\/ Azione parent training in programma il\u00a0 26 ottobre al\u00a0 parco Citt\u00e0 di Bologna Piazza Piloni\u00a0 dalle 10 alle14.30. I bambini, di et\u00e0 compresa tra 2 e 6 anni, svolgeranno, insieme ai loro genitori, attivit\u00e0 di raccolta di materiali naturali nel parco, attivit\u00e0 sensoriali e manipolative e massaggi rilassanti . Dopo il pranzo insieme, i genitori si confronteranno in uno spazio \u201cadulto\u201d\u00a0 \u00a0riflettendo sull\u2019esperienza di gioco all\u2019aria aperta. I benefici per i bambini che derivano dal gioco all\u2019aria aperta sono molteplici: un miglioramento generale del benessere psicofisico, stimolazione della creativit\u00e0, aumento della socializzazione e miglioramento dell\u2019empatia nei confronti degli altri bambini, sviluppo di abilit\u00e0 motorie come coordinazione e agilit\u00e0, una notevole riduzione dello stress rispetto a bambini che non giocano spesso all\u2019aria aperta, \u00a0un miglioramento delle risorse attentive. Nel libro \u201cL\u2019ultimo bambino nei boschi\u201d Richard Louv, partendo da presupposti psicologici, lancia un forte messaggio pedagogico e di impegno civile esortandoci a recuperare il contatto con la natura: una corsa all\u2019aria aperta, il gioco nei boschi, una nuotata in un lago, una vacanza in campeggio possono favorire la creativit\u00e0, la gioia di vivere, la passione, persino il senso critico e la capacit\u00e0 di risolvere i problemi. <strong>Che rapporto hanno i bambini di oggi con la natura? Come si devono comportare genitori e educatori di adolescenti cresciuti in citt\u00e0? <\/strong>Le ultime ricerche hanno dimostrato che i bambini delle grandi citt\u00e0 hanno \u201cpolmoni da vecchi fumatori\u201d. Medici e psicologi mettono in guardia periodicamente da un\u2019elevata esposizione a videogiochi, tv e computer che rende i nostri figli aggressivi, oltre che sedentari. Analizzando le abitudini e le difficolt\u00e0 delle nuove generazioni, Louv individua un crescente \u201cdisturbo da deficit di natura\u201d, che non \u00e8 una malattia vera e propria, ma una condizione di vita, un modo di essere. Sono sempre di pi\u00f9 i ragazzi che conducono un\u2019esistenza chiusa in interni soffocanti dove regnano videogiochi, computer, televisori, imprigionati in citt\u00e0 spesso carenti di aree verdi e dominate da traffico e smog. Tra le paure dei genitori e la difficolt\u00e0 di movimento e di sfogo in spazi aperti, i bambini e gli adolescenti accusano ogni giorno di pi\u00f9 disturbi quali obesit\u00e0, disattenzione, svogliatezza, noia, depressione, ansia.<\/p>\n<p>&nbsp;<\/p>\n<p>&nbsp;<\/p>\n<h3><span style=\"color: #ff0000;\">IL RICORDO<\/span><\/h3>\n<p><strong>DI JOHN FRANCIS DELLA PIETRA<\/strong><\/p>\n<blockquote><p><em>Son passati 3 anni Ma non ci dimentichiamo\u00a0 Del Fabrizio girolet Meccanico dagl occhi azzurri e dal sorriso sempre pronto&#8230;<\/em><\/p><\/blockquote>\n<h3>Valch resta semper<\/h3>\n<p>No capise<br \/>\nMa encoj l \u00e8 tut el di che patise<br \/>\nDescore tra mi e mi<br \/>\nMa me par de sentilo di<br \/>\nPien de emozion<br \/>\nCol catea qua de pension<br \/>\nMe manca poch<br \/>\nDap\u00f2 hai p\u00ec temp par sta apede al foch<br \/>\nPar fa chest e chel<br \/>\nChe me sa p\u00ec bel<br \/>\nDiron de qua e de l\u00e0<br \/>\nOnde che sai chi fa bon da magn\u00e0<br \/>\n\u00c8 calche otha anca d\u00f9 al mar<br \/>\nEn cin de pese a degustar<br \/>\nCo na bela machina sar\u00e0 en bel girar<br \/>\nNol vedea l ora de riv\u00e0 a chel traguardo<br \/>\nTel liediei Inte i oci torchin del so sguardo<br \/>\nCos\u00ec adess no m ha rende<br \/>\nEl so entusiasmo comprende<br \/>\nSi chel l \u00e8 rest\u00e0<br \/>\nA ne fa compagnia a noi qua<br \/>\nNa dola me vien d\u00f9<br \/>\nMa el sai chel scherza con tanti soci lass\u00f9<br \/>\nAce e recordete de mi<br \/>\nTe na ass\u00e0 disendone cos\u00ec<br \/>\nFabri<\/p>\n<p>&nbsp;<\/p>\n<p>&nbsp;<\/p>\n<blockquote class=\"wp-embedded-content\" data-secret=\"nvrkssAZa4\"><p><a href=\"https:\/\/www.radiopiu.net\/wordpress\/calvario-di-sappada-nel-ricordo-di-un-soldato-e-di-una-battaglia-di-renato-bona\/\">CALVARIO DI SAPPADA NEL RICORDO DI UN SOLDATO E DI UNA BATTAGLIA di RENATO BONA<\/a><\/p><\/blockquote>\n<p><iframe loading=\"lazy\" title=\"&#8220;CALVARIO DI SAPPADA NEL RICORDO DI UN SOLDATO E DI UNA BATTAGLIA di RENATO BONA&#8221; &#8212; Radio Pi\u00f9\" class=\"wp-embedded-content\" sandbox=\"allow-scripts\" security=\"restricted\" style=\"position: absolute; clip: rect(1px, 1px, 1px, 1px);\" src=\"https:\/\/www.radiopiu.net\/wordpress\/calvario-di-sappada-nel-ricordo-di-un-soldato-e-di-una-battaglia-di-renato-bona\/embed\/#?secret=nvrkssAZa4\" data-secret=\"nvrkssAZa4\" width=\"600\" height=\"338\" frameborder=\"0\" marginwidth=\"0\" marginheight=\"0\" scrolling=\"no\"><\/iframe><\/p>\n<p>&nbsp;<\/p>\n<h3><a class=\"dt-pswp-item\" href=\"http:\/\/www.radiopiu.net\/wordpress\/wp-content\/uploads\/2018\/09\/appuntamenti.jpeg\" data-dt-img-description=\"\" data-large_image_width=\"800\" data-large_image_height=\"100\"><img loading=\"lazy\" decoding=\"async\" class=\"aligncenter wp-image-61958 size-full\" src=\"http:\/\/www.radiopiu.net\/wordpress\/wp-content\/uploads\/2018\/09\/appuntamenti.jpeg\" alt=\"\" width=\"800\" height=\"100\" srcset=\"https:\/\/www.radiopiu.net\/wordpress\/wp-content\/uploads\/2018\/09\/appuntamenti.jpeg 800w, https:\/\/www.radiopiu.net\/wordpress\/wp-content\/uploads\/2018\/09\/appuntamenti-300x38.jpeg 300w, https:\/\/www.radiopiu.net\/wordpress\/wp-content\/uploads\/2018\/09\/appuntamenti-768x96.jpeg 768w\" sizes=\"auto, (max-width: 800px) 100vw, 800px\" \/><\/a><\/h3>\n<p>&nbsp;<\/p>\n<h3>CICCHETTI,\u00a0 MOSTRA MERCATO CON 70 ESPOSITORI E PEDONATA<\/h3>\n<p><strong>LIMANA\u00a0<\/strong><\/p>\n<p><strong>DAMIANO TORMEN\u00a0<\/strong><\/p>\n<audio class=\"wp-audio-shortcode\" id=\"audio-102991-6\" preload=\"none\" style=\"width: 100%;\" controls=\"controls\"><source type=\"audio\/mpeg\" src=\"http:\/\/www.radiopiu.net\/wordpress\/wp-content\/uploads\/2019\/10\/LIMANA-DAMIANO.mp3?_=6\" \/><a href=\"http:\/\/www.radiopiu.net\/wordpress\/wp-content\/uploads\/2019\/10\/LIMANA-DAMIANO.mp3\">http:\/\/www.radiopiu.net\/wordpress\/wp-content\/uploads\/2019\/10\/LIMANA-DAMIANO.mp3<\/a><\/audio>\n<p>&nbsp;<\/p>\n<p>&nbsp;<\/p>\n<div class=\"addthis_sharing_toolbox\" data-url=\"https:\/\/sfoglio.corrierealpi.gelocal.it\/share_article.php?article_id=5792166\" data-title=\"Incontro e concertoper celebrare De MinGiochi al parcoin ricordo di Carla\"><strong>FALCADE\u00a0<\/strong> &#8220;In ricordo di Carla Serafini&#8221; \u00e8 il nome della manifestazione promossa dalla Pro loco di Caviola, dal gruppo alpini Caviola-Cime d&#8217;Auta e dalla famiglia Serafini per oggi dalle 14 alle 18 al parco giochi di Caviola. Saranno presenti anche i Ludobus di Spazio Verdeblu per garantire un pomeriggio di giochi e socializzazione per persone di tutte le et\u00e0.<\/div>\n<p>&nbsp;<\/p>\n<p><strong>AGORDO<\/strong>. In occasione del 160\u00b0 anniversario della morte del pittore bellunese Giovanni De Min (1786-1859), Agordo propone un &#8220;Sabato culturale&#8221; a lui dedicato. Oggi alle 17 al centro parrocchiale Vincenzo Savio, Sergio Favotto, artista e critico d&#8217;arte, terr\u00e0 una conferenza su De Min. Un evento nato da un&#8217;idea di Silvano Savio e curato dalla biblioteca civica e dal Circolo culturale agordino. Seguir\u00e0 rinfresco.Alle 20.30 nella chiesa arcidiaconale la cui abside \u00e8 abbellita dagli affreschi dell&#8217;artista bellunese (L&#8217;ingresso di Cristo a Gerusalemme, Il Battesimo di Cristo, Cristo e i fanciulli, 1851), si svolger\u00e0 invece il concerto lirico-sacro a cura dell&#8217;associazione Le Muse e le Dolomiti.Oda Zoe Hochscheid (mezzosoprano)e Ai Yoshida&amp;Alex Gai (organo) eseguiranno opere di Bach, Mozart, Rossini, Elgar e altri. L&#8217;ingresso ad entrambi gli eventi \u00e8 gratuito.<\/p>\n<p>&nbsp;<\/p>\n<p><u><strong>ROCCA PIETORE<\/strong> <\/u>\u00a0 Dopo il successo dello scorso anno, il Grop de Bal Marmol\u00e8da ha deciso di riproporre la manifestazione &#8220;Folklor jalp\u00e9 de la Marmol\u00e8da 2.0&#8221;, per unire ancora una volta tutti coloro che vogliono celebrare la passione per il ballo e per le proprie tradizioni sotto lo stesso &#8220;tetto&#8221;, in occasione di una festa unica, che regaler\u00e0 molti momenti di puro divertimento ai presenti. Oggi e domani verr\u00e0 dunque riproposta questa rinomata festa in una versione 2.0 per festeggiare tutti insieme la passione per il ballo e per le antiche tradizioni, accompagnati da un\u2019ottima cucina tradizionale ladina, che delizier\u00e0 tutti i palati, e ovviamente di un bel bicchiere di birra.<\/p>\n<p>&nbsp;<\/p>\n<p><strong>RIVAMONTE<\/strong>\u00a0 Riva Oktoberfes, oggi\u00a0 e domani\u00a0 presso gli impianti sportivi. <strong>Oggi\u00a0<\/strong> stand gastronomico\u00a0 e dalle 21 musica con i PEONES\u00a0 e\u00a0 DJ\u00a0 set con Morgan.\u00a0 <strong>Domani<\/strong>\u00a0tendone aperto fin dalle 10, mercatino dei lavori e sapori di una volta, sfilata dal piazzale della chiesa agli impianti sportivi con la L\u2019BANDIN DA TIEZER\u201d\u00a0 (Tesero valle di Fiemme ) che allieter\u00e0 anche il pomeriggio con musiche e balli in stile tirolese, dalle 21 lo stand gastronomico\u00a0 con porchetta allo spiedo e nel pomeriggio &#8220;svuotiamo i fusti&#8221;<\/p>\n<p>&nbsp;<\/p>\n<div><strong>SAN GREGORIO NELLA ALPI<\/strong> Oggi alle 20.45 nella palestra comunale &#8220;Chiave per due&#8221; di John Chapman e Dave Freeman, spettacolo teatrale con la compagnia Fon Teatro di Sovramonte. Regia di Silvano Zeni.<\/div>\n<p>&nbsp;<\/p>\n<p><strong>VOLTAGO<\/strong> Il gruppo alpini di Frassen\u00e8 festeggia il quarto di secolo.\u00a0 Domani\u00a0 in occasione del 25 anni di cammino alle 9.45 a Frassen\u00e8 alzabandiera, 10 messa, 10.45 corteo e onore ai caduti e alle 11 rassegna musicale della banda di Lentiai in piazza Don Stefano Gorzegno. Alle\u00a0 11.30 presentazione dell&#8217;evento alla scuola Paolo Mosca con l&#8217;apertura della mostra fotografica. Al termine il rinfresco.<\/p>\n<p>&nbsp;<\/p>\n<div><\/div>\n<div><\/div>\n<h3><span style=\"color: #ff0000;\"><a class=\"dt-pswp-item\" href=\"http:\/\/www.radiopiu.net\/wordpress\/wp-content\/uploads\/2019\/10\/72462260_2694683800590791_2924016350751883264_n.jpg\" data-dt-img-description=\"\" data-large_image_width=\"686\" data-large_image_height=\"960\"><img loading=\"lazy\" decoding=\"async\" class=\"size-medium wp-image-102760 alignleft\" src=\"http:\/\/www.radiopiu.net\/wordpress\/wp-content\/uploads\/2019\/10\/72462260_2694683800590791_2924016350751883264_n-214x300.jpg\" alt=\"\" width=\"214\" height=\"300\" srcset=\"https:\/\/www.radiopiu.net\/wordpress\/wp-content\/uploads\/2019\/10\/72462260_2694683800590791_2924016350751883264_n-214x300.jpg 214w, https:\/\/www.radiopiu.net\/wordpress\/wp-content\/uploads\/2019\/10\/72462260_2694683800590791_2924016350751883264_n.jpg 686w\" sizes=\"auto, (max-width: 214px) 100vw, 214px\" \/><\/a>L&#8217;EVENTO<\/span><\/h3>\n<p><strong>FALCADE _ AGORDO<\/strong> Un nome importante del calcio nazionale alla prossima cena annuale dell&#8217;Interlcub Agordino Giacinto Facchetti. Il 14 novembre allo sport Hotel Cristal l&#8217;ospite della serata sar\u00e0 infatti\u00a0 &#8220;lo zio&#8221; Beppe Bergomi. Nel pomeriggio in sala Don Tamis ad Agordo presenter\u00e0 il suo romando di formazione &#8220;Bella Zio&#8221; di Andrea Vitali. Le prenotazioni alla cena sono gi\u00e0 aperte, vi posson partecipare soci, familiari, amici e simpatizzanti. Entro il 12 novembre, informazioni 328 8554722<\/p>\n<div id=\"fbPhotoSnowliftVideoFundraiser\"><strong>Giuseppe Raffaele Bergomi, detto Beppe<\/strong> (Settala, 22 dicembre 1963), \u00e8 un allenatore di calcio ed ex calciatore italiano, di ruolo difensore, campione del mondo con la nazionale italiana nel 1982. Considerato uno dei migliori difensori della sua generazione, nel corso della sua carriera professionistica ha sempre militato nell&#8217;Inter, con cui ha vinto una Coppa Italia (1981-1982), un campionato di Serie A (1988-1989), una Supercoppa italiana (1989) e tre Coppe UEFA (1990-1991, 1993-1994 e 1997-1998).<\/div>\n<div id=\"fbPhotoSnowliftViews\" class=\"_4p3v\"><\/div>\n<div><\/div>\n<div><\/div>\n<div><\/div>\n<div><\/div>\n<h3><\/h3>\n<p>&nbsp;<\/p>\n<p>&nbsp;<\/p>\n<p>&nbsp;<\/p>\n<h3><\/h3>\n<h3>ULTIMA DOMENICA DI OTTOBRE:\u00a0 MESSA PER I CADUTI DELLA MONTAGNA CON IL CORO AGORDO<\/h3>\n<p><strong><a class=\"dt-pswp-item\" href=\"http:\/\/www.radiopiu.net\/wordpress\/wp-content\/uploads\/2018\/12\/CoroAgordo.jpeg\" data-dt-img-description=\"\" data-large_image_width=\"1403\" data-large_image_height=\"1022\"><img loading=\"lazy\" decoding=\"async\" class=\" wp-image-69765 alignleft\" src=\"http:\/\/www.radiopiu.net\/wordpress\/wp-content\/uploads\/2018\/12\/CoroAgordo-300x219.jpeg\" alt=\"\" width=\"225\" height=\"164\" srcset=\"https:\/\/www.radiopiu.net\/wordpress\/wp-content\/uploads\/2018\/12\/CoroAgordo-300x219.jpeg 300w, https:\/\/www.radiopiu.net\/wordpress\/wp-content\/uploads\/2018\/12\/CoroAgordo-768x559.jpeg 768w, https:\/\/www.radiopiu.net\/wordpress\/wp-content\/uploads\/2018\/12\/CoroAgordo-1024x746.jpeg 1024w, https:\/\/www.radiopiu.net\/wordpress\/wp-content\/uploads\/2018\/12\/CoroAgordo.jpeg 1403w\" sizes=\"auto, (max-width: 225px) 100vw, 225px\" \/><\/a>AGORDO<\/strong> Anche quest&#8217;anno il Coro Agordo invita alla\u00a0 Messa a ricordo dei Caduti della Montagna,\u00a0 si terr\u00e0 nella chiesa Arcidiaconale di Agordo domenica 27 ottobre e sar\u00e0 trasmessa in diretta da Radio Pi\u00f9. Si tratta della 44esima edizione della messa che sar\u00e0 celebrata dal nuovo Arcidiacono monsignor Cesare Larese e accompagnata dai canti del \u201cCoro Agordo\u201d diretto da Roberta Conedera. Una celebrazione divenuta ormai consuetudine sentita e attesa sia fra le popolazioni dell\u2019Agordino che delle vallate limitrofe, nonch\u00e9 per tanti altri alpinisti e non della provincia e oltre, uniti nel comune desiderio e nel bisogno di perpetuare la memoria dei cari Amici agordini periti in montagna e di coloro che hanno perso la vita sulle montagne agordine \u201cnell\u2019ansiet\u00e0 di altezza e di silenzio\u201d. L\u2019iniziativa avviene come sempre in collaborazione con la Sezione Agordina del CAI, la Parrocchia di S. Maria Nascente, i Gruppi Rocciatori \u201cGIR\u201d di Agordo e \u201cVal Bi\u00f3is\u201d, le Stazioni agordine del Corpo Nazionale Soccorso Alpino e il Gruppo Alpini Agordo-Rivamonte-Taibon.<\/p>\n<p><strong>IL MANIFESTO E IL LUNGO ELENCO DEI CADUTI IN MONTAGNA<\/strong><\/p>\n<div class=\"su-document su-u-responsive-media-yes\"><iframe loading=\"lazy\" src=\"\/\/docs.google.com\/viewer?embedded=true&url=http:\/\/www.radiopiu.net\/wordpress\/wp-content\/uploads\/2019\/10\/MessaCadutiMontagna2019-1.pdf\" width=\"320\" height=\"340\" class=\"su-document\" title=\"\"><\/iframe><\/div>\n<p>&nbsp;<\/p>\n<p>&nbsp;<\/p>\n<p>&nbsp;<\/p>\n<h3>RINVIATI I MISTERI DI SOSPIROLO<\/h3>\n<p><strong>SOSPIROLO<\/strong> Rinviata a domenica 27 ottobre, causa maltempo previsto, la manifestazione \u201cExpo Misteri\u201d a Maras di Sospirolo, quest\u2019anno dedicata ai giochi della tradizione. Il programma resta invariato<\/p>\n<p>&nbsp;<\/p>\n<h3>DALL&#8217;AUSER, RINVIO DEL CONCERTO<\/h3>\n<p><strong>FELTRE<\/strong> Causa un&#8217;improvvisa indisposizione dell&#8217;organista Fiorenzo Mori, il concerto d&#8217;Organo previsto\u00a0 in chiesa di Santa Maria degli Angeli\u00a0 \u00e8 rinviato a data da destinarsi. L&#8217;iniziativa rientra fra le manifestazioni per il trentennale del Circolo Auser \u201cal Castello\u201d di Feltre,\u00a0 che ieri\u00a0 ha inaugurato la sede sociale in\u00a0 via Giuseppe Segusini<b>.<\/b><\/p>\n<p>&nbsp;<\/p>\n<h3>ANNULLATA LA SALISCENDI<\/h3>\n<p><strong>GOSALDO<\/strong> Purtroppo causa cattive previsioni meteo la SALISCENDI DI FORCELLA AURINE per quest&#8217;anno \u00e8 stata annullata&#8230;Desma vi aspetta\u00a0 per quella invernale<\/p>\n<p>&nbsp;<\/p>\n<p>&nbsp;<\/p>\n<p>&nbsp;<\/p>\n<div>\n<p>&nbsp;<\/p>\n<p><strong><a class=\"dt-pswp-item\" href=\"http:\/\/www.radiopiu.net\/wordpress\/wp-content\/uploads\/2018\/09\/viabilita.jpeg\" data-dt-img-description=\"\" data-large_image_width=\"800\" data-large_image_height=\"100\"><img loading=\"lazy\" decoding=\"async\" class=\"wp-image-61954 size-full aligncenter\" src=\"http:\/\/www.radiopiu.net\/wordpress\/wp-content\/uploads\/2018\/09\/viabilita.jpeg\" alt=\"\" width=\"800\" height=\"100\" srcset=\"https:\/\/www.radiopiu.net\/wordpress\/wp-content\/uploads\/2018\/09\/viabilita.jpeg 800w, https:\/\/www.radiopiu.net\/wordpress\/wp-content\/uploads\/2018\/09\/viabilita-300x38.jpeg 300w, https:\/\/www.radiopiu.net\/wordpress\/wp-content\/uploads\/2018\/09\/viabilita-768x96.jpeg 768w\" sizes=\"auto, (max-width: 800px) 100vw, 800px\" \/><\/a><\/strong><\/p>\n<blockquote><p>&nbsp;<\/p><\/blockquote>\n<h3>LAVORI SULLA STRADA PROVINCIALE 2 VAL FIORENTINA<\/h3>\n<p><strong>SELVA DI CADORE<\/strong> fino\u00a0 al 24 ottobre (escluse domeniche e festivi) per permettere i lavori nei diversi cantieri \u00e8 previsto il senso unico alternato con impianto semaforico dal chilometro 1,5 per 250 metri, oltre possibili brevi interruzioni della durata massima di 20 minuti.<\/p>\n<blockquote><p><strong>SAN TOMASO<\/strong> fino\u00a0 all&#8217;11 novembre lungo la provinciale 8 tra Pian Molin e Roi senso unico alternato con semaforo. Esclusi giorni festivi e prefestivi<\/p><\/blockquote>\n<p><strong>CANALE D&#8217;AGORD<\/strong>O Ai due cantieri per la realizzazione della rete acquedottistica si aggiunge un terzo cantiere in prossimit\u00e0 di Canale d&#8217;Agordo. Veneto Strade ha emesso una precisa ordinanza in vigore fino a domani : senso unico alternato regolato da movieri con possibili brevi interruzioni della durata massima di 10 minuti per lavori di esbosco al chilometri 26 E 350 per 100 metri.<br \/>\n<strong>LE DUE PRECEDENTI <\/strong><strong>SP 346 PASSO SAN PELLEGRINO<\/strong>:\u00a0 fino al 6 dicembre senso unico tra Canale d\u2019Agordo e Vallada per esecuzione lavori alla rete acquedottistica;\u00a0 \u00a0dal 7 ottobre al 15 novembre senso unico alternato all\u2019inbocco nord della galleria delle Anime, esclusi i giorni festivi e prefestivi.<\/p>\n<p><strong>PROVINCIALE 346 DI PASSO SAN PELLEGRINO<\/strong> dal 21 ottobre all&#8217;8 novembre (sabato e domeniche esclusi) senso unico alternato in Comune di Falcade per posa cavidotti<\/p>\n<\/div>\n<p>&nbsp;<\/p>\n<p>&nbsp;<\/p>\n<p><a class=\"dt-pswp-item\" href=\"http:\/\/www.radiopiu.net\/wordpress\/wp-content\/uploads\/2018\/09\/sport.jpg\" data-dt-img-description=\"\" data-large_image_width=\"800\" data-large_image_height=\"100\"><img loading=\"lazy\" decoding=\"async\" class=\"aligncenter wp-image-60761 size-full\" src=\"http:\/\/www.radiopiu.net\/wordpress\/wp-content\/uploads\/2018\/09\/sport.jpg\" alt=\"\" width=\"800\" height=\"100\" srcset=\"https:\/\/www.radiopiu.net\/wordpress\/wp-content\/uploads\/2018\/09\/sport.jpg 800w, https:\/\/www.radiopiu.net\/wordpress\/wp-content\/uploads\/2018\/09\/sport-300x38.jpg 300w, https:\/\/www.radiopiu.net\/wordpress\/wp-content\/uploads\/2018\/09\/sport-768x96.jpg 768w\" sizes=\"auto, (max-width: 800px) 100vw, 800px\" \/><\/a><\/p>\n<p>&nbsp;<\/p>\n<h2>IL FINE SETTIMANA DI VOLLEY, CALCIO E HOCKEY<\/h2>\n<blockquote><p><strong>VOLLEY<\/strong><\/p><\/blockquote>\n<p>Le ragazze under 16 allenate da De Nardin giocheranno domani sera alle 17 quando scenderanno in valbelluna per giocare contro il Trichiana. Inizia la stagione anche per la prima squadra del Volley Club Agordino che stasera andr\u00e0 in terra cadorina per disputare la partita di coppa contro il Cadore. Inizio alle 20:30<\/p>\n<blockquote><p><strong>HOCKEY<\/strong><\/p><\/blockquote>\n<p>Ritornano a giocare le civette che, dopo lo stop forzato per la protesta degli arbitri, tornano in campo per giocare la settima giornata della IHL. Trasferta in Lombardia per gli agordini che sfideranno il Varese alle ore 18:30 (diretta su Radio Pi\u00f9 all&#8217;interno di Hockey Al Punto Giusto). Per quanto riguarda il settore giovanile, l&#8217;Alleghe under 19 rispetter\u00e0 il turno di riposo questa settimana. Fassa\/Alleghe under 17 che stasera alle 17:30 giocher\u00e0 in casa contro l&#8217;Ora\/Egna. Civette under 15 in trasferta per affrontare l&#8217;Appiano domani alle 12. Alleghe\/Alta Badia under 13 in campo oggi alle 16 per sfidare il Trento.<\/p>\n<blockquote><p><strong>CALCIO<\/strong><\/p><\/blockquote>\n<p>Partiamo dai campionati provinciali CSI. Per l&#8217;Open A1 il Le Ville giocher\u00e0 oggi pomeriggio a Voltago dove arriva la Plavis, inizio alle 15:30. Il La Valle Veterani scender\u00e0 in campo oggi pomeriggio alle 15:30. Lavallesi che ospitano il Pizzeria Salinas al Conaggia.<\/p>\n<p>Settore giovanile dell&#8217;Agordina impegnato con la Juniores che oggi alle 15:30 scender\u00e0 in Valbelluna per giocare con il Limana. Domani, alle 10, gli Allievi affronteranno il San Giorgio Sedico all&#8217;Ivano Dorigo di Agordo mentre i Giovanissimi saranno a Cencenighe oggi alle 15:30 per giocare contro il Lentiai. Oggi in campo anche gli Allievi Regionali del San Giorgio che dovranno scendere a Moriago Della Battaglia per la partita contro l&#8217;Union QDP.<\/p>\n<p>Domani si gioca anche in Terza e Prima Categoria. All&#8217;Agordina di Marco Lorenzi spetta una trasferta importante perch\u00e8 dovranno scendere al Lentiai per giocare contro l&#8217;unica squadra imbattuta della Terza Categoria. Match interessante anche al Mas di Sedico dove il Fiori Barp aspetta il Cappella Maggiore. Entrambe le partite inizieranno alle 15:30.<\/p>\n<p>&nbsp;<\/p>\n<p>&nbsp;<\/p>\n<p>&nbsp;<\/p>\n<p>&nbsp;<\/p>\n<p>&nbsp;<\/p>\n<p>&nbsp;<\/p>\n<p>&nbsp;<\/p>\n<p><a class=\"dt-pswp-item\" href=\"http:\/\/www.radiopiu.net\/wordpress\/wp-content\/uploads\/2018\/09\/WhatsApp-Image-2018-09-20-at-16.04.06.jpeg\" data-dt-img-description=\"\" data-large_image_width=\"800\" data-large_image_height=\"100\"><img loading=\"lazy\" decoding=\"async\" class=\"wp-image-61378 size-full aligncenter\" src=\"http:\/\/www.radiopiu.net\/wordpress\/wp-content\/uploads\/2018\/09\/WhatsApp-Image-2018-09-20-at-16.04.06.jpeg\" alt=\"\" width=\"800\" height=\"100\" srcset=\"https:\/\/www.radiopiu.net\/wordpress\/wp-content\/uploads\/2018\/09\/WhatsApp-Image-2018-09-20-at-16.04.06.jpeg 800w, https:\/\/www.radiopiu.net\/wordpress\/wp-content\/uploads\/2018\/09\/WhatsApp-Image-2018-09-20-at-16.04.06-300x38.jpeg 300w, https:\/\/www.radiopiu.net\/wordpress\/wp-content\/uploads\/2018\/09\/WhatsApp-Image-2018-09-20-at-16.04.06-768x96.jpeg 768w\" sizes=\"auto, (max-width: 800px) 100vw, 800px\" \/><\/a><\/p>\n<blockquote><p>&nbsp;<\/p>\n<p>&nbsp;<\/p>\n<p style=\"text-align: center;\"><strong>DOMANI ALLE 15:30 SU RADIO PIU&#8217; \u201cDOMENICA PIU&#8217; SPORT\u201d PER SEGUIRE IN DIRETTA LE PARTITE DI AGORDINA E FIORI BARP MAS<\/strong><\/p>\n<\/blockquote>\n<p>&nbsp;<\/p>\n<p><center><b>Sabato 19<\/b><\/center><b>Tempo atteso: <\/b>Cielo coperto.<br \/>\n<b>Precipitazioni: <\/b>Probabilit\u00e0 medio-alta (50\/75%); in modo discontinuo interesseranno estesamente sia le Dolomiti sia le Prealpi, accumuli modesti, quota neve in risalita circa da 2500 a 2800 metri nel corso della giornata.<br \/>\n<b>Temperature: <\/b>Rispetto a venerd\u00ec e alla media saranno pi\u00f9 alte di notte e pi\u00f9 basse di giorno, anche di molto. Min\/max: sulle Prealpi 7\/9 \u00b0C a 1500 m e 5\/7 \u00b0C a 2000 m, sulle Dolomiti 5\/6 \u00b0C a 2000 m e -2\/0 \u00b0C a 3000 m.<br \/>\n<b>Venti: <\/b>Da sud-ovest, deboli\/moderati nelle valli e tesi\/forti in quota; a 20-30 km\/h a 2000 m, 35-50 km\/h a 3000 m.<\/p>\n<hr \/>\n<p><center><b>Domenica 20<\/b><\/center><b>Tempo atteso: <\/b>Cielo coperto sul Bellunese e nuvoloso altrove.<br \/>\n<b>Precipitazioni: <\/b>Probabilit\u00e0 medio-alta (50\/75%); in modo discontinuo interesseranno estesamente sia le Dolomiti sia le Prealpi, accumuli modesti, quota neve in aumento circa da 2800 a 3100 metri.<br \/>\n<b>Temperature: <\/b>In aumento leggero o moderato rispetto a sabato. Min\/max: sulle Prealpi 9\/11 \u00b0C a 1500 m e 6\/8 \u00b0C a 2000 m, sulle Dolomiti 5\/8 \u00b0C a 2000 m e 0\/2 \u00b0C a 3000 m.<br \/>\n<b>Venti: <\/b>Da sud-ovest, deboli\/moderati nelle valli e tesi\/forti in quota; a 20-30 km\/h a 2000 m, 40-60 km\/h a 3000 m.<\/p>\n<hr \/>\n<p><center><b>Lunedi 21<\/b><\/center>Inizialmente nuvoloso e delle precipitazioni con quota neve sopra i 3000 metri circa, nel corso della giornata precipitazioni in esaurimento e diminuzione della nuvolosit\u00e0 con venti in attenuazione, temperature in aumento.<\/p>\n<hr \/>\n<p><center><b>Martedi 22<\/b><\/center>Precipitazioni assenti, cielo poco o parzialmente nuvoloso, temperature in calo di notte ed in aumento di giorno. Previsore: SV<\/p>\n","protected":false},"excerpt":{"rendered":"<p>&nbsp; BELLUNO Il Prefetto Francesco Esposito ha garantito il suo appoggio per impedire la chiusura della Acc di Mel impegnandosi \u00a0a far arrivare al governo il grido di allarme di un territorio che rischia una vera e propria catastrofe sociale. &#8220;Il prefetto ha rimarcato la poca seriet\u00e0 non solo di Wanbao, ma in generale dei&hellip;<\/p>\n","protected":false},"author":1,"featured_media":102976,"comment_status":"closed","ping_status":"closed","sticky":false,"template":"","format":"standard","meta":{"_monsterinsights_skip_tracking":false,"_monsterinsights_sitenote_active":false,"_monsterinsights_sitenote_note":"","_monsterinsights_sitenote_category":0,"footnotes":""},"categories":[1,86],"tags":[],"class_list":["post-102991","post","type-post","status-publish","format-standard","has-post-thumbnail","hentry","category-senza-categoria","category-gr","category-1","category-86","description-off"],"img_url":"https:\/\/www.radiopiu.net\/wordpress\/wp-content\/uploads\/2019\/10\/MORI-1.jpg","_links":{"self":[{"href":"https:\/\/www.radiopiu.net\/wordpress\/wp-json\/wp\/v2\/posts\/102991","targetHints":{"allow":["GET"]}}],"collection":[{"href":"https:\/\/www.radiopiu.net\/wordpress\/wp-json\/wp\/v2\/posts"}],"about":[{"href":"https:\/\/www.radiopiu.net\/wordpress\/wp-json\/wp\/v2\/types\/post"}],"author":[{"embeddable":true,"href":"https:\/\/www.radiopiu.net\/wordpress\/wp-json\/wp\/v2\/users\/1"}],"replies":[{"embeddable":true,"href":"https:\/\/www.radiopiu.net\/wordpress\/wp-json\/wp\/v2\/comments?post=102991"}],"version-history":[{"count":0,"href":"https:\/\/www.radiopiu.net\/wordpress\/wp-json\/wp\/v2\/posts\/102991\/revisions"}],"wp:featuredmedia":[{"embeddable":true,"href":"https:\/\/www.radiopiu.net\/wordpress\/wp-json\/wp\/v2\/media\/102976"}],"wp:attachment":[{"href":"https:\/\/www.radiopiu.net\/wordpress\/wp-json\/wp\/v2\/media?parent=102991"}],"wp:term":[{"taxonomy":"category","embeddable":true,"href":"https:\/\/www.radiopiu.net\/wordpress\/wp-json\/wp\/v2\/categories?post=102991"},{"taxonomy":"post_tag","embeddable":true,"href":"https:\/\/www.radiopiu.net\/wordpress\/wp-json\/wp\/v2\/tags?post=102991"}],"curies":[{"name":"wp","href":"https:\/\/api.w.org\/{rel}","templated":true}]}}