{"id":103010,"date":"2019-10-19T06:00:34","date_gmt":"2019-10-19T04:00:34","guid":{"rendered":"http:\/\/www.radiopiu.net\/wordpress\/?p=103010"},"modified":"2019-10-19T06:01:39","modified_gmt":"2019-10-19T04:01:39","slug":"la-ciclabile-agordo-valbelluna-quando-vaia-diventa-opportunita","status":"publish","type":"post","link":"https:\/\/www.radiopiu.net\/wordpress\/la-ciclabile-agordo-valbelluna-quando-vaia-diventa-opportunita\/","title":{"rendered":"LA CICLABILE AGORDO-VALBELLUNA\u00a0 QUANDO\u00a0 VAIA DIVENTA OPPORTUNITA&#8217;"},"content":{"rendered":"<p>&nbsp;<\/p>\n<h2><span style=\"color: #ff0000;\">LA BELLA NOTIZIA<\/span><\/h2>\n<h3>LO SGHIAIAMENTO DEL CORDEVOLE VERSO LA NUOVA CICLABILE<\/h3>\n<p><strong>DI GIANNI SANTOMASO<\/strong><\/p>\n<audio class=\"wp-audio-shortcode\" id=\"audio-103010-1\" preload=\"none\" style=\"width: 100%;\" controls=\"controls\"><source type=\"audio\/mpeg\" src=\"http:\/\/www.radiopiu.net\/wordpress\/wp-content\/uploads\/2019\/10\/GIANNI-SANTOMASO.mp3?_=1\" \/><a href=\"http:\/\/www.radiopiu.net\/wordpress\/wp-content\/uploads\/2019\/10\/GIANNI-SANTOMASO.mp3\">http:\/\/www.radiopiu.net\/wordpress\/wp-content\/uploads\/2019\/10\/GIANNI-SANTOMASO.mp3<\/a><\/audio>\n<p>&nbsp;<\/p>\n<p><strong><a class=\"dt-pswp-item\" href=\"http:\/\/www.radiopiu.net\/wordpress\/wp-content\/uploads\/2018\/10\/Passerella-tibetana-sul-cordevole-estate-2018-2.jpg\" data-dt-img-description=\"\" data-large_image_width=\"3157\" data-large_image_height=\"1772\"><img loading=\"lazy\" decoding=\"async\" class=\"size-medium wp-image-62438 alignleft\" src=\"http:\/\/www.radiopiu.net\/wordpress\/wp-content\/uploads\/2018\/10\/Passerella-tibetana-sul-cordevole-estate-2018-2-300x168.jpg\" alt=\"\" width=\"300\" height=\"168\" srcset=\"https:\/\/www.radiopiu.net\/wordpress\/wp-content\/uploads\/2018\/10\/Passerella-tibetana-sul-cordevole-estate-2018-2-300x168.jpg 300w, https:\/\/www.radiopiu.net\/wordpress\/wp-content\/uploads\/2018\/10\/Passerella-tibetana-sul-cordevole-estate-2018-2-768x431.jpg 768w, https:\/\/www.radiopiu.net\/wordpress\/wp-content\/uploads\/2018\/10\/Passerella-tibetana-sul-cordevole-estate-2018-2-1024x575.jpg 1024w\" sizes=\"auto, (max-width: 300px) 100vw, 300px\" \/><\/a>AGORDO<\/strong> Quando l&#8217;amministratore del territorio \u00e8 soggetto attuattore diventa tutto pi\u00f9 facile, anche levare la ghiaia dal Cordevole che ne ha necessit\u00e0 per poterla usare in loco ad esempio per realizzare il sogno ciclabile, sfruttando le gallerie della ex ferrovia, piuttosto che transitare sopra specchi d&#8217;acqua come su Garda. Quando ricapita di poter dribblare la burocrazia, i lacci ed i lacciuoli quotidiani? Ieri importante incontro in Unione Montana, gi\u00e0 si parla di un febbraio da apertura cantieri.<\/p>\n<p><strong>IL PRESIDENTE DELL&#8217;UNIONE MONTANA FABIO LUCHETTA<\/strong><\/p>\n<audio class=\"wp-audio-shortcode\" id=\"audio-103010-2\" preload=\"none\" style=\"width: 100%;\" controls=\"controls\"><source type=\"audio\/mpeg\" src=\"http:\/\/www.radiopiu.net\/wordpress\/wp-content\/uploads\/2019\/10\/fabio-luchetta-1.mp3?_=2\" \/><a href=\"http:\/\/www.radiopiu.net\/wordpress\/wp-content\/uploads\/2019\/10\/fabio-luchetta-1.mp3\">http:\/\/www.radiopiu.net\/wordpress\/wp-content\/uploads\/2019\/10\/fabio-luchetta-1.mp3<\/a><\/audio>\n<p>&nbsp;<\/p>\n","protected":false},"excerpt":{"rendered":"<p>&nbsp; LA BELLA NOTIZIA LO SGHIAIAMENTO DEL CORDEVOLE VERSO LA NUOVA CICLABILE DI GIANNI SANTOMASO &nbsp; AGORDO Quando l&#8217;amministratore del territorio \u00e8 soggetto attuattore diventa tutto pi\u00f9 facile, anche levare la ghiaia dal Cordevole che ne ha necessit\u00e0 per poterla usare in loco ad esempio per realizzare il sogno ciclabile, sfruttando le gallerie della ex&hellip;<\/p>\n","protected":false},"author":1,"featured_media":0,"comment_status":"closed","ping_status":"closed","sticky":false,"template":"","format":"standard","meta":{"_monsterinsights_skip_tracking":false,"_monsterinsights_sitenote_active":false,"_monsterinsights_sitenote_note":"","_monsterinsights_sitenote_category":0,"footnotes":""},"categories":[1,51],"tags":[],"class_list":["post-103010","post","type-post","status-publish","format-standard","hentry","category-senza-categoria","category-evidenza-top","category-1","category-51","description-off"],"img_url":false,"_links":{"self":[{"href":"https:\/\/www.radiopiu.net\/wordpress\/wp-json\/wp\/v2\/posts\/103010","targetHints":{"allow":["GET"]}}],"collection":[{"href":"https:\/\/www.radiopiu.net\/wordpress\/wp-json\/wp\/v2\/posts"}],"about":[{"href":"https:\/\/www.radiopiu.net\/wordpress\/wp-json\/wp\/v2\/types\/post"}],"author":[{"embeddable":true,"href":"https:\/\/www.radiopiu.net\/wordpress\/wp-json\/wp\/v2\/users\/1"}],"replies":[{"embeddable":true,"href":"https:\/\/www.radiopiu.net\/wordpress\/wp-json\/wp\/v2\/comments?post=103010"}],"version-history":[{"count":0,"href":"https:\/\/www.radiopiu.net\/wordpress\/wp-json\/wp\/v2\/posts\/103010\/revisions"}],"wp:attachment":[{"href":"https:\/\/www.radiopiu.net\/wordpress\/wp-json\/wp\/v2\/media?parent=103010"}],"wp:term":[{"taxonomy":"category","embeddable":true,"href":"https:\/\/www.radiopiu.net\/wordpress\/wp-json\/wp\/v2\/categories?post=103010"},{"taxonomy":"post_tag","embeddable":true,"href":"https:\/\/www.radiopiu.net\/wordpress\/wp-json\/wp\/v2\/tags?post=103010"}],"curies":[{"name":"wp","href":"https:\/\/api.w.org\/{rel}","templated":true}]}}